{"id":171520,"date":"2023-10-17T23:04:44","date_gmt":"2023-10-18T03:04:44","guid":{"rendered":"https:\/\/digital58.com.ve\/site\/?p=171520"},"modified":"2023-10-17T23:04:44","modified_gmt":"2023-10-18T03:04:44","slug":"venezuela-gobierno-y-oposicion-pactan-una-defensa-conjunta-de-zona-en-disputa-con-guyana","status":"publish","type":"post","link":"https:\/\/digital58.com.ve\/site\/2023\/10\/17\/venezuela-gobierno-y-oposicion-pactan-una-defensa-conjunta-de-zona-en-disputa-con-guyana\/","title":{"rendered":"#Venezuela | Gobierno y oposici\u00f3n pactan una defensa conjunta de zona en disputa con Guyana"},"content":{"rendered":"<p><a href=\"https:\/\/digital58.com.ve\/site\/wp-content\/uploads\/2023\/10\/acuerdos-ve.jpg\"><img loading=\"lazy\" decoding=\"async\" class=\"aligncenter size-full wp-image-171521\" src=\"https:\/\/digital58.com.ve\/site\/wp-content\/uploads\/2023\/10\/acuerdos-ve.jpg\" alt=\"\" width=\"800\" height=\"534\" srcset=\"https:\/\/digital58.com.ve\/site\/wp-content\/uploads\/2023\/10\/acuerdos-ve.jpg 800w, https:\/\/digital58.com.ve\/site\/wp-content\/uploads\/2023\/10\/acuerdos-ve-300x200.jpg 300w, https:\/\/digital58.com.ve\/site\/wp-content\/uploads\/2023\/10\/acuerdos-ve-768x513.jpg 768w\" sizes=\"auto, (max-width: 800px) 100vw, 800px\" \/><\/a><\/p>\n<p>Venezuela, dice haber comprobado que el territorio en disputa le pertenece, llam\u00f3 nuevamente a Guyana a respetar el Acuerdo de Ginebra de 1966, en el que las partes se comprometieron a buscar una soluci\u00f3n pac\u00edfica a trav\u00e9s del di\u00e1logo directo.<\/p>\n<p><strong>Barbados, 17 de octubre de 2023 (ND58).-<\/strong> El Gobierno de Venezuela y la opositora Plataforma Unitaria Democr\u00e1tica (PUD) pactaron este martes en Barbados, en el marco del proceso de negociaci\u00f3n, hacer una defensa conjunta de la Guayana Esequiba, un territorio de 160.000 kil\u00f3metros en disputa con Guyana.<\/p>\n<p>Las partes acordaron \u00abratificar los derechos hist\u00f3ricos, soberanos e inalienables de Venezuela sobre el territorio de la Guayana Esequiba y defender la plena vigencia del acuerdo de Ginebra de 1966, como el instrumento jur\u00eddico que compromete a las partes a alcanzar un acuerdo pr\u00e1ctico y mutuamente satisfactorio de la controversia territorial\u00bb, se\u00f1ala el documento suscrito en Bridgetown.<\/p>\n<p>Asimismo, coincidieron en \u00abrechazar las acciones unilaterales de Guyana en contravenci\u00f3n del derecho internacional, relacionadas con el otorgamiento de concesiones de exploraci\u00f3n y explotaci\u00f3n energ\u00e9tica en \u00e1reas marinas y submarinas pendientes de delimitar entre los dos Estados\u00bb.<\/p>\n<p>El acuerdo incluye \u00abdefender los bienes y la propiedad de la empresa Citgo (filial de la petrolera estatal Pdvsa en Estados Unidos)\u00bb y \u00abhacer esfuerzos para la preservaci\u00f3n de los activos de Venezuela en el exterior, as\u00ed como para la defensa de la integridad territorial venezolana y la soberan\u00eda nacional\u00bb.<\/p>\n<p>Esta regi\u00f3n, rica en recursos naturales y minerales, se encuentra en un nuevo episodio de tensi\u00f3n, luego de que la Corte Internacional de Justicia (CIJ) se declarara competente para resolver la disputa, algo que rechaza Venezuela, que celebrar\u00e1 un referendo para \u00abreforzar\u00bb sus derechos sobre este territorio.<\/p>\n<p><strong>Redacci\u00f3n ND58 | Fuente: EFE<\/strong><br \/>\n<strong>Edici\u00f3n: Villasmil, Henry<\/strong><br \/>\n<strong>Gr\u00e1ficas: EFE<\/strong><\/p>\n<p>&nbsp;<\/p>\n<p>&nbsp;<\/p><div class=\"curww69f215ea645e4\" ><p style=\"text-align: center;\"><a href=\"https:\/\/t.me\/noticiasdigital58\" target=\"_blank\" rel=\"noopener\"><img class=\"aligncenter size-full wp-image-125363\" src=\"https:\/\/digital58.com.ve\/site\/wp-content\/uploads\/2021\/04\/banner-telegram-web-2021.png\" alt=\"\" width=\"600\" height=\"90\" \/><\/a><\/p><\/div><style type=\"text\/css\">\r\n@media screen and (min-width: 1201px) {\r\n.curww69f215ea645e4 {\r\ndisplay: block;\r\n}\r\n}\r\n@media screen and (min-width: 993px) and (max-width: 1200px) {\r\n.curww69f215ea645e4 {\r\ndisplay: block;\r\n}\r\n}\r\n@media screen and (min-width: 769px) and (max-width: 992px) {\r\n.curww69f215ea645e4 {\r\ndisplay: block;\r\n}\r\n}\r\n@media screen and (min-width: 768px) and (max-width: 768px) {\r\n.curww69f215ea645e4 {\r\ndisplay: block;\r\n}\r\n}\r\n@media screen and (max-width: 767px) {\r\n.curww69f215ea645e4 {\r\ndisplay: block;\r\n}\r\n}\r\n<\/style>\r\n\n<p>&nbsp;<\/p>\n<div style=\"margin-top: 0px; margin-bottom: 0px;\" class=\"sharethis-inline-share-buttons\" ><\/div>","protected":false},"excerpt":{"rendered":"<p>Venezuela, dice haber comprobado que el territorio en disputa le pertenece, llam\u00f3 nuevamente a Guyana a respetar el Acuerdo de<\/p>\n","protected":false},"author":1,"featured_media":171521,"comment_status":"open","ping_status":"closed","sticky":false,"template":"","format":"standard","meta":{"colormag_page_container_layout":"default_layout","colormag_page_sidebar_layout":"default_layout","_uag_custom_page_level_css":"","footnotes":""},"categories":[16454],"tags":[15016,32632,32633,13737,1818,16683,16510,8605,32343,32634],"class_list":["post-171520","post","type-post","status-publish","format-standard","has-post-thumbnail","hentry","category-venezuela","tag-barbados","tag-bridgetown","tag-defensa-conjunta","tag-gobierno-bolivariano-de-venezuela","tag-gobierno-nacional","tag-guayana-esequiba","tag-guyana","tag-oposicion-venezolana","tag-plataforma-unitaria-democratica","tag-zona-en-disputa"],"yoast_head":"<!-- This site is optimized with the Yoast SEO plugin v27.5 - https:\/\/yoast.com\/product\/yoast-seo-wordpress\/ -->\n<title>#Venezuela | Gobierno y oposici\u00f3n pactan una defensa conjunta de zona en disputa con Guyana<\/title>\n<meta name=\"robots\" content=\"index, follow, max-snippet:-1, max-image-preview:large, max-video-preview:-1\" \/>\n<link rel=\"canonical\" href=\"https:\/\/digital58.com.ve\/site\/2023\/10\/17\/venezuela-gobierno-y-oposicion-pactan-una-defensa-conjunta-de-zona-en-disputa-con-guyana\/\" \/>\n<meta property=\"og:locale\" content=\"es_ES\" \/>\n<meta property=\"og:type\" content=\"article\" \/>\n<meta property=\"og:title\" content=\"#Venezuela | Gobierno y oposici\u00f3n pactan una defensa conjunta de zona en disputa con Guyana\" \/>\n<meta property=\"og:url\" content=\"https:\/\/digital58.com.ve\/site\/2023\/10\/17\/venezuela-gobierno-y-oposicion-pactan-una-defensa-conjunta-de-zona-en-disputa-con-guyana\/\" \/>\n<meta property=\"og:site_name\" content=\"Noticias Digital58\" \/>\n<meta property=\"article:published_time\" content=\"2023-10-18T03:04:44+00:00\" \/>\n<meta property=\"og:image\" content=\"https:\/\/i0.wp.com\/digital58.com.ve\/site\/wp-content\/uploads\/2023\/10\/acuerdos-ve.jpg?fit=800%2C534&ssl=1\" \/>\n\t<meta property=\"og:image:width\" content=\"800\" \/>\n\t<meta property=\"og:image:height\" content=\"534\" \/>\n\t<meta property=\"og:image:type\" content=\"image\/jpeg\" \/>\n<meta name=\"author\" content=\"Villasmil Henry\" \/>\n<meta name=\"twitter:card\" content=\"summary_large_image\" \/>\n<meta name=\"twitter:creator\" content=\"@https:\/\/twitter.com\/villasmilhfoto\" \/>\n<meta name=\"twitter:site\" content=\"@villasmilhfoto\" \/>\n<meta name=\"twitter:label1\" content=\"Escrito por\" \/>\n\t<meta name=\"twitter:data1\" content=\"Villasmil Henry\" \/>\n\t<meta name=\"twitter:label2\" content=\"Tiempo estimado de lectura\" \/>\n\t<meta name=\"twitter:data2\" content=\"2 minutos\" \/>\n<script type=\"application\/ld+json\" class=\"yoast-schema-graph\">{\"@context\":\"https:\\\/\\\/schema.org\",\"@graph\":[{\"@type\":\"Article\",\"@id\":\"https:\\\/\\\/digital58.com.ve\\\/site\\\/2023\\\/10\\\/17\\\/venezuela-gobierno-y-oposicion-pactan-una-defensa-conjunta-de-zona-en-disputa-con-guyana\\\/#article\",\"isPartOf\":{\"@id\":\"https:\\\/\\\/digital58.com.ve\\\/site\\\/2023\\\/10\\\/17\\\/venezuela-gobierno-y-oposicion-pactan-una-defensa-conjunta-de-zona-en-disputa-con-guyana\\\/\"},\"author\":{\"name\":\"Villasmil Henry\",\"@id\":\"https:\\\/\\\/digital58.com.ve\\\/site\\\/#\\\/schema\\\/person\\\/64d1c2e4d0d4fd1b849980c4331c2951\"},\"headline\":\"#Venezuela | Gobierno y oposici\u00f3n pactan una defensa conjunta de zona en disputa con Guyana\",\"datePublished\":\"2023-10-18T03:04:44+00:00\",\"mainEntityOfPage\":{\"@id\":\"https:\\\/\\\/digital58.com.ve\\\/site\\\/2023\\\/10\\\/17\\\/venezuela-gobierno-y-oposicion-pactan-una-defensa-conjunta-de-zona-en-disputa-con-guyana\\\/\"},\"wordCount\":323,\"commentCount\":0,\"publisher\":{\"@id\":\"https:\\\/\\\/digital58.com.ve\\\/site\\\/#\\\/schema\\\/person\\\/64d1c2e4d0d4fd1b849980c4331c2951\"},\"image\":{\"@id\":\"https:\\\/\\\/digital58.com.ve\\\/site\\\/2023\\\/10\\\/17\\\/venezuela-gobierno-y-oposicion-pactan-una-defensa-conjunta-de-zona-en-disputa-con-guyana\\\/#primaryimage\"},\"thumbnailUrl\":\"https:\\\/\\\/digital58.com.ve\\\/site\\\/wp-content\\\/uploads\\\/2023\\\/10\\\/acuerdos-ve.jpg\",\"keywords\":[\"Barbados\",\"Bridgetown\",\"Defensa conjunta\",\"Gobierno Bolivariano de Venezuela\",\"Gobierno Nacional\",\"Guayana Esequiba\",\"Guyana\",\"Oposici\u00f3n Venezolana\",\"Plataforma Unitaria Democr\u00e1tica\",\"Zona en disputa\"],\"articleSection\":[\"Venezuela\"],\"inLanguage\":\"es\",\"potentialAction\":[{\"@type\":\"CommentAction\",\"name\":\"Comment\",\"target\":[\"https:\\\/\\\/digital58.com.ve\\\/site\\\/2023\\\/10\\\/17\\\/venezuela-gobierno-y-oposicion-pactan-una-defensa-conjunta-de-zona-en-disputa-con-guyana\\\/#respond\"]}]},{\"@type\":\"WebPage\",\"@id\":\"https:\\\/\\\/digital58.com.ve\\\/site\\\/2023\\\/10\\\/17\\\/venezuela-gobierno-y-oposicion-pactan-una-defensa-conjunta-de-zona-en-disputa-con-guyana\\\/\",\"url\":\"https:\\\/\\\/digital58.com.ve\\\/site\\\/2023\\\/10\\\/17\\\/venezuela-gobierno-y-oposicion-pactan-una-defensa-conjunta-de-zona-en-disputa-con-guyana\\\/\",\"name\":\"#Venezuela | Gobierno y oposici\u00f3n pactan una defensa conjunta de zona en disputa con Guyana\",\"isPartOf\":{\"@id\":\"https:\\\/\\\/digital58.com.ve\\\/site\\\/#website\"},\"primaryImageOfPage\":{\"@id\":\"https:\\\/\\\/digital58.com.ve\\\/site\\\/2023\\\/10\\\/17\\\/venezuela-gobierno-y-oposicion-pactan-una-defensa-conjunta-de-zona-en-disputa-con-guyana\\\/#primaryimage\"},\"image\":{\"@id\":\"https:\\\/\\\/digital58.com.ve\\\/site\\\/2023\\\/10\\\/17\\\/venezuela-gobierno-y-oposicion-pactan-una-defensa-conjunta-de-zona-en-disputa-con-guyana\\\/#primaryimage\"},\"thumbnailUrl\":\"https:\\\/\\\/digital58.com.ve\\\/site\\\/wp-content\\\/uploads\\\/2023\\\/10\\\/acuerdos-ve.jpg\",\"datePublished\":\"2023-10-18T03:04:44+00:00\",\"breadcrumb\":{\"@id\":\"https:\\\/\\\/digital58.com.ve\\\/site\\\/2023\\\/10\\\/17\\\/venezuela-gobierno-y-oposicion-pactan-una-defensa-conjunta-de-zona-en-disputa-con-guyana\\\/#breadcrumb\"},\"inLanguage\":\"es\",\"potentialAction\":[{\"@type\":\"ReadAction\",\"target\":[\"https:\\\/\\\/digital58.com.ve\\\/site\\\/2023\\\/10\\\/17\\\/venezuela-gobierno-y-oposicion-pactan-una-defensa-conjunta-de-zona-en-disputa-con-guyana\\\/\"]}]},{\"@type\":\"ImageObject\",\"inLanguage\":\"es\",\"@id\":\"https:\\\/\\\/digital58.com.ve\\\/site\\\/2023\\\/10\\\/17\\\/venezuela-gobierno-y-oposicion-pactan-una-defensa-conjunta-de-zona-en-disputa-con-guyana\\\/#primaryimage\",\"url\":\"https:\\\/\\\/digital58.com.ve\\\/site\\\/wp-content\\\/uploads\\\/2023\\\/10\\\/acuerdos-ve.jpg\",\"contentUrl\":\"https:\\\/\\\/digital58.com.ve\\\/site\\\/wp-content\\\/uploads\\\/2023\\\/10\\\/acuerdos-ve.jpg\",\"width\":800,\"height\":534},{\"@type\":\"BreadcrumbList\",\"@id\":\"https:\\\/\\\/digital58.com.ve\\\/site\\\/2023\\\/10\\\/17\\\/venezuela-gobierno-y-oposicion-pactan-una-defensa-conjunta-de-zona-en-disputa-con-guyana\\\/#breadcrumb\",\"itemListElement\":[{\"@type\":\"ListItem\",\"position\":1,\"name\":\"Home\",\"item\":\"https:\\\/\\\/digital58.com.ve\\\/site\\\/\"},{\"@type\":\"ListItem\",\"position\":2,\"name\":\"#Venezuela | Gobierno y oposici\u00f3n pactan una defensa conjunta de zona en disputa con Guyana\"}]},{\"@type\":\"WebSite\",\"@id\":\"https:\\\/\\\/digital58.com.ve\\\/site\\\/#website\",\"url\":\"https:\\\/\\\/digital58.com.ve\\\/site\\\/\",\"name\":\"Noticias Digital58\",\"description\":\"Portal de Noticias \u00a1Periodismo web de verdad! Lanzamiento web 22.11.2005 \\\/ Maracaibo, Venezuela\",\"publisher\":{\"@id\":\"https:\\\/\\\/digital58.com.ve\\\/site\\\/#\\\/schema\\\/person\\\/64d1c2e4d0d4fd1b849980c4331c2951\"},\"alternateName\":\"ND58\",\"potentialAction\":[{\"@type\":\"SearchAction\",\"target\":{\"@type\":\"EntryPoint\",\"urlTemplate\":\"https:\\\/\\\/digital58.com.ve\\\/site\\\/?s={search_term_string}\"},\"query-input\":{\"@type\":\"PropertyValueSpecification\",\"valueRequired\":true,\"valueName\":\"search_term_string\"}}],\"inLanguage\":\"es\"},{\"@type\":[\"Person\",\"Organization\"],\"@id\":\"https:\\\/\\\/digital58.com.ve\\\/site\\\/#\\\/schema\\\/person\\\/64d1c2e4d0d4fd1b849980c4331c2951\",\"name\":\"Villasmil Henry\",\"image\":{\"@type\":\"ImageObject\",\"inLanguage\":\"es\",\"@id\":\"https:\\\/\\\/secure.gravatar.com\\\/avatar\\\/bb0c4a2fcb7970138239f7e404ea75757b1b507b28b5ce4c53fbd62d797c5a7c?s=96&d=mm&r=g\",\"url\":\"https:\\\/\\\/secure.gravatar.com\\\/avatar\\\/bb0c4a2fcb7970138239f7e404ea75757b1b507b28b5ce4c53fbd62d797c5a7c?s=96&d=mm&r=g\",\"contentUrl\":\"https:\\\/\\\/secure.gravatar.com\\\/avatar\\\/bb0c4a2fcb7970138239f7e404ea75757b1b507b28b5ce4c53fbd62d797c5a7c?s=96&d=mm&r=g\",\"caption\":\"Villasmil Henry\"},\"logo\":{\"@id\":\"https:\\\/\\\/secure.gravatar.com\\\/avatar\\\/bb0c4a2fcb7970138239f7e404ea75757b1b507b28b5ce4c53fbd62d797c5a7c?s=96&d=mm&r=g\"},\"sameAs\":[\"http:\\\/\\\/www.henryvillasmil.com.ve\",\"https:\\\/\\\/www.instagram.com\\\/villasmilhfoto\\\/\",\"https:\\\/\\\/x.com\\\/https:\\\/\\\/twitter.com\\\/villasmilhfoto\"],\"url\":\"https:\\\/\\\/digital58.com.ve\\\/site\\\/author\\\/droopy_68\\\/\"}]}<\/script>\n<!-- \/ Yoast SEO plugin. -->","yoast_head_json":{"title":"#Venezuela | Gobierno y oposici\u00f3n pactan una defensa conjunta de zona en disputa con Guyana","robots":{"index":"index","follow":"follow","max-snippet":"max-snippet:-1","max-image-preview":"max-image-preview:large","max-video-preview":"max-video-preview:-1"},"canonical":"https:\/\/digital58.com.ve\/site\/2023\/10\/17\/venezuela-gobierno-y-oposicion-pactan-una-defensa-conjunta-de-zona-en-disputa-con-guyana\/","og_locale":"es_ES","og_type":"article","og_title":"#Venezuela | Gobierno y oposici\u00f3n pactan una defensa conjunta de zona en disputa con Guyana","og_url":"https:\/\/digital58.com.ve\/site\/2023\/10\/17\/venezuela-gobierno-y-oposicion-pactan-una-defensa-conjunta-de-zona-en-disputa-con-guyana\/","og_site_name":"Noticias Digital58","article_published_time":"2023-10-18T03:04:44+00:00","og_image":[{"width":800,"height":534,"url":"https:\/\/i0.wp.com\/digital58.com.ve\/site\/wp-content\/uploads\/2023\/10\/acuerdos-ve.jpg?fit=800%2C534&ssl=1","type":"image\/jpeg"}],"author":"Villasmil Henry","twitter_card":"summary_large_image","twitter_creator":"@https:\/\/twitter.com\/villasmilhfoto","twitter_site":"@villasmilhfoto","twitter_misc":{"Escrito por":"Villasmil Henry","Tiempo estimado de lectura":"2 minutos"},"schema":{"@context":"https:\/\/schema.org","@graph":[{"@type":"Article","@id":"https:\/\/digital58.com.ve\/site\/2023\/10\/17\/venezuela-gobierno-y-oposicion-pactan-una-defensa-conjunta-de-zona-en-disputa-con-guyana\/#article","isPartOf":{"@id":"https:\/\/digital58.com.ve\/site\/2023\/10\/17\/venezuela-gobierno-y-oposicion-pactan-una-defensa-conjunta-de-zona-en-disputa-con-guyana\/"},"author":{"name":"Villasmil Henry","@id":"https:\/\/digital58.com.ve\/site\/#\/schema\/person\/64d1c2e4d0d4fd1b849980c4331c2951"},"headline":"#Venezuela | Gobierno y oposici\u00f3n pactan una defensa conjunta de zona en disputa con Guyana","datePublished":"2023-10-18T03:04:44+00:00","mainEntityOfPage":{"@id":"https:\/\/digital58.com.ve\/site\/2023\/10\/17\/venezuela-gobierno-y-oposicion-pactan-una-defensa-conjunta-de-zona-en-disputa-con-guyana\/"},"wordCount":323,"commentCount":0,"publisher":{"@id":"https:\/\/digital58.com.ve\/site\/#\/schema\/person\/64d1c2e4d0d4fd1b849980c4331c2951"},"image":{"@id":"https:\/\/digital58.com.ve\/site\/2023\/10\/17\/venezuela-gobierno-y-oposicion-pactan-una-defensa-conjunta-de-zona-en-disputa-con-guyana\/#primaryimage"},"thumbnailUrl":"https:\/\/digital58.com.ve\/site\/wp-content\/uploads\/2023\/10\/acuerdos-ve.jpg","keywords":["Barbados","Bridgetown","Defensa conjunta","Gobierno Bolivariano de Venezuela","Gobierno Nacional","Guayana Esequiba","Guyana","Oposici\u00f3n Venezolana","Plataforma Unitaria Democr\u00e1tica","Zona en disputa"],"articleSection":["Venezuela"],"inLanguage":"es","potentialAction":[{"@type":"CommentAction","name":"Comment","target":["https:\/\/digital58.com.ve\/site\/2023\/10\/17\/venezuela-gobierno-y-oposicion-pactan-una-defensa-conjunta-de-zona-en-disputa-con-guyana\/#respond"]}]},{"@type":"WebPage","@id":"https:\/\/digital58.com.ve\/site\/2023\/10\/17\/venezuela-gobierno-y-oposicion-pactan-una-defensa-conjunta-de-zona-en-disputa-con-guyana\/","url":"https:\/\/digital58.com.ve\/site\/2023\/10\/17\/venezuela-gobierno-y-oposicion-pactan-una-defensa-conjunta-de-zona-en-disputa-con-guyana\/","name":"#Venezuela | Gobierno y oposici\u00f3n pactan una defensa conjunta de zona en disputa con Guyana","isPartOf":{"@id":"https:\/\/digital58.com.ve\/site\/#website"},"primaryImageOfPage":{"@id":"https:\/\/digital58.com.ve\/site\/2023\/10\/17\/venezuela-gobierno-y-oposicion-pactan-una-defensa-conjunta-de-zona-en-disputa-con-guyana\/#primaryimage"},"image":{"@id":"https:\/\/digital58.com.ve\/site\/2023\/10\/17\/venezuela-gobierno-y-oposicion-pactan-una-defensa-conjunta-de-zona-en-disputa-con-guyana\/#primaryimage"},"thumbnailUrl":"https:\/\/digital58.com.ve\/site\/wp-content\/uploads\/2023\/10\/acuerdos-ve.jpg","datePublished":"2023-10-18T03:04:44+00:00","breadcrumb":{"@id":"https:\/\/digital58.com.ve\/site\/2023\/10\/17\/venezuela-gobierno-y-oposicion-pactan-una-defensa-conjunta-de-zona-en-disputa-con-guyana\/#breadcrumb"},"inLanguage":"es","potentialAction":[{"@type":"ReadAction","target":["https:\/\/digital58.com.ve\/site\/2023\/10\/17\/venezuela-gobierno-y-oposicion-pactan-una-defensa-conjunta-de-zona-en-disputa-con-guyana\/"]}]},{"@type":"ImageObject","inLanguage":"es","@id":"https:\/\/digital58.com.ve\/site\/2023\/10\/17\/venezuela-gobierno-y-oposicion-pactan-una-defensa-conjunta-de-zona-en-disputa-con-guyana\/#primaryimage","url":"https:\/\/digital58.com.ve\/site\/wp-content\/uploads\/2023\/10\/acuerdos-ve.jpg","contentUrl":"https:\/\/digital58.com.ve\/site\/wp-content\/uploads\/2023\/10\/acuerdos-ve.jpg","width":800,"height":534},{"@type":"BreadcrumbList","@id":"https:\/\/digital58.com.ve\/site\/2023\/10\/17\/venezuela-gobierno-y-oposicion-pactan-una-defensa-conjunta-de-zona-en-disputa-con-guyana\/#breadcrumb","itemListElement":[{"@type":"ListItem","position":1,"name":"Home","item":"https:\/\/digital58.com.ve\/site\/"},{"@type":"ListItem","position":2,"name":"#Venezuela | Gobierno y oposici\u00f3n pactan una defensa conjunta de zona en disputa con Guyana"}]},{"@type":"WebSite","@id":"https:\/\/digital58.com.ve\/site\/#website","url":"https:\/\/digital58.com.ve\/site\/","name":"Noticias Digital58","description":"Portal de Noticias \u00a1Periodismo web de verdad! Lanzamiento web 22.11.2005 \/ Maracaibo, Venezuela","publisher":{"@id":"https:\/\/digital58.com.ve\/site\/#\/schema\/person\/64d1c2e4d0d4fd1b849980c4331c2951"},"alternateName":"ND58","potentialAction":[{"@type":"SearchAction","target":{"@type":"EntryPoint","urlTemplate":"https:\/\/digital58.com.ve\/site\/?s={search_term_string}"},"query-input":{"@type":"PropertyValueSpecification","valueRequired":true,"valueName":"search_term_string"}}],"inLanguage":"es"},{"@type":["Person","Organization"],"@id":"https:\/\/digital58.com.ve\/site\/#\/schema\/person\/64d1c2e4d0d4fd1b849980c4331c2951","name":"Villasmil Henry","image":{"@type":"ImageObject","inLanguage":"es","@id":"https:\/\/secure.gravatar.com\/avatar\/bb0c4a2fcb7970138239f7e404ea75757b1b507b28b5ce4c53fbd62d797c5a7c?s=96&d=mm&r=g","url":"https:\/\/secure.gravatar.com\/avatar\/bb0c4a2fcb7970138239f7e404ea75757b1b507b28b5ce4c53fbd62d797c5a7c?s=96&d=mm&r=g","contentUrl":"https:\/\/secure.gravatar.com\/avatar\/bb0c4a2fcb7970138239f7e404ea75757b1b507b28b5ce4c53fbd62d797c5a7c?s=96&d=mm&r=g","caption":"Villasmil Henry"},"logo":{"@id":"https:\/\/secure.gravatar.com\/avatar\/bb0c4a2fcb7970138239f7e404ea75757b1b507b28b5ce4c53fbd62d797c5a7c?s=96&d=mm&r=g"},"sameAs":["http:\/\/www.henryvillasmil.com.ve","https:\/\/www.instagram.com\/villasmilhfoto\/","https:\/\/x.com\/https:\/\/twitter.com\/villasmilhfoto"],"url":"https:\/\/digital58.com.ve\/site\/author\/droopy_68\/"}]}},"uagb_featured_image_src":{"full":["https:\/\/digital58.com.ve\/site\/wp-content\/uploads\/2023\/10\/acuerdos-ve.jpg",800,534,false],"thumbnail":["https:\/\/digital58.com.ve\/site\/wp-content\/uploads\/2023\/10\/acuerdos-ve-150x150.jpg",150,150,true],"medium":["https:\/\/digital58.com.ve\/site\/wp-content\/uploads\/2023\/10\/acuerdos-ve-300x200.jpg",300,200,true],"medium_large":["https:\/\/digital58.com.ve\/site\/wp-content\/uploads\/2023\/10\/acuerdos-ve-768x513.jpg",768,513,true],"large":["https:\/\/digital58.com.ve\/site\/wp-content\/uploads\/2023\/10\/acuerdos-ve.jpg",800,534,false],"1536x1536":["https:\/\/digital58.com.ve\/site\/wp-content\/uploads\/2023\/10\/acuerdos-ve.jpg",800,534,false],"2048x2048":["https:\/\/digital58.com.ve\/site\/wp-content\/uploads\/2023\/10\/acuerdos-ve.jpg",800,534,false],"colormag-highlighted-post":["https:\/\/digital58.com.ve\/site\/wp-content\/uploads\/2023\/10\/acuerdos-ve-392x272.jpg",392,272,true],"colormag-featured-post-medium":["https:\/\/digital58.com.ve\/site\/wp-content\/uploads\/2023\/10\/acuerdos-ve-390x205.jpg",390,205,true],"colormag-featured-post-small":["https:\/\/digital58.com.ve\/site\/wp-content\/uploads\/2023\/10\/acuerdos-ve-130x90.jpg",130,90,true],"colormag-featured-image":["https:\/\/digital58.com.ve\/site\/wp-content\/uploads\/2023\/10\/acuerdos-ve-800x445.jpg",800,445,true],"colormag-default-news":["https:\/\/digital58.com.ve\/site\/wp-content\/uploads\/2023\/10\/acuerdos-ve-150x150.jpg",150,150,true],"colormag-featured-image-large":["https:\/\/digital58.com.ve\/site\/wp-content\/uploads\/2023\/10\/acuerdos-ve.jpg",800,534,false]},"uagb_author_info":{"display_name":"Villasmil Henry","author_link":"https:\/\/digital58.com.ve\/site\/author\/droopy_68\/"},"uagb_comment_info":0,"uagb_excerpt":"Venezuela, dice haber comprobado que el territorio en disputa le pertenece, llam\u00f3 nuevamente a Guyana a respetar el Acuerdo de","_links":{"self":[{"href":"https:\/\/digital58.com.ve\/site\/wp-json\/wp\/v2\/posts\/171520","targetHints":{"allow":["GET"]}}],"collection":[{"href":"https:\/\/digital58.com.ve\/site\/wp-json\/wp\/v2\/posts"}],"about":[{"href":"https:\/\/digital58.com.ve\/site\/wp-json\/wp\/v2\/types\/post"}],"author":[{"embeddable":true,"href":"https:\/\/digital58.com.ve\/site\/wp-json\/wp\/v2\/users\/1"}],"replies":[{"embeddable":true,"href":"https:\/\/digital58.com.ve\/site\/wp-json\/wp\/v2\/comments?post=171520"}],"version-history":[{"count":1,"href":"https:\/\/digital58.com.ve\/site\/wp-json\/wp\/v2\/posts\/171520\/revisions"}],"predecessor-version":[{"id":171522,"href":"https:\/\/digital58.com.ve\/site\/wp-json\/wp\/v2\/posts\/171520\/revisions\/171522"}],"wp:featuredmedia":[{"embeddable":true,"href":"https:\/\/digital58.com.ve\/site\/wp-json\/wp\/v2\/media\/171521"}],"wp:attachment":[{"href":"https:\/\/digital58.com.ve\/site\/wp-json\/wp\/v2\/media?parent=171520"}],"wp:term":[{"taxonomy":"category","embeddable":true,"href":"https:\/\/digital58.com.ve\/site\/wp-json\/wp\/v2\/categories?post=171520"},{"taxonomy":"post_tag","embeddable":true,"href":"https:\/\/digital58.com.ve\/site\/wp-json\/wp\/v2\/tags?post=171520"}],"curies":[{"name":"wp","href":"https:\/\/api.w.org\/{rel}","templated":true}]}}