{"id":171702,"date":"2023-10-25T14:58:59","date_gmt":"2023-10-25T18:58:59","guid":{"rendered":"https:\/\/digital58.com.ve\/site\/?p=171702"},"modified":"2023-10-25T14:58:59","modified_gmt":"2023-10-25T18:58:59","slug":"venezuela-fiscalia-abre-una-investigacion-penal-contra-las-primarias-opositoras","status":"publish","type":"post","link":"https:\/\/digital58.com.ve\/site\/2023\/10\/25\/venezuela-fiscalia-abre-una-investigacion-penal-contra-las-primarias-opositoras\/","title":{"rendered":"#Venezuela | Fiscal\u00eda abre una investigaci\u00f3n penal contra las primarias opositoras"},"content":{"rendered":"<p><a href=\"https:\/\/digital58.com.ve\/site\/wp-content\/uploads\/2020\/06\/Fiscal-General-de-la-Repu\u0301blica-designado-por-la-ANC-Tarek-William-Saab.-Foto-AVN..jpg\"><img loading=\"lazy\" decoding=\"async\" class=\"aligncenter size-full wp-image-108579\" src=\"https:\/\/digital58.com.ve\/site\/wp-content\/uploads\/2020\/06\/Fiscal-General-de-la-Repu\u0301blica-designado-por-la-ANC-Tarek-William-Saab.-Foto-AVN..jpg\" alt=\"\" width=\"800\" height=\"580\" srcset=\"https:\/\/digital58.com.ve\/site\/wp-content\/uploads\/2020\/06\/Fiscal-General-de-la-Repu\u0301blica-designado-por-la-ANC-Tarek-William-Saab.-Foto-AVN..jpg 800w, https:\/\/digital58.com.ve\/site\/wp-content\/uploads\/2020\/06\/Fiscal-General-de-la-Repu\u0301blica-designado-por-la-ANC-Tarek-William-Saab.-Foto-AVN.-300x218.jpg 300w, https:\/\/digital58.com.ve\/site\/wp-content\/uploads\/2020\/06\/Fiscal-General-de-la-Repu\u0301blica-designado-por-la-ANC-Tarek-William-Saab.-Foto-AVN.-768x557.jpg 768w\" sizes=\"auto, (max-width: 800px) 100vw, 800px\" \/><\/a><\/p>\n<p>Sobre Machado pesa una inhabilitaci\u00f3n impuesta por la Contralor\u00eda en 2015 y extendida hasta 2030, por lo que la exdiputada no podr\u00e1 ocupar cargos de elecci\u00f3n popular ni competir en las presidenciales de 2024 a menos que la sanci\u00f3n le sea levantada.<\/p>\n<p><strong>Caracas, DC, Venezuela, 25 de octubre de 2023 (ND58).-<\/strong> El Ministerio P\u00fablico (MP, Fiscal\u00eda) de Venezuela anunci\u00f3 este mi\u00e9rcoles la apertura de una investigaci\u00f3n penal contra las elecciones primarias celebradas por la oposici\u00f3n el pasado domingo, cuando la exdiputada Mar\u00eda Corina Machado arras\u00f3 con el 92 % de los votos, lo que la convierte en la abanderada del antichavismo para las presidenciales de 2024.<\/p>\n<p>El fiscal general, Tarek William Saab, inform\u00f3 de la designaci\u00f3n de dos investigadores penales especializados en \u00abdelincuencia organizada\u00bb y en asuntos de identificaci\u00f3n y extranjer\u00eda para llevar adelante estas averiguaciones en vista del \u00abfraude\u00bb que, reiter\u00f3, se produjo el pasado domingo, cuando votaron 2,3 millones de personas, seg\u00fan los datos oficiales.<\/p>\n<p>\u00abHay millares de ejemplos de denuncia que reflejaron el total fraude que all\u00ed se realiz\u00f3, burlando la voluntad de quienes quisieron apostar por este proceso\u00bb, sostuvo Saab, tras mostrar el mismo video difundido por el Gobierno en el que unas personas se confunden durante la totalizaci\u00f3n en una de las 5.000 mesas habilitadas para estos comicios.<\/p>\n<p>La Fiscal\u00eda supone que el domingo se incurri\u00f3 en, al menos, cuatro delitos: usurpaci\u00f3n de funciones; usurpaci\u00f3n de identidad, partiendo de la hip\u00f3tesis de que se usaron nombres de personas que no votaron; legitimaci\u00f3n de capitales, por desconocer la procedencia del dinero con el que se realiz\u00f3 la contienda, y asociaci\u00f3n para delinquir.<\/p>\n<p>Por ello, la instituci\u00f3n citar\u00e1 en calidad de testigos al presidente de la Comisi\u00f3n Nacional de Primaria (CNP), Jes\u00fas Mar\u00eda Casa, as\u00ed como a la vicepresidenta, Mildred Camero, y a los 24 jefes de las juntas regionales que organizaron estas votaciones de manera autogestionada, sin ayuda del ente electoral.<\/p>\n<p>Adelant\u00f3 que estas personas, entre las que no mencion\u00f3 a la vencedora de la contienda, deber\u00e1n presentarse en la Fiscal\u00eda \u00aben los pr\u00f3ximos d\u00edas\u00bb para \u00abque compadezcan y respondan por estas irregularidades\u00bb.<\/p>\n<p>El Parlamento, controlado por el oficialismo, denunci\u00f3 el martes que las primarias fueron un fraude por varias razones, entre las que mencion\u00f3 la supuesta alteraci\u00f3n al alza en el n\u00famero de votos emitidos, un argumento que la Fiscal\u00eda tambi\u00e9n esgrimi\u00f3 este mi\u00e9rcoles.<\/p>\n<p><strong>Redacci\u00f3n ND58 | Fuente: EFE<\/strong><br \/>\n<strong>Edici\u00f3n: Villasmil, Henry<\/strong><br \/>\n<strong>Gr\u00e1fica: De archivo referencial<\/strong><\/p>\n<p>&nbsp;<\/p>\n<p>&nbsp;<\/p><div class=\"fjyxy69f4d13a84800\" ><p style=\"text-align: center;\"><a href=\"https:\/\/t.me\/noticiasdigital58\" target=\"_blank\" rel=\"noopener\"><img class=\"aligncenter size-full wp-image-125363\" src=\"https:\/\/digital58.com.ve\/site\/wp-content\/uploads\/2021\/04\/banner-telegram-web-2021.png\" alt=\"\" width=\"600\" height=\"90\" \/><\/a><\/p><\/div><style type=\"text\/css\">\r\n@media screen and (min-width: 1201px) {\r\n.fjyxy69f4d13a84800 {\r\ndisplay: block;\r\n}\r\n}\r\n@media screen and (min-width: 993px) and (max-width: 1200px) {\r\n.fjyxy69f4d13a84800 {\r\ndisplay: block;\r\n}\r\n}\r\n@media screen and (min-width: 769px) and (max-width: 992px) {\r\n.fjyxy69f4d13a84800 {\r\ndisplay: block;\r\n}\r\n}\r\n@media screen and (min-width: 768px) and (max-width: 768px) {\r\n.fjyxy69f4d13a84800 {\r\ndisplay: block;\r\n}\r\n}\r\n@media screen and (max-width: 767px) {\r\n.fjyxy69f4d13a84800 {\r\ndisplay: block;\r\n}\r\n}\r\n<\/style>\r\n\n<p>&nbsp;<\/p>\n<div style=\"margin-top: 0px; margin-bottom: 0px;\" class=\"sharethis-inline-share-buttons\" ><\/div>","protected":false},"excerpt":{"rendered":"<p>Sobre Machado pesa una inhabilitaci\u00f3n impuesta por la Contralor\u00eda en 2015 y extendida hasta 2030, por lo que la exdiputada<\/p>\n","protected":false},"author":1,"featured_media":108579,"comment_status":"open","ping_status":"closed","sticky":false,"template":"","format":"standard","meta":{"colormag_page_container_layout":"default_layout","colormag_page_sidebar_layout":"default_layout","_uag_custom_page_level_css":"","footnotes":""},"categories":[16454],"tags":[16439,14491,13914,233,13915],"class_list":["post-171702","post","type-post","status-publish","format-standard","has-post-thumbnail","hentry","category-venezuela","tag-fiscalia","tag-maria-corina-machado","tag-ministerio-publico","tag-nacionales","tag-tarek-william-saab"],"yoast_head":"<!-- This site is optimized with the Yoast SEO plugin v27.5 - https:\/\/yoast.com\/product\/yoast-seo-wordpress\/ -->\n<title>#Venezuela | Fiscal\u00eda abre una investigaci\u00f3n penal contra las primarias opositoras<\/title>\n<meta name=\"robots\" content=\"index, follow, max-snippet:-1, max-image-preview:large, max-video-preview:-1\" \/>\n<link rel=\"canonical\" href=\"https:\/\/digital58.com.ve\/site\/2023\/10\/25\/venezuela-fiscalia-abre-una-investigacion-penal-contra-las-primarias-opositoras\/\" \/>\n<meta property=\"og:locale\" content=\"es_ES\" \/>\n<meta property=\"og:type\" content=\"article\" \/>\n<meta property=\"og:title\" content=\"#Venezuela | Fiscal\u00eda abre una investigaci\u00f3n penal contra las primarias opositoras\" \/>\n<meta property=\"og:url\" content=\"https:\/\/digital58.com.ve\/site\/2023\/10\/25\/venezuela-fiscalia-abre-una-investigacion-penal-contra-las-primarias-opositoras\/\" \/>\n<meta property=\"og:site_name\" content=\"Noticias Digital58\" \/>\n<meta property=\"article:published_time\" content=\"2023-10-25T18:58:59+00:00\" \/>\n<meta property=\"og:image\" content=\"https:\/\/i0.wp.com\/digital58.com.ve\/site\/wp-content\/uploads\/2020\/06\/Fiscal-General-de-la-Repu%CC%81blica-designado-por-la-ANC-Tarek-William-Saab.-Foto-AVN..jpg?fit=800%2C580&ssl=1\" \/>\n\t<meta property=\"og:image:width\" content=\"800\" \/>\n\t<meta property=\"og:image:height\" content=\"580\" \/>\n\t<meta property=\"og:image:type\" content=\"image\/jpeg\" \/>\n<meta name=\"author\" content=\"Villasmil Henry\" \/>\n<meta name=\"twitter:card\" content=\"summary_large_image\" \/>\n<meta name=\"twitter:creator\" content=\"@https:\/\/twitter.com\/villasmilhfoto\" \/>\n<meta name=\"twitter:site\" content=\"@villasmilhfoto\" \/>\n<meta name=\"twitter:label1\" content=\"Escrito por\" \/>\n\t<meta name=\"twitter:data1\" content=\"Villasmil Henry\" \/>\n\t<meta name=\"twitter:label2\" content=\"Tiempo estimado de lectura\" \/>\n\t<meta name=\"twitter:data2\" content=\"2 minutos\" \/>\n<script type=\"application\/ld+json\" class=\"yoast-schema-graph\">{\"@context\":\"https:\\\/\\\/schema.org\",\"@graph\":[{\"@type\":\"Article\",\"@id\":\"https:\\\/\\\/digital58.com.ve\\\/site\\\/2023\\\/10\\\/25\\\/venezuela-fiscalia-abre-una-investigacion-penal-contra-las-primarias-opositoras\\\/#article\",\"isPartOf\":{\"@id\":\"https:\\\/\\\/digital58.com.ve\\\/site\\\/2023\\\/10\\\/25\\\/venezuela-fiscalia-abre-una-investigacion-penal-contra-las-primarias-opositoras\\\/\"},\"author\":{\"name\":\"Villasmil Henry\",\"@id\":\"https:\\\/\\\/digital58.com.ve\\\/site\\\/#\\\/schema\\\/person\\\/64d1c2e4d0d4fd1b849980c4331c2951\"},\"headline\":\"#Venezuela | Fiscal\u00eda abre una investigaci\u00f3n penal contra las primarias opositoras\",\"datePublished\":\"2023-10-25T18:58:59+00:00\",\"mainEntityOfPage\":{\"@id\":\"https:\\\/\\\/digital58.com.ve\\\/site\\\/2023\\\/10\\\/25\\\/venezuela-fiscalia-abre-una-investigacion-penal-contra-las-primarias-opositoras\\\/\"},\"wordCount\":442,\"commentCount\":0,\"publisher\":{\"@id\":\"https:\\\/\\\/digital58.com.ve\\\/site\\\/#\\\/schema\\\/person\\\/64d1c2e4d0d4fd1b849980c4331c2951\"},\"image\":{\"@id\":\"https:\\\/\\\/digital58.com.ve\\\/site\\\/2023\\\/10\\\/25\\\/venezuela-fiscalia-abre-una-investigacion-penal-contra-las-primarias-opositoras\\\/#primaryimage\"},\"thumbnailUrl\":\"https:\\\/\\\/digital58.com.ve\\\/site\\\/wp-content\\\/uploads\\\/2020\\\/06\\\/Fiscal-General-de-la-Repu\u0301blica-designado-por-la-ANC-Tarek-William-Saab.-Foto-AVN..jpg\",\"keywords\":[\"Fiscal\u00eda\",\"Mar\u00eda Corina Machado\",\"Ministerio P\u00fablico\",\"Nacionales\",\"Tarek William Saab\"],\"articleSection\":[\"Venezuela\"],\"inLanguage\":\"es\",\"potentialAction\":[{\"@type\":\"CommentAction\",\"name\":\"Comment\",\"target\":[\"https:\\\/\\\/digital58.com.ve\\\/site\\\/2023\\\/10\\\/25\\\/venezuela-fiscalia-abre-una-investigacion-penal-contra-las-primarias-opositoras\\\/#respond\"]}]},{\"@type\":\"WebPage\",\"@id\":\"https:\\\/\\\/digital58.com.ve\\\/site\\\/2023\\\/10\\\/25\\\/venezuela-fiscalia-abre-una-investigacion-penal-contra-las-primarias-opositoras\\\/\",\"url\":\"https:\\\/\\\/digital58.com.ve\\\/site\\\/2023\\\/10\\\/25\\\/venezuela-fiscalia-abre-una-investigacion-penal-contra-las-primarias-opositoras\\\/\",\"name\":\"#Venezuela | Fiscal\u00eda abre una investigaci\u00f3n penal contra las primarias opositoras\",\"isPartOf\":{\"@id\":\"https:\\\/\\\/digital58.com.ve\\\/site\\\/#website\"},\"primaryImageOfPage\":{\"@id\":\"https:\\\/\\\/digital58.com.ve\\\/site\\\/2023\\\/10\\\/25\\\/venezuela-fiscalia-abre-una-investigacion-penal-contra-las-primarias-opositoras\\\/#primaryimage\"},\"image\":{\"@id\":\"https:\\\/\\\/digital58.com.ve\\\/site\\\/2023\\\/10\\\/25\\\/venezuela-fiscalia-abre-una-investigacion-penal-contra-las-primarias-opositoras\\\/#primaryimage\"},\"thumbnailUrl\":\"https:\\\/\\\/digital58.com.ve\\\/site\\\/wp-content\\\/uploads\\\/2020\\\/06\\\/Fiscal-General-de-la-Repu\u0301blica-designado-por-la-ANC-Tarek-William-Saab.-Foto-AVN..jpg\",\"datePublished\":\"2023-10-25T18:58:59+00:00\",\"breadcrumb\":{\"@id\":\"https:\\\/\\\/digital58.com.ve\\\/site\\\/2023\\\/10\\\/25\\\/venezuela-fiscalia-abre-una-investigacion-penal-contra-las-primarias-opositoras\\\/#breadcrumb\"},\"inLanguage\":\"es\",\"potentialAction\":[{\"@type\":\"ReadAction\",\"target\":[\"https:\\\/\\\/digital58.com.ve\\\/site\\\/2023\\\/10\\\/25\\\/venezuela-fiscalia-abre-una-investigacion-penal-contra-las-primarias-opositoras\\\/\"]}]},{\"@type\":\"ImageObject\",\"inLanguage\":\"es\",\"@id\":\"https:\\\/\\\/digital58.com.ve\\\/site\\\/2023\\\/10\\\/25\\\/venezuela-fiscalia-abre-una-investigacion-penal-contra-las-primarias-opositoras\\\/#primaryimage\",\"url\":\"https:\\\/\\\/digital58.com.ve\\\/site\\\/wp-content\\\/uploads\\\/2020\\\/06\\\/Fiscal-General-de-la-Repu\u0301blica-designado-por-la-ANC-Tarek-William-Saab.-Foto-AVN..jpg\",\"contentUrl\":\"https:\\\/\\\/digital58.com.ve\\\/site\\\/wp-content\\\/uploads\\\/2020\\\/06\\\/Fiscal-General-de-la-Repu\u0301blica-designado-por-la-ANC-Tarek-William-Saab.-Foto-AVN..jpg\",\"width\":800,\"height\":580},{\"@type\":\"BreadcrumbList\",\"@id\":\"https:\\\/\\\/digital58.com.ve\\\/site\\\/2023\\\/10\\\/25\\\/venezuela-fiscalia-abre-una-investigacion-penal-contra-las-primarias-opositoras\\\/#breadcrumb\",\"itemListElement\":[{\"@type\":\"ListItem\",\"position\":1,\"name\":\"Home\",\"item\":\"https:\\\/\\\/digital58.com.ve\\\/site\\\/\"},{\"@type\":\"ListItem\",\"position\":2,\"name\":\"#Venezuela | Fiscal\u00eda abre una investigaci\u00f3n penal contra las primarias opositoras\"}]},{\"@type\":\"WebSite\",\"@id\":\"https:\\\/\\\/digital58.com.ve\\\/site\\\/#website\",\"url\":\"https:\\\/\\\/digital58.com.ve\\\/site\\\/\",\"name\":\"Noticias Digital58\",\"description\":\"Portal de Noticias \u00a1Periodismo web de verdad! Lanzamiento web 22.11.2005 \\\/ Maracaibo, Venezuela\",\"publisher\":{\"@id\":\"https:\\\/\\\/digital58.com.ve\\\/site\\\/#\\\/schema\\\/person\\\/64d1c2e4d0d4fd1b849980c4331c2951\"},\"alternateName\":\"ND58\",\"potentialAction\":[{\"@type\":\"SearchAction\",\"target\":{\"@type\":\"EntryPoint\",\"urlTemplate\":\"https:\\\/\\\/digital58.com.ve\\\/site\\\/?s={search_term_string}\"},\"query-input\":{\"@type\":\"PropertyValueSpecification\",\"valueRequired\":true,\"valueName\":\"search_term_string\"}}],\"inLanguage\":\"es\"},{\"@type\":[\"Person\",\"Organization\"],\"@id\":\"https:\\\/\\\/digital58.com.ve\\\/site\\\/#\\\/schema\\\/person\\\/64d1c2e4d0d4fd1b849980c4331c2951\",\"name\":\"Villasmil Henry\",\"image\":{\"@type\":\"ImageObject\",\"inLanguage\":\"es\",\"@id\":\"https:\\\/\\\/secure.gravatar.com\\\/avatar\\\/bb0c4a2fcb7970138239f7e404ea75757b1b507b28b5ce4c53fbd62d797c5a7c?s=96&d=mm&r=g\",\"url\":\"https:\\\/\\\/secure.gravatar.com\\\/avatar\\\/bb0c4a2fcb7970138239f7e404ea75757b1b507b28b5ce4c53fbd62d797c5a7c?s=96&d=mm&r=g\",\"contentUrl\":\"https:\\\/\\\/secure.gravatar.com\\\/avatar\\\/bb0c4a2fcb7970138239f7e404ea75757b1b507b28b5ce4c53fbd62d797c5a7c?s=96&d=mm&r=g\",\"caption\":\"Villasmil Henry\"},\"logo\":{\"@id\":\"https:\\\/\\\/secure.gravatar.com\\\/avatar\\\/bb0c4a2fcb7970138239f7e404ea75757b1b507b28b5ce4c53fbd62d797c5a7c?s=96&d=mm&r=g\"},\"sameAs\":[\"http:\\\/\\\/www.henryvillasmil.com.ve\",\"https:\\\/\\\/www.instagram.com\\\/villasmilhfoto\\\/\",\"https:\\\/\\\/x.com\\\/https:\\\/\\\/twitter.com\\\/villasmilhfoto\"],\"url\":\"https:\\\/\\\/digital58.com.ve\\\/site\\\/author\\\/droopy_68\\\/\"}]}<\/script>\n<!-- \/ Yoast SEO plugin. -->","yoast_head_json":{"title":"#Venezuela | Fiscal\u00eda abre una investigaci\u00f3n penal contra las primarias opositoras","robots":{"index":"index","follow":"follow","max-snippet":"max-snippet:-1","max-image-preview":"max-image-preview:large","max-video-preview":"max-video-preview:-1"},"canonical":"https:\/\/digital58.com.ve\/site\/2023\/10\/25\/venezuela-fiscalia-abre-una-investigacion-penal-contra-las-primarias-opositoras\/","og_locale":"es_ES","og_type":"article","og_title":"#Venezuela | Fiscal\u00eda abre una investigaci\u00f3n penal contra las primarias opositoras","og_url":"https:\/\/digital58.com.ve\/site\/2023\/10\/25\/venezuela-fiscalia-abre-una-investigacion-penal-contra-las-primarias-opositoras\/","og_site_name":"Noticias Digital58","article_published_time":"2023-10-25T18:58:59+00:00","og_image":[{"width":800,"height":580,"url":"https:\/\/i0.wp.com\/digital58.com.ve\/site\/wp-content\/uploads\/2020\/06\/Fiscal-General-de-la-Repu%CC%81blica-designado-por-la-ANC-Tarek-William-Saab.-Foto-AVN..jpg?fit=800%2C580&ssl=1","type":"image\/jpeg"}],"author":"Villasmil Henry","twitter_card":"summary_large_image","twitter_creator":"@https:\/\/twitter.com\/villasmilhfoto","twitter_site":"@villasmilhfoto","twitter_misc":{"Escrito por":"Villasmil Henry","Tiempo estimado de lectura":"2 minutos"},"schema":{"@context":"https:\/\/schema.org","@graph":[{"@type":"Article","@id":"https:\/\/digital58.com.ve\/site\/2023\/10\/25\/venezuela-fiscalia-abre-una-investigacion-penal-contra-las-primarias-opositoras\/#article","isPartOf":{"@id":"https:\/\/digital58.com.ve\/site\/2023\/10\/25\/venezuela-fiscalia-abre-una-investigacion-penal-contra-las-primarias-opositoras\/"},"author":{"name":"Villasmil Henry","@id":"https:\/\/digital58.com.ve\/site\/#\/schema\/person\/64d1c2e4d0d4fd1b849980c4331c2951"},"headline":"#Venezuela | Fiscal\u00eda abre una investigaci\u00f3n penal contra las primarias opositoras","datePublished":"2023-10-25T18:58:59+00:00","mainEntityOfPage":{"@id":"https:\/\/digital58.com.ve\/site\/2023\/10\/25\/venezuela-fiscalia-abre-una-investigacion-penal-contra-las-primarias-opositoras\/"},"wordCount":442,"commentCount":0,"publisher":{"@id":"https:\/\/digital58.com.ve\/site\/#\/schema\/person\/64d1c2e4d0d4fd1b849980c4331c2951"},"image":{"@id":"https:\/\/digital58.com.ve\/site\/2023\/10\/25\/venezuela-fiscalia-abre-una-investigacion-penal-contra-las-primarias-opositoras\/#primaryimage"},"thumbnailUrl":"https:\/\/digital58.com.ve\/site\/wp-content\/uploads\/2020\/06\/Fiscal-General-de-la-Repu\u0301blica-designado-por-la-ANC-Tarek-William-Saab.-Foto-AVN..jpg","keywords":["Fiscal\u00eda","Mar\u00eda Corina Machado","Ministerio P\u00fablico","Nacionales","Tarek William Saab"],"articleSection":["Venezuela"],"inLanguage":"es","potentialAction":[{"@type":"CommentAction","name":"Comment","target":["https:\/\/digital58.com.ve\/site\/2023\/10\/25\/venezuela-fiscalia-abre-una-investigacion-penal-contra-las-primarias-opositoras\/#respond"]}]},{"@type":"WebPage","@id":"https:\/\/digital58.com.ve\/site\/2023\/10\/25\/venezuela-fiscalia-abre-una-investigacion-penal-contra-las-primarias-opositoras\/","url":"https:\/\/digital58.com.ve\/site\/2023\/10\/25\/venezuela-fiscalia-abre-una-investigacion-penal-contra-las-primarias-opositoras\/","name":"#Venezuela | Fiscal\u00eda abre una investigaci\u00f3n penal contra las primarias opositoras","isPartOf":{"@id":"https:\/\/digital58.com.ve\/site\/#website"},"primaryImageOfPage":{"@id":"https:\/\/digital58.com.ve\/site\/2023\/10\/25\/venezuela-fiscalia-abre-una-investigacion-penal-contra-las-primarias-opositoras\/#primaryimage"},"image":{"@id":"https:\/\/digital58.com.ve\/site\/2023\/10\/25\/venezuela-fiscalia-abre-una-investigacion-penal-contra-las-primarias-opositoras\/#primaryimage"},"thumbnailUrl":"https:\/\/digital58.com.ve\/site\/wp-content\/uploads\/2020\/06\/Fiscal-General-de-la-Repu\u0301blica-designado-por-la-ANC-Tarek-William-Saab.-Foto-AVN..jpg","datePublished":"2023-10-25T18:58:59+00:00","breadcrumb":{"@id":"https:\/\/digital58.com.ve\/site\/2023\/10\/25\/venezuela-fiscalia-abre-una-investigacion-penal-contra-las-primarias-opositoras\/#breadcrumb"},"inLanguage":"es","potentialAction":[{"@type":"ReadAction","target":["https:\/\/digital58.com.ve\/site\/2023\/10\/25\/venezuela-fiscalia-abre-una-investigacion-penal-contra-las-primarias-opositoras\/"]}]},{"@type":"ImageObject","inLanguage":"es","@id":"https:\/\/digital58.com.ve\/site\/2023\/10\/25\/venezuela-fiscalia-abre-una-investigacion-penal-contra-las-primarias-opositoras\/#primaryimage","url":"https:\/\/digital58.com.ve\/site\/wp-content\/uploads\/2020\/06\/Fiscal-General-de-la-Repu\u0301blica-designado-por-la-ANC-Tarek-William-Saab.-Foto-AVN..jpg","contentUrl":"https:\/\/digital58.com.ve\/site\/wp-content\/uploads\/2020\/06\/Fiscal-General-de-la-Repu\u0301blica-designado-por-la-ANC-Tarek-William-Saab.-Foto-AVN..jpg","width":800,"height":580},{"@type":"BreadcrumbList","@id":"https:\/\/digital58.com.ve\/site\/2023\/10\/25\/venezuela-fiscalia-abre-una-investigacion-penal-contra-las-primarias-opositoras\/#breadcrumb","itemListElement":[{"@type":"ListItem","position":1,"name":"Home","item":"https:\/\/digital58.com.ve\/site\/"},{"@type":"ListItem","position":2,"name":"#Venezuela | Fiscal\u00eda abre una investigaci\u00f3n penal contra las primarias opositoras"}]},{"@type":"WebSite","@id":"https:\/\/digital58.com.ve\/site\/#website","url":"https:\/\/digital58.com.ve\/site\/","name":"Noticias Digital58","description":"Portal de Noticias \u00a1Periodismo web de verdad! Lanzamiento web 22.11.2005 \/ Maracaibo, Venezuela","publisher":{"@id":"https:\/\/digital58.com.ve\/site\/#\/schema\/person\/64d1c2e4d0d4fd1b849980c4331c2951"},"alternateName":"ND58","potentialAction":[{"@type":"SearchAction","target":{"@type":"EntryPoint","urlTemplate":"https:\/\/digital58.com.ve\/site\/?s={search_term_string}"},"query-input":{"@type":"PropertyValueSpecification","valueRequired":true,"valueName":"search_term_string"}}],"inLanguage":"es"},{"@type":["Person","Organization"],"@id":"https:\/\/digital58.com.ve\/site\/#\/schema\/person\/64d1c2e4d0d4fd1b849980c4331c2951","name":"Villasmil Henry","image":{"@type":"ImageObject","inLanguage":"es","@id":"https:\/\/secure.gravatar.com\/avatar\/bb0c4a2fcb7970138239f7e404ea75757b1b507b28b5ce4c53fbd62d797c5a7c?s=96&d=mm&r=g","url":"https:\/\/secure.gravatar.com\/avatar\/bb0c4a2fcb7970138239f7e404ea75757b1b507b28b5ce4c53fbd62d797c5a7c?s=96&d=mm&r=g","contentUrl":"https:\/\/secure.gravatar.com\/avatar\/bb0c4a2fcb7970138239f7e404ea75757b1b507b28b5ce4c53fbd62d797c5a7c?s=96&d=mm&r=g","caption":"Villasmil Henry"},"logo":{"@id":"https:\/\/secure.gravatar.com\/avatar\/bb0c4a2fcb7970138239f7e404ea75757b1b507b28b5ce4c53fbd62d797c5a7c?s=96&d=mm&r=g"},"sameAs":["http:\/\/www.henryvillasmil.com.ve","https:\/\/www.instagram.com\/villasmilhfoto\/","https:\/\/x.com\/https:\/\/twitter.com\/villasmilhfoto"],"url":"https:\/\/digital58.com.ve\/site\/author\/droopy_68\/"}]}},"uagb_featured_image_src":{"full":["https:\/\/digital58.com.ve\/site\/wp-content\/uploads\/2020\/06\/Fiscal-General-de-la-Repu\u0301blica-designado-por-la-ANC-Tarek-William-Saab.-Foto-AVN..jpg",800,580,false],"thumbnail":["https:\/\/digital58.com.ve\/site\/wp-content\/uploads\/2020\/06\/Fiscal-General-de-la-Repu\u0301blica-designado-por-la-ANC-Tarek-William-Saab.-Foto-AVN.-150x150.jpg",150,150,true],"medium":["https:\/\/digital58.com.ve\/site\/wp-content\/uploads\/2020\/06\/Fiscal-General-de-la-Repu\u0301blica-designado-por-la-ANC-Tarek-William-Saab.-Foto-AVN.-300x218.jpg",300,218,true],"medium_large":["https:\/\/digital58.com.ve\/site\/wp-content\/uploads\/2020\/06\/Fiscal-General-de-la-Repu\u0301blica-designado-por-la-ANC-Tarek-William-Saab.-Foto-AVN.-768x557.jpg",768,557,true],"large":["https:\/\/digital58.com.ve\/site\/wp-content\/uploads\/2020\/06\/Fiscal-General-de-la-Repu\u0301blica-designado-por-la-ANC-Tarek-William-Saab.-Foto-AVN..jpg",800,580,false],"1536x1536":["https:\/\/digital58.com.ve\/site\/wp-content\/uploads\/2020\/06\/Fiscal-General-de-la-Repu\u0301blica-designado-por-la-ANC-Tarek-William-Saab.-Foto-AVN..jpg",800,580,false],"2048x2048":["https:\/\/digital58.com.ve\/site\/wp-content\/uploads\/2020\/06\/Fiscal-General-de-la-Repu\u0301blica-designado-por-la-ANC-Tarek-William-Saab.-Foto-AVN..jpg",800,580,false],"colormag-highlighted-post":["https:\/\/digital58.com.ve\/site\/wp-content\/uploads\/2020\/06\/Fiscal-General-de-la-Repu\u0301blica-designado-por-la-ANC-Tarek-William-Saab.-Foto-AVN..jpg",375,272,false],"colormag-featured-post-medium":["https:\/\/digital58.com.ve\/site\/wp-content\/uploads\/2020\/06\/Fiscal-General-de-la-Repu\u0301blica-designado-por-la-ANC-Tarek-William-Saab.-Foto-AVN..jpg",283,205,false],"colormag-featured-post-small":["https:\/\/digital58.com.ve\/site\/wp-content\/uploads\/2020\/06\/Fiscal-General-de-la-Repu\u0301blica-designado-por-la-ANC-Tarek-William-Saab.-Foto-AVN..jpg",124,90,false],"colormag-featured-image":["https:\/\/digital58.com.ve\/site\/wp-content\/uploads\/2020\/06\/Fiscal-General-de-la-Repu\u0301blica-designado-por-la-ANC-Tarek-William-Saab.-Foto-AVN..jpg",614,445,false],"colormag-default-news":["https:\/\/digital58.com.ve\/site\/wp-content\/uploads\/2020\/06\/Fiscal-General-de-la-Repu\u0301blica-designado-por-la-ANC-Tarek-William-Saab.-Foto-AVN..jpg",150,109,false],"colormag-featured-image-large":["https:\/\/digital58.com.ve\/site\/wp-content\/uploads\/2020\/06\/Fiscal-General-de-la-Repu\u0301blica-designado-por-la-ANC-Tarek-William-Saab.-Foto-AVN..jpg",800,580,false]},"uagb_author_info":{"display_name":"Villasmil Henry","author_link":"https:\/\/digital58.com.ve\/site\/author\/droopy_68\/"},"uagb_comment_info":0,"uagb_excerpt":"Sobre Machado pesa una inhabilitaci\u00f3n impuesta por la Contralor\u00eda en 2015 y extendida hasta 2030, por lo que la exdiputada","_links":{"self":[{"href":"https:\/\/digital58.com.ve\/site\/wp-json\/wp\/v2\/posts\/171702","targetHints":{"allow":["GET"]}}],"collection":[{"href":"https:\/\/digital58.com.ve\/site\/wp-json\/wp\/v2\/posts"}],"about":[{"href":"https:\/\/digital58.com.ve\/site\/wp-json\/wp\/v2\/types\/post"}],"author":[{"embeddable":true,"href":"https:\/\/digital58.com.ve\/site\/wp-json\/wp\/v2\/users\/1"}],"replies":[{"embeddable":true,"href":"https:\/\/digital58.com.ve\/site\/wp-json\/wp\/v2\/comments?post=171702"}],"version-history":[{"count":1,"href":"https:\/\/digital58.com.ve\/site\/wp-json\/wp\/v2\/posts\/171702\/revisions"}],"predecessor-version":[{"id":171703,"href":"https:\/\/digital58.com.ve\/site\/wp-json\/wp\/v2\/posts\/171702\/revisions\/171703"}],"wp:featuredmedia":[{"embeddable":true,"href":"https:\/\/digital58.com.ve\/site\/wp-json\/wp\/v2\/media\/108579"}],"wp:attachment":[{"href":"https:\/\/digital58.com.ve\/site\/wp-json\/wp\/v2\/media?parent=171702"}],"wp:term":[{"taxonomy":"category","embeddable":true,"href":"https:\/\/digital58.com.ve\/site\/wp-json\/wp\/v2\/categories?post=171702"},{"taxonomy":"post_tag","embeddable":true,"href":"https:\/\/digital58.com.ve\/site\/wp-json\/wp\/v2\/tags?post=171702"}],"curies":[{"name":"wp","href":"https:\/\/api.w.org\/{rel}","templated":true}]}}