{"id":171887,"date":"2023-10-30T17:23:07","date_gmt":"2023-10-30T21:23:07","guid":{"rendered":"https:\/\/digital58.com.ve\/site\/?p=171887"},"modified":"2023-10-30T17:23:07","modified_gmt":"2023-10-30T21:23:07","slug":"moto2-fermin-aldeguer-suma-su-segunda-victoria-y-pedro-acosta-no-puede-rubricar-el-titulo","status":"publish","type":"post","link":"https:\/\/digital58.com.ve\/site\/2023\/10\/30\/moto2-fermin-aldeguer-suma-su-segunda-victoria-y-pedro-acosta-no-puede-rubricar-el-titulo\/","title":{"rendered":"#Moto2 | Ferm\u00edn Aldeguer suma su segunda victoria y Pedro Acosta no puede rubricar el t\u00edtulo"},"content":{"rendered":"<p><a href=\"https:\/\/digital58.com.ve\/site\/wp-content\/uploads\/2023\/10\/Fermin-Aldeguer-1.jpg\"><img loading=\"lazy\" decoding=\"async\" class=\"aligncenter size-full wp-image-171888\" src=\"https:\/\/digital58.com.ve\/site\/wp-content\/uploads\/2023\/10\/Fermin-Aldeguer-1.jpg\" alt=\"\" width=\"800\" height=\"541\" srcset=\"https:\/\/digital58.com.ve\/site\/wp-content\/uploads\/2023\/10\/Fermin-Aldeguer-1.jpg 800w, https:\/\/digital58.com.ve\/site\/wp-content\/uploads\/2023\/10\/Fermin-Aldeguer-1-300x203.jpg 300w, https:\/\/digital58.com.ve\/site\/wp-content\/uploads\/2023\/10\/Fermin-Aldeguer-1-768x519.jpg 768w\" sizes=\"auto, (max-width: 800px) 100vw, 800px\" \/><\/a><\/p>\n<p>El espa\u00f1ol consigui\u00f3 la victoria por delante del tambi\u00e9n espa\u00f1ol Pedro Acosta (Kalex) y del \u00eddolo local tailand\u00e9s, Somkiat Chantra (Kalex).<\/p>\n<p><strong>Buriram, Tailandia, 30 de octubre de 2023 (ND58).-<\/strong> El espa\u00f1ol Ferm\u00edn Aldeguer (Boscoscuro) se adjudic\u00f3 la segunda victoria de su carrera deportiva y de la temporada al vencer el Gran Premio de Tailandia de Moto2 en el circuito \u00abChang International\u00bb, en el que su compatriota Pedro Acosta (Kalex), segundo, no pudo rubricar la consecuci\u00f3n matem\u00e1tica del t\u00edtulo mundial.<\/p>\n<p>Aldeguer domin\u00f3 la carrera de principio a fin, despu\u00e9s de haber sido tambi\u00e9n el m\u00e1s r\u00e1pido de los entrenamientos y lograr la vuelta r\u00e1pida de la misma en el segundo giro, pero la atenci\u00f3n de la misma estuvo centrada en la posibilidad, fallida, de que otro espa\u00f1ol, Pedro Acosta, se proclamase matem\u00e1ticamente campe\u00f3n del mundo.<\/p>\n<p>Pero Acosta no pudo mantener el ritmo de Ferm\u00edn Aldeguer y decidi\u00f3 mantenerse en una c\u00f3moda segunda plaza, que tambi\u00e9n le hubiera podido dar el t\u00edtulo, si su rival, el italiano Tony Arbolino (Kalex), hubiese terminado decimoquinto o fuera de los puntos, pero fue cuarto.<\/p>\n<p>Pedro Acosta tiene ahora 300,5 puntos y tendr\u00e1 mucho m\u00e1s f\u00e1cil proclamarse campe\u00f3n del mundo en la pr\u00f3xima cita del campeonato, en Malaysia dentro de catorce d\u00edas, en la que Tony Arbolino, con 237,5 puntos, tendr\u00e1 la obligaci\u00f3n de ganar si quiere tener alg\u00fan tipo de posibilidad de volver a retrasar la consecuci\u00f3n del t\u00edtulo por parte del \u00abTibur\u00f3n\u00bb.<\/p>\n<p>Aunque antes de comenzar la carrera de Moto2 comenzaron a caer algunas gotas de lluvia, cuando lleg\u00f3 el momento de la salida el cielo estaba algo m\u00e1s abierto y la lluvia pareci\u00f3 dejar de ser una amenaza.<\/p>\n<p>Al apagarse el sem\u00e1foro, el espa\u00f1ol Ferm\u00edn Aldeguer mantuvo su posici\u00f3n de privilegio, justo por delante del l\u00edder del mundial, Pedro Acosta, con el italiano Tony Arbolino, su rival en la carrera por el t\u00edtulo, ganando una posici\u00f3n al ser s\u00e9ptimo en el primer parcial.<\/p>\n<p>Tampoco sali\u00f3 muy bien Albert Arenas (Kalex), que perdi\u00f3 una serie de posiciones, como Ar\u00f3n Canet (Kalex), que se vieron superados por Tony Arbolino, aunque Canet no tard\u00f3 mucho en recuperar la plaza antes de cumplirse el primer giro de carrera, en el que Aldeguer se manten\u00eda firme en el liderato.<\/p>\n<p>Ar\u00f3n Canet no estuvo demasiado afortunado, pues se adelant\u00f3 al momento de la salida y, por ese motivo, fue sancionado con una doble \u00abvuelta larga\u00bb que pr\u00e1cticamente le obligaba a decir adi\u00f3s a cualquier buen resultado en Tailandia.<\/p>\n<p>Mientras Aldeguer y Acosta se mantuvieron firme en la cabeza de carrera, Tony Arbolino, el \u00fanico que pod\u00eda evitar la consecuci\u00f3n del t\u00edtulo matem\u00e1ticamente por parte del espa\u00f1ol, iba perdiendo posiciones, superado por su compatriota Celestino Vietti (Kalex) y el brit\u00e1nico Jake Dixon (Kalex), para completar la tercera vuelta noveno.<\/p>\n<p>En la cuarta vuelta cumpli\u00f3 su primera \u00abvuelta larga\u00bb Canet, en la que perdi\u00f3 cinco posiciones, de la sexta a la und\u00e9cima, para entrar por detr\u00e1s del espa\u00f1ol Manuel Gonz\u00e1lez (Kalex).<\/p>\n<p>Y, en el quinto giro, el brit\u00e1nico Jake Dixon entr\u00f3 completamente colado en la curva tres para tocarse con el italiano Celestino Vietti y saltar por los aires, como tambi\u00e9n se fue al suelo poco despu\u00e9s el piloto transalpino.<\/p>\n<p>Por delante, Ferm\u00edn Aldeguer, con un ritmo firme y muy r\u00e1pido, se fue distanciando poco a poco de Pedro Acosta, mientras Marcos Ram\u00edrez y Somkiat Chantra ten\u00edan su particular duelo, que en la sexta vuelta le daba la tercera plaza al \u00ab\u00eddolo\u00bb local, con el quinto clasificado, el espa\u00f1ol Alonso L\u00f3pez (Boscoscuro), en cabeza de un amplio grupo de pilotos, ya a m\u00e1s de cinco segundos de la cabeza de carrera.<\/p>\n<p>Ar\u00f3n Canet complet\u00f3 la doble \u00abvuelta larga\u00bb de sanci\u00f3n y regres\u00f3 a pista en el decimocuarto puesto, dentro de ese amplio grupo de pilotos, que qued\u00f3 reducido a cuatro una vuelta m\u00e1s tarde, Alonso L\u00f3pez, Tony Arbolino, Albert Arenas y Manuel Gonz\u00e1lez, con el resto de pilotos del grupo algo m\u00e1s atr\u00e1s y con el japon\u00e9s Ai Ogura (Kalex) como cabeza de puente y el espa\u00f1ol Izan Guevara (Kalex), tirando tras \u00e9ste para no quedarse descolgado.<\/p>\n<p>Poco a poco la situaci\u00f3n se fue clarificando y consolidando en sus puestos a todos sus protagonistas, Ferm\u00edn Aldeguer en la primera plaza, Pedro Acosta en la segunda, Somkiat Chantra en la tercera y ya en la pelea por el cuarto puesto se \u00abagruparon\u00bb por parejas Marcos Ram\u00edrez y Tony Arbolino, y Alonso L\u00f3pez y Albert Arenas.<\/p>\n<p>Con esta situaci\u00f3n Pedro Acosta no podr\u00eda conseguir su objetivo de proclamarse campe\u00f3n y las vueltas iban pasando sin que la situaci\u00f3n tuviese visos de cambiar.<\/p>\n<p><a href=\"https:\/\/digital58.com.ve\/site\/wp-content\/uploads\/2023\/10\/Fermin-Aldeguer.jpg\"><img loading=\"lazy\" decoding=\"async\" class=\"aligncenter wp-image-171889 size-full\" src=\"https:\/\/digital58.com.ve\/site\/wp-content\/uploads\/2023\/10\/Fermin-Aldeguer.jpg\" alt=\"\" width=\"800\" height=\"574\" srcset=\"https:\/\/digital58.com.ve\/site\/wp-content\/uploads\/2023\/10\/Fermin-Aldeguer.jpg 800w, https:\/\/digital58.com.ve\/site\/wp-content\/uploads\/2023\/10\/Fermin-Aldeguer-300x215.jpg 300w, https:\/\/digital58.com.ve\/site\/wp-content\/uploads\/2023\/10\/Fermin-Aldeguer-768x551.jpg 768w\" sizes=\"auto, (max-width: 800px) 100vw, 800px\" \/><\/a><\/p>\n<p>En la decimocuarta vuelta a\u00fan dio un paso adelante Tony Arbolino, que adelant\u00f3 a Marcos Ram\u00edrez para situarse en la cuarta plaza, el mejor resultado posible, pues los pilotos de cabeza de carrera ya estaban demasiado lejos, pero que poco a poco consolid\u00f3, dejando la pelea por el quinto puesto a Ram\u00edrez, Arenas y Ogura.<\/p>\n<p>Con Ferm\u00edn Aldeguer como claro vencedor, acompa\u00f1ado en el podio por Pedro Acosta y Somkiat Chantra, la cuarta plaza fue para Tony Arbolino, con Ai Ogura quinto, Marcos Ram\u00edrez sexto, por delante de un quinteto de pilotos espa\u00f1oles formado por Albert Arenas, Alonso L\u00f3pez, Izan Guevara, Manuel Gonz\u00e1lez y Ar\u00f3n Canet.<\/p>\n<p>Jeremy Alcoba acab\u00f3 en la decimotercera posici\u00f3n, con Alex Escrig (Kalex), decimonoveno.<\/p>\n<p><strong>Redacci\u00f3n ND58 | Fuente: Juan Antonio Llad\u00f3s \/ EFE<\/strong><br \/>\n<strong>Edici\u00f3n: Villasmil, Henry<\/strong><br \/>\n<strong>Gr\u00e1ficas: EFE<\/strong><\/p>\n<p>&nbsp;<\/p><div class=\"cqmvx69f5c244763e5\" ><p style=\"text-align: center;\"><a href=\"https:\/\/t.me\/noticiasdigital58\" target=\"_blank\" rel=\"noopener\"><img class=\"aligncenter size-full wp-image-125363\" src=\"https:\/\/digital58.com.ve\/site\/wp-content\/uploads\/2021\/04\/banner-telegram-web-2021.png\" alt=\"\" width=\"600\" height=\"90\" \/><\/a><\/p><\/div><style type=\"text\/css\">\r\n@media screen and (min-width: 1201px) {\r\n.cqmvx69f5c244763e5 {\r\ndisplay: block;\r\n}\r\n}\r\n@media screen and (min-width: 993px) and (max-width: 1200px) {\r\n.cqmvx69f5c244763e5 {\r\ndisplay: block;\r\n}\r\n}\r\n@media screen and (min-width: 769px) and (max-width: 992px) {\r\n.cqmvx69f5c244763e5 {\r\ndisplay: block;\r\n}\r\n}\r\n@media screen and (min-width: 768px) and (max-width: 768px) {\r\n.cqmvx69f5c244763e5 {\r\ndisplay: block;\r\n}\r\n}\r\n@media screen and (max-width: 767px) {\r\n.cqmvx69f5c244763e5 {\r\ndisplay: block;\r\n}\r\n}\r\n<\/style>\r\n\n<p>&nbsp;<\/p>\n<div style=\"margin-top: 0px; margin-bottom: 0px;\" class=\"sharethis-inline-share-buttons\" ><\/div>","protected":false},"excerpt":{"rendered":"<p>El espa\u00f1ol consigui\u00f3 la victoria por delante del tambi\u00e9n espa\u00f1ol Pedro Acosta (Kalex) y del \u00eddolo local tailand\u00e9s, Somkiat Chantra<\/p>\n","protected":false},"author":1,"featured_media":171889,"comment_status":"open","ping_status":"closed","sticky":false,"template":"","format":"standard","meta":{"colormag_page_container_layout":"default_layout","colormag_page_sidebar_layout":"default_layout","_uag_custom_page_level_css":"","footnotes":""},"categories":[5402],"tags":[32677,32106,32676,8,18068,30716,20304,4716,11405],"class_list":["post-171887","post","type-post","status-publish","format-standard","has-post-thumbnail","hentry","category-deportes","tag-boscoscuro","tag-fermin-aldeguer","tag-gran-premio-de-tailandia","tag-internacionales","tag-moto2","tag-moto2-2023","tag-moto3","tag-motociclismo","tag-motociclismo-internacional"],"yoast_head":"<!-- This site is optimized with the Yoast SEO plugin v27.5 - https:\/\/yoast.com\/product\/yoast-seo-wordpress\/ -->\n<title>#Moto2 | Ferm\u00edn Aldeguer suma su segunda victoria y Pedro Acosta no puede rubricar el t\u00edtulo<\/title>\n<meta name=\"robots\" content=\"index, follow, max-snippet:-1, max-image-preview:large, max-video-preview:-1\" \/>\n<link rel=\"canonical\" href=\"https:\/\/digital58.com.ve\/site\/2023\/10\/30\/moto2-fermin-aldeguer-suma-su-segunda-victoria-y-pedro-acosta-no-puede-rubricar-el-titulo\/\" \/>\n<meta property=\"og:locale\" content=\"es_ES\" \/>\n<meta property=\"og:type\" content=\"article\" \/>\n<meta property=\"og:title\" content=\"#Moto2 | Ferm\u00edn Aldeguer suma su segunda victoria y Pedro Acosta no puede rubricar el t\u00edtulo\" \/>\n<meta property=\"og:url\" content=\"https:\/\/digital58.com.ve\/site\/2023\/10\/30\/moto2-fermin-aldeguer-suma-su-segunda-victoria-y-pedro-acosta-no-puede-rubricar-el-titulo\/\" \/>\n<meta property=\"og:site_name\" content=\"Noticias Digital58\" \/>\n<meta property=\"article:published_time\" content=\"2023-10-30T21:23:07+00:00\" \/>\n<meta property=\"og:image\" content=\"https:\/\/i0.wp.com\/digital58.com.ve\/site\/wp-content\/uploads\/2023\/10\/Fermin-Aldeguer.jpg?fit=800%2C574&ssl=1\" \/>\n\t<meta property=\"og:image:width\" content=\"800\" \/>\n\t<meta property=\"og:image:height\" content=\"574\" \/>\n\t<meta property=\"og:image:type\" content=\"image\/jpeg\" \/>\n<meta name=\"author\" content=\"Villasmil Henry\" \/>\n<meta name=\"twitter:card\" content=\"summary_large_image\" \/>\n<meta name=\"twitter:creator\" content=\"@https:\/\/twitter.com\/villasmilhfoto\" \/>\n<meta name=\"twitter:site\" content=\"@villasmilhfoto\" \/>\n<meta name=\"twitter:label1\" content=\"Escrito por\" \/>\n\t<meta name=\"twitter:data1\" content=\"Villasmil Henry\" \/>\n\t<meta name=\"twitter:label2\" content=\"Tiempo estimado de lectura\" \/>\n\t<meta name=\"twitter:data2\" content=\"5 minutos\" \/>\n<script type=\"application\/ld+json\" class=\"yoast-schema-graph\">{\"@context\":\"https:\\\/\\\/schema.org\",\"@graph\":[{\"@type\":\"Article\",\"@id\":\"https:\\\/\\\/digital58.com.ve\\\/site\\\/2023\\\/10\\\/30\\\/moto2-fermin-aldeguer-suma-su-segunda-victoria-y-pedro-acosta-no-puede-rubricar-el-titulo\\\/#article\",\"isPartOf\":{\"@id\":\"https:\\\/\\\/digital58.com.ve\\\/site\\\/2023\\\/10\\\/30\\\/moto2-fermin-aldeguer-suma-su-segunda-victoria-y-pedro-acosta-no-puede-rubricar-el-titulo\\\/\"},\"author\":{\"name\":\"Villasmil Henry\",\"@id\":\"https:\\\/\\\/digital58.com.ve\\\/site\\\/#\\\/schema\\\/person\\\/64d1c2e4d0d4fd1b849980c4331c2951\"},\"headline\":\"#Moto2 | Ferm\u00edn Aldeguer suma su segunda victoria y Pedro Acosta no puede rubricar el t\u00edtulo\",\"datePublished\":\"2023-10-30T21:23:07+00:00\",\"mainEntityOfPage\":{\"@id\":\"https:\\\/\\\/digital58.com.ve\\\/site\\\/2023\\\/10\\\/30\\\/moto2-fermin-aldeguer-suma-su-segunda-victoria-y-pedro-acosta-no-puede-rubricar-el-titulo\\\/\"},\"wordCount\":1003,\"commentCount\":0,\"publisher\":{\"@id\":\"https:\\\/\\\/digital58.com.ve\\\/site\\\/#\\\/schema\\\/person\\\/64d1c2e4d0d4fd1b849980c4331c2951\"},\"image\":{\"@id\":\"https:\\\/\\\/digital58.com.ve\\\/site\\\/2023\\\/10\\\/30\\\/moto2-fermin-aldeguer-suma-su-segunda-victoria-y-pedro-acosta-no-puede-rubricar-el-titulo\\\/#primaryimage\"},\"thumbnailUrl\":\"https:\\\/\\\/digital58.com.ve\\\/site\\\/wp-content\\\/uploads\\\/2023\\\/10\\\/Fermin-Aldeguer.jpg\",\"keywords\":[\"Boscoscuro\",\"Ferm\u00edn Aldeguer\",\"Gran Premio de Tailandia\",\"Internacionales\",\"Moto2\",\"Moto2 2023\",\"Moto3\",\"Motociclismo\",\"Motociclismo Internacional\"],\"articleSection\":[\"Deportes\"],\"inLanguage\":\"es\",\"potentialAction\":[{\"@type\":\"CommentAction\",\"name\":\"Comment\",\"target\":[\"https:\\\/\\\/digital58.com.ve\\\/site\\\/2023\\\/10\\\/30\\\/moto2-fermin-aldeguer-suma-su-segunda-victoria-y-pedro-acosta-no-puede-rubricar-el-titulo\\\/#respond\"]}]},{\"@type\":\"WebPage\",\"@id\":\"https:\\\/\\\/digital58.com.ve\\\/site\\\/2023\\\/10\\\/30\\\/moto2-fermin-aldeguer-suma-su-segunda-victoria-y-pedro-acosta-no-puede-rubricar-el-titulo\\\/\",\"url\":\"https:\\\/\\\/digital58.com.ve\\\/site\\\/2023\\\/10\\\/30\\\/moto2-fermin-aldeguer-suma-su-segunda-victoria-y-pedro-acosta-no-puede-rubricar-el-titulo\\\/\",\"name\":\"#Moto2 | Ferm\u00edn Aldeguer suma su segunda victoria y Pedro Acosta no puede rubricar el t\u00edtulo\",\"isPartOf\":{\"@id\":\"https:\\\/\\\/digital58.com.ve\\\/site\\\/#website\"},\"primaryImageOfPage\":{\"@id\":\"https:\\\/\\\/digital58.com.ve\\\/site\\\/2023\\\/10\\\/30\\\/moto2-fermin-aldeguer-suma-su-segunda-victoria-y-pedro-acosta-no-puede-rubricar-el-titulo\\\/#primaryimage\"},\"image\":{\"@id\":\"https:\\\/\\\/digital58.com.ve\\\/site\\\/2023\\\/10\\\/30\\\/moto2-fermin-aldeguer-suma-su-segunda-victoria-y-pedro-acosta-no-puede-rubricar-el-titulo\\\/#primaryimage\"},\"thumbnailUrl\":\"https:\\\/\\\/digital58.com.ve\\\/site\\\/wp-content\\\/uploads\\\/2023\\\/10\\\/Fermin-Aldeguer.jpg\",\"datePublished\":\"2023-10-30T21:23:07+00:00\",\"breadcrumb\":{\"@id\":\"https:\\\/\\\/digital58.com.ve\\\/site\\\/2023\\\/10\\\/30\\\/moto2-fermin-aldeguer-suma-su-segunda-victoria-y-pedro-acosta-no-puede-rubricar-el-titulo\\\/#breadcrumb\"},\"inLanguage\":\"es\",\"potentialAction\":[{\"@type\":\"ReadAction\",\"target\":[\"https:\\\/\\\/digital58.com.ve\\\/site\\\/2023\\\/10\\\/30\\\/moto2-fermin-aldeguer-suma-su-segunda-victoria-y-pedro-acosta-no-puede-rubricar-el-titulo\\\/\"]}]},{\"@type\":\"ImageObject\",\"inLanguage\":\"es\",\"@id\":\"https:\\\/\\\/digital58.com.ve\\\/site\\\/2023\\\/10\\\/30\\\/moto2-fermin-aldeguer-suma-su-segunda-victoria-y-pedro-acosta-no-puede-rubricar-el-titulo\\\/#primaryimage\",\"url\":\"https:\\\/\\\/digital58.com.ve\\\/site\\\/wp-content\\\/uploads\\\/2023\\\/10\\\/Fermin-Aldeguer.jpg\",\"contentUrl\":\"https:\\\/\\\/digital58.com.ve\\\/site\\\/wp-content\\\/uploads\\\/2023\\\/10\\\/Fermin-Aldeguer.jpg\",\"width\":800,\"height\":574,\"caption\":\"Buriram (Thailand), 29\\\/10\\\/2023.- Spanish Moto2 rider Fermin Aldeguer of GT Trevisan SpeedUp celebrates on a podium after winning during the Moto2 race of the Motorcycling Grand Prix of Thailand at Chang International Circuit, Buriram province, Thailand, 29 October 2023. (Motociclismo, Ciclismo, Tailandia) EFE\\\/EPA\\\/RUNGROJ YONGRIT\"},{\"@type\":\"BreadcrumbList\",\"@id\":\"https:\\\/\\\/digital58.com.ve\\\/site\\\/2023\\\/10\\\/30\\\/moto2-fermin-aldeguer-suma-su-segunda-victoria-y-pedro-acosta-no-puede-rubricar-el-titulo\\\/#breadcrumb\",\"itemListElement\":[{\"@type\":\"ListItem\",\"position\":1,\"name\":\"Home\",\"item\":\"https:\\\/\\\/digital58.com.ve\\\/site\\\/\"},{\"@type\":\"ListItem\",\"position\":2,\"name\":\"#Moto2 | Ferm\u00edn Aldeguer suma su segunda victoria y Pedro Acosta no puede rubricar el t\u00edtulo\"}]},{\"@type\":\"WebSite\",\"@id\":\"https:\\\/\\\/digital58.com.ve\\\/site\\\/#website\",\"url\":\"https:\\\/\\\/digital58.com.ve\\\/site\\\/\",\"name\":\"Noticias Digital58\",\"description\":\"Portal de Noticias \u00a1Periodismo web de verdad! Lanzamiento web 22.11.2005 \\\/ Maracaibo, Venezuela\",\"publisher\":{\"@id\":\"https:\\\/\\\/digital58.com.ve\\\/site\\\/#\\\/schema\\\/person\\\/64d1c2e4d0d4fd1b849980c4331c2951\"},\"alternateName\":\"ND58\",\"potentialAction\":[{\"@type\":\"SearchAction\",\"target\":{\"@type\":\"EntryPoint\",\"urlTemplate\":\"https:\\\/\\\/digital58.com.ve\\\/site\\\/?s={search_term_string}\"},\"query-input\":{\"@type\":\"PropertyValueSpecification\",\"valueRequired\":true,\"valueName\":\"search_term_string\"}}],\"inLanguage\":\"es\"},{\"@type\":[\"Person\",\"Organization\"],\"@id\":\"https:\\\/\\\/digital58.com.ve\\\/site\\\/#\\\/schema\\\/person\\\/64d1c2e4d0d4fd1b849980c4331c2951\",\"name\":\"Villasmil Henry\",\"image\":{\"@type\":\"ImageObject\",\"inLanguage\":\"es\",\"@id\":\"https:\\\/\\\/secure.gravatar.com\\\/avatar\\\/bb0c4a2fcb7970138239f7e404ea75757b1b507b28b5ce4c53fbd62d797c5a7c?s=96&d=mm&r=g\",\"url\":\"https:\\\/\\\/secure.gravatar.com\\\/avatar\\\/bb0c4a2fcb7970138239f7e404ea75757b1b507b28b5ce4c53fbd62d797c5a7c?s=96&d=mm&r=g\",\"contentUrl\":\"https:\\\/\\\/secure.gravatar.com\\\/avatar\\\/bb0c4a2fcb7970138239f7e404ea75757b1b507b28b5ce4c53fbd62d797c5a7c?s=96&d=mm&r=g\",\"caption\":\"Villasmil Henry\"},\"logo\":{\"@id\":\"https:\\\/\\\/secure.gravatar.com\\\/avatar\\\/bb0c4a2fcb7970138239f7e404ea75757b1b507b28b5ce4c53fbd62d797c5a7c?s=96&d=mm&r=g\"},\"sameAs\":[\"http:\\\/\\\/www.henryvillasmil.com.ve\",\"https:\\\/\\\/www.instagram.com\\\/villasmilhfoto\\\/\",\"https:\\\/\\\/x.com\\\/https:\\\/\\\/twitter.com\\\/villasmilhfoto\"],\"url\":\"https:\\\/\\\/digital58.com.ve\\\/site\\\/author\\\/droopy_68\\\/\"}]}<\/script>\n<!-- \/ Yoast SEO plugin. -->","yoast_head_json":{"title":"#Moto2 | Ferm\u00edn Aldeguer suma su segunda victoria y Pedro Acosta no puede rubricar el t\u00edtulo","robots":{"index":"index","follow":"follow","max-snippet":"max-snippet:-1","max-image-preview":"max-image-preview:large","max-video-preview":"max-video-preview:-1"},"canonical":"https:\/\/digital58.com.ve\/site\/2023\/10\/30\/moto2-fermin-aldeguer-suma-su-segunda-victoria-y-pedro-acosta-no-puede-rubricar-el-titulo\/","og_locale":"es_ES","og_type":"article","og_title":"#Moto2 | Ferm\u00edn Aldeguer suma su segunda victoria y Pedro Acosta no puede rubricar el t\u00edtulo","og_url":"https:\/\/digital58.com.ve\/site\/2023\/10\/30\/moto2-fermin-aldeguer-suma-su-segunda-victoria-y-pedro-acosta-no-puede-rubricar-el-titulo\/","og_site_name":"Noticias Digital58","article_published_time":"2023-10-30T21:23:07+00:00","og_image":[{"width":800,"height":574,"url":"https:\/\/i0.wp.com\/digital58.com.ve\/site\/wp-content\/uploads\/2023\/10\/Fermin-Aldeguer.jpg?fit=800%2C574&ssl=1","type":"image\/jpeg"}],"author":"Villasmil Henry","twitter_card":"summary_large_image","twitter_creator":"@https:\/\/twitter.com\/villasmilhfoto","twitter_site":"@villasmilhfoto","twitter_misc":{"Escrito por":"Villasmil Henry","Tiempo estimado de lectura":"5 minutos"},"schema":{"@context":"https:\/\/schema.org","@graph":[{"@type":"Article","@id":"https:\/\/digital58.com.ve\/site\/2023\/10\/30\/moto2-fermin-aldeguer-suma-su-segunda-victoria-y-pedro-acosta-no-puede-rubricar-el-titulo\/#article","isPartOf":{"@id":"https:\/\/digital58.com.ve\/site\/2023\/10\/30\/moto2-fermin-aldeguer-suma-su-segunda-victoria-y-pedro-acosta-no-puede-rubricar-el-titulo\/"},"author":{"name":"Villasmil Henry","@id":"https:\/\/digital58.com.ve\/site\/#\/schema\/person\/64d1c2e4d0d4fd1b849980c4331c2951"},"headline":"#Moto2 | Ferm\u00edn Aldeguer suma su segunda victoria y Pedro Acosta no puede rubricar el t\u00edtulo","datePublished":"2023-10-30T21:23:07+00:00","mainEntityOfPage":{"@id":"https:\/\/digital58.com.ve\/site\/2023\/10\/30\/moto2-fermin-aldeguer-suma-su-segunda-victoria-y-pedro-acosta-no-puede-rubricar-el-titulo\/"},"wordCount":1003,"commentCount":0,"publisher":{"@id":"https:\/\/digital58.com.ve\/site\/#\/schema\/person\/64d1c2e4d0d4fd1b849980c4331c2951"},"image":{"@id":"https:\/\/digital58.com.ve\/site\/2023\/10\/30\/moto2-fermin-aldeguer-suma-su-segunda-victoria-y-pedro-acosta-no-puede-rubricar-el-titulo\/#primaryimage"},"thumbnailUrl":"https:\/\/digital58.com.ve\/site\/wp-content\/uploads\/2023\/10\/Fermin-Aldeguer.jpg","keywords":["Boscoscuro","Ferm\u00edn Aldeguer","Gran Premio de Tailandia","Internacionales","Moto2","Moto2 2023","Moto3","Motociclismo","Motociclismo Internacional"],"articleSection":["Deportes"],"inLanguage":"es","potentialAction":[{"@type":"CommentAction","name":"Comment","target":["https:\/\/digital58.com.ve\/site\/2023\/10\/30\/moto2-fermin-aldeguer-suma-su-segunda-victoria-y-pedro-acosta-no-puede-rubricar-el-titulo\/#respond"]}]},{"@type":"WebPage","@id":"https:\/\/digital58.com.ve\/site\/2023\/10\/30\/moto2-fermin-aldeguer-suma-su-segunda-victoria-y-pedro-acosta-no-puede-rubricar-el-titulo\/","url":"https:\/\/digital58.com.ve\/site\/2023\/10\/30\/moto2-fermin-aldeguer-suma-su-segunda-victoria-y-pedro-acosta-no-puede-rubricar-el-titulo\/","name":"#Moto2 | Ferm\u00edn Aldeguer suma su segunda victoria y Pedro Acosta no puede rubricar el t\u00edtulo","isPartOf":{"@id":"https:\/\/digital58.com.ve\/site\/#website"},"primaryImageOfPage":{"@id":"https:\/\/digital58.com.ve\/site\/2023\/10\/30\/moto2-fermin-aldeguer-suma-su-segunda-victoria-y-pedro-acosta-no-puede-rubricar-el-titulo\/#primaryimage"},"image":{"@id":"https:\/\/digital58.com.ve\/site\/2023\/10\/30\/moto2-fermin-aldeguer-suma-su-segunda-victoria-y-pedro-acosta-no-puede-rubricar-el-titulo\/#primaryimage"},"thumbnailUrl":"https:\/\/digital58.com.ve\/site\/wp-content\/uploads\/2023\/10\/Fermin-Aldeguer.jpg","datePublished":"2023-10-30T21:23:07+00:00","breadcrumb":{"@id":"https:\/\/digital58.com.ve\/site\/2023\/10\/30\/moto2-fermin-aldeguer-suma-su-segunda-victoria-y-pedro-acosta-no-puede-rubricar-el-titulo\/#breadcrumb"},"inLanguage":"es","potentialAction":[{"@type":"ReadAction","target":["https:\/\/digital58.com.ve\/site\/2023\/10\/30\/moto2-fermin-aldeguer-suma-su-segunda-victoria-y-pedro-acosta-no-puede-rubricar-el-titulo\/"]}]},{"@type":"ImageObject","inLanguage":"es","@id":"https:\/\/digital58.com.ve\/site\/2023\/10\/30\/moto2-fermin-aldeguer-suma-su-segunda-victoria-y-pedro-acosta-no-puede-rubricar-el-titulo\/#primaryimage","url":"https:\/\/digital58.com.ve\/site\/wp-content\/uploads\/2023\/10\/Fermin-Aldeguer.jpg","contentUrl":"https:\/\/digital58.com.ve\/site\/wp-content\/uploads\/2023\/10\/Fermin-Aldeguer.jpg","width":800,"height":574,"caption":"Buriram (Thailand), 29\/10\/2023.- Spanish Moto2 rider Fermin Aldeguer of GT Trevisan SpeedUp celebrates on a podium after winning during the Moto2 race of the Motorcycling Grand Prix of Thailand at Chang International Circuit, Buriram province, Thailand, 29 October 2023. (Motociclismo, Ciclismo, Tailandia) EFE\/EPA\/RUNGROJ YONGRIT"},{"@type":"BreadcrumbList","@id":"https:\/\/digital58.com.ve\/site\/2023\/10\/30\/moto2-fermin-aldeguer-suma-su-segunda-victoria-y-pedro-acosta-no-puede-rubricar-el-titulo\/#breadcrumb","itemListElement":[{"@type":"ListItem","position":1,"name":"Home","item":"https:\/\/digital58.com.ve\/site\/"},{"@type":"ListItem","position":2,"name":"#Moto2 | Ferm\u00edn Aldeguer suma su segunda victoria y Pedro Acosta no puede rubricar el t\u00edtulo"}]},{"@type":"WebSite","@id":"https:\/\/digital58.com.ve\/site\/#website","url":"https:\/\/digital58.com.ve\/site\/","name":"Noticias Digital58","description":"Portal de Noticias \u00a1Periodismo web de verdad! Lanzamiento web 22.11.2005 \/ Maracaibo, Venezuela","publisher":{"@id":"https:\/\/digital58.com.ve\/site\/#\/schema\/person\/64d1c2e4d0d4fd1b849980c4331c2951"},"alternateName":"ND58","potentialAction":[{"@type":"SearchAction","target":{"@type":"EntryPoint","urlTemplate":"https:\/\/digital58.com.ve\/site\/?s={search_term_string}"},"query-input":{"@type":"PropertyValueSpecification","valueRequired":true,"valueName":"search_term_string"}}],"inLanguage":"es"},{"@type":["Person","Organization"],"@id":"https:\/\/digital58.com.ve\/site\/#\/schema\/person\/64d1c2e4d0d4fd1b849980c4331c2951","name":"Villasmil Henry","image":{"@type":"ImageObject","inLanguage":"es","@id":"https:\/\/secure.gravatar.com\/avatar\/bb0c4a2fcb7970138239f7e404ea75757b1b507b28b5ce4c53fbd62d797c5a7c?s=96&d=mm&r=g","url":"https:\/\/secure.gravatar.com\/avatar\/bb0c4a2fcb7970138239f7e404ea75757b1b507b28b5ce4c53fbd62d797c5a7c?s=96&d=mm&r=g","contentUrl":"https:\/\/secure.gravatar.com\/avatar\/bb0c4a2fcb7970138239f7e404ea75757b1b507b28b5ce4c53fbd62d797c5a7c?s=96&d=mm&r=g","caption":"Villasmil Henry"},"logo":{"@id":"https:\/\/secure.gravatar.com\/avatar\/bb0c4a2fcb7970138239f7e404ea75757b1b507b28b5ce4c53fbd62d797c5a7c?s=96&d=mm&r=g"},"sameAs":["http:\/\/www.henryvillasmil.com.ve","https:\/\/www.instagram.com\/villasmilhfoto\/","https:\/\/x.com\/https:\/\/twitter.com\/villasmilhfoto"],"url":"https:\/\/digital58.com.ve\/site\/author\/droopy_68\/"}]}},"uagb_featured_image_src":{"full":["https:\/\/digital58.com.ve\/site\/wp-content\/uploads\/2023\/10\/Fermin-Aldeguer.jpg",800,574,false],"thumbnail":["https:\/\/digital58.com.ve\/site\/wp-content\/uploads\/2023\/10\/Fermin-Aldeguer-150x150.jpg",150,150,true],"medium":["https:\/\/digital58.com.ve\/site\/wp-content\/uploads\/2023\/10\/Fermin-Aldeguer-300x215.jpg",300,215,true],"medium_large":["https:\/\/digital58.com.ve\/site\/wp-content\/uploads\/2023\/10\/Fermin-Aldeguer-768x551.jpg",768,551,true],"large":["https:\/\/digital58.com.ve\/site\/wp-content\/uploads\/2023\/10\/Fermin-Aldeguer.jpg",800,574,false],"1536x1536":["https:\/\/digital58.com.ve\/site\/wp-content\/uploads\/2023\/10\/Fermin-Aldeguer.jpg",800,574,false],"2048x2048":["https:\/\/digital58.com.ve\/site\/wp-content\/uploads\/2023\/10\/Fermin-Aldeguer.jpg",800,574,false],"colormag-highlighted-post":["https:\/\/digital58.com.ve\/site\/wp-content\/uploads\/2023\/10\/Fermin-Aldeguer-392x272.jpg",392,272,true],"colormag-featured-post-medium":["https:\/\/digital58.com.ve\/site\/wp-content\/uploads\/2023\/10\/Fermin-Aldeguer-390x205.jpg",390,205,true],"colormag-featured-post-small":["https:\/\/digital58.com.ve\/site\/wp-content\/uploads\/2023\/10\/Fermin-Aldeguer-130x90.jpg",130,90,true],"colormag-featured-image":["https:\/\/digital58.com.ve\/site\/wp-content\/uploads\/2023\/10\/Fermin-Aldeguer-800x445.jpg",800,445,true],"colormag-default-news":["https:\/\/digital58.com.ve\/site\/wp-content\/uploads\/2023\/10\/Fermin-Aldeguer-150x150.jpg",150,150,true],"colormag-featured-image-large":["https:\/\/digital58.com.ve\/site\/wp-content\/uploads\/2023\/10\/Fermin-Aldeguer.jpg",800,574,false]},"uagb_author_info":{"display_name":"Villasmil Henry","author_link":"https:\/\/digital58.com.ve\/site\/author\/droopy_68\/"},"uagb_comment_info":0,"uagb_excerpt":"El espa\u00f1ol consigui\u00f3 la victoria por delante del tambi\u00e9n espa\u00f1ol Pedro Acosta (Kalex) y del \u00eddolo local tailand\u00e9s, Somkiat Chantra","_links":{"self":[{"href":"https:\/\/digital58.com.ve\/site\/wp-json\/wp\/v2\/posts\/171887","targetHints":{"allow":["GET"]}}],"collection":[{"href":"https:\/\/digital58.com.ve\/site\/wp-json\/wp\/v2\/posts"}],"about":[{"href":"https:\/\/digital58.com.ve\/site\/wp-json\/wp\/v2\/types\/post"}],"author":[{"embeddable":true,"href":"https:\/\/digital58.com.ve\/site\/wp-json\/wp\/v2\/users\/1"}],"replies":[{"embeddable":true,"href":"https:\/\/digital58.com.ve\/site\/wp-json\/wp\/v2\/comments?post=171887"}],"version-history":[{"count":1,"href":"https:\/\/digital58.com.ve\/site\/wp-json\/wp\/v2\/posts\/171887\/revisions"}],"predecessor-version":[{"id":171890,"href":"https:\/\/digital58.com.ve\/site\/wp-json\/wp\/v2\/posts\/171887\/revisions\/171890"}],"wp:featuredmedia":[{"embeddable":true,"href":"https:\/\/digital58.com.ve\/site\/wp-json\/wp\/v2\/media\/171889"}],"wp:attachment":[{"href":"https:\/\/digital58.com.ve\/site\/wp-json\/wp\/v2\/media?parent=171887"}],"wp:term":[{"taxonomy":"category","embeddable":true,"href":"https:\/\/digital58.com.ve\/site\/wp-json\/wp\/v2\/categories?post=171887"},{"taxonomy":"post_tag","embeddable":true,"href":"https:\/\/digital58.com.ve\/site\/wp-json\/wp\/v2\/tags?post=171887"}],"curies":[{"name":"wp","href":"https:\/\/api.w.org\/{rel}","templated":true}]}}