{"id":172378,"date":"2023-11-10T11:11:30","date_gmt":"2023-11-10T15:11:30","guid":{"rendered":"https:\/\/digital58.com.ve\/site\/?p=172378"},"modified":"2023-11-10T12:42:19","modified_gmt":"2023-11-10T16:42:19","slug":"zulia-miles-de-jovenes-avivan-la-fe-en-machiques-guajira-mara-y-cabimas-por-la-celebracion-del-enajo","status":"publish","type":"post","link":"https:\/\/digital58.com.ve\/site\/2023\/11\/10\/zulia-miles-de-jovenes-avivan-la-fe-en-machiques-guajira-mara-y-cabimas-por-la-celebracion-del-enajo\/","title":{"rendered":"#Zulia | Miles de j\u00f3venes avivan la fe en Machiques, Guajira, Mara y Cabimas por la celebraci\u00f3n del Enaj\u00f3"},"content":{"rendered":"<p><a href=\"https:\/\/digital58.com.ve\/site\/wp-content\/uploads\/2023\/11\/enajo-2.jpg\"><img loading=\"lazy\" decoding=\"async\" class=\"aligncenter size-full wp-image-172381\" src=\"https:\/\/digital58.com.ve\/site\/wp-content\/uploads\/2023\/11\/enajo-2.jpg\" alt=\"\" width=\"800\" height=\"600\" srcset=\"https:\/\/digital58.com.ve\/site\/wp-content\/uploads\/2023\/11\/enajo-2.jpg 800w, https:\/\/digital58.com.ve\/site\/wp-content\/uploads\/2023\/11\/enajo-2-300x225.jpg 300w, https:\/\/digital58.com.ve\/site\/wp-content\/uploads\/2023\/11\/enajo-2-768x576.jpg 768w\" sizes=\"auto, (max-width: 800px) 100vw, 800px\" \/><\/a><\/p>\n<p>La clausura del Enaj\u00f3 se desarrollar\u00e1 el s\u00e1bado 11 desde en el Estadio Ol\u00edmpico Jos\u00e9 Encarnaci\u00f3n \u00abPachencho\u00bb Romero desde las 3:00 p.m. Una docena de bandas, m\u00e1s de 120 bailarines, unos 100 sacerdotes, 10 escuelas de danzas y el mensaje del Papa Francisco amenizar\u00e1n al menos dos horas de evento que se har\u00e1 a puertas abiertas a toda la zulianidad.<\/p>\n<p><strong>Maracaibo, Zulia, Venezuela, 10 de noviembre de 2023 (ND58).-<\/strong> Machiques, Guajira, Mara y Cabimas se llenaron de alegr\u00eda desde el mi\u00e9rcoles 8 de noviembre tras recibir a miles de peregrinos para la celebraci\u00f3n del V Encuentro Nacional de J\u00f3venes (Enaj\u00f3), una fiesta de fe que acoger\u00e1 la Provincia de Maracaibo hasta el pr\u00f3ximo domingo.<\/p>\n<p><a href=\"https:\/\/digital58.com.ve\/site\/wp-content\/uploads\/2023\/11\/enajo-1.jpg\"><img loading=\"lazy\" decoding=\"async\" class=\"aligncenter size-full wp-image-172382\" src=\"https:\/\/digital58.com.ve\/site\/wp-content\/uploads\/2023\/11\/enajo-1.jpg\" alt=\"\" width=\"800\" height=\"600\" srcset=\"https:\/\/digital58.com.ve\/site\/wp-content\/uploads\/2023\/11\/enajo-1.jpg 800w, https:\/\/digital58.com.ve\/site\/wp-content\/uploads\/2023\/11\/enajo-1-300x225.jpg 300w, https:\/\/digital58.com.ve\/site\/wp-content\/uploads\/2023\/11\/enajo-1-768x576.jpg 768w\" sizes=\"auto, (max-width: 800px) 100vw, 800px\" \/><\/a><\/p>\n<p>Desde su llegada a las entidades zulianas, los j\u00f3venes disfrutaron de una calurosa bienvenida de parte de las distintas instancias. Fue as\u00ed como la m\u00fasica, las danzas nacionalistas y los distintos gestos de acogida, marcaron la jornada que tambi\u00e9n contaron con catequesis, actividades deportivas y agasajos de bienvenida.<\/p>\n<p>La fe tambi\u00e9n se aviv\u00f3 ayer, jueves 9, cuando los visitantes realizaron jornadas ecol\u00f3gicas en Machiques y Guajira, as\u00ed como actividades deportivas y evangelizadoras en Mara y Juana. Mientras que en Cabimas se desarrollaron presentaciones culturales y la celebraci\u00f3n de la Misa.<\/p>\n<p><a href=\"https:\/\/digital58.com.ve\/site\/wp-content\/uploads\/2023\/11\/enajo-3.jpg\"><img loading=\"lazy\" decoding=\"async\" class=\"aligncenter size-full wp-image-172380\" src=\"https:\/\/digital58.com.ve\/site\/wp-content\/uploads\/2023\/11\/enajo-3.jpg\" alt=\"\" width=\"800\" height=\"534\" srcset=\"https:\/\/digital58.com.ve\/site\/wp-content\/uploads\/2023\/11\/enajo-3.jpg 800w, https:\/\/digital58.com.ve\/site\/wp-content\/uploads\/2023\/11\/enajo-3-300x200.jpg 300w, https:\/\/digital58.com.ve\/site\/wp-content\/uploads\/2023\/11\/enajo-3-768x513.jpg 768w\" sizes=\"auto, (max-width: 800px) 100vw, 800px\" \/><\/a><\/p>\n<p>Hoy los j\u00f3venes partir\u00e1n de las di\u00f3cesis hasta Maracaibo, donde ser\u00e1n recibidos por las distintas parroquias, escuelas y congregaciones para ser trasladados a las 3:00 p.m. a la Vereda del Lago de donde partir\u00e1 una caminata hasta la Bas\u00edlica de Nuestra Se\u00f1ora del Rosario de Chiquinquir\u00e1 e Iglesia de San Juan de Dios. Al llegar al santuario mariano, los peregrinos ser\u00e1n bendecidos por la Reina Morena.<\/p>\n<p>Desde el santuario mariano se vivir\u00e1n distintos momentos de animaci\u00f3n y oraci\u00f3n, como la Feria Vocacional, el Festival de la Juventud y la puesta en escena de bandas religiosas y grupos gaiteros.<\/p>\n<p>\u00abNuestros j\u00f3venes est\u00e1n s\u00faper animados y las parroquias organiz\u00e1ndose para recibir a los peregrinos. Entonces este ha sido un encuentro que ha despertado a la Iglesia maracaibera y la ha puesto en com\u00fan en un lugar, una fecha, una hora para que todos coincidamos y celebremos la fe\u00bb, refiri\u00f3 el presb\u00edtero Dainer Prieto, asesor de la Pastoral Juvenil (PJ) y p\u00e1rroco de la Iglesia San Juan Bosco.<\/p>\n<p><a href=\"https:\/\/digital58.com.ve\/site\/wp-content\/uploads\/2023\/11\/enajo-4.jpg\"><img loading=\"lazy\" decoding=\"async\" class=\"aligncenter size-full wp-image-172379\" src=\"https:\/\/digital58.com.ve\/site\/wp-content\/uploads\/2023\/11\/enajo-4.jpg\" alt=\"\" width=\"800\" height=\"534\" srcset=\"https:\/\/digital58.com.ve\/site\/wp-content\/uploads\/2023\/11\/enajo-4.jpg 800w, https:\/\/digital58.com.ve\/site\/wp-content\/uploads\/2023\/11\/enajo-4-300x200.jpg 300w, https:\/\/digital58.com.ve\/site\/wp-content\/uploads\/2023\/11\/enajo-4-768x513.jpg 768w\" sizes=\"auto, (max-width: 800px) 100vw, 800px\" \/><\/a><\/p>\n<p>Este segundo d\u00eda de actos centrales en Maracaibo finalizar\u00e1 con el anuncio de la sede del VI Enaj\u00f3, la bendici\u00f3n de La Chinita y la celebraci\u00f3n de la Santa Eucarist\u00eda que ser\u00e1 escuchada por aproximadamente 10 mil personas.<\/p>\n<p>\u00abTodos nos vamos el 11 de noviembre al \u00abPachencho\u00bb para gritar que Jesucristo est\u00e1 en nuestros corazones y que estamos confiando como Mar\u00eda en el Se\u00f1or\u00bb, sum\u00f3 el presb\u00edtero, al tiempo que les record\u00f3 a los peregrinos que el Enaj\u00f3 les dejar\u00e1 una experiencia de un encuentro con Cristo, eterno joven.<\/p>\n<p><strong>Redacci\u00f3n ND58 | Fuente: Robert Ar\u00e1mbulo<\/strong><br \/>\n<strong>Edici\u00f3n: Villasmil, Henry<\/strong><br \/>\n<strong>Gr\u00e1ficas: Cortes\u00eda<\/strong><\/p>\n<p>&nbsp;<\/p>\n<p>&nbsp;<\/p>\n<p>&nbsp;<\/p>\n<p>&nbsp;<\/p><div class=\"fbtqw69ec670277d29\" ><p style=\"text-align: center;\"><a href=\"https:\/\/t.me\/noticiasdigital58\" target=\"_blank\" rel=\"noopener\"><img class=\"aligncenter size-full wp-image-125363\" src=\"https:\/\/digital58.com.ve\/site\/wp-content\/uploads\/2021\/04\/banner-telegram-web-2021.png\" alt=\"\" width=\"600\" height=\"90\" \/><\/a><\/p><\/div><style type=\"text\/css\">\r\n@media screen and (min-width: 1201px) {\r\n.fbtqw69ec670277d29 {\r\ndisplay: block;\r\n}\r\n}\r\n@media screen and (min-width: 993px) and (max-width: 1200px) {\r\n.fbtqw69ec670277d29 {\r\ndisplay: block;\r\n}\r\n}\r\n@media screen and (min-width: 769px) and (max-width: 992px) {\r\n.fbtqw69ec670277d29 {\r\ndisplay: block;\r\n}\r\n}\r\n@media screen and (min-width: 768px) and (max-width: 768px) {\r\n.fbtqw69ec670277d29 {\r\ndisplay: block;\r\n}\r\n}\r\n@media screen and (max-width: 767px) {\r\n.fbtqw69ec670277d29 {\r\ndisplay: block;\r\n}\r\n}\r\n<\/style>\r\n\n<p>&nbsp;<\/p>\n<div style=\"margin-top: 0px; margin-bottom: 0px;\" class=\"sharethis-inline-share-buttons\" ><\/div>","protected":false},"excerpt":{"rendered":"<p>La clausura del Enaj\u00f3 se desarrollar\u00e1 el s\u00e1bado 11 desde en el Estadio Ol\u00edmpico Jos\u00e9 Encarnaci\u00f3n \u00abPachencho\u00bb Romero desde las<\/p>\n","protected":false},"author":1,"featured_media":172380,"comment_status":"open","ping_status":"closed","sticky":false,"template":"","format":"standard","meta":{"colormag_page_container_layout":"default_layout","colormag_page_sidebar_layout":"default_layout","_uag_custom_page_level_css":"","footnotes":""},"categories":[14504],"tags":[4280,32758,32759,13791,1692,16898,13973,233,2354,32],"class_list":["post-172378","post","type-post","status-publish","format-standard","has-post-thumbnail","hentry","category-zulia","tag-cabimas","tag-enajo","tag-encuentro-nacional-de-jovenes","tag-guajira","tag-iglesia-catolica","tag-machiques","tag-mara","tag-nacionales","tag-regionales","tag-venezuela"],"yoast_head":"<!-- This site is optimized with the Yoast SEO plugin v27.4 - https:\/\/yoast.com\/product\/yoast-seo-wordpress\/ -->\n<title>#Zulia | Miles de j\u00f3venes avivan la fe en Machiques, Guajira, Mara y Cabimas por la celebraci\u00f3n del Enaj\u00f3<\/title>\n<meta name=\"robots\" content=\"index, follow, max-snippet:-1, max-image-preview:large, max-video-preview:-1\" \/>\n<link rel=\"canonical\" href=\"https:\/\/digital58.com.ve\/site\/2023\/11\/10\/zulia-miles-de-jovenes-avivan-la-fe-en-machiques-guajira-mara-y-cabimas-por-la-celebracion-del-enajo\/\" \/>\n<meta property=\"og:locale\" content=\"es_ES\" \/>\n<meta property=\"og:type\" content=\"article\" \/>\n<meta property=\"og:title\" content=\"#Zulia | Miles de j\u00f3venes avivan la fe en Machiques, Guajira, Mara y Cabimas por la celebraci\u00f3n del Enaj\u00f3\" \/>\n<meta property=\"og:url\" content=\"https:\/\/digital58.com.ve\/site\/2023\/11\/10\/zulia-miles-de-jovenes-avivan-la-fe-en-machiques-guajira-mara-y-cabimas-por-la-celebracion-del-enajo\/\" \/>\n<meta property=\"og:site_name\" content=\"Noticias Digital58\" \/>\n<meta property=\"article:published_time\" content=\"2023-11-10T15:11:30+00:00\" \/>\n<meta property=\"article:modified_time\" content=\"2023-11-10T16:42:19+00:00\" \/>\n<meta property=\"og:image\" content=\"https:\/\/i0.wp.com\/digital58.com.ve\/site\/wp-content\/uploads\/2023\/11\/enajo-3.jpg?fit=800%2C534&ssl=1\" \/>\n\t<meta property=\"og:image:width\" content=\"800\" \/>\n\t<meta property=\"og:image:height\" content=\"534\" \/>\n\t<meta property=\"og:image:type\" content=\"image\/jpeg\" \/>\n<meta name=\"author\" content=\"Villasmil Henry\" \/>\n<meta name=\"twitter:card\" content=\"summary_large_image\" \/>\n<meta name=\"twitter:creator\" content=\"@https:\/\/twitter.com\/villasmilhfoto\" \/>\n<meta name=\"twitter:site\" content=\"@villasmilhfoto\" \/>\n<meta name=\"twitter:label1\" content=\"Escrito por\" \/>\n\t<meta name=\"twitter:data1\" content=\"Villasmil Henry\" \/>\n\t<meta name=\"twitter:label2\" content=\"Tiempo estimado de lectura\" \/>\n\t<meta name=\"twitter:data2\" content=\"3 minutos\" \/>\n<script type=\"application\/ld+json\" class=\"yoast-schema-graph\">{\"@context\":\"https:\\\/\\\/schema.org\",\"@graph\":[{\"@type\":\"Article\",\"@id\":\"https:\\\/\\\/digital58.com.ve\\\/site\\\/2023\\\/11\\\/10\\\/zulia-miles-de-jovenes-avivan-la-fe-en-machiques-guajira-mara-y-cabimas-por-la-celebracion-del-enajo\\\/#article\",\"isPartOf\":{\"@id\":\"https:\\\/\\\/digital58.com.ve\\\/site\\\/2023\\\/11\\\/10\\\/zulia-miles-de-jovenes-avivan-la-fe-en-machiques-guajira-mara-y-cabimas-por-la-celebracion-del-enajo\\\/\"},\"author\":{\"name\":\"Villasmil Henry\",\"@id\":\"https:\\\/\\\/digital58.com.ve\\\/site\\\/#\\\/schema\\\/person\\\/64d1c2e4d0d4fd1b849980c4331c2951\"},\"headline\":\"#Zulia | Miles de j\u00f3venes avivan la fe en Machiques, Guajira, Mara y Cabimas por la celebraci\u00f3n del Enaj\u00f3\",\"datePublished\":\"2023-11-10T15:11:30+00:00\",\"dateModified\":\"2023-11-10T16:42:19+00:00\",\"mainEntityOfPage\":{\"@id\":\"https:\\\/\\\/digital58.com.ve\\\/site\\\/2023\\\/11\\\/10\\\/zulia-miles-de-jovenes-avivan-la-fe-en-machiques-guajira-mara-y-cabimas-por-la-celebracion-del-enajo\\\/\"},\"wordCount\":529,\"commentCount\":0,\"publisher\":{\"@id\":\"https:\\\/\\\/digital58.com.ve\\\/site\\\/#\\\/schema\\\/person\\\/64d1c2e4d0d4fd1b849980c4331c2951\"},\"image\":{\"@id\":\"https:\\\/\\\/digital58.com.ve\\\/site\\\/2023\\\/11\\\/10\\\/zulia-miles-de-jovenes-avivan-la-fe-en-machiques-guajira-mara-y-cabimas-por-la-celebracion-del-enajo\\\/#primaryimage\"},\"thumbnailUrl\":\"https:\\\/\\\/digital58.com.ve\\\/site\\\/wp-content\\\/uploads\\\/2023\\\/11\\\/enajo-3.jpg\",\"keywords\":[\"Cabimas\",\"Enaj\u00f3\",\"Encuentro Nacional de J\u00f3venes\",\"Guajira\",\"Iglesia Cat\u00f3lica\",\"Machiques\",\"Mara\",\"Nacionales\",\"Regionales\",\"Venezuela\"],\"articleSection\":[\"Zulia\"],\"inLanguage\":\"es\",\"potentialAction\":[{\"@type\":\"CommentAction\",\"name\":\"Comment\",\"target\":[\"https:\\\/\\\/digital58.com.ve\\\/site\\\/2023\\\/11\\\/10\\\/zulia-miles-de-jovenes-avivan-la-fe-en-machiques-guajira-mara-y-cabimas-por-la-celebracion-del-enajo\\\/#respond\"]}]},{\"@type\":\"WebPage\",\"@id\":\"https:\\\/\\\/digital58.com.ve\\\/site\\\/2023\\\/11\\\/10\\\/zulia-miles-de-jovenes-avivan-la-fe-en-machiques-guajira-mara-y-cabimas-por-la-celebracion-del-enajo\\\/\",\"url\":\"https:\\\/\\\/digital58.com.ve\\\/site\\\/2023\\\/11\\\/10\\\/zulia-miles-de-jovenes-avivan-la-fe-en-machiques-guajira-mara-y-cabimas-por-la-celebracion-del-enajo\\\/\",\"name\":\"#Zulia | Miles de j\u00f3venes avivan la fe en Machiques, Guajira, Mara y Cabimas por la celebraci\u00f3n del Enaj\u00f3\",\"isPartOf\":{\"@id\":\"https:\\\/\\\/digital58.com.ve\\\/site\\\/#website\"},\"primaryImageOfPage\":{\"@id\":\"https:\\\/\\\/digital58.com.ve\\\/site\\\/2023\\\/11\\\/10\\\/zulia-miles-de-jovenes-avivan-la-fe-en-machiques-guajira-mara-y-cabimas-por-la-celebracion-del-enajo\\\/#primaryimage\"},\"image\":{\"@id\":\"https:\\\/\\\/digital58.com.ve\\\/site\\\/2023\\\/11\\\/10\\\/zulia-miles-de-jovenes-avivan-la-fe-en-machiques-guajira-mara-y-cabimas-por-la-celebracion-del-enajo\\\/#primaryimage\"},\"thumbnailUrl\":\"https:\\\/\\\/digital58.com.ve\\\/site\\\/wp-content\\\/uploads\\\/2023\\\/11\\\/enajo-3.jpg\",\"datePublished\":\"2023-11-10T15:11:30+00:00\",\"dateModified\":\"2023-11-10T16:42:19+00:00\",\"breadcrumb\":{\"@id\":\"https:\\\/\\\/digital58.com.ve\\\/site\\\/2023\\\/11\\\/10\\\/zulia-miles-de-jovenes-avivan-la-fe-en-machiques-guajira-mara-y-cabimas-por-la-celebracion-del-enajo\\\/#breadcrumb\"},\"inLanguage\":\"es\",\"potentialAction\":[{\"@type\":\"ReadAction\",\"target\":[\"https:\\\/\\\/digital58.com.ve\\\/site\\\/2023\\\/11\\\/10\\\/zulia-miles-de-jovenes-avivan-la-fe-en-machiques-guajira-mara-y-cabimas-por-la-celebracion-del-enajo\\\/\"]}]},{\"@type\":\"ImageObject\",\"inLanguage\":\"es\",\"@id\":\"https:\\\/\\\/digital58.com.ve\\\/site\\\/2023\\\/11\\\/10\\\/zulia-miles-de-jovenes-avivan-la-fe-en-machiques-guajira-mara-y-cabimas-por-la-celebracion-del-enajo\\\/#primaryimage\",\"url\":\"https:\\\/\\\/digital58.com.ve\\\/site\\\/wp-content\\\/uploads\\\/2023\\\/11\\\/enajo-3.jpg\",\"contentUrl\":\"https:\\\/\\\/digital58.com.ve\\\/site\\\/wp-content\\\/uploads\\\/2023\\\/11\\\/enajo-3.jpg\",\"width\":800,\"height\":534},{\"@type\":\"BreadcrumbList\",\"@id\":\"https:\\\/\\\/digital58.com.ve\\\/site\\\/2023\\\/11\\\/10\\\/zulia-miles-de-jovenes-avivan-la-fe-en-machiques-guajira-mara-y-cabimas-por-la-celebracion-del-enajo\\\/#breadcrumb\",\"itemListElement\":[{\"@type\":\"ListItem\",\"position\":1,\"name\":\"Home\",\"item\":\"https:\\\/\\\/digital58.com.ve\\\/site\\\/\"},{\"@type\":\"ListItem\",\"position\":2,\"name\":\"#Zulia | Miles de j\u00f3venes avivan la fe en Machiques, Guajira, Mara y Cabimas por la celebraci\u00f3n del Enaj\u00f3\"}]},{\"@type\":\"WebSite\",\"@id\":\"https:\\\/\\\/digital58.com.ve\\\/site\\\/#website\",\"url\":\"https:\\\/\\\/digital58.com.ve\\\/site\\\/\",\"name\":\"Noticias Digital58\",\"description\":\"Portal de Noticias \u00a1Periodismo web de verdad! Lanzamiento web 22.11.2005 \\\/ Maracaibo, Venezuela\",\"publisher\":{\"@id\":\"https:\\\/\\\/digital58.com.ve\\\/site\\\/#\\\/schema\\\/person\\\/64d1c2e4d0d4fd1b849980c4331c2951\"},\"alternateName\":\"ND58\",\"potentialAction\":[{\"@type\":\"SearchAction\",\"target\":{\"@type\":\"EntryPoint\",\"urlTemplate\":\"https:\\\/\\\/digital58.com.ve\\\/site\\\/?s={search_term_string}\"},\"query-input\":{\"@type\":\"PropertyValueSpecification\",\"valueRequired\":true,\"valueName\":\"search_term_string\"}}],\"inLanguage\":\"es\"},{\"@type\":[\"Person\",\"Organization\"],\"@id\":\"https:\\\/\\\/digital58.com.ve\\\/site\\\/#\\\/schema\\\/person\\\/64d1c2e4d0d4fd1b849980c4331c2951\",\"name\":\"Villasmil Henry\",\"image\":{\"@type\":\"ImageObject\",\"inLanguage\":\"es\",\"@id\":\"https:\\\/\\\/secure.gravatar.com\\\/avatar\\\/bb0c4a2fcb7970138239f7e404ea75757b1b507b28b5ce4c53fbd62d797c5a7c?s=96&d=mm&r=g\",\"url\":\"https:\\\/\\\/secure.gravatar.com\\\/avatar\\\/bb0c4a2fcb7970138239f7e404ea75757b1b507b28b5ce4c53fbd62d797c5a7c?s=96&d=mm&r=g\",\"contentUrl\":\"https:\\\/\\\/secure.gravatar.com\\\/avatar\\\/bb0c4a2fcb7970138239f7e404ea75757b1b507b28b5ce4c53fbd62d797c5a7c?s=96&d=mm&r=g\",\"caption\":\"Villasmil Henry\"},\"logo\":{\"@id\":\"https:\\\/\\\/secure.gravatar.com\\\/avatar\\\/bb0c4a2fcb7970138239f7e404ea75757b1b507b28b5ce4c53fbd62d797c5a7c?s=96&d=mm&r=g\"},\"sameAs\":[\"http:\\\/\\\/www.henryvillasmil.com.ve\",\"https:\\\/\\\/www.instagram.com\\\/villasmilhfoto\\\/\",\"https:\\\/\\\/x.com\\\/https:\\\/\\\/twitter.com\\\/villasmilhfoto\"],\"url\":\"https:\\\/\\\/digital58.com.ve\\\/site\\\/author\\\/droopy_68\\\/\"}]}<\/script>\n<!-- \/ Yoast SEO plugin. -->","yoast_head_json":{"title":"#Zulia | Miles de j\u00f3venes avivan la fe en Machiques, Guajira, Mara y Cabimas por la celebraci\u00f3n del Enaj\u00f3","robots":{"index":"index","follow":"follow","max-snippet":"max-snippet:-1","max-image-preview":"max-image-preview:large","max-video-preview":"max-video-preview:-1"},"canonical":"https:\/\/digital58.com.ve\/site\/2023\/11\/10\/zulia-miles-de-jovenes-avivan-la-fe-en-machiques-guajira-mara-y-cabimas-por-la-celebracion-del-enajo\/","og_locale":"es_ES","og_type":"article","og_title":"#Zulia | Miles de j\u00f3venes avivan la fe en Machiques, Guajira, Mara y Cabimas por la celebraci\u00f3n del Enaj\u00f3","og_url":"https:\/\/digital58.com.ve\/site\/2023\/11\/10\/zulia-miles-de-jovenes-avivan-la-fe-en-machiques-guajira-mara-y-cabimas-por-la-celebracion-del-enajo\/","og_site_name":"Noticias Digital58","article_published_time":"2023-11-10T15:11:30+00:00","article_modified_time":"2023-11-10T16:42:19+00:00","og_image":[{"width":800,"height":534,"url":"https:\/\/i0.wp.com\/digital58.com.ve\/site\/wp-content\/uploads\/2023\/11\/enajo-3.jpg?fit=800%2C534&ssl=1","type":"image\/jpeg"}],"author":"Villasmil Henry","twitter_card":"summary_large_image","twitter_creator":"@https:\/\/twitter.com\/villasmilhfoto","twitter_site":"@villasmilhfoto","twitter_misc":{"Escrito por":"Villasmil Henry","Tiempo estimado de lectura":"3 minutos"},"schema":{"@context":"https:\/\/schema.org","@graph":[{"@type":"Article","@id":"https:\/\/digital58.com.ve\/site\/2023\/11\/10\/zulia-miles-de-jovenes-avivan-la-fe-en-machiques-guajira-mara-y-cabimas-por-la-celebracion-del-enajo\/#article","isPartOf":{"@id":"https:\/\/digital58.com.ve\/site\/2023\/11\/10\/zulia-miles-de-jovenes-avivan-la-fe-en-machiques-guajira-mara-y-cabimas-por-la-celebracion-del-enajo\/"},"author":{"name":"Villasmil Henry","@id":"https:\/\/digital58.com.ve\/site\/#\/schema\/person\/64d1c2e4d0d4fd1b849980c4331c2951"},"headline":"#Zulia | Miles de j\u00f3venes avivan la fe en Machiques, Guajira, Mara y Cabimas por la celebraci\u00f3n del Enaj\u00f3","datePublished":"2023-11-10T15:11:30+00:00","dateModified":"2023-11-10T16:42:19+00:00","mainEntityOfPage":{"@id":"https:\/\/digital58.com.ve\/site\/2023\/11\/10\/zulia-miles-de-jovenes-avivan-la-fe-en-machiques-guajira-mara-y-cabimas-por-la-celebracion-del-enajo\/"},"wordCount":529,"commentCount":0,"publisher":{"@id":"https:\/\/digital58.com.ve\/site\/#\/schema\/person\/64d1c2e4d0d4fd1b849980c4331c2951"},"image":{"@id":"https:\/\/digital58.com.ve\/site\/2023\/11\/10\/zulia-miles-de-jovenes-avivan-la-fe-en-machiques-guajira-mara-y-cabimas-por-la-celebracion-del-enajo\/#primaryimage"},"thumbnailUrl":"https:\/\/digital58.com.ve\/site\/wp-content\/uploads\/2023\/11\/enajo-3.jpg","keywords":["Cabimas","Enaj\u00f3","Encuentro Nacional de J\u00f3venes","Guajira","Iglesia Cat\u00f3lica","Machiques","Mara","Nacionales","Regionales","Venezuela"],"articleSection":["Zulia"],"inLanguage":"es","potentialAction":[{"@type":"CommentAction","name":"Comment","target":["https:\/\/digital58.com.ve\/site\/2023\/11\/10\/zulia-miles-de-jovenes-avivan-la-fe-en-machiques-guajira-mara-y-cabimas-por-la-celebracion-del-enajo\/#respond"]}]},{"@type":"WebPage","@id":"https:\/\/digital58.com.ve\/site\/2023\/11\/10\/zulia-miles-de-jovenes-avivan-la-fe-en-machiques-guajira-mara-y-cabimas-por-la-celebracion-del-enajo\/","url":"https:\/\/digital58.com.ve\/site\/2023\/11\/10\/zulia-miles-de-jovenes-avivan-la-fe-en-machiques-guajira-mara-y-cabimas-por-la-celebracion-del-enajo\/","name":"#Zulia | Miles de j\u00f3venes avivan la fe en Machiques, Guajira, Mara y Cabimas por la celebraci\u00f3n del Enaj\u00f3","isPartOf":{"@id":"https:\/\/digital58.com.ve\/site\/#website"},"primaryImageOfPage":{"@id":"https:\/\/digital58.com.ve\/site\/2023\/11\/10\/zulia-miles-de-jovenes-avivan-la-fe-en-machiques-guajira-mara-y-cabimas-por-la-celebracion-del-enajo\/#primaryimage"},"image":{"@id":"https:\/\/digital58.com.ve\/site\/2023\/11\/10\/zulia-miles-de-jovenes-avivan-la-fe-en-machiques-guajira-mara-y-cabimas-por-la-celebracion-del-enajo\/#primaryimage"},"thumbnailUrl":"https:\/\/digital58.com.ve\/site\/wp-content\/uploads\/2023\/11\/enajo-3.jpg","datePublished":"2023-11-10T15:11:30+00:00","dateModified":"2023-11-10T16:42:19+00:00","breadcrumb":{"@id":"https:\/\/digital58.com.ve\/site\/2023\/11\/10\/zulia-miles-de-jovenes-avivan-la-fe-en-machiques-guajira-mara-y-cabimas-por-la-celebracion-del-enajo\/#breadcrumb"},"inLanguage":"es","potentialAction":[{"@type":"ReadAction","target":["https:\/\/digital58.com.ve\/site\/2023\/11\/10\/zulia-miles-de-jovenes-avivan-la-fe-en-machiques-guajira-mara-y-cabimas-por-la-celebracion-del-enajo\/"]}]},{"@type":"ImageObject","inLanguage":"es","@id":"https:\/\/digital58.com.ve\/site\/2023\/11\/10\/zulia-miles-de-jovenes-avivan-la-fe-en-machiques-guajira-mara-y-cabimas-por-la-celebracion-del-enajo\/#primaryimage","url":"https:\/\/digital58.com.ve\/site\/wp-content\/uploads\/2023\/11\/enajo-3.jpg","contentUrl":"https:\/\/digital58.com.ve\/site\/wp-content\/uploads\/2023\/11\/enajo-3.jpg","width":800,"height":534},{"@type":"BreadcrumbList","@id":"https:\/\/digital58.com.ve\/site\/2023\/11\/10\/zulia-miles-de-jovenes-avivan-la-fe-en-machiques-guajira-mara-y-cabimas-por-la-celebracion-del-enajo\/#breadcrumb","itemListElement":[{"@type":"ListItem","position":1,"name":"Home","item":"https:\/\/digital58.com.ve\/site\/"},{"@type":"ListItem","position":2,"name":"#Zulia | Miles de j\u00f3venes avivan la fe en Machiques, Guajira, Mara y Cabimas por la celebraci\u00f3n del Enaj\u00f3"}]},{"@type":"WebSite","@id":"https:\/\/digital58.com.ve\/site\/#website","url":"https:\/\/digital58.com.ve\/site\/","name":"Noticias Digital58","description":"Portal de Noticias \u00a1Periodismo web de verdad! Lanzamiento web 22.11.2005 \/ Maracaibo, Venezuela","publisher":{"@id":"https:\/\/digital58.com.ve\/site\/#\/schema\/person\/64d1c2e4d0d4fd1b849980c4331c2951"},"alternateName":"ND58","potentialAction":[{"@type":"SearchAction","target":{"@type":"EntryPoint","urlTemplate":"https:\/\/digital58.com.ve\/site\/?s={search_term_string}"},"query-input":{"@type":"PropertyValueSpecification","valueRequired":true,"valueName":"search_term_string"}}],"inLanguage":"es"},{"@type":["Person","Organization"],"@id":"https:\/\/digital58.com.ve\/site\/#\/schema\/person\/64d1c2e4d0d4fd1b849980c4331c2951","name":"Villasmil Henry","image":{"@type":"ImageObject","inLanguage":"es","@id":"https:\/\/secure.gravatar.com\/avatar\/bb0c4a2fcb7970138239f7e404ea75757b1b507b28b5ce4c53fbd62d797c5a7c?s=96&d=mm&r=g","url":"https:\/\/secure.gravatar.com\/avatar\/bb0c4a2fcb7970138239f7e404ea75757b1b507b28b5ce4c53fbd62d797c5a7c?s=96&d=mm&r=g","contentUrl":"https:\/\/secure.gravatar.com\/avatar\/bb0c4a2fcb7970138239f7e404ea75757b1b507b28b5ce4c53fbd62d797c5a7c?s=96&d=mm&r=g","caption":"Villasmil Henry"},"logo":{"@id":"https:\/\/secure.gravatar.com\/avatar\/bb0c4a2fcb7970138239f7e404ea75757b1b507b28b5ce4c53fbd62d797c5a7c?s=96&d=mm&r=g"},"sameAs":["http:\/\/www.henryvillasmil.com.ve","https:\/\/www.instagram.com\/villasmilhfoto\/","https:\/\/x.com\/https:\/\/twitter.com\/villasmilhfoto"],"url":"https:\/\/digital58.com.ve\/site\/author\/droopy_68\/"}]}},"uagb_featured_image_src":{"full":["https:\/\/digital58.com.ve\/site\/wp-content\/uploads\/2023\/11\/enajo-3.jpg",800,534,false],"thumbnail":["https:\/\/digital58.com.ve\/site\/wp-content\/uploads\/2023\/11\/enajo-3-150x150.jpg",150,150,true],"medium":["https:\/\/digital58.com.ve\/site\/wp-content\/uploads\/2023\/11\/enajo-3-300x200.jpg",300,200,true],"medium_large":["https:\/\/digital58.com.ve\/site\/wp-content\/uploads\/2023\/11\/enajo-3-768x513.jpg",768,513,true],"large":["https:\/\/digital58.com.ve\/site\/wp-content\/uploads\/2023\/11\/enajo-3.jpg",800,534,false],"1536x1536":["https:\/\/digital58.com.ve\/site\/wp-content\/uploads\/2023\/11\/enajo-3.jpg",800,534,false],"2048x2048":["https:\/\/digital58.com.ve\/site\/wp-content\/uploads\/2023\/11\/enajo-3.jpg",800,534,false],"colormag-highlighted-post":["https:\/\/digital58.com.ve\/site\/wp-content\/uploads\/2023\/11\/enajo-3-392x272.jpg",392,272,true],"colormag-featured-post-medium":["https:\/\/digital58.com.ve\/site\/wp-content\/uploads\/2023\/11\/enajo-3-390x205.jpg",390,205,true],"colormag-featured-post-small":["https:\/\/digital58.com.ve\/site\/wp-content\/uploads\/2023\/11\/enajo-3-130x90.jpg",130,90,true],"colormag-featured-image":["https:\/\/digital58.com.ve\/site\/wp-content\/uploads\/2023\/11\/enajo-3-800x445.jpg",800,445,true],"colormag-default-news":["https:\/\/digital58.com.ve\/site\/wp-content\/uploads\/2023\/11\/enajo-3-150x150.jpg",150,150,true],"colormag-featured-image-large":["https:\/\/digital58.com.ve\/site\/wp-content\/uploads\/2023\/11\/enajo-3.jpg",800,534,false]},"uagb_author_info":{"display_name":"Villasmil Henry","author_link":"https:\/\/digital58.com.ve\/site\/author\/droopy_68\/"},"uagb_comment_info":0,"uagb_excerpt":"La clausura del Enaj\u00f3 se desarrollar\u00e1 el s\u00e1bado 11 desde en el Estadio Ol\u00edmpico Jos\u00e9 Encarnaci\u00f3n \u00abPachencho\u00bb Romero desde las","_links":{"self":[{"href":"https:\/\/digital58.com.ve\/site\/wp-json\/wp\/v2\/posts\/172378","targetHints":{"allow":["GET"]}}],"collection":[{"href":"https:\/\/digital58.com.ve\/site\/wp-json\/wp\/v2\/posts"}],"about":[{"href":"https:\/\/digital58.com.ve\/site\/wp-json\/wp\/v2\/types\/post"}],"author":[{"embeddable":true,"href":"https:\/\/digital58.com.ve\/site\/wp-json\/wp\/v2\/users\/1"}],"replies":[{"embeddable":true,"href":"https:\/\/digital58.com.ve\/site\/wp-json\/wp\/v2\/comments?post=172378"}],"version-history":[{"count":1,"href":"https:\/\/digital58.com.ve\/site\/wp-json\/wp\/v2\/posts\/172378\/revisions"}],"predecessor-version":[{"id":172383,"href":"https:\/\/digital58.com.ve\/site\/wp-json\/wp\/v2\/posts\/172378\/revisions\/172383"}],"wp:featuredmedia":[{"embeddable":true,"href":"https:\/\/digital58.com.ve\/site\/wp-json\/wp\/v2\/media\/172380"}],"wp:attachment":[{"href":"https:\/\/digital58.com.ve\/site\/wp-json\/wp\/v2\/media?parent=172378"}],"wp:term":[{"taxonomy":"category","embeddable":true,"href":"https:\/\/digital58.com.ve\/site\/wp-json\/wp\/v2\/categories?post=172378"},{"taxonomy":"post_tag","embeddable":true,"href":"https:\/\/digital58.com.ve\/site\/wp-json\/wp\/v2\/tags?post=172378"}],"curies":[{"name":"wp","href":"https:\/\/api.w.org\/{rel}","templated":true}]}}