{"id":172461,"date":"2023-11-12T13:29:52","date_gmt":"2023-11-12T17:29:52","guid":{"rendered":"https:\/\/digital58.com.ve\/site\/?p=172461"},"modified":"2023-11-12T13:29:52","modified_gmt":"2023-11-12T17:29:52","slug":"laliga-vinicius-y-rodrygo-vuelan-de-nuevo","status":"publish","type":"post","link":"https:\/\/digital58.com.ve\/site\/2023\/11\/12\/laliga-vinicius-y-rodrygo-vuelan-de-nuevo\/","title":{"rendered":"#LaLiga | Vin\u00edcius y Rodrygo vuelan de nuevo"},"content":{"rendered":"<p><a href=\"https:\/\/digital58.com.ve\/site\/wp-content\/uploads\/2023\/11\/real-madrid-valencia.jpg\"><img loading=\"lazy\" decoding=\"async\" class=\"aligncenter wp-image-172462 size-full\" src=\"https:\/\/digital58.com.ve\/site\/wp-content\/uploads\/2023\/11\/real-madrid-valencia.jpg\" alt=\"\" width=\"800\" height=\"533\" srcset=\"https:\/\/digital58.com.ve\/site\/wp-content\/uploads\/2023\/11\/real-madrid-valencia.jpg 800w, https:\/\/digital58.com.ve\/site\/wp-content\/uploads\/2023\/11\/real-madrid-valencia-300x200.jpg 300w, https:\/\/digital58.com.ve\/site\/wp-content\/uploads\/2023\/11\/real-madrid-valencia-768x512.jpg 768w\" sizes=\"auto, (max-width: 800px) 100vw, 800px\" \/><\/a><\/p>\n<p>Encuentro correspondiente a la decimotercera jornada de LaLiga EA Sports disputado en el Santiago Bernab\u00e9u ante 72.475 espectadores. Jos\u00e9 Mart\u00ednez \u00abPirri\u00bb, nombrado presidente de honor del Real Madrid, hizo el saque de honor.<\/p>\n<p><strong>Madrid, Espa\u00f1a, 12 de noviembre de 2023 (ND58).-<\/strong> El Real Madrid gole\u00f3 este s\u00e1bado al Valencia (5-1) comandado por los brasile\u00f1os Vin\u00edcius Junior y Rodrygo Goes, con un doblete cada uno, y acabando con las esperanzas de los visitantes a base de efectividad, marcando los cuatro primeros goles en sus cuatro primeros remates entre los tres palos.<\/p>\n<p>A pesar de la tranquilidad y normalidad que transmitieron los entrenadores, tanto Carlo Ancelotti como Rub\u00e9n Baraja, en la previa a un encuentro con el recuerdo de los gritos racistas a Vin\u00edcius Junior la pasada temporada en Mestalla y los cap\u00edtulos posteriores, se not\u00f3 en los locales que no era un partido m\u00e1s.<\/p>\n<p>Ya desde el inicio hubo un ambiente m\u00e1s parecido a las noches de Liga de Campeones, sin llegar a ser de las grandes, que a una jornada de LaLiga EA Sports. Bufandas levantadas con el himno del Real Madrid antes de que Pirri completase un d\u00eda inolvidable para \u00e9l haciendo el saque de honor horas despu\u00e9s de ser nombrado presidente de honor del club blanco.<\/p>\n<p>Un empuje de la grada que se transmiti\u00f3 a los jugadores madridistas. M\u00e1s acostumbrados a recibir goles que a marcarlos en los primeros minutos, este s\u00e1bado la historia fue diferente.<\/p>\n<p>Pase largo, exquisito, del alem\u00e1n Toni Kroos para un Dani Carvajal que control\u00f3 con la diestra y dispar\u00f3 con la zurda para superar al georgiano Giorgi Mamardashvili en el minuto tres de partido.<\/p>\n<p>Se las promet\u00eda felices el Real Madrid, y acab\u00f3 siendo as\u00ed, pero no por dominio y s\u00ed por efectividad. Del gol de Carvajal en el minuto tres al 2-0 de Vin\u00edcius en el 42, Hugo Duro desperdici\u00f3 tres ocasiones claras de marcar.<\/p>\n<p>Dos disparos que le sac\u00f3 bien el ucraniano Andriy Lunin, firmando otra buena actuaci\u00f3n en su segundo partido sustituyendo al lesionado Kepa Arrizabalaga y avivando ese \u00abdebate\u00bb en la porter\u00eda que dijo Ancelotti que \u00absiempre\u00bb existe.<\/p>\n<p>En los minutos 10 y 15 perdon\u00f3 Hugo Duro sus ocasiones m\u00e1s claras, aunque en el 41 tambi\u00e9n tuvo una gran oportunidad en un centro tenso de Pepelu que no lleg\u00f3 a rematar por poco. Demostr\u00f3 su desesperaci\u00f3n lament\u00e1ndose contra un palo, sin poder creerse su falta de acierto.<\/p>\n<p>No se hizo due\u00f1o del partido un Real Madrid, que se salv\u00f3 gracias a los errores del delantero valencianista y que tir\u00f3 de la efectividad que le ha faltado en otras ocasiones, como frente al Rayo Vallecano hace seis d\u00edas, para poner el 2-0 justo antes del descanso.<\/p>\n<p>Dos remates a puerta y dos goles. El segundo, de un \u00abVini\u00bb que se tir\u00f3 al suelo para rematar y marc\u00f3 con el pecho. Segundo tanto, y a\u00fan le quedaba otro, en cuatro d\u00edas; y este en un encuentro marcado en rojo en su calendario por lo ocurrido el 21 de mayo en Mestalla.<\/p>\n<p>Se vio a un Vin\u00edcius activo, con ganas de responder con su f\u00fatbol. Y, lo m\u00e1s importante, alejado de pol\u00e9micas con los rivales.<\/p>\n<p>Desde la zona reservada para los 579 aficionados del Valencia en el Santiago Bernab\u00e9u hubo c\u00e1nticos de \u00abVin\u00edcius qu\u00e9 malo eres\u00bb, que el brasile\u00f1o call\u00f3 r\u00e1pidamente.<\/p>\n<p>\u00abVini\u00bb lider\u00f3 otro zarpazo del Real Madrid a los cuatro minutos de volver del descanso.<\/p>\n<p>Un disparo desde la frontal, raso y pegado al palo, de Vin\u00edcius hizo el 3-0 y solo un minuto despu\u00e9s el guardameta Mamardashvili entreg\u00f3 el bal\u00f3n a Rodrygo y este no perdon\u00f3. Cuatro goles en cuatro disparos a puerta para el Real Madrid que echaron por tierra cualquier esperanza valencianista de meterse en el partido.<\/p>\n<p>Pidi\u00f3 la grada de animaci\u00f3n del Real Madrid la \u00abmanita\u00bb y aunque el conjunto blanco baj\u00f3 una marcha ya con el viento a favor, Rodrygo firm\u00f3 su doblete en el minuto 84, con un gran recorte y disparo fuerte, para poner el 5-0 en el minuto 84.<\/p>\n<p>La pareja brasile\u00f1a del Real Madrid ha recuperado el gol que tanto a\u00f1oraba el equipo, pero que hab\u00eda solventado gracias al inicio arrollador, casi a tanto por encuentro -13 en 14- de un Bellingham que se perdi\u00f3 frente al Valencia su segundo partido consecutivo por lesi\u00f3n en el hombro izquierdo.<\/p>\n<p>No le ech\u00f3 de menos un Real Madrid que, curiosamente, suma sus tres partidos sin Bellingham por victorias. Con diez goles a favor y solo uno en contra, el que Hugo Duro, ya en el minuto 88 y con el partido decidido, anot\u00f3 para irse, al menos, con un tanto del Santiago Bernab\u00e9u.<\/p>\n<p>La \u00faltima, pl\u00e1cida que le permite seguir la estela de un Girona que se ir\u00e1 al par\u00f3n internacional l\u00edder de LaLiga EA Sports con dos puntos de ventaja sobre el Real Madrid, mientras que el Valencia rompe su racha de cinco encuentros sin perder.<\/p>\n<p><strong>Ficha t\u00e9cnica:<\/strong><\/p>\n<p><strong>5 &#8211; Real Madrid:<\/strong> Andriy Lunin; Dani Carvajal (Nico Paz, min. 82), Nacho Fern\u00e1ndez, David Alaba, Ferland Mendy (Fran Garc\u00eda, min. 71); Eduardo Camavinga, Fede Valverde (Luka Modric, min. 60), Toni Kroos; Brahim D\u00edaz (Lucas V\u00e1zquez, min. 71), Rodrygo Goes y Vin\u00edcius Junior (Joselu Mato, min. 82).<\/p>\n<p><strong>1 &#8211; Valencia:<\/strong> Giorgi Mamardashvili; Thierry Correia (Dimitri Foulquier, min. 55), Gabriel Paulista, Cristian Mosquera, Jos\u00e9 Gay\u00e0 (Yarek Gasiorowski, min. 55); Pepelu (Roman Yaremchuk, min. 70), Javi Guerra; Fran P\u00e9rez (Hugo Gonz\u00e1lez, min. 70), Sergi Can\u00f3s (Hugo Guillam\u00f3n, min. 64), Diego L\u00f3pez y Hugo Duro.<\/p>\n<p><strong>Goles:<\/strong> 1-0, min. 3: Dani Carvajal. 2-0, min. 42: Vin\u00edcius. 3-0, min. 49: Vin\u00edcius. 4-0, min. 50: Rodrygo. 5-0, min. 84: Rodrygo. 5-1, min. 88: Hugo Duro.<\/p>\n<p><strong>\u00c1rbitro:<\/strong> Jos\u00e9 Mar\u00eda S\u00e1nchez Mart\u00ednez (Comit\u00e9 murciano). Amonest\u00f3 a Camavinga (min. 62) por el Real Madrid y a Pepelu (min. 34), Foulquier (min. 56) y Gabriel Paulista (min. 67) por parte del Valencia.<\/p>\n<p><strong>Redacci\u00f3n ND58 | Fuente: EFE<\/strong><br \/>\n<strong>Edici\u00f3n: Villasmil, Henry<\/strong><br \/>\n<strong>Gr\u00e1ficas: EFE<\/strong><\/p>\n<p>&nbsp;<\/p><div class=\"jciah69f2816ea5191\" ><p style=\"text-align: center;\"><a href=\"https:\/\/t.me\/noticiasdigital58\" target=\"_blank\" rel=\"noopener\"><img class=\"aligncenter size-full wp-image-125363\" src=\"https:\/\/digital58.com.ve\/site\/wp-content\/uploads\/2021\/04\/banner-telegram-web-2021.png\" alt=\"\" width=\"600\" height=\"90\" \/><\/a><\/p><\/div><style type=\"text\/css\">\r\n@media screen and (min-width: 1201px) {\r\n.jciah69f2816ea5191 {\r\ndisplay: block;\r\n}\r\n}\r\n@media screen and (min-width: 993px) and (max-width: 1200px) {\r\n.jciah69f2816ea5191 {\r\ndisplay: block;\r\n}\r\n}\r\n@media screen and (min-width: 769px) and (max-width: 992px) {\r\n.jciah69f2816ea5191 {\r\ndisplay: block;\r\n}\r\n}\r\n@media screen and (min-width: 768px) and (max-width: 768px) {\r\n.jciah69f2816ea5191 {\r\ndisplay: block;\r\n}\r\n}\r\n@media screen and (max-width: 767px) {\r\n.jciah69f2816ea5191 {\r\ndisplay: block;\r\n}\r\n}\r\n<\/style>\r\n\n<p>&nbsp;<\/p>\n<div style=\"margin-top: 0px; margin-bottom: 0px;\" class=\"sharethis-inline-share-buttons\" ><\/div>","protected":false},"excerpt":{"rendered":"<p>Encuentro correspondiente a la decimotercera jornada de LaLiga EA Sports disputado en el Santiago Bernab\u00e9u ante 72.475 espectadores. Jos\u00e9 Mart\u00ednez<\/p>\n","protected":false},"author":1,"featured_media":172462,"comment_status":"open","ping_status":"closed","sticky":false,"template":"","format":"standard","meta":{"colormag_page_container_layout":"default_layout","colormag_page_sidebar_layout":"default_layout","_uag_custom_page_level_css":"","footnotes":""},"categories":[5402],"tags":[115,13,499,8,7311,31745,5863,6501,32767,6570,25967],"class_list":["post-172461","post","type-post","status-publish","format-standard","has-post-thumbnail","hentry","category-deportes","tag-espana","tag-futbol","tag-futbol-espanol","tag-internacionales","tag-laliga","tag-laliga-2023-2024","tag-madrid","tag-real-madrid-cf","tag-rodrygo-goes","tag-valencia-cf","tag-vinicius-junior"],"yoast_head":"<!-- This site is optimized with the Yoast SEO plugin v27.5 - https:\/\/yoast.com\/product\/yoast-seo-wordpress\/ -->\n<title>#LaLiga | Vin\u00edcius y Rodrygo vuelan de nuevo<\/title>\n<meta name=\"robots\" content=\"index, follow, max-snippet:-1, max-image-preview:large, max-video-preview:-1\" \/>\n<link rel=\"canonical\" href=\"https:\/\/digital58.com.ve\/site\/2023\/11\/12\/laliga-vinicius-y-rodrygo-vuelan-de-nuevo\/\" \/>\n<meta property=\"og:locale\" content=\"es_ES\" \/>\n<meta property=\"og:type\" content=\"article\" \/>\n<meta property=\"og:title\" content=\"#LaLiga | Vin\u00edcius y Rodrygo vuelan de nuevo\" \/>\n<meta property=\"og:url\" content=\"https:\/\/digital58.com.ve\/site\/2023\/11\/12\/laliga-vinicius-y-rodrygo-vuelan-de-nuevo\/\" \/>\n<meta property=\"og:site_name\" content=\"Noticias Digital58\" \/>\n<meta property=\"article:published_time\" content=\"2023-11-12T17:29:52+00:00\" \/>\n<meta property=\"og:image\" content=\"https:\/\/i0.wp.com\/digital58.com.ve\/site\/wp-content\/uploads\/2023\/11\/real-madrid-valencia.jpg?fit=800%2C533&ssl=1\" \/>\n\t<meta property=\"og:image:width\" content=\"800\" \/>\n\t<meta property=\"og:image:height\" content=\"533\" \/>\n\t<meta property=\"og:image:type\" content=\"image\/jpeg\" \/>\n<meta name=\"author\" content=\"Villasmil Henry\" \/>\n<meta name=\"twitter:card\" content=\"summary_large_image\" \/>\n<meta name=\"twitter:creator\" content=\"@https:\/\/twitter.com\/villasmilhfoto\" \/>\n<meta name=\"twitter:site\" content=\"@villasmilhfoto\" \/>\n<meta name=\"twitter:label1\" content=\"Escrito por\" \/>\n\t<meta name=\"twitter:data1\" content=\"Villasmil Henry\" \/>\n\t<meta name=\"twitter:label2\" content=\"Tiempo estimado de lectura\" \/>\n\t<meta name=\"twitter:data2\" content=\"5 minutos\" \/>\n<script type=\"application\/ld+json\" class=\"yoast-schema-graph\">{\"@context\":\"https:\\\/\\\/schema.org\",\"@graph\":[{\"@type\":\"Article\",\"@id\":\"https:\\\/\\\/digital58.com.ve\\\/site\\\/2023\\\/11\\\/12\\\/laliga-vinicius-y-rodrygo-vuelan-de-nuevo\\\/#article\",\"isPartOf\":{\"@id\":\"https:\\\/\\\/digital58.com.ve\\\/site\\\/2023\\\/11\\\/12\\\/laliga-vinicius-y-rodrygo-vuelan-de-nuevo\\\/\"},\"author\":{\"name\":\"Villasmil Henry\",\"@id\":\"https:\\\/\\\/digital58.com.ve\\\/site\\\/#\\\/schema\\\/person\\\/64d1c2e4d0d4fd1b849980c4331c2951\"},\"headline\":\"#LaLiga | Vin\u00edcius y Rodrygo vuelan de nuevo\",\"datePublished\":\"2023-11-12T17:29:52+00:00\",\"mainEntityOfPage\":{\"@id\":\"https:\\\/\\\/digital58.com.ve\\\/site\\\/2023\\\/11\\\/12\\\/laliga-vinicius-y-rodrygo-vuelan-de-nuevo\\\/\"},\"wordCount\":1021,\"commentCount\":0,\"publisher\":{\"@id\":\"https:\\\/\\\/digital58.com.ve\\\/site\\\/#\\\/schema\\\/person\\\/64d1c2e4d0d4fd1b849980c4331c2951\"},\"image\":{\"@id\":\"https:\\\/\\\/digital58.com.ve\\\/site\\\/2023\\\/11\\\/12\\\/laliga-vinicius-y-rodrygo-vuelan-de-nuevo\\\/#primaryimage\"},\"thumbnailUrl\":\"https:\\\/\\\/digital58.com.ve\\\/site\\\/wp-content\\\/uploads\\\/2023\\\/11\\\/real-madrid-valencia.jpg\",\"keywords\":[\"Espa\u00f1a\",\"F\u00fatbol\",\"F\u00fatbol Espa\u00f1ol\",\"Internacionales\",\"LaLiga\",\"LaLiga 2023-2024\",\"Madrid\",\"Real Madrid CF\",\"Rodrygo Goes\",\"Valencia CF\",\"Vinicius Junior\"],\"articleSection\":[\"Deportes\"],\"inLanguage\":\"es\",\"potentialAction\":[{\"@type\":\"CommentAction\",\"name\":\"Comment\",\"target\":[\"https:\\\/\\\/digital58.com.ve\\\/site\\\/2023\\\/11\\\/12\\\/laliga-vinicius-y-rodrygo-vuelan-de-nuevo\\\/#respond\"]}]},{\"@type\":\"WebPage\",\"@id\":\"https:\\\/\\\/digital58.com.ve\\\/site\\\/2023\\\/11\\\/12\\\/laliga-vinicius-y-rodrygo-vuelan-de-nuevo\\\/\",\"url\":\"https:\\\/\\\/digital58.com.ve\\\/site\\\/2023\\\/11\\\/12\\\/laliga-vinicius-y-rodrygo-vuelan-de-nuevo\\\/\",\"name\":\"#LaLiga | Vin\u00edcius y Rodrygo vuelan de nuevo\",\"isPartOf\":{\"@id\":\"https:\\\/\\\/digital58.com.ve\\\/site\\\/#website\"},\"primaryImageOfPage\":{\"@id\":\"https:\\\/\\\/digital58.com.ve\\\/site\\\/2023\\\/11\\\/12\\\/laliga-vinicius-y-rodrygo-vuelan-de-nuevo\\\/#primaryimage\"},\"image\":{\"@id\":\"https:\\\/\\\/digital58.com.ve\\\/site\\\/2023\\\/11\\\/12\\\/laliga-vinicius-y-rodrygo-vuelan-de-nuevo\\\/#primaryimage\"},\"thumbnailUrl\":\"https:\\\/\\\/digital58.com.ve\\\/site\\\/wp-content\\\/uploads\\\/2023\\\/11\\\/real-madrid-valencia.jpg\",\"datePublished\":\"2023-11-12T17:29:52+00:00\",\"breadcrumb\":{\"@id\":\"https:\\\/\\\/digital58.com.ve\\\/site\\\/2023\\\/11\\\/12\\\/laliga-vinicius-y-rodrygo-vuelan-de-nuevo\\\/#breadcrumb\"},\"inLanguage\":\"es\",\"potentialAction\":[{\"@type\":\"ReadAction\",\"target\":[\"https:\\\/\\\/digital58.com.ve\\\/site\\\/2023\\\/11\\\/12\\\/laliga-vinicius-y-rodrygo-vuelan-de-nuevo\\\/\"]}]},{\"@type\":\"ImageObject\",\"inLanguage\":\"es\",\"@id\":\"https:\\\/\\\/digital58.com.ve\\\/site\\\/2023\\\/11\\\/12\\\/laliga-vinicius-y-rodrygo-vuelan-de-nuevo\\\/#primaryimage\",\"url\":\"https:\\\/\\\/digital58.com.ve\\\/site\\\/wp-content\\\/uploads\\\/2023\\\/11\\\/real-madrid-valencia.jpg\",\"contentUrl\":\"https:\\\/\\\/digital58.com.ve\\\/site\\\/wp-content\\\/uploads\\\/2023\\\/11\\\/real-madrid-valencia.jpg\",\"width\":800,\"height\":533,\"caption\":\"MADRID, 11\\\/11\\\/2023.- El delantero del Real Madrid Vinicius Junior (d) celebra con Rodrygo Goes tras marcar el segundo gol ante el Valencia, durante el partido de LaLiga de f\u00fatbol que Real Madrid y Valencia CF disputan este s\u00e1bado en el estadio Santiago Bernab\u00e9u. EFE\\\/Mariscal\"},{\"@type\":\"BreadcrumbList\",\"@id\":\"https:\\\/\\\/digital58.com.ve\\\/site\\\/2023\\\/11\\\/12\\\/laliga-vinicius-y-rodrygo-vuelan-de-nuevo\\\/#breadcrumb\",\"itemListElement\":[{\"@type\":\"ListItem\",\"position\":1,\"name\":\"Home\",\"item\":\"https:\\\/\\\/digital58.com.ve\\\/site\\\/\"},{\"@type\":\"ListItem\",\"position\":2,\"name\":\"#LaLiga | Vin\u00edcius y Rodrygo vuelan de nuevo\"}]},{\"@type\":\"WebSite\",\"@id\":\"https:\\\/\\\/digital58.com.ve\\\/site\\\/#website\",\"url\":\"https:\\\/\\\/digital58.com.ve\\\/site\\\/\",\"name\":\"Noticias Digital58\",\"description\":\"Portal de Noticias \u00a1Periodismo web de verdad! Lanzamiento web 22.11.2005 \\\/ Maracaibo, Venezuela\",\"publisher\":{\"@id\":\"https:\\\/\\\/digital58.com.ve\\\/site\\\/#\\\/schema\\\/person\\\/64d1c2e4d0d4fd1b849980c4331c2951\"},\"alternateName\":\"ND58\",\"potentialAction\":[{\"@type\":\"SearchAction\",\"target\":{\"@type\":\"EntryPoint\",\"urlTemplate\":\"https:\\\/\\\/digital58.com.ve\\\/site\\\/?s={search_term_string}\"},\"query-input\":{\"@type\":\"PropertyValueSpecification\",\"valueRequired\":true,\"valueName\":\"search_term_string\"}}],\"inLanguage\":\"es\"},{\"@type\":[\"Person\",\"Organization\"],\"@id\":\"https:\\\/\\\/digital58.com.ve\\\/site\\\/#\\\/schema\\\/person\\\/64d1c2e4d0d4fd1b849980c4331c2951\",\"name\":\"Villasmil Henry\",\"image\":{\"@type\":\"ImageObject\",\"inLanguage\":\"es\",\"@id\":\"https:\\\/\\\/secure.gravatar.com\\\/avatar\\\/bb0c4a2fcb7970138239f7e404ea75757b1b507b28b5ce4c53fbd62d797c5a7c?s=96&d=mm&r=g\",\"url\":\"https:\\\/\\\/secure.gravatar.com\\\/avatar\\\/bb0c4a2fcb7970138239f7e404ea75757b1b507b28b5ce4c53fbd62d797c5a7c?s=96&d=mm&r=g\",\"contentUrl\":\"https:\\\/\\\/secure.gravatar.com\\\/avatar\\\/bb0c4a2fcb7970138239f7e404ea75757b1b507b28b5ce4c53fbd62d797c5a7c?s=96&d=mm&r=g\",\"caption\":\"Villasmil Henry\"},\"logo\":{\"@id\":\"https:\\\/\\\/secure.gravatar.com\\\/avatar\\\/bb0c4a2fcb7970138239f7e404ea75757b1b507b28b5ce4c53fbd62d797c5a7c?s=96&d=mm&r=g\"},\"sameAs\":[\"http:\\\/\\\/www.henryvillasmil.com.ve\",\"https:\\\/\\\/www.instagram.com\\\/villasmilhfoto\\\/\",\"https:\\\/\\\/x.com\\\/https:\\\/\\\/twitter.com\\\/villasmilhfoto\"],\"url\":\"https:\\\/\\\/digital58.com.ve\\\/site\\\/author\\\/droopy_68\\\/\"}]}<\/script>\n<!-- \/ Yoast SEO plugin. -->","yoast_head_json":{"title":"#LaLiga | Vin\u00edcius y Rodrygo vuelan de nuevo","robots":{"index":"index","follow":"follow","max-snippet":"max-snippet:-1","max-image-preview":"max-image-preview:large","max-video-preview":"max-video-preview:-1"},"canonical":"https:\/\/digital58.com.ve\/site\/2023\/11\/12\/laliga-vinicius-y-rodrygo-vuelan-de-nuevo\/","og_locale":"es_ES","og_type":"article","og_title":"#LaLiga | Vin\u00edcius y Rodrygo vuelan de nuevo","og_url":"https:\/\/digital58.com.ve\/site\/2023\/11\/12\/laliga-vinicius-y-rodrygo-vuelan-de-nuevo\/","og_site_name":"Noticias Digital58","article_published_time":"2023-11-12T17:29:52+00:00","og_image":[{"width":800,"height":533,"url":"https:\/\/i0.wp.com\/digital58.com.ve\/site\/wp-content\/uploads\/2023\/11\/real-madrid-valencia.jpg?fit=800%2C533&ssl=1","type":"image\/jpeg"}],"author":"Villasmil Henry","twitter_card":"summary_large_image","twitter_creator":"@https:\/\/twitter.com\/villasmilhfoto","twitter_site":"@villasmilhfoto","twitter_misc":{"Escrito por":"Villasmil Henry","Tiempo estimado de lectura":"5 minutos"},"schema":{"@context":"https:\/\/schema.org","@graph":[{"@type":"Article","@id":"https:\/\/digital58.com.ve\/site\/2023\/11\/12\/laliga-vinicius-y-rodrygo-vuelan-de-nuevo\/#article","isPartOf":{"@id":"https:\/\/digital58.com.ve\/site\/2023\/11\/12\/laliga-vinicius-y-rodrygo-vuelan-de-nuevo\/"},"author":{"name":"Villasmil Henry","@id":"https:\/\/digital58.com.ve\/site\/#\/schema\/person\/64d1c2e4d0d4fd1b849980c4331c2951"},"headline":"#LaLiga | Vin\u00edcius y Rodrygo vuelan de nuevo","datePublished":"2023-11-12T17:29:52+00:00","mainEntityOfPage":{"@id":"https:\/\/digital58.com.ve\/site\/2023\/11\/12\/laliga-vinicius-y-rodrygo-vuelan-de-nuevo\/"},"wordCount":1021,"commentCount":0,"publisher":{"@id":"https:\/\/digital58.com.ve\/site\/#\/schema\/person\/64d1c2e4d0d4fd1b849980c4331c2951"},"image":{"@id":"https:\/\/digital58.com.ve\/site\/2023\/11\/12\/laliga-vinicius-y-rodrygo-vuelan-de-nuevo\/#primaryimage"},"thumbnailUrl":"https:\/\/digital58.com.ve\/site\/wp-content\/uploads\/2023\/11\/real-madrid-valencia.jpg","keywords":["Espa\u00f1a","F\u00fatbol","F\u00fatbol Espa\u00f1ol","Internacionales","LaLiga","LaLiga 2023-2024","Madrid","Real Madrid CF","Rodrygo Goes","Valencia CF","Vinicius Junior"],"articleSection":["Deportes"],"inLanguage":"es","potentialAction":[{"@type":"CommentAction","name":"Comment","target":["https:\/\/digital58.com.ve\/site\/2023\/11\/12\/laliga-vinicius-y-rodrygo-vuelan-de-nuevo\/#respond"]}]},{"@type":"WebPage","@id":"https:\/\/digital58.com.ve\/site\/2023\/11\/12\/laliga-vinicius-y-rodrygo-vuelan-de-nuevo\/","url":"https:\/\/digital58.com.ve\/site\/2023\/11\/12\/laliga-vinicius-y-rodrygo-vuelan-de-nuevo\/","name":"#LaLiga | Vin\u00edcius y Rodrygo vuelan de nuevo","isPartOf":{"@id":"https:\/\/digital58.com.ve\/site\/#website"},"primaryImageOfPage":{"@id":"https:\/\/digital58.com.ve\/site\/2023\/11\/12\/laliga-vinicius-y-rodrygo-vuelan-de-nuevo\/#primaryimage"},"image":{"@id":"https:\/\/digital58.com.ve\/site\/2023\/11\/12\/laliga-vinicius-y-rodrygo-vuelan-de-nuevo\/#primaryimage"},"thumbnailUrl":"https:\/\/digital58.com.ve\/site\/wp-content\/uploads\/2023\/11\/real-madrid-valencia.jpg","datePublished":"2023-11-12T17:29:52+00:00","breadcrumb":{"@id":"https:\/\/digital58.com.ve\/site\/2023\/11\/12\/laliga-vinicius-y-rodrygo-vuelan-de-nuevo\/#breadcrumb"},"inLanguage":"es","potentialAction":[{"@type":"ReadAction","target":["https:\/\/digital58.com.ve\/site\/2023\/11\/12\/laliga-vinicius-y-rodrygo-vuelan-de-nuevo\/"]}]},{"@type":"ImageObject","inLanguage":"es","@id":"https:\/\/digital58.com.ve\/site\/2023\/11\/12\/laliga-vinicius-y-rodrygo-vuelan-de-nuevo\/#primaryimage","url":"https:\/\/digital58.com.ve\/site\/wp-content\/uploads\/2023\/11\/real-madrid-valencia.jpg","contentUrl":"https:\/\/digital58.com.ve\/site\/wp-content\/uploads\/2023\/11\/real-madrid-valencia.jpg","width":800,"height":533,"caption":"MADRID, 11\/11\/2023.- El delantero del Real Madrid Vinicius Junior (d) celebra con Rodrygo Goes tras marcar el segundo gol ante el Valencia, durante el partido de LaLiga de f\u00fatbol que Real Madrid y Valencia CF disputan este s\u00e1bado en el estadio Santiago Bernab\u00e9u. EFE\/Mariscal"},{"@type":"BreadcrumbList","@id":"https:\/\/digital58.com.ve\/site\/2023\/11\/12\/laliga-vinicius-y-rodrygo-vuelan-de-nuevo\/#breadcrumb","itemListElement":[{"@type":"ListItem","position":1,"name":"Home","item":"https:\/\/digital58.com.ve\/site\/"},{"@type":"ListItem","position":2,"name":"#LaLiga | Vin\u00edcius y Rodrygo vuelan de nuevo"}]},{"@type":"WebSite","@id":"https:\/\/digital58.com.ve\/site\/#website","url":"https:\/\/digital58.com.ve\/site\/","name":"Noticias Digital58","description":"Portal de Noticias \u00a1Periodismo web de verdad! Lanzamiento web 22.11.2005 \/ Maracaibo, Venezuela","publisher":{"@id":"https:\/\/digital58.com.ve\/site\/#\/schema\/person\/64d1c2e4d0d4fd1b849980c4331c2951"},"alternateName":"ND58","potentialAction":[{"@type":"SearchAction","target":{"@type":"EntryPoint","urlTemplate":"https:\/\/digital58.com.ve\/site\/?s={search_term_string}"},"query-input":{"@type":"PropertyValueSpecification","valueRequired":true,"valueName":"search_term_string"}}],"inLanguage":"es"},{"@type":["Person","Organization"],"@id":"https:\/\/digital58.com.ve\/site\/#\/schema\/person\/64d1c2e4d0d4fd1b849980c4331c2951","name":"Villasmil Henry","image":{"@type":"ImageObject","inLanguage":"es","@id":"https:\/\/secure.gravatar.com\/avatar\/bb0c4a2fcb7970138239f7e404ea75757b1b507b28b5ce4c53fbd62d797c5a7c?s=96&d=mm&r=g","url":"https:\/\/secure.gravatar.com\/avatar\/bb0c4a2fcb7970138239f7e404ea75757b1b507b28b5ce4c53fbd62d797c5a7c?s=96&d=mm&r=g","contentUrl":"https:\/\/secure.gravatar.com\/avatar\/bb0c4a2fcb7970138239f7e404ea75757b1b507b28b5ce4c53fbd62d797c5a7c?s=96&d=mm&r=g","caption":"Villasmil Henry"},"logo":{"@id":"https:\/\/secure.gravatar.com\/avatar\/bb0c4a2fcb7970138239f7e404ea75757b1b507b28b5ce4c53fbd62d797c5a7c?s=96&d=mm&r=g"},"sameAs":["http:\/\/www.henryvillasmil.com.ve","https:\/\/www.instagram.com\/villasmilhfoto\/","https:\/\/x.com\/https:\/\/twitter.com\/villasmilhfoto"],"url":"https:\/\/digital58.com.ve\/site\/author\/droopy_68\/"}]}},"uagb_featured_image_src":{"full":["https:\/\/digital58.com.ve\/site\/wp-content\/uploads\/2023\/11\/real-madrid-valencia.jpg",800,533,false],"thumbnail":["https:\/\/digital58.com.ve\/site\/wp-content\/uploads\/2023\/11\/real-madrid-valencia-150x150.jpg",150,150,true],"medium":["https:\/\/digital58.com.ve\/site\/wp-content\/uploads\/2023\/11\/real-madrid-valencia-300x200.jpg",300,200,true],"medium_large":["https:\/\/digital58.com.ve\/site\/wp-content\/uploads\/2023\/11\/real-madrid-valencia-768x512.jpg",768,512,true],"large":["https:\/\/digital58.com.ve\/site\/wp-content\/uploads\/2023\/11\/real-madrid-valencia.jpg",800,533,false],"1536x1536":["https:\/\/digital58.com.ve\/site\/wp-content\/uploads\/2023\/11\/real-madrid-valencia.jpg",800,533,false],"2048x2048":["https:\/\/digital58.com.ve\/site\/wp-content\/uploads\/2023\/11\/real-madrid-valencia.jpg",800,533,false],"colormag-highlighted-post":["https:\/\/digital58.com.ve\/site\/wp-content\/uploads\/2023\/11\/real-madrid-valencia-392x272.jpg",392,272,true],"colormag-featured-post-medium":["https:\/\/digital58.com.ve\/site\/wp-content\/uploads\/2023\/11\/real-madrid-valencia-390x205.jpg",390,205,true],"colormag-featured-post-small":["https:\/\/digital58.com.ve\/site\/wp-content\/uploads\/2023\/11\/real-madrid-valencia-130x90.jpg",130,90,true],"colormag-featured-image":["https:\/\/digital58.com.ve\/site\/wp-content\/uploads\/2023\/11\/real-madrid-valencia-800x445.jpg",800,445,true],"colormag-default-news":["https:\/\/digital58.com.ve\/site\/wp-content\/uploads\/2023\/11\/real-madrid-valencia-150x150.jpg",150,150,true],"colormag-featured-image-large":["https:\/\/digital58.com.ve\/site\/wp-content\/uploads\/2023\/11\/real-madrid-valencia.jpg",800,533,false]},"uagb_author_info":{"display_name":"Villasmil Henry","author_link":"https:\/\/digital58.com.ve\/site\/author\/droopy_68\/"},"uagb_comment_info":0,"uagb_excerpt":"Encuentro correspondiente a la decimotercera jornada de LaLiga EA Sports disputado en el Santiago Bernab\u00e9u ante 72.475 espectadores. Jos\u00e9 Mart\u00ednez","_links":{"self":[{"href":"https:\/\/digital58.com.ve\/site\/wp-json\/wp\/v2\/posts\/172461","targetHints":{"allow":["GET"]}}],"collection":[{"href":"https:\/\/digital58.com.ve\/site\/wp-json\/wp\/v2\/posts"}],"about":[{"href":"https:\/\/digital58.com.ve\/site\/wp-json\/wp\/v2\/types\/post"}],"author":[{"embeddable":true,"href":"https:\/\/digital58.com.ve\/site\/wp-json\/wp\/v2\/users\/1"}],"replies":[{"embeddable":true,"href":"https:\/\/digital58.com.ve\/site\/wp-json\/wp\/v2\/comments?post=172461"}],"version-history":[{"count":1,"href":"https:\/\/digital58.com.ve\/site\/wp-json\/wp\/v2\/posts\/172461\/revisions"}],"predecessor-version":[{"id":172463,"href":"https:\/\/digital58.com.ve\/site\/wp-json\/wp\/v2\/posts\/172461\/revisions\/172463"}],"wp:featuredmedia":[{"embeddable":true,"href":"https:\/\/digital58.com.ve\/site\/wp-json\/wp\/v2\/media\/172462"}],"wp:attachment":[{"href":"https:\/\/digital58.com.ve\/site\/wp-json\/wp\/v2\/media?parent=172461"}],"wp:term":[{"taxonomy":"category","embeddable":true,"href":"https:\/\/digital58.com.ve\/site\/wp-json\/wp\/v2\/categories?post=172461"},{"taxonomy":"post_tag","embeddable":true,"href":"https:\/\/digital58.com.ve\/site\/wp-json\/wp\/v2\/tags?post=172461"}],"curies":[{"name":"wp","href":"https:\/\/api.w.org\/{rel}","templated":true}]}}