{"id":172618,"date":"2023-11-15T17:18:12","date_gmt":"2023-11-15T21:18:12","guid":{"rendered":"https:\/\/digital58.com.ve\/site\/?p=172618"},"modified":"2023-11-15T17:27:56","modified_gmt":"2023-11-15T21:27:56","slug":"gobernacion-y-fundacion-wayuu-taya-estrechan-lazos-de-cooperacion-para-pueblos-originarios-del-zulia","status":"publish","type":"post","link":"https:\/\/digital58.com.ve\/site\/2023\/11\/15\/gobernacion-y-fundacion-wayuu-taya-estrechan-lazos-de-cooperacion-para-pueblos-originarios-del-zulia\/","title":{"rendered":"Gobernaci\u00f3n y Fundaci\u00f3n Way\u00fau Tay\u00e1 estrechan lazos de cooperaci\u00f3n para pueblos originarios del Zulia"},"content":{"rendered":"<p><a href=\"https:\/\/digital58.com.ve\/site\/wp-content\/uploads\/2023\/11\/WhatsApp-Image-2023-11-14-at-7.19.48-PM.jpeg\"><img loading=\"lazy\" decoding=\"async\" class=\"aligncenter size-full wp-image-172622\" src=\"https:\/\/digital58.com.ve\/site\/wp-content\/uploads\/2023\/11\/WhatsApp-Image-2023-11-14-at-7.19.48-PM.jpeg\" alt=\"\" width=\"1080\" height=\"711\" srcset=\"https:\/\/digital58.com.ve\/site\/wp-content\/uploads\/2023\/11\/WhatsApp-Image-2023-11-14-at-7.19.48-PM.jpeg 1080w, https:\/\/digital58.com.ve\/site\/wp-content\/uploads\/2023\/11\/WhatsApp-Image-2023-11-14-at-7.19.48-PM-300x198.jpeg 300w, https:\/\/digital58.com.ve\/site\/wp-content\/uploads\/2023\/11\/WhatsApp-Image-2023-11-14-at-7.19.48-PM-1000x658.jpeg 1000w, https:\/\/digital58.com.ve\/site\/wp-content\/uploads\/2023\/11\/WhatsApp-Image-2023-11-14-at-7.19.48-PM-768x506.jpeg 768w\" sizes=\"auto, (max-width: 1080px) 100vw, 1080px\" \/><\/a><\/p>\n<p>Way\u00fau Tay\u00e1 cuenta con la presencia de diversos programas sociales en el estado Zulia que benefician los pueblos originarios en La Guajira, como Ayuda Para la Poblaci\u00f3n Vulnerable, Programa Agroecol\u00f3gico, Agua Para Todos y Programa de Educaci\u00f3n.<\/p>\n<p><strong>Maracaibo, Zulia, Venezuela, 15 de noviembre de 2023 (ND58).-<\/strong> Desde su Despacho privado, ubicado en el Palacio de los C\u00f3ndores, el Gobernador del estado Zulia, Manuel Rosales Guerrero, sostuvo este martes, 14 de noviembre, una reuni\u00f3n con la fundaci\u00f3n para las comunidades vulnerables en Latinoam\u00e9rica, Way\u00fau Tay\u00e1, con el objetivo de seguir impulsando la cooperaci\u00f3n e integraci\u00f3n de servicios en el \u00e1rea de salud, medicina, nutrici\u00f3n y educaci\u00f3n hacia los pueblos originarios en la regi\u00f3n zuliana.<\/p>\n<p><a href=\"https:\/\/digital58.com.ve\/site\/wp-content\/uploads\/2023\/11\/WhatsApp-Image-2023-11-14-at-7.19.49-PM-1.jpeg\"><img loading=\"lazy\" decoding=\"async\" class=\"aligncenter size-full wp-image-172620\" src=\"https:\/\/digital58.com.ve\/site\/wp-content\/uploads\/2023\/11\/WhatsApp-Image-2023-11-14-at-7.19.49-PM-1.jpeg\" alt=\"\" width=\"1080\" height=\"720\" srcset=\"https:\/\/digital58.com.ve\/site\/wp-content\/uploads\/2023\/11\/WhatsApp-Image-2023-11-14-at-7.19.49-PM-1.jpeg 1080w, https:\/\/digital58.com.ve\/site\/wp-content\/uploads\/2023\/11\/WhatsApp-Image-2023-11-14-at-7.19.49-PM-1-300x200.jpeg 300w, https:\/\/digital58.com.ve\/site\/wp-content\/uploads\/2023\/11\/WhatsApp-Image-2023-11-14-at-7.19.49-PM-1-1000x667.jpeg 1000w, https:\/\/digital58.com.ve\/site\/wp-content\/uploads\/2023\/11\/WhatsApp-Image-2023-11-14-at-7.19.49-PM-1-768x512.jpeg 768w\" sizes=\"auto, (max-width: 1080px) 100vw, 1080px\" \/><\/a><\/p>\n<p>El mandatario regional, acompa\u00f1ando con parte de su Tren Ejecutivo, evalu\u00f3 e intercambi\u00f3 propuestas con la Presidenta de Way\u00fau Tay\u00e1, Patricia Vel\u00e1zquez; Mar\u00eda Gabriela Rodr\u00edguez, Directora Nacional; Keyla Andrade, Gerente Regional; Andreina Pe\u00f1a, Directora de Operaciones y Valdimir Aguilera, en beneficio de las comunidades vulnerables en el Zulia, dise\u00f1ando iniciativas de desarrollo social y cultural.<\/p>\n<p>A su vez, se examin\u00f3 la gran distribuci\u00f3n de la presencia de los programas sociales, culturales, entrega de medicamentos gratuitos, jornadas m\u00e9dicas, oftalmol\u00f3gicas y odontol\u00f3gicas, proporcionadas por la Gobernaci\u00f3n del estado Zulia, con el objetivo de incrementar la preservaci\u00f3n de la tradici\u00f3n, costumbres e integraci\u00f3n de los pueblos en la actualidad.<\/p>\n<p><a href=\"https:\/\/digital58.com.ve\/site\/wp-content\/uploads\/2023\/11\/WhatsApp-Image-2023-11-14-at-7.19.49-PM.jpeg\"><img loading=\"lazy\" decoding=\"async\" class=\"aligncenter size-full wp-image-172621\" src=\"https:\/\/digital58.com.ve\/site\/wp-content\/uploads\/2023\/11\/WhatsApp-Image-2023-11-14-at-7.19.49-PM.jpeg\" alt=\"\" width=\"1080\" height=\"879\" srcset=\"https:\/\/digital58.com.ve\/site\/wp-content\/uploads\/2023\/11\/WhatsApp-Image-2023-11-14-at-7.19.49-PM.jpeg 1080w, https:\/\/digital58.com.ve\/site\/wp-content\/uploads\/2023\/11\/WhatsApp-Image-2023-11-14-at-7.19.49-PM-300x244.jpeg 300w, https:\/\/digital58.com.ve\/site\/wp-content\/uploads\/2023\/11\/WhatsApp-Image-2023-11-14-at-7.19.49-PM-1000x814.jpeg 1000w, https:\/\/digital58.com.ve\/site\/wp-content\/uploads\/2023\/11\/WhatsApp-Image-2023-11-14-at-7.19.49-PM-768x625.jpeg 768w\" sizes=\"auto, (max-width: 1080px) 100vw, 1080px\" \/><\/a><\/p>\n<p>La Fundaci\u00f3n Way\u00fau Tay\u00e1 es una organizaci\u00f3n, no gubernamental, sin fines de lucro, concentrada en las poblaciones vulnerables de Am\u00e9rica. A trav\u00e9s de \u00e9sta, se crean centros comunitarios de atenci\u00f3n, que permiten el acceso a los servicios, para mejorar la calidad de vida de la comunidad, respetando su autonom\u00eda y herencia.<\/p>\n<p><a href=\"https:\/\/digital58.com.ve\/site\/wp-content\/uploads\/2023\/11\/WhatsApp-Image-2023-11-14-at-7.19.51-PM.jpeg\"><img loading=\"lazy\" decoding=\"async\" class=\"aligncenter size-full wp-image-172619\" src=\"https:\/\/digital58.com.ve\/site\/wp-content\/uploads\/2023\/11\/WhatsApp-Image-2023-11-14-at-7.19.51-PM.jpeg\" alt=\"\" width=\"1080\" height=\"729\" srcset=\"https:\/\/digital58.com.ve\/site\/wp-content\/uploads\/2023\/11\/WhatsApp-Image-2023-11-14-at-7.19.51-PM.jpeg 1080w, https:\/\/digital58.com.ve\/site\/wp-content\/uploads\/2023\/11\/WhatsApp-Image-2023-11-14-at-7.19.51-PM-300x203.jpeg 300w, https:\/\/digital58.com.ve\/site\/wp-content\/uploads\/2023\/11\/WhatsApp-Image-2023-11-14-at-7.19.51-PM-1000x675.jpeg 1000w, https:\/\/digital58.com.ve\/site\/wp-content\/uploads\/2023\/11\/WhatsApp-Image-2023-11-14-at-7.19.51-PM-768x518.jpeg 768w\" sizes=\"auto, (max-width: 1080px) 100vw, 1080px\" \/><\/a><\/p>\n<p><strong>Redacci\u00f3n ND58 | Fuente: Prensa GDZ<\/strong><br \/>\n<strong>Edici\u00f3n: Villasmil, Henry<\/strong><br \/>\n<strong>Gr\u00e1ficas: Cortes\u00eda Prensa GDZ<\/strong><\/p>\n<p>&nbsp;<\/p>\n<p>&nbsp;<\/p>\n<p>&nbsp;<\/p><div class=\"oujqs69f3de3dec895\" ><p style=\"text-align: center;\"><a href=\"https:\/\/t.me\/noticiasdigital58\" target=\"_blank\" rel=\"noopener\"><img class=\"aligncenter size-full wp-image-125363\" src=\"https:\/\/digital58.com.ve\/site\/wp-content\/uploads\/2021\/04\/banner-telegram-web-2021.png\" alt=\"\" width=\"600\" height=\"90\" \/><\/a><\/p><\/div><style type=\"text\/css\">\r\n@media screen and (min-width: 1201px) {\r\n.oujqs69f3de3dec895 {\r\ndisplay: block;\r\n}\r\n}\r\n@media screen and (min-width: 993px) and (max-width: 1200px) {\r\n.oujqs69f3de3dec895 {\r\ndisplay: block;\r\n}\r\n}\r\n@media screen and (min-width: 769px) and (max-width: 992px) {\r\n.oujqs69f3de3dec895 {\r\ndisplay: block;\r\n}\r\n}\r\n@media screen and (min-width: 768px) and (max-width: 768px) {\r\n.oujqs69f3de3dec895 {\r\ndisplay: block;\r\n}\r\n}\r\n@media screen and (max-width: 767px) {\r\n.oujqs69f3de3dec895 {\r\ndisplay: block;\r\n}\r\n}\r\n<\/style>\r\n\n<p>&nbsp;<\/p>\n<div style=\"margin-top: 0px; margin-bottom: 0px;\" class=\"sharethis-inline-share-buttons\" ><\/div>","protected":false},"excerpt":{"rendered":"<p>Way\u00fau Tay\u00e1 cuenta con la presencia de diversos programas sociales en el estado Zulia que benefician los pueblos originarios en<\/p>\n","protected":false},"author":1,"featured_media":172620,"comment_status":"open","ping_status":"closed","sticky":false,"template":"","format":"standard","meta":{"colormag_page_container_layout":"default_layout","colormag_page_sidebar_layout":"default_layout","_uag_custom_page_level_css":"","footnotes":""},"categories":[14504],"tags":[32473,13579,3513,26086,73,233,32785,6670,2354,32],"class_list":["post-172618","post","type-post","status-publish","format-standard","has-post-thumbnail","hentry","category-zulia","tag-fundacion-wayuu-taya","tag-gobierno-del-zulia","tag-la-guajira","tag-manuel-rosales-guerrero","tag-maracaibo","tag-nacionales","tag-patricia-velazquez","tag-pueblos-originarios-del-zulia","tag-regionales","tag-venezuela"],"yoast_head":"<!-- This site is optimized with the Yoast SEO plugin v27.5 - https:\/\/yoast.com\/product\/yoast-seo-wordpress\/ -->\n<title>Gobernaci\u00f3n y Fundaci\u00f3n Way\u00fau Tay\u00e1 estrechan lazos de cooperaci\u00f3n para pueblos originarios del Zulia<\/title>\n<meta name=\"robots\" content=\"index, follow, max-snippet:-1, max-image-preview:large, max-video-preview:-1\" \/>\n<link rel=\"canonical\" href=\"https:\/\/digital58.com.ve\/site\/2023\/11\/15\/gobernacion-y-fundacion-wayuu-taya-estrechan-lazos-de-cooperacion-para-pueblos-originarios-del-zulia\/\" \/>\n<meta property=\"og:locale\" content=\"es_ES\" \/>\n<meta property=\"og:type\" content=\"article\" \/>\n<meta property=\"og:title\" content=\"Gobernaci\u00f3n y Fundaci\u00f3n Way\u00fau Tay\u00e1 estrechan lazos de cooperaci\u00f3n para pueblos originarios del Zulia\" \/>\n<meta property=\"og:url\" content=\"https:\/\/digital58.com.ve\/site\/2023\/11\/15\/gobernacion-y-fundacion-wayuu-taya-estrechan-lazos-de-cooperacion-para-pueblos-originarios-del-zulia\/\" \/>\n<meta property=\"og:site_name\" content=\"Noticias Digital58\" \/>\n<meta property=\"article:published_time\" content=\"2023-11-15T21:18:12+00:00\" \/>\n<meta property=\"article:modified_time\" content=\"2023-11-15T21:27:56+00:00\" \/>\n<meta property=\"og:image\" content=\"https:\/\/i0.wp.com\/digital58.com.ve\/site\/wp-content\/uploads\/2023\/11\/WhatsApp-Image-2023-11-14-at-7.19.49-PM-1.jpeg?fit=1080%2C720&ssl=1\" \/>\n\t<meta property=\"og:image:width\" content=\"1080\" \/>\n\t<meta property=\"og:image:height\" content=\"720\" \/>\n\t<meta property=\"og:image:type\" content=\"image\/jpeg\" \/>\n<meta name=\"author\" content=\"Villasmil Henry\" \/>\n<meta name=\"twitter:card\" content=\"summary_large_image\" \/>\n<meta name=\"twitter:creator\" content=\"@https:\/\/twitter.com\/villasmilhfoto\" \/>\n<meta name=\"twitter:site\" content=\"@villasmilhfoto\" \/>\n<meta name=\"twitter:label1\" content=\"Escrito por\" \/>\n\t<meta name=\"twitter:data1\" content=\"Villasmil Henry\" \/>\n\t<meta name=\"twitter:label2\" content=\"Tiempo estimado de lectura\" \/>\n\t<meta name=\"twitter:data2\" content=\"2 minutos\" \/>\n<script type=\"application\/ld+json\" class=\"yoast-schema-graph\">{\"@context\":\"https:\\\/\\\/schema.org\",\"@graph\":[{\"@type\":\"Article\",\"@id\":\"https:\\\/\\\/digital58.com.ve\\\/site\\\/2023\\\/11\\\/15\\\/gobernacion-y-fundacion-wayuu-taya-estrechan-lazos-de-cooperacion-para-pueblos-originarios-del-zulia\\\/#article\",\"isPartOf\":{\"@id\":\"https:\\\/\\\/digital58.com.ve\\\/site\\\/2023\\\/11\\\/15\\\/gobernacion-y-fundacion-wayuu-taya-estrechan-lazos-de-cooperacion-para-pueblos-originarios-del-zulia\\\/\"},\"author\":{\"name\":\"Villasmil Henry\",\"@id\":\"https:\\\/\\\/digital58.com.ve\\\/site\\\/#\\\/schema\\\/person\\\/64d1c2e4d0d4fd1b849980c4331c2951\"},\"headline\":\"Gobernaci\u00f3n y Fundaci\u00f3n Way\u00fau Tay\u00e1 estrechan lazos de cooperaci\u00f3n para pueblos originarios del Zulia\",\"datePublished\":\"2023-11-15T21:18:12+00:00\",\"dateModified\":\"2023-11-15T21:27:56+00:00\",\"mainEntityOfPage\":{\"@id\":\"https:\\\/\\\/digital58.com.ve\\\/site\\\/2023\\\/11\\\/15\\\/gobernacion-y-fundacion-wayuu-taya-estrechan-lazos-de-cooperacion-para-pueblos-originarios-del-zulia\\\/\"},\"wordCount\":342,\"commentCount\":0,\"publisher\":{\"@id\":\"https:\\\/\\\/digital58.com.ve\\\/site\\\/#\\\/schema\\\/person\\\/64d1c2e4d0d4fd1b849980c4331c2951\"},\"image\":{\"@id\":\"https:\\\/\\\/digital58.com.ve\\\/site\\\/2023\\\/11\\\/15\\\/gobernacion-y-fundacion-wayuu-taya-estrechan-lazos-de-cooperacion-para-pueblos-originarios-del-zulia\\\/#primaryimage\"},\"thumbnailUrl\":\"https:\\\/\\\/digital58.com.ve\\\/site\\\/wp-content\\\/uploads\\\/2023\\\/11\\\/WhatsApp-Image-2023-11-14-at-7.19.49-PM-1.jpeg\",\"keywords\":[\"Fundaci\u00f3n Wayuu Taya\",\"Gobierno del Zulia\",\"La Guajira\",\"Manuel Rosales Guerrero\",\"Maracaibo\",\"Nacionales\",\"Patricia Vel\u00e1zquez\",\"Pueblos Originarios del Zulia\",\"Regionales\",\"Venezuela\"],\"articleSection\":[\"Zulia\"],\"inLanguage\":\"es\",\"potentialAction\":[{\"@type\":\"CommentAction\",\"name\":\"Comment\",\"target\":[\"https:\\\/\\\/digital58.com.ve\\\/site\\\/2023\\\/11\\\/15\\\/gobernacion-y-fundacion-wayuu-taya-estrechan-lazos-de-cooperacion-para-pueblos-originarios-del-zulia\\\/#respond\"]}]},{\"@type\":\"WebPage\",\"@id\":\"https:\\\/\\\/digital58.com.ve\\\/site\\\/2023\\\/11\\\/15\\\/gobernacion-y-fundacion-wayuu-taya-estrechan-lazos-de-cooperacion-para-pueblos-originarios-del-zulia\\\/\",\"url\":\"https:\\\/\\\/digital58.com.ve\\\/site\\\/2023\\\/11\\\/15\\\/gobernacion-y-fundacion-wayuu-taya-estrechan-lazos-de-cooperacion-para-pueblos-originarios-del-zulia\\\/\",\"name\":\"Gobernaci\u00f3n y Fundaci\u00f3n Way\u00fau Tay\u00e1 estrechan lazos de cooperaci\u00f3n para pueblos originarios del Zulia\",\"isPartOf\":{\"@id\":\"https:\\\/\\\/digital58.com.ve\\\/site\\\/#website\"},\"primaryImageOfPage\":{\"@id\":\"https:\\\/\\\/digital58.com.ve\\\/site\\\/2023\\\/11\\\/15\\\/gobernacion-y-fundacion-wayuu-taya-estrechan-lazos-de-cooperacion-para-pueblos-originarios-del-zulia\\\/#primaryimage\"},\"image\":{\"@id\":\"https:\\\/\\\/digital58.com.ve\\\/site\\\/2023\\\/11\\\/15\\\/gobernacion-y-fundacion-wayuu-taya-estrechan-lazos-de-cooperacion-para-pueblos-originarios-del-zulia\\\/#primaryimage\"},\"thumbnailUrl\":\"https:\\\/\\\/digital58.com.ve\\\/site\\\/wp-content\\\/uploads\\\/2023\\\/11\\\/WhatsApp-Image-2023-11-14-at-7.19.49-PM-1.jpeg\",\"datePublished\":\"2023-11-15T21:18:12+00:00\",\"dateModified\":\"2023-11-15T21:27:56+00:00\",\"breadcrumb\":{\"@id\":\"https:\\\/\\\/digital58.com.ve\\\/site\\\/2023\\\/11\\\/15\\\/gobernacion-y-fundacion-wayuu-taya-estrechan-lazos-de-cooperacion-para-pueblos-originarios-del-zulia\\\/#breadcrumb\"},\"inLanguage\":\"es\",\"potentialAction\":[{\"@type\":\"ReadAction\",\"target\":[\"https:\\\/\\\/digital58.com.ve\\\/site\\\/2023\\\/11\\\/15\\\/gobernacion-y-fundacion-wayuu-taya-estrechan-lazos-de-cooperacion-para-pueblos-originarios-del-zulia\\\/\"]}]},{\"@type\":\"ImageObject\",\"inLanguage\":\"es\",\"@id\":\"https:\\\/\\\/digital58.com.ve\\\/site\\\/2023\\\/11\\\/15\\\/gobernacion-y-fundacion-wayuu-taya-estrechan-lazos-de-cooperacion-para-pueblos-originarios-del-zulia\\\/#primaryimage\",\"url\":\"https:\\\/\\\/digital58.com.ve\\\/site\\\/wp-content\\\/uploads\\\/2023\\\/11\\\/WhatsApp-Image-2023-11-14-at-7.19.49-PM-1.jpeg\",\"contentUrl\":\"https:\\\/\\\/digital58.com.ve\\\/site\\\/wp-content\\\/uploads\\\/2023\\\/11\\\/WhatsApp-Image-2023-11-14-at-7.19.49-PM-1.jpeg\",\"width\":1080,\"height\":720},{\"@type\":\"BreadcrumbList\",\"@id\":\"https:\\\/\\\/digital58.com.ve\\\/site\\\/2023\\\/11\\\/15\\\/gobernacion-y-fundacion-wayuu-taya-estrechan-lazos-de-cooperacion-para-pueblos-originarios-del-zulia\\\/#breadcrumb\",\"itemListElement\":[{\"@type\":\"ListItem\",\"position\":1,\"name\":\"Home\",\"item\":\"https:\\\/\\\/digital58.com.ve\\\/site\\\/\"},{\"@type\":\"ListItem\",\"position\":2,\"name\":\"Gobernaci\u00f3n y Fundaci\u00f3n Way\u00fau Tay\u00e1 estrechan lazos de cooperaci\u00f3n para pueblos originarios del Zulia\"}]},{\"@type\":\"WebSite\",\"@id\":\"https:\\\/\\\/digital58.com.ve\\\/site\\\/#website\",\"url\":\"https:\\\/\\\/digital58.com.ve\\\/site\\\/\",\"name\":\"Noticias Digital58\",\"description\":\"Portal de Noticias \u00a1Periodismo web de verdad! Lanzamiento web 22.11.2005 \\\/ Maracaibo, Venezuela\",\"publisher\":{\"@id\":\"https:\\\/\\\/digital58.com.ve\\\/site\\\/#\\\/schema\\\/person\\\/64d1c2e4d0d4fd1b849980c4331c2951\"},\"alternateName\":\"ND58\",\"potentialAction\":[{\"@type\":\"SearchAction\",\"target\":{\"@type\":\"EntryPoint\",\"urlTemplate\":\"https:\\\/\\\/digital58.com.ve\\\/site\\\/?s={search_term_string}\"},\"query-input\":{\"@type\":\"PropertyValueSpecification\",\"valueRequired\":true,\"valueName\":\"search_term_string\"}}],\"inLanguage\":\"es\"},{\"@type\":[\"Person\",\"Organization\"],\"@id\":\"https:\\\/\\\/digital58.com.ve\\\/site\\\/#\\\/schema\\\/person\\\/64d1c2e4d0d4fd1b849980c4331c2951\",\"name\":\"Villasmil Henry\",\"image\":{\"@type\":\"ImageObject\",\"inLanguage\":\"es\",\"@id\":\"https:\\\/\\\/secure.gravatar.com\\\/avatar\\\/bb0c4a2fcb7970138239f7e404ea75757b1b507b28b5ce4c53fbd62d797c5a7c?s=96&d=mm&r=g\",\"url\":\"https:\\\/\\\/secure.gravatar.com\\\/avatar\\\/bb0c4a2fcb7970138239f7e404ea75757b1b507b28b5ce4c53fbd62d797c5a7c?s=96&d=mm&r=g\",\"contentUrl\":\"https:\\\/\\\/secure.gravatar.com\\\/avatar\\\/bb0c4a2fcb7970138239f7e404ea75757b1b507b28b5ce4c53fbd62d797c5a7c?s=96&d=mm&r=g\",\"caption\":\"Villasmil Henry\"},\"logo\":{\"@id\":\"https:\\\/\\\/secure.gravatar.com\\\/avatar\\\/bb0c4a2fcb7970138239f7e404ea75757b1b507b28b5ce4c53fbd62d797c5a7c?s=96&d=mm&r=g\"},\"sameAs\":[\"http:\\\/\\\/www.henryvillasmil.com.ve\",\"https:\\\/\\\/www.instagram.com\\\/villasmilhfoto\\\/\",\"https:\\\/\\\/x.com\\\/https:\\\/\\\/twitter.com\\\/villasmilhfoto\"],\"url\":\"https:\\\/\\\/digital58.com.ve\\\/site\\\/author\\\/droopy_68\\\/\"}]}<\/script>\n<!-- \/ Yoast SEO plugin. -->","yoast_head_json":{"title":"Gobernaci\u00f3n y Fundaci\u00f3n Way\u00fau Tay\u00e1 estrechan lazos de cooperaci\u00f3n para pueblos originarios del Zulia","robots":{"index":"index","follow":"follow","max-snippet":"max-snippet:-1","max-image-preview":"max-image-preview:large","max-video-preview":"max-video-preview:-1"},"canonical":"https:\/\/digital58.com.ve\/site\/2023\/11\/15\/gobernacion-y-fundacion-wayuu-taya-estrechan-lazos-de-cooperacion-para-pueblos-originarios-del-zulia\/","og_locale":"es_ES","og_type":"article","og_title":"Gobernaci\u00f3n y Fundaci\u00f3n Way\u00fau Tay\u00e1 estrechan lazos de cooperaci\u00f3n para pueblos originarios del Zulia","og_url":"https:\/\/digital58.com.ve\/site\/2023\/11\/15\/gobernacion-y-fundacion-wayuu-taya-estrechan-lazos-de-cooperacion-para-pueblos-originarios-del-zulia\/","og_site_name":"Noticias Digital58","article_published_time":"2023-11-15T21:18:12+00:00","article_modified_time":"2023-11-15T21:27:56+00:00","og_image":[{"width":1080,"height":720,"url":"https:\/\/i0.wp.com\/digital58.com.ve\/site\/wp-content\/uploads\/2023\/11\/WhatsApp-Image-2023-11-14-at-7.19.49-PM-1.jpeg?fit=1080%2C720&ssl=1","type":"image\/jpeg"}],"author":"Villasmil Henry","twitter_card":"summary_large_image","twitter_creator":"@https:\/\/twitter.com\/villasmilhfoto","twitter_site":"@villasmilhfoto","twitter_misc":{"Escrito por":"Villasmil Henry","Tiempo estimado de lectura":"2 minutos"},"schema":{"@context":"https:\/\/schema.org","@graph":[{"@type":"Article","@id":"https:\/\/digital58.com.ve\/site\/2023\/11\/15\/gobernacion-y-fundacion-wayuu-taya-estrechan-lazos-de-cooperacion-para-pueblos-originarios-del-zulia\/#article","isPartOf":{"@id":"https:\/\/digital58.com.ve\/site\/2023\/11\/15\/gobernacion-y-fundacion-wayuu-taya-estrechan-lazos-de-cooperacion-para-pueblos-originarios-del-zulia\/"},"author":{"name":"Villasmil Henry","@id":"https:\/\/digital58.com.ve\/site\/#\/schema\/person\/64d1c2e4d0d4fd1b849980c4331c2951"},"headline":"Gobernaci\u00f3n y Fundaci\u00f3n Way\u00fau Tay\u00e1 estrechan lazos de cooperaci\u00f3n para pueblos originarios del Zulia","datePublished":"2023-11-15T21:18:12+00:00","dateModified":"2023-11-15T21:27:56+00:00","mainEntityOfPage":{"@id":"https:\/\/digital58.com.ve\/site\/2023\/11\/15\/gobernacion-y-fundacion-wayuu-taya-estrechan-lazos-de-cooperacion-para-pueblos-originarios-del-zulia\/"},"wordCount":342,"commentCount":0,"publisher":{"@id":"https:\/\/digital58.com.ve\/site\/#\/schema\/person\/64d1c2e4d0d4fd1b849980c4331c2951"},"image":{"@id":"https:\/\/digital58.com.ve\/site\/2023\/11\/15\/gobernacion-y-fundacion-wayuu-taya-estrechan-lazos-de-cooperacion-para-pueblos-originarios-del-zulia\/#primaryimage"},"thumbnailUrl":"https:\/\/digital58.com.ve\/site\/wp-content\/uploads\/2023\/11\/WhatsApp-Image-2023-11-14-at-7.19.49-PM-1.jpeg","keywords":["Fundaci\u00f3n Wayuu Taya","Gobierno del Zulia","La Guajira","Manuel Rosales Guerrero","Maracaibo","Nacionales","Patricia Vel\u00e1zquez","Pueblos Originarios del Zulia","Regionales","Venezuela"],"articleSection":["Zulia"],"inLanguage":"es","potentialAction":[{"@type":"CommentAction","name":"Comment","target":["https:\/\/digital58.com.ve\/site\/2023\/11\/15\/gobernacion-y-fundacion-wayuu-taya-estrechan-lazos-de-cooperacion-para-pueblos-originarios-del-zulia\/#respond"]}]},{"@type":"WebPage","@id":"https:\/\/digital58.com.ve\/site\/2023\/11\/15\/gobernacion-y-fundacion-wayuu-taya-estrechan-lazos-de-cooperacion-para-pueblos-originarios-del-zulia\/","url":"https:\/\/digital58.com.ve\/site\/2023\/11\/15\/gobernacion-y-fundacion-wayuu-taya-estrechan-lazos-de-cooperacion-para-pueblos-originarios-del-zulia\/","name":"Gobernaci\u00f3n y Fundaci\u00f3n Way\u00fau Tay\u00e1 estrechan lazos de cooperaci\u00f3n para pueblos originarios del Zulia","isPartOf":{"@id":"https:\/\/digital58.com.ve\/site\/#website"},"primaryImageOfPage":{"@id":"https:\/\/digital58.com.ve\/site\/2023\/11\/15\/gobernacion-y-fundacion-wayuu-taya-estrechan-lazos-de-cooperacion-para-pueblos-originarios-del-zulia\/#primaryimage"},"image":{"@id":"https:\/\/digital58.com.ve\/site\/2023\/11\/15\/gobernacion-y-fundacion-wayuu-taya-estrechan-lazos-de-cooperacion-para-pueblos-originarios-del-zulia\/#primaryimage"},"thumbnailUrl":"https:\/\/digital58.com.ve\/site\/wp-content\/uploads\/2023\/11\/WhatsApp-Image-2023-11-14-at-7.19.49-PM-1.jpeg","datePublished":"2023-11-15T21:18:12+00:00","dateModified":"2023-11-15T21:27:56+00:00","breadcrumb":{"@id":"https:\/\/digital58.com.ve\/site\/2023\/11\/15\/gobernacion-y-fundacion-wayuu-taya-estrechan-lazos-de-cooperacion-para-pueblos-originarios-del-zulia\/#breadcrumb"},"inLanguage":"es","potentialAction":[{"@type":"ReadAction","target":["https:\/\/digital58.com.ve\/site\/2023\/11\/15\/gobernacion-y-fundacion-wayuu-taya-estrechan-lazos-de-cooperacion-para-pueblos-originarios-del-zulia\/"]}]},{"@type":"ImageObject","inLanguage":"es","@id":"https:\/\/digital58.com.ve\/site\/2023\/11\/15\/gobernacion-y-fundacion-wayuu-taya-estrechan-lazos-de-cooperacion-para-pueblos-originarios-del-zulia\/#primaryimage","url":"https:\/\/digital58.com.ve\/site\/wp-content\/uploads\/2023\/11\/WhatsApp-Image-2023-11-14-at-7.19.49-PM-1.jpeg","contentUrl":"https:\/\/digital58.com.ve\/site\/wp-content\/uploads\/2023\/11\/WhatsApp-Image-2023-11-14-at-7.19.49-PM-1.jpeg","width":1080,"height":720},{"@type":"BreadcrumbList","@id":"https:\/\/digital58.com.ve\/site\/2023\/11\/15\/gobernacion-y-fundacion-wayuu-taya-estrechan-lazos-de-cooperacion-para-pueblos-originarios-del-zulia\/#breadcrumb","itemListElement":[{"@type":"ListItem","position":1,"name":"Home","item":"https:\/\/digital58.com.ve\/site\/"},{"@type":"ListItem","position":2,"name":"Gobernaci\u00f3n y Fundaci\u00f3n Way\u00fau Tay\u00e1 estrechan lazos de cooperaci\u00f3n para pueblos originarios del Zulia"}]},{"@type":"WebSite","@id":"https:\/\/digital58.com.ve\/site\/#website","url":"https:\/\/digital58.com.ve\/site\/","name":"Noticias Digital58","description":"Portal de Noticias \u00a1Periodismo web de verdad! Lanzamiento web 22.11.2005 \/ Maracaibo, Venezuela","publisher":{"@id":"https:\/\/digital58.com.ve\/site\/#\/schema\/person\/64d1c2e4d0d4fd1b849980c4331c2951"},"alternateName":"ND58","potentialAction":[{"@type":"SearchAction","target":{"@type":"EntryPoint","urlTemplate":"https:\/\/digital58.com.ve\/site\/?s={search_term_string}"},"query-input":{"@type":"PropertyValueSpecification","valueRequired":true,"valueName":"search_term_string"}}],"inLanguage":"es"},{"@type":["Person","Organization"],"@id":"https:\/\/digital58.com.ve\/site\/#\/schema\/person\/64d1c2e4d0d4fd1b849980c4331c2951","name":"Villasmil Henry","image":{"@type":"ImageObject","inLanguage":"es","@id":"https:\/\/secure.gravatar.com\/avatar\/bb0c4a2fcb7970138239f7e404ea75757b1b507b28b5ce4c53fbd62d797c5a7c?s=96&d=mm&r=g","url":"https:\/\/secure.gravatar.com\/avatar\/bb0c4a2fcb7970138239f7e404ea75757b1b507b28b5ce4c53fbd62d797c5a7c?s=96&d=mm&r=g","contentUrl":"https:\/\/secure.gravatar.com\/avatar\/bb0c4a2fcb7970138239f7e404ea75757b1b507b28b5ce4c53fbd62d797c5a7c?s=96&d=mm&r=g","caption":"Villasmil Henry"},"logo":{"@id":"https:\/\/secure.gravatar.com\/avatar\/bb0c4a2fcb7970138239f7e404ea75757b1b507b28b5ce4c53fbd62d797c5a7c?s=96&d=mm&r=g"},"sameAs":["http:\/\/www.henryvillasmil.com.ve","https:\/\/www.instagram.com\/villasmilhfoto\/","https:\/\/x.com\/https:\/\/twitter.com\/villasmilhfoto"],"url":"https:\/\/digital58.com.ve\/site\/author\/droopy_68\/"}]}},"uagb_featured_image_src":{"full":["https:\/\/digital58.com.ve\/site\/wp-content\/uploads\/2023\/11\/WhatsApp-Image-2023-11-14-at-7.19.49-PM-1.jpeg",1080,720,false],"thumbnail":["https:\/\/digital58.com.ve\/site\/wp-content\/uploads\/2023\/11\/WhatsApp-Image-2023-11-14-at-7.19.49-PM-1-150x150.jpeg",150,150,true],"medium":["https:\/\/digital58.com.ve\/site\/wp-content\/uploads\/2023\/11\/WhatsApp-Image-2023-11-14-at-7.19.49-PM-1-300x200.jpeg",300,200,true],"medium_large":["https:\/\/digital58.com.ve\/site\/wp-content\/uploads\/2023\/11\/WhatsApp-Image-2023-11-14-at-7.19.49-PM-1-768x512.jpeg",768,512,true],"large":["https:\/\/digital58.com.ve\/site\/wp-content\/uploads\/2023\/11\/WhatsApp-Image-2023-11-14-at-7.19.49-PM-1-1000x667.jpeg",800,534,true],"1536x1536":["https:\/\/digital58.com.ve\/site\/wp-content\/uploads\/2023\/11\/WhatsApp-Image-2023-11-14-at-7.19.49-PM-1.jpeg",1080,720,false],"2048x2048":["https:\/\/digital58.com.ve\/site\/wp-content\/uploads\/2023\/11\/WhatsApp-Image-2023-11-14-at-7.19.49-PM-1.jpeg",1080,720,false],"colormag-highlighted-post":["https:\/\/digital58.com.ve\/site\/wp-content\/uploads\/2023\/11\/WhatsApp-Image-2023-11-14-at-7.19.49-PM-1-392x272.jpeg",392,272,true],"colormag-featured-post-medium":["https:\/\/digital58.com.ve\/site\/wp-content\/uploads\/2023\/11\/WhatsApp-Image-2023-11-14-at-7.19.49-PM-1-390x205.jpeg",390,205,true],"colormag-featured-post-small":["https:\/\/digital58.com.ve\/site\/wp-content\/uploads\/2023\/11\/WhatsApp-Image-2023-11-14-at-7.19.49-PM-1-130x90.jpeg",130,90,true],"colormag-featured-image":["https:\/\/digital58.com.ve\/site\/wp-content\/uploads\/2023\/11\/WhatsApp-Image-2023-11-14-at-7.19.49-PM-1-800x445.jpeg",800,445,true],"colormag-default-news":["https:\/\/digital58.com.ve\/site\/wp-content\/uploads\/2023\/11\/WhatsApp-Image-2023-11-14-at-7.19.49-PM-1-150x150.jpeg",150,150,true],"colormag-featured-image-large":["https:\/\/digital58.com.ve\/site\/wp-content\/uploads\/2023\/11\/WhatsApp-Image-2023-11-14-at-7.19.49-PM-1-1080x600.jpeg",1080,600,true]},"uagb_author_info":{"display_name":"Villasmil Henry","author_link":"https:\/\/digital58.com.ve\/site\/author\/droopy_68\/"},"uagb_comment_info":0,"uagb_excerpt":"Way\u00fau Tay\u00e1 cuenta con la presencia de diversos programas sociales en el estado Zulia que benefician los pueblos originarios en","_links":{"self":[{"href":"https:\/\/digital58.com.ve\/site\/wp-json\/wp\/v2\/posts\/172618","targetHints":{"allow":["GET"]}}],"collection":[{"href":"https:\/\/digital58.com.ve\/site\/wp-json\/wp\/v2\/posts"}],"about":[{"href":"https:\/\/digital58.com.ve\/site\/wp-json\/wp\/v2\/types\/post"}],"author":[{"embeddable":true,"href":"https:\/\/digital58.com.ve\/site\/wp-json\/wp\/v2\/users\/1"}],"replies":[{"embeddable":true,"href":"https:\/\/digital58.com.ve\/site\/wp-json\/wp\/v2\/comments?post=172618"}],"version-history":[{"count":1,"href":"https:\/\/digital58.com.ve\/site\/wp-json\/wp\/v2\/posts\/172618\/revisions"}],"predecessor-version":[{"id":172623,"href":"https:\/\/digital58.com.ve\/site\/wp-json\/wp\/v2\/posts\/172618\/revisions\/172623"}],"wp:featuredmedia":[{"embeddable":true,"href":"https:\/\/digital58.com.ve\/site\/wp-json\/wp\/v2\/media\/172620"}],"wp:attachment":[{"href":"https:\/\/digital58.com.ve\/site\/wp-json\/wp\/v2\/media?parent=172618"}],"wp:term":[{"taxonomy":"category","embeddable":true,"href":"https:\/\/digital58.com.ve\/site\/wp-json\/wp\/v2\/categories?post=172618"},{"taxonomy":"post_tag","embeddable":true,"href":"https:\/\/digital58.com.ve\/site\/wp-json\/wp\/v2\/tags?post=172618"}],"curies":[{"name":"wp","href":"https:\/\/api.w.org\/{rel}","templated":true}]}}