{"id":172668,"date":"2023-11-17T13:36:21","date_gmt":"2023-11-17T17:36:21","guid":{"rendered":"https:\/\/digital58.com.ve\/site\/?p=172668"},"modified":"2023-11-17T13:36:21","modified_gmt":"2023-11-17T17:36:21","slug":"zulia-san-francisco-eligio-a-su-nueva-soberana-para-la-feria-de-la-chinita-2023","status":"publish","type":"post","link":"https:\/\/digital58.com.ve\/site\/2023\/11\/17\/zulia-san-francisco-eligio-a-su-nueva-soberana-para-la-feria-de-la-chinita-2023\/","title":{"rendered":"#Zulia | San Francisco eligi\u00f3 a su nueva soberana para la Feria de la Chinita 2023"},"content":{"rendered":"<p><a href=\"https:\/\/digital58.com.ve\/site\/wp-content\/uploads\/2023\/11\/reina-san-francisco-3.jpg\"><img loading=\"lazy\" decoding=\"async\" class=\"aligncenter size-full wp-image-172672\" src=\"https:\/\/digital58.com.ve\/site\/wp-content\/uploads\/2023\/11\/reina-san-francisco-3.jpg\" alt=\"\" width=\"800\" height=\"533\" srcset=\"https:\/\/digital58.com.ve\/site\/wp-content\/uploads\/2023\/11\/reina-san-francisco-3.jpg 800w, https:\/\/digital58.com.ve\/site\/wp-content\/uploads\/2023\/11\/reina-san-francisco-3-300x200.jpg 300w, https:\/\/digital58.com.ve\/site\/wp-content\/uploads\/2023\/11\/reina-san-francisco-3-768x512.jpg 768w\" sizes=\"auto, (max-width: 800px) 100vw, 800px\" \/><\/a><\/p>\n<p>Luego de semanas de arduo trabajo, disciplina, constancia y dedicaci\u00f3n, Paola Contreras, conquist\u00f3 el t\u00edtulo de Reina de la Feria de la Chinita San Francisco 2023. El cuadro final lo complet\u00f3 Andrea Caldera, electa Reina de Turismo, mientr\u00e1s que Jetsiany S\u00e1nchez, Yorianny Guerrero y Marynes Barrera, quedaron como primera, segunda y tercera finalista.<\/p>\n<p><strong>Municipio San Francisco, Zulia, Venezuela, 17 de noviembre de 2023 (ND58).-<\/strong> Una extraordinaria noche llena de grandes emociones y momentos inolvidables, fue la que vivieron las 11 j\u00f3venes sanfranciscanas que participaron en este concurso de belleza, organizado por la Gerencia de Desarrollo Social y Participaci\u00f3n Ciudadana, dirigida por la abogada, Fabiana Mar\u00edn.<\/p>\n<p><a href=\"https:\/\/digital58.com.ve\/site\/wp-content\/uploads\/2023\/11\/reina-san-francisco-2.jpg\"><img loading=\"lazy\" decoding=\"async\" class=\"aligncenter size-full wp-image-172673\" src=\"https:\/\/digital58.com.ve\/site\/wp-content\/uploads\/2023\/11\/reina-san-francisco-2.jpg\" alt=\"\" width=\"800\" height=\"576\" srcset=\"https:\/\/digital58.com.ve\/site\/wp-content\/uploads\/2023\/11\/reina-san-francisco-2.jpg 800w, https:\/\/digital58.com.ve\/site\/wp-content\/uploads\/2023\/11\/reina-san-francisco-2-300x216.jpg 300w, https:\/\/digital58.com.ve\/site\/wp-content\/uploads\/2023\/11\/reina-san-francisco-2-768x553.jpg 768w\" sizes=\"auto, (max-width: 800px) 100vw, 800px\" \/><\/a><\/p>\n<p>El alcalde Gustavo Fern\u00e1ndez, acompa\u00f1ado por la primera dama y presidente del Comit\u00e9 de Feria, Franciela Nu\u00f1ez de Fern\u00e1ndez, y dem\u00e1s autoridades municipales, invit\u00f3 nuevamente a los ciudadanos dentro y fuera de la entidad sure\u00f1a, a disfrutar del gran Amanecer de Feria, este pr\u00f3ximo 17 de noviembre en la avenida 40, Villa Bolivariana de la Urbanizaci\u00f3n San Francisco.<\/p>\n<p><a href=\"https:\/\/digital58.com.ve\/site\/wp-content\/uploads\/2023\/11\/reina-san-francisco-1.jpg\"><img loading=\"lazy\" decoding=\"async\" class=\"aligncenter size-full wp-image-172674\" src=\"https:\/\/digital58.com.ve\/site\/wp-content\/uploads\/2023\/11\/reina-san-francisco-1.jpg\" alt=\"\" width=\"800\" height=\"535\" srcset=\"https:\/\/digital58.com.ve\/site\/wp-content\/uploads\/2023\/11\/reina-san-francisco-1.jpg 800w, https:\/\/digital58.com.ve\/site\/wp-content\/uploads\/2023\/11\/reina-san-francisco-1-300x201.jpg 300w, https:\/\/digital58.com.ve\/site\/wp-content\/uploads\/2023\/11\/reina-san-francisco-1-768x514.jpg 768w\" sizes=\"auto, (max-width: 800px) 100vw, 800px\" \/><\/a><\/p>\n<p>Desde la Concha Ac\u00fastica del Instituto P\u00fablico Municipal de Cultura \u00abJuan de Dios Mart\u00ednez\u00bb y por segundo a\u00f1o consecutivo, los espectadores disfrutaron de un grandioso show musical, que estuvo a cargo de Junior Diaz, Edinson Yepes, la presentaci\u00f3n especial de Abraham Alzate, ganador del Festival La Voz Infantil y Juvenil, San Francisco 2023, bajo la producci\u00f3n de VM Dance Estudio, en medio de un contagioso ambiente de feria.<\/p>\n<p><a href=\"https:\/\/digital58.com.ve\/site\/wp-content\/uploads\/2023\/11\/reina-san-francisco-4.jpg\"><img loading=\"lazy\" decoding=\"async\" class=\"aligncenter size-full wp-image-172671\" src=\"https:\/\/digital58.com.ve\/site\/wp-content\/uploads\/2023\/11\/reina-san-francisco-4.jpg\" alt=\"\" width=\"800\" height=\"533\" srcset=\"https:\/\/digital58.com.ve\/site\/wp-content\/uploads\/2023\/11\/reina-san-francisco-4.jpg 800w, https:\/\/digital58.com.ve\/site\/wp-content\/uploads\/2023\/11\/reina-san-francisco-4-300x200.jpg 300w, https:\/\/digital58.com.ve\/site\/wp-content\/uploads\/2023\/11\/reina-san-francisco-4-768x512.jpg 768w\" sizes=\"auto, (max-width: 800px) 100vw, 800px\" \/><\/a><\/p>\n<p>\u00abSeguimos rescatando y enalteciendo las costumbres y tradiciones en nuestro municipio, brind\u00e1ndoles a los sanfranciscanos actividades y espacios destinados para la distracci\u00f3n y el sano esparcimiento, durante los meses m\u00e1s bonitos del a\u00f1o, donde celebramos las festividades en honor a la Virgen Morena y la Navidad\u00bb, afirm\u00f3 la m\u00e1xima autoridad civil de la localidad sure\u00f1a.<\/p>\n<p><a href=\"https:\/\/digital58.com.ve\/site\/wp-content\/uploads\/2023\/11\/reina-san-francisco-6.jpg\"><img loading=\"lazy\" decoding=\"async\" class=\"aligncenter size-full wp-image-172669\" src=\"https:\/\/digital58.com.ve\/site\/wp-content\/uploads\/2023\/11\/reina-san-francisco-6.jpg\" alt=\"\" width=\"800\" height=\"533\" srcset=\"https:\/\/digital58.com.ve\/site\/wp-content\/uploads\/2023\/11\/reina-san-francisco-6.jpg 800w, https:\/\/digital58.com.ve\/site\/wp-content\/uploads\/2023\/11\/reina-san-francisco-6-300x200.jpg 300w, https:\/\/digital58.com.ve\/site\/wp-content\/uploads\/2023\/11\/reina-san-francisco-6-768x512.jpg 768w\" sizes=\"auto, (max-width: 800px) 100vw, 800px\" \/><\/a><\/p>\n<p><a href=\"https:\/\/digital58.com.ve\/site\/wp-content\/uploads\/2023\/11\/reina-san-francisco-5.jpg\"><img loading=\"lazy\" decoding=\"async\" class=\"aligncenter size-full wp-image-172670\" src=\"https:\/\/digital58.com.ve\/site\/wp-content\/uploads\/2023\/11\/reina-san-francisco-5.jpg\" alt=\"\" width=\"800\" height=\"533\" srcset=\"https:\/\/digital58.com.ve\/site\/wp-content\/uploads\/2023\/11\/reina-san-francisco-5.jpg 800w, https:\/\/digital58.com.ve\/site\/wp-content\/uploads\/2023\/11\/reina-san-francisco-5-300x200.jpg 300w, https:\/\/digital58.com.ve\/site\/wp-content\/uploads\/2023\/11\/reina-san-francisco-5-768x512.jpg 768w\" sizes=\"auto, (max-width: 800px) 100vw, 800px\" \/><\/a><\/p>\n<p><strong>Redacci\u00f3n ND58 | Fuente: Prensa ADSF<\/strong><br \/>\n<strong>Edici\u00f3n: Villasmil, Henry<\/strong><br \/>\n<strong>Gr\u00e1ficas: Cortes\u00eda Prensa ADSF<\/strong><\/p>\n<p>&nbsp;<\/p><div class=\"eacuq69f4403836d5b\" ><p style=\"text-align: center;\"><a href=\"https:\/\/t.me\/noticiasdigital58\" target=\"_blank\" rel=\"noopener\"><img class=\"aligncenter size-full wp-image-125363\" src=\"https:\/\/digital58.com.ve\/site\/wp-content\/uploads\/2021\/04\/banner-telegram-web-2021.png\" alt=\"\" width=\"600\" height=\"90\" \/><\/a><\/p><\/div><style type=\"text\/css\">\r\n@media screen and (min-width: 1201px) {\r\n.eacuq69f4403836d5b {\r\ndisplay: block;\r\n}\r\n}\r\n@media screen and (min-width: 993px) and (max-width: 1200px) {\r\n.eacuq69f4403836d5b {\r\ndisplay: block;\r\n}\r\n}\r\n@media screen and (min-width: 769px) and (max-width: 992px) {\r\n.eacuq69f4403836d5b {\r\ndisplay: block;\r\n}\r\n}\r\n@media screen and (min-width: 768px) and (max-width: 768px) {\r\n.eacuq69f4403836d5b {\r\ndisplay: block;\r\n}\r\n}\r\n@media screen and (max-width: 767px) {\r\n.eacuq69f4403836d5b {\r\ndisplay: block;\r\n}\r\n}\r\n<\/style>\r\n\n<p>&nbsp;<\/p>\n<div style=\"margin-top: 0px; margin-bottom: 0px;\" class=\"sharethis-inline-share-buttons\" ><\/div>","protected":false},"excerpt":{"rendered":"<p>Luego de semanas de arduo trabajo, disciplina, constancia y dedicaci\u00f3n, Paola Contreras, conquist\u00f3 el t\u00edtulo de Reina de la Feria<\/p>\n","protected":false},"author":1,"featured_media":172669,"comment_status":"open","ping_status":"closed","sticky":false,"template":"","format":"standard","meta":{"colormag_page_container_layout":"default_layout","colormag_page_sidebar_layout":"default_layout","_uag_custom_page_level_css":"","footnotes":""},"categories":[14504],"tags":[32693,27803,26001,5816,233,2354,32],"class_list":["post-172668","post","type-post","status-publish","format-standard","has-post-thumbnail","hentry","category-zulia","tag-feria-de-la-chinita-2023","tag-franciela-nunez-de-fernandez","tag-gustavo-fernandez","tag-municipio-san-francisco","tag-nacionales","tag-regionales","tag-venezuela"],"yoast_head":"<!-- This site is optimized with the Yoast SEO plugin v27.5 - https:\/\/yoast.com\/product\/yoast-seo-wordpress\/ -->\n<title>#Zulia | San Francisco eligi\u00f3 a su nueva soberana para la Feria de la Chinita 2023<\/title>\n<meta name=\"robots\" content=\"index, follow, max-snippet:-1, max-image-preview:large, max-video-preview:-1\" \/>\n<link rel=\"canonical\" href=\"https:\/\/digital58.com.ve\/site\/2023\/11\/17\/zulia-san-francisco-eligio-a-su-nueva-soberana-para-la-feria-de-la-chinita-2023\/\" \/>\n<meta property=\"og:locale\" content=\"es_ES\" \/>\n<meta property=\"og:type\" content=\"article\" \/>\n<meta property=\"og:title\" content=\"#Zulia | San Francisco eligi\u00f3 a su nueva soberana para la Feria de la Chinita 2023\" \/>\n<meta property=\"og:url\" content=\"https:\/\/digital58.com.ve\/site\/2023\/11\/17\/zulia-san-francisco-eligio-a-su-nueva-soberana-para-la-feria-de-la-chinita-2023\/\" \/>\n<meta property=\"og:site_name\" content=\"Noticias Digital58\" \/>\n<meta property=\"article:published_time\" content=\"2023-11-17T17:36:21+00:00\" \/>\n<meta property=\"og:image\" content=\"https:\/\/i0.wp.com\/digital58.com.ve\/site\/wp-content\/uploads\/2023\/11\/reina-san-francisco-6.jpg?fit=800%2C533&ssl=1\" \/>\n\t<meta property=\"og:image:width\" content=\"800\" \/>\n\t<meta property=\"og:image:height\" content=\"533\" \/>\n\t<meta property=\"og:image:type\" content=\"image\/jpeg\" \/>\n<meta name=\"author\" content=\"Villasmil Henry\" \/>\n<meta name=\"twitter:card\" content=\"summary_large_image\" \/>\n<meta name=\"twitter:creator\" content=\"@https:\/\/twitter.com\/villasmilhfoto\" \/>\n<meta name=\"twitter:site\" content=\"@villasmilhfoto\" \/>\n<meta name=\"twitter:label1\" content=\"Escrito por\" \/>\n\t<meta name=\"twitter:data1\" content=\"Villasmil Henry\" \/>\n\t<meta name=\"twitter:label2\" content=\"Tiempo estimado de lectura\" \/>\n\t<meta name=\"twitter:data2\" content=\"2 minutos\" \/>\n<script type=\"application\/ld+json\" class=\"yoast-schema-graph\">{\"@context\":\"https:\\\/\\\/schema.org\",\"@graph\":[{\"@type\":\"Article\",\"@id\":\"https:\\\/\\\/digital58.com.ve\\\/site\\\/2023\\\/11\\\/17\\\/zulia-san-francisco-eligio-a-su-nueva-soberana-para-la-feria-de-la-chinita-2023\\\/#article\",\"isPartOf\":{\"@id\":\"https:\\\/\\\/digital58.com.ve\\\/site\\\/2023\\\/11\\\/17\\\/zulia-san-francisco-eligio-a-su-nueva-soberana-para-la-feria-de-la-chinita-2023\\\/\"},\"author\":{\"name\":\"Villasmil Henry\",\"@id\":\"https:\\\/\\\/digital58.com.ve\\\/site\\\/#\\\/schema\\\/person\\\/64d1c2e4d0d4fd1b849980c4331c2951\"},\"headline\":\"#Zulia | San Francisco eligi\u00f3 a su nueva soberana para la Feria de la Chinita 2023\",\"datePublished\":\"2023-11-17T17:36:21+00:00\",\"mainEntityOfPage\":{\"@id\":\"https:\\\/\\\/digital58.com.ve\\\/site\\\/2023\\\/11\\\/17\\\/zulia-san-francisco-eligio-a-su-nueva-soberana-para-la-feria-de-la-chinita-2023\\\/\"},\"wordCount\":339,\"commentCount\":0,\"publisher\":{\"@id\":\"https:\\\/\\\/digital58.com.ve\\\/site\\\/#\\\/schema\\\/person\\\/64d1c2e4d0d4fd1b849980c4331c2951\"},\"image\":{\"@id\":\"https:\\\/\\\/digital58.com.ve\\\/site\\\/2023\\\/11\\\/17\\\/zulia-san-francisco-eligio-a-su-nueva-soberana-para-la-feria-de-la-chinita-2023\\\/#primaryimage\"},\"thumbnailUrl\":\"https:\\\/\\\/digital58.com.ve\\\/site\\\/wp-content\\\/uploads\\\/2023\\\/11\\\/reina-san-francisco-6.jpg\",\"keywords\":[\"Feria de la Chinita 2023\",\"Franciela N\u00fa\u00f1ez de Fern\u00e1ndez\",\"Gustavo Fern\u00e1ndez\",\"Municipio San Francisco\",\"Nacionales\",\"Regionales\",\"Venezuela\"],\"articleSection\":[\"Zulia\"],\"inLanguage\":\"es\",\"potentialAction\":[{\"@type\":\"CommentAction\",\"name\":\"Comment\",\"target\":[\"https:\\\/\\\/digital58.com.ve\\\/site\\\/2023\\\/11\\\/17\\\/zulia-san-francisco-eligio-a-su-nueva-soberana-para-la-feria-de-la-chinita-2023\\\/#respond\"]}]},{\"@type\":\"WebPage\",\"@id\":\"https:\\\/\\\/digital58.com.ve\\\/site\\\/2023\\\/11\\\/17\\\/zulia-san-francisco-eligio-a-su-nueva-soberana-para-la-feria-de-la-chinita-2023\\\/\",\"url\":\"https:\\\/\\\/digital58.com.ve\\\/site\\\/2023\\\/11\\\/17\\\/zulia-san-francisco-eligio-a-su-nueva-soberana-para-la-feria-de-la-chinita-2023\\\/\",\"name\":\"#Zulia | San Francisco eligi\u00f3 a su nueva soberana para la Feria de la Chinita 2023\",\"isPartOf\":{\"@id\":\"https:\\\/\\\/digital58.com.ve\\\/site\\\/#website\"},\"primaryImageOfPage\":{\"@id\":\"https:\\\/\\\/digital58.com.ve\\\/site\\\/2023\\\/11\\\/17\\\/zulia-san-francisco-eligio-a-su-nueva-soberana-para-la-feria-de-la-chinita-2023\\\/#primaryimage\"},\"image\":{\"@id\":\"https:\\\/\\\/digital58.com.ve\\\/site\\\/2023\\\/11\\\/17\\\/zulia-san-francisco-eligio-a-su-nueva-soberana-para-la-feria-de-la-chinita-2023\\\/#primaryimage\"},\"thumbnailUrl\":\"https:\\\/\\\/digital58.com.ve\\\/site\\\/wp-content\\\/uploads\\\/2023\\\/11\\\/reina-san-francisco-6.jpg\",\"datePublished\":\"2023-11-17T17:36:21+00:00\",\"breadcrumb\":{\"@id\":\"https:\\\/\\\/digital58.com.ve\\\/site\\\/2023\\\/11\\\/17\\\/zulia-san-francisco-eligio-a-su-nueva-soberana-para-la-feria-de-la-chinita-2023\\\/#breadcrumb\"},\"inLanguage\":\"es\",\"potentialAction\":[{\"@type\":\"ReadAction\",\"target\":[\"https:\\\/\\\/digital58.com.ve\\\/site\\\/2023\\\/11\\\/17\\\/zulia-san-francisco-eligio-a-su-nueva-soberana-para-la-feria-de-la-chinita-2023\\\/\"]}]},{\"@type\":\"ImageObject\",\"inLanguage\":\"es\",\"@id\":\"https:\\\/\\\/digital58.com.ve\\\/site\\\/2023\\\/11\\\/17\\\/zulia-san-francisco-eligio-a-su-nueva-soberana-para-la-feria-de-la-chinita-2023\\\/#primaryimage\",\"url\":\"https:\\\/\\\/digital58.com.ve\\\/site\\\/wp-content\\\/uploads\\\/2023\\\/11\\\/reina-san-francisco-6.jpg\",\"contentUrl\":\"https:\\\/\\\/digital58.com.ve\\\/site\\\/wp-content\\\/uploads\\\/2023\\\/11\\\/reina-san-francisco-6.jpg\",\"width\":800,\"height\":533},{\"@type\":\"BreadcrumbList\",\"@id\":\"https:\\\/\\\/digital58.com.ve\\\/site\\\/2023\\\/11\\\/17\\\/zulia-san-francisco-eligio-a-su-nueva-soberana-para-la-feria-de-la-chinita-2023\\\/#breadcrumb\",\"itemListElement\":[{\"@type\":\"ListItem\",\"position\":1,\"name\":\"Home\",\"item\":\"https:\\\/\\\/digital58.com.ve\\\/site\\\/\"},{\"@type\":\"ListItem\",\"position\":2,\"name\":\"#Zulia | San Francisco eligi\u00f3 a su nueva soberana para la Feria de la Chinita 2023\"}]},{\"@type\":\"WebSite\",\"@id\":\"https:\\\/\\\/digital58.com.ve\\\/site\\\/#website\",\"url\":\"https:\\\/\\\/digital58.com.ve\\\/site\\\/\",\"name\":\"Noticias Digital58\",\"description\":\"Portal de Noticias \u00a1Periodismo web de verdad! Lanzamiento web 22.11.2005 \\\/ Maracaibo, Venezuela\",\"publisher\":{\"@id\":\"https:\\\/\\\/digital58.com.ve\\\/site\\\/#\\\/schema\\\/person\\\/64d1c2e4d0d4fd1b849980c4331c2951\"},\"alternateName\":\"ND58\",\"potentialAction\":[{\"@type\":\"SearchAction\",\"target\":{\"@type\":\"EntryPoint\",\"urlTemplate\":\"https:\\\/\\\/digital58.com.ve\\\/site\\\/?s={search_term_string}\"},\"query-input\":{\"@type\":\"PropertyValueSpecification\",\"valueRequired\":true,\"valueName\":\"search_term_string\"}}],\"inLanguage\":\"es\"},{\"@type\":[\"Person\",\"Organization\"],\"@id\":\"https:\\\/\\\/digital58.com.ve\\\/site\\\/#\\\/schema\\\/person\\\/64d1c2e4d0d4fd1b849980c4331c2951\",\"name\":\"Villasmil Henry\",\"image\":{\"@type\":\"ImageObject\",\"inLanguage\":\"es\",\"@id\":\"https:\\\/\\\/secure.gravatar.com\\\/avatar\\\/bb0c4a2fcb7970138239f7e404ea75757b1b507b28b5ce4c53fbd62d797c5a7c?s=96&d=mm&r=g\",\"url\":\"https:\\\/\\\/secure.gravatar.com\\\/avatar\\\/bb0c4a2fcb7970138239f7e404ea75757b1b507b28b5ce4c53fbd62d797c5a7c?s=96&d=mm&r=g\",\"contentUrl\":\"https:\\\/\\\/secure.gravatar.com\\\/avatar\\\/bb0c4a2fcb7970138239f7e404ea75757b1b507b28b5ce4c53fbd62d797c5a7c?s=96&d=mm&r=g\",\"caption\":\"Villasmil Henry\"},\"logo\":{\"@id\":\"https:\\\/\\\/secure.gravatar.com\\\/avatar\\\/bb0c4a2fcb7970138239f7e404ea75757b1b507b28b5ce4c53fbd62d797c5a7c?s=96&d=mm&r=g\"},\"sameAs\":[\"http:\\\/\\\/www.henryvillasmil.com.ve\",\"https:\\\/\\\/www.instagram.com\\\/villasmilhfoto\\\/\",\"https:\\\/\\\/x.com\\\/https:\\\/\\\/twitter.com\\\/villasmilhfoto\"],\"url\":\"https:\\\/\\\/digital58.com.ve\\\/site\\\/author\\\/droopy_68\\\/\"}]}<\/script>\n<!-- \/ Yoast SEO plugin. -->","yoast_head_json":{"title":"#Zulia | San Francisco eligi\u00f3 a su nueva soberana para la Feria de la Chinita 2023","robots":{"index":"index","follow":"follow","max-snippet":"max-snippet:-1","max-image-preview":"max-image-preview:large","max-video-preview":"max-video-preview:-1"},"canonical":"https:\/\/digital58.com.ve\/site\/2023\/11\/17\/zulia-san-francisco-eligio-a-su-nueva-soberana-para-la-feria-de-la-chinita-2023\/","og_locale":"es_ES","og_type":"article","og_title":"#Zulia | San Francisco eligi\u00f3 a su nueva soberana para la Feria de la Chinita 2023","og_url":"https:\/\/digital58.com.ve\/site\/2023\/11\/17\/zulia-san-francisco-eligio-a-su-nueva-soberana-para-la-feria-de-la-chinita-2023\/","og_site_name":"Noticias Digital58","article_published_time":"2023-11-17T17:36:21+00:00","og_image":[{"width":800,"height":533,"url":"https:\/\/i0.wp.com\/digital58.com.ve\/site\/wp-content\/uploads\/2023\/11\/reina-san-francisco-6.jpg?fit=800%2C533&ssl=1","type":"image\/jpeg"}],"author":"Villasmil Henry","twitter_card":"summary_large_image","twitter_creator":"@https:\/\/twitter.com\/villasmilhfoto","twitter_site":"@villasmilhfoto","twitter_misc":{"Escrito por":"Villasmil Henry","Tiempo estimado de lectura":"2 minutos"},"schema":{"@context":"https:\/\/schema.org","@graph":[{"@type":"Article","@id":"https:\/\/digital58.com.ve\/site\/2023\/11\/17\/zulia-san-francisco-eligio-a-su-nueva-soberana-para-la-feria-de-la-chinita-2023\/#article","isPartOf":{"@id":"https:\/\/digital58.com.ve\/site\/2023\/11\/17\/zulia-san-francisco-eligio-a-su-nueva-soberana-para-la-feria-de-la-chinita-2023\/"},"author":{"name":"Villasmil Henry","@id":"https:\/\/digital58.com.ve\/site\/#\/schema\/person\/64d1c2e4d0d4fd1b849980c4331c2951"},"headline":"#Zulia | San Francisco eligi\u00f3 a su nueva soberana para la Feria de la Chinita 2023","datePublished":"2023-11-17T17:36:21+00:00","mainEntityOfPage":{"@id":"https:\/\/digital58.com.ve\/site\/2023\/11\/17\/zulia-san-francisco-eligio-a-su-nueva-soberana-para-la-feria-de-la-chinita-2023\/"},"wordCount":339,"commentCount":0,"publisher":{"@id":"https:\/\/digital58.com.ve\/site\/#\/schema\/person\/64d1c2e4d0d4fd1b849980c4331c2951"},"image":{"@id":"https:\/\/digital58.com.ve\/site\/2023\/11\/17\/zulia-san-francisco-eligio-a-su-nueva-soberana-para-la-feria-de-la-chinita-2023\/#primaryimage"},"thumbnailUrl":"https:\/\/digital58.com.ve\/site\/wp-content\/uploads\/2023\/11\/reina-san-francisco-6.jpg","keywords":["Feria de la Chinita 2023","Franciela N\u00fa\u00f1ez de Fern\u00e1ndez","Gustavo Fern\u00e1ndez","Municipio San Francisco","Nacionales","Regionales","Venezuela"],"articleSection":["Zulia"],"inLanguage":"es","potentialAction":[{"@type":"CommentAction","name":"Comment","target":["https:\/\/digital58.com.ve\/site\/2023\/11\/17\/zulia-san-francisco-eligio-a-su-nueva-soberana-para-la-feria-de-la-chinita-2023\/#respond"]}]},{"@type":"WebPage","@id":"https:\/\/digital58.com.ve\/site\/2023\/11\/17\/zulia-san-francisco-eligio-a-su-nueva-soberana-para-la-feria-de-la-chinita-2023\/","url":"https:\/\/digital58.com.ve\/site\/2023\/11\/17\/zulia-san-francisco-eligio-a-su-nueva-soberana-para-la-feria-de-la-chinita-2023\/","name":"#Zulia | San Francisco eligi\u00f3 a su nueva soberana para la Feria de la Chinita 2023","isPartOf":{"@id":"https:\/\/digital58.com.ve\/site\/#website"},"primaryImageOfPage":{"@id":"https:\/\/digital58.com.ve\/site\/2023\/11\/17\/zulia-san-francisco-eligio-a-su-nueva-soberana-para-la-feria-de-la-chinita-2023\/#primaryimage"},"image":{"@id":"https:\/\/digital58.com.ve\/site\/2023\/11\/17\/zulia-san-francisco-eligio-a-su-nueva-soberana-para-la-feria-de-la-chinita-2023\/#primaryimage"},"thumbnailUrl":"https:\/\/digital58.com.ve\/site\/wp-content\/uploads\/2023\/11\/reina-san-francisco-6.jpg","datePublished":"2023-11-17T17:36:21+00:00","breadcrumb":{"@id":"https:\/\/digital58.com.ve\/site\/2023\/11\/17\/zulia-san-francisco-eligio-a-su-nueva-soberana-para-la-feria-de-la-chinita-2023\/#breadcrumb"},"inLanguage":"es","potentialAction":[{"@type":"ReadAction","target":["https:\/\/digital58.com.ve\/site\/2023\/11\/17\/zulia-san-francisco-eligio-a-su-nueva-soberana-para-la-feria-de-la-chinita-2023\/"]}]},{"@type":"ImageObject","inLanguage":"es","@id":"https:\/\/digital58.com.ve\/site\/2023\/11\/17\/zulia-san-francisco-eligio-a-su-nueva-soberana-para-la-feria-de-la-chinita-2023\/#primaryimage","url":"https:\/\/digital58.com.ve\/site\/wp-content\/uploads\/2023\/11\/reina-san-francisco-6.jpg","contentUrl":"https:\/\/digital58.com.ve\/site\/wp-content\/uploads\/2023\/11\/reina-san-francisco-6.jpg","width":800,"height":533},{"@type":"BreadcrumbList","@id":"https:\/\/digital58.com.ve\/site\/2023\/11\/17\/zulia-san-francisco-eligio-a-su-nueva-soberana-para-la-feria-de-la-chinita-2023\/#breadcrumb","itemListElement":[{"@type":"ListItem","position":1,"name":"Home","item":"https:\/\/digital58.com.ve\/site\/"},{"@type":"ListItem","position":2,"name":"#Zulia | San Francisco eligi\u00f3 a su nueva soberana para la Feria de la Chinita 2023"}]},{"@type":"WebSite","@id":"https:\/\/digital58.com.ve\/site\/#website","url":"https:\/\/digital58.com.ve\/site\/","name":"Noticias Digital58","description":"Portal de Noticias \u00a1Periodismo web de verdad! Lanzamiento web 22.11.2005 \/ Maracaibo, Venezuela","publisher":{"@id":"https:\/\/digital58.com.ve\/site\/#\/schema\/person\/64d1c2e4d0d4fd1b849980c4331c2951"},"alternateName":"ND58","potentialAction":[{"@type":"SearchAction","target":{"@type":"EntryPoint","urlTemplate":"https:\/\/digital58.com.ve\/site\/?s={search_term_string}"},"query-input":{"@type":"PropertyValueSpecification","valueRequired":true,"valueName":"search_term_string"}}],"inLanguage":"es"},{"@type":["Person","Organization"],"@id":"https:\/\/digital58.com.ve\/site\/#\/schema\/person\/64d1c2e4d0d4fd1b849980c4331c2951","name":"Villasmil Henry","image":{"@type":"ImageObject","inLanguage":"es","@id":"https:\/\/secure.gravatar.com\/avatar\/bb0c4a2fcb7970138239f7e404ea75757b1b507b28b5ce4c53fbd62d797c5a7c?s=96&d=mm&r=g","url":"https:\/\/secure.gravatar.com\/avatar\/bb0c4a2fcb7970138239f7e404ea75757b1b507b28b5ce4c53fbd62d797c5a7c?s=96&d=mm&r=g","contentUrl":"https:\/\/secure.gravatar.com\/avatar\/bb0c4a2fcb7970138239f7e404ea75757b1b507b28b5ce4c53fbd62d797c5a7c?s=96&d=mm&r=g","caption":"Villasmil Henry"},"logo":{"@id":"https:\/\/secure.gravatar.com\/avatar\/bb0c4a2fcb7970138239f7e404ea75757b1b507b28b5ce4c53fbd62d797c5a7c?s=96&d=mm&r=g"},"sameAs":["http:\/\/www.henryvillasmil.com.ve","https:\/\/www.instagram.com\/villasmilhfoto\/","https:\/\/x.com\/https:\/\/twitter.com\/villasmilhfoto"],"url":"https:\/\/digital58.com.ve\/site\/author\/droopy_68\/"}]}},"uagb_featured_image_src":{"full":["https:\/\/digital58.com.ve\/site\/wp-content\/uploads\/2023\/11\/reina-san-francisco-6.jpg",800,533,false],"thumbnail":["https:\/\/digital58.com.ve\/site\/wp-content\/uploads\/2023\/11\/reina-san-francisco-6-150x150.jpg",150,150,true],"medium":["https:\/\/digital58.com.ve\/site\/wp-content\/uploads\/2023\/11\/reina-san-francisco-6-300x200.jpg",300,200,true],"medium_large":["https:\/\/digital58.com.ve\/site\/wp-content\/uploads\/2023\/11\/reina-san-francisco-6-768x512.jpg",768,512,true],"large":["https:\/\/digital58.com.ve\/site\/wp-content\/uploads\/2023\/11\/reina-san-francisco-6.jpg",800,533,false],"1536x1536":["https:\/\/digital58.com.ve\/site\/wp-content\/uploads\/2023\/11\/reina-san-francisco-6.jpg",800,533,false],"2048x2048":["https:\/\/digital58.com.ve\/site\/wp-content\/uploads\/2023\/11\/reina-san-francisco-6.jpg",800,533,false],"colormag-highlighted-post":["https:\/\/digital58.com.ve\/site\/wp-content\/uploads\/2023\/11\/reina-san-francisco-6-392x272.jpg",392,272,true],"colormag-featured-post-medium":["https:\/\/digital58.com.ve\/site\/wp-content\/uploads\/2023\/11\/reina-san-francisco-6-390x205.jpg",390,205,true],"colormag-featured-post-small":["https:\/\/digital58.com.ve\/site\/wp-content\/uploads\/2023\/11\/reina-san-francisco-6-130x90.jpg",130,90,true],"colormag-featured-image":["https:\/\/digital58.com.ve\/site\/wp-content\/uploads\/2023\/11\/reina-san-francisco-6-800x445.jpg",800,445,true],"colormag-default-news":["https:\/\/digital58.com.ve\/site\/wp-content\/uploads\/2023\/11\/reina-san-francisco-6-150x150.jpg",150,150,true],"colormag-featured-image-large":["https:\/\/digital58.com.ve\/site\/wp-content\/uploads\/2023\/11\/reina-san-francisco-6.jpg",800,533,false]},"uagb_author_info":{"display_name":"Villasmil Henry","author_link":"https:\/\/digital58.com.ve\/site\/author\/droopy_68\/"},"uagb_comment_info":0,"uagb_excerpt":"Luego de semanas de arduo trabajo, disciplina, constancia y dedicaci\u00f3n, Paola Contreras, conquist\u00f3 el t\u00edtulo de Reina de la Feria","_links":{"self":[{"href":"https:\/\/digital58.com.ve\/site\/wp-json\/wp\/v2\/posts\/172668","targetHints":{"allow":["GET"]}}],"collection":[{"href":"https:\/\/digital58.com.ve\/site\/wp-json\/wp\/v2\/posts"}],"about":[{"href":"https:\/\/digital58.com.ve\/site\/wp-json\/wp\/v2\/types\/post"}],"author":[{"embeddable":true,"href":"https:\/\/digital58.com.ve\/site\/wp-json\/wp\/v2\/users\/1"}],"replies":[{"embeddable":true,"href":"https:\/\/digital58.com.ve\/site\/wp-json\/wp\/v2\/comments?post=172668"}],"version-history":[{"count":1,"href":"https:\/\/digital58.com.ve\/site\/wp-json\/wp\/v2\/posts\/172668\/revisions"}],"predecessor-version":[{"id":172675,"href":"https:\/\/digital58.com.ve\/site\/wp-json\/wp\/v2\/posts\/172668\/revisions\/172675"}],"wp:featuredmedia":[{"embeddable":true,"href":"https:\/\/digital58.com.ve\/site\/wp-json\/wp\/v2\/media\/172669"}],"wp:attachment":[{"href":"https:\/\/digital58.com.ve\/site\/wp-json\/wp\/v2\/media?parent=172668"}],"wp:term":[{"taxonomy":"category","embeddable":true,"href":"https:\/\/digital58.com.ve\/site\/wp-json\/wp\/v2\/categories?post=172668"},{"taxonomy":"post_tag","embeddable":true,"href":"https:\/\/digital58.com.ve\/site\/wp-json\/wp\/v2\/tags?post=172668"}],"curies":[{"name":"wp","href":"https:\/\/api.w.org\/{rel}","templated":true}]}}