{"id":172789,"date":"2023-11-19T20:05:38","date_gmt":"2023-11-20T00:05:38","guid":{"rendered":"https:\/\/digital58.com.ve\/site\/?p=172789"},"modified":"2023-11-19T20:05:38","modified_gmt":"2023-11-20T00:05:38","slug":"zulia-municipio-san-francisco-celebro-con-exito-el-amanecer-de-feria-2023","status":"publish","type":"post","link":"https:\/\/digital58.com.ve\/site\/2023\/11\/19\/zulia-municipio-san-francisco-celebro-con-exito-el-amanecer-de-feria-2023\/","title":{"rendered":"#Zulia | Municipio San Francisco celebr\u00f3 con \u00e9xito el \u00abAmanecer de Feria 2023\u00bb"},"content":{"rendered":"<p><a href=\"https:\/\/digital58.com.ve\/site\/wp-content\/uploads\/2023\/11\/amanecer-msf-5.jpg\"><img loading=\"lazy\" decoding=\"async\" class=\"aligncenter size-full wp-image-172797\" src=\"https:\/\/digital58.com.ve\/site\/wp-content\/uploads\/2023\/11\/amanecer-msf-5.jpg\" alt=\"\" width=\"800\" height=\"533\" srcset=\"https:\/\/digital58.com.ve\/site\/wp-content\/uploads\/2023\/11\/amanecer-msf-5.jpg 800w, https:\/\/digital58.com.ve\/site\/wp-content\/uploads\/2023\/11\/amanecer-msf-5-300x200.jpg 300w, https:\/\/digital58.com.ve\/site\/wp-content\/uploads\/2023\/11\/amanecer-msf-5-768x512.jpg 768w\" sizes=\"auto, (max-width: 800px) 100vw, 800px\" \/><\/a><\/p>\n<p>Espect\u00e1culo caracterizado por la seguridad y cordialidad.<\/p>\n<p><strong>Municipio San Francisco, 19 de noviembre de 2023 (ND58).-<\/strong> Miles de asistentes colmaron los espacios de la avenida 40 de la Villa Bolivariana de la Urbanizaci\u00f3n San Francisco, donde disfrutaron el esplendoroso espect\u00e1culo del Amanecer de Feria que ofreci\u00f3 la Alcald\u00eda de San Francisco, en homenaje a nuestra excelsa patrona la Virgen de Chiquinquir\u00e1.<\/p>\n<p><a href=\"https:\/\/digital58.com.ve\/site\/wp-content\/uploads\/2023\/11\/amanecer-msf-7.jpg\"><img loading=\"lazy\" decoding=\"async\" class=\"aligncenter size-full wp-image-172795\" src=\"https:\/\/digital58.com.ve\/site\/wp-content\/uploads\/2023\/11\/amanecer-msf-7.jpg\" alt=\"\" width=\"800\" height=\"533\" srcset=\"https:\/\/digital58.com.ve\/site\/wp-content\/uploads\/2023\/11\/amanecer-msf-7.jpg 800w, https:\/\/digital58.com.ve\/site\/wp-content\/uploads\/2023\/11\/amanecer-msf-7-300x200.jpg 300w, https:\/\/digital58.com.ve\/site\/wp-content\/uploads\/2023\/11\/amanecer-msf-7-768x512.jpg 768w\" sizes=\"auto, (max-width: 800px) 100vw, 800px\" \/><\/a><\/p>\n<p>Con gran entusiasmo y alegr\u00eda, propios y for\u00e1neos, cantaron, bailaron y gozaron, al ritmo de variados g\u00e9neros musicales por parte de destacados artistas de amplia trayectoria regional, nacional e internacional.<\/p>\n<p><a href=\"https:\/\/digital58.com.ve\/site\/wp-content\/uploads\/2023\/11\/amanecer-msf-2.jpg\"><img loading=\"lazy\" decoding=\"async\" class=\"aligncenter size-full wp-image-172800\" src=\"https:\/\/digital58.com.ve\/site\/wp-content\/uploads\/2023\/11\/amanecer-msf-2.jpg\" alt=\"\" width=\"800\" height=\"533\" srcset=\"https:\/\/digital58.com.ve\/site\/wp-content\/uploads\/2023\/11\/amanecer-msf-2.jpg 800w, https:\/\/digital58.com.ve\/site\/wp-content\/uploads\/2023\/11\/amanecer-msf-2-300x200.jpg 300w, https:\/\/digital58.com.ve\/site\/wp-content\/uploads\/2023\/11\/amanecer-msf-2-768x512.jpg 768w\" sizes=\"auto, (max-width: 800px) 100vw, 800px\" \/><\/a><\/p>\n<p>La Alcald\u00eda de San Francisco, en conjunto con el sector privado del municipio, ofreci\u00f3 impresionantes shows que estuvieron a cargo del Ensamble Gaitero del Instituto P\u00fablico Municipal de Cultura \u00abJuan de Dios Mart\u00ednez\u00bb, los Zagalines del Padre V\u00edlchez, Lula L\u00f3pez, Dennis Daguin, Eroy Chac\u00edn, la Big Band San Francisco, Albes Show, Danelo Badell, Nelson Romero \u00abEl Ayayero\u00bb, Alitasia, Feeling Duo, Junior D\u00edaz, Edinson Yepes y Felipe Pel\u00e1ez, quienes dieron lo mejor de su repertorio musical en el escenario, demostrando su gran talento e interpretaci\u00f3n vocal.<\/p>\n<p><a href=\"https:\/\/digital58.com.ve\/site\/wp-content\/uploads\/2023\/11\/amanecer-msf-3.jpg\"><img loading=\"lazy\" decoding=\"async\" class=\"aligncenter size-full wp-image-172799\" src=\"https:\/\/digital58.com.ve\/site\/wp-content\/uploads\/2023\/11\/amanecer-msf-3.jpg\" alt=\"\" width=\"800\" height=\"533\" srcset=\"https:\/\/digital58.com.ve\/site\/wp-content\/uploads\/2023\/11\/amanecer-msf-3.jpg 800w, https:\/\/digital58.com.ve\/site\/wp-content\/uploads\/2023\/11\/amanecer-msf-3-300x200.jpg 300w, https:\/\/digital58.com.ve\/site\/wp-content\/uploads\/2023\/11\/amanecer-msf-3-768x512.jpg 768w\" sizes=\"auto, (max-width: 800px) 100vw, 800px\" \/><\/a><\/p>\n<p>El alcalde de San Francisco, Gustavo Fern\u00e1ndez, afirmo con emoci\u00f3n, \u00abAgradezco a Dios por este hermoso regalo de Navidad. Invito a todos a visitar el tradicional pesebre en la sede de la alcald\u00eda, referencia de nuestro municipio que ten\u00eda 12 a\u00f1os de ausencia.<\/p>\n<p><a href=\"https:\/\/digital58.com.ve\/site\/wp-content\/uploads\/2023\/11\/amanecer-msf-4.jpg\"><img loading=\"lazy\" decoding=\"async\" class=\"aligncenter size-full wp-image-172798\" src=\"https:\/\/digital58.com.ve\/site\/wp-content\/uploads\/2023\/11\/amanecer-msf-4.jpg\" alt=\"\" width=\"800\" height=\"533\" srcset=\"https:\/\/digital58.com.ve\/site\/wp-content\/uploads\/2023\/11\/amanecer-msf-4.jpg 800w, https:\/\/digital58.com.ve\/site\/wp-content\/uploads\/2023\/11\/amanecer-msf-4-300x200.jpg 300w, https:\/\/digital58.com.ve\/site\/wp-content\/uploads\/2023\/11\/amanecer-msf-4-768x512.jpg 768w\" sizes=\"auto, (max-width: 800px) 100vw, 800px\" \/><\/a><\/p>\n<p>Detr\u00e1s de estas actividades se encuentra todo un equipo multidisciplinario conformado por la gerencia de desarrollo social y participaci\u00f3n ciudadana, en la figura de la abogada, Fabiana Mar\u00edn, la primera dama y presidente del Comit\u00e9 de Feria, licenciada Franciela Nu\u00f1ez de Fern\u00e1ndez y al director de seguridad Donell Ocando, hacen posible brindarles un bonito espect\u00e1culo para la diversi\u00f3n y el sano esparcimiento\u00bb, destac\u00f3 el titular municipal.<\/p>\n<p><a href=\"https:\/\/digital58.com.ve\/site\/wp-content\/uploads\/2023\/11\/amanecer-msf-6.jpg\"><img loading=\"lazy\" decoding=\"async\" class=\"aligncenter size-full wp-image-172796\" src=\"https:\/\/digital58.com.ve\/site\/wp-content\/uploads\/2023\/11\/amanecer-msf-6.jpg\" alt=\"\" width=\"800\" height=\"533\" srcset=\"https:\/\/digital58.com.ve\/site\/wp-content\/uploads\/2023\/11\/amanecer-msf-6.jpg 800w, https:\/\/digital58.com.ve\/site\/wp-content\/uploads\/2023\/11\/amanecer-msf-6-300x200.jpg 300w, https:\/\/digital58.com.ve\/site\/wp-content\/uploads\/2023\/11\/amanecer-msf-6-768x512.jpg 768w\" sizes=\"auto, (max-width: 800px) 100vw, 800px\" \/><\/a><\/p>\n<p>La Feria de la Chinita en San Francisco, se desarroll\u00f3 en medio de un gran despliegue de seguridad de aproximadamente 600 efectivos de Polisur, Polic\u00eda Regional, (PR) Polic\u00eda Nacional Bolivariana (PNB) y funcionarios del Cuerpo de Bomberos, Seguridad Ciudadana y el Instituto P\u00fablico Municipal de Salud (IMSASUR) del ayuntamiento sure\u00f1o en un ambiente tranquilo, seguro y con un gran civismo ciudadano.<\/p>\n<p><a href=\"https:\/\/digital58.com.ve\/site\/wp-content\/uploads\/2023\/11\/amanecer-msf-10.jpg\"><img loading=\"lazy\" decoding=\"async\" class=\"aligncenter size-full wp-image-172792\" src=\"https:\/\/digital58.com.ve\/site\/wp-content\/uploads\/2023\/11\/amanecer-msf-10.jpg\" alt=\"\" width=\"800\" height=\"533\" srcset=\"https:\/\/digital58.com.ve\/site\/wp-content\/uploads\/2023\/11\/amanecer-msf-10.jpg 800w, https:\/\/digital58.com.ve\/site\/wp-content\/uploads\/2023\/11\/amanecer-msf-10-300x200.jpg 300w, https:\/\/digital58.com.ve\/site\/wp-content\/uploads\/2023\/11\/amanecer-msf-10-768x512.jpg 768w\" sizes=\"auto, (max-width: 800px) 100vw, 800px\" \/><\/a><\/p>\n<p>Este 18 de noviembre, los creyentes de esta advocaci\u00f3n mariana podr\u00e1n visitar la Bas\u00edlica Nuestra Se\u00f1ora de la Chiquinquir\u00e1 en la ciudad de Maracaibo, para rendirle tributo y expresarle su fervor a la Virgen Morena, renovando la fe cristiana y enalteciendo la idiosincrasia del pueblo zuliano.<\/p>\n<p><a href=\"https:\/\/digital58.com.ve\/site\/wp-content\/uploads\/2023\/11\/amanecer-msf-9.jpg\"><img loading=\"lazy\" decoding=\"async\" class=\"aligncenter size-full wp-image-172793\" src=\"https:\/\/digital58.com.ve\/site\/wp-content\/uploads\/2023\/11\/amanecer-msf-9.jpg\" alt=\"\" width=\"800\" height=\"533\" srcset=\"https:\/\/digital58.com.ve\/site\/wp-content\/uploads\/2023\/11\/amanecer-msf-9.jpg 800w, https:\/\/digital58.com.ve\/site\/wp-content\/uploads\/2023\/11\/amanecer-msf-9-300x200.jpg 300w, https:\/\/digital58.com.ve\/site\/wp-content\/uploads\/2023\/11\/amanecer-msf-9-768x512.jpg 768w\" sizes=\"auto, (max-width: 800px) 100vw, 800px\" \/><\/a><\/p>\n<p><a href=\"https:\/\/digital58.com.ve\/site\/wp-content\/uploads\/2023\/11\/amanecer-msf-8.jpg\"><img loading=\"lazy\" decoding=\"async\" class=\"aligncenter size-full wp-image-172794\" src=\"https:\/\/digital58.com.ve\/site\/wp-content\/uploads\/2023\/11\/amanecer-msf-8.jpg\" alt=\"\" width=\"800\" height=\"560\" srcset=\"https:\/\/digital58.com.ve\/site\/wp-content\/uploads\/2023\/11\/amanecer-msf-8.jpg 800w, https:\/\/digital58.com.ve\/site\/wp-content\/uploads\/2023\/11\/amanecer-msf-8-300x210.jpg 300w, https:\/\/digital58.com.ve\/site\/wp-content\/uploads\/2023\/11\/amanecer-msf-8-768x538.jpg 768w, https:\/\/digital58.com.ve\/site\/wp-content\/uploads\/2023\/11\/amanecer-msf-8-130x90.jpg 130w\" sizes=\"auto, (max-width: 800px) 100vw, 800px\" \/><\/a><\/p>\n<p><a href=\"https:\/\/digital58.com.ve\/site\/wp-content\/uploads\/2023\/11\/amanecer-msf-11.jpg\"><img loading=\"lazy\" decoding=\"async\" class=\"aligncenter size-full wp-image-172791\" src=\"https:\/\/digital58.com.ve\/site\/wp-content\/uploads\/2023\/11\/amanecer-msf-11.jpg\" alt=\"\" width=\"800\" height=\"533\" srcset=\"https:\/\/digital58.com.ve\/site\/wp-content\/uploads\/2023\/11\/amanecer-msf-11.jpg 800w, https:\/\/digital58.com.ve\/site\/wp-content\/uploads\/2023\/11\/amanecer-msf-11-300x200.jpg 300w, https:\/\/digital58.com.ve\/site\/wp-content\/uploads\/2023\/11\/amanecer-msf-11-768x512.jpg 768w\" sizes=\"auto, (max-width: 800px) 100vw, 800px\" \/><\/a><\/p>\n<p><a href=\"https:\/\/digital58.com.ve\/site\/wp-content\/uploads\/2023\/11\/amanecer-msf-12.jpg\"><img loading=\"lazy\" decoding=\"async\" class=\"aligncenter size-full wp-image-172790\" src=\"https:\/\/digital58.com.ve\/site\/wp-content\/uploads\/2023\/11\/amanecer-msf-12.jpg\" alt=\"\" width=\"800\" height=\"519\" srcset=\"https:\/\/digital58.com.ve\/site\/wp-content\/uploads\/2023\/11\/amanecer-msf-12.jpg 800w, https:\/\/digital58.com.ve\/site\/wp-content\/uploads\/2023\/11\/amanecer-msf-12-300x195.jpg 300w, https:\/\/digital58.com.ve\/site\/wp-content\/uploads\/2023\/11\/amanecer-msf-12-768x498.jpg 768w\" sizes=\"auto, (max-width: 800px) 100vw, 800px\" \/><\/a><\/p>\n<p><strong>Redacci\u00f3n ND58 | Fuente: Prensa ADSF<\/strong><br \/>\n<strong>Edici\u00f3n: Villasmil, Henry<\/strong><br \/>\n<strong>Gr\u00e1fica: Cortes\u00eda Prensa ADSF<\/strong><\/p>\n<p>&nbsp;<\/p><div class=\"quqas69f393a410898\" ><p style=\"text-align: center;\"><a href=\"https:\/\/t.me\/noticiasdigital58\" target=\"_blank\" rel=\"noopener\"><img class=\"aligncenter size-full wp-image-125363\" src=\"https:\/\/digital58.com.ve\/site\/wp-content\/uploads\/2021\/04\/banner-telegram-web-2021.png\" alt=\"\" width=\"600\" height=\"90\" \/><\/a><\/p><\/div><style type=\"text\/css\">\r\n@media screen and (min-width: 1201px) {\r\n.quqas69f393a410898 {\r\ndisplay: block;\r\n}\r\n}\r\n@media screen and (min-width: 993px) and (max-width: 1200px) {\r\n.quqas69f393a410898 {\r\ndisplay: block;\r\n}\r\n}\r\n@media screen and (min-width: 769px) and (max-width: 992px) {\r\n.quqas69f393a410898 {\r\ndisplay: block;\r\n}\r\n}\r\n@media screen and (min-width: 768px) and (max-width: 768px) {\r\n.quqas69f393a410898 {\r\ndisplay: block;\r\n}\r\n}\r\n@media screen and (max-width: 767px) {\r\n.quqas69f393a410898 {\r\ndisplay: block;\r\n}\r\n}\r\n<\/style>\r\n\n<p>&nbsp;<\/p>\n<div style=\"margin-top: 0px; margin-bottom: 0px;\" class=\"sharethis-inline-share-buttons\" ><\/div>","protected":false},"excerpt":{"rendered":"<p>Espect\u00e1culo caracterizado por la seguridad y cordialidad. Municipio San Francisco, 19 de noviembre de 2023 (ND58).- Miles de asistentes colmaron<\/p>\n","protected":false},"author":1,"featured_media":172792,"comment_status":"open","ping_status":"closed","sticky":false,"template":"","format":"standard","meta":{"colormag_page_container_layout":"default_layout","colormag_page_sidebar_layout":"default_layout","_uag_custom_page_level_css":"","footnotes":""},"categories":[14504],"tags":[4205,32778,5749,26001,5816,233,2354,32],"class_list":["post-172789","post","type-post","status-publish","format-standard","has-post-thumbnail","hentry","category-zulia","tag-alcaldia-de-san-francisco","tag-amanecer-de-feria-2023","tag-fiestas-patronales-de-nuestra-senora-del-chiquinquira","tag-gustavo-fernandez","tag-municipio-san-francisco","tag-nacionales","tag-regionales","tag-venezuela"],"yoast_head":"<!-- This site is optimized with the Yoast SEO plugin v27.5 - https:\/\/yoast.com\/product\/yoast-seo-wordpress\/ -->\n<title>#Zulia | Municipio San Francisco celebr\u00f3 con \u00e9xito el \u00abAmanecer de Feria 2023\u00bb<\/title>\n<meta name=\"robots\" content=\"index, follow, max-snippet:-1, max-image-preview:large, max-video-preview:-1\" \/>\n<link rel=\"canonical\" href=\"https:\/\/digital58.com.ve\/site\/2023\/11\/19\/zulia-municipio-san-francisco-celebro-con-exito-el-amanecer-de-feria-2023\/\" \/>\n<meta property=\"og:locale\" content=\"es_ES\" \/>\n<meta property=\"og:type\" content=\"article\" \/>\n<meta property=\"og:title\" content=\"#Zulia | Municipio San Francisco celebr\u00f3 con \u00e9xito el \u00abAmanecer de Feria 2023\u00bb\" \/>\n<meta property=\"og:url\" content=\"https:\/\/digital58.com.ve\/site\/2023\/11\/19\/zulia-municipio-san-francisco-celebro-con-exito-el-amanecer-de-feria-2023\/\" \/>\n<meta property=\"og:site_name\" content=\"Noticias Digital58\" \/>\n<meta property=\"article:published_time\" content=\"2023-11-20T00:05:38+00:00\" \/>\n<meta property=\"og:image\" content=\"https:\/\/i0.wp.com\/digital58.com.ve\/site\/wp-content\/uploads\/2023\/11\/amanecer-msf-10.jpg?fit=800%2C533&ssl=1\" \/>\n\t<meta property=\"og:image:width\" content=\"800\" \/>\n\t<meta property=\"og:image:height\" content=\"533\" \/>\n\t<meta property=\"og:image:type\" content=\"image\/jpeg\" \/>\n<meta name=\"author\" content=\"Villasmil Henry\" \/>\n<meta name=\"twitter:card\" content=\"summary_large_image\" \/>\n<meta name=\"twitter:creator\" content=\"@https:\/\/twitter.com\/villasmilhfoto\" \/>\n<meta name=\"twitter:site\" content=\"@villasmilhfoto\" \/>\n<meta name=\"twitter:label1\" content=\"Escrito por\" \/>\n\t<meta name=\"twitter:data1\" content=\"Villasmil Henry\" \/>\n\t<meta name=\"twitter:label2\" content=\"Tiempo estimado de lectura\" \/>\n\t<meta name=\"twitter:data2\" content=\"2 minutos\" \/>\n<script type=\"application\/ld+json\" class=\"yoast-schema-graph\">{\"@context\":\"https:\\\/\\\/schema.org\",\"@graph\":[{\"@type\":\"Article\",\"@id\":\"https:\\\/\\\/digital58.com.ve\\\/site\\\/2023\\\/11\\\/19\\\/zulia-municipio-san-francisco-celebro-con-exito-el-amanecer-de-feria-2023\\\/#article\",\"isPartOf\":{\"@id\":\"https:\\\/\\\/digital58.com.ve\\\/site\\\/2023\\\/11\\\/19\\\/zulia-municipio-san-francisco-celebro-con-exito-el-amanecer-de-feria-2023\\\/\"},\"author\":{\"name\":\"Villasmil Henry\",\"@id\":\"https:\\\/\\\/digital58.com.ve\\\/site\\\/#\\\/schema\\\/person\\\/64d1c2e4d0d4fd1b849980c4331c2951\"},\"headline\":\"#Zulia | Municipio San Francisco celebr\u00f3 con \u00e9xito el \u00abAmanecer de Feria 2023\u00bb\",\"datePublished\":\"2023-11-20T00:05:38+00:00\",\"mainEntityOfPage\":{\"@id\":\"https:\\\/\\\/digital58.com.ve\\\/site\\\/2023\\\/11\\\/19\\\/zulia-municipio-san-francisco-celebro-con-exito-el-amanecer-de-feria-2023\\\/\"},\"wordCount\":452,\"commentCount\":0,\"publisher\":{\"@id\":\"https:\\\/\\\/digital58.com.ve\\\/site\\\/#\\\/schema\\\/person\\\/64d1c2e4d0d4fd1b849980c4331c2951\"},\"image\":{\"@id\":\"https:\\\/\\\/digital58.com.ve\\\/site\\\/2023\\\/11\\\/19\\\/zulia-municipio-san-francisco-celebro-con-exito-el-amanecer-de-feria-2023\\\/#primaryimage\"},\"thumbnailUrl\":\"https:\\\/\\\/digital58.com.ve\\\/site\\\/wp-content\\\/uploads\\\/2023\\\/11\\\/amanecer-msf-10.jpg\",\"keywords\":[\"Alcald\u00eda de San Francisco\",\"Amanecer de Feria 2023\",\"Fiestas Patronales de Nuestra Se\u00f1ora del Chiquinquir\u00e1\",\"Gustavo Fern\u00e1ndez\",\"Municipio San Francisco\",\"Nacionales\",\"Regionales\",\"Venezuela\"],\"articleSection\":[\"Zulia\"],\"inLanguage\":\"es\",\"potentialAction\":[{\"@type\":\"CommentAction\",\"name\":\"Comment\",\"target\":[\"https:\\\/\\\/digital58.com.ve\\\/site\\\/2023\\\/11\\\/19\\\/zulia-municipio-san-francisco-celebro-con-exito-el-amanecer-de-feria-2023\\\/#respond\"]}]},{\"@type\":\"WebPage\",\"@id\":\"https:\\\/\\\/digital58.com.ve\\\/site\\\/2023\\\/11\\\/19\\\/zulia-municipio-san-francisco-celebro-con-exito-el-amanecer-de-feria-2023\\\/\",\"url\":\"https:\\\/\\\/digital58.com.ve\\\/site\\\/2023\\\/11\\\/19\\\/zulia-municipio-san-francisco-celebro-con-exito-el-amanecer-de-feria-2023\\\/\",\"name\":\"#Zulia | Municipio San Francisco celebr\u00f3 con \u00e9xito el \u00abAmanecer de Feria 2023\u00bb\",\"isPartOf\":{\"@id\":\"https:\\\/\\\/digital58.com.ve\\\/site\\\/#website\"},\"primaryImageOfPage\":{\"@id\":\"https:\\\/\\\/digital58.com.ve\\\/site\\\/2023\\\/11\\\/19\\\/zulia-municipio-san-francisco-celebro-con-exito-el-amanecer-de-feria-2023\\\/#primaryimage\"},\"image\":{\"@id\":\"https:\\\/\\\/digital58.com.ve\\\/site\\\/2023\\\/11\\\/19\\\/zulia-municipio-san-francisco-celebro-con-exito-el-amanecer-de-feria-2023\\\/#primaryimage\"},\"thumbnailUrl\":\"https:\\\/\\\/digital58.com.ve\\\/site\\\/wp-content\\\/uploads\\\/2023\\\/11\\\/amanecer-msf-10.jpg\",\"datePublished\":\"2023-11-20T00:05:38+00:00\",\"breadcrumb\":{\"@id\":\"https:\\\/\\\/digital58.com.ve\\\/site\\\/2023\\\/11\\\/19\\\/zulia-municipio-san-francisco-celebro-con-exito-el-amanecer-de-feria-2023\\\/#breadcrumb\"},\"inLanguage\":\"es\",\"potentialAction\":[{\"@type\":\"ReadAction\",\"target\":[\"https:\\\/\\\/digital58.com.ve\\\/site\\\/2023\\\/11\\\/19\\\/zulia-municipio-san-francisco-celebro-con-exito-el-amanecer-de-feria-2023\\\/\"]}]},{\"@type\":\"ImageObject\",\"inLanguage\":\"es\",\"@id\":\"https:\\\/\\\/digital58.com.ve\\\/site\\\/2023\\\/11\\\/19\\\/zulia-municipio-san-francisco-celebro-con-exito-el-amanecer-de-feria-2023\\\/#primaryimage\",\"url\":\"https:\\\/\\\/digital58.com.ve\\\/site\\\/wp-content\\\/uploads\\\/2023\\\/11\\\/amanecer-msf-10.jpg\",\"contentUrl\":\"https:\\\/\\\/digital58.com.ve\\\/site\\\/wp-content\\\/uploads\\\/2023\\\/11\\\/amanecer-msf-10.jpg\",\"width\":800,\"height\":533},{\"@type\":\"BreadcrumbList\",\"@id\":\"https:\\\/\\\/digital58.com.ve\\\/site\\\/2023\\\/11\\\/19\\\/zulia-municipio-san-francisco-celebro-con-exito-el-amanecer-de-feria-2023\\\/#breadcrumb\",\"itemListElement\":[{\"@type\":\"ListItem\",\"position\":1,\"name\":\"Home\",\"item\":\"https:\\\/\\\/digital58.com.ve\\\/site\\\/\"},{\"@type\":\"ListItem\",\"position\":2,\"name\":\"#Zulia | Municipio San Francisco celebr\u00f3 con \u00e9xito el \u00abAmanecer de Feria 2023\u00bb\"}]},{\"@type\":\"WebSite\",\"@id\":\"https:\\\/\\\/digital58.com.ve\\\/site\\\/#website\",\"url\":\"https:\\\/\\\/digital58.com.ve\\\/site\\\/\",\"name\":\"Noticias Digital58\",\"description\":\"Portal de Noticias \u00a1Periodismo web de verdad! Lanzamiento web 22.11.2005 \\\/ Maracaibo, Venezuela\",\"publisher\":{\"@id\":\"https:\\\/\\\/digital58.com.ve\\\/site\\\/#\\\/schema\\\/person\\\/64d1c2e4d0d4fd1b849980c4331c2951\"},\"alternateName\":\"ND58\",\"potentialAction\":[{\"@type\":\"SearchAction\",\"target\":{\"@type\":\"EntryPoint\",\"urlTemplate\":\"https:\\\/\\\/digital58.com.ve\\\/site\\\/?s={search_term_string}\"},\"query-input\":{\"@type\":\"PropertyValueSpecification\",\"valueRequired\":true,\"valueName\":\"search_term_string\"}}],\"inLanguage\":\"es\"},{\"@type\":[\"Person\",\"Organization\"],\"@id\":\"https:\\\/\\\/digital58.com.ve\\\/site\\\/#\\\/schema\\\/person\\\/64d1c2e4d0d4fd1b849980c4331c2951\",\"name\":\"Villasmil Henry\",\"image\":{\"@type\":\"ImageObject\",\"inLanguage\":\"es\",\"@id\":\"https:\\\/\\\/secure.gravatar.com\\\/avatar\\\/bb0c4a2fcb7970138239f7e404ea75757b1b507b28b5ce4c53fbd62d797c5a7c?s=96&d=mm&r=g\",\"url\":\"https:\\\/\\\/secure.gravatar.com\\\/avatar\\\/bb0c4a2fcb7970138239f7e404ea75757b1b507b28b5ce4c53fbd62d797c5a7c?s=96&d=mm&r=g\",\"contentUrl\":\"https:\\\/\\\/secure.gravatar.com\\\/avatar\\\/bb0c4a2fcb7970138239f7e404ea75757b1b507b28b5ce4c53fbd62d797c5a7c?s=96&d=mm&r=g\",\"caption\":\"Villasmil Henry\"},\"logo\":{\"@id\":\"https:\\\/\\\/secure.gravatar.com\\\/avatar\\\/bb0c4a2fcb7970138239f7e404ea75757b1b507b28b5ce4c53fbd62d797c5a7c?s=96&d=mm&r=g\"},\"sameAs\":[\"http:\\\/\\\/www.henryvillasmil.com.ve\",\"https:\\\/\\\/www.instagram.com\\\/villasmilhfoto\\\/\",\"https:\\\/\\\/x.com\\\/https:\\\/\\\/twitter.com\\\/villasmilhfoto\"],\"url\":\"https:\\\/\\\/digital58.com.ve\\\/site\\\/author\\\/droopy_68\\\/\"}]}<\/script>\n<!-- \/ Yoast SEO plugin. -->","yoast_head_json":{"title":"#Zulia | Municipio San Francisco celebr\u00f3 con \u00e9xito el \u00abAmanecer de Feria 2023\u00bb","robots":{"index":"index","follow":"follow","max-snippet":"max-snippet:-1","max-image-preview":"max-image-preview:large","max-video-preview":"max-video-preview:-1"},"canonical":"https:\/\/digital58.com.ve\/site\/2023\/11\/19\/zulia-municipio-san-francisco-celebro-con-exito-el-amanecer-de-feria-2023\/","og_locale":"es_ES","og_type":"article","og_title":"#Zulia | Municipio San Francisco celebr\u00f3 con \u00e9xito el \u00abAmanecer de Feria 2023\u00bb","og_url":"https:\/\/digital58.com.ve\/site\/2023\/11\/19\/zulia-municipio-san-francisco-celebro-con-exito-el-amanecer-de-feria-2023\/","og_site_name":"Noticias Digital58","article_published_time":"2023-11-20T00:05:38+00:00","og_image":[{"width":800,"height":533,"url":"https:\/\/i0.wp.com\/digital58.com.ve\/site\/wp-content\/uploads\/2023\/11\/amanecer-msf-10.jpg?fit=800%2C533&ssl=1","type":"image\/jpeg"}],"author":"Villasmil Henry","twitter_card":"summary_large_image","twitter_creator":"@https:\/\/twitter.com\/villasmilhfoto","twitter_site":"@villasmilhfoto","twitter_misc":{"Escrito por":"Villasmil Henry","Tiempo estimado de lectura":"2 minutos"},"schema":{"@context":"https:\/\/schema.org","@graph":[{"@type":"Article","@id":"https:\/\/digital58.com.ve\/site\/2023\/11\/19\/zulia-municipio-san-francisco-celebro-con-exito-el-amanecer-de-feria-2023\/#article","isPartOf":{"@id":"https:\/\/digital58.com.ve\/site\/2023\/11\/19\/zulia-municipio-san-francisco-celebro-con-exito-el-amanecer-de-feria-2023\/"},"author":{"name":"Villasmil Henry","@id":"https:\/\/digital58.com.ve\/site\/#\/schema\/person\/64d1c2e4d0d4fd1b849980c4331c2951"},"headline":"#Zulia | Municipio San Francisco celebr\u00f3 con \u00e9xito el \u00abAmanecer de Feria 2023\u00bb","datePublished":"2023-11-20T00:05:38+00:00","mainEntityOfPage":{"@id":"https:\/\/digital58.com.ve\/site\/2023\/11\/19\/zulia-municipio-san-francisco-celebro-con-exito-el-amanecer-de-feria-2023\/"},"wordCount":452,"commentCount":0,"publisher":{"@id":"https:\/\/digital58.com.ve\/site\/#\/schema\/person\/64d1c2e4d0d4fd1b849980c4331c2951"},"image":{"@id":"https:\/\/digital58.com.ve\/site\/2023\/11\/19\/zulia-municipio-san-francisco-celebro-con-exito-el-amanecer-de-feria-2023\/#primaryimage"},"thumbnailUrl":"https:\/\/digital58.com.ve\/site\/wp-content\/uploads\/2023\/11\/amanecer-msf-10.jpg","keywords":["Alcald\u00eda de San Francisco","Amanecer de Feria 2023","Fiestas Patronales de Nuestra Se\u00f1ora del Chiquinquir\u00e1","Gustavo Fern\u00e1ndez","Municipio San Francisco","Nacionales","Regionales","Venezuela"],"articleSection":["Zulia"],"inLanguage":"es","potentialAction":[{"@type":"CommentAction","name":"Comment","target":["https:\/\/digital58.com.ve\/site\/2023\/11\/19\/zulia-municipio-san-francisco-celebro-con-exito-el-amanecer-de-feria-2023\/#respond"]}]},{"@type":"WebPage","@id":"https:\/\/digital58.com.ve\/site\/2023\/11\/19\/zulia-municipio-san-francisco-celebro-con-exito-el-amanecer-de-feria-2023\/","url":"https:\/\/digital58.com.ve\/site\/2023\/11\/19\/zulia-municipio-san-francisco-celebro-con-exito-el-amanecer-de-feria-2023\/","name":"#Zulia | Municipio San Francisco celebr\u00f3 con \u00e9xito el \u00abAmanecer de Feria 2023\u00bb","isPartOf":{"@id":"https:\/\/digital58.com.ve\/site\/#website"},"primaryImageOfPage":{"@id":"https:\/\/digital58.com.ve\/site\/2023\/11\/19\/zulia-municipio-san-francisco-celebro-con-exito-el-amanecer-de-feria-2023\/#primaryimage"},"image":{"@id":"https:\/\/digital58.com.ve\/site\/2023\/11\/19\/zulia-municipio-san-francisco-celebro-con-exito-el-amanecer-de-feria-2023\/#primaryimage"},"thumbnailUrl":"https:\/\/digital58.com.ve\/site\/wp-content\/uploads\/2023\/11\/amanecer-msf-10.jpg","datePublished":"2023-11-20T00:05:38+00:00","breadcrumb":{"@id":"https:\/\/digital58.com.ve\/site\/2023\/11\/19\/zulia-municipio-san-francisco-celebro-con-exito-el-amanecer-de-feria-2023\/#breadcrumb"},"inLanguage":"es","potentialAction":[{"@type":"ReadAction","target":["https:\/\/digital58.com.ve\/site\/2023\/11\/19\/zulia-municipio-san-francisco-celebro-con-exito-el-amanecer-de-feria-2023\/"]}]},{"@type":"ImageObject","inLanguage":"es","@id":"https:\/\/digital58.com.ve\/site\/2023\/11\/19\/zulia-municipio-san-francisco-celebro-con-exito-el-amanecer-de-feria-2023\/#primaryimage","url":"https:\/\/digital58.com.ve\/site\/wp-content\/uploads\/2023\/11\/amanecer-msf-10.jpg","contentUrl":"https:\/\/digital58.com.ve\/site\/wp-content\/uploads\/2023\/11\/amanecer-msf-10.jpg","width":800,"height":533},{"@type":"BreadcrumbList","@id":"https:\/\/digital58.com.ve\/site\/2023\/11\/19\/zulia-municipio-san-francisco-celebro-con-exito-el-amanecer-de-feria-2023\/#breadcrumb","itemListElement":[{"@type":"ListItem","position":1,"name":"Home","item":"https:\/\/digital58.com.ve\/site\/"},{"@type":"ListItem","position":2,"name":"#Zulia | Municipio San Francisco celebr\u00f3 con \u00e9xito el \u00abAmanecer de Feria 2023\u00bb"}]},{"@type":"WebSite","@id":"https:\/\/digital58.com.ve\/site\/#website","url":"https:\/\/digital58.com.ve\/site\/","name":"Noticias Digital58","description":"Portal de Noticias \u00a1Periodismo web de verdad! Lanzamiento web 22.11.2005 \/ Maracaibo, Venezuela","publisher":{"@id":"https:\/\/digital58.com.ve\/site\/#\/schema\/person\/64d1c2e4d0d4fd1b849980c4331c2951"},"alternateName":"ND58","potentialAction":[{"@type":"SearchAction","target":{"@type":"EntryPoint","urlTemplate":"https:\/\/digital58.com.ve\/site\/?s={search_term_string}"},"query-input":{"@type":"PropertyValueSpecification","valueRequired":true,"valueName":"search_term_string"}}],"inLanguage":"es"},{"@type":["Person","Organization"],"@id":"https:\/\/digital58.com.ve\/site\/#\/schema\/person\/64d1c2e4d0d4fd1b849980c4331c2951","name":"Villasmil Henry","image":{"@type":"ImageObject","inLanguage":"es","@id":"https:\/\/secure.gravatar.com\/avatar\/bb0c4a2fcb7970138239f7e404ea75757b1b507b28b5ce4c53fbd62d797c5a7c?s=96&d=mm&r=g","url":"https:\/\/secure.gravatar.com\/avatar\/bb0c4a2fcb7970138239f7e404ea75757b1b507b28b5ce4c53fbd62d797c5a7c?s=96&d=mm&r=g","contentUrl":"https:\/\/secure.gravatar.com\/avatar\/bb0c4a2fcb7970138239f7e404ea75757b1b507b28b5ce4c53fbd62d797c5a7c?s=96&d=mm&r=g","caption":"Villasmil Henry"},"logo":{"@id":"https:\/\/secure.gravatar.com\/avatar\/bb0c4a2fcb7970138239f7e404ea75757b1b507b28b5ce4c53fbd62d797c5a7c?s=96&d=mm&r=g"},"sameAs":["http:\/\/www.henryvillasmil.com.ve","https:\/\/www.instagram.com\/villasmilhfoto\/","https:\/\/x.com\/https:\/\/twitter.com\/villasmilhfoto"],"url":"https:\/\/digital58.com.ve\/site\/author\/droopy_68\/"}]}},"uagb_featured_image_src":{"full":["https:\/\/digital58.com.ve\/site\/wp-content\/uploads\/2023\/11\/amanecer-msf-10.jpg",800,533,false],"thumbnail":["https:\/\/digital58.com.ve\/site\/wp-content\/uploads\/2023\/11\/amanecer-msf-10-150x150.jpg",150,150,true],"medium":["https:\/\/digital58.com.ve\/site\/wp-content\/uploads\/2023\/11\/amanecer-msf-10-300x200.jpg",300,200,true],"medium_large":["https:\/\/digital58.com.ve\/site\/wp-content\/uploads\/2023\/11\/amanecer-msf-10-768x512.jpg",768,512,true],"large":["https:\/\/digital58.com.ve\/site\/wp-content\/uploads\/2023\/11\/amanecer-msf-10.jpg",800,533,false],"1536x1536":["https:\/\/digital58.com.ve\/site\/wp-content\/uploads\/2023\/11\/amanecer-msf-10.jpg",800,533,false],"2048x2048":["https:\/\/digital58.com.ve\/site\/wp-content\/uploads\/2023\/11\/amanecer-msf-10.jpg",800,533,false],"colormag-highlighted-post":["https:\/\/digital58.com.ve\/site\/wp-content\/uploads\/2023\/11\/amanecer-msf-10-392x272.jpg",392,272,true],"colormag-featured-post-medium":["https:\/\/digital58.com.ve\/site\/wp-content\/uploads\/2023\/11\/amanecer-msf-10-390x205.jpg",390,205,true],"colormag-featured-post-small":["https:\/\/digital58.com.ve\/site\/wp-content\/uploads\/2023\/11\/amanecer-msf-10-130x90.jpg",130,90,true],"colormag-featured-image":["https:\/\/digital58.com.ve\/site\/wp-content\/uploads\/2023\/11\/amanecer-msf-10-800x445.jpg",800,445,true],"colormag-default-news":["https:\/\/digital58.com.ve\/site\/wp-content\/uploads\/2023\/11\/amanecer-msf-10-150x150.jpg",150,150,true],"colormag-featured-image-large":["https:\/\/digital58.com.ve\/site\/wp-content\/uploads\/2023\/11\/amanecer-msf-10.jpg",800,533,false]},"uagb_author_info":{"display_name":"Villasmil Henry","author_link":"https:\/\/digital58.com.ve\/site\/author\/droopy_68\/"},"uagb_comment_info":0,"uagb_excerpt":"Espect\u00e1culo caracterizado por la seguridad y cordialidad. Municipio San Francisco, 19 de noviembre de 2023 (ND58).- Miles de asistentes colmaron","_links":{"self":[{"href":"https:\/\/digital58.com.ve\/site\/wp-json\/wp\/v2\/posts\/172789","targetHints":{"allow":["GET"]}}],"collection":[{"href":"https:\/\/digital58.com.ve\/site\/wp-json\/wp\/v2\/posts"}],"about":[{"href":"https:\/\/digital58.com.ve\/site\/wp-json\/wp\/v2\/types\/post"}],"author":[{"embeddable":true,"href":"https:\/\/digital58.com.ve\/site\/wp-json\/wp\/v2\/users\/1"}],"replies":[{"embeddable":true,"href":"https:\/\/digital58.com.ve\/site\/wp-json\/wp\/v2\/comments?post=172789"}],"version-history":[{"count":1,"href":"https:\/\/digital58.com.ve\/site\/wp-json\/wp\/v2\/posts\/172789\/revisions"}],"predecessor-version":[{"id":172802,"href":"https:\/\/digital58.com.ve\/site\/wp-json\/wp\/v2\/posts\/172789\/revisions\/172802"}],"wp:featuredmedia":[{"embeddable":true,"href":"https:\/\/digital58.com.ve\/site\/wp-json\/wp\/v2\/media\/172792"}],"wp:attachment":[{"href":"https:\/\/digital58.com.ve\/site\/wp-json\/wp\/v2\/media?parent=172789"}],"wp:term":[{"taxonomy":"category","embeddable":true,"href":"https:\/\/digital58.com.ve\/site\/wp-json\/wp\/v2\/categories?post=172789"},{"taxonomy":"post_tag","embeddable":true,"href":"https:\/\/digital58.com.ve\/site\/wp-json\/wp\/v2\/tags?post=172789"}],"curies":[{"name":"wp","href":"https:\/\/api.w.org\/{rel}","templated":true}]}}