{"id":173241,"date":"2023-12-02T12:38:03","date_gmt":"2023-12-02T16:38:03","guid":{"rendered":"https:\/\/digital58.com.ve\/site\/?p=173241"},"modified":"2023-12-02T12:38:03","modified_gmt":"2023-12-02T16:38:03","slug":"zulia-comerciantes-binacionales-wayuu-participaran-en-el-referendum-en-defensa-del-esequibo","status":"publish","type":"post","link":"https:\/\/digital58.com.ve\/site\/2023\/12\/02\/zulia-comerciantes-binacionales-wayuu-participaran-en-el-referendum-en-defensa-del-esequibo\/","title":{"rendered":"#Zulia | Comerciantes binacionales Way\u00fau participar\u00e1n en el refer\u00e9ndum en Defensa del Esequibo"},"content":{"rendered":"<p><a href=\"https:\/\/digital58.com.ve\/site\/wp-content\/uploads\/2023\/12\/WhatsApp-Image-2023-11-30-at-6.05.53-PM-1.jpeg\"><img loading=\"lazy\" decoding=\"async\" class=\"aligncenter size-full wp-image-173242\" src=\"https:\/\/digital58.com.ve\/site\/wp-content\/uploads\/2023\/12\/WhatsApp-Image-2023-11-30-at-6.05.53-PM-1.jpeg\" alt=\"\" width=\"1040\" height=\"637\" srcset=\"https:\/\/digital58.com.ve\/site\/wp-content\/uploads\/2023\/12\/WhatsApp-Image-2023-11-30-at-6.05.53-PM-1.jpeg 1040w, https:\/\/digital58.com.ve\/site\/wp-content\/uploads\/2023\/12\/WhatsApp-Image-2023-11-30-at-6.05.53-PM-1-300x184.jpeg 300w, https:\/\/digital58.com.ve\/site\/wp-content\/uploads\/2023\/12\/WhatsApp-Image-2023-11-30-at-6.05.53-PM-1-1000x613.jpeg 1000w, https:\/\/digital58.com.ve\/site\/wp-content\/uploads\/2023\/12\/WhatsApp-Image-2023-11-30-at-6.05.53-PM-1-768x470.jpeg 768w\" sizes=\"auto, (max-width: 1040px) 100vw, 1040px\" \/><\/a><\/p>\n<p>El Comando de Campa\u00f1a Venezuela Toda Capitulo Ind\u00edgena del Zulia sostuvo un encuentro con representantes del comercio binacional Way\u00fau quienes se comprometieron en participar y contribuir con la movilizaci\u00f3n de las familias ind\u00edgenas durante el Refer\u00e9ndum Consultivo en defensa del Esequibo que se efectuar\u00e1 el pr\u00f3ximo 03 de diciembre.<\/p>\n<p><strong>Maracaibo, Zulia, Venezuela, 02 de diciembre de 2023 (ND58).-<\/strong> Al respecto, Leyda Mart\u00ednez del pueblo Yukpa y coordinadora de organizaci\u00f3n del Comando de Campa\u00f1a Ind\u00edgena expres\u00f3 que las razones hist\u00f3ricas que demuestran que la Guayana Esequiba pertenece a Venezuela est\u00e1n documentadas desde la \u00e9poca de la colonia y los pueblos ind\u00edgenas son originarios de estas tierras por lo tanto no est\u00e1n dispuestos en entregar su territorio.<\/p>\n<p>Recalc\u00f3 Mart\u00ednez que los ind\u00edgenas Way\u00fau han defendido su territorio desde la llegada de los invasores espa\u00f1oles y han resistido para preservar su cultura. Y en este nuevo escenario de defensa de la patria se suman a la lucha por el Esequibo.<\/p>\n<p><a href=\"https:\/\/digital58.com.ve\/site\/wp-content\/uploads\/2023\/12\/WhatsApp-Image-2023-11-30-at-6.05.53-PM.jpeg\"><img loading=\"lazy\" decoding=\"async\" class=\"aligncenter size-full wp-image-173243\" src=\"https:\/\/digital58.com.ve\/site\/wp-content\/uploads\/2023\/12\/WhatsApp-Image-2023-11-30-at-6.05.53-PM.jpeg\" alt=\"\" width=\"780\" height=\"627\" srcset=\"https:\/\/digital58.com.ve\/site\/wp-content\/uploads\/2023\/12\/WhatsApp-Image-2023-11-30-at-6.05.53-PM.jpeg 780w, https:\/\/digital58.com.ve\/site\/wp-content\/uploads\/2023\/12\/WhatsApp-Image-2023-11-30-at-6.05.53-PM-300x241.jpeg 300w, https:\/\/digital58.com.ve\/site\/wp-content\/uploads\/2023\/12\/WhatsApp-Image-2023-11-30-at-6.05.53-PM-768x617.jpeg 768w\" sizes=\"auto, (max-width: 780px) 100vw, 780px\" \/><\/a><\/p>\n<p>Durante el encuentro adem\u00e1s de la participaci\u00f3n de los comerciantes binacionales Way\u00fau tambi\u00e9n estuvo presente la jefa del Comando de Campa\u00f1a Venezuela Toda Ind\u00edgena del Zulia, Arly Gonz\u00e1lez y la integrante del Comando de Campa\u00f1a Venezuela Toda Nacional, Noeli Pocaterra adem\u00e1s diputada a la Asamblea Nacional.<\/p>\n<p><strong>Redacci\u00f3n ND58 | Fuente: Prensa Bloque Parlamentario del Zulia<\/strong><br \/>\n<strong>Edici\u00f3n: Villasmil, Henry<\/strong><br \/>\n<strong>Gr\u00e1ficas: Prensa Bloque Parlamentario del Zulia<\/strong><\/p>\n<p>&nbsp;<\/p><div class=\"wxgis69edfdf6dfddb\" ><p style=\"text-align: center;\"><a href=\"https:\/\/t.me\/noticiasdigital58\" target=\"_blank\" rel=\"noopener\"><img class=\"aligncenter size-full wp-image-125363\" src=\"https:\/\/digital58.com.ve\/site\/wp-content\/uploads\/2021\/04\/banner-telegram-web-2021.png\" alt=\"\" width=\"600\" height=\"90\" \/><\/a><\/p><\/div><style type=\"text\/css\">\r\n@media screen and (min-width: 1201px) {\r\n.wxgis69edfdf6dfddb {\r\ndisplay: block;\r\n}\r\n}\r\n@media screen and (min-width: 993px) and (max-width: 1200px) {\r\n.wxgis69edfdf6dfddb {\r\ndisplay: block;\r\n}\r\n}\r\n@media screen and (min-width: 769px) and (max-width: 992px) {\r\n.wxgis69edfdf6dfddb {\r\ndisplay: block;\r\n}\r\n}\r\n@media screen and (min-width: 768px) and (max-width: 768px) {\r\n.wxgis69edfdf6dfddb {\r\ndisplay: block;\r\n}\r\n}\r\n@media screen and (max-width: 767px) {\r\n.wxgis69edfdf6dfddb {\r\ndisplay: block;\r\n}\r\n}\r\n<\/style>\r\n\n<p>&nbsp;<\/p>\n<div style=\"margin-top: 0px; margin-bottom: 0px;\" class=\"sharethis-inline-share-buttons\" ><\/div>","protected":false},"excerpt":{"rendered":"<p>El Comando de Campa\u00f1a Venezuela Toda Capitulo Ind\u00edgena del Zulia sostuvo un encuentro con representantes del comercio binacional Way\u00fau quienes<\/p>\n","protected":false},"author":1,"featured_media":173243,"comment_status":"open","ping_status":"closed","sticky":false,"template":"","format":"standard","meta":{"colormag_page_container_layout":"default_layout","colormag_page_sidebar_layout":"default_layout","_uag_custom_page_level_css":"","footnotes":""},"categories":[14504],"tags":[32903,32528,32862,16683,32902,73,233,32791,2354],"class_list":["post-173241","post","type-post","status-publish","format-standard","has-post-thumbnail","hentry","category-zulia","tag-comerciantes-binacionales-wayuu","tag-defensa-del-esequibo","tag-etnia-yukpa","tag-guayana-esequiba","tag-leyda-martinez","tag-maracaibo","tag-nacionales","tag-referendum-consultivo","tag-regionales"],"yoast_head":"<!-- This site is optimized with the Yoast SEO plugin v27.4 - https:\/\/yoast.com\/product\/yoast-seo-wordpress\/ -->\n<title>#Zulia | Comerciantes binacionales Way\u00fau participar\u00e1n en el refer\u00e9ndum en Defensa del Esequibo<\/title>\n<meta name=\"robots\" content=\"index, follow, max-snippet:-1, max-image-preview:large, max-video-preview:-1\" \/>\n<link rel=\"canonical\" href=\"https:\/\/digital58.com.ve\/site\/2023\/12\/02\/zulia-comerciantes-binacionales-wayuu-participaran-en-el-referendum-en-defensa-del-esequibo\/\" \/>\n<meta property=\"og:locale\" content=\"es_ES\" \/>\n<meta property=\"og:type\" content=\"article\" \/>\n<meta property=\"og:title\" content=\"#Zulia | Comerciantes binacionales Way\u00fau participar\u00e1n en el refer\u00e9ndum en Defensa del Esequibo\" \/>\n<meta property=\"og:url\" content=\"https:\/\/digital58.com.ve\/site\/2023\/12\/02\/zulia-comerciantes-binacionales-wayuu-participaran-en-el-referendum-en-defensa-del-esequibo\/\" \/>\n<meta property=\"og:site_name\" content=\"Noticias Digital58\" \/>\n<meta property=\"article:published_time\" content=\"2023-12-02T16:38:03+00:00\" \/>\n<meta property=\"og:image\" content=\"https:\/\/i0.wp.com\/digital58.com.ve\/site\/wp-content\/uploads\/2023\/12\/WhatsApp-Image-2023-11-30-at-6.05.53-PM.jpeg?fit=780%2C627&ssl=1\" \/>\n\t<meta property=\"og:image:width\" content=\"780\" \/>\n\t<meta property=\"og:image:height\" content=\"627\" \/>\n\t<meta property=\"og:image:type\" content=\"image\/jpeg\" \/>\n<meta name=\"author\" content=\"Villasmil Henry\" \/>\n<meta name=\"twitter:card\" content=\"summary_large_image\" \/>\n<meta name=\"twitter:creator\" content=\"@https:\/\/twitter.com\/villasmilhfoto\" \/>\n<meta name=\"twitter:site\" content=\"@villasmilhfoto\" \/>\n<meta name=\"twitter:label1\" content=\"Escrito por\" \/>\n\t<meta name=\"twitter:data1\" content=\"Villasmil Henry\" \/>\n\t<meta name=\"twitter:label2\" content=\"Tiempo estimado de lectura\" \/>\n\t<meta name=\"twitter:data2\" content=\"1 minuto\" \/>\n<script type=\"application\/ld+json\" class=\"yoast-schema-graph\">{\"@context\":\"https:\\\/\\\/schema.org\",\"@graph\":[{\"@type\":\"Article\",\"@id\":\"https:\\\/\\\/digital58.com.ve\\\/site\\\/2023\\\/12\\\/02\\\/zulia-comerciantes-binacionales-wayuu-participaran-en-el-referendum-en-defensa-del-esequibo\\\/#article\",\"isPartOf\":{\"@id\":\"https:\\\/\\\/digital58.com.ve\\\/site\\\/2023\\\/12\\\/02\\\/zulia-comerciantes-binacionales-wayuu-participaran-en-el-referendum-en-defensa-del-esequibo\\\/\"},\"author\":{\"name\":\"Villasmil Henry\",\"@id\":\"https:\\\/\\\/digital58.com.ve\\\/site\\\/#\\\/schema\\\/person\\\/64d1c2e4d0d4fd1b849980c4331c2951\"},\"headline\":\"#Zulia | Comerciantes binacionales Way\u00fau participar\u00e1n en el refer\u00e9ndum en Defensa del Esequibo\",\"datePublished\":\"2023-12-02T16:38:03+00:00\",\"mainEntityOfPage\":{\"@id\":\"https:\\\/\\\/digital58.com.ve\\\/site\\\/2023\\\/12\\\/02\\\/zulia-comerciantes-binacionales-wayuu-participaran-en-el-referendum-en-defensa-del-esequibo\\\/\"},\"wordCount\":266,\"commentCount\":0,\"publisher\":{\"@id\":\"https:\\\/\\\/digital58.com.ve\\\/site\\\/#\\\/schema\\\/person\\\/64d1c2e4d0d4fd1b849980c4331c2951\"},\"image\":{\"@id\":\"https:\\\/\\\/digital58.com.ve\\\/site\\\/2023\\\/12\\\/02\\\/zulia-comerciantes-binacionales-wayuu-participaran-en-el-referendum-en-defensa-del-esequibo\\\/#primaryimage\"},\"thumbnailUrl\":\"https:\\\/\\\/digital58.com.ve\\\/site\\\/wp-content\\\/uploads\\\/2023\\\/12\\\/WhatsApp-Image-2023-11-30-at-6.05.53-PM.jpeg\",\"keywords\":[\"Comerciantes binacionales Way\u00fau\",\"Defensa del Esequibo\",\"Etnia yukpa\",\"Guayana Esequiba\",\"Leyda Mart\u00ednez\",\"Maracaibo\",\"Nacionales\",\"Refer\u00e9ndum Consultivo\",\"Regionales\"],\"articleSection\":[\"Zulia\"],\"inLanguage\":\"es\",\"potentialAction\":[{\"@type\":\"CommentAction\",\"name\":\"Comment\",\"target\":[\"https:\\\/\\\/digital58.com.ve\\\/site\\\/2023\\\/12\\\/02\\\/zulia-comerciantes-binacionales-wayuu-participaran-en-el-referendum-en-defensa-del-esequibo\\\/#respond\"]}]},{\"@type\":\"WebPage\",\"@id\":\"https:\\\/\\\/digital58.com.ve\\\/site\\\/2023\\\/12\\\/02\\\/zulia-comerciantes-binacionales-wayuu-participaran-en-el-referendum-en-defensa-del-esequibo\\\/\",\"url\":\"https:\\\/\\\/digital58.com.ve\\\/site\\\/2023\\\/12\\\/02\\\/zulia-comerciantes-binacionales-wayuu-participaran-en-el-referendum-en-defensa-del-esequibo\\\/\",\"name\":\"#Zulia | Comerciantes binacionales Way\u00fau participar\u00e1n en el refer\u00e9ndum en Defensa del Esequibo\",\"isPartOf\":{\"@id\":\"https:\\\/\\\/digital58.com.ve\\\/site\\\/#website\"},\"primaryImageOfPage\":{\"@id\":\"https:\\\/\\\/digital58.com.ve\\\/site\\\/2023\\\/12\\\/02\\\/zulia-comerciantes-binacionales-wayuu-participaran-en-el-referendum-en-defensa-del-esequibo\\\/#primaryimage\"},\"image\":{\"@id\":\"https:\\\/\\\/digital58.com.ve\\\/site\\\/2023\\\/12\\\/02\\\/zulia-comerciantes-binacionales-wayuu-participaran-en-el-referendum-en-defensa-del-esequibo\\\/#primaryimage\"},\"thumbnailUrl\":\"https:\\\/\\\/digital58.com.ve\\\/site\\\/wp-content\\\/uploads\\\/2023\\\/12\\\/WhatsApp-Image-2023-11-30-at-6.05.53-PM.jpeg\",\"datePublished\":\"2023-12-02T16:38:03+00:00\",\"breadcrumb\":{\"@id\":\"https:\\\/\\\/digital58.com.ve\\\/site\\\/2023\\\/12\\\/02\\\/zulia-comerciantes-binacionales-wayuu-participaran-en-el-referendum-en-defensa-del-esequibo\\\/#breadcrumb\"},\"inLanguage\":\"es\",\"potentialAction\":[{\"@type\":\"ReadAction\",\"target\":[\"https:\\\/\\\/digital58.com.ve\\\/site\\\/2023\\\/12\\\/02\\\/zulia-comerciantes-binacionales-wayuu-participaran-en-el-referendum-en-defensa-del-esequibo\\\/\"]}]},{\"@type\":\"ImageObject\",\"inLanguage\":\"es\",\"@id\":\"https:\\\/\\\/digital58.com.ve\\\/site\\\/2023\\\/12\\\/02\\\/zulia-comerciantes-binacionales-wayuu-participaran-en-el-referendum-en-defensa-del-esequibo\\\/#primaryimage\",\"url\":\"https:\\\/\\\/digital58.com.ve\\\/site\\\/wp-content\\\/uploads\\\/2023\\\/12\\\/WhatsApp-Image-2023-11-30-at-6.05.53-PM.jpeg\",\"contentUrl\":\"https:\\\/\\\/digital58.com.ve\\\/site\\\/wp-content\\\/uploads\\\/2023\\\/12\\\/WhatsApp-Image-2023-11-30-at-6.05.53-PM.jpeg\",\"width\":780,\"height\":627},{\"@type\":\"BreadcrumbList\",\"@id\":\"https:\\\/\\\/digital58.com.ve\\\/site\\\/2023\\\/12\\\/02\\\/zulia-comerciantes-binacionales-wayuu-participaran-en-el-referendum-en-defensa-del-esequibo\\\/#breadcrumb\",\"itemListElement\":[{\"@type\":\"ListItem\",\"position\":1,\"name\":\"Home\",\"item\":\"https:\\\/\\\/digital58.com.ve\\\/site\\\/\"},{\"@type\":\"ListItem\",\"position\":2,\"name\":\"#Zulia | Comerciantes binacionales Way\u00fau participar\u00e1n en el refer\u00e9ndum en Defensa del Esequibo\"}]},{\"@type\":\"WebSite\",\"@id\":\"https:\\\/\\\/digital58.com.ve\\\/site\\\/#website\",\"url\":\"https:\\\/\\\/digital58.com.ve\\\/site\\\/\",\"name\":\"Noticias Digital58\",\"description\":\"Portal de Noticias \u00a1Periodismo web de verdad! Lanzamiento web 22.11.2005 \\\/ Maracaibo, Venezuela\",\"publisher\":{\"@id\":\"https:\\\/\\\/digital58.com.ve\\\/site\\\/#\\\/schema\\\/person\\\/64d1c2e4d0d4fd1b849980c4331c2951\"},\"alternateName\":\"ND58\",\"potentialAction\":[{\"@type\":\"SearchAction\",\"target\":{\"@type\":\"EntryPoint\",\"urlTemplate\":\"https:\\\/\\\/digital58.com.ve\\\/site\\\/?s={search_term_string}\"},\"query-input\":{\"@type\":\"PropertyValueSpecification\",\"valueRequired\":true,\"valueName\":\"search_term_string\"}}],\"inLanguage\":\"es\"},{\"@type\":[\"Person\",\"Organization\"],\"@id\":\"https:\\\/\\\/digital58.com.ve\\\/site\\\/#\\\/schema\\\/person\\\/64d1c2e4d0d4fd1b849980c4331c2951\",\"name\":\"Villasmil Henry\",\"image\":{\"@type\":\"ImageObject\",\"inLanguage\":\"es\",\"@id\":\"https:\\\/\\\/secure.gravatar.com\\\/avatar\\\/bb0c4a2fcb7970138239f7e404ea75757b1b507b28b5ce4c53fbd62d797c5a7c?s=96&d=mm&r=g\",\"url\":\"https:\\\/\\\/secure.gravatar.com\\\/avatar\\\/bb0c4a2fcb7970138239f7e404ea75757b1b507b28b5ce4c53fbd62d797c5a7c?s=96&d=mm&r=g\",\"contentUrl\":\"https:\\\/\\\/secure.gravatar.com\\\/avatar\\\/bb0c4a2fcb7970138239f7e404ea75757b1b507b28b5ce4c53fbd62d797c5a7c?s=96&d=mm&r=g\",\"caption\":\"Villasmil Henry\"},\"logo\":{\"@id\":\"https:\\\/\\\/secure.gravatar.com\\\/avatar\\\/bb0c4a2fcb7970138239f7e404ea75757b1b507b28b5ce4c53fbd62d797c5a7c?s=96&d=mm&r=g\"},\"sameAs\":[\"http:\\\/\\\/www.henryvillasmil.com.ve\",\"https:\\\/\\\/www.instagram.com\\\/villasmilhfoto\\\/\",\"https:\\\/\\\/x.com\\\/https:\\\/\\\/twitter.com\\\/villasmilhfoto\"],\"url\":\"https:\\\/\\\/digital58.com.ve\\\/site\\\/author\\\/droopy_68\\\/\"}]}<\/script>\n<!-- \/ Yoast SEO plugin. -->","yoast_head_json":{"title":"#Zulia | Comerciantes binacionales Way\u00fau participar\u00e1n en el refer\u00e9ndum en Defensa del Esequibo","robots":{"index":"index","follow":"follow","max-snippet":"max-snippet:-1","max-image-preview":"max-image-preview:large","max-video-preview":"max-video-preview:-1"},"canonical":"https:\/\/digital58.com.ve\/site\/2023\/12\/02\/zulia-comerciantes-binacionales-wayuu-participaran-en-el-referendum-en-defensa-del-esequibo\/","og_locale":"es_ES","og_type":"article","og_title":"#Zulia | Comerciantes binacionales Way\u00fau participar\u00e1n en el refer\u00e9ndum en Defensa del Esequibo","og_url":"https:\/\/digital58.com.ve\/site\/2023\/12\/02\/zulia-comerciantes-binacionales-wayuu-participaran-en-el-referendum-en-defensa-del-esequibo\/","og_site_name":"Noticias Digital58","article_published_time":"2023-12-02T16:38:03+00:00","og_image":[{"width":780,"height":627,"url":"https:\/\/i0.wp.com\/digital58.com.ve\/site\/wp-content\/uploads\/2023\/12\/WhatsApp-Image-2023-11-30-at-6.05.53-PM.jpeg?fit=780%2C627&ssl=1","type":"image\/jpeg"}],"author":"Villasmil Henry","twitter_card":"summary_large_image","twitter_creator":"@https:\/\/twitter.com\/villasmilhfoto","twitter_site":"@villasmilhfoto","twitter_misc":{"Escrito por":"Villasmil Henry","Tiempo estimado de lectura":"1 minuto"},"schema":{"@context":"https:\/\/schema.org","@graph":[{"@type":"Article","@id":"https:\/\/digital58.com.ve\/site\/2023\/12\/02\/zulia-comerciantes-binacionales-wayuu-participaran-en-el-referendum-en-defensa-del-esequibo\/#article","isPartOf":{"@id":"https:\/\/digital58.com.ve\/site\/2023\/12\/02\/zulia-comerciantes-binacionales-wayuu-participaran-en-el-referendum-en-defensa-del-esequibo\/"},"author":{"name":"Villasmil Henry","@id":"https:\/\/digital58.com.ve\/site\/#\/schema\/person\/64d1c2e4d0d4fd1b849980c4331c2951"},"headline":"#Zulia | Comerciantes binacionales Way\u00fau participar\u00e1n en el refer\u00e9ndum en Defensa del Esequibo","datePublished":"2023-12-02T16:38:03+00:00","mainEntityOfPage":{"@id":"https:\/\/digital58.com.ve\/site\/2023\/12\/02\/zulia-comerciantes-binacionales-wayuu-participaran-en-el-referendum-en-defensa-del-esequibo\/"},"wordCount":266,"commentCount":0,"publisher":{"@id":"https:\/\/digital58.com.ve\/site\/#\/schema\/person\/64d1c2e4d0d4fd1b849980c4331c2951"},"image":{"@id":"https:\/\/digital58.com.ve\/site\/2023\/12\/02\/zulia-comerciantes-binacionales-wayuu-participaran-en-el-referendum-en-defensa-del-esequibo\/#primaryimage"},"thumbnailUrl":"https:\/\/digital58.com.ve\/site\/wp-content\/uploads\/2023\/12\/WhatsApp-Image-2023-11-30-at-6.05.53-PM.jpeg","keywords":["Comerciantes binacionales Way\u00fau","Defensa del Esequibo","Etnia yukpa","Guayana Esequiba","Leyda Mart\u00ednez","Maracaibo","Nacionales","Refer\u00e9ndum Consultivo","Regionales"],"articleSection":["Zulia"],"inLanguage":"es","potentialAction":[{"@type":"CommentAction","name":"Comment","target":["https:\/\/digital58.com.ve\/site\/2023\/12\/02\/zulia-comerciantes-binacionales-wayuu-participaran-en-el-referendum-en-defensa-del-esequibo\/#respond"]}]},{"@type":"WebPage","@id":"https:\/\/digital58.com.ve\/site\/2023\/12\/02\/zulia-comerciantes-binacionales-wayuu-participaran-en-el-referendum-en-defensa-del-esequibo\/","url":"https:\/\/digital58.com.ve\/site\/2023\/12\/02\/zulia-comerciantes-binacionales-wayuu-participaran-en-el-referendum-en-defensa-del-esequibo\/","name":"#Zulia | Comerciantes binacionales Way\u00fau participar\u00e1n en el refer\u00e9ndum en Defensa del Esequibo","isPartOf":{"@id":"https:\/\/digital58.com.ve\/site\/#website"},"primaryImageOfPage":{"@id":"https:\/\/digital58.com.ve\/site\/2023\/12\/02\/zulia-comerciantes-binacionales-wayuu-participaran-en-el-referendum-en-defensa-del-esequibo\/#primaryimage"},"image":{"@id":"https:\/\/digital58.com.ve\/site\/2023\/12\/02\/zulia-comerciantes-binacionales-wayuu-participaran-en-el-referendum-en-defensa-del-esequibo\/#primaryimage"},"thumbnailUrl":"https:\/\/digital58.com.ve\/site\/wp-content\/uploads\/2023\/12\/WhatsApp-Image-2023-11-30-at-6.05.53-PM.jpeg","datePublished":"2023-12-02T16:38:03+00:00","breadcrumb":{"@id":"https:\/\/digital58.com.ve\/site\/2023\/12\/02\/zulia-comerciantes-binacionales-wayuu-participaran-en-el-referendum-en-defensa-del-esequibo\/#breadcrumb"},"inLanguage":"es","potentialAction":[{"@type":"ReadAction","target":["https:\/\/digital58.com.ve\/site\/2023\/12\/02\/zulia-comerciantes-binacionales-wayuu-participaran-en-el-referendum-en-defensa-del-esequibo\/"]}]},{"@type":"ImageObject","inLanguage":"es","@id":"https:\/\/digital58.com.ve\/site\/2023\/12\/02\/zulia-comerciantes-binacionales-wayuu-participaran-en-el-referendum-en-defensa-del-esequibo\/#primaryimage","url":"https:\/\/digital58.com.ve\/site\/wp-content\/uploads\/2023\/12\/WhatsApp-Image-2023-11-30-at-6.05.53-PM.jpeg","contentUrl":"https:\/\/digital58.com.ve\/site\/wp-content\/uploads\/2023\/12\/WhatsApp-Image-2023-11-30-at-6.05.53-PM.jpeg","width":780,"height":627},{"@type":"BreadcrumbList","@id":"https:\/\/digital58.com.ve\/site\/2023\/12\/02\/zulia-comerciantes-binacionales-wayuu-participaran-en-el-referendum-en-defensa-del-esequibo\/#breadcrumb","itemListElement":[{"@type":"ListItem","position":1,"name":"Home","item":"https:\/\/digital58.com.ve\/site\/"},{"@type":"ListItem","position":2,"name":"#Zulia | Comerciantes binacionales Way\u00fau participar\u00e1n en el refer\u00e9ndum en Defensa del Esequibo"}]},{"@type":"WebSite","@id":"https:\/\/digital58.com.ve\/site\/#website","url":"https:\/\/digital58.com.ve\/site\/","name":"Noticias Digital58","description":"Portal de Noticias \u00a1Periodismo web de verdad! Lanzamiento web 22.11.2005 \/ Maracaibo, Venezuela","publisher":{"@id":"https:\/\/digital58.com.ve\/site\/#\/schema\/person\/64d1c2e4d0d4fd1b849980c4331c2951"},"alternateName":"ND58","potentialAction":[{"@type":"SearchAction","target":{"@type":"EntryPoint","urlTemplate":"https:\/\/digital58.com.ve\/site\/?s={search_term_string}"},"query-input":{"@type":"PropertyValueSpecification","valueRequired":true,"valueName":"search_term_string"}}],"inLanguage":"es"},{"@type":["Person","Organization"],"@id":"https:\/\/digital58.com.ve\/site\/#\/schema\/person\/64d1c2e4d0d4fd1b849980c4331c2951","name":"Villasmil Henry","image":{"@type":"ImageObject","inLanguage":"es","@id":"https:\/\/secure.gravatar.com\/avatar\/bb0c4a2fcb7970138239f7e404ea75757b1b507b28b5ce4c53fbd62d797c5a7c?s=96&d=mm&r=g","url":"https:\/\/secure.gravatar.com\/avatar\/bb0c4a2fcb7970138239f7e404ea75757b1b507b28b5ce4c53fbd62d797c5a7c?s=96&d=mm&r=g","contentUrl":"https:\/\/secure.gravatar.com\/avatar\/bb0c4a2fcb7970138239f7e404ea75757b1b507b28b5ce4c53fbd62d797c5a7c?s=96&d=mm&r=g","caption":"Villasmil Henry"},"logo":{"@id":"https:\/\/secure.gravatar.com\/avatar\/bb0c4a2fcb7970138239f7e404ea75757b1b507b28b5ce4c53fbd62d797c5a7c?s=96&d=mm&r=g"},"sameAs":["http:\/\/www.henryvillasmil.com.ve","https:\/\/www.instagram.com\/villasmilhfoto\/","https:\/\/x.com\/https:\/\/twitter.com\/villasmilhfoto"],"url":"https:\/\/digital58.com.ve\/site\/author\/droopy_68\/"}]}},"uagb_featured_image_src":{"full":["https:\/\/digital58.com.ve\/site\/wp-content\/uploads\/2023\/12\/WhatsApp-Image-2023-11-30-at-6.05.53-PM.jpeg",780,627,false],"thumbnail":["https:\/\/digital58.com.ve\/site\/wp-content\/uploads\/2023\/12\/WhatsApp-Image-2023-11-30-at-6.05.53-PM-150x150.jpeg",150,150,true],"medium":["https:\/\/digital58.com.ve\/site\/wp-content\/uploads\/2023\/12\/WhatsApp-Image-2023-11-30-at-6.05.53-PM-300x241.jpeg",300,241,true],"medium_large":["https:\/\/digital58.com.ve\/site\/wp-content\/uploads\/2023\/12\/WhatsApp-Image-2023-11-30-at-6.05.53-PM-768x617.jpeg",768,617,true],"large":["https:\/\/digital58.com.ve\/site\/wp-content\/uploads\/2023\/12\/WhatsApp-Image-2023-11-30-at-6.05.53-PM.jpeg",780,627,false],"1536x1536":["https:\/\/digital58.com.ve\/site\/wp-content\/uploads\/2023\/12\/WhatsApp-Image-2023-11-30-at-6.05.53-PM.jpeg",780,627,false],"2048x2048":["https:\/\/digital58.com.ve\/site\/wp-content\/uploads\/2023\/12\/WhatsApp-Image-2023-11-30-at-6.05.53-PM.jpeg",780,627,false],"colormag-highlighted-post":["https:\/\/digital58.com.ve\/site\/wp-content\/uploads\/2023\/12\/WhatsApp-Image-2023-11-30-at-6.05.53-PM-392x272.jpeg",392,272,true],"colormag-featured-post-medium":["https:\/\/digital58.com.ve\/site\/wp-content\/uploads\/2023\/12\/WhatsApp-Image-2023-11-30-at-6.05.53-PM-390x205.jpeg",390,205,true],"colormag-featured-post-small":["https:\/\/digital58.com.ve\/site\/wp-content\/uploads\/2023\/12\/WhatsApp-Image-2023-11-30-at-6.05.53-PM-130x90.jpeg",130,90,true],"colormag-featured-image":["https:\/\/digital58.com.ve\/site\/wp-content\/uploads\/2023\/12\/WhatsApp-Image-2023-11-30-at-6.05.53-PM-780x445.jpeg",780,445,true],"colormag-default-news":["https:\/\/digital58.com.ve\/site\/wp-content\/uploads\/2023\/12\/WhatsApp-Image-2023-11-30-at-6.05.53-PM-150x150.jpeg",150,150,true],"colormag-featured-image-large":["https:\/\/digital58.com.ve\/site\/wp-content\/uploads\/2023\/12\/WhatsApp-Image-2023-11-30-at-6.05.53-PM-780x600.jpeg",780,600,true]},"uagb_author_info":{"display_name":"Villasmil Henry","author_link":"https:\/\/digital58.com.ve\/site\/author\/droopy_68\/"},"uagb_comment_info":0,"uagb_excerpt":"El Comando de Campa\u00f1a Venezuela Toda Capitulo Ind\u00edgena del Zulia sostuvo un encuentro con representantes del comercio binacional Way\u00fau quienes","_links":{"self":[{"href":"https:\/\/digital58.com.ve\/site\/wp-json\/wp\/v2\/posts\/173241","targetHints":{"allow":["GET"]}}],"collection":[{"href":"https:\/\/digital58.com.ve\/site\/wp-json\/wp\/v2\/posts"}],"about":[{"href":"https:\/\/digital58.com.ve\/site\/wp-json\/wp\/v2\/types\/post"}],"author":[{"embeddable":true,"href":"https:\/\/digital58.com.ve\/site\/wp-json\/wp\/v2\/users\/1"}],"replies":[{"embeddable":true,"href":"https:\/\/digital58.com.ve\/site\/wp-json\/wp\/v2\/comments?post=173241"}],"version-history":[{"count":1,"href":"https:\/\/digital58.com.ve\/site\/wp-json\/wp\/v2\/posts\/173241\/revisions"}],"predecessor-version":[{"id":173244,"href":"https:\/\/digital58.com.ve\/site\/wp-json\/wp\/v2\/posts\/173241\/revisions\/173244"}],"wp:featuredmedia":[{"embeddable":true,"href":"https:\/\/digital58.com.ve\/site\/wp-json\/wp\/v2\/media\/173243"}],"wp:attachment":[{"href":"https:\/\/digital58.com.ve\/site\/wp-json\/wp\/v2\/media?parent=173241"}],"wp:term":[{"taxonomy":"category","embeddable":true,"href":"https:\/\/digital58.com.ve\/site\/wp-json\/wp\/v2\/categories?post=173241"},{"taxonomy":"post_tag","embeddable":true,"href":"https:\/\/digital58.com.ve\/site\/wp-json\/wp\/v2\/tags?post=173241"}],"curies":[{"name":"wp","href":"https:\/\/api.w.org\/{rel}","templated":true}]}}