{"id":173257,"date":"2023-12-02T14:14:46","date_gmt":"2023-12-02T18:14:46","guid":{"rendered":"https:\/\/digital58.com.ve\/site\/?p=173257"},"modified":"2023-12-02T14:14:46","modified_gmt":"2023-12-02T18:14:46","slug":"manuel-rosales-evaluo-trabajo-de-la-comision-de-acuerdo-humanitario-para-el-sistema-electrico-del-zulia","status":"publish","type":"post","link":"https:\/\/digital58.com.ve\/site\/2023\/12\/02\/manuel-rosales-evaluo-trabajo-de-la-comision-de-acuerdo-humanitario-para-el-sistema-electrico-del-zulia\/","title":{"rendered":"Manuel Rosales evalu\u00f3 trabajo de la Comisi\u00f3n de Acuerdo Humanitario para el sistema el\u00e9ctrico del Zulia"},"content":{"rendered":"<p><a href=\"https:\/\/digital58.com.ve\/site\/wp-content\/uploads\/2023\/12\/WhatsApp-Image-2023-11-29-at-12.59.48-PM.jpeg\"><img loading=\"lazy\" decoding=\"async\" class=\"aligncenter size-full wp-image-173261\" src=\"https:\/\/digital58.com.ve\/site\/wp-content\/uploads\/2023\/12\/WhatsApp-Image-2023-11-29-at-12.59.48-PM.jpeg\" alt=\"\" width=\"1080\" height=\"557\" srcset=\"https:\/\/digital58.com.ve\/site\/wp-content\/uploads\/2023\/12\/WhatsApp-Image-2023-11-29-at-12.59.48-PM.jpeg 1080w, https:\/\/digital58.com.ve\/site\/wp-content\/uploads\/2023\/12\/WhatsApp-Image-2023-11-29-at-12.59.48-PM-300x155.jpeg 300w, https:\/\/digital58.com.ve\/site\/wp-content\/uploads\/2023\/12\/WhatsApp-Image-2023-11-29-at-12.59.48-PM-1000x516.jpeg 1000w, https:\/\/digital58.com.ve\/site\/wp-content\/uploads\/2023\/12\/WhatsApp-Image-2023-11-29-at-12.59.48-PM-768x396.jpeg 768w\" sizes=\"auto, (max-width: 1080px) 100vw, 1080px\" \/><\/a><\/p>\n<p>El Gobernador del estado Zulia, Manuel Rosales, junto con el ministro de Energ\u00eda El\u00e9ctrica, N\u00e9stor Luis Reverol y los miembros de la Gran Comisi\u00f3n de Acuerdo Humanitario para el Sistema El\u00e9ctrico, lider\u00f3 una reuni\u00f3n de trabajo en el Palacio de Gobierno, con el objetivo de conocer las acciones emprendidas.<\/p>\n<p><strong>Maracaibo, Zulia, Venezuela, 02 de diciembre de 2023 (ND58).-<\/strong> \u00abEsto es m\u00e1s all\u00e1 de una actividad com\u00fan, otra reuni\u00f3n de trabajo, que se realiza en diferentes espacios y se cumplen en diferentes subcomisiones, de hombres y mujeres que integran est\u00e1 Gran Comisi\u00f3n de Acuerdo Humanitario para la soluci\u00f3n del tema el\u00e9ctrico\u00bb, detall\u00f3 el Gobernador Rosales.<\/p>\n<p>Destac\u00f3: \u00abVenimos de conversar con el ministro Reverol, sobre el estatus, el momento que actualmente se vive en raz\u00f3n de un diagn\u00f3stico y de las soluciones que se han propuesto sobre este particular. Esta es una Comisi\u00f3n que se cre\u00f3 con la participaci\u00f3n de los tres niveles de Gobierno: el Poder Ejecutivo nacional, regional, el Legislativo y que participa como un factor determinante, la estructura y el dise\u00f1\u00f3 del Poder Municipal, a partir de los Alcaldes y las C\u00e1maras Municipales, as\u00ed como sectores e instituciones del estado en general\u00bb.<\/p>\n<p>Destac\u00f3 que todos participan, porque el problema el\u00e9ctrico no se transporta en raz\u00f3n de hechos o eventos pol\u00edticos. \u00abNi le pregunta a una familia o comercio o a determinada estructura institucional de qu\u00e9 partido es o por qui\u00e9n vot\u00f3. El problema el\u00e9ctrico lo sufrimos y padecemos todos de manera lineal\u00bb.<\/p>\n<p>Rosales afirm\u00f3 que el apag\u00f3n, el racionamiento, las fluctuaciones el\u00e9ctricas, las vivimos y conocemos, en detalle, todos los zualianos por igual. \u00abY por eso estamos aqu\u00ed, con las diferencias que existen: pol\u00edticas todos los factores, porque nos mueve y nos motiva el hecho y la raz\u00f3n de buscar una soluci\u00f3n a este drama que ya tiene viso y car\u00e1cter humanitario. El diagn\u00f3stico lo conocemos. Los padecimientos del industrial y el comerciante, del sector agropecuario, de las familias la interpretamos y la vivimos en carne propia\u00bb.<\/p>\n<p>El Gobernador sostuvo que la gente espera la soluci\u00f3n a los problemas, \u00abque no es m\u00e1gica, sino que ser\u00e1n a corto, mediano y largo plazo, en el entendido, que el dise\u00f1o del suministro y distribuci\u00f3n el\u00e9ctrica en el Zulia se compone de varios elementos, razones y or\u00edgenes. Eso pasa por un dise\u00f1o, una estructura que requiere de una gigantesca inversi\u00f3n, para mejorar lo que existe y, en otros casos, para construir el Cable Sublacustre para la Costa Oriental del Lago y un segundo cable que nos conectar\u00eda de manera directa al Guri, para garantizar el fluido de energ\u00eda al estado\u00bb.<\/p>\n<p>Continu\u00f3: \u00abHemos dicho que una de las misiones de esta Comisi\u00f3n es lograr, a trav\u00e9s del Gobierno y del Poder Legislativo nacional, de las Comisiones de Negociaci\u00f3n del Gobierno y la Oposici\u00f3n que, a trav\u00e9s del reino de Noruega, se re\u00fanen, gestionan y avanzan en la conflictividad pol\u00edtica, en los problemas econ\u00f3micos y sociales de Venezuela, que ellos sean tambi\u00e9n parte activa de la soluci\u00f3n\u00bb.<\/p>\n<p>Rosales recalc\u00f3 que se necesitan los recursos, cientos de millones de d\u00f3lares, para solucionar este problema del sistema el\u00e9ctrico. \u00abAll\u00ed est\u00e1n: cientos de millones congelados en otros pa\u00edses, siendo recursos de los venezolanos. All\u00ed empieza la tarea, adem\u00e1s de lograr la flexibilizaci\u00f3n de las trabas y escoyos que existen, para que puedan fluir los procesos de comercializaci\u00f3n, negociaci\u00f3n, mejoramiento, adquisici\u00f3n de equipos y repuestos de todo el sistema el\u00e9ctrico del Zulia\u00bb.<\/p>\n<p>Resalt\u00f3 que nuestro estado tiene como aliados a gente de los tres niveles de Gobierno, personas que no son del Zulia, que nos ven desde lejos, pero que interpretan la pesadilla, dolor y sufrimiento del pueblo zuliano, a partir de este problema que vivimos con el servicio el\u00e9ctrico.<\/p>\n<p>Para concluir, el Gobernador dijo que este tipo de actividad \u00abnos coloca con el coraz\u00f3n en la tierra zuliana, con el t\u00edmpano en la tierra, para escuchar a la gente, porque cuando uno va a un barrio y le preguntan por un transformador quemado, un colector da\u00f1ado, por el transporte, la recolecci\u00f3n de basura o la seguridad, no le dice a uno si es competencia de uno o no. La gente me dice a m\u00ed no me interesa de cu\u00e1l nivel de Gobierno es usted, sino: solucione el problema. Est\u00e1n obstinados del pleito, del odio, conflictividad, de lo que a veces pareciera que es el ingrediente que m\u00e1s nos motiva en la actividad personal y pol\u00edtica\u00bb.<\/p>\n<p>El Gobernador Manuel Rosales espera que los acuerdos de Barbados vayan a la soluci\u00f3n pol\u00edtica, de cara a las elecciones Presidenciales de 2024. \u00abQue avancemos en la soluci\u00f3n de los problemas econ\u00f3micos y sociales; que saquemos a la gente de la calamidad en la que vive. Todos tenemos responsabilidad en este proceso, unos mas que otros, pero es la hora de ponernos la mano en el coraz\u00f3n y pensar en la gente que sufre. Cuando hablamos del problema el\u00e9ctrico en el Zulia, todos dejamos de lado nuestras diferencias\u00bb.<\/p>\n<p><strong>Redacci\u00f3n ND58 | Fuente: Leonel Reyes \/ GDZ<\/strong><br \/>\n<strong>Edici\u00f3n: Villasmil, Henry<\/strong><br \/>\n<strong>Gr\u00e1ficas: Cortes\u00eda Leonel Reyes \/ GDZ<\/strong><\/p>\n<p>&nbsp;<\/p><div class=\"wlezl69f05d5476107\" ><p style=\"text-align: center;\"><a href=\"https:\/\/t.me\/noticiasdigital58\" target=\"_blank\" rel=\"noopener\"><img class=\"aligncenter size-full wp-image-125363\" src=\"https:\/\/digital58.com.ve\/site\/wp-content\/uploads\/2021\/04\/banner-telegram-web-2021.png\" alt=\"\" width=\"600\" height=\"90\" \/><\/a><\/p><\/div><style type=\"text\/css\">\r\n@media screen and (min-width: 1201px) {\r\n.wlezl69f05d5476107 {\r\ndisplay: block;\r\n}\r\n}\r\n@media screen and (min-width: 993px) and (max-width: 1200px) {\r\n.wlezl69f05d5476107 {\r\ndisplay: block;\r\n}\r\n}\r\n@media screen and (min-width: 769px) and (max-width: 992px) {\r\n.wlezl69f05d5476107 {\r\ndisplay: block;\r\n}\r\n}\r\n@media screen and (min-width: 768px) and (max-width: 768px) {\r\n.wlezl69f05d5476107 {\r\ndisplay: block;\r\n}\r\n}\r\n@media screen and (max-width: 767px) {\r\n.wlezl69f05d5476107 {\r\ndisplay: block;\r\n}\r\n}\r\n<\/style>\r\n\n<p>&nbsp;<\/p>\n<div style=\"margin-top: 0px; margin-bottom: 0px;\" class=\"sharethis-inline-share-buttons\" ><\/div>","protected":false},"excerpt":{"rendered":"<p>El Gobernador del estado Zulia, Manuel Rosales, junto con el ministro de Energ\u00eda El\u00e9ctrica, N\u00e9stor Luis Reverol y los miembros<\/p>\n","protected":false},"author":1,"featured_media":173261,"comment_status":"open","ping_status":"closed","sticky":false,"template":"","format":"standard","meta":{"colormag_page_container_layout":"default_layout","colormag_page_sidebar_layout":"default_layout","_uag_custom_page_level_css":"","footnotes":""},"categories":[14504],"tags":[13579,26086,73,233,32427,2354,25494,32],"class_list":["post-173257","post","type-post","status-publish","format-standard","has-post-thumbnail","hentry","category-zulia","tag-gobierno-del-zulia","tag-manuel-rosales-guerrero","tag-maracaibo","tag-nacionales","tag-nestor-luis-reverol","tag-regionales","tag-sistema-electrico","tag-venezuela"],"yoast_head":"<!-- This site is optimized with the Yoast SEO plugin v27.4 - https:\/\/yoast.com\/product\/yoast-seo-wordpress\/ -->\n<title>Manuel Rosales evalu\u00f3 trabajo de la Comisi\u00f3n de Acuerdo Humanitario para el sistema el\u00e9ctrico del Zulia<\/title>\n<meta name=\"robots\" content=\"index, follow, max-snippet:-1, max-image-preview:large, max-video-preview:-1\" \/>\n<link rel=\"canonical\" href=\"https:\/\/digital58.com.ve\/site\/2023\/12\/02\/manuel-rosales-evaluo-trabajo-de-la-comision-de-acuerdo-humanitario-para-el-sistema-electrico-del-zulia\/\" \/>\n<meta property=\"og:locale\" content=\"es_ES\" \/>\n<meta property=\"og:type\" content=\"article\" \/>\n<meta property=\"og:title\" content=\"Manuel Rosales evalu\u00f3 trabajo de la Comisi\u00f3n de Acuerdo Humanitario para el sistema el\u00e9ctrico del Zulia\" \/>\n<meta property=\"og:url\" content=\"https:\/\/digital58.com.ve\/site\/2023\/12\/02\/manuel-rosales-evaluo-trabajo-de-la-comision-de-acuerdo-humanitario-para-el-sistema-electrico-del-zulia\/\" \/>\n<meta property=\"og:site_name\" content=\"Noticias Digital58\" \/>\n<meta property=\"article:published_time\" content=\"2023-12-02T18:14:46+00:00\" \/>\n<meta property=\"og:image\" content=\"https:\/\/i0.wp.com\/digital58.com.ve\/site\/wp-content\/uploads\/2023\/12\/WhatsApp-Image-2023-11-29-at-12.59.48-PM.jpeg?fit=1080%2C557&ssl=1\" \/>\n\t<meta property=\"og:image:width\" content=\"1080\" \/>\n\t<meta property=\"og:image:height\" content=\"557\" \/>\n\t<meta property=\"og:image:type\" content=\"image\/jpeg\" \/>\n<meta name=\"author\" content=\"Villasmil Henry\" \/>\n<meta name=\"twitter:card\" content=\"summary_large_image\" \/>\n<meta name=\"twitter:creator\" content=\"@https:\/\/twitter.com\/villasmilhfoto\" \/>\n<meta name=\"twitter:site\" content=\"@villasmilhfoto\" \/>\n<meta name=\"twitter:label1\" content=\"Escrito por\" \/>\n\t<meta name=\"twitter:data1\" content=\"Villasmil Henry\" \/>\n\t<meta name=\"twitter:label2\" content=\"Tiempo estimado de lectura\" \/>\n\t<meta name=\"twitter:data2\" content=\"5 minutos\" \/>\n<script type=\"application\/ld+json\" class=\"yoast-schema-graph\">{\"@context\":\"https:\\\/\\\/schema.org\",\"@graph\":[{\"@type\":\"Article\",\"@id\":\"https:\\\/\\\/digital58.com.ve\\\/site\\\/2023\\\/12\\\/02\\\/manuel-rosales-evaluo-trabajo-de-la-comision-de-acuerdo-humanitario-para-el-sistema-electrico-del-zulia\\\/#article\",\"isPartOf\":{\"@id\":\"https:\\\/\\\/digital58.com.ve\\\/site\\\/2023\\\/12\\\/02\\\/manuel-rosales-evaluo-trabajo-de-la-comision-de-acuerdo-humanitario-para-el-sistema-electrico-del-zulia\\\/\"},\"author\":{\"name\":\"Villasmil Henry\",\"@id\":\"https:\\\/\\\/digital58.com.ve\\\/site\\\/#\\\/schema\\\/person\\\/64d1c2e4d0d4fd1b849980c4331c2951\"},\"headline\":\"Manuel Rosales evalu\u00f3 trabajo de la Comisi\u00f3n de Acuerdo Humanitario para el sistema el\u00e9ctrico del Zulia\",\"datePublished\":\"2023-12-02T18:14:46+00:00\",\"mainEntityOfPage\":{\"@id\":\"https:\\\/\\\/digital58.com.ve\\\/site\\\/2023\\\/12\\\/02\\\/manuel-rosales-evaluo-trabajo-de-la-comision-de-acuerdo-humanitario-para-el-sistema-electrico-del-zulia\\\/\"},\"wordCount\":927,\"commentCount\":0,\"publisher\":{\"@id\":\"https:\\\/\\\/digital58.com.ve\\\/site\\\/#\\\/schema\\\/person\\\/64d1c2e4d0d4fd1b849980c4331c2951\"},\"image\":{\"@id\":\"https:\\\/\\\/digital58.com.ve\\\/site\\\/2023\\\/12\\\/02\\\/manuel-rosales-evaluo-trabajo-de-la-comision-de-acuerdo-humanitario-para-el-sistema-electrico-del-zulia\\\/#primaryimage\"},\"thumbnailUrl\":\"https:\\\/\\\/digital58.com.ve\\\/site\\\/wp-content\\\/uploads\\\/2023\\\/12\\\/WhatsApp-Image-2023-11-29-at-12.59.48-PM.jpeg\",\"keywords\":[\"Gobierno del Zulia\",\"Manuel Rosales Guerrero\",\"Maracaibo\",\"Nacionales\",\"N\u00e9stor Luis Reverol\",\"Regionales\",\"Sistema el\u00e9ctrico\",\"Venezuela\"],\"articleSection\":[\"Zulia\"],\"inLanguage\":\"es\",\"potentialAction\":[{\"@type\":\"CommentAction\",\"name\":\"Comment\",\"target\":[\"https:\\\/\\\/digital58.com.ve\\\/site\\\/2023\\\/12\\\/02\\\/manuel-rosales-evaluo-trabajo-de-la-comision-de-acuerdo-humanitario-para-el-sistema-electrico-del-zulia\\\/#respond\"]}]},{\"@type\":\"WebPage\",\"@id\":\"https:\\\/\\\/digital58.com.ve\\\/site\\\/2023\\\/12\\\/02\\\/manuel-rosales-evaluo-trabajo-de-la-comision-de-acuerdo-humanitario-para-el-sistema-electrico-del-zulia\\\/\",\"url\":\"https:\\\/\\\/digital58.com.ve\\\/site\\\/2023\\\/12\\\/02\\\/manuel-rosales-evaluo-trabajo-de-la-comision-de-acuerdo-humanitario-para-el-sistema-electrico-del-zulia\\\/\",\"name\":\"Manuel Rosales evalu\u00f3 trabajo de la Comisi\u00f3n de Acuerdo Humanitario para el sistema el\u00e9ctrico del Zulia\",\"isPartOf\":{\"@id\":\"https:\\\/\\\/digital58.com.ve\\\/site\\\/#website\"},\"primaryImageOfPage\":{\"@id\":\"https:\\\/\\\/digital58.com.ve\\\/site\\\/2023\\\/12\\\/02\\\/manuel-rosales-evaluo-trabajo-de-la-comision-de-acuerdo-humanitario-para-el-sistema-electrico-del-zulia\\\/#primaryimage\"},\"image\":{\"@id\":\"https:\\\/\\\/digital58.com.ve\\\/site\\\/2023\\\/12\\\/02\\\/manuel-rosales-evaluo-trabajo-de-la-comision-de-acuerdo-humanitario-para-el-sistema-electrico-del-zulia\\\/#primaryimage\"},\"thumbnailUrl\":\"https:\\\/\\\/digital58.com.ve\\\/site\\\/wp-content\\\/uploads\\\/2023\\\/12\\\/WhatsApp-Image-2023-11-29-at-12.59.48-PM.jpeg\",\"datePublished\":\"2023-12-02T18:14:46+00:00\",\"breadcrumb\":{\"@id\":\"https:\\\/\\\/digital58.com.ve\\\/site\\\/2023\\\/12\\\/02\\\/manuel-rosales-evaluo-trabajo-de-la-comision-de-acuerdo-humanitario-para-el-sistema-electrico-del-zulia\\\/#breadcrumb\"},\"inLanguage\":\"es\",\"potentialAction\":[{\"@type\":\"ReadAction\",\"target\":[\"https:\\\/\\\/digital58.com.ve\\\/site\\\/2023\\\/12\\\/02\\\/manuel-rosales-evaluo-trabajo-de-la-comision-de-acuerdo-humanitario-para-el-sistema-electrico-del-zulia\\\/\"]}]},{\"@type\":\"ImageObject\",\"inLanguage\":\"es\",\"@id\":\"https:\\\/\\\/digital58.com.ve\\\/site\\\/2023\\\/12\\\/02\\\/manuel-rosales-evaluo-trabajo-de-la-comision-de-acuerdo-humanitario-para-el-sistema-electrico-del-zulia\\\/#primaryimage\",\"url\":\"https:\\\/\\\/digital58.com.ve\\\/site\\\/wp-content\\\/uploads\\\/2023\\\/12\\\/WhatsApp-Image-2023-11-29-at-12.59.48-PM.jpeg\",\"contentUrl\":\"https:\\\/\\\/digital58.com.ve\\\/site\\\/wp-content\\\/uploads\\\/2023\\\/12\\\/WhatsApp-Image-2023-11-29-at-12.59.48-PM.jpeg\",\"width\":1080,\"height\":557},{\"@type\":\"BreadcrumbList\",\"@id\":\"https:\\\/\\\/digital58.com.ve\\\/site\\\/2023\\\/12\\\/02\\\/manuel-rosales-evaluo-trabajo-de-la-comision-de-acuerdo-humanitario-para-el-sistema-electrico-del-zulia\\\/#breadcrumb\",\"itemListElement\":[{\"@type\":\"ListItem\",\"position\":1,\"name\":\"Home\",\"item\":\"https:\\\/\\\/digital58.com.ve\\\/site\\\/\"},{\"@type\":\"ListItem\",\"position\":2,\"name\":\"Manuel Rosales evalu\u00f3 trabajo de la Comisi\u00f3n de Acuerdo Humanitario para el sistema el\u00e9ctrico del Zulia\"}]},{\"@type\":\"WebSite\",\"@id\":\"https:\\\/\\\/digital58.com.ve\\\/site\\\/#website\",\"url\":\"https:\\\/\\\/digital58.com.ve\\\/site\\\/\",\"name\":\"Noticias Digital58\",\"description\":\"Portal de Noticias \u00a1Periodismo web de verdad! Lanzamiento web 22.11.2005 \\\/ Maracaibo, Venezuela\",\"publisher\":{\"@id\":\"https:\\\/\\\/digital58.com.ve\\\/site\\\/#\\\/schema\\\/person\\\/64d1c2e4d0d4fd1b849980c4331c2951\"},\"alternateName\":\"ND58\",\"potentialAction\":[{\"@type\":\"SearchAction\",\"target\":{\"@type\":\"EntryPoint\",\"urlTemplate\":\"https:\\\/\\\/digital58.com.ve\\\/site\\\/?s={search_term_string}\"},\"query-input\":{\"@type\":\"PropertyValueSpecification\",\"valueRequired\":true,\"valueName\":\"search_term_string\"}}],\"inLanguage\":\"es\"},{\"@type\":[\"Person\",\"Organization\"],\"@id\":\"https:\\\/\\\/digital58.com.ve\\\/site\\\/#\\\/schema\\\/person\\\/64d1c2e4d0d4fd1b849980c4331c2951\",\"name\":\"Villasmil Henry\",\"image\":{\"@type\":\"ImageObject\",\"inLanguage\":\"es\",\"@id\":\"https:\\\/\\\/secure.gravatar.com\\\/avatar\\\/bb0c4a2fcb7970138239f7e404ea75757b1b507b28b5ce4c53fbd62d797c5a7c?s=96&d=mm&r=g\",\"url\":\"https:\\\/\\\/secure.gravatar.com\\\/avatar\\\/bb0c4a2fcb7970138239f7e404ea75757b1b507b28b5ce4c53fbd62d797c5a7c?s=96&d=mm&r=g\",\"contentUrl\":\"https:\\\/\\\/secure.gravatar.com\\\/avatar\\\/bb0c4a2fcb7970138239f7e404ea75757b1b507b28b5ce4c53fbd62d797c5a7c?s=96&d=mm&r=g\",\"caption\":\"Villasmil Henry\"},\"logo\":{\"@id\":\"https:\\\/\\\/secure.gravatar.com\\\/avatar\\\/bb0c4a2fcb7970138239f7e404ea75757b1b507b28b5ce4c53fbd62d797c5a7c?s=96&d=mm&r=g\"},\"sameAs\":[\"http:\\\/\\\/www.henryvillasmil.com.ve\",\"https:\\\/\\\/www.instagram.com\\\/villasmilhfoto\\\/\",\"https:\\\/\\\/x.com\\\/https:\\\/\\\/twitter.com\\\/villasmilhfoto\"],\"url\":\"https:\\\/\\\/digital58.com.ve\\\/site\\\/author\\\/droopy_68\\\/\"}]}<\/script>\n<!-- \/ Yoast SEO plugin. -->","yoast_head_json":{"title":"Manuel Rosales evalu\u00f3 trabajo de la Comisi\u00f3n de Acuerdo Humanitario para el sistema el\u00e9ctrico del Zulia","robots":{"index":"index","follow":"follow","max-snippet":"max-snippet:-1","max-image-preview":"max-image-preview:large","max-video-preview":"max-video-preview:-1"},"canonical":"https:\/\/digital58.com.ve\/site\/2023\/12\/02\/manuel-rosales-evaluo-trabajo-de-la-comision-de-acuerdo-humanitario-para-el-sistema-electrico-del-zulia\/","og_locale":"es_ES","og_type":"article","og_title":"Manuel Rosales evalu\u00f3 trabajo de la Comisi\u00f3n de Acuerdo Humanitario para el sistema el\u00e9ctrico del Zulia","og_url":"https:\/\/digital58.com.ve\/site\/2023\/12\/02\/manuel-rosales-evaluo-trabajo-de-la-comision-de-acuerdo-humanitario-para-el-sistema-electrico-del-zulia\/","og_site_name":"Noticias Digital58","article_published_time":"2023-12-02T18:14:46+00:00","og_image":[{"width":1080,"height":557,"url":"https:\/\/i0.wp.com\/digital58.com.ve\/site\/wp-content\/uploads\/2023\/12\/WhatsApp-Image-2023-11-29-at-12.59.48-PM.jpeg?fit=1080%2C557&ssl=1","type":"image\/jpeg"}],"author":"Villasmil Henry","twitter_card":"summary_large_image","twitter_creator":"@https:\/\/twitter.com\/villasmilhfoto","twitter_site":"@villasmilhfoto","twitter_misc":{"Escrito por":"Villasmil Henry","Tiempo estimado de lectura":"5 minutos"},"schema":{"@context":"https:\/\/schema.org","@graph":[{"@type":"Article","@id":"https:\/\/digital58.com.ve\/site\/2023\/12\/02\/manuel-rosales-evaluo-trabajo-de-la-comision-de-acuerdo-humanitario-para-el-sistema-electrico-del-zulia\/#article","isPartOf":{"@id":"https:\/\/digital58.com.ve\/site\/2023\/12\/02\/manuel-rosales-evaluo-trabajo-de-la-comision-de-acuerdo-humanitario-para-el-sistema-electrico-del-zulia\/"},"author":{"name":"Villasmil Henry","@id":"https:\/\/digital58.com.ve\/site\/#\/schema\/person\/64d1c2e4d0d4fd1b849980c4331c2951"},"headline":"Manuel Rosales evalu\u00f3 trabajo de la Comisi\u00f3n de Acuerdo Humanitario para el sistema el\u00e9ctrico del Zulia","datePublished":"2023-12-02T18:14:46+00:00","mainEntityOfPage":{"@id":"https:\/\/digital58.com.ve\/site\/2023\/12\/02\/manuel-rosales-evaluo-trabajo-de-la-comision-de-acuerdo-humanitario-para-el-sistema-electrico-del-zulia\/"},"wordCount":927,"commentCount":0,"publisher":{"@id":"https:\/\/digital58.com.ve\/site\/#\/schema\/person\/64d1c2e4d0d4fd1b849980c4331c2951"},"image":{"@id":"https:\/\/digital58.com.ve\/site\/2023\/12\/02\/manuel-rosales-evaluo-trabajo-de-la-comision-de-acuerdo-humanitario-para-el-sistema-electrico-del-zulia\/#primaryimage"},"thumbnailUrl":"https:\/\/digital58.com.ve\/site\/wp-content\/uploads\/2023\/12\/WhatsApp-Image-2023-11-29-at-12.59.48-PM.jpeg","keywords":["Gobierno del Zulia","Manuel Rosales Guerrero","Maracaibo","Nacionales","N\u00e9stor Luis Reverol","Regionales","Sistema el\u00e9ctrico","Venezuela"],"articleSection":["Zulia"],"inLanguage":"es","potentialAction":[{"@type":"CommentAction","name":"Comment","target":["https:\/\/digital58.com.ve\/site\/2023\/12\/02\/manuel-rosales-evaluo-trabajo-de-la-comision-de-acuerdo-humanitario-para-el-sistema-electrico-del-zulia\/#respond"]}]},{"@type":"WebPage","@id":"https:\/\/digital58.com.ve\/site\/2023\/12\/02\/manuel-rosales-evaluo-trabajo-de-la-comision-de-acuerdo-humanitario-para-el-sistema-electrico-del-zulia\/","url":"https:\/\/digital58.com.ve\/site\/2023\/12\/02\/manuel-rosales-evaluo-trabajo-de-la-comision-de-acuerdo-humanitario-para-el-sistema-electrico-del-zulia\/","name":"Manuel Rosales evalu\u00f3 trabajo de la Comisi\u00f3n de Acuerdo Humanitario para el sistema el\u00e9ctrico del Zulia","isPartOf":{"@id":"https:\/\/digital58.com.ve\/site\/#website"},"primaryImageOfPage":{"@id":"https:\/\/digital58.com.ve\/site\/2023\/12\/02\/manuel-rosales-evaluo-trabajo-de-la-comision-de-acuerdo-humanitario-para-el-sistema-electrico-del-zulia\/#primaryimage"},"image":{"@id":"https:\/\/digital58.com.ve\/site\/2023\/12\/02\/manuel-rosales-evaluo-trabajo-de-la-comision-de-acuerdo-humanitario-para-el-sistema-electrico-del-zulia\/#primaryimage"},"thumbnailUrl":"https:\/\/digital58.com.ve\/site\/wp-content\/uploads\/2023\/12\/WhatsApp-Image-2023-11-29-at-12.59.48-PM.jpeg","datePublished":"2023-12-02T18:14:46+00:00","breadcrumb":{"@id":"https:\/\/digital58.com.ve\/site\/2023\/12\/02\/manuel-rosales-evaluo-trabajo-de-la-comision-de-acuerdo-humanitario-para-el-sistema-electrico-del-zulia\/#breadcrumb"},"inLanguage":"es","potentialAction":[{"@type":"ReadAction","target":["https:\/\/digital58.com.ve\/site\/2023\/12\/02\/manuel-rosales-evaluo-trabajo-de-la-comision-de-acuerdo-humanitario-para-el-sistema-electrico-del-zulia\/"]}]},{"@type":"ImageObject","inLanguage":"es","@id":"https:\/\/digital58.com.ve\/site\/2023\/12\/02\/manuel-rosales-evaluo-trabajo-de-la-comision-de-acuerdo-humanitario-para-el-sistema-electrico-del-zulia\/#primaryimage","url":"https:\/\/digital58.com.ve\/site\/wp-content\/uploads\/2023\/12\/WhatsApp-Image-2023-11-29-at-12.59.48-PM.jpeg","contentUrl":"https:\/\/digital58.com.ve\/site\/wp-content\/uploads\/2023\/12\/WhatsApp-Image-2023-11-29-at-12.59.48-PM.jpeg","width":1080,"height":557},{"@type":"BreadcrumbList","@id":"https:\/\/digital58.com.ve\/site\/2023\/12\/02\/manuel-rosales-evaluo-trabajo-de-la-comision-de-acuerdo-humanitario-para-el-sistema-electrico-del-zulia\/#breadcrumb","itemListElement":[{"@type":"ListItem","position":1,"name":"Home","item":"https:\/\/digital58.com.ve\/site\/"},{"@type":"ListItem","position":2,"name":"Manuel Rosales evalu\u00f3 trabajo de la Comisi\u00f3n de Acuerdo Humanitario para el sistema el\u00e9ctrico del Zulia"}]},{"@type":"WebSite","@id":"https:\/\/digital58.com.ve\/site\/#website","url":"https:\/\/digital58.com.ve\/site\/","name":"Noticias Digital58","description":"Portal de Noticias \u00a1Periodismo web de verdad! Lanzamiento web 22.11.2005 \/ Maracaibo, Venezuela","publisher":{"@id":"https:\/\/digital58.com.ve\/site\/#\/schema\/person\/64d1c2e4d0d4fd1b849980c4331c2951"},"alternateName":"ND58","potentialAction":[{"@type":"SearchAction","target":{"@type":"EntryPoint","urlTemplate":"https:\/\/digital58.com.ve\/site\/?s={search_term_string}"},"query-input":{"@type":"PropertyValueSpecification","valueRequired":true,"valueName":"search_term_string"}}],"inLanguage":"es"},{"@type":["Person","Organization"],"@id":"https:\/\/digital58.com.ve\/site\/#\/schema\/person\/64d1c2e4d0d4fd1b849980c4331c2951","name":"Villasmil Henry","image":{"@type":"ImageObject","inLanguage":"es","@id":"https:\/\/secure.gravatar.com\/avatar\/bb0c4a2fcb7970138239f7e404ea75757b1b507b28b5ce4c53fbd62d797c5a7c?s=96&d=mm&r=g","url":"https:\/\/secure.gravatar.com\/avatar\/bb0c4a2fcb7970138239f7e404ea75757b1b507b28b5ce4c53fbd62d797c5a7c?s=96&d=mm&r=g","contentUrl":"https:\/\/secure.gravatar.com\/avatar\/bb0c4a2fcb7970138239f7e404ea75757b1b507b28b5ce4c53fbd62d797c5a7c?s=96&d=mm&r=g","caption":"Villasmil Henry"},"logo":{"@id":"https:\/\/secure.gravatar.com\/avatar\/bb0c4a2fcb7970138239f7e404ea75757b1b507b28b5ce4c53fbd62d797c5a7c?s=96&d=mm&r=g"},"sameAs":["http:\/\/www.henryvillasmil.com.ve","https:\/\/www.instagram.com\/villasmilhfoto\/","https:\/\/x.com\/https:\/\/twitter.com\/villasmilhfoto"],"url":"https:\/\/digital58.com.ve\/site\/author\/droopy_68\/"}]}},"uagb_featured_image_src":{"full":["https:\/\/digital58.com.ve\/site\/wp-content\/uploads\/2023\/12\/WhatsApp-Image-2023-11-29-at-12.59.48-PM.jpeg",1080,557,false],"thumbnail":["https:\/\/digital58.com.ve\/site\/wp-content\/uploads\/2023\/12\/WhatsApp-Image-2023-11-29-at-12.59.48-PM-150x150.jpeg",150,150,true],"medium":["https:\/\/digital58.com.ve\/site\/wp-content\/uploads\/2023\/12\/WhatsApp-Image-2023-11-29-at-12.59.48-PM-300x155.jpeg",300,155,true],"medium_large":["https:\/\/digital58.com.ve\/site\/wp-content\/uploads\/2023\/12\/WhatsApp-Image-2023-11-29-at-12.59.48-PM-768x396.jpeg",768,396,true],"large":["https:\/\/digital58.com.ve\/site\/wp-content\/uploads\/2023\/12\/WhatsApp-Image-2023-11-29-at-12.59.48-PM-1000x516.jpeg",800,413,true],"1536x1536":["https:\/\/digital58.com.ve\/site\/wp-content\/uploads\/2023\/12\/WhatsApp-Image-2023-11-29-at-12.59.48-PM.jpeg",1080,557,false],"2048x2048":["https:\/\/digital58.com.ve\/site\/wp-content\/uploads\/2023\/12\/WhatsApp-Image-2023-11-29-at-12.59.48-PM.jpeg",1080,557,false],"colormag-highlighted-post":["https:\/\/digital58.com.ve\/site\/wp-content\/uploads\/2023\/12\/WhatsApp-Image-2023-11-29-at-12.59.48-PM-392x272.jpeg",392,272,true],"colormag-featured-post-medium":["https:\/\/digital58.com.ve\/site\/wp-content\/uploads\/2023\/12\/WhatsApp-Image-2023-11-29-at-12.59.48-PM-390x205.jpeg",390,205,true],"colormag-featured-post-small":["https:\/\/digital58.com.ve\/site\/wp-content\/uploads\/2023\/12\/WhatsApp-Image-2023-11-29-at-12.59.48-PM-130x90.jpeg",130,90,true],"colormag-featured-image":["https:\/\/digital58.com.ve\/site\/wp-content\/uploads\/2023\/12\/WhatsApp-Image-2023-11-29-at-12.59.48-PM-800x445.jpeg",800,445,true],"colormag-default-news":["https:\/\/digital58.com.ve\/site\/wp-content\/uploads\/2023\/12\/WhatsApp-Image-2023-11-29-at-12.59.48-PM-150x150.jpeg",150,150,true],"colormag-featured-image-large":["https:\/\/digital58.com.ve\/site\/wp-content\/uploads\/2023\/12\/WhatsApp-Image-2023-11-29-at-12.59.48-PM.jpeg",1080,557,false]},"uagb_author_info":{"display_name":"Villasmil Henry","author_link":"https:\/\/digital58.com.ve\/site\/author\/droopy_68\/"},"uagb_comment_info":0,"uagb_excerpt":"El Gobernador del estado Zulia, Manuel Rosales, junto con el ministro de Energ\u00eda El\u00e9ctrica, N\u00e9stor Luis Reverol y los miembros","_links":{"self":[{"href":"https:\/\/digital58.com.ve\/site\/wp-json\/wp\/v2\/posts\/173257","targetHints":{"allow":["GET"]}}],"collection":[{"href":"https:\/\/digital58.com.ve\/site\/wp-json\/wp\/v2\/posts"}],"about":[{"href":"https:\/\/digital58.com.ve\/site\/wp-json\/wp\/v2\/types\/post"}],"author":[{"embeddable":true,"href":"https:\/\/digital58.com.ve\/site\/wp-json\/wp\/v2\/users\/1"}],"replies":[{"embeddable":true,"href":"https:\/\/digital58.com.ve\/site\/wp-json\/wp\/v2\/comments?post=173257"}],"version-history":[{"count":1,"href":"https:\/\/digital58.com.ve\/site\/wp-json\/wp\/v2\/posts\/173257\/revisions"}],"predecessor-version":[{"id":173263,"href":"https:\/\/digital58.com.ve\/site\/wp-json\/wp\/v2\/posts\/173257\/revisions\/173263"}],"wp:featuredmedia":[{"embeddable":true,"href":"https:\/\/digital58.com.ve\/site\/wp-json\/wp\/v2\/media\/173261"}],"wp:attachment":[{"href":"https:\/\/digital58.com.ve\/site\/wp-json\/wp\/v2\/media?parent=173257"}],"wp:term":[{"taxonomy":"category","embeddable":true,"href":"https:\/\/digital58.com.ve\/site\/wp-json\/wp\/v2\/categories?post=173257"},{"taxonomy":"post_tag","embeddable":true,"href":"https:\/\/digital58.com.ve\/site\/wp-json\/wp\/v2\/tags?post=173257"}],"curies":[{"name":"wp","href":"https:\/\/api.w.org\/{rel}","templated":true}]}}