{"id":173516,"date":"2023-12-09T15:37:53","date_gmt":"2023-12-09T19:37:53","guid":{"rendered":"https:\/\/digital58.com.ve\/site\/?p=173516"},"modified":"2023-12-09T15:37:53","modified_gmt":"2023-12-09T19:37:53","slug":"zulia-gobernador-junto-con-el-alcalde-jose-mosquera-encendieron-la-navidad-en-lagunillas","status":"publish","type":"post","link":"https:\/\/digital58.com.ve\/site\/2023\/12\/09\/zulia-gobernador-junto-con-el-alcalde-jose-mosquera-encendieron-la-navidad-en-lagunillas\/","title":{"rendered":"#Zulia | Gobernador junto con el Alcalde Jos\u00e9 Mosquera encendieron la Navidad en Lagunillas"},"content":{"rendered":"<p><a href=\"https:\/\/digital58.com.ve\/site\/wp-content\/uploads\/2023\/12\/ciudadojeda-3.jpg\"><img loading=\"lazy\" decoding=\"async\" class=\"aligncenter size-full wp-image-173517\" src=\"https:\/\/digital58.com.ve\/site\/wp-content\/uploads\/2023\/12\/ciudadojeda-3.jpg\" alt=\"\" width=\"800\" height=\"450\" srcset=\"https:\/\/digital58.com.ve\/site\/wp-content\/uploads\/2023\/12\/ciudadojeda-3.jpg 800w, https:\/\/digital58.com.ve\/site\/wp-content\/uploads\/2023\/12\/ciudadojeda-3-300x169.jpg 300w, https:\/\/digital58.com.ve\/site\/wp-content\/uploads\/2023\/12\/ciudadojeda-3-768x432.jpg 768w\" sizes=\"auto, (max-width: 800px) 100vw, 800px\" \/><\/a><\/p>\n<p>Manuel Rosales, le record\u00f3 al pueblo de Ciudad Ojeda que esta lucha no es solo para los que vivimos en el pa\u00eds, sino tambi\u00e9n para los que se fueron alg\u00fan d\u00eda por falta de empleo y oportunidad. \u00abDesde ac\u00e1 les enviamos un abrazo a todos los que est\u00e1n fuera, para que regresen a Venezuela en los tiempos por venir\u00bb.<\/p>\n<p><strong>Ciudad Ojeda, Zulia, Venezuela, 09 de diciembre de 2023 (ND58).-<\/strong> El Gobernador del estado Zulia, Manuel Rosales Guerrero, junto con el Alcalde del municipio Lagunillas, Jos\u00e9 \u00abCheo\u00bb Mosquera, encendi\u00f3 las luces de Navidad de la Avenida Bol\u00edvar, actividad familiar que re\u00fane la esperanza y alegr\u00eda de tan anhelada festividad.<\/p>\n<p>Rosales destac\u00f3 que a su llegada a la emblem\u00e1tica ciudad, ya observaba un cambio. \u00abCiudad Ojeda se ve distinta, esplendorosa, empieza a recobrar su belleza. Ya no se encuentra en los escombros que estaba. Ciudad Ojeda se empina hacia el futuro, a ser una de las ciudades m\u00e1s bonitas de toda Venezuela\u00bb.<\/p>\n<p>Record\u00f3 que, al igual que el a\u00f1o pasado, mientras recorr\u00eda las calles, observ\u00f3 nuevos negocios y gente alegre. \u00abHay nuevos edificios, locales, todo lo que se deslumbra es mayor\u00eda y prosperidad que va creciendo. Esto se debe a la gesti\u00f3n del gran gerente que lleva la felicidad y la prosperidad en Lagunillas: Cheo Mosquera\u00bb.<\/p>\n<p><a href=\"https:\/\/digital58.com.ve\/site\/wp-content\/uploads\/2023\/12\/ciudadojeda-1.jpg\"><img loading=\"lazy\" decoding=\"async\" class=\"aligncenter size-full wp-image-173519\" src=\"https:\/\/digital58.com.ve\/site\/wp-content\/uploads\/2023\/12\/ciudadojeda-1.jpg\" alt=\"\" width=\"800\" height=\"450\" srcset=\"https:\/\/digital58.com.ve\/site\/wp-content\/uploads\/2023\/12\/ciudadojeda-1.jpg 800w, https:\/\/digital58.com.ve\/site\/wp-content\/uploads\/2023\/12\/ciudadojeda-1-300x169.jpg 300w, https:\/\/digital58.com.ve\/site\/wp-content\/uploads\/2023\/12\/ciudadojeda-1-768x432.jpg 768w\" sizes=\"auto, (max-width: 800px) 100vw, 800px\" \/><\/a><\/p>\n<p>El Mandatario regional destac\u00f3 las m\u00e1s recientes inauguraciones dentro del municipio, como la escuela \u00abNegra Matea\u00bb y el Ambulatorio Uni\u00f3n. A su vez, mencion\u00f3 algunas obras que se est\u00e1n ejecutando actualmente.<\/p>\n<p>\u00abEstamos trabajando en otra gran cantidad de espacios educativos, programas de salud, servicios, como los colectores y sistemas de aguas servidas, en Ciudad Ojeda. Despu\u00e9s del 15 de enero empezaremos trabajos importantes en la carretera N, que ha estado abandonada por a\u00f1os, al igual que algunas v\u00edas importantes como La Berm\u00fadez, la de la \u00f3ptica, La K y otras m\u00e1s\u00bb.<\/p>\n<p>Apunt\u00f3 que en este mes de diciembre vendr\u00e1n los Mercados Populares, con la Feria de la Hallaca, con productos subsidiados con el 40 % y 50 % de descuento. Igualmente, hizo referencia que en enero inicia en Lagunillas, al igual que en otros municipios, el Programa de Alimentaci\u00f3n Escolar del Zulia en todas las escuelas de la Costa Oriental del Lago.<\/p>\n<p>Mencion\u00f3 que el pa\u00eds ya ve una luz al final de esta tragedia, en la cual los venezolanos tienen m\u00e1s de 20 a\u00f1os. \u00abYa el acuerdo de Barbados, con su negociaci\u00f3n, nos permiti\u00f3 realizar unas elecciones Primarias. Adem\u00e1s, el acuerdo ha permitido la llegada de las trasnacionales de petr\u00f3leo y gas al pa\u00eds, para generar empleo y oportunidad. Hay que cuidar el Acuerdo de Barbados, como hay que cuidar el voto. El arma m\u00e1s poderosa que tenemos los venezolanos es el voto\u00bb.<\/p>\n<p><a href=\"https:\/\/digital58.com.ve\/site\/wp-content\/uploads\/2023\/12\/ciudadojeda-2.jpg\"><img loading=\"lazy\" decoding=\"async\" class=\"aligncenter size-full wp-image-173518\" src=\"https:\/\/digital58.com.ve\/site\/wp-content\/uploads\/2023\/12\/ciudadojeda-2.jpg\" alt=\"\" width=\"800\" height=\"450\" srcset=\"https:\/\/digital58.com.ve\/site\/wp-content\/uploads\/2023\/12\/ciudadojeda-2.jpg 800w, https:\/\/digital58.com.ve\/site\/wp-content\/uploads\/2023\/12\/ciudadojeda-2-300x169.jpg 300w, https:\/\/digital58.com.ve\/site\/wp-content\/uploads\/2023\/12\/ciudadojeda-2-768x432.jpg 768w\" sizes=\"auto, (max-width: 800px) 100vw, 800px\" \/><\/a><\/p>\n<p>Rosales resalt\u00f3 que el 2024 es el a\u00f1o para producir el cambio que el pueblo reclama desde hace a\u00f1os, para que vuelva la libertad, la prosperidad y la felicidad. \u00abEsto es lo que la gente quiere. \u00bfHasta cu\u00e1ndo este desastre? \u00bfHasta cu\u00e1ndo este mal gobierno? El pueblo se va a volcar a la calle a sacar este Gobierno por un cambio definitivo. El 2024 pinta bonito, con paciencia, inteligencia, con sentido democr\u00e1tico vamos construyendo la soluci\u00f3n a esta tragedia que nos ha agobiado en los \u00faltimos a\u00f1os\u00bb.<\/p>\n<p><strong>Redacci\u00f3n ND58 | Fuente: Prensa GDZ<\/strong><br \/>\n<strong>Edici\u00f3n: Villasmil, Henry<\/strong><br \/>\n<strong>Gr\u00e1fica: Cortes\u00eda<\/strong><\/p>\n<p>&nbsp;<\/p>\n<p>&nbsp;<\/p><div class=\"pdtfh69edce7ad2c98\" ><p style=\"text-align: center;\"><a href=\"https:\/\/t.me\/noticiasdigital58\" target=\"_blank\" rel=\"noopener\"><img class=\"aligncenter size-full wp-image-125363\" src=\"https:\/\/digital58.com.ve\/site\/wp-content\/uploads\/2021\/04\/banner-telegram-web-2021.png\" alt=\"\" width=\"600\" height=\"90\" \/><\/a><\/p><\/div><style type=\"text\/css\">\r\n@media screen and (min-width: 1201px) {\r\n.pdtfh69edce7ad2c98 {\r\ndisplay: block;\r\n}\r\n}\r\n@media screen and (min-width: 993px) and (max-width: 1200px) {\r\n.pdtfh69edce7ad2c98 {\r\ndisplay: block;\r\n}\r\n}\r\n@media screen and (min-width: 769px) and (max-width: 992px) {\r\n.pdtfh69edce7ad2c98 {\r\ndisplay: block;\r\n}\r\n}\r\n@media screen and (min-width: 768px) and (max-width: 768px) {\r\n.pdtfh69edce7ad2c98 {\r\ndisplay: block;\r\n}\r\n}\r\n@media screen and (max-width: 767px) {\r\n.pdtfh69edce7ad2c98 {\r\ndisplay: block;\r\n}\r\n}\r\n<\/style>\r\n\n<p>&nbsp;<\/p>\n<div style=\"margin-top: 0px; margin-bottom: 0px;\" class=\"sharethis-inline-share-buttons\" ><\/div>","protected":false},"excerpt":{"rendered":"<p>Manuel Rosales, le record\u00f3 al pueblo de Ciudad Ojeda que esta lucha no es solo para los que vivimos en<\/p>\n","protected":false},"author":1,"featured_media":173517,"comment_status":"open","ping_status":"closed","sticky":false,"template":"","format":"standard","meta":{"colormag_page_container_layout":"default_layout","colormag_page_sidebar_layout":"default_layout","_uag_custom_page_level_css":"","footnotes":""},"categories":[14504],"tags":[162,6233,13579,27664,26086,14098,233,2354,32],"class_list":["post-173516","post","type-post","status-publish","format-standard","has-post-thumbnail","hentry","category-zulia","tag-ciudad-ojeda","tag-encendido-de-la-navidad","tag-gobierno-del-zulia","tag-jose-cheo-mosquera","tag-manuel-rosales-guerrero","tag-municipio-lagunillas","tag-nacionales","tag-regionales","tag-venezuela"],"yoast_head":"<!-- This site is optimized with the Yoast SEO plugin v27.4 - https:\/\/yoast.com\/product\/yoast-seo-wordpress\/ -->\n<title>#Zulia | Gobernador junto con el Alcalde Jos\u00e9 Mosquera encendieron la Navidad en Lagunillas<\/title>\n<meta name=\"robots\" content=\"index, follow, max-snippet:-1, max-image-preview:large, max-video-preview:-1\" \/>\n<link rel=\"canonical\" href=\"https:\/\/digital58.com.ve\/site\/2023\/12\/09\/zulia-gobernador-junto-con-el-alcalde-jose-mosquera-encendieron-la-navidad-en-lagunillas\/\" \/>\n<meta property=\"og:locale\" content=\"es_ES\" \/>\n<meta property=\"og:type\" content=\"article\" \/>\n<meta property=\"og:title\" content=\"#Zulia | Gobernador junto con el Alcalde Jos\u00e9 Mosquera encendieron la Navidad en Lagunillas\" \/>\n<meta property=\"og:url\" content=\"https:\/\/digital58.com.ve\/site\/2023\/12\/09\/zulia-gobernador-junto-con-el-alcalde-jose-mosquera-encendieron-la-navidad-en-lagunillas\/\" \/>\n<meta property=\"og:site_name\" content=\"Noticias Digital58\" \/>\n<meta property=\"article:published_time\" content=\"2023-12-09T19:37:53+00:00\" \/>\n<meta property=\"og:image\" content=\"https:\/\/i0.wp.com\/digital58.com.ve\/site\/wp-content\/uploads\/2023\/12\/ciudadojeda-3.jpg?fit=800%2C450&ssl=1\" \/>\n\t<meta property=\"og:image:width\" content=\"800\" \/>\n\t<meta property=\"og:image:height\" content=\"450\" \/>\n\t<meta property=\"og:image:type\" content=\"image\/jpeg\" \/>\n<meta name=\"author\" content=\"Villasmil Henry\" \/>\n<meta name=\"twitter:card\" content=\"summary_large_image\" \/>\n<meta name=\"twitter:creator\" content=\"@https:\/\/twitter.com\/villasmilhfoto\" \/>\n<meta name=\"twitter:site\" content=\"@villasmilhfoto\" \/>\n<meta name=\"twitter:label1\" content=\"Escrito por\" \/>\n\t<meta name=\"twitter:data1\" content=\"Villasmil Henry\" \/>\n\t<meta name=\"twitter:label2\" content=\"Tiempo estimado de lectura\" \/>\n\t<meta name=\"twitter:data2\" content=\"3 minutos\" \/>\n<script type=\"application\/ld+json\" class=\"yoast-schema-graph\">{\"@context\":\"https:\\\/\\\/schema.org\",\"@graph\":[{\"@type\":\"Article\",\"@id\":\"https:\\\/\\\/digital58.com.ve\\\/site\\\/2023\\\/12\\\/09\\\/zulia-gobernador-junto-con-el-alcalde-jose-mosquera-encendieron-la-navidad-en-lagunillas\\\/#article\",\"isPartOf\":{\"@id\":\"https:\\\/\\\/digital58.com.ve\\\/site\\\/2023\\\/12\\\/09\\\/zulia-gobernador-junto-con-el-alcalde-jose-mosquera-encendieron-la-navidad-en-lagunillas\\\/\"},\"author\":{\"name\":\"Villasmil Henry\",\"@id\":\"https:\\\/\\\/digital58.com.ve\\\/site\\\/#\\\/schema\\\/person\\\/64d1c2e4d0d4fd1b849980c4331c2951\"},\"headline\":\"#Zulia | Gobernador junto con el Alcalde Jos\u00e9 Mosquera encendieron la Navidad en Lagunillas\",\"datePublished\":\"2023-12-09T19:37:53+00:00\",\"mainEntityOfPage\":{\"@id\":\"https:\\\/\\\/digital58.com.ve\\\/site\\\/2023\\\/12\\\/09\\\/zulia-gobernador-junto-con-el-alcalde-jose-mosquera-encendieron-la-navidad-en-lagunillas\\\/\"},\"wordCount\":595,\"commentCount\":0,\"publisher\":{\"@id\":\"https:\\\/\\\/digital58.com.ve\\\/site\\\/#\\\/schema\\\/person\\\/64d1c2e4d0d4fd1b849980c4331c2951\"},\"image\":{\"@id\":\"https:\\\/\\\/digital58.com.ve\\\/site\\\/2023\\\/12\\\/09\\\/zulia-gobernador-junto-con-el-alcalde-jose-mosquera-encendieron-la-navidad-en-lagunillas\\\/#primaryimage\"},\"thumbnailUrl\":\"https:\\\/\\\/digital58.com.ve\\\/site\\\/wp-content\\\/uploads\\\/2023\\\/12\\\/ciudadojeda-3.jpg\",\"keywords\":[\"Ciudad Ojeda\",\"Encendido de la Navidad\",\"Gobierno del Zulia\",\"Jos\u00e9 Cheo Mosquera\",\"Manuel Rosales Guerrero\",\"Municipio Lagunillas\",\"Nacionales\",\"Regionales\",\"Venezuela\"],\"articleSection\":[\"Zulia\"],\"inLanguage\":\"es\",\"potentialAction\":[{\"@type\":\"CommentAction\",\"name\":\"Comment\",\"target\":[\"https:\\\/\\\/digital58.com.ve\\\/site\\\/2023\\\/12\\\/09\\\/zulia-gobernador-junto-con-el-alcalde-jose-mosquera-encendieron-la-navidad-en-lagunillas\\\/#respond\"]}]},{\"@type\":\"WebPage\",\"@id\":\"https:\\\/\\\/digital58.com.ve\\\/site\\\/2023\\\/12\\\/09\\\/zulia-gobernador-junto-con-el-alcalde-jose-mosquera-encendieron-la-navidad-en-lagunillas\\\/\",\"url\":\"https:\\\/\\\/digital58.com.ve\\\/site\\\/2023\\\/12\\\/09\\\/zulia-gobernador-junto-con-el-alcalde-jose-mosquera-encendieron-la-navidad-en-lagunillas\\\/\",\"name\":\"#Zulia | Gobernador junto con el Alcalde Jos\u00e9 Mosquera encendieron la Navidad en Lagunillas\",\"isPartOf\":{\"@id\":\"https:\\\/\\\/digital58.com.ve\\\/site\\\/#website\"},\"primaryImageOfPage\":{\"@id\":\"https:\\\/\\\/digital58.com.ve\\\/site\\\/2023\\\/12\\\/09\\\/zulia-gobernador-junto-con-el-alcalde-jose-mosquera-encendieron-la-navidad-en-lagunillas\\\/#primaryimage\"},\"image\":{\"@id\":\"https:\\\/\\\/digital58.com.ve\\\/site\\\/2023\\\/12\\\/09\\\/zulia-gobernador-junto-con-el-alcalde-jose-mosquera-encendieron-la-navidad-en-lagunillas\\\/#primaryimage\"},\"thumbnailUrl\":\"https:\\\/\\\/digital58.com.ve\\\/site\\\/wp-content\\\/uploads\\\/2023\\\/12\\\/ciudadojeda-3.jpg\",\"datePublished\":\"2023-12-09T19:37:53+00:00\",\"breadcrumb\":{\"@id\":\"https:\\\/\\\/digital58.com.ve\\\/site\\\/2023\\\/12\\\/09\\\/zulia-gobernador-junto-con-el-alcalde-jose-mosquera-encendieron-la-navidad-en-lagunillas\\\/#breadcrumb\"},\"inLanguage\":\"es\",\"potentialAction\":[{\"@type\":\"ReadAction\",\"target\":[\"https:\\\/\\\/digital58.com.ve\\\/site\\\/2023\\\/12\\\/09\\\/zulia-gobernador-junto-con-el-alcalde-jose-mosquera-encendieron-la-navidad-en-lagunillas\\\/\"]}]},{\"@type\":\"ImageObject\",\"inLanguage\":\"es\",\"@id\":\"https:\\\/\\\/digital58.com.ve\\\/site\\\/2023\\\/12\\\/09\\\/zulia-gobernador-junto-con-el-alcalde-jose-mosquera-encendieron-la-navidad-en-lagunillas\\\/#primaryimage\",\"url\":\"https:\\\/\\\/digital58.com.ve\\\/site\\\/wp-content\\\/uploads\\\/2023\\\/12\\\/ciudadojeda-3.jpg\",\"contentUrl\":\"https:\\\/\\\/digital58.com.ve\\\/site\\\/wp-content\\\/uploads\\\/2023\\\/12\\\/ciudadojeda-3.jpg\",\"width\":800,\"height\":450},{\"@type\":\"BreadcrumbList\",\"@id\":\"https:\\\/\\\/digital58.com.ve\\\/site\\\/2023\\\/12\\\/09\\\/zulia-gobernador-junto-con-el-alcalde-jose-mosquera-encendieron-la-navidad-en-lagunillas\\\/#breadcrumb\",\"itemListElement\":[{\"@type\":\"ListItem\",\"position\":1,\"name\":\"Home\",\"item\":\"https:\\\/\\\/digital58.com.ve\\\/site\\\/\"},{\"@type\":\"ListItem\",\"position\":2,\"name\":\"#Zulia | Gobernador junto con el Alcalde Jos\u00e9 Mosquera encendieron la Navidad en Lagunillas\"}]},{\"@type\":\"WebSite\",\"@id\":\"https:\\\/\\\/digital58.com.ve\\\/site\\\/#website\",\"url\":\"https:\\\/\\\/digital58.com.ve\\\/site\\\/\",\"name\":\"Noticias Digital58\",\"description\":\"Portal de Noticias \u00a1Periodismo web de verdad! Lanzamiento web 22.11.2005 \\\/ Maracaibo, Venezuela\",\"publisher\":{\"@id\":\"https:\\\/\\\/digital58.com.ve\\\/site\\\/#\\\/schema\\\/person\\\/64d1c2e4d0d4fd1b849980c4331c2951\"},\"alternateName\":\"ND58\",\"potentialAction\":[{\"@type\":\"SearchAction\",\"target\":{\"@type\":\"EntryPoint\",\"urlTemplate\":\"https:\\\/\\\/digital58.com.ve\\\/site\\\/?s={search_term_string}\"},\"query-input\":{\"@type\":\"PropertyValueSpecification\",\"valueRequired\":true,\"valueName\":\"search_term_string\"}}],\"inLanguage\":\"es\"},{\"@type\":[\"Person\",\"Organization\"],\"@id\":\"https:\\\/\\\/digital58.com.ve\\\/site\\\/#\\\/schema\\\/person\\\/64d1c2e4d0d4fd1b849980c4331c2951\",\"name\":\"Villasmil Henry\",\"image\":{\"@type\":\"ImageObject\",\"inLanguage\":\"es\",\"@id\":\"https:\\\/\\\/secure.gravatar.com\\\/avatar\\\/bb0c4a2fcb7970138239f7e404ea75757b1b507b28b5ce4c53fbd62d797c5a7c?s=96&d=mm&r=g\",\"url\":\"https:\\\/\\\/secure.gravatar.com\\\/avatar\\\/bb0c4a2fcb7970138239f7e404ea75757b1b507b28b5ce4c53fbd62d797c5a7c?s=96&d=mm&r=g\",\"contentUrl\":\"https:\\\/\\\/secure.gravatar.com\\\/avatar\\\/bb0c4a2fcb7970138239f7e404ea75757b1b507b28b5ce4c53fbd62d797c5a7c?s=96&d=mm&r=g\",\"caption\":\"Villasmil Henry\"},\"logo\":{\"@id\":\"https:\\\/\\\/secure.gravatar.com\\\/avatar\\\/bb0c4a2fcb7970138239f7e404ea75757b1b507b28b5ce4c53fbd62d797c5a7c?s=96&d=mm&r=g\"},\"sameAs\":[\"http:\\\/\\\/www.henryvillasmil.com.ve\",\"https:\\\/\\\/www.instagram.com\\\/villasmilhfoto\\\/\",\"https:\\\/\\\/x.com\\\/https:\\\/\\\/twitter.com\\\/villasmilhfoto\"],\"url\":\"https:\\\/\\\/digital58.com.ve\\\/site\\\/author\\\/droopy_68\\\/\"}]}<\/script>\n<!-- \/ Yoast SEO plugin. -->","yoast_head_json":{"title":"#Zulia | Gobernador junto con el Alcalde Jos\u00e9 Mosquera encendieron la Navidad en Lagunillas","robots":{"index":"index","follow":"follow","max-snippet":"max-snippet:-1","max-image-preview":"max-image-preview:large","max-video-preview":"max-video-preview:-1"},"canonical":"https:\/\/digital58.com.ve\/site\/2023\/12\/09\/zulia-gobernador-junto-con-el-alcalde-jose-mosquera-encendieron-la-navidad-en-lagunillas\/","og_locale":"es_ES","og_type":"article","og_title":"#Zulia | Gobernador junto con el Alcalde Jos\u00e9 Mosquera encendieron la Navidad en Lagunillas","og_url":"https:\/\/digital58.com.ve\/site\/2023\/12\/09\/zulia-gobernador-junto-con-el-alcalde-jose-mosquera-encendieron-la-navidad-en-lagunillas\/","og_site_name":"Noticias Digital58","article_published_time":"2023-12-09T19:37:53+00:00","og_image":[{"width":800,"height":450,"url":"https:\/\/i0.wp.com\/digital58.com.ve\/site\/wp-content\/uploads\/2023\/12\/ciudadojeda-3.jpg?fit=800%2C450&ssl=1","type":"image\/jpeg"}],"author":"Villasmil Henry","twitter_card":"summary_large_image","twitter_creator":"@https:\/\/twitter.com\/villasmilhfoto","twitter_site":"@villasmilhfoto","twitter_misc":{"Escrito por":"Villasmil Henry","Tiempo estimado de lectura":"3 minutos"},"schema":{"@context":"https:\/\/schema.org","@graph":[{"@type":"Article","@id":"https:\/\/digital58.com.ve\/site\/2023\/12\/09\/zulia-gobernador-junto-con-el-alcalde-jose-mosquera-encendieron-la-navidad-en-lagunillas\/#article","isPartOf":{"@id":"https:\/\/digital58.com.ve\/site\/2023\/12\/09\/zulia-gobernador-junto-con-el-alcalde-jose-mosquera-encendieron-la-navidad-en-lagunillas\/"},"author":{"name":"Villasmil Henry","@id":"https:\/\/digital58.com.ve\/site\/#\/schema\/person\/64d1c2e4d0d4fd1b849980c4331c2951"},"headline":"#Zulia | Gobernador junto con el Alcalde Jos\u00e9 Mosquera encendieron la Navidad en Lagunillas","datePublished":"2023-12-09T19:37:53+00:00","mainEntityOfPage":{"@id":"https:\/\/digital58.com.ve\/site\/2023\/12\/09\/zulia-gobernador-junto-con-el-alcalde-jose-mosquera-encendieron-la-navidad-en-lagunillas\/"},"wordCount":595,"commentCount":0,"publisher":{"@id":"https:\/\/digital58.com.ve\/site\/#\/schema\/person\/64d1c2e4d0d4fd1b849980c4331c2951"},"image":{"@id":"https:\/\/digital58.com.ve\/site\/2023\/12\/09\/zulia-gobernador-junto-con-el-alcalde-jose-mosquera-encendieron-la-navidad-en-lagunillas\/#primaryimage"},"thumbnailUrl":"https:\/\/digital58.com.ve\/site\/wp-content\/uploads\/2023\/12\/ciudadojeda-3.jpg","keywords":["Ciudad Ojeda","Encendido de la Navidad","Gobierno del Zulia","Jos\u00e9 Cheo Mosquera","Manuel Rosales Guerrero","Municipio Lagunillas","Nacionales","Regionales","Venezuela"],"articleSection":["Zulia"],"inLanguage":"es","potentialAction":[{"@type":"CommentAction","name":"Comment","target":["https:\/\/digital58.com.ve\/site\/2023\/12\/09\/zulia-gobernador-junto-con-el-alcalde-jose-mosquera-encendieron-la-navidad-en-lagunillas\/#respond"]}]},{"@type":"WebPage","@id":"https:\/\/digital58.com.ve\/site\/2023\/12\/09\/zulia-gobernador-junto-con-el-alcalde-jose-mosquera-encendieron-la-navidad-en-lagunillas\/","url":"https:\/\/digital58.com.ve\/site\/2023\/12\/09\/zulia-gobernador-junto-con-el-alcalde-jose-mosquera-encendieron-la-navidad-en-lagunillas\/","name":"#Zulia | Gobernador junto con el Alcalde Jos\u00e9 Mosquera encendieron la Navidad en Lagunillas","isPartOf":{"@id":"https:\/\/digital58.com.ve\/site\/#website"},"primaryImageOfPage":{"@id":"https:\/\/digital58.com.ve\/site\/2023\/12\/09\/zulia-gobernador-junto-con-el-alcalde-jose-mosquera-encendieron-la-navidad-en-lagunillas\/#primaryimage"},"image":{"@id":"https:\/\/digital58.com.ve\/site\/2023\/12\/09\/zulia-gobernador-junto-con-el-alcalde-jose-mosquera-encendieron-la-navidad-en-lagunillas\/#primaryimage"},"thumbnailUrl":"https:\/\/digital58.com.ve\/site\/wp-content\/uploads\/2023\/12\/ciudadojeda-3.jpg","datePublished":"2023-12-09T19:37:53+00:00","breadcrumb":{"@id":"https:\/\/digital58.com.ve\/site\/2023\/12\/09\/zulia-gobernador-junto-con-el-alcalde-jose-mosquera-encendieron-la-navidad-en-lagunillas\/#breadcrumb"},"inLanguage":"es","potentialAction":[{"@type":"ReadAction","target":["https:\/\/digital58.com.ve\/site\/2023\/12\/09\/zulia-gobernador-junto-con-el-alcalde-jose-mosquera-encendieron-la-navidad-en-lagunillas\/"]}]},{"@type":"ImageObject","inLanguage":"es","@id":"https:\/\/digital58.com.ve\/site\/2023\/12\/09\/zulia-gobernador-junto-con-el-alcalde-jose-mosquera-encendieron-la-navidad-en-lagunillas\/#primaryimage","url":"https:\/\/digital58.com.ve\/site\/wp-content\/uploads\/2023\/12\/ciudadojeda-3.jpg","contentUrl":"https:\/\/digital58.com.ve\/site\/wp-content\/uploads\/2023\/12\/ciudadojeda-3.jpg","width":800,"height":450},{"@type":"BreadcrumbList","@id":"https:\/\/digital58.com.ve\/site\/2023\/12\/09\/zulia-gobernador-junto-con-el-alcalde-jose-mosquera-encendieron-la-navidad-en-lagunillas\/#breadcrumb","itemListElement":[{"@type":"ListItem","position":1,"name":"Home","item":"https:\/\/digital58.com.ve\/site\/"},{"@type":"ListItem","position":2,"name":"#Zulia | Gobernador junto con el Alcalde Jos\u00e9 Mosquera encendieron la Navidad en Lagunillas"}]},{"@type":"WebSite","@id":"https:\/\/digital58.com.ve\/site\/#website","url":"https:\/\/digital58.com.ve\/site\/","name":"Noticias Digital58","description":"Portal de Noticias \u00a1Periodismo web de verdad! Lanzamiento web 22.11.2005 \/ Maracaibo, Venezuela","publisher":{"@id":"https:\/\/digital58.com.ve\/site\/#\/schema\/person\/64d1c2e4d0d4fd1b849980c4331c2951"},"alternateName":"ND58","potentialAction":[{"@type":"SearchAction","target":{"@type":"EntryPoint","urlTemplate":"https:\/\/digital58.com.ve\/site\/?s={search_term_string}"},"query-input":{"@type":"PropertyValueSpecification","valueRequired":true,"valueName":"search_term_string"}}],"inLanguage":"es"},{"@type":["Person","Organization"],"@id":"https:\/\/digital58.com.ve\/site\/#\/schema\/person\/64d1c2e4d0d4fd1b849980c4331c2951","name":"Villasmil Henry","image":{"@type":"ImageObject","inLanguage":"es","@id":"https:\/\/secure.gravatar.com\/avatar\/bb0c4a2fcb7970138239f7e404ea75757b1b507b28b5ce4c53fbd62d797c5a7c?s=96&d=mm&r=g","url":"https:\/\/secure.gravatar.com\/avatar\/bb0c4a2fcb7970138239f7e404ea75757b1b507b28b5ce4c53fbd62d797c5a7c?s=96&d=mm&r=g","contentUrl":"https:\/\/secure.gravatar.com\/avatar\/bb0c4a2fcb7970138239f7e404ea75757b1b507b28b5ce4c53fbd62d797c5a7c?s=96&d=mm&r=g","caption":"Villasmil Henry"},"logo":{"@id":"https:\/\/secure.gravatar.com\/avatar\/bb0c4a2fcb7970138239f7e404ea75757b1b507b28b5ce4c53fbd62d797c5a7c?s=96&d=mm&r=g"},"sameAs":["http:\/\/www.henryvillasmil.com.ve","https:\/\/www.instagram.com\/villasmilhfoto\/","https:\/\/x.com\/https:\/\/twitter.com\/villasmilhfoto"],"url":"https:\/\/digital58.com.ve\/site\/author\/droopy_68\/"}]}},"uagb_featured_image_src":{"full":["https:\/\/digital58.com.ve\/site\/wp-content\/uploads\/2023\/12\/ciudadojeda-3.jpg",800,450,false],"thumbnail":["https:\/\/digital58.com.ve\/site\/wp-content\/uploads\/2023\/12\/ciudadojeda-3-150x150.jpg",150,150,true],"medium":["https:\/\/digital58.com.ve\/site\/wp-content\/uploads\/2023\/12\/ciudadojeda-3-300x169.jpg",300,169,true],"medium_large":["https:\/\/digital58.com.ve\/site\/wp-content\/uploads\/2023\/12\/ciudadojeda-3-768x432.jpg",768,432,true],"large":["https:\/\/digital58.com.ve\/site\/wp-content\/uploads\/2023\/12\/ciudadojeda-3.jpg",800,450,false],"1536x1536":["https:\/\/digital58.com.ve\/site\/wp-content\/uploads\/2023\/12\/ciudadojeda-3.jpg",800,450,false],"2048x2048":["https:\/\/digital58.com.ve\/site\/wp-content\/uploads\/2023\/12\/ciudadojeda-3.jpg",800,450,false],"colormag-highlighted-post":["https:\/\/digital58.com.ve\/site\/wp-content\/uploads\/2023\/12\/ciudadojeda-3-392x272.jpg",392,272,true],"colormag-featured-post-medium":["https:\/\/digital58.com.ve\/site\/wp-content\/uploads\/2023\/12\/ciudadojeda-3-390x205.jpg",390,205,true],"colormag-featured-post-small":["https:\/\/digital58.com.ve\/site\/wp-content\/uploads\/2023\/12\/ciudadojeda-3-130x90.jpg",130,90,true],"colormag-featured-image":["https:\/\/digital58.com.ve\/site\/wp-content\/uploads\/2023\/12\/ciudadojeda-3-800x445.jpg",800,445,true],"colormag-default-news":["https:\/\/digital58.com.ve\/site\/wp-content\/uploads\/2023\/12\/ciudadojeda-3-150x150.jpg",150,150,true],"colormag-featured-image-large":["https:\/\/digital58.com.ve\/site\/wp-content\/uploads\/2023\/12\/ciudadojeda-3.jpg",800,450,false]},"uagb_author_info":{"display_name":"Villasmil Henry","author_link":"https:\/\/digital58.com.ve\/site\/author\/droopy_68\/"},"uagb_comment_info":0,"uagb_excerpt":"Manuel Rosales, le record\u00f3 al pueblo de Ciudad Ojeda que esta lucha no es solo para los que vivimos en","_links":{"self":[{"href":"https:\/\/digital58.com.ve\/site\/wp-json\/wp\/v2\/posts\/173516","targetHints":{"allow":["GET"]}}],"collection":[{"href":"https:\/\/digital58.com.ve\/site\/wp-json\/wp\/v2\/posts"}],"about":[{"href":"https:\/\/digital58.com.ve\/site\/wp-json\/wp\/v2\/types\/post"}],"author":[{"embeddable":true,"href":"https:\/\/digital58.com.ve\/site\/wp-json\/wp\/v2\/users\/1"}],"replies":[{"embeddable":true,"href":"https:\/\/digital58.com.ve\/site\/wp-json\/wp\/v2\/comments?post=173516"}],"version-history":[{"count":1,"href":"https:\/\/digital58.com.ve\/site\/wp-json\/wp\/v2\/posts\/173516\/revisions"}],"predecessor-version":[{"id":173520,"href":"https:\/\/digital58.com.ve\/site\/wp-json\/wp\/v2\/posts\/173516\/revisions\/173520"}],"wp:featuredmedia":[{"embeddable":true,"href":"https:\/\/digital58.com.ve\/site\/wp-json\/wp\/v2\/media\/173517"}],"wp:attachment":[{"href":"https:\/\/digital58.com.ve\/site\/wp-json\/wp\/v2\/media?parent=173516"}],"wp:term":[{"taxonomy":"category","embeddable":true,"href":"https:\/\/digital58.com.ve\/site\/wp-json\/wp\/v2\/categories?post=173516"},{"taxonomy":"post_tag","embeddable":true,"href":"https:\/\/digital58.com.ve\/site\/wp-json\/wp\/v2\/tags?post=173516"}],"curies":[{"name":"wp","href":"https:\/\/api.w.org\/{rel}","templated":true}]}}