{"id":173617,"date":"2023-12-13T11:15:14","date_gmt":"2023-12-13T15:15:14","guid":{"rendered":"https:\/\/digital58.com.ve\/site\/?p=173617"},"modified":"2023-12-13T11:15:14","modified_gmt":"2023-12-13T15:15:14","slug":"zulia-alcaldia-de-maracaibo-realizara-operativos-especiales-en-defensa-de-la-infancia","status":"publish","type":"post","link":"https:\/\/digital58.com.ve\/site\/2023\/12\/13\/zulia-alcaldia-de-maracaibo-realizara-operativos-especiales-en-defensa-de-la-infancia\/","title":{"rendered":"#Zulia | Alcald\u00eda de Maracaibo realizar\u00e1 operativos especiales en defensa de la infancia"},"content":{"rendered":"<p><a href=\"https:\/\/digital58.com.ve\/site\/wp-content\/uploads\/2023\/12\/ramirez-2.jpg\"><img loading=\"lazy\" decoding=\"async\" class=\"aligncenter size-full wp-image-173618\" src=\"https:\/\/digital58.com.ve\/site\/wp-content\/uploads\/2023\/12\/ramirez-2.jpg\" alt=\"\" width=\"800\" height=\"449\" srcset=\"https:\/\/digital58.com.ve\/site\/wp-content\/uploads\/2023\/12\/ramirez-2.jpg 800w, https:\/\/digital58.com.ve\/site\/wp-content\/uploads\/2023\/12\/ramirez-2-300x168.jpg 300w, https:\/\/digital58.com.ve\/site\/wp-content\/uploads\/2023\/12\/ramirez-2-768x431.jpg 768w\" sizes=\"auto, (max-width: 800px) 100vw, 800px\" \/><\/a><\/p>\n<p>El alcalde Rafael Ram\u00edrez Colina, advirti\u00f3 que, con todas las garant\u00edas legales, har\u00e1n investigaci\u00f3n y seguimiento a quienes \u00abirresponsablemente\u00bb ponen a ni\u00f1os a \u00abejercer\u00bb la mendicidad.<\/p>\n<p><strong>Maracaibo, Zulia, Venezuela, 13 de diciembre de 2023 (ND58).-<\/strong> \u00abEst\u00e1n advertidos\u00bb, sentenci\u00f3 el alcalde de Maracaibo Rafael Ram\u00edrez Colina, al anunciar, durante su balance de gesti\u00f3n y transparencia n\u00famero 89 este lunes 11 de diciembre, el inicio de una serie de operativos en defensa de la infancia que se realizar\u00e1n espec\u00edficamente en lugares donde \u00abirresponsables\u00bb ponen a los ni\u00f1os a \u00abejercer\u00bb la mendicidad.<\/p>\n<p>\u00abTenemos identificado que en la Plaza Cacique Mara, mejor conocida como la Plaza Indio Mara, est\u00e1n ni\u00f1os vendiendo, pidiendo y pernoctando por la irresponsabilidad de sus padres. Por ello, vamos a realizar varios operativos especiales en defensa de la infancia, principalmente para los responsables, que son los padres de esos ni\u00f1os\u00bb, se\u00f1al\u00f3.<\/p>\n<p>La Autoridad Municipal fustig\u00f3 que \u00abno se puede permitir que se ejercite la cultura de la mendicidad en Maracaibo\u00bb.<\/p>\n<p>\u00abLos tenemos detectados. Padres inconscientes que se dedican a explotar a los ni\u00f1os en Indio Mara, Cecilio Acosta, Bella Vista, en la Prolongaci\u00f3n de la Circunvalaci\u00f3n 2, conocida como las cuatro esquinas. Eso no est\u00e1 bien. Eso no es lo correcto. Eso no es inculcar valores. Usted como padre puede decir que tiene necesidad, que tiene una situaci\u00f3n econ\u00f3mica dif\u00edcil, pero lo que vemos es que eso lo han convertido en una profesi\u00f3n\u00bb, explic\u00f3.<\/p>\n<p>Asimismo, inform\u00f3 que los operativos est\u00e1n siendo preparados con todas las medidas legales estimadas por el Sistema de Protecci\u00f3n de los Ni\u00f1os, Ni\u00f1as y Adolescentes.<\/p>\n<p><a href=\"https:\/\/digital58.com.ve\/site\/wp-content\/uploads\/2023\/12\/ramirez-1.jpg\"><img loading=\"lazy\" decoding=\"async\" class=\"aligncenter size-full wp-image-173619\" src=\"https:\/\/digital58.com.ve\/site\/wp-content\/uploads\/2023\/12\/ramirez-1.jpg\" alt=\"\" width=\"800\" height=\"450\" srcset=\"https:\/\/digital58.com.ve\/site\/wp-content\/uploads\/2023\/12\/ramirez-1.jpg 800w, https:\/\/digital58.com.ve\/site\/wp-content\/uploads\/2023\/12\/ramirez-1-300x169.jpg 300w, https:\/\/digital58.com.ve\/site\/wp-content\/uploads\/2023\/12\/ramirez-1-768x432.jpg 768w\" sizes=\"auto, (max-width: 800px) 100vw, 800px\" \/><\/a><\/p>\n<p>\u00abDecimos esto porque no queremos que cuando se hagan los operativos y resulten detenidos, salgan a decir que se les vulneraron los derechos. Haremos todo ajustado a derecho porque esto no puede seguir pasando\u00bb, expres\u00f3.<\/p>\n<p>Destac\u00f3 que desde la Alcald\u00eda de Maracaibo, se hacen grandes esfuerzos por la infancia, entre ello mencion\u00f3 los programas Ver para Aprender, Escuelitas del Sol, entre otros. Sin embargo, asegur\u00f3 que en ese mismo sentido se deben hacer estos operativos.<\/p>\n<p>\u00abSi a un ni\u00f1o lo meten en la cultura de la mendicidad, luego es muy dif\u00edcil sacarlo de all\u00ed. Entonces, despu\u00e9s de la mendicidad, viene una cultura de vicio que se tiene que combatir desde sus inicios\u00bb, concluy\u00f3.<\/p>\n<p><strong>Redacci\u00f3n ND58 | Fuente: DCI Alcald\u00eda de Maracaibo<\/strong><br \/>\n<strong>Edici\u00f3n: Villasmil, Henry<\/strong><br \/>\n<strong>Gr\u00e1fica: Cortes\u00eda DCI Alcald\u00eda de Maracaibo<\/strong><\/p>\n<p>&nbsp;<\/p>\n<p>&nbsp;<\/p><div class=\"sjzvm69ee35ce3f7da\" ><p style=\"text-align: center;\"><a href=\"https:\/\/t.me\/noticiasdigital58\" target=\"_blank\" rel=\"noopener\"><img class=\"aligncenter size-full wp-image-125363\" src=\"https:\/\/digital58.com.ve\/site\/wp-content\/uploads\/2021\/04\/banner-telegram-web-2021.png\" alt=\"\" width=\"600\" height=\"90\" \/><\/a><\/p><\/div><style type=\"text\/css\">\r\n@media screen and (min-width: 1201px) {\r\n.sjzvm69ee35ce3f7da {\r\ndisplay: block;\r\n}\r\n}\r\n@media screen and (min-width: 993px) and (max-width: 1200px) {\r\n.sjzvm69ee35ce3f7da {\r\ndisplay: block;\r\n}\r\n}\r\n@media screen and (min-width: 769px) and (max-width: 992px) {\r\n.sjzvm69ee35ce3f7da {\r\ndisplay: block;\r\n}\r\n}\r\n@media screen and (min-width: 768px) and (max-width: 768px) {\r\n.sjzvm69ee35ce3f7da {\r\ndisplay: block;\r\n}\r\n}\r\n@media screen and (max-width: 767px) {\r\n.sjzvm69ee35ce3f7da {\r\ndisplay: block;\r\n}\r\n}\r\n<\/style>\r\n\n<p>&nbsp;<\/p>\n<div style=\"margin-top: 0px; margin-bottom: 0px;\" class=\"sharethis-inline-share-buttons\" ><\/div>","protected":false},"excerpt":{"rendered":"<p>El alcalde Rafael Ram\u00edrez Colina, advirti\u00f3 que, con todas las garant\u00edas legales, har\u00e1n investigaci\u00f3n y seguimiento a quienes \u00abirresponsablemente\u00bb ponen<\/p>\n","protected":false},"author":1,"featured_media":173619,"comment_status":"open","ping_status":"closed","sticky":false,"template":"","format":"standard","meta":{"colormag_page_container_layout":"default_layout","colormag_page_sidebar_layout":"default_layout","_uag_custom_page_level_css":"","footnotes":""},"categories":[14504],"tags":[290,73,32964,233,14120,13980,2354,32],"class_list":["post-173617","post","type-post","status-publish","format-standard","has-post-thumbnail","hentry","category-zulia","tag-alcaldia-de-maracaibo","tag-maracaibo","tag-mendicidad","tag-nacionales","tag-operativos-de-seguridad","tag-rafael-ramirez-colina","tag-regionales","tag-venezuela"],"yoast_head":"<!-- This site is optimized with the Yoast SEO plugin v27.4 - https:\/\/yoast.com\/product\/yoast-seo-wordpress\/ -->\n<title>#Zulia | Alcald\u00eda de Maracaibo realizar\u00e1 operativos especiales en defensa de la infancia<\/title>\n<meta name=\"robots\" content=\"index, follow, max-snippet:-1, max-image-preview:large, max-video-preview:-1\" \/>\n<link rel=\"canonical\" href=\"https:\/\/digital58.com.ve\/site\/2023\/12\/13\/zulia-alcaldia-de-maracaibo-realizara-operativos-especiales-en-defensa-de-la-infancia\/\" \/>\n<meta property=\"og:locale\" content=\"es_ES\" \/>\n<meta property=\"og:type\" content=\"article\" \/>\n<meta property=\"og:title\" content=\"#Zulia | Alcald\u00eda de Maracaibo realizar\u00e1 operativos especiales en defensa de la infancia\" \/>\n<meta property=\"og:url\" content=\"https:\/\/digital58.com.ve\/site\/2023\/12\/13\/zulia-alcaldia-de-maracaibo-realizara-operativos-especiales-en-defensa-de-la-infancia\/\" \/>\n<meta property=\"og:site_name\" content=\"Noticias Digital58\" \/>\n<meta property=\"article:published_time\" content=\"2023-12-13T15:15:14+00:00\" \/>\n<meta property=\"og:image\" content=\"https:\/\/i0.wp.com\/digital58.com.ve\/site\/wp-content\/uploads\/2023\/12\/ramirez-1.jpg?fit=800%2C450&ssl=1\" \/>\n\t<meta property=\"og:image:width\" content=\"800\" \/>\n\t<meta property=\"og:image:height\" content=\"450\" \/>\n\t<meta property=\"og:image:type\" content=\"image\/jpeg\" \/>\n<meta name=\"author\" content=\"Villasmil Henry\" \/>\n<meta name=\"twitter:card\" content=\"summary_large_image\" \/>\n<meta name=\"twitter:creator\" content=\"@https:\/\/twitter.com\/villasmilhfoto\" \/>\n<meta name=\"twitter:site\" content=\"@villasmilhfoto\" \/>\n<meta name=\"twitter:label1\" content=\"Escrito por\" \/>\n\t<meta name=\"twitter:data1\" content=\"Villasmil Henry\" \/>\n\t<meta name=\"twitter:label2\" content=\"Tiempo estimado de lectura\" \/>\n\t<meta name=\"twitter:data2\" content=\"2 minutos\" \/>\n<script type=\"application\/ld+json\" class=\"yoast-schema-graph\">{\"@context\":\"https:\\\/\\\/schema.org\",\"@graph\":[{\"@type\":\"Article\",\"@id\":\"https:\\\/\\\/digital58.com.ve\\\/site\\\/2023\\\/12\\\/13\\\/zulia-alcaldia-de-maracaibo-realizara-operativos-especiales-en-defensa-de-la-infancia\\\/#article\",\"isPartOf\":{\"@id\":\"https:\\\/\\\/digital58.com.ve\\\/site\\\/2023\\\/12\\\/13\\\/zulia-alcaldia-de-maracaibo-realizara-operativos-especiales-en-defensa-de-la-infancia\\\/\"},\"author\":{\"name\":\"Villasmil Henry\",\"@id\":\"https:\\\/\\\/digital58.com.ve\\\/site\\\/#\\\/schema\\\/person\\\/64d1c2e4d0d4fd1b849980c4331c2951\"},\"headline\":\"#Zulia | Alcald\u00eda de Maracaibo realizar\u00e1 operativos especiales en defensa de la infancia\",\"datePublished\":\"2023-12-13T15:15:14+00:00\",\"mainEntityOfPage\":{\"@id\":\"https:\\\/\\\/digital58.com.ve\\\/site\\\/2023\\\/12\\\/13\\\/zulia-alcaldia-de-maracaibo-realizara-operativos-especiales-en-defensa-de-la-infancia\\\/\"},\"wordCount\":437,\"commentCount\":0,\"publisher\":{\"@id\":\"https:\\\/\\\/digital58.com.ve\\\/site\\\/#\\\/schema\\\/person\\\/64d1c2e4d0d4fd1b849980c4331c2951\"},\"image\":{\"@id\":\"https:\\\/\\\/digital58.com.ve\\\/site\\\/2023\\\/12\\\/13\\\/zulia-alcaldia-de-maracaibo-realizara-operativos-especiales-en-defensa-de-la-infancia\\\/#primaryimage\"},\"thumbnailUrl\":\"https:\\\/\\\/digital58.com.ve\\\/site\\\/wp-content\\\/uploads\\\/2023\\\/12\\\/ramirez-1.jpg\",\"keywords\":[\"Alcald\u00eda de Maracaibo\",\"Maracaibo\",\"Mendicidad\",\"Nacionales\",\"Operativos de Seguridad\",\"Rafael Ram\u00edrez Colina\",\"Regionales\",\"Venezuela\"],\"articleSection\":[\"Zulia\"],\"inLanguage\":\"es\",\"potentialAction\":[{\"@type\":\"CommentAction\",\"name\":\"Comment\",\"target\":[\"https:\\\/\\\/digital58.com.ve\\\/site\\\/2023\\\/12\\\/13\\\/zulia-alcaldia-de-maracaibo-realizara-operativos-especiales-en-defensa-de-la-infancia\\\/#respond\"]}]},{\"@type\":\"WebPage\",\"@id\":\"https:\\\/\\\/digital58.com.ve\\\/site\\\/2023\\\/12\\\/13\\\/zulia-alcaldia-de-maracaibo-realizara-operativos-especiales-en-defensa-de-la-infancia\\\/\",\"url\":\"https:\\\/\\\/digital58.com.ve\\\/site\\\/2023\\\/12\\\/13\\\/zulia-alcaldia-de-maracaibo-realizara-operativos-especiales-en-defensa-de-la-infancia\\\/\",\"name\":\"#Zulia | Alcald\u00eda de Maracaibo realizar\u00e1 operativos especiales en defensa de la infancia\",\"isPartOf\":{\"@id\":\"https:\\\/\\\/digital58.com.ve\\\/site\\\/#website\"},\"primaryImageOfPage\":{\"@id\":\"https:\\\/\\\/digital58.com.ve\\\/site\\\/2023\\\/12\\\/13\\\/zulia-alcaldia-de-maracaibo-realizara-operativos-especiales-en-defensa-de-la-infancia\\\/#primaryimage\"},\"image\":{\"@id\":\"https:\\\/\\\/digital58.com.ve\\\/site\\\/2023\\\/12\\\/13\\\/zulia-alcaldia-de-maracaibo-realizara-operativos-especiales-en-defensa-de-la-infancia\\\/#primaryimage\"},\"thumbnailUrl\":\"https:\\\/\\\/digital58.com.ve\\\/site\\\/wp-content\\\/uploads\\\/2023\\\/12\\\/ramirez-1.jpg\",\"datePublished\":\"2023-12-13T15:15:14+00:00\",\"breadcrumb\":{\"@id\":\"https:\\\/\\\/digital58.com.ve\\\/site\\\/2023\\\/12\\\/13\\\/zulia-alcaldia-de-maracaibo-realizara-operativos-especiales-en-defensa-de-la-infancia\\\/#breadcrumb\"},\"inLanguage\":\"es\",\"potentialAction\":[{\"@type\":\"ReadAction\",\"target\":[\"https:\\\/\\\/digital58.com.ve\\\/site\\\/2023\\\/12\\\/13\\\/zulia-alcaldia-de-maracaibo-realizara-operativos-especiales-en-defensa-de-la-infancia\\\/\"]}]},{\"@type\":\"ImageObject\",\"inLanguage\":\"es\",\"@id\":\"https:\\\/\\\/digital58.com.ve\\\/site\\\/2023\\\/12\\\/13\\\/zulia-alcaldia-de-maracaibo-realizara-operativos-especiales-en-defensa-de-la-infancia\\\/#primaryimage\",\"url\":\"https:\\\/\\\/digital58.com.ve\\\/site\\\/wp-content\\\/uploads\\\/2023\\\/12\\\/ramirez-1.jpg\",\"contentUrl\":\"https:\\\/\\\/digital58.com.ve\\\/site\\\/wp-content\\\/uploads\\\/2023\\\/12\\\/ramirez-1.jpg\",\"width\":800,\"height\":450},{\"@type\":\"BreadcrumbList\",\"@id\":\"https:\\\/\\\/digital58.com.ve\\\/site\\\/2023\\\/12\\\/13\\\/zulia-alcaldia-de-maracaibo-realizara-operativos-especiales-en-defensa-de-la-infancia\\\/#breadcrumb\",\"itemListElement\":[{\"@type\":\"ListItem\",\"position\":1,\"name\":\"Home\",\"item\":\"https:\\\/\\\/digital58.com.ve\\\/site\\\/\"},{\"@type\":\"ListItem\",\"position\":2,\"name\":\"#Zulia | Alcald\u00eda de Maracaibo realizar\u00e1 operativos especiales en defensa de la infancia\"}]},{\"@type\":\"WebSite\",\"@id\":\"https:\\\/\\\/digital58.com.ve\\\/site\\\/#website\",\"url\":\"https:\\\/\\\/digital58.com.ve\\\/site\\\/\",\"name\":\"Noticias Digital58\",\"description\":\"Portal de Noticias \u00a1Periodismo web de verdad! Lanzamiento web 22.11.2005 \\\/ Maracaibo, Venezuela\",\"publisher\":{\"@id\":\"https:\\\/\\\/digital58.com.ve\\\/site\\\/#\\\/schema\\\/person\\\/64d1c2e4d0d4fd1b849980c4331c2951\"},\"alternateName\":\"ND58\",\"potentialAction\":[{\"@type\":\"SearchAction\",\"target\":{\"@type\":\"EntryPoint\",\"urlTemplate\":\"https:\\\/\\\/digital58.com.ve\\\/site\\\/?s={search_term_string}\"},\"query-input\":{\"@type\":\"PropertyValueSpecification\",\"valueRequired\":true,\"valueName\":\"search_term_string\"}}],\"inLanguage\":\"es\"},{\"@type\":[\"Person\",\"Organization\"],\"@id\":\"https:\\\/\\\/digital58.com.ve\\\/site\\\/#\\\/schema\\\/person\\\/64d1c2e4d0d4fd1b849980c4331c2951\",\"name\":\"Villasmil Henry\",\"image\":{\"@type\":\"ImageObject\",\"inLanguage\":\"es\",\"@id\":\"https:\\\/\\\/secure.gravatar.com\\\/avatar\\\/bb0c4a2fcb7970138239f7e404ea75757b1b507b28b5ce4c53fbd62d797c5a7c?s=96&d=mm&r=g\",\"url\":\"https:\\\/\\\/secure.gravatar.com\\\/avatar\\\/bb0c4a2fcb7970138239f7e404ea75757b1b507b28b5ce4c53fbd62d797c5a7c?s=96&d=mm&r=g\",\"contentUrl\":\"https:\\\/\\\/secure.gravatar.com\\\/avatar\\\/bb0c4a2fcb7970138239f7e404ea75757b1b507b28b5ce4c53fbd62d797c5a7c?s=96&d=mm&r=g\",\"caption\":\"Villasmil Henry\"},\"logo\":{\"@id\":\"https:\\\/\\\/secure.gravatar.com\\\/avatar\\\/bb0c4a2fcb7970138239f7e404ea75757b1b507b28b5ce4c53fbd62d797c5a7c?s=96&d=mm&r=g\"},\"sameAs\":[\"http:\\\/\\\/www.henryvillasmil.com.ve\",\"https:\\\/\\\/www.instagram.com\\\/villasmilhfoto\\\/\",\"https:\\\/\\\/x.com\\\/https:\\\/\\\/twitter.com\\\/villasmilhfoto\"],\"url\":\"https:\\\/\\\/digital58.com.ve\\\/site\\\/author\\\/droopy_68\\\/\"}]}<\/script>\n<!-- \/ Yoast SEO plugin. -->","yoast_head_json":{"title":"#Zulia | Alcald\u00eda de Maracaibo realizar\u00e1 operativos especiales en defensa de la infancia","robots":{"index":"index","follow":"follow","max-snippet":"max-snippet:-1","max-image-preview":"max-image-preview:large","max-video-preview":"max-video-preview:-1"},"canonical":"https:\/\/digital58.com.ve\/site\/2023\/12\/13\/zulia-alcaldia-de-maracaibo-realizara-operativos-especiales-en-defensa-de-la-infancia\/","og_locale":"es_ES","og_type":"article","og_title":"#Zulia | Alcald\u00eda de Maracaibo realizar\u00e1 operativos especiales en defensa de la infancia","og_url":"https:\/\/digital58.com.ve\/site\/2023\/12\/13\/zulia-alcaldia-de-maracaibo-realizara-operativos-especiales-en-defensa-de-la-infancia\/","og_site_name":"Noticias Digital58","article_published_time":"2023-12-13T15:15:14+00:00","og_image":[{"width":800,"height":450,"url":"https:\/\/i0.wp.com\/digital58.com.ve\/site\/wp-content\/uploads\/2023\/12\/ramirez-1.jpg?fit=800%2C450&ssl=1","type":"image\/jpeg"}],"author":"Villasmil Henry","twitter_card":"summary_large_image","twitter_creator":"@https:\/\/twitter.com\/villasmilhfoto","twitter_site":"@villasmilhfoto","twitter_misc":{"Escrito por":"Villasmil Henry","Tiempo estimado de lectura":"2 minutos"},"schema":{"@context":"https:\/\/schema.org","@graph":[{"@type":"Article","@id":"https:\/\/digital58.com.ve\/site\/2023\/12\/13\/zulia-alcaldia-de-maracaibo-realizara-operativos-especiales-en-defensa-de-la-infancia\/#article","isPartOf":{"@id":"https:\/\/digital58.com.ve\/site\/2023\/12\/13\/zulia-alcaldia-de-maracaibo-realizara-operativos-especiales-en-defensa-de-la-infancia\/"},"author":{"name":"Villasmil Henry","@id":"https:\/\/digital58.com.ve\/site\/#\/schema\/person\/64d1c2e4d0d4fd1b849980c4331c2951"},"headline":"#Zulia | Alcald\u00eda de Maracaibo realizar\u00e1 operativos especiales en defensa de la infancia","datePublished":"2023-12-13T15:15:14+00:00","mainEntityOfPage":{"@id":"https:\/\/digital58.com.ve\/site\/2023\/12\/13\/zulia-alcaldia-de-maracaibo-realizara-operativos-especiales-en-defensa-de-la-infancia\/"},"wordCount":437,"commentCount":0,"publisher":{"@id":"https:\/\/digital58.com.ve\/site\/#\/schema\/person\/64d1c2e4d0d4fd1b849980c4331c2951"},"image":{"@id":"https:\/\/digital58.com.ve\/site\/2023\/12\/13\/zulia-alcaldia-de-maracaibo-realizara-operativos-especiales-en-defensa-de-la-infancia\/#primaryimage"},"thumbnailUrl":"https:\/\/digital58.com.ve\/site\/wp-content\/uploads\/2023\/12\/ramirez-1.jpg","keywords":["Alcald\u00eda de Maracaibo","Maracaibo","Mendicidad","Nacionales","Operativos de Seguridad","Rafael Ram\u00edrez Colina","Regionales","Venezuela"],"articleSection":["Zulia"],"inLanguage":"es","potentialAction":[{"@type":"CommentAction","name":"Comment","target":["https:\/\/digital58.com.ve\/site\/2023\/12\/13\/zulia-alcaldia-de-maracaibo-realizara-operativos-especiales-en-defensa-de-la-infancia\/#respond"]}]},{"@type":"WebPage","@id":"https:\/\/digital58.com.ve\/site\/2023\/12\/13\/zulia-alcaldia-de-maracaibo-realizara-operativos-especiales-en-defensa-de-la-infancia\/","url":"https:\/\/digital58.com.ve\/site\/2023\/12\/13\/zulia-alcaldia-de-maracaibo-realizara-operativos-especiales-en-defensa-de-la-infancia\/","name":"#Zulia | Alcald\u00eda de Maracaibo realizar\u00e1 operativos especiales en defensa de la infancia","isPartOf":{"@id":"https:\/\/digital58.com.ve\/site\/#website"},"primaryImageOfPage":{"@id":"https:\/\/digital58.com.ve\/site\/2023\/12\/13\/zulia-alcaldia-de-maracaibo-realizara-operativos-especiales-en-defensa-de-la-infancia\/#primaryimage"},"image":{"@id":"https:\/\/digital58.com.ve\/site\/2023\/12\/13\/zulia-alcaldia-de-maracaibo-realizara-operativos-especiales-en-defensa-de-la-infancia\/#primaryimage"},"thumbnailUrl":"https:\/\/digital58.com.ve\/site\/wp-content\/uploads\/2023\/12\/ramirez-1.jpg","datePublished":"2023-12-13T15:15:14+00:00","breadcrumb":{"@id":"https:\/\/digital58.com.ve\/site\/2023\/12\/13\/zulia-alcaldia-de-maracaibo-realizara-operativos-especiales-en-defensa-de-la-infancia\/#breadcrumb"},"inLanguage":"es","potentialAction":[{"@type":"ReadAction","target":["https:\/\/digital58.com.ve\/site\/2023\/12\/13\/zulia-alcaldia-de-maracaibo-realizara-operativos-especiales-en-defensa-de-la-infancia\/"]}]},{"@type":"ImageObject","inLanguage":"es","@id":"https:\/\/digital58.com.ve\/site\/2023\/12\/13\/zulia-alcaldia-de-maracaibo-realizara-operativos-especiales-en-defensa-de-la-infancia\/#primaryimage","url":"https:\/\/digital58.com.ve\/site\/wp-content\/uploads\/2023\/12\/ramirez-1.jpg","contentUrl":"https:\/\/digital58.com.ve\/site\/wp-content\/uploads\/2023\/12\/ramirez-1.jpg","width":800,"height":450},{"@type":"BreadcrumbList","@id":"https:\/\/digital58.com.ve\/site\/2023\/12\/13\/zulia-alcaldia-de-maracaibo-realizara-operativos-especiales-en-defensa-de-la-infancia\/#breadcrumb","itemListElement":[{"@type":"ListItem","position":1,"name":"Home","item":"https:\/\/digital58.com.ve\/site\/"},{"@type":"ListItem","position":2,"name":"#Zulia | Alcald\u00eda de Maracaibo realizar\u00e1 operativos especiales en defensa de la infancia"}]},{"@type":"WebSite","@id":"https:\/\/digital58.com.ve\/site\/#website","url":"https:\/\/digital58.com.ve\/site\/","name":"Noticias Digital58","description":"Portal de Noticias \u00a1Periodismo web de verdad! Lanzamiento web 22.11.2005 \/ Maracaibo, Venezuela","publisher":{"@id":"https:\/\/digital58.com.ve\/site\/#\/schema\/person\/64d1c2e4d0d4fd1b849980c4331c2951"},"alternateName":"ND58","potentialAction":[{"@type":"SearchAction","target":{"@type":"EntryPoint","urlTemplate":"https:\/\/digital58.com.ve\/site\/?s={search_term_string}"},"query-input":{"@type":"PropertyValueSpecification","valueRequired":true,"valueName":"search_term_string"}}],"inLanguage":"es"},{"@type":["Person","Organization"],"@id":"https:\/\/digital58.com.ve\/site\/#\/schema\/person\/64d1c2e4d0d4fd1b849980c4331c2951","name":"Villasmil Henry","image":{"@type":"ImageObject","inLanguage":"es","@id":"https:\/\/secure.gravatar.com\/avatar\/bb0c4a2fcb7970138239f7e404ea75757b1b507b28b5ce4c53fbd62d797c5a7c?s=96&d=mm&r=g","url":"https:\/\/secure.gravatar.com\/avatar\/bb0c4a2fcb7970138239f7e404ea75757b1b507b28b5ce4c53fbd62d797c5a7c?s=96&d=mm&r=g","contentUrl":"https:\/\/secure.gravatar.com\/avatar\/bb0c4a2fcb7970138239f7e404ea75757b1b507b28b5ce4c53fbd62d797c5a7c?s=96&d=mm&r=g","caption":"Villasmil Henry"},"logo":{"@id":"https:\/\/secure.gravatar.com\/avatar\/bb0c4a2fcb7970138239f7e404ea75757b1b507b28b5ce4c53fbd62d797c5a7c?s=96&d=mm&r=g"},"sameAs":["http:\/\/www.henryvillasmil.com.ve","https:\/\/www.instagram.com\/villasmilhfoto\/","https:\/\/x.com\/https:\/\/twitter.com\/villasmilhfoto"],"url":"https:\/\/digital58.com.ve\/site\/author\/droopy_68\/"}]}},"uagb_featured_image_src":{"full":["https:\/\/digital58.com.ve\/site\/wp-content\/uploads\/2023\/12\/ramirez-1.jpg",800,450,false],"thumbnail":["https:\/\/digital58.com.ve\/site\/wp-content\/uploads\/2023\/12\/ramirez-1-150x150.jpg",150,150,true],"medium":["https:\/\/digital58.com.ve\/site\/wp-content\/uploads\/2023\/12\/ramirez-1-300x169.jpg",300,169,true],"medium_large":["https:\/\/digital58.com.ve\/site\/wp-content\/uploads\/2023\/12\/ramirez-1-768x432.jpg",768,432,true],"large":["https:\/\/digital58.com.ve\/site\/wp-content\/uploads\/2023\/12\/ramirez-1.jpg",800,450,false],"1536x1536":["https:\/\/digital58.com.ve\/site\/wp-content\/uploads\/2023\/12\/ramirez-1.jpg",800,450,false],"2048x2048":["https:\/\/digital58.com.ve\/site\/wp-content\/uploads\/2023\/12\/ramirez-1.jpg",800,450,false],"colormag-highlighted-post":["https:\/\/digital58.com.ve\/site\/wp-content\/uploads\/2023\/12\/ramirez-1-392x272.jpg",392,272,true],"colormag-featured-post-medium":["https:\/\/digital58.com.ve\/site\/wp-content\/uploads\/2023\/12\/ramirez-1-390x205.jpg",390,205,true],"colormag-featured-post-small":["https:\/\/digital58.com.ve\/site\/wp-content\/uploads\/2023\/12\/ramirez-1-130x90.jpg",130,90,true],"colormag-featured-image":["https:\/\/digital58.com.ve\/site\/wp-content\/uploads\/2023\/12\/ramirez-1-800x445.jpg",800,445,true],"colormag-default-news":["https:\/\/digital58.com.ve\/site\/wp-content\/uploads\/2023\/12\/ramirez-1-150x150.jpg",150,150,true],"colormag-featured-image-large":["https:\/\/digital58.com.ve\/site\/wp-content\/uploads\/2023\/12\/ramirez-1.jpg",800,450,false]},"uagb_author_info":{"display_name":"Villasmil Henry","author_link":"https:\/\/digital58.com.ve\/site\/author\/droopy_68\/"},"uagb_comment_info":0,"uagb_excerpt":"El alcalde Rafael Ram\u00edrez Colina, advirti\u00f3 que, con todas las garant\u00edas legales, har\u00e1n investigaci\u00f3n y seguimiento a quienes \u00abirresponsablemente\u00bb ponen","_links":{"self":[{"href":"https:\/\/digital58.com.ve\/site\/wp-json\/wp\/v2\/posts\/173617","targetHints":{"allow":["GET"]}}],"collection":[{"href":"https:\/\/digital58.com.ve\/site\/wp-json\/wp\/v2\/posts"}],"about":[{"href":"https:\/\/digital58.com.ve\/site\/wp-json\/wp\/v2\/types\/post"}],"author":[{"embeddable":true,"href":"https:\/\/digital58.com.ve\/site\/wp-json\/wp\/v2\/users\/1"}],"replies":[{"embeddable":true,"href":"https:\/\/digital58.com.ve\/site\/wp-json\/wp\/v2\/comments?post=173617"}],"version-history":[{"count":1,"href":"https:\/\/digital58.com.ve\/site\/wp-json\/wp\/v2\/posts\/173617\/revisions"}],"predecessor-version":[{"id":173620,"href":"https:\/\/digital58.com.ve\/site\/wp-json\/wp\/v2\/posts\/173617\/revisions\/173620"}],"wp:featuredmedia":[{"embeddable":true,"href":"https:\/\/digital58.com.ve\/site\/wp-json\/wp\/v2\/media\/173619"}],"wp:attachment":[{"href":"https:\/\/digital58.com.ve\/site\/wp-json\/wp\/v2\/media?parent=173617"}],"wp:term":[{"taxonomy":"category","embeddable":true,"href":"https:\/\/digital58.com.ve\/site\/wp-json\/wp\/v2\/categories?post=173617"},{"taxonomy":"post_tag","embeddable":true,"href":"https:\/\/digital58.com.ve\/site\/wp-json\/wp\/v2\/tags?post=173617"}],"curies":[{"name":"wp","href":"https:\/\/api.w.org\/{rel}","templated":true}]}}