{"id":173621,"date":"2023-12-13T11:23:29","date_gmt":"2023-12-13T15:23:29","guid":{"rendered":"https:\/\/digital58.com.ve\/site\/?p=173621"},"modified":"2023-12-13T11:23:29","modified_gmt":"2023-12-13T15:23:29","slug":"zulia-productiva-jornada-de-consulta-publica-del-proyecto-de-ley-organica-para-la-defensa-de-la-guayana-esequiba-en-el-municipio-santa-rita","status":"publish","type":"post","link":"https:\/\/digital58.com.ve\/site\/2023\/12\/13\/zulia-productiva-jornada-de-consulta-publica-del-proyecto-de-ley-organica-para-la-defensa-de-la-guayana-esequiba-en-el-municipio-santa-rita\/","title":{"rendered":"Zulia: Productiva jornada de Consulta P\u00fablica del Proyecto de Ley Org\u00e1nica para la Defensa de la Guayana Esequiba en el municipio Santa Rita"},"content":{"rendered":"<p><a href=\"https:\/\/digital58.com.ve\/site\/wp-content\/uploads\/2023\/12\/santa-rita-2.jpg\"><img loading=\"lazy\" decoding=\"async\" class=\"aligncenter size-full wp-image-173622\" src=\"https:\/\/digital58.com.ve\/site\/wp-content\/uploads\/2023\/12\/santa-rita-2.jpg\" alt=\"\" width=\"800\" height=\"514\" srcset=\"https:\/\/digital58.com.ve\/site\/wp-content\/uploads\/2023\/12\/santa-rita-2.jpg 800w, https:\/\/digital58.com.ve\/site\/wp-content\/uploads\/2023\/12\/santa-rita-2-300x193.jpg 300w, https:\/\/digital58.com.ve\/site\/wp-content\/uploads\/2023\/12\/santa-rita-2-768x493.jpg 768w\" sizes=\"auto, (max-width: 800px) 100vw, 800px\" \/><\/a><\/p>\n<p>El Bloque Parlamentario del Zulia recibi\u00f3 las propuestas de las participantes y los participantes como parte de la ruta para la aprobaci\u00f3n del Proyecto de Ley Org\u00e1nica.<\/p>\n<p><strong>Santa Rita, Zulia, Venezuela, 13 de diciembre de 2023 (ND58).-<\/strong> La Diputada Aleida Cardozo y los Diputados Elbano S\u00e1nchez, Yimmys Rodr\u00edguez y Juan Garc\u00eda, activaron una nutrida consulta p\u00fablica de la Ley Org\u00e1nica para la Defensa del Esequibo. El encuentro cont\u00f3 con la participaci\u00f3n de representantes de diversos sectores de esta pujante municipio de la Costa Oriental del Lago de Maracaibo.<\/p>\n<p>El Diputado Juan Garc\u00eda destac\u00f3 junto a la poblaci\u00f3n a la santaritense la importancia de los 22 art\u00edculos que contempla la Ley, destacando la creaci\u00f3n del Estado Guayana Esequiba y la regulaci\u00f3n de uso del nuevo mapa pol\u00edtico del pa\u00eds incluyendo el territorio de la Guayana Esequiba para la difusi\u00f3n nacional en especial centros educativos.<\/p>\n<p>La Diputada Aleida Cardozo Resalt\u00f3 que el respaldo popular que super\u00f3 los 10 millones de votos di\u00f3 un mandato para la creaci\u00f3n de toda la base legal destinada a la defensa de este territorio con caso 150.000 kil\u00f3metros cuadrados de extensi\u00f3n.<\/p>\n<p><a href=\"https:\/\/digital58.com.ve\/site\/wp-content\/uploads\/2023\/12\/santa-rita-1.jpg\"><img loading=\"lazy\" decoding=\"async\" class=\"aligncenter size-full wp-image-173623\" src=\"https:\/\/digital58.com.ve\/site\/wp-content\/uploads\/2023\/12\/santa-rita-1.jpg\" alt=\"\" width=\"800\" height=\"530\" srcset=\"https:\/\/digital58.com.ve\/site\/wp-content\/uploads\/2023\/12\/santa-rita-1.jpg 800w, https:\/\/digital58.com.ve\/site\/wp-content\/uploads\/2023\/12\/santa-rita-1-300x199.jpg 300w, https:\/\/digital58.com.ve\/site\/wp-content\/uploads\/2023\/12\/santa-rita-1-768x509.jpg 768w\" sizes=\"auto, (max-width: 800px) 100vw, 800px\" \/><\/a><\/p>\n<p>Por su parte, el Diputado Elbano S\u00e1nchez, explic\u00f3 el alcance de la creaci\u00f3n de las empresas del Esequibo filiales de Petr\u00f3leos de Venezuela (Pdvsa) y Corporaci\u00f3n Venezolana de Guayana (CVG).<\/p>\n<p>El Diputado Yimmys Rodr\u00edguez, vocero ind\u00edgena del occidente del pa\u00eds se pronunci\u00f3 en contra de las acciones militares que efectu\u00f3 recientemente el Comando Sur de los Estados Unidos en territorio de la Guayana Esequiba y destac\u00f3 l determinaci\u00f3n e historia milenaria de nuestros pueblos originarios en la defensa de sus territorio.<\/p>\n<p><strong>Redacci\u00f3n ND58 | Fuente: Bloque Parlamentario del Zulia<\/strong><br \/>\n<strong>Edici\u00f3n: Villasmil, Henry<\/strong><br \/>\n<strong>Gr\u00e1ficas: Cortes\u00eda Bloque Parlamentario del Zulia<\/strong><\/p><div class=\"xcoxs69ee1827b73f9\" ><p style=\"text-align: center;\"><a href=\"https:\/\/t.me\/noticiasdigital58\" target=\"_blank\" rel=\"noopener\"><img class=\"aligncenter size-full wp-image-125363\" src=\"https:\/\/digital58.com.ve\/site\/wp-content\/uploads\/2021\/04\/banner-telegram-web-2021.png\" alt=\"\" width=\"600\" height=\"90\" \/><\/a><\/p><\/div><style type=\"text\/css\">\r\n@media screen and (min-width: 1201px) {\r\n.xcoxs69ee1827b73f9 {\r\ndisplay: block;\r\n}\r\n}\r\n@media screen and (min-width: 993px) and (max-width: 1200px) {\r\n.xcoxs69ee1827b73f9 {\r\ndisplay: block;\r\n}\r\n}\r\n@media screen and (min-width: 769px) and (max-width: 992px) {\r\n.xcoxs69ee1827b73f9 {\r\ndisplay: block;\r\n}\r\n}\r\n@media screen and (min-width: 768px) and (max-width: 768px) {\r\n.xcoxs69ee1827b73f9 {\r\ndisplay: block;\r\n}\r\n}\r\n@media screen and (max-width: 767px) {\r\n.xcoxs69ee1827b73f9 {\r\ndisplay: block;\r\n}\r\n}\r\n<\/style>\r\n\n<p>&nbsp;<\/p>\n<div style=\"margin-top: 0px; margin-bottom: 0px;\" class=\"sharethis-inline-share-buttons\" ><\/div>","protected":false},"excerpt":{"rendered":"<p>El Bloque Parlamentario del Zulia recibi\u00f3 las propuestas de las participantes y los participantes como parte de la ruta para<\/p>\n","protected":false},"author":1,"featured_media":173623,"comment_status":"open","ping_status":"closed","sticky":false,"template":"","format":"standard","meta":{"colormag_page_container_layout":"default_layout","colormag_page_sidebar_layout":"default_layout","_uag_custom_page_level_css":"","footnotes":""},"categories":[14504],"tags":[32527,26795,32965,27736,32966,16683,32967,4445,233,2354,32,18572],"class_list":["post-173621","post","type-post","status-publish","format-standard","has-post-thumbnail","hentry","category-zulia","tag-aleida-cardozo","tag-bloque-parlamentario-del-zulia","tag-defensa-de-la-guayana-esequiba","tag-diputado-juan-garcia","tag-elbano-sanchez","tag-guayana-esequiba","tag-ley-organica","tag-municipio-santa-rita","tag-nacionales","tag-regionales","tag-venezuela","tag-yimmys-rodriguez"],"yoast_head":"<!-- This site is optimized with the Yoast SEO plugin v27.4 - https:\/\/yoast.com\/product\/yoast-seo-wordpress\/ -->\n<title>Zulia: Productiva jornada de Consulta P\u00fablica del Proyecto de Ley Org\u00e1nica para la Defensa de la Guayana Esequiba en el municipio Santa Rita<\/title>\n<meta name=\"robots\" content=\"index, follow, max-snippet:-1, max-image-preview:large, max-video-preview:-1\" \/>\n<link rel=\"canonical\" href=\"https:\/\/digital58.com.ve\/site\/2023\/12\/13\/zulia-productiva-jornada-de-consulta-publica-del-proyecto-de-ley-organica-para-la-defensa-de-la-guayana-esequiba-en-el-municipio-santa-rita\/\" \/>\n<meta property=\"og:locale\" content=\"es_ES\" \/>\n<meta property=\"og:type\" content=\"article\" \/>\n<meta property=\"og:title\" content=\"Zulia: Productiva jornada de Consulta P\u00fablica del Proyecto de Ley Org\u00e1nica para la Defensa de la Guayana Esequiba en el municipio Santa Rita\" \/>\n<meta property=\"og:url\" content=\"https:\/\/digital58.com.ve\/site\/2023\/12\/13\/zulia-productiva-jornada-de-consulta-publica-del-proyecto-de-ley-organica-para-la-defensa-de-la-guayana-esequiba-en-el-municipio-santa-rita\/\" \/>\n<meta property=\"og:site_name\" content=\"Noticias Digital58\" \/>\n<meta property=\"article:published_time\" content=\"2023-12-13T15:23:29+00:00\" \/>\n<meta property=\"og:image\" content=\"https:\/\/i0.wp.com\/digital58.com.ve\/site\/wp-content\/uploads\/2023\/12\/santa-rita-1.jpg?fit=800%2C530&ssl=1\" \/>\n\t<meta property=\"og:image:width\" content=\"800\" \/>\n\t<meta property=\"og:image:height\" content=\"530\" \/>\n\t<meta property=\"og:image:type\" content=\"image\/jpeg\" \/>\n<meta name=\"author\" content=\"Villasmil Henry\" \/>\n<meta name=\"twitter:card\" content=\"summary_large_image\" \/>\n<meta name=\"twitter:creator\" content=\"@https:\/\/twitter.com\/villasmilhfoto\" \/>\n<meta name=\"twitter:site\" content=\"@villasmilhfoto\" \/>\n<meta name=\"twitter:label1\" content=\"Escrito por\" \/>\n\t<meta name=\"twitter:data1\" content=\"Villasmil Henry\" \/>\n\t<meta name=\"twitter:label2\" content=\"Tiempo estimado de lectura\" \/>\n\t<meta name=\"twitter:data2\" content=\"2 minutos\" \/>\n<script type=\"application\/ld+json\" class=\"yoast-schema-graph\">{\"@context\":\"https:\\\/\\\/schema.org\",\"@graph\":[{\"@type\":\"Article\",\"@id\":\"https:\\\/\\\/digital58.com.ve\\\/site\\\/2023\\\/12\\\/13\\\/zulia-productiva-jornada-de-consulta-publica-del-proyecto-de-ley-organica-para-la-defensa-de-la-guayana-esequiba-en-el-municipio-santa-rita\\\/#article\",\"isPartOf\":{\"@id\":\"https:\\\/\\\/digital58.com.ve\\\/site\\\/2023\\\/12\\\/13\\\/zulia-productiva-jornada-de-consulta-publica-del-proyecto-de-ley-organica-para-la-defensa-de-la-guayana-esequiba-en-el-municipio-santa-rita\\\/\"},\"author\":{\"name\":\"Villasmil Henry\",\"@id\":\"https:\\\/\\\/digital58.com.ve\\\/site\\\/#\\\/schema\\\/person\\\/64d1c2e4d0d4fd1b849980c4331c2951\"},\"headline\":\"Zulia: Productiva jornada de Consulta P\u00fablica del Proyecto de Ley Org\u00e1nica para la Defensa de la Guayana Esequiba en el municipio Santa Rita\",\"datePublished\":\"2023-12-13T15:23:29+00:00\",\"mainEntityOfPage\":{\"@id\":\"https:\\\/\\\/digital58.com.ve\\\/site\\\/2023\\\/12\\\/13\\\/zulia-productiva-jornada-de-consulta-publica-del-proyecto-de-ley-organica-para-la-defensa-de-la-guayana-esequiba-en-el-municipio-santa-rita\\\/\"},\"wordCount\":334,\"commentCount\":0,\"publisher\":{\"@id\":\"https:\\\/\\\/digital58.com.ve\\\/site\\\/#\\\/schema\\\/person\\\/64d1c2e4d0d4fd1b849980c4331c2951\"},\"image\":{\"@id\":\"https:\\\/\\\/digital58.com.ve\\\/site\\\/2023\\\/12\\\/13\\\/zulia-productiva-jornada-de-consulta-publica-del-proyecto-de-ley-organica-para-la-defensa-de-la-guayana-esequiba-en-el-municipio-santa-rita\\\/#primaryimage\"},\"thumbnailUrl\":\"https:\\\/\\\/digital58.com.ve\\\/site\\\/wp-content\\\/uploads\\\/2023\\\/12\\\/santa-rita-1.jpg\",\"keywords\":[\"Aleida Cardozo\",\"Bloque Parlamentario del Zulia\",\"Defensa de la Guayana Esequiba\",\"Diputado Juan Garc\u00eda\",\"Elbano S\u00e1nchez\",\"Guayana Esequiba\",\"Ley Org\u00e1nica\",\"Municipio Santa Rita\",\"Nacionales\",\"Regionales\",\"Venezuela\",\"Yimmys Rodr\u00edguez\"],\"articleSection\":[\"Zulia\"],\"inLanguage\":\"es\",\"potentialAction\":[{\"@type\":\"CommentAction\",\"name\":\"Comment\",\"target\":[\"https:\\\/\\\/digital58.com.ve\\\/site\\\/2023\\\/12\\\/13\\\/zulia-productiva-jornada-de-consulta-publica-del-proyecto-de-ley-organica-para-la-defensa-de-la-guayana-esequiba-en-el-municipio-santa-rita\\\/#respond\"]}]},{\"@type\":\"WebPage\",\"@id\":\"https:\\\/\\\/digital58.com.ve\\\/site\\\/2023\\\/12\\\/13\\\/zulia-productiva-jornada-de-consulta-publica-del-proyecto-de-ley-organica-para-la-defensa-de-la-guayana-esequiba-en-el-municipio-santa-rita\\\/\",\"url\":\"https:\\\/\\\/digital58.com.ve\\\/site\\\/2023\\\/12\\\/13\\\/zulia-productiva-jornada-de-consulta-publica-del-proyecto-de-ley-organica-para-la-defensa-de-la-guayana-esequiba-en-el-municipio-santa-rita\\\/\",\"name\":\"Zulia: Productiva jornada de Consulta P\u00fablica del Proyecto de Ley Org\u00e1nica para la Defensa de la Guayana Esequiba en el municipio Santa Rita\",\"isPartOf\":{\"@id\":\"https:\\\/\\\/digital58.com.ve\\\/site\\\/#website\"},\"primaryImageOfPage\":{\"@id\":\"https:\\\/\\\/digital58.com.ve\\\/site\\\/2023\\\/12\\\/13\\\/zulia-productiva-jornada-de-consulta-publica-del-proyecto-de-ley-organica-para-la-defensa-de-la-guayana-esequiba-en-el-municipio-santa-rita\\\/#primaryimage\"},\"image\":{\"@id\":\"https:\\\/\\\/digital58.com.ve\\\/site\\\/2023\\\/12\\\/13\\\/zulia-productiva-jornada-de-consulta-publica-del-proyecto-de-ley-organica-para-la-defensa-de-la-guayana-esequiba-en-el-municipio-santa-rita\\\/#primaryimage\"},\"thumbnailUrl\":\"https:\\\/\\\/digital58.com.ve\\\/site\\\/wp-content\\\/uploads\\\/2023\\\/12\\\/santa-rita-1.jpg\",\"datePublished\":\"2023-12-13T15:23:29+00:00\",\"breadcrumb\":{\"@id\":\"https:\\\/\\\/digital58.com.ve\\\/site\\\/2023\\\/12\\\/13\\\/zulia-productiva-jornada-de-consulta-publica-del-proyecto-de-ley-organica-para-la-defensa-de-la-guayana-esequiba-en-el-municipio-santa-rita\\\/#breadcrumb\"},\"inLanguage\":\"es\",\"potentialAction\":[{\"@type\":\"ReadAction\",\"target\":[\"https:\\\/\\\/digital58.com.ve\\\/site\\\/2023\\\/12\\\/13\\\/zulia-productiva-jornada-de-consulta-publica-del-proyecto-de-ley-organica-para-la-defensa-de-la-guayana-esequiba-en-el-municipio-santa-rita\\\/\"]}]},{\"@type\":\"ImageObject\",\"inLanguage\":\"es\",\"@id\":\"https:\\\/\\\/digital58.com.ve\\\/site\\\/2023\\\/12\\\/13\\\/zulia-productiva-jornada-de-consulta-publica-del-proyecto-de-ley-organica-para-la-defensa-de-la-guayana-esequiba-en-el-municipio-santa-rita\\\/#primaryimage\",\"url\":\"https:\\\/\\\/digital58.com.ve\\\/site\\\/wp-content\\\/uploads\\\/2023\\\/12\\\/santa-rita-1.jpg\",\"contentUrl\":\"https:\\\/\\\/digital58.com.ve\\\/site\\\/wp-content\\\/uploads\\\/2023\\\/12\\\/santa-rita-1.jpg\",\"width\":800,\"height\":530},{\"@type\":\"BreadcrumbList\",\"@id\":\"https:\\\/\\\/digital58.com.ve\\\/site\\\/2023\\\/12\\\/13\\\/zulia-productiva-jornada-de-consulta-publica-del-proyecto-de-ley-organica-para-la-defensa-de-la-guayana-esequiba-en-el-municipio-santa-rita\\\/#breadcrumb\",\"itemListElement\":[{\"@type\":\"ListItem\",\"position\":1,\"name\":\"Home\",\"item\":\"https:\\\/\\\/digital58.com.ve\\\/site\\\/\"},{\"@type\":\"ListItem\",\"position\":2,\"name\":\"Zulia: Productiva jornada de Consulta P\u00fablica del Proyecto de Ley Org\u00e1nica para la Defensa de la Guayana Esequiba en el municipio Santa Rita\"}]},{\"@type\":\"WebSite\",\"@id\":\"https:\\\/\\\/digital58.com.ve\\\/site\\\/#website\",\"url\":\"https:\\\/\\\/digital58.com.ve\\\/site\\\/\",\"name\":\"Noticias Digital58\",\"description\":\"Portal de Noticias \u00a1Periodismo web de verdad! Lanzamiento web 22.11.2005 \\\/ Maracaibo, Venezuela\",\"publisher\":{\"@id\":\"https:\\\/\\\/digital58.com.ve\\\/site\\\/#\\\/schema\\\/person\\\/64d1c2e4d0d4fd1b849980c4331c2951\"},\"alternateName\":\"ND58\",\"potentialAction\":[{\"@type\":\"SearchAction\",\"target\":{\"@type\":\"EntryPoint\",\"urlTemplate\":\"https:\\\/\\\/digital58.com.ve\\\/site\\\/?s={search_term_string}\"},\"query-input\":{\"@type\":\"PropertyValueSpecification\",\"valueRequired\":true,\"valueName\":\"search_term_string\"}}],\"inLanguage\":\"es\"},{\"@type\":[\"Person\",\"Organization\"],\"@id\":\"https:\\\/\\\/digital58.com.ve\\\/site\\\/#\\\/schema\\\/person\\\/64d1c2e4d0d4fd1b849980c4331c2951\",\"name\":\"Villasmil Henry\",\"image\":{\"@type\":\"ImageObject\",\"inLanguage\":\"es\",\"@id\":\"https:\\\/\\\/secure.gravatar.com\\\/avatar\\\/bb0c4a2fcb7970138239f7e404ea75757b1b507b28b5ce4c53fbd62d797c5a7c?s=96&d=mm&r=g\",\"url\":\"https:\\\/\\\/secure.gravatar.com\\\/avatar\\\/bb0c4a2fcb7970138239f7e404ea75757b1b507b28b5ce4c53fbd62d797c5a7c?s=96&d=mm&r=g\",\"contentUrl\":\"https:\\\/\\\/secure.gravatar.com\\\/avatar\\\/bb0c4a2fcb7970138239f7e404ea75757b1b507b28b5ce4c53fbd62d797c5a7c?s=96&d=mm&r=g\",\"caption\":\"Villasmil Henry\"},\"logo\":{\"@id\":\"https:\\\/\\\/secure.gravatar.com\\\/avatar\\\/bb0c4a2fcb7970138239f7e404ea75757b1b507b28b5ce4c53fbd62d797c5a7c?s=96&d=mm&r=g\"},\"sameAs\":[\"http:\\\/\\\/www.henryvillasmil.com.ve\",\"https:\\\/\\\/www.instagram.com\\\/villasmilhfoto\\\/\",\"https:\\\/\\\/x.com\\\/https:\\\/\\\/twitter.com\\\/villasmilhfoto\"],\"url\":\"https:\\\/\\\/digital58.com.ve\\\/site\\\/author\\\/droopy_68\\\/\"}]}<\/script>\n<!-- \/ Yoast SEO plugin. -->","yoast_head_json":{"title":"Zulia: Productiva jornada de Consulta P\u00fablica del Proyecto de Ley Org\u00e1nica para la Defensa de la Guayana Esequiba en el municipio Santa Rita","robots":{"index":"index","follow":"follow","max-snippet":"max-snippet:-1","max-image-preview":"max-image-preview:large","max-video-preview":"max-video-preview:-1"},"canonical":"https:\/\/digital58.com.ve\/site\/2023\/12\/13\/zulia-productiva-jornada-de-consulta-publica-del-proyecto-de-ley-organica-para-la-defensa-de-la-guayana-esequiba-en-el-municipio-santa-rita\/","og_locale":"es_ES","og_type":"article","og_title":"Zulia: Productiva jornada de Consulta P\u00fablica del Proyecto de Ley Org\u00e1nica para la Defensa de la Guayana Esequiba en el municipio Santa Rita","og_url":"https:\/\/digital58.com.ve\/site\/2023\/12\/13\/zulia-productiva-jornada-de-consulta-publica-del-proyecto-de-ley-organica-para-la-defensa-de-la-guayana-esequiba-en-el-municipio-santa-rita\/","og_site_name":"Noticias Digital58","article_published_time":"2023-12-13T15:23:29+00:00","og_image":[{"width":800,"height":530,"url":"https:\/\/i0.wp.com\/digital58.com.ve\/site\/wp-content\/uploads\/2023\/12\/santa-rita-1.jpg?fit=800%2C530&ssl=1","type":"image\/jpeg"}],"author":"Villasmil Henry","twitter_card":"summary_large_image","twitter_creator":"@https:\/\/twitter.com\/villasmilhfoto","twitter_site":"@villasmilhfoto","twitter_misc":{"Escrito por":"Villasmil Henry","Tiempo estimado de lectura":"2 minutos"},"schema":{"@context":"https:\/\/schema.org","@graph":[{"@type":"Article","@id":"https:\/\/digital58.com.ve\/site\/2023\/12\/13\/zulia-productiva-jornada-de-consulta-publica-del-proyecto-de-ley-organica-para-la-defensa-de-la-guayana-esequiba-en-el-municipio-santa-rita\/#article","isPartOf":{"@id":"https:\/\/digital58.com.ve\/site\/2023\/12\/13\/zulia-productiva-jornada-de-consulta-publica-del-proyecto-de-ley-organica-para-la-defensa-de-la-guayana-esequiba-en-el-municipio-santa-rita\/"},"author":{"name":"Villasmil Henry","@id":"https:\/\/digital58.com.ve\/site\/#\/schema\/person\/64d1c2e4d0d4fd1b849980c4331c2951"},"headline":"Zulia: Productiva jornada de Consulta P\u00fablica del Proyecto de Ley Org\u00e1nica para la Defensa de la Guayana Esequiba en el municipio Santa Rita","datePublished":"2023-12-13T15:23:29+00:00","mainEntityOfPage":{"@id":"https:\/\/digital58.com.ve\/site\/2023\/12\/13\/zulia-productiva-jornada-de-consulta-publica-del-proyecto-de-ley-organica-para-la-defensa-de-la-guayana-esequiba-en-el-municipio-santa-rita\/"},"wordCount":334,"commentCount":0,"publisher":{"@id":"https:\/\/digital58.com.ve\/site\/#\/schema\/person\/64d1c2e4d0d4fd1b849980c4331c2951"},"image":{"@id":"https:\/\/digital58.com.ve\/site\/2023\/12\/13\/zulia-productiva-jornada-de-consulta-publica-del-proyecto-de-ley-organica-para-la-defensa-de-la-guayana-esequiba-en-el-municipio-santa-rita\/#primaryimage"},"thumbnailUrl":"https:\/\/digital58.com.ve\/site\/wp-content\/uploads\/2023\/12\/santa-rita-1.jpg","keywords":["Aleida Cardozo","Bloque Parlamentario del Zulia","Defensa de la Guayana Esequiba","Diputado Juan Garc\u00eda","Elbano S\u00e1nchez","Guayana Esequiba","Ley Org\u00e1nica","Municipio Santa Rita","Nacionales","Regionales","Venezuela","Yimmys Rodr\u00edguez"],"articleSection":["Zulia"],"inLanguage":"es","potentialAction":[{"@type":"CommentAction","name":"Comment","target":["https:\/\/digital58.com.ve\/site\/2023\/12\/13\/zulia-productiva-jornada-de-consulta-publica-del-proyecto-de-ley-organica-para-la-defensa-de-la-guayana-esequiba-en-el-municipio-santa-rita\/#respond"]}]},{"@type":"WebPage","@id":"https:\/\/digital58.com.ve\/site\/2023\/12\/13\/zulia-productiva-jornada-de-consulta-publica-del-proyecto-de-ley-organica-para-la-defensa-de-la-guayana-esequiba-en-el-municipio-santa-rita\/","url":"https:\/\/digital58.com.ve\/site\/2023\/12\/13\/zulia-productiva-jornada-de-consulta-publica-del-proyecto-de-ley-organica-para-la-defensa-de-la-guayana-esequiba-en-el-municipio-santa-rita\/","name":"Zulia: Productiva jornada de Consulta P\u00fablica del Proyecto de Ley Org\u00e1nica para la Defensa de la Guayana Esequiba en el municipio Santa Rita","isPartOf":{"@id":"https:\/\/digital58.com.ve\/site\/#website"},"primaryImageOfPage":{"@id":"https:\/\/digital58.com.ve\/site\/2023\/12\/13\/zulia-productiva-jornada-de-consulta-publica-del-proyecto-de-ley-organica-para-la-defensa-de-la-guayana-esequiba-en-el-municipio-santa-rita\/#primaryimage"},"image":{"@id":"https:\/\/digital58.com.ve\/site\/2023\/12\/13\/zulia-productiva-jornada-de-consulta-publica-del-proyecto-de-ley-organica-para-la-defensa-de-la-guayana-esequiba-en-el-municipio-santa-rita\/#primaryimage"},"thumbnailUrl":"https:\/\/digital58.com.ve\/site\/wp-content\/uploads\/2023\/12\/santa-rita-1.jpg","datePublished":"2023-12-13T15:23:29+00:00","breadcrumb":{"@id":"https:\/\/digital58.com.ve\/site\/2023\/12\/13\/zulia-productiva-jornada-de-consulta-publica-del-proyecto-de-ley-organica-para-la-defensa-de-la-guayana-esequiba-en-el-municipio-santa-rita\/#breadcrumb"},"inLanguage":"es","potentialAction":[{"@type":"ReadAction","target":["https:\/\/digital58.com.ve\/site\/2023\/12\/13\/zulia-productiva-jornada-de-consulta-publica-del-proyecto-de-ley-organica-para-la-defensa-de-la-guayana-esequiba-en-el-municipio-santa-rita\/"]}]},{"@type":"ImageObject","inLanguage":"es","@id":"https:\/\/digital58.com.ve\/site\/2023\/12\/13\/zulia-productiva-jornada-de-consulta-publica-del-proyecto-de-ley-organica-para-la-defensa-de-la-guayana-esequiba-en-el-municipio-santa-rita\/#primaryimage","url":"https:\/\/digital58.com.ve\/site\/wp-content\/uploads\/2023\/12\/santa-rita-1.jpg","contentUrl":"https:\/\/digital58.com.ve\/site\/wp-content\/uploads\/2023\/12\/santa-rita-1.jpg","width":800,"height":530},{"@type":"BreadcrumbList","@id":"https:\/\/digital58.com.ve\/site\/2023\/12\/13\/zulia-productiva-jornada-de-consulta-publica-del-proyecto-de-ley-organica-para-la-defensa-de-la-guayana-esequiba-en-el-municipio-santa-rita\/#breadcrumb","itemListElement":[{"@type":"ListItem","position":1,"name":"Home","item":"https:\/\/digital58.com.ve\/site\/"},{"@type":"ListItem","position":2,"name":"Zulia: Productiva jornada de Consulta P\u00fablica del Proyecto de Ley Org\u00e1nica para la Defensa de la Guayana Esequiba en el municipio Santa Rita"}]},{"@type":"WebSite","@id":"https:\/\/digital58.com.ve\/site\/#website","url":"https:\/\/digital58.com.ve\/site\/","name":"Noticias Digital58","description":"Portal de Noticias \u00a1Periodismo web de verdad! Lanzamiento web 22.11.2005 \/ Maracaibo, Venezuela","publisher":{"@id":"https:\/\/digital58.com.ve\/site\/#\/schema\/person\/64d1c2e4d0d4fd1b849980c4331c2951"},"alternateName":"ND58","potentialAction":[{"@type":"SearchAction","target":{"@type":"EntryPoint","urlTemplate":"https:\/\/digital58.com.ve\/site\/?s={search_term_string}"},"query-input":{"@type":"PropertyValueSpecification","valueRequired":true,"valueName":"search_term_string"}}],"inLanguage":"es"},{"@type":["Person","Organization"],"@id":"https:\/\/digital58.com.ve\/site\/#\/schema\/person\/64d1c2e4d0d4fd1b849980c4331c2951","name":"Villasmil Henry","image":{"@type":"ImageObject","inLanguage":"es","@id":"https:\/\/secure.gravatar.com\/avatar\/bb0c4a2fcb7970138239f7e404ea75757b1b507b28b5ce4c53fbd62d797c5a7c?s=96&d=mm&r=g","url":"https:\/\/secure.gravatar.com\/avatar\/bb0c4a2fcb7970138239f7e404ea75757b1b507b28b5ce4c53fbd62d797c5a7c?s=96&d=mm&r=g","contentUrl":"https:\/\/secure.gravatar.com\/avatar\/bb0c4a2fcb7970138239f7e404ea75757b1b507b28b5ce4c53fbd62d797c5a7c?s=96&d=mm&r=g","caption":"Villasmil Henry"},"logo":{"@id":"https:\/\/secure.gravatar.com\/avatar\/bb0c4a2fcb7970138239f7e404ea75757b1b507b28b5ce4c53fbd62d797c5a7c?s=96&d=mm&r=g"},"sameAs":["http:\/\/www.henryvillasmil.com.ve","https:\/\/www.instagram.com\/villasmilhfoto\/","https:\/\/x.com\/https:\/\/twitter.com\/villasmilhfoto"],"url":"https:\/\/digital58.com.ve\/site\/author\/droopy_68\/"}]}},"uagb_featured_image_src":{"full":["https:\/\/digital58.com.ve\/site\/wp-content\/uploads\/2023\/12\/santa-rita-1.jpg",800,530,false],"thumbnail":["https:\/\/digital58.com.ve\/site\/wp-content\/uploads\/2023\/12\/santa-rita-1-150x150.jpg",150,150,true],"medium":["https:\/\/digital58.com.ve\/site\/wp-content\/uploads\/2023\/12\/santa-rita-1-300x199.jpg",300,199,true],"medium_large":["https:\/\/digital58.com.ve\/site\/wp-content\/uploads\/2023\/12\/santa-rita-1-768x509.jpg",768,509,true],"large":["https:\/\/digital58.com.ve\/site\/wp-content\/uploads\/2023\/12\/santa-rita-1.jpg",800,530,false],"1536x1536":["https:\/\/digital58.com.ve\/site\/wp-content\/uploads\/2023\/12\/santa-rita-1.jpg",800,530,false],"2048x2048":["https:\/\/digital58.com.ve\/site\/wp-content\/uploads\/2023\/12\/santa-rita-1.jpg",800,530,false],"colormag-highlighted-post":["https:\/\/digital58.com.ve\/site\/wp-content\/uploads\/2023\/12\/santa-rita-1-392x272.jpg",392,272,true],"colormag-featured-post-medium":["https:\/\/digital58.com.ve\/site\/wp-content\/uploads\/2023\/12\/santa-rita-1-390x205.jpg",390,205,true],"colormag-featured-post-small":["https:\/\/digital58.com.ve\/site\/wp-content\/uploads\/2023\/12\/santa-rita-1-130x90.jpg",130,90,true],"colormag-featured-image":["https:\/\/digital58.com.ve\/site\/wp-content\/uploads\/2023\/12\/santa-rita-1-800x445.jpg",800,445,true],"colormag-default-news":["https:\/\/digital58.com.ve\/site\/wp-content\/uploads\/2023\/12\/santa-rita-1-150x150.jpg",150,150,true],"colormag-featured-image-large":["https:\/\/digital58.com.ve\/site\/wp-content\/uploads\/2023\/12\/santa-rita-1.jpg",800,530,false]},"uagb_author_info":{"display_name":"Villasmil Henry","author_link":"https:\/\/digital58.com.ve\/site\/author\/droopy_68\/"},"uagb_comment_info":0,"uagb_excerpt":"El Bloque Parlamentario del Zulia recibi\u00f3 las propuestas de las participantes y los participantes como parte de la ruta para","_links":{"self":[{"href":"https:\/\/digital58.com.ve\/site\/wp-json\/wp\/v2\/posts\/173621","targetHints":{"allow":["GET"]}}],"collection":[{"href":"https:\/\/digital58.com.ve\/site\/wp-json\/wp\/v2\/posts"}],"about":[{"href":"https:\/\/digital58.com.ve\/site\/wp-json\/wp\/v2\/types\/post"}],"author":[{"embeddable":true,"href":"https:\/\/digital58.com.ve\/site\/wp-json\/wp\/v2\/users\/1"}],"replies":[{"embeddable":true,"href":"https:\/\/digital58.com.ve\/site\/wp-json\/wp\/v2\/comments?post=173621"}],"version-history":[{"count":1,"href":"https:\/\/digital58.com.ve\/site\/wp-json\/wp\/v2\/posts\/173621\/revisions"}],"predecessor-version":[{"id":173624,"href":"https:\/\/digital58.com.ve\/site\/wp-json\/wp\/v2\/posts\/173621\/revisions\/173624"}],"wp:featuredmedia":[{"embeddable":true,"href":"https:\/\/digital58.com.ve\/site\/wp-json\/wp\/v2\/media\/173623"}],"wp:attachment":[{"href":"https:\/\/digital58.com.ve\/site\/wp-json\/wp\/v2\/media?parent=173621"}],"wp:term":[{"taxonomy":"category","embeddable":true,"href":"https:\/\/digital58.com.ve\/site\/wp-json\/wp\/v2\/categories?post=173621"},{"taxonomy":"post_tag","embeddable":true,"href":"https:\/\/digital58.com.ve\/site\/wp-json\/wp\/v2\/tags?post=173621"}],"curies":[{"name":"wp","href":"https:\/\/api.w.org\/{rel}","templated":true}]}}