{"id":173780,"date":"2023-12-17T17:22:25","date_gmt":"2023-12-17T21:22:25","guid":{"rendered":"https:\/\/digital58.com.ve\/site\/?p=173780"},"modified":"2023-12-17T17:22:25","modified_gmt":"2023-12-17T21:22:25","slug":"zulia-rosales-inaugura-con-el-alcalde-de-simon-bolivar-centro-clinico-ambulatorio-y-vialidad-en-tia-juana","status":"publish","type":"post","link":"https:\/\/digital58.com.ve\/site\/2023\/12\/17\/zulia-rosales-inaugura-con-el-alcalde-de-simon-bolivar-centro-clinico-ambulatorio-y-vialidad-en-tia-juana\/","title":{"rendered":"#Zulia | Rosales inaugura con el Alcalde de Sim\u00f3n Bolivar Centro Cl\u00ednico Ambulatorio y Vialidad en T\u00eda Juana"},"content":{"rendered":"<p><a href=\"https:\/\/digital58.com.ve\/site\/wp-content\/uploads\/2023\/12\/Centro-Clinico-Ambulatorio-Manuel-4.jpg\"><img loading=\"lazy\" decoding=\"async\" class=\"aligncenter size-full wp-image-173781\" src=\"https:\/\/digital58.com.ve\/site\/wp-content\/uploads\/2023\/12\/Centro-Clinico-Ambulatorio-Manuel-4.jpg\" alt=\"\" width=\"800\" height=\"533\" srcset=\"https:\/\/digital58.com.ve\/site\/wp-content\/uploads\/2023\/12\/Centro-Clinico-Ambulatorio-Manuel-4.jpg 800w, https:\/\/digital58.com.ve\/site\/wp-content\/uploads\/2023\/12\/Centro-Clinico-Ambulatorio-Manuel-4-300x200.jpg 300w, https:\/\/digital58.com.ve\/site\/wp-content\/uploads\/2023\/12\/Centro-Clinico-Ambulatorio-Manuel-4-768x512.jpg 768w\" sizes=\"auto, (max-width: 800px) 100vw, 800px\" \/><\/a><\/p>\n<p>El primer mandatario regional tambi\u00e9n anunci\u00f3 que en los pr\u00f3ximos d\u00edas se desplegar\u00e1 el \u00abPrograma Mercados Populares\u00bb en el municipio Sim\u00f3n Bolivar de la COL.<\/p>\n<p><strong>T\u00eda Juana, Zulia, Venezuela, 17 de diciembre de 2023 (ND58).-<\/strong> Desde la ciudad de T\u00eda Juana, capital del municipio \u00abSim\u00f3n Bol\u00edvar\u00bb, el Gobernador del estado Zulia, Manuel Rosales, acompa\u00f1ado por los alcaldes de \u00abSim\u00f3n Bol\u00edvar\u00bb, Cabimas y Lagunillas inaugur\u00f3 los trabajos de construcci\u00f3n, adecuaci\u00f3n y modernizaci\u00f3n de las Emergencias de adulto y pedi\u00e1trica del Centro Cl\u00ednico Ambulatorio, al igual que los trabajos de vialidad del Corredor Vial la E de la poblaci\u00f3n de la Costa Oriental del Lago.<\/p>\n<p><a href=\"https:\/\/digital58.com.ve\/site\/wp-content\/uploads\/2023\/12\/Centro-Clinico-Ambulatorio-Manuel-2.jpg\"><img loading=\"lazy\" decoding=\"async\" class=\"aligncenter size-full wp-image-173783\" src=\"https:\/\/digital58.com.ve\/site\/wp-content\/uploads\/2023\/12\/Centro-Clinico-Ambulatorio-Manuel-2.jpg\" alt=\"\" width=\"800\" height=\"582\" srcset=\"https:\/\/digital58.com.ve\/site\/wp-content\/uploads\/2023\/12\/Centro-Clinico-Ambulatorio-Manuel-2.jpg 800w, https:\/\/digital58.com.ve\/site\/wp-content\/uploads\/2023\/12\/Centro-Clinico-Ambulatorio-Manuel-2-300x218.jpg 300w, https:\/\/digital58.com.ve\/site\/wp-content\/uploads\/2023\/12\/Centro-Clinico-Ambulatorio-Manuel-2-768x559.jpg 768w\" sizes=\"auto, (max-width: 800px) 100vw, 800px\" \/><\/a><\/p>\n<p>Rosales afirm\u00f3 que el Centro Cl\u00ednico Ambulatorio no se le puede seguir viendo como antes, con una pipeta, o una paleta, un peso y un m\u00e9dico que no tiene nada qu\u00e9 hacer. \u00abEsto tiene que cambiar, dimensionarlo; con una estructura de Centro Cl\u00ednico de verdad. Junto con el equipo de Salud hemos hecho un gran esfuerzo\u00bb.<\/p>\n<p>Acot\u00f3 que el laboratorio y los servicios del Hospital deben funcionar. \u00abAqu\u00ed tiene que instalarse Microven, para que se realicen ex\u00e1menes y pruebas gratis para la gente, c\u00f3mo se est\u00e1 haciendo en otras partes. Tambi\u00e9n vamos a tener un quir\u00f3fano, donde se realizar\u00e1n intervenciones menores, como cataratas. Tenemos miles de personas esperando por una cirug\u00eda y para eso tenemos a Signo Vital. Aqu\u00ed hay una sola tarea, un solo gobierno: Gobernaci\u00f3n y Alcald\u00eda, para darle el cambio y la atenci\u00f3n que necesita la gente\u00bb.<\/p>\n<p><a href=\"https:\/\/digital58.com.ve\/site\/wp-content\/uploads\/2023\/12\/Centro-Clinico-Ambulatorio-Manuel-1.jpg\"><img loading=\"lazy\" decoding=\"async\" class=\"aligncenter size-full wp-image-173784\" src=\"https:\/\/digital58.com.ve\/site\/wp-content\/uploads\/2023\/12\/Centro-Clinico-Ambulatorio-Manuel-1.jpg\" alt=\"\" width=\"800\" height=\"533\" srcset=\"https:\/\/digital58.com.ve\/site\/wp-content\/uploads\/2023\/12\/Centro-Clinico-Ambulatorio-Manuel-1.jpg 800w, https:\/\/digital58.com.ve\/site\/wp-content\/uploads\/2023\/12\/Centro-Clinico-Ambulatorio-Manuel-1-300x200.jpg 300w, https:\/\/digital58.com.ve\/site\/wp-content\/uploads\/2023\/12\/Centro-Clinico-Ambulatorio-Manuel-1-768x512.jpg 768w\" sizes=\"auto, (max-width: 800px) 100vw, 800px\" \/><\/a><\/p>\n<p>Rosales dijo que pregunt\u00f3 por la Escuela \u00abEzequiel Zamora\u00bb. \u00abAll\u00ed se hizo un contrato con una empresa, no cumpli\u00f3 y se fue. Inform\u00e9 al alcalde de \u00abSim\u00f3n Bol\u00edvar\u00bb que vamos a retomar esos trabajos. Nosotros colocamos los materiales, la inversi\u00f3n y \u00e9l con su cuadrilla procedemos a acometer los trabajos de la cocina, salas sanitarias, colocaci\u00f3n de ventiladores y de las \u00e1reas m\u00e1s importantes, porque en enero arranca el Programa de Alimentaci\u00f3n Escolar en todos los colegios del pa\u00eds\u00bb.<\/p>\n<p>Denunci\u00f3 que se han presentado problemas con otras empresas que no cumplen con los contratos. \u00abTodo es una problem\u00e1tica burocr\u00e1tica y nos hacen quedar mal\u00bb.<\/p>\n<p>Anunci\u00f3 que el 22 de diciembre se desplegar\u00e1 el Programa Mercados Populares en \u00abSim\u00f3n Bol\u00edvar\u00bb, productos de la cesta b\u00e1sica, para la elaboraci\u00f3n de las hallacas y perniles con subsidio de 40 %. Y 50 %. \u00abEs el esfuerzo que hacemos en todo el Zulia.<\/p>\n<p><a href=\"https:\/\/digital58.com.ve\/site\/wp-content\/uploads\/2023\/12\/Centro-Clinico-Ambulatorio-Manuel-3.jpg\"><img loading=\"lazy\" decoding=\"async\" class=\"aligncenter size-full wp-image-173782\" src=\"https:\/\/digital58.com.ve\/site\/wp-content\/uploads\/2023\/12\/Centro-Clinico-Ambulatorio-Manuel-3.jpg\" alt=\"\" width=\"800\" height=\"510\" srcset=\"https:\/\/digital58.com.ve\/site\/wp-content\/uploads\/2023\/12\/Centro-Clinico-Ambulatorio-Manuel-3.jpg 800w, https:\/\/digital58.com.ve\/site\/wp-content\/uploads\/2023\/12\/Centro-Clinico-Ambulatorio-Manuel-3-300x191.jpg 300w, https:\/\/digital58.com.ve\/site\/wp-content\/uploads\/2023\/12\/Centro-Clinico-Ambulatorio-Manuel-3-768x490.jpg 768w\" sizes=\"auto, (max-width: 800px) 100vw, 800px\" \/><\/a><\/p>\n<p>Aqu\u00ed tambi\u00e9n tiene que llegar el programa relacionado con el suministro de agua en los lugares donde sea necesario, el cual ya se desarrolla en Maracaibo. Esto va con estructuras, tanques, mangueras, sistemas de bombeo, conexiones y todo el proceso necesario para que la gente tenga agua\u00bb.<\/p>\n<p>M\u00e1s adelante, Rosales inaugur\u00f3 los trabajos de vialidad del Corredor Vial la E del municipio \u00abSim\u00f3n Bol\u00edvar\u00bb, as\u00ed como el inicio del Parrand\u00f3n, donde dedic\u00f3 unas breves palabras a los residentes de esta localidad zuliana. \u00abYa no estamos para discursos, sino en los d\u00edas de la alegr\u00eda de la festividad navide\u00f1a, familiar, del reencuentro; esperando el nacimiento del Ni\u00f1o Dios y el Nuevo A\u00f1o. Felicit\u00f3 al Alcalde de ese municipio por su excelente trabajo\u00bb.<\/p>\n<p>Para finalizar, el Gobernador resalt\u00f3 durante sus palabras el tema de la plaza del municipio \u00abSimon Bolivar\u00bb la cual es el \u00fanico centro de recreaci\u00f3n familiar \u00abVamos a hacer un proyecto. Esta plaza tiene que ser una plaza de reencuentro, con actividades recreativas, deportivas, culturales. Aqu\u00ed deben existir conjuntos de gaitas, grupo de danza, coral.<\/p>\n<p>Tenemos que estabilizar el gimnasio a cielo abierto en la plaza de este municipio tan importante. Encontramos al Zulia en cuatro bloques, pero trabajando de d\u00eda, de noche, de madrugada, el Zulia volver\u00e1 a ser la potencia econ\u00f3mica, de prosperidad, de desarrollo de Venezuela\u00bb.<\/p>\n<p><strong>Redacci\u00f3n ND58 | Fuente: Leonel Reyes \/ GDZ<\/strong><br \/>\n<strong>Edici\u00f3n: Villasmil, Henry<\/strong><br \/>\n<strong>Gr\u00e1fica: Cortes\u00eda GDZ<\/strong><\/p>\n<p>&nbsp;<\/p><div class=\"fultn69f749626df89\" ><p style=\"text-align: center;\"><a href=\"https:\/\/t.me\/noticiasdigital58\" target=\"_blank\" rel=\"noopener\"><img class=\"aligncenter size-full wp-image-125363\" src=\"https:\/\/digital58.com.ve\/site\/wp-content\/uploads\/2021\/04\/banner-telegram-web-2021.png\" alt=\"\" width=\"600\" height=\"90\" \/><\/a><\/p><\/div><style type=\"text\/css\">\r\n@media screen and (min-width: 1201px) {\r\n.fultn69f749626df89 {\r\ndisplay: block;\r\n}\r\n}\r\n@media screen and (min-width: 993px) and (max-width: 1200px) {\r\n.fultn69f749626df89 {\r\ndisplay: block;\r\n}\r\n}\r\n@media screen and (min-width: 769px) and (max-width: 992px) {\r\n.fultn69f749626df89 {\r\ndisplay: block;\r\n}\r\n}\r\n@media screen and (min-width: 768px) and (max-width: 768px) {\r\n.fultn69f749626df89 {\r\ndisplay: block;\r\n}\r\n}\r\n@media screen and (max-width: 767px) {\r\n.fultn69f749626df89 {\r\ndisplay: block;\r\n}\r\n}\r\n<\/style>\r\n\n<p>&nbsp;<\/p>\n<div style=\"margin-top: 0px; margin-bottom: 0px;\" class=\"sharethis-inline-share-buttons\" ><\/div>","protected":false},"excerpt":{"rendered":"<p>El primer mandatario regional tambi\u00e9n anunci\u00f3 que en los pr\u00f3ximos d\u00edas se desplegar\u00e1 el \u00abPrograma Mercados Populares\u00bb en el municipio<\/p>\n","protected":false},"author":1,"featured_media":173784,"comment_status":"open","ping_status":"closed","sticky":false,"template":"","format":"standard","meta":{"colormag_page_container_layout":"default_layout","colormag_page_sidebar_layout":"default_layout","_uag_custom_page_level_css":"","footnotes":""},"categories":[14504],"tags":[32996,32995,13841,26086,14078,233,2354,269,14381,32],"class_list":["post-173780","post","type-post","status-publish","format-standard","has-post-thumbnail","hentry","category-zulia","tag-centro-clinico-ambulatorio","tag-corredor-vial-la-e","tag-costa-oriental-del-lago-de-maracaibo","tag-manuel-rosales-guerrero","tag-municipio-simon-bolivar","tag-nacionales","tag-regionales","tag-salud","tag-tia-juana","tag-venezuela"],"yoast_head":"<!-- This site is optimized with the Yoast SEO plugin v27.5 - https:\/\/yoast.com\/product\/yoast-seo-wordpress\/ -->\n<title>#Zulia | Rosales inaugura con el Alcalde de Sim\u00f3n Bolivar Centro Cl\u00ednico Ambulatorio y Vialidad en T\u00eda Juana<\/title>\n<meta name=\"robots\" content=\"index, follow, max-snippet:-1, max-image-preview:large, max-video-preview:-1\" \/>\n<link rel=\"canonical\" href=\"https:\/\/digital58.com.ve\/site\/2023\/12\/17\/zulia-rosales-inaugura-con-el-alcalde-de-simon-bolivar-centro-clinico-ambulatorio-y-vialidad-en-tia-juana\/\" \/>\n<meta property=\"og:locale\" content=\"es_ES\" \/>\n<meta property=\"og:type\" content=\"article\" \/>\n<meta property=\"og:title\" content=\"#Zulia | Rosales inaugura con el Alcalde de Sim\u00f3n Bolivar Centro Cl\u00ednico Ambulatorio y Vialidad en T\u00eda Juana\" \/>\n<meta property=\"og:url\" content=\"https:\/\/digital58.com.ve\/site\/2023\/12\/17\/zulia-rosales-inaugura-con-el-alcalde-de-simon-bolivar-centro-clinico-ambulatorio-y-vialidad-en-tia-juana\/\" \/>\n<meta property=\"og:site_name\" content=\"Noticias Digital58\" \/>\n<meta property=\"article:published_time\" content=\"2023-12-17T21:22:25+00:00\" \/>\n<meta property=\"og:image\" content=\"https:\/\/i0.wp.com\/digital58.com.ve\/site\/wp-content\/uploads\/2023\/12\/Centro-Clinico-Ambulatorio-Manuel-1.jpg?fit=800%2C533&ssl=1\" \/>\n\t<meta property=\"og:image:width\" content=\"800\" \/>\n\t<meta property=\"og:image:height\" content=\"533\" \/>\n\t<meta property=\"og:image:type\" content=\"image\/jpeg\" \/>\n<meta name=\"author\" content=\"Villasmil Henry\" \/>\n<meta name=\"twitter:card\" content=\"summary_large_image\" \/>\n<meta name=\"twitter:creator\" content=\"@https:\/\/twitter.com\/villasmilhfoto\" \/>\n<meta name=\"twitter:site\" content=\"@villasmilhfoto\" \/>\n<meta name=\"twitter:label1\" content=\"Escrito por\" \/>\n\t<meta name=\"twitter:data1\" content=\"Villasmil Henry\" \/>\n\t<meta name=\"twitter:label2\" content=\"Tiempo estimado de lectura\" \/>\n\t<meta name=\"twitter:data2\" content=\"3 minutos\" \/>\n<script type=\"application\/ld+json\" class=\"yoast-schema-graph\">{\"@context\":\"https:\\\/\\\/schema.org\",\"@graph\":[{\"@type\":\"Article\",\"@id\":\"https:\\\/\\\/digital58.com.ve\\\/site\\\/2023\\\/12\\\/17\\\/zulia-rosales-inaugura-con-el-alcalde-de-simon-bolivar-centro-clinico-ambulatorio-y-vialidad-en-tia-juana\\\/#article\",\"isPartOf\":{\"@id\":\"https:\\\/\\\/digital58.com.ve\\\/site\\\/2023\\\/12\\\/17\\\/zulia-rosales-inaugura-con-el-alcalde-de-simon-bolivar-centro-clinico-ambulatorio-y-vialidad-en-tia-juana\\\/\"},\"author\":{\"name\":\"Villasmil Henry\",\"@id\":\"https:\\\/\\\/digital58.com.ve\\\/site\\\/#\\\/schema\\\/person\\\/64d1c2e4d0d4fd1b849980c4331c2951\"},\"headline\":\"#Zulia | Rosales inaugura con el Alcalde de Sim\u00f3n Bolivar Centro Cl\u00ednico Ambulatorio y Vialidad en T\u00eda Juana\",\"datePublished\":\"2023-12-17T21:22:25+00:00\",\"mainEntityOfPage\":{\"@id\":\"https:\\\/\\\/digital58.com.ve\\\/site\\\/2023\\\/12\\\/17\\\/zulia-rosales-inaugura-con-el-alcalde-de-simon-bolivar-centro-clinico-ambulatorio-y-vialidad-en-tia-juana\\\/\"},\"wordCount\":699,\"commentCount\":0,\"publisher\":{\"@id\":\"https:\\\/\\\/digital58.com.ve\\\/site\\\/#\\\/schema\\\/person\\\/64d1c2e4d0d4fd1b849980c4331c2951\"},\"image\":{\"@id\":\"https:\\\/\\\/digital58.com.ve\\\/site\\\/2023\\\/12\\\/17\\\/zulia-rosales-inaugura-con-el-alcalde-de-simon-bolivar-centro-clinico-ambulatorio-y-vialidad-en-tia-juana\\\/#primaryimage\"},\"thumbnailUrl\":\"https:\\\/\\\/digital58.com.ve\\\/site\\\/wp-content\\\/uploads\\\/2023\\\/12\\\/Centro-Clinico-Ambulatorio-Manuel-1.jpg\",\"keywords\":[\"Centro Cl\u00ednico Ambulatorio\",\"Corredor Vial la E\",\"Costa Oriental del Lago de Maracaibo\",\"Manuel Rosales Guerrero\",\"Municipio Sim\u00f3n Bol\u00edvar\",\"Nacionales\",\"Regionales\",\"Salud\",\"T\u00eda Juana\",\"Venezuela\"],\"articleSection\":[\"Zulia\"],\"inLanguage\":\"es\",\"potentialAction\":[{\"@type\":\"CommentAction\",\"name\":\"Comment\",\"target\":[\"https:\\\/\\\/digital58.com.ve\\\/site\\\/2023\\\/12\\\/17\\\/zulia-rosales-inaugura-con-el-alcalde-de-simon-bolivar-centro-clinico-ambulatorio-y-vialidad-en-tia-juana\\\/#respond\"]}]},{\"@type\":\"WebPage\",\"@id\":\"https:\\\/\\\/digital58.com.ve\\\/site\\\/2023\\\/12\\\/17\\\/zulia-rosales-inaugura-con-el-alcalde-de-simon-bolivar-centro-clinico-ambulatorio-y-vialidad-en-tia-juana\\\/\",\"url\":\"https:\\\/\\\/digital58.com.ve\\\/site\\\/2023\\\/12\\\/17\\\/zulia-rosales-inaugura-con-el-alcalde-de-simon-bolivar-centro-clinico-ambulatorio-y-vialidad-en-tia-juana\\\/\",\"name\":\"#Zulia | Rosales inaugura con el Alcalde de Sim\u00f3n Bolivar Centro Cl\u00ednico Ambulatorio y Vialidad en T\u00eda Juana\",\"isPartOf\":{\"@id\":\"https:\\\/\\\/digital58.com.ve\\\/site\\\/#website\"},\"primaryImageOfPage\":{\"@id\":\"https:\\\/\\\/digital58.com.ve\\\/site\\\/2023\\\/12\\\/17\\\/zulia-rosales-inaugura-con-el-alcalde-de-simon-bolivar-centro-clinico-ambulatorio-y-vialidad-en-tia-juana\\\/#primaryimage\"},\"image\":{\"@id\":\"https:\\\/\\\/digital58.com.ve\\\/site\\\/2023\\\/12\\\/17\\\/zulia-rosales-inaugura-con-el-alcalde-de-simon-bolivar-centro-clinico-ambulatorio-y-vialidad-en-tia-juana\\\/#primaryimage\"},\"thumbnailUrl\":\"https:\\\/\\\/digital58.com.ve\\\/site\\\/wp-content\\\/uploads\\\/2023\\\/12\\\/Centro-Clinico-Ambulatorio-Manuel-1.jpg\",\"datePublished\":\"2023-12-17T21:22:25+00:00\",\"breadcrumb\":{\"@id\":\"https:\\\/\\\/digital58.com.ve\\\/site\\\/2023\\\/12\\\/17\\\/zulia-rosales-inaugura-con-el-alcalde-de-simon-bolivar-centro-clinico-ambulatorio-y-vialidad-en-tia-juana\\\/#breadcrumb\"},\"inLanguage\":\"es\",\"potentialAction\":[{\"@type\":\"ReadAction\",\"target\":[\"https:\\\/\\\/digital58.com.ve\\\/site\\\/2023\\\/12\\\/17\\\/zulia-rosales-inaugura-con-el-alcalde-de-simon-bolivar-centro-clinico-ambulatorio-y-vialidad-en-tia-juana\\\/\"]}]},{\"@type\":\"ImageObject\",\"inLanguage\":\"es\",\"@id\":\"https:\\\/\\\/digital58.com.ve\\\/site\\\/2023\\\/12\\\/17\\\/zulia-rosales-inaugura-con-el-alcalde-de-simon-bolivar-centro-clinico-ambulatorio-y-vialidad-en-tia-juana\\\/#primaryimage\",\"url\":\"https:\\\/\\\/digital58.com.ve\\\/site\\\/wp-content\\\/uploads\\\/2023\\\/12\\\/Centro-Clinico-Ambulatorio-Manuel-1.jpg\",\"contentUrl\":\"https:\\\/\\\/digital58.com.ve\\\/site\\\/wp-content\\\/uploads\\\/2023\\\/12\\\/Centro-Clinico-Ambulatorio-Manuel-1.jpg\",\"width\":800,\"height\":533},{\"@type\":\"BreadcrumbList\",\"@id\":\"https:\\\/\\\/digital58.com.ve\\\/site\\\/2023\\\/12\\\/17\\\/zulia-rosales-inaugura-con-el-alcalde-de-simon-bolivar-centro-clinico-ambulatorio-y-vialidad-en-tia-juana\\\/#breadcrumb\",\"itemListElement\":[{\"@type\":\"ListItem\",\"position\":1,\"name\":\"Home\",\"item\":\"https:\\\/\\\/digital58.com.ve\\\/site\\\/\"},{\"@type\":\"ListItem\",\"position\":2,\"name\":\"#Zulia | Rosales inaugura con el Alcalde de Sim\u00f3n Bolivar Centro Cl\u00ednico Ambulatorio y Vialidad en T\u00eda Juana\"}]},{\"@type\":\"WebSite\",\"@id\":\"https:\\\/\\\/digital58.com.ve\\\/site\\\/#website\",\"url\":\"https:\\\/\\\/digital58.com.ve\\\/site\\\/\",\"name\":\"Noticias Digital58\",\"description\":\"Portal de Noticias \u00a1Periodismo web de verdad! Lanzamiento web 22.11.2005 \\\/ Maracaibo, Venezuela\",\"publisher\":{\"@id\":\"https:\\\/\\\/digital58.com.ve\\\/site\\\/#\\\/schema\\\/person\\\/64d1c2e4d0d4fd1b849980c4331c2951\"},\"alternateName\":\"ND58\",\"potentialAction\":[{\"@type\":\"SearchAction\",\"target\":{\"@type\":\"EntryPoint\",\"urlTemplate\":\"https:\\\/\\\/digital58.com.ve\\\/site\\\/?s={search_term_string}\"},\"query-input\":{\"@type\":\"PropertyValueSpecification\",\"valueRequired\":true,\"valueName\":\"search_term_string\"}}],\"inLanguage\":\"es\"},{\"@type\":[\"Person\",\"Organization\"],\"@id\":\"https:\\\/\\\/digital58.com.ve\\\/site\\\/#\\\/schema\\\/person\\\/64d1c2e4d0d4fd1b849980c4331c2951\",\"name\":\"Villasmil Henry\",\"image\":{\"@type\":\"ImageObject\",\"inLanguage\":\"es\",\"@id\":\"https:\\\/\\\/secure.gravatar.com\\\/avatar\\\/bb0c4a2fcb7970138239f7e404ea75757b1b507b28b5ce4c53fbd62d797c5a7c?s=96&d=mm&r=g\",\"url\":\"https:\\\/\\\/secure.gravatar.com\\\/avatar\\\/bb0c4a2fcb7970138239f7e404ea75757b1b507b28b5ce4c53fbd62d797c5a7c?s=96&d=mm&r=g\",\"contentUrl\":\"https:\\\/\\\/secure.gravatar.com\\\/avatar\\\/bb0c4a2fcb7970138239f7e404ea75757b1b507b28b5ce4c53fbd62d797c5a7c?s=96&d=mm&r=g\",\"caption\":\"Villasmil Henry\"},\"logo\":{\"@id\":\"https:\\\/\\\/secure.gravatar.com\\\/avatar\\\/bb0c4a2fcb7970138239f7e404ea75757b1b507b28b5ce4c53fbd62d797c5a7c?s=96&d=mm&r=g\"},\"sameAs\":[\"http:\\\/\\\/www.henryvillasmil.com.ve\",\"https:\\\/\\\/www.instagram.com\\\/villasmilhfoto\\\/\",\"https:\\\/\\\/x.com\\\/https:\\\/\\\/twitter.com\\\/villasmilhfoto\"],\"url\":\"https:\\\/\\\/digital58.com.ve\\\/site\\\/author\\\/droopy_68\\\/\"}]}<\/script>\n<!-- \/ Yoast SEO plugin. -->","yoast_head_json":{"title":"#Zulia | Rosales inaugura con el Alcalde de Sim\u00f3n Bolivar Centro Cl\u00ednico Ambulatorio y Vialidad en T\u00eda Juana","robots":{"index":"index","follow":"follow","max-snippet":"max-snippet:-1","max-image-preview":"max-image-preview:large","max-video-preview":"max-video-preview:-1"},"canonical":"https:\/\/digital58.com.ve\/site\/2023\/12\/17\/zulia-rosales-inaugura-con-el-alcalde-de-simon-bolivar-centro-clinico-ambulatorio-y-vialidad-en-tia-juana\/","og_locale":"es_ES","og_type":"article","og_title":"#Zulia | Rosales inaugura con el Alcalde de Sim\u00f3n Bolivar Centro Cl\u00ednico Ambulatorio y Vialidad en T\u00eda Juana","og_url":"https:\/\/digital58.com.ve\/site\/2023\/12\/17\/zulia-rosales-inaugura-con-el-alcalde-de-simon-bolivar-centro-clinico-ambulatorio-y-vialidad-en-tia-juana\/","og_site_name":"Noticias Digital58","article_published_time":"2023-12-17T21:22:25+00:00","og_image":[{"width":800,"height":533,"url":"https:\/\/i0.wp.com\/digital58.com.ve\/site\/wp-content\/uploads\/2023\/12\/Centro-Clinico-Ambulatorio-Manuel-1.jpg?fit=800%2C533&ssl=1","type":"image\/jpeg"}],"author":"Villasmil Henry","twitter_card":"summary_large_image","twitter_creator":"@https:\/\/twitter.com\/villasmilhfoto","twitter_site":"@villasmilhfoto","twitter_misc":{"Escrito por":"Villasmil Henry","Tiempo estimado de lectura":"3 minutos"},"schema":{"@context":"https:\/\/schema.org","@graph":[{"@type":"Article","@id":"https:\/\/digital58.com.ve\/site\/2023\/12\/17\/zulia-rosales-inaugura-con-el-alcalde-de-simon-bolivar-centro-clinico-ambulatorio-y-vialidad-en-tia-juana\/#article","isPartOf":{"@id":"https:\/\/digital58.com.ve\/site\/2023\/12\/17\/zulia-rosales-inaugura-con-el-alcalde-de-simon-bolivar-centro-clinico-ambulatorio-y-vialidad-en-tia-juana\/"},"author":{"name":"Villasmil Henry","@id":"https:\/\/digital58.com.ve\/site\/#\/schema\/person\/64d1c2e4d0d4fd1b849980c4331c2951"},"headline":"#Zulia | Rosales inaugura con el Alcalde de Sim\u00f3n Bolivar Centro Cl\u00ednico Ambulatorio y Vialidad en T\u00eda Juana","datePublished":"2023-12-17T21:22:25+00:00","mainEntityOfPage":{"@id":"https:\/\/digital58.com.ve\/site\/2023\/12\/17\/zulia-rosales-inaugura-con-el-alcalde-de-simon-bolivar-centro-clinico-ambulatorio-y-vialidad-en-tia-juana\/"},"wordCount":699,"commentCount":0,"publisher":{"@id":"https:\/\/digital58.com.ve\/site\/#\/schema\/person\/64d1c2e4d0d4fd1b849980c4331c2951"},"image":{"@id":"https:\/\/digital58.com.ve\/site\/2023\/12\/17\/zulia-rosales-inaugura-con-el-alcalde-de-simon-bolivar-centro-clinico-ambulatorio-y-vialidad-en-tia-juana\/#primaryimage"},"thumbnailUrl":"https:\/\/digital58.com.ve\/site\/wp-content\/uploads\/2023\/12\/Centro-Clinico-Ambulatorio-Manuel-1.jpg","keywords":["Centro Cl\u00ednico Ambulatorio","Corredor Vial la E","Costa Oriental del Lago de Maracaibo","Manuel Rosales Guerrero","Municipio Sim\u00f3n Bol\u00edvar","Nacionales","Regionales","Salud","T\u00eda Juana","Venezuela"],"articleSection":["Zulia"],"inLanguage":"es","potentialAction":[{"@type":"CommentAction","name":"Comment","target":["https:\/\/digital58.com.ve\/site\/2023\/12\/17\/zulia-rosales-inaugura-con-el-alcalde-de-simon-bolivar-centro-clinico-ambulatorio-y-vialidad-en-tia-juana\/#respond"]}]},{"@type":"WebPage","@id":"https:\/\/digital58.com.ve\/site\/2023\/12\/17\/zulia-rosales-inaugura-con-el-alcalde-de-simon-bolivar-centro-clinico-ambulatorio-y-vialidad-en-tia-juana\/","url":"https:\/\/digital58.com.ve\/site\/2023\/12\/17\/zulia-rosales-inaugura-con-el-alcalde-de-simon-bolivar-centro-clinico-ambulatorio-y-vialidad-en-tia-juana\/","name":"#Zulia | Rosales inaugura con el Alcalde de Sim\u00f3n Bolivar Centro Cl\u00ednico Ambulatorio y Vialidad en T\u00eda Juana","isPartOf":{"@id":"https:\/\/digital58.com.ve\/site\/#website"},"primaryImageOfPage":{"@id":"https:\/\/digital58.com.ve\/site\/2023\/12\/17\/zulia-rosales-inaugura-con-el-alcalde-de-simon-bolivar-centro-clinico-ambulatorio-y-vialidad-en-tia-juana\/#primaryimage"},"image":{"@id":"https:\/\/digital58.com.ve\/site\/2023\/12\/17\/zulia-rosales-inaugura-con-el-alcalde-de-simon-bolivar-centro-clinico-ambulatorio-y-vialidad-en-tia-juana\/#primaryimage"},"thumbnailUrl":"https:\/\/digital58.com.ve\/site\/wp-content\/uploads\/2023\/12\/Centro-Clinico-Ambulatorio-Manuel-1.jpg","datePublished":"2023-12-17T21:22:25+00:00","breadcrumb":{"@id":"https:\/\/digital58.com.ve\/site\/2023\/12\/17\/zulia-rosales-inaugura-con-el-alcalde-de-simon-bolivar-centro-clinico-ambulatorio-y-vialidad-en-tia-juana\/#breadcrumb"},"inLanguage":"es","potentialAction":[{"@type":"ReadAction","target":["https:\/\/digital58.com.ve\/site\/2023\/12\/17\/zulia-rosales-inaugura-con-el-alcalde-de-simon-bolivar-centro-clinico-ambulatorio-y-vialidad-en-tia-juana\/"]}]},{"@type":"ImageObject","inLanguage":"es","@id":"https:\/\/digital58.com.ve\/site\/2023\/12\/17\/zulia-rosales-inaugura-con-el-alcalde-de-simon-bolivar-centro-clinico-ambulatorio-y-vialidad-en-tia-juana\/#primaryimage","url":"https:\/\/digital58.com.ve\/site\/wp-content\/uploads\/2023\/12\/Centro-Clinico-Ambulatorio-Manuel-1.jpg","contentUrl":"https:\/\/digital58.com.ve\/site\/wp-content\/uploads\/2023\/12\/Centro-Clinico-Ambulatorio-Manuel-1.jpg","width":800,"height":533},{"@type":"BreadcrumbList","@id":"https:\/\/digital58.com.ve\/site\/2023\/12\/17\/zulia-rosales-inaugura-con-el-alcalde-de-simon-bolivar-centro-clinico-ambulatorio-y-vialidad-en-tia-juana\/#breadcrumb","itemListElement":[{"@type":"ListItem","position":1,"name":"Home","item":"https:\/\/digital58.com.ve\/site\/"},{"@type":"ListItem","position":2,"name":"#Zulia | Rosales inaugura con el Alcalde de Sim\u00f3n Bolivar Centro Cl\u00ednico Ambulatorio y Vialidad en T\u00eda Juana"}]},{"@type":"WebSite","@id":"https:\/\/digital58.com.ve\/site\/#website","url":"https:\/\/digital58.com.ve\/site\/","name":"Noticias Digital58","description":"Portal de Noticias \u00a1Periodismo web de verdad! Lanzamiento web 22.11.2005 \/ Maracaibo, Venezuela","publisher":{"@id":"https:\/\/digital58.com.ve\/site\/#\/schema\/person\/64d1c2e4d0d4fd1b849980c4331c2951"},"alternateName":"ND58","potentialAction":[{"@type":"SearchAction","target":{"@type":"EntryPoint","urlTemplate":"https:\/\/digital58.com.ve\/site\/?s={search_term_string}"},"query-input":{"@type":"PropertyValueSpecification","valueRequired":true,"valueName":"search_term_string"}}],"inLanguage":"es"},{"@type":["Person","Organization"],"@id":"https:\/\/digital58.com.ve\/site\/#\/schema\/person\/64d1c2e4d0d4fd1b849980c4331c2951","name":"Villasmil Henry","image":{"@type":"ImageObject","inLanguage":"es","@id":"https:\/\/secure.gravatar.com\/avatar\/bb0c4a2fcb7970138239f7e404ea75757b1b507b28b5ce4c53fbd62d797c5a7c?s=96&d=mm&r=g","url":"https:\/\/secure.gravatar.com\/avatar\/bb0c4a2fcb7970138239f7e404ea75757b1b507b28b5ce4c53fbd62d797c5a7c?s=96&d=mm&r=g","contentUrl":"https:\/\/secure.gravatar.com\/avatar\/bb0c4a2fcb7970138239f7e404ea75757b1b507b28b5ce4c53fbd62d797c5a7c?s=96&d=mm&r=g","caption":"Villasmil Henry"},"logo":{"@id":"https:\/\/secure.gravatar.com\/avatar\/bb0c4a2fcb7970138239f7e404ea75757b1b507b28b5ce4c53fbd62d797c5a7c?s=96&d=mm&r=g"},"sameAs":["http:\/\/www.henryvillasmil.com.ve","https:\/\/www.instagram.com\/villasmilhfoto\/","https:\/\/x.com\/https:\/\/twitter.com\/villasmilhfoto"],"url":"https:\/\/digital58.com.ve\/site\/author\/droopy_68\/"}]}},"uagb_featured_image_src":{"full":["https:\/\/digital58.com.ve\/site\/wp-content\/uploads\/2023\/12\/Centro-Clinico-Ambulatorio-Manuel-1.jpg",800,533,false],"thumbnail":["https:\/\/digital58.com.ve\/site\/wp-content\/uploads\/2023\/12\/Centro-Clinico-Ambulatorio-Manuel-1-150x150.jpg",150,150,true],"medium":["https:\/\/digital58.com.ve\/site\/wp-content\/uploads\/2023\/12\/Centro-Clinico-Ambulatorio-Manuel-1-300x200.jpg",300,200,true],"medium_large":["https:\/\/digital58.com.ve\/site\/wp-content\/uploads\/2023\/12\/Centro-Clinico-Ambulatorio-Manuel-1-768x512.jpg",768,512,true],"large":["https:\/\/digital58.com.ve\/site\/wp-content\/uploads\/2023\/12\/Centro-Clinico-Ambulatorio-Manuel-1.jpg",800,533,false],"1536x1536":["https:\/\/digital58.com.ve\/site\/wp-content\/uploads\/2023\/12\/Centro-Clinico-Ambulatorio-Manuel-1.jpg",800,533,false],"2048x2048":["https:\/\/digital58.com.ve\/site\/wp-content\/uploads\/2023\/12\/Centro-Clinico-Ambulatorio-Manuel-1.jpg",800,533,false],"colormag-highlighted-post":["https:\/\/digital58.com.ve\/site\/wp-content\/uploads\/2023\/12\/Centro-Clinico-Ambulatorio-Manuel-1-392x272.jpg",392,272,true],"colormag-featured-post-medium":["https:\/\/digital58.com.ve\/site\/wp-content\/uploads\/2023\/12\/Centro-Clinico-Ambulatorio-Manuel-1-390x205.jpg",390,205,true],"colormag-featured-post-small":["https:\/\/digital58.com.ve\/site\/wp-content\/uploads\/2023\/12\/Centro-Clinico-Ambulatorio-Manuel-1-130x90.jpg",130,90,true],"colormag-featured-image":["https:\/\/digital58.com.ve\/site\/wp-content\/uploads\/2023\/12\/Centro-Clinico-Ambulatorio-Manuel-1-800x445.jpg",800,445,true],"colormag-default-news":["https:\/\/digital58.com.ve\/site\/wp-content\/uploads\/2023\/12\/Centro-Clinico-Ambulatorio-Manuel-1-150x150.jpg",150,150,true],"colormag-featured-image-large":["https:\/\/digital58.com.ve\/site\/wp-content\/uploads\/2023\/12\/Centro-Clinico-Ambulatorio-Manuel-1.jpg",800,533,false]},"uagb_author_info":{"display_name":"Villasmil Henry","author_link":"https:\/\/digital58.com.ve\/site\/author\/droopy_68\/"},"uagb_comment_info":0,"uagb_excerpt":"El primer mandatario regional tambi\u00e9n anunci\u00f3 que en los pr\u00f3ximos d\u00edas se desplegar\u00e1 el \u00abPrograma Mercados Populares\u00bb en el municipio","_links":{"self":[{"href":"https:\/\/digital58.com.ve\/site\/wp-json\/wp\/v2\/posts\/173780","targetHints":{"allow":["GET"]}}],"collection":[{"href":"https:\/\/digital58.com.ve\/site\/wp-json\/wp\/v2\/posts"}],"about":[{"href":"https:\/\/digital58.com.ve\/site\/wp-json\/wp\/v2\/types\/post"}],"author":[{"embeddable":true,"href":"https:\/\/digital58.com.ve\/site\/wp-json\/wp\/v2\/users\/1"}],"replies":[{"embeddable":true,"href":"https:\/\/digital58.com.ve\/site\/wp-json\/wp\/v2\/comments?post=173780"}],"version-history":[{"count":1,"href":"https:\/\/digital58.com.ve\/site\/wp-json\/wp\/v2\/posts\/173780\/revisions"}],"predecessor-version":[{"id":173785,"href":"https:\/\/digital58.com.ve\/site\/wp-json\/wp\/v2\/posts\/173780\/revisions\/173785"}],"wp:featuredmedia":[{"embeddable":true,"href":"https:\/\/digital58.com.ve\/site\/wp-json\/wp\/v2\/media\/173784"}],"wp:attachment":[{"href":"https:\/\/digital58.com.ve\/site\/wp-json\/wp\/v2\/media?parent=173780"}],"wp:term":[{"taxonomy":"category","embeddable":true,"href":"https:\/\/digital58.com.ve\/site\/wp-json\/wp\/v2\/categories?post=173780"},{"taxonomy":"post_tag","embeddable":true,"href":"https:\/\/digital58.com.ve\/site\/wp-json\/wp\/v2\/tags?post=173780"}],"curies":[{"name":"wp","href":"https:\/\/api.w.org\/{rel}","templated":true}]}}