{"id":173786,"date":"2023-12-17T17:33:35","date_gmt":"2023-12-17T21:33:35","guid":{"rendered":"https:\/\/digital58.com.ve\/site\/?p=173786"},"modified":"2023-12-17T17:33:35","modified_gmt":"2023-12-17T21:33:35","slug":"laliga-guillamon-castiga-al-barcelona-y-rescata-un-punto-para-el-valencia","status":"publish","type":"post","link":"https:\/\/digital58.com.ve\/site\/2023\/12\/17\/laliga-guillamon-castiga-al-barcelona-y-rescata-un-punto-para-el-valencia\/","title":{"rendered":"#LaLiga | Guillam\u00f3n castiga al Barcelona y rescata un punto para el Valencia"},"content":{"rendered":"<p><a href=\"https:\/\/digital58.com.ve\/site\/wp-content\/uploads\/2023\/12\/valencia-barcelona.jpg\"><img loading=\"lazy\" decoding=\"async\" class=\"aligncenter wp-image-173787 size-full\" src=\"https:\/\/digital58.com.ve\/site\/wp-content\/uploads\/2023\/12\/valencia-barcelona.jpg\" alt=\"\" width=\"800\" height=\"532\" srcset=\"https:\/\/digital58.com.ve\/site\/wp-content\/uploads\/2023\/12\/valencia-barcelona.jpg 800w, https:\/\/digital58.com.ve\/site\/wp-content\/uploads\/2023\/12\/valencia-barcelona-300x200.jpg 300w, https:\/\/digital58.com.ve\/site\/wp-content\/uploads\/2023\/12\/valencia-barcelona-768x511.jpg 768w\" sizes=\"auto, (max-width: 800px) 100vw, 800px\" \/><\/a><\/p>\n<p>Antes del inicio del partido, el exjugador del Valencia, David Silva, protagonizar\u00e1 el saque de honor como parte del homenaje que se le ha rendido en el d\u00eda.<\/p>\n<p><strong>Valencia, Espa\u00f1a, 16 de diciembre de 2023 (ND58).-<\/strong> Hugo Guillam\u00f3n castig\u00f3 la pasividad defensiva del Barcelona con un chut que entr\u00f3 por toda la escuadra (min. 70) para igualar el tanto inicial de Joao F\u00e9lix (min. 55) y rescatar un punto para el Valencia este s\u00e1bado en el pen\u00faltimo partido del a\u00f1o.<\/p>\n<p>El duelo en Mestalla estaba seriamente marcado por la necesidad. El Valencia, que sent\u00eda cada vez m\u00e1s la presi\u00f3n clasificatoria con cuatro derrotas consecutivas, salt\u00f3 al c\u00e9sped con los inesperados Jes\u00fas V\u00e1zquez, Hugo Guillam\u00f3n y Yaremchuk mientras que el Barcelona, que sali\u00f3 con Balde como principal novedad, llegaba herido y con muchas dudas en el entorno.<\/p>\n<p>Y el Valencia convirti\u00f3 en dos minutos las urgencias en ganas. Despu\u00e9s de la victoria del Celta que reduc\u00eda en seis puntos la distancia con el descenso, el Valencia, que suele crecerse en escenarios como este, avis\u00f3 al Barcelona. Un r\u00e1pido saque de banda que Diego L\u00f3pez centr\u00f3 al \u00e1rea sorprendi\u00f3 a la zaga cul\u00e9, que vio como Yaremchuk, a la media vuelta, remataba. Pero el chut del ucraniano fue despejado por un seguro I\u00f1aki Pe\u00f1a.<\/p>\n<p>Lejos del guion esperado, el Valencia arrincon\u00f3 en los quince primeros minutos al equipo de Xavi. Con ideas claras y precisi\u00f3n, los locales llegaban con facilidad al \u00e1rea azulgrana, este s\u00e1bado ataviado de color amarillo, pero las intentonas de Hugo Duro y Yaremchuk se quedaban en intenciones m\u00e1s que en ocasiones claras.<\/p>\n<p>Poco a poco, el Barcelona, con un Rapinha que llevaba el peso del juego cul\u00e9 desde la banda derecha, encontr\u00f3 la manera de increpar a un rival aplicado y sacrificado en defensa. La ocasi\u00f3n m\u00e1s clara del partido fue de Lewandowski con un chut a bocajarro que despej\u00f3 Mamardashvili (min. 29).<\/p>\n<p>El Valencia, algo cansado, baj\u00f3 inevitablemente el ritmo. Aunque el Barcelona se apoder\u00f3 del bal\u00f3n, los locales no sufr\u00edan. Pelotazos, imprecisi\u00f3n y ninguna superioridad. Todo lo que no le gusta a Xavi reflejaba su equipo. Mientras, el Valencia sal\u00eda bien cuando recuperaba en la presi\u00f3n, pero le faltaba acierto en los \u00faltimos metros. Tampoco estuvo acertado Joao F\u00e9lix para marcar el primero en los \u00faltimos compases del primer tiempo.<\/p>\n<p>Tras el descanso, el Barcelona comenz\u00f3 a ser m\u00e1s reconocible, a generar superioridades. Gundogan perdon\u00f3 al Valencia con un chut que se march\u00f3 rozando la madera y solo dos minutos despu\u00e9s De Jong se invent\u00f3 un pase brillante para Rapinha, que se la cedi\u00f3 de primeras a Joao F\u00e9lix para que el portugu\u00e9s castigara a placer a los blanquinegros (min. 55).<\/p>\n<p>El partido parec\u00eda otro. El Barcelona controlaba ante un Valencia incapaz de merodear el \u00e1rea cul\u00e9 hasta el minuto 70. Los visitantes se relajaron, comenzaron a conducir sin sentido y el equipo de Baraja detect\u00f3 su oportunidad. Tras un bal\u00f3n alto y en un descontrol en el \u00e1rea, Guillam\u00f3n penaliz\u00f3 la nula contundencia defensiva de su rival con un golazo.<\/p>\n<p>En la siguiente jugada, Ferran se qued\u00f3 cerca de volver a avanzar al Barcelona, pero el equipo catal\u00e1n se estamp\u00f3 con un inmenso Mamardashvili y con una acertada defensa que impidi\u00f3 la remontada del equipo de Xavi, que sigue sin encontrar resultados y cada vez m\u00e1s descolgado de LaLiga.<\/p>\n<p><strong>Ficha t\u00e9cnica:<\/strong><\/p>\n<p><strong>1 \u2013 Valencia:<\/strong> Mamardashvili; Thierry, Mosquera, Diakhaby, Jes\u00fas V\u00e1zquez (Yarek, min. 81); Diego L\u00f3pez (Foulquier, min. 81), Hugo Guillam\u00f3n, Pepelu, Fran P\u00e9rez (Amallah, min. 72); Yaremchuk (Can\u00f3s, min. 62) y Hugo Duro (Mar\u00ed, min. 81)<\/p>\n<p><strong>1 \u2013 Barcelona:<\/strong> I\u00f1aki Pe\u00f1a; Cancelo, Araujo, Kound\u00e9, Balde; Pedri, Gundogan (Lamine Yamal, min. 81), Frenkie de Jong; Raphinha, Lewandowski y Joao F\u00e9lix (Ferran, min. 72)<\/p>\n<p><strong>Goles:<\/strong> 0-1, min. 55: Joao F\u00e9lix. 1-1, min. 70: Guillam\u00f3n<\/p>\n<p><strong>\u00c1rbitro:<\/strong> Ortiz Arias (Comit\u00e9 madrile\u00f1o). Amonest\u00f3 a Fran P\u00e9rez por parte de los locales y a De Jong y Cancelo por parte de los visitantes<\/p>\n<p><strong>Incidencias:<\/strong> Partido correspondiente a la decimos\u00e9ptima jornada disputado en el Estadio de Mestalla ante 46.492 espectadores.<\/p><div class=\"lndic69f73aaf8268c\" ><p style=\"text-align: center;\"><a href=\"https:\/\/t.me\/noticiasdigital58\" target=\"_blank\" rel=\"noopener\"><img class=\"aligncenter size-full wp-image-125363\" src=\"https:\/\/digital58.com.ve\/site\/wp-content\/uploads\/2021\/04\/banner-telegram-web-2021.png\" alt=\"\" width=\"600\" height=\"90\" \/><\/a><\/p><\/div><style type=\"text\/css\">\r\n@media screen and (min-width: 1201px) {\r\n.lndic69f73aaf8268c {\r\ndisplay: block;\r\n}\r\n}\r\n@media screen and (min-width: 993px) and (max-width: 1200px) {\r\n.lndic69f73aaf8268c {\r\ndisplay: block;\r\n}\r\n}\r\n@media screen and (min-width: 769px) and (max-width: 992px) {\r\n.lndic69f73aaf8268c {\r\ndisplay: block;\r\n}\r\n}\r\n@media screen and (min-width: 768px) and (max-width: 768px) {\r\n.lndic69f73aaf8268c {\r\ndisplay: block;\r\n}\r\n}\r\n@media screen and (max-width: 767px) {\r\n.lndic69f73aaf8268c {\r\ndisplay: block;\r\n}\r\n}\r\n<\/style>\r\n\n<p>Redacci\u00f3n ND58 | Fuente: Paula Ler\u00edn \/ EFE<\/p>\n<div style=\"margin-top: 0px; margin-bottom: 0px;\" class=\"sharethis-inline-share-buttons\" ><\/div>","protected":false},"excerpt":{"rendered":"<p>Antes del inicio del partido, el exjugador del Valencia, David Silva, protagonizar\u00e1 el saque de honor como parte del homenaje<\/p>\n","protected":false},"author":1,"featured_media":173787,"comment_status":"open","ping_status":"closed","sticky":false,"template":"","format":"standard","meta":{"colormag_page_container_layout":"default_layout","colormag_page_sidebar_layout":"default_layout","_uag_custom_page_level_css":"","footnotes":""},"categories":[5402],"tags":[115,13,8257,499,41,32997,8,7311,31745,14751],"class_list":["post-173786","post","type-post","status-publish","format-standard","has-post-thumbnail","hentry","category-deportes","tag-espana","tag-futbol","tag-futbol-club-barcelona","tag-futbol-espanol","tag-futbol-internacional","tag-hugo-guillamon","tag-internacionales","tag-laliga","tag-laliga-2023-2024","tag-valencia-c-f"],"yoast_head":"<!-- This site is optimized with the Yoast SEO plugin v27.5 - https:\/\/yoast.com\/product\/yoast-seo-wordpress\/ -->\n<title>#LaLiga | Guillam\u00f3n castiga al Barcelona y rescata un punto para el Valencia<\/title>\n<meta name=\"robots\" content=\"index, follow, max-snippet:-1, max-image-preview:large, max-video-preview:-1\" \/>\n<link rel=\"canonical\" href=\"https:\/\/digital58.com.ve\/site\/2023\/12\/17\/laliga-guillamon-castiga-al-barcelona-y-rescata-un-punto-para-el-valencia\/\" \/>\n<meta property=\"og:locale\" content=\"es_ES\" \/>\n<meta property=\"og:type\" content=\"article\" \/>\n<meta property=\"og:title\" content=\"#LaLiga | Guillam\u00f3n castiga al Barcelona y rescata un punto para el Valencia\" \/>\n<meta property=\"og:url\" content=\"https:\/\/digital58.com.ve\/site\/2023\/12\/17\/laliga-guillamon-castiga-al-barcelona-y-rescata-un-punto-para-el-valencia\/\" \/>\n<meta property=\"og:site_name\" content=\"Noticias Digital58\" \/>\n<meta property=\"article:published_time\" content=\"2023-12-17T21:33:35+00:00\" \/>\n<meta property=\"og:image\" content=\"https:\/\/i0.wp.com\/digital58.com.ve\/site\/wp-content\/uploads\/2023\/12\/valencia-barcelona.jpg?fit=800%2C532&ssl=1\" \/>\n\t<meta property=\"og:image:width\" content=\"800\" \/>\n\t<meta property=\"og:image:height\" content=\"532\" \/>\n\t<meta property=\"og:image:type\" content=\"image\/jpeg\" \/>\n<meta name=\"author\" content=\"Villasmil Henry\" \/>\n<meta name=\"twitter:card\" content=\"summary_large_image\" \/>\n<meta name=\"twitter:creator\" content=\"@https:\/\/twitter.com\/villasmilhfoto\" \/>\n<meta name=\"twitter:site\" content=\"@villasmilhfoto\" \/>\n<meta name=\"twitter:label1\" content=\"Escrito por\" \/>\n\t<meta name=\"twitter:data1\" content=\"Villasmil Henry\" \/>\n\t<meta name=\"twitter:label2\" content=\"Tiempo estimado de lectura\" \/>\n\t<meta name=\"twitter:data2\" content=\"4 minutos\" \/>\n<script type=\"application\/ld+json\" class=\"yoast-schema-graph\">{\"@context\":\"https:\\\/\\\/schema.org\",\"@graph\":[{\"@type\":\"Article\",\"@id\":\"https:\\\/\\\/digital58.com.ve\\\/site\\\/2023\\\/12\\\/17\\\/laliga-guillamon-castiga-al-barcelona-y-rescata-un-punto-para-el-valencia\\\/#article\",\"isPartOf\":{\"@id\":\"https:\\\/\\\/digital58.com.ve\\\/site\\\/2023\\\/12\\\/17\\\/laliga-guillamon-castiga-al-barcelona-y-rescata-un-punto-para-el-valencia\\\/\"},\"author\":{\"name\":\"Villasmil Henry\",\"@id\":\"https:\\\/\\\/digital58.com.ve\\\/site\\\/#\\\/schema\\\/person\\\/64d1c2e4d0d4fd1b849980c4331c2951\"},\"headline\":\"#LaLiga | Guillam\u00f3n castiga al Barcelona y rescata un punto para el Valencia\",\"datePublished\":\"2023-12-17T21:33:35+00:00\",\"mainEntityOfPage\":{\"@id\":\"https:\\\/\\\/digital58.com.ve\\\/site\\\/2023\\\/12\\\/17\\\/laliga-guillamon-castiga-al-barcelona-y-rescata-un-punto-para-el-valencia\\\/\"},\"wordCount\":724,\"commentCount\":0,\"publisher\":{\"@id\":\"https:\\\/\\\/digital58.com.ve\\\/site\\\/#\\\/schema\\\/person\\\/64d1c2e4d0d4fd1b849980c4331c2951\"},\"image\":{\"@id\":\"https:\\\/\\\/digital58.com.ve\\\/site\\\/2023\\\/12\\\/17\\\/laliga-guillamon-castiga-al-barcelona-y-rescata-un-punto-para-el-valencia\\\/#primaryimage\"},\"thumbnailUrl\":\"https:\\\/\\\/digital58.com.ve\\\/site\\\/wp-content\\\/uploads\\\/2023\\\/12\\\/valencia-barcelona.jpg\",\"keywords\":[\"Espa\u00f1a\",\"F\u00fatbol\",\"F\u00fatbol Club Barcelona\",\"F\u00fatbol Espa\u00f1ol\",\"F\u00fatbol Internacional\",\"Hugo Guillam\u00f3n\",\"Internacionales\",\"LaLiga\",\"LaLiga 2023-2024\",\"Valencia C.F\"],\"articleSection\":[\"Deportes\"],\"inLanguage\":\"es\",\"potentialAction\":[{\"@type\":\"CommentAction\",\"name\":\"Comment\",\"target\":[\"https:\\\/\\\/digital58.com.ve\\\/site\\\/2023\\\/12\\\/17\\\/laliga-guillamon-castiga-al-barcelona-y-rescata-un-punto-para-el-valencia\\\/#respond\"]}]},{\"@type\":\"WebPage\",\"@id\":\"https:\\\/\\\/digital58.com.ve\\\/site\\\/2023\\\/12\\\/17\\\/laliga-guillamon-castiga-al-barcelona-y-rescata-un-punto-para-el-valencia\\\/\",\"url\":\"https:\\\/\\\/digital58.com.ve\\\/site\\\/2023\\\/12\\\/17\\\/laliga-guillamon-castiga-al-barcelona-y-rescata-un-punto-para-el-valencia\\\/\",\"name\":\"#LaLiga | Guillam\u00f3n castiga al Barcelona y rescata un punto para el Valencia\",\"isPartOf\":{\"@id\":\"https:\\\/\\\/digital58.com.ve\\\/site\\\/#website\"},\"primaryImageOfPage\":{\"@id\":\"https:\\\/\\\/digital58.com.ve\\\/site\\\/2023\\\/12\\\/17\\\/laliga-guillamon-castiga-al-barcelona-y-rescata-un-punto-para-el-valencia\\\/#primaryimage\"},\"image\":{\"@id\":\"https:\\\/\\\/digital58.com.ve\\\/site\\\/2023\\\/12\\\/17\\\/laliga-guillamon-castiga-al-barcelona-y-rescata-un-punto-para-el-valencia\\\/#primaryimage\"},\"thumbnailUrl\":\"https:\\\/\\\/digital58.com.ve\\\/site\\\/wp-content\\\/uploads\\\/2023\\\/12\\\/valencia-barcelona.jpg\",\"datePublished\":\"2023-12-17T21:33:35+00:00\",\"breadcrumb\":{\"@id\":\"https:\\\/\\\/digital58.com.ve\\\/site\\\/2023\\\/12\\\/17\\\/laliga-guillamon-castiga-al-barcelona-y-rescata-un-punto-para-el-valencia\\\/#breadcrumb\"},\"inLanguage\":\"es\",\"potentialAction\":[{\"@type\":\"ReadAction\",\"target\":[\"https:\\\/\\\/digital58.com.ve\\\/site\\\/2023\\\/12\\\/17\\\/laliga-guillamon-castiga-al-barcelona-y-rescata-un-punto-para-el-valencia\\\/\"]}]},{\"@type\":\"ImageObject\",\"inLanguage\":\"es\",\"@id\":\"https:\\\/\\\/digital58.com.ve\\\/site\\\/2023\\\/12\\\/17\\\/laliga-guillamon-castiga-al-barcelona-y-rescata-un-punto-para-el-valencia\\\/#primaryimage\",\"url\":\"https:\\\/\\\/digital58.com.ve\\\/site\\\/wp-content\\\/uploads\\\/2023\\\/12\\\/valencia-barcelona.jpg\",\"contentUrl\":\"https:\\\/\\\/digital58.com.ve\\\/site\\\/wp-content\\\/uploads\\\/2023\\\/12\\\/valencia-barcelona.jpg\",\"width\":800,\"height\":532,\"caption\":\"VALENCIA, 16\\\/12\\\/2023.- El centrocampista del Valencia Hugo Guillam\u00f3n (d) celebra el gol marcado al FC Barcelona durante el partido de la jornada 17 de LaLiga EA Sports que Valencia CF y FC Barcelona disputan este s\u00e1bado en el estadio de Mestalla, en Valencia. EFE\\\/Juan Carlos C\u00e1rdenas\"},{\"@type\":\"BreadcrumbList\",\"@id\":\"https:\\\/\\\/digital58.com.ve\\\/site\\\/2023\\\/12\\\/17\\\/laliga-guillamon-castiga-al-barcelona-y-rescata-un-punto-para-el-valencia\\\/#breadcrumb\",\"itemListElement\":[{\"@type\":\"ListItem\",\"position\":1,\"name\":\"Home\",\"item\":\"https:\\\/\\\/digital58.com.ve\\\/site\\\/\"},{\"@type\":\"ListItem\",\"position\":2,\"name\":\"#LaLiga | Guillam\u00f3n castiga al Barcelona y rescata un punto para el Valencia\"}]},{\"@type\":\"WebSite\",\"@id\":\"https:\\\/\\\/digital58.com.ve\\\/site\\\/#website\",\"url\":\"https:\\\/\\\/digital58.com.ve\\\/site\\\/\",\"name\":\"Noticias Digital58\",\"description\":\"Portal de Noticias \u00a1Periodismo web de verdad! Lanzamiento web 22.11.2005 \\\/ Maracaibo, Venezuela\",\"publisher\":{\"@id\":\"https:\\\/\\\/digital58.com.ve\\\/site\\\/#\\\/schema\\\/person\\\/64d1c2e4d0d4fd1b849980c4331c2951\"},\"alternateName\":\"ND58\",\"potentialAction\":[{\"@type\":\"SearchAction\",\"target\":{\"@type\":\"EntryPoint\",\"urlTemplate\":\"https:\\\/\\\/digital58.com.ve\\\/site\\\/?s={search_term_string}\"},\"query-input\":{\"@type\":\"PropertyValueSpecification\",\"valueRequired\":true,\"valueName\":\"search_term_string\"}}],\"inLanguage\":\"es\"},{\"@type\":[\"Person\",\"Organization\"],\"@id\":\"https:\\\/\\\/digital58.com.ve\\\/site\\\/#\\\/schema\\\/person\\\/64d1c2e4d0d4fd1b849980c4331c2951\",\"name\":\"Villasmil Henry\",\"image\":{\"@type\":\"ImageObject\",\"inLanguage\":\"es\",\"@id\":\"https:\\\/\\\/secure.gravatar.com\\\/avatar\\\/bb0c4a2fcb7970138239f7e404ea75757b1b507b28b5ce4c53fbd62d797c5a7c?s=96&d=mm&r=g\",\"url\":\"https:\\\/\\\/secure.gravatar.com\\\/avatar\\\/bb0c4a2fcb7970138239f7e404ea75757b1b507b28b5ce4c53fbd62d797c5a7c?s=96&d=mm&r=g\",\"contentUrl\":\"https:\\\/\\\/secure.gravatar.com\\\/avatar\\\/bb0c4a2fcb7970138239f7e404ea75757b1b507b28b5ce4c53fbd62d797c5a7c?s=96&d=mm&r=g\",\"caption\":\"Villasmil Henry\"},\"logo\":{\"@id\":\"https:\\\/\\\/secure.gravatar.com\\\/avatar\\\/bb0c4a2fcb7970138239f7e404ea75757b1b507b28b5ce4c53fbd62d797c5a7c?s=96&d=mm&r=g\"},\"sameAs\":[\"http:\\\/\\\/www.henryvillasmil.com.ve\",\"https:\\\/\\\/www.instagram.com\\\/villasmilhfoto\\\/\",\"https:\\\/\\\/x.com\\\/https:\\\/\\\/twitter.com\\\/villasmilhfoto\"],\"url\":\"https:\\\/\\\/digital58.com.ve\\\/site\\\/author\\\/droopy_68\\\/\"}]}<\/script>\n<!-- \/ Yoast SEO plugin. -->","yoast_head_json":{"title":"#LaLiga | Guillam\u00f3n castiga al Barcelona y rescata un punto para el Valencia","robots":{"index":"index","follow":"follow","max-snippet":"max-snippet:-1","max-image-preview":"max-image-preview:large","max-video-preview":"max-video-preview:-1"},"canonical":"https:\/\/digital58.com.ve\/site\/2023\/12\/17\/laliga-guillamon-castiga-al-barcelona-y-rescata-un-punto-para-el-valencia\/","og_locale":"es_ES","og_type":"article","og_title":"#LaLiga | Guillam\u00f3n castiga al Barcelona y rescata un punto para el Valencia","og_url":"https:\/\/digital58.com.ve\/site\/2023\/12\/17\/laliga-guillamon-castiga-al-barcelona-y-rescata-un-punto-para-el-valencia\/","og_site_name":"Noticias Digital58","article_published_time":"2023-12-17T21:33:35+00:00","og_image":[{"width":800,"height":532,"url":"https:\/\/i0.wp.com\/digital58.com.ve\/site\/wp-content\/uploads\/2023\/12\/valencia-barcelona.jpg?fit=800%2C532&ssl=1","type":"image\/jpeg"}],"author":"Villasmil Henry","twitter_card":"summary_large_image","twitter_creator":"@https:\/\/twitter.com\/villasmilhfoto","twitter_site":"@villasmilhfoto","twitter_misc":{"Escrito por":"Villasmil Henry","Tiempo estimado de lectura":"4 minutos"},"schema":{"@context":"https:\/\/schema.org","@graph":[{"@type":"Article","@id":"https:\/\/digital58.com.ve\/site\/2023\/12\/17\/laliga-guillamon-castiga-al-barcelona-y-rescata-un-punto-para-el-valencia\/#article","isPartOf":{"@id":"https:\/\/digital58.com.ve\/site\/2023\/12\/17\/laliga-guillamon-castiga-al-barcelona-y-rescata-un-punto-para-el-valencia\/"},"author":{"name":"Villasmil Henry","@id":"https:\/\/digital58.com.ve\/site\/#\/schema\/person\/64d1c2e4d0d4fd1b849980c4331c2951"},"headline":"#LaLiga | Guillam\u00f3n castiga al Barcelona y rescata un punto para el Valencia","datePublished":"2023-12-17T21:33:35+00:00","mainEntityOfPage":{"@id":"https:\/\/digital58.com.ve\/site\/2023\/12\/17\/laliga-guillamon-castiga-al-barcelona-y-rescata-un-punto-para-el-valencia\/"},"wordCount":724,"commentCount":0,"publisher":{"@id":"https:\/\/digital58.com.ve\/site\/#\/schema\/person\/64d1c2e4d0d4fd1b849980c4331c2951"},"image":{"@id":"https:\/\/digital58.com.ve\/site\/2023\/12\/17\/laliga-guillamon-castiga-al-barcelona-y-rescata-un-punto-para-el-valencia\/#primaryimage"},"thumbnailUrl":"https:\/\/digital58.com.ve\/site\/wp-content\/uploads\/2023\/12\/valencia-barcelona.jpg","keywords":["Espa\u00f1a","F\u00fatbol","F\u00fatbol Club Barcelona","F\u00fatbol Espa\u00f1ol","F\u00fatbol Internacional","Hugo Guillam\u00f3n","Internacionales","LaLiga","LaLiga 2023-2024","Valencia C.F"],"articleSection":["Deportes"],"inLanguage":"es","potentialAction":[{"@type":"CommentAction","name":"Comment","target":["https:\/\/digital58.com.ve\/site\/2023\/12\/17\/laliga-guillamon-castiga-al-barcelona-y-rescata-un-punto-para-el-valencia\/#respond"]}]},{"@type":"WebPage","@id":"https:\/\/digital58.com.ve\/site\/2023\/12\/17\/laliga-guillamon-castiga-al-barcelona-y-rescata-un-punto-para-el-valencia\/","url":"https:\/\/digital58.com.ve\/site\/2023\/12\/17\/laliga-guillamon-castiga-al-barcelona-y-rescata-un-punto-para-el-valencia\/","name":"#LaLiga | Guillam\u00f3n castiga al Barcelona y rescata un punto para el Valencia","isPartOf":{"@id":"https:\/\/digital58.com.ve\/site\/#website"},"primaryImageOfPage":{"@id":"https:\/\/digital58.com.ve\/site\/2023\/12\/17\/laliga-guillamon-castiga-al-barcelona-y-rescata-un-punto-para-el-valencia\/#primaryimage"},"image":{"@id":"https:\/\/digital58.com.ve\/site\/2023\/12\/17\/laliga-guillamon-castiga-al-barcelona-y-rescata-un-punto-para-el-valencia\/#primaryimage"},"thumbnailUrl":"https:\/\/digital58.com.ve\/site\/wp-content\/uploads\/2023\/12\/valencia-barcelona.jpg","datePublished":"2023-12-17T21:33:35+00:00","breadcrumb":{"@id":"https:\/\/digital58.com.ve\/site\/2023\/12\/17\/laliga-guillamon-castiga-al-barcelona-y-rescata-un-punto-para-el-valencia\/#breadcrumb"},"inLanguage":"es","potentialAction":[{"@type":"ReadAction","target":["https:\/\/digital58.com.ve\/site\/2023\/12\/17\/laliga-guillamon-castiga-al-barcelona-y-rescata-un-punto-para-el-valencia\/"]}]},{"@type":"ImageObject","inLanguage":"es","@id":"https:\/\/digital58.com.ve\/site\/2023\/12\/17\/laliga-guillamon-castiga-al-barcelona-y-rescata-un-punto-para-el-valencia\/#primaryimage","url":"https:\/\/digital58.com.ve\/site\/wp-content\/uploads\/2023\/12\/valencia-barcelona.jpg","contentUrl":"https:\/\/digital58.com.ve\/site\/wp-content\/uploads\/2023\/12\/valencia-barcelona.jpg","width":800,"height":532,"caption":"VALENCIA, 16\/12\/2023.- El centrocampista del Valencia Hugo Guillam\u00f3n (d) celebra el gol marcado al FC Barcelona durante el partido de la jornada 17 de LaLiga EA Sports que Valencia CF y FC Barcelona disputan este s\u00e1bado en el estadio de Mestalla, en Valencia. EFE\/Juan Carlos C\u00e1rdenas"},{"@type":"BreadcrumbList","@id":"https:\/\/digital58.com.ve\/site\/2023\/12\/17\/laliga-guillamon-castiga-al-barcelona-y-rescata-un-punto-para-el-valencia\/#breadcrumb","itemListElement":[{"@type":"ListItem","position":1,"name":"Home","item":"https:\/\/digital58.com.ve\/site\/"},{"@type":"ListItem","position":2,"name":"#LaLiga | Guillam\u00f3n castiga al Barcelona y rescata un punto para el Valencia"}]},{"@type":"WebSite","@id":"https:\/\/digital58.com.ve\/site\/#website","url":"https:\/\/digital58.com.ve\/site\/","name":"Noticias Digital58","description":"Portal de Noticias \u00a1Periodismo web de verdad! Lanzamiento web 22.11.2005 \/ Maracaibo, Venezuela","publisher":{"@id":"https:\/\/digital58.com.ve\/site\/#\/schema\/person\/64d1c2e4d0d4fd1b849980c4331c2951"},"alternateName":"ND58","potentialAction":[{"@type":"SearchAction","target":{"@type":"EntryPoint","urlTemplate":"https:\/\/digital58.com.ve\/site\/?s={search_term_string}"},"query-input":{"@type":"PropertyValueSpecification","valueRequired":true,"valueName":"search_term_string"}}],"inLanguage":"es"},{"@type":["Person","Organization"],"@id":"https:\/\/digital58.com.ve\/site\/#\/schema\/person\/64d1c2e4d0d4fd1b849980c4331c2951","name":"Villasmil Henry","image":{"@type":"ImageObject","inLanguage":"es","@id":"https:\/\/secure.gravatar.com\/avatar\/bb0c4a2fcb7970138239f7e404ea75757b1b507b28b5ce4c53fbd62d797c5a7c?s=96&d=mm&r=g","url":"https:\/\/secure.gravatar.com\/avatar\/bb0c4a2fcb7970138239f7e404ea75757b1b507b28b5ce4c53fbd62d797c5a7c?s=96&d=mm&r=g","contentUrl":"https:\/\/secure.gravatar.com\/avatar\/bb0c4a2fcb7970138239f7e404ea75757b1b507b28b5ce4c53fbd62d797c5a7c?s=96&d=mm&r=g","caption":"Villasmil Henry"},"logo":{"@id":"https:\/\/secure.gravatar.com\/avatar\/bb0c4a2fcb7970138239f7e404ea75757b1b507b28b5ce4c53fbd62d797c5a7c?s=96&d=mm&r=g"},"sameAs":["http:\/\/www.henryvillasmil.com.ve","https:\/\/www.instagram.com\/villasmilhfoto\/","https:\/\/x.com\/https:\/\/twitter.com\/villasmilhfoto"],"url":"https:\/\/digital58.com.ve\/site\/author\/droopy_68\/"}]}},"uagb_featured_image_src":{"full":["https:\/\/digital58.com.ve\/site\/wp-content\/uploads\/2023\/12\/valencia-barcelona.jpg",800,532,false],"thumbnail":["https:\/\/digital58.com.ve\/site\/wp-content\/uploads\/2023\/12\/valencia-barcelona-150x150.jpg",150,150,true],"medium":["https:\/\/digital58.com.ve\/site\/wp-content\/uploads\/2023\/12\/valencia-barcelona-300x200.jpg",300,200,true],"medium_large":["https:\/\/digital58.com.ve\/site\/wp-content\/uploads\/2023\/12\/valencia-barcelona-768x511.jpg",768,511,true],"large":["https:\/\/digital58.com.ve\/site\/wp-content\/uploads\/2023\/12\/valencia-barcelona.jpg",800,532,false],"1536x1536":["https:\/\/digital58.com.ve\/site\/wp-content\/uploads\/2023\/12\/valencia-barcelona.jpg",800,532,false],"2048x2048":["https:\/\/digital58.com.ve\/site\/wp-content\/uploads\/2023\/12\/valencia-barcelona.jpg",800,532,false],"colormag-highlighted-post":["https:\/\/digital58.com.ve\/site\/wp-content\/uploads\/2023\/12\/valencia-barcelona-392x272.jpg",392,272,true],"colormag-featured-post-medium":["https:\/\/digital58.com.ve\/site\/wp-content\/uploads\/2023\/12\/valencia-barcelona-390x205.jpg",390,205,true],"colormag-featured-post-small":["https:\/\/digital58.com.ve\/site\/wp-content\/uploads\/2023\/12\/valencia-barcelona-130x90.jpg",130,90,true],"colormag-featured-image":["https:\/\/digital58.com.ve\/site\/wp-content\/uploads\/2023\/12\/valencia-barcelona-800x445.jpg",800,445,true],"colormag-default-news":["https:\/\/digital58.com.ve\/site\/wp-content\/uploads\/2023\/12\/valencia-barcelona-150x150.jpg",150,150,true],"colormag-featured-image-large":["https:\/\/digital58.com.ve\/site\/wp-content\/uploads\/2023\/12\/valencia-barcelona.jpg",800,532,false]},"uagb_author_info":{"display_name":"Villasmil Henry","author_link":"https:\/\/digital58.com.ve\/site\/author\/droopy_68\/"},"uagb_comment_info":0,"uagb_excerpt":"Antes del inicio del partido, el exjugador del Valencia, David Silva, protagonizar\u00e1 el saque de honor como parte del homenaje","_links":{"self":[{"href":"https:\/\/digital58.com.ve\/site\/wp-json\/wp\/v2\/posts\/173786","targetHints":{"allow":["GET"]}}],"collection":[{"href":"https:\/\/digital58.com.ve\/site\/wp-json\/wp\/v2\/posts"}],"about":[{"href":"https:\/\/digital58.com.ve\/site\/wp-json\/wp\/v2\/types\/post"}],"author":[{"embeddable":true,"href":"https:\/\/digital58.com.ve\/site\/wp-json\/wp\/v2\/users\/1"}],"replies":[{"embeddable":true,"href":"https:\/\/digital58.com.ve\/site\/wp-json\/wp\/v2\/comments?post=173786"}],"version-history":[{"count":1,"href":"https:\/\/digital58.com.ve\/site\/wp-json\/wp\/v2\/posts\/173786\/revisions"}],"predecessor-version":[{"id":173788,"href":"https:\/\/digital58.com.ve\/site\/wp-json\/wp\/v2\/posts\/173786\/revisions\/173788"}],"wp:featuredmedia":[{"embeddable":true,"href":"https:\/\/digital58.com.ve\/site\/wp-json\/wp\/v2\/media\/173787"}],"wp:attachment":[{"href":"https:\/\/digital58.com.ve\/site\/wp-json\/wp\/v2\/media?parent=173786"}],"wp:term":[{"taxonomy":"category","embeddable":true,"href":"https:\/\/digital58.com.ve\/site\/wp-json\/wp\/v2\/categories?post=173786"},{"taxonomy":"post_tag","embeddable":true,"href":"https:\/\/digital58.com.ve\/site\/wp-json\/wp\/v2\/tags?post=173786"}],"curies":[{"name":"wp","href":"https:\/\/api.w.org\/{rel}","templated":true}]}}