{"id":174008,"date":"2023-12-24T12:37:15","date_gmt":"2023-12-24T16:37:15","guid":{"rendered":"https:\/\/digital58.com.ve\/site\/?p=174008"},"modified":"2023-12-24T12:37:15","modified_gmt":"2023-12-24T16:37:15","slug":"la-crisis-del-darien-record-de-migrantes-y-menores-en-transito-en-2023","status":"publish","type":"post","link":"https:\/\/digital58.com.ve\/site\/2023\/12\/24\/la-crisis-del-darien-record-de-migrantes-y-menores-en-transito-en-2023\/","title":{"rendered":"La crisis del Dari\u00e9n: r\u00e9cord de migrantes y menores en tr\u00e1nsito en 2023"},"content":{"rendered":"<p><a href=\"https:\/\/digital58.com.ve\/site\/wp-content\/uploads\/2023\/12\/darien-1.jpg\"><img loading=\"lazy\" decoding=\"async\" class=\"aligncenter wp-image-174010 size-full\" src=\"https:\/\/digital58.com.ve\/site\/wp-content\/uploads\/2023\/12\/darien-1.jpg\" alt=\"\" width=\"1000\" height=\"667\" srcset=\"https:\/\/digital58.com.ve\/site\/wp-content\/uploads\/2023\/12\/darien-1.jpg 1000w, https:\/\/digital58.com.ve\/site\/wp-content\/uploads\/2023\/12\/darien-1-300x200.jpg 300w, https:\/\/digital58.com.ve\/site\/wp-content\/uploads\/2023\/12\/darien-1-768x512.jpg 768w\" sizes=\"auto, (max-width: 1000px) 100vw, 1000px\" \/><\/a><\/p>\n<p>Panam\u00e1 cierra este 2023 marcado por la agravada crisis migratoria: este a\u00f1o se ha batido el r\u00e9cord de medio mill\u00f3n de migrantes en tr\u00e1nsito por el Dari\u00e9n, la selva que comunica el istmo y Suram\u00e9rica, una cifra que duplica el registro del a\u00f1o pasado y abarca marcado un aumento de menores.<\/p>\n<p><strong>Metet\u00ed, Panam\u00e1, 22 de diciembre de 2023 (ND58).-<\/strong> Seg\u00fan cifras de las autoridades paname\u00f1as, hasta el pasado 20 de diciembre cruzaron por el Dari\u00e9n 513.782 migrantes, de los cuales la mayor\u00eda son venezolanos (326.589), seguidos de ecuatorianos (56.328) y haitianos (45.628) con el objetivo de llegar mayoritariamente a EE.UU., aunque tambi\u00e9n a Canad\u00e1, en busca de mejores condiciones de vida.<\/p>\n<p>La violencia y las condiciones socioecon\u00f3micas de sus pa\u00edses de origen son el principal impulso para atreverse a cruzar a pie la mitad del continente y el Dari\u00e9n, una mortal selva plagada de peligros naturales y la presencia de grupos armados, a pesar del endurecimiento de las restricciones migratorias en la regi\u00f3n este a\u00f1o, seg\u00fan han relatado a EFE los migrantes entrevistados.<\/p>\n<p>Ese es el caso de Segundo Muela, un ecuatoriano de 35 a\u00f1os oriundo de Latacunga, al sur de Quito, que ante la falta de empleo y la escalada de violencia en Ecuador decidi\u00f3 este mes poner rumbo a Norteam\u00e9rica con su esposa y sus dos hijos, de cuatro y siete a\u00f1os.<\/p>\n<p>\u00abLa familia nos motiv\u00f3 a salir por la falta de empleo (y) la inseguridad de Ecuador (&#8230;) por todo te piden vacuna (extorsi\u00f3n) &#8230; son mafias que por cualquier cosa o un negocio queremos poner nos quieren cobrar. Por la seguridad, dicen, pero es mentira\u00bb, cuenta Muela a EFE en Bajo Chiquito, el primer pueblo al que arriban los migrantes tras atravesar la selva, un tramo de su viaje que fue \u00abcomplicado pero no imposible\u00bb.<\/p>\n<h2>M\u00e1s de 100.000 menores cruzaron el Dari\u00e9n<\/h2>\n<p>Este 2023 \u00abha sido un a\u00f1o en que se ha batido un r\u00e9cord. Han pasado m\u00e1s de 100.000 ni\u00f1os, ni\u00f1as y adolescentes, de ellos el 50 % son menores de cinco a\u00f1os\u00bb, dijo a EFE la experta basada en g\u00e9nero del Fondo de las Naciones Unidas para la Infancia (Unicef), Johana Tejada L\u00f3pez.<\/p>\n<p>La mayor\u00eda de las familias que migran son de Venezuela, Hait\u00ed, Ecuador y Colombia, detalla la experta en el albergue de Lajas Blanca que, al igual que en Bajo Chiquito, es escenario de esa situaci\u00f3n con numerosas familias con ni\u00f1os y adolescentes.<\/p>\n<p>Una de esas familias es la de Cikiu Navarro, una venezolana de la regi\u00f3n del Zulia que sobre sus hombros carga a su hija de dos a\u00f1os. A su llegada a Bajo Chiquito, junto con su esposo y sus otros dos hijos tambi\u00e9n menores de edad, se ve aparentemente agotada de la \u00abfuerte\u00bb traves\u00eda.<\/p>\n<p><a href=\"https:\/\/digital58.com.ve\/site\/wp-content\/uploads\/2023\/12\/darien-2.jpg\"><img loading=\"lazy\" decoding=\"async\" class=\"aligncenter size-full wp-image-174009\" src=\"https:\/\/digital58.com.ve\/site\/wp-content\/uploads\/2023\/12\/darien-2.jpg\" alt=\"\" width=\"800\" height=\"533\" srcset=\"https:\/\/digital58.com.ve\/site\/wp-content\/uploads\/2023\/12\/darien-2.jpg 800w, https:\/\/digital58.com.ve\/site\/wp-content\/uploads\/2023\/12\/darien-2-300x200.jpg 300w, https:\/\/digital58.com.ve\/site\/wp-content\/uploads\/2023\/12\/darien-2-768x512.jpg 768w\" sizes=\"auto, (max-width: 800px) 100vw, 800px\" \/><\/a><\/p>\n<p>La experta de Unicef alerta de un incremento de la llegada de menores separados de sus padres durante la traves\u00eda y de los adolescentes que viajaban \u00absolos\u00bb.<\/p>\n<h3>Los organismos humanitarios refuerzan sus proyectos<\/h3>\n<p>La llegada masiva de migrantes ha obligado a los entes humanitarios a reforzar sus proyectos en Dari\u00e9n tras un 2022 que tambi\u00e9n registr\u00f3 la cifra r\u00e9cord en su momento de 248.000 personas en tr\u00e1nsito.<\/p>\n<p>\u00abHemos trabajado de manera interagencial en lo que llamamos una \u00abconstrucci\u00f3n de escenario\u00bb para reorganizarnos y mejorar nuestras intervenciones en funci\u00f3n de este crecimiento\u00bb, detalla a EFE delegada de migraci\u00f3n basada en Dari\u00e9n de la Federaci\u00f3n Internacional de la Cruz Roja (IFRC, por sus siglas en ingl\u00e9s), Ver\u00f3nica Mart\u00ednez.<\/p>\n<p>Los migrantes llegan primero a Bajo Chiquito tras cruzar la selva, donde las autoridades registran sus datos y duermen una noche. Al d\u00eda siguiente bajan en canoas -pagadas por ellos mismos- por el r\u00edo Tuquesa hasta uno de los dos albergues existentes en Dari\u00e9n.<\/p>\n<p>All\u00ed, conocido por los migrantes como \u00abla ONU\u00bb, hay varios organismos que ofrecen ayuda humanitaria y m\u00e9dica al igual que las autoridades paname\u00f1as, que dan asistencia alimentaria en una operaci\u00f3n \u00fanica en el continente en la que el Gobierno ha invertido en los \u00faltimos a\u00f1os unos 70 millones de d\u00f3lares, seg\u00fan datos oficiales.<\/p>\n<p>Desde el Dari\u00e9n, los transe\u00fantes deben abordar un bus \u2014costeado por ellos\u2014 hasta la vecina Costa Rica.<\/p>\n<p>Las restricciones anunciadas por varios pa\u00edses de tr\u00e1nsito, como la deportaciones de migrantes irregulares con antecedentes penales en Panam\u00e1, o por Estado Unidos, que ha puesto m\u00e1s trabas al acceso al asilo, no detienen el flujo migratorio.<\/p>\n<p>\u00abTodos queremos trabajar para poder tener una mejor calidad de vida y brindarle una mejor futuro a nuestros hijos y a la familia que est\u00e9 en Venezuela\u00bb, relata Stephanie Michael Refinjozolano, una venezolana de 22 a\u00f1os que junto a su hija de seis a\u00f1os y su marido se dirige a EE.UU.<\/p>\n<p><strong>Redacci\u00f3n ND58 | Ana de Le\u00f3n \/ EFE<\/strong><br \/>\n<strong>Edici\u00f3n: Villasmil, Henry<\/strong><br \/>\n<strong>Gr\u00e1fica: EFE<\/strong><\/p>\n<p>&nbsp;<\/p><div class=\"xcige6a9cc50a73125\" ><p style=\"text-align: center;\"><a href=\"https:\/\/t.me\/noticiasdigital58\" target=\"_blank\" rel=\"noopener\"><img class=\"aligncenter size-full wp-image-125363\" src=\"https:\/\/digital58.com.ve\/site\/wp-content\/uploads\/2021\/04\/banner-telegram-web-2021.png\" alt=\"\" width=\"600\" height=\"90\" \/><\/a><\/p><\/div><style type=\"text\/css\">\r\n@media screen and (min-width: 1201px) {\r\n.xcige6a9cc50a73125 {\r\ndisplay: block;\r\n}\r\n}\r\n@media screen and (min-width: 993px) and (max-width: 1200px) {\r\n.xcige6a9cc50a73125 {\r\ndisplay: block;\r\n}\r\n}\r\n@media screen and (min-width: 769px) and (max-width: 992px) {\r\n.xcige6a9cc50a73125 {\r\ndisplay: block;\r\n}\r\n}\r\n@media screen and (min-width: 768px) and (max-width: 768px) {\r\n.xcige6a9cc50a73125 {\r\ndisplay: block;\r\n}\r\n}\r\n@media screen and (max-width: 767px) {\r\n.xcige6a9cc50a73125 {\r\ndisplay: block;\r\n}\r\n}\r\n<\/style>\r\n\n<p>&nbsp;<\/p>\n<div style=\"margin-top: 0px; margin-bottom: 0px;\" class=\"sharethis-inline-share-buttons\" ><\/div>","protected":false},"excerpt":{"rendered":"<p>Panam\u00e1 cierra este 2023 marcado por la agravada crisis migratoria: este a\u00f1o se ha batido el r\u00e9cord de medio mill\u00f3n<\/p>\n","protected":false},"author":1,"featured_media":174009,"comment_status":"open","ping_status":"closed","sticky":false,"template":"","format":"standard","meta":{"colormag_page_container_layout":"default_layout","colormag_page_sidebar_layout":"default_layout","_uag_custom_page_level_css":"","footnotes":""},"categories":[16451],"tags":[12740,32180,8,236,29290,10506,1207],"class_list":["post-174008","post","type-post","status-publish","format-standard","has-post-thumbnail","hentry","category-mundo","tag-ee-uu","tag-ifrc","tag-internacionales","tag-panama","tag-selva-de-darien","tag-suramerica","tag-unicef"],"yoast_head":"<!-- This site is optimized with the Yoast SEO plugin v28.4 - https:\/\/yoast.com\/product\/yoast-seo-wordpress\/ -->\n<title>La crisis del Dari\u00e9n: r\u00e9cord de migrantes y menores en tr\u00e1nsito en 2023<\/title>\n<meta name=\"robots\" content=\"index, follow, max-snippet:-1, max-image-preview:large, max-video-preview:-1\" \/>\n<link rel=\"canonical\" href=\"https:\/\/digital58.com.ve\/site\/2023\/12\/24\/la-crisis-del-darien-record-de-migrantes-y-menores-en-transito-en-2023\/\" \/>\n<meta property=\"og:locale\" content=\"es_ES\" \/>\n<meta property=\"og:type\" content=\"article\" \/>\n<meta property=\"og:title\" content=\"La crisis del Dari\u00e9n: r\u00e9cord de migrantes y menores en tr\u00e1nsito en 2023\" \/>\n<meta property=\"og:url\" content=\"https:\/\/digital58.com.ve\/site\/2023\/12\/24\/la-crisis-del-darien-record-de-migrantes-y-menores-en-transito-en-2023\/\" \/>\n<meta property=\"og:site_name\" content=\"Noticias Digital58\" \/>\n<meta property=\"article:published_time\" content=\"2023-12-24T16:37:15+00:00\" \/>\n<meta property=\"og:image\" content=\"https:\/\/i0.wp.com\/digital58.com.ve\/site\/wp-content\/uploads\/2023\/12\/darien-2.jpg?fit=800%2C533&ssl=1\" \/>\n\t<meta property=\"og:image:width\" content=\"800\" \/>\n\t<meta property=\"og:image:height\" content=\"533\" \/>\n\t<meta property=\"og:image:type\" content=\"image\/jpeg\" \/>\n<meta name=\"author\" content=\"Villasmil Henry\" \/>\n<meta name=\"twitter:card\" content=\"summary_large_image\" \/>\n<meta name=\"twitter:creator\" content=\"@https:\/\/twitter.com\/villasmilhfoto\" \/>\n<meta name=\"twitter:site\" content=\"@villasmilhfoto\" \/>\n<meta name=\"twitter:label1\" content=\"Escrito por\" \/>\n\t<meta name=\"twitter:data1\" content=\"Villasmil Henry\" \/>\n\t<meta name=\"twitter:label2\" content=\"Tiempo estimado de lectura\" \/>\n\t<meta name=\"twitter:data2\" content=\"4 minutos\" \/>\n<script type=\"application\/ld+json\" class=\"yoast-schema-graph\">{\"@context\":\"https:\\\/\\\/schema.org\",\"@graph\":[{\"@type\":\"Article\",\"@id\":\"https:\\\/\\\/digital58.com.ve\\\/site\\\/2023\\\/12\\\/24\\\/la-crisis-del-darien-record-de-migrantes-y-menores-en-transito-en-2023\\\/#article\",\"isPartOf\":{\"@id\":\"https:\\\/\\\/digital58.com.ve\\\/site\\\/2023\\\/12\\\/24\\\/la-crisis-del-darien-record-de-migrantes-y-menores-en-transito-en-2023\\\/\"},\"author\":{\"name\":\"Villasmil Henry\",\"@id\":\"https:\\\/\\\/digital58.com.ve\\\/site\\\/#\\\/schema\\\/person\\\/64d1c2e4d0d4fd1b849980c4331c2951\"},\"headline\":\"La crisis del Dari\u00e9n: r\u00e9cord de migrantes y menores en tr\u00e1nsito en 2023\",\"datePublished\":\"2023-12-24T16:37:15+00:00\",\"mainEntityOfPage\":{\"@id\":\"https:\\\/\\\/digital58.com.ve\\\/site\\\/2023\\\/12\\\/24\\\/la-crisis-del-darien-record-de-migrantes-y-menores-en-transito-en-2023\\\/\"},\"wordCount\":856,\"commentCount\":0,\"publisher\":{\"@id\":\"https:\\\/\\\/digital58.com.ve\\\/site\\\/#\\\/schema\\\/person\\\/64d1c2e4d0d4fd1b849980c4331c2951\"},\"image\":{\"@id\":\"https:\\\/\\\/digital58.com.ve\\\/site\\\/2023\\\/12\\\/24\\\/la-crisis-del-darien-record-de-migrantes-y-menores-en-transito-en-2023\\\/#primaryimage\"},\"thumbnailUrl\":\"https:\\\/\\\/digital58.com.ve\\\/site\\\/wp-content\\\/uploads\\\/2023\\\/12\\\/darien-2.jpg\",\"keywords\":[\"EE.UU\",\"IFRC\",\"Internacionales\",\"Panam\u00e1\",\"Selva de Darien\",\"Suram\u00e9rica\",\"Unicef\"],\"articleSection\":[\"Mundo\"],\"inLanguage\":\"es\",\"potentialAction\":[{\"@type\":\"CommentAction\",\"name\":\"Comment\",\"target\":[\"https:\\\/\\\/digital58.com.ve\\\/site\\\/2023\\\/12\\\/24\\\/la-crisis-del-darien-record-de-migrantes-y-menores-en-transito-en-2023\\\/#respond\"]}]},{\"@type\":\"WebPage\",\"@id\":\"https:\\\/\\\/digital58.com.ve\\\/site\\\/2023\\\/12\\\/24\\\/la-crisis-del-darien-record-de-migrantes-y-menores-en-transito-en-2023\\\/\",\"url\":\"https:\\\/\\\/digital58.com.ve\\\/site\\\/2023\\\/12\\\/24\\\/la-crisis-del-darien-record-de-migrantes-y-menores-en-transito-en-2023\\\/\",\"name\":\"La crisis del Dari\u00e9n: r\u00e9cord de migrantes y menores en tr\u00e1nsito en 2023\",\"isPartOf\":{\"@id\":\"https:\\\/\\\/digital58.com.ve\\\/site\\\/#website\"},\"primaryImageOfPage\":{\"@id\":\"https:\\\/\\\/digital58.com.ve\\\/site\\\/2023\\\/12\\\/24\\\/la-crisis-del-darien-record-de-migrantes-y-menores-en-transito-en-2023\\\/#primaryimage\"},\"image\":{\"@id\":\"https:\\\/\\\/digital58.com.ve\\\/site\\\/2023\\\/12\\\/24\\\/la-crisis-del-darien-record-de-migrantes-y-menores-en-transito-en-2023\\\/#primaryimage\"},\"thumbnailUrl\":\"https:\\\/\\\/digital58.com.ve\\\/site\\\/wp-content\\\/uploads\\\/2023\\\/12\\\/darien-2.jpg\",\"datePublished\":\"2023-12-24T16:37:15+00:00\",\"breadcrumb\":{\"@id\":\"https:\\\/\\\/digital58.com.ve\\\/site\\\/2023\\\/12\\\/24\\\/la-crisis-del-darien-record-de-migrantes-y-menores-en-transito-en-2023\\\/#breadcrumb\"},\"inLanguage\":\"es\",\"potentialAction\":[{\"@type\":\"ReadAction\",\"target\":[\"https:\\\/\\\/digital58.com.ve\\\/site\\\/2023\\\/12\\\/24\\\/la-crisis-del-darien-record-de-migrantes-y-menores-en-transito-en-2023\\\/\"]}]},{\"@type\":\"ImageObject\",\"inLanguage\":\"es\",\"@id\":\"https:\\\/\\\/digital58.com.ve\\\/site\\\/2023\\\/12\\\/24\\\/la-crisis-del-darien-record-de-migrantes-y-menores-en-transito-en-2023\\\/#primaryimage\",\"url\":\"https:\\\/\\\/digital58.com.ve\\\/site\\\/wp-content\\\/uploads\\\/2023\\\/12\\\/darien-2.jpg\",\"contentUrl\":\"https:\\\/\\\/digital58.com.ve\\\/site\\\/wp-content\\\/uploads\\\/2023\\\/12\\\/darien-2.jpg\",\"width\":800,\"height\":533},{\"@type\":\"BreadcrumbList\",\"@id\":\"https:\\\/\\\/digital58.com.ve\\\/site\\\/2023\\\/12\\\/24\\\/la-crisis-del-darien-record-de-migrantes-y-menores-en-transito-en-2023\\\/#breadcrumb\",\"itemListElement\":[{\"@type\":\"ListItem\",\"position\":1,\"name\":\"Home\",\"item\":\"https:\\\/\\\/digital58.com.ve\\\/site\\\/\"},{\"@type\":\"ListItem\",\"position\":2,\"name\":\"La crisis del Dari\u00e9n: r\u00e9cord de migrantes y menores en tr\u00e1nsito en 2023\"}]},{\"@type\":\"WebSite\",\"@id\":\"https:\\\/\\\/digital58.com.ve\\\/site\\\/#website\",\"url\":\"https:\\\/\\\/digital58.com.ve\\\/site\\\/\",\"name\":\"Noticias Digital58\",\"description\":\"Portal de Noticias \u00a1Periodismo web de verdad! Lanzamiento web 22.11.2005 \\\/ Maracaibo, Venezuela\",\"publisher\":{\"@id\":\"https:\\\/\\\/digital58.com.ve\\\/site\\\/#\\\/schema\\\/person\\\/64d1c2e4d0d4fd1b849980c4331c2951\"},\"alternateName\":\"ND58\",\"potentialAction\":[{\"@type\":\"SearchAction\",\"target\":{\"@type\":\"EntryPoint\",\"urlTemplate\":\"https:\\\/\\\/digital58.com.ve\\\/site\\\/?s={search_term_string}\"},\"query-input\":{\"@type\":\"PropertyValueSpecification\",\"valueRequired\":true,\"valueName\":\"search_term_string\"}}],\"inLanguage\":\"es\"},{\"@type\":[\"Person\",\"Organization\"],\"@id\":\"https:\\\/\\\/digital58.com.ve\\\/site\\\/#\\\/schema\\\/person\\\/64d1c2e4d0d4fd1b849980c4331c2951\",\"name\":\"Villasmil Henry\",\"image\":{\"@type\":\"ImageObject\",\"inLanguage\":\"es\",\"@id\":\"https:\\\/\\\/secure.gravatar.com\\\/avatar\\\/bb0c4a2fcb7970138239f7e404ea75757b1b507b28b5ce4c53fbd62d797c5a7c?s=96&d=mm&r=g\",\"url\":\"https:\\\/\\\/secure.gravatar.com\\\/avatar\\\/bb0c4a2fcb7970138239f7e404ea75757b1b507b28b5ce4c53fbd62d797c5a7c?s=96&d=mm&r=g\",\"contentUrl\":\"https:\\\/\\\/secure.gravatar.com\\\/avatar\\\/bb0c4a2fcb7970138239f7e404ea75757b1b507b28b5ce4c53fbd62d797c5a7c?s=96&d=mm&r=g\",\"caption\":\"Villasmil Henry\"},\"logo\":{\"@id\":\"https:\\\/\\\/secure.gravatar.com\\\/avatar\\\/bb0c4a2fcb7970138239f7e404ea75757b1b507b28b5ce4c53fbd62d797c5a7c?s=96&d=mm&r=g\"},\"sameAs\":[\"http:\\\/\\\/www.henryvillasmil.com.ve\",\"https:\\\/\\\/www.instagram.com\\\/villasmilhfoto\\\/\",\"https:\\\/\\\/x.com\\\/https:\\\/\\\/twitter.com\\\/villasmilhfoto\"],\"url\":\"https:\\\/\\\/digital58.com.ve\\\/site\\\/author\\\/droopy_68\\\/\"}]}<\/script>\n<!-- \/ Yoast SEO plugin. -->","yoast_head_json":{"title":"La crisis del Dari\u00e9n: r\u00e9cord de migrantes y menores en tr\u00e1nsito en 2023","robots":{"index":"index","follow":"follow","max-snippet":"max-snippet:-1","max-image-preview":"max-image-preview:large","max-video-preview":"max-video-preview:-1"},"canonical":"https:\/\/digital58.com.ve\/site\/2023\/12\/24\/la-crisis-del-darien-record-de-migrantes-y-menores-en-transito-en-2023\/","og_locale":"es_ES","og_type":"article","og_title":"La crisis del Dari\u00e9n: r\u00e9cord de migrantes y menores en tr\u00e1nsito en 2023","og_url":"https:\/\/digital58.com.ve\/site\/2023\/12\/24\/la-crisis-del-darien-record-de-migrantes-y-menores-en-transito-en-2023\/","og_site_name":"Noticias Digital58","article_published_time":"2023-12-24T16:37:15+00:00","og_image":[{"width":800,"height":533,"url":"https:\/\/i0.wp.com\/digital58.com.ve\/site\/wp-content\/uploads\/2023\/12\/darien-2.jpg?fit=800%2C533&ssl=1","type":"image\/jpeg"}],"author":"Villasmil Henry","twitter_card":"summary_large_image","twitter_creator":"@https:\/\/twitter.com\/villasmilhfoto","twitter_site":"@villasmilhfoto","twitter_misc":{"Escrito por":"Villasmil Henry","Tiempo estimado de lectura":"4 minutos"},"schema":{"@context":"https:\/\/schema.org","@graph":[{"@type":"Article","@id":"https:\/\/digital58.com.ve\/site\/2023\/12\/24\/la-crisis-del-darien-record-de-migrantes-y-menores-en-transito-en-2023\/#article","isPartOf":{"@id":"https:\/\/digital58.com.ve\/site\/2023\/12\/24\/la-crisis-del-darien-record-de-migrantes-y-menores-en-transito-en-2023\/"},"author":{"name":"Villasmil Henry","@id":"https:\/\/digital58.com.ve\/site\/#\/schema\/person\/64d1c2e4d0d4fd1b849980c4331c2951"},"headline":"La crisis del Dari\u00e9n: r\u00e9cord de migrantes y menores en tr\u00e1nsito en 2023","datePublished":"2023-12-24T16:37:15+00:00","mainEntityOfPage":{"@id":"https:\/\/digital58.com.ve\/site\/2023\/12\/24\/la-crisis-del-darien-record-de-migrantes-y-menores-en-transito-en-2023\/"},"wordCount":856,"commentCount":0,"publisher":{"@id":"https:\/\/digital58.com.ve\/site\/#\/schema\/person\/64d1c2e4d0d4fd1b849980c4331c2951"},"image":{"@id":"https:\/\/digital58.com.ve\/site\/2023\/12\/24\/la-crisis-del-darien-record-de-migrantes-y-menores-en-transito-en-2023\/#primaryimage"},"thumbnailUrl":"https:\/\/digital58.com.ve\/site\/wp-content\/uploads\/2023\/12\/darien-2.jpg","keywords":["EE.UU","IFRC","Internacionales","Panam\u00e1","Selva de Darien","Suram\u00e9rica","Unicef"],"articleSection":["Mundo"],"inLanguage":"es","potentialAction":[{"@type":"CommentAction","name":"Comment","target":["https:\/\/digital58.com.ve\/site\/2023\/12\/24\/la-crisis-del-darien-record-de-migrantes-y-menores-en-transito-en-2023\/#respond"]}]},{"@type":"WebPage","@id":"https:\/\/digital58.com.ve\/site\/2023\/12\/24\/la-crisis-del-darien-record-de-migrantes-y-menores-en-transito-en-2023\/","url":"https:\/\/digital58.com.ve\/site\/2023\/12\/24\/la-crisis-del-darien-record-de-migrantes-y-menores-en-transito-en-2023\/","name":"La crisis del Dari\u00e9n: r\u00e9cord de migrantes y menores en tr\u00e1nsito en 2023","isPartOf":{"@id":"https:\/\/digital58.com.ve\/site\/#website"},"primaryImageOfPage":{"@id":"https:\/\/digital58.com.ve\/site\/2023\/12\/24\/la-crisis-del-darien-record-de-migrantes-y-menores-en-transito-en-2023\/#primaryimage"},"image":{"@id":"https:\/\/digital58.com.ve\/site\/2023\/12\/24\/la-crisis-del-darien-record-de-migrantes-y-menores-en-transito-en-2023\/#primaryimage"},"thumbnailUrl":"https:\/\/digital58.com.ve\/site\/wp-content\/uploads\/2023\/12\/darien-2.jpg","datePublished":"2023-12-24T16:37:15+00:00","breadcrumb":{"@id":"https:\/\/digital58.com.ve\/site\/2023\/12\/24\/la-crisis-del-darien-record-de-migrantes-y-menores-en-transito-en-2023\/#breadcrumb"},"inLanguage":"es","potentialAction":[{"@type":"ReadAction","target":["https:\/\/digital58.com.ve\/site\/2023\/12\/24\/la-crisis-del-darien-record-de-migrantes-y-menores-en-transito-en-2023\/"]}]},{"@type":"ImageObject","inLanguage":"es","@id":"https:\/\/digital58.com.ve\/site\/2023\/12\/24\/la-crisis-del-darien-record-de-migrantes-y-menores-en-transito-en-2023\/#primaryimage","url":"https:\/\/digital58.com.ve\/site\/wp-content\/uploads\/2023\/12\/darien-2.jpg","contentUrl":"https:\/\/digital58.com.ve\/site\/wp-content\/uploads\/2023\/12\/darien-2.jpg","width":800,"height":533},{"@type":"BreadcrumbList","@id":"https:\/\/digital58.com.ve\/site\/2023\/12\/24\/la-crisis-del-darien-record-de-migrantes-y-menores-en-transito-en-2023\/#breadcrumb","itemListElement":[{"@type":"ListItem","position":1,"name":"Home","item":"https:\/\/digital58.com.ve\/site\/"},{"@type":"ListItem","position":2,"name":"La crisis del Dari\u00e9n: r\u00e9cord de migrantes y menores en tr\u00e1nsito en 2023"}]},{"@type":"WebSite","@id":"https:\/\/digital58.com.ve\/site\/#website","url":"https:\/\/digital58.com.ve\/site\/","name":"Noticias Digital58","description":"Portal de Noticias \u00a1Periodismo web de verdad! Lanzamiento web 22.11.2005 \/ Maracaibo, Venezuela","publisher":{"@id":"https:\/\/digital58.com.ve\/site\/#\/schema\/person\/64d1c2e4d0d4fd1b849980c4331c2951"},"alternateName":"ND58","potentialAction":[{"@type":"SearchAction","target":{"@type":"EntryPoint","urlTemplate":"https:\/\/digital58.com.ve\/site\/?s={search_term_string}"},"query-input":{"@type":"PropertyValueSpecification","valueRequired":true,"valueName":"search_term_string"}}],"inLanguage":"es"},{"@type":["Person","Organization"],"@id":"https:\/\/digital58.com.ve\/site\/#\/schema\/person\/64d1c2e4d0d4fd1b849980c4331c2951","name":"Villasmil Henry","image":{"@type":"ImageObject","inLanguage":"es","@id":"https:\/\/secure.gravatar.com\/avatar\/bb0c4a2fcb7970138239f7e404ea75757b1b507b28b5ce4c53fbd62d797c5a7c?s=96&d=mm&r=g","url":"https:\/\/secure.gravatar.com\/avatar\/bb0c4a2fcb7970138239f7e404ea75757b1b507b28b5ce4c53fbd62d797c5a7c?s=96&d=mm&r=g","contentUrl":"https:\/\/secure.gravatar.com\/avatar\/bb0c4a2fcb7970138239f7e404ea75757b1b507b28b5ce4c53fbd62d797c5a7c?s=96&d=mm&r=g","caption":"Villasmil Henry"},"logo":{"@id":"https:\/\/secure.gravatar.com\/avatar\/bb0c4a2fcb7970138239f7e404ea75757b1b507b28b5ce4c53fbd62d797c5a7c?s=96&d=mm&r=g"},"sameAs":["http:\/\/www.henryvillasmil.com.ve","https:\/\/www.instagram.com\/villasmilhfoto\/","https:\/\/x.com\/https:\/\/twitter.com\/villasmilhfoto"],"url":"https:\/\/digital58.com.ve\/site\/author\/droopy_68\/"}]}},"uagb_featured_image_src":{"full":["https:\/\/digital58.com.ve\/site\/wp-content\/uploads\/2023\/12\/darien-2.jpg",800,533,false],"thumbnail":["https:\/\/digital58.com.ve\/site\/wp-content\/uploads\/2023\/12\/darien-2-150x150.jpg",150,150,true],"medium":["https:\/\/digital58.com.ve\/site\/wp-content\/uploads\/2023\/12\/darien-2-300x200.jpg",300,200,true],"medium_large":["https:\/\/digital58.com.ve\/site\/wp-content\/uploads\/2023\/12\/darien-2-768x512.jpg",768,512,true],"large":["https:\/\/digital58.com.ve\/site\/wp-content\/uploads\/2023\/12\/darien-2.jpg",800,533,false],"1536x1536":["https:\/\/digital58.com.ve\/site\/wp-content\/uploads\/2023\/12\/darien-2.jpg",800,533,false],"2048x2048":["https:\/\/digital58.com.ve\/site\/wp-content\/uploads\/2023\/12\/darien-2.jpg",800,533,false],"colormag-highlighted-post":["https:\/\/digital58.com.ve\/site\/wp-content\/uploads\/2023\/12\/darien-2-392x272.jpg",392,272,true],"colormag-featured-post-medium":["https:\/\/digital58.com.ve\/site\/wp-content\/uploads\/2023\/12\/darien-2-390x205.jpg",390,205,true],"colormag-featured-post-small":["https:\/\/digital58.com.ve\/site\/wp-content\/uploads\/2023\/12\/darien-2-130x90.jpg",130,90,true],"colormag-featured-image":["https:\/\/digital58.com.ve\/site\/wp-content\/uploads\/2023\/12\/darien-2-800x445.jpg",800,445,true],"colormag-default-news":["https:\/\/digital58.com.ve\/site\/wp-content\/uploads\/2023\/12\/darien-2-150x150.jpg",150,150,true],"colormag-featured-image-large":["https:\/\/digital58.com.ve\/site\/wp-content\/uploads\/2023\/12\/darien-2.jpg",800,533,false]},"uagb_author_info":{"display_name":"Villasmil Henry","author_link":"https:\/\/digital58.com.ve\/site\/author\/droopy_68\/"},"uagb_comment_info":0,"uagb_excerpt":"Panam\u00e1 cierra este 2023 marcado por la agravada crisis migratoria: este a\u00f1o se ha batido el r\u00e9cord de medio mill\u00f3n","_links":{"self":[{"href":"https:\/\/digital58.com.ve\/site\/wp-json\/wp\/v2\/posts\/174008","targetHints":{"allow":["GET"]}}],"collection":[{"href":"https:\/\/digital58.com.ve\/site\/wp-json\/wp\/v2\/posts"}],"about":[{"href":"https:\/\/digital58.com.ve\/site\/wp-json\/wp\/v2\/types\/post"}],"author":[{"embeddable":true,"href":"https:\/\/digital58.com.ve\/site\/wp-json\/wp\/v2\/users\/1"}],"replies":[{"embeddable":true,"href":"https:\/\/digital58.com.ve\/site\/wp-json\/wp\/v2\/comments?post=174008"}],"version-history":[{"count":1,"href":"https:\/\/digital58.com.ve\/site\/wp-json\/wp\/v2\/posts\/174008\/revisions"}],"predecessor-version":[{"id":174011,"href":"https:\/\/digital58.com.ve\/site\/wp-json\/wp\/v2\/posts\/174008\/revisions\/174011"}],"wp:featuredmedia":[{"embeddable":true,"href":"https:\/\/digital58.com.ve\/site\/wp-json\/wp\/v2\/media\/174009"}],"wp:attachment":[{"href":"https:\/\/digital58.com.ve\/site\/wp-json\/wp\/v2\/media?parent=174008"}],"wp:term":[{"taxonomy":"category","embeddable":true,"href":"https:\/\/digital58.com.ve\/site\/wp-json\/wp\/v2\/categories?post=174008"},{"taxonomy":"post_tag","embeddable":true,"href":"https:\/\/digital58.com.ve\/site\/wp-json\/wp\/v2\/tags?post=174008"}],"curies":[{"name":"wp","href":"https:\/\/api.w.org\/{rel}","templated":true}]}}