{"id":174103,"date":"2023-12-28T18:20:11","date_gmt":"2023-12-28T22:20:11","guid":{"rendered":"https:\/\/digital58.com.ve\/site\/?p=174103"},"modified":"2023-12-28T18:20:11","modified_gmt":"2023-12-28T22:20:11","slug":"zulia-alcaldia-firma-convenio-con-jardines-del-sur-san-francisco","status":"publish","type":"post","link":"https:\/\/digital58.com.ve\/site\/2023\/12\/28\/zulia-alcaldia-firma-convenio-con-jardines-del-sur-san-francisco\/","title":{"rendered":"#Zulia | Alcald\u00eda firma convenio con Jardines del Sur San Francisco"},"content":{"rendered":"<p><a href=\"https:\/\/digital58.com.ve\/site\/wp-content\/uploads\/2023\/12\/cementerio-jds-1.jpg\"><img loading=\"lazy\" decoding=\"async\" class=\"aligncenter size-full wp-image-174105\" src=\"https:\/\/digital58.com.ve\/site\/wp-content\/uploads\/2023\/12\/cementerio-jds-1.jpg\" alt=\"\" width=\"800\" height=\"534\" srcset=\"https:\/\/digital58.com.ve\/site\/wp-content\/uploads\/2023\/12\/cementerio-jds-1.jpg 800w, https:\/\/digital58.com.ve\/site\/wp-content\/uploads\/2023\/12\/cementerio-jds-1-300x200.jpg 300w, https:\/\/digital58.com.ve\/site\/wp-content\/uploads\/2023\/12\/cementerio-jds-1-768x513.jpg 768w\" sizes=\"auto, (max-width: 800px) 100vw, 800px\" \/><\/a><\/p>\n<p>El acuerdo firmado tiene como objetivo seguir haciendo alianzas estrat\u00e9gicas que sumen al municipio progreso, desarrollo y sustentabilidad, lo cual incluye la recuperaci\u00f3n total de los tres campos santos que funcionan en el municipio sure\u00f1o.<\/p>\n<p><strong>Municipio San Francisco, Zulia, Venezuela, 28 de diciembre de 2023 (ND58).-<\/strong> La Alcald\u00eda de San Francisco firm\u00f3 un convenio con la empresa Jardines del Sur San Francisco, para trabajar en la recuperaci\u00f3n, ampliaci\u00f3n y mejoramiento de los cementerios que funcionan en el municipio.<\/p>\n<p>Este convenio fue firmado por el alcalde Gustavo Fern\u00e1ndez, en representaci\u00f3n del ayuntamiento sure\u00f1o y Francisco Soto, presidente de la Junta Directiva Jardines del Sur San Francisco, en el sal\u00f3n de reuniones de la Alcald\u00eda, donde tambi\u00e9n participaron Orlek Ferrer, director general del ayuntamiento, Villapol Morales, director de despacho y Emilia Viera, consultora jur\u00eddica, en representaci\u00f3n del municipio, as\u00ed como Juan Carlos Contreras, gerente corporativo de la empresa y Larry Gollarza, abogado de Jardines del Sur San Francisco.<\/p>\n<p><a href=\"https:\/\/digital58.com.ve\/site\/wp-content\/uploads\/2023\/12\/acuerdo.jpg\"><img loading=\"lazy\" decoding=\"async\" class=\"aligncenter size-full wp-image-174104\" src=\"https:\/\/digital58.com.ve\/site\/wp-content\/uploads\/2023\/12\/acuerdo.jpg\" alt=\"\" width=\"800\" height=\"533\" srcset=\"https:\/\/digital58.com.ve\/site\/wp-content\/uploads\/2023\/12\/acuerdo.jpg 800w, https:\/\/digital58.com.ve\/site\/wp-content\/uploads\/2023\/12\/acuerdo-300x200.jpg 300w, https:\/\/digital58.com.ve\/site\/wp-content\/uploads\/2023\/12\/acuerdo-768x512.jpg 768w\" sizes=\"auto, (max-width: 800px) 100vw, 800px\" \/><\/a><\/p>\n<p>Desde los primeros d\u00edas del 2024 la empresa Jardines del Sur San Francisco, se ocupar\u00e1 de recuperar totalmente el Parque Jardines La Chinita, as\u00ed como tambi\u00e9n planificar y ejecutar el rescate del camposanto San Francisco de As\u00eds y asesorar los trabajos de ampliaci\u00f3n y mejoramiento del Cementerio Municipal de San Francisco, por lo que estar\u00e1n a cargo de los tres cementerios que hay en la municipalidad.<\/p>\n<p><strong>Redacci\u00f3n Nd58 | Fuente: Prensa ADSF<\/strong><br \/>\n<strong>Edici\u00f3n: Villasmil, Henry<\/strong><br \/>\n<strong>Gr\u00e1fica: Cortes\u00eda ADSF<\/strong><\/p>\n<p>&nbsp;<\/p>\n<p>&nbsp;<\/p>\n<p>&nbsp;<\/p><div class=\"wdhnn69f3c2bccc81f\" ><p style=\"text-align: center;\"><a href=\"https:\/\/t.me\/noticiasdigital58\" target=\"_blank\" rel=\"noopener\"><img class=\"aligncenter size-full wp-image-125363\" src=\"https:\/\/digital58.com.ve\/site\/wp-content\/uploads\/2021\/04\/banner-telegram-web-2021.png\" alt=\"\" width=\"600\" height=\"90\" \/><\/a><\/p><\/div><style type=\"text\/css\">\r\n@media screen and (min-width: 1201px) {\r\n.wdhnn69f3c2bccc81f {\r\ndisplay: block;\r\n}\r\n}\r\n@media screen and (min-width: 993px) and (max-width: 1200px) {\r\n.wdhnn69f3c2bccc81f {\r\ndisplay: block;\r\n}\r\n}\r\n@media screen and (min-width: 769px) and (max-width: 992px) {\r\n.wdhnn69f3c2bccc81f {\r\ndisplay: block;\r\n}\r\n}\r\n@media screen and (min-width: 768px) and (max-width: 768px) {\r\n.wdhnn69f3c2bccc81f {\r\ndisplay: block;\r\n}\r\n}\r\n@media screen and (max-width: 767px) {\r\n.wdhnn69f3c2bccc81f {\r\ndisplay: block;\r\n}\r\n}\r\n<\/style>\r\n\n<p>&nbsp;<\/p>\n<div style=\"margin-top: 0px; margin-bottom: 0px;\" class=\"sharethis-inline-share-buttons\" ><\/div>","protected":false},"excerpt":{"rendered":"<p>El acuerdo firmado tiene como objetivo seguir haciendo alianzas estrat\u00e9gicas que sumen al municipio progreso, desarrollo y sustentabilidad, lo cual<\/p>\n","protected":false},"author":1,"featured_media":174104,"comment_status":"open","ping_status":"closed","sticky":false,"template":"","format":"standard","meta":{"colormag_page_container_layout":"default_layout","colormag_page_sidebar_layout":"default_layout","_uag_custom_page_level_css":"","footnotes":""},"categories":[14504],"tags":[4205,33052,26001,33051,5816,233,2354,32],"class_list":["post-174103","post","type-post","status-publish","format-standard","has-post-thumbnail","hentry","category-zulia","tag-alcaldia-de-san-francisco","tag-cementerios","tag-gustavo-fernandez","tag-jardines-del-sur-san-francisco","tag-municipio-san-francisco","tag-nacionales","tag-regionales","tag-venezuela"],"yoast_head":"<!-- This site is optimized with the Yoast SEO plugin v27.5 - https:\/\/yoast.com\/product\/yoast-seo-wordpress\/ -->\n<title>#Zulia | Alcald\u00eda firma convenio con Jardines del Sur San Francisco<\/title>\n<meta name=\"robots\" content=\"index, follow, max-snippet:-1, max-image-preview:large, max-video-preview:-1\" \/>\n<link rel=\"canonical\" href=\"https:\/\/digital58.com.ve\/site\/2023\/12\/28\/zulia-alcaldia-firma-convenio-con-jardines-del-sur-san-francisco\/\" \/>\n<meta property=\"og:locale\" content=\"es_ES\" \/>\n<meta property=\"og:type\" content=\"article\" \/>\n<meta property=\"og:title\" content=\"#Zulia | Alcald\u00eda firma convenio con Jardines del Sur San Francisco\" \/>\n<meta property=\"og:url\" content=\"https:\/\/digital58.com.ve\/site\/2023\/12\/28\/zulia-alcaldia-firma-convenio-con-jardines-del-sur-san-francisco\/\" \/>\n<meta property=\"og:site_name\" content=\"Noticias Digital58\" \/>\n<meta property=\"article:published_time\" content=\"2023-12-28T22:20:11+00:00\" \/>\n<meta property=\"og:image\" content=\"https:\/\/i0.wp.com\/digital58.com.ve\/site\/wp-content\/uploads\/2023\/12\/acuerdo.jpg?fit=800%2C533&ssl=1\" \/>\n\t<meta property=\"og:image:width\" content=\"800\" \/>\n\t<meta property=\"og:image:height\" content=\"533\" \/>\n\t<meta property=\"og:image:type\" content=\"image\/jpeg\" \/>\n<meta name=\"author\" content=\"Villasmil Henry\" \/>\n<meta name=\"twitter:card\" content=\"summary_large_image\" \/>\n<meta name=\"twitter:creator\" content=\"@https:\/\/twitter.com\/villasmilhfoto\" \/>\n<meta name=\"twitter:site\" content=\"@villasmilhfoto\" \/>\n<meta name=\"twitter:label1\" content=\"Escrito por\" \/>\n\t<meta name=\"twitter:data1\" content=\"Villasmil Henry\" \/>\n\t<meta name=\"twitter:label2\" content=\"Tiempo estimado de lectura\" \/>\n\t<meta name=\"twitter:data2\" content=\"1 minuto\" \/>\n<script type=\"application\/ld+json\" class=\"yoast-schema-graph\">{\"@context\":\"https:\\\/\\\/schema.org\",\"@graph\":[{\"@type\":\"Article\",\"@id\":\"https:\\\/\\\/digital58.com.ve\\\/site\\\/2023\\\/12\\\/28\\\/zulia-alcaldia-firma-convenio-con-jardines-del-sur-san-francisco\\\/#article\",\"isPartOf\":{\"@id\":\"https:\\\/\\\/digital58.com.ve\\\/site\\\/2023\\\/12\\\/28\\\/zulia-alcaldia-firma-convenio-con-jardines-del-sur-san-francisco\\\/\"},\"author\":{\"name\":\"Villasmil Henry\",\"@id\":\"https:\\\/\\\/digital58.com.ve\\\/site\\\/#\\\/schema\\\/person\\\/64d1c2e4d0d4fd1b849980c4331c2951\"},\"headline\":\"#Zulia | Alcald\u00eda firma convenio con Jardines del Sur San Francisco\",\"datePublished\":\"2023-12-28T22:20:11+00:00\",\"mainEntityOfPage\":{\"@id\":\"https:\\\/\\\/digital58.com.ve\\\/site\\\/2023\\\/12\\\/28\\\/zulia-alcaldia-firma-convenio-con-jardines-del-sur-san-francisco\\\/\"},\"wordCount\":269,\"commentCount\":0,\"publisher\":{\"@id\":\"https:\\\/\\\/digital58.com.ve\\\/site\\\/#\\\/schema\\\/person\\\/64d1c2e4d0d4fd1b849980c4331c2951\"},\"image\":{\"@id\":\"https:\\\/\\\/digital58.com.ve\\\/site\\\/2023\\\/12\\\/28\\\/zulia-alcaldia-firma-convenio-con-jardines-del-sur-san-francisco\\\/#primaryimage\"},\"thumbnailUrl\":\"https:\\\/\\\/digital58.com.ve\\\/site\\\/wp-content\\\/uploads\\\/2023\\\/12\\\/acuerdo.jpg\",\"keywords\":[\"Alcald\u00eda de San Francisco\",\"Cementerios\",\"Gustavo Fern\u00e1ndez\",\"Jardines del Sur San Francisco\",\"Municipio San Francisco\",\"Nacionales\",\"Regionales\",\"Venezuela\"],\"articleSection\":[\"Zulia\"],\"inLanguage\":\"es\",\"potentialAction\":[{\"@type\":\"CommentAction\",\"name\":\"Comment\",\"target\":[\"https:\\\/\\\/digital58.com.ve\\\/site\\\/2023\\\/12\\\/28\\\/zulia-alcaldia-firma-convenio-con-jardines-del-sur-san-francisco\\\/#respond\"]}]},{\"@type\":\"WebPage\",\"@id\":\"https:\\\/\\\/digital58.com.ve\\\/site\\\/2023\\\/12\\\/28\\\/zulia-alcaldia-firma-convenio-con-jardines-del-sur-san-francisco\\\/\",\"url\":\"https:\\\/\\\/digital58.com.ve\\\/site\\\/2023\\\/12\\\/28\\\/zulia-alcaldia-firma-convenio-con-jardines-del-sur-san-francisco\\\/\",\"name\":\"#Zulia | Alcald\u00eda firma convenio con Jardines del Sur San Francisco\",\"isPartOf\":{\"@id\":\"https:\\\/\\\/digital58.com.ve\\\/site\\\/#website\"},\"primaryImageOfPage\":{\"@id\":\"https:\\\/\\\/digital58.com.ve\\\/site\\\/2023\\\/12\\\/28\\\/zulia-alcaldia-firma-convenio-con-jardines-del-sur-san-francisco\\\/#primaryimage\"},\"image\":{\"@id\":\"https:\\\/\\\/digital58.com.ve\\\/site\\\/2023\\\/12\\\/28\\\/zulia-alcaldia-firma-convenio-con-jardines-del-sur-san-francisco\\\/#primaryimage\"},\"thumbnailUrl\":\"https:\\\/\\\/digital58.com.ve\\\/site\\\/wp-content\\\/uploads\\\/2023\\\/12\\\/acuerdo.jpg\",\"datePublished\":\"2023-12-28T22:20:11+00:00\",\"breadcrumb\":{\"@id\":\"https:\\\/\\\/digital58.com.ve\\\/site\\\/2023\\\/12\\\/28\\\/zulia-alcaldia-firma-convenio-con-jardines-del-sur-san-francisco\\\/#breadcrumb\"},\"inLanguage\":\"es\",\"potentialAction\":[{\"@type\":\"ReadAction\",\"target\":[\"https:\\\/\\\/digital58.com.ve\\\/site\\\/2023\\\/12\\\/28\\\/zulia-alcaldia-firma-convenio-con-jardines-del-sur-san-francisco\\\/\"]}]},{\"@type\":\"ImageObject\",\"inLanguage\":\"es\",\"@id\":\"https:\\\/\\\/digital58.com.ve\\\/site\\\/2023\\\/12\\\/28\\\/zulia-alcaldia-firma-convenio-con-jardines-del-sur-san-francisco\\\/#primaryimage\",\"url\":\"https:\\\/\\\/digital58.com.ve\\\/site\\\/wp-content\\\/uploads\\\/2023\\\/12\\\/acuerdo.jpg\",\"contentUrl\":\"https:\\\/\\\/digital58.com.ve\\\/site\\\/wp-content\\\/uploads\\\/2023\\\/12\\\/acuerdo.jpg\",\"width\":800,\"height\":533},{\"@type\":\"BreadcrumbList\",\"@id\":\"https:\\\/\\\/digital58.com.ve\\\/site\\\/2023\\\/12\\\/28\\\/zulia-alcaldia-firma-convenio-con-jardines-del-sur-san-francisco\\\/#breadcrumb\",\"itemListElement\":[{\"@type\":\"ListItem\",\"position\":1,\"name\":\"Home\",\"item\":\"https:\\\/\\\/digital58.com.ve\\\/site\\\/\"},{\"@type\":\"ListItem\",\"position\":2,\"name\":\"#Zulia | Alcald\u00eda firma convenio con Jardines del Sur San Francisco\"}]},{\"@type\":\"WebSite\",\"@id\":\"https:\\\/\\\/digital58.com.ve\\\/site\\\/#website\",\"url\":\"https:\\\/\\\/digital58.com.ve\\\/site\\\/\",\"name\":\"Noticias Digital58\",\"description\":\"Portal de Noticias \u00a1Periodismo web de verdad! Lanzamiento web 22.11.2005 \\\/ Maracaibo, Venezuela\",\"publisher\":{\"@id\":\"https:\\\/\\\/digital58.com.ve\\\/site\\\/#\\\/schema\\\/person\\\/64d1c2e4d0d4fd1b849980c4331c2951\"},\"alternateName\":\"ND58\",\"potentialAction\":[{\"@type\":\"SearchAction\",\"target\":{\"@type\":\"EntryPoint\",\"urlTemplate\":\"https:\\\/\\\/digital58.com.ve\\\/site\\\/?s={search_term_string}\"},\"query-input\":{\"@type\":\"PropertyValueSpecification\",\"valueRequired\":true,\"valueName\":\"search_term_string\"}}],\"inLanguage\":\"es\"},{\"@type\":[\"Person\",\"Organization\"],\"@id\":\"https:\\\/\\\/digital58.com.ve\\\/site\\\/#\\\/schema\\\/person\\\/64d1c2e4d0d4fd1b849980c4331c2951\",\"name\":\"Villasmil Henry\",\"image\":{\"@type\":\"ImageObject\",\"inLanguage\":\"es\",\"@id\":\"https:\\\/\\\/secure.gravatar.com\\\/avatar\\\/bb0c4a2fcb7970138239f7e404ea75757b1b507b28b5ce4c53fbd62d797c5a7c?s=96&d=mm&r=g\",\"url\":\"https:\\\/\\\/secure.gravatar.com\\\/avatar\\\/bb0c4a2fcb7970138239f7e404ea75757b1b507b28b5ce4c53fbd62d797c5a7c?s=96&d=mm&r=g\",\"contentUrl\":\"https:\\\/\\\/secure.gravatar.com\\\/avatar\\\/bb0c4a2fcb7970138239f7e404ea75757b1b507b28b5ce4c53fbd62d797c5a7c?s=96&d=mm&r=g\",\"caption\":\"Villasmil Henry\"},\"logo\":{\"@id\":\"https:\\\/\\\/secure.gravatar.com\\\/avatar\\\/bb0c4a2fcb7970138239f7e404ea75757b1b507b28b5ce4c53fbd62d797c5a7c?s=96&d=mm&r=g\"},\"sameAs\":[\"http:\\\/\\\/www.henryvillasmil.com.ve\",\"https:\\\/\\\/www.instagram.com\\\/villasmilhfoto\\\/\",\"https:\\\/\\\/x.com\\\/https:\\\/\\\/twitter.com\\\/villasmilhfoto\"],\"url\":\"https:\\\/\\\/digital58.com.ve\\\/site\\\/author\\\/droopy_68\\\/\"}]}<\/script>\n<!-- \/ Yoast SEO plugin. -->","yoast_head_json":{"title":"#Zulia | Alcald\u00eda firma convenio con Jardines del Sur San Francisco","robots":{"index":"index","follow":"follow","max-snippet":"max-snippet:-1","max-image-preview":"max-image-preview:large","max-video-preview":"max-video-preview:-1"},"canonical":"https:\/\/digital58.com.ve\/site\/2023\/12\/28\/zulia-alcaldia-firma-convenio-con-jardines-del-sur-san-francisco\/","og_locale":"es_ES","og_type":"article","og_title":"#Zulia | Alcald\u00eda firma convenio con Jardines del Sur San Francisco","og_url":"https:\/\/digital58.com.ve\/site\/2023\/12\/28\/zulia-alcaldia-firma-convenio-con-jardines-del-sur-san-francisco\/","og_site_name":"Noticias Digital58","article_published_time":"2023-12-28T22:20:11+00:00","og_image":[{"width":800,"height":533,"url":"https:\/\/i0.wp.com\/digital58.com.ve\/site\/wp-content\/uploads\/2023\/12\/acuerdo.jpg?fit=800%2C533&ssl=1","type":"image\/jpeg"}],"author":"Villasmil Henry","twitter_card":"summary_large_image","twitter_creator":"@https:\/\/twitter.com\/villasmilhfoto","twitter_site":"@villasmilhfoto","twitter_misc":{"Escrito por":"Villasmil Henry","Tiempo estimado de lectura":"1 minuto"},"schema":{"@context":"https:\/\/schema.org","@graph":[{"@type":"Article","@id":"https:\/\/digital58.com.ve\/site\/2023\/12\/28\/zulia-alcaldia-firma-convenio-con-jardines-del-sur-san-francisco\/#article","isPartOf":{"@id":"https:\/\/digital58.com.ve\/site\/2023\/12\/28\/zulia-alcaldia-firma-convenio-con-jardines-del-sur-san-francisco\/"},"author":{"name":"Villasmil Henry","@id":"https:\/\/digital58.com.ve\/site\/#\/schema\/person\/64d1c2e4d0d4fd1b849980c4331c2951"},"headline":"#Zulia | Alcald\u00eda firma convenio con Jardines del Sur San Francisco","datePublished":"2023-12-28T22:20:11+00:00","mainEntityOfPage":{"@id":"https:\/\/digital58.com.ve\/site\/2023\/12\/28\/zulia-alcaldia-firma-convenio-con-jardines-del-sur-san-francisco\/"},"wordCount":269,"commentCount":0,"publisher":{"@id":"https:\/\/digital58.com.ve\/site\/#\/schema\/person\/64d1c2e4d0d4fd1b849980c4331c2951"},"image":{"@id":"https:\/\/digital58.com.ve\/site\/2023\/12\/28\/zulia-alcaldia-firma-convenio-con-jardines-del-sur-san-francisco\/#primaryimage"},"thumbnailUrl":"https:\/\/digital58.com.ve\/site\/wp-content\/uploads\/2023\/12\/acuerdo.jpg","keywords":["Alcald\u00eda de San Francisco","Cementerios","Gustavo Fern\u00e1ndez","Jardines del Sur San Francisco","Municipio San Francisco","Nacionales","Regionales","Venezuela"],"articleSection":["Zulia"],"inLanguage":"es","potentialAction":[{"@type":"CommentAction","name":"Comment","target":["https:\/\/digital58.com.ve\/site\/2023\/12\/28\/zulia-alcaldia-firma-convenio-con-jardines-del-sur-san-francisco\/#respond"]}]},{"@type":"WebPage","@id":"https:\/\/digital58.com.ve\/site\/2023\/12\/28\/zulia-alcaldia-firma-convenio-con-jardines-del-sur-san-francisco\/","url":"https:\/\/digital58.com.ve\/site\/2023\/12\/28\/zulia-alcaldia-firma-convenio-con-jardines-del-sur-san-francisco\/","name":"#Zulia | Alcald\u00eda firma convenio con Jardines del Sur San Francisco","isPartOf":{"@id":"https:\/\/digital58.com.ve\/site\/#website"},"primaryImageOfPage":{"@id":"https:\/\/digital58.com.ve\/site\/2023\/12\/28\/zulia-alcaldia-firma-convenio-con-jardines-del-sur-san-francisco\/#primaryimage"},"image":{"@id":"https:\/\/digital58.com.ve\/site\/2023\/12\/28\/zulia-alcaldia-firma-convenio-con-jardines-del-sur-san-francisco\/#primaryimage"},"thumbnailUrl":"https:\/\/digital58.com.ve\/site\/wp-content\/uploads\/2023\/12\/acuerdo.jpg","datePublished":"2023-12-28T22:20:11+00:00","breadcrumb":{"@id":"https:\/\/digital58.com.ve\/site\/2023\/12\/28\/zulia-alcaldia-firma-convenio-con-jardines-del-sur-san-francisco\/#breadcrumb"},"inLanguage":"es","potentialAction":[{"@type":"ReadAction","target":["https:\/\/digital58.com.ve\/site\/2023\/12\/28\/zulia-alcaldia-firma-convenio-con-jardines-del-sur-san-francisco\/"]}]},{"@type":"ImageObject","inLanguage":"es","@id":"https:\/\/digital58.com.ve\/site\/2023\/12\/28\/zulia-alcaldia-firma-convenio-con-jardines-del-sur-san-francisco\/#primaryimage","url":"https:\/\/digital58.com.ve\/site\/wp-content\/uploads\/2023\/12\/acuerdo.jpg","contentUrl":"https:\/\/digital58.com.ve\/site\/wp-content\/uploads\/2023\/12\/acuerdo.jpg","width":800,"height":533},{"@type":"BreadcrumbList","@id":"https:\/\/digital58.com.ve\/site\/2023\/12\/28\/zulia-alcaldia-firma-convenio-con-jardines-del-sur-san-francisco\/#breadcrumb","itemListElement":[{"@type":"ListItem","position":1,"name":"Home","item":"https:\/\/digital58.com.ve\/site\/"},{"@type":"ListItem","position":2,"name":"#Zulia | Alcald\u00eda firma convenio con Jardines del Sur San Francisco"}]},{"@type":"WebSite","@id":"https:\/\/digital58.com.ve\/site\/#website","url":"https:\/\/digital58.com.ve\/site\/","name":"Noticias Digital58","description":"Portal de Noticias \u00a1Periodismo web de verdad! Lanzamiento web 22.11.2005 \/ Maracaibo, Venezuela","publisher":{"@id":"https:\/\/digital58.com.ve\/site\/#\/schema\/person\/64d1c2e4d0d4fd1b849980c4331c2951"},"alternateName":"ND58","potentialAction":[{"@type":"SearchAction","target":{"@type":"EntryPoint","urlTemplate":"https:\/\/digital58.com.ve\/site\/?s={search_term_string}"},"query-input":{"@type":"PropertyValueSpecification","valueRequired":true,"valueName":"search_term_string"}}],"inLanguage":"es"},{"@type":["Person","Organization"],"@id":"https:\/\/digital58.com.ve\/site\/#\/schema\/person\/64d1c2e4d0d4fd1b849980c4331c2951","name":"Villasmil Henry","image":{"@type":"ImageObject","inLanguage":"es","@id":"https:\/\/secure.gravatar.com\/avatar\/bb0c4a2fcb7970138239f7e404ea75757b1b507b28b5ce4c53fbd62d797c5a7c?s=96&d=mm&r=g","url":"https:\/\/secure.gravatar.com\/avatar\/bb0c4a2fcb7970138239f7e404ea75757b1b507b28b5ce4c53fbd62d797c5a7c?s=96&d=mm&r=g","contentUrl":"https:\/\/secure.gravatar.com\/avatar\/bb0c4a2fcb7970138239f7e404ea75757b1b507b28b5ce4c53fbd62d797c5a7c?s=96&d=mm&r=g","caption":"Villasmil Henry"},"logo":{"@id":"https:\/\/secure.gravatar.com\/avatar\/bb0c4a2fcb7970138239f7e404ea75757b1b507b28b5ce4c53fbd62d797c5a7c?s=96&d=mm&r=g"},"sameAs":["http:\/\/www.henryvillasmil.com.ve","https:\/\/www.instagram.com\/villasmilhfoto\/","https:\/\/x.com\/https:\/\/twitter.com\/villasmilhfoto"],"url":"https:\/\/digital58.com.ve\/site\/author\/droopy_68\/"}]}},"uagb_featured_image_src":{"full":["https:\/\/digital58.com.ve\/site\/wp-content\/uploads\/2023\/12\/acuerdo.jpg",800,533,false],"thumbnail":["https:\/\/digital58.com.ve\/site\/wp-content\/uploads\/2023\/12\/acuerdo-150x150.jpg",150,150,true],"medium":["https:\/\/digital58.com.ve\/site\/wp-content\/uploads\/2023\/12\/acuerdo-300x200.jpg",300,200,true],"medium_large":["https:\/\/digital58.com.ve\/site\/wp-content\/uploads\/2023\/12\/acuerdo-768x512.jpg",768,512,true],"large":["https:\/\/digital58.com.ve\/site\/wp-content\/uploads\/2023\/12\/acuerdo.jpg",800,533,false],"1536x1536":["https:\/\/digital58.com.ve\/site\/wp-content\/uploads\/2023\/12\/acuerdo.jpg",800,533,false],"2048x2048":["https:\/\/digital58.com.ve\/site\/wp-content\/uploads\/2023\/12\/acuerdo.jpg",800,533,false],"colormag-highlighted-post":["https:\/\/digital58.com.ve\/site\/wp-content\/uploads\/2023\/12\/acuerdo-392x272.jpg",392,272,true],"colormag-featured-post-medium":["https:\/\/digital58.com.ve\/site\/wp-content\/uploads\/2023\/12\/acuerdo-390x205.jpg",390,205,true],"colormag-featured-post-small":["https:\/\/digital58.com.ve\/site\/wp-content\/uploads\/2023\/12\/acuerdo-130x90.jpg",130,90,true],"colormag-featured-image":["https:\/\/digital58.com.ve\/site\/wp-content\/uploads\/2023\/12\/acuerdo-800x445.jpg",800,445,true],"colormag-default-news":["https:\/\/digital58.com.ve\/site\/wp-content\/uploads\/2023\/12\/acuerdo-150x150.jpg",150,150,true],"colormag-featured-image-large":["https:\/\/digital58.com.ve\/site\/wp-content\/uploads\/2023\/12\/acuerdo.jpg",800,533,false]},"uagb_author_info":{"display_name":"Villasmil Henry","author_link":"https:\/\/digital58.com.ve\/site\/author\/droopy_68\/"},"uagb_comment_info":0,"uagb_excerpt":"El acuerdo firmado tiene como objetivo seguir haciendo alianzas estrat\u00e9gicas que sumen al municipio progreso, desarrollo y sustentabilidad, lo cual","_links":{"self":[{"href":"https:\/\/digital58.com.ve\/site\/wp-json\/wp\/v2\/posts\/174103","targetHints":{"allow":["GET"]}}],"collection":[{"href":"https:\/\/digital58.com.ve\/site\/wp-json\/wp\/v2\/posts"}],"about":[{"href":"https:\/\/digital58.com.ve\/site\/wp-json\/wp\/v2\/types\/post"}],"author":[{"embeddable":true,"href":"https:\/\/digital58.com.ve\/site\/wp-json\/wp\/v2\/users\/1"}],"replies":[{"embeddable":true,"href":"https:\/\/digital58.com.ve\/site\/wp-json\/wp\/v2\/comments?post=174103"}],"version-history":[{"count":1,"href":"https:\/\/digital58.com.ve\/site\/wp-json\/wp\/v2\/posts\/174103\/revisions"}],"predecessor-version":[{"id":174106,"href":"https:\/\/digital58.com.ve\/site\/wp-json\/wp\/v2\/posts\/174103\/revisions\/174106"}],"wp:featuredmedia":[{"embeddable":true,"href":"https:\/\/digital58.com.ve\/site\/wp-json\/wp\/v2\/media\/174104"}],"wp:attachment":[{"href":"https:\/\/digital58.com.ve\/site\/wp-json\/wp\/v2\/media?parent=174103"}],"wp:term":[{"taxonomy":"category","embeddable":true,"href":"https:\/\/digital58.com.ve\/site\/wp-json\/wp\/v2\/categories?post=174103"},{"taxonomy":"post_tag","embeddable":true,"href":"https:\/\/digital58.com.ve\/site\/wp-json\/wp\/v2\/tags?post=174103"}],"curies":[{"name":"wp","href":"https:\/\/api.w.org\/{rel}","templated":true}]}}