{"id":174139,"date":"2023-12-30T11:43:12","date_gmt":"2023-12-30T15:43:12","guid":{"rendered":"https:\/\/digital58.com.ve\/site\/?p=174139"},"modified":"2023-12-30T11:43:12","modified_gmt":"2023-12-30T15:43:12","slug":"zulia-plan-maracaibo-verde-avanzara-en-2024-hacia-el-reciclaje","status":"publish","type":"post","link":"https:\/\/digital58.com.ve\/site\/2023\/12\/30\/zulia-plan-maracaibo-verde-avanzara-en-2024-hacia-el-reciclaje\/","title":{"rendered":"#Zulia | \u00abPlan Maracaibo Verde\u00bb avanzar\u00e1 en 2024 hacia el reciclaje"},"content":{"rendered":"<p><a href=\"https:\/\/digital58.com.ve\/site\/wp-content\/uploads\/2023\/12\/medioambiente-mcbo-2.jpg\"><img loading=\"lazy\" decoding=\"async\" class=\"aligncenter size-full wp-image-174140\" src=\"https:\/\/digital58.com.ve\/site\/wp-content\/uploads\/2023\/12\/medioambiente-mcbo-2.jpg\" alt=\"\" width=\"800\" height=\"450\" srcset=\"https:\/\/digital58.com.ve\/site\/wp-content\/uploads\/2023\/12\/medioambiente-mcbo-2.jpg 800w, https:\/\/digital58.com.ve\/site\/wp-content\/uploads\/2023\/12\/medioambiente-mcbo-2-300x169.jpg 300w, https:\/\/digital58.com.ve\/site\/wp-content\/uploads\/2023\/12\/medioambiente-mcbo-2-768x432.jpg 768w\" sizes=\"auto, (max-width: 800px) 100vw, 800px\" \/><\/a><\/p>\n<p>La meta del municipio es sacar provecho de los desechos, en especial del pl\u00e1stico que se puede reducir, reutilizar y reciclar.<\/p>\n<p><strong>Maracaibo, Zulia, Venezuela, 30 de diciembre de 2023 (ND58).-<\/strong> El \u00abPlan Maracaibo Verde\u00bb, enmarcado en el eje Ambiente, de los cinco que rigen las pol\u00edticas p\u00fablicas de la gesti\u00f3n del alcalde Rafael Ram\u00edrez Colina, se prepara para avanzar hacia el reciclaje de los desechos s\u00f3lidos que produce la ciudad, a trav\u00e9s del Instituto Municipal de Ambiente (IMA).<\/p>\n<p>\u00abLos desechos s\u00f3lidos deben dejar de ser un gasto para el municipio para convertirse en una fuente de recursos. Empezaremos a ense\u00f1ar sobre clasificaci\u00f3n de desechos en una parroquia piloto para luego ir al resto de la ciudad\u00bb, se\u00f1al\u00f3 Jos\u00e9 \u00c1ngel P\u00e9rez, presidente del IMA.<\/p>\n<p>Y es que en 2023 se implement\u00f3 la frecuencia bisemanal de desechos s\u00f3lidos en cuatro parroquias, adem\u00e1s, se trabaj\u00f3 en el saneamiento de 89 ca\u00f1adas que suman m\u00e1s 101 kil\u00f3metos lineales de cauce y se extrajo de ellas 125 mil toneladas de desechos s\u00f3lidos que sin los operativos de limpieza, hubiesen terminado en el Lago de Maracaibo.<\/p>\n<p>Nada m\u00e1s para el programa Destapando la Solidaridad se recolectaron 90 mil tapitas que resultaron en ayuda para los tratamientos de los ni\u00f1os con c\u00e1ncer y se plantea profundizar en esa pr\u00e1ctica en el 2024.<\/p>\n<p>\u00abLa recolecci\u00f3n continua de desechos y la limpieza de las ca\u00f1adas es el trabajo preventivo que tanto le hac\u00eda falta a la ciudad. Un sin n\u00famero de eventualidades que terminaban en desastre, desaparecieron cuando, por instrucciones del alcalde Rafael Ram\u00edrez Colina, iniciamos el Plan de Limpieza de Ca\u00f1adas que no ha parado y que ahora evoluciona para traerle beneficio a la ciudad. Y no son s\u00f3lo las ca\u00f1adas, sino que limpi\u00e1ndolas hacemos mucho por nuestro lago\u00bb, se\u00f1al\u00f3 P\u00e9rez.<\/p>\n<p><a href=\"https:\/\/digital58.com.ve\/site\/wp-content\/uploads\/2023\/12\/medioambiente-mcbo-1.jpg\"><img loading=\"lazy\" decoding=\"async\" class=\"aligncenter size-full wp-image-174141\" src=\"https:\/\/digital58.com.ve\/site\/wp-content\/uploads\/2023\/12\/medioambiente-mcbo-1.jpg\" alt=\"\" width=\"800\" height=\"449\" srcset=\"https:\/\/digital58.com.ve\/site\/wp-content\/uploads\/2023\/12\/medioambiente-mcbo-1.jpg 800w, https:\/\/digital58.com.ve\/site\/wp-content\/uploads\/2023\/12\/medioambiente-mcbo-1-300x168.jpg 300w, https:\/\/digital58.com.ve\/site\/wp-content\/uploads\/2023\/12\/medioambiente-mcbo-1-768x431.jpg 768w\" sizes=\"auto, (max-width: 800px) 100vw, 800px\" \/><\/a><\/p>\n<p>De la misma forma, P\u00e9rez inform\u00f3 que durante 2023, se realizaron 6.649 podas y 485 talas en corredores viales, plazas, sistemas el\u00e9ctricos y servicios especiales; al tiempo que se sembraron 8.026 \u00e1rboles en toda la ciudad.<\/p>\n<p>Adem\u00e1s, con el \u00abPlan de Limpieza de las Riberas del Lago\u00bb se retiraron m\u00e1s de 2450 toneladas de desechos gracias al Voluntariado Conscientes por el Lago que inici\u00f3 en 2022 y que s\u00f3lo en 2023 recolect\u00f3 1381,5 toneladas. \u00abSeguiremos nuestro plan de hacer de la ciudad y nuestro lago un espacio limpio y verde\u00bb, concuy\u00f3 P\u00e9rez.<\/p>\n<p><strong>Redacci\u00f3n ND58 | Fuente: DCI Alcald\u00eda de Maracaibo<\/strong><br \/>\n<strong>Edici\u00f3n: Villasmil, Henry<\/strong><br \/>\n<strong>Gr\u00e1ficas: Cortes\u00eda ADM<\/strong><\/p>\n<p>&nbsp;<\/p><div class=\"njdyz6a9b6701de5e3\" ><p style=\"text-align: center;\"><a href=\"https:\/\/t.me\/noticiasdigital58\" target=\"_blank\" rel=\"noopener\"><img class=\"aligncenter size-full wp-image-125363\" src=\"https:\/\/digital58.com.ve\/site\/wp-content\/uploads\/2021\/04\/banner-telegram-web-2021.png\" alt=\"\" width=\"600\" height=\"90\" \/><\/a><\/p><\/div><style type=\"text\/css\">\r\n@media screen and (min-width: 1201px) {\r\n.njdyz6a9b6701de5e3 {\r\ndisplay: block;\r\n}\r\n}\r\n@media screen and (min-width: 993px) and (max-width: 1200px) {\r\n.njdyz6a9b6701de5e3 {\r\ndisplay: block;\r\n}\r\n}\r\n@media screen and (min-width: 769px) and (max-width: 992px) {\r\n.njdyz6a9b6701de5e3 {\r\ndisplay: block;\r\n}\r\n}\r\n@media screen and (min-width: 768px) and (max-width: 768px) {\r\n.njdyz6a9b6701de5e3 {\r\ndisplay: block;\r\n}\r\n}\r\n@media screen and (max-width: 767px) {\r\n.njdyz6a9b6701de5e3 {\r\ndisplay: block;\r\n}\r\n}\r\n<\/style>\r\n\n<p>&nbsp;<\/p>\n<div style=\"margin-top: 0px; margin-bottom: 0px;\" class=\"sharethis-inline-share-buttons\" ><\/div>","protected":false},"excerpt":{"rendered":"<p>La meta del municipio es sacar provecho de los desechos, en especial del pl\u00e1stico que se puede reducir, reutilizar y<\/p>\n","protected":false},"author":1,"featured_media":174141,"comment_status":"open","ping_status":"closed","sticky":false,"template":"","format":"standard","meta":{"colormag_page_container_layout":"default_layout","colormag_page_sidebar_layout":"default_layout","_uag_custom_page_level_css":"","footnotes":""},"categories":[14504],"tags":[290,429,13909,73,9151,233,28322,13980,2370,2354,32],"class_list":["post-174139","post","type-post","status-publish","format-standard","has-post-thumbnail","hentry","category-zulia","tag-alcaldia-de-maracaibo","tag-ima","tag-instituto-municipal-de-ambiente","tag-maracaibo","tag-medioambiente","tag-nacionales","tag-plan-maracaibo-verde","tag-rafael-ramirez-colina","tag-reciclaje","tag-regionales","tag-venezuela"],"yoast_head":"<!-- This site is optimized with the Yoast SEO plugin v28.4 - https:\/\/yoast.com\/product\/yoast-seo-wordpress\/ -->\n<title>#Zulia | \u00abPlan Maracaibo Verde\u00bb avanzar\u00e1 en 2024 hacia el reciclaje<\/title>\n<meta name=\"robots\" content=\"index, follow, max-snippet:-1, max-image-preview:large, max-video-preview:-1\" \/>\n<link rel=\"canonical\" href=\"https:\/\/digital58.com.ve\/site\/2023\/12\/30\/zulia-plan-maracaibo-verde-avanzara-en-2024-hacia-el-reciclaje\/\" \/>\n<meta property=\"og:locale\" content=\"es_ES\" \/>\n<meta property=\"og:type\" content=\"article\" \/>\n<meta property=\"og:title\" content=\"#Zulia | \u00abPlan Maracaibo Verde\u00bb avanzar\u00e1 en 2024 hacia el reciclaje\" \/>\n<meta property=\"og:url\" content=\"https:\/\/digital58.com.ve\/site\/2023\/12\/30\/zulia-plan-maracaibo-verde-avanzara-en-2024-hacia-el-reciclaje\/\" \/>\n<meta property=\"og:site_name\" content=\"Noticias Digital58\" \/>\n<meta property=\"article:published_time\" content=\"2023-12-30T15:43:12+00:00\" \/>\n<meta property=\"og:image\" content=\"https:\/\/i0.wp.com\/digital58.com.ve\/site\/wp-content\/uploads\/2023\/12\/medioambiente-mcbo-1.jpg?fit=800%2C449&ssl=1\" \/>\n\t<meta property=\"og:image:width\" content=\"800\" \/>\n\t<meta property=\"og:image:height\" content=\"449\" \/>\n\t<meta property=\"og:image:type\" content=\"image\/jpeg\" \/>\n<meta name=\"author\" content=\"Villasmil Henry\" \/>\n<meta name=\"twitter:card\" content=\"summary_large_image\" \/>\n<meta name=\"twitter:creator\" content=\"@https:\/\/twitter.com\/villasmilhfoto\" \/>\n<meta name=\"twitter:site\" content=\"@villasmilhfoto\" \/>\n<meta name=\"twitter:label1\" content=\"Escrito por\" \/>\n\t<meta name=\"twitter:data1\" content=\"Villasmil Henry\" \/>\n\t<meta name=\"twitter:label2\" content=\"Tiempo estimado de lectura\" \/>\n\t<meta name=\"twitter:data2\" content=\"2 minutos\" \/>\n<script type=\"application\/ld+json\" class=\"yoast-schema-graph\">{\"@context\":\"https:\\\/\\\/schema.org\",\"@graph\":[{\"@type\":\"Article\",\"@id\":\"https:\\\/\\\/digital58.com.ve\\\/site\\\/2023\\\/12\\\/30\\\/zulia-plan-maracaibo-verde-avanzara-en-2024-hacia-el-reciclaje\\\/#article\",\"isPartOf\":{\"@id\":\"https:\\\/\\\/digital58.com.ve\\\/site\\\/2023\\\/12\\\/30\\\/zulia-plan-maracaibo-verde-avanzara-en-2024-hacia-el-reciclaje\\\/\"},\"author\":{\"name\":\"Villasmil Henry\",\"@id\":\"https:\\\/\\\/digital58.com.ve\\\/site\\\/#\\\/schema\\\/person\\\/64d1c2e4d0d4fd1b849980c4331c2951\"},\"headline\":\"#Zulia | \u00abPlan Maracaibo Verde\u00bb avanzar\u00e1 en 2024 hacia el reciclaje\",\"datePublished\":\"2023-12-30T15:43:12+00:00\",\"mainEntityOfPage\":{\"@id\":\"https:\\\/\\\/digital58.com.ve\\\/site\\\/2023\\\/12\\\/30\\\/zulia-plan-maracaibo-verde-avanzara-en-2024-hacia-el-reciclaje\\\/\"},\"wordCount\":438,\"commentCount\":0,\"publisher\":{\"@id\":\"https:\\\/\\\/digital58.com.ve\\\/site\\\/#\\\/schema\\\/person\\\/64d1c2e4d0d4fd1b849980c4331c2951\"},\"image\":{\"@id\":\"https:\\\/\\\/digital58.com.ve\\\/site\\\/2023\\\/12\\\/30\\\/zulia-plan-maracaibo-verde-avanzara-en-2024-hacia-el-reciclaje\\\/#primaryimage\"},\"thumbnailUrl\":\"https:\\\/\\\/digital58.com.ve\\\/site\\\/wp-content\\\/uploads\\\/2023\\\/12\\\/medioambiente-mcbo-1.jpg\",\"keywords\":[\"Alcald\u00eda de Maracaibo\",\"IMA\",\"Instituto Municipal de Ambiente\",\"Maracaibo\",\"Medioambiente\",\"Nacionales\",\"Plan Maracaibo Verde\",\"Rafael Ram\u00edrez Colina\",\"Reciclaje\",\"Regionales\",\"Venezuela\"],\"articleSection\":[\"Zulia\"],\"inLanguage\":\"es\",\"potentialAction\":[{\"@type\":\"CommentAction\",\"name\":\"Comment\",\"target\":[\"https:\\\/\\\/digital58.com.ve\\\/site\\\/2023\\\/12\\\/30\\\/zulia-plan-maracaibo-verde-avanzara-en-2024-hacia-el-reciclaje\\\/#respond\"]}]},{\"@type\":\"WebPage\",\"@id\":\"https:\\\/\\\/digital58.com.ve\\\/site\\\/2023\\\/12\\\/30\\\/zulia-plan-maracaibo-verde-avanzara-en-2024-hacia-el-reciclaje\\\/\",\"url\":\"https:\\\/\\\/digital58.com.ve\\\/site\\\/2023\\\/12\\\/30\\\/zulia-plan-maracaibo-verde-avanzara-en-2024-hacia-el-reciclaje\\\/\",\"name\":\"#Zulia | \u00abPlan Maracaibo Verde\u00bb avanzar\u00e1 en 2024 hacia el reciclaje\",\"isPartOf\":{\"@id\":\"https:\\\/\\\/digital58.com.ve\\\/site\\\/#website\"},\"primaryImageOfPage\":{\"@id\":\"https:\\\/\\\/digital58.com.ve\\\/site\\\/2023\\\/12\\\/30\\\/zulia-plan-maracaibo-verde-avanzara-en-2024-hacia-el-reciclaje\\\/#primaryimage\"},\"image\":{\"@id\":\"https:\\\/\\\/digital58.com.ve\\\/site\\\/2023\\\/12\\\/30\\\/zulia-plan-maracaibo-verde-avanzara-en-2024-hacia-el-reciclaje\\\/#primaryimage\"},\"thumbnailUrl\":\"https:\\\/\\\/digital58.com.ve\\\/site\\\/wp-content\\\/uploads\\\/2023\\\/12\\\/medioambiente-mcbo-1.jpg\",\"datePublished\":\"2023-12-30T15:43:12+00:00\",\"breadcrumb\":{\"@id\":\"https:\\\/\\\/digital58.com.ve\\\/site\\\/2023\\\/12\\\/30\\\/zulia-plan-maracaibo-verde-avanzara-en-2024-hacia-el-reciclaje\\\/#breadcrumb\"},\"inLanguage\":\"es\",\"potentialAction\":[{\"@type\":\"ReadAction\",\"target\":[\"https:\\\/\\\/digital58.com.ve\\\/site\\\/2023\\\/12\\\/30\\\/zulia-plan-maracaibo-verde-avanzara-en-2024-hacia-el-reciclaje\\\/\"]}]},{\"@type\":\"ImageObject\",\"inLanguage\":\"es\",\"@id\":\"https:\\\/\\\/digital58.com.ve\\\/site\\\/2023\\\/12\\\/30\\\/zulia-plan-maracaibo-verde-avanzara-en-2024-hacia-el-reciclaje\\\/#primaryimage\",\"url\":\"https:\\\/\\\/digital58.com.ve\\\/site\\\/wp-content\\\/uploads\\\/2023\\\/12\\\/medioambiente-mcbo-1.jpg\",\"contentUrl\":\"https:\\\/\\\/digital58.com.ve\\\/site\\\/wp-content\\\/uploads\\\/2023\\\/12\\\/medioambiente-mcbo-1.jpg\",\"width\":800,\"height\":449},{\"@type\":\"BreadcrumbList\",\"@id\":\"https:\\\/\\\/digital58.com.ve\\\/site\\\/2023\\\/12\\\/30\\\/zulia-plan-maracaibo-verde-avanzara-en-2024-hacia-el-reciclaje\\\/#breadcrumb\",\"itemListElement\":[{\"@type\":\"ListItem\",\"position\":1,\"name\":\"Home\",\"item\":\"https:\\\/\\\/digital58.com.ve\\\/site\\\/\"},{\"@type\":\"ListItem\",\"position\":2,\"name\":\"#Zulia | \u00abPlan Maracaibo Verde\u00bb avanzar\u00e1 en 2024 hacia el reciclaje\"}]},{\"@type\":\"WebSite\",\"@id\":\"https:\\\/\\\/digital58.com.ve\\\/site\\\/#website\",\"url\":\"https:\\\/\\\/digital58.com.ve\\\/site\\\/\",\"name\":\"Noticias Digital58\",\"description\":\"Portal de Noticias \u00a1Periodismo web de verdad! Lanzamiento web 22.11.2005 \\\/ Maracaibo, Venezuela\",\"publisher\":{\"@id\":\"https:\\\/\\\/digital58.com.ve\\\/site\\\/#\\\/schema\\\/person\\\/64d1c2e4d0d4fd1b849980c4331c2951\"},\"alternateName\":\"ND58\",\"potentialAction\":[{\"@type\":\"SearchAction\",\"target\":{\"@type\":\"EntryPoint\",\"urlTemplate\":\"https:\\\/\\\/digital58.com.ve\\\/site\\\/?s={search_term_string}\"},\"query-input\":{\"@type\":\"PropertyValueSpecification\",\"valueRequired\":true,\"valueName\":\"search_term_string\"}}],\"inLanguage\":\"es\"},{\"@type\":[\"Person\",\"Organization\"],\"@id\":\"https:\\\/\\\/digital58.com.ve\\\/site\\\/#\\\/schema\\\/person\\\/64d1c2e4d0d4fd1b849980c4331c2951\",\"name\":\"Villasmil Henry\",\"image\":{\"@type\":\"ImageObject\",\"inLanguage\":\"es\",\"@id\":\"https:\\\/\\\/secure.gravatar.com\\\/avatar\\\/bb0c4a2fcb7970138239f7e404ea75757b1b507b28b5ce4c53fbd62d797c5a7c?s=96&d=mm&r=g\",\"url\":\"https:\\\/\\\/secure.gravatar.com\\\/avatar\\\/bb0c4a2fcb7970138239f7e404ea75757b1b507b28b5ce4c53fbd62d797c5a7c?s=96&d=mm&r=g\",\"contentUrl\":\"https:\\\/\\\/secure.gravatar.com\\\/avatar\\\/bb0c4a2fcb7970138239f7e404ea75757b1b507b28b5ce4c53fbd62d797c5a7c?s=96&d=mm&r=g\",\"caption\":\"Villasmil Henry\"},\"logo\":{\"@id\":\"https:\\\/\\\/secure.gravatar.com\\\/avatar\\\/bb0c4a2fcb7970138239f7e404ea75757b1b507b28b5ce4c53fbd62d797c5a7c?s=96&d=mm&r=g\"},\"sameAs\":[\"http:\\\/\\\/www.henryvillasmil.com.ve\",\"https:\\\/\\\/www.instagram.com\\\/villasmilhfoto\\\/\",\"https:\\\/\\\/x.com\\\/https:\\\/\\\/twitter.com\\\/villasmilhfoto\"],\"url\":\"https:\\\/\\\/digital58.com.ve\\\/site\\\/author\\\/droopy_68\\\/\"}]}<\/script>\n<!-- \/ Yoast SEO plugin. -->","yoast_head_json":{"title":"#Zulia | \u00abPlan Maracaibo Verde\u00bb avanzar\u00e1 en 2024 hacia el reciclaje","robots":{"index":"index","follow":"follow","max-snippet":"max-snippet:-1","max-image-preview":"max-image-preview:large","max-video-preview":"max-video-preview:-1"},"canonical":"https:\/\/digital58.com.ve\/site\/2023\/12\/30\/zulia-plan-maracaibo-verde-avanzara-en-2024-hacia-el-reciclaje\/","og_locale":"es_ES","og_type":"article","og_title":"#Zulia | \u00abPlan Maracaibo Verde\u00bb avanzar\u00e1 en 2024 hacia el reciclaje","og_url":"https:\/\/digital58.com.ve\/site\/2023\/12\/30\/zulia-plan-maracaibo-verde-avanzara-en-2024-hacia-el-reciclaje\/","og_site_name":"Noticias Digital58","article_published_time":"2023-12-30T15:43:12+00:00","og_image":[{"width":800,"height":449,"url":"https:\/\/i0.wp.com\/digital58.com.ve\/site\/wp-content\/uploads\/2023\/12\/medioambiente-mcbo-1.jpg?fit=800%2C449&ssl=1","type":"image\/jpeg"}],"author":"Villasmil Henry","twitter_card":"summary_large_image","twitter_creator":"@https:\/\/twitter.com\/villasmilhfoto","twitter_site":"@villasmilhfoto","twitter_misc":{"Escrito por":"Villasmil Henry","Tiempo estimado de lectura":"2 minutos"},"schema":{"@context":"https:\/\/schema.org","@graph":[{"@type":"Article","@id":"https:\/\/digital58.com.ve\/site\/2023\/12\/30\/zulia-plan-maracaibo-verde-avanzara-en-2024-hacia-el-reciclaje\/#article","isPartOf":{"@id":"https:\/\/digital58.com.ve\/site\/2023\/12\/30\/zulia-plan-maracaibo-verde-avanzara-en-2024-hacia-el-reciclaje\/"},"author":{"name":"Villasmil Henry","@id":"https:\/\/digital58.com.ve\/site\/#\/schema\/person\/64d1c2e4d0d4fd1b849980c4331c2951"},"headline":"#Zulia | \u00abPlan Maracaibo Verde\u00bb avanzar\u00e1 en 2024 hacia el reciclaje","datePublished":"2023-12-30T15:43:12+00:00","mainEntityOfPage":{"@id":"https:\/\/digital58.com.ve\/site\/2023\/12\/30\/zulia-plan-maracaibo-verde-avanzara-en-2024-hacia-el-reciclaje\/"},"wordCount":438,"commentCount":0,"publisher":{"@id":"https:\/\/digital58.com.ve\/site\/#\/schema\/person\/64d1c2e4d0d4fd1b849980c4331c2951"},"image":{"@id":"https:\/\/digital58.com.ve\/site\/2023\/12\/30\/zulia-plan-maracaibo-verde-avanzara-en-2024-hacia-el-reciclaje\/#primaryimage"},"thumbnailUrl":"https:\/\/digital58.com.ve\/site\/wp-content\/uploads\/2023\/12\/medioambiente-mcbo-1.jpg","keywords":["Alcald\u00eda de Maracaibo","IMA","Instituto Municipal de Ambiente","Maracaibo","Medioambiente","Nacionales","Plan Maracaibo Verde","Rafael Ram\u00edrez Colina","Reciclaje","Regionales","Venezuela"],"articleSection":["Zulia"],"inLanguage":"es","potentialAction":[{"@type":"CommentAction","name":"Comment","target":["https:\/\/digital58.com.ve\/site\/2023\/12\/30\/zulia-plan-maracaibo-verde-avanzara-en-2024-hacia-el-reciclaje\/#respond"]}]},{"@type":"WebPage","@id":"https:\/\/digital58.com.ve\/site\/2023\/12\/30\/zulia-plan-maracaibo-verde-avanzara-en-2024-hacia-el-reciclaje\/","url":"https:\/\/digital58.com.ve\/site\/2023\/12\/30\/zulia-plan-maracaibo-verde-avanzara-en-2024-hacia-el-reciclaje\/","name":"#Zulia | \u00abPlan Maracaibo Verde\u00bb avanzar\u00e1 en 2024 hacia el reciclaje","isPartOf":{"@id":"https:\/\/digital58.com.ve\/site\/#website"},"primaryImageOfPage":{"@id":"https:\/\/digital58.com.ve\/site\/2023\/12\/30\/zulia-plan-maracaibo-verde-avanzara-en-2024-hacia-el-reciclaje\/#primaryimage"},"image":{"@id":"https:\/\/digital58.com.ve\/site\/2023\/12\/30\/zulia-plan-maracaibo-verde-avanzara-en-2024-hacia-el-reciclaje\/#primaryimage"},"thumbnailUrl":"https:\/\/digital58.com.ve\/site\/wp-content\/uploads\/2023\/12\/medioambiente-mcbo-1.jpg","datePublished":"2023-12-30T15:43:12+00:00","breadcrumb":{"@id":"https:\/\/digital58.com.ve\/site\/2023\/12\/30\/zulia-plan-maracaibo-verde-avanzara-en-2024-hacia-el-reciclaje\/#breadcrumb"},"inLanguage":"es","potentialAction":[{"@type":"ReadAction","target":["https:\/\/digital58.com.ve\/site\/2023\/12\/30\/zulia-plan-maracaibo-verde-avanzara-en-2024-hacia-el-reciclaje\/"]}]},{"@type":"ImageObject","inLanguage":"es","@id":"https:\/\/digital58.com.ve\/site\/2023\/12\/30\/zulia-plan-maracaibo-verde-avanzara-en-2024-hacia-el-reciclaje\/#primaryimage","url":"https:\/\/digital58.com.ve\/site\/wp-content\/uploads\/2023\/12\/medioambiente-mcbo-1.jpg","contentUrl":"https:\/\/digital58.com.ve\/site\/wp-content\/uploads\/2023\/12\/medioambiente-mcbo-1.jpg","width":800,"height":449},{"@type":"BreadcrumbList","@id":"https:\/\/digital58.com.ve\/site\/2023\/12\/30\/zulia-plan-maracaibo-verde-avanzara-en-2024-hacia-el-reciclaje\/#breadcrumb","itemListElement":[{"@type":"ListItem","position":1,"name":"Home","item":"https:\/\/digital58.com.ve\/site\/"},{"@type":"ListItem","position":2,"name":"#Zulia | \u00abPlan Maracaibo Verde\u00bb avanzar\u00e1 en 2024 hacia el reciclaje"}]},{"@type":"WebSite","@id":"https:\/\/digital58.com.ve\/site\/#website","url":"https:\/\/digital58.com.ve\/site\/","name":"Noticias Digital58","description":"Portal de Noticias \u00a1Periodismo web de verdad! Lanzamiento web 22.11.2005 \/ Maracaibo, Venezuela","publisher":{"@id":"https:\/\/digital58.com.ve\/site\/#\/schema\/person\/64d1c2e4d0d4fd1b849980c4331c2951"},"alternateName":"ND58","potentialAction":[{"@type":"SearchAction","target":{"@type":"EntryPoint","urlTemplate":"https:\/\/digital58.com.ve\/site\/?s={search_term_string}"},"query-input":{"@type":"PropertyValueSpecification","valueRequired":true,"valueName":"search_term_string"}}],"inLanguage":"es"},{"@type":["Person","Organization"],"@id":"https:\/\/digital58.com.ve\/site\/#\/schema\/person\/64d1c2e4d0d4fd1b849980c4331c2951","name":"Villasmil Henry","image":{"@type":"ImageObject","inLanguage":"es","@id":"https:\/\/secure.gravatar.com\/avatar\/bb0c4a2fcb7970138239f7e404ea75757b1b507b28b5ce4c53fbd62d797c5a7c?s=96&d=mm&r=g","url":"https:\/\/secure.gravatar.com\/avatar\/bb0c4a2fcb7970138239f7e404ea75757b1b507b28b5ce4c53fbd62d797c5a7c?s=96&d=mm&r=g","contentUrl":"https:\/\/secure.gravatar.com\/avatar\/bb0c4a2fcb7970138239f7e404ea75757b1b507b28b5ce4c53fbd62d797c5a7c?s=96&d=mm&r=g","caption":"Villasmil Henry"},"logo":{"@id":"https:\/\/secure.gravatar.com\/avatar\/bb0c4a2fcb7970138239f7e404ea75757b1b507b28b5ce4c53fbd62d797c5a7c?s=96&d=mm&r=g"},"sameAs":["http:\/\/www.henryvillasmil.com.ve","https:\/\/www.instagram.com\/villasmilhfoto\/","https:\/\/x.com\/https:\/\/twitter.com\/villasmilhfoto"],"url":"https:\/\/digital58.com.ve\/site\/author\/droopy_68\/"}]}},"uagb_featured_image_src":{"full":["https:\/\/digital58.com.ve\/site\/wp-content\/uploads\/2023\/12\/medioambiente-mcbo-1.jpg",800,449,false],"thumbnail":["https:\/\/digital58.com.ve\/site\/wp-content\/uploads\/2023\/12\/medioambiente-mcbo-1-150x150.jpg",150,150,true],"medium":["https:\/\/digital58.com.ve\/site\/wp-content\/uploads\/2023\/12\/medioambiente-mcbo-1-300x168.jpg",300,168,true],"medium_large":["https:\/\/digital58.com.ve\/site\/wp-content\/uploads\/2023\/12\/medioambiente-mcbo-1-768x431.jpg",768,431,true],"large":["https:\/\/digital58.com.ve\/site\/wp-content\/uploads\/2023\/12\/medioambiente-mcbo-1.jpg",800,449,false],"1536x1536":["https:\/\/digital58.com.ve\/site\/wp-content\/uploads\/2023\/12\/medioambiente-mcbo-1.jpg",800,449,false],"2048x2048":["https:\/\/digital58.com.ve\/site\/wp-content\/uploads\/2023\/12\/medioambiente-mcbo-1.jpg",800,449,false],"colormag-highlighted-post":["https:\/\/digital58.com.ve\/site\/wp-content\/uploads\/2023\/12\/medioambiente-mcbo-1-392x272.jpg",392,272,true],"colormag-featured-post-medium":["https:\/\/digital58.com.ve\/site\/wp-content\/uploads\/2023\/12\/medioambiente-mcbo-1-390x205.jpg",390,205,true],"colormag-featured-post-small":["https:\/\/digital58.com.ve\/site\/wp-content\/uploads\/2023\/12\/medioambiente-mcbo-1-130x90.jpg",130,90,true],"colormag-featured-image":["https:\/\/digital58.com.ve\/site\/wp-content\/uploads\/2023\/12\/medioambiente-mcbo-1-800x445.jpg",800,445,true],"colormag-default-news":["https:\/\/digital58.com.ve\/site\/wp-content\/uploads\/2023\/12\/medioambiente-mcbo-1-150x150.jpg",150,150,true],"colormag-featured-image-large":["https:\/\/digital58.com.ve\/site\/wp-content\/uploads\/2023\/12\/medioambiente-mcbo-1.jpg",800,449,false]},"uagb_author_info":{"display_name":"Villasmil Henry","author_link":"https:\/\/digital58.com.ve\/site\/author\/droopy_68\/"},"uagb_comment_info":0,"uagb_excerpt":"La meta del municipio es sacar provecho de los desechos, en especial del pl\u00e1stico que se puede reducir, reutilizar y","_links":{"self":[{"href":"https:\/\/digital58.com.ve\/site\/wp-json\/wp\/v2\/posts\/174139","targetHints":{"allow":["GET"]}}],"collection":[{"href":"https:\/\/digital58.com.ve\/site\/wp-json\/wp\/v2\/posts"}],"about":[{"href":"https:\/\/digital58.com.ve\/site\/wp-json\/wp\/v2\/types\/post"}],"author":[{"embeddable":true,"href":"https:\/\/digital58.com.ve\/site\/wp-json\/wp\/v2\/users\/1"}],"replies":[{"embeddable":true,"href":"https:\/\/digital58.com.ve\/site\/wp-json\/wp\/v2\/comments?post=174139"}],"version-history":[{"count":1,"href":"https:\/\/digital58.com.ve\/site\/wp-json\/wp\/v2\/posts\/174139\/revisions"}],"predecessor-version":[{"id":174142,"href":"https:\/\/digital58.com.ve\/site\/wp-json\/wp\/v2\/posts\/174139\/revisions\/174142"}],"wp:featuredmedia":[{"embeddable":true,"href":"https:\/\/digital58.com.ve\/site\/wp-json\/wp\/v2\/media\/174141"}],"wp:attachment":[{"href":"https:\/\/digital58.com.ve\/site\/wp-json\/wp\/v2\/media?parent=174139"}],"wp:term":[{"taxonomy":"category","embeddable":true,"href":"https:\/\/digital58.com.ve\/site\/wp-json\/wp\/v2\/categories?post=174139"},{"taxonomy":"post_tag","embeddable":true,"href":"https:\/\/digital58.com.ve\/site\/wp-json\/wp\/v2\/tags?post=174139"}],"curies":[{"name":"wp","href":"https:\/\/api.w.org\/{rel}","templated":true}]}}