{"id":174418,"date":"2024-02-02T10:02:01","date_gmt":"2024-02-02T14:02:01","guid":{"rendered":"https:\/\/digital58.com.ve\/site\/?p=174418"},"modified":"2024-02-02T10:02:01","modified_gmt":"2024-02-02T14:02:01","slug":"maracaibo-gladys-socorro-dia-de-la-zulianidad-tiene-su-historia-importantisima-y-trascendental","status":"publish","type":"post","link":"https:\/\/digital58.com.ve\/site\/2024\/02\/02\/maracaibo-gladys-socorro-dia-de-la-zulianidad-tiene-su-historia-importantisima-y-trascendental\/","title":{"rendered":"#Maracaibo | Gladys Socorro: \u00abD\u00eda de la Zulianidad tiene su historia important\u00edsima y trascendental\u00bb"},"content":{"rendered":"<p><a href=\"https:\/\/digital58.com.ve\/site\/wp-content\/uploads\/2024\/02\/WhatsApp-Image-2024-01-23-at-1.37.07-PM.jpeg\"><img loading=\"lazy\" decoding=\"async\" class=\"aligncenter size-full wp-image-174419\" src=\"https:\/\/digital58.com.ve\/site\/wp-content\/uploads\/2024\/02\/WhatsApp-Image-2024-01-23-at-1.37.07-PM.jpeg\" alt=\"\" width=\"1080\" height=\"810\" srcset=\"https:\/\/digital58.com.ve\/site\/wp-content\/uploads\/2024\/02\/WhatsApp-Image-2024-01-23-at-1.37.07-PM.jpeg 1080w, https:\/\/digital58.com.ve\/site\/wp-content\/uploads\/2024\/02\/WhatsApp-Image-2024-01-23-at-1.37.07-PM-300x225.jpeg 300w, https:\/\/digital58.com.ve\/site\/wp-content\/uploads\/2024\/02\/WhatsApp-Image-2024-01-23-at-1.37.07-PM-1000x750.jpeg 1000w, https:\/\/digital58.com.ve\/site\/wp-content\/uploads\/2024\/02\/WhatsApp-Image-2024-01-23-at-1.37.07-PM-768x576.jpeg 768w\" sizes=\"auto, (max-width: 1080px) 100vw, 1080px\" \/><\/a><\/p>\n<p>Gladys Socorro, titular de Corzutur sostuvo que el Gobierno Regional, contin\u00faa invirtiendo en la recuperaci\u00f3n de hospitales, escuelas; \u00aba la par le estamos devolviendo a la gente sus espacios para el disfrute y el esparcimiento\u00bb.<\/p>\n<p><strong>Maracaibo, Zulia, Venezuela, 02 de febrero de 2024 (ND58).-\u00a0<\/strong> La presidente de la Corporaci\u00f3n Zuliana de Turismo, Corzutur, Gladys Socorro, durante el Programa de Televisi\u00f3n La \u00abHora del Caf\u00e9\u00bb, se refiri\u00f3 a la amplia programaci\u00f3n que prepar\u00f3 la Gobernaci\u00f3n del Zulia, con motivo de la Semana de la Zulianidad, al tiempo que adelant\u00f3 los preparativos del Desfile del Carnaval 2024, pautado para el 12 de febrero a lo largo de la Calle 77 (5 de Julio).<\/p>\n<p>Recalc\u00f3 que el D\u00eda de la Zulianidad tiene su historia important\u00edsima y trascendental, \u00abporque el 28 de enero de 1821, la Provincia de Maracaibo, con su gobernador de turno proclam\u00f3 la liberaci\u00f3n del yugo espa\u00f1ol. Es una fecha trascendental y de all\u00ed pasamos a lo que es la etapa de la Rep\u00fablica\u00bb.<\/p>\n<p>Explic\u00f3 que desde el 2002, el Gobernador Manuel Rosales decret\u00f3 el D\u00eda de la Zulianidad \u00aby cada 28 de enero celebramos la Zulianidad que es un estilo de vida, el d\u00eda a d\u00eda, lo que comemos, lo que sentimos, es lo que vibramos al escuchar una gaita, pero eso es verdad y eso se siente. Por eso, con el decreto del Gobernador se refrend\u00f3 y oficializ\u00f3 ese d\u00eda\u00bb.<\/p>\n<p>Gladys Socorro dijo que el Gobierno del Zulia trabaja para devolver al Zulia al sitial de honor de donde que nunca debi\u00f3 bajar. \u00abEse es el objetivo que tenemos. Nosotros venimos a gobernar, no vinimos a pelear, llegamos a solucionar, a avanzar\u00bb.<\/p>\n<p>Explic\u00f3 que la programaci\u00f3n para el 28 de enero se cumpli\u00f3 en el \u00e1mbito regional. \u00abCada subregi\u00f3n tiene sus particularidades: en las diferentes Casa de Cultura una serie de actividades; en las escuelas, a los ni\u00f1os se les est\u00e1 explicando el por qu\u00e9 del D\u00eda de la Zulianidad\u00bb<\/p>\n<p>Destac\u00f3 que la Corporaci\u00f3n Zuliana de Turismo contin\u00faa con las visitas guiadas, por el Casco Central de la ciudad, dirigida a los ni\u00f1os. \u00abLes explicamos toda la historia que hay en cada edificaci\u00f3n; son 300 metros lineales que disponemos en el Centro Hist\u00f3rico de Maracaibo\u00bb.<\/p>\n<p>La presidenta de Corzutur anunci\u00f3 que para este 12 de febrero est\u00e1 pautado el Gran Desfile de Carnaval, que se realizar\u00e1 en la Avenida 5 de Julio. \u00abSon 14 cuadras del Desfile de Carnaval Zulia 2024\u00bb, puntualiz\u00f3 Gladys Socorro.<\/p>\n<p>Adem\u00e1s, inform\u00f3 que ya en las redes sociales est\u00e1 toda la informaci\u00f3n, para quienes deseen participar, d\u00f3nde se pueden inscribir organismos p\u00fablicos, privados, carrozas, comparsas. \u00abVamos todos a disfrutar de este desfile de Carnaval\u00bb.<\/p>\n<p><strong>Redacci\u00f3n ND58 | Fuente: Leonel Reyes \/ Prensa GDZ<\/strong><br \/>\n<strong>Edici\u00f3n: Villasmil, Henry<\/strong><br \/>\n<strong>Gr\u00e1fica: Cortes\u00eda Prensa GdZ<\/strong><\/p>\n<p>&nbsp;<\/p>\n<p>&nbsp;<\/p><div class=\"uvdeb6a9886012ceb6\" ><p style=\"text-align: center;\"><a href=\"https:\/\/t.me\/noticiasdigital58\" target=\"_blank\" rel=\"noopener\"><img class=\"aligncenter size-full wp-image-125363\" src=\"https:\/\/digital58.com.ve\/site\/wp-content\/uploads\/2021\/04\/banner-telegram-web-2021.png\" alt=\"\" width=\"600\" height=\"90\" \/><\/a><\/p><\/div><style type=\"text\/css\">\r\n@media screen and (min-width: 1201px) {\r\n.uvdeb6a9886012ceb6 {\r\ndisplay: block;\r\n}\r\n}\r\n@media screen and (min-width: 993px) and (max-width: 1200px) {\r\n.uvdeb6a9886012ceb6 {\r\ndisplay: block;\r\n}\r\n}\r\n@media screen and (min-width: 769px) and (max-width: 992px) {\r\n.uvdeb6a9886012ceb6 {\r\ndisplay: block;\r\n}\r\n}\r\n@media screen and (min-width: 768px) and (max-width: 768px) {\r\n.uvdeb6a9886012ceb6 {\r\ndisplay: block;\r\n}\r\n}\r\n@media screen and (max-width: 767px) {\r\n.uvdeb6a9886012ceb6 {\r\ndisplay: block;\r\n}\r\n}\r\n<\/style>\r\n\n<p>&nbsp;<\/p>\n<div style=\"margin-top: 0px; margin-bottom: 0px;\" class=\"sharethis-inline-share-buttons\" ><\/div>","protected":false},"excerpt":{"rendered":"<p>Gladys Socorro, titular de Corzutur sostuvo que el Gobierno Regional, contin\u00faa invirtiendo en la recuperaci\u00f3n de hospitales, escuelas; \u00aba la<\/p>\n","protected":false},"author":1,"featured_media":174419,"comment_status":"open","ping_status":"closed","sticky":false,"template":"","format":"standard","meta":{"colormag_page_container_layout":"default_layout","colormag_page_sidebar_layout":"default_layout","_uag_custom_page_level_css":"","footnotes":""},"categories":[14504],"tags":[3323,1785,31701,13579,14131,26086,73,233,2354,32],"class_list":["post-174418","post","type-post","status-publish","format-standard","has-post-thumbnail","hentry","category-zulia","tag-corzutur","tag-dia-de-la-zulianidad","tag-gladys-socorro","tag-gobierno-del-zulia","tag-gobierno-regional","tag-manuel-rosales-guerrero","tag-maracaibo","tag-nacionales","tag-regionales","tag-venezuela"],"yoast_head":"<!-- This site is optimized with the Yoast SEO plugin v28.4 - https:\/\/yoast.com\/product\/yoast-seo-wordpress\/ -->\n<title>#Maracaibo | Gladys Socorro: \u00abD\u00eda de la Zulianidad tiene su historia important\u00edsima y trascendental\u00bb<\/title>\n<meta name=\"robots\" content=\"index, follow, max-snippet:-1, max-image-preview:large, max-video-preview:-1\" \/>\n<link rel=\"canonical\" href=\"https:\/\/digital58.com.ve\/site\/2024\/02\/02\/maracaibo-gladys-socorro-dia-de-la-zulianidad-tiene-su-historia-importantisima-y-trascendental\/\" \/>\n<meta property=\"og:locale\" content=\"es_ES\" \/>\n<meta property=\"og:type\" content=\"article\" \/>\n<meta property=\"og:title\" content=\"#Maracaibo | Gladys Socorro: \u00abD\u00eda de la Zulianidad tiene su historia important\u00edsima y trascendental\u00bb\" \/>\n<meta property=\"og:url\" content=\"https:\/\/digital58.com.ve\/site\/2024\/02\/02\/maracaibo-gladys-socorro-dia-de-la-zulianidad-tiene-su-historia-importantisima-y-trascendental\/\" \/>\n<meta property=\"og:site_name\" content=\"Noticias Digital58\" \/>\n<meta property=\"article:published_time\" content=\"2024-02-02T14:02:01+00:00\" \/>\n<meta property=\"og:image\" content=\"https:\/\/i0.wp.com\/digital58.com.ve\/site\/wp-content\/uploads\/2024\/02\/WhatsApp-Image-2024-01-23-at-1.37.07-PM.jpeg?fit=1080%2C810&ssl=1\" \/>\n\t<meta property=\"og:image:width\" content=\"1080\" \/>\n\t<meta property=\"og:image:height\" content=\"810\" \/>\n\t<meta property=\"og:image:type\" content=\"image\/jpeg\" \/>\n<meta name=\"author\" content=\"Villasmil Henry\" \/>\n<meta name=\"twitter:card\" content=\"summary_large_image\" \/>\n<meta name=\"twitter:creator\" content=\"@https:\/\/twitter.com\/villasmilhfoto\" \/>\n<meta name=\"twitter:site\" content=\"@villasmilhfoto\" \/>\n<meta name=\"twitter:label1\" content=\"Escrito por\" \/>\n\t<meta name=\"twitter:data1\" content=\"Villasmil Henry\" \/>\n\t<meta name=\"twitter:label2\" content=\"Tiempo estimado de lectura\" \/>\n\t<meta name=\"twitter:data2\" content=\"2 minutos\" \/>\n<script type=\"application\/ld+json\" class=\"yoast-schema-graph\">{\"@context\":\"https:\\\/\\\/schema.org\",\"@graph\":[{\"@type\":\"Article\",\"@id\":\"https:\\\/\\\/digital58.com.ve\\\/site\\\/2024\\\/02\\\/02\\\/maracaibo-gladys-socorro-dia-de-la-zulianidad-tiene-su-historia-importantisima-y-trascendental\\\/#article\",\"isPartOf\":{\"@id\":\"https:\\\/\\\/digital58.com.ve\\\/site\\\/2024\\\/02\\\/02\\\/maracaibo-gladys-socorro-dia-de-la-zulianidad-tiene-su-historia-importantisima-y-trascendental\\\/\"},\"author\":{\"name\":\"Villasmil Henry\",\"@id\":\"https:\\\/\\\/digital58.com.ve\\\/site\\\/#\\\/schema\\\/person\\\/64d1c2e4d0d4fd1b849980c4331c2951\"},\"headline\":\"#Maracaibo | Gladys Socorro: \u00abD\u00eda de la Zulianidad tiene su historia important\u00edsima y trascendental\u00bb\",\"datePublished\":\"2024-02-02T14:02:01+00:00\",\"mainEntityOfPage\":{\"@id\":\"https:\\\/\\\/digital58.com.ve\\\/site\\\/2024\\\/02\\\/02\\\/maracaibo-gladys-socorro-dia-de-la-zulianidad-tiene-su-historia-importantisima-y-trascendental\\\/\"},\"wordCount\":488,\"commentCount\":0,\"publisher\":{\"@id\":\"https:\\\/\\\/digital58.com.ve\\\/site\\\/#\\\/schema\\\/person\\\/64d1c2e4d0d4fd1b849980c4331c2951\"},\"image\":{\"@id\":\"https:\\\/\\\/digital58.com.ve\\\/site\\\/2024\\\/02\\\/02\\\/maracaibo-gladys-socorro-dia-de-la-zulianidad-tiene-su-historia-importantisima-y-trascendental\\\/#primaryimage\"},\"thumbnailUrl\":\"https:\\\/\\\/digital58.com.ve\\\/site\\\/wp-content\\\/uploads\\\/2024\\\/02\\\/WhatsApp-Image-2024-01-23-at-1.37.07-PM.jpeg\",\"keywords\":[\"Corzutur\",\"D\u00eda de la Zulianidad\",\"Gladys Socorro\",\"Gobierno del Zulia\",\"Gobierno Regional\",\"Manuel Rosales Guerrero\",\"Maracaibo\",\"Nacionales\",\"Regionales\",\"Venezuela\"],\"articleSection\":[\"Zulia\"],\"inLanguage\":\"es\",\"potentialAction\":[{\"@type\":\"CommentAction\",\"name\":\"Comment\",\"target\":[\"https:\\\/\\\/digital58.com.ve\\\/site\\\/2024\\\/02\\\/02\\\/maracaibo-gladys-socorro-dia-de-la-zulianidad-tiene-su-historia-importantisima-y-trascendental\\\/#respond\"]}]},{\"@type\":\"WebPage\",\"@id\":\"https:\\\/\\\/digital58.com.ve\\\/site\\\/2024\\\/02\\\/02\\\/maracaibo-gladys-socorro-dia-de-la-zulianidad-tiene-su-historia-importantisima-y-trascendental\\\/\",\"url\":\"https:\\\/\\\/digital58.com.ve\\\/site\\\/2024\\\/02\\\/02\\\/maracaibo-gladys-socorro-dia-de-la-zulianidad-tiene-su-historia-importantisima-y-trascendental\\\/\",\"name\":\"#Maracaibo | Gladys Socorro: \u00abD\u00eda de la Zulianidad tiene su historia important\u00edsima y trascendental\u00bb\",\"isPartOf\":{\"@id\":\"https:\\\/\\\/digital58.com.ve\\\/site\\\/#website\"},\"primaryImageOfPage\":{\"@id\":\"https:\\\/\\\/digital58.com.ve\\\/site\\\/2024\\\/02\\\/02\\\/maracaibo-gladys-socorro-dia-de-la-zulianidad-tiene-su-historia-importantisima-y-trascendental\\\/#primaryimage\"},\"image\":{\"@id\":\"https:\\\/\\\/digital58.com.ve\\\/site\\\/2024\\\/02\\\/02\\\/maracaibo-gladys-socorro-dia-de-la-zulianidad-tiene-su-historia-importantisima-y-trascendental\\\/#primaryimage\"},\"thumbnailUrl\":\"https:\\\/\\\/digital58.com.ve\\\/site\\\/wp-content\\\/uploads\\\/2024\\\/02\\\/WhatsApp-Image-2024-01-23-at-1.37.07-PM.jpeg\",\"datePublished\":\"2024-02-02T14:02:01+00:00\",\"breadcrumb\":{\"@id\":\"https:\\\/\\\/digital58.com.ve\\\/site\\\/2024\\\/02\\\/02\\\/maracaibo-gladys-socorro-dia-de-la-zulianidad-tiene-su-historia-importantisima-y-trascendental\\\/#breadcrumb\"},\"inLanguage\":\"es\",\"potentialAction\":[{\"@type\":\"ReadAction\",\"target\":[\"https:\\\/\\\/digital58.com.ve\\\/site\\\/2024\\\/02\\\/02\\\/maracaibo-gladys-socorro-dia-de-la-zulianidad-tiene-su-historia-importantisima-y-trascendental\\\/\"]}]},{\"@type\":\"ImageObject\",\"inLanguage\":\"es\",\"@id\":\"https:\\\/\\\/digital58.com.ve\\\/site\\\/2024\\\/02\\\/02\\\/maracaibo-gladys-socorro-dia-de-la-zulianidad-tiene-su-historia-importantisima-y-trascendental\\\/#primaryimage\",\"url\":\"https:\\\/\\\/digital58.com.ve\\\/site\\\/wp-content\\\/uploads\\\/2024\\\/02\\\/WhatsApp-Image-2024-01-23-at-1.37.07-PM.jpeg\",\"contentUrl\":\"https:\\\/\\\/digital58.com.ve\\\/site\\\/wp-content\\\/uploads\\\/2024\\\/02\\\/WhatsApp-Image-2024-01-23-at-1.37.07-PM.jpeg\",\"width\":1080,\"height\":810},{\"@type\":\"BreadcrumbList\",\"@id\":\"https:\\\/\\\/digital58.com.ve\\\/site\\\/2024\\\/02\\\/02\\\/maracaibo-gladys-socorro-dia-de-la-zulianidad-tiene-su-historia-importantisima-y-trascendental\\\/#breadcrumb\",\"itemListElement\":[{\"@type\":\"ListItem\",\"position\":1,\"name\":\"Home\",\"item\":\"https:\\\/\\\/digital58.com.ve\\\/site\\\/\"},{\"@type\":\"ListItem\",\"position\":2,\"name\":\"#Maracaibo | Gladys Socorro: \u00abD\u00eda de la Zulianidad tiene su historia important\u00edsima y trascendental\u00bb\"}]},{\"@type\":\"WebSite\",\"@id\":\"https:\\\/\\\/digital58.com.ve\\\/site\\\/#website\",\"url\":\"https:\\\/\\\/digital58.com.ve\\\/site\\\/\",\"name\":\"Noticias Digital58\",\"description\":\"Portal de Noticias \u00a1Periodismo web de verdad! Lanzamiento web 22.11.2005 \\\/ Maracaibo, Venezuela\",\"publisher\":{\"@id\":\"https:\\\/\\\/digital58.com.ve\\\/site\\\/#\\\/schema\\\/person\\\/64d1c2e4d0d4fd1b849980c4331c2951\"},\"alternateName\":\"ND58\",\"potentialAction\":[{\"@type\":\"SearchAction\",\"target\":{\"@type\":\"EntryPoint\",\"urlTemplate\":\"https:\\\/\\\/digital58.com.ve\\\/site\\\/?s={search_term_string}\"},\"query-input\":{\"@type\":\"PropertyValueSpecification\",\"valueRequired\":true,\"valueName\":\"search_term_string\"}}],\"inLanguage\":\"es\"},{\"@type\":[\"Person\",\"Organization\"],\"@id\":\"https:\\\/\\\/digital58.com.ve\\\/site\\\/#\\\/schema\\\/person\\\/64d1c2e4d0d4fd1b849980c4331c2951\",\"name\":\"Villasmil Henry\",\"image\":{\"@type\":\"ImageObject\",\"inLanguage\":\"es\",\"@id\":\"https:\\\/\\\/secure.gravatar.com\\\/avatar\\\/bb0c4a2fcb7970138239f7e404ea75757b1b507b28b5ce4c53fbd62d797c5a7c?s=96&d=mm&r=g\",\"url\":\"https:\\\/\\\/secure.gravatar.com\\\/avatar\\\/bb0c4a2fcb7970138239f7e404ea75757b1b507b28b5ce4c53fbd62d797c5a7c?s=96&d=mm&r=g\",\"contentUrl\":\"https:\\\/\\\/secure.gravatar.com\\\/avatar\\\/bb0c4a2fcb7970138239f7e404ea75757b1b507b28b5ce4c53fbd62d797c5a7c?s=96&d=mm&r=g\",\"caption\":\"Villasmil Henry\"},\"logo\":{\"@id\":\"https:\\\/\\\/secure.gravatar.com\\\/avatar\\\/bb0c4a2fcb7970138239f7e404ea75757b1b507b28b5ce4c53fbd62d797c5a7c?s=96&d=mm&r=g\"},\"sameAs\":[\"http:\\\/\\\/www.henryvillasmil.com.ve\",\"https:\\\/\\\/www.instagram.com\\\/villasmilhfoto\\\/\",\"https:\\\/\\\/x.com\\\/https:\\\/\\\/twitter.com\\\/villasmilhfoto\"],\"url\":\"https:\\\/\\\/digital58.com.ve\\\/site\\\/author\\\/droopy_68\\\/\"}]}<\/script>\n<!-- \/ Yoast SEO plugin. -->","yoast_head_json":{"title":"#Maracaibo | Gladys Socorro: \u00abD\u00eda de la Zulianidad tiene su historia important\u00edsima y trascendental\u00bb","robots":{"index":"index","follow":"follow","max-snippet":"max-snippet:-1","max-image-preview":"max-image-preview:large","max-video-preview":"max-video-preview:-1"},"canonical":"https:\/\/digital58.com.ve\/site\/2024\/02\/02\/maracaibo-gladys-socorro-dia-de-la-zulianidad-tiene-su-historia-importantisima-y-trascendental\/","og_locale":"es_ES","og_type":"article","og_title":"#Maracaibo | Gladys Socorro: \u00abD\u00eda de la Zulianidad tiene su historia important\u00edsima y trascendental\u00bb","og_url":"https:\/\/digital58.com.ve\/site\/2024\/02\/02\/maracaibo-gladys-socorro-dia-de-la-zulianidad-tiene-su-historia-importantisima-y-trascendental\/","og_site_name":"Noticias Digital58","article_published_time":"2024-02-02T14:02:01+00:00","og_image":[{"width":1080,"height":810,"url":"https:\/\/i0.wp.com\/digital58.com.ve\/site\/wp-content\/uploads\/2024\/02\/WhatsApp-Image-2024-01-23-at-1.37.07-PM.jpeg?fit=1080%2C810&ssl=1","type":"image\/jpeg"}],"author":"Villasmil Henry","twitter_card":"summary_large_image","twitter_creator":"@https:\/\/twitter.com\/villasmilhfoto","twitter_site":"@villasmilhfoto","twitter_misc":{"Escrito por":"Villasmil Henry","Tiempo estimado de lectura":"2 minutos"},"schema":{"@context":"https:\/\/schema.org","@graph":[{"@type":"Article","@id":"https:\/\/digital58.com.ve\/site\/2024\/02\/02\/maracaibo-gladys-socorro-dia-de-la-zulianidad-tiene-su-historia-importantisima-y-trascendental\/#article","isPartOf":{"@id":"https:\/\/digital58.com.ve\/site\/2024\/02\/02\/maracaibo-gladys-socorro-dia-de-la-zulianidad-tiene-su-historia-importantisima-y-trascendental\/"},"author":{"name":"Villasmil Henry","@id":"https:\/\/digital58.com.ve\/site\/#\/schema\/person\/64d1c2e4d0d4fd1b849980c4331c2951"},"headline":"#Maracaibo | Gladys Socorro: \u00abD\u00eda de la Zulianidad tiene su historia important\u00edsima y trascendental\u00bb","datePublished":"2024-02-02T14:02:01+00:00","mainEntityOfPage":{"@id":"https:\/\/digital58.com.ve\/site\/2024\/02\/02\/maracaibo-gladys-socorro-dia-de-la-zulianidad-tiene-su-historia-importantisima-y-trascendental\/"},"wordCount":488,"commentCount":0,"publisher":{"@id":"https:\/\/digital58.com.ve\/site\/#\/schema\/person\/64d1c2e4d0d4fd1b849980c4331c2951"},"image":{"@id":"https:\/\/digital58.com.ve\/site\/2024\/02\/02\/maracaibo-gladys-socorro-dia-de-la-zulianidad-tiene-su-historia-importantisima-y-trascendental\/#primaryimage"},"thumbnailUrl":"https:\/\/digital58.com.ve\/site\/wp-content\/uploads\/2024\/02\/WhatsApp-Image-2024-01-23-at-1.37.07-PM.jpeg","keywords":["Corzutur","D\u00eda de la Zulianidad","Gladys Socorro","Gobierno del Zulia","Gobierno Regional","Manuel Rosales Guerrero","Maracaibo","Nacionales","Regionales","Venezuela"],"articleSection":["Zulia"],"inLanguage":"es","potentialAction":[{"@type":"CommentAction","name":"Comment","target":["https:\/\/digital58.com.ve\/site\/2024\/02\/02\/maracaibo-gladys-socorro-dia-de-la-zulianidad-tiene-su-historia-importantisima-y-trascendental\/#respond"]}]},{"@type":"WebPage","@id":"https:\/\/digital58.com.ve\/site\/2024\/02\/02\/maracaibo-gladys-socorro-dia-de-la-zulianidad-tiene-su-historia-importantisima-y-trascendental\/","url":"https:\/\/digital58.com.ve\/site\/2024\/02\/02\/maracaibo-gladys-socorro-dia-de-la-zulianidad-tiene-su-historia-importantisima-y-trascendental\/","name":"#Maracaibo | Gladys Socorro: \u00abD\u00eda de la Zulianidad tiene su historia important\u00edsima y trascendental\u00bb","isPartOf":{"@id":"https:\/\/digital58.com.ve\/site\/#website"},"primaryImageOfPage":{"@id":"https:\/\/digital58.com.ve\/site\/2024\/02\/02\/maracaibo-gladys-socorro-dia-de-la-zulianidad-tiene-su-historia-importantisima-y-trascendental\/#primaryimage"},"image":{"@id":"https:\/\/digital58.com.ve\/site\/2024\/02\/02\/maracaibo-gladys-socorro-dia-de-la-zulianidad-tiene-su-historia-importantisima-y-trascendental\/#primaryimage"},"thumbnailUrl":"https:\/\/digital58.com.ve\/site\/wp-content\/uploads\/2024\/02\/WhatsApp-Image-2024-01-23-at-1.37.07-PM.jpeg","datePublished":"2024-02-02T14:02:01+00:00","breadcrumb":{"@id":"https:\/\/digital58.com.ve\/site\/2024\/02\/02\/maracaibo-gladys-socorro-dia-de-la-zulianidad-tiene-su-historia-importantisima-y-trascendental\/#breadcrumb"},"inLanguage":"es","potentialAction":[{"@type":"ReadAction","target":["https:\/\/digital58.com.ve\/site\/2024\/02\/02\/maracaibo-gladys-socorro-dia-de-la-zulianidad-tiene-su-historia-importantisima-y-trascendental\/"]}]},{"@type":"ImageObject","inLanguage":"es","@id":"https:\/\/digital58.com.ve\/site\/2024\/02\/02\/maracaibo-gladys-socorro-dia-de-la-zulianidad-tiene-su-historia-importantisima-y-trascendental\/#primaryimage","url":"https:\/\/digital58.com.ve\/site\/wp-content\/uploads\/2024\/02\/WhatsApp-Image-2024-01-23-at-1.37.07-PM.jpeg","contentUrl":"https:\/\/digital58.com.ve\/site\/wp-content\/uploads\/2024\/02\/WhatsApp-Image-2024-01-23-at-1.37.07-PM.jpeg","width":1080,"height":810},{"@type":"BreadcrumbList","@id":"https:\/\/digital58.com.ve\/site\/2024\/02\/02\/maracaibo-gladys-socorro-dia-de-la-zulianidad-tiene-su-historia-importantisima-y-trascendental\/#breadcrumb","itemListElement":[{"@type":"ListItem","position":1,"name":"Home","item":"https:\/\/digital58.com.ve\/site\/"},{"@type":"ListItem","position":2,"name":"#Maracaibo | Gladys Socorro: \u00abD\u00eda de la Zulianidad tiene su historia important\u00edsima y trascendental\u00bb"}]},{"@type":"WebSite","@id":"https:\/\/digital58.com.ve\/site\/#website","url":"https:\/\/digital58.com.ve\/site\/","name":"Noticias Digital58","description":"Portal de Noticias \u00a1Periodismo web de verdad! Lanzamiento web 22.11.2005 \/ Maracaibo, Venezuela","publisher":{"@id":"https:\/\/digital58.com.ve\/site\/#\/schema\/person\/64d1c2e4d0d4fd1b849980c4331c2951"},"alternateName":"ND58","potentialAction":[{"@type":"SearchAction","target":{"@type":"EntryPoint","urlTemplate":"https:\/\/digital58.com.ve\/site\/?s={search_term_string}"},"query-input":{"@type":"PropertyValueSpecification","valueRequired":true,"valueName":"search_term_string"}}],"inLanguage":"es"},{"@type":["Person","Organization"],"@id":"https:\/\/digital58.com.ve\/site\/#\/schema\/person\/64d1c2e4d0d4fd1b849980c4331c2951","name":"Villasmil Henry","image":{"@type":"ImageObject","inLanguage":"es","@id":"https:\/\/secure.gravatar.com\/avatar\/bb0c4a2fcb7970138239f7e404ea75757b1b507b28b5ce4c53fbd62d797c5a7c?s=96&d=mm&r=g","url":"https:\/\/secure.gravatar.com\/avatar\/bb0c4a2fcb7970138239f7e404ea75757b1b507b28b5ce4c53fbd62d797c5a7c?s=96&d=mm&r=g","contentUrl":"https:\/\/secure.gravatar.com\/avatar\/bb0c4a2fcb7970138239f7e404ea75757b1b507b28b5ce4c53fbd62d797c5a7c?s=96&d=mm&r=g","caption":"Villasmil Henry"},"logo":{"@id":"https:\/\/secure.gravatar.com\/avatar\/bb0c4a2fcb7970138239f7e404ea75757b1b507b28b5ce4c53fbd62d797c5a7c?s=96&d=mm&r=g"},"sameAs":["http:\/\/www.henryvillasmil.com.ve","https:\/\/www.instagram.com\/villasmilhfoto\/","https:\/\/x.com\/https:\/\/twitter.com\/villasmilhfoto"],"url":"https:\/\/digital58.com.ve\/site\/author\/droopy_68\/"}]}},"uagb_featured_image_src":{"full":["https:\/\/digital58.com.ve\/site\/wp-content\/uploads\/2024\/02\/WhatsApp-Image-2024-01-23-at-1.37.07-PM.jpeg",1080,810,false],"thumbnail":["https:\/\/digital58.com.ve\/site\/wp-content\/uploads\/2024\/02\/WhatsApp-Image-2024-01-23-at-1.37.07-PM-150x150.jpeg",150,150,true],"medium":["https:\/\/digital58.com.ve\/site\/wp-content\/uploads\/2024\/02\/WhatsApp-Image-2024-01-23-at-1.37.07-PM-300x225.jpeg",300,225,true],"medium_large":["https:\/\/digital58.com.ve\/site\/wp-content\/uploads\/2024\/02\/WhatsApp-Image-2024-01-23-at-1.37.07-PM-768x576.jpeg",768,576,true],"large":["https:\/\/digital58.com.ve\/site\/wp-content\/uploads\/2024\/02\/WhatsApp-Image-2024-01-23-at-1.37.07-PM-1000x750.jpeg",800,600,true],"1536x1536":["https:\/\/digital58.com.ve\/site\/wp-content\/uploads\/2024\/02\/WhatsApp-Image-2024-01-23-at-1.37.07-PM.jpeg",1080,810,false],"2048x2048":["https:\/\/digital58.com.ve\/site\/wp-content\/uploads\/2024\/02\/WhatsApp-Image-2024-01-23-at-1.37.07-PM.jpeg",1080,810,false],"colormag-highlighted-post":["https:\/\/digital58.com.ve\/site\/wp-content\/uploads\/2024\/02\/WhatsApp-Image-2024-01-23-at-1.37.07-PM-392x272.jpeg",392,272,true],"colormag-featured-post-medium":["https:\/\/digital58.com.ve\/site\/wp-content\/uploads\/2024\/02\/WhatsApp-Image-2024-01-23-at-1.37.07-PM-390x205.jpeg",390,205,true],"colormag-featured-post-small":["https:\/\/digital58.com.ve\/site\/wp-content\/uploads\/2024\/02\/WhatsApp-Image-2024-01-23-at-1.37.07-PM-130x90.jpeg",130,90,true],"colormag-featured-image":["https:\/\/digital58.com.ve\/site\/wp-content\/uploads\/2024\/02\/WhatsApp-Image-2024-01-23-at-1.37.07-PM-800x445.jpeg",800,445,true],"colormag-default-news":["https:\/\/digital58.com.ve\/site\/wp-content\/uploads\/2024\/02\/WhatsApp-Image-2024-01-23-at-1.37.07-PM-150x150.jpeg",150,150,true],"colormag-featured-image-large":["https:\/\/digital58.com.ve\/site\/wp-content\/uploads\/2024\/02\/WhatsApp-Image-2024-01-23-at-1.37.07-PM-1080x600.jpeg",1080,600,true]},"uagb_author_info":{"display_name":"Villasmil Henry","author_link":"https:\/\/digital58.com.ve\/site\/author\/droopy_68\/"},"uagb_comment_info":0,"uagb_excerpt":"Gladys Socorro, titular de Corzutur sostuvo que el Gobierno Regional, contin\u00faa invirtiendo en la recuperaci\u00f3n de hospitales, escuelas; \u00aba la","_links":{"self":[{"href":"https:\/\/digital58.com.ve\/site\/wp-json\/wp\/v2\/posts\/174418","targetHints":{"allow":["GET"]}}],"collection":[{"href":"https:\/\/digital58.com.ve\/site\/wp-json\/wp\/v2\/posts"}],"about":[{"href":"https:\/\/digital58.com.ve\/site\/wp-json\/wp\/v2\/types\/post"}],"author":[{"embeddable":true,"href":"https:\/\/digital58.com.ve\/site\/wp-json\/wp\/v2\/users\/1"}],"replies":[{"embeddable":true,"href":"https:\/\/digital58.com.ve\/site\/wp-json\/wp\/v2\/comments?post=174418"}],"version-history":[{"count":1,"href":"https:\/\/digital58.com.ve\/site\/wp-json\/wp\/v2\/posts\/174418\/revisions"}],"predecessor-version":[{"id":174420,"href":"https:\/\/digital58.com.ve\/site\/wp-json\/wp\/v2\/posts\/174418\/revisions\/174420"}],"wp:featuredmedia":[{"embeddable":true,"href":"https:\/\/digital58.com.ve\/site\/wp-json\/wp\/v2\/media\/174419"}],"wp:attachment":[{"href":"https:\/\/digital58.com.ve\/site\/wp-json\/wp\/v2\/media?parent=174418"}],"wp:term":[{"taxonomy":"category","embeddable":true,"href":"https:\/\/digital58.com.ve\/site\/wp-json\/wp\/v2\/categories?post=174418"},{"taxonomy":"post_tag","embeddable":true,"href":"https:\/\/digital58.com.ve\/site\/wp-json\/wp\/v2\/tags?post=174418"}],"curies":[{"name":"wp","href":"https:\/\/api.w.org\/{rel}","templated":true}]}}