{"id":174626,"date":"2024-02-10T09:53:34","date_gmt":"2024-02-10T13:53:34","guid":{"rendered":"https:\/\/digital58.com.ve\/site\/?p=174626"},"modified":"2024-02-10T09:53:34","modified_gmt":"2024-02-10T13:53:34","slug":"zulia-cronograma-de-recoleccion-de-desechos-en-maracaibo-se-modifica-para-optimizar-el-servicio","status":"publish","type":"post","link":"https:\/\/digital58.com.ve\/site\/2024\/02\/10\/zulia-cronograma-de-recoleccion-de-desechos-en-maracaibo-se-modifica-para-optimizar-el-servicio\/","title":{"rendered":"#Zulia | Cronograma de recolecci\u00f3n de desechos en Maracaibo se modifica para optimizar el servicio"},"content":{"rendered":"<p><a href=\"https:\/\/digital58.com.ve\/site\/wp-content\/uploads\/2024\/02\/aseo-urbano-mcbo-5.jpg\"><img loading=\"lazy\" decoding=\"async\" class=\"aligncenter size-full wp-image-174628\" src=\"https:\/\/digital58.com.ve\/site\/wp-content\/uploads\/2024\/02\/aseo-urbano-mcbo-5.jpg\" alt=\"\" width=\"800\" height=\"450\" srcset=\"https:\/\/digital58.com.ve\/site\/wp-content\/uploads\/2024\/02\/aseo-urbano-mcbo-5.jpg 800w, https:\/\/digital58.com.ve\/site\/wp-content\/uploads\/2024\/02\/aseo-urbano-mcbo-5-300x169.jpg 300w, https:\/\/digital58.com.ve\/site\/wp-content\/uploads\/2024\/02\/aseo-urbano-mcbo-5-768x432.jpg 768w\" sizes=\"auto, (max-width: 800px) 100vw, 800px\" \/><\/a><\/p>\n<p>Las parroquias Francisco Eugenio Bustamante, Caracciolo Parra P\u00e9rez y Ra\u00fal Leoni tendr\u00e1n nuevos d\u00edas de recolecci\u00f3n.<\/p>\n<p><strong>Maracaibo, Zulia, Venezuela, 10 de febrero de 2024 (ND58).-<\/strong> El cronograma de recolecci\u00f3n de desechos s\u00f3lidos implementado por el Instituto Municipal de Aseo Urbano (IMAU) para garantizar y optimizar la limpieza de Maracaibo, tendr\u00e1 una modificaci\u00f3n tras la llegada de los 14 nuevos camiones compactadores a la ciudad, pero solo para las parroquias Francisco Eugenio Bustamante, Caracciolo Parra P\u00e9rez y Ra\u00fal Leoni.<\/p>\n<p>El presidente del IMAU, Juan Lara, inform\u00f3 que el d\u00eda de recolecci\u00f3n para Francisco Eugenio Bustamante ahora pasar\u00e1 para el d\u00eda viernes, que anteriormente estaba los jueves. Mientras que Caracciolo Parra P\u00e9rez y Ra\u00fal Leoni ser\u00e1n atendidas los d\u00edas jueves.<\/p>\n<p>\u00abEste cambio es para optimizar el cronograma de recolecci\u00f3n, ya que ahora contamos con el apoyo de los nuevos camiones compactadores. La idea es que Francisco Eugenio Bustamante, por ser la parroquia m\u00e1s grande de Maracaibo, mantenga un flujo de camiones constante en su d\u00eda de recolecci\u00f3n\u00bb, dijo el presidente.<\/p>\n<p><a href=\"https:\/\/digital58.com.ve\/site\/wp-content\/uploads\/2024\/02\/aseo-urbano-mcbo-6.jpg\"><img loading=\"lazy\" decoding=\"async\" class=\"aligncenter size-full wp-image-174627\" src=\"https:\/\/digital58.com.ve\/site\/wp-content\/uploads\/2024\/02\/aseo-urbano-mcbo-6.jpg\" alt=\"\" width=\"800\" height=\"450\" srcset=\"https:\/\/digital58.com.ve\/site\/wp-content\/uploads\/2024\/02\/aseo-urbano-mcbo-6.jpg 800w, https:\/\/digital58.com.ve\/site\/wp-content\/uploads\/2024\/02\/aseo-urbano-mcbo-6-300x169.jpg 300w, https:\/\/digital58.com.ve\/site\/wp-content\/uploads\/2024\/02\/aseo-urbano-mcbo-6-768x432.jpg 768w\" sizes=\"auto, (max-width: 800px) 100vw, 800px\" \/><\/a><\/p>\n<p>Juan Lara record\u00f3 adem\u00e1s que las operaciones los d\u00edas de recolecci\u00f3n comienzan desde las 6:00 a.m. hasta las 2:00 a.m. \u201cA los maracaiberos les recordamos que, si el cami\u00f3n no pas\u00f3 en la ma\u00f1ana, pasar\u00e1 en la tarde-noche\u00bb, explic\u00f3.<\/p>\n<p><strong>El cronograma de recolecci\u00f3n de desechos qued\u00f3 de la siguiente manera:<\/strong><\/p>\n<p><strong>\u2022 Lunes:<\/strong> Cristo de Aranza, Luis Hurtado Higuera y Olegario Villalobos<br \/>\n<strong>\u2022 Martes:<\/strong> Cacique Mara, Coquivacoa, Cecilio Acosta, Santa Lucia y Bol\u00edvar<br \/>\n<strong>\u2022 Mi\u00e9rcoles:<\/strong> Manuel Dagnino, Juana de \u00c1vila, Chiquinquir\u00e1<br \/>\n<strong>\u2022 Jueves:<\/strong> Ra\u00fal Leoni, Caracciolo Parra P\u00e9rez y Cristo de Aranza<br \/>\n<strong>\u2022 Viernes:<\/strong> Francisco Eugenio Bustamante, Cacique Mara y San Isidro<br \/>\n<strong>\u2022 S\u00e1bado:<\/strong> Manuel Dagnino, Venancio Pulgar e Idelfonso V\u00e1squez<br \/>\n<strong>\u2022 Domingo:<\/strong> Antonio Borjas Romero<\/p>\n<p>La recolecci\u00f3n bisemanal en las parroquias Manuel Dagnino, Cristo de Aranza, Cacique Mara y Cecilio Acosta se mantendr\u00e1 tal como se viene aplicando desde el pasado julio de 2023, cuando fue anunciado por el alcalde de Maracaibo, Rafael Ram\u00edrez Colina.<\/p>\n<p><strong>Redacci\u00f3n ND58 | Fuente: Prensa ADM<\/strong><br \/>\n<strong>Edici\u00f3n: Villasmil, Henry<\/strong><br \/>\n<strong>Gr\u00e1ficas: Cortes\u00eda Prensa ADM<\/strong><\/p>\n<p>&nbsp;<\/p>\n<p>&nbsp;<\/p><div class=\"xoncy69efba36247d9\" ><p style=\"text-align: center;\"><a href=\"https:\/\/t.me\/noticiasdigital58\" target=\"_blank\" rel=\"noopener\"><img class=\"aligncenter size-full wp-image-125363\" src=\"https:\/\/digital58.com.ve\/site\/wp-content\/uploads\/2021\/04\/banner-telegram-web-2021.png\" alt=\"\" width=\"600\" height=\"90\" \/><\/a><\/p><\/div><style type=\"text\/css\">\r\n@media screen and (min-width: 1201px) {\r\n.xoncy69efba36247d9 {\r\ndisplay: block;\r\n}\r\n}\r\n@media screen and (min-width: 993px) and (max-width: 1200px) {\r\n.xoncy69efba36247d9 {\r\ndisplay: block;\r\n}\r\n}\r\n@media screen and (min-width: 769px) and (max-width: 992px) {\r\n.xoncy69efba36247d9 {\r\ndisplay: block;\r\n}\r\n}\r\n@media screen and (min-width: 768px) and (max-width: 768px) {\r\n.xoncy69efba36247d9 {\r\ndisplay: block;\r\n}\r\n}\r\n@media screen and (max-width: 767px) {\r\n.xoncy69efba36247d9 {\r\ndisplay: block;\r\n}\r\n}\r\n<\/style>\r\n\n<p>&nbsp;<\/p>\n<div style=\"margin-top: 0px; margin-bottom: 0px;\" class=\"sharethis-inline-share-buttons\" ><\/div>","protected":false},"excerpt":{"rendered":"<p>Las parroquias Francisco Eugenio Bustamante, Caracciolo Parra P\u00e9rez y Ra\u00fal Leoni tendr\u00e1n nuevos d\u00edas de recolecci\u00f3n. Maracaibo, Zulia, Venezuela, 10<\/p>\n","protected":false},"author":1,"featured_media":174627,"comment_status":"open","ping_status":"closed","sticky":false,"template":"","format":"standard","meta":{"colormag_page_container_layout":"default_layout","colormag_page_sidebar_layout":"default_layout","_uag_custom_page_level_css":"","footnotes":""},"categories":[14504],"tags":[290,33146,15282,73,233,23104,6600,33145,13980,17758,2354,32],"class_list":["post-174626","post","type-post","status-publish","format-standard","has-post-thumbnail","hentry","category-zulia","tag-alcaldia-de-maracaibo","tag-cronograma-de-recoleccion-de-desechos","tag-imau","tag-maracaibo","tag-nacionales","tag-parroquia-caracciolo-parra-perez","tag-parroquia-raul-leoni","tag-parroquias-francisco-eugenio-bustamante","tag-rafael-ramirez-colina","tag-recoleccion-de-desechos","tag-regionales","tag-venezuela"],"yoast_head":"<!-- This site is optimized with the Yoast SEO plugin v27.4 - https:\/\/yoast.com\/product\/yoast-seo-wordpress\/ -->\n<title>#Zulia | Cronograma de recolecci\u00f3n de desechos en Maracaibo se modifica para optimizar el servicio<\/title>\n<meta name=\"robots\" content=\"index, follow, max-snippet:-1, max-image-preview:large, max-video-preview:-1\" \/>\n<link rel=\"canonical\" href=\"https:\/\/digital58.com.ve\/site\/2024\/02\/10\/zulia-cronograma-de-recoleccion-de-desechos-en-maracaibo-se-modifica-para-optimizar-el-servicio\/\" \/>\n<meta property=\"og:locale\" content=\"es_ES\" \/>\n<meta property=\"og:type\" content=\"article\" \/>\n<meta property=\"og:title\" content=\"#Zulia | Cronograma de recolecci\u00f3n de desechos en Maracaibo se modifica para optimizar el servicio\" \/>\n<meta property=\"og:url\" content=\"https:\/\/digital58.com.ve\/site\/2024\/02\/10\/zulia-cronograma-de-recoleccion-de-desechos-en-maracaibo-se-modifica-para-optimizar-el-servicio\/\" \/>\n<meta property=\"og:site_name\" content=\"Noticias Digital58\" \/>\n<meta property=\"article:published_time\" content=\"2024-02-10T13:53:34+00:00\" \/>\n<meta property=\"og:image\" content=\"https:\/\/i0.wp.com\/digital58.com.ve\/site\/wp-content\/uploads\/2024\/02\/aseo-urbano-mcbo-6.jpg?fit=800%2C450&ssl=1\" \/>\n\t<meta property=\"og:image:width\" content=\"800\" \/>\n\t<meta property=\"og:image:height\" content=\"450\" \/>\n\t<meta property=\"og:image:type\" content=\"image\/jpeg\" \/>\n<meta name=\"author\" content=\"Villasmil Henry\" \/>\n<meta name=\"twitter:card\" content=\"summary_large_image\" \/>\n<meta name=\"twitter:creator\" content=\"@https:\/\/twitter.com\/villasmilhfoto\" \/>\n<meta name=\"twitter:site\" content=\"@villasmilhfoto\" \/>\n<meta name=\"twitter:label1\" content=\"Escrito por\" \/>\n\t<meta name=\"twitter:data1\" content=\"Villasmil Henry\" \/>\n\t<meta name=\"twitter:label2\" content=\"Tiempo estimado de lectura\" \/>\n\t<meta name=\"twitter:data2\" content=\"2 minutos\" \/>\n<script type=\"application\/ld+json\" class=\"yoast-schema-graph\">{\"@context\":\"https:\\\/\\\/schema.org\",\"@graph\":[{\"@type\":\"Article\",\"@id\":\"https:\\\/\\\/digital58.com.ve\\\/site\\\/2024\\\/02\\\/10\\\/zulia-cronograma-de-recoleccion-de-desechos-en-maracaibo-se-modifica-para-optimizar-el-servicio\\\/#article\",\"isPartOf\":{\"@id\":\"https:\\\/\\\/digital58.com.ve\\\/site\\\/2024\\\/02\\\/10\\\/zulia-cronograma-de-recoleccion-de-desechos-en-maracaibo-se-modifica-para-optimizar-el-servicio\\\/\"},\"author\":{\"name\":\"Villasmil Henry\",\"@id\":\"https:\\\/\\\/digital58.com.ve\\\/site\\\/#\\\/schema\\\/person\\\/64d1c2e4d0d4fd1b849980c4331c2951\"},\"headline\":\"#Zulia | Cronograma de recolecci\u00f3n de desechos en Maracaibo se modifica para optimizar el servicio\",\"datePublished\":\"2024-02-10T13:53:34+00:00\",\"mainEntityOfPage\":{\"@id\":\"https:\\\/\\\/digital58.com.ve\\\/site\\\/2024\\\/02\\\/10\\\/zulia-cronograma-de-recoleccion-de-desechos-en-maracaibo-se-modifica-para-optimizar-el-servicio\\\/\"},\"wordCount\":382,\"commentCount\":0,\"publisher\":{\"@id\":\"https:\\\/\\\/digital58.com.ve\\\/site\\\/#\\\/schema\\\/person\\\/64d1c2e4d0d4fd1b849980c4331c2951\"},\"image\":{\"@id\":\"https:\\\/\\\/digital58.com.ve\\\/site\\\/2024\\\/02\\\/10\\\/zulia-cronograma-de-recoleccion-de-desechos-en-maracaibo-se-modifica-para-optimizar-el-servicio\\\/#primaryimage\"},\"thumbnailUrl\":\"https:\\\/\\\/digital58.com.ve\\\/site\\\/wp-content\\\/uploads\\\/2024\\\/02\\\/aseo-urbano-mcbo-6.jpg\",\"keywords\":[\"Alcald\u00eda de Maracaibo\",\"Cronograma de recolecci\u00f3n de desechos\",\"Imau\",\"Maracaibo\",\"Nacionales\",\"Parroquia Caracciolo Parra P\u00e9rez\",\"Parroquia Raul Leoni\",\"Parroquias Francisco Eugenio Bustamante\",\"Rafael Ram\u00edrez Colina\",\"recolecci\u00f3n de desechos\",\"Regionales\",\"Venezuela\"],\"articleSection\":[\"Zulia\"],\"inLanguage\":\"es\",\"potentialAction\":[{\"@type\":\"CommentAction\",\"name\":\"Comment\",\"target\":[\"https:\\\/\\\/digital58.com.ve\\\/site\\\/2024\\\/02\\\/10\\\/zulia-cronograma-de-recoleccion-de-desechos-en-maracaibo-se-modifica-para-optimizar-el-servicio\\\/#respond\"]}]},{\"@type\":\"WebPage\",\"@id\":\"https:\\\/\\\/digital58.com.ve\\\/site\\\/2024\\\/02\\\/10\\\/zulia-cronograma-de-recoleccion-de-desechos-en-maracaibo-se-modifica-para-optimizar-el-servicio\\\/\",\"url\":\"https:\\\/\\\/digital58.com.ve\\\/site\\\/2024\\\/02\\\/10\\\/zulia-cronograma-de-recoleccion-de-desechos-en-maracaibo-se-modifica-para-optimizar-el-servicio\\\/\",\"name\":\"#Zulia | Cronograma de recolecci\u00f3n de desechos en Maracaibo se modifica para optimizar el servicio\",\"isPartOf\":{\"@id\":\"https:\\\/\\\/digital58.com.ve\\\/site\\\/#website\"},\"primaryImageOfPage\":{\"@id\":\"https:\\\/\\\/digital58.com.ve\\\/site\\\/2024\\\/02\\\/10\\\/zulia-cronograma-de-recoleccion-de-desechos-en-maracaibo-se-modifica-para-optimizar-el-servicio\\\/#primaryimage\"},\"image\":{\"@id\":\"https:\\\/\\\/digital58.com.ve\\\/site\\\/2024\\\/02\\\/10\\\/zulia-cronograma-de-recoleccion-de-desechos-en-maracaibo-se-modifica-para-optimizar-el-servicio\\\/#primaryimage\"},\"thumbnailUrl\":\"https:\\\/\\\/digital58.com.ve\\\/site\\\/wp-content\\\/uploads\\\/2024\\\/02\\\/aseo-urbano-mcbo-6.jpg\",\"datePublished\":\"2024-02-10T13:53:34+00:00\",\"breadcrumb\":{\"@id\":\"https:\\\/\\\/digital58.com.ve\\\/site\\\/2024\\\/02\\\/10\\\/zulia-cronograma-de-recoleccion-de-desechos-en-maracaibo-se-modifica-para-optimizar-el-servicio\\\/#breadcrumb\"},\"inLanguage\":\"es\",\"potentialAction\":[{\"@type\":\"ReadAction\",\"target\":[\"https:\\\/\\\/digital58.com.ve\\\/site\\\/2024\\\/02\\\/10\\\/zulia-cronograma-de-recoleccion-de-desechos-en-maracaibo-se-modifica-para-optimizar-el-servicio\\\/\"]}]},{\"@type\":\"ImageObject\",\"inLanguage\":\"es\",\"@id\":\"https:\\\/\\\/digital58.com.ve\\\/site\\\/2024\\\/02\\\/10\\\/zulia-cronograma-de-recoleccion-de-desechos-en-maracaibo-se-modifica-para-optimizar-el-servicio\\\/#primaryimage\",\"url\":\"https:\\\/\\\/digital58.com.ve\\\/site\\\/wp-content\\\/uploads\\\/2024\\\/02\\\/aseo-urbano-mcbo-6.jpg\",\"contentUrl\":\"https:\\\/\\\/digital58.com.ve\\\/site\\\/wp-content\\\/uploads\\\/2024\\\/02\\\/aseo-urbano-mcbo-6.jpg\",\"width\":800,\"height\":450},{\"@type\":\"BreadcrumbList\",\"@id\":\"https:\\\/\\\/digital58.com.ve\\\/site\\\/2024\\\/02\\\/10\\\/zulia-cronograma-de-recoleccion-de-desechos-en-maracaibo-se-modifica-para-optimizar-el-servicio\\\/#breadcrumb\",\"itemListElement\":[{\"@type\":\"ListItem\",\"position\":1,\"name\":\"Home\",\"item\":\"https:\\\/\\\/digital58.com.ve\\\/site\\\/\"},{\"@type\":\"ListItem\",\"position\":2,\"name\":\"#Zulia | Cronograma de recolecci\u00f3n de desechos en Maracaibo se modifica para optimizar el servicio\"}]},{\"@type\":\"WebSite\",\"@id\":\"https:\\\/\\\/digital58.com.ve\\\/site\\\/#website\",\"url\":\"https:\\\/\\\/digital58.com.ve\\\/site\\\/\",\"name\":\"Noticias Digital58\",\"description\":\"Portal de Noticias \u00a1Periodismo web de verdad! Lanzamiento web 22.11.2005 \\\/ Maracaibo, Venezuela\",\"publisher\":{\"@id\":\"https:\\\/\\\/digital58.com.ve\\\/site\\\/#\\\/schema\\\/person\\\/64d1c2e4d0d4fd1b849980c4331c2951\"},\"alternateName\":\"ND58\",\"potentialAction\":[{\"@type\":\"SearchAction\",\"target\":{\"@type\":\"EntryPoint\",\"urlTemplate\":\"https:\\\/\\\/digital58.com.ve\\\/site\\\/?s={search_term_string}\"},\"query-input\":{\"@type\":\"PropertyValueSpecification\",\"valueRequired\":true,\"valueName\":\"search_term_string\"}}],\"inLanguage\":\"es\"},{\"@type\":[\"Person\",\"Organization\"],\"@id\":\"https:\\\/\\\/digital58.com.ve\\\/site\\\/#\\\/schema\\\/person\\\/64d1c2e4d0d4fd1b849980c4331c2951\",\"name\":\"Villasmil Henry\",\"image\":{\"@type\":\"ImageObject\",\"inLanguage\":\"es\",\"@id\":\"https:\\\/\\\/secure.gravatar.com\\\/avatar\\\/bb0c4a2fcb7970138239f7e404ea75757b1b507b28b5ce4c53fbd62d797c5a7c?s=96&d=mm&r=g\",\"url\":\"https:\\\/\\\/secure.gravatar.com\\\/avatar\\\/bb0c4a2fcb7970138239f7e404ea75757b1b507b28b5ce4c53fbd62d797c5a7c?s=96&d=mm&r=g\",\"contentUrl\":\"https:\\\/\\\/secure.gravatar.com\\\/avatar\\\/bb0c4a2fcb7970138239f7e404ea75757b1b507b28b5ce4c53fbd62d797c5a7c?s=96&d=mm&r=g\",\"caption\":\"Villasmil Henry\"},\"logo\":{\"@id\":\"https:\\\/\\\/secure.gravatar.com\\\/avatar\\\/bb0c4a2fcb7970138239f7e404ea75757b1b507b28b5ce4c53fbd62d797c5a7c?s=96&d=mm&r=g\"},\"sameAs\":[\"http:\\\/\\\/www.henryvillasmil.com.ve\",\"https:\\\/\\\/www.instagram.com\\\/villasmilhfoto\\\/\",\"https:\\\/\\\/x.com\\\/https:\\\/\\\/twitter.com\\\/villasmilhfoto\"],\"url\":\"https:\\\/\\\/digital58.com.ve\\\/site\\\/author\\\/droopy_68\\\/\"}]}<\/script>\n<!-- \/ Yoast SEO plugin. -->","yoast_head_json":{"title":"#Zulia | Cronograma de recolecci\u00f3n de desechos en Maracaibo se modifica para optimizar el servicio","robots":{"index":"index","follow":"follow","max-snippet":"max-snippet:-1","max-image-preview":"max-image-preview:large","max-video-preview":"max-video-preview:-1"},"canonical":"https:\/\/digital58.com.ve\/site\/2024\/02\/10\/zulia-cronograma-de-recoleccion-de-desechos-en-maracaibo-se-modifica-para-optimizar-el-servicio\/","og_locale":"es_ES","og_type":"article","og_title":"#Zulia | Cronograma de recolecci\u00f3n de desechos en Maracaibo se modifica para optimizar el servicio","og_url":"https:\/\/digital58.com.ve\/site\/2024\/02\/10\/zulia-cronograma-de-recoleccion-de-desechos-en-maracaibo-se-modifica-para-optimizar-el-servicio\/","og_site_name":"Noticias Digital58","article_published_time":"2024-02-10T13:53:34+00:00","og_image":[{"width":800,"height":450,"url":"https:\/\/i0.wp.com\/digital58.com.ve\/site\/wp-content\/uploads\/2024\/02\/aseo-urbano-mcbo-6.jpg?fit=800%2C450&ssl=1","type":"image\/jpeg"}],"author":"Villasmil Henry","twitter_card":"summary_large_image","twitter_creator":"@https:\/\/twitter.com\/villasmilhfoto","twitter_site":"@villasmilhfoto","twitter_misc":{"Escrito por":"Villasmil Henry","Tiempo estimado de lectura":"2 minutos"},"schema":{"@context":"https:\/\/schema.org","@graph":[{"@type":"Article","@id":"https:\/\/digital58.com.ve\/site\/2024\/02\/10\/zulia-cronograma-de-recoleccion-de-desechos-en-maracaibo-se-modifica-para-optimizar-el-servicio\/#article","isPartOf":{"@id":"https:\/\/digital58.com.ve\/site\/2024\/02\/10\/zulia-cronograma-de-recoleccion-de-desechos-en-maracaibo-se-modifica-para-optimizar-el-servicio\/"},"author":{"name":"Villasmil Henry","@id":"https:\/\/digital58.com.ve\/site\/#\/schema\/person\/64d1c2e4d0d4fd1b849980c4331c2951"},"headline":"#Zulia | Cronograma de recolecci\u00f3n de desechos en Maracaibo se modifica para optimizar el servicio","datePublished":"2024-02-10T13:53:34+00:00","mainEntityOfPage":{"@id":"https:\/\/digital58.com.ve\/site\/2024\/02\/10\/zulia-cronograma-de-recoleccion-de-desechos-en-maracaibo-se-modifica-para-optimizar-el-servicio\/"},"wordCount":382,"commentCount":0,"publisher":{"@id":"https:\/\/digital58.com.ve\/site\/#\/schema\/person\/64d1c2e4d0d4fd1b849980c4331c2951"},"image":{"@id":"https:\/\/digital58.com.ve\/site\/2024\/02\/10\/zulia-cronograma-de-recoleccion-de-desechos-en-maracaibo-se-modifica-para-optimizar-el-servicio\/#primaryimage"},"thumbnailUrl":"https:\/\/digital58.com.ve\/site\/wp-content\/uploads\/2024\/02\/aseo-urbano-mcbo-6.jpg","keywords":["Alcald\u00eda de Maracaibo","Cronograma de recolecci\u00f3n de desechos","Imau","Maracaibo","Nacionales","Parroquia Caracciolo Parra P\u00e9rez","Parroquia Raul Leoni","Parroquias Francisco Eugenio Bustamante","Rafael Ram\u00edrez Colina","recolecci\u00f3n de desechos","Regionales","Venezuela"],"articleSection":["Zulia"],"inLanguage":"es","potentialAction":[{"@type":"CommentAction","name":"Comment","target":["https:\/\/digital58.com.ve\/site\/2024\/02\/10\/zulia-cronograma-de-recoleccion-de-desechos-en-maracaibo-se-modifica-para-optimizar-el-servicio\/#respond"]}]},{"@type":"WebPage","@id":"https:\/\/digital58.com.ve\/site\/2024\/02\/10\/zulia-cronograma-de-recoleccion-de-desechos-en-maracaibo-se-modifica-para-optimizar-el-servicio\/","url":"https:\/\/digital58.com.ve\/site\/2024\/02\/10\/zulia-cronograma-de-recoleccion-de-desechos-en-maracaibo-se-modifica-para-optimizar-el-servicio\/","name":"#Zulia | Cronograma de recolecci\u00f3n de desechos en Maracaibo se modifica para optimizar el servicio","isPartOf":{"@id":"https:\/\/digital58.com.ve\/site\/#website"},"primaryImageOfPage":{"@id":"https:\/\/digital58.com.ve\/site\/2024\/02\/10\/zulia-cronograma-de-recoleccion-de-desechos-en-maracaibo-se-modifica-para-optimizar-el-servicio\/#primaryimage"},"image":{"@id":"https:\/\/digital58.com.ve\/site\/2024\/02\/10\/zulia-cronograma-de-recoleccion-de-desechos-en-maracaibo-se-modifica-para-optimizar-el-servicio\/#primaryimage"},"thumbnailUrl":"https:\/\/digital58.com.ve\/site\/wp-content\/uploads\/2024\/02\/aseo-urbano-mcbo-6.jpg","datePublished":"2024-02-10T13:53:34+00:00","breadcrumb":{"@id":"https:\/\/digital58.com.ve\/site\/2024\/02\/10\/zulia-cronograma-de-recoleccion-de-desechos-en-maracaibo-se-modifica-para-optimizar-el-servicio\/#breadcrumb"},"inLanguage":"es","potentialAction":[{"@type":"ReadAction","target":["https:\/\/digital58.com.ve\/site\/2024\/02\/10\/zulia-cronograma-de-recoleccion-de-desechos-en-maracaibo-se-modifica-para-optimizar-el-servicio\/"]}]},{"@type":"ImageObject","inLanguage":"es","@id":"https:\/\/digital58.com.ve\/site\/2024\/02\/10\/zulia-cronograma-de-recoleccion-de-desechos-en-maracaibo-se-modifica-para-optimizar-el-servicio\/#primaryimage","url":"https:\/\/digital58.com.ve\/site\/wp-content\/uploads\/2024\/02\/aseo-urbano-mcbo-6.jpg","contentUrl":"https:\/\/digital58.com.ve\/site\/wp-content\/uploads\/2024\/02\/aseo-urbano-mcbo-6.jpg","width":800,"height":450},{"@type":"BreadcrumbList","@id":"https:\/\/digital58.com.ve\/site\/2024\/02\/10\/zulia-cronograma-de-recoleccion-de-desechos-en-maracaibo-se-modifica-para-optimizar-el-servicio\/#breadcrumb","itemListElement":[{"@type":"ListItem","position":1,"name":"Home","item":"https:\/\/digital58.com.ve\/site\/"},{"@type":"ListItem","position":2,"name":"#Zulia | Cronograma de recolecci\u00f3n de desechos en Maracaibo se modifica para optimizar el servicio"}]},{"@type":"WebSite","@id":"https:\/\/digital58.com.ve\/site\/#website","url":"https:\/\/digital58.com.ve\/site\/","name":"Noticias Digital58","description":"Portal de Noticias \u00a1Periodismo web de verdad! Lanzamiento web 22.11.2005 \/ Maracaibo, Venezuela","publisher":{"@id":"https:\/\/digital58.com.ve\/site\/#\/schema\/person\/64d1c2e4d0d4fd1b849980c4331c2951"},"alternateName":"ND58","potentialAction":[{"@type":"SearchAction","target":{"@type":"EntryPoint","urlTemplate":"https:\/\/digital58.com.ve\/site\/?s={search_term_string}"},"query-input":{"@type":"PropertyValueSpecification","valueRequired":true,"valueName":"search_term_string"}}],"inLanguage":"es"},{"@type":["Person","Organization"],"@id":"https:\/\/digital58.com.ve\/site\/#\/schema\/person\/64d1c2e4d0d4fd1b849980c4331c2951","name":"Villasmil Henry","image":{"@type":"ImageObject","inLanguage":"es","@id":"https:\/\/secure.gravatar.com\/avatar\/bb0c4a2fcb7970138239f7e404ea75757b1b507b28b5ce4c53fbd62d797c5a7c?s=96&d=mm&r=g","url":"https:\/\/secure.gravatar.com\/avatar\/bb0c4a2fcb7970138239f7e404ea75757b1b507b28b5ce4c53fbd62d797c5a7c?s=96&d=mm&r=g","contentUrl":"https:\/\/secure.gravatar.com\/avatar\/bb0c4a2fcb7970138239f7e404ea75757b1b507b28b5ce4c53fbd62d797c5a7c?s=96&d=mm&r=g","caption":"Villasmil Henry"},"logo":{"@id":"https:\/\/secure.gravatar.com\/avatar\/bb0c4a2fcb7970138239f7e404ea75757b1b507b28b5ce4c53fbd62d797c5a7c?s=96&d=mm&r=g"},"sameAs":["http:\/\/www.henryvillasmil.com.ve","https:\/\/www.instagram.com\/villasmilhfoto\/","https:\/\/x.com\/https:\/\/twitter.com\/villasmilhfoto"],"url":"https:\/\/digital58.com.ve\/site\/author\/droopy_68\/"}]}},"uagb_featured_image_src":{"full":["https:\/\/digital58.com.ve\/site\/wp-content\/uploads\/2024\/02\/aseo-urbano-mcbo-6.jpg",800,450,false],"thumbnail":["https:\/\/digital58.com.ve\/site\/wp-content\/uploads\/2024\/02\/aseo-urbano-mcbo-6-150x150.jpg",150,150,true],"medium":["https:\/\/digital58.com.ve\/site\/wp-content\/uploads\/2024\/02\/aseo-urbano-mcbo-6-300x169.jpg",300,169,true],"medium_large":["https:\/\/digital58.com.ve\/site\/wp-content\/uploads\/2024\/02\/aseo-urbano-mcbo-6-768x432.jpg",768,432,true],"large":["https:\/\/digital58.com.ve\/site\/wp-content\/uploads\/2024\/02\/aseo-urbano-mcbo-6.jpg",800,450,false],"1536x1536":["https:\/\/digital58.com.ve\/site\/wp-content\/uploads\/2024\/02\/aseo-urbano-mcbo-6.jpg",800,450,false],"2048x2048":["https:\/\/digital58.com.ve\/site\/wp-content\/uploads\/2024\/02\/aseo-urbano-mcbo-6.jpg",800,450,false],"colormag-highlighted-post":["https:\/\/digital58.com.ve\/site\/wp-content\/uploads\/2024\/02\/aseo-urbano-mcbo-6-392x272.jpg",392,272,true],"colormag-featured-post-medium":["https:\/\/digital58.com.ve\/site\/wp-content\/uploads\/2024\/02\/aseo-urbano-mcbo-6-390x205.jpg",390,205,true],"colormag-featured-post-small":["https:\/\/digital58.com.ve\/site\/wp-content\/uploads\/2024\/02\/aseo-urbano-mcbo-6-130x90.jpg",130,90,true],"colormag-featured-image":["https:\/\/digital58.com.ve\/site\/wp-content\/uploads\/2024\/02\/aseo-urbano-mcbo-6-800x445.jpg",800,445,true],"colormag-default-news":["https:\/\/digital58.com.ve\/site\/wp-content\/uploads\/2024\/02\/aseo-urbano-mcbo-6-150x150.jpg",150,150,true],"colormag-featured-image-large":["https:\/\/digital58.com.ve\/site\/wp-content\/uploads\/2024\/02\/aseo-urbano-mcbo-6.jpg",800,450,false]},"uagb_author_info":{"display_name":"Villasmil Henry","author_link":"https:\/\/digital58.com.ve\/site\/author\/droopy_68\/"},"uagb_comment_info":0,"uagb_excerpt":"Las parroquias Francisco Eugenio Bustamante, Caracciolo Parra P\u00e9rez y Ra\u00fal Leoni tendr\u00e1n nuevos d\u00edas de recolecci\u00f3n. Maracaibo, Zulia, Venezuela, 10","_links":{"self":[{"href":"https:\/\/digital58.com.ve\/site\/wp-json\/wp\/v2\/posts\/174626","targetHints":{"allow":["GET"]}}],"collection":[{"href":"https:\/\/digital58.com.ve\/site\/wp-json\/wp\/v2\/posts"}],"about":[{"href":"https:\/\/digital58.com.ve\/site\/wp-json\/wp\/v2\/types\/post"}],"author":[{"embeddable":true,"href":"https:\/\/digital58.com.ve\/site\/wp-json\/wp\/v2\/users\/1"}],"replies":[{"embeddable":true,"href":"https:\/\/digital58.com.ve\/site\/wp-json\/wp\/v2\/comments?post=174626"}],"version-history":[{"count":1,"href":"https:\/\/digital58.com.ve\/site\/wp-json\/wp\/v2\/posts\/174626\/revisions"}],"predecessor-version":[{"id":174629,"href":"https:\/\/digital58.com.ve\/site\/wp-json\/wp\/v2\/posts\/174626\/revisions\/174629"}],"wp:featuredmedia":[{"embeddable":true,"href":"https:\/\/digital58.com.ve\/site\/wp-json\/wp\/v2\/media\/174627"}],"wp:attachment":[{"href":"https:\/\/digital58.com.ve\/site\/wp-json\/wp\/v2\/media?parent=174626"}],"wp:term":[{"taxonomy":"category","embeddable":true,"href":"https:\/\/digital58.com.ve\/site\/wp-json\/wp\/v2\/categories?post=174626"},{"taxonomy":"post_tag","embeddable":true,"href":"https:\/\/digital58.com.ve\/site\/wp-json\/wp\/v2\/tags?post=174626"}],"curies":[{"name":"wp","href":"https:\/\/api.w.org\/{rel}","templated":true}]}}