{"id":175111,"date":"2024-03-03T21:29:35","date_gmt":"2024-03-04T01:29:35","guid":{"rendered":"https:\/\/digital58.com.ve\/site\/?p=175111"},"modified":"2024-03-03T21:29:35","modified_gmt":"2024-03-04T01:29:35","slug":"laliga-mallorca-sigue-instalado-en-una-nube","status":"publish","type":"post","link":"https:\/\/digital58.com.ve\/site\/2024\/03\/03\/laliga-mallorca-sigue-instalado-en-una-nube\/","title":{"rendered":"#LaLiga | Mallorca sigue instalado en una nube"},"content":{"rendered":"<p><a href=\"https:\/\/digital58.com.ve\/site\/wp-content\/uploads\/2024\/03\/07b1c6701f75f68b66873c14373303cceed1238aminiw.jpg\"><img loading=\"lazy\" decoding=\"async\" class=\"aligncenter size-full wp-image-175112\" src=\"https:\/\/digital58.com.ve\/site\/wp-content\/uploads\/2024\/03\/07b1c6701f75f68b66873c14373303cceed1238aminiw.jpg\" alt=\"\" width=\"900\" height=\"600\" srcset=\"https:\/\/digital58.com.ve\/site\/wp-content\/uploads\/2024\/03\/07b1c6701f75f68b66873c14373303cceed1238aminiw.jpg 900w, https:\/\/digital58.com.ve\/site\/wp-content\/uploads\/2024\/03\/07b1c6701f75f68b66873c14373303cceed1238aminiw-300x200.jpg 300w, https:\/\/digital58.com.ve\/site\/wp-content\/uploads\/2024\/03\/07b1c6701f75f68b66873c14373303cceed1238aminiw-768x512.jpg 768w\" sizes=\"auto, (max-width: 900px) 100vw, 900px\" \/><\/a><\/p>\n<p>El duelo de los equipos revelaci\u00f3n de Liga y Copa cay\u00f3 del lado del Mallorca, que respira en la tabla, aunque con mucho sufrimiento en el tramo final del choque, a costa del conjunto catal\u00e1n.<\/p>\n<p><strong>Espa\u00f1a, 03 de marzo de 2024 (ND58).-<\/strong> El Mallorca derrot\u00f3 este domingo por 1-0 al Girona con un gol del central Jos\u00e9 Copete en la primera parte, prolong\u00f3 su estado de gracia tras clasificarse para la final de la Copa del Rey y se distanci\u00f3 a ocho puntos de la zona de descenso de la Laliga EA Sports.<\/p>\n<p>Mallorca y Girona afrontaron el duelo con la necesidad de sumar puntos. El equipo de Javier Aguirre se jugaba poner tierra de por medio con el descenso y el de M\u00edchel S\u00e1nchez, la posibilidad de ejercer m\u00e1s presi\u00f3n al Real Madrid.<\/p>\n<p>Salieron mejor los bermellones, cuyos contraataques con la dupla formada por el canadiense Cyle Larin y el kosovar Vedat Muriqi crearon dificultades a la zaga visitante, sobre todo con las segundas jugadas.<\/p>\n<p>Al Girona le cost\u00f3 un mundo asentarse sobre el c\u00e9sped de Son Moix. Las constantes rachas de viento y la presi\u00f3n del rival fueron factores que impidieron al Girona lucir las virtudes que le han llevado a convertirse en el equipo sorpresa del campeonato.<\/p>\n<p>El Mallorca no pareci\u00f3 notar el tremendo esfuerzo f\u00edsico que tuvo que realizar el pasado martes para plantarse en la final de la Copa del Rey \u2014con pr\u00f3rroga y penaltis incluidos\u2014 en el campo de la Real Sociedad.<\/p>\n<p>Casi siempre, al menos en el primer periodo, super\u00f3 a un Girona que ya hab\u00eda ca\u00eddo (3-2) en Palma en los cuartos de final del torneo copero.<\/p>\n<p>El gol de Jos\u00e9 Copete, primero de la temporada en su cuenta personal, fue un ejemplo de ello.<\/p>\n<p>El bal\u00f3n lleg\u00f3 al central mallorquinista tras rebotar en Larin y lo revent\u00f3 con un remate inapelable, sin que nadie de la poblada defensa visitante pudiera impedirlo.<\/p>\n<p>La jugada fue revisada por el VAR ya que el bal\u00f3n hab\u00eda impactado en un brazo del canadiense antes de que se introdujera en la porter\u00eda de Gazzaniga.<\/p>\n<p>Una vez m\u00e1s, un gol de un defensa mallorquinista sub\u00eda al marcador despu\u00e9s de que marcaran Nastasic ante el Rayo y G\u00edo Gonz\u00e1lez ante la Real en la Copa.<\/p>\n<p>El Mallorca cedi\u00f3 la iniciativa al Girona en la reanudaci\u00f3n. Aguirre sustituy\u00f3 a Valjent \u2014que ten\u00eda tarjeta amarilla\u2014 y a Antonio S\u00e1nchez para dar entrada a Nacho Vidal y Manu Morlanes.<\/p>\n<p>Vidal se situ\u00f3 en el lateral derecho y G\u00edo Gonz\u00e1lez pas\u00f3 al eje de la zaga. En el conjunto catal\u00e1n entr\u00f3 al campo Portu por Iv\u00e1n Mart\u00edn en busca de reforzar el centro del campo.<\/p>\n<p>Los dos equipos, uno con sus l\u00edneas adelantadas en busca del empate y otro defendiendo el 1-0 con la mirada puesta en los contraataques, jugaron sus cartas en el tramo final.<\/p>\n<p>Pudo marcar el Mallorca en varios momentos del partido, pero m\u00e1s claras fueron la ocasiones del Girona, lanzado en busca de la igualada.<\/p>\n<p>El ep\u00edlogo del choque fue dram\u00e1tico para los jugadores de Javier Aguirre, que achicaron balones como pudieron para amarrar tres puntos de oro en su batalla de alejarse de la zona de descenso.<\/p>\n<p><strong>Ficha t\u00e9cnica:<\/strong><\/p>\n<p><strong>1 &#8211; Mallorca:<\/strong> Rajkovic; G\u00edo Gonz\u00e1lez, Raillo, Valjent (Nacho Vidal, min. 54), Copete, Lato; S\u00e1nchez (Morlanes, min. 54), Mascarell, Dani Rodr\u00edguez (Darder, min. 68); Larin (Abd\u00f3n, min. 68)y Muriqi.<\/p>\n<p><strong>0 &#8211; Girona:<\/strong> Gazzaniga; Yan Couto, Eric Garc\u00eda, Juanpe, Miguel; Aleix Garc\u00eda, Sol\u00eds (Stuani, min. 78), Iv\u00e1n Mart\u00edn (Portu, min. 55); Savinho, Tsygankov y Dovbyk.<\/p>\n<p><strong>Gol:<\/strong> 1-0, min.32: Copete.<\/p>\n<p><strong>\u00c1rbitro:<\/strong> Hern\u00e1ndez Maeso (Comit\u00e9 Extreme\u00f1o). Amonest\u00f3 a Valjent (min. 37), Lato (min. 58), Mascarell (min. 74), Abd\u00f3n Prats (min. 76) y Sergi Darder (min. 93).<\/p>\n<p>Incidencias: Partido correspondiente a la vig\u00e9sima s\u00e9ptima jornada de LaLiga EA Sports disputado en el estadio Son Moix ante 17.769 espectadores.<\/p>\n<p><strong>Redacci\u00f3n ND58 | Fuente: EFE<\/strong><br \/>\n<strong>Edici\u00f3n: Villasmil, Henry<\/strong><br \/>\n<strong>Gr\u00e1fica: EFE<\/strong><\/p>\n<p>&nbsp;<\/p>\n<p>&nbsp;<\/p><div class=\"gjuqr69f72d05d5471\" ><p style=\"text-align: center;\"><a href=\"https:\/\/t.me\/noticiasdigital58\" target=\"_blank\" rel=\"noopener\"><img class=\"aligncenter size-full wp-image-125363\" src=\"https:\/\/digital58.com.ve\/site\/wp-content\/uploads\/2021\/04\/banner-telegram-web-2021.png\" alt=\"\" width=\"600\" height=\"90\" \/><\/a><\/p><\/div><style type=\"text\/css\">\r\n@media screen and (min-width: 1201px) {\r\n.gjuqr69f72d05d5471 {\r\ndisplay: block;\r\n}\r\n}\r\n@media screen and (min-width: 993px) and (max-width: 1200px) {\r\n.gjuqr69f72d05d5471 {\r\ndisplay: block;\r\n}\r\n}\r\n@media screen and (min-width: 769px) and (max-width: 992px) {\r\n.gjuqr69f72d05d5471 {\r\ndisplay: block;\r\n}\r\n}\r\n@media screen and (min-width: 768px) and (max-width: 768px) {\r\n.gjuqr69f72d05d5471 {\r\ndisplay: block;\r\n}\r\n}\r\n@media screen and (max-width: 767px) {\r\n.gjuqr69f72d05d5471 {\r\ndisplay: block;\r\n}\r\n}\r\n<\/style>\r\n\n<p>&nbsp;<\/p>\n<div style=\"margin-top: 0px; margin-bottom: 0px;\" class=\"sharethis-inline-share-buttons\" ><\/div>","protected":false},"excerpt":{"rendered":"<p>El duelo de los equipos revelaci\u00f3n de Liga y Copa cay\u00f3 del lado del Mallorca, que respira en la tabla,<\/p>\n","protected":false},"author":1,"featured_media":175112,"comment_status":"open","ping_status":"closed","sticky":false,"template":"","format":"standard","meta":{"colormag_page_container_layout":"default_layout","colormag_page_sidebar_layout":"default_layout","_uag_custom_page_level_css":"","footnotes":""},"categories":[5402],"tags":[115,13,499,32950,8,7311,31745,17860],"class_list":["post-175111","post","type-post","status-publish","format-standard","has-post-thumbnail","hentry","category-deportes","tag-espana","tag-futbol","tag-futbol-espanol","tag-girona-futbol-club","tag-internacionales","tag-laliga","tag-laliga-2023-2024","tag-rcd-mallorca"],"yoast_head":"<!-- This site is optimized with the Yoast SEO plugin v27.5 - https:\/\/yoast.com\/product\/yoast-seo-wordpress\/ -->\n<title>#LaLiga | Mallorca sigue instalado en una nube<\/title>\n<meta name=\"robots\" content=\"index, follow, max-snippet:-1, max-image-preview:large, max-video-preview:-1\" \/>\n<link rel=\"canonical\" href=\"https:\/\/digital58.com.ve\/site\/2024\/03\/03\/laliga-mallorca-sigue-instalado-en-una-nube\/\" \/>\n<meta property=\"og:locale\" content=\"es_ES\" \/>\n<meta property=\"og:type\" content=\"article\" \/>\n<meta property=\"og:title\" content=\"#LaLiga | Mallorca sigue instalado en una nube\" \/>\n<meta property=\"og:url\" content=\"https:\/\/digital58.com.ve\/site\/2024\/03\/03\/laliga-mallorca-sigue-instalado-en-una-nube\/\" \/>\n<meta property=\"og:site_name\" content=\"Noticias Digital58\" \/>\n<meta property=\"article:published_time\" content=\"2024-03-04T01:29:35+00:00\" \/>\n<meta property=\"og:image\" content=\"https:\/\/i0.wp.com\/digital58.com.ve\/site\/wp-content\/uploads\/2024\/03\/07b1c6701f75f68b66873c14373303cceed1238aminiw.jpg?fit=900%2C600&ssl=1\" \/>\n\t<meta property=\"og:image:width\" content=\"900\" \/>\n\t<meta property=\"og:image:height\" content=\"600\" \/>\n\t<meta property=\"og:image:type\" content=\"image\/jpeg\" \/>\n<meta name=\"author\" content=\"Villasmil Henry\" \/>\n<meta name=\"twitter:card\" content=\"summary_large_image\" \/>\n<meta name=\"twitter:creator\" content=\"@https:\/\/twitter.com\/villasmilhfoto\" \/>\n<meta name=\"twitter:site\" content=\"@villasmilhfoto\" \/>\n<meta name=\"twitter:label1\" content=\"Escrito por\" \/>\n\t<meta name=\"twitter:data1\" content=\"Villasmil Henry\" \/>\n\t<meta name=\"twitter:label2\" content=\"Tiempo estimado de lectura\" \/>\n\t<meta name=\"twitter:data2\" content=\"3 minutos\" \/>\n<script type=\"application\/ld+json\" class=\"yoast-schema-graph\">{\"@context\":\"https:\\\/\\\/schema.org\",\"@graph\":[{\"@type\":\"Article\",\"@id\":\"https:\\\/\\\/digital58.com.ve\\\/site\\\/2024\\\/03\\\/03\\\/laliga-mallorca-sigue-instalado-en-una-nube\\\/#article\",\"isPartOf\":{\"@id\":\"https:\\\/\\\/digital58.com.ve\\\/site\\\/2024\\\/03\\\/03\\\/laliga-mallorca-sigue-instalado-en-una-nube\\\/\"},\"author\":{\"name\":\"Villasmil Henry\",\"@id\":\"https:\\\/\\\/digital58.com.ve\\\/site\\\/#\\\/schema\\\/person\\\/64d1c2e4d0d4fd1b849980c4331c2951\"},\"headline\":\"#LaLiga | Mallorca sigue instalado en una nube\",\"datePublished\":\"2024-03-04T01:29:35+00:00\",\"mainEntityOfPage\":{\"@id\":\"https:\\\/\\\/digital58.com.ve\\\/site\\\/2024\\\/03\\\/03\\\/laliga-mallorca-sigue-instalado-en-una-nube\\\/\"},\"wordCount\":694,\"commentCount\":0,\"publisher\":{\"@id\":\"https:\\\/\\\/digital58.com.ve\\\/site\\\/#\\\/schema\\\/person\\\/64d1c2e4d0d4fd1b849980c4331c2951\"},\"image\":{\"@id\":\"https:\\\/\\\/digital58.com.ve\\\/site\\\/2024\\\/03\\\/03\\\/laliga-mallorca-sigue-instalado-en-una-nube\\\/#primaryimage\"},\"thumbnailUrl\":\"https:\\\/\\\/digital58.com.ve\\\/site\\\/wp-content\\\/uploads\\\/2024\\\/03\\\/07b1c6701f75f68b66873c14373303cceed1238aminiw.jpg\",\"keywords\":[\"Espa\u00f1a\",\"F\u00fatbol\",\"F\u00fatbol Espa\u00f1ol\",\"Girona F\u00fatbol Club\",\"Internacionales\",\"LaLiga\",\"LaLiga 2023-2024\",\"RCD Mallorca\"],\"articleSection\":[\"Deportes\"],\"inLanguage\":\"es\",\"potentialAction\":[{\"@type\":\"CommentAction\",\"name\":\"Comment\",\"target\":[\"https:\\\/\\\/digital58.com.ve\\\/site\\\/2024\\\/03\\\/03\\\/laliga-mallorca-sigue-instalado-en-una-nube\\\/#respond\"]}]},{\"@type\":\"WebPage\",\"@id\":\"https:\\\/\\\/digital58.com.ve\\\/site\\\/2024\\\/03\\\/03\\\/laliga-mallorca-sigue-instalado-en-una-nube\\\/\",\"url\":\"https:\\\/\\\/digital58.com.ve\\\/site\\\/2024\\\/03\\\/03\\\/laliga-mallorca-sigue-instalado-en-una-nube\\\/\",\"name\":\"#LaLiga | Mallorca sigue instalado en una nube\",\"isPartOf\":{\"@id\":\"https:\\\/\\\/digital58.com.ve\\\/site\\\/#website\"},\"primaryImageOfPage\":{\"@id\":\"https:\\\/\\\/digital58.com.ve\\\/site\\\/2024\\\/03\\\/03\\\/laliga-mallorca-sigue-instalado-en-una-nube\\\/#primaryimage\"},\"image\":{\"@id\":\"https:\\\/\\\/digital58.com.ve\\\/site\\\/2024\\\/03\\\/03\\\/laliga-mallorca-sigue-instalado-en-una-nube\\\/#primaryimage\"},\"thumbnailUrl\":\"https:\\\/\\\/digital58.com.ve\\\/site\\\/wp-content\\\/uploads\\\/2024\\\/03\\\/07b1c6701f75f68b66873c14373303cceed1238aminiw.jpg\",\"datePublished\":\"2024-03-04T01:29:35+00:00\",\"breadcrumb\":{\"@id\":\"https:\\\/\\\/digital58.com.ve\\\/site\\\/2024\\\/03\\\/03\\\/laliga-mallorca-sigue-instalado-en-una-nube\\\/#breadcrumb\"},\"inLanguage\":\"es\",\"potentialAction\":[{\"@type\":\"ReadAction\",\"target\":[\"https:\\\/\\\/digital58.com.ve\\\/site\\\/2024\\\/03\\\/03\\\/laliga-mallorca-sigue-instalado-en-una-nube\\\/\"]}]},{\"@type\":\"ImageObject\",\"inLanguage\":\"es\",\"@id\":\"https:\\\/\\\/digital58.com.ve\\\/site\\\/2024\\\/03\\\/03\\\/laliga-mallorca-sigue-instalado-en-una-nube\\\/#primaryimage\",\"url\":\"https:\\\/\\\/digital58.com.ve\\\/site\\\/wp-content\\\/uploads\\\/2024\\\/03\\\/07b1c6701f75f68b66873c14373303cceed1238aminiw.jpg\",\"contentUrl\":\"https:\\\/\\\/digital58.com.ve\\\/site\\\/wp-content\\\/uploads\\\/2024\\\/03\\\/07b1c6701f75f68b66873c14373303cceed1238aminiw.jpg\",\"width\":900,\"height\":600},{\"@type\":\"BreadcrumbList\",\"@id\":\"https:\\\/\\\/digital58.com.ve\\\/site\\\/2024\\\/03\\\/03\\\/laliga-mallorca-sigue-instalado-en-una-nube\\\/#breadcrumb\",\"itemListElement\":[{\"@type\":\"ListItem\",\"position\":1,\"name\":\"Home\",\"item\":\"https:\\\/\\\/digital58.com.ve\\\/site\\\/\"},{\"@type\":\"ListItem\",\"position\":2,\"name\":\"#LaLiga | Mallorca sigue instalado en una nube\"}]},{\"@type\":\"WebSite\",\"@id\":\"https:\\\/\\\/digital58.com.ve\\\/site\\\/#website\",\"url\":\"https:\\\/\\\/digital58.com.ve\\\/site\\\/\",\"name\":\"Noticias Digital58\",\"description\":\"Portal de Noticias \u00a1Periodismo web de verdad! Lanzamiento web 22.11.2005 \\\/ Maracaibo, Venezuela\",\"publisher\":{\"@id\":\"https:\\\/\\\/digital58.com.ve\\\/site\\\/#\\\/schema\\\/person\\\/64d1c2e4d0d4fd1b849980c4331c2951\"},\"alternateName\":\"ND58\",\"potentialAction\":[{\"@type\":\"SearchAction\",\"target\":{\"@type\":\"EntryPoint\",\"urlTemplate\":\"https:\\\/\\\/digital58.com.ve\\\/site\\\/?s={search_term_string}\"},\"query-input\":{\"@type\":\"PropertyValueSpecification\",\"valueRequired\":true,\"valueName\":\"search_term_string\"}}],\"inLanguage\":\"es\"},{\"@type\":[\"Person\",\"Organization\"],\"@id\":\"https:\\\/\\\/digital58.com.ve\\\/site\\\/#\\\/schema\\\/person\\\/64d1c2e4d0d4fd1b849980c4331c2951\",\"name\":\"Villasmil Henry\",\"image\":{\"@type\":\"ImageObject\",\"inLanguage\":\"es\",\"@id\":\"https:\\\/\\\/secure.gravatar.com\\\/avatar\\\/bb0c4a2fcb7970138239f7e404ea75757b1b507b28b5ce4c53fbd62d797c5a7c?s=96&d=mm&r=g\",\"url\":\"https:\\\/\\\/secure.gravatar.com\\\/avatar\\\/bb0c4a2fcb7970138239f7e404ea75757b1b507b28b5ce4c53fbd62d797c5a7c?s=96&d=mm&r=g\",\"contentUrl\":\"https:\\\/\\\/secure.gravatar.com\\\/avatar\\\/bb0c4a2fcb7970138239f7e404ea75757b1b507b28b5ce4c53fbd62d797c5a7c?s=96&d=mm&r=g\",\"caption\":\"Villasmil Henry\"},\"logo\":{\"@id\":\"https:\\\/\\\/secure.gravatar.com\\\/avatar\\\/bb0c4a2fcb7970138239f7e404ea75757b1b507b28b5ce4c53fbd62d797c5a7c?s=96&d=mm&r=g\"},\"sameAs\":[\"http:\\\/\\\/www.henryvillasmil.com.ve\",\"https:\\\/\\\/www.instagram.com\\\/villasmilhfoto\\\/\",\"https:\\\/\\\/x.com\\\/https:\\\/\\\/twitter.com\\\/villasmilhfoto\"],\"url\":\"https:\\\/\\\/digital58.com.ve\\\/site\\\/author\\\/droopy_68\\\/\"}]}<\/script>\n<!-- \/ Yoast SEO plugin. -->","yoast_head_json":{"title":"#LaLiga | Mallorca sigue instalado en una nube","robots":{"index":"index","follow":"follow","max-snippet":"max-snippet:-1","max-image-preview":"max-image-preview:large","max-video-preview":"max-video-preview:-1"},"canonical":"https:\/\/digital58.com.ve\/site\/2024\/03\/03\/laliga-mallorca-sigue-instalado-en-una-nube\/","og_locale":"es_ES","og_type":"article","og_title":"#LaLiga | Mallorca sigue instalado en una nube","og_url":"https:\/\/digital58.com.ve\/site\/2024\/03\/03\/laliga-mallorca-sigue-instalado-en-una-nube\/","og_site_name":"Noticias Digital58","article_published_time":"2024-03-04T01:29:35+00:00","og_image":[{"width":900,"height":600,"url":"https:\/\/i0.wp.com\/digital58.com.ve\/site\/wp-content\/uploads\/2024\/03\/07b1c6701f75f68b66873c14373303cceed1238aminiw.jpg?fit=900%2C600&ssl=1","type":"image\/jpeg"}],"author":"Villasmil Henry","twitter_card":"summary_large_image","twitter_creator":"@https:\/\/twitter.com\/villasmilhfoto","twitter_site":"@villasmilhfoto","twitter_misc":{"Escrito por":"Villasmil Henry","Tiempo estimado de lectura":"3 minutos"},"schema":{"@context":"https:\/\/schema.org","@graph":[{"@type":"Article","@id":"https:\/\/digital58.com.ve\/site\/2024\/03\/03\/laliga-mallorca-sigue-instalado-en-una-nube\/#article","isPartOf":{"@id":"https:\/\/digital58.com.ve\/site\/2024\/03\/03\/laliga-mallorca-sigue-instalado-en-una-nube\/"},"author":{"name":"Villasmil Henry","@id":"https:\/\/digital58.com.ve\/site\/#\/schema\/person\/64d1c2e4d0d4fd1b849980c4331c2951"},"headline":"#LaLiga | Mallorca sigue instalado en una nube","datePublished":"2024-03-04T01:29:35+00:00","mainEntityOfPage":{"@id":"https:\/\/digital58.com.ve\/site\/2024\/03\/03\/laliga-mallorca-sigue-instalado-en-una-nube\/"},"wordCount":694,"commentCount":0,"publisher":{"@id":"https:\/\/digital58.com.ve\/site\/#\/schema\/person\/64d1c2e4d0d4fd1b849980c4331c2951"},"image":{"@id":"https:\/\/digital58.com.ve\/site\/2024\/03\/03\/laliga-mallorca-sigue-instalado-en-una-nube\/#primaryimage"},"thumbnailUrl":"https:\/\/digital58.com.ve\/site\/wp-content\/uploads\/2024\/03\/07b1c6701f75f68b66873c14373303cceed1238aminiw.jpg","keywords":["Espa\u00f1a","F\u00fatbol","F\u00fatbol Espa\u00f1ol","Girona F\u00fatbol Club","Internacionales","LaLiga","LaLiga 2023-2024","RCD Mallorca"],"articleSection":["Deportes"],"inLanguage":"es","potentialAction":[{"@type":"CommentAction","name":"Comment","target":["https:\/\/digital58.com.ve\/site\/2024\/03\/03\/laliga-mallorca-sigue-instalado-en-una-nube\/#respond"]}]},{"@type":"WebPage","@id":"https:\/\/digital58.com.ve\/site\/2024\/03\/03\/laliga-mallorca-sigue-instalado-en-una-nube\/","url":"https:\/\/digital58.com.ve\/site\/2024\/03\/03\/laliga-mallorca-sigue-instalado-en-una-nube\/","name":"#LaLiga | Mallorca sigue instalado en una nube","isPartOf":{"@id":"https:\/\/digital58.com.ve\/site\/#website"},"primaryImageOfPage":{"@id":"https:\/\/digital58.com.ve\/site\/2024\/03\/03\/laliga-mallorca-sigue-instalado-en-una-nube\/#primaryimage"},"image":{"@id":"https:\/\/digital58.com.ve\/site\/2024\/03\/03\/laliga-mallorca-sigue-instalado-en-una-nube\/#primaryimage"},"thumbnailUrl":"https:\/\/digital58.com.ve\/site\/wp-content\/uploads\/2024\/03\/07b1c6701f75f68b66873c14373303cceed1238aminiw.jpg","datePublished":"2024-03-04T01:29:35+00:00","breadcrumb":{"@id":"https:\/\/digital58.com.ve\/site\/2024\/03\/03\/laliga-mallorca-sigue-instalado-en-una-nube\/#breadcrumb"},"inLanguage":"es","potentialAction":[{"@type":"ReadAction","target":["https:\/\/digital58.com.ve\/site\/2024\/03\/03\/laliga-mallorca-sigue-instalado-en-una-nube\/"]}]},{"@type":"ImageObject","inLanguage":"es","@id":"https:\/\/digital58.com.ve\/site\/2024\/03\/03\/laliga-mallorca-sigue-instalado-en-una-nube\/#primaryimage","url":"https:\/\/digital58.com.ve\/site\/wp-content\/uploads\/2024\/03\/07b1c6701f75f68b66873c14373303cceed1238aminiw.jpg","contentUrl":"https:\/\/digital58.com.ve\/site\/wp-content\/uploads\/2024\/03\/07b1c6701f75f68b66873c14373303cceed1238aminiw.jpg","width":900,"height":600},{"@type":"BreadcrumbList","@id":"https:\/\/digital58.com.ve\/site\/2024\/03\/03\/laliga-mallorca-sigue-instalado-en-una-nube\/#breadcrumb","itemListElement":[{"@type":"ListItem","position":1,"name":"Home","item":"https:\/\/digital58.com.ve\/site\/"},{"@type":"ListItem","position":2,"name":"#LaLiga | Mallorca sigue instalado en una nube"}]},{"@type":"WebSite","@id":"https:\/\/digital58.com.ve\/site\/#website","url":"https:\/\/digital58.com.ve\/site\/","name":"Noticias Digital58","description":"Portal de Noticias \u00a1Periodismo web de verdad! Lanzamiento web 22.11.2005 \/ Maracaibo, Venezuela","publisher":{"@id":"https:\/\/digital58.com.ve\/site\/#\/schema\/person\/64d1c2e4d0d4fd1b849980c4331c2951"},"alternateName":"ND58","potentialAction":[{"@type":"SearchAction","target":{"@type":"EntryPoint","urlTemplate":"https:\/\/digital58.com.ve\/site\/?s={search_term_string}"},"query-input":{"@type":"PropertyValueSpecification","valueRequired":true,"valueName":"search_term_string"}}],"inLanguage":"es"},{"@type":["Person","Organization"],"@id":"https:\/\/digital58.com.ve\/site\/#\/schema\/person\/64d1c2e4d0d4fd1b849980c4331c2951","name":"Villasmil Henry","image":{"@type":"ImageObject","inLanguage":"es","@id":"https:\/\/secure.gravatar.com\/avatar\/bb0c4a2fcb7970138239f7e404ea75757b1b507b28b5ce4c53fbd62d797c5a7c?s=96&d=mm&r=g","url":"https:\/\/secure.gravatar.com\/avatar\/bb0c4a2fcb7970138239f7e404ea75757b1b507b28b5ce4c53fbd62d797c5a7c?s=96&d=mm&r=g","contentUrl":"https:\/\/secure.gravatar.com\/avatar\/bb0c4a2fcb7970138239f7e404ea75757b1b507b28b5ce4c53fbd62d797c5a7c?s=96&d=mm&r=g","caption":"Villasmil Henry"},"logo":{"@id":"https:\/\/secure.gravatar.com\/avatar\/bb0c4a2fcb7970138239f7e404ea75757b1b507b28b5ce4c53fbd62d797c5a7c?s=96&d=mm&r=g"},"sameAs":["http:\/\/www.henryvillasmil.com.ve","https:\/\/www.instagram.com\/villasmilhfoto\/","https:\/\/x.com\/https:\/\/twitter.com\/villasmilhfoto"],"url":"https:\/\/digital58.com.ve\/site\/author\/droopy_68\/"}]}},"uagb_featured_image_src":{"full":["https:\/\/digital58.com.ve\/site\/wp-content\/uploads\/2024\/03\/07b1c6701f75f68b66873c14373303cceed1238aminiw.jpg",900,600,false],"thumbnail":["https:\/\/digital58.com.ve\/site\/wp-content\/uploads\/2024\/03\/07b1c6701f75f68b66873c14373303cceed1238aminiw-150x150.jpg",150,150,true],"medium":["https:\/\/digital58.com.ve\/site\/wp-content\/uploads\/2024\/03\/07b1c6701f75f68b66873c14373303cceed1238aminiw-300x200.jpg",300,200,true],"medium_large":["https:\/\/digital58.com.ve\/site\/wp-content\/uploads\/2024\/03\/07b1c6701f75f68b66873c14373303cceed1238aminiw-768x512.jpg",768,512,true],"large":["https:\/\/digital58.com.ve\/site\/wp-content\/uploads\/2024\/03\/07b1c6701f75f68b66873c14373303cceed1238aminiw.jpg",800,533,false],"1536x1536":["https:\/\/digital58.com.ve\/site\/wp-content\/uploads\/2024\/03\/07b1c6701f75f68b66873c14373303cceed1238aminiw.jpg",900,600,false],"2048x2048":["https:\/\/digital58.com.ve\/site\/wp-content\/uploads\/2024\/03\/07b1c6701f75f68b66873c14373303cceed1238aminiw.jpg",900,600,false],"colormag-highlighted-post":["https:\/\/digital58.com.ve\/site\/wp-content\/uploads\/2024\/03\/07b1c6701f75f68b66873c14373303cceed1238aminiw-392x272.jpg",392,272,true],"colormag-featured-post-medium":["https:\/\/digital58.com.ve\/site\/wp-content\/uploads\/2024\/03\/07b1c6701f75f68b66873c14373303cceed1238aminiw-390x205.jpg",390,205,true],"colormag-featured-post-small":["https:\/\/digital58.com.ve\/site\/wp-content\/uploads\/2024\/03\/07b1c6701f75f68b66873c14373303cceed1238aminiw-130x90.jpg",130,90,true],"colormag-featured-image":["https:\/\/digital58.com.ve\/site\/wp-content\/uploads\/2024\/03\/07b1c6701f75f68b66873c14373303cceed1238aminiw-800x445.jpg",800,445,true],"colormag-default-news":["https:\/\/digital58.com.ve\/site\/wp-content\/uploads\/2024\/03\/07b1c6701f75f68b66873c14373303cceed1238aminiw-150x150.jpg",150,150,true],"colormag-featured-image-large":["https:\/\/digital58.com.ve\/site\/wp-content\/uploads\/2024\/03\/07b1c6701f75f68b66873c14373303cceed1238aminiw.jpg",900,600,false]},"uagb_author_info":{"display_name":"Villasmil Henry","author_link":"https:\/\/digital58.com.ve\/site\/author\/droopy_68\/"},"uagb_comment_info":0,"uagb_excerpt":"El duelo de los equipos revelaci\u00f3n de Liga y Copa cay\u00f3 del lado del Mallorca, que respira en la tabla,","_links":{"self":[{"href":"https:\/\/digital58.com.ve\/site\/wp-json\/wp\/v2\/posts\/175111","targetHints":{"allow":["GET"]}}],"collection":[{"href":"https:\/\/digital58.com.ve\/site\/wp-json\/wp\/v2\/posts"}],"about":[{"href":"https:\/\/digital58.com.ve\/site\/wp-json\/wp\/v2\/types\/post"}],"author":[{"embeddable":true,"href":"https:\/\/digital58.com.ve\/site\/wp-json\/wp\/v2\/users\/1"}],"replies":[{"embeddable":true,"href":"https:\/\/digital58.com.ve\/site\/wp-json\/wp\/v2\/comments?post=175111"}],"version-history":[{"count":1,"href":"https:\/\/digital58.com.ve\/site\/wp-json\/wp\/v2\/posts\/175111\/revisions"}],"predecessor-version":[{"id":175114,"href":"https:\/\/digital58.com.ve\/site\/wp-json\/wp\/v2\/posts\/175111\/revisions\/175114"}],"wp:featuredmedia":[{"embeddable":true,"href":"https:\/\/digital58.com.ve\/site\/wp-json\/wp\/v2\/media\/175112"}],"wp:attachment":[{"href":"https:\/\/digital58.com.ve\/site\/wp-json\/wp\/v2\/media?parent=175111"}],"wp:term":[{"taxonomy":"category","embeddable":true,"href":"https:\/\/digital58.com.ve\/site\/wp-json\/wp\/v2\/categories?post=175111"},{"taxonomy":"post_tag","embeddable":true,"href":"https:\/\/digital58.com.ve\/site\/wp-json\/wp\/v2\/tags?post=175111"}],"curies":[{"name":"wp","href":"https:\/\/api.w.org\/{rel}","templated":true}]}}