{"id":175299,"date":"2024-03-22T17:04:36","date_gmt":"2024-03-22T21:04:36","guid":{"rendered":"https:\/\/digital58.com.ve\/site\/?p=175299"},"modified":"2024-03-22T17:04:36","modified_gmt":"2024-03-22T21:04:36","slug":"maracaibo-alcaldia-otorgara-una-rebaja-fiscal-del-30-a-empresarios-de-espectaculos-que-alquilen-la-plaza-para-todos","status":"publish","type":"post","link":"https:\/\/digital58.com.ve\/site\/2024\/03\/22\/maracaibo-alcaldia-otorgara-una-rebaja-fiscal-del-30-a-empresarios-de-espectaculos-que-alquilen-la-plaza-para-todos\/","title":{"rendered":"#Maracaibo | Alcald\u00eda otorgar\u00e1 una rebaja fiscal del 30 % a empresarios de espect\u00e1culos que alquilen la Plaza para Todos"},"content":{"rendered":"<p><a href=\"https:\/\/digital58.com.ve\/site\/wp-content\/uploads\/2024\/03\/plaza-para-todos-1.jpg\"><img loading=\"lazy\" decoding=\"async\" class=\"aligncenter size-full wp-image-175302\" src=\"https:\/\/digital58.com.ve\/site\/wp-content\/uploads\/2024\/03\/plaza-para-todos-1.jpg\" alt=\"\" width=\"800\" height=\"449\" srcset=\"https:\/\/digital58.com.ve\/site\/wp-content\/uploads\/2024\/03\/plaza-para-todos-1.jpg 800w, https:\/\/digital58.com.ve\/site\/wp-content\/uploads\/2024\/03\/plaza-para-todos-1-300x168.jpg 300w, https:\/\/digital58.com.ve\/site\/wp-content\/uploads\/2024\/03\/plaza-para-todos-1-768x431.jpg 768w\" sizes=\"auto, (max-width: 800px) 100vw, 800px\" \/><\/a><\/p>\n<p>M\u00e1s de 30 empresarios organizadores de eventos y de venta de boletos conocieron las ventajas que ofrece este espacio para sus <em>shows<\/em>.<\/p>\n<p><strong>Maracaibo, Zulia, Venezuela, 22 de marzo de 2024 (ND58).-<\/strong> Una rebaja fiscal del 30 % otorgar\u00e1 la Alcald\u00eda de Maracaibo a los empresarios que realicen sus espect\u00e1culos en la Plaza para Todos. As\u00ed lo inform\u00f3 Alberto Silva, director de Desarrollo Econ\u00f3mico e intendente tributario del Sedemat, en el recorrido que realiz\u00f3 con m\u00e1s de 30 due\u00f1os y gerentes de empresas de eventos y de ventas de<em> tickets<\/em> en la Plaza para Todos, quien record\u00f3 que a partir del 1 de marzo entr\u00f3 en vigencia la Ordenanza de Espect\u00e1culos.<\/p>\n<p>Acompa\u00f1ado de los directores del Servicio Desconcentrado Plaza para Todos, Andr\u00e9s Acosta; y de Eventos, Liubieska Prieto, Silva les present\u00f3 todas las instalaciones renovadas y rehabilitadas del centro de espect\u00e1culos para la familia, ubicado en la avenida 16 Guajira con Circunvalaci\u00f3n 2.<\/p>\n<p>Silva les explic\u00f3 que la ventaja que tendr\u00e1n es que \u00abtengan el aforo que tengan obtendr\u00e1n la rebaja fiscal, adem\u00e1s de un permiso temporal para la venta de licores cumpliendo con las normativas a la hora de servir las bebidas en botellas\u00bb.<\/p>\n<p><a href=\"https:\/\/digital58.com.ve\/site\/wp-content\/uploads\/2024\/03\/plaza-para-todos-3.jpg\"><img loading=\"lazy\" decoding=\"async\" class=\"aligncenter size-full wp-image-175300\" src=\"https:\/\/digital58.com.ve\/site\/wp-content\/uploads\/2024\/03\/plaza-para-todos-3.jpg\" alt=\"\" width=\"800\" height=\"542\" srcset=\"https:\/\/digital58.com.ve\/site\/wp-content\/uploads\/2024\/03\/plaza-para-todos-3.jpg 800w, https:\/\/digital58.com.ve\/site\/wp-content\/uploads\/2024\/03\/plaza-para-todos-3-300x203.jpg 300w, https:\/\/digital58.com.ve\/site\/wp-content\/uploads\/2024\/03\/plaza-para-todos-3-768x520.jpg 768w\" sizes=\"auto, (max-width: 800px) 100vw, 800px\" \/><\/a><\/p>\n<p>\u00abHoy por hoy tenemos el aforo activo para albergar hasta 12.000 personas dependiendo de c\u00f3mo se organice el espacio. Ya estamos trabajando para que en los pr\u00f3ximos meses podamos tener el aforo de 360 grados listo\u00bb, destac\u00f3 el director de Desarrollo Econ\u00f3mico, para luego dar paso a la presentaci\u00f3n de todos los espacios con los que cuenta la Plaza para Todos para los <em>shows<\/em> y eventos.<\/p>\n<p>El recorrido inici\u00f3 con la muestra del mural Maracaibo por Puesto, elaborado por el artista zuliano radicado en Nueva York, Nicasio Andrade, estampado en una de las paredes del tr\u00e1iler que est\u00e1 completamente recuperado con aire acondicionado y ba\u00f1o.<\/p>\n<p>Luego visitaron la capilla y el Museo Taurino, donde se resguarda parte de la memoria hist\u00f3rica de lo que fue la Plaza de Toros, trajes y capotes de toreros como Tom\u00e1s Campuzano; y por \u00faltimo el ruedo con sus entradas y salidas, as\u00ed como el acceso VIP para las personas que asistan en sillas de ruedas.<\/p>\n<p>Tambi\u00e9n se les mostr\u00f3 40 salas sanitarias disponibles 20 para damas y 20 para caballeros, as\u00ed como el estacionamiento disponible para 600 veh\u00edculos con su iluminaci\u00f3n y la taquilla para la venta de entradas.<\/p>\n<p>El director de Desarrollo Econ\u00f3mico les present\u00f3 adem\u00e1s las sedes del Centro de Atenci\u00f3n Veterinaria y del Instituto Municipal de Producci\u00f3n Agr\u00edcola y Periurbana (Impaupma).<\/p>\n<p>Jos\u00e9 Ram\u00f3n Rond\u00f3n, gerente general de la empresa MD Ticket, alab\u00f3 la recuperaci\u00f3n de la Plaza para Todos y el hecho de que cuente con una taquilla de venta totalmente acondicionada.<\/p>\n<p><a href=\"https:\/\/digital58.com.ve\/site\/wp-content\/uploads\/2024\/03\/plaza-para-todos-2.jpg\"><img loading=\"lazy\" decoding=\"async\" class=\"aligncenter size-full wp-image-175301\" src=\"https:\/\/digital58.com.ve\/site\/wp-content\/uploads\/2024\/03\/plaza-para-todos-2.jpg\" alt=\"\" width=\"800\" height=\"449\" srcset=\"https:\/\/digital58.com.ve\/site\/wp-content\/uploads\/2024\/03\/plaza-para-todos-2.jpg 800w, https:\/\/digital58.com.ve\/site\/wp-content\/uploads\/2024\/03\/plaza-para-todos-2-300x168.jpg 300w, https:\/\/digital58.com.ve\/site\/wp-content\/uploads\/2024\/03\/plaza-para-todos-2-768x431.jpg 768w\" sizes=\"auto, (max-width: 800px) 100vw, 800px\" \/><\/a><\/p>\n<p>Por su parte, Sof\u00eda Gonz\u00e1lez, due\u00f1a y directora de la productora Maracaibo Sound and Entertainment, resalt\u00f3 que es \u00abun espacio al aire libre que antes no ten\u00edan y con una brisa espectacular\u00bb.<\/p>\n<p>Marco Comesa\u00f1a, <em>coach<\/em> de Comesa\u00f1a Training Center, quien sirvi\u00f3 de testigo de los cambios que tuvo la Plaza para Todos durante el 2023 al ser primero en utilizar sus instalaciones para un Boot Camp, record\u00f3 que la Plaza para Todos, luego \u00abde tener una sola \u00e1rea iluminada, ahora es un espacio totalmente c\u00f3modo para cualquier evento\u00bb.<\/p>\n<p>El a\u00f1o pasado, la Plaza para Todos sirvi\u00f3 para la realizaci\u00f3n de eventos de fe cristiana como: la Iglesia en la Calle y Montesanto Tour 2023, organizados por la iglesia Betel Internacional y con la empresa Phillips Producciones, donde albergaron a m\u00e1s de 15 mil personas, y el regreso del tradicional Festival Internacional de la Orqu\u00eddea transmitido en vivo por el canal televisivo Venevisi\u00f3n.<\/p>\n<p><strong>Redacci\u00f3n ND58 | Fuente: Comunicaciones Plaza para Todos \/ Alcald\u00eda de Maracaibo<\/strong><br \/>\n<strong>Edici\u00f3n: Villasmil, Henry<\/strong><br \/>\n<strong>Gr\u00e1ficas: Cortes\u00eda ADM<\/strong><\/p>\n<p>&nbsp;<\/p><div class=\"enlou6a9aa9a41da42\" ><p style=\"text-align: center;\"><a href=\"https:\/\/t.me\/noticiasdigital58\" target=\"_blank\" rel=\"noopener\"><img class=\"aligncenter size-full wp-image-125363\" src=\"https:\/\/digital58.com.ve\/site\/wp-content\/uploads\/2021\/04\/banner-telegram-web-2021.png\" alt=\"\" width=\"600\" height=\"90\" \/><\/a><\/p><\/div><style type=\"text\/css\">\r\n@media screen and (min-width: 1201px) {\r\n.enlou6a9aa9a41da42 {\r\ndisplay: block;\r\n}\r\n}\r\n@media screen and (min-width: 993px) and (max-width: 1200px) {\r\n.enlou6a9aa9a41da42 {\r\ndisplay: block;\r\n}\r\n}\r\n@media screen and (min-width: 769px) and (max-width: 992px) {\r\n.enlou6a9aa9a41da42 {\r\ndisplay: block;\r\n}\r\n}\r\n@media screen and (min-width: 768px) and (max-width: 768px) {\r\n.enlou6a9aa9a41da42 {\r\ndisplay: block;\r\n}\r\n}\r\n@media screen and (max-width: 767px) {\r\n.enlou6a9aa9a41da42 {\r\ndisplay: block;\r\n}\r\n}\r\n<\/style>\r\n\n<p>&nbsp;<\/p>\n<div style=\"margin-top: 0px; margin-bottom: 0px;\" class=\"sharethis-inline-share-buttons\" ><\/div>","protected":false},"excerpt":{"rendered":"<p>M\u00e1s de 30 empresarios organizadores de eventos y de venta de boletos conocieron las ventajas que ofrece este espacio para<\/p>\n","protected":false},"author":1,"featured_media":175301,"comment_status":"open","ping_status":"closed","sticky":false,"template":"","format":"standard","meta":{"colormag_page_container_layout":"default_layout","colormag_page_sidebar_layout":"default_layout","_uag_custom_page_level_css":"","footnotes":""},"categories":[14504],"tags":[290,156,73,233,30606,13980,2354,4045,32],"class_list":["post-175299","post","type-post","status-publish","format-standard","has-post-thumbnail","hentry","category-zulia","tag-alcaldia-de-maracaibo","tag-eventos","tag-maracaibo","tag-nacionales","tag-plaza-para-todos","tag-rafael-ramirez-colina","tag-regionales","tag-sedemat","tag-venezuela"],"yoast_head":"<!-- This site is optimized with the Yoast SEO plugin v28.4 - https:\/\/yoast.com\/product\/yoast-seo-wordpress\/ -->\n<title>#Maracaibo | Alcald\u00eda otorgar\u00e1 una rebaja fiscal del 30 % a empresarios de espect\u00e1culos que alquilen la Plaza para Todos<\/title>\n<meta name=\"robots\" content=\"index, follow, max-snippet:-1, max-image-preview:large, max-video-preview:-1\" \/>\n<link rel=\"canonical\" href=\"https:\/\/digital58.com.ve\/site\/2024\/03\/22\/maracaibo-alcaldia-otorgara-una-rebaja-fiscal-del-30-a-empresarios-de-espectaculos-que-alquilen-la-plaza-para-todos\/\" \/>\n<meta property=\"og:locale\" content=\"es_ES\" \/>\n<meta property=\"og:type\" content=\"article\" \/>\n<meta property=\"og:title\" content=\"#Maracaibo | Alcald\u00eda otorgar\u00e1 una rebaja fiscal del 30 % a empresarios de espect\u00e1culos que alquilen la Plaza para Todos\" \/>\n<meta property=\"og:url\" content=\"https:\/\/digital58.com.ve\/site\/2024\/03\/22\/maracaibo-alcaldia-otorgara-una-rebaja-fiscal-del-30-a-empresarios-de-espectaculos-que-alquilen-la-plaza-para-todos\/\" \/>\n<meta property=\"og:site_name\" content=\"Noticias Digital58\" \/>\n<meta property=\"article:published_time\" content=\"2024-03-22T21:04:36+00:00\" \/>\n<meta property=\"og:image\" content=\"https:\/\/i0.wp.com\/digital58.com.ve\/site\/wp-content\/uploads\/2024\/03\/plaza-para-todos-2.jpg?fit=800%2C449&ssl=1\" \/>\n\t<meta property=\"og:image:width\" content=\"800\" \/>\n\t<meta property=\"og:image:height\" content=\"449\" \/>\n\t<meta property=\"og:image:type\" content=\"image\/jpeg\" \/>\n<meta name=\"author\" content=\"Villasmil Henry\" \/>\n<meta name=\"twitter:card\" content=\"summary_large_image\" \/>\n<meta name=\"twitter:creator\" content=\"@https:\/\/twitter.com\/villasmilhfoto\" \/>\n<meta name=\"twitter:site\" content=\"@villasmilhfoto\" \/>\n<meta name=\"twitter:label1\" content=\"Escrito por\" \/>\n\t<meta name=\"twitter:data1\" content=\"Villasmil Henry\" \/>\n\t<meta name=\"twitter:label2\" content=\"Tiempo estimado de lectura\" \/>\n\t<meta name=\"twitter:data2\" content=\"3 minutos\" \/>\n<script type=\"application\/ld+json\" class=\"yoast-schema-graph\">{\"@context\":\"https:\\\/\\\/schema.org\",\"@graph\":[{\"@type\":\"Article\",\"@id\":\"https:\\\/\\\/digital58.com.ve\\\/site\\\/2024\\\/03\\\/22\\\/maracaibo-alcaldia-otorgara-una-rebaja-fiscal-del-30-a-empresarios-de-espectaculos-que-alquilen-la-plaza-para-todos\\\/#article\",\"isPartOf\":{\"@id\":\"https:\\\/\\\/digital58.com.ve\\\/site\\\/2024\\\/03\\\/22\\\/maracaibo-alcaldia-otorgara-una-rebaja-fiscal-del-30-a-empresarios-de-espectaculos-que-alquilen-la-plaza-para-todos\\\/\"},\"author\":{\"name\":\"Villasmil Henry\",\"@id\":\"https:\\\/\\\/digital58.com.ve\\\/site\\\/#\\\/schema\\\/person\\\/64d1c2e4d0d4fd1b849980c4331c2951\"},\"headline\":\"#Maracaibo | Alcald\u00eda otorgar\u00e1 una rebaja fiscal del 30 % a empresarios de espect\u00e1culos que alquilen la Plaza para Todos\",\"datePublished\":\"2024-03-22T21:04:36+00:00\",\"mainEntityOfPage\":{\"@id\":\"https:\\\/\\\/digital58.com.ve\\\/site\\\/2024\\\/03\\\/22\\\/maracaibo-alcaldia-otorgara-una-rebaja-fiscal-del-30-a-empresarios-de-espectaculos-que-alquilen-la-plaza-para-todos\\\/\"},\"wordCount\":667,\"commentCount\":0,\"publisher\":{\"@id\":\"https:\\\/\\\/digital58.com.ve\\\/site\\\/#\\\/schema\\\/person\\\/64d1c2e4d0d4fd1b849980c4331c2951\"},\"image\":{\"@id\":\"https:\\\/\\\/digital58.com.ve\\\/site\\\/2024\\\/03\\\/22\\\/maracaibo-alcaldia-otorgara-una-rebaja-fiscal-del-30-a-empresarios-de-espectaculos-que-alquilen-la-plaza-para-todos\\\/#primaryimage\"},\"thumbnailUrl\":\"https:\\\/\\\/digital58.com.ve\\\/site\\\/wp-content\\\/uploads\\\/2024\\\/03\\\/plaza-para-todos-2.jpg\",\"keywords\":[\"Alcald\u00eda de Maracaibo\",\"Eventos\",\"Maracaibo\",\"Nacionales\",\"Plaza para todos\",\"Rafael Ram\u00edrez Colina\",\"Regionales\",\"Sedemat\",\"Venezuela\"],\"articleSection\":[\"Zulia\"],\"inLanguage\":\"es\",\"potentialAction\":[{\"@type\":\"CommentAction\",\"name\":\"Comment\",\"target\":[\"https:\\\/\\\/digital58.com.ve\\\/site\\\/2024\\\/03\\\/22\\\/maracaibo-alcaldia-otorgara-una-rebaja-fiscal-del-30-a-empresarios-de-espectaculos-que-alquilen-la-plaza-para-todos\\\/#respond\"]}]},{\"@type\":\"WebPage\",\"@id\":\"https:\\\/\\\/digital58.com.ve\\\/site\\\/2024\\\/03\\\/22\\\/maracaibo-alcaldia-otorgara-una-rebaja-fiscal-del-30-a-empresarios-de-espectaculos-que-alquilen-la-plaza-para-todos\\\/\",\"url\":\"https:\\\/\\\/digital58.com.ve\\\/site\\\/2024\\\/03\\\/22\\\/maracaibo-alcaldia-otorgara-una-rebaja-fiscal-del-30-a-empresarios-de-espectaculos-que-alquilen-la-plaza-para-todos\\\/\",\"name\":\"#Maracaibo | Alcald\u00eda otorgar\u00e1 una rebaja fiscal del 30 % a empresarios de espect\u00e1culos que alquilen la Plaza para Todos\",\"isPartOf\":{\"@id\":\"https:\\\/\\\/digital58.com.ve\\\/site\\\/#website\"},\"primaryImageOfPage\":{\"@id\":\"https:\\\/\\\/digital58.com.ve\\\/site\\\/2024\\\/03\\\/22\\\/maracaibo-alcaldia-otorgara-una-rebaja-fiscal-del-30-a-empresarios-de-espectaculos-que-alquilen-la-plaza-para-todos\\\/#primaryimage\"},\"image\":{\"@id\":\"https:\\\/\\\/digital58.com.ve\\\/site\\\/2024\\\/03\\\/22\\\/maracaibo-alcaldia-otorgara-una-rebaja-fiscal-del-30-a-empresarios-de-espectaculos-que-alquilen-la-plaza-para-todos\\\/#primaryimage\"},\"thumbnailUrl\":\"https:\\\/\\\/digital58.com.ve\\\/site\\\/wp-content\\\/uploads\\\/2024\\\/03\\\/plaza-para-todos-2.jpg\",\"datePublished\":\"2024-03-22T21:04:36+00:00\",\"breadcrumb\":{\"@id\":\"https:\\\/\\\/digital58.com.ve\\\/site\\\/2024\\\/03\\\/22\\\/maracaibo-alcaldia-otorgara-una-rebaja-fiscal-del-30-a-empresarios-de-espectaculos-que-alquilen-la-plaza-para-todos\\\/#breadcrumb\"},\"inLanguage\":\"es\",\"potentialAction\":[{\"@type\":\"ReadAction\",\"target\":[\"https:\\\/\\\/digital58.com.ve\\\/site\\\/2024\\\/03\\\/22\\\/maracaibo-alcaldia-otorgara-una-rebaja-fiscal-del-30-a-empresarios-de-espectaculos-que-alquilen-la-plaza-para-todos\\\/\"]}]},{\"@type\":\"ImageObject\",\"inLanguage\":\"es\",\"@id\":\"https:\\\/\\\/digital58.com.ve\\\/site\\\/2024\\\/03\\\/22\\\/maracaibo-alcaldia-otorgara-una-rebaja-fiscal-del-30-a-empresarios-de-espectaculos-que-alquilen-la-plaza-para-todos\\\/#primaryimage\",\"url\":\"https:\\\/\\\/digital58.com.ve\\\/site\\\/wp-content\\\/uploads\\\/2024\\\/03\\\/plaza-para-todos-2.jpg\",\"contentUrl\":\"https:\\\/\\\/digital58.com.ve\\\/site\\\/wp-content\\\/uploads\\\/2024\\\/03\\\/plaza-para-todos-2.jpg\",\"width\":800,\"height\":449},{\"@type\":\"BreadcrumbList\",\"@id\":\"https:\\\/\\\/digital58.com.ve\\\/site\\\/2024\\\/03\\\/22\\\/maracaibo-alcaldia-otorgara-una-rebaja-fiscal-del-30-a-empresarios-de-espectaculos-que-alquilen-la-plaza-para-todos\\\/#breadcrumb\",\"itemListElement\":[{\"@type\":\"ListItem\",\"position\":1,\"name\":\"Home\",\"item\":\"https:\\\/\\\/digital58.com.ve\\\/site\\\/\"},{\"@type\":\"ListItem\",\"position\":2,\"name\":\"#Maracaibo | Alcald\u00eda otorgar\u00e1 una rebaja fiscal del 30 % a empresarios de espect\u00e1culos que alquilen la Plaza para Todos\"}]},{\"@type\":\"WebSite\",\"@id\":\"https:\\\/\\\/digital58.com.ve\\\/site\\\/#website\",\"url\":\"https:\\\/\\\/digital58.com.ve\\\/site\\\/\",\"name\":\"Noticias Digital58\",\"description\":\"Portal de Noticias \u00a1Periodismo web de verdad! Lanzamiento web 22.11.2005 \\\/ Maracaibo, Venezuela\",\"publisher\":{\"@id\":\"https:\\\/\\\/digital58.com.ve\\\/site\\\/#\\\/schema\\\/person\\\/64d1c2e4d0d4fd1b849980c4331c2951\"},\"alternateName\":\"ND58\",\"potentialAction\":[{\"@type\":\"SearchAction\",\"target\":{\"@type\":\"EntryPoint\",\"urlTemplate\":\"https:\\\/\\\/digital58.com.ve\\\/site\\\/?s={search_term_string}\"},\"query-input\":{\"@type\":\"PropertyValueSpecification\",\"valueRequired\":true,\"valueName\":\"search_term_string\"}}],\"inLanguage\":\"es\"},{\"@type\":[\"Person\",\"Organization\"],\"@id\":\"https:\\\/\\\/digital58.com.ve\\\/site\\\/#\\\/schema\\\/person\\\/64d1c2e4d0d4fd1b849980c4331c2951\",\"name\":\"Villasmil Henry\",\"image\":{\"@type\":\"ImageObject\",\"inLanguage\":\"es\",\"@id\":\"https:\\\/\\\/secure.gravatar.com\\\/avatar\\\/bb0c4a2fcb7970138239f7e404ea75757b1b507b28b5ce4c53fbd62d797c5a7c?s=96&d=mm&r=g\",\"url\":\"https:\\\/\\\/secure.gravatar.com\\\/avatar\\\/bb0c4a2fcb7970138239f7e404ea75757b1b507b28b5ce4c53fbd62d797c5a7c?s=96&d=mm&r=g\",\"contentUrl\":\"https:\\\/\\\/secure.gravatar.com\\\/avatar\\\/bb0c4a2fcb7970138239f7e404ea75757b1b507b28b5ce4c53fbd62d797c5a7c?s=96&d=mm&r=g\",\"caption\":\"Villasmil Henry\"},\"logo\":{\"@id\":\"https:\\\/\\\/secure.gravatar.com\\\/avatar\\\/bb0c4a2fcb7970138239f7e404ea75757b1b507b28b5ce4c53fbd62d797c5a7c?s=96&d=mm&r=g\"},\"sameAs\":[\"http:\\\/\\\/www.henryvillasmil.com.ve\",\"https:\\\/\\\/www.instagram.com\\\/villasmilhfoto\\\/\",\"https:\\\/\\\/x.com\\\/https:\\\/\\\/twitter.com\\\/villasmilhfoto\"],\"url\":\"https:\\\/\\\/digital58.com.ve\\\/site\\\/author\\\/droopy_68\\\/\"}]}<\/script>\n<!-- \/ Yoast SEO plugin. -->","yoast_head_json":{"title":"#Maracaibo | Alcald\u00eda otorgar\u00e1 una rebaja fiscal del 30 % a empresarios de espect\u00e1culos que alquilen la Plaza para Todos","robots":{"index":"index","follow":"follow","max-snippet":"max-snippet:-1","max-image-preview":"max-image-preview:large","max-video-preview":"max-video-preview:-1"},"canonical":"https:\/\/digital58.com.ve\/site\/2024\/03\/22\/maracaibo-alcaldia-otorgara-una-rebaja-fiscal-del-30-a-empresarios-de-espectaculos-que-alquilen-la-plaza-para-todos\/","og_locale":"es_ES","og_type":"article","og_title":"#Maracaibo | Alcald\u00eda otorgar\u00e1 una rebaja fiscal del 30 % a empresarios de espect\u00e1culos que alquilen la Plaza para Todos","og_url":"https:\/\/digital58.com.ve\/site\/2024\/03\/22\/maracaibo-alcaldia-otorgara-una-rebaja-fiscal-del-30-a-empresarios-de-espectaculos-que-alquilen-la-plaza-para-todos\/","og_site_name":"Noticias Digital58","article_published_time":"2024-03-22T21:04:36+00:00","og_image":[{"width":800,"height":449,"url":"https:\/\/i0.wp.com\/digital58.com.ve\/site\/wp-content\/uploads\/2024\/03\/plaza-para-todos-2.jpg?fit=800%2C449&ssl=1","type":"image\/jpeg"}],"author":"Villasmil Henry","twitter_card":"summary_large_image","twitter_creator":"@https:\/\/twitter.com\/villasmilhfoto","twitter_site":"@villasmilhfoto","twitter_misc":{"Escrito por":"Villasmil Henry","Tiempo estimado de lectura":"3 minutos"},"schema":{"@context":"https:\/\/schema.org","@graph":[{"@type":"Article","@id":"https:\/\/digital58.com.ve\/site\/2024\/03\/22\/maracaibo-alcaldia-otorgara-una-rebaja-fiscal-del-30-a-empresarios-de-espectaculos-que-alquilen-la-plaza-para-todos\/#article","isPartOf":{"@id":"https:\/\/digital58.com.ve\/site\/2024\/03\/22\/maracaibo-alcaldia-otorgara-una-rebaja-fiscal-del-30-a-empresarios-de-espectaculos-que-alquilen-la-plaza-para-todos\/"},"author":{"name":"Villasmil Henry","@id":"https:\/\/digital58.com.ve\/site\/#\/schema\/person\/64d1c2e4d0d4fd1b849980c4331c2951"},"headline":"#Maracaibo | Alcald\u00eda otorgar\u00e1 una rebaja fiscal del 30 % a empresarios de espect\u00e1culos que alquilen la Plaza para Todos","datePublished":"2024-03-22T21:04:36+00:00","mainEntityOfPage":{"@id":"https:\/\/digital58.com.ve\/site\/2024\/03\/22\/maracaibo-alcaldia-otorgara-una-rebaja-fiscal-del-30-a-empresarios-de-espectaculos-que-alquilen-la-plaza-para-todos\/"},"wordCount":667,"commentCount":0,"publisher":{"@id":"https:\/\/digital58.com.ve\/site\/#\/schema\/person\/64d1c2e4d0d4fd1b849980c4331c2951"},"image":{"@id":"https:\/\/digital58.com.ve\/site\/2024\/03\/22\/maracaibo-alcaldia-otorgara-una-rebaja-fiscal-del-30-a-empresarios-de-espectaculos-que-alquilen-la-plaza-para-todos\/#primaryimage"},"thumbnailUrl":"https:\/\/digital58.com.ve\/site\/wp-content\/uploads\/2024\/03\/plaza-para-todos-2.jpg","keywords":["Alcald\u00eda de Maracaibo","Eventos","Maracaibo","Nacionales","Plaza para todos","Rafael Ram\u00edrez Colina","Regionales","Sedemat","Venezuela"],"articleSection":["Zulia"],"inLanguage":"es","potentialAction":[{"@type":"CommentAction","name":"Comment","target":["https:\/\/digital58.com.ve\/site\/2024\/03\/22\/maracaibo-alcaldia-otorgara-una-rebaja-fiscal-del-30-a-empresarios-de-espectaculos-que-alquilen-la-plaza-para-todos\/#respond"]}]},{"@type":"WebPage","@id":"https:\/\/digital58.com.ve\/site\/2024\/03\/22\/maracaibo-alcaldia-otorgara-una-rebaja-fiscal-del-30-a-empresarios-de-espectaculos-que-alquilen-la-plaza-para-todos\/","url":"https:\/\/digital58.com.ve\/site\/2024\/03\/22\/maracaibo-alcaldia-otorgara-una-rebaja-fiscal-del-30-a-empresarios-de-espectaculos-que-alquilen-la-plaza-para-todos\/","name":"#Maracaibo | Alcald\u00eda otorgar\u00e1 una rebaja fiscal del 30 % a empresarios de espect\u00e1culos que alquilen la Plaza para Todos","isPartOf":{"@id":"https:\/\/digital58.com.ve\/site\/#website"},"primaryImageOfPage":{"@id":"https:\/\/digital58.com.ve\/site\/2024\/03\/22\/maracaibo-alcaldia-otorgara-una-rebaja-fiscal-del-30-a-empresarios-de-espectaculos-que-alquilen-la-plaza-para-todos\/#primaryimage"},"image":{"@id":"https:\/\/digital58.com.ve\/site\/2024\/03\/22\/maracaibo-alcaldia-otorgara-una-rebaja-fiscal-del-30-a-empresarios-de-espectaculos-que-alquilen-la-plaza-para-todos\/#primaryimage"},"thumbnailUrl":"https:\/\/digital58.com.ve\/site\/wp-content\/uploads\/2024\/03\/plaza-para-todos-2.jpg","datePublished":"2024-03-22T21:04:36+00:00","breadcrumb":{"@id":"https:\/\/digital58.com.ve\/site\/2024\/03\/22\/maracaibo-alcaldia-otorgara-una-rebaja-fiscal-del-30-a-empresarios-de-espectaculos-que-alquilen-la-plaza-para-todos\/#breadcrumb"},"inLanguage":"es","potentialAction":[{"@type":"ReadAction","target":["https:\/\/digital58.com.ve\/site\/2024\/03\/22\/maracaibo-alcaldia-otorgara-una-rebaja-fiscal-del-30-a-empresarios-de-espectaculos-que-alquilen-la-plaza-para-todos\/"]}]},{"@type":"ImageObject","inLanguage":"es","@id":"https:\/\/digital58.com.ve\/site\/2024\/03\/22\/maracaibo-alcaldia-otorgara-una-rebaja-fiscal-del-30-a-empresarios-de-espectaculos-que-alquilen-la-plaza-para-todos\/#primaryimage","url":"https:\/\/digital58.com.ve\/site\/wp-content\/uploads\/2024\/03\/plaza-para-todos-2.jpg","contentUrl":"https:\/\/digital58.com.ve\/site\/wp-content\/uploads\/2024\/03\/plaza-para-todos-2.jpg","width":800,"height":449},{"@type":"BreadcrumbList","@id":"https:\/\/digital58.com.ve\/site\/2024\/03\/22\/maracaibo-alcaldia-otorgara-una-rebaja-fiscal-del-30-a-empresarios-de-espectaculos-que-alquilen-la-plaza-para-todos\/#breadcrumb","itemListElement":[{"@type":"ListItem","position":1,"name":"Home","item":"https:\/\/digital58.com.ve\/site\/"},{"@type":"ListItem","position":2,"name":"#Maracaibo | Alcald\u00eda otorgar\u00e1 una rebaja fiscal del 30 % a empresarios de espect\u00e1culos que alquilen la Plaza para Todos"}]},{"@type":"WebSite","@id":"https:\/\/digital58.com.ve\/site\/#website","url":"https:\/\/digital58.com.ve\/site\/","name":"Noticias Digital58","description":"Portal de Noticias \u00a1Periodismo web de verdad! Lanzamiento web 22.11.2005 \/ Maracaibo, Venezuela","publisher":{"@id":"https:\/\/digital58.com.ve\/site\/#\/schema\/person\/64d1c2e4d0d4fd1b849980c4331c2951"},"alternateName":"ND58","potentialAction":[{"@type":"SearchAction","target":{"@type":"EntryPoint","urlTemplate":"https:\/\/digital58.com.ve\/site\/?s={search_term_string}"},"query-input":{"@type":"PropertyValueSpecification","valueRequired":true,"valueName":"search_term_string"}}],"inLanguage":"es"},{"@type":["Person","Organization"],"@id":"https:\/\/digital58.com.ve\/site\/#\/schema\/person\/64d1c2e4d0d4fd1b849980c4331c2951","name":"Villasmil Henry","image":{"@type":"ImageObject","inLanguage":"es","@id":"https:\/\/secure.gravatar.com\/avatar\/bb0c4a2fcb7970138239f7e404ea75757b1b507b28b5ce4c53fbd62d797c5a7c?s=96&d=mm&r=g","url":"https:\/\/secure.gravatar.com\/avatar\/bb0c4a2fcb7970138239f7e404ea75757b1b507b28b5ce4c53fbd62d797c5a7c?s=96&d=mm&r=g","contentUrl":"https:\/\/secure.gravatar.com\/avatar\/bb0c4a2fcb7970138239f7e404ea75757b1b507b28b5ce4c53fbd62d797c5a7c?s=96&d=mm&r=g","caption":"Villasmil Henry"},"logo":{"@id":"https:\/\/secure.gravatar.com\/avatar\/bb0c4a2fcb7970138239f7e404ea75757b1b507b28b5ce4c53fbd62d797c5a7c?s=96&d=mm&r=g"},"sameAs":["http:\/\/www.henryvillasmil.com.ve","https:\/\/www.instagram.com\/villasmilhfoto\/","https:\/\/x.com\/https:\/\/twitter.com\/villasmilhfoto"],"url":"https:\/\/digital58.com.ve\/site\/author\/droopy_68\/"}]}},"uagb_featured_image_src":{"full":["https:\/\/digital58.com.ve\/site\/wp-content\/uploads\/2024\/03\/plaza-para-todos-2.jpg",800,449,false],"thumbnail":["https:\/\/digital58.com.ve\/site\/wp-content\/uploads\/2024\/03\/plaza-para-todos-2-150x150.jpg",150,150,true],"medium":["https:\/\/digital58.com.ve\/site\/wp-content\/uploads\/2024\/03\/plaza-para-todos-2-300x168.jpg",300,168,true],"medium_large":["https:\/\/digital58.com.ve\/site\/wp-content\/uploads\/2024\/03\/plaza-para-todos-2-768x431.jpg",768,431,true],"large":["https:\/\/digital58.com.ve\/site\/wp-content\/uploads\/2024\/03\/plaza-para-todos-2.jpg",800,449,false],"1536x1536":["https:\/\/digital58.com.ve\/site\/wp-content\/uploads\/2024\/03\/plaza-para-todos-2.jpg",800,449,false],"2048x2048":["https:\/\/digital58.com.ve\/site\/wp-content\/uploads\/2024\/03\/plaza-para-todos-2.jpg",800,449,false],"colormag-highlighted-post":["https:\/\/digital58.com.ve\/site\/wp-content\/uploads\/2024\/03\/plaza-para-todos-2-392x272.jpg",392,272,true],"colormag-featured-post-medium":["https:\/\/digital58.com.ve\/site\/wp-content\/uploads\/2024\/03\/plaza-para-todos-2-390x205.jpg",390,205,true],"colormag-featured-post-small":["https:\/\/digital58.com.ve\/site\/wp-content\/uploads\/2024\/03\/plaza-para-todos-2-130x90.jpg",130,90,true],"colormag-featured-image":["https:\/\/digital58.com.ve\/site\/wp-content\/uploads\/2024\/03\/plaza-para-todos-2-800x445.jpg",800,445,true],"colormag-default-news":["https:\/\/digital58.com.ve\/site\/wp-content\/uploads\/2024\/03\/plaza-para-todos-2-150x150.jpg",150,150,true],"colormag-featured-image-large":["https:\/\/digital58.com.ve\/site\/wp-content\/uploads\/2024\/03\/plaza-para-todos-2.jpg",800,449,false]},"uagb_author_info":{"display_name":"Villasmil Henry","author_link":"https:\/\/digital58.com.ve\/site\/author\/droopy_68\/"},"uagb_comment_info":0,"uagb_excerpt":"M\u00e1s de 30 empresarios organizadores de eventos y de venta de boletos conocieron las ventajas que ofrece este espacio para","_links":{"self":[{"href":"https:\/\/digital58.com.ve\/site\/wp-json\/wp\/v2\/posts\/175299","targetHints":{"allow":["GET"]}}],"collection":[{"href":"https:\/\/digital58.com.ve\/site\/wp-json\/wp\/v2\/posts"}],"about":[{"href":"https:\/\/digital58.com.ve\/site\/wp-json\/wp\/v2\/types\/post"}],"author":[{"embeddable":true,"href":"https:\/\/digital58.com.ve\/site\/wp-json\/wp\/v2\/users\/1"}],"replies":[{"embeddable":true,"href":"https:\/\/digital58.com.ve\/site\/wp-json\/wp\/v2\/comments?post=175299"}],"version-history":[{"count":1,"href":"https:\/\/digital58.com.ve\/site\/wp-json\/wp\/v2\/posts\/175299\/revisions"}],"predecessor-version":[{"id":175303,"href":"https:\/\/digital58.com.ve\/site\/wp-json\/wp\/v2\/posts\/175299\/revisions\/175303"}],"wp:featuredmedia":[{"embeddable":true,"href":"https:\/\/digital58.com.ve\/site\/wp-json\/wp\/v2\/media\/175301"}],"wp:attachment":[{"href":"https:\/\/digital58.com.ve\/site\/wp-json\/wp\/v2\/media?parent=175299"}],"wp:term":[{"taxonomy":"category","embeddable":true,"href":"https:\/\/digital58.com.ve\/site\/wp-json\/wp\/v2\/categories?post=175299"},{"taxonomy":"post_tag","embeddable":true,"href":"https:\/\/digital58.com.ve\/site\/wp-json\/wp\/v2\/tags?post=175299"}],"curies":[{"name":"wp","href":"https:\/\/api.w.org\/{rel}","templated":true}]}}