{"id":175822,"date":"2024-04-15T09:49:13","date_gmt":"2024-04-15T13:49:13","guid":{"rendered":"https:\/\/digital58.com.ve\/site\/?p=175822"},"modified":"2024-04-15T09:49:37","modified_gmt":"2024-04-15T13:49:37","slug":"maracaibo-alcaldia-inaugura-tercer-circulo-de-la-adulta-y-adulto-mayor-en-francisco-eugenio-bustamante-con-jornada-de-atencion-y-recreacion","status":"publish","type":"post","link":"https:\/\/digital58.com.ve\/site\/2024\/04\/15\/maracaibo-alcaldia-inaugura-tercer-circulo-de-la-adulta-y-adulto-mayor-en-francisco-eugenio-bustamante-con-jornada-de-atencion-y-recreacion\/","title":{"rendered":"#Maracaibo | Alcald\u00eda inaugura tercer \u00abC\u00edrculo de la Adulta y Adulto Mayor\u00bb en Francisco Eugenio Bustamante con jornada de atenci\u00f3n y recreaci\u00f3n"},"content":{"rendered":"<p><a href=\"https:\/\/digital58.com.ve\/site\/wp-content\/uploads\/2024\/04\/adulto-mayor-4.jpg\"><img loading=\"lazy\" decoding=\"async\" class=\"aligncenter size-full wp-image-175823\" src=\"https:\/\/digital58.com.ve\/site\/wp-content\/uploads\/2024\/04\/adulto-mayor-4.jpg\" alt=\"\" width=\"800\" height=\"450\" srcset=\"https:\/\/digital58.com.ve\/site\/wp-content\/uploads\/2024\/04\/adulto-mayor-4.jpg 800w, https:\/\/digital58.com.ve\/site\/wp-content\/uploads\/2024\/04\/adulto-mayor-4-300x169.jpg 300w, https:\/\/digital58.com.ve\/site\/wp-content\/uploads\/2024\/04\/adulto-mayor-4-768x432.jpg 768w\" sizes=\"auto, (max-width: 800px) 100vw, 800px\" \/><\/a><\/p>\n<p>Los \u00abC\u00edrculos de la Adulta y Adulto Mayor\u00bb sirven para atender y conectar a las personas de la tercera edad en situaci\u00f3n de vulnerabilidad.<\/p>\n<p><strong>Maracaibo, Zulia, Venezuela, 15 de abril de 2024 (ND58).-<\/strong> Con una jornada de atenci\u00f3n y recreaci\u00f3n para m\u00e1s de 50 adultos mayores, qued\u00f3 inaugurado el \u00abC\u00edrculo de la Adulta y Adulto Mayor Los L\u00edderes\u00bb en el sector Altos III, parroquia Francisco Eugenio Bustamante.<\/p>\n<p>De esta forma, la Alcald\u00eda de Maracaibo a trav\u00e9s del Instituto Municipal para la Adulta y el Adulto Mayor (IMAAM) activa un tercer espacio de atenci\u00f3n y conexi\u00f3n entre personas de la tercera edad en esta parroquia.<\/p>\n<p>Rafael Ram\u00edrez Colina, alcalde de Maracaibo, encabez\u00f3 la inauguraci\u00f3n, en compa\u00f1\u00eda de Sara Fern\u00e1ndez, directora de Desarrollo Social; y Nadia Montilla, presidenta del IMAAM.<\/p>\n<p><a href=\"https:\/\/digital58.com.ve\/site\/wp-content\/uploads\/2024\/04\/adulto-mayor-3.jpg\"><img loading=\"lazy\" decoding=\"async\" class=\"aligncenter size-full wp-image-175824\" src=\"https:\/\/digital58.com.ve\/site\/wp-content\/uploads\/2024\/04\/adulto-mayor-3.jpg\" alt=\"\" width=\"800\" height=\"450\" srcset=\"https:\/\/digital58.com.ve\/site\/wp-content\/uploads\/2024\/04\/adulto-mayor-3.jpg 800w, https:\/\/digital58.com.ve\/site\/wp-content\/uploads\/2024\/04\/adulto-mayor-3-300x169.jpg 300w, https:\/\/digital58.com.ve\/site\/wp-content\/uploads\/2024\/04\/adulto-mayor-3-768x432.jpg 768w\" sizes=\"auto, (max-width: 800px) 100vw, 800px\" \/><\/a><\/p>\n<p>\u00abLas cargas compartidas pesan menos. Por eso, movemos todos los recursos de la Alcald\u00eda para ofrecer un espacio en donde nuestros adultos mayores se sientan atendidos y puedan compartir entre ellos. Salud, peluquer\u00eda, barber\u00eda, manicura, depilaci\u00f3n de cejas, y juegos como domin\u00f3 y bolas criollas, preparamos para reunir a nuestros abuelos en una tarde diferente. Y esto es lo que queremos que haya en cada rinc\u00f3n de Maracaibo\u00bb, se\u00f1al\u00f3 el Alcalde.<\/p>\n<p>Nadia Montilla, presidente del IMAAM, explic\u00f3 que cada C\u00edrculo de la Adulta y Adulto Mayor inicia con un censo en donde se diagnostica la mayor necesidad de cada comunidad. \u00abPor lo general, la necesidad de atenci\u00f3n en salud se une a alguna otra carencia que abordamos particularmente. Tambi\u00e9n hay muchos abuelos viviendo solos porque sus hijos o nietos han emigrado y por eso siempre incluimos el tema recreativo en nuestras jornadas\u00bb.<\/p>\n<p><a href=\"https:\/\/digital58.com.ve\/site\/wp-content\/uploads\/2024\/04\/adulto-mayor-1.jpg\"><img loading=\"lazy\" decoding=\"async\" class=\"aligncenter size-full wp-image-175826\" src=\"https:\/\/digital58.com.ve\/site\/wp-content\/uploads\/2024\/04\/adulto-mayor-1.jpg\" alt=\"\" width=\"800\" height=\"450\" srcset=\"https:\/\/digital58.com.ve\/site\/wp-content\/uploads\/2024\/04\/adulto-mayor-1.jpg 800w, https:\/\/digital58.com.ve\/site\/wp-content\/uploads\/2024\/04\/adulto-mayor-1-300x169.jpg 300w, https:\/\/digital58.com.ve\/site\/wp-content\/uploads\/2024\/04\/adulto-mayor-1-768x432.jpg 768w\" sizes=\"auto, (max-width: 800px) 100vw, 800px\" \/><\/a><\/p>\n<p>Sara Fern\u00e1ndez, directora de Desarrollo Social, inform\u00f3 que este es el C\u00edrculo del Abuelo n\u00famero 20 que funciona en Maracaibo. \u00abYa tenemos presencia en todas las parroquias y seguiremos hasta extender nuestra mano amiga a todas las comunidades donde haya gran n\u00famero de adultos mayores porque sabemos que necesitan nuestra compa\u00f1\u00eda y atenci\u00f3n\u00bb.<\/p>\n<p><a href=\"https:\/\/digital58.com.ve\/site\/wp-content\/uploads\/2024\/04\/adulto-mayor-2.jpg\"><img loading=\"lazy\" decoding=\"async\" class=\"aligncenter size-full wp-image-175825\" src=\"https:\/\/digital58.com.ve\/site\/wp-content\/uploads\/2024\/04\/adulto-mayor-2.jpg\" alt=\"\" width=\"800\" height=\"450\" srcset=\"https:\/\/digital58.com.ve\/site\/wp-content\/uploads\/2024\/04\/adulto-mayor-2.jpg 800w, https:\/\/digital58.com.ve\/site\/wp-content\/uploads\/2024\/04\/adulto-mayor-2-300x169.jpg 300w, https:\/\/digital58.com.ve\/site\/wp-content\/uploads\/2024\/04\/adulto-mayor-2-768x432.jpg 768w\" sizes=\"auto, (max-width: 800px) 100vw, 800px\" \/><\/a><\/p>\n<p>Rafael Jerez, comerciante de 76 a\u00f1os, result\u00f3 electo como presidente del C\u00edrculo de la Adulta y Adulto Mayor Los L\u00edderes, y asegur\u00f3 que la atenci\u00f3n que est\u00e1n recibiendo de la Alcald\u00eda de Maracaibo no la hab\u00edan recibido antes.<\/p>\n<p>\u00abMi compromiso con mis vecinos es buscar ayudas para mejorar nuestra salud y calidad de vida. En la Alcald\u00eda y con el alcalde Ram\u00edrez estamos recibiendo, poco a poco, lo que necesitamos\u00bb.<\/p>\n<p><strong>Redacci\u00f3n ND58 | Fuente: DCI Alcald\u00eda de Maracaibo<\/strong><br \/>\n<strong>Edici\u00f3n: Villasmil, Henry<\/strong><br \/>\n<strong>Gr\u00e1ficas: Cortes\u00eda DCI Alcald\u00eda de Maracaibo<\/strong><\/p>\n<p>&nbsp;<\/p><div class=\"muxkl69edded91d9ce\" ><p style=\"text-align: center;\"><a href=\"https:\/\/t.me\/noticiasdigital58\" target=\"_blank\" rel=\"noopener\"><img class=\"aligncenter size-full wp-image-125363\" src=\"https:\/\/digital58.com.ve\/site\/wp-content\/uploads\/2021\/04\/banner-telegram-web-2021.png\" alt=\"\" width=\"600\" height=\"90\" \/><\/a><\/p><\/div><style type=\"text\/css\">\r\n@media screen and (min-width: 1201px) {\r\n.muxkl69edded91d9ce {\r\ndisplay: block;\r\n}\r\n}\r\n@media screen and (min-width: 993px) and (max-width: 1200px) {\r\n.muxkl69edded91d9ce {\r\ndisplay: block;\r\n}\r\n}\r\n@media screen and (min-width: 769px) and (max-width: 992px) {\r\n.muxkl69edded91d9ce {\r\ndisplay: block;\r\n}\r\n}\r\n@media screen and (min-width: 768px) and (max-width: 768px) {\r\n.muxkl69edded91d9ce {\r\ndisplay: block;\r\n}\r\n}\r\n@media screen and (max-width: 767px) {\r\n.muxkl69edded91d9ce {\r\ndisplay: block;\r\n}\r\n}\r\n<\/style>\r\n\n<p>&nbsp;<\/p>\n<div style=\"margin-top: 0px; margin-bottom: 0px;\" class=\"sharethis-inline-share-buttons\" ><\/div>","protected":false},"excerpt":{"rendered":"<p>Los \u00abC\u00edrculos de la Adulta y Adulto Mayor\u00bb sirven para atender y conectar a las personas de la tercera edad<\/p>\n","protected":false},"author":1,"featured_media":175826,"comment_status":"open","ping_status":"closed","sticky":false,"template":"","format":"standard","meta":{"colormag_page_container_layout":"default_layout","colormag_page_sidebar_layout":"default_layout","_uag_custom_page_level_css":"","footnotes":""},"categories":[14504],"tags":[290,33306,31074,73,233,14429,13980,2354,32],"class_list":["post-175822","post","type-post","status-publish","format-standard","has-post-thumbnail","hentry","category-zulia","tag-alcaldia-de-maracaibo","tag-circulos-de-la-adulta-y-adulto-mayor","tag-imaam","tag-maracaibo","tag-nacionales","tag-parroquia-francisco-eugenio-bustamante","tag-rafael-ramirez-colina","tag-regionales","tag-venezuela"],"yoast_head":"<!-- This site is optimized with the Yoast SEO plugin v27.4 - https:\/\/yoast.com\/product\/yoast-seo-wordpress\/ -->\n<title>#Maracaibo | Alcald\u00eda inaugura tercer \u00abC\u00edrculo de la Adulta y Adulto Mayor\u00bb en Francisco Eugenio Bustamante con jornada de atenci\u00f3n y recreaci\u00f3n<\/title>\n<meta name=\"robots\" content=\"index, follow, max-snippet:-1, max-image-preview:large, max-video-preview:-1\" \/>\n<link rel=\"canonical\" href=\"https:\/\/digital58.com.ve\/site\/2024\/04\/15\/maracaibo-alcaldia-inaugura-tercer-circulo-de-la-adulta-y-adulto-mayor-en-francisco-eugenio-bustamante-con-jornada-de-atencion-y-recreacion\/\" \/>\n<meta property=\"og:locale\" content=\"es_ES\" \/>\n<meta property=\"og:type\" content=\"article\" \/>\n<meta property=\"og:title\" content=\"#Maracaibo | Alcald\u00eda inaugura tercer \u00abC\u00edrculo de la Adulta y Adulto Mayor\u00bb en Francisco Eugenio Bustamante con jornada de atenci\u00f3n y recreaci\u00f3n\" \/>\n<meta property=\"og:url\" content=\"https:\/\/digital58.com.ve\/site\/2024\/04\/15\/maracaibo-alcaldia-inaugura-tercer-circulo-de-la-adulta-y-adulto-mayor-en-francisco-eugenio-bustamante-con-jornada-de-atencion-y-recreacion\/\" \/>\n<meta property=\"og:site_name\" content=\"Noticias Digital58\" \/>\n<meta property=\"article:published_time\" content=\"2024-04-15T13:49:13+00:00\" \/>\n<meta property=\"article:modified_time\" content=\"2024-04-15T13:49:37+00:00\" \/>\n<meta property=\"og:image\" content=\"https:\/\/i0.wp.com\/digital58.com.ve\/site\/wp-content\/uploads\/2024\/04\/adulto-mayor-1.jpg?fit=800%2C450&ssl=1\" \/>\n\t<meta property=\"og:image:width\" content=\"800\" \/>\n\t<meta property=\"og:image:height\" content=\"450\" \/>\n\t<meta property=\"og:image:type\" content=\"image\/jpeg\" \/>\n<meta name=\"author\" content=\"Villasmil Henry\" \/>\n<meta name=\"twitter:card\" content=\"summary_large_image\" \/>\n<meta name=\"twitter:creator\" content=\"@https:\/\/twitter.com\/villasmilhfoto\" \/>\n<meta name=\"twitter:site\" content=\"@villasmilhfoto\" \/>\n<meta name=\"twitter:label1\" content=\"Escrito por\" \/>\n\t<meta name=\"twitter:data1\" content=\"Villasmil Henry\" \/>\n\t<meta name=\"twitter:label2\" content=\"Tiempo estimado de lectura\" \/>\n\t<meta name=\"twitter:data2\" content=\"2 minutos\" \/>\n<script type=\"application\/ld+json\" class=\"yoast-schema-graph\">{\"@context\":\"https:\\\/\\\/schema.org\",\"@graph\":[{\"@type\":\"Article\",\"@id\":\"https:\\\/\\\/digital58.com.ve\\\/site\\\/2024\\\/04\\\/15\\\/maracaibo-alcaldia-inaugura-tercer-circulo-de-la-adulta-y-adulto-mayor-en-francisco-eugenio-bustamante-con-jornada-de-atencion-y-recreacion\\\/#article\",\"isPartOf\":{\"@id\":\"https:\\\/\\\/digital58.com.ve\\\/site\\\/2024\\\/04\\\/15\\\/maracaibo-alcaldia-inaugura-tercer-circulo-de-la-adulta-y-adulto-mayor-en-francisco-eugenio-bustamante-con-jornada-de-atencion-y-recreacion\\\/\"},\"author\":{\"name\":\"Villasmil Henry\",\"@id\":\"https:\\\/\\\/digital58.com.ve\\\/site\\\/#\\\/schema\\\/person\\\/64d1c2e4d0d4fd1b849980c4331c2951\"},\"headline\":\"#Maracaibo | Alcald\u00eda inaugura tercer \u00abC\u00edrculo de la Adulta y Adulto Mayor\u00bb en Francisco Eugenio Bustamante con jornada de atenci\u00f3n y recreaci\u00f3n\",\"datePublished\":\"2024-04-15T13:49:13+00:00\",\"dateModified\":\"2024-04-15T13:49:37+00:00\",\"mainEntityOfPage\":{\"@id\":\"https:\\\/\\\/digital58.com.ve\\\/site\\\/2024\\\/04\\\/15\\\/maracaibo-alcaldia-inaugura-tercer-circulo-de-la-adulta-y-adulto-mayor-en-francisco-eugenio-bustamante-con-jornada-de-atencion-y-recreacion\\\/\"},\"wordCount\":477,\"commentCount\":0,\"publisher\":{\"@id\":\"https:\\\/\\\/digital58.com.ve\\\/site\\\/#\\\/schema\\\/person\\\/64d1c2e4d0d4fd1b849980c4331c2951\"},\"image\":{\"@id\":\"https:\\\/\\\/digital58.com.ve\\\/site\\\/2024\\\/04\\\/15\\\/maracaibo-alcaldia-inaugura-tercer-circulo-de-la-adulta-y-adulto-mayor-en-francisco-eugenio-bustamante-con-jornada-de-atencion-y-recreacion\\\/#primaryimage\"},\"thumbnailUrl\":\"https:\\\/\\\/digital58.com.ve\\\/site\\\/wp-content\\\/uploads\\\/2024\\\/04\\\/adulto-mayor-1.jpg\",\"keywords\":[\"Alcald\u00eda de Maracaibo\",\"C\u00edrculos de la Adulta y Adulto Mayor\",\"IMAAM\",\"Maracaibo\",\"Nacionales\",\"Parroquia Francisco Eugenio Bustamante\",\"Rafael Ram\u00edrez Colina\",\"Regionales\",\"Venezuela\"],\"articleSection\":[\"Zulia\"],\"inLanguage\":\"es\",\"potentialAction\":[{\"@type\":\"CommentAction\",\"name\":\"Comment\",\"target\":[\"https:\\\/\\\/digital58.com.ve\\\/site\\\/2024\\\/04\\\/15\\\/maracaibo-alcaldia-inaugura-tercer-circulo-de-la-adulta-y-adulto-mayor-en-francisco-eugenio-bustamante-con-jornada-de-atencion-y-recreacion\\\/#respond\"]}]},{\"@type\":\"WebPage\",\"@id\":\"https:\\\/\\\/digital58.com.ve\\\/site\\\/2024\\\/04\\\/15\\\/maracaibo-alcaldia-inaugura-tercer-circulo-de-la-adulta-y-adulto-mayor-en-francisco-eugenio-bustamante-con-jornada-de-atencion-y-recreacion\\\/\",\"url\":\"https:\\\/\\\/digital58.com.ve\\\/site\\\/2024\\\/04\\\/15\\\/maracaibo-alcaldia-inaugura-tercer-circulo-de-la-adulta-y-adulto-mayor-en-francisco-eugenio-bustamante-con-jornada-de-atencion-y-recreacion\\\/\",\"name\":\"#Maracaibo | Alcald\u00eda inaugura tercer \u00abC\u00edrculo de la Adulta y Adulto Mayor\u00bb en Francisco Eugenio Bustamante con jornada de atenci\u00f3n y recreaci\u00f3n\",\"isPartOf\":{\"@id\":\"https:\\\/\\\/digital58.com.ve\\\/site\\\/#website\"},\"primaryImageOfPage\":{\"@id\":\"https:\\\/\\\/digital58.com.ve\\\/site\\\/2024\\\/04\\\/15\\\/maracaibo-alcaldia-inaugura-tercer-circulo-de-la-adulta-y-adulto-mayor-en-francisco-eugenio-bustamante-con-jornada-de-atencion-y-recreacion\\\/#primaryimage\"},\"image\":{\"@id\":\"https:\\\/\\\/digital58.com.ve\\\/site\\\/2024\\\/04\\\/15\\\/maracaibo-alcaldia-inaugura-tercer-circulo-de-la-adulta-y-adulto-mayor-en-francisco-eugenio-bustamante-con-jornada-de-atencion-y-recreacion\\\/#primaryimage\"},\"thumbnailUrl\":\"https:\\\/\\\/digital58.com.ve\\\/site\\\/wp-content\\\/uploads\\\/2024\\\/04\\\/adulto-mayor-1.jpg\",\"datePublished\":\"2024-04-15T13:49:13+00:00\",\"dateModified\":\"2024-04-15T13:49:37+00:00\",\"breadcrumb\":{\"@id\":\"https:\\\/\\\/digital58.com.ve\\\/site\\\/2024\\\/04\\\/15\\\/maracaibo-alcaldia-inaugura-tercer-circulo-de-la-adulta-y-adulto-mayor-en-francisco-eugenio-bustamante-con-jornada-de-atencion-y-recreacion\\\/#breadcrumb\"},\"inLanguage\":\"es\",\"potentialAction\":[{\"@type\":\"ReadAction\",\"target\":[\"https:\\\/\\\/digital58.com.ve\\\/site\\\/2024\\\/04\\\/15\\\/maracaibo-alcaldia-inaugura-tercer-circulo-de-la-adulta-y-adulto-mayor-en-francisco-eugenio-bustamante-con-jornada-de-atencion-y-recreacion\\\/\"]}]},{\"@type\":\"ImageObject\",\"inLanguage\":\"es\",\"@id\":\"https:\\\/\\\/digital58.com.ve\\\/site\\\/2024\\\/04\\\/15\\\/maracaibo-alcaldia-inaugura-tercer-circulo-de-la-adulta-y-adulto-mayor-en-francisco-eugenio-bustamante-con-jornada-de-atencion-y-recreacion\\\/#primaryimage\",\"url\":\"https:\\\/\\\/digital58.com.ve\\\/site\\\/wp-content\\\/uploads\\\/2024\\\/04\\\/adulto-mayor-1.jpg\",\"contentUrl\":\"https:\\\/\\\/digital58.com.ve\\\/site\\\/wp-content\\\/uploads\\\/2024\\\/04\\\/adulto-mayor-1.jpg\",\"width\":800,\"height\":450},{\"@type\":\"BreadcrumbList\",\"@id\":\"https:\\\/\\\/digital58.com.ve\\\/site\\\/2024\\\/04\\\/15\\\/maracaibo-alcaldia-inaugura-tercer-circulo-de-la-adulta-y-adulto-mayor-en-francisco-eugenio-bustamante-con-jornada-de-atencion-y-recreacion\\\/#breadcrumb\",\"itemListElement\":[{\"@type\":\"ListItem\",\"position\":1,\"name\":\"Home\",\"item\":\"https:\\\/\\\/digital58.com.ve\\\/site\\\/\"},{\"@type\":\"ListItem\",\"position\":2,\"name\":\"#Maracaibo | Alcald\u00eda inaugura tercer \u00abC\u00edrculo de la Adulta y Adulto Mayor\u00bb en Francisco Eugenio Bustamante con jornada de atenci\u00f3n y recreaci\u00f3n\"}]},{\"@type\":\"WebSite\",\"@id\":\"https:\\\/\\\/digital58.com.ve\\\/site\\\/#website\",\"url\":\"https:\\\/\\\/digital58.com.ve\\\/site\\\/\",\"name\":\"Noticias Digital58\",\"description\":\"Portal de Noticias \u00a1Periodismo web de verdad! Lanzamiento web 22.11.2005 \\\/ Maracaibo, Venezuela\",\"publisher\":{\"@id\":\"https:\\\/\\\/digital58.com.ve\\\/site\\\/#\\\/schema\\\/person\\\/64d1c2e4d0d4fd1b849980c4331c2951\"},\"alternateName\":\"ND58\",\"potentialAction\":[{\"@type\":\"SearchAction\",\"target\":{\"@type\":\"EntryPoint\",\"urlTemplate\":\"https:\\\/\\\/digital58.com.ve\\\/site\\\/?s={search_term_string}\"},\"query-input\":{\"@type\":\"PropertyValueSpecification\",\"valueRequired\":true,\"valueName\":\"search_term_string\"}}],\"inLanguage\":\"es\"},{\"@type\":[\"Person\",\"Organization\"],\"@id\":\"https:\\\/\\\/digital58.com.ve\\\/site\\\/#\\\/schema\\\/person\\\/64d1c2e4d0d4fd1b849980c4331c2951\",\"name\":\"Villasmil Henry\",\"image\":{\"@type\":\"ImageObject\",\"inLanguage\":\"es\",\"@id\":\"https:\\\/\\\/secure.gravatar.com\\\/avatar\\\/bb0c4a2fcb7970138239f7e404ea75757b1b507b28b5ce4c53fbd62d797c5a7c?s=96&d=mm&r=g\",\"url\":\"https:\\\/\\\/secure.gravatar.com\\\/avatar\\\/bb0c4a2fcb7970138239f7e404ea75757b1b507b28b5ce4c53fbd62d797c5a7c?s=96&d=mm&r=g\",\"contentUrl\":\"https:\\\/\\\/secure.gravatar.com\\\/avatar\\\/bb0c4a2fcb7970138239f7e404ea75757b1b507b28b5ce4c53fbd62d797c5a7c?s=96&d=mm&r=g\",\"caption\":\"Villasmil Henry\"},\"logo\":{\"@id\":\"https:\\\/\\\/secure.gravatar.com\\\/avatar\\\/bb0c4a2fcb7970138239f7e404ea75757b1b507b28b5ce4c53fbd62d797c5a7c?s=96&d=mm&r=g\"},\"sameAs\":[\"http:\\\/\\\/www.henryvillasmil.com.ve\",\"https:\\\/\\\/www.instagram.com\\\/villasmilhfoto\\\/\",\"https:\\\/\\\/x.com\\\/https:\\\/\\\/twitter.com\\\/villasmilhfoto\"],\"url\":\"https:\\\/\\\/digital58.com.ve\\\/site\\\/author\\\/droopy_68\\\/\"}]}<\/script>\n<!-- \/ Yoast SEO plugin. -->","yoast_head_json":{"title":"#Maracaibo | Alcald\u00eda inaugura tercer \u00abC\u00edrculo de la Adulta y Adulto Mayor\u00bb en Francisco Eugenio Bustamante con jornada de atenci\u00f3n y recreaci\u00f3n","robots":{"index":"index","follow":"follow","max-snippet":"max-snippet:-1","max-image-preview":"max-image-preview:large","max-video-preview":"max-video-preview:-1"},"canonical":"https:\/\/digital58.com.ve\/site\/2024\/04\/15\/maracaibo-alcaldia-inaugura-tercer-circulo-de-la-adulta-y-adulto-mayor-en-francisco-eugenio-bustamante-con-jornada-de-atencion-y-recreacion\/","og_locale":"es_ES","og_type":"article","og_title":"#Maracaibo | Alcald\u00eda inaugura tercer \u00abC\u00edrculo de la Adulta y Adulto Mayor\u00bb en Francisco Eugenio Bustamante con jornada de atenci\u00f3n y recreaci\u00f3n","og_url":"https:\/\/digital58.com.ve\/site\/2024\/04\/15\/maracaibo-alcaldia-inaugura-tercer-circulo-de-la-adulta-y-adulto-mayor-en-francisco-eugenio-bustamante-con-jornada-de-atencion-y-recreacion\/","og_site_name":"Noticias Digital58","article_published_time":"2024-04-15T13:49:13+00:00","article_modified_time":"2024-04-15T13:49:37+00:00","og_image":[{"width":800,"height":450,"url":"https:\/\/i0.wp.com\/digital58.com.ve\/site\/wp-content\/uploads\/2024\/04\/adulto-mayor-1.jpg?fit=800%2C450&ssl=1","type":"image\/jpeg"}],"author":"Villasmil Henry","twitter_card":"summary_large_image","twitter_creator":"@https:\/\/twitter.com\/villasmilhfoto","twitter_site":"@villasmilhfoto","twitter_misc":{"Escrito por":"Villasmil Henry","Tiempo estimado de lectura":"2 minutos"},"schema":{"@context":"https:\/\/schema.org","@graph":[{"@type":"Article","@id":"https:\/\/digital58.com.ve\/site\/2024\/04\/15\/maracaibo-alcaldia-inaugura-tercer-circulo-de-la-adulta-y-adulto-mayor-en-francisco-eugenio-bustamante-con-jornada-de-atencion-y-recreacion\/#article","isPartOf":{"@id":"https:\/\/digital58.com.ve\/site\/2024\/04\/15\/maracaibo-alcaldia-inaugura-tercer-circulo-de-la-adulta-y-adulto-mayor-en-francisco-eugenio-bustamante-con-jornada-de-atencion-y-recreacion\/"},"author":{"name":"Villasmil Henry","@id":"https:\/\/digital58.com.ve\/site\/#\/schema\/person\/64d1c2e4d0d4fd1b849980c4331c2951"},"headline":"#Maracaibo | Alcald\u00eda inaugura tercer \u00abC\u00edrculo de la Adulta y Adulto Mayor\u00bb en Francisco Eugenio Bustamante con jornada de atenci\u00f3n y recreaci\u00f3n","datePublished":"2024-04-15T13:49:13+00:00","dateModified":"2024-04-15T13:49:37+00:00","mainEntityOfPage":{"@id":"https:\/\/digital58.com.ve\/site\/2024\/04\/15\/maracaibo-alcaldia-inaugura-tercer-circulo-de-la-adulta-y-adulto-mayor-en-francisco-eugenio-bustamante-con-jornada-de-atencion-y-recreacion\/"},"wordCount":477,"commentCount":0,"publisher":{"@id":"https:\/\/digital58.com.ve\/site\/#\/schema\/person\/64d1c2e4d0d4fd1b849980c4331c2951"},"image":{"@id":"https:\/\/digital58.com.ve\/site\/2024\/04\/15\/maracaibo-alcaldia-inaugura-tercer-circulo-de-la-adulta-y-adulto-mayor-en-francisco-eugenio-bustamante-con-jornada-de-atencion-y-recreacion\/#primaryimage"},"thumbnailUrl":"https:\/\/digital58.com.ve\/site\/wp-content\/uploads\/2024\/04\/adulto-mayor-1.jpg","keywords":["Alcald\u00eda de Maracaibo","C\u00edrculos de la Adulta y Adulto Mayor","IMAAM","Maracaibo","Nacionales","Parroquia Francisco Eugenio Bustamante","Rafael Ram\u00edrez Colina","Regionales","Venezuela"],"articleSection":["Zulia"],"inLanguage":"es","potentialAction":[{"@type":"CommentAction","name":"Comment","target":["https:\/\/digital58.com.ve\/site\/2024\/04\/15\/maracaibo-alcaldia-inaugura-tercer-circulo-de-la-adulta-y-adulto-mayor-en-francisco-eugenio-bustamante-con-jornada-de-atencion-y-recreacion\/#respond"]}]},{"@type":"WebPage","@id":"https:\/\/digital58.com.ve\/site\/2024\/04\/15\/maracaibo-alcaldia-inaugura-tercer-circulo-de-la-adulta-y-adulto-mayor-en-francisco-eugenio-bustamante-con-jornada-de-atencion-y-recreacion\/","url":"https:\/\/digital58.com.ve\/site\/2024\/04\/15\/maracaibo-alcaldia-inaugura-tercer-circulo-de-la-adulta-y-adulto-mayor-en-francisco-eugenio-bustamante-con-jornada-de-atencion-y-recreacion\/","name":"#Maracaibo | Alcald\u00eda inaugura tercer \u00abC\u00edrculo de la Adulta y Adulto Mayor\u00bb en Francisco Eugenio Bustamante con jornada de atenci\u00f3n y recreaci\u00f3n","isPartOf":{"@id":"https:\/\/digital58.com.ve\/site\/#website"},"primaryImageOfPage":{"@id":"https:\/\/digital58.com.ve\/site\/2024\/04\/15\/maracaibo-alcaldia-inaugura-tercer-circulo-de-la-adulta-y-adulto-mayor-en-francisco-eugenio-bustamante-con-jornada-de-atencion-y-recreacion\/#primaryimage"},"image":{"@id":"https:\/\/digital58.com.ve\/site\/2024\/04\/15\/maracaibo-alcaldia-inaugura-tercer-circulo-de-la-adulta-y-adulto-mayor-en-francisco-eugenio-bustamante-con-jornada-de-atencion-y-recreacion\/#primaryimage"},"thumbnailUrl":"https:\/\/digital58.com.ve\/site\/wp-content\/uploads\/2024\/04\/adulto-mayor-1.jpg","datePublished":"2024-04-15T13:49:13+00:00","dateModified":"2024-04-15T13:49:37+00:00","breadcrumb":{"@id":"https:\/\/digital58.com.ve\/site\/2024\/04\/15\/maracaibo-alcaldia-inaugura-tercer-circulo-de-la-adulta-y-adulto-mayor-en-francisco-eugenio-bustamante-con-jornada-de-atencion-y-recreacion\/#breadcrumb"},"inLanguage":"es","potentialAction":[{"@type":"ReadAction","target":["https:\/\/digital58.com.ve\/site\/2024\/04\/15\/maracaibo-alcaldia-inaugura-tercer-circulo-de-la-adulta-y-adulto-mayor-en-francisco-eugenio-bustamante-con-jornada-de-atencion-y-recreacion\/"]}]},{"@type":"ImageObject","inLanguage":"es","@id":"https:\/\/digital58.com.ve\/site\/2024\/04\/15\/maracaibo-alcaldia-inaugura-tercer-circulo-de-la-adulta-y-adulto-mayor-en-francisco-eugenio-bustamante-con-jornada-de-atencion-y-recreacion\/#primaryimage","url":"https:\/\/digital58.com.ve\/site\/wp-content\/uploads\/2024\/04\/adulto-mayor-1.jpg","contentUrl":"https:\/\/digital58.com.ve\/site\/wp-content\/uploads\/2024\/04\/adulto-mayor-1.jpg","width":800,"height":450},{"@type":"BreadcrumbList","@id":"https:\/\/digital58.com.ve\/site\/2024\/04\/15\/maracaibo-alcaldia-inaugura-tercer-circulo-de-la-adulta-y-adulto-mayor-en-francisco-eugenio-bustamante-con-jornada-de-atencion-y-recreacion\/#breadcrumb","itemListElement":[{"@type":"ListItem","position":1,"name":"Home","item":"https:\/\/digital58.com.ve\/site\/"},{"@type":"ListItem","position":2,"name":"#Maracaibo | Alcald\u00eda inaugura tercer \u00abC\u00edrculo de la Adulta y Adulto Mayor\u00bb en Francisco Eugenio Bustamante con jornada de atenci\u00f3n y recreaci\u00f3n"}]},{"@type":"WebSite","@id":"https:\/\/digital58.com.ve\/site\/#website","url":"https:\/\/digital58.com.ve\/site\/","name":"Noticias Digital58","description":"Portal de Noticias \u00a1Periodismo web de verdad! Lanzamiento web 22.11.2005 \/ Maracaibo, Venezuela","publisher":{"@id":"https:\/\/digital58.com.ve\/site\/#\/schema\/person\/64d1c2e4d0d4fd1b849980c4331c2951"},"alternateName":"ND58","potentialAction":[{"@type":"SearchAction","target":{"@type":"EntryPoint","urlTemplate":"https:\/\/digital58.com.ve\/site\/?s={search_term_string}"},"query-input":{"@type":"PropertyValueSpecification","valueRequired":true,"valueName":"search_term_string"}}],"inLanguage":"es"},{"@type":["Person","Organization"],"@id":"https:\/\/digital58.com.ve\/site\/#\/schema\/person\/64d1c2e4d0d4fd1b849980c4331c2951","name":"Villasmil Henry","image":{"@type":"ImageObject","inLanguage":"es","@id":"https:\/\/secure.gravatar.com\/avatar\/bb0c4a2fcb7970138239f7e404ea75757b1b507b28b5ce4c53fbd62d797c5a7c?s=96&d=mm&r=g","url":"https:\/\/secure.gravatar.com\/avatar\/bb0c4a2fcb7970138239f7e404ea75757b1b507b28b5ce4c53fbd62d797c5a7c?s=96&d=mm&r=g","contentUrl":"https:\/\/secure.gravatar.com\/avatar\/bb0c4a2fcb7970138239f7e404ea75757b1b507b28b5ce4c53fbd62d797c5a7c?s=96&d=mm&r=g","caption":"Villasmil Henry"},"logo":{"@id":"https:\/\/secure.gravatar.com\/avatar\/bb0c4a2fcb7970138239f7e404ea75757b1b507b28b5ce4c53fbd62d797c5a7c?s=96&d=mm&r=g"},"sameAs":["http:\/\/www.henryvillasmil.com.ve","https:\/\/www.instagram.com\/villasmilhfoto\/","https:\/\/x.com\/https:\/\/twitter.com\/villasmilhfoto"],"url":"https:\/\/digital58.com.ve\/site\/author\/droopy_68\/"}]}},"uagb_featured_image_src":{"full":["https:\/\/digital58.com.ve\/site\/wp-content\/uploads\/2024\/04\/adulto-mayor-1.jpg",800,450,false],"thumbnail":["https:\/\/digital58.com.ve\/site\/wp-content\/uploads\/2024\/04\/adulto-mayor-1-150x150.jpg",150,150,true],"medium":["https:\/\/digital58.com.ve\/site\/wp-content\/uploads\/2024\/04\/adulto-mayor-1-300x169.jpg",300,169,true],"medium_large":["https:\/\/digital58.com.ve\/site\/wp-content\/uploads\/2024\/04\/adulto-mayor-1-768x432.jpg",768,432,true],"large":["https:\/\/digital58.com.ve\/site\/wp-content\/uploads\/2024\/04\/adulto-mayor-1.jpg",800,450,false],"1536x1536":["https:\/\/digital58.com.ve\/site\/wp-content\/uploads\/2024\/04\/adulto-mayor-1.jpg",800,450,false],"2048x2048":["https:\/\/digital58.com.ve\/site\/wp-content\/uploads\/2024\/04\/adulto-mayor-1.jpg",800,450,false],"colormag-highlighted-post":["https:\/\/digital58.com.ve\/site\/wp-content\/uploads\/2024\/04\/adulto-mayor-1-392x272.jpg",392,272,true],"colormag-featured-post-medium":["https:\/\/digital58.com.ve\/site\/wp-content\/uploads\/2024\/04\/adulto-mayor-1-390x205.jpg",390,205,true],"colormag-featured-post-small":["https:\/\/digital58.com.ve\/site\/wp-content\/uploads\/2024\/04\/adulto-mayor-1-130x90.jpg",130,90,true],"colormag-featured-image":["https:\/\/digital58.com.ve\/site\/wp-content\/uploads\/2024\/04\/adulto-mayor-1-800x445.jpg",800,445,true],"colormag-default-news":["https:\/\/digital58.com.ve\/site\/wp-content\/uploads\/2024\/04\/adulto-mayor-1-150x150.jpg",150,150,true],"colormag-featured-image-large":["https:\/\/digital58.com.ve\/site\/wp-content\/uploads\/2024\/04\/adulto-mayor-1.jpg",800,450,false]},"uagb_author_info":{"display_name":"Villasmil Henry","author_link":"https:\/\/digital58.com.ve\/site\/author\/droopy_68\/"},"uagb_comment_info":0,"uagb_excerpt":"Los \u00abC\u00edrculos de la Adulta y Adulto Mayor\u00bb sirven para atender y conectar a las personas de la tercera edad","_links":{"self":[{"href":"https:\/\/digital58.com.ve\/site\/wp-json\/wp\/v2\/posts\/175822","targetHints":{"allow":["GET"]}}],"collection":[{"href":"https:\/\/digital58.com.ve\/site\/wp-json\/wp\/v2\/posts"}],"about":[{"href":"https:\/\/digital58.com.ve\/site\/wp-json\/wp\/v2\/types\/post"}],"author":[{"embeddable":true,"href":"https:\/\/digital58.com.ve\/site\/wp-json\/wp\/v2\/users\/1"}],"replies":[{"embeddable":true,"href":"https:\/\/digital58.com.ve\/site\/wp-json\/wp\/v2\/comments?post=175822"}],"version-history":[{"count":2,"href":"https:\/\/digital58.com.ve\/site\/wp-json\/wp\/v2\/posts\/175822\/revisions"}],"predecessor-version":[{"id":175828,"href":"https:\/\/digital58.com.ve\/site\/wp-json\/wp\/v2\/posts\/175822\/revisions\/175828"}],"wp:featuredmedia":[{"embeddable":true,"href":"https:\/\/digital58.com.ve\/site\/wp-json\/wp\/v2\/media\/175826"}],"wp:attachment":[{"href":"https:\/\/digital58.com.ve\/site\/wp-json\/wp\/v2\/media?parent=175822"}],"wp:term":[{"taxonomy":"category","embeddable":true,"href":"https:\/\/digital58.com.ve\/site\/wp-json\/wp\/v2\/categories?post=175822"},{"taxonomy":"post_tag","embeddable":true,"href":"https:\/\/digital58.com.ve\/site\/wp-json\/wp\/v2\/tags?post=175822"}],"curies":[{"name":"wp","href":"https:\/\/api.w.org\/{rel}","templated":true}]}}