{"id":175834,"date":"2024-04-15T10:24:25","date_gmt":"2024-04-15T14:24:25","guid":{"rendered":"https:\/\/digital58.com.ve\/site\/?p=175834"},"modified":"2024-04-15T10:24:25","modified_gmt":"2024-04-15T14:24:25","slug":"g7-condena-el-ataque-a-israel-y-advierte-a-iran-que-no-siga-desestabilizando-la-region","status":"publish","type":"post","link":"https:\/\/digital58.com.ve\/site\/2024\/04\/15\/g7-condena-el-ataque-a-israel-y-advierte-a-iran-que-no-siga-desestabilizando-la-region\/","title":{"rendered":"G7 condena el ataque a Israel y advierte a Ir\u00e1n que no siga desestabilizando la regi\u00f3n"},"content":{"rendered":"<p><a href=\"https:\/\/digital58.com.ve\/site\/wp-content\/uploads\/2024\/04\/0b8568f1c7196b05114d361b625574d6a30e0452miniw.jpg\"><img loading=\"lazy\" decoding=\"async\" class=\"aligncenter size-full wp-image-175835\" src=\"https:\/\/digital58.com.ve\/site\/wp-content\/uploads\/2024\/04\/0b8568f1c7196b05114d361b625574d6a30e0452miniw.jpg\" alt=\"\" width=\"900\" height=\"506\" srcset=\"https:\/\/digital58.com.ve\/site\/wp-content\/uploads\/2024\/04\/0b8568f1c7196b05114d361b625574d6a30e0452miniw.jpg 900w, https:\/\/digital58.com.ve\/site\/wp-content\/uploads\/2024\/04\/0b8568f1c7196b05114d361b625574d6a30e0452miniw-300x169.jpg 300w, https:\/\/digital58.com.ve\/site\/wp-content\/uploads\/2024\/04\/0b8568f1c7196b05114d361b625574d6a30e0452miniw-768x432.jpg 768w\" sizes=\"auto, (max-width: 900px) 100vw, 900px\" \/><\/a><\/p>\n<p>Los pa\u00edses del G7 \u00abcondenaron en\u00e9rgicamente\u00bb el ataque iran\u00ed a Israel, al que mostraron \u00absu pleno apoyo\u00bb, y advirtieron a Ir\u00e1n de que \u00abadoptar\u00e1n nuevas medidas ahora\u00bb si contin\u00faa con sus \u00abiniciativas desestabilizadoras\u00bb en Oriente Medio, tras una reuni\u00f3n por videoconferencia presidida por la primera ministra italiana, Giorgia Meloni.<\/p>\n<p><strong>Roma, Italia, 15 de abril de 2024 (ND58).-<\/strong> En una declaraci\u00f3n conjunta, los l\u00edderes de Italia, Alemania, Reino Unido, Estados Unidos, Jap\u00f3n, Alemania y Canad\u00e1, ademas de los de la Uni\u00f3n Europea (UE), afirmaron que, \u00abcon sus acciones, Ir\u00e1n ha dado un paso m\u00e1s hacia la desestabilizaci\u00f3n de la regi\u00f3n y corre el riesgo de provocar una escalada regional incontrolable. Esto debe evitarse\u00bb.<\/p>\n<p>Oriente Medio afronta un momento de gran tensi\u00f3n despu\u00e9s del ataque a Israel por parte de Ir\u00e1n, que lanz\u00f3 anoche m\u00e1s de 300 drones, misiles y misiles bal\u00edsticos en lo que supone el primer ataque de ese tipo desde suelo iran\u00ed, a la espera de ver cu\u00e1l ser\u00e1 la posible respuesta israel\u00ed.<\/p>\n<p>\u00abNosotros, los l\u00edderes del G7, condenamos inequ\u00edvocamente en los t\u00e9rminos m\u00e1s en\u00e9rgicos el ataque directo y sin precedentes de Ir\u00e1n contra Israel. Ir\u00e1n dispar\u00f3 cientos de drones y misiles contra Israel. Israel, con la ayuda de sus asociados, derrot\u00f3 el ataque\u00bb, se\u00f1ala la declaraci\u00f3n.<\/p>\n<p>Los l\u00edderes, que se reunieron durante menos de una hora, tambi\u00e9n expresaron \u00abplena solidaridad y apoyo a Israel y a su pueblo\u00bb y reafirmaron su \u00abcompromiso con su seguridad\u00bb.<\/p>\n<p>\u00abCon sus acciones, Ir\u00e1n ha dado un paso m\u00e1s hacia la desestabilizaci\u00f3n de la regi\u00f3n y corre el riesgo de provocar una escalada regional incontrolable. Esto debe evitarse. Seguiremos trabajando para estabilizar la situaci\u00f3n y evitar una mayor escalada\u00bb, indicaron.<\/p>\n<p>\u00abCon ese esp\u00edritu, exigimos que Ir\u00e1n y sus agentes cesen sus ataques, y estamos dispuestos a adoptar nuevas medidas ahora y en respuesta a nuevas iniciativas desestabilizadoras\u00bb, agregaron.<\/p>\n<p>Adem\u00e1s, se comprometieron a fortalecer su cooperaci\u00f3n \u00abpara poner fin a la crisis en Gaza, entre otras cosas, continuando el trabajo en pro de un cese el fuego inmediato y sostenible y la liberaci\u00f3n de los rehenes por parte de Hamas, y prestando mayor asistencia humanitaria a los palestinos necesitados\u00bb.<\/p>\n<p>La Presidencia italiana del G7 hab\u00eda convocado el encuentro despu\u00e9s de que el presidente de EEUU, Joe Biden, avanzase esta madrugada que pedir\u00eda una reuni\u00f3n del grupo para coordinar una respuesta diplom\u00e1tica tras garantizar su apoyo a Israel, aunque en las \u00faltimas horas se ha mostrado contrario a participar en una ofensiva, lo que podr\u00eda llevar a Tel Aviv a evitar una respuesta de momento.<\/p>\n<p>El primer ministro israel\u00ed, Benjam\u00edn Netanyahu, advirti\u00f3 este domingo de que Israel derrotar\u00e1 a Ir\u00e1n en su primer mensaje p\u00fablico tras el ataque, mientras el presidente de Ir\u00e1n, Ebrahim Rais\u00ed, afirm\u00f3 que la Guardia Revolucionaria dio una lecci\u00f3n a Israel con los ataques con misiles y drones de anoche, y avis\u00f3 al Estado jud\u00edo de que no responda.<\/p>\n<p>A partir del pr\u00f3ximo mi\u00e9rcoles y hasta el viernes, los ministros de Exteriores del G7, el grupo de democracias m\u00e1s ricas del mundo, se reunir\u00e1n en la isla italiana de Capri, con la situaci\u00f3n de Oriente Medio como m\u00e1xima prioridad.<\/p>\n<p><strong>Redacci\u00f3n ND58 | Fuente: EFE<\/strong><br \/>\n<strong>Edici\u00f3n: Villasmil, Henry<\/strong><br \/>\n<strong>Gr\u00e1ficas: EFE<\/strong><\/p>\n<p>&nbsp;<\/p>\n<p>&nbsp;<\/p>\n<p>&nbsp;<\/p><div class=\"jbzuv69f485cde054e\" ><p style=\"text-align: center;\"><a href=\"https:\/\/t.me\/noticiasdigital58\" target=\"_blank\" rel=\"noopener\"><img class=\"aligncenter size-full wp-image-125363\" src=\"https:\/\/digital58.com.ve\/site\/wp-content\/uploads\/2021\/04\/banner-telegram-web-2021.png\" alt=\"\" width=\"600\" height=\"90\" \/><\/a><\/p><\/div><style type=\"text\/css\">\r\n@media screen and (min-width: 1201px) {\r\n.jbzuv69f485cde054e {\r\ndisplay: block;\r\n}\r\n}\r\n@media screen and (min-width: 993px) and (max-width: 1200px) {\r\n.jbzuv69f485cde054e {\r\ndisplay: block;\r\n}\r\n}\r\n@media screen and (min-width: 769px) and (max-width: 992px) {\r\n.jbzuv69f485cde054e {\r\ndisplay: block;\r\n}\r\n}\r\n@media screen and (min-width: 768px) and (max-width: 768px) {\r\n.jbzuv69f485cde054e {\r\ndisplay: block;\r\n}\r\n}\r\n@media screen and (max-width: 767px) {\r\n.jbzuv69f485cde054e {\r\ndisplay: block;\r\n}\r\n}\r\n<\/style>\r\n\n<p>&nbsp;<\/p>\n<div style=\"margin-top: 0px; margin-bottom: 0px;\" class=\"sharethis-inline-share-buttons\" ><\/div>","protected":false},"excerpt":{"rendered":"<p>Los pa\u00edses del G7 \u00abcondenaron en\u00e9rgicamente\u00bb el ataque iran\u00ed a Israel, al que mostraron \u00absu pleno apoyo\u00bb, y advirtieron a<\/p>\n","protected":false},"author":1,"featured_media":175835,"comment_status":"open","ping_status":"closed","sticky":false,"template":"","format":"standard","meta":{"colormag_page_container_layout":"default_layout","colormag_page_sidebar_layout":"default_layout","_uag_custom_page_level_css":"","footnotes":""},"categories":[16451],"tags":[24152,14259,13658,8,4324,7798,21489,2503],"class_list":["post-175834","post","type-post","status-publish","format-standard","has-post-thumbnail","hentry","category-mundo","tag-ataque-aereo","tag-conflicto-belico","tag-g7","tag-internacionales","tag-iran","tag-israel","tag-medio-oriente","tag-union-europea"],"yoast_head":"<!-- This site is optimized with the Yoast SEO plugin v27.5 - https:\/\/yoast.com\/product\/yoast-seo-wordpress\/ -->\n<title>G7 condena el ataque a Israel y advierte a Ir\u00e1n que no siga desestabilizando la regi\u00f3n<\/title>\n<meta name=\"robots\" content=\"index, follow, max-snippet:-1, max-image-preview:large, max-video-preview:-1\" \/>\n<link rel=\"canonical\" href=\"https:\/\/digital58.com.ve\/site\/2024\/04\/15\/g7-condena-el-ataque-a-israel-y-advierte-a-iran-que-no-siga-desestabilizando-la-region\/\" \/>\n<meta property=\"og:locale\" content=\"es_ES\" \/>\n<meta property=\"og:type\" content=\"article\" \/>\n<meta property=\"og:title\" content=\"G7 condena el ataque a Israel y advierte a Ir\u00e1n que no siga desestabilizando la regi\u00f3n\" \/>\n<meta property=\"og:url\" content=\"https:\/\/digital58.com.ve\/site\/2024\/04\/15\/g7-condena-el-ataque-a-israel-y-advierte-a-iran-que-no-siga-desestabilizando-la-region\/\" \/>\n<meta property=\"og:site_name\" content=\"Noticias Digital58\" \/>\n<meta property=\"article:published_time\" content=\"2024-04-15T14:24:25+00:00\" \/>\n<meta property=\"og:image\" content=\"https:\/\/i0.wp.com\/digital58.com.ve\/site\/wp-content\/uploads\/2024\/04\/0b8568f1c7196b05114d361b625574d6a30e0452miniw.jpg?fit=900%2C506&ssl=1\" \/>\n\t<meta property=\"og:image:width\" content=\"900\" \/>\n\t<meta property=\"og:image:height\" content=\"506\" \/>\n\t<meta property=\"og:image:type\" content=\"image\/jpeg\" \/>\n<meta name=\"author\" content=\"Villasmil Henry\" \/>\n<meta name=\"twitter:card\" content=\"summary_large_image\" \/>\n<meta name=\"twitter:creator\" content=\"@https:\/\/twitter.com\/villasmilhfoto\" \/>\n<meta name=\"twitter:site\" content=\"@villasmilhfoto\" \/>\n<meta name=\"twitter:label1\" content=\"Escrito por\" \/>\n\t<meta name=\"twitter:data1\" content=\"Villasmil Henry\" \/>\n\t<meta name=\"twitter:label2\" content=\"Tiempo estimado de lectura\" \/>\n\t<meta name=\"twitter:data2\" content=\"3 minutos\" \/>\n<script type=\"application\/ld+json\" class=\"yoast-schema-graph\">{\"@context\":\"https:\\\/\\\/schema.org\",\"@graph\":[{\"@type\":\"Article\",\"@id\":\"https:\\\/\\\/digital58.com.ve\\\/site\\\/2024\\\/04\\\/15\\\/g7-condena-el-ataque-a-israel-y-advierte-a-iran-que-no-siga-desestabilizando-la-region\\\/#article\",\"isPartOf\":{\"@id\":\"https:\\\/\\\/digital58.com.ve\\\/site\\\/2024\\\/04\\\/15\\\/g7-condena-el-ataque-a-israel-y-advierte-a-iran-que-no-siga-desestabilizando-la-region\\\/\"},\"author\":{\"name\":\"Villasmil Henry\",\"@id\":\"https:\\\/\\\/digital58.com.ve\\\/site\\\/#\\\/schema\\\/person\\\/64d1c2e4d0d4fd1b849980c4331c2951\"},\"headline\":\"G7 condena el ataque a Israel y advierte a Ir\u00e1n que no siga desestabilizando la regi\u00f3n\",\"datePublished\":\"2024-04-15T14:24:25+00:00\",\"mainEntityOfPage\":{\"@id\":\"https:\\\/\\\/digital58.com.ve\\\/site\\\/2024\\\/04\\\/15\\\/g7-condena-el-ataque-a-israel-y-advierte-a-iran-que-no-siga-desestabilizando-la-region\\\/\"},\"wordCount\":609,\"commentCount\":0,\"publisher\":{\"@id\":\"https:\\\/\\\/digital58.com.ve\\\/site\\\/#\\\/schema\\\/person\\\/64d1c2e4d0d4fd1b849980c4331c2951\"},\"image\":{\"@id\":\"https:\\\/\\\/digital58.com.ve\\\/site\\\/2024\\\/04\\\/15\\\/g7-condena-el-ataque-a-israel-y-advierte-a-iran-que-no-siga-desestabilizando-la-region\\\/#primaryimage\"},\"thumbnailUrl\":\"https:\\\/\\\/digital58.com.ve\\\/site\\\/wp-content\\\/uploads\\\/2024\\\/04\\\/0b8568f1c7196b05114d361b625574d6a30e0452miniw.jpg\",\"keywords\":[\"Ataque A\u00e9reo\",\"Conflicto b\u00e9lico\",\"G7\",\"Internacionales\",\"Ir\u00e1n\",\"Israel\",\"Medio oriente\",\"Uni\u00f3n Europea\"],\"articleSection\":[\"Mundo\"],\"inLanguage\":\"es\",\"potentialAction\":[{\"@type\":\"CommentAction\",\"name\":\"Comment\",\"target\":[\"https:\\\/\\\/digital58.com.ve\\\/site\\\/2024\\\/04\\\/15\\\/g7-condena-el-ataque-a-israel-y-advierte-a-iran-que-no-siga-desestabilizando-la-region\\\/#respond\"]}]},{\"@type\":\"WebPage\",\"@id\":\"https:\\\/\\\/digital58.com.ve\\\/site\\\/2024\\\/04\\\/15\\\/g7-condena-el-ataque-a-israel-y-advierte-a-iran-que-no-siga-desestabilizando-la-region\\\/\",\"url\":\"https:\\\/\\\/digital58.com.ve\\\/site\\\/2024\\\/04\\\/15\\\/g7-condena-el-ataque-a-israel-y-advierte-a-iran-que-no-siga-desestabilizando-la-region\\\/\",\"name\":\"G7 condena el ataque a Israel y advierte a Ir\u00e1n que no siga desestabilizando la regi\u00f3n\",\"isPartOf\":{\"@id\":\"https:\\\/\\\/digital58.com.ve\\\/site\\\/#website\"},\"primaryImageOfPage\":{\"@id\":\"https:\\\/\\\/digital58.com.ve\\\/site\\\/2024\\\/04\\\/15\\\/g7-condena-el-ataque-a-israel-y-advierte-a-iran-que-no-siga-desestabilizando-la-region\\\/#primaryimage\"},\"image\":{\"@id\":\"https:\\\/\\\/digital58.com.ve\\\/site\\\/2024\\\/04\\\/15\\\/g7-condena-el-ataque-a-israel-y-advierte-a-iran-que-no-siga-desestabilizando-la-region\\\/#primaryimage\"},\"thumbnailUrl\":\"https:\\\/\\\/digital58.com.ve\\\/site\\\/wp-content\\\/uploads\\\/2024\\\/04\\\/0b8568f1c7196b05114d361b625574d6a30e0452miniw.jpg\",\"datePublished\":\"2024-04-15T14:24:25+00:00\",\"breadcrumb\":{\"@id\":\"https:\\\/\\\/digital58.com.ve\\\/site\\\/2024\\\/04\\\/15\\\/g7-condena-el-ataque-a-israel-y-advierte-a-iran-que-no-siga-desestabilizando-la-region\\\/#breadcrumb\"},\"inLanguage\":\"es\",\"potentialAction\":[{\"@type\":\"ReadAction\",\"target\":[\"https:\\\/\\\/digital58.com.ve\\\/site\\\/2024\\\/04\\\/15\\\/g7-condena-el-ataque-a-israel-y-advierte-a-iran-que-no-siga-desestabilizando-la-region\\\/\"]}]},{\"@type\":\"ImageObject\",\"inLanguage\":\"es\",\"@id\":\"https:\\\/\\\/digital58.com.ve\\\/site\\\/2024\\\/04\\\/15\\\/g7-condena-el-ataque-a-israel-y-advierte-a-iran-que-no-siga-desestabilizando-la-region\\\/#primaryimage\",\"url\":\"https:\\\/\\\/digital58.com.ve\\\/site\\\/wp-content\\\/uploads\\\/2024\\\/04\\\/0b8568f1c7196b05114d361b625574d6a30e0452miniw.jpg\",\"contentUrl\":\"https:\\\/\\\/digital58.com.ve\\\/site\\\/wp-content\\\/uploads\\\/2024\\\/04\\\/0b8568f1c7196b05114d361b625574d6a30e0452miniw.jpg\",\"width\":900,\"height\":506},{\"@type\":\"BreadcrumbList\",\"@id\":\"https:\\\/\\\/digital58.com.ve\\\/site\\\/2024\\\/04\\\/15\\\/g7-condena-el-ataque-a-israel-y-advierte-a-iran-que-no-siga-desestabilizando-la-region\\\/#breadcrumb\",\"itemListElement\":[{\"@type\":\"ListItem\",\"position\":1,\"name\":\"Home\",\"item\":\"https:\\\/\\\/digital58.com.ve\\\/site\\\/\"},{\"@type\":\"ListItem\",\"position\":2,\"name\":\"G7 condena el ataque a Israel y advierte a Ir\u00e1n que no siga desestabilizando la regi\u00f3n\"}]},{\"@type\":\"WebSite\",\"@id\":\"https:\\\/\\\/digital58.com.ve\\\/site\\\/#website\",\"url\":\"https:\\\/\\\/digital58.com.ve\\\/site\\\/\",\"name\":\"Noticias Digital58\",\"description\":\"Portal de Noticias \u00a1Periodismo web de verdad! Lanzamiento web 22.11.2005 \\\/ Maracaibo, Venezuela\",\"publisher\":{\"@id\":\"https:\\\/\\\/digital58.com.ve\\\/site\\\/#\\\/schema\\\/person\\\/64d1c2e4d0d4fd1b849980c4331c2951\"},\"alternateName\":\"ND58\",\"potentialAction\":[{\"@type\":\"SearchAction\",\"target\":{\"@type\":\"EntryPoint\",\"urlTemplate\":\"https:\\\/\\\/digital58.com.ve\\\/site\\\/?s={search_term_string}\"},\"query-input\":{\"@type\":\"PropertyValueSpecification\",\"valueRequired\":true,\"valueName\":\"search_term_string\"}}],\"inLanguage\":\"es\"},{\"@type\":[\"Person\",\"Organization\"],\"@id\":\"https:\\\/\\\/digital58.com.ve\\\/site\\\/#\\\/schema\\\/person\\\/64d1c2e4d0d4fd1b849980c4331c2951\",\"name\":\"Villasmil Henry\",\"image\":{\"@type\":\"ImageObject\",\"inLanguage\":\"es\",\"@id\":\"https:\\\/\\\/secure.gravatar.com\\\/avatar\\\/bb0c4a2fcb7970138239f7e404ea75757b1b507b28b5ce4c53fbd62d797c5a7c?s=96&d=mm&r=g\",\"url\":\"https:\\\/\\\/secure.gravatar.com\\\/avatar\\\/bb0c4a2fcb7970138239f7e404ea75757b1b507b28b5ce4c53fbd62d797c5a7c?s=96&d=mm&r=g\",\"contentUrl\":\"https:\\\/\\\/secure.gravatar.com\\\/avatar\\\/bb0c4a2fcb7970138239f7e404ea75757b1b507b28b5ce4c53fbd62d797c5a7c?s=96&d=mm&r=g\",\"caption\":\"Villasmil Henry\"},\"logo\":{\"@id\":\"https:\\\/\\\/secure.gravatar.com\\\/avatar\\\/bb0c4a2fcb7970138239f7e404ea75757b1b507b28b5ce4c53fbd62d797c5a7c?s=96&d=mm&r=g\"},\"sameAs\":[\"http:\\\/\\\/www.henryvillasmil.com.ve\",\"https:\\\/\\\/www.instagram.com\\\/villasmilhfoto\\\/\",\"https:\\\/\\\/x.com\\\/https:\\\/\\\/twitter.com\\\/villasmilhfoto\"],\"url\":\"https:\\\/\\\/digital58.com.ve\\\/site\\\/author\\\/droopy_68\\\/\"}]}<\/script>\n<!-- \/ Yoast SEO plugin. -->","yoast_head_json":{"title":"G7 condena el ataque a Israel y advierte a Ir\u00e1n que no siga desestabilizando la regi\u00f3n","robots":{"index":"index","follow":"follow","max-snippet":"max-snippet:-1","max-image-preview":"max-image-preview:large","max-video-preview":"max-video-preview:-1"},"canonical":"https:\/\/digital58.com.ve\/site\/2024\/04\/15\/g7-condena-el-ataque-a-israel-y-advierte-a-iran-que-no-siga-desestabilizando-la-region\/","og_locale":"es_ES","og_type":"article","og_title":"G7 condena el ataque a Israel y advierte a Ir\u00e1n que no siga desestabilizando la regi\u00f3n","og_url":"https:\/\/digital58.com.ve\/site\/2024\/04\/15\/g7-condena-el-ataque-a-israel-y-advierte-a-iran-que-no-siga-desestabilizando-la-region\/","og_site_name":"Noticias Digital58","article_published_time":"2024-04-15T14:24:25+00:00","og_image":[{"width":900,"height":506,"url":"https:\/\/i0.wp.com\/digital58.com.ve\/site\/wp-content\/uploads\/2024\/04\/0b8568f1c7196b05114d361b625574d6a30e0452miniw.jpg?fit=900%2C506&ssl=1","type":"image\/jpeg"}],"author":"Villasmil Henry","twitter_card":"summary_large_image","twitter_creator":"@https:\/\/twitter.com\/villasmilhfoto","twitter_site":"@villasmilhfoto","twitter_misc":{"Escrito por":"Villasmil Henry","Tiempo estimado de lectura":"3 minutos"},"schema":{"@context":"https:\/\/schema.org","@graph":[{"@type":"Article","@id":"https:\/\/digital58.com.ve\/site\/2024\/04\/15\/g7-condena-el-ataque-a-israel-y-advierte-a-iran-que-no-siga-desestabilizando-la-region\/#article","isPartOf":{"@id":"https:\/\/digital58.com.ve\/site\/2024\/04\/15\/g7-condena-el-ataque-a-israel-y-advierte-a-iran-que-no-siga-desestabilizando-la-region\/"},"author":{"name":"Villasmil Henry","@id":"https:\/\/digital58.com.ve\/site\/#\/schema\/person\/64d1c2e4d0d4fd1b849980c4331c2951"},"headline":"G7 condena el ataque a Israel y advierte a Ir\u00e1n que no siga desestabilizando la regi\u00f3n","datePublished":"2024-04-15T14:24:25+00:00","mainEntityOfPage":{"@id":"https:\/\/digital58.com.ve\/site\/2024\/04\/15\/g7-condena-el-ataque-a-israel-y-advierte-a-iran-que-no-siga-desestabilizando-la-region\/"},"wordCount":609,"commentCount":0,"publisher":{"@id":"https:\/\/digital58.com.ve\/site\/#\/schema\/person\/64d1c2e4d0d4fd1b849980c4331c2951"},"image":{"@id":"https:\/\/digital58.com.ve\/site\/2024\/04\/15\/g7-condena-el-ataque-a-israel-y-advierte-a-iran-que-no-siga-desestabilizando-la-region\/#primaryimage"},"thumbnailUrl":"https:\/\/digital58.com.ve\/site\/wp-content\/uploads\/2024\/04\/0b8568f1c7196b05114d361b625574d6a30e0452miniw.jpg","keywords":["Ataque A\u00e9reo","Conflicto b\u00e9lico","G7","Internacionales","Ir\u00e1n","Israel","Medio oriente","Uni\u00f3n Europea"],"articleSection":["Mundo"],"inLanguage":"es","potentialAction":[{"@type":"CommentAction","name":"Comment","target":["https:\/\/digital58.com.ve\/site\/2024\/04\/15\/g7-condena-el-ataque-a-israel-y-advierte-a-iran-que-no-siga-desestabilizando-la-region\/#respond"]}]},{"@type":"WebPage","@id":"https:\/\/digital58.com.ve\/site\/2024\/04\/15\/g7-condena-el-ataque-a-israel-y-advierte-a-iran-que-no-siga-desestabilizando-la-region\/","url":"https:\/\/digital58.com.ve\/site\/2024\/04\/15\/g7-condena-el-ataque-a-israel-y-advierte-a-iran-que-no-siga-desestabilizando-la-region\/","name":"G7 condena el ataque a Israel y advierte a Ir\u00e1n que no siga desestabilizando la regi\u00f3n","isPartOf":{"@id":"https:\/\/digital58.com.ve\/site\/#website"},"primaryImageOfPage":{"@id":"https:\/\/digital58.com.ve\/site\/2024\/04\/15\/g7-condena-el-ataque-a-israel-y-advierte-a-iran-que-no-siga-desestabilizando-la-region\/#primaryimage"},"image":{"@id":"https:\/\/digital58.com.ve\/site\/2024\/04\/15\/g7-condena-el-ataque-a-israel-y-advierte-a-iran-que-no-siga-desestabilizando-la-region\/#primaryimage"},"thumbnailUrl":"https:\/\/digital58.com.ve\/site\/wp-content\/uploads\/2024\/04\/0b8568f1c7196b05114d361b625574d6a30e0452miniw.jpg","datePublished":"2024-04-15T14:24:25+00:00","breadcrumb":{"@id":"https:\/\/digital58.com.ve\/site\/2024\/04\/15\/g7-condena-el-ataque-a-israel-y-advierte-a-iran-que-no-siga-desestabilizando-la-region\/#breadcrumb"},"inLanguage":"es","potentialAction":[{"@type":"ReadAction","target":["https:\/\/digital58.com.ve\/site\/2024\/04\/15\/g7-condena-el-ataque-a-israel-y-advierte-a-iran-que-no-siga-desestabilizando-la-region\/"]}]},{"@type":"ImageObject","inLanguage":"es","@id":"https:\/\/digital58.com.ve\/site\/2024\/04\/15\/g7-condena-el-ataque-a-israel-y-advierte-a-iran-que-no-siga-desestabilizando-la-region\/#primaryimage","url":"https:\/\/digital58.com.ve\/site\/wp-content\/uploads\/2024\/04\/0b8568f1c7196b05114d361b625574d6a30e0452miniw.jpg","contentUrl":"https:\/\/digital58.com.ve\/site\/wp-content\/uploads\/2024\/04\/0b8568f1c7196b05114d361b625574d6a30e0452miniw.jpg","width":900,"height":506},{"@type":"BreadcrumbList","@id":"https:\/\/digital58.com.ve\/site\/2024\/04\/15\/g7-condena-el-ataque-a-israel-y-advierte-a-iran-que-no-siga-desestabilizando-la-region\/#breadcrumb","itemListElement":[{"@type":"ListItem","position":1,"name":"Home","item":"https:\/\/digital58.com.ve\/site\/"},{"@type":"ListItem","position":2,"name":"G7 condena el ataque a Israel y advierte a Ir\u00e1n que no siga desestabilizando la regi\u00f3n"}]},{"@type":"WebSite","@id":"https:\/\/digital58.com.ve\/site\/#website","url":"https:\/\/digital58.com.ve\/site\/","name":"Noticias Digital58","description":"Portal de Noticias \u00a1Periodismo web de verdad! Lanzamiento web 22.11.2005 \/ Maracaibo, Venezuela","publisher":{"@id":"https:\/\/digital58.com.ve\/site\/#\/schema\/person\/64d1c2e4d0d4fd1b849980c4331c2951"},"alternateName":"ND58","potentialAction":[{"@type":"SearchAction","target":{"@type":"EntryPoint","urlTemplate":"https:\/\/digital58.com.ve\/site\/?s={search_term_string}"},"query-input":{"@type":"PropertyValueSpecification","valueRequired":true,"valueName":"search_term_string"}}],"inLanguage":"es"},{"@type":["Person","Organization"],"@id":"https:\/\/digital58.com.ve\/site\/#\/schema\/person\/64d1c2e4d0d4fd1b849980c4331c2951","name":"Villasmil Henry","image":{"@type":"ImageObject","inLanguage":"es","@id":"https:\/\/secure.gravatar.com\/avatar\/bb0c4a2fcb7970138239f7e404ea75757b1b507b28b5ce4c53fbd62d797c5a7c?s=96&d=mm&r=g","url":"https:\/\/secure.gravatar.com\/avatar\/bb0c4a2fcb7970138239f7e404ea75757b1b507b28b5ce4c53fbd62d797c5a7c?s=96&d=mm&r=g","contentUrl":"https:\/\/secure.gravatar.com\/avatar\/bb0c4a2fcb7970138239f7e404ea75757b1b507b28b5ce4c53fbd62d797c5a7c?s=96&d=mm&r=g","caption":"Villasmil Henry"},"logo":{"@id":"https:\/\/secure.gravatar.com\/avatar\/bb0c4a2fcb7970138239f7e404ea75757b1b507b28b5ce4c53fbd62d797c5a7c?s=96&d=mm&r=g"},"sameAs":["http:\/\/www.henryvillasmil.com.ve","https:\/\/www.instagram.com\/villasmilhfoto\/","https:\/\/x.com\/https:\/\/twitter.com\/villasmilhfoto"],"url":"https:\/\/digital58.com.ve\/site\/author\/droopy_68\/"}]}},"uagb_featured_image_src":{"full":["https:\/\/digital58.com.ve\/site\/wp-content\/uploads\/2024\/04\/0b8568f1c7196b05114d361b625574d6a30e0452miniw.jpg",900,506,false],"thumbnail":["https:\/\/digital58.com.ve\/site\/wp-content\/uploads\/2024\/04\/0b8568f1c7196b05114d361b625574d6a30e0452miniw-150x150.jpg",150,150,true],"medium":["https:\/\/digital58.com.ve\/site\/wp-content\/uploads\/2024\/04\/0b8568f1c7196b05114d361b625574d6a30e0452miniw-300x169.jpg",300,169,true],"medium_large":["https:\/\/digital58.com.ve\/site\/wp-content\/uploads\/2024\/04\/0b8568f1c7196b05114d361b625574d6a30e0452miniw-768x432.jpg",768,432,true],"large":["https:\/\/digital58.com.ve\/site\/wp-content\/uploads\/2024\/04\/0b8568f1c7196b05114d361b625574d6a30e0452miniw.jpg",800,450,false],"1536x1536":["https:\/\/digital58.com.ve\/site\/wp-content\/uploads\/2024\/04\/0b8568f1c7196b05114d361b625574d6a30e0452miniw.jpg",900,506,false],"2048x2048":["https:\/\/digital58.com.ve\/site\/wp-content\/uploads\/2024\/04\/0b8568f1c7196b05114d361b625574d6a30e0452miniw.jpg",900,506,false],"colormag-highlighted-post":["https:\/\/digital58.com.ve\/site\/wp-content\/uploads\/2024\/04\/0b8568f1c7196b05114d361b625574d6a30e0452miniw-392x272.jpg",392,272,true],"colormag-featured-post-medium":["https:\/\/digital58.com.ve\/site\/wp-content\/uploads\/2024\/04\/0b8568f1c7196b05114d361b625574d6a30e0452miniw-390x205.jpg",390,205,true],"colormag-featured-post-small":["https:\/\/digital58.com.ve\/site\/wp-content\/uploads\/2024\/04\/0b8568f1c7196b05114d361b625574d6a30e0452miniw-130x90.jpg",130,90,true],"colormag-featured-image":["https:\/\/digital58.com.ve\/site\/wp-content\/uploads\/2024\/04\/0b8568f1c7196b05114d361b625574d6a30e0452miniw-800x445.jpg",800,445,true],"colormag-default-news":["https:\/\/digital58.com.ve\/site\/wp-content\/uploads\/2024\/04\/0b8568f1c7196b05114d361b625574d6a30e0452miniw-150x150.jpg",150,150,true],"colormag-featured-image-large":["https:\/\/digital58.com.ve\/site\/wp-content\/uploads\/2024\/04\/0b8568f1c7196b05114d361b625574d6a30e0452miniw.jpg",900,506,false]},"uagb_author_info":{"display_name":"Villasmil Henry","author_link":"https:\/\/digital58.com.ve\/site\/author\/droopy_68\/"},"uagb_comment_info":0,"uagb_excerpt":"Los pa\u00edses del G7 \u00abcondenaron en\u00e9rgicamente\u00bb el ataque iran\u00ed a Israel, al que mostraron \u00absu pleno apoyo\u00bb, y advirtieron a","_links":{"self":[{"href":"https:\/\/digital58.com.ve\/site\/wp-json\/wp\/v2\/posts\/175834","targetHints":{"allow":["GET"]}}],"collection":[{"href":"https:\/\/digital58.com.ve\/site\/wp-json\/wp\/v2\/posts"}],"about":[{"href":"https:\/\/digital58.com.ve\/site\/wp-json\/wp\/v2\/types\/post"}],"author":[{"embeddable":true,"href":"https:\/\/digital58.com.ve\/site\/wp-json\/wp\/v2\/users\/1"}],"replies":[{"embeddable":true,"href":"https:\/\/digital58.com.ve\/site\/wp-json\/wp\/v2\/comments?post=175834"}],"version-history":[{"count":1,"href":"https:\/\/digital58.com.ve\/site\/wp-json\/wp\/v2\/posts\/175834\/revisions"}],"predecessor-version":[{"id":175836,"href":"https:\/\/digital58.com.ve\/site\/wp-json\/wp\/v2\/posts\/175834\/revisions\/175836"}],"wp:featuredmedia":[{"embeddable":true,"href":"https:\/\/digital58.com.ve\/site\/wp-json\/wp\/v2\/media\/175835"}],"wp:attachment":[{"href":"https:\/\/digital58.com.ve\/site\/wp-json\/wp\/v2\/media?parent=175834"}],"wp:term":[{"taxonomy":"category","embeddable":true,"href":"https:\/\/digital58.com.ve\/site\/wp-json\/wp\/v2\/categories?post=175834"},{"taxonomy":"post_tag","embeddable":true,"href":"https:\/\/digital58.com.ve\/site\/wp-json\/wp\/v2\/tags?post=175834"}],"curies":[{"name":"wp","href":"https:\/\/api.w.org\/{rel}","templated":true}]}}