{"id":175837,"date":"2024-04-15T10:31:54","date_gmt":"2024-04-15T14:31:54","guid":{"rendered":"https:\/\/digital58.com.ve\/site\/?p=175837"},"modified":"2024-04-15T10:31:54","modified_gmt":"2024-04-15T14:31:54","slug":"el-rey-de-jordania-dice-a-biden-que-su-pais-no-sera-escenario-de-una-guerra-regional","status":"publish","type":"post","link":"https:\/\/digital58.com.ve\/site\/2024\/04\/15\/el-rey-de-jordania-dice-a-biden-que-su-pais-no-sera-escenario-de-una-guerra-regional\/","title":{"rendered":"El rey de Jordania dice a Biden que su pa\u00eds no ser\u00e1 \u00abescenario de una guerra regional\u00bb"},"content":{"rendered":"<p><a href=\"https:\/\/digital58.com.ve\/site\/wp-content\/uploads\/2024\/04\/c1fdb66331ef32f59f456167f2043b147551849fminiw.jpg\"><img loading=\"lazy\" decoding=\"async\" class=\"aligncenter size-full wp-image-175838\" src=\"https:\/\/digital58.com.ve\/site\/wp-content\/uploads\/2024\/04\/c1fdb66331ef32f59f456167f2043b147551849fminiw.jpg\" alt=\"\" width=\"900\" height=\"599\" srcset=\"https:\/\/digital58.com.ve\/site\/wp-content\/uploads\/2024\/04\/c1fdb66331ef32f59f456167f2043b147551849fminiw.jpg 900w, https:\/\/digital58.com.ve\/site\/wp-content\/uploads\/2024\/04\/c1fdb66331ef32f59f456167f2043b147551849fminiw-300x200.jpg 300w, https:\/\/digital58.com.ve\/site\/wp-content\/uploads\/2024\/04\/c1fdb66331ef32f59f456167f2043b147551849fminiw-768x511.jpg 768w\" sizes=\"auto, (max-width: 900px) 100vw, 900px\" \/><\/a><\/p>\n<p>El monarca recibi\u00f3 (hoy) una llamada telef\u00f3nica de Biden, al d\u00eda siguiente del gran ataque iran\u00ed contra Israel, en el que las defensas anti\u00e1ereas jordanas se activaron e interceptaron cierto n\u00famero de \u00abobjetos voladores\u00bb.<\/p>\n<p><strong>Am\u00e1n, 15 de abril de 2024 (ND58).-<\/strong> El rey Abdal\u00e1 II de Jordania le asegur\u00f3 este domingo al presidente estadounidense, Joe Biden, que el reino hachem\u00ed no ser\u00e1 el \u00abescenario de una guerra regional\u00bb, despu\u00e9s de que interceptara \u00abobjetos voladores\u00bb iran\u00edes lanzados ayer, s\u00e1bado, contra Israel, inform\u00f3 la corte jordana en un comunicado.<\/p>\n<p>\u00abAbdal\u00e1 II destac\u00f3 que Jordania no ser\u00e1 un escenario para una guerra regional, y advirti\u00f3 nuevamente sobre las consecuencias de la agresi\u00f3n israel\u00ed a Gaza y la actual escalada en Cisjordania\u00bb, se indica en la nota.<\/p>\n<p>El rey destac\u00f3 que \u00abponer fin inmediatamente a la guerra en Gaza es la manera de detener la escalada y proteger a la regi\u00f3n de sus consecuencias\u00bb, as\u00ed como advirti\u00f3 que \u00abcualquier medida israel\u00ed\u00bb para incrementar la tensi\u00f3n \u00abllevar\u00eda a que se ampl\u00ede el c\u00edrculo del conflicto en la regi\u00f3n\u00bb de Oriente Medio.<\/p>\n<p>En un comunicado, la Casa Blanca inform\u00f3 tambi\u00e9n de esta llamada entre ambos l\u00edderes, aunque no ofreci\u00f3 m\u00e1s detalles del contenido.<\/p>\n<p>El Consejo de Ministros jordano se\u00f1al\u00f3 hoy que las defensas antia\u00e9reas interceptaron en el espacio a\u00e9reo del reino hachem\u00ed \u00abobjetos voladores\u00bb, mientras que fragmentos de los misiles y drones lanzados por Ir\u00e1n contra Israel \u00abcayeron en m\u00faltiples lugares durante la noche sin causar da\u00f1os significativos ni heridos\u00bb.<\/p>\n<p>Jordania hace frontera con Irak y Siria, pa\u00edses donde est\u00e1n presentes milicias proiran\u00edes que suelen atacar posiciones israel\u00edes y estadounidenses en la regi\u00f3n.<\/p>\n<p>Oriente Medio afronta un momento de m\u00e1xima tensi\u00f3n despu\u00e9s de que Ir\u00e1n lanzara anoche sobre Israel m\u00e1s de 300 drones, misiles y misiles bal\u00edsticos, en lo que supuso el primer ataque de este tipo desde suelo iran\u00ed, a la espera de ver cu\u00e1l ser\u00e1 la posible respuesta israel\u00ed.<\/p>\n<p>Israel \u2014con ayuda de Estados Unidos, el Reino Unido y la vecina Jordania\u2014 logr\u00f3 interceptar el 99 % de esos misiles, la mayor\u00eda fuera del espacio a\u00e9reo israel\u00ed, de forma que la ofensiva iran\u00ed no caus\u00f3 muertos, pero s\u00ed dej\u00f3 herida de gravedad por metralla a una ni\u00f1a de siete a\u00f1os y se registraron da\u00f1os leves en una base de la Fuerza A\u00e9rea en el sur del pa\u00eds.<\/p>\n<p>Ir\u00e1n ha dado por concluida su ofensiva, pero ha avisado que contraatacar\u00e1 si Israel responde.<\/p>\n<p><strong>Redacci\u00f3n ND58 | Fuente: EFE<\/strong><br \/>\n<strong>Edici\u00f3n: Villasmil, Henry<\/strong><br \/>\n<strong>Gr\u00e1ficas: EFE<\/strong><\/p>\n<p>&nbsp;<\/p>\n<p>&nbsp;<\/p><div class=\"melar69f488946aba3\" ><p style=\"text-align: center;\"><a href=\"https:\/\/t.me\/noticiasdigital58\" target=\"_blank\" rel=\"noopener\"><img class=\"aligncenter size-full wp-image-125363\" src=\"https:\/\/digital58.com.ve\/site\/wp-content\/uploads\/2021\/04\/banner-telegram-web-2021.png\" alt=\"\" width=\"600\" height=\"90\" \/><\/a><\/p><\/div><style type=\"text\/css\">\r\n@media screen and (min-width: 1201px) {\r\n.melar69f488946aba3 {\r\ndisplay: block;\r\n}\r\n}\r\n@media screen and (min-width: 993px) and (max-width: 1200px) {\r\n.melar69f488946aba3 {\r\ndisplay: block;\r\n}\r\n}\r\n@media screen and (min-width: 769px) and (max-width: 992px) {\r\n.melar69f488946aba3 {\r\ndisplay: block;\r\n}\r\n}\r\n@media screen and (min-width: 768px) and (max-width: 768px) {\r\n.melar69f488946aba3 {\r\ndisplay: block;\r\n}\r\n}\r\n@media screen and (max-width: 767px) {\r\n.melar69f488946aba3 {\r\ndisplay: block;\r\n}\r\n}\r\n<\/style>\r\n\n<p>&nbsp;<\/p>\n<div style=\"margin-top: 0px; margin-bottom: 0px;\" class=\"sharethis-inline-share-buttons\" ><\/div>","protected":false},"excerpt":{"rendered":"<p>El monarca recibi\u00f3 (hoy) una llamada telef\u00f3nica de Biden, al d\u00eda siguiente del gran ataque iran\u00ed contra Israel, en el<\/p>\n","protected":false},"author":1,"featured_media":175838,"comment_status":"open","ping_status":"closed","sticky":false,"template":"","format":"standard","meta":{"colormag_page_container_layout":"default_layout","colormag_page_sidebar_layout":"default_layout","_uag_custom_page_level_css":"","footnotes":""},"categories":[16451],"tags":[24152,14259,12740,8,4324,7798,961,32298,21489,33307],"class_list":["post-175837","post","type-post","status-publish","format-standard","has-post-thumbnail","hentry","category-mundo","tag-ataque-aereo","tag-conflicto-belico","tag-ee-uu","tag-internacionales","tag-iran","tag-israel","tag-joe-biden","tag-jordania","tag-medio-oriente","tag-rey-abdala-ii"],"yoast_head":"<!-- This site is optimized with the Yoast SEO plugin v27.5 - https:\/\/yoast.com\/product\/yoast-seo-wordpress\/ -->\n<title>El rey de Jordania dice a Biden que su pa\u00eds no ser\u00e1 \u00abescenario de una guerra regional\u00bb<\/title>\n<meta name=\"robots\" content=\"index, follow, max-snippet:-1, max-image-preview:large, max-video-preview:-1\" \/>\n<link rel=\"canonical\" href=\"https:\/\/digital58.com.ve\/site\/2024\/04\/15\/el-rey-de-jordania-dice-a-biden-que-su-pais-no-sera-escenario-de-una-guerra-regional\/\" \/>\n<meta property=\"og:locale\" content=\"es_ES\" \/>\n<meta property=\"og:type\" content=\"article\" \/>\n<meta property=\"og:title\" content=\"El rey de Jordania dice a Biden que su pa\u00eds no ser\u00e1 \u00abescenario de una guerra regional\u00bb\" \/>\n<meta property=\"og:url\" content=\"https:\/\/digital58.com.ve\/site\/2024\/04\/15\/el-rey-de-jordania-dice-a-biden-que-su-pais-no-sera-escenario-de-una-guerra-regional\/\" \/>\n<meta property=\"og:site_name\" content=\"Noticias Digital58\" \/>\n<meta property=\"article:published_time\" content=\"2024-04-15T14:31:54+00:00\" \/>\n<meta property=\"og:image\" content=\"https:\/\/i0.wp.com\/digital58.com.ve\/site\/wp-content\/uploads\/2024\/04\/c1fdb66331ef32f59f456167f2043b147551849fminiw.jpg?fit=900%2C599&ssl=1\" \/>\n\t<meta property=\"og:image:width\" content=\"900\" \/>\n\t<meta property=\"og:image:height\" content=\"599\" \/>\n\t<meta property=\"og:image:type\" content=\"image\/jpeg\" \/>\n<meta name=\"author\" content=\"Villasmil Henry\" \/>\n<meta name=\"twitter:card\" content=\"summary_large_image\" \/>\n<meta name=\"twitter:creator\" content=\"@https:\/\/twitter.com\/villasmilhfoto\" \/>\n<meta name=\"twitter:site\" content=\"@villasmilhfoto\" \/>\n<meta name=\"twitter:label1\" content=\"Escrito por\" \/>\n\t<meta name=\"twitter:data1\" content=\"Villasmil Henry\" \/>\n\t<meta name=\"twitter:label2\" content=\"Tiempo estimado de lectura\" \/>\n\t<meta name=\"twitter:data2\" content=\"2 minutos\" \/>\n<script type=\"application\/ld+json\" class=\"yoast-schema-graph\">{\"@context\":\"https:\\\/\\\/schema.org\",\"@graph\":[{\"@type\":\"Article\",\"@id\":\"https:\\\/\\\/digital58.com.ve\\\/site\\\/2024\\\/04\\\/15\\\/el-rey-de-jordania-dice-a-biden-que-su-pais-no-sera-escenario-de-una-guerra-regional\\\/#article\",\"isPartOf\":{\"@id\":\"https:\\\/\\\/digital58.com.ve\\\/site\\\/2024\\\/04\\\/15\\\/el-rey-de-jordania-dice-a-biden-que-su-pais-no-sera-escenario-de-una-guerra-regional\\\/\"},\"author\":{\"name\":\"Villasmil Henry\",\"@id\":\"https:\\\/\\\/digital58.com.ve\\\/site\\\/#\\\/schema\\\/person\\\/64d1c2e4d0d4fd1b849980c4331c2951\"},\"headline\":\"El rey de Jordania dice a Biden que su pa\u00eds no ser\u00e1 \u00abescenario de una guerra regional\u00bb\",\"datePublished\":\"2024-04-15T14:31:54+00:00\",\"mainEntityOfPage\":{\"@id\":\"https:\\\/\\\/digital58.com.ve\\\/site\\\/2024\\\/04\\\/15\\\/el-rey-de-jordania-dice-a-biden-que-su-pais-no-sera-escenario-de-una-guerra-regional\\\/\"},\"wordCount\":471,\"commentCount\":0,\"publisher\":{\"@id\":\"https:\\\/\\\/digital58.com.ve\\\/site\\\/#\\\/schema\\\/person\\\/64d1c2e4d0d4fd1b849980c4331c2951\"},\"image\":{\"@id\":\"https:\\\/\\\/digital58.com.ve\\\/site\\\/2024\\\/04\\\/15\\\/el-rey-de-jordania-dice-a-biden-que-su-pais-no-sera-escenario-de-una-guerra-regional\\\/#primaryimage\"},\"thumbnailUrl\":\"https:\\\/\\\/digital58.com.ve\\\/site\\\/wp-content\\\/uploads\\\/2024\\\/04\\\/c1fdb66331ef32f59f456167f2043b147551849fminiw.jpg\",\"keywords\":[\"Ataque A\u00e9reo\",\"Conflicto b\u00e9lico\",\"EE.UU\",\"Internacionales\",\"Ir\u00e1n\",\"Israel\",\"Joe Biden\",\"Jordania\",\"Medio oriente\",\"Rey Abdal\u00e1 II\"],\"articleSection\":[\"Mundo\"],\"inLanguage\":\"es\",\"potentialAction\":[{\"@type\":\"CommentAction\",\"name\":\"Comment\",\"target\":[\"https:\\\/\\\/digital58.com.ve\\\/site\\\/2024\\\/04\\\/15\\\/el-rey-de-jordania-dice-a-biden-que-su-pais-no-sera-escenario-de-una-guerra-regional\\\/#respond\"]}]},{\"@type\":\"WebPage\",\"@id\":\"https:\\\/\\\/digital58.com.ve\\\/site\\\/2024\\\/04\\\/15\\\/el-rey-de-jordania-dice-a-biden-que-su-pais-no-sera-escenario-de-una-guerra-regional\\\/\",\"url\":\"https:\\\/\\\/digital58.com.ve\\\/site\\\/2024\\\/04\\\/15\\\/el-rey-de-jordania-dice-a-biden-que-su-pais-no-sera-escenario-de-una-guerra-regional\\\/\",\"name\":\"El rey de Jordania dice a Biden que su pa\u00eds no ser\u00e1 \u00abescenario de una guerra regional\u00bb\",\"isPartOf\":{\"@id\":\"https:\\\/\\\/digital58.com.ve\\\/site\\\/#website\"},\"primaryImageOfPage\":{\"@id\":\"https:\\\/\\\/digital58.com.ve\\\/site\\\/2024\\\/04\\\/15\\\/el-rey-de-jordania-dice-a-biden-que-su-pais-no-sera-escenario-de-una-guerra-regional\\\/#primaryimage\"},\"image\":{\"@id\":\"https:\\\/\\\/digital58.com.ve\\\/site\\\/2024\\\/04\\\/15\\\/el-rey-de-jordania-dice-a-biden-que-su-pais-no-sera-escenario-de-una-guerra-regional\\\/#primaryimage\"},\"thumbnailUrl\":\"https:\\\/\\\/digital58.com.ve\\\/site\\\/wp-content\\\/uploads\\\/2024\\\/04\\\/c1fdb66331ef32f59f456167f2043b147551849fminiw.jpg\",\"datePublished\":\"2024-04-15T14:31:54+00:00\",\"breadcrumb\":{\"@id\":\"https:\\\/\\\/digital58.com.ve\\\/site\\\/2024\\\/04\\\/15\\\/el-rey-de-jordania-dice-a-biden-que-su-pais-no-sera-escenario-de-una-guerra-regional\\\/#breadcrumb\"},\"inLanguage\":\"es\",\"potentialAction\":[{\"@type\":\"ReadAction\",\"target\":[\"https:\\\/\\\/digital58.com.ve\\\/site\\\/2024\\\/04\\\/15\\\/el-rey-de-jordania-dice-a-biden-que-su-pais-no-sera-escenario-de-una-guerra-regional\\\/\"]}]},{\"@type\":\"ImageObject\",\"inLanguage\":\"es\",\"@id\":\"https:\\\/\\\/digital58.com.ve\\\/site\\\/2024\\\/04\\\/15\\\/el-rey-de-jordania-dice-a-biden-que-su-pais-no-sera-escenario-de-una-guerra-regional\\\/#primaryimage\",\"url\":\"https:\\\/\\\/digital58.com.ve\\\/site\\\/wp-content\\\/uploads\\\/2024\\\/04\\\/c1fdb66331ef32f59f456167f2043b147551849fminiw.jpg\",\"contentUrl\":\"https:\\\/\\\/digital58.com.ve\\\/site\\\/wp-content\\\/uploads\\\/2024\\\/04\\\/c1fdb66331ef32f59f456167f2043b147551849fminiw.jpg\",\"width\":900,\"height\":599},{\"@type\":\"BreadcrumbList\",\"@id\":\"https:\\\/\\\/digital58.com.ve\\\/site\\\/2024\\\/04\\\/15\\\/el-rey-de-jordania-dice-a-biden-que-su-pais-no-sera-escenario-de-una-guerra-regional\\\/#breadcrumb\",\"itemListElement\":[{\"@type\":\"ListItem\",\"position\":1,\"name\":\"Home\",\"item\":\"https:\\\/\\\/digital58.com.ve\\\/site\\\/\"},{\"@type\":\"ListItem\",\"position\":2,\"name\":\"El rey de Jordania dice a Biden que su pa\u00eds no ser\u00e1 \u00abescenario de una guerra regional\u00bb\"}]},{\"@type\":\"WebSite\",\"@id\":\"https:\\\/\\\/digital58.com.ve\\\/site\\\/#website\",\"url\":\"https:\\\/\\\/digital58.com.ve\\\/site\\\/\",\"name\":\"Noticias Digital58\",\"description\":\"Portal de Noticias \u00a1Periodismo web de verdad! Lanzamiento web 22.11.2005 \\\/ Maracaibo, Venezuela\",\"publisher\":{\"@id\":\"https:\\\/\\\/digital58.com.ve\\\/site\\\/#\\\/schema\\\/person\\\/64d1c2e4d0d4fd1b849980c4331c2951\"},\"alternateName\":\"ND58\",\"potentialAction\":[{\"@type\":\"SearchAction\",\"target\":{\"@type\":\"EntryPoint\",\"urlTemplate\":\"https:\\\/\\\/digital58.com.ve\\\/site\\\/?s={search_term_string}\"},\"query-input\":{\"@type\":\"PropertyValueSpecification\",\"valueRequired\":true,\"valueName\":\"search_term_string\"}}],\"inLanguage\":\"es\"},{\"@type\":[\"Person\",\"Organization\"],\"@id\":\"https:\\\/\\\/digital58.com.ve\\\/site\\\/#\\\/schema\\\/person\\\/64d1c2e4d0d4fd1b849980c4331c2951\",\"name\":\"Villasmil Henry\",\"image\":{\"@type\":\"ImageObject\",\"inLanguage\":\"es\",\"@id\":\"https:\\\/\\\/secure.gravatar.com\\\/avatar\\\/bb0c4a2fcb7970138239f7e404ea75757b1b507b28b5ce4c53fbd62d797c5a7c?s=96&d=mm&r=g\",\"url\":\"https:\\\/\\\/secure.gravatar.com\\\/avatar\\\/bb0c4a2fcb7970138239f7e404ea75757b1b507b28b5ce4c53fbd62d797c5a7c?s=96&d=mm&r=g\",\"contentUrl\":\"https:\\\/\\\/secure.gravatar.com\\\/avatar\\\/bb0c4a2fcb7970138239f7e404ea75757b1b507b28b5ce4c53fbd62d797c5a7c?s=96&d=mm&r=g\",\"caption\":\"Villasmil Henry\"},\"logo\":{\"@id\":\"https:\\\/\\\/secure.gravatar.com\\\/avatar\\\/bb0c4a2fcb7970138239f7e404ea75757b1b507b28b5ce4c53fbd62d797c5a7c?s=96&d=mm&r=g\"},\"sameAs\":[\"http:\\\/\\\/www.henryvillasmil.com.ve\",\"https:\\\/\\\/www.instagram.com\\\/villasmilhfoto\\\/\",\"https:\\\/\\\/x.com\\\/https:\\\/\\\/twitter.com\\\/villasmilhfoto\"],\"url\":\"https:\\\/\\\/digital58.com.ve\\\/site\\\/author\\\/droopy_68\\\/\"}]}<\/script>\n<!-- \/ Yoast SEO plugin. -->","yoast_head_json":{"title":"El rey de Jordania dice a Biden que su pa\u00eds no ser\u00e1 \u00abescenario de una guerra regional\u00bb","robots":{"index":"index","follow":"follow","max-snippet":"max-snippet:-1","max-image-preview":"max-image-preview:large","max-video-preview":"max-video-preview:-1"},"canonical":"https:\/\/digital58.com.ve\/site\/2024\/04\/15\/el-rey-de-jordania-dice-a-biden-que-su-pais-no-sera-escenario-de-una-guerra-regional\/","og_locale":"es_ES","og_type":"article","og_title":"El rey de Jordania dice a Biden que su pa\u00eds no ser\u00e1 \u00abescenario de una guerra regional\u00bb","og_url":"https:\/\/digital58.com.ve\/site\/2024\/04\/15\/el-rey-de-jordania-dice-a-biden-que-su-pais-no-sera-escenario-de-una-guerra-regional\/","og_site_name":"Noticias Digital58","article_published_time":"2024-04-15T14:31:54+00:00","og_image":[{"width":900,"height":599,"url":"https:\/\/i0.wp.com\/digital58.com.ve\/site\/wp-content\/uploads\/2024\/04\/c1fdb66331ef32f59f456167f2043b147551849fminiw.jpg?fit=900%2C599&ssl=1","type":"image\/jpeg"}],"author":"Villasmil Henry","twitter_card":"summary_large_image","twitter_creator":"@https:\/\/twitter.com\/villasmilhfoto","twitter_site":"@villasmilhfoto","twitter_misc":{"Escrito por":"Villasmil Henry","Tiempo estimado de lectura":"2 minutos"},"schema":{"@context":"https:\/\/schema.org","@graph":[{"@type":"Article","@id":"https:\/\/digital58.com.ve\/site\/2024\/04\/15\/el-rey-de-jordania-dice-a-biden-que-su-pais-no-sera-escenario-de-una-guerra-regional\/#article","isPartOf":{"@id":"https:\/\/digital58.com.ve\/site\/2024\/04\/15\/el-rey-de-jordania-dice-a-biden-que-su-pais-no-sera-escenario-de-una-guerra-regional\/"},"author":{"name":"Villasmil Henry","@id":"https:\/\/digital58.com.ve\/site\/#\/schema\/person\/64d1c2e4d0d4fd1b849980c4331c2951"},"headline":"El rey de Jordania dice a Biden que su pa\u00eds no ser\u00e1 \u00abescenario de una guerra regional\u00bb","datePublished":"2024-04-15T14:31:54+00:00","mainEntityOfPage":{"@id":"https:\/\/digital58.com.ve\/site\/2024\/04\/15\/el-rey-de-jordania-dice-a-biden-que-su-pais-no-sera-escenario-de-una-guerra-regional\/"},"wordCount":471,"commentCount":0,"publisher":{"@id":"https:\/\/digital58.com.ve\/site\/#\/schema\/person\/64d1c2e4d0d4fd1b849980c4331c2951"},"image":{"@id":"https:\/\/digital58.com.ve\/site\/2024\/04\/15\/el-rey-de-jordania-dice-a-biden-que-su-pais-no-sera-escenario-de-una-guerra-regional\/#primaryimage"},"thumbnailUrl":"https:\/\/digital58.com.ve\/site\/wp-content\/uploads\/2024\/04\/c1fdb66331ef32f59f456167f2043b147551849fminiw.jpg","keywords":["Ataque A\u00e9reo","Conflicto b\u00e9lico","EE.UU","Internacionales","Ir\u00e1n","Israel","Joe Biden","Jordania","Medio oriente","Rey Abdal\u00e1 II"],"articleSection":["Mundo"],"inLanguage":"es","potentialAction":[{"@type":"CommentAction","name":"Comment","target":["https:\/\/digital58.com.ve\/site\/2024\/04\/15\/el-rey-de-jordania-dice-a-biden-que-su-pais-no-sera-escenario-de-una-guerra-regional\/#respond"]}]},{"@type":"WebPage","@id":"https:\/\/digital58.com.ve\/site\/2024\/04\/15\/el-rey-de-jordania-dice-a-biden-que-su-pais-no-sera-escenario-de-una-guerra-regional\/","url":"https:\/\/digital58.com.ve\/site\/2024\/04\/15\/el-rey-de-jordania-dice-a-biden-que-su-pais-no-sera-escenario-de-una-guerra-regional\/","name":"El rey de Jordania dice a Biden que su pa\u00eds no ser\u00e1 \u00abescenario de una guerra regional\u00bb","isPartOf":{"@id":"https:\/\/digital58.com.ve\/site\/#website"},"primaryImageOfPage":{"@id":"https:\/\/digital58.com.ve\/site\/2024\/04\/15\/el-rey-de-jordania-dice-a-biden-que-su-pais-no-sera-escenario-de-una-guerra-regional\/#primaryimage"},"image":{"@id":"https:\/\/digital58.com.ve\/site\/2024\/04\/15\/el-rey-de-jordania-dice-a-biden-que-su-pais-no-sera-escenario-de-una-guerra-regional\/#primaryimage"},"thumbnailUrl":"https:\/\/digital58.com.ve\/site\/wp-content\/uploads\/2024\/04\/c1fdb66331ef32f59f456167f2043b147551849fminiw.jpg","datePublished":"2024-04-15T14:31:54+00:00","breadcrumb":{"@id":"https:\/\/digital58.com.ve\/site\/2024\/04\/15\/el-rey-de-jordania-dice-a-biden-que-su-pais-no-sera-escenario-de-una-guerra-regional\/#breadcrumb"},"inLanguage":"es","potentialAction":[{"@type":"ReadAction","target":["https:\/\/digital58.com.ve\/site\/2024\/04\/15\/el-rey-de-jordania-dice-a-biden-que-su-pais-no-sera-escenario-de-una-guerra-regional\/"]}]},{"@type":"ImageObject","inLanguage":"es","@id":"https:\/\/digital58.com.ve\/site\/2024\/04\/15\/el-rey-de-jordania-dice-a-biden-que-su-pais-no-sera-escenario-de-una-guerra-regional\/#primaryimage","url":"https:\/\/digital58.com.ve\/site\/wp-content\/uploads\/2024\/04\/c1fdb66331ef32f59f456167f2043b147551849fminiw.jpg","contentUrl":"https:\/\/digital58.com.ve\/site\/wp-content\/uploads\/2024\/04\/c1fdb66331ef32f59f456167f2043b147551849fminiw.jpg","width":900,"height":599},{"@type":"BreadcrumbList","@id":"https:\/\/digital58.com.ve\/site\/2024\/04\/15\/el-rey-de-jordania-dice-a-biden-que-su-pais-no-sera-escenario-de-una-guerra-regional\/#breadcrumb","itemListElement":[{"@type":"ListItem","position":1,"name":"Home","item":"https:\/\/digital58.com.ve\/site\/"},{"@type":"ListItem","position":2,"name":"El rey de Jordania dice a Biden que su pa\u00eds no ser\u00e1 \u00abescenario de una guerra regional\u00bb"}]},{"@type":"WebSite","@id":"https:\/\/digital58.com.ve\/site\/#website","url":"https:\/\/digital58.com.ve\/site\/","name":"Noticias Digital58","description":"Portal de Noticias \u00a1Periodismo web de verdad! Lanzamiento web 22.11.2005 \/ Maracaibo, Venezuela","publisher":{"@id":"https:\/\/digital58.com.ve\/site\/#\/schema\/person\/64d1c2e4d0d4fd1b849980c4331c2951"},"alternateName":"ND58","potentialAction":[{"@type":"SearchAction","target":{"@type":"EntryPoint","urlTemplate":"https:\/\/digital58.com.ve\/site\/?s={search_term_string}"},"query-input":{"@type":"PropertyValueSpecification","valueRequired":true,"valueName":"search_term_string"}}],"inLanguage":"es"},{"@type":["Person","Organization"],"@id":"https:\/\/digital58.com.ve\/site\/#\/schema\/person\/64d1c2e4d0d4fd1b849980c4331c2951","name":"Villasmil Henry","image":{"@type":"ImageObject","inLanguage":"es","@id":"https:\/\/secure.gravatar.com\/avatar\/bb0c4a2fcb7970138239f7e404ea75757b1b507b28b5ce4c53fbd62d797c5a7c?s=96&d=mm&r=g","url":"https:\/\/secure.gravatar.com\/avatar\/bb0c4a2fcb7970138239f7e404ea75757b1b507b28b5ce4c53fbd62d797c5a7c?s=96&d=mm&r=g","contentUrl":"https:\/\/secure.gravatar.com\/avatar\/bb0c4a2fcb7970138239f7e404ea75757b1b507b28b5ce4c53fbd62d797c5a7c?s=96&d=mm&r=g","caption":"Villasmil Henry"},"logo":{"@id":"https:\/\/secure.gravatar.com\/avatar\/bb0c4a2fcb7970138239f7e404ea75757b1b507b28b5ce4c53fbd62d797c5a7c?s=96&d=mm&r=g"},"sameAs":["http:\/\/www.henryvillasmil.com.ve","https:\/\/www.instagram.com\/villasmilhfoto\/","https:\/\/x.com\/https:\/\/twitter.com\/villasmilhfoto"],"url":"https:\/\/digital58.com.ve\/site\/author\/droopy_68\/"}]}},"uagb_featured_image_src":{"full":["https:\/\/digital58.com.ve\/site\/wp-content\/uploads\/2024\/04\/c1fdb66331ef32f59f456167f2043b147551849fminiw.jpg",900,599,false],"thumbnail":["https:\/\/digital58.com.ve\/site\/wp-content\/uploads\/2024\/04\/c1fdb66331ef32f59f456167f2043b147551849fminiw-150x150.jpg",150,150,true],"medium":["https:\/\/digital58.com.ve\/site\/wp-content\/uploads\/2024\/04\/c1fdb66331ef32f59f456167f2043b147551849fminiw-300x200.jpg",300,200,true],"medium_large":["https:\/\/digital58.com.ve\/site\/wp-content\/uploads\/2024\/04\/c1fdb66331ef32f59f456167f2043b147551849fminiw-768x511.jpg",768,511,true],"large":["https:\/\/digital58.com.ve\/site\/wp-content\/uploads\/2024\/04\/c1fdb66331ef32f59f456167f2043b147551849fminiw.jpg",800,532,false],"1536x1536":["https:\/\/digital58.com.ve\/site\/wp-content\/uploads\/2024\/04\/c1fdb66331ef32f59f456167f2043b147551849fminiw.jpg",900,599,false],"2048x2048":["https:\/\/digital58.com.ve\/site\/wp-content\/uploads\/2024\/04\/c1fdb66331ef32f59f456167f2043b147551849fminiw.jpg",900,599,false],"colormag-highlighted-post":["https:\/\/digital58.com.ve\/site\/wp-content\/uploads\/2024\/04\/c1fdb66331ef32f59f456167f2043b147551849fminiw-392x272.jpg",392,272,true],"colormag-featured-post-medium":["https:\/\/digital58.com.ve\/site\/wp-content\/uploads\/2024\/04\/c1fdb66331ef32f59f456167f2043b147551849fminiw-390x205.jpg",390,205,true],"colormag-featured-post-small":["https:\/\/digital58.com.ve\/site\/wp-content\/uploads\/2024\/04\/c1fdb66331ef32f59f456167f2043b147551849fminiw-130x90.jpg",130,90,true],"colormag-featured-image":["https:\/\/digital58.com.ve\/site\/wp-content\/uploads\/2024\/04\/c1fdb66331ef32f59f456167f2043b147551849fminiw-800x445.jpg",800,445,true],"colormag-default-news":["https:\/\/digital58.com.ve\/site\/wp-content\/uploads\/2024\/04\/c1fdb66331ef32f59f456167f2043b147551849fminiw-150x150.jpg",150,150,true],"colormag-featured-image-large":["https:\/\/digital58.com.ve\/site\/wp-content\/uploads\/2024\/04\/c1fdb66331ef32f59f456167f2043b147551849fminiw.jpg",900,599,false]},"uagb_author_info":{"display_name":"Villasmil Henry","author_link":"https:\/\/digital58.com.ve\/site\/author\/droopy_68\/"},"uagb_comment_info":0,"uagb_excerpt":"El monarca recibi\u00f3 (hoy) una llamada telef\u00f3nica de Biden, al d\u00eda siguiente del gran ataque iran\u00ed contra Israel, en el","_links":{"self":[{"href":"https:\/\/digital58.com.ve\/site\/wp-json\/wp\/v2\/posts\/175837","targetHints":{"allow":["GET"]}}],"collection":[{"href":"https:\/\/digital58.com.ve\/site\/wp-json\/wp\/v2\/posts"}],"about":[{"href":"https:\/\/digital58.com.ve\/site\/wp-json\/wp\/v2\/types\/post"}],"author":[{"embeddable":true,"href":"https:\/\/digital58.com.ve\/site\/wp-json\/wp\/v2\/users\/1"}],"replies":[{"embeddable":true,"href":"https:\/\/digital58.com.ve\/site\/wp-json\/wp\/v2\/comments?post=175837"}],"version-history":[{"count":1,"href":"https:\/\/digital58.com.ve\/site\/wp-json\/wp\/v2\/posts\/175837\/revisions"}],"predecessor-version":[{"id":175839,"href":"https:\/\/digital58.com.ve\/site\/wp-json\/wp\/v2\/posts\/175837\/revisions\/175839"}],"wp:featuredmedia":[{"embeddable":true,"href":"https:\/\/digital58.com.ve\/site\/wp-json\/wp\/v2\/media\/175838"}],"wp:attachment":[{"href":"https:\/\/digital58.com.ve\/site\/wp-json\/wp\/v2\/media?parent=175837"}],"wp:term":[{"taxonomy":"category","embeddable":true,"href":"https:\/\/digital58.com.ve\/site\/wp-json\/wp\/v2\/categories?post=175837"},{"taxonomy":"post_tag","embeddable":true,"href":"https:\/\/digital58.com.ve\/site\/wp-json\/wp\/v2\/tags?post=175837"}],"curies":[{"name":"wp","href":"https:\/\/api.w.org\/{rel}","templated":true}]}}