{"id":176012,"date":"2024-04-22T14:07:20","date_gmt":"2024-04-22T18:07:20","guid":{"rendered":"https:\/\/digital58.com.ve\/site\/?p=176012"},"modified":"2024-04-22T14:07:20","modified_gmt":"2024-04-22T18:07:20","slug":"venezuela-mas-de-3-000-corredores-celebran-el-dia-de-la-tierra","status":"publish","type":"post","link":"https:\/\/digital58.com.ve\/site\/2024\/04\/22\/venezuela-mas-de-3-000-corredores-celebran-el-dia-de-la-tierra\/","title":{"rendered":"#Venezuela | M\u00e1s de 3.000 corredores celebran el D\u00eda de la Tierra"},"content":{"rendered":"<p><a href=\"https:\/\/digital58.com.ve\/site\/wp-content\/uploads\/2024\/04\/dia-de-la-tierra-2.jpg\"><img loading=\"lazy\" decoding=\"async\" class=\"aligncenter size-full wp-image-176013\" src=\"https:\/\/digital58.com.ve\/site\/wp-content\/uploads\/2024\/04\/dia-de-la-tierra-2.jpg\" alt=\"\" width=\"800\" height=\"533\" srcset=\"https:\/\/digital58.com.ve\/site\/wp-content\/uploads\/2024\/04\/dia-de-la-tierra-2.jpg 800w, https:\/\/digital58.com.ve\/site\/wp-content\/uploads\/2024\/04\/dia-de-la-tierra-2-300x200.jpg 300w, https:\/\/digital58.com.ve\/site\/wp-content\/uploads\/2024\/04\/dia-de-la-tierra-2-768x512.jpg 768w\" sizes=\"auto, (max-width: 800px) 100vw, 800px\" \/><\/a><\/p>\n<p>M\u00e1s de 3.200 venezolanos participaron este domingo en una carrera de 10 kil\u00f3metros, y una caminata de cinco (5) kil\u00f3metros, organizado por el Ministerio de Ecosocialismo (Ambiente), en Caracas, con motivo del D\u00eda de la Tierra, que se celebra el 22 de abril.<\/p>\n<p><strong>Caracas, DC, Venezuela, 22 de abril de 2024 (ND58).-<\/strong> \u00abHoy, con entusiasmo y positividad, m\u00e1s de 3.200 personas se unieron en la carrera de 10 kil\u00f3metros y caminata de cinco (5) kil\u00f3metros para conmemorar el D\u00eda de la Tierra. Celebramos la vida saludable, el bienestar y la conciencia hacia nuestra amada Pachamama (Madre Tierra)\u00bb, se\u00f1al\u00f3 el ministro de Ecosocialismo, Josu\u00e9 Lorca, en su cuenta de Instagram.<\/p>\n<p>Lorca a\u00f1adi\u00f3 que este a\u00f1o se duplic\u00f3 el n\u00famero de participantes, con respecto a la carrera de 2023, porque \u00abcada a\u00f1o son m\u00e1s personas que se suman a la tarea, con conciencia, con organizaci\u00f3n, (a) aportar un granito de arena para salvar el planeta Tierra\u00bb.<\/p>\n<p>Los ganadores de la carrera recibieron premios de entre 200 y 400 d\u00f3lares, as\u00ed como paquetes tur\u00edsticos para el archipi\u00e9lago de Los Roques (norte), Margarita, la principal isla de Venezuela, y Morrocoy, ubicado en el estado Falc\u00f3n (oeste).<\/p>\n<p>El pasado 21 de febrero, el Ministerio de Ecosocialismo inform\u00f3 que el Gobierno afina los \u00faltimos detalles de una operaci\u00f3n in\u00e9dita con la que espera retrasar el derretimiento de su \u00faltimo glaciar, ubicado en el estado andino de M\u00e9rida (oeste).<\/p>\n<p><a href=\"https:\/\/digital58.com.ve\/site\/wp-content\/uploads\/2024\/04\/dia-de-la-tierra-1.jpg\"><img loading=\"lazy\" decoding=\"async\" class=\"aligncenter size-full wp-image-176014\" src=\"https:\/\/digital58.com.ve\/site\/wp-content\/uploads\/2024\/04\/dia-de-la-tierra-1.jpg\" alt=\"\" width=\"800\" height=\"461\" srcset=\"https:\/\/digital58.com.ve\/site\/wp-content\/uploads\/2024\/04\/dia-de-la-tierra-1.jpg 800w, https:\/\/digital58.com.ve\/site\/wp-content\/uploads\/2024\/04\/dia-de-la-tierra-1-300x173.jpg 300w, https:\/\/digital58.com.ve\/site\/wp-content\/uploads\/2024\/04\/dia-de-la-tierra-1-768x443.jpg 768w\" sizes=\"auto, (max-width: 800px) 100vw, 800px\" \/><\/a><\/p>\n<p>El plan es desplegar \u00abmantos geotextiles\u00bb en los alrededores del glaciar \u2014ubicado en el Pico Humboldt, a 4.942 metros sobre el nivel del mar\u2014, \u00aben las zonas donde hay debilitamiento de la capa de hielo, que es la que sufre en este momento un nivel de derretimiento superior\u00bb, seg\u00fan una nota de prensa del Ejecutivo.<\/p>\n<p>Para completar esta tarea, el Gobierno ha activado un equipo multidisciplinario que incluye a pilotos de la Fuerza Armada Nacional Bolivariana (FANB) que ya hicieron un sobrevuelo por el \u00e1rea y cuentan con una aeronave ajustada para estas tareas.<\/p>\n<p>\u00abDurante el sobrevuelo se evalu\u00f3 la dimensi\u00f3n del glaciar y, tal como se ha anunciado desde el mes de diciembre, sufre un retroceso, es decir, atraviesa un proceso de derretimiento\u00bb, explic\u00f3 entonces el ministerio.<\/p>\n<p><strong>Redacci\u00f3n ND58 | Fuente: EFE<\/strong><br \/>\n<strong>Edici\u00f3n: Villasmil, Henry<\/strong><br \/>\n<strong>Gr\u00e1fica: Cortes\u00eda Prensa Ecosocialismo (Minec)<\/strong><\/p>\n<p>&nbsp;<\/p><div class=\"vygau69f4e96a42c6f\" ><p style=\"text-align: center;\"><a href=\"https:\/\/t.me\/noticiasdigital58\" target=\"_blank\" rel=\"noopener\"><img class=\"aligncenter size-full wp-image-125363\" src=\"https:\/\/digital58.com.ve\/site\/wp-content\/uploads\/2021\/04\/banner-telegram-web-2021.png\" alt=\"\" width=\"600\" height=\"90\" \/><\/a><\/p><\/div><style type=\"text\/css\">\r\n@media screen and (min-width: 1201px) {\r\n.vygau69f4e96a42c6f {\r\ndisplay: block;\r\n}\r\n}\r\n@media screen and (min-width: 993px) and (max-width: 1200px) {\r\n.vygau69f4e96a42c6f {\r\ndisplay: block;\r\n}\r\n}\r\n@media screen and (min-width: 769px) and (max-width: 992px) {\r\n.vygau69f4e96a42c6f {\r\ndisplay: block;\r\n}\r\n}\r\n@media screen and (min-width: 768px) and (max-width: 768px) {\r\n.vygau69f4e96a42c6f {\r\ndisplay: block;\r\n}\r\n}\r\n@media screen and (max-width: 767px) {\r\n.vygau69f4e96a42c6f {\r\ndisplay: block;\r\n}\r\n}\r\n<\/style>\r\n\n<p>&nbsp;<\/p>\n<div style=\"margin-top: 0px; margin-bottom: 0px;\" class=\"sharethis-inline-share-buttons\" ><\/div>","protected":false},"excerpt":{"rendered":"<p>M\u00e1s de 3.200 venezolanos participaron este domingo en una carrera de 10 kil\u00f3metros, y una caminata de cinco (5) kil\u00f3metros,<\/p>\n","protected":false},"author":1,"featured_media":176014,"comment_status":"open","ping_status":"closed","sticky":false,"template":"","format":"standard","meta":{"colormag_page_container_layout":"default_layout","colormag_page_sidebar_layout":"default_layout","_uag_custom_page_level_css":"","footnotes":""},"categories":[5402],"tags":[29888,27371,29,564,11163,6832,20065,233,33343,32],"class_list":["post-176012","post","type-post","status-publish","format-standard","has-post-thumbnail","hentry","category-deportes","tag-10k","tag-5k","tag-caracas","tag-carreras","tag-corredores","tag-dia-de-la-tierra","tag-ministerio-de-ecosocialismo","tag-nacionales","tag-pachamama","tag-venezuela"],"yoast_head":"<!-- This site is optimized with the Yoast SEO plugin v27.5 - https:\/\/yoast.com\/product\/yoast-seo-wordpress\/ -->\n<title>#Venezuela | M\u00e1s de 3.000 corredores celebran el D\u00eda de la Tierra<\/title>\n<meta name=\"robots\" content=\"index, follow, max-snippet:-1, max-image-preview:large, max-video-preview:-1\" \/>\n<link rel=\"canonical\" href=\"https:\/\/digital58.com.ve\/site\/2024\/04\/22\/venezuela-mas-de-3-000-corredores-celebran-el-dia-de-la-tierra\/\" \/>\n<meta property=\"og:locale\" content=\"es_ES\" \/>\n<meta property=\"og:type\" content=\"article\" \/>\n<meta property=\"og:title\" content=\"#Venezuela | M\u00e1s de 3.000 corredores celebran el D\u00eda de la Tierra\" \/>\n<meta property=\"og:url\" content=\"https:\/\/digital58.com.ve\/site\/2024\/04\/22\/venezuela-mas-de-3-000-corredores-celebran-el-dia-de-la-tierra\/\" \/>\n<meta property=\"og:site_name\" content=\"Noticias Digital58\" \/>\n<meta property=\"article:published_time\" content=\"2024-04-22T18:07:20+00:00\" \/>\n<meta property=\"og:image\" content=\"https:\/\/i0.wp.com\/digital58.com.ve\/site\/wp-content\/uploads\/2024\/04\/dia-de-la-tierra-1.jpg?fit=800%2C461&ssl=1\" \/>\n\t<meta property=\"og:image:width\" content=\"800\" \/>\n\t<meta property=\"og:image:height\" content=\"461\" \/>\n\t<meta property=\"og:image:type\" content=\"image\/jpeg\" \/>\n<meta name=\"author\" content=\"Villasmil Henry\" \/>\n<meta name=\"twitter:card\" content=\"summary_large_image\" \/>\n<meta name=\"twitter:creator\" content=\"@https:\/\/twitter.com\/villasmilhfoto\" \/>\n<meta name=\"twitter:site\" content=\"@villasmilhfoto\" \/>\n<meta name=\"twitter:label1\" content=\"Escrito por\" \/>\n\t<meta name=\"twitter:data1\" content=\"Villasmil Henry\" \/>\n\t<meta name=\"twitter:label2\" content=\"Tiempo estimado de lectura\" \/>\n\t<meta name=\"twitter:data2\" content=\"2 minutos\" \/>\n<script type=\"application\/ld+json\" class=\"yoast-schema-graph\">{\"@context\":\"https:\\\/\\\/schema.org\",\"@graph\":[{\"@type\":\"Article\",\"@id\":\"https:\\\/\\\/digital58.com.ve\\\/site\\\/2024\\\/04\\\/22\\\/venezuela-mas-de-3-000-corredores-celebran-el-dia-de-la-tierra\\\/#article\",\"isPartOf\":{\"@id\":\"https:\\\/\\\/digital58.com.ve\\\/site\\\/2024\\\/04\\\/22\\\/venezuela-mas-de-3-000-corredores-celebran-el-dia-de-la-tierra\\\/\"},\"author\":{\"name\":\"Villasmil Henry\",\"@id\":\"https:\\\/\\\/digital58.com.ve\\\/site\\\/#\\\/schema\\\/person\\\/64d1c2e4d0d4fd1b849980c4331c2951\"},\"headline\":\"#Venezuela | M\u00e1s de 3.000 corredores celebran el D\u00eda de la Tierra\",\"datePublished\":\"2024-04-22T18:07:20+00:00\",\"mainEntityOfPage\":{\"@id\":\"https:\\\/\\\/digital58.com.ve\\\/site\\\/2024\\\/04\\\/22\\\/venezuela-mas-de-3-000-corredores-celebran-el-dia-de-la-tierra\\\/\"},\"wordCount\":401,\"commentCount\":0,\"publisher\":{\"@id\":\"https:\\\/\\\/digital58.com.ve\\\/site\\\/#\\\/schema\\\/person\\\/64d1c2e4d0d4fd1b849980c4331c2951\"},\"image\":{\"@id\":\"https:\\\/\\\/digital58.com.ve\\\/site\\\/2024\\\/04\\\/22\\\/venezuela-mas-de-3-000-corredores-celebran-el-dia-de-la-tierra\\\/#primaryimage\"},\"thumbnailUrl\":\"https:\\\/\\\/digital58.com.ve\\\/site\\\/wp-content\\\/uploads\\\/2024\\\/04\\\/dia-de-la-tierra-1.jpg\",\"keywords\":[\"10K\",\"5K\",\"Caracas\",\"Carreras\",\"Corredores\",\"D\u00eda de la Tierra\",\"Ministerio de Ecosocialismo\",\"Nacionales\",\"Pachamama\",\"Venezuela\"],\"articleSection\":[\"Deportes\"],\"inLanguage\":\"es\",\"potentialAction\":[{\"@type\":\"CommentAction\",\"name\":\"Comment\",\"target\":[\"https:\\\/\\\/digital58.com.ve\\\/site\\\/2024\\\/04\\\/22\\\/venezuela-mas-de-3-000-corredores-celebran-el-dia-de-la-tierra\\\/#respond\"]}]},{\"@type\":\"WebPage\",\"@id\":\"https:\\\/\\\/digital58.com.ve\\\/site\\\/2024\\\/04\\\/22\\\/venezuela-mas-de-3-000-corredores-celebran-el-dia-de-la-tierra\\\/\",\"url\":\"https:\\\/\\\/digital58.com.ve\\\/site\\\/2024\\\/04\\\/22\\\/venezuela-mas-de-3-000-corredores-celebran-el-dia-de-la-tierra\\\/\",\"name\":\"#Venezuela | M\u00e1s de 3.000 corredores celebran el D\u00eda de la Tierra\",\"isPartOf\":{\"@id\":\"https:\\\/\\\/digital58.com.ve\\\/site\\\/#website\"},\"primaryImageOfPage\":{\"@id\":\"https:\\\/\\\/digital58.com.ve\\\/site\\\/2024\\\/04\\\/22\\\/venezuela-mas-de-3-000-corredores-celebran-el-dia-de-la-tierra\\\/#primaryimage\"},\"image\":{\"@id\":\"https:\\\/\\\/digital58.com.ve\\\/site\\\/2024\\\/04\\\/22\\\/venezuela-mas-de-3-000-corredores-celebran-el-dia-de-la-tierra\\\/#primaryimage\"},\"thumbnailUrl\":\"https:\\\/\\\/digital58.com.ve\\\/site\\\/wp-content\\\/uploads\\\/2024\\\/04\\\/dia-de-la-tierra-1.jpg\",\"datePublished\":\"2024-04-22T18:07:20+00:00\",\"breadcrumb\":{\"@id\":\"https:\\\/\\\/digital58.com.ve\\\/site\\\/2024\\\/04\\\/22\\\/venezuela-mas-de-3-000-corredores-celebran-el-dia-de-la-tierra\\\/#breadcrumb\"},\"inLanguage\":\"es\",\"potentialAction\":[{\"@type\":\"ReadAction\",\"target\":[\"https:\\\/\\\/digital58.com.ve\\\/site\\\/2024\\\/04\\\/22\\\/venezuela-mas-de-3-000-corredores-celebran-el-dia-de-la-tierra\\\/\"]}]},{\"@type\":\"ImageObject\",\"inLanguage\":\"es\",\"@id\":\"https:\\\/\\\/digital58.com.ve\\\/site\\\/2024\\\/04\\\/22\\\/venezuela-mas-de-3-000-corredores-celebran-el-dia-de-la-tierra\\\/#primaryimage\",\"url\":\"https:\\\/\\\/digital58.com.ve\\\/site\\\/wp-content\\\/uploads\\\/2024\\\/04\\\/dia-de-la-tierra-1.jpg\",\"contentUrl\":\"https:\\\/\\\/digital58.com.ve\\\/site\\\/wp-content\\\/uploads\\\/2024\\\/04\\\/dia-de-la-tierra-1.jpg\",\"width\":800,\"height\":461},{\"@type\":\"BreadcrumbList\",\"@id\":\"https:\\\/\\\/digital58.com.ve\\\/site\\\/2024\\\/04\\\/22\\\/venezuela-mas-de-3-000-corredores-celebran-el-dia-de-la-tierra\\\/#breadcrumb\",\"itemListElement\":[{\"@type\":\"ListItem\",\"position\":1,\"name\":\"Home\",\"item\":\"https:\\\/\\\/digital58.com.ve\\\/site\\\/\"},{\"@type\":\"ListItem\",\"position\":2,\"name\":\"#Venezuela | M\u00e1s de 3.000 corredores celebran el D\u00eda de la Tierra\"}]},{\"@type\":\"WebSite\",\"@id\":\"https:\\\/\\\/digital58.com.ve\\\/site\\\/#website\",\"url\":\"https:\\\/\\\/digital58.com.ve\\\/site\\\/\",\"name\":\"Noticias Digital58\",\"description\":\"Portal de Noticias \u00a1Periodismo web de verdad! Lanzamiento web 22.11.2005 \\\/ Maracaibo, Venezuela\",\"publisher\":{\"@id\":\"https:\\\/\\\/digital58.com.ve\\\/site\\\/#\\\/schema\\\/person\\\/64d1c2e4d0d4fd1b849980c4331c2951\"},\"alternateName\":\"ND58\",\"potentialAction\":[{\"@type\":\"SearchAction\",\"target\":{\"@type\":\"EntryPoint\",\"urlTemplate\":\"https:\\\/\\\/digital58.com.ve\\\/site\\\/?s={search_term_string}\"},\"query-input\":{\"@type\":\"PropertyValueSpecification\",\"valueRequired\":true,\"valueName\":\"search_term_string\"}}],\"inLanguage\":\"es\"},{\"@type\":[\"Person\",\"Organization\"],\"@id\":\"https:\\\/\\\/digital58.com.ve\\\/site\\\/#\\\/schema\\\/person\\\/64d1c2e4d0d4fd1b849980c4331c2951\",\"name\":\"Villasmil Henry\",\"image\":{\"@type\":\"ImageObject\",\"inLanguage\":\"es\",\"@id\":\"https:\\\/\\\/secure.gravatar.com\\\/avatar\\\/bb0c4a2fcb7970138239f7e404ea75757b1b507b28b5ce4c53fbd62d797c5a7c?s=96&d=mm&r=g\",\"url\":\"https:\\\/\\\/secure.gravatar.com\\\/avatar\\\/bb0c4a2fcb7970138239f7e404ea75757b1b507b28b5ce4c53fbd62d797c5a7c?s=96&d=mm&r=g\",\"contentUrl\":\"https:\\\/\\\/secure.gravatar.com\\\/avatar\\\/bb0c4a2fcb7970138239f7e404ea75757b1b507b28b5ce4c53fbd62d797c5a7c?s=96&d=mm&r=g\",\"caption\":\"Villasmil Henry\"},\"logo\":{\"@id\":\"https:\\\/\\\/secure.gravatar.com\\\/avatar\\\/bb0c4a2fcb7970138239f7e404ea75757b1b507b28b5ce4c53fbd62d797c5a7c?s=96&d=mm&r=g\"},\"sameAs\":[\"http:\\\/\\\/www.henryvillasmil.com.ve\",\"https:\\\/\\\/www.instagram.com\\\/villasmilhfoto\\\/\",\"https:\\\/\\\/x.com\\\/https:\\\/\\\/twitter.com\\\/villasmilhfoto\"],\"url\":\"https:\\\/\\\/digital58.com.ve\\\/site\\\/author\\\/droopy_68\\\/\"}]}<\/script>\n<!-- \/ Yoast SEO plugin. -->","yoast_head_json":{"title":"#Venezuela | M\u00e1s de 3.000 corredores celebran el D\u00eda de la Tierra","robots":{"index":"index","follow":"follow","max-snippet":"max-snippet:-1","max-image-preview":"max-image-preview:large","max-video-preview":"max-video-preview:-1"},"canonical":"https:\/\/digital58.com.ve\/site\/2024\/04\/22\/venezuela-mas-de-3-000-corredores-celebran-el-dia-de-la-tierra\/","og_locale":"es_ES","og_type":"article","og_title":"#Venezuela | M\u00e1s de 3.000 corredores celebran el D\u00eda de la Tierra","og_url":"https:\/\/digital58.com.ve\/site\/2024\/04\/22\/venezuela-mas-de-3-000-corredores-celebran-el-dia-de-la-tierra\/","og_site_name":"Noticias Digital58","article_published_time":"2024-04-22T18:07:20+00:00","og_image":[{"width":800,"height":461,"url":"https:\/\/i0.wp.com\/digital58.com.ve\/site\/wp-content\/uploads\/2024\/04\/dia-de-la-tierra-1.jpg?fit=800%2C461&ssl=1","type":"image\/jpeg"}],"author":"Villasmil Henry","twitter_card":"summary_large_image","twitter_creator":"@https:\/\/twitter.com\/villasmilhfoto","twitter_site":"@villasmilhfoto","twitter_misc":{"Escrito por":"Villasmil Henry","Tiempo estimado de lectura":"2 minutos"},"schema":{"@context":"https:\/\/schema.org","@graph":[{"@type":"Article","@id":"https:\/\/digital58.com.ve\/site\/2024\/04\/22\/venezuela-mas-de-3-000-corredores-celebran-el-dia-de-la-tierra\/#article","isPartOf":{"@id":"https:\/\/digital58.com.ve\/site\/2024\/04\/22\/venezuela-mas-de-3-000-corredores-celebran-el-dia-de-la-tierra\/"},"author":{"name":"Villasmil Henry","@id":"https:\/\/digital58.com.ve\/site\/#\/schema\/person\/64d1c2e4d0d4fd1b849980c4331c2951"},"headline":"#Venezuela | M\u00e1s de 3.000 corredores celebran el D\u00eda de la Tierra","datePublished":"2024-04-22T18:07:20+00:00","mainEntityOfPage":{"@id":"https:\/\/digital58.com.ve\/site\/2024\/04\/22\/venezuela-mas-de-3-000-corredores-celebran-el-dia-de-la-tierra\/"},"wordCount":401,"commentCount":0,"publisher":{"@id":"https:\/\/digital58.com.ve\/site\/#\/schema\/person\/64d1c2e4d0d4fd1b849980c4331c2951"},"image":{"@id":"https:\/\/digital58.com.ve\/site\/2024\/04\/22\/venezuela-mas-de-3-000-corredores-celebran-el-dia-de-la-tierra\/#primaryimage"},"thumbnailUrl":"https:\/\/digital58.com.ve\/site\/wp-content\/uploads\/2024\/04\/dia-de-la-tierra-1.jpg","keywords":["10K","5K","Caracas","Carreras","Corredores","D\u00eda de la Tierra","Ministerio de Ecosocialismo","Nacionales","Pachamama","Venezuela"],"articleSection":["Deportes"],"inLanguage":"es","potentialAction":[{"@type":"CommentAction","name":"Comment","target":["https:\/\/digital58.com.ve\/site\/2024\/04\/22\/venezuela-mas-de-3-000-corredores-celebran-el-dia-de-la-tierra\/#respond"]}]},{"@type":"WebPage","@id":"https:\/\/digital58.com.ve\/site\/2024\/04\/22\/venezuela-mas-de-3-000-corredores-celebran-el-dia-de-la-tierra\/","url":"https:\/\/digital58.com.ve\/site\/2024\/04\/22\/venezuela-mas-de-3-000-corredores-celebran-el-dia-de-la-tierra\/","name":"#Venezuela | M\u00e1s de 3.000 corredores celebran el D\u00eda de la Tierra","isPartOf":{"@id":"https:\/\/digital58.com.ve\/site\/#website"},"primaryImageOfPage":{"@id":"https:\/\/digital58.com.ve\/site\/2024\/04\/22\/venezuela-mas-de-3-000-corredores-celebran-el-dia-de-la-tierra\/#primaryimage"},"image":{"@id":"https:\/\/digital58.com.ve\/site\/2024\/04\/22\/venezuela-mas-de-3-000-corredores-celebran-el-dia-de-la-tierra\/#primaryimage"},"thumbnailUrl":"https:\/\/digital58.com.ve\/site\/wp-content\/uploads\/2024\/04\/dia-de-la-tierra-1.jpg","datePublished":"2024-04-22T18:07:20+00:00","breadcrumb":{"@id":"https:\/\/digital58.com.ve\/site\/2024\/04\/22\/venezuela-mas-de-3-000-corredores-celebran-el-dia-de-la-tierra\/#breadcrumb"},"inLanguage":"es","potentialAction":[{"@type":"ReadAction","target":["https:\/\/digital58.com.ve\/site\/2024\/04\/22\/venezuela-mas-de-3-000-corredores-celebran-el-dia-de-la-tierra\/"]}]},{"@type":"ImageObject","inLanguage":"es","@id":"https:\/\/digital58.com.ve\/site\/2024\/04\/22\/venezuela-mas-de-3-000-corredores-celebran-el-dia-de-la-tierra\/#primaryimage","url":"https:\/\/digital58.com.ve\/site\/wp-content\/uploads\/2024\/04\/dia-de-la-tierra-1.jpg","contentUrl":"https:\/\/digital58.com.ve\/site\/wp-content\/uploads\/2024\/04\/dia-de-la-tierra-1.jpg","width":800,"height":461},{"@type":"BreadcrumbList","@id":"https:\/\/digital58.com.ve\/site\/2024\/04\/22\/venezuela-mas-de-3-000-corredores-celebran-el-dia-de-la-tierra\/#breadcrumb","itemListElement":[{"@type":"ListItem","position":1,"name":"Home","item":"https:\/\/digital58.com.ve\/site\/"},{"@type":"ListItem","position":2,"name":"#Venezuela | M\u00e1s de 3.000 corredores celebran el D\u00eda de la Tierra"}]},{"@type":"WebSite","@id":"https:\/\/digital58.com.ve\/site\/#website","url":"https:\/\/digital58.com.ve\/site\/","name":"Noticias Digital58","description":"Portal de Noticias \u00a1Periodismo web de verdad! Lanzamiento web 22.11.2005 \/ Maracaibo, Venezuela","publisher":{"@id":"https:\/\/digital58.com.ve\/site\/#\/schema\/person\/64d1c2e4d0d4fd1b849980c4331c2951"},"alternateName":"ND58","potentialAction":[{"@type":"SearchAction","target":{"@type":"EntryPoint","urlTemplate":"https:\/\/digital58.com.ve\/site\/?s={search_term_string}"},"query-input":{"@type":"PropertyValueSpecification","valueRequired":true,"valueName":"search_term_string"}}],"inLanguage":"es"},{"@type":["Person","Organization"],"@id":"https:\/\/digital58.com.ve\/site\/#\/schema\/person\/64d1c2e4d0d4fd1b849980c4331c2951","name":"Villasmil Henry","image":{"@type":"ImageObject","inLanguage":"es","@id":"https:\/\/secure.gravatar.com\/avatar\/bb0c4a2fcb7970138239f7e404ea75757b1b507b28b5ce4c53fbd62d797c5a7c?s=96&d=mm&r=g","url":"https:\/\/secure.gravatar.com\/avatar\/bb0c4a2fcb7970138239f7e404ea75757b1b507b28b5ce4c53fbd62d797c5a7c?s=96&d=mm&r=g","contentUrl":"https:\/\/secure.gravatar.com\/avatar\/bb0c4a2fcb7970138239f7e404ea75757b1b507b28b5ce4c53fbd62d797c5a7c?s=96&d=mm&r=g","caption":"Villasmil Henry"},"logo":{"@id":"https:\/\/secure.gravatar.com\/avatar\/bb0c4a2fcb7970138239f7e404ea75757b1b507b28b5ce4c53fbd62d797c5a7c?s=96&d=mm&r=g"},"sameAs":["http:\/\/www.henryvillasmil.com.ve","https:\/\/www.instagram.com\/villasmilhfoto\/","https:\/\/x.com\/https:\/\/twitter.com\/villasmilhfoto"],"url":"https:\/\/digital58.com.ve\/site\/author\/droopy_68\/"}]}},"uagb_featured_image_src":{"full":["https:\/\/digital58.com.ve\/site\/wp-content\/uploads\/2024\/04\/dia-de-la-tierra-1.jpg",800,461,false],"thumbnail":["https:\/\/digital58.com.ve\/site\/wp-content\/uploads\/2024\/04\/dia-de-la-tierra-1-150x150.jpg",150,150,true],"medium":["https:\/\/digital58.com.ve\/site\/wp-content\/uploads\/2024\/04\/dia-de-la-tierra-1-300x173.jpg",300,173,true],"medium_large":["https:\/\/digital58.com.ve\/site\/wp-content\/uploads\/2024\/04\/dia-de-la-tierra-1-768x443.jpg",768,443,true],"large":["https:\/\/digital58.com.ve\/site\/wp-content\/uploads\/2024\/04\/dia-de-la-tierra-1.jpg",800,461,false],"1536x1536":["https:\/\/digital58.com.ve\/site\/wp-content\/uploads\/2024\/04\/dia-de-la-tierra-1.jpg",800,461,false],"2048x2048":["https:\/\/digital58.com.ve\/site\/wp-content\/uploads\/2024\/04\/dia-de-la-tierra-1.jpg",800,461,false],"colormag-highlighted-post":["https:\/\/digital58.com.ve\/site\/wp-content\/uploads\/2024\/04\/dia-de-la-tierra-1-392x272.jpg",392,272,true],"colormag-featured-post-medium":["https:\/\/digital58.com.ve\/site\/wp-content\/uploads\/2024\/04\/dia-de-la-tierra-1-390x205.jpg",390,205,true],"colormag-featured-post-small":["https:\/\/digital58.com.ve\/site\/wp-content\/uploads\/2024\/04\/dia-de-la-tierra-1-130x90.jpg",130,90,true],"colormag-featured-image":["https:\/\/digital58.com.ve\/site\/wp-content\/uploads\/2024\/04\/dia-de-la-tierra-1-800x445.jpg",800,445,true],"colormag-default-news":["https:\/\/digital58.com.ve\/site\/wp-content\/uploads\/2024\/04\/dia-de-la-tierra-1-150x150.jpg",150,150,true],"colormag-featured-image-large":["https:\/\/digital58.com.ve\/site\/wp-content\/uploads\/2024\/04\/dia-de-la-tierra-1.jpg",800,461,false]},"uagb_author_info":{"display_name":"Villasmil Henry","author_link":"https:\/\/digital58.com.ve\/site\/author\/droopy_68\/"},"uagb_comment_info":0,"uagb_excerpt":"M\u00e1s de 3.200 venezolanos participaron este domingo en una carrera de 10 kil\u00f3metros, y una caminata de cinco (5) kil\u00f3metros,","_links":{"self":[{"href":"https:\/\/digital58.com.ve\/site\/wp-json\/wp\/v2\/posts\/176012","targetHints":{"allow":["GET"]}}],"collection":[{"href":"https:\/\/digital58.com.ve\/site\/wp-json\/wp\/v2\/posts"}],"about":[{"href":"https:\/\/digital58.com.ve\/site\/wp-json\/wp\/v2\/types\/post"}],"author":[{"embeddable":true,"href":"https:\/\/digital58.com.ve\/site\/wp-json\/wp\/v2\/users\/1"}],"replies":[{"embeddable":true,"href":"https:\/\/digital58.com.ve\/site\/wp-json\/wp\/v2\/comments?post=176012"}],"version-history":[{"count":1,"href":"https:\/\/digital58.com.ve\/site\/wp-json\/wp\/v2\/posts\/176012\/revisions"}],"predecessor-version":[{"id":176015,"href":"https:\/\/digital58.com.ve\/site\/wp-json\/wp\/v2\/posts\/176012\/revisions\/176015"}],"wp:featuredmedia":[{"embeddable":true,"href":"https:\/\/digital58.com.ve\/site\/wp-json\/wp\/v2\/media\/176014"}],"wp:attachment":[{"href":"https:\/\/digital58.com.ve\/site\/wp-json\/wp\/v2\/media?parent=176012"}],"wp:term":[{"taxonomy":"category","embeddable":true,"href":"https:\/\/digital58.com.ve\/site\/wp-json\/wp\/v2\/categories?post=176012"},{"taxonomy":"post_tag","embeddable":true,"href":"https:\/\/digital58.com.ve\/site\/wp-json\/wp\/v2\/tags?post=176012"}],"curies":[{"name":"wp","href":"https:\/\/api.w.org\/{rel}","templated":true}]}}