{"id":176542,"date":"2024-05-10T23:45:12","date_gmt":"2024-05-11T03:45:12","guid":{"rendered":"https:\/\/digital58.com.ve\/site\/?p=176542"},"modified":"2024-05-11T00:22:20","modified_gmt":"2024-05-11T04:22:20","slug":"somos-vida-emprender-de-manera-sostenible-y-generar-un-impacto-ambiental-positivo","status":"publish","type":"post","link":"https:\/\/digital58.com.ve\/site\/2024\/05\/10\/somos-vida-emprender-de-manera-sostenible-y-generar-un-impacto-ambiental-positivo\/","title":{"rendered":"\u00abSomos Vida\u00bb Emprender de manera sostenible y generar un impacto ambiental positivo"},"content":{"rendered":"<p><a href=\"https:\/\/digital58.com.ve\/site\/wp-content\/uploads\/2024\/05\/somas-vida-2.jpg\"><img loading=\"lazy\" decoding=\"async\" class=\"aligncenter wp-image-176564 size-full\" src=\"https:\/\/digital58.com.ve\/site\/wp-content\/uploads\/2024\/05\/somas-vida-2.jpg\" alt=\"\" width=\"800\" height=\"533\" srcset=\"https:\/\/digital58.com.ve\/site\/wp-content\/uploads\/2024\/05\/somas-vida-2.jpg 800w, https:\/\/digital58.com.ve\/site\/wp-content\/uploads\/2024\/05\/somas-vida-2-300x200.jpg 300w, https:\/\/digital58.com.ve\/site\/wp-content\/uploads\/2024\/05\/somas-vida-2-768x512.jpg 768w\" sizes=\"auto, (max-width: 800px) 100vw, 800px\" \/><\/a><\/p>\n<p>\u00abSomos Vida\u00bb re\u00fane historias de impacto ambiental en el marco de la celebraci\u00f3n del D\u00eda Mundial de la Tierra en la Quinta Villa Carmen<\/p>\n<p><strong>Maracaibo, Zulia, Venezuela, 10 de mayo de 2024 (ND58).-<\/strong> El evento cont\u00f3 con m\u00e1s de 50 asistentes para celebrar el D\u00eda Mundial de la Tierra comprometidos con el cuidado del medio ambiente: reciclaje y tendencias en moda sostenibles.<\/p>\n<p><a href=\"https:\/\/digital58.com.ve\/site\/wp-content\/uploads\/2024\/05\/somas-vida-7.jpg\"><img loading=\"lazy\" decoding=\"async\" class=\"aligncenter size-full wp-image-176559\" src=\"https:\/\/digital58.com.ve\/site\/wp-content\/uploads\/2024\/05\/somas-vida-7.jpg\" alt=\"\" width=\"800\" height=\"533\" srcset=\"https:\/\/digital58.com.ve\/site\/wp-content\/uploads\/2024\/05\/somas-vida-7.jpg 800w, https:\/\/digital58.com.ve\/site\/wp-content\/uploads\/2024\/05\/somas-vida-7-300x200.jpg 300w, https:\/\/digital58.com.ve\/site\/wp-content\/uploads\/2024\/05\/somas-vida-7-768x512.jpg 768w\" sizes=\"auto, (max-width: 800px) 100vw, 800px\" \/><\/a><\/p>\n<p>Desde la quinta Villa Carmen este mi\u00e9rcoles 24 de abril se celebr\u00f3 el D\u00eda de la Tierra con el evento: \u00abSomos Vida\u00bb, dirigido por la <em>coach<\/em> Mar\u00eda Consuelo y organizado por la primera dama del municipio Vanessa Linares de Ram\u00edrez, una iniciativa que reuni\u00f3 emprendimientos comprometidos con la sostenibilidad.<\/p>\n<div class=\"lyte-wrapper\" title=\"&laquo;Somos Vida&raquo; Emprender de manera sostenible y generar un impacto ambiental positivo\" style=\"width:640px;max-width:100%;margin:5px auto;\"><div class=\"lyMe\" id=\"WYL_pb85DSxsXgs\" itemprop=\"video\" itemscope itemtype=\"https:\/\/schema.org\/VideoObject\"><div><meta itemprop=\"thumbnailUrl\" content=\"https:\/\/i.ytimg.com\/vi\/pb85DSxsXgs\/hqdefault.jpg\" \/><meta itemprop=\"embedURL\" content=\"https:\/\/www.youtube.com\/embed\/pb85DSxsXgs\" \/><meta itemprop=\"duration\" content=\"PT7M2S\" \/><meta itemprop=\"uploadDate\" content=\"2024-05-10T21:57:49Z\" \/><\/div><div id=\"lyte_pb85DSxsXgs\" data-src=\"https:\/\/i.ytimg.com\/vi\/pb85DSxsXgs\/hqdefault.jpg\" class=\"pL\"><div class=\"tC\"><div class=\"tT\" itemprop=\"name\">\u00abSomos Vida\u00bb Emprender de manera sostenible y generar un impacto ambiental positivo<\/div><\/div><div class=\"play\"><\/div><div class=\"ctrl\"><div class=\"Lctrl\"><\/div><div class=\"Rctrl\"><\/div><\/div><\/div><noscript><a href=\"https:\/\/youtu.be\/pb85DSxsXgs\" rel=\"nofollow\"><img loading=\"lazy\" decoding=\"async\" src=\"https:\/\/i.ytimg.com\/vi\/pb85DSxsXgs\/0.jpg\" alt=\"&laquo;Somos Vida&raquo; Emprender de manera sostenible y generar un impacto ambiental positivo\" width=\"640\" height=\"340\" \/><br \/>Ver este video en YouTube<\/a><\/noscript><meta itemprop=\"description\" content=\"\u00abSomos Vida\u00bb re\u00fane historias de impacto ambiental en el marco de la celebraci\u00f3n del D\u00eda Mundial de la Tierra en la Quinta Villa Carmen\"><\/div><\/div><div class=\"lL\" style=\"max-width:100%;width:640px;margin:5px auto;\"><\/div><\/p>\n<p>El evento cont\u00f3 con la participaci\u00f3n de m\u00e1s de 50 personas quienes compartieron con las marcas emprendedoras: Sanoja, Bioma, Sabonina, Verde Pistacho, Fruto Santo de Joha Al Grano y la fundaci\u00f3n El Zulia Recicla, los cuales presentaron sus proyectos y compartieron su historia a cerca de su nacimiento, crecimiento y c\u00f3mo contribuyen al cuidado del medio ambiente.<\/p>\n<p><a href=\"https:\/\/digital58.com.ve\/site\/wp-content\/uploads\/2024\/05\/somas-vida.jpg\"><img loading=\"lazy\" decoding=\"async\" class=\"aligncenter size-full wp-image-176565\" src=\"https:\/\/digital58.com.ve\/site\/wp-content\/uploads\/2024\/05\/somas-vida.jpg\" alt=\"\" width=\"800\" height=\"533\" srcset=\"https:\/\/digital58.com.ve\/site\/wp-content\/uploads\/2024\/05\/somas-vida.jpg 800w, https:\/\/digital58.com.ve\/site\/wp-content\/uploads\/2024\/05\/somas-vida-300x200.jpg 300w, https:\/\/digital58.com.ve\/site\/wp-content\/uploads\/2024\/05\/somas-vida-768x512.jpg 768w\" sizes=\"auto, (max-width: 800px) 100vw, 800px\" \/><\/a><\/p>\n<p>\u00abSomos Vida\u00bb fue un espacio de encuentro que permiti\u00f3 demostrar que es posible emprender de manera sostenible y generar un impacto ambiental positivo en la ciudad.<\/p>\n<p><a href=\"https:\/\/digital58.com.ve\/site\/wp-content\/uploads\/2024\/05\/somas-vida-8.jpg\"><img loading=\"lazy\" decoding=\"async\" class=\"aligncenter size-full wp-image-176558\" src=\"https:\/\/digital58.com.ve\/site\/wp-content\/uploads\/2024\/05\/somas-vida-8.jpg\" alt=\"\" width=\"800\" height=\"506\" srcset=\"https:\/\/digital58.com.ve\/site\/wp-content\/uploads\/2024\/05\/somas-vida-8.jpg 800w, https:\/\/digital58.com.ve\/site\/wp-content\/uploads\/2024\/05\/somas-vida-8-300x190.jpg 300w, https:\/\/digital58.com.ve\/site\/wp-content\/uploads\/2024\/05\/somas-vida-8-768x486.jpg 768w\" sizes=\"auto, (max-width: 800px) 100vw, 800px\" \/><\/a><\/p>\n<p>La primera dama Vanessa Linares de Ram\u00edrez abri\u00f3 el evento con unas palabras de agradecimiento y reconocimiento a las marcas por su trabajo para la conservaci\u00f3n de la tierra.<\/p>\n<p><a href=\"https:\/\/digital58.com.ve\/site\/wp-content\/uploads\/2024\/05\/somas-vida-5.jpg\"><img loading=\"lazy\" decoding=\"async\" class=\"aligncenter size-full wp-image-176561\" src=\"https:\/\/digital58.com.ve\/site\/wp-content\/uploads\/2024\/05\/somas-vida-5.jpg\" alt=\"\" width=\"800\" height=\"533\" srcset=\"https:\/\/digital58.com.ve\/site\/wp-content\/uploads\/2024\/05\/somas-vida-5.jpg 800w, https:\/\/digital58.com.ve\/site\/wp-content\/uploads\/2024\/05\/somas-vida-5-300x200.jpg 300w, https:\/\/digital58.com.ve\/site\/wp-content\/uploads\/2024\/05\/somas-vida-5-768x512.jpg 768w\" sizes=\"auto, (max-width: 800px) 100vw, 800px\" \/><\/a><\/p>\n<p>Sanoja y Sabonina se unieron para brindar una experiencia pr\u00e1ctica con algunos de los invitados a trav\u00e9s de la elaboraci\u00f3n de llaveros y jabones artesanales.<\/p>\n<p><a href=\"https:\/\/digital58.com.ve\/site\/wp-content\/uploads\/2024\/05\/somas-vida-4.jpg\"><img loading=\"lazy\" decoding=\"async\" class=\"aligncenter size-full wp-image-176562\" src=\"https:\/\/digital58.com.ve\/site\/wp-content\/uploads\/2024\/05\/somas-vida-4.jpg\" alt=\"\" width=\"800\" height=\"533\" srcset=\"https:\/\/digital58.com.ve\/site\/wp-content\/uploads\/2024\/05\/somas-vida-4.jpg 800w, https:\/\/digital58.com.ve\/site\/wp-content\/uploads\/2024\/05\/somas-vida-4-300x200.jpg 300w, https:\/\/digital58.com.ve\/site\/wp-content\/uploads\/2024\/05\/somas-vida-4-768x512.jpg 768w\" sizes=\"auto, (max-width: 800px) 100vw, 800px\" \/><\/a><\/p>\n<p><a href=\"https:\/\/digital58.com.ve\/site\/wp-content\/uploads\/2024\/05\/somas-vida-6.jpg\"><img loading=\"lazy\" decoding=\"async\" class=\"aligncenter size-full wp-image-176560\" src=\"https:\/\/digital58.com.ve\/site\/wp-content\/uploads\/2024\/05\/somas-vida-6.jpg\" alt=\"\" width=\"800\" height=\"533\" srcset=\"https:\/\/digital58.com.ve\/site\/wp-content\/uploads\/2024\/05\/somas-vida-6.jpg 800w, https:\/\/digital58.com.ve\/site\/wp-content\/uploads\/2024\/05\/somas-vida-6-300x200.jpg 300w, https:\/\/digital58.com.ve\/site\/wp-content\/uploads\/2024\/05\/somas-vida-6-768x512.jpg 768w\" sizes=\"auto, (max-width: 800px) 100vw, 800px\" \/><\/a><\/p>\n<p><a href=\"https:\/\/digital58.com.ve\/site\/wp-content\/uploads\/2024\/05\/somas-vida-3.jpg\"><img loading=\"lazy\" decoding=\"async\" class=\"aligncenter size-full wp-image-176563\" src=\"https:\/\/digital58.com.ve\/site\/wp-content\/uploads\/2024\/05\/somas-vida-3.jpg\" alt=\"\" width=\"800\" height=\"533\" srcset=\"https:\/\/digital58.com.ve\/site\/wp-content\/uploads\/2024\/05\/somas-vida-3.jpg 800w, https:\/\/digital58.com.ve\/site\/wp-content\/uploads\/2024\/05\/somas-vida-3-300x200.jpg 300w, https:\/\/digital58.com.ve\/site\/wp-content\/uploads\/2024\/05\/somas-vida-3-768x512.jpg 768w\" sizes=\"auto, (max-width: 800px) 100vw, 800px\" \/><\/a><\/p>\n<p><strong>Redacci\u00f3n ND58<\/strong><br \/>\n<strong>Edici\u00f3n: Villasmil, Henry<\/strong><br \/>\n<strong>Gr\u00e1ficas: @villasmilhfoto<\/strong><\/p>\n<p>&nbsp;<\/p>\n<p>&nbsp;<\/p><div class=\"pbxzi69f235ee4627c\" ><p style=\"text-align: center;\"><a href=\"https:\/\/t.me\/noticiasdigital58\" target=\"_blank\" rel=\"noopener\"><img class=\"aligncenter size-full wp-image-125363\" src=\"https:\/\/digital58.com.ve\/site\/wp-content\/uploads\/2021\/04\/banner-telegram-web-2021.png\" alt=\"\" width=\"600\" height=\"90\" \/><\/a><\/p><\/div><style type=\"text\/css\">\r\n@media screen and (min-width: 1201px) {\r\n.pbxzi69f235ee4627c {\r\ndisplay: block;\r\n}\r\n}\r\n@media screen and (min-width: 993px) and (max-width: 1200px) {\r\n.pbxzi69f235ee4627c {\r\ndisplay: block;\r\n}\r\n}\r\n@media screen and (min-width: 769px) and (max-width: 992px) {\r\n.pbxzi69f235ee4627c {\r\ndisplay: block;\r\n}\r\n}\r\n@media screen and (min-width: 768px) and (max-width: 768px) {\r\n.pbxzi69f235ee4627c {\r\ndisplay: block;\r\n}\r\n}\r\n@media screen and (max-width: 767px) {\r\n.pbxzi69f235ee4627c {\r\ndisplay: block;\r\n}\r\n}\r\n<\/style>\r\n\n<p>&nbsp;<\/p>\n<div style=\"margin-top: 0px; margin-bottom: 0px;\" class=\"sharethis-inline-share-buttons\" ><\/div>","protected":false},"excerpt":{"rendered":"<p>\u00abSomos Vida\u00bb re\u00fane historias de impacto ambiental en el marco de la celebraci\u00f3n del D\u00eda Mundial de la Tierra en<\/p>\n","protected":false},"author":1,"featured_media":176563,"comment_status":"open","ping_status":"closed","sticky":false,"template":"","format":"standard","meta":{"colormag_page_container_layout":"default_layout","colormag_page_sidebar_layout":"default_layout","_uag_custom_page_level_css":"","footnotes":""},"categories":[8608],"tags":[290,32292,33437,3421,382,33373,3613,33441,10026,33440,73,418,233,32293,2370,2354,33438,33436,27049,32,33439,761],"class_list":["post-176542","post","type-post","status-publish","format-standard","has-post-thumbnail","hentry","category-reportajes-especiales","tag-alcaldia-de-maracaibo","tag-asodamas","tag-bioma","tag-charlas","tag-conversatorios","tag-dia-mundial-de-la-tierra","tag-diana-sanoja","tag-el-zulia-recicla","tag-emprendimiento-zuliano","tag-fruto-santo-de-joha-al-grano","tag-maracaibo","tag-medio-ambiente","tag-nacionales","tag-quinta-villa-carmen","tag-reciclaje","tag-regionales","tag-sabonina","tag-somos-vida","tag-vanessa-linares-de-ramirez","tag-venezuela","tag-verde-pistacho","tag-zulia"],"yoast_head":"<!-- This site is optimized with the Yoast SEO plugin v27.5 - https:\/\/yoast.com\/product\/yoast-seo-wordpress\/ -->\n<title>\u00abSomos Vida\u00bb Emprender de manera sostenible y generar un impacto ambiental positivo<\/title>\n<meta name=\"robots\" content=\"index, follow, max-snippet:-1, max-image-preview:large, max-video-preview:-1\" \/>\n<link rel=\"canonical\" href=\"https:\/\/digital58.com.ve\/site\/2024\/05\/10\/somos-vida-emprender-de-manera-sostenible-y-generar-un-impacto-ambiental-positivo\/\" \/>\n<meta property=\"og:locale\" content=\"es_ES\" \/>\n<meta property=\"og:type\" content=\"article\" \/>\n<meta property=\"og:title\" content=\"\u00abSomos Vida\u00bb Emprender de manera sostenible y generar un impacto ambiental positivo\" \/>\n<meta property=\"og:url\" content=\"https:\/\/digital58.com.ve\/site\/2024\/05\/10\/somos-vida-emprender-de-manera-sostenible-y-generar-un-impacto-ambiental-positivo\/\" \/>\n<meta property=\"og:site_name\" content=\"Noticias Digital58\" \/>\n<meta property=\"article:published_time\" content=\"2024-05-11T03:45:12+00:00\" \/>\n<meta property=\"article:modified_time\" content=\"2024-05-11T04:22:20+00:00\" \/>\n<meta property=\"og:image\" content=\"https:\/\/i0.wp.com\/digital58.com.ve\/site\/wp-content\/uploads\/2024\/05\/somas-vida-3.jpg?fit=800%2C533&ssl=1\" \/>\n\t<meta property=\"og:image:width\" content=\"800\" \/>\n\t<meta property=\"og:image:height\" content=\"533\" \/>\n\t<meta property=\"og:image:type\" content=\"image\/jpeg\" \/>\n<meta name=\"author\" content=\"Villasmil Henry\" \/>\n<meta name=\"twitter:card\" content=\"summary_large_image\" \/>\n<meta name=\"twitter:creator\" content=\"@https:\/\/twitter.com\/villasmilhfoto\" \/>\n<meta name=\"twitter:site\" content=\"@villasmilhfoto\" \/>\n<meta name=\"twitter:label1\" content=\"Escrito por\" \/>\n\t<meta name=\"twitter:data1\" content=\"Villasmil Henry\" \/>\n\t<meta name=\"twitter:label2\" content=\"Tiempo estimado de lectura\" \/>\n\t<meta name=\"twitter:data2\" content=\"1 minuto\" \/>\n<script type=\"application\/ld+json\" class=\"yoast-schema-graph\">{\"@context\":\"https:\\\/\\\/schema.org\",\"@graph\":[{\"@type\":\"Article\",\"@id\":\"https:\\\/\\\/digital58.com.ve\\\/site\\\/2024\\\/05\\\/10\\\/somos-vida-emprender-de-manera-sostenible-y-generar-un-impacto-ambiental-positivo\\\/#article\",\"isPartOf\":{\"@id\":\"https:\\\/\\\/digital58.com.ve\\\/site\\\/2024\\\/05\\\/10\\\/somos-vida-emprender-de-manera-sostenible-y-generar-un-impacto-ambiental-positivo\\\/\"},\"author\":{\"name\":\"Villasmil Henry\",\"@id\":\"https:\\\/\\\/digital58.com.ve\\\/site\\\/#\\\/schema\\\/person\\\/64d1c2e4d0d4fd1b849980c4331c2951\"},\"headline\":\"\u00abSomos Vida\u00bb Emprender de manera sostenible y generar un impacto ambiental positivo\",\"datePublished\":\"2024-05-11T03:45:12+00:00\",\"dateModified\":\"2024-05-11T04:22:20+00:00\",\"mainEntityOfPage\":{\"@id\":\"https:\\\/\\\/digital58.com.ve\\\/site\\\/2024\\\/05\\\/10\\\/somos-vida-emprender-de-manera-sostenible-y-generar-un-impacto-ambiental-positivo\\\/\"},\"wordCount\":294,\"commentCount\":0,\"publisher\":{\"@id\":\"https:\\\/\\\/digital58.com.ve\\\/site\\\/#\\\/schema\\\/person\\\/64d1c2e4d0d4fd1b849980c4331c2951\"},\"image\":{\"@id\":\"https:\\\/\\\/digital58.com.ve\\\/site\\\/2024\\\/05\\\/10\\\/somos-vida-emprender-de-manera-sostenible-y-generar-un-impacto-ambiental-positivo\\\/#primaryimage\"},\"thumbnailUrl\":\"https:\\\/\\\/digital58.com.ve\\\/site\\\/wp-content\\\/uploads\\\/2024\\\/05\\\/somas-vida-3.jpg\",\"keywords\":[\"Alcald\u00eda de Maracaibo\",\"Asodamas\",\"Bioma\",\"Charlas\",\"Conversatorios\",\"D\u00eda Mundial de la Tierra\",\"Diana Sanoja\",\"El Zulia Recicla\",\"Emprendimiento Zuliano\",\"Fruto Santo de Joha Al Grano\",\"Maracaibo\",\"Medio Ambiente\",\"Nacionales\",\"Quinta Villa Carmen\",\"Reciclaje\",\"Regionales\",\"Sabonina\",\"Somos Vida\",\"Vanessa Linares de Ram\u00edrez\",\"Venezuela\",\"Verde Pistacho\",\"Zulia\"],\"articleSection\":[\"Reportajes Especiales\"],\"inLanguage\":\"es\",\"potentialAction\":[{\"@type\":\"CommentAction\",\"name\":\"Comment\",\"target\":[\"https:\\\/\\\/digital58.com.ve\\\/site\\\/2024\\\/05\\\/10\\\/somos-vida-emprender-de-manera-sostenible-y-generar-un-impacto-ambiental-positivo\\\/#respond\"]}]},{\"@type\":\"WebPage\",\"@id\":\"https:\\\/\\\/digital58.com.ve\\\/site\\\/2024\\\/05\\\/10\\\/somos-vida-emprender-de-manera-sostenible-y-generar-un-impacto-ambiental-positivo\\\/\",\"url\":\"https:\\\/\\\/digital58.com.ve\\\/site\\\/2024\\\/05\\\/10\\\/somos-vida-emprender-de-manera-sostenible-y-generar-un-impacto-ambiental-positivo\\\/\",\"name\":\"\u00abSomos Vida\u00bb Emprender de manera sostenible y generar un impacto ambiental positivo\",\"isPartOf\":{\"@id\":\"https:\\\/\\\/digital58.com.ve\\\/site\\\/#website\"},\"primaryImageOfPage\":{\"@id\":\"https:\\\/\\\/digital58.com.ve\\\/site\\\/2024\\\/05\\\/10\\\/somos-vida-emprender-de-manera-sostenible-y-generar-un-impacto-ambiental-positivo\\\/#primaryimage\"},\"image\":{\"@id\":\"https:\\\/\\\/digital58.com.ve\\\/site\\\/2024\\\/05\\\/10\\\/somos-vida-emprender-de-manera-sostenible-y-generar-un-impacto-ambiental-positivo\\\/#primaryimage\"},\"thumbnailUrl\":\"https:\\\/\\\/digital58.com.ve\\\/site\\\/wp-content\\\/uploads\\\/2024\\\/05\\\/somas-vida-3.jpg\",\"datePublished\":\"2024-05-11T03:45:12+00:00\",\"dateModified\":\"2024-05-11T04:22:20+00:00\",\"breadcrumb\":{\"@id\":\"https:\\\/\\\/digital58.com.ve\\\/site\\\/2024\\\/05\\\/10\\\/somos-vida-emprender-de-manera-sostenible-y-generar-un-impacto-ambiental-positivo\\\/#breadcrumb\"},\"inLanguage\":\"es\",\"potentialAction\":[{\"@type\":\"ReadAction\",\"target\":[\"https:\\\/\\\/digital58.com.ve\\\/site\\\/2024\\\/05\\\/10\\\/somos-vida-emprender-de-manera-sostenible-y-generar-un-impacto-ambiental-positivo\\\/\"]}]},{\"@type\":\"ImageObject\",\"inLanguage\":\"es\",\"@id\":\"https:\\\/\\\/digital58.com.ve\\\/site\\\/2024\\\/05\\\/10\\\/somos-vida-emprender-de-manera-sostenible-y-generar-un-impacto-ambiental-positivo\\\/#primaryimage\",\"url\":\"https:\\\/\\\/digital58.com.ve\\\/site\\\/wp-content\\\/uploads\\\/2024\\\/05\\\/somas-vida-3.jpg\",\"contentUrl\":\"https:\\\/\\\/digital58.com.ve\\\/site\\\/wp-content\\\/uploads\\\/2024\\\/05\\\/somas-vida-3.jpg\",\"width\":800,\"height\":533},{\"@type\":\"BreadcrumbList\",\"@id\":\"https:\\\/\\\/digital58.com.ve\\\/site\\\/2024\\\/05\\\/10\\\/somos-vida-emprender-de-manera-sostenible-y-generar-un-impacto-ambiental-positivo\\\/#breadcrumb\",\"itemListElement\":[{\"@type\":\"ListItem\",\"position\":1,\"name\":\"Home\",\"item\":\"https:\\\/\\\/digital58.com.ve\\\/site\\\/\"},{\"@type\":\"ListItem\",\"position\":2,\"name\":\"\u00abSomos Vida\u00bb Emprender de manera sostenible y generar un impacto ambiental positivo\"}]},{\"@type\":\"WebSite\",\"@id\":\"https:\\\/\\\/digital58.com.ve\\\/site\\\/#website\",\"url\":\"https:\\\/\\\/digital58.com.ve\\\/site\\\/\",\"name\":\"Noticias Digital58\",\"description\":\"Portal de Noticias \u00a1Periodismo web de verdad! Lanzamiento web 22.11.2005 \\\/ Maracaibo, Venezuela\",\"publisher\":{\"@id\":\"https:\\\/\\\/digital58.com.ve\\\/site\\\/#\\\/schema\\\/person\\\/64d1c2e4d0d4fd1b849980c4331c2951\"},\"alternateName\":\"ND58\",\"potentialAction\":[{\"@type\":\"SearchAction\",\"target\":{\"@type\":\"EntryPoint\",\"urlTemplate\":\"https:\\\/\\\/digital58.com.ve\\\/site\\\/?s={search_term_string}\"},\"query-input\":{\"@type\":\"PropertyValueSpecification\",\"valueRequired\":true,\"valueName\":\"search_term_string\"}}],\"inLanguage\":\"es\"},{\"@type\":[\"Person\",\"Organization\"],\"@id\":\"https:\\\/\\\/digital58.com.ve\\\/site\\\/#\\\/schema\\\/person\\\/64d1c2e4d0d4fd1b849980c4331c2951\",\"name\":\"Villasmil Henry\",\"image\":{\"@type\":\"ImageObject\",\"inLanguage\":\"es\",\"@id\":\"https:\\\/\\\/secure.gravatar.com\\\/avatar\\\/bb0c4a2fcb7970138239f7e404ea75757b1b507b28b5ce4c53fbd62d797c5a7c?s=96&d=mm&r=g\",\"url\":\"https:\\\/\\\/secure.gravatar.com\\\/avatar\\\/bb0c4a2fcb7970138239f7e404ea75757b1b507b28b5ce4c53fbd62d797c5a7c?s=96&d=mm&r=g\",\"contentUrl\":\"https:\\\/\\\/secure.gravatar.com\\\/avatar\\\/bb0c4a2fcb7970138239f7e404ea75757b1b507b28b5ce4c53fbd62d797c5a7c?s=96&d=mm&r=g\",\"caption\":\"Villasmil Henry\"},\"logo\":{\"@id\":\"https:\\\/\\\/secure.gravatar.com\\\/avatar\\\/bb0c4a2fcb7970138239f7e404ea75757b1b507b28b5ce4c53fbd62d797c5a7c?s=96&d=mm&r=g\"},\"sameAs\":[\"http:\\\/\\\/www.henryvillasmil.com.ve\",\"https:\\\/\\\/www.instagram.com\\\/villasmilhfoto\\\/\",\"https:\\\/\\\/x.com\\\/https:\\\/\\\/twitter.com\\\/villasmilhfoto\"],\"url\":\"https:\\\/\\\/digital58.com.ve\\\/site\\\/author\\\/droopy_68\\\/\"}]}<\/script>\n<!-- \/ Yoast SEO plugin. -->","yoast_head_json":{"title":"\u00abSomos Vida\u00bb Emprender de manera sostenible y generar un impacto ambiental positivo","robots":{"index":"index","follow":"follow","max-snippet":"max-snippet:-1","max-image-preview":"max-image-preview:large","max-video-preview":"max-video-preview:-1"},"canonical":"https:\/\/digital58.com.ve\/site\/2024\/05\/10\/somos-vida-emprender-de-manera-sostenible-y-generar-un-impacto-ambiental-positivo\/","og_locale":"es_ES","og_type":"article","og_title":"\u00abSomos Vida\u00bb Emprender de manera sostenible y generar un impacto ambiental positivo","og_url":"https:\/\/digital58.com.ve\/site\/2024\/05\/10\/somos-vida-emprender-de-manera-sostenible-y-generar-un-impacto-ambiental-positivo\/","og_site_name":"Noticias Digital58","article_published_time":"2024-05-11T03:45:12+00:00","article_modified_time":"2024-05-11T04:22:20+00:00","og_image":[{"width":800,"height":533,"url":"https:\/\/i0.wp.com\/digital58.com.ve\/site\/wp-content\/uploads\/2024\/05\/somas-vida-3.jpg?fit=800%2C533&ssl=1","type":"image\/jpeg"}],"author":"Villasmil Henry","twitter_card":"summary_large_image","twitter_creator":"@https:\/\/twitter.com\/villasmilhfoto","twitter_site":"@villasmilhfoto","twitter_misc":{"Escrito por":"Villasmil Henry","Tiempo estimado de lectura":"1 minuto"},"schema":{"@context":"https:\/\/schema.org","@graph":[{"@type":"Article","@id":"https:\/\/digital58.com.ve\/site\/2024\/05\/10\/somos-vida-emprender-de-manera-sostenible-y-generar-un-impacto-ambiental-positivo\/#article","isPartOf":{"@id":"https:\/\/digital58.com.ve\/site\/2024\/05\/10\/somos-vida-emprender-de-manera-sostenible-y-generar-un-impacto-ambiental-positivo\/"},"author":{"name":"Villasmil Henry","@id":"https:\/\/digital58.com.ve\/site\/#\/schema\/person\/64d1c2e4d0d4fd1b849980c4331c2951"},"headline":"\u00abSomos Vida\u00bb Emprender de manera sostenible y generar un impacto ambiental positivo","datePublished":"2024-05-11T03:45:12+00:00","dateModified":"2024-05-11T04:22:20+00:00","mainEntityOfPage":{"@id":"https:\/\/digital58.com.ve\/site\/2024\/05\/10\/somos-vida-emprender-de-manera-sostenible-y-generar-un-impacto-ambiental-positivo\/"},"wordCount":294,"commentCount":0,"publisher":{"@id":"https:\/\/digital58.com.ve\/site\/#\/schema\/person\/64d1c2e4d0d4fd1b849980c4331c2951"},"image":{"@id":"https:\/\/digital58.com.ve\/site\/2024\/05\/10\/somos-vida-emprender-de-manera-sostenible-y-generar-un-impacto-ambiental-positivo\/#primaryimage"},"thumbnailUrl":"https:\/\/digital58.com.ve\/site\/wp-content\/uploads\/2024\/05\/somas-vida-3.jpg","keywords":["Alcald\u00eda de Maracaibo","Asodamas","Bioma","Charlas","Conversatorios","D\u00eda Mundial de la Tierra","Diana Sanoja","El Zulia Recicla","Emprendimiento Zuliano","Fruto Santo de Joha Al Grano","Maracaibo","Medio Ambiente","Nacionales","Quinta Villa Carmen","Reciclaje","Regionales","Sabonina","Somos Vida","Vanessa Linares de Ram\u00edrez","Venezuela","Verde Pistacho","Zulia"],"articleSection":["Reportajes Especiales"],"inLanguage":"es","potentialAction":[{"@type":"CommentAction","name":"Comment","target":["https:\/\/digital58.com.ve\/site\/2024\/05\/10\/somos-vida-emprender-de-manera-sostenible-y-generar-un-impacto-ambiental-positivo\/#respond"]}]},{"@type":"WebPage","@id":"https:\/\/digital58.com.ve\/site\/2024\/05\/10\/somos-vida-emprender-de-manera-sostenible-y-generar-un-impacto-ambiental-positivo\/","url":"https:\/\/digital58.com.ve\/site\/2024\/05\/10\/somos-vida-emprender-de-manera-sostenible-y-generar-un-impacto-ambiental-positivo\/","name":"\u00abSomos Vida\u00bb Emprender de manera sostenible y generar un impacto ambiental positivo","isPartOf":{"@id":"https:\/\/digital58.com.ve\/site\/#website"},"primaryImageOfPage":{"@id":"https:\/\/digital58.com.ve\/site\/2024\/05\/10\/somos-vida-emprender-de-manera-sostenible-y-generar-un-impacto-ambiental-positivo\/#primaryimage"},"image":{"@id":"https:\/\/digital58.com.ve\/site\/2024\/05\/10\/somos-vida-emprender-de-manera-sostenible-y-generar-un-impacto-ambiental-positivo\/#primaryimage"},"thumbnailUrl":"https:\/\/digital58.com.ve\/site\/wp-content\/uploads\/2024\/05\/somas-vida-3.jpg","datePublished":"2024-05-11T03:45:12+00:00","dateModified":"2024-05-11T04:22:20+00:00","breadcrumb":{"@id":"https:\/\/digital58.com.ve\/site\/2024\/05\/10\/somos-vida-emprender-de-manera-sostenible-y-generar-un-impacto-ambiental-positivo\/#breadcrumb"},"inLanguage":"es","potentialAction":[{"@type":"ReadAction","target":["https:\/\/digital58.com.ve\/site\/2024\/05\/10\/somos-vida-emprender-de-manera-sostenible-y-generar-un-impacto-ambiental-positivo\/"]}]},{"@type":"ImageObject","inLanguage":"es","@id":"https:\/\/digital58.com.ve\/site\/2024\/05\/10\/somos-vida-emprender-de-manera-sostenible-y-generar-un-impacto-ambiental-positivo\/#primaryimage","url":"https:\/\/digital58.com.ve\/site\/wp-content\/uploads\/2024\/05\/somas-vida-3.jpg","contentUrl":"https:\/\/digital58.com.ve\/site\/wp-content\/uploads\/2024\/05\/somas-vida-3.jpg","width":800,"height":533},{"@type":"BreadcrumbList","@id":"https:\/\/digital58.com.ve\/site\/2024\/05\/10\/somos-vida-emprender-de-manera-sostenible-y-generar-un-impacto-ambiental-positivo\/#breadcrumb","itemListElement":[{"@type":"ListItem","position":1,"name":"Home","item":"https:\/\/digital58.com.ve\/site\/"},{"@type":"ListItem","position":2,"name":"\u00abSomos Vida\u00bb Emprender de manera sostenible y generar un impacto ambiental positivo"}]},{"@type":"WebSite","@id":"https:\/\/digital58.com.ve\/site\/#website","url":"https:\/\/digital58.com.ve\/site\/","name":"Noticias Digital58","description":"Portal de Noticias \u00a1Periodismo web de verdad! Lanzamiento web 22.11.2005 \/ Maracaibo, Venezuela","publisher":{"@id":"https:\/\/digital58.com.ve\/site\/#\/schema\/person\/64d1c2e4d0d4fd1b849980c4331c2951"},"alternateName":"ND58","potentialAction":[{"@type":"SearchAction","target":{"@type":"EntryPoint","urlTemplate":"https:\/\/digital58.com.ve\/site\/?s={search_term_string}"},"query-input":{"@type":"PropertyValueSpecification","valueRequired":true,"valueName":"search_term_string"}}],"inLanguage":"es"},{"@type":["Person","Organization"],"@id":"https:\/\/digital58.com.ve\/site\/#\/schema\/person\/64d1c2e4d0d4fd1b849980c4331c2951","name":"Villasmil Henry","image":{"@type":"ImageObject","inLanguage":"es","@id":"https:\/\/secure.gravatar.com\/avatar\/bb0c4a2fcb7970138239f7e404ea75757b1b507b28b5ce4c53fbd62d797c5a7c?s=96&d=mm&r=g","url":"https:\/\/secure.gravatar.com\/avatar\/bb0c4a2fcb7970138239f7e404ea75757b1b507b28b5ce4c53fbd62d797c5a7c?s=96&d=mm&r=g","contentUrl":"https:\/\/secure.gravatar.com\/avatar\/bb0c4a2fcb7970138239f7e404ea75757b1b507b28b5ce4c53fbd62d797c5a7c?s=96&d=mm&r=g","caption":"Villasmil Henry"},"logo":{"@id":"https:\/\/secure.gravatar.com\/avatar\/bb0c4a2fcb7970138239f7e404ea75757b1b507b28b5ce4c53fbd62d797c5a7c?s=96&d=mm&r=g"},"sameAs":["http:\/\/www.henryvillasmil.com.ve","https:\/\/www.instagram.com\/villasmilhfoto\/","https:\/\/x.com\/https:\/\/twitter.com\/villasmilhfoto"],"url":"https:\/\/digital58.com.ve\/site\/author\/droopy_68\/"}]}},"uagb_featured_image_src":{"full":["https:\/\/digital58.com.ve\/site\/wp-content\/uploads\/2024\/05\/somas-vida-3.jpg",800,533,false],"thumbnail":["https:\/\/digital58.com.ve\/site\/wp-content\/uploads\/2024\/05\/somas-vida-3-150x150.jpg",150,150,true],"medium":["https:\/\/digital58.com.ve\/site\/wp-content\/uploads\/2024\/05\/somas-vida-3-300x200.jpg",300,200,true],"medium_large":["https:\/\/digital58.com.ve\/site\/wp-content\/uploads\/2024\/05\/somas-vida-3-768x512.jpg",768,512,true],"large":["https:\/\/digital58.com.ve\/site\/wp-content\/uploads\/2024\/05\/somas-vida-3.jpg",800,533,false],"1536x1536":["https:\/\/digital58.com.ve\/site\/wp-content\/uploads\/2024\/05\/somas-vida-3.jpg",800,533,false],"2048x2048":["https:\/\/digital58.com.ve\/site\/wp-content\/uploads\/2024\/05\/somas-vida-3.jpg",800,533,false],"colormag-highlighted-post":["https:\/\/digital58.com.ve\/site\/wp-content\/uploads\/2024\/05\/somas-vida-3-392x272.jpg",392,272,true],"colormag-featured-post-medium":["https:\/\/digital58.com.ve\/site\/wp-content\/uploads\/2024\/05\/somas-vida-3-390x205.jpg",390,205,true],"colormag-featured-post-small":["https:\/\/digital58.com.ve\/site\/wp-content\/uploads\/2024\/05\/somas-vida-3-130x90.jpg",130,90,true],"colormag-featured-image":["https:\/\/digital58.com.ve\/site\/wp-content\/uploads\/2024\/05\/somas-vida-3-800x445.jpg",800,445,true],"colormag-default-news":["https:\/\/digital58.com.ve\/site\/wp-content\/uploads\/2024\/05\/somas-vida-3-150x150.jpg",150,150,true],"colormag-featured-image-large":["https:\/\/digital58.com.ve\/site\/wp-content\/uploads\/2024\/05\/somas-vida-3.jpg",800,533,false]},"uagb_author_info":{"display_name":"Villasmil Henry","author_link":"https:\/\/digital58.com.ve\/site\/author\/droopy_68\/"},"uagb_comment_info":0,"uagb_excerpt":"\u00abSomos Vida\u00bb re\u00fane historias de impacto ambiental en el marco de la celebraci\u00f3n del D\u00eda Mundial de la Tierra en","_links":{"self":[{"href":"https:\/\/digital58.com.ve\/site\/wp-json\/wp\/v2\/posts\/176542","targetHints":{"allow":["GET"]}}],"collection":[{"href":"https:\/\/digital58.com.ve\/site\/wp-json\/wp\/v2\/posts"}],"about":[{"href":"https:\/\/digital58.com.ve\/site\/wp-json\/wp\/v2\/types\/post"}],"author":[{"embeddable":true,"href":"https:\/\/digital58.com.ve\/site\/wp-json\/wp\/v2\/users\/1"}],"replies":[{"embeddable":true,"href":"https:\/\/digital58.com.ve\/site\/wp-json\/wp\/v2\/comments?post=176542"}],"version-history":[{"count":2,"href":"https:\/\/digital58.com.ve\/site\/wp-json\/wp\/v2\/posts\/176542\/revisions"}],"predecessor-version":[{"id":176566,"href":"https:\/\/digital58.com.ve\/site\/wp-json\/wp\/v2\/posts\/176542\/revisions\/176566"}],"wp:featuredmedia":[{"embeddable":true,"href":"https:\/\/digital58.com.ve\/site\/wp-json\/wp\/v2\/media\/176563"}],"wp:attachment":[{"href":"https:\/\/digital58.com.ve\/site\/wp-json\/wp\/v2\/media?parent=176542"}],"wp:term":[{"taxonomy":"category","embeddable":true,"href":"https:\/\/digital58.com.ve\/site\/wp-json\/wp\/v2\/categories?post=176542"},{"taxonomy":"post_tag","embeddable":true,"href":"https:\/\/digital58.com.ve\/site\/wp-json\/wp\/v2\/tags?post=176542"}],"curies":[{"name":"wp","href":"https:\/\/api.w.org\/{rel}","templated":true}]}}