{"id":176870,"date":"2024-05-24T09:45:34","date_gmt":"2024-05-24T13:45:34","guid":{"rendered":"https:\/\/digital58.com.ve\/site\/?p=176870"},"modified":"2024-05-24T09:45:34","modified_gmt":"2024-05-24T13:45:34","slug":"alcaldia-presenta-la-encuesta-una-vision-social-de-maracaibo-en-el-i-encuentro-con-actores-humanitarios","status":"publish","type":"post","link":"https:\/\/digital58.com.ve\/site\/2024\/05\/24\/alcaldia-presenta-la-encuesta-una-vision-social-de-maracaibo-en-el-i-encuentro-con-actores-humanitarios\/","title":{"rendered":"Alcald\u00eda presenta la encuesta \u00abUna Visi\u00f3n Social de Maracaibo\u00bb en el I Encuentro con Actores Humanitarios"},"content":{"rendered":"<p><a href=\"https:\/\/digital58.com.ve\/site\/wp-content\/uploads\/2024\/05\/Una-Vision-Social-de-Maracaibo-2.jpg\"><img loading=\"lazy\" decoding=\"async\" class=\"aligncenter size-full wp-image-176877\" src=\"https:\/\/digital58.com.ve\/site\/wp-content\/uploads\/2024\/05\/Una-Vision-Social-de-Maracaibo-2.jpg\" alt=\"\" width=\"800\" height=\"533\" srcset=\"https:\/\/digital58.com.ve\/site\/wp-content\/uploads\/2024\/05\/Una-Vision-Social-de-Maracaibo-2.jpg 800w, https:\/\/digital58.com.ve\/site\/wp-content\/uploads\/2024\/05\/Una-Vision-Social-de-Maracaibo-2-300x200.jpg 300w, https:\/\/digital58.com.ve\/site\/wp-content\/uploads\/2024\/05\/Una-Vision-Social-de-Maracaibo-2-768x512.jpg 768w\" sizes=\"auto, (max-width: 800px) 100vw, 800px\" \/><\/a><\/p>\n<p>El estudio de opini\u00f3n abord\u00f3 990 \u00abcasos efectivos\u00bb para identificar los problemas sociales que aquejan a la ciudad y esto permitir\u00e1 enfilar los esfuerzos en conjunto con los actores humanitarios.<\/p>\n<p><strong>Maracaibo, Zulia, Venezuela, 24 de mayo de 2024 (ND58).-<\/strong> Con el prop\u00f3sito de obtener una radiograf\u00eda de los problemas que aquejan a la ciudad, la Alcald\u00eda de Maracaibo, a trav\u00e9s de la Direcci\u00f3n General de Desarrollo Social, aplic\u00f3 desde el 2 al 19 de febrero un estudio de opini\u00f3n en hogares de las 18 parroquias y los datos arrojados fueron revelados en el segundo d\u00eda del I Encuentro de Actores Humanitarios \u00abUna visi\u00f3n social de Maracaibo\u00bb que se llev\u00f3 a cabo en el Hotel Tibisay del Lago.<\/p>\n<p>La encuesta abarc\u00f3 temas como; educaci\u00f3n, salud, empleo, discriminaci\u00f3n, violencia basada en g\u00e9nero, entre otros aspectos que se deben conocer para idear programas que brinden soluciones.<\/p>\n<p>El trabajo de campo estuvo a cargo de la Direcci\u00f3n General de Desarrollo Social, junto a los voluntarios del programa juvenil \u00abConstruyendo Futuro\u00bb, bajo la asesor\u00eda del polit\u00f3logo Efra\u00edn Rinc\u00f3n y el Alto Comisionado de Naciones Unidas para Refugiados (ACNUR).<\/p>\n<p>Sara Fern\u00e1ndez, directora de Desarrollo Social, mostr\u00f3 los resultados ante los asistentes del mencionado encuentro. Destac\u00f3 que el estudio de opini\u00f3n les permite tener una \u00abvisi\u00f3n real\u00bb del municipio.<\/p>\n<p>\u00abVamos a poder generar pol\u00edticas m\u00e1s efectivas, m\u00e1s transparentes y con mayores enfoques para lograr los objetivos en las comunidades y nos va a permitir seguir atendiendo las poblaciones que est\u00e1n en estado de vulnerabilidad, lograr superar el asistencialismo para ir al desarrollo\u00bb, recalc\u00f3 la Directora.<\/p>\n<p><a href=\"https:\/\/digital58.com.ve\/site\/wp-content\/uploads\/2024\/05\/Una-Vision-Social-de-Maracaibo-1.jpg\"><img loading=\"lazy\" decoding=\"async\" class=\"aligncenter size-full wp-image-176878\" src=\"https:\/\/digital58.com.ve\/site\/wp-content\/uploads\/2024\/05\/Una-Vision-Social-de-Maracaibo-1.jpg\" alt=\"\" width=\"800\" height=\"533\" srcset=\"https:\/\/digital58.com.ve\/site\/wp-content\/uploads\/2024\/05\/Una-Vision-Social-de-Maracaibo-1.jpg 800w, https:\/\/digital58.com.ve\/site\/wp-content\/uploads\/2024\/05\/Una-Vision-Social-de-Maracaibo-1-300x200.jpg 300w, https:\/\/digital58.com.ve\/site\/wp-content\/uploads\/2024\/05\/Una-Vision-Social-de-Maracaibo-1-768x512.jpg 768w\" sizes=\"auto, (max-width: 800px) 100vw, 800px\" \/><\/a><\/p>\n<p>Fern\u00e1ndez precis\u00f3 que los resultados de la encuesta revelaron una serie de desaf\u00edos sociales que requieren una acci\u00f3n inmediata por parte de las autoridades y la sociedad en general.<\/p>\n<p>Detall\u00f3 que entre los problemas m\u00e1s recurrentes se encuentran: la falta de servicios b\u00e1sicos, la desescolarizaci\u00f3n, por falta de recursos econ\u00f3micos en j\u00f3venes mayores de 14 a\u00f1os; el alto porcentaje de personas con discapacidad no atendidas, entre otros.<\/p>\n<p>En base a los datos arrojados, la Direcci\u00f3n General de Desarrollo Social abri\u00f3 pasos a mesas de trabajo con actores humanitarios y sociales de Maracaibo para cohesionar esfuerzos de verdadera intervenci\u00f3n con resultados tangibles. Esto como la \u00faltima de las tres partes que ha desarrollado el I Encuentro con Actores Humanitarios.<\/p>\n<p><strong>Redacci\u00f3n ND58 | Fuente: Comunicaciones Desarrollo Social \/ Alcald\u00eda de Maracaibo<\/strong><br \/>\n<strong>Edici\u00f3n: Villasmil, Henry<\/strong><br \/>\n<strong>Gr\u00e1ficas: Cortes\u00eda ADM<\/strong><\/p>\n<p>&nbsp;<\/p>\n<p>&nbsp;<\/p><div class=\"wyheq69efa23cc1da1\" ><p style=\"text-align: center;\"><a href=\"https:\/\/t.me\/noticiasdigital58\" target=\"_blank\" rel=\"noopener\"><img class=\"aligncenter size-full wp-image-125363\" src=\"https:\/\/digital58.com.ve\/site\/wp-content\/uploads\/2021\/04\/banner-telegram-web-2021.png\" alt=\"\" width=\"600\" height=\"90\" \/><\/a><\/p><\/div><style type=\"text\/css\">\r\n@media screen and (min-width: 1201px) {\r\n.wyheq69efa23cc1da1 {\r\ndisplay: block;\r\n}\r\n}\r\n@media screen and (min-width: 993px) and (max-width: 1200px) {\r\n.wyheq69efa23cc1da1 {\r\ndisplay: block;\r\n}\r\n}\r\n@media screen and (min-width: 769px) and (max-width: 992px) {\r\n.wyheq69efa23cc1da1 {\r\ndisplay: block;\r\n}\r\n}\r\n@media screen and (min-width: 768px) and (max-width: 768px) {\r\n.wyheq69efa23cc1da1 {\r\ndisplay: block;\r\n}\r\n}\r\n@media screen and (max-width: 767px) {\r\n.wyheq69efa23cc1da1 {\r\ndisplay: block;\r\n}\r\n}\r\n<\/style>\r\n\n<p>&nbsp;<\/p>\n<div style=\"margin-top: 0px; margin-bottom: 0px;\" class=\"sharethis-inline-share-buttons\" ><\/div>","protected":false},"excerpt":{"rendered":"<p>El estudio de opini\u00f3n abord\u00f3 990 \u00abcasos efectivos\u00bb para identificar los problemas sociales que aquejan a la ciudad y esto<\/p>\n","protected":false},"author":1,"featured_media":176878,"comment_status":"open","ping_status":"closed","sticky":false,"template":"","format":"standard","meta":{"colormag_page_container_layout":"default_layout","colormag_page_sidebar_layout":"default_layout","_uag_custom_page_level_css":"","footnotes":""},"categories":[14504],"tags":[4670,290,27236,33507,73,233,2354,33506,32],"class_list":["post-176870","post","type-post","status-publish","format-standard","has-post-thumbnail","hentry","category-zulia","tag-acnur","tag-alcaldia-de-maracaibo","tag-direccion-general-de-desarrollo-social","tag-i-encuentro-de-actores-humanitarios","tag-maracaibo","tag-nacionales","tag-regionales","tag-una-vision-social-de-maracaibo","tag-venezuela"],"yoast_head":"<!-- This site is optimized with the Yoast SEO plugin v27.4 - https:\/\/yoast.com\/product\/yoast-seo-wordpress\/ -->\n<title>Alcald\u00eda presenta la encuesta \u00abUna Visi\u00f3n Social de Maracaibo\u00bb en el I Encuentro con Actores Humanitarios<\/title>\n<meta name=\"robots\" content=\"index, follow, max-snippet:-1, max-image-preview:large, max-video-preview:-1\" \/>\n<link rel=\"canonical\" href=\"https:\/\/digital58.com.ve\/site\/2024\/05\/24\/alcaldia-presenta-la-encuesta-una-vision-social-de-maracaibo-en-el-i-encuentro-con-actores-humanitarios\/\" \/>\n<meta property=\"og:locale\" content=\"es_ES\" \/>\n<meta property=\"og:type\" content=\"article\" \/>\n<meta property=\"og:title\" content=\"Alcald\u00eda presenta la encuesta \u00abUna Visi\u00f3n Social de Maracaibo\u00bb en el I Encuentro con Actores Humanitarios\" \/>\n<meta property=\"og:url\" content=\"https:\/\/digital58.com.ve\/site\/2024\/05\/24\/alcaldia-presenta-la-encuesta-una-vision-social-de-maracaibo-en-el-i-encuentro-con-actores-humanitarios\/\" \/>\n<meta property=\"og:site_name\" content=\"Noticias Digital58\" \/>\n<meta property=\"article:published_time\" content=\"2024-05-24T13:45:34+00:00\" \/>\n<meta property=\"og:image\" content=\"https:\/\/i0.wp.com\/digital58.com.ve\/site\/wp-content\/uploads\/2024\/05\/Una-Vision-Social-de-Maracaibo-1.jpg?fit=800%2C533&ssl=1\" \/>\n\t<meta property=\"og:image:width\" content=\"800\" \/>\n\t<meta property=\"og:image:height\" content=\"533\" \/>\n\t<meta property=\"og:image:type\" content=\"image\/jpeg\" \/>\n<meta name=\"author\" content=\"Villasmil Henry\" \/>\n<meta name=\"twitter:card\" content=\"summary_large_image\" \/>\n<meta name=\"twitter:creator\" content=\"@https:\/\/twitter.com\/villasmilhfoto\" \/>\n<meta name=\"twitter:site\" content=\"@villasmilhfoto\" \/>\n<meta name=\"twitter:label1\" content=\"Escrito por\" \/>\n\t<meta name=\"twitter:data1\" content=\"Villasmil Henry\" \/>\n\t<meta name=\"twitter:label2\" content=\"Tiempo estimado de lectura\" \/>\n\t<meta name=\"twitter:data2\" content=\"2 minutos\" \/>\n<script type=\"application\/ld+json\" class=\"yoast-schema-graph\">{\"@context\":\"https:\\\/\\\/schema.org\",\"@graph\":[{\"@type\":\"Article\",\"@id\":\"https:\\\/\\\/digital58.com.ve\\\/site\\\/2024\\\/05\\\/24\\\/alcaldia-presenta-la-encuesta-una-vision-social-de-maracaibo-en-el-i-encuentro-con-actores-humanitarios\\\/#article\",\"isPartOf\":{\"@id\":\"https:\\\/\\\/digital58.com.ve\\\/site\\\/2024\\\/05\\\/24\\\/alcaldia-presenta-la-encuesta-una-vision-social-de-maracaibo-en-el-i-encuentro-con-actores-humanitarios\\\/\"},\"author\":{\"name\":\"Villasmil Henry\",\"@id\":\"https:\\\/\\\/digital58.com.ve\\\/site\\\/#\\\/schema\\\/person\\\/64d1c2e4d0d4fd1b849980c4331c2951\"},\"headline\":\"Alcald\u00eda presenta la encuesta \u00abUna Visi\u00f3n Social de Maracaibo\u00bb en el I Encuentro con Actores Humanitarios\",\"datePublished\":\"2024-05-24T13:45:34+00:00\",\"mainEntityOfPage\":{\"@id\":\"https:\\\/\\\/digital58.com.ve\\\/site\\\/2024\\\/05\\\/24\\\/alcaldia-presenta-la-encuesta-una-vision-social-de-maracaibo-en-el-i-encuentro-con-actores-humanitarios\\\/\"},\"wordCount\":446,\"commentCount\":0,\"publisher\":{\"@id\":\"https:\\\/\\\/digital58.com.ve\\\/site\\\/#\\\/schema\\\/person\\\/64d1c2e4d0d4fd1b849980c4331c2951\"},\"image\":{\"@id\":\"https:\\\/\\\/digital58.com.ve\\\/site\\\/2024\\\/05\\\/24\\\/alcaldia-presenta-la-encuesta-una-vision-social-de-maracaibo-en-el-i-encuentro-con-actores-humanitarios\\\/#primaryimage\"},\"thumbnailUrl\":\"https:\\\/\\\/digital58.com.ve\\\/site\\\/wp-content\\\/uploads\\\/2024\\\/05\\\/Una-Vision-Social-de-Maracaibo-1.jpg\",\"keywords\":[\"ACNUR\",\"Alcald\u00eda de Maracaibo\",\"Direcci\u00f3n General de Desarrollo Social\",\"I Encuentro de Actores Humanitarios\",\"Maracaibo\",\"Nacionales\",\"Regionales\",\"Una Visi\u00f3n Social de Maracaibo\",\"Venezuela\"],\"articleSection\":[\"Zulia\"],\"inLanguage\":\"es\",\"potentialAction\":[{\"@type\":\"CommentAction\",\"name\":\"Comment\",\"target\":[\"https:\\\/\\\/digital58.com.ve\\\/site\\\/2024\\\/05\\\/24\\\/alcaldia-presenta-la-encuesta-una-vision-social-de-maracaibo-en-el-i-encuentro-con-actores-humanitarios\\\/#respond\"]}]},{\"@type\":\"WebPage\",\"@id\":\"https:\\\/\\\/digital58.com.ve\\\/site\\\/2024\\\/05\\\/24\\\/alcaldia-presenta-la-encuesta-una-vision-social-de-maracaibo-en-el-i-encuentro-con-actores-humanitarios\\\/\",\"url\":\"https:\\\/\\\/digital58.com.ve\\\/site\\\/2024\\\/05\\\/24\\\/alcaldia-presenta-la-encuesta-una-vision-social-de-maracaibo-en-el-i-encuentro-con-actores-humanitarios\\\/\",\"name\":\"Alcald\u00eda presenta la encuesta \u00abUna Visi\u00f3n Social de Maracaibo\u00bb en el I Encuentro con Actores Humanitarios\",\"isPartOf\":{\"@id\":\"https:\\\/\\\/digital58.com.ve\\\/site\\\/#website\"},\"primaryImageOfPage\":{\"@id\":\"https:\\\/\\\/digital58.com.ve\\\/site\\\/2024\\\/05\\\/24\\\/alcaldia-presenta-la-encuesta-una-vision-social-de-maracaibo-en-el-i-encuentro-con-actores-humanitarios\\\/#primaryimage\"},\"image\":{\"@id\":\"https:\\\/\\\/digital58.com.ve\\\/site\\\/2024\\\/05\\\/24\\\/alcaldia-presenta-la-encuesta-una-vision-social-de-maracaibo-en-el-i-encuentro-con-actores-humanitarios\\\/#primaryimage\"},\"thumbnailUrl\":\"https:\\\/\\\/digital58.com.ve\\\/site\\\/wp-content\\\/uploads\\\/2024\\\/05\\\/Una-Vision-Social-de-Maracaibo-1.jpg\",\"datePublished\":\"2024-05-24T13:45:34+00:00\",\"breadcrumb\":{\"@id\":\"https:\\\/\\\/digital58.com.ve\\\/site\\\/2024\\\/05\\\/24\\\/alcaldia-presenta-la-encuesta-una-vision-social-de-maracaibo-en-el-i-encuentro-con-actores-humanitarios\\\/#breadcrumb\"},\"inLanguage\":\"es\",\"potentialAction\":[{\"@type\":\"ReadAction\",\"target\":[\"https:\\\/\\\/digital58.com.ve\\\/site\\\/2024\\\/05\\\/24\\\/alcaldia-presenta-la-encuesta-una-vision-social-de-maracaibo-en-el-i-encuentro-con-actores-humanitarios\\\/\"]}]},{\"@type\":\"ImageObject\",\"inLanguage\":\"es\",\"@id\":\"https:\\\/\\\/digital58.com.ve\\\/site\\\/2024\\\/05\\\/24\\\/alcaldia-presenta-la-encuesta-una-vision-social-de-maracaibo-en-el-i-encuentro-con-actores-humanitarios\\\/#primaryimage\",\"url\":\"https:\\\/\\\/digital58.com.ve\\\/site\\\/wp-content\\\/uploads\\\/2024\\\/05\\\/Una-Vision-Social-de-Maracaibo-1.jpg\",\"contentUrl\":\"https:\\\/\\\/digital58.com.ve\\\/site\\\/wp-content\\\/uploads\\\/2024\\\/05\\\/Una-Vision-Social-de-Maracaibo-1.jpg\",\"width\":800,\"height\":533},{\"@type\":\"BreadcrumbList\",\"@id\":\"https:\\\/\\\/digital58.com.ve\\\/site\\\/2024\\\/05\\\/24\\\/alcaldia-presenta-la-encuesta-una-vision-social-de-maracaibo-en-el-i-encuentro-con-actores-humanitarios\\\/#breadcrumb\",\"itemListElement\":[{\"@type\":\"ListItem\",\"position\":1,\"name\":\"Home\",\"item\":\"https:\\\/\\\/digital58.com.ve\\\/site\\\/\"},{\"@type\":\"ListItem\",\"position\":2,\"name\":\"Alcald\u00eda presenta la encuesta \u00abUna Visi\u00f3n Social de Maracaibo\u00bb en el I Encuentro con Actores Humanitarios\"}]},{\"@type\":\"WebSite\",\"@id\":\"https:\\\/\\\/digital58.com.ve\\\/site\\\/#website\",\"url\":\"https:\\\/\\\/digital58.com.ve\\\/site\\\/\",\"name\":\"Noticias Digital58\",\"description\":\"Portal de Noticias \u00a1Periodismo web de verdad! Lanzamiento web 22.11.2005 \\\/ Maracaibo, Venezuela\",\"publisher\":{\"@id\":\"https:\\\/\\\/digital58.com.ve\\\/site\\\/#\\\/schema\\\/person\\\/64d1c2e4d0d4fd1b849980c4331c2951\"},\"alternateName\":\"ND58\",\"potentialAction\":[{\"@type\":\"SearchAction\",\"target\":{\"@type\":\"EntryPoint\",\"urlTemplate\":\"https:\\\/\\\/digital58.com.ve\\\/site\\\/?s={search_term_string}\"},\"query-input\":{\"@type\":\"PropertyValueSpecification\",\"valueRequired\":true,\"valueName\":\"search_term_string\"}}],\"inLanguage\":\"es\"},{\"@type\":[\"Person\",\"Organization\"],\"@id\":\"https:\\\/\\\/digital58.com.ve\\\/site\\\/#\\\/schema\\\/person\\\/64d1c2e4d0d4fd1b849980c4331c2951\",\"name\":\"Villasmil Henry\",\"image\":{\"@type\":\"ImageObject\",\"inLanguage\":\"es\",\"@id\":\"https:\\\/\\\/secure.gravatar.com\\\/avatar\\\/bb0c4a2fcb7970138239f7e404ea75757b1b507b28b5ce4c53fbd62d797c5a7c?s=96&d=mm&r=g\",\"url\":\"https:\\\/\\\/secure.gravatar.com\\\/avatar\\\/bb0c4a2fcb7970138239f7e404ea75757b1b507b28b5ce4c53fbd62d797c5a7c?s=96&d=mm&r=g\",\"contentUrl\":\"https:\\\/\\\/secure.gravatar.com\\\/avatar\\\/bb0c4a2fcb7970138239f7e404ea75757b1b507b28b5ce4c53fbd62d797c5a7c?s=96&d=mm&r=g\",\"caption\":\"Villasmil Henry\"},\"logo\":{\"@id\":\"https:\\\/\\\/secure.gravatar.com\\\/avatar\\\/bb0c4a2fcb7970138239f7e404ea75757b1b507b28b5ce4c53fbd62d797c5a7c?s=96&d=mm&r=g\"},\"sameAs\":[\"http:\\\/\\\/www.henryvillasmil.com.ve\",\"https:\\\/\\\/www.instagram.com\\\/villasmilhfoto\\\/\",\"https:\\\/\\\/x.com\\\/https:\\\/\\\/twitter.com\\\/villasmilhfoto\"],\"url\":\"https:\\\/\\\/digital58.com.ve\\\/site\\\/author\\\/droopy_68\\\/\"}]}<\/script>\n<!-- \/ Yoast SEO plugin. -->","yoast_head_json":{"title":"Alcald\u00eda presenta la encuesta \u00abUna Visi\u00f3n Social de Maracaibo\u00bb en el I Encuentro con Actores Humanitarios","robots":{"index":"index","follow":"follow","max-snippet":"max-snippet:-1","max-image-preview":"max-image-preview:large","max-video-preview":"max-video-preview:-1"},"canonical":"https:\/\/digital58.com.ve\/site\/2024\/05\/24\/alcaldia-presenta-la-encuesta-una-vision-social-de-maracaibo-en-el-i-encuentro-con-actores-humanitarios\/","og_locale":"es_ES","og_type":"article","og_title":"Alcald\u00eda presenta la encuesta \u00abUna Visi\u00f3n Social de Maracaibo\u00bb en el I Encuentro con Actores Humanitarios","og_url":"https:\/\/digital58.com.ve\/site\/2024\/05\/24\/alcaldia-presenta-la-encuesta-una-vision-social-de-maracaibo-en-el-i-encuentro-con-actores-humanitarios\/","og_site_name":"Noticias Digital58","article_published_time":"2024-05-24T13:45:34+00:00","og_image":[{"width":800,"height":533,"url":"https:\/\/i0.wp.com\/digital58.com.ve\/site\/wp-content\/uploads\/2024\/05\/Una-Vision-Social-de-Maracaibo-1.jpg?fit=800%2C533&ssl=1","type":"image\/jpeg"}],"author":"Villasmil Henry","twitter_card":"summary_large_image","twitter_creator":"@https:\/\/twitter.com\/villasmilhfoto","twitter_site":"@villasmilhfoto","twitter_misc":{"Escrito por":"Villasmil Henry","Tiempo estimado de lectura":"2 minutos"},"schema":{"@context":"https:\/\/schema.org","@graph":[{"@type":"Article","@id":"https:\/\/digital58.com.ve\/site\/2024\/05\/24\/alcaldia-presenta-la-encuesta-una-vision-social-de-maracaibo-en-el-i-encuentro-con-actores-humanitarios\/#article","isPartOf":{"@id":"https:\/\/digital58.com.ve\/site\/2024\/05\/24\/alcaldia-presenta-la-encuesta-una-vision-social-de-maracaibo-en-el-i-encuentro-con-actores-humanitarios\/"},"author":{"name":"Villasmil Henry","@id":"https:\/\/digital58.com.ve\/site\/#\/schema\/person\/64d1c2e4d0d4fd1b849980c4331c2951"},"headline":"Alcald\u00eda presenta la encuesta \u00abUna Visi\u00f3n Social de Maracaibo\u00bb en el I Encuentro con Actores Humanitarios","datePublished":"2024-05-24T13:45:34+00:00","mainEntityOfPage":{"@id":"https:\/\/digital58.com.ve\/site\/2024\/05\/24\/alcaldia-presenta-la-encuesta-una-vision-social-de-maracaibo-en-el-i-encuentro-con-actores-humanitarios\/"},"wordCount":446,"commentCount":0,"publisher":{"@id":"https:\/\/digital58.com.ve\/site\/#\/schema\/person\/64d1c2e4d0d4fd1b849980c4331c2951"},"image":{"@id":"https:\/\/digital58.com.ve\/site\/2024\/05\/24\/alcaldia-presenta-la-encuesta-una-vision-social-de-maracaibo-en-el-i-encuentro-con-actores-humanitarios\/#primaryimage"},"thumbnailUrl":"https:\/\/digital58.com.ve\/site\/wp-content\/uploads\/2024\/05\/Una-Vision-Social-de-Maracaibo-1.jpg","keywords":["ACNUR","Alcald\u00eda de Maracaibo","Direcci\u00f3n General de Desarrollo Social","I Encuentro de Actores Humanitarios","Maracaibo","Nacionales","Regionales","Una Visi\u00f3n Social de Maracaibo","Venezuela"],"articleSection":["Zulia"],"inLanguage":"es","potentialAction":[{"@type":"CommentAction","name":"Comment","target":["https:\/\/digital58.com.ve\/site\/2024\/05\/24\/alcaldia-presenta-la-encuesta-una-vision-social-de-maracaibo-en-el-i-encuentro-con-actores-humanitarios\/#respond"]}]},{"@type":"WebPage","@id":"https:\/\/digital58.com.ve\/site\/2024\/05\/24\/alcaldia-presenta-la-encuesta-una-vision-social-de-maracaibo-en-el-i-encuentro-con-actores-humanitarios\/","url":"https:\/\/digital58.com.ve\/site\/2024\/05\/24\/alcaldia-presenta-la-encuesta-una-vision-social-de-maracaibo-en-el-i-encuentro-con-actores-humanitarios\/","name":"Alcald\u00eda presenta la encuesta \u00abUna Visi\u00f3n Social de Maracaibo\u00bb en el I Encuentro con Actores Humanitarios","isPartOf":{"@id":"https:\/\/digital58.com.ve\/site\/#website"},"primaryImageOfPage":{"@id":"https:\/\/digital58.com.ve\/site\/2024\/05\/24\/alcaldia-presenta-la-encuesta-una-vision-social-de-maracaibo-en-el-i-encuentro-con-actores-humanitarios\/#primaryimage"},"image":{"@id":"https:\/\/digital58.com.ve\/site\/2024\/05\/24\/alcaldia-presenta-la-encuesta-una-vision-social-de-maracaibo-en-el-i-encuentro-con-actores-humanitarios\/#primaryimage"},"thumbnailUrl":"https:\/\/digital58.com.ve\/site\/wp-content\/uploads\/2024\/05\/Una-Vision-Social-de-Maracaibo-1.jpg","datePublished":"2024-05-24T13:45:34+00:00","breadcrumb":{"@id":"https:\/\/digital58.com.ve\/site\/2024\/05\/24\/alcaldia-presenta-la-encuesta-una-vision-social-de-maracaibo-en-el-i-encuentro-con-actores-humanitarios\/#breadcrumb"},"inLanguage":"es","potentialAction":[{"@type":"ReadAction","target":["https:\/\/digital58.com.ve\/site\/2024\/05\/24\/alcaldia-presenta-la-encuesta-una-vision-social-de-maracaibo-en-el-i-encuentro-con-actores-humanitarios\/"]}]},{"@type":"ImageObject","inLanguage":"es","@id":"https:\/\/digital58.com.ve\/site\/2024\/05\/24\/alcaldia-presenta-la-encuesta-una-vision-social-de-maracaibo-en-el-i-encuentro-con-actores-humanitarios\/#primaryimage","url":"https:\/\/digital58.com.ve\/site\/wp-content\/uploads\/2024\/05\/Una-Vision-Social-de-Maracaibo-1.jpg","contentUrl":"https:\/\/digital58.com.ve\/site\/wp-content\/uploads\/2024\/05\/Una-Vision-Social-de-Maracaibo-1.jpg","width":800,"height":533},{"@type":"BreadcrumbList","@id":"https:\/\/digital58.com.ve\/site\/2024\/05\/24\/alcaldia-presenta-la-encuesta-una-vision-social-de-maracaibo-en-el-i-encuentro-con-actores-humanitarios\/#breadcrumb","itemListElement":[{"@type":"ListItem","position":1,"name":"Home","item":"https:\/\/digital58.com.ve\/site\/"},{"@type":"ListItem","position":2,"name":"Alcald\u00eda presenta la encuesta \u00abUna Visi\u00f3n Social de Maracaibo\u00bb en el I Encuentro con Actores Humanitarios"}]},{"@type":"WebSite","@id":"https:\/\/digital58.com.ve\/site\/#website","url":"https:\/\/digital58.com.ve\/site\/","name":"Noticias Digital58","description":"Portal de Noticias \u00a1Periodismo web de verdad! Lanzamiento web 22.11.2005 \/ Maracaibo, Venezuela","publisher":{"@id":"https:\/\/digital58.com.ve\/site\/#\/schema\/person\/64d1c2e4d0d4fd1b849980c4331c2951"},"alternateName":"ND58","potentialAction":[{"@type":"SearchAction","target":{"@type":"EntryPoint","urlTemplate":"https:\/\/digital58.com.ve\/site\/?s={search_term_string}"},"query-input":{"@type":"PropertyValueSpecification","valueRequired":true,"valueName":"search_term_string"}}],"inLanguage":"es"},{"@type":["Person","Organization"],"@id":"https:\/\/digital58.com.ve\/site\/#\/schema\/person\/64d1c2e4d0d4fd1b849980c4331c2951","name":"Villasmil Henry","image":{"@type":"ImageObject","inLanguage":"es","@id":"https:\/\/secure.gravatar.com\/avatar\/bb0c4a2fcb7970138239f7e404ea75757b1b507b28b5ce4c53fbd62d797c5a7c?s=96&d=mm&r=g","url":"https:\/\/secure.gravatar.com\/avatar\/bb0c4a2fcb7970138239f7e404ea75757b1b507b28b5ce4c53fbd62d797c5a7c?s=96&d=mm&r=g","contentUrl":"https:\/\/secure.gravatar.com\/avatar\/bb0c4a2fcb7970138239f7e404ea75757b1b507b28b5ce4c53fbd62d797c5a7c?s=96&d=mm&r=g","caption":"Villasmil Henry"},"logo":{"@id":"https:\/\/secure.gravatar.com\/avatar\/bb0c4a2fcb7970138239f7e404ea75757b1b507b28b5ce4c53fbd62d797c5a7c?s=96&d=mm&r=g"},"sameAs":["http:\/\/www.henryvillasmil.com.ve","https:\/\/www.instagram.com\/villasmilhfoto\/","https:\/\/x.com\/https:\/\/twitter.com\/villasmilhfoto"],"url":"https:\/\/digital58.com.ve\/site\/author\/droopy_68\/"}]}},"uagb_featured_image_src":{"full":["https:\/\/digital58.com.ve\/site\/wp-content\/uploads\/2024\/05\/Una-Vision-Social-de-Maracaibo-1.jpg",800,533,false],"thumbnail":["https:\/\/digital58.com.ve\/site\/wp-content\/uploads\/2024\/05\/Una-Vision-Social-de-Maracaibo-1-150x150.jpg",150,150,true],"medium":["https:\/\/digital58.com.ve\/site\/wp-content\/uploads\/2024\/05\/Una-Vision-Social-de-Maracaibo-1-300x200.jpg",300,200,true],"medium_large":["https:\/\/digital58.com.ve\/site\/wp-content\/uploads\/2024\/05\/Una-Vision-Social-de-Maracaibo-1-768x512.jpg",768,512,true],"large":["https:\/\/digital58.com.ve\/site\/wp-content\/uploads\/2024\/05\/Una-Vision-Social-de-Maracaibo-1.jpg",800,533,false],"1536x1536":["https:\/\/digital58.com.ve\/site\/wp-content\/uploads\/2024\/05\/Una-Vision-Social-de-Maracaibo-1.jpg",800,533,false],"2048x2048":["https:\/\/digital58.com.ve\/site\/wp-content\/uploads\/2024\/05\/Una-Vision-Social-de-Maracaibo-1.jpg",800,533,false],"colormag-highlighted-post":["https:\/\/digital58.com.ve\/site\/wp-content\/uploads\/2024\/05\/Una-Vision-Social-de-Maracaibo-1-392x272.jpg",392,272,true],"colormag-featured-post-medium":["https:\/\/digital58.com.ve\/site\/wp-content\/uploads\/2024\/05\/Una-Vision-Social-de-Maracaibo-1-390x205.jpg",390,205,true],"colormag-featured-post-small":["https:\/\/digital58.com.ve\/site\/wp-content\/uploads\/2024\/05\/Una-Vision-Social-de-Maracaibo-1-130x90.jpg",130,90,true],"colormag-featured-image":["https:\/\/digital58.com.ve\/site\/wp-content\/uploads\/2024\/05\/Una-Vision-Social-de-Maracaibo-1-800x445.jpg",800,445,true],"colormag-default-news":["https:\/\/digital58.com.ve\/site\/wp-content\/uploads\/2024\/05\/Una-Vision-Social-de-Maracaibo-1-150x150.jpg",150,150,true],"colormag-featured-image-large":["https:\/\/digital58.com.ve\/site\/wp-content\/uploads\/2024\/05\/Una-Vision-Social-de-Maracaibo-1.jpg",800,533,false]},"uagb_author_info":{"display_name":"Villasmil Henry","author_link":"https:\/\/digital58.com.ve\/site\/author\/droopy_68\/"},"uagb_comment_info":0,"uagb_excerpt":"El estudio de opini\u00f3n abord\u00f3 990 \u00abcasos efectivos\u00bb para identificar los problemas sociales que aquejan a la ciudad y esto","_links":{"self":[{"href":"https:\/\/digital58.com.ve\/site\/wp-json\/wp\/v2\/posts\/176870","targetHints":{"allow":["GET"]}}],"collection":[{"href":"https:\/\/digital58.com.ve\/site\/wp-json\/wp\/v2\/posts"}],"about":[{"href":"https:\/\/digital58.com.ve\/site\/wp-json\/wp\/v2\/types\/post"}],"author":[{"embeddable":true,"href":"https:\/\/digital58.com.ve\/site\/wp-json\/wp\/v2\/users\/1"}],"replies":[{"embeddable":true,"href":"https:\/\/digital58.com.ve\/site\/wp-json\/wp\/v2\/comments?post=176870"}],"version-history":[{"count":2,"href":"https:\/\/digital58.com.ve\/site\/wp-json\/wp\/v2\/posts\/176870\/revisions"}],"predecessor-version":[{"id":176879,"href":"https:\/\/digital58.com.ve\/site\/wp-json\/wp\/v2\/posts\/176870\/revisions\/176879"}],"wp:featuredmedia":[{"embeddable":true,"href":"https:\/\/digital58.com.ve\/site\/wp-json\/wp\/v2\/media\/176878"}],"wp:attachment":[{"href":"https:\/\/digital58.com.ve\/site\/wp-json\/wp\/v2\/media?parent=176870"}],"wp:term":[{"taxonomy":"category","embeddable":true,"href":"https:\/\/digital58.com.ve\/site\/wp-json\/wp\/v2\/categories?post=176870"},{"taxonomy":"post_tag","embeddable":true,"href":"https:\/\/digital58.com.ve\/site\/wp-json\/wp\/v2\/tags?post=176870"}],"curies":[{"name":"wp","href":"https:\/\/api.w.org\/{rel}","templated":true}]}}