{"id":176951,"date":"2024-05-26T18:20:41","date_gmt":"2024-05-26T22:20:41","guid":{"rendered":"https:\/\/digital58.com.ve\/site\/?p=176951"},"modified":"2024-05-26T18:20:41","modified_gmt":"2024-05-26T22:20:41","slug":"f1-leclerc-salda-su-cuenta-pendiente-y-sainz-acaba-tercero-en-monaco","status":"publish","type":"post","link":"https:\/\/digital58.com.ve\/site\/2024\/05\/26\/f1-leclerc-salda-su-cuenta-pendiente-y-sainz-acaba-tercero-en-monaco\/","title":{"rendered":"#F1 | Leclerc salda su cuenta pendiente y Sainz acaba tercero en M\u00f3naco"},"content":{"rendered":"<p><a href=\"https:\/\/digital58.com.ve\/site\/wp-content\/uploads\/2024\/05\/ad70691c22542ebff614dc2012220ad1bf1a44c4miniw.jpg\"><img loading=\"lazy\" decoding=\"async\" class=\"aligncenter size-full wp-image-176953\" src=\"https:\/\/digital58.com.ve\/site\/wp-content\/uploads\/2024\/05\/ad70691c22542ebff614dc2012220ad1bf1a44c4miniw.jpg\" alt=\"\" width=\"900\" height=\"660\" srcset=\"https:\/\/digital58.com.ve\/site\/wp-content\/uploads\/2024\/05\/ad70691c22542ebff614dc2012220ad1bf1a44c4miniw.jpg 900w, https:\/\/digital58.com.ve\/site\/wp-content\/uploads\/2024\/05\/ad70691c22542ebff614dc2012220ad1bf1a44c4miniw-300x220.jpg 300w, https:\/\/digital58.com.ve\/site\/wp-content\/uploads\/2024\/05\/ad70691c22542ebff614dc2012220ad1bf1a44c4miniw-768x563.jpg 768w\" sizes=\"auto, (max-width: 900px) 100vw, 900px\" \/><\/a><\/p>\n<p>El s\u00e1bado hab\u00eda firmado su tercera \u00abpole\u00bb en casa, donde con anterioridad no s\u00f3lo no hab\u00eda ganado, sino que nunca hab\u00eda subido al podio.<\/p>\n<p><strong>M\u00f3naco, 26 de mayo de 2024 (ND58).-<\/strong> El monegasco Charles Leclerc (Ferrari) gan\u00f3 este domingo el Gran Premio de M\u00f3naco, el octavo del Mundial de F\u00f3rmula Uno, disputado en las calles del principado de la Costa Azul, en las que su compa\u00f1ero, el espa\u00f1ol Carlos Sainz, acab\u00f3 tercero. Donde sald\u00f3 una cuenta pendiente, al ganar por primera vez en casa. Convirti\u00e9ndose, adem\u00e1s, en el primer piloto de su nacionalidad en hacerlo en su pa\u00eds, en los 75 a\u00f1os de historia de la categor\u00eda reina.<\/p>\n<p>Leclerc, de 26 a\u00f1os, logr\u00f3 su sexta victoria en la F1 \u2014la primera de la temporada\u2014 al ganar la carrera m\u00e1s ic\u00f3nica del a\u00f1o por delante del australiano Oscar Piastri (McLaren), que fue segundo, y de Sainz, que logr\u00f3 este domingo su vig\u00e9simo segundo podio en la categor\u00eda reina, el cuarto de la temporada.<\/p>\n<p>En una carrera que el otro espa\u00f1ol, el doble campe\u00f3n mundial Fernando Alonso (Aston Martin), acab\u00f3 und\u00e9cimo; y que el mexicano Sergio P\u00e9rez (Red Bull) abandon\u00f3, tras accidentarse \u2014sin consecuencias f\u00edsicas\u2014 en la primera vuelta, perdiendo el tercer puesto en el Mundial.<\/p>\n<p><strong>Leclerc sald\u00f3 una cuenta pendiente<\/strong><\/p>\n<p>Este domingo, al fin, lo logr\u00f3. Pudo dedicarle el triunfo a su fallecido padre, al que considera el gran art\u00edfice de su carrera profesional. Caus\u00f3 el furor de sus compatriotas, al ganar una carrera en la que el astro franc\u00e9s Kylian Mbapp\u00e9 dio el \u00abbanderazo\u00bb de llegada. Y provoc\u00f3 las l\u00e1grimas de emoci\u00f3n, durante la entrega de premios, del Pr\u00edncipe Alberto de M\u00f3naco.<\/p>\n<p>Sainz complet\u00f3 una jornada gloriosa para Ferrari, al acabar tercero, despu\u00e9s del susto inicial provocado por el pinchazo que sufri\u00f3 en el primer giro. El talentoso piloto madrile\u00f1o firm\u00f3 su cuarto podio del a\u00f1o. El vig\u00e9simo con Ferrari y el vig\u00e9simo segundo de su carrera en la categor\u00eda reina.<\/p>\n<p><strong>El 22 del 55: el n\u00famero que lleva en su monoplaza<\/strong><\/p>\n<p>El triple campe\u00f3n del mundo neerland\u00e9s Max Verstappen (Red Bull), l\u00edder del Mundial, acab\u00f3 sexto, por detr\u00e1s de los ingleses Lando Norris (McLaren) y George Russell (Mercedes), cuarto y quinto, respectivamente este domingo en Montecarlo. Donde \u00abCheco\u00bb se vio envuelto en un accidente en la primera vuelta, subiendo hacia el Casino, con los dos Haas del dan\u00e9s Kevin Magnussen y del alem\u00e1n Nico H\u00fclkenberg.<\/p>\n<p>Un percance que provoc\u00f3 una interrupci\u00f3n de unos 40 minutos \u2014con bandera roja\u2014, la re-salida, desde la parrilla; y el abandono del tr\u00edo implicado.<\/p>\n<p>Tras su peor fin de semana del a\u00f1o, Verstappen lidera el Mundial con 169 puntos, 31 m\u00e1s que Leclerc y con 56 sobre Norris. Carlos ascendi\u00f3 al cuarto puesto, con 108 unidades: una m\u00e1s que \u00abCheco\u00bb, quinto ahora en la general.<\/p>\n<p>Leclerc hab\u00eda sido el m\u00e1s r\u00e1pido en los entrenamientos del viernes, volvi\u00f3 a liderar la tabla de tiempos en el \u00faltimo libres del s\u00e1bado; y unas horas despu\u00e9s firm\u00f3, en la sobre el papel decisiva calificaci\u00f3n, su vig\u00e9sima cuarta \u00abpole\u00bb desde que corre en F1. Su primera de la temporada. Y la tercera en M\u00f3naco.<\/p>\n<p>El compa\u00f1ero de Sainz contaba cinco victorias en la categor\u00eda reina, pero ninguna de ellas tuvo lugar en M\u00f3naco; donde, adem\u00e1s, nunca hab\u00eda subido al podio para ser festejado por sus compatriotas.<\/p>\n<p>A la tercera iba a ser la vencida. Dos veces con anterioridad hab\u00eda firmado la \u00abpole\u00bb; pero las dos tuvo mala suerte. Especialmente, en 2021, cuando tuvo una aver\u00eda en la vuelta de formaci\u00f3n y no pudo ni tomar la salida. Un a\u00f1o despu\u00e9s, arranc\u00f3 primero, pero acab\u00f3 cuarto; en una carrera que gan\u00f3 \u00abCheco\u00bb por delante de Sainz, que repiti\u00f3 ese d\u00eda el segundo puesto del curso anterior.<\/p>\n<p>Esta vez Leclerc no dej\u00f3 pasar su gran oportunidad y encabez\u00f3 el gran d\u00eda de Ferrari, que se ha situado a 24 puntos de los 276 con los que lidera el Mundial de constructores la, de momento, dominante escuder\u00eda austriaca.<\/p>\n<p>Junto al \u00eddolo de la afici\u00f3n local part\u00eda, en la primera fila, Piastri, con el McLaren luciendo los colores de la bandera de Brasil, en honor a Ayrton Senna, uno de los grandes mitos de la F1, fallecido hace 30 a\u00f1os (cumplidos el pasado 1 de mayo) y cuyas seis victorias en M\u00f3naco no iguala nadie. La joven estrella \u00abaussie\u00bb mantuvo la plaza y festej\u00f3 su tercer podio en la categor\u00eda reina, el primero de este curso.<\/p>\n<p>Por detr\u00e1s, en funciones de guardaespaldas de Leclerc \u2014como \u00e9l mismo reconoci\u00f3 tras la calificacion\u2014, pero apuntando al podio, sal\u00eda Sainz, al lado de su ex compa\u00f1ero y amigo \u2014y rival asimismo en los campos de golf\u2014 Lando, en el otro coche de la escuder\u00eda de Woking. Con Russell (Mercedes) en el quinto puesto de la parrilla; y Verstappen \u2014cuya racha de \u00abpoles\u00bb seguidas (8) en la F1 se acab\u00f3 el s\u00e1bado\u2014 desde el sexto.<\/p>\n<p>Alonso hab\u00eda quedado eliminado, al igual que \u00abCheco\u00bb, en la Q1. En la que el doble campe\u00f3n mundial asturiano hab\u00eda firmado el decimosexto tiempo; y el mexicano, el decimoctavo. La posterior descalificaci\u00f3n en la cronometrada principal de los Haas \u2014trasvasados al fondo de la parrila\u2014 les hizo avanzar dos puestos en parrilla, por lo que Fernando arranc\u00f3 decimocuarto; y P\u00e9rez, decimosexto.<\/p>\n<p>Los cuatro primeros afrontaban la carrera con neum\u00e1ticos medios. Los dos Mercedes y Verstappen, con duros. El mismo compuesto que eligieron Alonso y \u00abCheco\u00bb.<\/p>\n<p>Nada m\u00e1s darse la salida, se produjo el primer susto y la carrera qued\u00f3 interrumpida, con bandera roja, a causa del citado accidente \u2014por fortuna sin mayores consecuencias f\u00edsicas\u2014 de \u00abCheco\u00bb con los dos Haas.<\/p>\n<p>En la subida desde Santa Devota al Casino, Magnussen embisti\u00f3 por detr\u00e1s al RB20 del mexicano, que a su vez toc\u00f3 el Haas de H\u00fclkenberg. El coche de \u00abCheco\u00bb, subcampe\u00f3n del mundo el a\u00f1o pasado, qued\u00f3 completamente destrozado, aunque el bravo piloto tapat\u00edo sali\u00f3 del mismo por su propio pie y sin problema alguno, al igual que los dos integrantes de la escuder\u00eda Haas.<\/p>\n<p>Los tres pilotos quedaron fuera de una carrera que se reanud\u00f3 casi 40 minutos despu\u00e9s desde una parrilla en la que tampoco estaba ya el franc\u00e9s Esteban Ocon (Alpine). Alonso, con la retirada de su ex colega galo, lo hizo desde la decimotercera.<\/p>\n<p><a href=\"https:\/\/digital58.com.ve\/site\/wp-content\/uploads\/2024\/05\/3cd11108f05a931b99c566482f3800a9c5351dacminiw.jpg\"><img loading=\"lazy\" decoding=\"async\" class=\"aligncenter size-full wp-image-176952\" src=\"https:\/\/digital58.com.ve\/site\/wp-content\/uploads\/2024\/05\/3cd11108f05a931b99c566482f3800a9c5351dacminiw.jpg\" alt=\"\" width=\"900\" height=\"712\" srcset=\"https:\/\/digital58.com.ve\/site\/wp-content\/uploads\/2024\/05\/3cd11108f05a931b99c566482f3800a9c5351dacminiw.jpg 900w, https:\/\/digital58.com.ve\/site\/wp-content\/uploads\/2024\/05\/3cd11108f05a931b99c566482f3800a9c5351dacminiw-300x237.jpg 300w, https:\/\/digital58.com.ve\/site\/wp-content\/uploads\/2024\/05\/3cd11108f05a931b99c566482f3800a9c5351dacminiw-768x608.jpg 768w\" sizes=\"auto, (max-width: 900px) 100vw, 900px\" \/><\/a><\/p>\n<p><strong>Todos cambiaron las gomas: los que hab\u00edan elegido duros, colocaron medios; y viceversa<\/strong><\/p>\n<p>Esta vez, la salida fue limpia; y a pesar de que se investig\u00f3 otra acci\u00f3n entre Carlos y Piastri, fue desestimada r\u00e1pidamente. Y, al no haber nuevos incidentes, como era de esperar, se mantuvieron las posiciones.<\/p>\n<p>Tras las primeras 35 vueltas, Leclerc lideraba con algo m\u00e1s de un segundo sobre Piastri, cuatro sobre Sainz y algo m\u00e1s de cinco sobre Norris. A bastante m\u00e1s distancia, quince segundos por detr\u00e1s, circulaba Russell; y Verstappen parec\u00eda conformarse con la sexta plaza.<\/p>\n<p>Alonso, que hab\u00eda rebasado al australiano Daniel Ricciardo (RB) despu\u00e9s de la resalida, era duod\u00e9cimo, en la pista en la que festej\u00f3 dos de sus 32 victorias en la F1. Y traspasado el ecuador de la prueba se manten\u00edan las posiciones, sin que nadie hubiese entrado a cambiar neum\u00e1ticos.<\/p>\n<p>El primero en hacerlo, en la 43, fue el canadiense Lance Stroll, el compa\u00f1ero de Fernando, que puso los duros antes de sufrir un pinchazo siete giros m\u00e1s adelante, para salir de zona de puntuaci\u00f3n y acabar la prueba en decimocuarta posici\u00f3n; tres puestos por detr\u00e1s del genio astur, que avanz\u00f3 uno para acabar und\u00e9cimo.<\/p>\n<p>En la 52 par\u00f3 Hamilton para intentar hacerle un \u00abundercut\u00bb a Verstappen, que se defendi\u00f3 del mismo a la siguiente, instalando asimismo el neum\u00e1tico duro. Sir Lewis se conform\u00f3 con la s\u00e9ptima plaza y con marcar la vuelta r\u00e1pida de una carrera cuyo desenlace lo iba a marcar el desgaste de las gomas \u2014especialmente los que iban con medios\u2014, cuando, a falta de quince para el total de 78, a Leclerc y a Norris \u2014cuarto\u2014 apenas les separaban seis segundos.<\/p>\n<p>Norris atac\u00f3 a Carlos y \u00abMad Max\u00bb se lanz\u00f3 a por Russell. Pero, como era de esperar, adelantar es casi imposible a orillas de la Costa Azul.<\/p>\n<p>Leclerc hizo llorar de alegr\u00eda al Pr\u00edncipe Alberto tras llevar el triunfo hasta meta; donde le dio el banderazo de llegada Mbappe, campe\u00f3n mundial de f\u00fatbol con Francia en 2018, y subcampe\u00f3n cuatro a\u00f1os despu\u00e9s. Al que Sainz, declarado madridista, espera volver a encontrarse pronto. Pero en otro tipo de circunstancias.<\/p>\n<p><strong>Redacci\u00f3n ND58 | Fuente: EFE<\/strong><br \/>\n<strong>Edici\u00f3n: Villasmil, Henry<\/strong><br \/>\n<strong>Gr\u00e1ficas: EFE<\/strong><\/p>\n<p>&nbsp;<\/p>\n<p>&nbsp;<\/p><div class=\"mcbtv69f0d5fbedbbb\" ><p style=\"text-align: center;\"><a href=\"https:\/\/t.me\/noticiasdigital58\" target=\"_blank\" rel=\"noopener\"><img class=\"aligncenter size-full wp-image-125363\" src=\"https:\/\/digital58.com.ve\/site\/wp-content\/uploads\/2021\/04\/banner-telegram-web-2021.png\" alt=\"\" width=\"600\" height=\"90\" \/><\/a><\/p><\/div><style type=\"text\/css\">\r\n@media screen and (min-width: 1201px) {\r\n.mcbtv69f0d5fbedbbb {\r\ndisplay: block;\r\n}\r\n}\r\n@media screen and (min-width: 993px) and (max-width: 1200px) {\r\n.mcbtv69f0d5fbedbbb {\r\ndisplay: block;\r\n}\r\n}\r\n@media screen and (min-width: 769px) and (max-width: 992px) {\r\n.mcbtv69f0d5fbedbbb {\r\ndisplay: block;\r\n}\r\n}\r\n@media screen and (min-width: 768px) and (max-width: 768px) {\r\n.mcbtv69f0d5fbedbbb {\r\ndisplay: block;\r\n}\r\n}\r\n@media screen and (max-width: 767px) {\r\n.mcbtv69f0d5fbedbbb {\r\ndisplay: block;\r\n}\r\n}\r\n<\/style>\r\n\n<p>&nbsp;<\/p>\n<div style=\"margin-top: 0px; margin-bottom: 0px;\" class=\"sharethis-inline-share-buttons\" ><\/div>","protected":false},"excerpt":{"rendered":"<p>El s\u00e1bado hab\u00eda firmado su tercera \u00abpole\u00bb en casa, donde con anterioridad no s\u00f3lo no hab\u00eda ganado, sino que nunca<\/p>\n","protected":false},"author":1,"featured_media":176952,"comment_status":"open","ping_status":"closed","sticky":false,"template":"","format":"standard","meta":{"colormag_page_container_layout":"default_layout","colormag_page_sidebar_layout":"default_layout","_uag_custom_page_level_css":"","footnotes":""},"categories":[5402],"tags":[2,11382,14088,5,33286,1596,5436,401,8,6952],"class_list":["post-176951","post","type-post","status-publish","format-standard","has-post-thumbnail","hentry","category-deportes","tag-automovilismo","tag-automovilismo-internacional","tag-charles-leclerc","tag-f1","tag-f1-2024","tag-ferrari","tag-formula-uno","tag-gran-premio-de-monaco","tag-internacionales","tag-monaco"],"yoast_head":"<!-- This site is optimized with the Yoast SEO plugin v27.5 - https:\/\/yoast.com\/product\/yoast-seo-wordpress\/ -->\n<title>#F1 | Leclerc salda su cuenta pendiente y Sainz acaba tercero en M\u00f3naco<\/title>\n<meta name=\"robots\" content=\"index, follow, max-snippet:-1, max-image-preview:large, max-video-preview:-1\" \/>\n<link rel=\"canonical\" href=\"https:\/\/digital58.com.ve\/site\/2024\/05\/26\/f1-leclerc-salda-su-cuenta-pendiente-y-sainz-acaba-tercero-en-monaco\/\" \/>\n<meta property=\"og:locale\" content=\"es_ES\" \/>\n<meta property=\"og:type\" content=\"article\" \/>\n<meta property=\"og:title\" content=\"#F1 | Leclerc salda su cuenta pendiente y Sainz acaba tercero en M\u00f3naco\" \/>\n<meta property=\"og:url\" content=\"https:\/\/digital58.com.ve\/site\/2024\/05\/26\/f1-leclerc-salda-su-cuenta-pendiente-y-sainz-acaba-tercero-en-monaco\/\" \/>\n<meta property=\"og:site_name\" content=\"Noticias Digital58\" \/>\n<meta property=\"article:published_time\" content=\"2024-05-26T22:20:41+00:00\" \/>\n<meta property=\"og:image\" content=\"https:\/\/i0.wp.com\/digital58.com.ve\/site\/wp-content\/uploads\/2024\/05\/3cd11108f05a931b99c566482f3800a9c5351dacminiw.jpg?fit=900%2C712&ssl=1\" \/>\n\t<meta property=\"og:image:width\" content=\"900\" \/>\n\t<meta property=\"og:image:height\" content=\"712\" \/>\n\t<meta property=\"og:image:type\" content=\"image\/jpeg\" \/>\n<meta name=\"author\" content=\"Villasmil Henry\" \/>\n<meta name=\"twitter:card\" content=\"summary_large_image\" \/>\n<meta name=\"twitter:creator\" content=\"@https:\/\/twitter.com\/villasmilhfoto\" \/>\n<meta name=\"twitter:site\" content=\"@villasmilhfoto\" \/>\n<meta name=\"twitter:label1\" content=\"Escrito por\" \/>\n\t<meta name=\"twitter:data1\" content=\"Villasmil Henry\" \/>\n\t<meta name=\"twitter:label2\" content=\"Tiempo estimado de lectura\" \/>\n\t<meta name=\"twitter:data2\" content=\"8 minutos\" \/>\n<script type=\"application\/ld+json\" class=\"yoast-schema-graph\">{\"@context\":\"https:\\\/\\\/schema.org\",\"@graph\":[{\"@type\":\"Article\",\"@id\":\"https:\\\/\\\/digital58.com.ve\\\/site\\\/2024\\\/05\\\/26\\\/f1-leclerc-salda-su-cuenta-pendiente-y-sainz-acaba-tercero-en-monaco\\\/#article\",\"isPartOf\":{\"@id\":\"https:\\\/\\\/digital58.com.ve\\\/site\\\/2024\\\/05\\\/26\\\/f1-leclerc-salda-su-cuenta-pendiente-y-sainz-acaba-tercero-en-monaco\\\/\"},\"author\":{\"name\":\"Villasmil Henry\",\"@id\":\"https:\\\/\\\/digital58.com.ve\\\/site\\\/#\\\/schema\\\/person\\\/64d1c2e4d0d4fd1b849980c4331c2951\"},\"headline\":\"#F1 | Leclerc salda su cuenta pendiente y Sainz acaba tercero en M\u00f3naco\",\"datePublished\":\"2024-05-26T22:20:41+00:00\",\"mainEntityOfPage\":{\"@id\":\"https:\\\/\\\/digital58.com.ve\\\/site\\\/2024\\\/05\\\/26\\\/f1-leclerc-salda-su-cuenta-pendiente-y-sainz-acaba-tercero-en-monaco\\\/\"},\"wordCount\":1522,\"commentCount\":0,\"publisher\":{\"@id\":\"https:\\\/\\\/digital58.com.ve\\\/site\\\/#\\\/schema\\\/person\\\/64d1c2e4d0d4fd1b849980c4331c2951\"},\"image\":{\"@id\":\"https:\\\/\\\/digital58.com.ve\\\/site\\\/2024\\\/05\\\/26\\\/f1-leclerc-salda-su-cuenta-pendiente-y-sainz-acaba-tercero-en-monaco\\\/#primaryimage\"},\"thumbnailUrl\":\"https:\\\/\\\/digital58.com.ve\\\/site\\\/wp-content\\\/uploads\\\/2024\\\/05\\\/3cd11108f05a931b99c566482f3800a9c5351dacminiw.jpg\",\"keywords\":[\"Automovilismo\",\"Automovilismo Internacional\",\"Charles Leclerc\",\"F1\",\"F1 2024\",\"Ferrari\",\"Formula Uno\",\"Gran Premio de M\u00f3naco\",\"Internacionales\",\"Monaco\"],\"articleSection\":[\"Deportes\"],\"inLanguage\":\"es\",\"potentialAction\":[{\"@type\":\"CommentAction\",\"name\":\"Comment\",\"target\":[\"https:\\\/\\\/digital58.com.ve\\\/site\\\/2024\\\/05\\\/26\\\/f1-leclerc-salda-su-cuenta-pendiente-y-sainz-acaba-tercero-en-monaco\\\/#respond\"]}]},{\"@type\":\"WebPage\",\"@id\":\"https:\\\/\\\/digital58.com.ve\\\/site\\\/2024\\\/05\\\/26\\\/f1-leclerc-salda-su-cuenta-pendiente-y-sainz-acaba-tercero-en-monaco\\\/\",\"url\":\"https:\\\/\\\/digital58.com.ve\\\/site\\\/2024\\\/05\\\/26\\\/f1-leclerc-salda-su-cuenta-pendiente-y-sainz-acaba-tercero-en-monaco\\\/\",\"name\":\"#F1 | Leclerc salda su cuenta pendiente y Sainz acaba tercero en M\u00f3naco\",\"isPartOf\":{\"@id\":\"https:\\\/\\\/digital58.com.ve\\\/site\\\/#website\"},\"primaryImageOfPage\":{\"@id\":\"https:\\\/\\\/digital58.com.ve\\\/site\\\/2024\\\/05\\\/26\\\/f1-leclerc-salda-su-cuenta-pendiente-y-sainz-acaba-tercero-en-monaco\\\/#primaryimage\"},\"image\":{\"@id\":\"https:\\\/\\\/digital58.com.ve\\\/site\\\/2024\\\/05\\\/26\\\/f1-leclerc-salda-su-cuenta-pendiente-y-sainz-acaba-tercero-en-monaco\\\/#primaryimage\"},\"thumbnailUrl\":\"https:\\\/\\\/digital58.com.ve\\\/site\\\/wp-content\\\/uploads\\\/2024\\\/05\\\/3cd11108f05a931b99c566482f3800a9c5351dacminiw.jpg\",\"datePublished\":\"2024-05-26T22:20:41+00:00\",\"breadcrumb\":{\"@id\":\"https:\\\/\\\/digital58.com.ve\\\/site\\\/2024\\\/05\\\/26\\\/f1-leclerc-salda-su-cuenta-pendiente-y-sainz-acaba-tercero-en-monaco\\\/#breadcrumb\"},\"inLanguage\":\"es\",\"potentialAction\":[{\"@type\":\"ReadAction\",\"target\":[\"https:\\\/\\\/digital58.com.ve\\\/site\\\/2024\\\/05\\\/26\\\/f1-leclerc-salda-su-cuenta-pendiente-y-sainz-acaba-tercero-en-monaco\\\/\"]}]},{\"@type\":\"ImageObject\",\"inLanguage\":\"es\",\"@id\":\"https:\\\/\\\/digital58.com.ve\\\/site\\\/2024\\\/05\\\/26\\\/f1-leclerc-salda-su-cuenta-pendiente-y-sainz-acaba-tercero-en-monaco\\\/#primaryimage\",\"url\":\"https:\\\/\\\/digital58.com.ve\\\/site\\\/wp-content\\\/uploads\\\/2024\\\/05\\\/3cd11108f05a931b99c566482f3800a9c5351dacminiw.jpg\",\"contentUrl\":\"https:\\\/\\\/digital58.com.ve\\\/site\\\/wp-content\\\/uploads\\\/2024\\\/05\\\/3cd11108f05a931b99c566482f3800a9c5351dacminiw.jpg\",\"width\":900,\"height\":712},{\"@type\":\"BreadcrumbList\",\"@id\":\"https:\\\/\\\/digital58.com.ve\\\/site\\\/2024\\\/05\\\/26\\\/f1-leclerc-salda-su-cuenta-pendiente-y-sainz-acaba-tercero-en-monaco\\\/#breadcrumb\",\"itemListElement\":[{\"@type\":\"ListItem\",\"position\":1,\"name\":\"Home\",\"item\":\"https:\\\/\\\/digital58.com.ve\\\/site\\\/\"},{\"@type\":\"ListItem\",\"position\":2,\"name\":\"#F1 | Leclerc salda su cuenta pendiente y Sainz acaba tercero en M\u00f3naco\"}]},{\"@type\":\"WebSite\",\"@id\":\"https:\\\/\\\/digital58.com.ve\\\/site\\\/#website\",\"url\":\"https:\\\/\\\/digital58.com.ve\\\/site\\\/\",\"name\":\"Noticias Digital58\",\"description\":\"Portal de Noticias \u00a1Periodismo web de verdad! Lanzamiento web 22.11.2005 \\\/ Maracaibo, Venezuela\",\"publisher\":{\"@id\":\"https:\\\/\\\/digital58.com.ve\\\/site\\\/#\\\/schema\\\/person\\\/64d1c2e4d0d4fd1b849980c4331c2951\"},\"alternateName\":\"ND58\",\"potentialAction\":[{\"@type\":\"SearchAction\",\"target\":{\"@type\":\"EntryPoint\",\"urlTemplate\":\"https:\\\/\\\/digital58.com.ve\\\/site\\\/?s={search_term_string}\"},\"query-input\":{\"@type\":\"PropertyValueSpecification\",\"valueRequired\":true,\"valueName\":\"search_term_string\"}}],\"inLanguage\":\"es\"},{\"@type\":[\"Person\",\"Organization\"],\"@id\":\"https:\\\/\\\/digital58.com.ve\\\/site\\\/#\\\/schema\\\/person\\\/64d1c2e4d0d4fd1b849980c4331c2951\",\"name\":\"Villasmil Henry\",\"image\":{\"@type\":\"ImageObject\",\"inLanguage\":\"es\",\"@id\":\"https:\\\/\\\/secure.gravatar.com\\\/avatar\\\/bb0c4a2fcb7970138239f7e404ea75757b1b507b28b5ce4c53fbd62d797c5a7c?s=96&d=mm&r=g\",\"url\":\"https:\\\/\\\/secure.gravatar.com\\\/avatar\\\/bb0c4a2fcb7970138239f7e404ea75757b1b507b28b5ce4c53fbd62d797c5a7c?s=96&d=mm&r=g\",\"contentUrl\":\"https:\\\/\\\/secure.gravatar.com\\\/avatar\\\/bb0c4a2fcb7970138239f7e404ea75757b1b507b28b5ce4c53fbd62d797c5a7c?s=96&d=mm&r=g\",\"caption\":\"Villasmil Henry\"},\"logo\":{\"@id\":\"https:\\\/\\\/secure.gravatar.com\\\/avatar\\\/bb0c4a2fcb7970138239f7e404ea75757b1b507b28b5ce4c53fbd62d797c5a7c?s=96&d=mm&r=g\"},\"sameAs\":[\"http:\\\/\\\/www.henryvillasmil.com.ve\",\"https:\\\/\\\/www.instagram.com\\\/villasmilhfoto\\\/\",\"https:\\\/\\\/x.com\\\/https:\\\/\\\/twitter.com\\\/villasmilhfoto\"],\"url\":\"https:\\\/\\\/digital58.com.ve\\\/site\\\/author\\\/droopy_68\\\/\"}]}<\/script>\n<!-- \/ Yoast SEO plugin. -->","yoast_head_json":{"title":"#F1 | Leclerc salda su cuenta pendiente y Sainz acaba tercero en M\u00f3naco","robots":{"index":"index","follow":"follow","max-snippet":"max-snippet:-1","max-image-preview":"max-image-preview:large","max-video-preview":"max-video-preview:-1"},"canonical":"https:\/\/digital58.com.ve\/site\/2024\/05\/26\/f1-leclerc-salda-su-cuenta-pendiente-y-sainz-acaba-tercero-en-monaco\/","og_locale":"es_ES","og_type":"article","og_title":"#F1 | Leclerc salda su cuenta pendiente y Sainz acaba tercero en M\u00f3naco","og_url":"https:\/\/digital58.com.ve\/site\/2024\/05\/26\/f1-leclerc-salda-su-cuenta-pendiente-y-sainz-acaba-tercero-en-monaco\/","og_site_name":"Noticias Digital58","article_published_time":"2024-05-26T22:20:41+00:00","og_image":[{"width":900,"height":712,"url":"https:\/\/i0.wp.com\/digital58.com.ve\/site\/wp-content\/uploads\/2024\/05\/3cd11108f05a931b99c566482f3800a9c5351dacminiw.jpg?fit=900%2C712&ssl=1","type":"image\/jpeg"}],"author":"Villasmil Henry","twitter_card":"summary_large_image","twitter_creator":"@https:\/\/twitter.com\/villasmilhfoto","twitter_site":"@villasmilhfoto","twitter_misc":{"Escrito por":"Villasmil Henry","Tiempo estimado de lectura":"8 minutos"},"schema":{"@context":"https:\/\/schema.org","@graph":[{"@type":"Article","@id":"https:\/\/digital58.com.ve\/site\/2024\/05\/26\/f1-leclerc-salda-su-cuenta-pendiente-y-sainz-acaba-tercero-en-monaco\/#article","isPartOf":{"@id":"https:\/\/digital58.com.ve\/site\/2024\/05\/26\/f1-leclerc-salda-su-cuenta-pendiente-y-sainz-acaba-tercero-en-monaco\/"},"author":{"name":"Villasmil Henry","@id":"https:\/\/digital58.com.ve\/site\/#\/schema\/person\/64d1c2e4d0d4fd1b849980c4331c2951"},"headline":"#F1 | Leclerc salda su cuenta pendiente y Sainz acaba tercero en M\u00f3naco","datePublished":"2024-05-26T22:20:41+00:00","mainEntityOfPage":{"@id":"https:\/\/digital58.com.ve\/site\/2024\/05\/26\/f1-leclerc-salda-su-cuenta-pendiente-y-sainz-acaba-tercero-en-monaco\/"},"wordCount":1522,"commentCount":0,"publisher":{"@id":"https:\/\/digital58.com.ve\/site\/#\/schema\/person\/64d1c2e4d0d4fd1b849980c4331c2951"},"image":{"@id":"https:\/\/digital58.com.ve\/site\/2024\/05\/26\/f1-leclerc-salda-su-cuenta-pendiente-y-sainz-acaba-tercero-en-monaco\/#primaryimage"},"thumbnailUrl":"https:\/\/digital58.com.ve\/site\/wp-content\/uploads\/2024\/05\/3cd11108f05a931b99c566482f3800a9c5351dacminiw.jpg","keywords":["Automovilismo","Automovilismo Internacional","Charles Leclerc","F1","F1 2024","Ferrari","Formula Uno","Gran Premio de M\u00f3naco","Internacionales","Monaco"],"articleSection":["Deportes"],"inLanguage":"es","potentialAction":[{"@type":"CommentAction","name":"Comment","target":["https:\/\/digital58.com.ve\/site\/2024\/05\/26\/f1-leclerc-salda-su-cuenta-pendiente-y-sainz-acaba-tercero-en-monaco\/#respond"]}]},{"@type":"WebPage","@id":"https:\/\/digital58.com.ve\/site\/2024\/05\/26\/f1-leclerc-salda-su-cuenta-pendiente-y-sainz-acaba-tercero-en-monaco\/","url":"https:\/\/digital58.com.ve\/site\/2024\/05\/26\/f1-leclerc-salda-su-cuenta-pendiente-y-sainz-acaba-tercero-en-monaco\/","name":"#F1 | Leclerc salda su cuenta pendiente y Sainz acaba tercero en M\u00f3naco","isPartOf":{"@id":"https:\/\/digital58.com.ve\/site\/#website"},"primaryImageOfPage":{"@id":"https:\/\/digital58.com.ve\/site\/2024\/05\/26\/f1-leclerc-salda-su-cuenta-pendiente-y-sainz-acaba-tercero-en-monaco\/#primaryimage"},"image":{"@id":"https:\/\/digital58.com.ve\/site\/2024\/05\/26\/f1-leclerc-salda-su-cuenta-pendiente-y-sainz-acaba-tercero-en-monaco\/#primaryimage"},"thumbnailUrl":"https:\/\/digital58.com.ve\/site\/wp-content\/uploads\/2024\/05\/3cd11108f05a931b99c566482f3800a9c5351dacminiw.jpg","datePublished":"2024-05-26T22:20:41+00:00","breadcrumb":{"@id":"https:\/\/digital58.com.ve\/site\/2024\/05\/26\/f1-leclerc-salda-su-cuenta-pendiente-y-sainz-acaba-tercero-en-monaco\/#breadcrumb"},"inLanguage":"es","potentialAction":[{"@type":"ReadAction","target":["https:\/\/digital58.com.ve\/site\/2024\/05\/26\/f1-leclerc-salda-su-cuenta-pendiente-y-sainz-acaba-tercero-en-monaco\/"]}]},{"@type":"ImageObject","inLanguage":"es","@id":"https:\/\/digital58.com.ve\/site\/2024\/05\/26\/f1-leclerc-salda-su-cuenta-pendiente-y-sainz-acaba-tercero-en-monaco\/#primaryimage","url":"https:\/\/digital58.com.ve\/site\/wp-content\/uploads\/2024\/05\/3cd11108f05a931b99c566482f3800a9c5351dacminiw.jpg","contentUrl":"https:\/\/digital58.com.ve\/site\/wp-content\/uploads\/2024\/05\/3cd11108f05a931b99c566482f3800a9c5351dacminiw.jpg","width":900,"height":712},{"@type":"BreadcrumbList","@id":"https:\/\/digital58.com.ve\/site\/2024\/05\/26\/f1-leclerc-salda-su-cuenta-pendiente-y-sainz-acaba-tercero-en-monaco\/#breadcrumb","itemListElement":[{"@type":"ListItem","position":1,"name":"Home","item":"https:\/\/digital58.com.ve\/site\/"},{"@type":"ListItem","position":2,"name":"#F1 | Leclerc salda su cuenta pendiente y Sainz acaba tercero en M\u00f3naco"}]},{"@type":"WebSite","@id":"https:\/\/digital58.com.ve\/site\/#website","url":"https:\/\/digital58.com.ve\/site\/","name":"Noticias Digital58","description":"Portal de Noticias \u00a1Periodismo web de verdad! Lanzamiento web 22.11.2005 \/ Maracaibo, Venezuela","publisher":{"@id":"https:\/\/digital58.com.ve\/site\/#\/schema\/person\/64d1c2e4d0d4fd1b849980c4331c2951"},"alternateName":"ND58","potentialAction":[{"@type":"SearchAction","target":{"@type":"EntryPoint","urlTemplate":"https:\/\/digital58.com.ve\/site\/?s={search_term_string}"},"query-input":{"@type":"PropertyValueSpecification","valueRequired":true,"valueName":"search_term_string"}}],"inLanguage":"es"},{"@type":["Person","Organization"],"@id":"https:\/\/digital58.com.ve\/site\/#\/schema\/person\/64d1c2e4d0d4fd1b849980c4331c2951","name":"Villasmil Henry","image":{"@type":"ImageObject","inLanguage":"es","@id":"https:\/\/secure.gravatar.com\/avatar\/bb0c4a2fcb7970138239f7e404ea75757b1b507b28b5ce4c53fbd62d797c5a7c?s=96&d=mm&r=g","url":"https:\/\/secure.gravatar.com\/avatar\/bb0c4a2fcb7970138239f7e404ea75757b1b507b28b5ce4c53fbd62d797c5a7c?s=96&d=mm&r=g","contentUrl":"https:\/\/secure.gravatar.com\/avatar\/bb0c4a2fcb7970138239f7e404ea75757b1b507b28b5ce4c53fbd62d797c5a7c?s=96&d=mm&r=g","caption":"Villasmil Henry"},"logo":{"@id":"https:\/\/secure.gravatar.com\/avatar\/bb0c4a2fcb7970138239f7e404ea75757b1b507b28b5ce4c53fbd62d797c5a7c?s=96&d=mm&r=g"},"sameAs":["http:\/\/www.henryvillasmil.com.ve","https:\/\/www.instagram.com\/villasmilhfoto\/","https:\/\/x.com\/https:\/\/twitter.com\/villasmilhfoto"],"url":"https:\/\/digital58.com.ve\/site\/author\/droopy_68\/"}]}},"uagb_featured_image_src":{"full":["https:\/\/digital58.com.ve\/site\/wp-content\/uploads\/2024\/05\/3cd11108f05a931b99c566482f3800a9c5351dacminiw.jpg",900,712,false],"thumbnail":["https:\/\/digital58.com.ve\/site\/wp-content\/uploads\/2024\/05\/3cd11108f05a931b99c566482f3800a9c5351dacminiw-150x150.jpg",150,150,true],"medium":["https:\/\/digital58.com.ve\/site\/wp-content\/uploads\/2024\/05\/3cd11108f05a931b99c566482f3800a9c5351dacminiw-300x237.jpg",300,237,true],"medium_large":["https:\/\/digital58.com.ve\/site\/wp-content\/uploads\/2024\/05\/3cd11108f05a931b99c566482f3800a9c5351dacminiw-768x608.jpg",768,608,true],"large":["https:\/\/digital58.com.ve\/site\/wp-content\/uploads\/2024\/05\/3cd11108f05a931b99c566482f3800a9c5351dacminiw.jpg",800,633,false],"1536x1536":["https:\/\/digital58.com.ve\/site\/wp-content\/uploads\/2024\/05\/3cd11108f05a931b99c566482f3800a9c5351dacminiw.jpg",900,712,false],"2048x2048":["https:\/\/digital58.com.ve\/site\/wp-content\/uploads\/2024\/05\/3cd11108f05a931b99c566482f3800a9c5351dacminiw.jpg",900,712,false],"colormag-highlighted-post":["https:\/\/digital58.com.ve\/site\/wp-content\/uploads\/2024\/05\/3cd11108f05a931b99c566482f3800a9c5351dacminiw-392x272.jpg",392,272,true],"colormag-featured-post-medium":["https:\/\/digital58.com.ve\/site\/wp-content\/uploads\/2024\/05\/3cd11108f05a931b99c566482f3800a9c5351dacminiw-390x205.jpg",390,205,true],"colormag-featured-post-small":["https:\/\/digital58.com.ve\/site\/wp-content\/uploads\/2024\/05\/3cd11108f05a931b99c566482f3800a9c5351dacminiw-130x90.jpg",130,90,true],"colormag-featured-image":["https:\/\/digital58.com.ve\/site\/wp-content\/uploads\/2024\/05\/3cd11108f05a931b99c566482f3800a9c5351dacminiw-800x445.jpg",800,445,true],"colormag-default-news":["https:\/\/digital58.com.ve\/site\/wp-content\/uploads\/2024\/05\/3cd11108f05a931b99c566482f3800a9c5351dacminiw-150x150.jpg",150,150,true],"colormag-featured-image-large":["https:\/\/digital58.com.ve\/site\/wp-content\/uploads\/2024\/05\/3cd11108f05a931b99c566482f3800a9c5351dacminiw-900x600.jpg",900,600,true]},"uagb_author_info":{"display_name":"Villasmil Henry","author_link":"https:\/\/digital58.com.ve\/site\/author\/droopy_68\/"},"uagb_comment_info":0,"uagb_excerpt":"El s\u00e1bado hab\u00eda firmado su tercera \u00abpole\u00bb en casa, donde con anterioridad no s\u00f3lo no hab\u00eda ganado, sino que nunca","_links":{"self":[{"href":"https:\/\/digital58.com.ve\/site\/wp-json\/wp\/v2\/posts\/176951","targetHints":{"allow":["GET"]}}],"collection":[{"href":"https:\/\/digital58.com.ve\/site\/wp-json\/wp\/v2\/posts"}],"about":[{"href":"https:\/\/digital58.com.ve\/site\/wp-json\/wp\/v2\/types\/post"}],"author":[{"embeddable":true,"href":"https:\/\/digital58.com.ve\/site\/wp-json\/wp\/v2\/users\/1"}],"replies":[{"embeddable":true,"href":"https:\/\/digital58.com.ve\/site\/wp-json\/wp\/v2\/comments?post=176951"}],"version-history":[{"count":1,"href":"https:\/\/digital58.com.ve\/site\/wp-json\/wp\/v2\/posts\/176951\/revisions"}],"predecessor-version":[{"id":176954,"href":"https:\/\/digital58.com.ve\/site\/wp-json\/wp\/v2\/posts\/176951\/revisions\/176954"}],"wp:featuredmedia":[{"embeddable":true,"href":"https:\/\/digital58.com.ve\/site\/wp-json\/wp\/v2\/media\/176952"}],"wp:attachment":[{"href":"https:\/\/digital58.com.ve\/site\/wp-json\/wp\/v2\/media?parent=176951"}],"wp:term":[{"taxonomy":"category","embeddable":true,"href":"https:\/\/digital58.com.ve\/site\/wp-json\/wp\/v2\/categories?post=176951"},{"taxonomy":"post_tag","embeddable":true,"href":"https:\/\/digital58.com.ve\/site\/wp-json\/wp\/v2\/tags?post=176951"}],"curies":[{"name":"wp","href":"https:\/\/api.w.org\/{rel}","templated":true}]}}