{"id":177284,"date":"2024-06-02T16:52:15","date_gmt":"2024-06-02T20:52:15","guid":{"rendered":"https:\/\/digital58.com.ve\/site\/?p=177284"},"modified":"2024-06-02T16:52:15","modified_gmt":"2024-06-02T20:52:15","slug":"trump-evita-hablar-de-la-carcel-en-su-primera-rueda-de-prensa-y-pinta-un-pais-en-llamas","status":"publish","type":"post","link":"https:\/\/digital58.com.ve\/site\/2024\/06\/02\/trump-evita-hablar-de-la-carcel-en-su-primera-rueda-de-prensa-y-pinta-un-pais-en-llamas\/","title":{"rendered":"Trump evita hablar de la c\u00e1rcel en su primera rueda de prensa y pinta un pa\u00eds en llamas"},"content":{"rendered":"<p><a href=\"https:\/\/digital58.com.ve\/site\/wp-content\/uploads\/2024\/06\/26cf7bb5ff7a9da3359cc19cc1f2bc915bf0e527miniw.jpg\"><img loading=\"lazy\" decoding=\"async\" class=\"aligncenter size-full wp-image-177285\" src=\"https:\/\/digital58.com.ve\/site\/wp-content\/uploads\/2024\/06\/26cf7bb5ff7a9da3359cc19cc1f2bc915bf0e527miniw.jpg\" alt=\"\" width=\"900\" height=\"599\" srcset=\"https:\/\/digital58.com.ve\/site\/wp-content\/uploads\/2024\/06\/26cf7bb5ff7a9da3359cc19cc1f2bc915bf0e527miniw.jpg 900w, https:\/\/digital58.com.ve\/site\/wp-content\/uploads\/2024\/06\/26cf7bb5ff7a9da3359cc19cc1f2bc915bf0e527miniw-300x200.jpg 300w, https:\/\/digital58.com.ve\/site\/wp-content\/uploads\/2024\/06\/26cf7bb5ff7a9da3359cc19cc1f2bc915bf0e527miniw-768x511.jpg 768w\" sizes=\"auto, (max-width: 900px) 100vw, 900px\" \/><\/a><\/p>\n<p>El expresidente de EE.UU. Donald Trump (2017-2021) evit\u00f3 este viernes hablar de la pregunta que todo el mundo se hace hoy en Estados Unidos sobre si ir\u00e1 a la c\u00e1rcel y c\u00f3mo afectar\u00e1 eso a su campa\u00f1a presidencial, y se dedic\u00f3 a pintar un pa\u00eds en llamas por culpa del Gobierno de Joe Biden.<\/p>\n<p>El candidato republicano \u00abin pectore\u00bb \u2014todav\u00eda tiene que ser proclamado en julio\u2014 compareci\u00f3 en la Torre Trump de su propiedad en la Quinta Avenida y habl\u00f3 durante media hora larga, sin admitir preguntas, flanqueado por su equipo de campa\u00f1a y una fila de banderas estadounidenses.<\/p>\n<p>Dedic\u00f3 gran parte de sus palabras a discutir la legalidad del juicio que termin\u00f3 el jueves con el veredicto de culpabilidad en 34 cargos y anunci\u00f3 que lo recurrir\u00e1 bas\u00e1ndose en numerosos argumentos, como que el juez Juan Merchan impidi\u00f3 la comparecencia de numerosos testigos y le impidi\u00f3 igualmente tomar la palabra en numerosas ocasiones.<\/p>\n<p>Trump se tom\u00f3 su tiempo para atacar la parte central del delito por el que fue condenado \u2014el pago irregular a una actriz porno y la falsificaci\u00f3n de registros comerciales para ocultarlo\u2014, y dijo que \u00e9l \u00fanicamente se dedic\u00f3 a pagar \u00abgastos legales\u00bb, y que todo fue \u00abmuy profesional\u00bb, sin nombrar en ning\u00fan momento a su exabogado Michael Cohen, que fue quien desvel\u00f3 aquellos pagos y se convirti\u00f3, de hecho, en pieza principal de convicci\u00f3n.<\/p>\n<p>El expresidente lleg\u00f3 a decir que el fiscal Alvin Bragg \u2014que dirigi\u00f3 la acusaci\u00f3n\u2014 prepar\u00f3 los cargos solo cuando aparecieron sondeos en los que \u00e9l \u00ablideraba a los republicanos (por encima) de los dem\u00f3cratas\u00bb, lo que demuestra que es un juicio \u00abama\u00f1ado\u00bb, y por ello apelar\u00e1 el veredicto.<\/p>\n<p>Y con respecto a los sondeos, se jact\u00f3 de haber visto uno realizado en las horas posteriores al veredicto por el diario sensacionalista Daily Mail en el que \u00e9l est\u00e1 seis puntos por delante de su rival, el dem\u00f3crata Joe Biden.<\/p>\n<p>Al igual que se jact\u00f3 de que el veredicto parece haber dado alas a su candidatura, pues desde que se conoci\u00f3 el veredicto ha logrado recaudar la cifra r\u00e9cord de 34 millones de d\u00f3lares, procedentes de peque\u00f1os donantes que han aportado cantidades de entre 21 y 50 d\u00f3lares.<\/p>\n<h2><b>Mensajes pol\u00edticos<\/b><\/h2>\n<p>Pero los principales mensajes de su comparecencia-discurso fueron de tono pol\u00edtico, pintando un pa\u00eds en grav\u00edsimos problemas.<\/p>\n<p>\u00abEstamos perdiendo a nuestro pa\u00eds\u00bb; \u00abtenemos un pa\u00eds corrupto, con elecciones corruptas\u00bb; \u00abestamos en los 36 billones (de d\u00f3lares de deuda)\u00bb; \u00abcifras sin precedentes de terroristas vienen a nuestro pa\u00eds\u00bb o \u00abtenemos las fronteras abiertas\u00bb fueron sus principales mensajes.<\/p>\n<p>Fiel a su estilo ca\u00f3tico, saltando de un tema a otro, proclam\u00f3 al empezar: \u00abEl pa\u00eds est\u00e1 en muy baja forma, (los dem\u00f3cratas) quieren multiplicar los impuestos por cuatro, nos quieren impedir tener autom\u00f3viles con obligaciones rid\u00edculas (en alusi\u00f3n a las limitaciones a los motores de combusti\u00f3n) y dar la posibilidad a China de construir todos nuestros veh\u00edculos\u00bb.<\/p>\n<p>No dej\u00f3 pasar uno de sus temas favoritos, el de la inmigraci\u00f3n, al subrayar que por la pol\u00edtica de Biden de \u00abpuertas abiertas\u00bb \u00abse permite entrar al pa\u00eds a gente de pa\u00edses desconocidos, de lugares desconocidos, con lenguas que uno nunca antes hab\u00eda o\u00eddo\u00bb.<\/p>\n<p>Sin embargo, cit\u00f3 tres pa\u00edses en concreto como origen de esta oleada migratoria: Rep\u00fablica Democr\u00e1tica del Congo, China y Venezuela.<\/p>\n<p>A los chinos los pint\u00f3 como un ej\u00e9rcito. \u00abEn los \u00faltimos tiempos, los he visto haciendo fila, parecen perfectos soldados, casi todos varones, de 19 a 25 a\u00f1os, como si estuvieras en un ejercicio de reclutamiento, con buenas tiendas, con los mejores celulares que se pueden comprar. \u00bfPero qu\u00e9 pasa aqu\u00ed? \u00a1Es como si estuvieran levantando un ej\u00e9rcito!\u00bb, dijo.<\/p>\n<p>Y a los venezolanos les atribuy\u00f3 directamente las cifras de criminalidad, al asegurar que el Gobierno venezolano se dedic\u00f3 a vaciar las c\u00e1rceles de su pa\u00eds y enviar a Estados Unidos a sus delincuentes, que viven \u00aben hoteles de lujo mientras nuestros veteranos (de guerra) duermen en la calle como perros\u00bb.<\/p>\n<p><strong>Redacci\u00f3n ND58 | Fuente: EFE<\/strong><br \/>\n<strong>Edici\u00f3n: Villasmil, Henry<\/strong><br \/>\n<strong>Gr\u00e1ficas: EFE<\/strong><\/p>\n<p>&nbsp;<\/p>\n<p>&nbsp;<\/p><div class=\"lowzu69f5785c5f79c\" ><p style=\"text-align: center;\"><a href=\"https:\/\/t.me\/noticiasdigital58\" target=\"_blank\" rel=\"noopener\"><img class=\"aligncenter size-full wp-image-125363\" src=\"https:\/\/digital58.com.ve\/site\/wp-content\/uploads\/2021\/04\/banner-telegram-web-2021.png\" alt=\"\" width=\"600\" height=\"90\" \/><\/a><\/p><\/div><style type=\"text\/css\">\r\n@media screen and (min-width: 1201px) {\r\n.lowzu69f5785c5f79c {\r\ndisplay: block;\r\n}\r\n}\r\n@media screen and (min-width: 993px) and (max-width: 1200px) {\r\n.lowzu69f5785c5f79c {\r\ndisplay: block;\r\n}\r\n}\r\n@media screen and (min-width: 769px) and (max-width: 992px) {\r\n.lowzu69f5785c5f79c {\r\ndisplay: block;\r\n}\r\n}\r\n@media screen and (min-width: 768px) and (max-width: 768px) {\r\n.lowzu69f5785c5f79c {\r\ndisplay: block;\r\n}\r\n}\r\n@media screen and (max-width: 767px) {\r\n.lowzu69f5785c5f79c {\r\ndisplay: block;\r\n}\r\n}\r\n<\/style>\r\n\n<p>&nbsp;<\/p>\n<div style=\"margin-top: 0px; margin-bottom: 0px;\" class=\"sharethis-inline-share-buttons\" ><\/div>","protected":false},"excerpt":{"rendered":"<p>El expresidente de EE.UU. Donald Trump (2017-2021) evit\u00f3 este viernes hablar de la pregunta que todo el mundo se hace<\/p>\n","protected":false},"author":1,"featured_media":177285,"comment_status":"open","ping_status":"closed","sticky":false,"template":"","format":"standard","meta":{"colormag_page_container_layout":"default_layout","colormag_page_sidebar_layout":"default_layout","_uag_custom_page_level_css":"","footnotes":""},"categories":[16451],"tags":[15842,1558,12740,23115,8,22248,3214,30876,8351],"class_list":["post-177284","post","type-post","status-publish","format-standard","has-post-thumbnail","hentry","category-mundo","tag-corrupcion","tag-donald-trump","tag-ee-uu","tag-expresidentes","tag-internacionales","tag-juicios","tag-new-york","tag-stormy-daniels","tag-veredicto"],"yoast_head":"<!-- This site is optimized with the Yoast SEO plugin v27.5 - https:\/\/yoast.com\/product\/yoast-seo-wordpress\/ -->\n<title>Trump evita hablar de la c\u00e1rcel en su primera rueda de prensa y pinta un pa\u00eds en llamas<\/title>\n<meta name=\"robots\" content=\"index, follow, max-snippet:-1, max-image-preview:large, max-video-preview:-1\" \/>\n<link rel=\"canonical\" href=\"https:\/\/digital58.com.ve\/site\/2024\/06\/02\/trump-evita-hablar-de-la-carcel-en-su-primera-rueda-de-prensa-y-pinta-un-pais-en-llamas\/\" \/>\n<meta property=\"og:locale\" content=\"es_ES\" \/>\n<meta property=\"og:type\" content=\"article\" \/>\n<meta property=\"og:title\" content=\"Trump evita hablar de la c\u00e1rcel en su primera rueda de prensa y pinta un pa\u00eds en llamas\" \/>\n<meta property=\"og:url\" content=\"https:\/\/digital58.com.ve\/site\/2024\/06\/02\/trump-evita-hablar-de-la-carcel-en-su-primera-rueda-de-prensa-y-pinta-un-pais-en-llamas\/\" \/>\n<meta property=\"og:site_name\" content=\"Noticias Digital58\" \/>\n<meta property=\"article:published_time\" content=\"2024-06-02T20:52:15+00:00\" \/>\n<meta property=\"og:image\" content=\"https:\/\/i0.wp.com\/digital58.com.ve\/site\/wp-content\/uploads\/2024\/06\/26cf7bb5ff7a9da3359cc19cc1f2bc915bf0e527miniw.jpg?fit=900%2C599&ssl=1\" \/>\n\t<meta property=\"og:image:width\" content=\"900\" \/>\n\t<meta property=\"og:image:height\" content=\"599\" \/>\n\t<meta property=\"og:image:type\" content=\"image\/jpeg\" \/>\n<meta name=\"author\" content=\"Villasmil Henry\" \/>\n<meta name=\"twitter:card\" content=\"summary_large_image\" \/>\n<meta name=\"twitter:creator\" content=\"@https:\/\/twitter.com\/villasmilhfoto\" \/>\n<meta name=\"twitter:site\" content=\"@villasmilhfoto\" \/>\n<meta name=\"twitter:label1\" content=\"Escrito por\" \/>\n\t<meta name=\"twitter:data1\" content=\"Villasmil Henry\" \/>\n\t<meta name=\"twitter:label2\" content=\"Tiempo estimado de lectura\" \/>\n\t<meta name=\"twitter:data2\" content=\"4 minutos\" \/>\n<script type=\"application\/ld+json\" class=\"yoast-schema-graph\">{\"@context\":\"https:\\\/\\\/schema.org\",\"@graph\":[{\"@type\":\"Article\",\"@id\":\"https:\\\/\\\/digital58.com.ve\\\/site\\\/2024\\\/06\\\/02\\\/trump-evita-hablar-de-la-carcel-en-su-primera-rueda-de-prensa-y-pinta-un-pais-en-llamas\\\/#article\",\"isPartOf\":{\"@id\":\"https:\\\/\\\/digital58.com.ve\\\/site\\\/2024\\\/06\\\/02\\\/trump-evita-hablar-de-la-carcel-en-su-primera-rueda-de-prensa-y-pinta-un-pais-en-llamas\\\/\"},\"author\":{\"name\":\"Villasmil Henry\",\"@id\":\"https:\\\/\\\/digital58.com.ve\\\/site\\\/#\\\/schema\\\/person\\\/64d1c2e4d0d4fd1b849980c4331c2951\"},\"headline\":\"Trump evita hablar de la c\u00e1rcel en su primera rueda de prensa y pinta un pa\u00eds en llamas\",\"datePublished\":\"2024-06-02T20:52:15+00:00\",\"mainEntityOfPage\":{\"@id\":\"https:\\\/\\\/digital58.com.ve\\\/site\\\/2024\\\/06\\\/02\\\/trump-evita-hablar-de-la-carcel-en-su-primera-rueda-de-prensa-y-pinta-un-pais-en-llamas\\\/\"},\"wordCount\":733,\"commentCount\":0,\"publisher\":{\"@id\":\"https:\\\/\\\/digital58.com.ve\\\/site\\\/#\\\/schema\\\/person\\\/64d1c2e4d0d4fd1b849980c4331c2951\"},\"image\":{\"@id\":\"https:\\\/\\\/digital58.com.ve\\\/site\\\/2024\\\/06\\\/02\\\/trump-evita-hablar-de-la-carcel-en-su-primera-rueda-de-prensa-y-pinta-un-pais-en-llamas\\\/#primaryimage\"},\"thumbnailUrl\":\"https:\\\/\\\/digital58.com.ve\\\/site\\\/wp-content\\\/uploads\\\/2024\\\/06\\\/26cf7bb5ff7a9da3359cc19cc1f2bc915bf0e527miniw.jpg\",\"keywords\":[\"Corrupci\u00f3n\",\"Donald Trump\",\"EE.UU\",\"Expresidentes\",\"Internacionales\",\"Juicios\",\"New York\",\"Stormy Daniels\",\"Veredicto\"],\"articleSection\":[\"Mundo\"],\"inLanguage\":\"es\",\"potentialAction\":[{\"@type\":\"CommentAction\",\"name\":\"Comment\",\"target\":[\"https:\\\/\\\/digital58.com.ve\\\/site\\\/2024\\\/06\\\/02\\\/trump-evita-hablar-de-la-carcel-en-su-primera-rueda-de-prensa-y-pinta-un-pais-en-llamas\\\/#respond\"]}]},{\"@type\":\"WebPage\",\"@id\":\"https:\\\/\\\/digital58.com.ve\\\/site\\\/2024\\\/06\\\/02\\\/trump-evita-hablar-de-la-carcel-en-su-primera-rueda-de-prensa-y-pinta-un-pais-en-llamas\\\/\",\"url\":\"https:\\\/\\\/digital58.com.ve\\\/site\\\/2024\\\/06\\\/02\\\/trump-evita-hablar-de-la-carcel-en-su-primera-rueda-de-prensa-y-pinta-un-pais-en-llamas\\\/\",\"name\":\"Trump evita hablar de la c\u00e1rcel en su primera rueda de prensa y pinta un pa\u00eds en llamas\",\"isPartOf\":{\"@id\":\"https:\\\/\\\/digital58.com.ve\\\/site\\\/#website\"},\"primaryImageOfPage\":{\"@id\":\"https:\\\/\\\/digital58.com.ve\\\/site\\\/2024\\\/06\\\/02\\\/trump-evita-hablar-de-la-carcel-en-su-primera-rueda-de-prensa-y-pinta-un-pais-en-llamas\\\/#primaryimage\"},\"image\":{\"@id\":\"https:\\\/\\\/digital58.com.ve\\\/site\\\/2024\\\/06\\\/02\\\/trump-evita-hablar-de-la-carcel-en-su-primera-rueda-de-prensa-y-pinta-un-pais-en-llamas\\\/#primaryimage\"},\"thumbnailUrl\":\"https:\\\/\\\/digital58.com.ve\\\/site\\\/wp-content\\\/uploads\\\/2024\\\/06\\\/26cf7bb5ff7a9da3359cc19cc1f2bc915bf0e527miniw.jpg\",\"datePublished\":\"2024-06-02T20:52:15+00:00\",\"breadcrumb\":{\"@id\":\"https:\\\/\\\/digital58.com.ve\\\/site\\\/2024\\\/06\\\/02\\\/trump-evita-hablar-de-la-carcel-en-su-primera-rueda-de-prensa-y-pinta-un-pais-en-llamas\\\/#breadcrumb\"},\"inLanguage\":\"es\",\"potentialAction\":[{\"@type\":\"ReadAction\",\"target\":[\"https:\\\/\\\/digital58.com.ve\\\/site\\\/2024\\\/06\\\/02\\\/trump-evita-hablar-de-la-carcel-en-su-primera-rueda-de-prensa-y-pinta-un-pais-en-llamas\\\/\"]}]},{\"@type\":\"ImageObject\",\"inLanguage\":\"es\",\"@id\":\"https:\\\/\\\/digital58.com.ve\\\/site\\\/2024\\\/06\\\/02\\\/trump-evita-hablar-de-la-carcel-en-su-primera-rueda-de-prensa-y-pinta-un-pais-en-llamas\\\/#primaryimage\",\"url\":\"https:\\\/\\\/digital58.com.ve\\\/site\\\/wp-content\\\/uploads\\\/2024\\\/06\\\/26cf7bb5ff7a9da3359cc19cc1f2bc915bf0e527miniw.jpg\",\"contentUrl\":\"https:\\\/\\\/digital58.com.ve\\\/site\\\/wp-content\\\/uploads\\\/2024\\\/06\\\/26cf7bb5ff7a9da3359cc19cc1f2bc915bf0e527miniw.jpg\",\"width\":900,\"height\":599},{\"@type\":\"BreadcrumbList\",\"@id\":\"https:\\\/\\\/digital58.com.ve\\\/site\\\/2024\\\/06\\\/02\\\/trump-evita-hablar-de-la-carcel-en-su-primera-rueda-de-prensa-y-pinta-un-pais-en-llamas\\\/#breadcrumb\",\"itemListElement\":[{\"@type\":\"ListItem\",\"position\":1,\"name\":\"Home\",\"item\":\"https:\\\/\\\/digital58.com.ve\\\/site\\\/\"},{\"@type\":\"ListItem\",\"position\":2,\"name\":\"Trump evita hablar de la c\u00e1rcel en su primera rueda de prensa y pinta un pa\u00eds en llamas\"}]},{\"@type\":\"WebSite\",\"@id\":\"https:\\\/\\\/digital58.com.ve\\\/site\\\/#website\",\"url\":\"https:\\\/\\\/digital58.com.ve\\\/site\\\/\",\"name\":\"Noticias Digital58\",\"description\":\"Portal de Noticias \u00a1Periodismo web de verdad! Lanzamiento web 22.11.2005 \\\/ Maracaibo, Venezuela\",\"publisher\":{\"@id\":\"https:\\\/\\\/digital58.com.ve\\\/site\\\/#\\\/schema\\\/person\\\/64d1c2e4d0d4fd1b849980c4331c2951\"},\"alternateName\":\"ND58\",\"potentialAction\":[{\"@type\":\"SearchAction\",\"target\":{\"@type\":\"EntryPoint\",\"urlTemplate\":\"https:\\\/\\\/digital58.com.ve\\\/site\\\/?s={search_term_string}\"},\"query-input\":{\"@type\":\"PropertyValueSpecification\",\"valueRequired\":true,\"valueName\":\"search_term_string\"}}],\"inLanguage\":\"es\"},{\"@type\":[\"Person\",\"Organization\"],\"@id\":\"https:\\\/\\\/digital58.com.ve\\\/site\\\/#\\\/schema\\\/person\\\/64d1c2e4d0d4fd1b849980c4331c2951\",\"name\":\"Villasmil Henry\",\"image\":{\"@type\":\"ImageObject\",\"inLanguage\":\"es\",\"@id\":\"https:\\\/\\\/secure.gravatar.com\\\/avatar\\\/bb0c4a2fcb7970138239f7e404ea75757b1b507b28b5ce4c53fbd62d797c5a7c?s=96&d=mm&r=g\",\"url\":\"https:\\\/\\\/secure.gravatar.com\\\/avatar\\\/bb0c4a2fcb7970138239f7e404ea75757b1b507b28b5ce4c53fbd62d797c5a7c?s=96&d=mm&r=g\",\"contentUrl\":\"https:\\\/\\\/secure.gravatar.com\\\/avatar\\\/bb0c4a2fcb7970138239f7e404ea75757b1b507b28b5ce4c53fbd62d797c5a7c?s=96&d=mm&r=g\",\"caption\":\"Villasmil Henry\"},\"logo\":{\"@id\":\"https:\\\/\\\/secure.gravatar.com\\\/avatar\\\/bb0c4a2fcb7970138239f7e404ea75757b1b507b28b5ce4c53fbd62d797c5a7c?s=96&d=mm&r=g\"},\"sameAs\":[\"http:\\\/\\\/www.henryvillasmil.com.ve\",\"https:\\\/\\\/www.instagram.com\\\/villasmilhfoto\\\/\",\"https:\\\/\\\/x.com\\\/https:\\\/\\\/twitter.com\\\/villasmilhfoto\"],\"url\":\"https:\\\/\\\/digital58.com.ve\\\/site\\\/author\\\/droopy_68\\\/\"}]}<\/script>\n<!-- \/ Yoast SEO plugin. -->","yoast_head_json":{"title":"Trump evita hablar de la c\u00e1rcel en su primera rueda de prensa y pinta un pa\u00eds en llamas","robots":{"index":"index","follow":"follow","max-snippet":"max-snippet:-1","max-image-preview":"max-image-preview:large","max-video-preview":"max-video-preview:-1"},"canonical":"https:\/\/digital58.com.ve\/site\/2024\/06\/02\/trump-evita-hablar-de-la-carcel-en-su-primera-rueda-de-prensa-y-pinta-un-pais-en-llamas\/","og_locale":"es_ES","og_type":"article","og_title":"Trump evita hablar de la c\u00e1rcel en su primera rueda de prensa y pinta un pa\u00eds en llamas","og_url":"https:\/\/digital58.com.ve\/site\/2024\/06\/02\/trump-evita-hablar-de-la-carcel-en-su-primera-rueda-de-prensa-y-pinta-un-pais-en-llamas\/","og_site_name":"Noticias Digital58","article_published_time":"2024-06-02T20:52:15+00:00","og_image":[{"width":900,"height":599,"url":"https:\/\/i0.wp.com\/digital58.com.ve\/site\/wp-content\/uploads\/2024\/06\/26cf7bb5ff7a9da3359cc19cc1f2bc915bf0e527miniw.jpg?fit=900%2C599&ssl=1","type":"image\/jpeg"}],"author":"Villasmil Henry","twitter_card":"summary_large_image","twitter_creator":"@https:\/\/twitter.com\/villasmilhfoto","twitter_site":"@villasmilhfoto","twitter_misc":{"Escrito por":"Villasmil Henry","Tiempo estimado de lectura":"4 minutos"},"schema":{"@context":"https:\/\/schema.org","@graph":[{"@type":"Article","@id":"https:\/\/digital58.com.ve\/site\/2024\/06\/02\/trump-evita-hablar-de-la-carcel-en-su-primera-rueda-de-prensa-y-pinta-un-pais-en-llamas\/#article","isPartOf":{"@id":"https:\/\/digital58.com.ve\/site\/2024\/06\/02\/trump-evita-hablar-de-la-carcel-en-su-primera-rueda-de-prensa-y-pinta-un-pais-en-llamas\/"},"author":{"name":"Villasmil Henry","@id":"https:\/\/digital58.com.ve\/site\/#\/schema\/person\/64d1c2e4d0d4fd1b849980c4331c2951"},"headline":"Trump evita hablar de la c\u00e1rcel en su primera rueda de prensa y pinta un pa\u00eds en llamas","datePublished":"2024-06-02T20:52:15+00:00","mainEntityOfPage":{"@id":"https:\/\/digital58.com.ve\/site\/2024\/06\/02\/trump-evita-hablar-de-la-carcel-en-su-primera-rueda-de-prensa-y-pinta-un-pais-en-llamas\/"},"wordCount":733,"commentCount":0,"publisher":{"@id":"https:\/\/digital58.com.ve\/site\/#\/schema\/person\/64d1c2e4d0d4fd1b849980c4331c2951"},"image":{"@id":"https:\/\/digital58.com.ve\/site\/2024\/06\/02\/trump-evita-hablar-de-la-carcel-en-su-primera-rueda-de-prensa-y-pinta-un-pais-en-llamas\/#primaryimage"},"thumbnailUrl":"https:\/\/digital58.com.ve\/site\/wp-content\/uploads\/2024\/06\/26cf7bb5ff7a9da3359cc19cc1f2bc915bf0e527miniw.jpg","keywords":["Corrupci\u00f3n","Donald Trump","EE.UU","Expresidentes","Internacionales","Juicios","New York","Stormy Daniels","Veredicto"],"articleSection":["Mundo"],"inLanguage":"es","potentialAction":[{"@type":"CommentAction","name":"Comment","target":["https:\/\/digital58.com.ve\/site\/2024\/06\/02\/trump-evita-hablar-de-la-carcel-en-su-primera-rueda-de-prensa-y-pinta-un-pais-en-llamas\/#respond"]}]},{"@type":"WebPage","@id":"https:\/\/digital58.com.ve\/site\/2024\/06\/02\/trump-evita-hablar-de-la-carcel-en-su-primera-rueda-de-prensa-y-pinta-un-pais-en-llamas\/","url":"https:\/\/digital58.com.ve\/site\/2024\/06\/02\/trump-evita-hablar-de-la-carcel-en-su-primera-rueda-de-prensa-y-pinta-un-pais-en-llamas\/","name":"Trump evita hablar de la c\u00e1rcel en su primera rueda de prensa y pinta un pa\u00eds en llamas","isPartOf":{"@id":"https:\/\/digital58.com.ve\/site\/#website"},"primaryImageOfPage":{"@id":"https:\/\/digital58.com.ve\/site\/2024\/06\/02\/trump-evita-hablar-de-la-carcel-en-su-primera-rueda-de-prensa-y-pinta-un-pais-en-llamas\/#primaryimage"},"image":{"@id":"https:\/\/digital58.com.ve\/site\/2024\/06\/02\/trump-evita-hablar-de-la-carcel-en-su-primera-rueda-de-prensa-y-pinta-un-pais-en-llamas\/#primaryimage"},"thumbnailUrl":"https:\/\/digital58.com.ve\/site\/wp-content\/uploads\/2024\/06\/26cf7bb5ff7a9da3359cc19cc1f2bc915bf0e527miniw.jpg","datePublished":"2024-06-02T20:52:15+00:00","breadcrumb":{"@id":"https:\/\/digital58.com.ve\/site\/2024\/06\/02\/trump-evita-hablar-de-la-carcel-en-su-primera-rueda-de-prensa-y-pinta-un-pais-en-llamas\/#breadcrumb"},"inLanguage":"es","potentialAction":[{"@type":"ReadAction","target":["https:\/\/digital58.com.ve\/site\/2024\/06\/02\/trump-evita-hablar-de-la-carcel-en-su-primera-rueda-de-prensa-y-pinta-un-pais-en-llamas\/"]}]},{"@type":"ImageObject","inLanguage":"es","@id":"https:\/\/digital58.com.ve\/site\/2024\/06\/02\/trump-evita-hablar-de-la-carcel-en-su-primera-rueda-de-prensa-y-pinta-un-pais-en-llamas\/#primaryimage","url":"https:\/\/digital58.com.ve\/site\/wp-content\/uploads\/2024\/06\/26cf7bb5ff7a9da3359cc19cc1f2bc915bf0e527miniw.jpg","contentUrl":"https:\/\/digital58.com.ve\/site\/wp-content\/uploads\/2024\/06\/26cf7bb5ff7a9da3359cc19cc1f2bc915bf0e527miniw.jpg","width":900,"height":599},{"@type":"BreadcrumbList","@id":"https:\/\/digital58.com.ve\/site\/2024\/06\/02\/trump-evita-hablar-de-la-carcel-en-su-primera-rueda-de-prensa-y-pinta-un-pais-en-llamas\/#breadcrumb","itemListElement":[{"@type":"ListItem","position":1,"name":"Home","item":"https:\/\/digital58.com.ve\/site\/"},{"@type":"ListItem","position":2,"name":"Trump evita hablar de la c\u00e1rcel en su primera rueda de prensa y pinta un pa\u00eds en llamas"}]},{"@type":"WebSite","@id":"https:\/\/digital58.com.ve\/site\/#website","url":"https:\/\/digital58.com.ve\/site\/","name":"Noticias Digital58","description":"Portal de Noticias \u00a1Periodismo web de verdad! Lanzamiento web 22.11.2005 \/ Maracaibo, Venezuela","publisher":{"@id":"https:\/\/digital58.com.ve\/site\/#\/schema\/person\/64d1c2e4d0d4fd1b849980c4331c2951"},"alternateName":"ND58","potentialAction":[{"@type":"SearchAction","target":{"@type":"EntryPoint","urlTemplate":"https:\/\/digital58.com.ve\/site\/?s={search_term_string}"},"query-input":{"@type":"PropertyValueSpecification","valueRequired":true,"valueName":"search_term_string"}}],"inLanguage":"es"},{"@type":["Person","Organization"],"@id":"https:\/\/digital58.com.ve\/site\/#\/schema\/person\/64d1c2e4d0d4fd1b849980c4331c2951","name":"Villasmil Henry","image":{"@type":"ImageObject","inLanguage":"es","@id":"https:\/\/secure.gravatar.com\/avatar\/bb0c4a2fcb7970138239f7e404ea75757b1b507b28b5ce4c53fbd62d797c5a7c?s=96&d=mm&r=g","url":"https:\/\/secure.gravatar.com\/avatar\/bb0c4a2fcb7970138239f7e404ea75757b1b507b28b5ce4c53fbd62d797c5a7c?s=96&d=mm&r=g","contentUrl":"https:\/\/secure.gravatar.com\/avatar\/bb0c4a2fcb7970138239f7e404ea75757b1b507b28b5ce4c53fbd62d797c5a7c?s=96&d=mm&r=g","caption":"Villasmil Henry"},"logo":{"@id":"https:\/\/secure.gravatar.com\/avatar\/bb0c4a2fcb7970138239f7e404ea75757b1b507b28b5ce4c53fbd62d797c5a7c?s=96&d=mm&r=g"},"sameAs":["http:\/\/www.henryvillasmil.com.ve","https:\/\/www.instagram.com\/villasmilhfoto\/","https:\/\/x.com\/https:\/\/twitter.com\/villasmilhfoto"],"url":"https:\/\/digital58.com.ve\/site\/author\/droopy_68\/"}]}},"uagb_featured_image_src":{"full":["https:\/\/digital58.com.ve\/site\/wp-content\/uploads\/2024\/06\/26cf7bb5ff7a9da3359cc19cc1f2bc915bf0e527miniw.jpg",900,599,false],"thumbnail":["https:\/\/digital58.com.ve\/site\/wp-content\/uploads\/2024\/06\/26cf7bb5ff7a9da3359cc19cc1f2bc915bf0e527miniw-150x150.jpg",150,150,true],"medium":["https:\/\/digital58.com.ve\/site\/wp-content\/uploads\/2024\/06\/26cf7bb5ff7a9da3359cc19cc1f2bc915bf0e527miniw-300x200.jpg",300,200,true],"medium_large":["https:\/\/digital58.com.ve\/site\/wp-content\/uploads\/2024\/06\/26cf7bb5ff7a9da3359cc19cc1f2bc915bf0e527miniw-768x511.jpg",768,511,true],"large":["https:\/\/digital58.com.ve\/site\/wp-content\/uploads\/2024\/06\/26cf7bb5ff7a9da3359cc19cc1f2bc915bf0e527miniw.jpg",800,532,false],"1536x1536":["https:\/\/digital58.com.ve\/site\/wp-content\/uploads\/2024\/06\/26cf7bb5ff7a9da3359cc19cc1f2bc915bf0e527miniw.jpg",900,599,false],"2048x2048":["https:\/\/digital58.com.ve\/site\/wp-content\/uploads\/2024\/06\/26cf7bb5ff7a9da3359cc19cc1f2bc915bf0e527miniw.jpg",900,599,false],"colormag-highlighted-post":["https:\/\/digital58.com.ve\/site\/wp-content\/uploads\/2024\/06\/26cf7bb5ff7a9da3359cc19cc1f2bc915bf0e527miniw-392x272.jpg",392,272,true],"colormag-featured-post-medium":["https:\/\/digital58.com.ve\/site\/wp-content\/uploads\/2024\/06\/26cf7bb5ff7a9da3359cc19cc1f2bc915bf0e527miniw-390x205.jpg",390,205,true],"colormag-featured-post-small":["https:\/\/digital58.com.ve\/site\/wp-content\/uploads\/2024\/06\/26cf7bb5ff7a9da3359cc19cc1f2bc915bf0e527miniw-130x90.jpg",130,90,true],"colormag-featured-image":["https:\/\/digital58.com.ve\/site\/wp-content\/uploads\/2024\/06\/26cf7bb5ff7a9da3359cc19cc1f2bc915bf0e527miniw-800x445.jpg",800,445,true],"colormag-default-news":["https:\/\/digital58.com.ve\/site\/wp-content\/uploads\/2024\/06\/26cf7bb5ff7a9da3359cc19cc1f2bc915bf0e527miniw-150x150.jpg",150,150,true],"colormag-featured-image-large":["https:\/\/digital58.com.ve\/site\/wp-content\/uploads\/2024\/06\/26cf7bb5ff7a9da3359cc19cc1f2bc915bf0e527miniw.jpg",900,599,false]},"uagb_author_info":{"display_name":"Villasmil Henry","author_link":"https:\/\/digital58.com.ve\/site\/author\/droopy_68\/"},"uagb_comment_info":0,"uagb_excerpt":"El expresidente de EE.UU. Donald Trump (2017-2021) evit\u00f3 este viernes hablar de la pregunta que todo el mundo se hace","_links":{"self":[{"href":"https:\/\/digital58.com.ve\/site\/wp-json\/wp\/v2\/posts\/177284","targetHints":{"allow":["GET"]}}],"collection":[{"href":"https:\/\/digital58.com.ve\/site\/wp-json\/wp\/v2\/posts"}],"about":[{"href":"https:\/\/digital58.com.ve\/site\/wp-json\/wp\/v2\/types\/post"}],"author":[{"embeddable":true,"href":"https:\/\/digital58.com.ve\/site\/wp-json\/wp\/v2\/users\/1"}],"replies":[{"embeddable":true,"href":"https:\/\/digital58.com.ve\/site\/wp-json\/wp\/v2\/comments?post=177284"}],"version-history":[{"count":1,"href":"https:\/\/digital58.com.ve\/site\/wp-json\/wp\/v2\/posts\/177284\/revisions"}],"predecessor-version":[{"id":177286,"href":"https:\/\/digital58.com.ve\/site\/wp-json\/wp\/v2\/posts\/177284\/revisions\/177286"}],"wp:featuredmedia":[{"embeddable":true,"href":"https:\/\/digital58.com.ve\/site\/wp-json\/wp\/v2\/media\/177285"}],"wp:attachment":[{"href":"https:\/\/digital58.com.ve\/site\/wp-json\/wp\/v2\/media?parent=177284"}],"wp:term":[{"taxonomy":"category","embeddable":true,"href":"https:\/\/digital58.com.ve\/site\/wp-json\/wp\/v2\/categories?post=177284"},{"taxonomy":"post_tag","embeddable":true,"href":"https:\/\/digital58.com.ve\/site\/wp-json\/wp\/v2\/tags?post=177284"}],"curies":[{"name":"wp","href":"https:\/\/api.w.org\/{rel}","templated":true}]}}