{"id":177646,"date":"2024-06-10T18:54:12","date_gmt":"2024-06-10T22:54:12","guid":{"rendered":"https:\/\/digital58.com.ve\/site\/?p=177646"},"modified":"2024-06-10T18:54:12","modified_gmt":"2024-06-10T22:54:12","slug":"maracaibo-parroquia-chiquinquira-es-la-mas-consciente-con-la-recoleccion-de-desechos","status":"publish","type":"post","link":"https:\/\/digital58.com.ve\/site\/2024\/06\/10\/maracaibo-parroquia-chiquinquira-es-la-mas-consciente-con-la-recoleccion-de-desechos\/","title":{"rendered":"#Maracaibo | Parroquia Chiquinquir\u00e1 es la \u00abm\u00e1s consciente\u00bb con la recolecci\u00f3n de desechos"},"content":{"rendered":"<p><a href=\"https:\/\/digital58.com.ve\/site\/wp-content\/uploads\/2024\/06\/imau.jpg\"><img loading=\"lazy\" decoding=\"async\" class=\"aligncenter size-full wp-image-177647\" src=\"https:\/\/digital58.com.ve\/site\/wp-content\/uploads\/2024\/06\/imau.jpg\" alt=\"\" width=\"800\" height=\"450\" srcset=\"https:\/\/digital58.com.ve\/site\/wp-content\/uploads\/2024\/06\/imau.jpg 800w, https:\/\/digital58.com.ve\/site\/wp-content\/uploads\/2024\/06\/imau-300x169.jpg 300w, https:\/\/digital58.com.ve\/site\/wp-content\/uploads\/2024\/06\/imau-768x432.jpg 768w\" sizes=\"auto, (max-width: 800px) 100vw, 800px\" \/><\/a><\/p>\n<p>El IMAU inform\u00f3 que el mes de mayo cerr\u00f3 con un total de 37 mil 306 toneladas de desechos recolectadas, cifra que representa una mayor efectividad en el proceso en comparaci\u00f3n con las 36 mil 060 toneladas recogidas en abril.<\/p>\n<p><strong>Maracaibo, Zulia, Venezuela, 10 de junio de 2024 (ND58).-<\/strong> Los vecinos de la parroquia Chiquinquir\u00e1 sacan la basura bien sellada y a la hora exacta que pasa el aseo los d\u00edas mi\u00e9rcoles por esta zona, este comportamiento los ubica como los \u00abm\u00e1s conscientes\u00bb de la ciudad, y as\u00ed dan su aporte en el avance hacia una Maracaibo m\u00e1s limpia y m\u00e1s verde.<\/p>\n<p>La Gerencia de Operaciones del Instituto Municipal de Aseo Urbano (IMAU) detall\u00f3 que en el mes de mayo los sectores que forman la mencionada parroquia generaron mil 111 toneladas desechos, pero la eficacia de recolecci\u00f3n fue del 98 por ciento.<\/p>\n<p>Manuel Dagnino es la segunda parroquia donde los habitantes mantienen un comportamiento consciente en torno a los desechos s\u00f3lidos.<\/p>\n<p>Juan Lara, presidente del IMAU, felicit\u00f3 a los habitantes de ambas parroquias y agradeci\u00f3 el apoyo que le dan a los ambientalistas al momento que cumplen con el cronograma de recolecci\u00f3n.<\/p>\n<p>\u00abJuntos, como un gran equipo, es como podemos seguir manteniendo a Maracaibo m\u00e1s limpia. Nosotros trabajamos d\u00eda y noche por cumplir con el cronograma, y los vecinos con su basura educada y pagando los impuestos municipales\u00bb.<\/p>\n<p>Lara inform\u00f3 que la parroquia con mayor producci\u00f3n de desechos s\u00f3lidos es Francisco Eugenio Bustamante, por tener la mayor extensi\u00f3n territorial de todo el municipio.<\/p>\n<p>\u00abFrancisco Eugenio cerr\u00f3 el mes de mayo 2024 con tres mil 317 toneladas recolectadas. El d\u00eda que le toca la recolecci\u00f3n se despliega un gran n\u00famero de camiones y ambientalistas, pero a\u00fan no logramos el 100 %\u201d\u00bb, confes\u00f3.<\/p>\n<p><strong>En cifras de Maracaibo: La basura que se recogi\u00f3 en mayo<\/strong><\/p>\n<p>Marcos Guti\u00e9rrez, vicepresidente del IMAU, inform\u00f3 que el mes de mayo 2024 cerr\u00f3 con un total de 37 mil 306 toneladas de desechos recolectadas de las calles de Maracaibo, evidenciando un aumento en la efectividad en el proceso, ya que abril cerr\u00f3 con 36 mil 060 toneladas.<\/p>\n<p>\u00abConforme vamos ajustando y optimizando el cronograma de recolecci\u00f3n, los resultados son mucho mejores\u00bb, se\u00f1al\u00f3.<\/p>\n<p>Record\u00f3 que actualmente el municipio cuenta con 54 camiones compactadores, que cumplen diariamente con el cronograma de recolecci\u00f3n y atienden los puntos cr\u00edticos que se generan en diferentes zonas de la ciudad, aunque recalc\u00f3 que se necesitan al menos unos 70 camiones.<\/p>\n<p><strong>Redacci\u00f3n ND58 | Fuente: Comunicaciones IMAU \/ Alcald\u00eda de Maracaibo<\/strong><br \/>\n<strong>Edici\u00f3n: Villasmil, Henry<\/strong><br \/>\n<strong>Gr\u00e1ficas: Cortes\u00eda ADM<\/strong><\/p>\n<p>&nbsp;<\/p>\n<p>&nbsp;<\/p><div class=\"vopir69efe23db8c9e\" ><p style=\"text-align: center;\"><a href=\"https:\/\/t.me\/noticiasdigital58\" target=\"_blank\" rel=\"noopener\"><img class=\"aligncenter size-full wp-image-125363\" src=\"https:\/\/digital58.com.ve\/site\/wp-content\/uploads\/2021\/04\/banner-telegram-web-2021.png\" alt=\"\" width=\"600\" height=\"90\" \/><\/a><\/p><\/div><style type=\"text\/css\">\r\n@media screen and (min-width: 1201px) {\r\n.vopir69efe23db8c9e {\r\ndisplay: block;\r\n}\r\n}\r\n@media screen and (min-width: 993px) and (max-width: 1200px) {\r\n.vopir69efe23db8c9e {\r\ndisplay: block;\r\n}\r\n}\r\n@media screen and (min-width: 769px) and (max-width: 992px) {\r\n.vopir69efe23db8c9e {\r\ndisplay: block;\r\n}\r\n}\r\n@media screen and (min-width: 768px) and (max-width: 768px) {\r\n.vopir69efe23db8c9e {\r\ndisplay: block;\r\n}\r\n}\r\n@media screen and (max-width: 767px) {\r\n.vopir69efe23db8c9e {\r\ndisplay: block;\r\n}\r\n}\r\n<\/style>\r\n\n<p>&nbsp;<\/p>\n<div style=\"margin-top: 0px; margin-bottom: 0px;\" class=\"sharethis-inline-share-buttons\" ><\/div>","protected":false},"excerpt":{"rendered":"<p>El IMAU inform\u00f3 que el mes de mayo cerr\u00f3 con un total de 37 mil 306 toneladas de desechos recolectadas,<\/p>\n","protected":false},"author":1,"featured_media":177647,"comment_status":"open","ping_status":"closed","sticky":false,"template":"","format":"standard","meta":{"colormag_page_container_layout":"default_layout","colormag_page_sidebar_layout":"default_layout","_uag_custom_page_level_css":"","footnotes":""},"categories":[14504],"tags":[290,15282,25778,73,233,25322,13980,17757,2354,32],"class_list":["post-177646","post","type-post","status-publish","format-standard","has-post-thumbnail","hentry","category-zulia","tag-alcaldia-de-maracaibo","tag-imau","tag-instituto-municipal-de-aseo-urbano","tag-maracaibo","tag-nacionales","tag-parroquia-chiquinquira","tag-rafael-ramirez-colina","tag-recoleccion-de-basura","tag-regionales","tag-venezuela"],"yoast_head":"<!-- This site is optimized with the Yoast SEO plugin v27.4 - https:\/\/yoast.com\/product\/yoast-seo-wordpress\/ -->\n<title>#Maracaibo | Parroquia Chiquinquir\u00e1 es la \u00abm\u00e1s consciente\u00bb con la recolecci\u00f3n de desechos<\/title>\n<meta name=\"robots\" content=\"index, follow, max-snippet:-1, max-image-preview:large, max-video-preview:-1\" \/>\n<link rel=\"canonical\" href=\"https:\/\/digital58.com.ve\/site\/2024\/06\/10\/maracaibo-parroquia-chiquinquira-es-la-mas-consciente-con-la-recoleccion-de-desechos\/\" \/>\n<meta property=\"og:locale\" content=\"es_ES\" \/>\n<meta property=\"og:type\" content=\"article\" \/>\n<meta property=\"og:title\" content=\"#Maracaibo | Parroquia Chiquinquir\u00e1 es la \u00abm\u00e1s consciente\u00bb con la recolecci\u00f3n de desechos\" \/>\n<meta property=\"og:url\" content=\"https:\/\/digital58.com.ve\/site\/2024\/06\/10\/maracaibo-parroquia-chiquinquira-es-la-mas-consciente-con-la-recoleccion-de-desechos\/\" \/>\n<meta property=\"og:site_name\" content=\"Noticias Digital58\" \/>\n<meta property=\"article:published_time\" content=\"2024-06-10T22:54:12+00:00\" \/>\n<meta property=\"og:image\" content=\"https:\/\/i0.wp.com\/digital58.com.ve\/site\/wp-content\/uploads\/2024\/06\/imau.jpg?fit=800%2C450&ssl=1\" \/>\n\t<meta property=\"og:image:width\" content=\"800\" \/>\n\t<meta property=\"og:image:height\" content=\"450\" \/>\n\t<meta property=\"og:image:type\" content=\"image\/jpeg\" \/>\n<meta name=\"author\" content=\"Villasmil Henry\" \/>\n<meta name=\"twitter:card\" content=\"summary_large_image\" \/>\n<meta name=\"twitter:creator\" content=\"@https:\/\/twitter.com\/villasmilhfoto\" \/>\n<meta name=\"twitter:site\" content=\"@villasmilhfoto\" \/>\n<meta name=\"twitter:label1\" content=\"Escrito por\" \/>\n\t<meta name=\"twitter:data1\" content=\"Villasmil Henry\" \/>\n\t<meta name=\"twitter:label2\" content=\"Tiempo estimado de lectura\" \/>\n\t<meta name=\"twitter:data2\" content=\"2 minutos\" \/>\n<script type=\"application\/ld+json\" class=\"yoast-schema-graph\">{\"@context\":\"https:\\\/\\\/schema.org\",\"@graph\":[{\"@type\":\"Article\",\"@id\":\"https:\\\/\\\/digital58.com.ve\\\/site\\\/2024\\\/06\\\/10\\\/maracaibo-parroquia-chiquinquira-es-la-mas-consciente-con-la-recoleccion-de-desechos\\\/#article\",\"isPartOf\":{\"@id\":\"https:\\\/\\\/digital58.com.ve\\\/site\\\/2024\\\/06\\\/10\\\/maracaibo-parroquia-chiquinquira-es-la-mas-consciente-con-la-recoleccion-de-desechos\\\/\"},\"author\":{\"name\":\"Villasmil Henry\",\"@id\":\"https:\\\/\\\/digital58.com.ve\\\/site\\\/#\\\/schema\\\/person\\\/64d1c2e4d0d4fd1b849980c4331c2951\"},\"headline\":\"#Maracaibo | Parroquia Chiquinquir\u00e1 es la \u00abm\u00e1s consciente\u00bb con la recolecci\u00f3n de desechos\",\"datePublished\":\"2024-06-10T22:54:12+00:00\",\"mainEntityOfPage\":{\"@id\":\"https:\\\/\\\/digital58.com.ve\\\/site\\\/2024\\\/06\\\/10\\\/maracaibo-parroquia-chiquinquira-es-la-mas-consciente-con-la-recoleccion-de-desechos\\\/\"},\"wordCount\":447,\"commentCount\":0,\"publisher\":{\"@id\":\"https:\\\/\\\/digital58.com.ve\\\/site\\\/#\\\/schema\\\/person\\\/64d1c2e4d0d4fd1b849980c4331c2951\"},\"image\":{\"@id\":\"https:\\\/\\\/digital58.com.ve\\\/site\\\/2024\\\/06\\\/10\\\/maracaibo-parroquia-chiquinquira-es-la-mas-consciente-con-la-recoleccion-de-desechos\\\/#primaryimage\"},\"thumbnailUrl\":\"https:\\\/\\\/digital58.com.ve\\\/site\\\/wp-content\\\/uploads\\\/2024\\\/06\\\/imau.jpg\",\"keywords\":[\"Alcald\u00eda de Maracaibo\",\"Imau\",\"Instituto Municipal de Aseo Urbano\",\"Maracaibo\",\"Nacionales\",\"parroquia Chiquinquir\u00e1\",\"Rafael Ram\u00edrez Colina\",\"recolecci\u00f3n de basura\",\"Regionales\",\"Venezuela\"],\"articleSection\":[\"Zulia\"],\"inLanguage\":\"es\",\"potentialAction\":[{\"@type\":\"CommentAction\",\"name\":\"Comment\",\"target\":[\"https:\\\/\\\/digital58.com.ve\\\/site\\\/2024\\\/06\\\/10\\\/maracaibo-parroquia-chiquinquira-es-la-mas-consciente-con-la-recoleccion-de-desechos\\\/#respond\"]}]},{\"@type\":\"WebPage\",\"@id\":\"https:\\\/\\\/digital58.com.ve\\\/site\\\/2024\\\/06\\\/10\\\/maracaibo-parroquia-chiquinquira-es-la-mas-consciente-con-la-recoleccion-de-desechos\\\/\",\"url\":\"https:\\\/\\\/digital58.com.ve\\\/site\\\/2024\\\/06\\\/10\\\/maracaibo-parroquia-chiquinquira-es-la-mas-consciente-con-la-recoleccion-de-desechos\\\/\",\"name\":\"#Maracaibo | Parroquia Chiquinquir\u00e1 es la \u00abm\u00e1s consciente\u00bb con la recolecci\u00f3n de desechos\",\"isPartOf\":{\"@id\":\"https:\\\/\\\/digital58.com.ve\\\/site\\\/#website\"},\"primaryImageOfPage\":{\"@id\":\"https:\\\/\\\/digital58.com.ve\\\/site\\\/2024\\\/06\\\/10\\\/maracaibo-parroquia-chiquinquira-es-la-mas-consciente-con-la-recoleccion-de-desechos\\\/#primaryimage\"},\"image\":{\"@id\":\"https:\\\/\\\/digital58.com.ve\\\/site\\\/2024\\\/06\\\/10\\\/maracaibo-parroquia-chiquinquira-es-la-mas-consciente-con-la-recoleccion-de-desechos\\\/#primaryimage\"},\"thumbnailUrl\":\"https:\\\/\\\/digital58.com.ve\\\/site\\\/wp-content\\\/uploads\\\/2024\\\/06\\\/imau.jpg\",\"datePublished\":\"2024-06-10T22:54:12+00:00\",\"breadcrumb\":{\"@id\":\"https:\\\/\\\/digital58.com.ve\\\/site\\\/2024\\\/06\\\/10\\\/maracaibo-parroquia-chiquinquira-es-la-mas-consciente-con-la-recoleccion-de-desechos\\\/#breadcrumb\"},\"inLanguage\":\"es\",\"potentialAction\":[{\"@type\":\"ReadAction\",\"target\":[\"https:\\\/\\\/digital58.com.ve\\\/site\\\/2024\\\/06\\\/10\\\/maracaibo-parroquia-chiquinquira-es-la-mas-consciente-con-la-recoleccion-de-desechos\\\/\"]}]},{\"@type\":\"ImageObject\",\"inLanguage\":\"es\",\"@id\":\"https:\\\/\\\/digital58.com.ve\\\/site\\\/2024\\\/06\\\/10\\\/maracaibo-parroquia-chiquinquira-es-la-mas-consciente-con-la-recoleccion-de-desechos\\\/#primaryimage\",\"url\":\"https:\\\/\\\/digital58.com.ve\\\/site\\\/wp-content\\\/uploads\\\/2024\\\/06\\\/imau.jpg\",\"contentUrl\":\"https:\\\/\\\/digital58.com.ve\\\/site\\\/wp-content\\\/uploads\\\/2024\\\/06\\\/imau.jpg\",\"width\":800,\"height\":450},{\"@type\":\"BreadcrumbList\",\"@id\":\"https:\\\/\\\/digital58.com.ve\\\/site\\\/2024\\\/06\\\/10\\\/maracaibo-parroquia-chiquinquira-es-la-mas-consciente-con-la-recoleccion-de-desechos\\\/#breadcrumb\",\"itemListElement\":[{\"@type\":\"ListItem\",\"position\":1,\"name\":\"Home\",\"item\":\"https:\\\/\\\/digital58.com.ve\\\/site\\\/\"},{\"@type\":\"ListItem\",\"position\":2,\"name\":\"#Maracaibo | Parroquia Chiquinquir\u00e1 es la \u00abm\u00e1s consciente\u00bb con la recolecci\u00f3n de desechos\"}]},{\"@type\":\"WebSite\",\"@id\":\"https:\\\/\\\/digital58.com.ve\\\/site\\\/#website\",\"url\":\"https:\\\/\\\/digital58.com.ve\\\/site\\\/\",\"name\":\"Noticias Digital58\",\"description\":\"Portal de Noticias \u00a1Periodismo web de verdad! Lanzamiento web 22.11.2005 \\\/ Maracaibo, Venezuela\",\"publisher\":{\"@id\":\"https:\\\/\\\/digital58.com.ve\\\/site\\\/#\\\/schema\\\/person\\\/64d1c2e4d0d4fd1b849980c4331c2951\"},\"alternateName\":\"ND58\",\"potentialAction\":[{\"@type\":\"SearchAction\",\"target\":{\"@type\":\"EntryPoint\",\"urlTemplate\":\"https:\\\/\\\/digital58.com.ve\\\/site\\\/?s={search_term_string}\"},\"query-input\":{\"@type\":\"PropertyValueSpecification\",\"valueRequired\":true,\"valueName\":\"search_term_string\"}}],\"inLanguage\":\"es\"},{\"@type\":[\"Person\",\"Organization\"],\"@id\":\"https:\\\/\\\/digital58.com.ve\\\/site\\\/#\\\/schema\\\/person\\\/64d1c2e4d0d4fd1b849980c4331c2951\",\"name\":\"Villasmil Henry\",\"image\":{\"@type\":\"ImageObject\",\"inLanguage\":\"es\",\"@id\":\"https:\\\/\\\/secure.gravatar.com\\\/avatar\\\/bb0c4a2fcb7970138239f7e404ea75757b1b507b28b5ce4c53fbd62d797c5a7c?s=96&d=mm&r=g\",\"url\":\"https:\\\/\\\/secure.gravatar.com\\\/avatar\\\/bb0c4a2fcb7970138239f7e404ea75757b1b507b28b5ce4c53fbd62d797c5a7c?s=96&d=mm&r=g\",\"contentUrl\":\"https:\\\/\\\/secure.gravatar.com\\\/avatar\\\/bb0c4a2fcb7970138239f7e404ea75757b1b507b28b5ce4c53fbd62d797c5a7c?s=96&d=mm&r=g\",\"caption\":\"Villasmil Henry\"},\"logo\":{\"@id\":\"https:\\\/\\\/secure.gravatar.com\\\/avatar\\\/bb0c4a2fcb7970138239f7e404ea75757b1b507b28b5ce4c53fbd62d797c5a7c?s=96&d=mm&r=g\"},\"sameAs\":[\"http:\\\/\\\/www.henryvillasmil.com.ve\",\"https:\\\/\\\/www.instagram.com\\\/villasmilhfoto\\\/\",\"https:\\\/\\\/x.com\\\/https:\\\/\\\/twitter.com\\\/villasmilhfoto\"],\"url\":\"https:\\\/\\\/digital58.com.ve\\\/site\\\/author\\\/droopy_68\\\/\"}]}<\/script>\n<!-- \/ Yoast SEO plugin. -->","yoast_head_json":{"title":"#Maracaibo | Parroquia Chiquinquir\u00e1 es la \u00abm\u00e1s consciente\u00bb con la recolecci\u00f3n de desechos","robots":{"index":"index","follow":"follow","max-snippet":"max-snippet:-1","max-image-preview":"max-image-preview:large","max-video-preview":"max-video-preview:-1"},"canonical":"https:\/\/digital58.com.ve\/site\/2024\/06\/10\/maracaibo-parroquia-chiquinquira-es-la-mas-consciente-con-la-recoleccion-de-desechos\/","og_locale":"es_ES","og_type":"article","og_title":"#Maracaibo | Parroquia Chiquinquir\u00e1 es la \u00abm\u00e1s consciente\u00bb con la recolecci\u00f3n de desechos","og_url":"https:\/\/digital58.com.ve\/site\/2024\/06\/10\/maracaibo-parroquia-chiquinquira-es-la-mas-consciente-con-la-recoleccion-de-desechos\/","og_site_name":"Noticias Digital58","article_published_time":"2024-06-10T22:54:12+00:00","og_image":[{"width":800,"height":450,"url":"https:\/\/i0.wp.com\/digital58.com.ve\/site\/wp-content\/uploads\/2024\/06\/imau.jpg?fit=800%2C450&ssl=1","type":"image\/jpeg"}],"author":"Villasmil Henry","twitter_card":"summary_large_image","twitter_creator":"@https:\/\/twitter.com\/villasmilhfoto","twitter_site":"@villasmilhfoto","twitter_misc":{"Escrito por":"Villasmil Henry","Tiempo estimado de lectura":"2 minutos"},"schema":{"@context":"https:\/\/schema.org","@graph":[{"@type":"Article","@id":"https:\/\/digital58.com.ve\/site\/2024\/06\/10\/maracaibo-parroquia-chiquinquira-es-la-mas-consciente-con-la-recoleccion-de-desechos\/#article","isPartOf":{"@id":"https:\/\/digital58.com.ve\/site\/2024\/06\/10\/maracaibo-parroquia-chiquinquira-es-la-mas-consciente-con-la-recoleccion-de-desechos\/"},"author":{"name":"Villasmil Henry","@id":"https:\/\/digital58.com.ve\/site\/#\/schema\/person\/64d1c2e4d0d4fd1b849980c4331c2951"},"headline":"#Maracaibo | Parroquia Chiquinquir\u00e1 es la \u00abm\u00e1s consciente\u00bb con la recolecci\u00f3n de desechos","datePublished":"2024-06-10T22:54:12+00:00","mainEntityOfPage":{"@id":"https:\/\/digital58.com.ve\/site\/2024\/06\/10\/maracaibo-parroquia-chiquinquira-es-la-mas-consciente-con-la-recoleccion-de-desechos\/"},"wordCount":447,"commentCount":0,"publisher":{"@id":"https:\/\/digital58.com.ve\/site\/#\/schema\/person\/64d1c2e4d0d4fd1b849980c4331c2951"},"image":{"@id":"https:\/\/digital58.com.ve\/site\/2024\/06\/10\/maracaibo-parroquia-chiquinquira-es-la-mas-consciente-con-la-recoleccion-de-desechos\/#primaryimage"},"thumbnailUrl":"https:\/\/digital58.com.ve\/site\/wp-content\/uploads\/2024\/06\/imau.jpg","keywords":["Alcald\u00eda de Maracaibo","Imau","Instituto Municipal de Aseo Urbano","Maracaibo","Nacionales","parroquia Chiquinquir\u00e1","Rafael Ram\u00edrez Colina","recolecci\u00f3n de basura","Regionales","Venezuela"],"articleSection":["Zulia"],"inLanguage":"es","potentialAction":[{"@type":"CommentAction","name":"Comment","target":["https:\/\/digital58.com.ve\/site\/2024\/06\/10\/maracaibo-parroquia-chiquinquira-es-la-mas-consciente-con-la-recoleccion-de-desechos\/#respond"]}]},{"@type":"WebPage","@id":"https:\/\/digital58.com.ve\/site\/2024\/06\/10\/maracaibo-parroquia-chiquinquira-es-la-mas-consciente-con-la-recoleccion-de-desechos\/","url":"https:\/\/digital58.com.ve\/site\/2024\/06\/10\/maracaibo-parroquia-chiquinquira-es-la-mas-consciente-con-la-recoleccion-de-desechos\/","name":"#Maracaibo | Parroquia Chiquinquir\u00e1 es la \u00abm\u00e1s consciente\u00bb con la recolecci\u00f3n de desechos","isPartOf":{"@id":"https:\/\/digital58.com.ve\/site\/#website"},"primaryImageOfPage":{"@id":"https:\/\/digital58.com.ve\/site\/2024\/06\/10\/maracaibo-parroquia-chiquinquira-es-la-mas-consciente-con-la-recoleccion-de-desechos\/#primaryimage"},"image":{"@id":"https:\/\/digital58.com.ve\/site\/2024\/06\/10\/maracaibo-parroquia-chiquinquira-es-la-mas-consciente-con-la-recoleccion-de-desechos\/#primaryimage"},"thumbnailUrl":"https:\/\/digital58.com.ve\/site\/wp-content\/uploads\/2024\/06\/imau.jpg","datePublished":"2024-06-10T22:54:12+00:00","breadcrumb":{"@id":"https:\/\/digital58.com.ve\/site\/2024\/06\/10\/maracaibo-parroquia-chiquinquira-es-la-mas-consciente-con-la-recoleccion-de-desechos\/#breadcrumb"},"inLanguage":"es","potentialAction":[{"@type":"ReadAction","target":["https:\/\/digital58.com.ve\/site\/2024\/06\/10\/maracaibo-parroquia-chiquinquira-es-la-mas-consciente-con-la-recoleccion-de-desechos\/"]}]},{"@type":"ImageObject","inLanguage":"es","@id":"https:\/\/digital58.com.ve\/site\/2024\/06\/10\/maracaibo-parroquia-chiquinquira-es-la-mas-consciente-con-la-recoleccion-de-desechos\/#primaryimage","url":"https:\/\/digital58.com.ve\/site\/wp-content\/uploads\/2024\/06\/imau.jpg","contentUrl":"https:\/\/digital58.com.ve\/site\/wp-content\/uploads\/2024\/06\/imau.jpg","width":800,"height":450},{"@type":"BreadcrumbList","@id":"https:\/\/digital58.com.ve\/site\/2024\/06\/10\/maracaibo-parroquia-chiquinquira-es-la-mas-consciente-con-la-recoleccion-de-desechos\/#breadcrumb","itemListElement":[{"@type":"ListItem","position":1,"name":"Home","item":"https:\/\/digital58.com.ve\/site\/"},{"@type":"ListItem","position":2,"name":"#Maracaibo | Parroquia Chiquinquir\u00e1 es la \u00abm\u00e1s consciente\u00bb con la recolecci\u00f3n de desechos"}]},{"@type":"WebSite","@id":"https:\/\/digital58.com.ve\/site\/#website","url":"https:\/\/digital58.com.ve\/site\/","name":"Noticias Digital58","description":"Portal de Noticias \u00a1Periodismo web de verdad! Lanzamiento web 22.11.2005 \/ Maracaibo, Venezuela","publisher":{"@id":"https:\/\/digital58.com.ve\/site\/#\/schema\/person\/64d1c2e4d0d4fd1b849980c4331c2951"},"alternateName":"ND58","potentialAction":[{"@type":"SearchAction","target":{"@type":"EntryPoint","urlTemplate":"https:\/\/digital58.com.ve\/site\/?s={search_term_string}"},"query-input":{"@type":"PropertyValueSpecification","valueRequired":true,"valueName":"search_term_string"}}],"inLanguage":"es"},{"@type":["Person","Organization"],"@id":"https:\/\/digital58.com.ve\/site\/#\/schema\/person\/64d1c2e4d0d4fd1b849980c4331c2951","name":"Villasmil Henry","image":{"@type":"ImageObject","inLanguage":"es","@id":"https:\/\/secure.gravatar.com\/avatar\/bb0c4a2fcb7970138239f7e404ea75757b1b507b28b5ce4c53fbd62d797c5a7c?s=96&d=mm&r=g","url":"https:\/\/secure.gravatar.com\/avatar\/bb0c4a2fcb7970138239f7e404ea75757b1b507b28b5ce4c53fbd62d797c5a7c?s=96&d=mm&r=g","contentUrl":"https:\/\/secure.gravatar.com\/avatar\/bb0c4a2fcb7970138239f7e404ea75757b1b507b28b5ce4c53fbd62d797c5a7c?s=96&d=mm&r=g","caption":"Villasmil Henry"},"logo":{"@id":"https:\/\/secure.gravatar.com\/avatar\/bb0c4a2fcb7970138239f7e404ea75757b1b507b28b5ce4c53fbd62d797c5a7c?s=96&d=mm&r=g"},"sameAs":["http:\/\/www.henryvillasmil.com.ve","https:\/\/www.instagram.com\/villasmilhfoto\/","https:\/\/x.com\/https:\/\/twitter.com\/villasmilhfoto"],"url":"https:\/\/digital58.com.ve\/site\/author\/droopy_68\/"}]}},"uagb_featured_image_src":{"full":["https:\/\/digital58.com.ve\/site\/wp-content\/uploads\/2024\/06\/imau.jpg",800,450,false],"thumbnail":["https:\/\/digital58.com.ve\/site\/wp-content\/uploads\/2024\/06\/imau-150x150.jpg",150,150,true],"medium":["https:\/\/digital58.com.ve\/site\/wp-content\/uploads\/2024\/06\/imau-300x169.jpg",300,169,true],"medium_large":["https:\/\/digital58.com.ve\/site\/wp-content\/uploads\/2024\/06\/imau-768x432.jpg",768,432,true],"large":["https:\/\/digital58.com.ve\/site\/wp-content\/uploads\/2024\/06\/imau.jpg",800,450,false],"1536x1536":["https:\/\/digital58.com.ve\/site\/wp-content\/uploads\/2024\/06\/imau.jpg",800,450,false],"2048x2048":["https:\/\/digital58.com.ve\/site\/wp-content\/uploads\/2024\/06\/imau.jpg",800,450,false],"colormag-highlighted-post":["https:\/\/digital58.com.ve\/site\/wp-content\/uploads\/2024\/06\/imau-392x272.jpg",392,272,true],"colormag-featured-post-medium":["https:\/\/digital58.com.ve\/site\/wp-content\/uploads\/2024\/06\/imau-390x205.jpg",390,205,true],"colormag-featured-post-small":["https:\/\/digital58.com.ve\/site\/wp-content\/uploads\/2024\/06\/imau-130x90.jpg",130,90,true],"colormag-featured-image":["https:\/\/digital58.com.ve\/site\/wp-content\/uploads\/2024\/06\/imau-800x445.jpg",800,445,true],"colormag-default-news":["https:\/\/digital58.com.ve\/site\/wp-content\/uploads\/2024\/06\/imau-150x150.jpg",150,150,true],"colormag-featured-image-large":["https:\/\/digital58.com.ve\/site\/wp-content\/uploads\/2024\/06\/imau.jpg",800,450,false]},"uagb_author_info":{"display_name":"Villasmil Henry","author_link":"https:\/\/digital58.com.ve\/site\/author\/droopy_68\/"},"uagb_comment_info":0,"uagb_excerpt":"El IMAU inform\u00f3 que el mes de mayo cerr\u00f3 con un total de 37 mil 306 toneladas de desechos recolectadas,","_links":{"self":[{"href":"https:\/\/digital58.com.ve\/site\/wp-json\/wp\/v2\/posts\/177646","targetHints":{"allow":["GET"]}}],"collection":[{"href":"https:\/\/digital58.com.ve\/site\/wp-json\/wp\/v2\/posts"}],"about":[{"href":"https:\/\/digital58.com.ve\/site\/wp-json\/wp\/v2\/types\/post"}],"author":[{"embeddable":true,"href":"https:\/\/digital58.com.ve\/site\/wp-json\/wp\/v2\/users\/1"}],"replies":[{"embeddable":true,"href":"https:\/\/digital58.com.ve\/site\/wp-json\/wp\/v2\/comments?post=177646"}],"version-history":[{"count":1,"href":"https:\/\/digital58.com.ve\/site\/wp-json\/wp\/v2\/posts\/177646\/revisions"}],"predecessor-version":[{"id":177648,"href":"https:\/\/digital58.com.ve\/site\/wp-json\/wp\/v2\/posts\/177646\/revisions\/177648"}],"wp:featuredmedia":[{"embeddable":true,"href":"https:\/\/digital58.com.ve\/site\/wp-json\/wp\/v2\/media\/177647"}],"wp:attachment":[{"href":"https:\/\/digital58.com.ve\/site\/wp-json\/wp\/v2\/media?parent=177646"}],"wp:term":[{"taxonomy":"category","embeddable":true,"href":"https:\/\/digital58.com.ve\/site\/wp-json\/wp\/v2\/categories?post=177646"},{"taxonomy":"post_tag","embeddable":true,"href":"https:\/\/digital58.com.ve\/site\/wp-json\/wp\/v2\/tags?post=177646"}],"curies":[{"name":"wp","href":"https:\/\/api.w.org\/{rel}","templated":true}]}}