{"id":178045,"date":"2024-06-29T13:33:21","date_gmt":"2024-06-29T17:33:21","guid":{"rendered":"https:\/\/digital58.com.ve\/site\/?p=178045"},"modified":"2024-06-29T13:33:21","modified_gmt":"2024-06-29T17:33:21","slug":"maracaibo-jesus-maria-casal-se-avecina-una-transicion-pactada-compartida-no-es-un-todo-o-nada","status":"publish","type":"post","link":"https:\/\/digital58.com.ve\/site\/2024\/06\/29\/maracaibo-jesus-maria-casal-se-avecina-una-transicion-pactada-compartida-no-es-un-todo-o-nada\/","title":{"rendered":"#Maracaibo | Jes\u00fas Mar\u00eda Casal: Se avecina una transici\u00f3n pactada, compartida \u00abNo es un todo o nada\u00bb"},"content":{"rendered":"<p><a href=\"https:\/\/digital58.com.ve\/site\/wp-content\/uploads\/2024\/06\/Jesus-Maria-Casal-5.jpg\"><img loading=\"lazy\" decoding=\"async\" class=\"aligncenter size-full wp-image-178046\" src=\"https:\/\/digital58.com.ve\/site\/wp-content\/uploads\/2024\/06\/Jesus-Maria-Casal-5.jpg\" alt=\"\" width=\"800\" height=\"600\" srcset=\"https:\/\/digital58.com.ve\/site\/wp-content\/uploads\/2024\/06\/Jesus-Maria-Casal-5.jpg 800w, https:\/\/digital58.com.ve\/site\/wp-content\/uploads\/2024\/06\/Jesus-Maria-Casal-5-300x225.jpg 300w, https:\/\/digital58.com.ve\/site\/wp-content\/uploads\/2024\/06\/Jesus-Maria-Casal-5-768x576.jpg 768w\" sizes=\"auto, (max-width: 800px) 100vw, 800px\" \/><\/a><\/p>\n<p>Presidente de la Comisi\u00f3n Nacional de Primarias Jes\u00fas Mar\u00eda Casal en Maracaibo<\/p>\n<p><strong>Maracaibo, Zulia, Venezuela, 29 de junio de 2024 (ND58).-<\/strong> El Consejo Municipal de Maracaibo, por solicitud de la Sindicatura Municipal, celebr\u00f3 el D\u00eda Nacional del Abogado con una sesi\u00f3n solemne de excepci\u00f3n, al recibir a uno de los m\u00e1s destacados e insignes juristas del pa\u00eds, el Dr. Jes\u00fas Mar\u00eda Casal, Decano de la Facultad de Derecho de la Universidad Cat\u00f3lica Andr\u00e9s Bello, qui\u00e9n fue adem\u00e1s honrado con la Orden Ciudad de Maracaibo.<\/p>\n<p><a href=\"https:\/\/digital58.com.ve\/site\/wp-content\/uploads\/2024\/06\/Jesus-Maria-Casal-1.jpg\"><img loading=\"lazy\" decoding=\"async\" class=\"aligncenter size-full wp-image-178050\" src=\"https:\/\/digital58.com.ve\/site\/wp-content\/uploads\/2024\/06\/Jesus-Maria-Casal-1.jpg\" alt=\"\" width=\"800\" height=\"502\" srcset=\"https:\/\/digital58.com.ve\/site\/wp-content\/uploads\/2024\/06\/Jesus-Maria-Casal-1.jpg 800w, https:\/\/digital58.com.ve\/site\/wp-content\/uploads\/2024\/06\/Jesus-Maria-Casal-1-300x188.jpg 300w, https:\/\/digital58.com.ve\/site\/wp-content\/uploads\/2024\/06\/Jesus-Maria-Casal-1-768x482.jpg 768w\" sizes=\"auto, (max-width: 800px) 100vw, 800px\" \/><\/a><\/p>\n<p>Casal, hizo una intervenci\u00f3n repleta de interesantes referencias hist\u00f3ricas de lo que represent\u00f3 Crist\u00f3bal Mendoza y en general la abogac\u00eda en el proceso independentista, que m\u00e1s tarde resultara en el nacimiento de la Rep\u00fablica de Venezuela, concluyendo en un llamado a recuperar la gesta de la civilidad en el momento hist\u00f3rico que vivimos los venezolanos, y que los venideros resultados electorales que dar\u00e1n lugar a un cambio pol\u00edtico debe ser en el marco del entendimiento, sin pretender arrebatar o arrazar.<\/p>\n<p><a href=\"https:\/\/digital58.com.ve\/site\/wp-content\/uploads\/2024\/06\/Jesus-Maria-Casal-3.jpg\"><img loading=\"lazy\" decoding=\"async\" class=\"aligncenter size-full wp-image-178048\" src=\"https:\/\/digital58.com.ve\/site\/wp-content\/uploads\/2024\/06\/Jesus-Maria-Casal-3.jpg\" alt=\"\" width=\"800\" height=\"581\" srcset=\"https:\/\/digital58.com.ve\/site\/wp-content\/uploads\/2024\/06\/Jesus-Maria-Casal-3.jpg 800w, https:\/\/digital58.com.ve\/site\/wp-content\/uploads\/2024\/06\/Jesus-Maria-Casal-3-300x218.jpg 300w, https:\/\/digital58.com.ve\/site\/wp-content\/uploads\/2024\/06\/Jesus-Maria-Casal-3-768x558.jpg 768w\" sizes=\"auto, (max-width: 800px) 100vw, 800px\" \/><\/a><\/p>\n<p>En el mismo acto la Federaci\u00f3n de Colegios de Abogados de Venezuela, celebr\u00f3 y reconoci\u00f3 la labor profesional de distinguidos abogados de la regi\u00f3n, entre quienes se cuentan el Alcalde de la ciudad, Rafael Ram\u00edrez Colina y el Presidente del Consejo Municipal Jos\u00e9 Berm\u00fadez Chirinos; qui\u00e9nes fueron honrados con la orden Mario Brice\u00f1o Perozo, importante distinci\u00f3n que otorga la Federaci\u00f3n de Colegios de Abogados de Venezuela; instancia gremial representada por los abogados Clara de Valecillos y Jes\u00fas Vergara Pe\u00f1a.<\/p>\n<p><a href=\"https:\/\/digital58.com.ve\/site\/wp-content\/uploads\/2024\/06\/Jesus-Maria-Casal-4.jpg\"><img loading=\"lazy\" decoding=\"async\" class=\"aligncenter size-full wp-image-178047\" src=\"https:\/\/digital58.com.ve\/site\/wp-content\/uploads\/2024\/06\/Jesus-Maria-Casal-4.jpg\" alt=\"\" width=\"800\" height=\"564\" srcset=\"https:\/\/digital58.com.ve\/site\/wp-content\/uploads\/2024\/06\/Jesus-Maria-Casal-4.jpg 800w, https:\/\/digital58.com.ve\/site\/wp-content\/uploads\/2024\/06\/Jesus-Maria-Casal-4-300x212.jpg 300w, https:\/\/digital58.com.ve\/site\/wp-content\/uploads\/2024\/06\/Jesus-Maria-Casal-4-768x541.jpg 768w\" sizes=\"auto, (max-width: 800px) 100vw, 800px\" \/><\/a><\/p>\n<p>En este evento destac\u00f3 igualmente la presencia de dirigentes gremiales como la profesora Dra. Diana Romero, Decana de la Facultad de Derecho de LUZ, quien tuvo a su cargo la presentaci\u00f3n del orador de orden y el S\u00edndico Procurador de Maracaibo, el tambi\u00e9n abogado y profesor V\u00edctor Velasco Prieto, quien sirvi\u00f3 como anfitri\u00f3n del jurista y destac\u00f3 el rasgo civilista de Crist\u00f3bal Mendoza, se\u00f1alado en el discurso de Casal.<\/p>\n<p><a href=\"https:\/\/digital58.com.ve\/site\/wp-content\/uploads\/2024\/06\/Jesus-Maria-Casal-2.jpg\"><img loading=\"lazy\" decoding=\"async\" class=\"aligncenter size-full wp-image-178049\" src=\"https:\/\/digital58.com.ve\/site\/wp-content\/uploads\/2024\/06\/Jesus-Maria-Casal-2.jpg\" alt=\"\" width=\"800\" height=\"560\" srcset=\"https:\/\/digital58.com.ve\/site\/wp-content\/uploads\/2024\/06\/Jesus-Maria-Casal-2.jpg 800w, https:\/\/digital58.com.ve\/site\/wp-content\/uploads\/2024\/06\/Jesus-Maria-Casal-2-300x210.jpg 300w, https:\/\/digital58.com.ve\/site\/wp-content\/uploads\/2024\/06\/Jesus-Maria-Casal-2-768x538.jpg 768w, https:\/\/digital58.com.ve\/site\/wp-content\/uploads\/2024\/06\/Jesus-Maria-Casal-2-130x90.jpg 130w\" sizes=\"auto, (max-width: 800px) 100vw, 800px\" \/><\/a><\/p>\n<p><strong>Redacci\u00f3n ND58 | Fuente: NDP<\/strong><br \/>\n<strong>Edici\u00f3n: Villasmil, Henry<\/strong><br \/>\n<strong>Gr\u00e1ficas: Cortes\u00eda<\/strong><\/p>\n<p>&nbsp;<\/p>\n<p>&nbsp;<\/p><div class=\"athgm69f20a63cce43\" ><p style=\"text-align: center;\"><a href=\"https:\/\/t.me\/noticiasdigital58\" target=\"_blank\" rel=\"noopener\"><img class=\"aligncenter size-full wp-image-125363\" src=\"https:\/\/digital58.com.ve\/site\/wp-content\/uploads\/2021\/04\/banner-telegram-web-2021.png\" alt=\"\" width=\"600\" height=\"90\" \/><\/a><\/p><\/div><style type=\"text\/css\">\r\n@media screen and (min-width: 1201px) {\r\n.athgm69f20a63cce43 {\r\ndisplay: block;\r\n}\r\n}\r\n@media screen and (min-width: 993px) and (max-width: 1200px) {\r\n.athgm69f20a63cce43 {\r\ndisplay: block;\r\n}\r\n}\r\n@media screen and (min-width: 769px) and (max-width: 992px) {\r\n.athgm69f20a63cce43 {\r\ndisplay: block;\r\n}\r\n}\r\n@media screen and (min-width: 768px) and (max-width: 768px) {\r\n.athgm69f20a63cce43 {\r\ndisplay: block;\r\n}\r\n}\r\n@media screen and (max-width: 767px) {\r\n.athgm69f20a63cce43 {\r\ndisplay: block;\r\n}\r\n}\r\n<\/style>\r\n\n<p>&nbsp;<\/p>\n<div style=\"margin-top: 0px; margin-bottom: 0px;\" class=\"sharethis-inline-share-buttons\" ><\/div>","protected":false},"excerpt":{"rendered":"<p>Presidente de la Comisi\u00f3n Nacional de Primarias Jes\u00fas Mar\u00eda Casal en Maracaibo Maracaibo, Zulia, Venezuela, 29 de junio de 2024<\/p>\n","protected":false},"author":1,"featured_media":178050,"comment_status":"open","ping_status":"closed","sticky":false,"template":"","format":"standard","meta":{"colormag_page_container_layout":"default_layout","colormag_page_sidebar_layout":"default_layout","_uag_custom_page_level_css":"","footnotes":""},"categories":[14504],"tags":[23073,31897,30332,33712,73,233,2354,4755,32],"class_list":["post-178045","post","type-post","status-publish","format-standard","has-post-thumbnail","hentry","category-zulia","tag-consejo-municipal-de-maracaibo","tag-dia-nacional-del-abogado","tag-facultad-de-derecho","tag-jesus-maria-casal","tag-maracaibo","tag-nacionales","tag-regionales","tag-universidad-catolica-andres-bello","tag-venezuela"],"yoast_head":"<!-- This site is optimized with the Yoast SEO plugin v27.5 - https:\/\/yoast.com\/product\/yoast-seo-wordpress\/ -->\n<title>#Maracaibo | Jes\u00fas Mar\u00eda Casal: Se avecina una transici\u00f3n pactada, compartida \u00abNo es un todo o nada\u00bb<\/title>\n<meta name=\"robots\" content=\"index, follow, max-snippet:-1, max-image-preview:large, max-video-preview:-1\" \/>\n<link rel=\"canonical\" href=\"https:\/\/digital58.com.ve\/site\/2024\/06\/29\/maracaibo-jesus-maria-casal-se-avecina-una-transicion-pactada-compartida-no-es-un-todo-o-nada\/\" \/>\n<meta property=\"og:locale\" content=\"es_ES\" \/>\n<meta property=\"og:type\" content=\"article\" \/>\n<meta property=\"og:title\" content=\"#Maracaibo | Jes\u00fas Mar\u00eda Casal: Se avecina una transici\u00f3n pactada, compartida \u00abNo es un todo o nada\u00bb\" \/>\n<meta property=\"og:url\" content=\"https:\/\/digital58.com.ve\/site\/2024\/06\/29\/maracaibo-jesus-maria-casal-se-avecina-una-transicion-pactada-compartida-no-es-un-todo-o-nada\/\" \/>\n<meta property=\"og:site_name\" content=\"Noticias Digital58\" \/>\n<meta property=\"article:published_time\" content=\"2024-06-29T17:33:21+00:00\" \/>\n<meta property=\"og:image\" content=\"https:\/\/i0.wp.com\/digital58.com.ve\/site\/wp-content\/uploads\/2024\/06\/Jesus-Maria-Casal-1.jpg?fit=800%2C502&ssl=1\" \/>\n\t<meta property=\"og:image:width\" content=\"800\" \/>\n\t<meta property=\"og:image:height\" content=\"502\" \/>\n\t<meta property=\"og:image:type\" content=\"image\/jpeg\" \/>\n<meta name=\"author\" content=\"Villasmil Henry\" \/>\n<meta name=\"twitter:card\" content=\"summary_large_image\" \/>\n<meta name=\"twitter:creator\" content=\"@https:\/\/twitter.com\/villasmilhfoto\" \/>\n<meta name=\"twitter:site\" content=\"@villasmilhfoto\" \/>\n<meta name=\"twitter:label1\" content=\"Escrito por\" \/>\n\t<meta name=\"twitter:data1\" content=\"Villasmil Henry\" \/>\n\t<meta name=\"twitter:label2\" content=\"Tiempo estimado de lectura\" \/>\n\t<meta name=\"twitter:data2\" content=\"2 minutos\" \/>\n<script type=\"application\/ld+json\" class=\"yoast-schema-graph\">{\"@context\":\"https:\\\/\\\/schema.org\",\"@graph\":[{\"@type\":\"Article\",\"@id\":\"https:\\\/\\\/digital58.com.ve\\\/site\\\/2024\\\/06\\\/29\\\/maracaibo-jesus-maria-casal-se-avecina-una-transicion-pactada-compartida-no-es-un-todo-o-nada\\\/#article\",\"isPartOf\":{\"@id\":\"https:\\\/\\\/digital58.com.ve\\\/site\\\/2024\\\/06\\\/29\\\/maracaibo-jesus-maria-casal-se-avecina-una-transicion-pactada-compartida-no-es-un-todo-o-nada\\\/\"},\"author\":{\"name\":\"Villasmil Henry\",\"@id\":\"https:\\\/\\\/digital58.com.ve\\\/site\\\/#\\\/schema\\\/person\\\/64d1c2e4d0d4fd1b849980c4331c2951\"},\"headline\":\"#Maracaibo | Jes\u00fas Mar\u00eda Casal: Se avecina una transici\u00f3n pactada, compartida \u00abNo es un todo o nada\u00bb\",\"datePublished\":\"2024-06-29T17:33:21+00:00\",\"mainEntityOfPage\":{\"@id\":\"https:\\\/\\\/digital58.com.ve\\\/site\\\/2024\\\/06\\\/29\\\/maracaibo-jesus-maria-casal-se-avecina-una-transicion-pactada-compartida-no-es-un-todo-o-nada\\\/\"},\"wordCount\":386,\"commentCount\":0,\"publisher\":{\"@id\":\"https:\\\/\\\/digital58.com.ve\\\/site\\\/#\\\/schema\\\/person\\\/64d1c2e4d0d4fd1b849980c4331c2951\"},\"image\":{\"@id\":\"https:\\\/\\\/digital58.com.ve\\\/site\\\/2024\\\/06\\\/29\\\/maracaibo-jesus-maria-casal-se-avecina-una-transicion-pactada-compartida-no-es-un-todo-o-nada\\\/#primaryimage\"},\"thumbnailUrl\":\"https:\\\/\\\/digital58.com.ve\\\/site\\\/wp-content\\\/uploads\\\/2024\\\/06\\\/Jesus-Maria-Casal-1.jpg\",\"keywords\":[\"Consejo Municipal de Maracaibo\",\"D\u00eda Nacional del Abogado\",\"Facultad de Derecho\",\"Jes\u00fas Mar\u00eda Casal\",\"Maracaibo\",\"Nacionales\",\"Regionales\",\"Universidad Cat\u00f3lica Andr\u00e9s Bello\",\"Venezuela\"],\"articleSection\":[\"Zulia\"],\"inLanguage\":\"es\",\"potentialAction\":[{\"@type\":\"CommentAction\",\"name\":\"Comment\",\"target\":[\"https:\\\/\\\/digital58.com.ve\\\/site\\\/2024\\\/06\\\/29\\\/maracaibo-jesus-maria-casal-se-avecina-una-transicion-pactada-compartida-no-es-un-todo-o-nada\\\/#respond\"]}]},{\"@type\":\"WebPage\",\"@id\":\"https:\\\/\\\/digital58.com.ve\\\/site\\\/2024\\\/06\\\/29\\\/maracaibo-jesus-maria-casal-se-avecina-una-transicion-pactada-compartida-no-es-un-todo-o-nada\\\/\",\"url\":\"https:\\\/\\\/digital58.com.ve\\\/site\\\/2024\\\/06\\\/29\\\/maracaibo-jesus-maria-casal-se-avecina-una-transicion-pactada-compartida-no-es-un-todo-o-nada\\\/\",\"name\":\"#Maracaibo | Jes\u00fas Mar\u00eda Casal: Se avecina una transici\u00f3n pactada, compartida \u00abNo es un todo o nada\u00bb\",\"isPartOf\":{\"@id\":\"https:\\\/\\\/digital58.com.ve\\\/site\\\/#website\"},\"primaryImageOfPage\":{\"@id\":\"https:\\\/\\\/digital58.com.ve\\\/site\\\/2024\\\/06\\\/29\\\/maracaibo-jesus-maria-casal-se-avecina-una-transicion-pactada-compartida-no-es-un-todo-o-nada\\\/#primaryimage\"},\"image\":{\"@id\":\"https:\\\/\\\/digital58.com.ve\\\/site\\\/2024\\\/06\\\/29\\\/maracaibo-jesus-maria-casal-se-avecina-una-transicion-pactada-compartida-no-es-un-todo-o-nada\\\/#primaryimage\"},\"thumbnailUrl\":\"https:\\\/\\\/digital58.com.ve\\\/site\\\/wp-content\\\/uploads\\\/2024\\\/06\\\/Jesus-Maria-Casal-1.jpg\",\"datePublished\":\"2024-06-29T17:33:21+00:00\",\"breadcrumb\":{\"@id\":\"https:\\\/\\\/digital58.com.ve\\\/site\\\/2024\\\/06\\\/29\\\/maracaibo-jesus-maria-casal-se-avecina-una-transicion-pactada-compartida-no-es-un-todo-o-nada\\\/#breadcrumb\"},\"inLanguage\":\"es\",\"potentialAction\":[{\"@type\":\"ReadAction\",\"target\":[\"https:\\\/\\\/digital58.com.ve\\\/site\\\/2024\\\/06\\\/29\\\/maracaibo-jesus-maria-casal-se-avecina-una-transicion-pactada-compartida-no-es-un-todo-o-nada\\\/\"]}]},{\"@type\":\"ImageObject\",\"inLanguage\":\"es\",\"@id\":\"https:\\\/\\\/digital58.com.ve\\\/site\\\/2024\\\/06\\\/29\\\/maracaibo-jesus-maria-casal-se-avecina-una-transicion-pactada-compartida-no-es-un-todo-o-nada\\\/#primaryimage\",\"url\":\"https:\\\/\\\/digital58.com.ve\\\/site\\\/wp-content\\\/uploads\\\/2024\\\/06\\\/Jesus-Maria-Casal-1.jpg\",\"contentUrl\":\"https:\\\/\\\/digital58.com.ve\\\/site\\\/wp-content\\\/uploads\\\/2024\\\/06\\\/Jesus-Maria-Casal-1.jpg\",\"width\":800,\"height\":502},{\"@type\":\"BreadcrumbList\",\"@id\":\"https:\\\/\\\/digital58.com.ve\\\/site\\\/2024\\\/06\\\/29\\\/maracaibo-jesus-maria-casal-se-avecina-una-transicion-pactada-compartida-no-es-un-todo-o-nada\\\/#breadcrumb\",\"itemListElement\":[{\"@type\":\"ListItem\",\"position\":1,\"name\":\"Home\",\"item\":\"https:\\\/\\\/digital58.com.ve\\\/site\\\/\"},{\"@type\":\"ListItem\",\"position\":2,\"name\":\"#Maracaibo | Jes\u00fas Mar\u00eda Casal: Se avecina una transici\u00f3n pactada, compartida \u00abNo es un todo o nada\u00bb\"}]},{\"@type\":\"WebSite\",\"@id\":\"https:\\\/\\\/digital58.com.ve\\\/site\\\/#website\",\"url\":\"https:\\\/\\\/digital58.com.ve\\\/site\\\/\",\"name\":\"Noticias Digital58\",\"description\":\"Portal de Noticias \u00a1Periodismo web de verdad! Lanzamiento web 22.11.2005 \\\/ Maracaibo, Venezuela\",\"publisher\":{\"@id\":\"https:\\\/\\\/digital58.com.ve\\\/site\\\/#\\\/schema\\\/person\\\/64d1c2e4d0d4fd1b849980c4331c2951\"},\"alternateName\":\"ND58\",\"potentialAction\":[{\"@type\":\"SearchAction\",\"target\":{\"@type\":\"EntryPoint\",\"urlTemplate\":\"https:\\\/\\\/digital58.com.ve\\\/site\\\/?s={search_term_string}\"},\"query-input\":{\"@type\":\"PropertyValueSpecification\",\"valueRequired\":true,\"valueName\":\"search_term_string\"}}],\"inLanguage\":\"es\"},{\"@type\":[\"Person\",\"Organization\"],\"@id\":\"https:\\\/\\\/digital58.com.ve\\\/site\\\/#\\\/schema\\\/person\\\/64d1c2e4d0d4fd1b849980c4331c2951\",\"name\":\"Villasmil Henry\",\"image\":{\"@type\":\"ImageObject\",\"inLanguage\":\"es\",\"@id\":\"https:\\\/\\\/secure.gravatar.com\\\/avatar\\\/bb0c4a2fcb7970138239f7e404ea75757b1b507b28b5ce4c53fbd62d797c5a7c?s=96&d=mm&r=g\",\"url\":\"https:\\\/\\\/secure.gravatar.com\\\/avatar\\\/bb0c4a2fcb7970138239f7e404ea75757b1b507b28b5ce4c53fbd62d797c5a7c?s=96&d=mm&r=g\",\"contentUrl\":\"https:\\\/\\\/secure.gravatar.com\\\/avatar\\\/bb0c4a2fcb7970138239f7e404ea75757b1b507b28b5ce4c53fbd62d797c5a7c?s=96&d=mm&r=g\",\"caption\":\"Villasmil Henry\"},\"logo\":{\"@id\":\"https:\\\/\\\/secure.gravatar.com\\\/avatar\\\/bb0c4a2fcb7970138239f7e404ea75757b1b507b28b5ce4c53fbd62d797c5a7c?s=96&d=mm&r=g\"},\"sameAs\":[\"http:\\\/\\\/www.henryvillasmil.com.ve\",\"https:\\\/\\\/www.instagram.com\\\/villasmilhfoto\\\/\",\"https:\\\/\\\/x.com\\\/https:\\\/\\\/twitter.com\\\/villasmilhfoto\"],\"url\":\"https:\\\/\\\/digital58.com.ve\\\/site\\\/author\\\/droopy_68\\\/\"}]}<\/script>\n<!-- \/ Yoast SEO plugin. -->","yoast_head_json":{"title":"#Maracaibo | Jes\u00fas Mar\u00eda Casal: Se avecina una transici\u00f3n pactada, compartida \u00abNo es un todo o nada\u00bb","robots":{"index":"index","follow":"follow","max-snippet":"max-snippet:-1","max-image-preview":"max-image-preview:large","max-video-preview":"max-video-preview:-1"},"canonical":"https:\/\/digital58.com.ve\/site\/2024\/06\/29\/maracaibo-jesus-maria-casal-se-avecina-una-transicion-pactada-compartida-no-es-un-todo-o-nada\/","og_locale":"es_ES","og_type":"article","og_title":"#Maracaibo | Jes\u00fas Mar\u00eda Casal: Se avecina una transici\u00f3n pactada, compartida \u00abNo es un todo o nada\u00bb","og_url":"https:\/\/digital58.com.ve\/site\/2024\/06\/29\/maracaibo-jesus-maria-casal-se-avecina-una-transicion-pactada-compartida-no-es-un-todo-o-nada\/","og_site_name":"Noticias Digital58","article_published_time":"2024-06-29T17:33:21+00:00","og_image":[{"width":800,"height":502,"url":"https:\/\/i0.wp.com\/digital58.com.ve\/site\/wp-content\/uploads\/2024\/06\/Jesus-Maria-Casal-1.jpg?fit=800%2C502&ssl=1","type":"image\/jpeg"}],"author":"Villasmil Henry","twitter_card":"summary_large_image","twitter_creator":"@https:\/\/twitter.com\/villasmilhfoto","twitter_site":"@villasmilhfoto","twitter_misc":{"Escrito por":"Villasmil Henry","Tiempo estimado de lectura":"2 minutos"},"schema":{"@context":"https:\/\/schema.org","@graph":[{"@type":"Article","@id":"https:\/\/digital58.com.ve\/site\/2024\/06\/29\/maracaibo-jesus-maria-casal-se-avecina-una-transicion-pactada-compartida-no-es-un-todo-o-nada\/#article","isPartOf":{"@id":"https:\/\/digital58.com.ve\/site\/2024\/06\/29\/maracaibo-jesus-maria-casal-se-avecina-una-transicion-pactada-compartida-no-es-un-todo-o-nada\/"},"author":{"name":"Villasmil Henry","@id":"https:\/\/digital58.com.ve\/site\/#\/schema\/person\/64d1c2e4d0d4fd1b849980c4331c2951"},"headline":"#Maracaibo | Jes\u00fas Mar\u00eda Casal: Se avecina una transici\u00f3n pactada, compartida \u00abNo es un todo o nada\u00bb","datePublished":"2024-06-29T17:33:21+00:00","mainEntityOfPage":{"@id":"https:\/\/digital58.com.ve\/site\/2024\/06\/29\/maracaibo-jesus-maria-casal-se-avecina-una-transicion-pactada-compartida-no-es-un-todo-o-nada\/"},"wordCount":386,"commentCount":0,"publisher":{"@id":"https:\/\/digital58.com.ve\/site\/#\/schema\/person\/64d1c2e4d0d4fd1b849980c4331c2951"},"image":{"@id":"https:\/\/digital58.com.ve\/site\/2024\/06\/29\/maracaibo-jesus-maria-casal-se-avecina-una-transicion-pactada-compartida-no-es-un-todo-o-nada\/#primaryimage"},"thumbnailUrl":"https:\/\/digital58.com.ve\/site\/wp-content\/uploads\/2024\/06\/Jesus-Maria-Casal-1.jpg","keywords":["Consejo Municipal de Maracaibo","D\u00eda Nacional del Abogado","Facultad de Derecho","Jes\u00fas Mar\u00eda Casal","Maracaibo","Nacionales","Regionales","Universidad Cat\u00f3lica Andr\u00e9s Bello","Venezuela"],"articleSection":["Zulia"],"inLanguage":"es","potentialAction":[{"@type":"CommentAction","name":"Comment","target":["https:\/\/digital58.com.ve\/site\/2024\/06\/29\/maracaibo-jesus-maria-casal-se-avecina-una-transicion-pactada-compartida-no-es-un-todo-o-nada\/#respond"]}]},{"@type":"WebPage","@id":"https:\/\/digital58.com.ve\/site\/2024\/06\/29\/maracaibo-jesus-maria-casal-se-avecina-una-transicion-pactada-compartida-no-es-un-todo-o-nada\/","url":"https:\/\/digital58.com.ve\/site\/2024\/06\/29\/maracaibo-jesus-maria-casal-se-avecina-una-transicion-pactada-compartida-no-es-un-todo-o-nada\/","name":"#Maracaibo | Jes\u00fas Mar\u00eda Casal: Se avecina una transici\u00f3n pactada, compartida \u00abNo es un todo o nada\u00bb","isPartOf":{"@id":"https:\/\/digital58.com.ve\/site\/#website"},"primaryImageOfPage":{"@id":"https:\/\/digital58.com.ve\/site\/2024\/06\/29\/maracaibo-jesus-maria-casal-se-avecina-una-transicion-pactada-compartida-no-es-un-todo-o-nada\/#primaryimage"},"image":{"@id":"https:\/\/digital58.com.ve\/site\/2024\/06\/29\/maracaibo-jesus-maria-casal-se-avecina-una-transicion-pactada-compartida-no-es-un-todo-o-nada\/#primaryimage"},"thumbnailUrl":"https:\/\/digital58.com.ve\/site\/wp-content\/uploads\/2024\/06\/Jesus-Maria-Casal-1.jpg","datePublished":"2024-06-29T17:33:21+00:00","breadcrumb":{"@id":"https:\/\/digital58.com.ve\/site\/2024\/06\/29\/maracaibo-jesus-maria-casal-se-avecina-una-transicion-pactada-compartida-no-es-un-todo-o-nada\/#breadcrumb"},"inLanguage":"es","potentialAction":[{"@type":"ReadAction","target":["https:\/\/digital58.com.ve\/site\/2024\/06\/29\/maracaibo-jesus-maria-casal-se-avecina-una-transicion-pactada-compartida-no-es-un-todo-o-nada\/"]}]},{"@type":"ImageObject","inLanguage":"es","@id":"https:\/\/digital58.com.ve\/site\/2024\/06\/29\/maracaibo-jesus-maria-casal-se-avecina-una-transicion-pactada-compartida-no-es-un-todo-o-nada\/#primaryimage","url":"https:\/\/digital58.com.ve\/site\/wp-content\/uploads\/2024\/06\/Jesus-Maria-Casal-1.jpg","contentUrl":"https:\/\/digital58.com.ve\/site\/wp-content\/uploads\/2024\/06\/Jesus-Maria-Casal-1.jpg","width":800,"height":502},{"@type":"BreadcrumbList","@id":"https:\/\/digital58.com.ve\/site\/2024\/06\/29\/maracaibo-jesus-maria-casal-se-avecina-una-transicion-pactada-compartida-no-es-un-todo-o-nada\/#breadcrumb","itemListElement":[{"@type":"ListItem","position":1,"name":"Home","item":"https:\/\/digital58.com.ve\/site\/"},{"@type":"ListItem","position":2,"name":"#Maracaibo | Jes\u00fas Mar\u00eda Casal: Se avecina una transici\u00f3n pactada, compartida \u00abNo es un todo o nada\u00bb"}]},{"@type":"WebSite","@id":"https:\/\/digital58.com.ve\/site\/#website","url":"https:\/\/digital58.com.ve\/site\/","name":"Noticias Digital58","description":"Portal de Noticias \u00a1Periodismo web de verdad! Lanzamiento web 22.11.2005 \/ Maracaibo, Venezuela","publisher":{"@id":"https:\/\/digital58.com.ve\/site\/#\/schema\/person\/64d1c2e4d0d4fd1b849980c4331c2951"},"alternateName":"ND58","potentialAction":[{"@type":"SearchAction","target":{"@type":"EntryPoint","urlTemplate":"https:\/\/digital58.com.ve\/site\/?s={search_term_string}"},"query-input":{"@type":"PropertyValueSpecification","valueRequired":true,"valueName":"search_term_string"}}],"inLanguage":"es"},{"@type":["Person","Organization"],"@id":"https:\/\/digital58.com.ve\/site\/#\/schema\/person\/64d1c2e4d0d4fd1b849980c4331c2951","name":"Villasmil Henry","image":{"@type":"ImageObject","inLanguage":"es","@id":"https:\/\/secure.gravatar.com\/avatar\/bb0c4a2fcb7970138239f7e404ea75757b1b507b28b5ce4c53fbd62d797c5a7c?s=96&d=mm&r=g","url":"https:\/\/secure.gravatar.com\/avatar\/bb0c4a2fcb7970138239f7e404ea75757b1b507b28b5ce4c53fbd62d797c5a7c?s=96&d=mm&r=g","contentUrl":"https:\/\/secure.gravatar.com\/avatar\/bb0c4a2fcb7970138239f7e404ea75757b1b507b28b5ce4c53fbd62d797c5a7c?s=96&d=mm&r=g","caption":"Villasmil Henry"},"logo":{"@id":"https:\/\/secure.gravatar.com\/avatar\/bb0c4a2fcb7970138239f7e404ea75757b1b507b28b5ce4c53fbd62d797c5a7c?s=96&d=mm&r=g"},"sameAs":["http:\/\/www.henryvillasmil.com.ve","https:\/\/www.instagram.com\/villasmilhfoto\/","https:\/\/x.com\/https:\/\/twitter.com\/villasmilhfoto"],"url":"https:\/\/digital58.com.ve\/site\/author\/droopy_68\/"}]}},"uagb_featured_image_src":{"full":["https:\/\/digital58.com.ve\/site\/wp-content\/uploads\/2024\/06\/Jesus-Maria-Casal-1.jpg",800,502,false],"thumbnail":["https:\/\/digital58.com.ve\/site\/wp-content\/uploads\/2024\/06\/Jesus-Maria-Casal-1-150x150.jpg",150,150,true],"medium":["https:\/\/digital58.com.ve\/site\/wp-content\/uploads\/2024\/06\/Jesus-Maria-Casal-1-300x188.jpg",300,188,true],"medium_large":["https:\/\/digital58.com.ve\/site\/wp-content\/uploads\/2024\/06\/Jesus-Maria-Casal-1-768x482.jpg",768,482,true],"large":["https:\/\/digital58.com.ve\/site\/wp-content\/uploads\/2024\/06\/Jesus-Maria-Casal-1.jpg",800,502,false],"1536x1536":["https:\/\/digital58.com.ve\/site\/wp-content\/uploads\/2024\/06\/Jesus-Maria-Casal-1.jpg",800,502,false],"2048x2048":["https:\/\/digital58.com.ve\/site\/wp-content\/uploads\/2024\/06\/Jesus-Maria-Casal-1.jpg",800,502,false],"colormag-highlighted-post":["https:\/\/digital58.com.ve\/site\/wp-content\/uploads\/2024\/06\/Jesus-Maria-Casal-1-392x272.jpg",392,272,true],"colormag-featured-post-medium":["https:\/\/digital58.com.ve\/site\/wp-content\/uploads\/2024\/06\/Jesus-Maria-Casal-1-390x205.jpg",390,205,true],"colormag-featured-post-small":["https:\/\/digital58.com.ve\/site\/wp-content\/uploads\/2024\/06\/Jesus-Maria-Casal-1-130x90.jpg",130,90,true],"colormag-featured-image":["https:\/\/digital58.com.ve\/site\/wp-content\/uploads\/2024\/06\/Jesus-Maria-Casal-1-800x445.jpg",800,445,true],"colormag-default-news":["https:\/\/digital58.com.ve\/site\/wp-content\/uploads\/2024\/06\/Jesus-Maria-Casal-1-150x150.jpg",150,150,true],"colormag-featured-image-large":["https:\/\/digital58.com.ve\/site\/wp-content\/uploads\/2024\/06\/Jesus-Maria-Casal-1.jpg",800,502,false]},"uagb_author_info":{"display_name":"Villasmil Henry","author_link":"https:\/\/digital58.com.ve\/site\/author\/droopy_68\/"},"uagb_comment_info":0,"uagb_excerpt":"Presidente de la Comisi\u00f3n Nacional de Primarias Jes\u00fas Mar\u00eda Casal en Maracaibo Maracaibo, Zulia, Venezuela, 29 de junio de 2024","_links":{"self":[{"href":"https:\/\/digital58.com.ve\/site\/wp-json\/wp\/v2\/posts\/178045","targetHints":{"allow":["GET"]}}],"collection":[{"href":"https:\/\/digital58.com.ve\/site\/wp-json\/wp\/v2\/posts"}],"about":[{"href":"https:\/\/digital58.com.ve\/site\/wp-json\/wp\/v2\/types\/post"}],"author":[{"embeddable":true,"href":"https:\/\/digital58.com.ve\/site\/wp-json\/wp\/v2\/users\/1"}],"replies":[{"embeddable":true,"href":"https:\/\/digital58.com.ve\/site\/wp-json\/wp\/v2\/comments?post=178045"}],"version-history":[{"count":1,"href":"https:\/\/digital58.com.ve\/site\/wp-json\/wp\/v2\/posts\/178045\/revisions"}],"predecessor-version":[{"id":178051,"href":"https:\/\/digital58.com.ve\/site\/wp-json\/wp\/v2\/posts\/178045\/revisions\/178051"}],"wp:featuredmedia":[{"embeddable":true,"href":"https:\/\/digital58.com.ve\/site\/wp-json\/wp\/v2\/media\/178050"}],"wp:attachment":[{"href":"https:\/\/digital58.com.ve\/site\/wp-json\/wp\/v2\/media?parent=178045"}],"wp:term":[{"taxonomy":"category","embeddable":true,"href":"https:\/\/digital58.com.ve\/site\/wp-json\/wp\/v2\/categories?post=178045"},{"taxonomy":"post_tag","embeddable":true,"href":"https:\/\/digital58.com.ve\/site\/wp-json\/wp\/v2\/tags?post=178045"}],"curies":[{"name":"wp","href":"https:\/\/api.w.org\/{rel}","templated":true}]}}