{"id":178862,"date":"2024-08-09T08:12:20","date_gmt":"2024-08-09T12:12:20","guid":{"rendered":"https:\/\/digital58.com.ve\/site\/?p=178862"},"modified":"2024-08-09T08:12:36","modified_gmt":"2024-08-09T12:12:36","slug":"zulia-diputado-yimmys-rodriguez-los-indigenas-en-su-dia-ratifican-su-respaldo-a-nicolas-maduro","status":"publish","type":"post","link":"https:\/\/digital58.com.ve\/site\/2024\/08\/09\/zulia-diputado-yimmys-rodriguez-los-indigenas-en-su-dia-ratifican-su-respaldo-a-nicolas-maduro\/","title":{"rendered":"#Zulia | Diputado Yimmys Rodr\u00edguez: \u00abLos ind\u00edgenas en su D\u00eda ratifican su respaldo a Nicol\u00e1s Maduro\u00bb"},"content":{"rendered":"<p><a href=\"https:\/\/digital58.com.ve\/site\/wp-content\/uploads\/2024\/08\/Yimmys-Rodriguez.jpg\"><img loading=\"lazy\" decoding=\"async\" class=\"aligncenter size-full wp-image-178864\" src=\"https:\/\/digital58.com.ve\/site\/wp-content\/uploads\/2024\/08\/Yimmys-Rodriguez.jpg\" alt=\"\" width=\"800\" height=\"530\" srcset=\"https:\/\/digital58.com.ve\/site\/wp-content\/uploads\/2024\/08\/Yimmys-Rodriguez.jpg 800w, https:\/\/digital58.com.ve\/site\/wp-content\/uploads\/2024\/08\/Yimmys-Rodriguez-300x199.jpg 300w, https:\/\/digital58.com.ve\/site\/wp-content\/uploads\/2024\/08\/Yimmys-Rodriguez-768x509.jpg 768w\" sizes=\"auto, (max-width: 800px) 100vw, 800px\" \/><\/a><\/p>\n<p>El diputado ind\u00edgena a la Asamblea Nacional por la regi\u00f3n occidente, Yimmys Rodr\u00edguez, destac\u00f3 que este viernes 09 de agosto se celebra el D\u00eda Internacional de los Pueblos Ind\u00edgenas y en Venezuela la fecha representa los logros y reivindicaciones alcanzadas desde la llegada al Poder de Hugo Ch\u00e1vez Fr\u00edas, pol\u00edticas de inclusi\u00f3n que se consolidan con el respaldo del Presidente Nicol\u00e1s Maduro.<\/p>\n<p><strong>Maracaibo, Zulia, Venezuela, 09 de agosto de 2024 (ND58).-<\/strong> Al respecto, el Parlamentario de origen Way\u00fau afirm\u00f3 que durante las elecciones presidenciales del pasado 28 de julio los pueblos ind\u00edgenas de Venezuela en especial los del Zulia ratificaron en las urnas su compromiso con la Revoluci\u00f3n Bolivariana y votaron para contribuir con el triunfo del chavismo.<\/p>\n<p>Afirm\u00f3 que el Gobierno Bolivariano brinda participaci\u00f3n protag\u00f3nica a los ind\u00edgenas en cada una de las \u00e1reas sociopol\u00edticas del pa\u00eds y por intermedio de programas de atenci\u00f3n mejora las condiciones de vida de las comunidades ind\u00edgenas, protege sus territorios y promueve su cultura y tradiciones.<\/p>\n<p>Resalt\u00f3 que ante los planes de desestabilizaci\u00f3n y golpe de estado que impulsa la derecha extrema para intentar desconocer la reelecci\u00f3n del Presidente Maduro, los pueblos ind\u00edgenas estar\u00e1n en la vanguardia para la defensa de la patria y la soberan\u00eda nacional.<\/p>\n<p><strong>Redacci\u00f3n ND58 | Fuente: Prensa Bloque Parlamentario del Zulia<\/strong><br \/>\n<strong>Edici\u00f3n: Villasmil, Henry<\/strong><br \/>\n<strong>Gr\u00e1ficas: Cortes\u00eda Prensa Bloque Parlamentario del Zulia<\/strong><\/p>\n<p>&nbsp;<\/p>\n<p>&nbsp;<\/p><div class=\"roxxw69f45ea7ca91b\" ><p style=\"text-align: center;\"><a href=\"https:\/\/t.me\/noticiasdigital58\" target=\"_blank\" rel=\"noopener\"><img class=\"aligncenter size-full wp-image-125363\" src=\"https:\/\/digital58.com.ve\/site\/wp-content\/uploads\/2021\/04\/banner-telegram-web-2021.png\" alt=\"\" width=\"600\" height=\"90\" \/><\/a><\/p><\/div><style type=\"text\/css\">\r\n@media screen and (min-width: 1201px) {\r\n.roxxw69f45ea7ca91b {\r\ndisplay: block;\r\n}\r\n}\r\n@media screen and (min-width: 993px) and (max-width: 1200px) {\r\n.roxxw69f45ea7ca91b {\r\ndisplay: block;\r\n}\r\n}\r\n@media screen and (min-width: 769px) and (max-width: 992px) {\r\n.roxxw69f45ea7ca91b {\r\ndisplay: block;\r\n}\r\n}\r\n@media screen and (min-width: 768px) and (max-width: 768px) {\r\n.roxxw69f45ea7ca91b {\r\ndisplay: block;\r\n}\r\n}\r\n@media screen and (max-width: 767px) {\r\n.roxxw69f45ea7ca91b {\r\ndisplay: block;\r\n}\r\n}\r\n<\/style>\r\n\n<p>&nbsp;<\/p>\n<div style=\"margin-top: 0px; margin-bottom: 0px;\" class=\"sharethis-inline-share-buttons\" ><\/div>","protected":false},"excerpt":{"rendered":"<p>El diputado ind\u00edgena a la Asamblea Nacional por la regi\u00f3n occidente, Yimmys Rodr\u00edguez, destac\u00f3 que este viernes 09 de agosto<\/p>\n","protected":false},"author":1,"featured_media":178864,"comment_status":"open","ping_status":"closed","sticky":false,"template":"","format":"standard","meta":{"colormag_page_container_layout":"default_layout","colormag_page_sidebar_layout":"default_layout","_uag_custom_page_level_css":"","footnotes":""},"categories":[14504],"tags":[11979,19894,13762,73,233,14182,2354,32,18572],"class_list":["post-178862","post","type-post","status-publish","format-standard","has-post-thumbnail","hentry","category-zulia","tag-chavismo","tag-dia-internacional-de-los-pueblos-indigenas","tag-diputados-asamblea-nacional","tag-maracaibo","tag-nacionales","tag-nicolas-maduro-moros","tag-regionales","tag-venezuela","tag-yimmys-rodriguez"],"yoast_head":"<!-- This site is optimized with the Yoast SEO plugin v27.5 - https:\/\/yoast.com\/product\/yoast-seo-wordpress\/ -->\n<title>#Zulia | Diputado Yimmys Rodr\u00edguez: \u00abLos ind\u00edgenas en su D\u00eda ratifican su respaldo a Nicol\u00e1s Maduro\u00bb<\/title>\n<meta name=\"robots\" content=\"index, follow, max-snippet:-1, max-image-preview:large, max-video-preview:-1\" \/>\n<link rel=\"canonical\" href=\"https:\/\/digital58.com.ve\/site\/2024\/08\/09\/zulia-diputado-yimmys-rodriguez-los-indigenas-en-su-dia-ratifican-su-respaldo-a-nicolas-maduro\/\" \/>\n<meta property=\"og:locale\" content=\"es_ES\" \/>\n<meta property=\"og:type\" content=\"article\" \/>\n<meta property=\"og:title\" content=\"#Zulia | Diputado Yimmys Rodr\u00edguez: \u00abLos ind\u00edgenas en su D\u00eda ratifican su respaldo a Nicol\u00e1s Maduro\u00bb\" \/>\n<meta property=\"og:url\" content=\"https:\/\/digital58.com.ve\/site\/2024\/08\/09\/zulia-diputado-yimmys-rodriguez-los-indigenas-en-su-dia-ratifican-su-respaldo-a-nicolas-maduro\/\" \/>\n<meta property=\"og:site_name\" content=\"Noticias Digital58\" \/>\n<meta property=\"article:published_time\" content=\"2024-08-09T12:12:20+00:00\" \/>\n<meta property=\"article:modified_time\" content=\"2024-08-09T12:12:36+00:00\" \/>\n<meta property=\"og:image\" content=\"https:\/\/i0.wp.com\/digital58.com.ve\/site\/wp-content\/uploads\/2024\/08\/Yimmys-Rodriguez.jpg?fit=800%2C530&ssl=1\" \/>\n\t<meta property=\"og:image:width\" content=\"800\" \/>\n\t<meta property=\"og:image:height\" content=\"530\" \/>\n\t<meta property=\"og:image:type\" content=\"image\/jpeg\" \/>\n<meta name=\"author\" content=\"Villasmil Henry\" \/>\n<meta name=\"twitter:card\" content=\"summary_large_image\" \/>\n<meta name=\"twitter:creator\" content=\"@https:\/\/twitter.com\/villasmilhfoto\" \/>\n<meta name=\"twitter:site\" content=\"@villasmilhfoto\" \/>\n<meta name=\"twitter:label1\" content=\"Escrito por\" \/>\n\t<meta name=\"twitter:data1\" content=\"Villasmil Henry\" \/>\n\t<meta name=\"twitter:label2\" content=\"Tiempo estimado de lectura\" \/>\n\t<meta name=\"twitter:data2\" content=\"1 minuto\" \/>\n<script type=\"application\/ld+json\" class=\"yoast-schema-graph\">{\"@context\":\"https:\\\/\\\/schema.org\",\"@graph\":[{\"@type\":\"Article\",\"@id\":\"https:\\\/\\\/digital58.com.ve\\\/site\\\/2024\\\/08\\\/09\\\/zulia-diputado-yimmys-rodriguez-los-indigenas-en-su-dia-ratifican-su-respaldo-a-nicolas-maduro\\\/#article\",\"isPartOf\":{\"@id\":\"https:\\\/\\\/digital58.com.ve\\\/site\\\/2024\\\/08\\\/09\\\/zulia-diputado-yimmys-rodriguez-los-indigenas-en-su-dia-ratifican-su-respaldo-a-nicolas-maduro\\\/\"},\"author\":{\"name\":\"Villasmil Henry\",\"@id\":\"https:\\\/\\\/digital58.com.ve\\\/site\\\/#\\\/schema\\\/person\\\/64d1c2e4d0d4fd1b849980c4331c2951\"},\"headline\":\"#Zulia | Diputado Yimmys Rodr\u00edguez: \u00abLos ind\u00edgenas en su D\u00eda ratifican su respaldo a Nicol\u00e1s Maduro\u00bb\",\"datePublished\":\"2024-08-09T12:12:20+00:00\",\"dateModified\":\"2024-08-09T12:12:36+00:00\",\"mainEntityOfPage\":{\"@id\":\"https:\\\/\\\/digital58.com.ve\\\/site\\\/2024\\\/08\\\/09\\\/zulia-diputado-yimmys-rodriguez-los-indigenas-en-su-dia-ratifican-su-respaldo-a-nicolas-maduro\\\/\"},\"wordCount\":270,\"commentCount\":0,\"publisher\":{\"@id\":\"https:\\\/\\\/digital58.com.ve\\\/site\\\/#\\\/schema\\\/person\\\/64d1c2e4d0d4fd1b849980c4331c2951\"},\"image\":{\"@id\":\"https:\\\/\\\/digital58.com.ve\\\/site\\\/2024\\\/08\\\/09\\\/zulia-diputado-yimmys-rodriguez-los-indigenas-en-su-dia-ratifican-su-respaldo-a-nicolas-maduro\\\/#primaryimage\"},\"thumbnailUrl\":\"https:\\\/\\\/digital58.com.ve\\\/site\\\/wp-content\\\/uploads\\\/2024\\\/08\\\/Yimmys-Rodriguez.jpg\",\"keywords\":[\"Chavismo\",\"D\u00eda Internacional de los Pueblos Ind\u00edgenas\",\"Diputados Asamblea Nacional\",\"Maracaibo\",\"Nacionales\",\"Nicol\u00e1s Maduro Moros\",\"Regionales\",\"Venezuela\",\"Yimmys Rodr\u00edguez\"],\"articleSection\":[\"Zulia\"],\"inLanguage\":\"es\",\"potentialAction\":[{\"@type\":\"CommentAction\",\"name\":\"Comment\",\"target\":[\"https:\\\/\\\/digital58.com.ve\\\/site\\\/2024\\\/08\\\/09\\\/zulia-diputado-yimmys-rodriguez-los-indigenas-en-su-dia-ratifican-su-respaldo-a-nicolas-maduro\\\/#respond\"]}]},{\"@type\":\"WebPage\",\"@id\":\"https:\\\/\\\/digital58.com.ve\\\/site\\\/2024\\\/08\\\/09\\\/zulia-diputado-yimmys-rodriguez-los-indigenas-en-su-dia-ratifican-su-respaldo-a-nicolas-maduro\\\/\",\"url\":\"https:\\\/\\\/digital58.com.ve\\\/site\\\/2024\\\/08\\\/09\\\/zulia-diputado-yimmys-rodriguez-los-indigenas-en-su-dia-ratifican-su-respaldo-a-nicolas-maduro\\\/\",\"name\":\"#Zulia | Diputado Yimmys Rodr\u00edguez: \u00abLos ind\u00edgenas en su D\u00eda ratifican su respaldo a Nicol\u00e1s Maduro\u00bb\",\"isPartOf\":{\"@id\":\"https:\\\/\\\/digital58.com.ve\\\/site\\\/#website\"},\"primaryImageOfPage\":{\"@id\":\"https:\\\/\\\/digital58.com.ve\\\/site\\\/2024\\\/08\\\/09\\\/zulia-diputado-yimmys-rodriguez-los-indigenas-en-su-dia-ratifican-su-respaldo-a-nicolas-maduro\\\/#primaryimage\"},\"image\":{\"@id\":\"https:\\\/\\\/digital58.com.ve\\\/site\\\/2024\\\/08\\\/09\\\/zulia-diputado-yimmys-rodriguez-los-indigenas-en-su-dia-ratifican-su-respaldo-a-nicolas-maduro\\\/#primaryimage\"},\"thumbnailUrl\":\"https:\\\/\\\/digital58.com.ve\\\/site\\\/wp-content\\\/uploads\\\/2024\\\/08\\\/Yimmys-Rodriguez.jpg\",\"datePublished\":\"2024-08-09T12:12:20+00:00\",\"dateModified\":\"2024-08-09T12:12:36+00:00\",\"breadcrumb\":{\"@id\":\"https:\\\/\\\/digital58.com.ve\\\/site\\\/2024\\\/08\\\/09\\\/zulia-diputado-yimmys-rodriguez-los-indigenas-en-su-dia-ratifican-su-respaldo-a-nicolas-maduro\\\/#breadcrumb\"},\"inLanguage\":\"es\",\"potentialAction\":[{\"@type\":\"ReadAction\",\"target\":[\"https:\\\/\\\/digital58.com.ve\\\/site\\\/2024\\\/08\\\/09\\\/zulia-diputado-yimmys-rodriguez-los-indigenas-en-su-dia-ratifican-su-respaldo-a-nicolas-maduro\\\/\"]}]},{\"@type\":\"ImageObject\",\"inLanguage\":\"es\",\"@id\":\"https:\\\/\\\/digital58.com.ve\\\/site\\\/2024\\\/08\\\/09\\\/zulia-diputado-yimmys-rodriguez-los-indigenas-en-su-dia-ratifican-su-respaldo-a-nicolas-maduro\\\/#primaryimage\",\"url\":\"https:\\\/\\\/digital58.com.ve\\\/site\\\/wp-content\\\/uploads\\\/2024\\\/08\\\/Yimmys-Rodriguez.jpg\",\"contentUrl\":\"https:\\\/\\\/digital58.com.ve\\\/site\\\/wp-content\\\/uploads\\\/2024\\\/08\\\/Yimmys-Rodriguez.jpg\",\"width\":800,\"height\":530},{\"@type\":\"BreadcrumbList\",\"@id\":\"https:\\\/\\\/digital58.com.ve\\\/site\\\/2024\\\/08\\\/09\\\/zulia-diputado-yimmys-rodriguez-los-indigenas-en-su-dia-ratifican-su-respaldo-a-nicolas-maduro\\\/#breadcrumb\",\"itemListElement\":[{\"@type\":\"ListItem\",\"position\":1,\"name\":\"Home\",\"item\":\"https:\\\/\\\/digital58.com.ve\\\/site\\\/\"},{\"@type\":\"ListItem\",\"position\":2,\"name\":\"#Zulia | Diputado Yimmys Rodr\u00edguez: \u00abLos ind\u00edgenas en su D\u00eda ratifican su respaldo a Nicol\u00e1s Maduro\u00bb\"}]},{\"@type\":\"WebSite\",\"@id\":\"https:\\\/\\\/digital58.com.ve\\\/site\\\/#website\",\"url\":\"https:\\\/\\\/digital58.com.ve\\\/site\\\/\",\"name\":\"Noticias Digital58\",\"description\":\"Portal de Noticias \u00a1Periodismo web de verdad! Lanzamiento web 22.11.2005 \\\/ Maracaibo, Venezuela\",\"publisher\":{\"@id\":\"https:\\\/\\\/digital58.com.ve\\\/site\\\/#\\\/schema\\\/person\\\/64d1c2e4d0d4fd1b849980c4331c2951\"},\"alternateName\":\"ND58\",\"potentialAction\":[{\"@type\":\"SearchAction\",\"target\":{\"@type\":\"EntryPoint\",\"urlTemplate\":\"https:\\\/\\\/digital58.com.ve\\\/site\\\/?s={search_term_string}\"},\"query-input\":{\"@type\":\"PropertyValueSpecification\",\"valueRequired\":true,\"valueName\":\"search_term_string\"}}],\"inLanguage\":\"es\"},{\"@type\":[\"Person\",\"Organization\"],\"@id\":\"https:\\\/\\\/digital58.com.ve\\\/site\\\/#\\\/schema\\\/person\\\/64d1c2e4d0d4fd1b849980c4331c2951\",\"name\":\"Villasmil Henry\",\"image\":{\"@type\":\"ImageObject\",\"inLanguage\":\"es\",\"@id\":\"https:\\\/\\\/secure.gravatar.com\\\/avatar\\\/bb0c4a2fcb7970138239f7e404ea75757b1b507b28b5ce4c53fbd62d797c5a7c?s=96&d=mm&r=g\",\"url\":\"https:\\\/\\\/secure.gravatar.com\\\/avatar\\\/bb0c4a2fcb7970138239f7e404ea75757b1b507b28b5ce4c53fbd62d797c5a7c?s=96&d=mm&r=g\",\"contentUrl\":\"https:\\\/\\\/secure.gravatar.com\\\/avatar\\\/bb0c4a2fcb7970138239f7e404ea75757b1b507b28b5ce4c53fbd62d797c5a7c?s=96&d=mm&r=g\",\"caption\":\"Villasmil Henry\"},\"logo\":{\"@id\":\"https:\\\/\\\/secure.gravatar.com\\\/avatar\\\/bb0c4a2fcb7970138239f7e404ea75757b1b507b28b5ce4c53fbd62d797c5a7c?s=96&d=mm&r=g\"},\"sameAs\":[\"http:\\\/\\\/www.henryvillasmil.com.ve\",\"https:\\\/\\\/www.instagram.com\\\/villasmilhfoto\\\/\",\"https:\\\/\\\/x.com\\\/https:\\\/\\\/twitter.com\\\/villasmilhfoto\"],\"url\":\"https:\\\/\\\/digital58.com.ve\\\/site\\\/author\\\/droopy_68\\\/\"}]}<\/script>\n<!-- \/ Yoast SEO plugin. -->","yoast_head_json":{"title":"#Zulia | Diputado Yimmys Rodr\u00edguez: \u00abLos ind\u00edgenas en su D\u00eda ratifican su respaldo a Nicol\u00e1s Maduro\u00bb","robots":{"index":"index","follow":"follow","max-snippet":"max-snippet:-1","max-image-preview":"max-image-preview:large","max-video-preview":"max-video-preview:-1"},"canonical":"https:\/\/digital58.com.ve\/site\/2024\/08\/09\/zulia-diputado-yimmys-rodriguez-los-indigenas-en-su-dia-ratifican-su-respaldo-a-nicolas-maduro\/","og_locale":"es_ES","og_type":"article","og_title":"#Zulia | Diputado Yimmys Rodr\u00edguez: \u00abLos ind\u00edgenas en su D\u00eda ratifican su respaldo a Nicol\u00e1s Maduro\u00bb","og_url":"https:\/\/digital58.com.ve\/site\/2024\/08\/09\/zulia-diputado-yimmys-rodriguez-los-indigenas-en-su-dia-ratifican-su-respaldo-a-nicolas-maduro\/","og_site_name":"Noticias Digital58","article_published_time":"2024-08-09T12:12:20+00:00","article_modified_time":"2024-08-09T12:12:36+00:00","og_image":[{"width":800,"height":530,"url":"https:\/\/i0.wp.com\/digital58.com.ve\/site\/wp-content\/uploads\/2024\/08\/Yimmys-Rodriguez.jpg?fit=800%2C530&ssl=1","type":"image\/jpeg"}],"author":"Villasmil Henry","twitter_card":"summary_large_image","twitter_creator":"@https:\/\/twitter.com\/villasmilhfoto","twitter_site":"@villasmilhfoto","twitter_misc":{"Escrito por":"Villasmil Henry","Tiempo estimado de lectura":"1 minuto"},"schema":{"@context":"https:\/\/schema.org","@graph":[{"@type":"Article","@id":"https:\/\/digital58.com.ve\/site\/2024\/08\/09\/zulia-diputado-yimmys-rodriguez-los-indigenas-en-su-dia-ratifican-su-respaldo-a-nicolas-maduro\/#article","isPartOf":{"@id":"https:\/\/digital58.com.ve\/site\/2024\/08\/09\/zulia-diputado-yimmys-rodriguez-los-indigenas-en-su-dia-ratifican-su-respaldo-a-nicolas-maduro\/"},"author":{"name":"Villasmil Henry","@id":"https:\/\/digital58.com.ve\/site\/#\/schema\/person\/64d1c2e4d0d4fd1b849980c4331c2951"},"headline":"#Zulia | Diputado Yimmys Rodr\u00edguez: \u00abLos ind\u00edgenas en su D\u00eda ratifican su respaldo a Nicol\u00e1s Maduro\u00bb","datePublished":"2024-08-09T12:12:20+00:00","dateModified":"2024-08-09T12:12:36+00:00","mainEntityOfPage":{"@id":"https:\/\/digital58.com.ve\/site\/2024\/08\/09\/zulia-diputado-yimmys-rodriguez-los-indigenas-en-su-dia-ratifican-su-respaldo-a-nicolas-maduro\/"},"wordCount":270,"commentCount":0,"publisher":{"@id":"https:\/\/digital58.com.ve\/site\/#\/schema\/person\/64d1c2e4d0d4fd1b849980c4331c2951"},"image":{"@id":"https:\/\/digital58.com.ve\/site\/2024\/08\/09\/zulia-diputado-yimmys-rodriguez-los-indigenas-en-su-dia-ratifican-su-respaldo-a-nicolas-maduro\/#primaryimage"},"thumbnailUrl":"https:\/\/digital58.com.ve\/site\/wp-content\/uploads\/2024\/08\/Yimmys-Rodriguez.jpg","keywords":["Chavismo","D\u00eda Internacional de los Pueblos Ind\u00edgenas","Diputados Asamblea Nacional","Maracaibo","Nacionales","Nicol\u00e1s Maduro Moros","Regionales","Venezuela","Yimmys Rodr\u00edguez"],"articleSection":["Zulia"],"inLanguage":"es","potentialAction":[{"@type":"CommentAction","name":"Comment","target":["https:\/\/digital58.com.ve\/site\/2024\/08\/09\/zulia-diputado-yimmys-rodriguez-los-indigenas-en-su-dia-ratifican-su-respaldo-a-nicolas-maduro\/#respond"]}]},{"@type":"WebPage","@id":"https:\/\/digital58.com.ve\/site\/2024\/08\/09\/zulia-diputado-yimmys-rodriguez-los-indigenas-en-su-dia-ratifican-su-respaldo-a-nicolas-maduro\/","url":"https:\/\/digital58.com.ve\/site\/2024\/08\/09\/zulia-diputado-yimmys-rodriguez-los-indigenas-en-su-dia-ratifican-su-respaldo-a-nicolas-maduro\/","name":"#Zulia | Diputado Yimmys Rodr\u00edguez: \u00abLos ind\u00edgenas en su D\u00eda ratifican su respaldo a Nicol\u00e1s Maduro\u00bb","isPartOf":{"@id":"https:\/\/digital58.com.ve\/site\/#website"},"primaryImageOfPage":{"@id":"https:\/\/digital58.com.ve\/site\/2024\/08\/09\/zulia-diputado-yimmys-rodriguez-los-indigenas-en-su-dia-ratifican-su-respaldo-a-nicolas-maduro\/#primaryimage"},"image":{"@id":"https:\/\/digital58.com.ve\/site\/2024\/08\/09\/zulia-diputado-yimmys-rodriguez-los-indigenas-en-su-dia-ratifican-su-respaldo-a-nicolas-maduro\/#primaryimage"},"thumbnailUrl":"https:\/\/digital58.com.ve\/site\/wp-content\/uploads\/2024\/08\/Yimmys-Rodriguez.jpg","datePublished":"2024-08-09T12:12:20+00:00","dateModified":"2024-08-09T12:12:36+00:00","breadcrumb":{"@id":"https:\/\/digital58.com.ve\/site\/2024\/08\/09\/zulia-diputado-yimmys-rodriguez-los-indigenas-en-su-dia-ratifican-su-respaldo-a-nicolas-maduro\/#breadcrumb"},"inLanguage":"es","potentialAction":[{"@type":"ReadAction","target":["https:\/\/digital58.com.ve\/site\/2024\/08\/09\/zulia-diputado-yimmys-rodriguez-los-indigenas-en-su-dia-ratifican-su-respaldo-a-nicolas-maduro\/"]}]},{"@type":"ImageObject","inLanguage":"es","@id":"https:\/\/digital58.com.ve\/site\/2024\/08\/09\/zulia-diputado-yimmys-rodriguez-los-indigenas-en-su-dia-ratifican-su-respaldo-a-nicolas-maduro\/#primaryimage","url":"https:\/\/digital58.com.ve\/site\/wp-content\/uploads\/2024\/08\/Yimmys-Rodriguez.jpg","contentUrl":"https:\/\/digital58.com.ve\/site\/wp-content\/uploads\/2024\/08\/Yimmys-Rodriguez.jpg","width":800,"height":530},{"@type":"BreadcrumbList","@id":"https:\/\/digital58.com.ve\/site\/2024\/08\/09\/zulia-diputado-yimmys-rodriguez-los-indigenas-en-su-dia-ratifican-su-respaldo-a-nicolas-maduro\/#breadcrumb","itemListElement":[{"@type":"ListItem","position":1,"name":"Home","item":"https:\/\/digital58.com.ve\/site\/"},{"@type":"ListItem","position":2,"name":"#Zulia | Diputado Yimmys Rodr\u00edguez: \u00abLos ind\u00edgenas en su D\u00eda ratifican su respaldo a Nicol\u00e1s Maduro\u00bb"}]},{"@type":"WebSite","@id":"https:\/\/digital58.com.ve\/site\/#website","url":"https:\/\/digital58.com.ve\/site\/","name":"Noticias Digital58","description":"Portal de Noticias \u00a1Periodismo web de verdad! Lanzamiento web 22.11.2005 \/ Maracaibo, Venezuela","publisher":{"@id":"https:\/\/digital58.com.ve\/site\/#\/schema\/person\/64d1c2e4d0d4fd1b849980c4331c2951"},"alternateName":"ND58","potentialAction":[{"@type":"SearchAction","target":{"@type":"EntryPoint","urlTemplate":"https:\/\/digital58.com.ve\/site\/?s={search_term_string}"},"query-input":{"@type":"PropertyValueSpecification","valueRequired":true,"valueName":"search_term_string"}}],"inLanguage":"es"},{"@type":["Person","Organization"],"@id":"https:\/\/digital58.com.ve\/site\/#\/schema\/person\/64d1c2e4d0d4fd1b849980c4331c2951","name":"Villasmil Henry","image":{"@type":"ImageObject","inLanguage":"es","@id":"https:\/\/secure.gravatar.com\/avatar\/bb0c4a2fcb7970138239f7e404ea75757b1b507b28b5ce4c53fbd62d797c5a7c?s=96&d=mm&r=g","url":"https:\/\/secure.gravatar.com\/avatar\/bb0c4a2fcb7970138239f7e404ea75757b1b507b28b5ce4c53fbd62d797c5a7c?s=96&d=mm&r=g","contentUrl":"https:\/\/secure.gravatar.com\/avatar\/bb0c4a2fcb7970138239f7e404ea75757b1b507b28b5ce4c53fbd62d797c5a7c?s=96&d=mm&r=g","caption":"Villasmil Henry"},"logo":{"@id":"https:\/\/secure.gravatar.com\/avatar\/bb0c4a2fcb7970138239f7e404ea75757b1b507b28b5ce4c53fbd62d797c5a7c?s=96&d=mm&r=g"},"sameAs":["http:\/\/www.henryvillasmil.com.ve","https:\/\/www.instagram.com\/villasmilhfoto\/","https:\/\/x.com\/https:\/\/twitter.com\/villasmilhfoto"],"url":"https:\/\/digital58.com.ve\/site\/author\/droopy_68\/"}]}},"uagb_featured_image_src":{"full":["https:\/\/digital58.com.ve\/site\/wp-content\/uploads\/2024\/08\/Yimmys-Rodriguez.jpg",800,530,false],"thumbnail":["https:\/\/digital58.com.ve\/site\/wp-content\/uploads\/2024\/08\/Yimmys-Rodriguez-150x150.jpg",150,150,true],"medium":["https:\/\/digital58.com.ve\/site\/wp-content\/uploads\/2024\/08\/Yimmys-Rodriguez-300x199.jpg",300,199,true],"medium_large":["https:\/\/digital58.com.ve\/site\/wp-content\/uploads\/2024\/08\/Yimmys-Rodriguez-768x509.jpg",768,509,true],"large":["https:\/\/digital58.com.ve\/site\/wp-content\/uploads\/2024\/08\/Yimmys-Rodriguez.jpg",800,530,false],"1536x1536":["https:\/\/digital58.com.ve\/site\/wp-content\/uploads\/2024\/08\/Yimmys-Rodriguez.jpg",800,530,false],"2048x2048":["https:\/\/digital58.com.ve\/site\/wp-content\/uploads\/2024\/08\/Yimmys-Rodriguez.jpg",800,530,false],"colormag-highlighted-post":["https:\/\/digital58.com.ve\/site\/wp-content\/uploads\/2024\/08\/Yimmys-Rodriguez-392x272.jpg",392,272,true],"colormag-featured-post-medium":["https:\/\/digital58.com.ve\/site\/wp-content\/uploads\/2024\/08\/Yimmys-Rodriguez-390x205.jpg",390,205,true],"colormag-featured-post-small":["https:\/\/digital58.com.ve\/site\/wp-content\/uploads\/2024\/08\/Yimmys-Rodriguez-130x90.jpg",130,90,true],"colormag-featured-image":["https:\/\/digital58.com.ve\/site\/wp-content\/uploads\/2024\/08\/Yimmys-Rodriguez-800x445.jpg",800,445,true],"colormag-default-news":["https:\/\/digital58.com.ve\/site\/wp-content\/uploads\/2024\/08\/Yimmys-Rodriguez-150x150.jpg",150,150,true],"colormag-featured-image-large":["https:\/\/digital58.com.ve\/site\/wp-content\/uploads\/2024\/08\/Yimmys-Rodriguez.jpg",800,530,false]},"uagb_author_info":{"display_name":"Villasmil Henry","author_link":"https:\/\/digital58.com.ve\/site\/author\/droopy_68\/"},"uagb_comment_info":0,"uagb_excerpt":"El diputado ind\u00edgena a la Asamblea Nacional por la regi\u00f3n occidente, Yimmys Rodr\u00edguez, destac\u00f3 que este viernes 09 de agosto","_links":{"self":[{"href":"https:\/\/digital58.com.ve\/site\/wp-json\/wp\/v2\/posts\/178862","targetHints":{"allow":["GET"]}}],"collection":[{"href":"https:\/\/digital58.com.ve\/site\/wp-json\/wp\/v2\/posts"}],"about":[{"href":"https:\/\/digital58.com.ve\/site\/wp-json\/wp\/v2\/types\/post"}],"author":[{"embeddable":true,"href":"https:\/\/digital58.com.ve\/site\/wp-json\/wp\/v2\/users\/1"}],"replies":[{"embeddable":true,"href":"https:\/\/digital58.com.ve\/site\/wp-json\/wp\/v2\/comments?post=178862"}],"version-history":[{"count":2,"href":"https:\/\/digital58.com.ve\/site\/wp-json\/wp\/v2\/posts\/178862\/revisions"}],"predecessor-version":[{"id":178865,"href":"https:\/\/digital58.com.ve\/site\/wp-json\/wp\/v2\/posts\/178862\/revisions\/178865"}],"wp:featuredmedia":[{"embeddable":true,"href":"https:\/\/digital58.com.ve\/site\/wp-json\/wp\/v2\/media\/178864"}],"wp:attachment":[{"href":"https:\/\/digital58.com.ve\/site\/wp-json\/wp\/v2\/media?parent=178862"}],"wp:term":[{"taxonomy":"category","embeddable":true,"href":"https:\/\/digital58.com.ve\/site\/wp-json\/wp\/v2\/categories?post=178862"},{"taxonomy":"post_tag","embeddable":true,"href":"https:\/\/digital58.com.ve\/site\/wp-json\/wp\/v2\/tags?post=178862"}],"curies":[{"name":"wp","href":"https:\/\/api.w.org\/{rel}","templated":true}]}}