{"id":178877,"date":"2024-08-09T09:23:32","date_gmt":"2024-08-09T13:23:32","guid":{"rendered":"https:\/\/digital58.com.ve\/site\/?p=178877"},"modified":"2024-08-09T12:33:43","modified_gmt":"2024-08-09T16:33:43","slug":"rusia-envia-refuerzos-a-la-region-fronteriza-de-kursk","status":"publish","type":"post","link":"https:\/\/digital58.com.ve\/site\/2024\/08\/09\/rusia-envia-refuerzos-a-la-region-fronteriza-de-kursk\/","title":{"rendered":"Rusia env\u00eda refuerzos a la regi\u00f3n fronteriza de Kursk"},"content":{"rendered":"<p>&nbsp;<\/p>\n<p><a href=\"https:\/\/digital58.com.ve\/site\/wp-content\/uploads\/2024\/08\/rusia.jpg\"><img loading=\"lazy\" decoding=\"async\" class=\"aligncenter size-full wp-image-178878\" src=\"https:\/\/digital58.com.ve\/site\/wp-content\/uploads\/2024\/08\/rusia.jpg\" alt=\"\" width=\"800\" height=\"466\" srcset=\"https:\/\/digital58.com.ve\/site\/wp-content\/uploads\/2024\/08\/rusia.jpg 800w, https:\/\/digital58.com.ve\/site\/wp-content\/uploads\/2024\/08\/rusia-300x175.jpg 300w, https:\/\/digital58.com.ve\/site\/wp-content\/uploads\/2024\/08\/rusia-768x447.jpg 768w\" sizes=\"auto, (max-width: 800px) 100vw, 800px\" \/><\/a><\/p>\n<p>Seg\u00fan los datos de la Polic\u00eda ucraniana, es necesario evacuar a unas 20.000 personas de las zonas fronterizas con la regi\u00f3n rusa.<\/p>\n<p><strong>Internacionales, 09 de agosto de 2024 (ND58).-<\/strong> El anuncio de Kiev tiene lugar despu\u00e9s de que Mosc\u00fa confirmara que planea enviar refuerzos a la regi\u00f3n ante el avance de las fuerzas ucranianas unos 10 kil\u00f3metros en Kursk esta semana, la incursi\u00f3n m\u00e1s profunda de Ucrania hasta el momento en territorio ruso.<\/p>\n<p>Mientras Kiev denunci\u00f3 que al menos diez personas murieron en un ataque ruso contra un supermercado de localidad ucraniana de Kostiantinivka, cerca del frente de Donetsk (este).<\/p>\n<p>Ucrania asegura que miles de personas necesitan ser evacuadas de \u00e1reas al otro lado de la frontera con la regi\u00f3n rusa de Kursk, donde Mosc\u00fa lucha contra una incursi\u00f3n ucraniana desde hace cuatro d\u00edas.<\/p>\n<p>La Polic\u00eda ucraniana se\u00f1ala que \u00abunas 20.000 personas necesitan ser evacuadas\u00bb de 28 asentamientos en la regi\u00f3n de Sumy, un fuerte aumento respecto a la estimaci\u00f3n anterior de 6.000 personas.<\/p>\n<p>Las fuerzas ucranianas cruzaron la frontera el martes en una contraofensiva de choque despu\u00e9s de meses de avances graduales rusos en el este de Ucrania.<\/p>\n<p>La agencia de noticias Interfax inform\u00f3 el viernes 9 de agosto que Mosc\u00fa est\u00e1 transfiriendo fuerzas adicionales a la regi\u00f3n en respuesta a la incursi\u00f3n ucraniana, la m\u00e1s profunda hasta el momento en territorio ruso.<\/p>\n<p>Columnas con sistemas de lanzamiento m\u00faltiple de cohetes Grad, artiller\u00eda y tanques se dirig\u00edan a la zona donde Ucrania lanz\u00f3 su ataque transfronterizo.<\/p>\n<p>Los combates contin\u00faan a varias decenas de kil\u00f3metros de la ciudad de Kurchatov, en el sur de Rusia, donde se ubica la planta nuclear de Kursk, expres\u00f3 el funcionario local Igor Korpunkov en una publicaci\u00f3n de Telegram.<\/p>\n<p><strong>Diez muertos en un ataque ruso a supermercado en Donetsk, seg\u00fan Kiev<\/strong><\/p>\n<p>Los combates tambi\u00e9n contin\u00faan en otras zonas: un ataque ruso a un supermercado en la ciudad de Kostyantynivka, en el este de Ucrania, mat\u00f3 al menos a 10 personas y dej\u00f3 35 heridas.<\/p>\n<p>\u00abDiez personas murieron y otras 35 resultaron heridas\u00bb, sostuvo el ministro del Interior, Igor Klymenko, en una publicaci\u00f3n en Telegram, publicando fotos de bomberos trabajando entre los escombros humeantes del edificio destruido.<\/p>\n<p>Por su parte, el gobernador de la regi\u00f3n de Donetsk, Vadim Filashkin, afirm\u00f3 que se ha podido determinar que lo que impact\u00f3 contra el supermercado fue un misil ruso de tipo X-38 (tambi\u00e9n conocidos como Kh-38).<\/p>\n<p>\u00abLas autoridades, la Polic\u00eda, los rescatistas y los sanitarios siguen trabajando en la escena del crimen\u00bb, agreg\u00f3, a trav\u00e9s de su canal de Telegram.<\/p>\n<p>El presidente ucraniano, Volod\u00edmir Zelenski, tambi\u00e9n dio cuenta del ataque en sus redes sociales, en las que public\u00f3 im\u00e1genes de los edificios destruidos.<\/p>\n<p>\u00abLos terroristas rusos atacaron un ordinario supermercado y una oficina de correos. Hay gente bajo los escombros\u00bb, afirm\u00f3 antes de transmitir sus condolencias a los allegados de las v\u00edctimas.<\/p>\n<p><strong>Redacci\u00f3n ND58 | Fuente: FRANCE 24 con AFP y Reuters<\/strong><br \/>\n<strong>Edici\u00f3n: Villasmil, Henry<\/strong><br \/>\n<strong>Gr\u00e1ficas: AFP<\/strong><\/p>\n<p>&nbsp;<\/p>\n<p>&nbsp;<\/p>\n<p>&nbsp;<\/p><div class=\"bopmx69f182c8b0d83\" ><p style=\"text-align: center;\"><a href=\"https:\/\/t.me\/noticiasdigital58\" target=\"_blank\" rel=\"noopener\"><img class=\"aligncenter size-full wp-image-125363\" src=\"https:\/\/digital58.com.ve\/site\/wp-content\/uploads\/2021\/04\/banner-telegram-web-2021.png\" alt=\"\" width=\"600\" height=\"90\" \/><\/a><\/p><\/div><style type=\"text\/css\">\r\n@media screen and (min-width: 1201px) {\r\n.bopmx69f182c8b0d83 {\r\ndisplay: block;\r\n}\r\n}\r\n@media screen and (min-width: 993px) and (max-width: 1200px) {\r\n.bopmx69f182c8b0d83 {\r\ndisplay: block;\r\n}\r\n}\r\n@media screen and (min-width: 769px) and (max-width: 992px) {\r\n.bopmx69f182c8b0d83 {\r\ndisplay: block;\r\n}\r\n}\r\n@media screen and (min-width: 768px) and (max-width: 768px) {\r\n.bopmx69f182c8b0d83 {\r\ndisplay: block;\r\n}\r\n}\r\n@media screen and (max-width: 767px) {\r\n.bopmx69f182c8b0d83 {\r\ndisplay: block;\r\n}\r\n}\r\n<\/style>\r\n\n<p>&nbsp;<\/p>\n<div style=\"margin-top: 0px; margin-bottom: 0px;\" class=\"sharethis-inline-share-buttons\" ><\/div>","protected":false},"excerpt":{"rendered":"<p>&nbsp; Seg\u00fan los datos de la Polic\u00eda ucraniana, es necesario evacuar a unas 20.000 personas de las zonas fronterizas con<\/p>\n","protected":false},"author":1,"featured_media":178878,"comment_status":"open","ping_status":"closed","sticky":false,"template":"","format":"standard","meta":{"colormag_page_container_layout":"default_layout","colormag_page_sidebar_layout":"default_layout","_uag_custom_page_level_css":"","footnotes":""},"categories":[16451],"tags":[18076,1492,33779,8,11142,33778,172,179,27257],"class_list":["post-178877","post","type-post","status-publish","format-standard","has-post-thumbnail","hentry","category-mundo","tag-conflictos-belicos","tag-europa","tag-igor-klymenko","tag-internacionales","tag-kiev","tag-kursk","tag-rusia","tag-ucrania","tag-volodimir-zelenski"],"yoast_head":"<!-- This site is optimized with the Yoast SEO plugin v27.5 - https:\/\/yoast.com\/product\/yoast-seo-wordpress\/ -->\n<title>Rusia env\u00eda refuerzos a la regi\u00f3n fronteriza de Kursk<\/title>\n<meta name=\"robots\" content=\"index, follow, max-snippet:-1, max-image-preview:large, max-video-preview:-1\" \/>\n<link rel=\"canonical\" href=\"https:\/\/digital58.com.ve\/site\/2024\/08\/09\/rusia-envia-refuerzos-a-la-region-fronteriza-de-kursk\/\" \/>\n<meta property=\"og:locale\" content=\"es_ES\" \/>\n<meta property=\"og:type\" content=\"article\" \/>\n<meta property=\"og:title\" content=\"Rusia env\u00eda refuerzos a la regi\u00f3n fronteriza de Kursk\" \/>\n<meta property=\"og:url\" content=\"https:\/\/digital58.com.ve\/site\/2024\/08\/09\/rusia-envia-refuerzos-a-la-region-fronteriza-de-kursk\/\" \/>\n<meta property=\"og:site_name\" content=\"Noticias Digital58\" \/>\n<meta property=\"article:published_time\" content=\"2024-08-09T13:23:32+00:00\" \/>\n<meta property=\"article:modified_time\" content=\"2024-08-09T16:33:43+00:00\" \/>\n<meta property=\"og:image\" content=\"https:\/\/i0.wp.com\/digital58.com.ve\/site\/wp-content\/uploads\/2024\/08\/rusia.jpg?fit=800%2C466&ssl=1\" \/>\n\t<meta property=\"og:image:width\" content=\"800\" \/>\n\t<meta property=\"og:image:height\" content=\"466\" \/>\n\t<meta property=\"og:image:type\" content=\"image\/jpeg\" \/>\n<meta name=\"author\" content=\"Villasmil Henry\" \/>\n<meta name=\"twitter:card\" content=\"summary_large_image\" \/>\n<meta name=\"twitter:creator\" content=\"@https:\/\/twitter.com\/villasmilhfoto\" \/>\n<meta name=\"twitter:site\" content=\"@villasmilhfoto\" \/>\n<meta name=\"twitter:label1\" content=\"Escrito por\" \/>\n\t<meta name=\"twitter:data1\" content=\"Villasmil Henry\" \/>\n\t<meta name=\"twitter:label2\" content=\"Tiempo estimado de lectura\" \/>\n\t<meta name=\"twitter:data2\" content=\"3 minutos\" \/>\n<script type=\"application\/ld+json\" class=\"yoast-schema-graph\">{\"@context\":\"https:\\\/\\\/schema.org\",\"@graph\":[{\"@type\":\"Article\",\"@id\":\"https:\\\/\\\/digital58.com.ve\\\/site\\\/2024\\\/08\\\/09\\\/rusia-envia-refuerzos-a-la-region-fronteriza-de-kursk\\\/#article\",\"isPartOf\":{\"@id\":\"https:\\\/\\\/digital58.com.ve\\\/site\\\/2024\\\/08\\\/09\\\/rusia-envia-refuerzos-a-la-region-fronteriza-de-kursk\\\/\"},\"author\":{\"name\":\"Villasmil Henry\",\"@id\":\"https:\\\/\\\/digital58.com.ve\\\/site\\\/#\\\/schema\\\/person\\\/64d1c2e4d0d4fd1b849980c4331c2951\"},\"headline\":\"Rusia env\u00eda refuerzos a la regi\u00f3n fronteriza de Kursk\",\"datePublished\":\"2024-08-09T13:23:32+00:00\",\"dateModified\":\"2024-08-09T16:33:43+00:00\",\"mainEntityOfPage\":{\"@id\":\"https:\\\/\\\/digital58.com.ve\\\/site\\\/2024\\\/08\\\/09\\\/rusia-envia-refuerzos-a-la-region-fronteriza-de-kursk\\\/\"},\"wordCount\":532,\"commentCount\":0,\"publisher\":{\"@id\":\"https:\\\/\\\/digital58.com.ve\\\/site\\\/#\\\/schema\\\/person\\\/64d1c2e4d0d4fd1b849980c4331c2951\"},\"image\":{\"@id\":\"https:\\\/\\\/digital58.com.ve\\\/site\\\/2024\\\/08\\\/09\\\/rusia-envia-refuerzos-a-la-region-fronteriza-de-kursk\\\/#primaryimage\"},\"thumbnailUrl\":\"https:\\\/\\\/digital58.com.ve\\\/site\\\/wp-content\\\/uploads\\\/2024\\\/08\\\/rusia.jpg\",\"keywords\":[\"Conflictos b\u00e9licos\",\"Europa\",\"Igor Klymenko\",\"Internacionales\",\"Kiev\",\"Kursk\",\"Rusia\",\"Ucrania\",\"Volodimir Zelenski\"],\"articleSection\":[\"Mundo\"],\"inLanguage\":\"es\",\"potentialAction\":[{\"@type\":\"CommentAction\",\"name\":\"Comment\",\"target\":[\"https:\\\/\\\/digital58.com.ve\\\/site\\\/2024\\\/08\\\/09\\\/rusia-envia-refuerzos-a-la-region-fronteriza-de-kursk\\\/#respond\"]}]},{\"@type\":\"WebPage\",\"@id\":\"https:\\\/\\\/digital58.com.ve\\\/site\\\/2024\\\/08\\\/09\\\/rusia-envia-refuerzos-a-la-region-fronteriza-de-kursk\\\/\",\"url\":\"https:\\\/\\\/digital58.com.ve\\\/site\\\/2024\\\/08\\\/09\\\/rusia-envia-refuerzos-a-la-region-fronteriza-de-kursk\\\/\",\"name\":\"Rusia env\u00eda refuerzos a la regi\u00f3n fronteriza de Kursk\",\"isPartOf\":{\"@id\":\"https:\\\/\\\/digital58.com.ve\\\/site\\\/#website\"},\"primaryImageOfPage\":{\"@id\":\"https:\\\/\\\/digital58.com.ve\\\/site\\\/2024\\\/08\\\/09\\\/rusia-envia-refuerzos-a-la-region-fronteriza-de-kursk\\\/#primaryimage\"},\"image\":{\"@id\":\"https:\\\/\\\/digital58.com.ve\\\/site\\\/2024\\\/08\\\/09\\\/rusia-envia-refuerzos-a-la-region-fronteriza-de-kursk\\\/#primaryimage\"},\"thumbnailUrl\":\"https:\\\/\\\/digital58.com.ve\\\/site\\\/wp-content\\\/uploads\\\/2024\\\/08\\\/rusia.jpg\",\"datePublished\":\"2024-08-09T13:23:32+00:00\",\"dateModified\":\"2024-08-09T16:33:43+00:00\",\"breadcrumb\":{\"@id\":\"https:\\\/\\\/digital58.com.ve\\\/site\\\/2024\\\/08\\\/09\\\/rusia-envia-refuerzos-a-la-region-fronteriza-de-kursk\\\/#breadcrumb\"},\"inLanguage\":\"es\",\"potentialAction\":[{\"@type\":\"ReadAction\",\"target\":[\"https:\\\/\\\/digital58.com.ve\\\/site\\\/2024\\\/08\\\/09\\\/rusia-envia-refuerzos-a-la-region-fronteriza-de-kursk\\\/\"]}]},{\"@type\":\"ImageObject\",\"inLanguage\":\"es\",\"@id\":\"https:\\\/\\\/digital58.com.ve\\\/site\\\/2024\\\/08\\\/09\\\/rusia-envia-refuerzos-a-la-region-fronteriza-de-kursk\\\/#primaryimage\",\"url\":\"https:\\\/\\\/digital58.com.ve\\\/site\\\/wp-content\\\/uploads\\\/2024\\\/08\\\/rusia.jpg\",\"contentUrl\":\"https:\\\/\\\/digital58.com.ve\\\/site\\\/wp-content\\\/uploads\\\/2024\\\/08\\\/rusia.jpg\",\"width\":800,\"height\":466},{\"@type\":\"BreadcrumbList\",\"@id\":\"https:\\\/\\\/digital58.com.ve\\\/site\\\/2024\\\/08\\\/09\\\/rusia-envia-refuerzos-a-la-region-fronteriza-de-kursk\\\/#breadcrumb\",\"itemListElement\":[{\"@type\":\"ListItem\",\"position\":1,\"name\":\"Home\",\"item\":\"https:\\\/\\\/digital58.com.ve\\\/site\\\/\"},{\"@type\":\"ListItem\",\"position\":2,\"name\":\"Rusia env\u00eda refuerzos a la regi\u00f3n fronteriza de Kursk\"}]},{\"@type\":\"WebSite\",\"@id\":\"https:\\\/\\\/digital58.com.ve\\\/site\\\/#website\",\"url\":\"https:\\\/\\\/digital58.com.ve\\\/site\\\/\",\"name\":\"Noticias Digital58\",\"description\":\"Portal de Noticias \u00a1Periodismo web de verdad! Lanzamiento web 22.11.2005 \\\/ Maracaibo, Venezuela\",\"publisher\":{\"@id\":\"https:\\\/\\\/digital58.com.ve\\\/site\\\/#\\\/schema\\\/person\\\/64d1c2e4d0d4fd1b849980c4331c2951\"},\"alternateName\":\"ND58\",\"potentialAction\":[{\"@type\":\"SearchAction\",\"target\":{\"@type\":\"EntryPoint\",\"urlTemplate\":\"https:\\\/\\\/digital58.com.ve\\\/site\\\/?s={search_term_string}\"},\"query-input\":{\"@type\":\"PropertyValueSpecification\",\"valueRequired\":true,\"valueName\":\"search_term_string\"}}],\"inLanguage\":\"es\"},{\"@type\":[\"Person\",\"Organization\"],\"@id\":\"https:\\\/\\\/digital58.com.ve\\\/site\\\/#\\\/schema\\\/person\\\/64d1c2e4d0d4fd1b849980c4331c2951\",\"name\":\"Villasmil Henry\",\"image\":{\"@type\":\"ImageObject\",\"inLanguage\":\"es\",\"@id\":\"https:\\\/\\\/secure.gravatar.com\\\/avatar\\\/bb0c4a2fcb7970138239f7e404ea75757b1b507b28b5ce4c53fbd62d797c5a7c?s=96&d=mm&r=g\",\"url\":\"https:\\\/\\\/secure.gravatar.com\\\/avatar\\\/bb0c4a2fcb7970138239f7e404ea75757b1b507b28b5ce4c53fbd62d797c5a7c?s=96&d=mm&r=g\",\"contentUrl\":\"https:\\\/\\\/secure.gravatar.com\\\/avatar\\\/bb0c4a2fcb7970138239f7e404ea75757b1b507b28b5ce4c53fbd62d797c5a7c?s=96&d=mm&r=g\",\"caption\":\"Villasmil Henry\"},\"logo\":{\"@id\":\"https:\\\/\\\/secure.gravatar.com\\\/avatar\\\/bb0c4a2fcb7970138239f7e404ea75757b1b507b28b5ce4c53fbd62d797c5a7c?s=96&d=mm&r=g\"},\"sameAs\":[\"http:\\\/\\\/www.henryvillasmil.com.ve\",\"https:\\\/\\\/www.instagram.com\\\/villasmilhfoto\\\/\",\"https:\\\/\\\/x.com\\\/https:\\\/\\\/twitter.com\\\/villasmilhfoto\"],\"url\":\"https:\\\/\\\/digital58.com.ve\\\/site\\\/author\\\/droopy_68\\\/\"}]}<\/script>\n<!-- \/ Yoast SEO plugin. -->","yoast_head_json":{"title":"Rusia env\u00eda refuerzos a la regi\u00f3n fronteriza de Kursk","robots":{"index":"index","follow":"follow","max-snippet":"max-snippet:-1","max-image-preview":"max-image-preview:large","max-video-preview":"max-video-preview:-1"},"canonical":"https:\/\/digital58.com.ve\/site\/2024\/08\/09\/rusia-envia-refuerzos-a-la-region-fronteriza-de-kursk\/","og_locale":"es_ES","og_type":"article","og_title":"Rusia env\u00eda refuerzos a la regi\u00f3n fronteriza de Kursk","og_url":"https:\/\/digital58.com.ve\/site\/2024\/08\/09\/rusia-envia-refuerzos-a-la-region-fronteriza-de-kursk\/","og_site_name":"Noticias Digital58","article_published_time":"2024-08-09T13:23:32+00:00","article_modified_time":"2024-08-09T16:33:43+00:00","og_image":[{"width":800,"height":466,"url":"https:\/\/i0.wp.com\/digital58.com.ve\/site\/wp-content\/uploads\/2024\/08\/rusia.jpg?fit=800%2C466&ssl=1","type":"image\/jpeg"}],"author":"Villasmil Henry","twitter_card":"summary_large_image","twitter_creator":"@https:\/\/twitter.com\/villasmilhfoto","twitter_site":"@villasmilhfoto","twitter_misc":{"Escrito por":"Villasmil Henry","Tiempo estimado de lectura":"3 minutos"},"schema":{"@context":"https:\/\/schema.org","@graph":[{"@type":"Article","@id":"https:\/\/digital58.com.ve\/site\/2024\/08\/09\/rusia-envia-refuerzos-a-la-region-fronteriza-de-kursk\/#article","isPartOf":{"@id":"https:\/\/digital58.com.ve\/site\/2024\/08\/09\/rusia-envia-refuerzos-a-la-region-fronteriza-de-kursk\/"},"author":{"name":"Villasmil Henry","@id":"https:\/\/digital58.com.ve\/site\/#\/schema\/person\/64d1c2e4d0d4fd1b849980c4331c2951"},"headline":"Rusia env\u00eda refuerzos a la regi\u00f3n fronteriza de Kursk","datePublished":"2024-08-09T13:23:32+00:00","dateModified":"2024-08-09T16:33:43+00:00","mainEntityOfPage":{"@id":"https:\/\/digital58.com.ve\/site\/2024\/08\/09\/rusia-envia-refuerzos-a-la-region-fronteriza-de-kursk\/"},"wordCount":532,"commentCount":0,"publisher":{"@id":"https:\/\/digital58.com.ve\/site\/#\/schema\/person\/64d1c2e4d0d4fd1b849980c4331c2951"},"image":{"@id":"https:\/\/digital58.com.ve\/site\/2024\/08\/09\/rusia-envia-refuerzos-a-la-region-fronteriza-de-kursk\/#primaryimage"},"thumbnailUrl":"https:\/\/digital58.com.ve\/site\/wp-content\/uploads\/2024\/08\/rusia.jpg","keywords":["Conflictos b\u00e9licos","Europa","Igor Klymenko","Internacionales","Kiev","Kursk","Rusia","Ucrania","Volodimir Zelenski"],"articleSection":["Mundo"],"inLanguage":"es","potentialAction":[{"@type":"CommentAction","name":"Comment","target":["https:\/\/digital58.com.ve\/site\/2024\/08\/09\/rusia-envia-refuerzos-a-la-region-fronteriza-de-kursk\/#respond"]}]},{"@type":"WebPage","@id":"https:\/\/digital58.com.ve\/site\/2024\/08\/09\/rusia-envia-refuerzos-a-la-region-fronteriza-de-kursk\/","url":"https:\/\/digital58.com.ve\/site\/2024\/08\/09\/rusia-envia-refuerzos-a-la-region-fronteriza-de-kursk\/","name":"Rusia env\u00eda refuerzos a la regi\u00f3n fronteriza de Kursk","isPartOf":{"@id":"https:\/\/digital58.com.ve\/site\/#website"},"primaryImageOfPage":{"@id":"https:\/\/digital58.com.ve\/site\/2024\/08\/09\/rusia-envia-refuerzos-a-la-region-fronteriza-de-kursk\/#primaryimage"},"image":{"@id":"https:\/\/digital58.com.ve\/site\/2024\/08\/09\/rusia-envia-refuerzos-a-la-region-fronteriza-de-kursk\/#primaryimage"},"thumbnailUrl":"https:\/\/digital58.com.ve\/site\/wp-content\/uploads\/2024\/08\/rusia.jpg","datePublished":"2024-08-09T13:23:32+00:00","dateModified":"2024-08-09T16:33:43+00:00","breadcrumb":{"@id":"https:\/\/digital58.com.ve\/site\/2024\/08\/09\/rusia-envia-refuerzos-a-la-region-fronteriza-de-kursk\/#breadcrumb"},"inLanguage":"es","potentialAction":[{"@type":"ReadAction","target":["https:\/\/digital58.com.ve\/site\/2024\/08\/09\/rusia-envia-refuerzos-a-la-region-fronteriza-de-kursk\/"]}]},{"@type":"ImageObject","inLanguage":"es","@id":"https:\/\/digital58.com.ve\/site\/2024\/08\/09\/rusia-envia-refuerzos-a-la-region-fronteriza-de-kursk\/#primaryimage","url":"https:\/\/digital58.com.ve\/site\/wp-content\/uploads\/2024\/08\/rusia.jpg","contentUrl":"https:\/\/digital58.com.ve\/site\/wp-content\/uploads\/2024\/08\/rusia.jpg","width":800,"height":466},{"@type":"BreadcrumbList","@id":"https:\/\/digital58.com.ve\/site\/2024\/08\/09\/rusia-envia-refuerzos-a-la-region-fronteriza-de-kursk\/#breadcrumb","itemListElement":[{"@type":"ListItem","position":1,"name":"Home","item":"https:\/\/digital58.com.ve\/site\/"},{"@type":"ListItem","position":2,"name":"Rusia env\u00eda refuerzos a la regi\u00f3n fronteriza de Kursk"}]},{"@type":"WebSite","@id":"https:\/\/digital58.com.ve\/site\/#website","url":"https:\/\/digital58.com.ve\/site\/","name":"Noticias Digital58","description":"Portal de Noticias \u00a1Periodismo web de verdad! Lanzamiento web 22.11.2005 \/ Maracaibo, Venezuela","publisher":{"@id":"https:\/\/digital58.com.ve\/site\/#\/schema\/person\/64d1c2e4d0d4fd1b849980c4331c2951"},"alternateName":"ND58","potentialAction":[{"@type":"SearchAction","target":{"@type":"EntryPoint","urlTemplate":"https:\/\/digital58.com.ve\/site\/?s={search_term_string}"},"query-input":{"@type":"PropertyValueSpecification","valueRequired":true,"valueName":"search_term_string"}}],"inLanguage":"es"},{"@type":["Person","Organization"],"@id":"https:\/\/digital58.com.ve\/site\/#\/schema\/person\/64d1c2e4d0d4fd1b849980c4331c2951","name":"Villasmil Henry","image":{"@type":"ImageObject","inLanguage":"es","@id":"https:\/\/secure.gravatar.com\/avatar\/bb0c4a2fcb7970138239f7e404ea75757b1b507b28b5ce4c53fbd62d797c5a7c?s=96&d=mm&r=g","url":"https:\/\/secure.gravatar.com\/avatar\/bb0c4a2fcb7970138239f7e404ea75757b1b507b28b5ce4c53fbd62d797c5a7c?s=96&d=mm&r=g","contentUrl":"https:\/\/secure.gravatar.com\/avatar\/bb0c4a2fcb7970138239f7e404ea75757b1b507b28b5ce4c53fbd62d797c5a7c?s=96&d=mm&r=g","caption":"Villasmil Henry"},"logo":{"@id":"https:\/\/secure.gravatar.com\/avatar\/bb0c4a2fcb7970138239f7e404ea75757b1b507b28b5ce4c53fbd62d797c5a7c?s=96&d=mm&r=g"},"sameAs":["http:\/\/www.henryvillasmil.com.ve","https:\/\/www.instagram.com\/villasmilhfoto\/","https:\/\/x.com\/https:\/\/twitter.com\/villasmilhfoto"],"url":"https:\/\/digital58.com.ve\/site\/author\/droopy_68\/"}]}},"uagb_featured_image_src":{"full":["https:\/\/digital58.com.ve\/site\/wp-content\/uploads\/2024\/08\/rusia.jpg",800,466,false],"thumbnail":["https:\/\/digital58.com.ve\/site\/wp-content\/uploads\/2024\/08\/rusia-150x150.jpg",150,150,true],"medium":["https:\/\/digital58.com.ve\/site\/wp-content\/uploads\/2024\/08\/rusia-300x175.jpg",300,175,true],"medium_large":["https:\/\/digital58.com.ve\/site\/wp-content\/uploads\/2024\/08\/rusia-768x447.jpg",768,447,true],"large":["https:\/\/digital58.com.ve\/site\/wp-content\/uploads\/2024\/08\/rusia.jpg",800,466,false],"1536x1536":["https:\/\/digital58.com.ve\/site\/wp-content\/uploads\/2024\/08\/rusia.jpg",800,466,false],"2048x2048":["https:\/\/digital58.com.ve\/site\/wp-content\/uploads\/2024\/08\/rusia.jpg",800,466,false],"colormag-highlighted-post":["https:\/\/digital58.com.ve\/site\/wp-content\/uploads\/2024\/08\/rusia-392x272.jpg",392,272,true],"colormag-featured-post-medium":["https:\/\/digital58.com.ve\/site\/wp-content\/uploads\/2024\/08\/rusia-390x205.jpg",390,205,true],"colormag-featured-post-small":["https:\/\/digital58.com.ve\/site\/wp-content\/uploads\/2024\/08\/rusia-130x90.jpg",130,90,true],"colormag-featured-image":["https:\/\/digital58.com.ve\/site\/wp-content\/uploads\/2024\/08\/rusia-800x445.jpg",800,445,true],"colormag-default-news":["https:\/\/digital58.com.ve\/site\/wp-content\/uploads\/2024\/08\/rusia-150x150.jpg",150,150,true],"colormag-featured-image-large":["https:\/\/digital58.com.ve\/site\/wp-content\/uploads\/2024\/08\/rusia.jpg",800,466,false]},"uagb_author_info":{"display_name":"Villasmil Henry","author_link":"https:\/\/digital58.com.ve\/site\/author\/droopy_68\/"},"uagb_comment_info":0,"uagb_excerpt":"&nbsp; Seg\u00fan los datos de la Polic\u00eda ucraniana, es necesario evacuar a unas 20.000 personas de las zonas fronterizas con","_links":{"self":[{"href":"https:\/\/digital58.com.ve\/site\/wp-json\/wp\/v2\/posts\/178877","targetHints":{"allow":["GET"]}}],"collection":[{"href":"https:\/\/digital58.com.ve\/site\/wp-json\/wp\/v2\/posts"}],"about":[{"href":"https:\/\/digital58.com.ve\/site\/wp-json\/wp\/v2\/types\/post"}],"author":[{"embeddable":true,"href":"https:\/\/digital58.com.ve\/site\/wp-json\/wp\/v2\/users\/1"}],"replies":[{"embeddable":true,"href":"https:\/\/digital58.com.ve\/site\/wp-json\/wp\/v2\/comments?post=178877"}],"version-history":[{"count":1,"href":"https:\/\/digital58.com.ve\/site\/wp-json\/wp\/v2\/posts\/178877\/revisions"}],"predecessor-version":[{"id":178879,"href":"https:\/\/digital58.com.ve\/site\/wp-json\/wp\/v2\/posts\/178877\/revisions\/178879"}],"wp:featuredmedia":[{"embeddable":true,"href":"https:\/\/digital58.com.ve\/site\/wp-json\/wp\/v2\/media\/178878"}],"wp:attachment":[{"href":"https:\/\/digital58.com.ve\/site\/wp-json\/wp\/v2\/media?parent=178877"}],"wp:term":[{"taxonomy":"category","embeddable":true,"href":"https:\/\/digital58.com.ve\/site\/wp-json\/wp\/v2\/categories?post=178877"},{"taxonomy":"post_tag","embeddable":true,"href":"https:\/\/digital58.com.ve\/site\/wp-json\/wp\/v2\/tags?post=178877"}],"curies":[{"name":"wp","href":"https:\/\/api.w.org\/{rel}","templated":true}]}}