{"id":178880,"date":"2024-08-09T13:26:39","date_gmt":"2024-08-09T17:26:39","guid":{"rendered":"https:\/\/digital58.com.ve\/site\/?p=178880"},"modified":"2024-08-09T13:26:39","modified_gmt":"2024-08-09T17:26:39","slug":"sucre-aerolinea-bluestar-inaugura-ruta-cumana-porlamar","status":"publish","type":"post","link":"https:\/\/digital58.com.ve\/site\/2024\/08\/09\/sucre-aerolinea-bluestar-inaugura-ruta-cumana-porlamar\/","title":{"rendered":"#Sucre | Aerol\u00ednea BlueStar inaugura ruta Cuman\u00e1-Porlamar"},"content":{"rendered":"<p><a href=\"https:\/\/digital58.com.ve\/site\/wp-content\/uploads\/2024\/08\/marcano.jpg\"><img loading=\"lazy\" decoding=\"async\" class=\"aligncenter size-full wp-image-178881\" src=\"https:\/\/digital58.com.ve\/site\/wp-content\/uploads\/2024\/08\/marcano.jpg\" alt=\"\" width=\"800\" height=\"449\" srcset=\"https:\/\/digital58.com.ve\/site\/wp-content\/uploads\/2024\/08\/marcano.jpg 800w, https:\/\/digital58.com.ve\/site\/wp-content\/uploads\/2024\/08\/marcano-300x168.jpg 300w, https:\/\/digital58.com.ve\/site\/wp-content\/uploads\/2024\/08\/marcano-768x431.jpg 768w\" sizes=\"auto, (max-width: 800px) 100vw, 800px\" \/><\/a><\/p>\n<p>Este nuevo servicio aeron\u00e1utico tiene como objetivo promover el turismo en la regi\u00f3n sucrense, ofreciendo a los viajeros una opci\u00f3n c\u00f3moda y accesible para explorar sus atractivos.<\/p>\n<p><strong>Cuman\u00e1, Sucre, Venezuela, 09 de agosto de 2024 (ND58).-<\/strong> En una rueda de prensa llevada a cabo en el Aeropuerto Internacional \u00abAntonio Jos\u00e9 de Sucre\u00bb, de Cuman\u00e1, la aerol\u00ednea BlueStar anunci\u00f3 el lanzamiento de su nuevo vuelo ch\u00e1rter con la ruta Porlamar-Cuman\u00e1-Porlamar.<\/p>\n<p>La ruta contar\u00e1 con tres aeronaves, cada una con capacidad para 19 pasajeros y dos tripulantes, y operar\u00e1 los lunes y viernes. Los vuelos partir\u00e1n a las 9:00 a.m., con retorno programado a las 5:00 p.m.<\/p>\n<p>El costo del boleto es de 55 d\u00f3lares ($ 110 ida y vuelta), lo que permitir\u00e1 a los turistas disfrutar de un viaje placentero entre estos dos destinos.<\/p>\n<p><a href=\"https:\/\/digital58.com.ve\/site\/wp-content\/uploads\/2024\/08\/gianluca.jpg\"><img loading=\"lazy\" decoding=\"async\" class=\"aligncenter size-full wp-image-178882\" src=\"https:\/\/digital58.com.ve\/site\/wp-content\/uploads\/2024\/08\/gianluca.jpg\" alt=\"\" width=\"800\" height=\"453\" srcset=\"https:\/\/digital58.com.ve\/site\/wp-content\/uploads\/2024\/08\/gianluca.jpg 800w, https:\/\/digital58.com.ve\/site\/wp-content\/uploads\/2024\/08\/gianluca-300x170.jpg 300w, https:\/\/digital58.com.ve\/site\/wp-content\/uploads\/2024\/08\/gianluca-768x435.jpg 768w\" sizes=\"auto, (max-width: 800px) 100vw, 800px\" \/><\/a><\/p>\n<p>Gianluca Crescini, gerente de operaciones de la aerol\u00ednea, destac\u00f3 que este nuevo servicio permitir\u00e1 a BlueStar posicionarse a\u00fan m\u00e1s en el mercado, ofreciendo soluciones a las necesidades de transporte del estado Sucre.<\/p>\n<p>Crescini tambi\u00e9n subray\u00f3 que BlueStar tiene tres a\u00f1os de certificaci\u00f3n por parte del Instituto Nacional de Aeron\u00e1utica Civil (INAC) y que esta nueva ruta contribuir\u00e1 a potenciar el turismo en la regi\u00f3n, especialmente a trav\u00e9s de paquetes tur\u00edsticos de \u00abfull day\u00bb.<\/p>\n<p><a href=\"https:\/\/digital58.com.ve\/site\/wp-content\/uploads\/2024\/08\/delgado.jpg\"><img loading=\"lazy\" decoding=\"async\" class=\"aligncenter size-full wp-image-178883\" src=\"https:\/\/digital58.com.ve\/site\/wp-content\/uploads\/2024\/08\/delgado.jpg\" alt=\"\" width=\"800\" height=\"453\" srcset=\"https:\/\/digital58.com.ve\/site\/wp-content\/uploads\/2024\/08\/delgado.jpg 800w, https:\/\/digital58.com.ve\/site\/wp-content\/uploads\/2024\/08\/delgado-300x170.jpg 300w, https:\/\/digital58.com.ve\/site\/wp-content\/uploads\/2024\/08\/delgado-768x435.jpg 768w\" sizes=\"auto, (max-width: 800px) 100vw, 800px\" \/><\/a><\/p>\n<p>Mar\u00eda Gabriela Delgado gerente de comercializaci\u00f3n de la aerol\u00ednea venezolana, anticip\u00f3 la puesta en marcha de otras rutas hacia destinos tur\u00edsticos de alta calidad, reforzando as\u00ed el compromiso de fomentar el turismo en la regi\u00f3n, as\u00ed como la reactivaci\u00f3n de la ruta Valencia-Los Roques.<\/p>\n<p>El capit\u00e1n Gianluca, quien conoce por m\u00e1s de 15 a\u00f1os la ciudad de Cuman\u00e1 y con un profundo conocimiento del estado Sucre, se\u00f1al\u00f3 que la elecci\u00f3n de esta ruta con una frecuencia de dos veces por semana fue debido a su conexi\u00f3n personal con la regi\u00f3n.<\/p>\n<p><a href=\"https:\/\/digital58.com.ve\/site\/wp-content\/uploads\/2024\/08\/meneses.jpg\"><img loading=\"lazy\" decoding=\"async\" class=\"aligncenter size-full wp-image-178884\" src=\"https:\/\/digital58.com.ve\/site\/wp-content\/uploads\/2024\/08\/meneses.jpg\" alt=\"\" width=\"800\" height=\"452\" srcset=\"https:\/\/digital58.com.ve\/site\/wp-content\/uploads\/2024\/08\/meneses.jpg 800w, https:\/\/digital58.com.ve\/site\/wp-content\/uploads\/2024\/08\/meneses-300x170.jpg 300w, https:\/\/digital58.com.ve\/site\/wp-content\/uploads\/2024\/08\/meneses-768x434.jpg 768w\" sizes=\"auto, (max-width: 800px) 100vw, 800px\" \/><\/a><\/p>\n<p>Por su parte, el director del Servicio Aut\u00f3nomo de Aeropuertos del Estado Sucre (SAAES) , Tcnel. Vicente Meneses, expres\u00f3 que esta iniciativa potenciar\u00e1 la actividad tur\u00edstica en la entidad. \u00abUna ruta m\u00e1s para enaltecer el turismo (\u2026) tenemos turismo en Cuman\u00e1 para darnos a conocer a nivel nacional e internacional\u00bb, culmin\u00f3.<\/p>\n<div class=\"lyte-wrapper\" title=\"Aerol&iacute;nea BlueStar inaugura ruta Cuman&aacute;-Porlamar\" style=\"width:640px;max-width:100%;margin:5px auto;\"><div class=\"lyMe\" id=\"WYL_ssQX3Tl46kA\" itemprop=\"video\" itemscope itemtype=\"https:\/\/schema.org\/VideoObject\"><div><meta itemprop=\"thumbnailUrl\" content=\"https:\/\/i.ytimg.com\/vi\/ssQX3Tl46kA\/hqdefault.jpg\" \/><meta itemprop=\"embedURL\" content=\"https:\/\/www.youtube.com\/embed\/ssQX3Tl46kA\" \/><meta itemprop=\"duration\" content=\"PT5M18S\" \/><meta itemprop=\"uploadDate\" content=\"2024-08-09T17:16:58Z\" \/><\/div><div id=\"lyte_ssQX3Tl46kA\" data-src=\"https:\/\/i.ytimg.com\/vi\/ssQX3Tl46kA\/hqdefault.jpg\" class=\"pL\"><div class=\"tC\"><div class=\"tT\" itemprop=\"name\">Aerol\u00ednea BlueStar inaugura ruta Cuman\u00e1-Porlamar<\/div><\/div><div class=\"play\"><\/div><div class=\"ctrl\"><div class=\"Lctrl\"><\/div><div class=\"Rctrl\"><\/div><\/div><\/div><noscript><a href=\"https:\/\/youtu.be\/ssQX3Tl46kA\" rel=\"nofollow\"><img loading=\"lazy\" decoding=\"async\" src=\"https:\/\/i.ytimg.com\/vi\/ssQX3Tl46kA\/0.jpg\" alt=\"Aerol&iacute;nea BlueStar inaugura ruta Cuman&aacute;-Porlamar\" width=\"640\" height=\"340\" \/><br \/>Ver este video en YouTube<\/a><\/noscript><meta itemprop=\"description\" content=\"Este nuevo servicio aeron\u00e1utico tiene como objetivo promover el turismo en la regi\u00f3n sucrense, ofreciendo a los viajeros una opci\u00f3n c\u00f3moda y accesible para explorar sus atractivos.\"><\/div><\/div><div class=\"lL\" style=\"max-width:100%;width:640px;margin:5px auto;\"><\/div><\/p>\n<p><strong>Redacci\u00f3n ND58 \/ Rivero, Edwin<\/strong><br \/>\n<strong>Edici\u00f3n: Villasmil, Henry<\/strong><br \/>\n<strong>Gr\u00e1ficas: Captura de pantalla<\/strong><\/p>\n<p>&nbsp;<\/p>\n<p>&nbsp;<\/p>\n<p>&nbsp;<\/p><div class=\"rvegn69f17444bb99a\" ><p style=\"text-align: center;\"><a href=\"https:\/\/t.me\/noticiasdigital58\" target=\"_blank\" rel=\"noopener\"><img class=\"aligncenter size-full wp-image-125363\" src=\"https:\/\/digital58.com.ve\/site\/wp-content\/uploads\/2021\/04\/banner-telegram-web-2021.png\" alt=\"\" width=\"600\" height=\"90\" \/><\/a><\/p><\/div><style type=\"text\/css\">\r\n@media screen and (min-width: 1201px) {\r\n.rvegn69f17444bb99a {\r\ndisplay: block;\r\n}\r\n}\r\n@media screen and (min-width: 993px) and (max-width: 1200px) {\r\n.rvegn69f17444bb99a {\r\ndisplay: block;\r\n}\r\n}\r\n@media screen and (min-width: 769px) and (max-width: 992px) {\r\n.rvegn69f17444bb99a {\r\ndisplay: block;\r\n}\r\n}\r\n@media screen and (min-width: 768px) and (max-width: 768px) {\r\n.rvegn69f17444bb99a {\r\ndisplay: block;\r\n}\r\n}\r\n@media screen and (max-width: 767px) {\r\n.rvegn69f17444bb99a {\r\ndisplay: block;\r\n}\r\n}\r\n<\/style>\r\n\n<p>&nbsp;<\/p>\n<div style=\"margin-top: 0px; margin-bottom: 0px;\" class=\"sharethis-inline-share-buttons\" ><\/div>","protected":false},"excerpt":{"rendered":"<p>Este nuevo servicio aeron\u00e1utico tiene como objetivo promover el turismo en la regi\u00f3n sucrense, ofreciendo a los viajeros una opci\u00f3n<\/p>\n","protected":false},"author":1,"featured_media":178882,"comment_status":"open","ping_status":"closed","sticky":false,"template":"","format":"standard","meta":{"colormag_page_container_layout":"default_layout","colormag_page_sidebar_layout":"default_layout","_uag_custom_page_level_css":"","footnotes":""},"categories":[5404],"tags":[33780,2264,1623,2802,233,10157,22923,33781,33782,10336,69,32],"class_list":["post-178880","post","type-post","status-publish","format-standard","has-post-thumbnail","hentry","category-turismo","tag-bluestar","tag-cumana","tag-isla-de-margarita","tag-lineas-aereas","tag-nacionales","tag-porlamar","tag-rutas-aereas","tag-saaes","tag-servicio-autonomo-de-aeropuertos-del-estado-sucre","tag-sucre","tag-turismo-nacional","tag-venezuela"],"yoast_head":"<!-- This site is optimized with the Yoast SEO plugin v27.5 - https:\/\/yoast.com\/product\/yoast-seo-wordpress\/ -->\n<title>#Sucre | Aerol\u00ednea BlueStar inaugura ruta Cuman\u00e1-Porlamar<\/title>\n<meta name=\"robots\" content=\"index, follow, max-snippet:-1, max-image-preview:large, max-video-preview:-1\" \/>\n<link rel=\"canonical\" href=\"https:\/\/digital58.com.ve\/site\/2024\/08\/09\/sucre-aerolinea-bluestar-inaugura-ruta-cumana-porlamar\/\" \/>\n<meta property=\"og:locale\" content=\"es_ES\" \/>\n<meta property=\"og:type\" content=\"article\" \/>\n<meta property=\"og:title\" content=\"#Sucre | Aerol\u00ednea BlueStar inaugura ruta Cuman\u00e1-Porlamar\" \/>\n<meta property=\"og:url\" content=\"https:\/\/digital58.com.ve\/site\/2024\/08\/09\/sucre-aerolinea-bluestar-inaugura-ruta-cumana-porlamar\/\" \/>\n<meta property=\"og:site_name\" content=\"Noticias Digital58\" \/>\n<meta property=\"article:published_time\" content=\"2024-08-09T17:26:39+00:00\" \/>\n<meta property=\"og:image\" content=\"https:\/\/i0.wp.com\/digital58.com.ve\/site\/wp-content\/uploads\/2024\/08\/gianluca.jpg?fit=800%2C453&ssl=1\" \/>\n\t<meta property=\"og:image:width\" content=\"800\" \/>\n\t<meta property=\"og:image:height\" content=\"453\" \/>\n\t<meta property=\"og:image:type\" content=\"image\/jpeg\" \/>\n<meta name=\"author\" content=\"Villasmil Henry\" \/>\n<meta name=\"twitter:card\" content=\"summary_large_image\" \/>\n<meta name=\"twitter:creator\" content=\"@https:\/\/twitter.com\/villasmilhfoto\" \/>\n<meta name=\"twitter:site\" content=\"@villasmilhfoto\" \/>\n<meta name=\"twitter:label1\" content=\"Escrito por\" \/>\n\t<meta name=\"twitter:data1\" content=\"Villasmil Henry\" \/>\n\t<meta name=\"twitter:label2\" content=\"Tiempo estimado de lectura\" \/>\n\t<meta name=\"twitter:data2\" content=\"2 minutos\" \/>\n<script type=\"application\/ld+json\" class=\"yoast-schema-graph\">{\"@context\":\"https:\\\/\\\/schema.org\",\"@graph\":[{\"@type\":\"Article\",\"@id\":\"https:\\\/\\\/digital58.com.ve\\\/site\\\/2024\\\/08\\\/09\\\/sucre-aerolinea-bluestar-inaugura-ruta-cumana-porlamar\\\/#article\",\"isPartOf\":{\"@id\":\"https:\\\/\\\/digital58.com.ve\\\/site\\\/2024\\\/08\\\/09\\\/sucre-aerolinea-bluestar-inaugura-ruta-cumana-porlamar\\\/\"},\"author\":{\"name\":\"Villasmil Henry\",\"@id\":\"https:\\\/\\\/digital58.com.ve\\\/site\\\/#\\\/schema\\\/person\\\/64d1c2e4d0d4fd1b849980c4331c2951\"},\"headline\":\"#Sucre | Aerol\u00ednea BlueStar inaugura ruta Cuman\u00e1-Porlamar\",\"datePublished\":\"2024-08-09T17:26:39+00:00\",\"mainEntityOfPage\":{\"@id\":\"https:\\\/\\\/digital58.com.ve\\\/site\\\/2024\\\/08\\\/09\\\/sucre-aerolinea-bluestar-inaugura-ruta-cumana-porlamar\\\/\"},\"wordCount\":412,\"commentCount\":0,\"publisher\":{\"@id\":\"https:\\\/\\\/digital58.com.ve\\\/site\\\/#\\\/schema\\\/person\\\/64d1c2e4d0d4fd1b849980c4331c2951\"},\"image\":{\"@id\":\"https:\\\/\\\/digital58.com.ve\\\/site\\\/2024\\\/08\\\/09\\\/sucre-aerolinea-bluestar-inaugura-ruta-cumana-porlamar\\\/#primaryimage\"},\"thumbnailUrl\":\"https:\\\/\\\/digital58.com.ve\\\/site\\\/wp-content\\\/uploads\\\/2024\\\/08\\\/gianluca.jpg\",\"keywords\":[\"BlueStar\",\"Cuman\u00e1\",\"Isla de Margarita\",\"Lineas A\u00e9reas\",\"Nacionales\",\"Porlamar\",\"Rutas a\u00e9reas\",\"SAAES\",\"Servicio Aut\u00f3nomo de Aeropuertos del Estado Sucre\",\"Sucre\",\"Turismo Nacional\",\"Venezuela\"],\"articleSection\":[\"Turismo\"],\"inLanguage\":\"es\",\"potentialAction\":[{\"@type\":\"CommentAction\",\"name\":\"Comment\",\"target\":[\"https:\\\/\\\/digital58.com.ve\\\/site\\\/2024\\\/08\\\/09\\\/sucre-aerolinea-bluestar-inaugura-ruta-cumana-porlamar\\\/#respond\"]}]},{\"@type\":\"WebPage\",\"@id\":\"https:\\\/\\\/digital58.com.ve\\\/site\\\/2024\\\/08\\\/09\\\/sucre-aerolinea-bluestar-inaugura-ruta-cumana-porlamar\\\/\",\"url\":\"https:\\\/\\\/digital58.com.ve\\\/site\\\/2024\\\/08\\\/09\\\/sucre-aerolinea-bluestar-inaugura-ruta-cumana-porlamar\\\/\",\"name\":\"#Sucre | Aerol\u00ednea BlueStar inaugura ruta Cuman\u00e1-Porlamar\",\"isPartOf\":{\"@id\":\"https:\\\/\\\/digital58.com.ve\\\/site\\\/#website\"},\"primaryImageOfPage\":{\"@id\":\"https:\\\/\\\/digital58.com.ve\\\/site\\\/2024\\\/08\\\/09\\\/sucre-aerolinea-bluestar-inaugura-ruta-cumana-porlamar\\\/#primaryimage\"},\"image\":{\"@id\":\"https:\\\/\\\/digital58.com.ve\\\/site\\\/2024\\\/08\\\/09\\\/sucre-aerolinea-bluestar-inaugura-ruta-cumana-porlamar\\\/#primaryimage\"},\"thumbnailUrl\":\"https:\\\/\\\/digital58.com.ve\\\/site\\\/wp-content\\\/uploads\\\/2024\\\/08\\\/gianluca.jpg\",\"datePublished\":\"2024-08-09T17:26:39+00:00\",\"breadcrumb\":{\"@id\":\"https:\\\/\\\/digital58.com.ve\\\/site\\\/2024\\\/08\\\/09\\\/sucre-aerolinea-bluestar-inaugura-ruta-cumana-porlamar\\\/#breadcrumb\"},\"inLanguage\":\"es\",\"potentialAction\":[{\"@type\":\"ReadAction\",\"target\":[\"https:\\\/\\\/digital58.com.ve\\\/site\\\/2024\\\/08\\\/09\\\/sucre-aerolinea-bluestar-inaugura-ruta-cumana-porlamar\\\/\"]}]},{\"@type\":\"ImageObject\",\"inLanguage\":\"es\",\"@id\":\"https:\\\/\\\/digital58.com.ve\\\/site\\\/2024\\\/08\\\/09\\\/sucre-aerolinea-bluestar-inaugura-ruta-cumana-porlamar\\\/#primaryimage\",\"url\":\"https:\\\/\\\/digital58.com.ve\\\/site\\\/wp-content\\\/uploads\\\/2024\\\/08\\\/gianluca.jpg\",\"contentUrl\":\"https:\\\/\\\/digital58.com.ve\\\/site\\\/wp-content\\\/uploads\\\/2024\\\/08\\\/gianluca.jpg\",\"width\":800,\"height\":453},{\"@type\":\"BreadcrumbList\",\"@id\":\"https:\\\/\\\/digital58.com.ve\\\/site\\\/2024\\\/08\\\/09\\\/sucre-aerolinea-bluestar-inaugura-ruta-cumana-porlamar\\\/#breadcrumb\",\"itemListElement\":[{\"@type\":\"ListItem\",\"position\":1,\"name\":\"Home\",\"item\":\"https:\\\/\\\/digital58.com.ve\\\/site\\\/\"},{\"@type\":\"ListItem\",\"position\":2,\"name\":\"#Sucre | Aerol\u00ednea BlueStar inaugura ruta Cuman\u00e1-Porlamar\"}]},{\"@type\":\"WebSite\",\"@id\":\"https:\\\/\\\/digital58.com.ve\\\/site\\\/#website\",\"url\":\"https:\\\/\\\/digital58.com.ve\\\/site\\\/\",\"name\":\"Noticias Digital58\",\"description\":\"Portal de Noticias \u00a1Periodismo web de verdad! Lanzamiento web 22.11.2005 \\\/ Maracaibo, Venezuela\",\"publisher\":{\"@id\":\"https:\\\/\\\/digital58.com.ve\\\/site\\\/#\\\/schema\\\/person\\\/64d1c2e4d0d4fd1b849980c4331c2951\"},\"alternateName\":\"ND58\",\"potentialAction\":[{\"@type\":\"SearchAction\",\"target\":{\"@type\":\"EntryPoint\",\"urlTemplate\":\"https:\\\/\\\/digital58.com.ve\\\/site\\\/?s={search_term_string}\"},\"query-input\":{\"@type\":\"PropertyValueSpecification\",\"valueRequired\":true,\"valueName\":\"search_term_string\"}}],\"inLanguage\":\"es\"},{\"@type\":[\"Person\",\"Organization\"],\"@id\":\"https:\\\/\\\/digital58.com.ve\\\/site\\\/#\\\/schema\\\/person\\\/64d1c2e4d0d4fd1b849980c4331c2951\",\"name\":\"Villasmil Henry\",\"image\":{\"@type\":\"ImageObject\",\"inLanguage\":\"es\",\"@id\":\"https:\\\/\\\/secure.gravatar.com\\\/avatar\\\/bb0c4a2fcb7970138239f7e404ea75757b1b507b28b5ce4c53fbd62d797c5a7c?s=96&d=mm&r=g\",\"url\":\"https:\\\/\\\/secure.gravatar.com\\\/avatar\\\/bb0c4a2fcb7970138239f7e404ea75757b1b507b28b5ce4c53fbd62d797c5a7c?s=96&d=mm&r=g\",\"contentUrl\":\"https:\\\/\\\/secure.gravatar.com\\\/avatar\\\/bb0c4a2fcb7970138239f7e404ea75757b1b507b28b5ce4c53fbd62d797c5a7c?s=96&d=mm&r=g\",\"caption\":\"Villasmil Henry\"},\"logo\":{\"@id\":\"https:\\\/\\\/secure.gravatar.com\\\/avatar\\\/bb0c4a2fcb7970138239f7e404ea75757b1b507b28b5ce4c53fbd62d797c5a7c?s=96&d=mm&r=g\"},\"sameAs\":[\"http:\\\/\\\/www.henryvillasmil.com.ve\",\"https:\\\/\\\/www.instagram.com\\\/villasmilhfoto\\\/\",\"https:\\\/\\\/x.com\\\/https:\\\/\\\/twitter.com\\\/villasmilhfoto\"],\"url\":\"https:\\\/\\\/digital58.com.ve\\\/site\\\/author\\\/droopy_68\\\/\"}]}<\/script>\n<!-- \/ Yoast SEO plugin. -->","yoast_head_json":{"title":"#Sucre | Aerol\u00ednea BlueStar inaugura ruta Cuman\u00e1-Porlamar","robots":{"index":"index","follow":"follow","max-snippet":"max-snippet:-1","max-image-preview":"max-image-preview:large","max-video-preview":"max-video-preview:-1"},"canonical":"https:\/\/digital58.com.ve\/site\/2024\/08\/09\/sucre-aerolinea-bluestar-inaugura-ruta-cumana-porlamar\/","og_locale":"es_ES","og_type":"article","og_title":"#Sucre | Aerol\u00ednea BlueStar inaugura ruta Cuman\u00e1-Porlamar","og_url":"https:\/\/digital58.com.ve\/site\/2024\/08\/09\/sucre-aerolinea-bluestar-inaugura-ruta-cumana-porlamar\/","og_site_name":"Noticias Digital58","article_published_time":"2024-08-09T17:26:39+00:00","og_image":[{"width":800,"height":453,"url":"https:\/\/i0.wp.com\/digital58.com.ve\/site\/wp-content\/uploads\/2024\/08\/gianluca.jpg?fit=800%2C453&ssl=1","type":"image\/jpeg"}],"author":"Villasmil Henry","twitter_card":"summary_large_image","twitter_creator":"@https:\/\/twitter.com\/villasmilhfoto","twitter_site":"@villasmilhfoto","twitter_misc":{"Escrito por":"Villasmil Henry","Tiempo estimado de lectura":"2 minutos"},"schema":{"@context":"https:\/\/schema.org","@graph":[{"@type":"Article","@id":"https:\/\/digital58.com.ve\/site\/2024\/08\/09\/sucre-aerolinea-bluestar-inaugura-ruta-cumana-porlamar\/#article","isPartOf":{"@id":"https:\/\/digital58.com.ve\/site\/2024\/08\/09\/sucre-aerolinea-bluestar-inaugura-ruta-cumana-porlamar\/"},"author":{"name":"Villasmil Henry","@id":"https:\/\/digital58.com.ve\/site\/#\/schema\/person\/64d1c2e4d0d4fd1b849980c4331c2951"},"headline":"#Sucre | Aerol\u00ednea BlueStar inaugura ruta Cuman\u00e1-Porlamar","datePublished":"2024-08-09T17:26:39+00:00","mainEntityOfPage":{"@id":"https:\/\/digital58.com.ve\/site\/2024\/08\/09\/sucre-aerolinea-bluestar-inaugura-ruta-cumana-porlamar\/"},"wordCount":412,"commentCount":0,"publisher":{"@id":"https:\/\/digital58.com.ve\/site\/#\/schema\/person\/64d1c2e4d0d4fd1b849980c4331c2951"},"image":{"@id":"https:\/\/digital58.com.ve\/site\/2024\/08\/09\/sucre-aerolinea-bluestar-inaugura-ruta-cumana-porlamar\/#primaryimage"},"thumbnailUrl":"https:\/\/digital58.com.ve\/site\/wp-content\/uploads\/2024\/08\/gianluca.jpg","keywords":["BlueStar","Cuman\u00e1","Isla de Margarita","Lineas A\u00e9reas","Nacionales","Porlamar","Rutas a\u00e9reas","SAAES","Servicio Aut\u00f3nomo de Aeropuertos del Estado Sucre","Sucre","Turismo Nacional","Venezuela"],"articleSection":["Turismo"],"inLanguage":"es","potentialAction":[{"@type":"CommentAction","name":"Comment","target":["https:\/\/digital58.com.ve\/site\/2024\/08\/09\/sucre-aerolinea-bluestar-inaugura-ruta-cumana-porlamar\/#respond"]}]},{"@type":"WebPage","@id":"https:\/\/digital58.com.ve\/site\/2024\/08\/09\/sucre-aerolinea-bluestar-inaugura-ruta-cumana-porlamar\/","url":"https:\/\/digital58.com.ve\/site\/2024\/08\/09\/sucre-aerolinea-bluestar-inaugura-ruta-cumana-porlamar\/","name":"#Sucre | Aerol\u00ednea BlueStar inaugura ruta Cuman\u00e1-Porlamar","isPartOf":{"@id":"https:\/\/digital58.com.ve\/site\/#website"},"primaryImageOfPage":{"@id":"https:\/\/digital58.com.ve\/site\/2024\/08\/09\/sucre-aerolinea-bluestar-inaugura-ruta-cumana-porlamar\/#primaryimage"},"image":{"@id":"https:\/\/digital58.com.ve\/site\/2024\/08\/09\/sucre-aerolinea-bluestar-inaugura-ruta-cumana-porlamar\/#primaryimage"},"thumbnailUrl":"https:\/\/digital58.com.ve\/site\/wp-content\/uploads\/2024\/08\/gianluca.jpg","datePublished":"2024-08-09T17:26:39+00:00","breadcrumb":{"@id":"https:\/\/digital58.com.ve\/site\/2024\/08\/09\/sucre-aerolinea-bluestar-inaugura-ruta-cumana-porlamar\/#breadcrumb"},"inLanguage":"es","potentialAction":[{"@type":"ReadAction","target":["https:\/\/digital58.com.ve\/site\/2024\/08\/09\/sucre-aerolinea-bluestar-inaugura-ruta-cumana-porlamar\/"]}]},{"@type":"ImageObject","inLanguage":"es","@id":"https:\/\/digital58.com.ve\/site\/2024\/08\/09\/sucre-aerolinea-bluestar-inaugura-ruta-cumana-porlamar\/#primaryimage","url":"https:\/\/digital58.com.ve\/site\/wp-content\/uploads\/2024\/08\/gianluca.jpg","contentUrl":"https:\/\/digital58.com.ve\/site\/wp-content\/uploads\/2024\/08\/gianluca.jpg","width":800,"height":453},{"@type":"BreadcrumbList","@id":"https:\/\/digital58.com.ve\/site\/2024\/08\/09\/sucre-aerolinea-bluestar-inaugura-ruta-cumana-porlamar\/#breadcrumb","itemListElement":[{"@type":"ListItem","position":1,"name":"Home","item":"https:\/\/digital58.com.ve\/site\/"},{"@type":"ListItem","position":2,"name":"#Sucre | Aerol\u00ednea BlueStar inaugura ruta Cuman\u00e1-Porlamar"}]},{"@type":"WebSite","@id":"https:\/\/digital58.com.ve\/site\/#website","url":"https:\/\/digital58.com.ve\/site\/","name":"Noticias Digital58","description":"Portal de Noticias \u00a1Periodismo web de verdad! Lanzamiento web 22.11.2005 \/ Maracaibo, Venezuela","publisher":{"@id":"https:\/\/digital58.com.ve\/site\/#\/schema\/person\/64d1c2e4d0d4fd1b849980c4331c2951"},"alternateName":"ND58","potentialAction":[{"@type":"SearchAction","target":{"@type":"EntryPoint","urlTemplate":"https:\/\/digital58.com.ve\/site\/?s={search_term_string}"},"query-input":{"@type":"PropertyValueSpecification","valueRequired":true,"valueName":"search_term_string"}}],"inLanguage":"es"},{"@type":["Person","Organization"],"@id":"https:\/\/digital58.com.ve\/site\/#\/schema\/person\/64d1c2e4d0d4fd1b849980c4331c2951","name":"Villasmil Henry","image":{"@type":"ImageObject","inLanguage":"es","@id":"https:\/\/secure.gravatar.com\/avatar\/bb0c4a2fcb7970138239f7e404ea75757b1b507b28b5ce4c53fbd62d797c5a7c?s=96&d=mm&r=g","url":"https:\/\/secure.gravatar.com\/avatar\/bb0c4a2fcb7970138239f7e404ea75757b1b507b28b5ce4c53fbd62d797c5a7c?s=96&d=mm&r=g","contentUrl":"https:\/\/secure.gravatar.com\/avatar\/bb0c4a2fcb7970138239f7e404ea75757b1b507b28b5ce4c53fbd62d797c5a7c?s=96&d=mm&r=g","caption":"Villasmil Henry"},"logo":{"@id":"https:\/\/secure.gravatar.com\/avatar\/bb0c4a2fcb7970138239f7e404ea75757b1b507b28b5ce4c53fbd62d797c5a7c?s=96&d=mm&r=g"},"sameAs":["http:\/\/www.henryvillasmil.com.ve","https:\/\/www.instagram.com\/villasmilhfoto\/","https:\/\/x.com\/https:\/\/twitter.com\/villasmilhfoto"],"url":"https:\/\/digital58.com.ve\/site\/author\/droopy_68\/"}]}},"uagb_featured_image_src":{"full":["https:\/\/digital58.com.ve\/site\/wp-content\/uploads\/2024\/08\/gianluca.jpg",800,453,false],"thumbnail":["https:\/\/digital58.com.ve\/site\/wp-content\/uploads\/2024\/08\/gianluca-150x150.jpg",150,150,true],"medium":["https:\/\/digital58.com.ve\/site\/wp-content\/uploads\/2024\/08\/gianluca-300x170.jpg",300,170,true],"medium_large":["https:\/\/digital58.com.ve\/site\/wp-content\/uploads\/2024\/08\/gianluca-768x435.jpg",768,435,true],"large":["https:\/\/digital58.com.ve\/site\/wp-content\/uploads\/2024\/08\/gianluca.jpg",800,453,false],"1536x1536":["https:\/\/digital58.com.ve\/site\/wp-content\/uploads\/2024\/08\/gianluca.jpg",800,453,false],"2048x2048":["https:\/\/digital58.com.ve\/site\/wp-content\/uploads\/2024\/08\/gianluca.jpg",800,453,false],"colormag-highlighted-post":["https:\/\/digital58.com.ve\/site\/wp-content\/uploads\/2024\/08\/gianluca-392x272.jpg",392,272,true],"colormag-featured-post-medium":["https:\/\/digital58.com.ve\/site\/wp-content\/uploads\/2024\/08\/gianluca-390x205.jpg",390,205,true],"colormag-featured-post-small":["https:\/\/digital58.com.ve\/site\/wp-content\/uploads\/2024\/08\/gianluca-130x90.jpg",130,90,true],"colormag-featured-image":["https:\/\/digital58.com.ve\/site\/wp-content\/uploads\/2024\/08\/gianluca-800x445.jpg",800,445,true],"colormag-default-news":["https:\/\/digital58.com.ve\/site\/wp-content\/uploads\/2024\/08\/gianluca-150x150.jpg",150,150,true],"colormag-featured-image-large":["https:\/\/digital58.com.ve\/site\/wp-content\/uploads\/2024\/08\/gianluca.jpg",800,453,false]},"uagb_author_info":{"display_name":"Villasmil Henry","author_link":"https:\/\/digital58.com.ve\/site\/author\/droopy_68\/"},"uagb_comment_info":0,"uagb_excerpt":"Este nuevo servicio aeron\u00e1utico tiene como objetivo promover el turismo en la regi\u00f3n sucrense, ofreciendo a los viajeros una opci\u00f3n","_links":{"self":[{"href":"https:\/\/digital58.com.ve\/site\/wp-json\/wp\/v2\/posts\/178880","targetHints":{"allow":["GET"]}}],"collection":[{"href":"https:\/\/digital58.com.ve\/site\/wp-json\/wp\/v2\/posts"}],"about":[{"href":"https:\/\/digital58.com.ve\/site\/wp-json\/wp\/v2\/types\/post"}],"author":[{"embeddable":true,"href":"https:\/\/digital58.com.ve\/site\/wp-json\/wp\/v2\/users\/1"}],"replies":[{"embeddable":true,"href":"https:\/\/digital58.com.ve\/site\/wp-json\/wp\/v2\/comments?post=178880"}],"version-history":[{"count":1,"href":"https:\/\/digital58.com.ve\/site\/wp-json\/wp\/v2\/posts\/178880\/revisions"}],"predecessor-version":[{"id":178885,"href":"https:\/\/digital58.com.ve\/site\/wp-json\/wp\/v2\/posts\/178880\/revisions\/178885"}],"wp:featuredmedia":[{"embeddable":true,"href":"https:\/\/digital58.com.ve\/site\/wp-json\/wp\/v2\/media\/178882"}],"wp:attachment":[{"href":"https:\/\/digital58.com.ve\/site\/wp-json\/wp\/v2\/media?parent=178880"}],"wp:term":[{"taxonomy":"category","embeddable":true,"href":"https:\/\/digital58.com.ve\/site\/wp-json\/wp\/v2\/categories?post=178880"},{"taxonomy":"post_tag","embeddable":true,"href":"https:\/\/digital58.com.ve\/site\/wp-json\/wp\/v2\/tags?post=178880"}],"curies":[{"name":"wp","href":"https:\/\/api.w.org\/{rel}","templated":true}]}}