{"id":178989,"date":"2024-08-17T12:52:59","date_gmt":"2024-08-17T16:52:59","guid":{"rendered":"https:\/\/digital58.com.ve\/site\/?p=178989"},"modified":"2024-08-17T14:29:09","modified_gmt":"2024-08-17T18:29:09","slug":"internacionalcup-venezuela-divide-en-la-primera-fecha","status":"publish","type":"post","link":"https:\/\/digital58.com.ve\/site\/2024\/08\/17\/internacionalcup-venezuela-divide-en-la-primera-fecha\/","title":{"rendered":"#InternacionalCup  | Venezuela divide en la primera fecha"},"content":{"rendered":"<p><a href=\"https:\/\/digital58.com.ve\/site\/wp-content\/uploads\/2024\/08\/venezuela.jpg\"><img loading=\"lazy\" decoding=\"async\" class=\"aligncenter size-full wp-image-178998\" src=\"https:\/\/digital58.com.ve\/site\/wp-content\/uploads\/2024\/08\/venezuela.jpg\" alt=\"\" width=\"1000\" height=\"666\" srcset=\"https:\/\/digital58.com.ve\/site\/wp-content\/uploads\/2024\/08\/venezuela.jpg 1000w, https:\/\/digital58.com.ve\/site\/wp-content\/uploads\/2024\/08\/venezuela-300x200.jpg 300w, https:\/\/digital58.com.ve\/site\/wp-content\/uploads\/2024\/08\/venezuela-768x511.jpg 768w\" sizes=\"auto, (max-width: 1000px) 100vw, 1000px\" \/><\/a><\/p>\n<p>La Perla de Am\u00e9rica se convierte en el epicentro del f\u00fatbol con la quinta edici\u00f3n de la Internacional Cup, un torneo que por primera vez tendr\u00e1 leyendas del deporte mayores de 60 a\u00f1os.<\/p>\n<p><strong>Santa Marta, Colombia, 17 de agosto de 2024 (ND58).-<\/strong> Los equipos Glorias y Leyendas del f\u00fatbol zuliano y de Venezuela que participan por primera vez en la Copa Internacional Plus 60 de f\u00fatbol \u2014que se realizar\u00e1 del 16 al 20 de agosto en Santa Marta, Colombia\u2014 arrancaron su peregrinar en tierras neogranadinas.<\/p>\n<p><strong>La fiesta comenz\u00f3 en Gaira<\/strong><\/p>\n<p>La primera jornada de la Internacional Cup se llev\u00f3 a cabo este viernes 16 agosto, en la cancha Pedro Le\u00f3n Acosta de Gaira, a partir de las tres de la tarde.<\/p>\n<figure id=\"attachment_178999\" aria-describedby=\"caption-attachment-178999\" style=\"width: 1000px\" class=\"wp-caption alignnone\"><a href=\"https:\/\/digital58.com.ve\/site\/wp-content\/uploads\/2024\/08\/venezuela2.webp\"><img loading=\"lazy\" decoding=\"async\" class=\"wp-image-178999 size-full\" src=\"https:\/\/digital58.com.ve\/site\/wp-content\/uploads\/2024\/08\/venezuela2.webp\" alt=\"\" width=\"1000\" height=\"672\" srcset=\"https:\/\/digital58.com.ve\/site\/wp-content\/uploads\/2024\/08\/venezuela2.webp 1000w, https:\/\/digital58.com.ve\/site\/wp-content\/uploads\/2024\/08\/venezuela2-300x202.webp 300w, https:\/\/digital58.com.ve\/site\/wp-content\/uploads\/2024\/08\/venezuela2-768x516.webp 768w\" sizes=\"auto, (max-width: 1000px) 100vw, 1000px\" \/><\/a><figcaption id=\"caption-attachment-178999\" class=\"wp-caption-text\"><strong>Glorias Venezuela (Grupo A)<\/strong><\/figcaption><\/figure>\n<p>En el primer encuentro de la jornada 1 del Grupo A, Barrancabermeja derrot\u00f3 1-0 al onceno venezolano Glorias, el gol lo convirti\u00f3 Edgar Zabala por Colombia.<\/p>\n<figure id=\"attachment_179000\" aria-describedby=\"caption-attachment-179000\" style=\"width: 1000px\" class=\"wp-caption aligncenter\"><a href=\"https:\/\/digital58.com.ve\/site\/wp-content\/uploads\/2024\/08\/venezuela1.webp\"><img loading=\"lazy\" decoding=\"async\" class=\"size-full wp-image-179000\" src=\"https:\/\/digital58.com.ve\/site\/wp-content\/uploads\/2024\/08\/venezuela1.webp\" alt=\"\" width=\"1000\" height=\"667\" srcset=\"https:\/\/digital58.com.ve\/site\/wp-content\/uploads\/2024\/08\/venezuela1.webp 1000w, https:\/\/digital58.com.ve\/site\/wp-content\/uploads\/2024\/08\/venezuela1-300x200.webp 300w, https:\/\/digital58.com.ve\/site\/wp-content\/uploads\/2024\/08\/venezuela1-768x512.webp 768w\" sizes=\"auto, (max-width: 1000px) 100vw, 1000px\" \/><\/a><figcaption id=\"caption-attachment-179000\" class=\"wp-caption-text\"><strong>Leyendas Venezuela (Grupo B)<\/strong><\/figcaption><\/figure>\n<p>En el segundo juego de la primera jornada Grupo B, el onceno Leyendas venezolanas, logr\u00f3 una importante victoria (1-4) sobre el equipo Bol\u00edvar. Marcos Chirinos se convirti\u00f3 en el goleador del partido con dos dianas, mientas que Alberto Soliz Lobo y Luis Romero completaron la faena con un tanto cada uno.<\/p>\n<p>En otros resultados Magdalena derrot\u00f3 0-3 a Ganader\u00eda San Carlos de C\u00f3rdoba y el equipo local Gaira hizo lo propio con el equipo de Huila (0-2).<\/p>\n<p>Este 17 de agosto se llevar\u00e1 a cabo la segunda jornada donde Venezuela (B) jugar\u00e1 contra la selecci\u00f3n Gaira a las 4:30 p.m. y Venezuela (A) se enfrentar\u00e1 a segunda hora con el onceno Magdalena.<\/p>\n<p><strong>Posiciones<\/strong><\/p>\n<p><a href=\"https:\/\/digital58.com.ve\/site\/wp-content\/uploads\/2024\/08\/grupo-a.jpg\"><img loading=\"lazy\" decoding=\"async\" class=\"aligncenter size-full wp-image-178996\" src=\"https:\/\/digital58.com.ve\/site\/wp-content\/uploads\/2024\/08\/grupo-a.jpg\" alt=\"\" width=\"572\" height=\"235\" srcset=\"https:\/\/digital58.com.ve\/site\/wp-content\/uploads\/2024\/08\/grupo-a.jpg 572w, https:\/\/digital58.com.ve\/site\/wp-content\/uploads\/2024\/08\/grupo-a-300x123.jpg 300w\" sizes=\"auto, (max-width: 572px) 100vw, 572px\" \/><\/a><\/p>\n<p><a href=\"https:\/\/digital58.com.ve\/site\/wp-content\/uploads\/2024\/08\/grupo-b.jpg\"><img loading=\"lazy\" decoding=\"async\" class=\"aligncenter size-full wp-image-178997\" src=\"https:\/\/digital58.com.ve\/site\/wp-content\/uploads\/2024\/08\/grupo-b.jpg\" alt=\"\" width=\"570\" height=\"227\" srcset=\"https:\/\/digital58.com.ve\/site\/wp-content\/uploads\/2024\/08\/grupo-b.jpg 570w, https:\/\/digital58.com.ve\/site\/wp-content\/uploads\/2024\/08\/grupo-b-300x119.jpg 300w\" sizes=\"auto, (max-width: 570px) 100vw, 570px\" \/><\/a><\/p>\n<p><strong>Un encuentro de leyendas<\/strong><\/p>\n<p>Ocho equipos conformados por glorias del f\u00fatbol nacional e internacional se dieron cita en Santa Marta para disputar la Internacional Cup. En esta edici\u00f3n, los grupos quedaron conformados de la siguiente manera:<\/p>\n<p><strong>Grupo A:<\/strong> Ganader\u00eda San Carlos de C\u00f3rdoba, Glorias Venezuela, Magdalena y Barrancabermeja.<br \/>\n<strong>Grupo B: <\/strong>Selecci\u00f3n Gaira, Bol\u00edvar, Huila y Leyendas Venezuela.<\/p>\n<p>Este a\u00f1o, la Copa Internacional Plus 60 de f\u00fatbol rinde un sentido homenaje a Eduardo Emilio Vilarete Fern\u00e1ndez, \u00edcono del balompi\u00e9 colombiano y s\u00edmbolo de la pasi\u00f3n por el deporte.<\/p>\n<p>\u00abPara nosotros es un honor poder rendir homenaje a Eduardo Emilio Vilarete Fern\u00e1ndez a trav\u00e9s de este torneo. Su esp\u00edritu deportivo y su amor por el f\u00fatbol son una inspiraci\u00f3n para todos nosotros\u00bb, afirm\u00f3 Dairo P\u00e9rez Salas, organizador del evento.<\/p>\n<p><strong>La gran final<\/strong><\/p>\n<p>La final de la Internacional Cup se disputar\u00e1 el lunes 19 de agosto en el Centro Recreacional Teyuna. Este emocionante encuentro definir\u00e1 al campe\u00f3n de la edici\u00f3n y coronar\u00e1 al equipo que mejor represente los valores del f\u00fatbol.<\/p>\n<p><strong>Redacci\u00f3n ND58 con fuente elinformador.com.co<\/strong><br \/>\n<strong>Edici\u00f3n: Villasmil, Henry<\/strong><br \/>\n<strong>Gr\u00e1ficas: @villasmilhfoto<\/strong><\/p>\n<p>&nbsp;<\/p>\n<p>&nbsp;<\/p><div class=\"mtzyb69f0cdfeedda6\" ><p style=\"text-align: center;\"><a href=\"https:\/\/t.me\/noticiasdigital58\" target=\"_blank\" rel=\"noopener\"><img class=\"aligncenter size-full wp-image-125363\" src=\"https:\/\/digital58.com.ve\/site\/wp-content\/uploads\/2021\/04\/banner-telegram-web-2021.png\" alt=\"\" width=\"600\" height=\"90\" \/><\/a><\/p><\/div><style type=\"text\/css\">\r\n@media screen and (min-width: 1201px) {\r\n.mtzyb69f0cdfeedda6 {\r\ndisplay: block;\r\n}\r\n}\r\n@media screen and (min-width: 993px) and (max-width: 1200px) {\r\n.mtzyb69f0cdfeedda6 {\r\ndisplay: block;\r\n}\r\n}\r\n@media screen and (min-width: 769px) and (max-width: 992px) {\r\n.mtzyb69f0cdfeedda6 {\r\ndisplay: block;\r\n}\r\n}\r\n@media screen and (min-width: 768px) and (max-width: 768px) {\r\n.mtzyb69f0cdfeedda6 {\r\ndisplay: block;\r\n}\r\n}\r\n@media screen and (max-width: 767px) {\r\n.mtzyb69f0cdfeedda6 {\r\ndisplay: block;\r\n}\r\n}\r\n<\/style>\r\n\n<p>&nbsp;<\/p>\n<div style=\"margin-top: 0px; margin-bottom: 0px;\" class=\"sharethis-inline-share-buttons\" ><\/div>","protected":false},"excerpt":{"rendered":"<p>La Perla de Am\u00e9rica se convierte en el epicentro del f\u00fatbol con la quinta edici\u00f3n de la Internacional Cup, un<\/p>\n","protected":false},"author":1,"featured_media":178998,"comment_status":"open","ping_status":"closed","sticky":false,"template":"","format":"standard","meta":{"colormag_page_container_layout":"default_layout","colormag_page_sidebar_layout":"default_layout","_uag_custom_page_level_css":"","footnotes":""},"categories":[5402],"tags":[98,33789,13,41,33790,33791,7565,32],"class_list":["post-178989","post","type-post","status-publish","format-standard","has-post-thumbnail","hentry","category-deportes","tag-colombia","tag-copa-internacional-plus-60-de-futbol","tag-futbol","tag-futbol-internacional","tag-glorias-venezuela","tag-leyendas-venezuela","tag-santa-marta","tag-venezuela"],"yoast_head":"<!-- This site is optimized with the Yoast SEO plugin v27.5 - https:\/\/yoast.com\/product\/yoast-seo-wordpress\/ -->\n<title>#InternacionalCup | Venezuela divide en la primera fecha<\/title>\n<meta name=\"robots\" content=\"index, follow, max-snippet:-1, max-image-preview:large, max-video-preview:-1\" \/>\n<link rel=\"canonical\" href=\"https:\/\/digital58.com.ve\/site\/2024\/08\/17\/internacionalcup-venezuela-divide-en-la-primera-fecha\/\" \/>\n<meta property=\"og:locale\" content=\"es_ES\" \/>\n<meta property=\"og:type\" content=\"article\" \/>\n<meta property=\"og:title\" content=\"#InternacionalCup | Venezuela divide en la primera fecha\" \/>\n<meta property=\"og:url\" content=\"https:\/\/digital58.com.ve\/site\/2024\/08\/17\/internacionalcup-venezuela-divide-en-la-primera-fecha\/\" \/>\n<meta property=\"og:site_name\" content=\"Noticias Digital58\" \/>\n<meta property=\"article:published_time\" content=\"2024-08-17T16:52:59+00:00\" \/>\n<meta property=\"article:modified_time\" content=\"2024-08-17T18:29:09+00:00\" \/>\n<meta property=\"og:image\" content=\"https:\/\/i0.wp.com\/digital58.com.ve\/site\/wp-content\/uploads\/2024\/08\/venezuela.jpg?fit=1000%2C666&ssl=1\" \/>\n\t<meta property=\"og:image:width\" content=\"1000\" \/>\n\t<meta property=\"og:image:height\" content=\"666\" \/>\n\t<meta property=\"og:image:type\" content=\"image\/jpeg\" \/>\n<meta name=\"author\" content=\"Villasmil Henry\" \/>\n<meta name=\"twitter:card\" content=\"summary_large_image\" \/>\n<meta name=\"twitter:creator\" content=\"@https:\/\/twitter.com\/villasmilhfoto\" \/>\n<meta name=\"twitter:site\" content=\"@villasmilhfoto\" \/>\n<meta name=\"twitter:label1\" content=\"Escrito por\" \/>\n\t<meta name=\"twitter:data1\" content=\"Villasmil Henry\" \/>\n\t<meta name=\"twitter:label2\" content=\"Tiempo estimado de lectura\" \/>\n\t<meta name=\"twitter:data2\" content=\"2 minutos\" \/>\n<script type=\"application\/ld+json\" class=\"yoast-schema-graph\">{\"@context\":\"https:\\\/\\\/schema.org\",\"@graph\":[{\"@type\":\"Article\",\"@id\":\"https:\\\/\\\/digital58.com.ve\\\/site\\\/2024\\\/08\\\/17\\\/internacionalcup-venezuela-divide-en-la-primera-fecha\\\/#article\",\"isPartOf\":{\"@id\":\"https:\\\/\\\/digital58.com.ve\\\/site\\\/2024\\\/08\\\/17\\\/internacionalcup-venezuela-divide-en-la-primera-fecha\\\/\"},\"author\":{\"name\":\"Villasmil Henry\",\"@id\":\"https:\\\/\\\/digital58.com.ve\\\/site\\\/#\\\/schema\\\/person\\\/64d1c2e4d0d4fd1b849980c4331c2951\"},\"headline\":\"#InternacionalCup | Venezuela divide en la primera fecha\",\"datePublished\":\"2024-08-17T16:52:59+00:00\",\"dateModified\":\"2024-08-17T18:29:09+00:00\",\"mainEntityOfPage\":{\"@id\":\"https:\\\/\\\/digital58.com.ve\\\/site\\\/2024\\\/08\\\/17\\\/internacionalcup-venezuela-divide-en-la-primera-fecha\\\/\"},\"wordCount\":496,\"commentCount\":0,\"publisher\":{\"@id\":\"https:\\\/\\\/digital58.com.ve\\\/site\\\/#\\\/schema\\\/person\\\/64d1c2e4d0d4fd1b849980c4331c2951\"},\"image\":{\"@id\":\"https:\\\/\\\/digital58.com.ve\\\/site\\\/2024\\\/08\\\/17\\\/internacionalcup-venezuela-divide-en-la-primera-fecha\\\/#primaryimage\"},\"thumbnailUrl\":\"https:\\\/\\\/digital58.com.ve\\\/site\\\/wp-content\\\/uploads\\\/2024\\\/08\\\/venezuela.jpg\",\"keywords\":[\"Colombia\",\"Copa Internacional Plus 60 de f\u00fatbol\",\"F\u00fatbol\",\"F\u00fatbol Internacional\",\"Glorias Venezuela\",\"Leyendas Venezuela\",\"Santa Marta\",\"Venezuela\"],\"articleSection\":[\"Deportes\"],\"inLanguage\":\"es\",\"potentialAction\":[{\"@type\":\"CommentAction\",\"name\":\"Comment\",\"target\":[\"https:\\\/\\\/digital58.com.ve\\\/site\\\/2024\\\/08\\\/17\\\/internacionalcup-venezuela-divide-en-la-primera-fecha\\\/#respond\"]}]},{\"@type\":\"WebPage\",\"@id\":\"https:\\\/\\\/digital58.com.ve\\\/site\\\/2024\\\/08\\\/17\\\/internacionalcup-venezuela-divide-en-la-primera-fecha\\\/\",\"url\":\"https:\\\/\\\/digital58.com.ve\\\/site\\\/2024\\\/08\\\/17\\\/internacionalcup-venezuela-divide-en-la-primera-fecha\\\/\",\"name\":\"#InternacionalCup | Venezuela divide en la primera fecha\",\"isPartOf\":{\"@id\":\"https:\\\/\\\/digital58.com.ve\\\/site\\\/#website\"},\"primaryImageOfPage\":{\"@id\":\"https:\\\/\\\/digital58.com.ve\\\/site\\\/2024\\\/08\\\/17\\\/internacionalcup-venezuela-divide-en-la-primera-fecha\\\/#primaryimage\"},\"image\":{\"@id\":\"https:\\\/\\\/digital58.com.ve\\\/site\\\/2024\\\/08\\\/17\\\/internacionalcup-venezuela-divide-en-la-primera-fecha\\\/#primaryimage\"},\"thumbnailUrl\":\"https:\\\/\\\/digital58.com.ve\\\/site\\\/wp-content\\\/uploads\\\/2024\\\/08\\\/venezuela.jpg\",\"datePublished\":\"2024-08-17T16:52:59+00:00\",\"dateModified\":\"2024-08-17T18:29:09+00:00\",\"breadcrumb\":{\"@id\":\"https:\\\/\\\/digital58.com.ve\\\/site\\\/2024\\\/08\\\/17\\\/internacionalcup-venezuela-divide-en-la-primera-fecha\\\/#breadcrumb\"},\"inLanguage\":\"es\",\"potentialAction\":[{\"@type\":\"ReadAction\",\"target\":[\"https:\\\/\\\/digital58.com.ve\\\/site\\\/2024\\\/08\\\/17\\\/internacionalcup-venezuela-divide-en-la-primera-fecha\\\/\"]}]},{\"@type\":\"ImageObject\",\"inLanguage\":\"es\",\"@id\":\"https:\\\/\\\/digital58.com.ve\\\/site\\\/2024\\\/08\\\/17\\\/internacionalcup-venezuela-divide-en-la-primera-fecha\\\/#primaryimage\",\"url\":\"https:\\\/\\\/digital58.com.ve\\\/site\\\/wp-content\\\/uploads\\\/2024\\\/08\\\/venezuela.jpg\",\"contentUrl\":\"https:\\\/\\\/digital58.com.ve\\\/site\\\/wp-content\\\/uploads\\\/2024\\\/08\\\/venezuela.jpg\",\"width\":1000,\"height\":666},{\"@type\":\"BreadcrumbList\",\"@id\":\"https:\\\/\\\/digital58.com.ve\\\/site\\\/2024\\\/08\\\/17\\\/internacionalcup-venezuela-divide-en-la-primera-fecha\\\/#breadcrumb\",\"itemListElement\":[{\"@type\":\"ListItem\",\"position\":1,\"name\":\"Home\",\"item\":\"https:\\\/\\\/digital58.com.ve\\\/site\\\/\"},{\"@type\":\"ListItem\",\"position\":2,\"name\":\"#InternacionalCup | Venezuela divide en la primera fecha\"}]},{\"@type\":\"WebSite\",\"@id\":\"https:\\\/\\\/digital58.com.ve\\\/site\\\/#website\",\"url\":\"https:\\\/\\\/digital58.com.ve\\\/site\\\/\",\"name\":\"Noticias Digital58\",\"description\":\"Portal de Noticias \u00a1Periodismo web de verdad! Lanzamiento web 22.11.2005 \\\/ Maracaibo, Venezuela\",\"publisher\":{\"@id\":\"https:\\\/\\\/digital58.com.ve\\\/site\\\/#\\\/schema\\\/person\\\/64d1c2e4d0d4fd1b849980c4331c2951\"},\"alternateName\":\"ND58\",\"potentialAction\":[{\"@type\":\"SearchAction\",\"target\":{\"@type\":\"EntryPoint\",\"urlTemplate\":\"https:\\\/\\\/digital58.com.ve\\\/site\\\/?s={search_term_string}\"},\"query-input\":{\"@type\":\"PropertyValueSpecification\",\"valueRequired\":true,\"valueName\":\"search_term_string\"}}],\"inLanguage\":\"es\"},{\"@type\":[\"Person\",\"Organization\"],\"@id\":\"https:\\\/\\\/digital58.com.ve\\\/site\\\/#\\\/schema\\\/person\\\/64d1c2e4d0d4fd1b849980c4331c2951\",\"name\":\"Villasmil Henry\",\"image\":{\"@type\":\"ImageObject\",\"inLanguage\":\"es\",\"@id\":\"https:\\\/\\\/secure.gravatar.com\\\/avatar\\\/bb0c4a2fcb7970138239f7e404ea75757b1b507b28b5ce4c53fbd62d797c5a7c?s=96&d=mm&r=g\",\"url\":\"https:\\\/\\\/secure.gravatar.com\\\/avatar\\\/bb0c4a2fcb7970138239f7e404ea75757b1b507b28b5ce4c53fbd62d797c5a7c?s=96&d=mm&r=g\",\"contentUrl\":\"https:\\\/\\\/secure.gravatar.com\\\/avatar\\\/bb0c4a2fcb7970138239f7e404ea75757b1b507b28b5ce4c53fbd62d797c5a7c?s=96&d=mm&r=g\",\"caption\":\"Villasmil Henry\"},\"logo\":{\"@id\":\"https:\\\/\\\/secure.gravatar.com\\\/avatar\\\/bb0c4a2fcb7970138239f7e404ea75757b1b507b28b5ce4c53fbd62d797c5a7c?s=96&d=mm&r=g\"},\"sameAs\":[\"http:\\\/\\\/www.henryvillasmil.com.ve\",\"https:\\\/\\\/www.instagram.com\\\/villasmilhfoto\\\/\",\"https:\\\/\\\/x.com\\\/https:\\\/\\\/twitter.com\\\/villasmilhfoto\"],\"url\":\"https:\\\/\\\/digital58.com.ve\\\/site\\\/author\\\/droopy_68\\\/\"}]}<\/script>\n<!-- \/ Yoast SEO plugin. -->","yoast_head_json":{"title":"#InternacionalCup | Venezuela divide en la primera fecha","robots":{"index":"index","follow":"follow","max-snippet":"max-snippet:-1","max-image-preview":"max-image-preview:large","max-video-preview":"max-video-preview:-1"},"canonical":"https:\/\/digital58.com.ve\/site\/2024\/08\/17\/internacionalcup-venezuela-divide-en-la-primera-fecha\/","og_locale":"es_ES","og_type":"article","og_title":"#InternacionalCup | Venezuela divide en la primera fecha","og_url":"https:\/\/digital58.com.ve\/site\/2024\/08\/17\/internacionalcup-venezuela-divide-en-la-primera-fecha\/","og_site_name":"Noticias Digital58","article_published_time":"2024-08-17T16:52:59+00:00","article_modified_time":"2024-08-17T18:29:09+00:00","og_image":[{"width":1000,"height":666,"url":"https:\/\/i0.wp.com\/digital58.com.ve\/site\/wp-content\/uploads\/2024\/08\/venezuela.jpg?fit=1000%2C666&ssl=1","type":"image\/jpeg"}],"author":"Villasmil Henry","twitter_card":"summary_large_image","twitter_creator":"@https:\/\/twitter.com\/villasmilhfoto","twitter_site":"@villasmilhfoto","twitter_misc":{"Escrito por":"Villasmil Henry","Tiempo estimado de lectura":"2 minutos"},"schema":{"@context":"https:\/\/schema.org","@graph":[{"@type":"Article","@id":"https:\/\/digital58.com.ve\/site\/2024\/08\/17\/internacionalcup-venezuela-divide-en-la-primera-fecha\/#article","isPartOf":{"@id":"https:\/\/digital58.com.ve\/site\/2024\/08\/17\/internacionalcup-venezuela-divide-en-la-primera-fecha\/"},"author":{"name":"Villasmil Henry","@id":"https:\/\/digital58.com.ve\/site\/#\/schema\/person\/64d1c2e4d0d4fd1b849980c4331c2951"},"headline":"#InternacionalCup | Venezuela divide en la primera fecha","datePublished":"2024-08-17T16:52:59+00:00","dateModified":"2024-08-17T18:29:09+00:00","mainEntityOfPage":{"@id":"https:\/\/digital58.com.ve\/site\/2024\/08\/17\/internacionalcup-venezuela-divide-en-la-primera-fecha\/"},"wordCount":496,"commentCount":0,"publisher":{"@id":"https:\/\/digital58.com.ve\/site\/#\/schema\/person\/64d1c2e4d0d4fd1b849980c4331c2951"},"image":{"@id":"https:\/\/digital58.com.ve\/site\/2024\/08\/17\/internacionalcup-venezuela-divide-en-la-primera-fecha\/#primaryimage"},"thumbnailUrl":"https:\/\/digital58.com.ve\/site\/wp-content\/uploads\/2024\/08\/venezuela.jpg","keywords":["Colombia","Copa Internacional Plus 60 de f\u00fatbol","F\u00fatbol","F\u00fatbol Internacional","Glorias Venezuela","Leyendas Venezuela","Santa Marta","Venezuela"],"articleSection":["Deportes"],"inLanguage":"es","potentialAction":[{"@type":"CommentAction","name":"Comment","target":["https:\/\/digital58.com.ve\/site\/2024\/08\/17\/internacionalcup-venezuela-divide-en-la-primera-fecha\/#respond"]}]},{"@type":"WebPage","@id":"https:\/\/digital58.com.ve\/site\/2024\/08\/17\/internacionalcup-venezuela-divide-en-la-primera-fecha\/","url":"https:\/\/digital58.com.ve\/site\/2024\/08\/17\/internacionalcup-venezuela-divide-en-la-primera-fecha\/","name":"#InternacionalCup | Venezuela divide en la primera fecha","isPartOf":{"@id":"https:\/\/digital58.com.ve\/site\/#website"},"primaryImageOfPage":{"@id":"https:\/\/digital58.com.ve\/site\/2024\/08\/17\/internacionalcup-venezuela-divide-en-la-primera-fecha\/#primaryimage"},"image":{"@id":"https:\/\/digital58.com.ve\/site\/2024\/08\/17\/internacionalcup-venezuela-divide-en-la-primera-fecha\/#primaryimage"},"thumbnailUrl":"https:\/\/digital58.com.ve\/site\/wp-content\/uploads\/2024\/08\/venezuela.jpg","datePublished":"2024-08-17T16:52:59+00:00","dateModified":"2024-08-17T18:29:09+00:00","breadcrumb":{"@id":"https:\/\/digital58.com.ve\/site\/2024\/08\/17\/internacionalcup-venezuela-divide-en-la-primera-fecha\/#breadcrumb"},"inLanguage":"es","potentialAction":[{"@type":"ReadAction","target":["https:\/\/digital58.com.ve\/site\/2024\/08\/17\/internacionalcup-venezuela-divide-en-la-primera-fecha\/"]}]},{"@type":"ImageObject","inLanguage":"es","@id":"https:\/\/digital58.com.ve\/site\/2024\/08\/17\/internacionalcup-venezuela-divide-en-la-primera-fecha\/#primaryimage","url":"https:\/\/digital58.com.ve\/site\/wp-content\/uploads\/2024\/08\/venezuela.jpg","contentUrl":"https:\/\/digital58.com.ve\/site\/wp-content\/uploads\/2024\/08\/venezuela.jpg","width":1000,"height":666},{"@type":"BreadcrumbList","@id":"https:\/\/digital58.com.ve\/site\/2024\/08\/17\/internacionalcup-venezuela-divide-en-la-primera-fecha\/#breadcrumb","itemListElement":[{"@type":"ListItem","position":1,"name":"Home","item":"https:\/\/digital58.com.ve\/site\/"},{"@type":"ListItem","position":2,"name":"#InternacionalCup | Venezuela divide en la primera fecha"}]},{"@type":"WebSite","@id":"https:\/\/digital58.com.ve\/site\/#website","url":"https:\/\/digital58.com.ve\/site\/","name":"Noticias Digital58","description":"Portal de Noticias \u00a1Periodismo web de verdad! Lanzamiento web 22.11.2005 \/ Maracaibo, Venezuela","publisher":{"@id":"https:\/\/digital58.com.ve\/site\/#\/schema\/person\/64d1c2e4d0d4fd1b849980c4331c2951"},"alternateName":"ND58","potentialAction":[{"@type":"SearchAction","target":{"@type":"EntryPoint","urlTemplate":"https:\/\/digital58.com.ve\/site\/?s={search_term_string}"},"query-input":{"@type":"PropertyValueSpecification","valueRequired":true,"valueName":"search_term_string"}}],"inLanguage":"es"},{"@type":["Person","Organization"],"@id":"https:\/\/digital58.com.ve\/site\/#\/schema\/person\/64d1c2e4d0d4fd1b849980c4331c2951","name":"Villasmil Henry","image":{"@type":"ImageObject","inLanguage":"es","@id":"https:\/\/secure.gravatar.com\/avatar\/bb0c4a2fcb7970138239f7e404ea75757b1b507b28b5ce4c53fbd62d797c5a7c?s=96&d=mm&r=g","url":"https:\/\/secure.gravatar.com\/avatar\/bb0c4a2fcb7970138239f7e404ea75757b1b507b28b5ce4c53fbd62d797c5a7c?s=96&d=mm&r=g","contentUrl":"https:\/\/secure.gravatar.com\/avatar\/bb0c4a2fcb7970138239f7e404ea75757b1b507b28b5ce4c53fbd62d797c5a7c?s=96&d=mm&r=g","caption":"Villasmil Henry"},"logo":{"@id":"https:\/\/secure.gravatar.com\/avatar\/bb0c4a2fcb7970138239f7e404ea75757b1b507b28b5ce4c53fbd62d797c5a7c?s=96&d=mm&r=g"},"sameAs":["http:\/\/www.henryvillasmil.com.ve","https:\/\/www.instagram.com\/villasmilhfoto\/","https:\/\/x.com\/https:\/\/twitter.com\/villasmilhfoto"],"url":"https:\/\/digital58.com.ve\/site\/author\/droopy_68\/"}]}},"uagb_featured_image_src":{"full":["https:\/\/digital58.com.ve\/site\/wp-content\/uploads\/2024\/08\/venezuela.jpg",1000,666,false],"thumbnail":["https:\/\/digital58.com.ve\/site\/wp-content\/uploads\/2024\/08\/venezuela-150x150.jpg",150,150,true],"medium":["https:\/\/digital58.com.ve\/site\/wp-content\/uploads\/2024\/08\/venezuela-300x200.jpg",300,200,true],"medium_large":["https:\/\/digital58.com.ve\/site\/wp-content\/uploads\/2024\/08\/venezuela-768x511.jpg",768,511,true],"large":["https:\/\/digital58.com.ve\/site\/wp-content\/uploads\/2024\/08\/venezuela.jpg",800,533,false],"1536x1536":["https:\/\/digital58.com.ve\/site\/wp-content\/uploads\/2024\/08\/venezuela.jpg",1000,666,false],"2048x2048":["https:\/\/digital58.com.ve\/site\/wp-content\/uploads\/2024\/08\/venezuela.jpg",1000,666,false],"colormag-highlighted-post":["https:\/\/digital58.com.ve\/site\/wp-content\/uploads\/2024\/08\/venezuela-392x272.jpg",392,272,true],"colormag-featured-post-medium":["https:\/\/digital58.com.ve\/site\/wp-content\/uploads\/2024\/08\/venezuela-390x205.jpg",390,205,true],"colormag-featured-post-small":["https:\/\/digital58.com.ve\/site\/wp-content\/uploads\/2024\/08\/venezuela-130x90.jpg",130,90,true],"colormag-featured-image":["https:\/\/digital58.com.ve\/site\/wp-content\/uploads\/2024\/08\/venezuela-800x445.jpg",800,445,true],"colormag-default-news":["https:\/\/digital58.com.ve\/site\/wp-content\/uploads\/2024\/08\/venezuela-150x150.jpg",150,150,true],"colormag-featured-image-large":["https:\/\/digital58.com.ve\/site\/wp-content\/uploads\/2024\/08\/venezuela-1000x600.jpg",1000,600,true]},"uagb_author_info":{"display_name":"Villasmil Henry","author_link":"https:\/\/digital58.com.ve\/site\/author\/droopy_68\/"},"uagb_comment_info":0,"uagb_excerpt":"La Perla de Am\u00e9rica se convierte en el epicentro del f\u00fatbol con la quinta edici\u00f3n de la Internacional Cup, un","_links":{"self":[{"href":"https:\/\/digital58.com.ve\/site\/wp-json\/wp\/v2\/posts\/178989","targetHints":{"allow":["GET"]}}],"collection":[{"href":"https:\/\/digital58.com.ve\/site\/wp-json\/wp\/v2\/posts"}],"about":[{"href":"https:\/\/digital58.com.ve\/site\/wp-json\/wp\/v2\/types\/post"}],"author":[{"embeddable":true,"href":"https:\/\/digital58.com.ve\/site\/wp-json\/wp\/v2\/users\/1"}],"replies":[{"embeddable":true,"href":"https:\/\/digital58.com.ve\/site\/wp-json\/wp\/v2\/comments?post=178989"}],"version-history":[{"count":5,"href":"https:\/\/digital58.com.ve\/site\/wp-json\/wp\/v2\/posts\/178989\/revisions"}],"predecessor-version":[{"id":179008,"href":"https:\/\/digital58.com.ve\/site\/wp-json\/wp\/v2\/posts\/178989\/revisions\/179008"}],"wp:featuredmedia":[{"embeddable":true,"href":"https:\/\/digital58.com.ve\/site\/wp-json\/wp\/v2\/media\/178998"}],"wp:attachment":[{"href":"https:\/\/digital58.com.ve\/site\/wp-json\/wp\/v2\/media?parent=178989"}],"wp:term":[{"taxonomy":"category","embeddable":true,"href":"https:\/\/digital58.com.ve\/site\/wp-json\/wp\/v2\/categories?post=178989"},{"taxonomy":"post_tag","embeddable":true,"href":"https:\/\/digital58.com.ve\/site\/wp-json\/wp\/v2\/tags?post=178989"}],"curies":[{"name":"wp","href":"https:\/\/api.w.org\/{rel}","templated":true}]}}