{"id":179018,"date":"2024-08-19T05:20:23","date_gmt":"2024-08-19T09:20:23","guid":{"rendered":"https:\/\/digital58.com.ve\/site\/?p=179018"},"modified":"2024-08-19T05:20:23","modified_gmt":"2024-08-19T09:20:23","slug":"zulia-marcho-por-la-paz-de-venezuela","status":"publish","type":"post","link":"https:\/\/digital58.com.ve\/site\/2024\/08\/19\/zulia-marcho-por-la-paz-de-venezuela\/","title":{"rendered":"Zulia march\u00f3 por la Paz de Venezuela"},"content":{"rendered":"<p><a href=\"https:\/\/digital58.com.ve\/site\/wp-content\/uploads\/2024\/08\/madurismo-mcbo-4.jpg\"><img loading=\"lazy\" decoding=\"async\" class=\"aligncenter size-full wp-image-179021\" src=\"https:\/\/digital58.com.ve\/site\/wp-content\/uploads\/2024\/08\/madurismo-mcbo-4.jpg\" alt=\"\" width=\"800\" height=\"534\" srcset=\"https:\/\/digital58.com.ve\/site\/wp-content\/uploads\/2024\/08\/madurismo-mcbo-4.jpg 800w, https:\/\/digital58.com.ve\/site\/wp-content\/uploads\/2024\/08\/madurismo-mcbo-4-300x200.jpg 300w, https:\/\/digital58.com.ve\/site\/wp-content\/uploads\/2024\/08\/madurismo-mcbo-4-768x513.jpg 768w\" sizes=\"auto, (max-width: 800px) 100vw, 800px\" \/><\/a><\/p>\n<p>Este s\u00e1bado, se desarroll\u00f3 en diversos puntos del pa\u00eds la Gran Marcha Nacional por la Paz y en apoyo a la victoria del presidente de la Rep\u00fablica, Nicol\u00e1s Maduro.<\/p>\n<p><strong>Zulia, Venezuela, 19 de agosto de 2024 (ND58).-<\/strong> En el municipio San Francisco en el estado Zulia, cientos de ciudadanos dijeron presente en esta convocatoria que promovi\u00f3 la uni\u00f3n, solidaridad, hermandad y defendi\u00f3 la autonom\u00eda como pueblo soberano.<\/p>\n<p><a href=\"https:\/\/digital58.com.ve\/site\/wp-content\/uploads\/2024\/08\/madurismo-mcbo-2.jpg\"><img loading=\"lazy\" decoding=\"async\" class=\"aligncenter size-full wp-image-179023\" src=\"https:\/\/digital58.com.ve\/site\/wp-content\/uploads\/2024\/08\/madurismo-mcbo-2.jpg\" alt=\"\" width=\"800\" height=\"531\" srcset=\"https:\/\/digital58.com.ve\/site\/wp-content\/uploads\/2024\/08\/madurismo-mcbo-2.jpg 800w, https:\/\/digital58.com.ve\/site\/wp-content\/uploads\/2024\/08\/madurismo-mcbo-2-300x199.jpg 300w, https:\/\/digital58.com.ve\/site\/wp-content\/uploads\/2024\/08\/madurismo-mcbo-2-768x510.jpg 768w\" sizes=\"auto, (max-width: 800px) 100vw, 800px\" \/><\/a><\/p>\n<p>\u00abEstoy feliz porque el presidente Nicol\u00e1s Maduro protege al pueblo de Venezuela y representa esa ayuda que queremos todos los venezolanos\u00bb, manifest\u00f3 la l\u00edder de calle de la parroquia Domitila Flores, M\u00f3nica Soto, desde la avenida 49C-1 Barrio Universidad, donde la militancia bolivariana exigi\u00f3 una vez m\u00e1s respetar la voluntad del pueblo venezolano.<\/p>\n<p><a href=\"https:\/\/digital58.com.ve\/site\/wp-content\/uploads\/2024\/08\/madurismo-mcbo-1.jpg\"><img loading=\"lazy\" decoding=\"async\" class=\"aligncenter size-full wp-image-179024\" src=\"https:\/\/digital58.com.ve\/site\/wp-content\/uploads\/2024\/08\/madurismo-mcbo-1.jpg\" alt=\"\" width=\"800\" height=\"534\" srcset=\"https:\/\/digital58.com.ve\/site\/wp-content\/uploads\/2024\/08\/madurismo-mcbo-1.jpg 800w, https:\/\/digital58.com.ve\/site\/wp-content\/uploads\/2024\/08\/madurismo-mcbo-1-300x200.jpg 300w, https:\/\/digital58.com.ve\/site\/wp-content\/uploads\/2024\/08\/madurismo-mcbo-1-768x513.jpg 768w\" sizes=\"auto, (max-width: 800px) 100vw, 800px\" \/><\/a><\/p>\n<p>Tambi\u00e9n Marilda Fuenmayor, representante de la UBCH del municipio San Francisco, dijo que Maduro quiere la paz y el progreso para Venezuela.<\/p>\n<p><a href=\"https:\/\/digital58.com.ve\/site\/wp-content\/uploads\/2024\/08\/madurismo-mcbo-3.jpg\"><img loading=\"lazy\" decoding=\"async\" class=\"aligncenter size-full wp-image-179022\" src=\"https:\/\/digital58.com.ve\/site\/wp-content\/uploads\/2024\/08\/madurismo-mcbo-3.jpg\" alt=\"\" width=\"800\" height=\"534\" srcset=\"https:\/\/digital58.com.ve\/site\/wp-content\/uploads\/2024\/08\/madurismo-mcbo-3.jpg 800w, https:\/\/digital58.com.ve\/site\/wp-content\/uploads\/2024\/08\/madurismo-mcbo-3-300x200.jpg 300w, https:\/\/digital58.com.ve\/site\/wp-content\/uploads\/2024\/08\/madurismo-mcbo-3-768x513.jpg 768w\" sizes=\"auto, (max-width: 800px) 100vw, 800px\" \/><\/a><\/p>\n<p>\u00abEstamos con Nicol\u00e1s Maduro, hijo de la Revoluci\u00f3n hijo de Hugo Ch\u00e1vez y de toda Venezuela\u00bb, precis\u00f3 el ciudadano Armando D\u00edaz.<\/p>\n<p><a href=\"https:\/\/digital58.com.ve\/site\/wp-content\/uploads\/2024\/08\/madurismo-mcbo-5.jpg\"><img loading=\"lazy\" decoding=\"async\" class=\"aligncenter size-full wp-image-179020\" src=\"https:\/\/digital58.com.ve\/site\/wp-content\/uploads\/2024\/08\/madurismo-mcbo-5.jpg\" alt=\"\" width=\"800\" height=\"526\" srcset=\"https:\/\/digital58.com.ve\/site\/wp-content\/uploads\/2024\/08\/madurismo-mcbo-5.jpg 800w, https:\/\/digital58.com.ve\/site\/wp-content\/uploads\/2024\/08\/madurismo-mcbo-5-300x197.jpg 300w, https:\/\/digital58.com.ve\/site\/wp-content\/uploads\/2024\/08\/madurismo-mcbo-5-768x505.jpg 768w\" sizes=\"auto, (max-width: 800px) 100vw, 800px\" \/><\/a><\/p>\n<p>\u00abRecordemos que Venezuela sigue siendo v\u00edctima de intensos ataques desde el exterior, luego de un rotundo triunfo electoral que dio por ganador al Presidente Nicol\u00e1s Maduro, candidato por el Gran Polo Patri\u00f3tico\u00bb, concluy\u00f3.<\/p>\n<p><a href=\"https:\/\/digital58.com.ve\/site\/wp-content\/uploads\/2024\/08\/madurismo-mcbo-6.jpg\"><img loading=\"lazy\" decoding=\"async\" class=\"aligncenter size-full wp-image-179019\" src=\"https:\/\/digital58.com.ve\/site\/wp-content\/uploads\/2024\/08\/madurismo-mcbo-6.jpg\" alt=\"\" width=\"800\" height=\"534\" srcset=\"https:\/\/digital58.com.ve\/site\/wp-content\/uploads\/2024\/08\/madurismo-mcbo-6.jpg 800w, https:\/\/digital58.com.ve\/site\/wp-content\/uploads\/2024\/08\/madurismo-mcbo-6-300x200.jpg 300w, https:\/\/digital58.com.ve\/site\/wp-content\/uploads\/2024\/08\/madurismo-mcbo-6-768x513.jpg 768w\" sizes=\"auto, (max-width: 800px) 100vw, 800px\" \/><\/a><\/p>\n<p><strong>Redacci\u00f3n ND58 | Fuente: Prensa Corpozulia<\/strong><br \/>\n<strong>Edici\u00f3n: Villasmil, Henry<\/strong><br \/>\n<strong>Gr\u00e1ficas: Cortes\u00eda Prensa Corpozulia<\/strong><\/p>\n<p>&nbsp;<\/p>\n<p>&nbsp;<\/p><div class=\"xzgvf69f0cdae71796\" ><p style=\"text-align: center;\"><a href=\"https:\/\/t.me\/noticiasdigital58\" target=\"_blank\" rel=\"noopener\"><img class=\"aligncenter size-full wp-image-125363\" src=\"https:\/\/digital58.com.ve\/site\/wp-content\/uploads\/2021\/04\/banner-telegram-web-2021.png\" alt=\"\" width=\"600\" height=\"90\" \/><\/a><\/p><\/div><style type=\"text\/css\">\r\n@media screen and (min-width: 1201px) {\r\n.xzgvf69f0cdae71796 {\r\ndisplay: block;\r\n}\r\n}\r\n@media screen and (min-width: 993px) and (max-width: 1200px) {\r\n.xzgvf69f0cdae71796 {\r\ndisplay: block;\r\n}\r\n}\r\n@media screen and (min-width: 769px) and (max-width: 992px) {\r\n.xzgvf69f0cdae71796 {\r\ndisplay: block;\r\n}\r\n}\r\n@media screen and (min-width: 768px) and (max-width: 768px) {\r\n.xzgvf69f0cdae71796 {\r\ndisplay: block;\r\n}\r\n}\r\n@media screen and (max-width: 767px) {\r\n.xzgvf69f0cdae71796 {\r\ndisplay: block;\r\n}\r\n}\r\n<\/style>\r\n\n<p>&nbsp;<\/p>\n<div style=\"margin-top: 0px; margin-bottom: 0px;\" class=\"sharethis-inline-share-buttons\" ><\/div>","protected":false},"excerpt":{"rendered":"<p>Este s\u00e1bado, se desarroll\u00f3 en diversos puntos del pa\u00eds la Gran Marcha Nacional por la Paz y en apoyo a<\/p>\n","protected":false},"author":1,"featured_media":179023,"comment_status":"open","ping_status":"closed","sticky":false,"template":"","format":"standard","meta":{"colormag_page_container_layout":"default_layout","colormag_page_sidebar_layout":"default_layout","_uag_custom_page_level_css":"","footnotes":""},"categories":[14504],"tags":[14545,73,4294,5816,233,14182,25262,27183,2354,4215,32],"class_list":["post-179018","post","type-post","status-publish","format-standard","has-post-thumbnail","hentry","category-zulia","tag-corpozulia","tag-maracaibo","tag-marchas","tag-municipio-san-francisco","tag-nacionales","tag-nicolas-maduro-moros","tag-oficialismo-venezolano","tag-psuv-zulia","tag-regionales","tag-san-francisco","tag-venezuela"],"yoast_head":"<!-- This site is optimized with the Yoast SEO plugin v27.5 - https:\/\/yoast.com\/product\/yoast-seo-wordpress\/ -->\n<title>Zulia march\u00f3 por la Paz de Venezuela<\/title>\n<meta name=\"robots\" content=\"index, follow, max-snippet:-1, max-image-preview:large, max-video-preview:-1\" \/>\n<link rel=\"canonical\" href=\"https:\/\/digital58.com.ve\/site\/2024\/08\/19\/zulia-marcho-por-la-paz-de-venezuela\/\" \/>\n<meta property=\"og:locale\" content=\"es_ES\" \/>\n<meta property=\"og:type\" content=\"article\" \/>\n<meta property=\"og:title\" content=\"Zulia march\u00f3 por la Paz de Venezuela\" \/>\n<meta property=\"og:url\" content=\"https:\/\/digital58.com.ve\/site\/2024\/08\/19\/zulia-marcho-por-la-paz-de-venezuela\/\" \/>\n<meta property=\"og:site_name\" content=\"Noticias Digital58\" \/>\n<meta property=\"article:published_time\" content=\"2024-08-19T09:20:23+00:00\" \/>\n<meta property=\"og:image\" content=\"https:\/\/i0.wp.com\/digital58.com.ve\/site\/wp-content\/uploads\/2024\/08\/madurismo-mcbo-2.jpg?fit=800%2C531&ssl=1\" \/>\n\t<meta property=\"og:image:width\" content=\"800\" \/>\n\t<meta property=\"og:image:height\" content=\"531\" \/>\n\t<meta property=\"og:image:type\" content=\"image\/jpeg\" \/>\n<meta name=\"author\" content=\"Villasmil Henry\" \/>\n<meta name=\"twitter:card\" content=\"summary_large_image\" \/>\n<meta name=\"twitter:creator\" content=\"@https:\/\/twitter.com\/villasmilhfoto\" \/>\n<meta name=\"twitter:site\" content=\"@villasmilhfoto\" \/>\n<meta name=\"twitter:label1\" content=\"Escrito por\" \/>\n\t<meta name=\"twitter:data1\" content=\"Villasmil Henry\" \/>\n\t<meta name=\"twitter:label2\" content=\"Tiempo estimado de lectura\" \/>\n\t<meta name=\"twitter:data2\" content=\"1 minuto\" \/>\n<script type=\"application\/ld+json\" class=\"yoast-schema-graph\">{\"@context\":\"https:\\\/\\\/schema.org\",\"@graph\":[{\"@type\":\"Article\",\"@id\":\"https:\\\/\\\/digital58.com.ve\\\/site\\\/2024\\\/08\\\/19\\\/zulia-marcho-por-la-paz-de-venezuela\\\/#article\",\"isPartOf\":{\"@id\":\"https:\\\/\\\/digital58.com.ve\\\/site\\\/2024\\\/08\\\/19\\\/zulia-marcho-por-la-paz-de-venezuela\\\/\"},\"author\":{\"name\":\"Villasmil Henry\",\"@id\":\"https:\\\/\\\/digital58.com.ve\\\/site\\\/#\\\/schema\\\/person\\\/64d1c2e4d0d4fd1b849980c4331c2951\"},\"headline\":\"Zulia march\u00f3 por la Paz de Venezuela\",\"datePublished\":\"2024-08-19T09:20:23+00:00\",\"mainEntityOfPage\":{\"@id\":\"https:\\\/\\\/digital58.com.ve\\\/site\\\/2024\\\/08\\\/19\\\/zulia-marcho-por-la-paz-de-venezuela\\\/\"},\"wordCount\":239,\"commentCount\":0,\"publisher\":{\"@id\":\"https:\\\/\\\/digital58.com.ve\\\/site\\\/#\\\/schema\\\/person\\\/64d1c2e4d0d4fd1b849980c4331c2951\"},\"image\":{\"@id\":\"https:\\\/\\\/digital58.com.ve\\\/site\\\/2024\\\/08\\\/19\\\/zulia-marcho-por-la-paz-de-venezuela\\\/#primaryimage\"},\"thumbnailUrl\":\"https:\\\/\\\/digital58.com.ve\\\/site\\\/wp-content\\\/uploads\\\/2024\\\/08\\\/madurismo-mcbo-2.jpg\",\"keywords\":[\"Corpozulia\",\"Maracaibo\",\"Marchas\",\"Municipio San Francisco\",\"Nacionales\",\"Nicol\u00e1s Maduro Moros\",\"Oficialismo venezolano\",\"PSUV Zulia\",\"Regionales\",\"San Francisco\",\"Venezuela\"],\"articleSection\":[\"Zulia\"],\"inLanguage\":\"es\",\"potentialAction\":[{\"@type\":\"CommentAction\",\"name\":\"Comment\",\"target\":[\"https:\\\/\\\/digital58.com.ve\\\/site\\\/2024\\\/08\\\/19\\\/zulia-marcho-por-la-paz-de-venezuela\\\/#respond\"]}]},{\"@type\":\"WebPage\",\"@id\":\"https:\\\/\\\/digital58.com.ve\\\/site\\\/2024\\\/08\\\/19\\\/zulia-marcho-por-la-paz-de-venezuela\\\/\",\"url\":\"https:\\\/\\\/digital58.com.ve\\\/site\\\/2024\\\/08\\\/19\\\/zulia-marcho-por-la-paz-de-venezuela\\\/\",\"name\":\"Zulia march\u00f3 por la Paz de Venezuela\",\"isPartOf\":{\"@id\":\"https:\\\/\\\/digital58.com.ve\\\/site\\\/#website\"},\"primaryImageOfPage\":{\"@id\":\"https:\\\/\\\/digital58.com.ve\\\/site\\\/2024\\\/08\\\/19\\\/zulia-marcho-por-la-paz-de-venezuela\\\/#primaryimage\"},\"image\":{\"@id\":\"https:\\\/\\\/digital58.com.ve\\\/site\\\/2024\\\/08\\\/19\\\/zulia-marcho-por-la-paz-de-venezuela\\\/#primaryimage\"},\"thumbnailUrl\":\"https:\\\/\\\/digital58.com.ve\\\/site\\\/wp-content\\\/uploads\\\/2024\\\/08\\\/madurismo-mcbo-2.jpg\",\"datePublished\":\"2024-08-19T09:20:23+00:00\",\"breadcrumb\":{\"@id\":\"https:\\\/\\\/digital58.com.ve\\\/site\\\/2024\\\/08\\\/19\\\/zulia-marcho-por-la-paz-de-venezuela\\\/#breadcrumb\"},\"inLanguage\":\"es\",\"potentialAction\":[{\"@type\":\"ReadAction\",\"target\":[\"https:\\\/\\\/digital58.com.ve\\\/site\\\/2024\\\/08\\\/19\\\/zulia-marcho-por-la-paz-de-venezuela\\\/\"]}]},{\"@type\":\"ImageObject\",\"inLanguage\":\"es\",\"@id\":\"https:\\\/\\\/digital58.com.ve\\\/site\\\/2024\\\/08\\\/19\\\/zulia-marcho-por-la-paz-de-venezuela\\\/#primaryimage\",\"url\":\"https:\\\/\\\/digital58.com.ve\\\/site\\\/wp-content\\\/uploads\\\/2024\\\/08\\\/madurismo-mcbo-2.jpg\",\"contentUrl\":\"https:\\\/\\\/digital58.com.ve\\\/site\\\/wp-content\\\/uploads\\\/2024\\\/08\\\/madurismo-mcbo-2.jpg\",\"width\":800,\"height\":531},{\"@type\":\"BreadcrumbList\",\"@id\":\"https:\\\/\\\/digital58.com.ve\\\/site\\\/2024\\\/08\\\/19\\\/zulia-marcho-por-la-paz-de-venezuela\\\/#breadcrumb\",\"itemListElement\":[{\"@type\":\"ListItem\",\"position\":1,\"name\":\"Home\",\"item\":\"https:\\\/\\\/digital58.com.ve\\\/site\\\/\"},{\"@type\":\"ListItem\",\"position\":2,\"name\":\"Zulia march\u00f3 por la Paz de Venezuela\"}]},{\"@type\":\"WebSite\",\"@id\":\"https:\\\/\\\/digital58.com.ve\\\/site\\\/#website\",\"url\":\"https:\\\/\\\/digital58.com.ve\\\/site\\\/\",\"name\":\"Noticias Digital58\",\"description\":\"Portal de Noticias \u00a1Periodismo web de verdad! Lanzamiento web 22.11.2005 \\\/ Maracaibo, Venezuela\",\"publisher\":{\"@id\":\"https:\\\/\\\/digital58.com.ve\\\/site\\\/#\\\/schema\\\/person\\\/64d1c2e4d0d4fd1b849980c4331c2951\"},\"alternateName\":\"ND58\",\"potentialAction\":[{\"@type\":\"SearchAction\",\"target\":{\"@type\":\"EntryPoint\",\"urlTemplate\":\"https:\\\/\\\/digital58.com.ve\\\/site\\\/?s={search_term_string}\"},\"query-input\":{\"@type\":\"PropertyValueSpecification\",\"valueRequired\":true,\"valueName\":\"search_term_string\"}}],\"inLanguage\":\"es\"},{\"@type\":[\"Person\",\"Organization\"],\"@id\":\"https:\\\/\\\/digital58.com.ve\\\/site\\\/#\\\/schema\\\/person\\\/64d1c2e4d0d4fd1b849980c4331c2951\",\"name\":\"Villasmil Henry\",\"image\":{\"@type\":\"ImageObject\",\"inLanguage\":\"es\",\"@id\":\"https:\\\/\\\/secure.gravatar.com\\\/avatar\\\/bb0c4a2fcb7970138239f7e404ea75757b1b507b28b5ce4c53fbd62d797c5a7c?s=96&d=mm&r=g\",\"url\":\"https:\\\/\\\/secure.gravatar.com\\\/avatar\\\/bb0c4a2fcb7970138239f7e404ea75757b1b507b28b5ce4c53fbd62d797c5a7c?s=96&d=mm&r=g\",\"contentUrl\":\"https:\\\/\\\/secure.gravatar.com\\\/avatar\\\/bb0c4a2fcb7970138239f7e404ea75757b1b507b28b5ce4c53fbd62d797c5a7c?s=96&d=mm&r=g\",\"caption\":\"Villasmil Henry\"},\"logo\":{\"@id\":\"https:\\\/\\\/secure.gravatar.com\\\/avatar\\\/bb0c4a2fcb7970138239f7e404ea75757b1b507b28b5ce4c53fbd62d797c5a7c?s=96&d=mm&r=g\"},\"sameAs\":[\"http:\\\/\\\/www.henryvillasmil.com.ve\",\"https:\\\/\\\/www.instagram.com\\\/villasmilhfoto\\\/\",\"https:\\\/\\\/x.com\\\/https:\\\/\\\/twitter.com\\\/villasmilhfoto\"],\"url\":\"https:\\\/\\\/digital58.com.ve\\\/site\\\/author\\\/droopy_68\\\/\"}]}<\/script>\n<!-- \/ Yoast SEO plugin. -->","yoast_head_json":{"title":"Zulia march\u00f3 por la Paz de Venezuela","robots":{"index":"index","follow":"follow","max-snippet":"max-snippet:-1","max-image-preview":"max-image-preview:large","max-video-preview":"max-video-preview:-1"},"canonical":"https:\/\/digital58.com.ve\/site\/2024\/08\/19\/zulia-marcho-por-la-paz-de-venezuela\/","og_locale":"es_ES","og_type":"article","og_title":"Zulia march\u00f3 por la Paz de Venezuela","og_url":"https:\/\/digital58.com.ve\/site\/2024\/08\/19\/zulia-marcho-por-la-paz-de-venezuela\/","og_site_name":"Noticias Digital58","article_published_time":"2024-08-19T09:20:23+00:00","og_image":[{"width":800,"height":531,"url":"https:\/\/i0.wp.com\/digital58.com.ve\/site\/wp-content\/uploads\/2024\/08\/madurismo-mcbo-2.jpg?fit=800%2C531&ssl=1","type":"image\/jpeg"}],"author":"Villasmil Henry","twitter_card":"summary_large_image","twitter_creator":"@https:\/\/twitter.com\/villasmilhfoto","twitter_site":"@villasmilhfoto","twitter_misc":{"Escrito por":"Villasmil Henry","Tiempo estimado de lectura":"1 minuto"},"schema":{"@context":"https:\/\/schema.org","@graph":[{"@type":"Article","@id":"https:\/\/digital58.com.ve\/site\/2024\/08\/19\/zulia-marcho-por-la-paz-de-venezuela\/#article","isPartOf":{"@id":"https:\/\/digital58.com.ve\/site\/2024\/08\/19\/zulia-marcho-por-la-paz-de-venezuela\/"},"author":{"name":"Villasmil Henry","@id":"https:\/\/digital58.com.ve\/site\/#\/schema\/person\/64d1c2e4d0d4fd1b849980c4331c2951"},"headline":"Zulia march\u00f3 por la Paz de Venezuela","datePublished":"2024-08-19T09:20:23+00:00","mainEntityOfPage":{"@id":"https:\/\/digital58.com.ve\/site\/2024\/08\/19\/zulia-marcho-por-la-paz-de-venezuela\/"},"wordCount":239,"commentCount":0,"publisher":{"@id":"https:\/\/digital58.com.ve\/site\/#\/schema\/person\/64d1c2e4d0d4fd1b849980c4331c2951"},"image":{"@id":"https:\/\/digital58.com.ve\/site\/2024\/08\/19\/zulia-marcho-por-la-paz-de-venezuela\/#primaryimage"},"thumbnailUrl":"https:\/\/digital58.com.ve\/site\/wp-content\/uploads\/2024\/08\/madurismo-mcbo-2.jpg","keywords":["Corpozulia","Maracaibo","Marchas","Municipio San Francisco","Nacionales","Nicol\u00e1s Maduro Moros","Oficialismo venezolano","PSUV Zulia","Regionales","San Francisco","Venezuela"],"articleSection":["Zulia"],"inLanguage":"es","potentialAction":[{"@type":"CommentAction","name":"Comment","target":["https:\/\/digital58.com.ve\/site\/2024\/08\/19\/zulia-marcho-por-la-paz-de-venezuela\/#respond"]}]},{"@type":"WebPage","@id":"https:\/\/digital58.com.ve\/site\/2024\/08\/19\/zulia-marcho-por-la-paz-de-venezuela\/","url":"https:\/\/digital58.com.ve\/site\/2024\/08\/19\/zulia-marcho-por-la-paz-de-venezuela\/","name":"Zulia march\u00f3 por la Paz de Venezuela","isPartOf":{"@id":"https:\/\/digital58.com.ve\/site\/#website"},"primaryImageOfPage":{"@id":"https:\/\/digital58.com.ve\/site\/2024\/08\/19\/zulia-marcho-por-la-paz-de-venezuela\/#primaryimage"},"image":{"@id":"https:\/\/digital58.com.ve\/site\/2024\/08\/19\/zulia-marcho-por-la-paz-de-venezuela\/#primaryimage"},"thumbnailUrl":"https:\/\/digital58.com.ve\/site\/wp-content\/uploads\/2024\/08\/madurismo-mcbo-2.jpg","datePublished":"2024-08-19T09:20:23+00:00","breadcrumb":{"@id":"https:\/\/digital58.com.ve\/site\/2024\/08\/19\/zulia-marcho-por-la-paz-de-venezuela\/#breadcrumb"},"inLanguage":"es","potentialAction":[{"@type":"ReadAction","target":["https:\/\/digital58.com.ve\/site\/2024\/08\/19\/zulia-marcho-por-la-paz-de-venezuela\/"]}]},{"@type":"ImageObject","inLanguage":"es","@id":"https:\/\/digital58.com.ve\/site\/2024\/08\/19\/zulia-marcho-por-la-paz-de-venezuela\/#primaryimage","url":"https:\/\/digital58.com.ve\/site\/wp-content\/uploads\/2024\/08\/madurismo-mcbo-2.jpg","contentUrl":"https:\/\/digital58.com.ve\/site\/wp-content\/uploads\/2024\/08\/madurismo-mcbo-2.jpg","width":800,"height":531},{"@type":"BreadcrumbList","@id":"https:\/\/digital58.com.ve\/site\/2024\/08\/19\/zulia-marcho-por-la-paz-de-venezuela\/#breadcrumb","itemListElement":[{"@type":"ListItem","position":1,"name":"Home","item":"https:\/\/digital58.com.ve\/site\/"},{"@type":"ListItem","position":2,"name":"Zulia march\u00f3 por la Paz de Venezuela"}]},{"@type":"WebSite","@id":"https:\/\/digital58.com.ve\/site\/#website","url":"https:\/\/digital58.com.ve\/site\/","name":"Noticias Digital58","description":"Portal de Noticias \u00a1Periodismo web de verdad! Lanzamiento web 22.11.2005 \/ Maracaibo, Venezuela","publisher":{"@id":"https:\/\/digital58.com.ve\/site\/#\/schema\/person\/64d1c2e4d0d4fd1b849980c4331c2951"},"alternateName":"ND58","potentialAction":[{"@type":"SearchAction","target":{"@type":"EntryPoint","urlTemplate":"https:\/\/digital58.com.ve\/site\/?s={search_term_string}"},"query-input":{"@type":"PropertyValueSpecification","valueRequired":true,"valueName":"search_term_string"}}],"inLanguage":"es"},{"@type":["Person","Organization"],"@id":"https:\/\/digital58.com.ve\/site\/#\/schema\/person\/64d1c2e4d0d4fd1b849980c4331c2951","name":"Villasmil Henry","image":{"@type":"ImageObject","inLanguage":"es","@id":"https:\/\/secure.gravatar.com\/avatar\/bb0c4a2fcb7970138239f7e404ea75757b1b507b28b5ce4c53fbd62d797c5a7c?s=96&d=mm&r=g","url":"https:\/\/secure.gravatar.com\/avatar\/bb0c4a2fcb7970138239f7e404ea75757b1b507b28b5ce4c53fbd62d797c5a7c?s=96&d=mm&r=g","contentUrl":"https:\/\/secure.gravatar.com\/avatar\/bb0c4a2fcb7970138239f7e404ea75757b1b507b28b5ce4c53fbd62d797c5a7c?s=96&d=mm&r=g","caption":"Villasmil Henry"},"logo":{"@id":"https:\/\/secure.gravatar.com\/avatar\/bb0c4a2fcb7970138239f7e404ea75757b1b507b28b5ce4c53fbd62d797c5a7c?s=96&d=mm&r=g"},"sameAs":["http:\/\/www.henryvillasmil.com.ve","https:\/\/www.instagram.com\/villasmilhfoto\/","https:\/\/x.com\/https:\/\/twitter.com\/villasmilhfoto"],"url":"https:\/\/digital58.com.ve\/site\/author\/droopy_68\/"}]}},"uagb_featured_image_src":{"full":["https:\/\/digital58.com.ve\/site\/wp-content\/uploads\/2024\/08\/madurismo-mcbo-2.jpg",800,531,false],"thumbnail":["https:\/\/digital58.com.ve\/site\/wp-content\/uploads\/2024\/08\/madurismo-mcbo-2-150x150.jpg",150,150,true],"medium":["https:\/\/digital58.com.ve\/site\/wp-content\/uploads\/2024\/08\/madurismo-mcbo-2-300x199.jpg",300,199,true],"medium_large":["https:\/\/digital58.com.ve\/site\/wp-content\/uploads\/2024\/08\/madurismo-mcbo-2-768x510.jpg",768,510,true],"large":["https:\/\/digital58.com.ve\/site\/wp-content\/uploads\/2024\/08\/madurismo-mcbo-2.jpg",800,531,false],"1536x1536":["https:\/\/digital58.com.ve\/site\/wp-content\/uploads\/2024\/08\/madurismo-mcbo-2.jpg",800,531,false],"2048x2048":["https:\/\/digital58.com.ve\/site\/wp-content\/uploads\/2024\/08\/madurismo-mcbo-2.jpg",800,531,false],"colormag-highlighted-post":["https:\/\/digital58.com.ve\/site\/wp-content\/uploads\/2024\/08\/madurismo-mcbo-2-392x272.jpg",392,272,true],"colormag-featured-post-medium":["https:\/\/digital58.com.ve\/site\/wp-content\/uploads\/2024\/08\/madurismo-mcbo-2-390x205.jpg",390,205,true],"colormag-featured-post-small":["https:\/\/digital58.com.ve\/site\/wp-content\/uploads\/2024\/08\/madurismo-mcbo-2-130x90.jpg",130,90,true],"colormag-featured-image":["https:\/\/digital58.com.ve\/site\/wp-content\/uploads\/2024\/08\/madurismo-mcbo-2-800x445.jpg",800,445,true],"colormag-default-news":["https:\/\/digital58.com.ve\/site\/wp-content\/uploads\/2024\/08\/madurismo-mcbo-2-150x150.jpg",150,150,true],"colormag-featured-image-large":["https:\/\/digital58.com.ve\/site\/wp-content\/uploads\/2024\/08\/madurismo-mcbo-2.jpg",800,531,false]},"uagb_author_info":{"display_name":"Villasmil Henry","author_link":"https:\/\/digital58.com.ve\/site\/author\/droopy_68\/"},"uagb_comment_info":0,"uagb_excerpt":"Este s\u00e1bado, se desarroll\u00f3 en diversos puntos del pa\u00eds la Gran Marcha Nacional por la Paz y en apoyo a","_links":{"self":[{"href":"https:\/\/digital58.com.ve\/site\/wp-json\/wp\/v2\/posts\/179018","targetHints":{"allow":["GET"]}}],"collection":[{"href":"https:\/\/digital58.com.ve\/site\/wp-json\/wp\/v2\/posts"}],"about":[{"href":"https:\/\/digital58.com.ve\/site\/wp-json\/wp\/v2\/types\/post"}],"author":[{"embeddable":true,"href":"https:\/\/digital58.com.ve\/site\/wp-json\/wp\/v2\/users\/1"}],"replies":[{"embeddable":true,"href":"https:\/\/digital58.com.ve\/site\/wp-json\/wp\/v2\/comments?post=179018"}],"version-history":[{"count":1,"href":"https:\/\/digital58.com.ve\/site\/wp-json\/wp\/v2\/posts\/179018\/revisions"}],"predecessor-version":[{"id":179025,"href":"https:\/\/digital58.com.ve\/site\/wp-json\/wp\/v2\/posts\/179018\/revisions\/179025"}],"wp:featuredmedia":[{"embeddable":true,"href":"https:\/\/digital58.com.ve\/site\/wp-json\/wp\/v2\/media\/179023"}],"wp:attachment":[{"href":"https:\/\/digital58.com.ve\/site\/wp-json\/wp\/v2\/media?parent=179018"}],"wp:term":[{"taxonomy":"category","embeddable":true,"href":"https:\/\/digital58.com.ve\/site\/wp-json\/wp\/v2\/categories?post=179018"},{"taxonomy":"post_tag","embeddable":true,"href":"https:\/\/digital58.com.ve\/site\/wp-json\/wp\/v2\/tags?post=179018"}],"curies":[{"name":"wp","href":"https:\/\/api.w.org\/{rel}","templated":true}]}}