{"id":179220,"date":"2024-08-23T21:39:06","date_gmt":"2024-08-24T01:39:06","guid":{"rendered":"https:\/\/digital58.com.ve\/site\/?p=179220"},"modified":"2024-08-25T14:00:26","modified_gmt":"2024-08-25T18:00:26","slug":"zulia-indigenas-presentaron-propuestas-para-el-proyecto-de-ley-contra-el-fascismo-neofascismo-y-expresiones-similares","status":"publish","type":"post","link":"https:\/\/digital58.com.ve\/site\/2024\/08\/23\/zulia-indigenas-presentaron-propuestas-para-el-proyecto-de-ley-contra-el-fascismo-neofascismo-y-expresiones-similares\/","title":{"rendered":"#Zulia | Ind\u00edgenas presentaron propuestas para el Proyecto de Ley contra el Fascismo, Neofascismo y Expresiones Similares"},"content":{"rendered":"<p><a href=\"https:\/\/digital58.com.ve\/site\/wp-content\/uploads\/2024\/08\/indigenas-1.webp\"><img loading=\"lazy\" decoding=\"async\" class=\"aligncenter size-full wp-image-179223\" src=\"https:\/\/digital58.com.ve\/site\/wp-content\/uploads\/2024\/08\/indigenas-1.webp\" alt=\"\" width=\"1000\" height=\"563\" srcset=\"https:\/\/digital58.com.ve\/site\/wp-content\/uploads\/2024\/08\/indigenas-1.webp 1000w, https:\/\/digital58.com.ve\/site\/wp-content\/uploads\/2024\/08\/indigenas-1-300x169.webp 300w, https:\/\/digital58.com.ve\/site\/wp-content\/uploads\/2024\/08\/indigenas-1-768x432.webp 768w\" sizes=\"auto, (max-width: 1000px) 100vw, 1000px\" \/><\/a><\/p>\n<p>La actividad cont\u00f3 con el respaldo del presidente de la C\u00e1mara Municipal de Santa Rita, Darwin Far\u00edas, concejales y concejalas del eje Sur del Lago, Costa Oriental, Guajira y Metropolitano del Zulia quienes ser\u00e1n multiplicadores de este instrumento jur\u00eddico.<\/p>\n<p><strong>Santa Rita, Zulia, Venezuela, 23 de agosto de 2024 (ND58).-<\/strong> El Bloque Parlamentario del Zulia mantiene un despliegue por la entidad para realizar la consulta p\u00fablica del Proyecto de Ley Contra el Fascismo, Neofascismo y Expresiones Similares, que ser\u00e1 llevado a segunda discusi\u00f3n pr\u00f3ximamente en la plenaria de la Asamblea Nacional.<\/p>\n<p>El Proyecto busca proteger al pueblo y hacer justicia frente a esta postura ideol\u00f3gica o expresi\u00f3n basada en motivos de superioridad racial, de origen \u00e9tnico, social o nacional, que asume la violencia como m\u00e9todo de acci\u00f3n pol\u00edtica, enarbola la cultura de la muerte, denigra de la democracia, sus instituciones y valores republicanos y\/o promueve la supresi\u00f3n de los derechos y garant\u00edas reconocidos en la Constituci\u00f3n a favor de determinados sectores de la sociedad, por motivos discriminatorios.<\/p>\n<p><a href=\"https:\/\/digital58.com.ve\/site\/wp-content\/uploads\/2024\/08\/indigenas-3.webp\"><img loading=\"lazy\" decoding=\"async\" class=\"aligncenter size-full wp-image-179221\" src=\"https:\/\/digital58.com.ve\/site\/wp-content\/uploads\/2024\/08\/indigenas-3.webp\" alt=\"\" width=\"1000\" height=\"645\" srcset=\"https:\/\/digital58.com.ve\/site\/wp-content\/uploads\/2024\/08\/indigenas-3.webp 1000w, https:\/\/digital58.com.ve\/site\/wp-content\/uploads\/2024\/08\/indigenas-3-300x194.webp 300w, https:\/\/digital58.com.ve\/site\/wp-content\/uploads\/2024\/08\/indigenas-3-768x495.webp 768w\" sizes=\"auto, (max-width: 1000px) 100vw, 1000px\" \/><\/a><\/p>\n<p>Desde el municipio Santa Rita en la Costa Oriental del Lago comunidades ind\u00edgenas acompa\u00f1ados por diputados a la Asamblea Nacional, Legisladores, Concejales Ind\u00edgenas y Poder Popular debatieron el contenido de la Ley y presentaron sus propuestas.<\/p>\n<p>Keyla Mar\u00edn, Legisladora ind\u00edgena del estado Zulia expres\u00f3 que el estatuto se relaciona directamente con los pueblos originarios debido a que hasta la llegada de Hugo Ch\u00e1vez Fr\u00edas al poder siempre fueron excluidos y discriminados por los gobiernos de derecha en Venezuela.<\/p>\n<p>Resalt\u00f3, Mar\u00edn que durante los d\u00edas posteriores al 28 de julio se registraron eventos de odio y discriminaci\u00f3n a los ind\u00edgenas como la destrucci\u00f3n de la estatua del Indio Coromoto adem\u00e1s de otros hechos de violencia hacia las poblaciones ind\u00edgenas por tal raz\u00f3n debe acentuarse el rechazo y la penalidad contra el fascismo.<\/p>\n<p>Por su parte, Yimmys Rodr\u00edguez, Diputado Ind\u00edgena de Occidente a la Asamblea Nacional, afirm\u00f3 que la ley ser\u00e1 sancionada en los pr\u00f3ximos d\u00edas en el hemiciclo del parlamento venezolano raz\u00f3n por la cual deber\u00e1n sistematizar las propuestas presentadas por la colectividad venezolana y los ind\u00edgenas tienen un papel primordial en esta labor parlamentaria.<\/p>\n<p><a href=\"https:\/\/digital58.com.ve\/site\/wp-content\/uploads\/2024\/08\/indigenas-3.webp\"><img loading=\"lazy\" decoding=\"async\" class=\"aligncenter size-full wp-image-179221\" src=\"https:\/\/digital58.com.ve\/site\/wp-content\/uploads\/2024\/08\/indigenas-3.webp\" alt=\"\" width=\"1000\" height=\"645\" srcset=\"https:\/\/digital58.com.ve\/site\/wp-content\/uploads\/2024\/08\/indigenas-3.webp 1000w, https:\/\/digital58.com.ve\/site\/wp-content\/uploads\/2024\/08\/indigenas-3-300x194.webp 300w, https:\/\/digital58.com.ve\/site\/wp-content\/uploads\/2024\/08\/indigenas-3-768x495.webp 768w\" sizes=\"auto, (max-width: 1000px) 100vw, 1000px\" \/><\/a><\/p>\n<p>A su vez, el diputado zuliano, Juan Garc\u00eda, asever\u00f3 que solo la Revoluci\u00f3n Bolivariana le brinda protagonismo parlamentario al pueblo y los ind\u00edgenas durante los \u00faltimos 25 a\u00f1os fueron reivindicados e incluidos en todas las pol\u00edticas nacionales. Enfatiz\u00f3 que el fascismo ha sido promovido por la oposici\u00f3n y debe ser rechazado desde todos los espacios.<\/p>\n<p><strong>Redacci\u00f3n ND58 | Fuente: Prensa Bloque Parlamentario del Zulia<\/strong><br \/>\n<strong>Edici\u00f3n: Villasmil, Henry<\/strong><br \/>\n<strong>Gr\u00e1ficas: Cortes\u00eda Prensa Bloque Parlamentario del Zulia<\/strong><\/p>\n<p>&nbsp;<\/p>\n<p>&nbsp;<\/p><div class=\"bkcuw69f5762d654cd\" ><p style=\"text-align: center;\"><a href=\"https:\/\/t.me\/noticiasdigital58\" target=\"_blank\" rel=\"noopener\"><img class=\"aligncenter size-full wp-image-125363\" src=\"https:\/\/digital58.com.ve\/site\/wp-content\/uploads\/2021\/04\/banner-telegram-web-2021.png\" alt=\"\" width=\"600\" height=\"90\" \/><\/a><\/p><\/div><style type=\"text\/css\">\r\n@media screen and (min-width: 1201px) {\r\n.bkcuw69f5762d654cd {\r\ndisplay: block;\r\n}\r\n}\r\n@media screen and (min-width: 993px) and (max-width: 1200px) {\r\n.bkcuw69f5762d654cd {\r\ndisplay: block;\r\n}\r\n}\r\n@media screen and (min-width: 769px) and (max-width: 992px) {\r\n.bkcuw69f5762d654cd {\r\ndisplay: block;\r\n}\r\n}\r\n@media screen and (min-width: 768px) and (max-width: 768px) {\r\n.bkcuw69f5762d654cd {\r\ndisplay: block;\r\n}\r\n}\r\n@media screen and (max-width: 767px) {\r\n.bkcuw69f5762d654cd {\r\ndisplay: block;\r\n}\r\n}\r\n<\/style>\r\n\n<p>&nbsp;<\/p>\n<div style=\"margin-top: 0px; margin-bottom: 0px;\" class=\"sharethis-inline-share-buttons\" ><\/div>","protected":false},"excerpt":{"rendered":"<p>La actividad cont\u00f3 con el respaldo del presidente de la C\u00e1mara Municipal de Santa Rita, Darwin Far\u00edas, concejales y concejalas<\/p>\n","protected":false},"author":1,"featured_media":179222,"comment_status":"open","ping_status":"closed","sticky":false,"template":"","format":"standard","meta":{"colormag_page_container_layout":"default_layout","colormag_page_sidebar_layout":"default_layout","_uag_custom_page_level_css":"","footnotes":""},"categories":[14504],"tags":[26795,32715,13791,73,4445,233,26757,17887,2354,32],"class_list":["post-179220","post","type-post","status-publish","format-standard","has-post-thumbnail","hentry","category-zulia","tag-bloque-parlamentario-del-zulia","tag-costa-oriental","tag-guajira","tag-maracaibo","tag-municipio-santa-rita","tag-nacionales","tag-proyecto-de-ley","tag-pueblos-indigenas-del-zulia","tag-regionales","tag-venezuela"],"yoast_head":"<!-- This site is optimized with the Yoast SEO plugin v27.5 - https:\/\/yoast.com\/product\/yoast-seo-wordpress\/ -->\n<title>#Zulia | Ind\u00edgenas presentaron propuestas para el Proyecto de Ley contra el Fascismo, Neofascismo y Expresiones Similares<\/title>\n<meta name=\"robots\" content=\"index, follow, max-snippet:-1, max-image-preview:large, max-video-preview:-1\" \/>\n<link rel=\"canonical\" href=\"https:\/\/digital58.com.ve\/site\/2024\/08\/23\/zulia-indigenas-presentaron-propuestas-para-el-proyecto-de-ley-contra-el-fascismo-neofascismo-y-expresiones-similares\/\" \/>\n<meta property=\"og:locale\" content=\"es_ES\" \/>\n<meta property=\"og:type\" content=\"article\" \/>\n<meta property=\"og:title\" content=\"#Zulia | Ind\u00edgenas presentaron propuestas para el Proyecto de Ley contra el Fascismo, Neofascismo y Expresiones Similares\" \/>\n<meta property=\"og:url\" content=\"https:\/\/digital58.com.ve\/site\/2024\/08\/23\/zulia-indigenas-presentaron-propuestas-para-el-proyecto-de-ley-contra-el-fascismo-neofascismo-y-expresiones-similares\/\" \/>\n<meta property=\"og:site_name\" content=\"Noticias Digital58\" \/>\n<meta property=\"article:published_time\" content=\"2024-08-24T01:39:06+00:00\" \/>\n<meta property=\"article:modified_time\" content=\"2024-08-25T18:00:26+00:00\" \/>\n<meta property=\"og:image\" content=\"https:\/\/i0.wp.com\/digital58.com.ve\/site\/wp-content\/uploads\/2024\/08\/indigenas-2.webp?fit=1000%2C653&ssl=1\" \/>\n\t<meta property=\"og:image:width\" content=\"1000\" \/>\n\t<meta property=\"og:image:height\" content=\"653\" \/>\n\t<meta property=\"og:image:type\" content=\"image\/webp\" \/>\n<meta name=\"author\" content=\"Villasmil Henry\" \/>\n<meta name=\"twitter:card\" content=\"summary_large_image\" \/>\n<meta name=\"twitter:creator\" content=\"@https:\/\/twitter.com\/villasmilhfoto\" \/>\n<meta name=\"twitter:site\" content=\"@villasmilhfoto\" \/>\n<meta name=\"twitter:label1\" content=\"Escrito por\" \/>\n\t<meta name=\"twitter:data1\" content=\"Villasmil Henry\" \/>\n\t<meta name=\"twitter:label2\" content=\"Tiempo estimado de lectura\" \/>\n\t<meta name=\"twitter:data2\" content=\"2 minutos\" \/>\n<script type=\"application\/ld+json\" class=\"yoast-schema-graph\">{\"@context\":\"https:\\\/\\\/schema.org\",\"@graph\":[{\"@type\":\"Article\",\"@id\":\"https:\\\/\\\/digital58.com.ve\\\/site\\\/2024\\\/08\\\/23\\\/zulia-indigenas-presentaron-propuestas-para-el-proyecto-de-ley-contra-el-fascismo-neofascismo-y-expresiones-similares\\\/#article\",\"isPartOf\":{\"@id\":\"https:\\\/\\\/digital58.com.ve\\\/site\\\/2024\\\/08\\\/23\\\/zulia-indigenas-presentaron-propuestas-para-el-proyecto-de-ley-contra-el-fascismo-neofascismo-y-expresiones-similares\\\/\"},\"author\":{\"name\":\"Villasmil Henry\",\"@id\":\"https:\\\/\\\/digital58.com.ve\\\/site\\\/#\\\/schema\\\/person\\\/64d1c2e4d0d4fd1b849980c4331c2951\"},\"headline\":\"#Zulia | Ind\u00edgenas presentaron propuestas para el Proyecto de Ley contra el Fascismo, Neofascismo y Expresiones Similares\",\"datePublished\":\"2024-08-24T01:39:06+00:00\",\"dateModified\":\"2024-08-25T18:00:26+00:00\",\"mainEntityOfPage\":{\"@id\":\"https:\\\/\\\/digital58.com.ve\\\/site\\\/2024\\\/08\\\/23\\\/zulia-indigenas-presentaron-propuestas-para-el-proyecto-de-ley-contra-el-fascismo-neofascismo-y-expresiones-similares\\\/\"},\"wordCount\":488,\"commentCount\":0,\"publisher\":{\"@id\":\"https:\\\/\\\/digital58.com.ve\\\/site\\\/#\\\/schema\\\/person\\\/64d1c2e4d0d4fd1b849980c4331c2951\"},\"image\":{\"@id\":\"https:\\\/\\\/digital58.com.ve\\\/site\\\/2024\\\/08\\\/23\\\/zulia-indigenas-presentaron-propuestas-para-el-proyecto-de-ley-contra-el-fascismo-neofascismo-y-expresiones-similares\\\/#primaryimage\"},\"thumbnailUrl\":\"https:\\\/\\\/digital58.com.ve\\\/site\\\/wp-content\\\/uploads\\\/2024\\\/08\\\/indigenas-2.webp\",\"keywords\":[\"Bloque Parlamentario del Zulia\",\"Costa Oriental\",\"Guajira\",\"Maracaibo\",\"Municipio Santa Rita\",\"Nacionales\",\"Proyecto de ley\",\"pueblos ind\u00edgenas del Zulia\",\"Regionales\",\"Venezuela\"],\"articleSection\":[\"Zulia\"],\"inLanguage\":\"es\",\"potentialAction\":[{\"@type\":\"CommentAction\",\"name\":\"Comment\",\"target\":[\"https:\\\/\\\/digital58.com.ve\\\/site\\\/2024\\\/08\\\/23\\\/zulia-indigenas-presentaron-propuestas-para-el-proyecto-de-ley-contra-el-fascismo-neofascismo-y-expresiones-similares\\\/#respond\"]}]},{\"@type\":\"WebPage\",\"@id\":\"https:\\\/\\\/digital58.com.ve\\\/site\\\/2024\\\/08\\\/23\\\/zulia-indigenas-presentaron-propuestas-para-el-proyecto-de-ley-contra-el-fascismo-neofascismo-y-expresiones-similares\\\/\",\"url\":\"https:\\\/\\\/digital58.com.ve\\\/site\\\/2024\\\/08\\\/23\\\/zulia-indigenas-presentaron-propuestas-para-el-proyecto-de-ley-contra-el-fascismo-neofascismo-y-expresiones-similares\\\/\",\"name\":\"#Zulia | Ind\u00edgenas presentaron propuestas para el Proyecto de Ley contra el Fascismo, Neofascismo y Expresiones Similares\",\"isPartOf\":{\"@id\":\"https:\\\/\\\/digital58.com.ve\\\/site\\\/#website\"},\"primaryImageOfPage\":{\"@id\":\"https:\\\/\\\/digital58.com.ve\\\/site\\\/2024\\\/08\\\/23\\\/zulia-indigenas-presentaron-propuestas-para-el-proyecto-de-ley-contra-el-fascismo-neofascismo-y-expresiones-similares\\\/#primaryimage\"},\"image\":{\"@id\":\"https:\\\/\\\/digital58.com.ve\\\/site\\\/2024\\\/08\\\/23\\\/zulia-indigenas-presentaron-propuestas-para-el-proyecto-de-ley-contra-el-fascismo-neofascismo-y-expresiones-similares\\\/#primaryimage\"},\"thumbnailUrl\":\"https:\\\/\\\/digital58.com.ve\\\/site\\\/wp-content\\\/uploads\\\/2024\\\/08\\\/indigenas-2.webp\",\"datePublished\":\"2024-08-24T01:39:06+00:00\",\"dateModified\":\"2024-08-25T18:00:26+00:00\",\"breadcrumb\":{\"@id\":\"https:\\\/\\\/digital58.com.ve\\\/site\\\/2024\\\/08\\\/23\\\/zulia-indigenas-presentaron-propuestas-para-el-proyecto-de-ley-contra-el-fascismo-neofascismo-y-expresiones-similares\\\/#breadcrumb\"},\"inLanguage\":\"es\",\"potentialAction\":[{\"@type\":\"ReadAction\",\"target\":[\"https:\\\/\\\/digital58.com.ve\\\/site\\\/2024\\\/08\\\/23\\\/zulia-indigenas-presentaron-propuestas-para-el-proyecto-de-ley-contra-el-fascismo-neofascismo-y-expresiones-similares\\\/\"]}]},{\"@type\":\"ImageObject\",\"inLanguage\":\"es\",\"@id\":\"https:\\\/\\\/digital58.com.ve\\\/site\\\/2024\\\/08\\\/23\\\/zulia-indigenas-presentaron-propuestas-para-el-proyecto-de-ley-contra-el-fascismo-neofascismo-y-expresiones-similares\\\/#primaryimage\",\"url\":\"https:\\\/\\\/digital58.com.ve\\\/site\\\/wp-content\\\/uploads\\\/2024\\\/08\\\/indigenas-2.webp\",\"contentUrl\":\"https:\\\/\\\/digital58.com.ve\\\/site\\\/wp-content\\\/uploads\\\/2024\\\/08\\\/indigenas-2.webp\",\"width\":1000,\"height\":653},{\"@type\":\"BreadcrumbList\",\"@id\":\"https:\\\/\\\/digital58.com.ve\\\/site\\\/2024\\\/08\\\/23\\\/zulia-indigenas-presentaron-propuestas-para-el-proyecto-de-ley-contra-el-fascismo-neofascismo-y-expresiones-similares\\\/#breadcrumb\",\"itemListElement\":[{\"@type\":\"ListItem\",\"position\":1,\"name\":\"Home\",\"item\":\"https:\\\/\\\/digital58.com.ve\\\/site\\\/\"},{\"@type\":\"ListItem\",\"position\":2,\"name\":\"#Zulia | Ind\u00edgenas presentaron propuestas para el Proyecto de Ley contra el Fascismo, Neofascismo y Expresiones Similares\"}]},{\"@type\":\"WebSite\",\"@id\":\"https:\\\/\\\/digital58.com.ve\\\/site\\\/#website\",\"url\":\"https:\\\/\\\/digital58.com.ve\\\/site\\\/\",\"name\":\"Noticias Digital58\",\"description\":\"Portal de Noticias \u00a1Periodismo web de verdad! Lanzamiento web 22.11.2005 \\\/ Maracaibo, Venezuela\",\"publisher\":{\"@id\":\"https:\\\/\\\/digital58.com.ve\\\/site\\\/#\\\/schema\\\/person\\\/64d1c2e4d0d4fd1b849980c4331c2951\"},\"alternateName\":\"ND58\",\"potentialAction\":[{\"@type\":\"SearchAction\",\"target\":{\"@type\":\"EntryPoint\",\"urlTemplate\":\"https:\\\/\\\/digital58.com.ve\\\/site\\\/?s={search_term_string}\"},\"query-input\":{\"@type\":\"PropertyValueSpecification\",\"valueRequired\":true,\"valueName\":\"search_term_string\"}}],\"inLanguage\":\"es\"},{\"@type\":[\"Person\",\"Organization\"],\"@id\":\"https:\\\/\\\/digital58.com.ve\\\/site\\\/#\\\/schema\\\/person\\\/64d1c2e4d0d4fd1b849980c4331c2951\",\"name\":\"Villasmil Henry\",\"image\":{\"@type\":\"ImageObject\",\"inLanguage\":\"es\",\"@id\":\"https:\\\/\\\/secure.gravatar.com\\\/avatar\\\/bb0c4a2fcb7970138239f7e404ea75757b1b507b28b5ce4c53fbd62d797c5a7c?s=96&d=mm&r=g\",\"url\":\"https:\\\/\\\/secure.gravatar.com\\\/avatar\\\/bb0c4a2fcb7970138239f7e404ea75757b1b507b28b5ce4c53fbd62d797c5a7c?s=96&d=mm&r=g\",\"contentUrl\":\"https:\\\/\\\/secure.gravatar.com\\\/avatar\\\/bb0c4a2fcb7970138239f7e404ea75757b1b507b28b5ce4c53fbd62d797c5a7c?s=96&d=mm&r=g\",\"caption\":\"Villasmil Henry\"},\"logo\":{\"@id\":\"https:\\\/\\\/secure.gravatar.com\\\/avatar\\\/bb0c4a2fcb7970138239f7e404ea75757b1b507b28b5ce4c53fbd62d797c5a7c?s=96&d=mm&r=g\"},\"sameAs\":[\"http:\\\/\\\/www.henryvillasmil.com.ve\",\"https:\\\/\\\/www.instagram.com\\\/villasmilhfoto\\\/\",\"https:\\\/\\\/x.com\\\/https:\\\/\\\/twitter.com\\\/villasmilhfoto\"],\"url\":\"https:\\\/\\\/digital58.com.ve\\\/site\\\/author\\\/droopy_68\\\/\"}]}<\/script>\n<!-- \/ Yoast SEO plugin. -->","yoast_head_json":{"title":"#Zulia | Ind\u00edgenas presentaron propuestas para el Proyecto de Ley contra el Fascismo, Neofascismo y Expresiones Similares","robots":{"index":"index","follow":"follow","max-snippet":"max-snippet:-1","max-image-preview":"max-image-preview:large","max-video-preview":"max-video-preview:-1"},"canonical":"https:\/\/digital58.com.ve\/site\/2024\/08\/23\/zulia-indigenas-presentaron-propuestas-para-el-proyecto-de-ley-contra-el-fascismo-neofascismo-y-expresiones-similares\/","og_locale":"es_ES","og_type":"article","og_title":"#Zulia | Ind\u00edgenas presentaron propuestas para el Proyecto de Ley contra el Fascismo, Neofascismo y Expresiones Similares","og_url":"https:\/\/digital58.com.ve\/site\/2024\/08\/23\/zulia-indigenas-presentaron-propuestas-para-el-proyecto-de-ley-contra-el-fascismo-neofascismo-y-expresiones-similares\/","og_site_name":"Noticias Digital58","article_published_time":"2024-08-24T01:39:06+00:00","article_modified_time":"2024-08-25T18:00:26+00:00","og_image":[{"width":1000,"height":653,"url":"https:\/\/i0.wp.com\/digital58.com.ve\/site\/wp-content\/uploads\/2024\/08\/indigenas-2.webp?fit=1000%2C653&ssl=1","type":"image\/webp"}],"author":"Villasmil Henry","twitter_card":"summary_large_image","twitter_creator":"@https:\/\/twitter.com\/villasmilhfoto","twitter_site":"@villasmilhfoto","twitter_misc":{"Escrito por":"Villasmil Henry","Tiempo estimado de lectura":"2 minutos"},"schema":{"@context":"https:\/\/schema.org","@graph":[{"@type":"Article","@id":"https:\/\/digital58.com.ve\/site\/2024\/08\/23\/zulia-indigenas-presentaron-propuestas-para-el-proyecto-de-ley-contra-el-fascismo-neofascismo-y-expresiones-similares\/#article","isPartOf":{"@id":"https:\/\/digital58.com.ve\/site\/2024\/08\/23\/zulia-indigenas-presentaron-propuestas-para-el-proyecto-de-ley-contra-el-fascismo-neofascismo-y-expresiones-similares\/"},"author":{"name":"Villasmil Henry","@id":"https:\/\/digital58.com.ve\/site\/#\/schema\/person\/64d1c2e4d0d4fd1b849980c4331c2951"},"headline":"#Zulia | Ind\u00edgenas presentaron propuestas para el Proyecto de Ley contra el Fascismo, Neofascismo y Expresiones Similares","datePublished":"2024-08-24T01:39:06+00:00","dateModified":"2024-08-25T18:00:26+00:00","mainEntityOfPage":{"@id":"https:\/\/digital58.com.ve\/site\/2024\/08\/23\/zulia-indigenas-presentaron-propuestas-para-el-proyecto-de-ley-contra-el-fascismo-neofascismo-y-expresiones-similares\/"},"wordCount":488,"commentCount":0,"publisher":{"@id":"https:\/\/digital58.com.ve\/site\/#\/schema\/person\/64d1c2e4d0d4fd1b849980c4331c2951"},"image":{"@id":"https:\/\/digital58.com.ve\/site\/2024\/08\/23\/zulia-indigenas-presentaron-propuestas-para-el-proyecto-de-ley-contra-el-fascismo-neofascismo-y-expresiones-similares\/#primaryimage"},"thumbnailUrl":"https:\/\/digital58.com.ve\/site\/wp-content\/uploads\/2024\/08\/indigenas-2.webp","keywords":["Bloque Parlamentario del Zulia","Costa Oriental","Guajira","Maracaibo","Municipio Santa Rita","Nacionales","Proyecto de ley","pueblos ind\u00edgenas del Zulia","Regionales","Venezuela"],"articleSection":["Zulia"],"inLanguage":"es","potentialAction":[{"@type":"CommentAction","name":"Comment","target":["https:\/\/digital58.com.ve\/site\/2024\/08\/23\/zulia-indigenas-presentaron-propuestas-para-el-proyecto-de-ley-contra-el-fascismo-neofascismo-y-expresiones-similares\/#respond"]}]},{"@type":"WebPage","@id":"https:\/\/digital58.com.ve\/site\/2024\/08\/23\/zulia-indigenas-presentaron-propuestas-para-el-proyecto-de-ley-contra-el-fascismo-neofascismo-y-expresiones-similares\/","url":"https:\/\/digital58.com.ve\/site\/2024\/08\/23\/zulia-indigenas-presentaron-propuestas-para-el-proyecto-de-ley-contra-el-fascismo-neofascismo-y-expresiones-similares\/","name":"#Zulia | Ind\u00edgenas presentaron propuestas para el Proyecto de Ley contra el Fascismo, Neofascismo y Expresiones Similares","isPartOf":{"@id":"https:\/\/digital58.com.ve\/site\/#website"},"primaryImageOfPage":{"@id":"https:\/\/digital58.com.ve\/site\/2024\/08\/23\/zulia-indigenas-presentaron-propuestas-para-el-proyecto-de-ley-contra-el-fascismo-neofascismo-y-expresiones-similares\/#primaryimage"},"image":{"@id":"https:\/\/digital58.com.ve\/site\/2024\/08\/23\/zulia-indigenas-presentaron-propuestas-para-el-proyecto-de-ley-contra-el-fascismo-neofascismo-y-expresiones-similares\/#primaryimage"},"thumbnailUrl":"https:\/\/digital58.com.ve\/site\/wp-content\/uploads\/2024\/08\/indigenas-2.webp","datePublished":"2024-08-24T01:39:06+00:00","dateModified":"2024-08-25T18:00:26+00:00","breadcrumb":{"@id":"https:\/\/digital58.com.ve\/site\/2024\/08\/23\/zulia-indigenas-presentaron-propuestas-para-el-proyecto-de-ley-contra-el-fascismo-neofascismo-y-expresiones-similares\/#breadcrumb"},"inLanguage":"es","potentialAction":[{"@type":"ReadAction","target":["https:\/\/digital58.com.ve\/site\/2024\/08\/23\/zulia-indigenas-presentaron-propuestas-para-el-proyecto-de-ley-contra-el-fascismo-neofascismo-y-expresiones-similares\/"]}]},{"@type":"ImageObject","inLanguage":"es","@id":"https:\/\/digital58.com.ve\/site\/2024\/08\/23\/zulia-indigenas-presentaron-propuestas-para-el-proyecto-de-ley-contra-el-fascismo-neofascismo-y-expresiones-similares\/#primaryimage","url":"https:\/\/digital58.com.ve\/site\/wp-content\/uploads\/2024\/08\/indigenas-2.webp","contentUrl":"https:\/\/digital58.com.ve\/site\/wp-content\/uploads\/2024\/08\/indigenas-2.webp","width":1000,"height":653},{"@type":"BreadcrumbList","@id":"https:\/\/digital58.com.ve\/site\/2024\/08\/23\/zulia-indigenas-presentaron-propuestas-para-el-proyecto-de-ley-contra-el-fascismo-neofascismo-y-expresiones-similares\/#breadcrumb","itemListElement":[{"@type":"ListItem","position":1,"name":"Home","item":"https:\/\/digital58.com.ve\/site\/"},{"@type":"ListItem","position":2,"name":"#Zulia | Ind\u00edgenas presentaron propuestas para el Proyecto de Ley contra el Fascismo, Neofascismo y Expresiones Similares"}]},{"@type":"WebSite","@id":"https:\/\/digital58.com.ve\/site\/#website","url":"https:\/\/digital58.com.ve\/site\/","name":"Noticias Digital58","description":"Portal de Noticias \u00a1Periodismo web de verdad! Lanzamiento web 22.11.2005 \/ Maracaibo, Venezuela","publisher":{"@id":"https:\/\/digital58.com.ve\/site\/#\/schema\/person\/64d1c2e4d0d4fd1b849980c4331c2951"},"alternateName":"ND58","potentialAction":[{"@type":"SearchAction","target":{"@type":"EntryPoint","urlTemplate":"https:\/\/digital58.com.ve\/site\/?s={search_term_string}"},"query-input":{"@type":"PropertyValueSpecification","valueRequired":true,"valueName":"search_term_string"}}],"inLanguage":"es"},{"@type":["Person","Organization"],"@id":"https:\/\/digital58.com.ve\/site\/#\/schema\/person\/64d1c2e4d0d4fd1b849980c4331c2951","name":"Villasmil Henry","image":{"@type":"ImageObject","inLanguage":"es","@id":"https:\/\/secure.gravatar.com\/avatar\/bb0c4a2fcb7970138239f7e404ea75757b1b507b28b5ce4c53fbd62d797c5a7c?s=96&d=mm&r=g","url":"https:\/\/secure.gravatar.com\/avatar\/bb0c4a2fcb7970138239f7e404ea75757b1b507b28b5ce4c53fbd62d797c5a7c?s=96&d=mm&r=g","contentUrl":"https:\/\/secure.gravatar.com\/avatar\/bb0c4a2fcb7970138239f7e404ea75757b1b507b28b5ce4c53fbd62d797c5a7c?s=96&d=mm&r=g","caption":"Villasmil Henry"},"logo":{"@id":"https:\/\/secure.gravatar.com\/avatar\/bb0c4a2fcb7970138239f7e404ea75757b1b507b28b5ce4c53fbd62d797c5a7c?s=96&d=mm&r=g"},"sameAs":["http:\/\/www.henryvillasmil.com.ve","https:\/\/www.instagram.com\/villasmilhfoto\/","https:\/\/x.com\/https:\/\/twitter.com\/villasmilhfoto"],"url":"https:\/\/digital58.com.ve\/site\/author\/droopy_68\/"}]}},"uagb_featured_image_src":{"full":["https:\/\/digital58.com.ve\/site\/wp-content\/uploads\/2024\/08\/indigenas-2.webp",1000,653,false],"thumbnail":["https:\/\/digital58.com.ve\/site\/wp-content\/uploads\/2024\/08\/indigenas-2-150x150.webp",150,150,true],"medium":["https:\/\/digital58.com.ve\/site\/wp-content\/uploads\/2024\/08\/indigenas-2-300x196.webp",300,196,true],"medium_large":["https:\/\/digital58.com.ve\/site\/wp-content\/uploads\/2024\/08\/indigenas-2-768x502.webp",768,502,true],"large":["https:\/\/digital58.com.ve\/site\/wp-content\/uploads\/2024\/08\/indigenas-2.webp",800,522,false],"1536x1536":["https:\/\/digital58.com.ve\/site\/wp-content\/uploads\/2024\/08\/indigenas-2.webp",1000,653,false],"2048x2048":["https:\/\/digital58.com.ve\/site\/wp-content\/uploads\/2024\/08\/indigenas-2.webp",1000,653,false],"colormag-highlighted-post":["https:\/\/digital58.com.ve\/site\/wp-content\/uploads\/2024\/08\/indigenas-2-392x272.webp",392,272,true],"colormag-featured-post-medium":["https:\/\/digital58.com.ve\/site\/wp-content\/uploads\/2024\/08\/indigenas-2-390x205.webp",390,205,true],"colormag-featured-post-small":["https:\/\/digital58.com.ve\/site\/wp-content\/uploads\/2024\/08\/indigenas-2-130x90.webp",130,90,true],"colormag-featured-image":["https:\/\/digital58.com.ve\/site\/wp-content\/uploads\/2024\/08\/indigenas-2-800x445.webp",800,445,true],"colormag-default-news":["https:\/\/digital58.com.ve\/site\/wp-content\/uploads\/2024\/08\/indigenas-2-150x150.webp",150,150,true],"colormag-featured-image-large":["https:\/\/digital58.com.ve\/site\/wp-content\/uploads\/2024\/08\/indigenas-2-1000x600.webp",1000,600,true]},"uagb_author_info":{"display_name":"Villasmil Henry","author_link":"https:\/\/digital58.com.ve\/site\/author\/droopy_68\/"},"uagb_comment_info":0,"uagb_excerpt":"La actividad cont\u00f3 con el respaldo del presidente de la C\u00e1mara Municipal de Santa Rita, Darwin Far\u00edas, concejales y concejalas","_links":{"self":[{"href":"https:\/\/digital58.com.ve\/site\/wp-json\/wp\/v2\/posts\/179220","targetHints":{"allow":["GET"]}}],"collection":[{"href":"https:\/\/digital58.com.ve\/site\/wp-json\/wp\/v2\/posts"}],"about":[{"href":"https:\/\/digital58.com.ve\/site\/wp-json\/wp\/v2\/types\/post"}],"author":[{"embeddable":true,"href":"https:\/\/digital58.com.ve\/site\/wp-json\/wp\/v2\/users\/1"}],"replies":[{"embeddable":true,"href":"https:\/\/digital58.com.ve\/site\/wp-json\/wp\/v2\/comments?post=179220"}],"version-history":[{"count":1,"href":"https:\/\/digital58.com.ve\/site\/wp-json\/wp\/v2\/posts\/179220\/revisions"}],"predecessor-version":[{"id":179224,"href":"https:\/\/digital58.com.ve\/site\/wp-json\/wp\/v2\/posts\/179220\/revisions\/179224"}],"wp:featuredmedia":[{"embeddable":true,"href":"https:\/\/digital58.com.ve\/site\/wp-json\/wp\/v2\/media\/179222"}],"wp:attachment":[{"href":"https:\/\/digital58.com.ve\/site\/wp-json\/wp\/v2\/media?parent=179220"}],"wp:term":[{"taxonomy":"category","embeddable":true,"href":"https:\/\/digital58.com.ve\/site\/wp-json\/wp\/v2\/categories?post=179220"},{"taxonomy":"post_tag","embeddable":true,"href":"https:\/\/digital58.com.ve\/site\/wp-json\/wp\/v2\/tags?post=179220"}],"curies":[{"name":"wp","href":"https:\/\/api.w.org\/{rel}","templated":true}]}}