{"id":179758,"date":"2024-09-22T15:03:10","date_gmt":"2024-09-22T19:03:10","guid":{"rendered":"https:\/\/digital58.com.ve\/site\/?p=179758"},"modified":"2024-09-22T15:03:10","modified_gmt":"2024-09-22T19:03:10","slug":"fundacion-conciencia-ecosocial-se-desplego-en-el-estado-sucre-por-el-dia-mundial-de-playas-y-costas","status":"publish","type":"post","link":"https:\/\/digital58.com.ve\/site\/2024\/09\/22\/fundacion-conciencia-ecosocial-se-desplego-en-el-estado-sucre-por-el-dia-mundial-de-playas-y-costas\/","title":{"rendered":"Fundaci\u00f3n Conciencia Ecosocial se despleg\u00f3 en el estado Sucre por el D\u00eda Mundial de Playas y Costas"},"content":{"rendered":"<p><a href=\"https:\/\/digital58.com.ve\/site\/wp-content\/uploads\/2024\/09\/playasdesucre-cumana.jpg\"><img loading=\"lazy\" decoding=\"async\" class=\"size-full wp-image-179759\" src=\"https:\/\/digital58.com.ve\/site\/wp-content\/uploads\/2024\/09\/playasdesucre-cumana.jpg\" alt=\"\" width=\"700\" height=\"394\" srcset=\"https:\/\/digital58.com.ve\/site\/wp-content\/uploads\/2024\/09\/playasdesucre-cumana.jpg 700w, https:\/\/digital58.com.ve\/site\/wp-content\/uploads\/2024\/09\/playasdesucre-cumana-300x169.jpg 300w\" sizes=\"auto, (max-width: 700px) 100vw, 700px\" \/><\/a><\/p>\n<p>La actividad, realizada est\u00e9 21 de septiembre en el litoral San Luis de Cuman\u00e1, tuvo como objetivo garantizar la m\u00e1xima protecci\u00f3n de la flora y fauna marina.<\/p>\n<p><strong>Cuman\u00e1, Sucre, Venezuela, 22 de septiembre de 2024 (ND58).-<\/strong> La Fundaci\u00f3n Conciencia Ecosocial llev\u00f3 a cabo una exitosa jornada de recolecci\u00f3n y cuantificaci\u00f3n de basura en m\u00e1s de 20 balnearios del estado Sucre, en conmemoraci\u00f3n del D\u00eda Mundial de Playas y Costas.<\/p>\n<p>Aproximadamente 3.500 voluntarios se desplegaron en 20 playas del estado Sucre, con jornadas de limpieza y recolecci\u00f3n de desechos s\u00f3lidos.<\/p>\n<p>Este evento, que busca concienciar sobre la importancia de la preservaci\u00f3n de nuestros ecosistemas marinos, fue liderado por Marcos Mar\u00edn, presidente de la fundaci\u00f3n, quien cuenta con la acreditaci\u00f3n de FUDENA para implementar esta iniciativa en la regi\u00f3n.<\/p>\n<p>La Corporaci\u00f3n de Turismo del Estado Sucre (CORSOTUR) tambi\u00e9n se uni\u00f3 a esta noble causa, apoyando el proceso y desarrollo de la jornada.<\/p>\n<p>En la jornada, el equipo de la Fundaci\u00f3n Conciencia Ecosocial expuso a las autoridades de las instituciones y organismos de seguridad ciudadana, las distintas especies marinas que habitan en playas y r\u00edos.<\/p>\n<p>Marcos Mar\u00edn subray\u00f3 que m\u00e1s all\u00e1 de recolectar, buscan cuantificar la cantidad de desechos s\u00f3lidos que paran en los mares de la regi\u00f3n, para lo cual, especific\u00f3 que los voluntarios pertenecientes a las distintas instituciones p\u00fablicas y privadas llevan consigo planillas para detallar los tipos de basura.<\/p>\n<p>Asegur\u00f3 que, en perfecta armon\u00eda ejecutaron el saneamiento de los siete (7) kil\u00f3metros del litoral playero en la ciudad primog\u00e9nita.<\/p>\n<p>Otras playas abordadas fueron; \u00abQuetepe\u00bb, \u00abCocalito\u00bb, \u00abGuaracuao\u00bb, \u00abCopey\u00bb, \u00abCastillo\u00bb, \u00abLa Paria\u00bb y \u00abLa Guayaba\u00bb, asever\u00f3 Mar\u00edn.<\/p>\n<p><strong>Redacci\u00f3n ND58 \/ Rivero, Edwin\u00a0 | Fuente: Agencias<\/strong><br \/>\n<strong>Edici\u00f3n: Villasmil, Henry<\/strong><br \/>\n<strong>Gr\u00e1ficas: Cortes\u00eda Fundaci\u00f3n Conciencia Ecosocial<\/strong><\/p>\n<p>&nbsp;<\/p>\n<p>&nbsp;<\/p><div class=\"mnaho69f4dd46cd6a7\" ><p style=\"text-align: center;\"><a href=\"https:\/\/t.me\/noticiasdigital58\" target=\"_blank\" rel=\"noopener\"><img class=\"aligncenter size-full wp-image-125363\" src=\"https:\/\/digital58.com.ve\/site\/wp-content\/uploads\/2021\/04\/banner-telegram-web-2021.png\" alt=\"\" width=\"600\" height=\"90\" \/><\/a><\/p><\/div><style type=\"text\/css\">\r\n@media screen and (min-width: 1201px) {\r\n.mnaho69f4dd46cd6a7 {\r\ndisplay: block;\r\n}\r\n}\r\n@media screen and (min-width: 993px) and (max-width: 1200px) {\r\n.mnaho69f4dd46cd6a7 {\r\ndisplay: block;\r\n}\r\n}\r\n@media screen and (min-width: 769px) and (max-width: 992px) {\r\n.mnaho69f4dd46cd6a7 {\r\ndisplay: block;\r\n}\r\n}\r\n@media screen and (min-width: 768px) and (max-width: 768px) {\r\n.mnaho69f4dd46cd6a7 {\r\ndisplay: block;\r\n}\r\n}\r\n@media screen and (max-width: 767px) {\r\n.mnaho69f4dd46cd6a7 {\r\ndisplay: block;\r\n}\r\n}\r\n<\/style>\r\n\n<p>&nbsp;<\/p>\n<div style=\"margin-top: 0px; margin-bottom: 0px;\" class=\"sharethis-inline-share-buttons\" ><\/div>","protected":false},"excerpt":{"rendered":"<p>La actividad, realizada est\u00e9 21 de septiembre en el litoral San Luis de Cuman\u00e1, tuvo como objetivo garantizar la m\u00e1xima<\/p>\n","protected":false},"author":1,"featured_media":179759,"comment_status":"open","ping_status":"closed","sticky":false,"template":"","format":"standard","meta":{"colormag_page_container_layout":"default_layout","colormag_page_sidebar_layout":"default_layout","_uag_custom_page_level_css":"","footnotes":""},"categories":[5407],"tags":[33921,33920,2264,33919,16743,16714,33918,233,32],"class_list":["post-179758","post","type-post","status-publish","format-standard","has-post-thumbnail","hentry","category-natura","tag-corresponsalia-cumana","tag-corsotur","tag-cumana","tag-dia-mundial-de-playas-y-costas","tag-estado-sucre","tag-fudena","tag-fundacion-conciencia-ecosocial","tag-nacionales","tag-venezuela"],"yoast_head":"<!-- This site is optimized with the Yoast SEO plugin v27.5 - https:\/\/yoast.com\/product\/yoast-seo-wordpress\/ -->\n<title>Fundaci\u00f3n Conciencia Ecosocial se despleg\u00f3 en el estado Sucre por el D\u00eda Mundial de Playas y Costas<\/title>\n<meta name=\"robots\" content=\"index, follow, max-snippet:-1, max-image-preview:large, max-video-preview:-1\" \/>\n<link rel=\"canonical\" href=\"https:\/\/digital58.com.ve\/site\/2024\/09\/22\/fundacion-conciencia-ecosocial-se-desplego-en-el-estado-sucre-por-el-dia-mundial-de-playas-y-costas\/\" \/>\n<meta property=\"og:locale\" content=\"es_ES\" \/>\n<meta property=\"og:type\" content=\"article\" \/>\n<meta property=\"og:title\" content=\"Fundaci\u00f3n Conciencia Ecosocial se despleg\u00f3 en el estado Sucre por el D\u00eda Mundial de Playas y Costas\" \/>\n<meta property=\"og:url\" content=\"https:\/\/digital58.com.ve\/site\/2024\/09\/22\/fundacion-conciencia-ecosocial-se-desplego-en-el-estado-sucre-por-el-dia-mundial-de-playas-y-costas\/\" \/>\n<meta property=\"og:site_name\" content=\"Noticias Digital58\" \/>\n<meta property=\"article:published_time\" content=\"2024-09-22T19:03:10+00:00\" \/>\n<meta property=\"og:image\" content=\"https:\/\/i0.wp.com\/digital58.com.ve\/site\/wp-content\/uploads\/2024\/09\/playasdesucre-cumana.jpg?fit=700%2C394&ssl=1\" \/>\n\t<meta property=\"og:image:width\" content=\"700\" \/>\n\t<meta property=\"og:image:height\" content=\"394\" \/>\n\t<meta property=\"og:image:type\" content=\"image\/jpeg\" \/>\n<meta name=\"author\" content=\"Villasmil Henry\" \/>\n<meta name=\"twitter:card\" content=\"summary_large_image\" \/>\n<meta name=\"twitter:creator\" content=\"@https:\/\/twitter.com\/villasmilhfoto\" \/>\n<meta name=\"twitter:site\" content=\"@villasmilhfoto\" \/>\n<meta name=\"twitter:label1\" content=\"Escrito por\" \/>\n\t<meta name=\"twitter:data1\" content=\"Villasmil Henry\" \/>\n\t<meta name=\"twitter:label2\" content=\"Tiempo estimado de lectura\" \/>\n\t<meta name=\"twitter:data2\" content=\"2 minutos\" \/>\n<script type=\"application\/ld+json\" class=\"yoast-schema-graph\">{\"@context\":\"https:\\\/\\\/schema.org\",\"@graph\":[{\"@type\":\"Article\",\"@id\":\"https:\\\/\\\/digital58.com.ve\\\/site\\\/2024\\\/09\\\/22\\\/fundacion-conciencia-ecosocial-se-desplego-en-el-estado-sucre-por-el-dia-mundial-de-playas-y-costas\\\/#article\",\"isPartOf\":{\"@id\":\"https:\\\/\\\/digital58.com.ve\\\/site\\\/2024\\\/09\\\/22\\\/fundacion-conciencia-ecosocial-se-desplego-en-el-estado-sucre-por-el-dia-mundial-de-playas-y-costas\\\/\"},\"author\":{\"name\":\"Villasmil Henry\",\"@id\":\"https:\\\/\\\/digital58.com.ve\\\/site\\\/#\\\/schema\\\/person\\\/64d1c2e4d0d4fd1b849980c4331c2951\"},\"headline\":\"Fundaci\u00f3n Conciencia Ecosocial se despleg\u00f3 en el estado Sucre por el D\u00eda Mundial de Playas y Costas\",\"datePublished\":\"2024-09-22T19:03:10+00:00\",\"mainEntityOfPage\":{\"@id\":\"https:\\\/\\\/digital58.com.ve\\\/site\\\/2024\\\/09\\\/22\\\/fundacion-conciencia-ecosocial-se-desplego-en-el-estado-sucre-por-el-dia-mundial-de-playas-y-costas\\\/\"},\"wordCount\":328,\"commentCount\":0,\"publisher\":{\"@id\":\"https:\\\/\\\/digital58.com.ve\\\/site\\\/#\\\/schema\\\/person\\\/64d1c2e4d0d4fd1b849980c4331c2951\"},\"image\":{\"@id\":\"https:\\\/\\\/digital58.com.ve\\\/site\\\/2024\\\/09\\\/22\\\/fundacion-conciencia-ecosocial-se-desplego-en-el-estado-sucre-por-el-dia-mundial-de-playas-y-costas\\\/#primaryimage\"},\"thumbnailUrl\":\"https:\\\/\\\/digital58.com.ve\\\/site\\\/wp-content\\\/uploads\\\/2024\\\/09\\\/playasdesucre-cumana.jpg\",\"keywords\":[\"Corresponsal\u00eda Cuman\u00e1\",\"CORSOTUR\",\"Cuman\u00e1\",\"D\u00eda Mundial de Playas y Costas\",\"Estado Sucre\",\"FUDENA\",\"Fundaci\u00f3n Conciencia Ecosocial\",\"Nacionales\",\"Venezuela\"],\"articleSection\":[\"Natura\"],\"inLanguage\":\"es\",\"potentialAction\":[{\"@type\":\"CommentAction\",\"name\":\"Comment\",\"target\":[\"https:\\\/\\\/digital58.com.ve\\\/site\\\/2024\\\/09\\\/22\\\/fundacion-conciencia-ecosocial-se-desplego-en-el-estado-sucre-por-el-dia-mundial-de-playas-y-costas\\\/#respond\"]}]},{\"@type\":\"WebPage\",\"@id\":\"https:\\\/\\\/digital58.com.ve\\\/site\\\/2024\\\/09\\\/22\\\/fundacion-conciencia-ecosocial-se-desplego-en-el-estado-sucre-por-el-dia-mundial-de-playas-y-costas\\\/\",\"url\":\"https:\\\/\\\/digital58.com.ve\\\/site\\\/2024\\\/09\\\/22\\\/fundacion-conciencia-ecosocial-se-desplego-en-el-estado-sucre-por-el-dia-mundial-de-playas-y-costas\\\/\",\"name\":\"Fundaci\u00f3n Conciencia Ecosocial se despleg\u00f3 en el estado Sucre por el D\u00eda Mundial de Playas y Costas\",\"isPartOf\":{\"@id\":\"https:\\\/\\\/digital58.com.ve\\\/site\\\/#website\"},\"primaryImageOfPage\":{\"@id\":\"https:\\\/\\\/digital58.com.ve\\\/site\\\/2024\\\/09\\\/22\\\/fundacion-conciencia-ecosocial-se-desplego-en-el-estado-sucre-por-el-dia-mundial-de-playas-y-costas\\\/#primaryimage\"},\"image\":{\"@id\":\"https:\\\/\\\/digital58.com.ve\\\/site\\\/2024\\\/09\\\/22\\\/fundacion-conciencia-ecosocial-se-desplego-en-el-estado-sucre-por-el-dia-mundial-de-playas-y-costas\\\/#primaryimage\"},\"thumbnailUrl\":\"https:\\\/\\\/digital58.com.ve\\\/site\\\/wp-content\\\/uploads\\\/2024\\\/09\\\/playasdesucre-cumana.jpg\",\"datePublished\":\"2024-09-22T19:03:10+00:00\",\"breadcrumb\":{\"@id\":\"https:\\\/\\\/digital58.com.ve\\\/site\\\/2024\\\/09\\\/22\\\/fundacion-conciencia-ecosocial-se-desplego-en-el-estado-sucre-por-el-dia-mundial-de-playas-y-costas\\\/#breadcrumb\"},\"inLanguage\":\"es\",\"potentialAction\":[{\"@type\":\"ReadAction\",\"target\":[\"https:\\\/\\\/digital58.com.ve\\\/site\\\/2024\\\/09\\\/22\\\/fundacion-conciencia-ecosocial-se-desplego-en-el-estado-sucre-por-el-dia-mundial-de-playas-y-costas\\\/\"]}]},{\"@type\":\"ImageObject\",\"inLanguage\":\"es\",\"@id\":\"https:\\\/\\\/digital58.com.ve\\\/site\\\/2024\\\/09\\\/22\\\/fundacion-conciencia-ecosocial-se-desplego-en-el-estado-sucre-por-el-dia-mundial-de-playas-y-costas\\\/#primaryimage\",\"url\":\"https:\\\/\\\/digital58.com.ve\\\/site\\\/wp-content\\\/uploads\\\/2024\\\/09\\\/playasdesucre-cumana.jpg\",\"contentUrl\":\"https:\\\/\\\/digital58.com.ve\\\/site\\\/wp-content\\\/uploads\\\/2024\\\/09\\\/playasdesucre-cumana.jpg\",\"width\":700,\"height\":394,\"caption\":\"binary comment\"},{\"@type\":\"BreadcrumbList\",\"@id\":\"https:\\\/\\\/digital58.com.ve\\\/site\\\/2024\\\/09\\\/22\\\/fundacion-conciencia-ecosocial-se-desplego-en-el-estado-sucre-por-el-dia-mundial-de-playas-y-costas\\\/#breadcrumb\",\"itemListElement\":[{\"@type\":\"ListItem\",\"position\":1,\"name\":\"Home\",\"item\":\"https:\\\/\\\/digital58.com.ve\\\/site\\\/\"},{\"@type\":\"ListItem\",\"position\":2,\"name\":\"Fundaci\u00f3n Conciencia Ecosocial se despleg\u00f3 en el estado Sucre por el D\u00eda Mundial de Playas y Costas\"}]},{\"@type\":\"WebSite\",\"@id\":\"https:\\\/\\\/digital58.com.ve\\\/site\\\/#website\",\"url\":\"https:\\\/\\\/digital58.com.ve\\\/site\\\/\",\"name\":\"Noticias Digital58\",\"description\":\"Portal de Noticias \u00a1Periodismo web de verdad! Lanzamiento web 22.11.2005 \\\/ Maracaibo, Venezuela\",\"publisher\":{\"@id\":\"https:\\\/\\\/digital58.com.ve\\\/site\\\/#\\\/schema\\\/person\\\/64d1c2e4d0d4fd1b849980c4331c2951\"},\"alternateName\":\"ND58\",\"potentialAction\":[{\"@type\":\"SearchAction\",\"target\":{\"@type\":\"EntryPoint\",\"urlTemplate\":\"https:\\\/\\\/digital58.com.ve\\\/site\\\/?s={search_term_string}\"},\"query-input\":{\"@type\":\"PropertyValueSpecification\",\"valueRequired\":true,\"valueName\":\"search_term_string\"}}],\"inLanguage\":\"es\"},{\"@type\":[\"Person\",\"Organization\"],\"@id\":\"https:\\\/\\\/digital58.com.ve\\\/site\\\/#\\\/schema\\\/person\\\/64d1c2e4d0d4fd1b849980c4331c2951\",\"name\":\"Villasmil Henry\",\"image\":{\"@type\":\"ImageObject\",\"inLanguage\":\"es\",\"@id\":\"https:\\\/\\\/secure.gravatar.com\\\/avatar\\\/bb0c4a2fcb7970138239f7e404ea75757b1b507b28b5ce4c53fbd62d797c5a7c?s=96&d=mm&r=g\",\"url\":\"https:\\\/\\\/secure.gravatar.com\\\/avatar\\\/bb0c4a2fcb7970138239f7e404ea75757b1b507b28b5ce4c53fbd62d797c5a7c?s=96&d=mm&r=g\",\"contentUrl\":\"https:\\\/\\\/secure.gravatar.com\\\/avatar\\\/bb0c4a2fcb7970138239f7e404ea75757b1b507b28b5ce4c53fbd62d797c5a7c?s=96&d=mm&r=g\",\"caption\":\"Villasmil Henry\"},\"logo\":{\"@id\":\"https:\\\/\\\/secure.gravatar.com\\\/avatar\\\/bb0c4a2fcb7970138239f7e404ea75757b1b507b28b5ce4c53fbd62d797c5a7c?s=96&d=mm&r=g\"},\"sameAs\":[\"http:\\\/\\\/www.henryvillasmil.com.ve\",\"https:\\\/\\\/www.instagram.com\\\/villasmilhfoto\\\/\",\"https:\\\/\\\/x.com\\\/https:\\\/\\\/twitter.com\\\/villasmilhfoto\"],\"url\":\"https:\\\/\\\/digital58.com.ve\\\/site\\\/author\\\/droopy_68\\\/\"}]}<\/script>\n<!-- \/ Yoast SEO plugin. -->","yoast_head_json":{"title":"Fundaci\u00f3n Conciencia Ecosocial se despleg\u00f3 en el estado Sucre por el D\u00eda Mundial de Playas y Costas","robots":{"index":"index","follow":"follow","max-snippet":"max-snippet:-1","max-image-preview":"max-image-preview:large","max-video-preview":"max-video-preview:-1"},"canonical":"https:\/\/digital58.com.ve\/site\/2024\/09\/22\/fundacion-conciencia-ecosocial-se-desplego-en-el-estado-sucre-por-el-dia-mundial-de-playas-y-costas\/","og_locale":"es_ES","og_type":"article","og_title":"Fundaci\u00f3n Conciencia Ecosocial se despleg\u00f3 en el estado Sucre por el D\u00eda Mundial de Playas y Costas","og_url":"https:\/\/digital58.com.ve\/site\/2024\/09\/22\/fundacion-conciencia-ecosocial-se-desplego-en-el-estado-sucre-por-el-dia-mundial-de-playas-y-costas\/","og_site_name":"Noticias Digital58","article_published_time":"2024-09-22T19:03:10+00:00","og_image":[{"width":700,"height":394,"url":"https:\/\/i0.wp.com\/digital58.com.ve\/site\/wp-content\/uploads\/2024\/09\/playasdesucre-cumana.jpg?fit=700%2C394&ssl=1","type":"image\/jpeg"}],"author":"Villasmil Henry","twitter_card":"summary_large_image","twitter_creator":"@https:\/\/twitter.com\/villasmilhfoto","twitter_site":"@villasmilhfoto","twitter_misc":{"Escrito por":"Villasmil Henry","Tiempo estimado de lectura":"2 minutos"},"schema":{"@context":"https:\/\/schema.org","@graph":[{"@type":"Article","@id":"https:\/\/digital58.com.ve\/site\/2024\/09\/22\/fundacion-conciencia-ecosocial-se-desplego-en-el-estado-sucre-por-el-dia-mundial-de-playas-y-costas\/#article","isPartOf":{"@id":"https:\/\/digital58.com.ve\/site\/2024\/09\/22\/fundacion-conciencia-ecosocial-se-desplego-en-el-estado-sucre-por-el-dia-mundial-de-playas-y-costas\/"},"author":{"name":"Villasmil Henry","@id":"https:\/\/digital58.com.ve\/site\/#\/schema\/person\/64d1c2e4d0d4fd1b849980c4331c2951"},"headline":"Fundaci\u00f3n Conciencia Ecosocial se despleg\u00f3 en el estado Sucre por el D\u00eda Mundial de Playas y Costas","datePublished":"2024-09-22T19:03:10+00:00","mainEntityOfPage":{"@id":"https:\/\/digital58.com.ve\/site\/2024\/09\/22\/fundacion-conciencia-ecosocial-se-desplego-en-el-estado-sucre-por-el-dia-mundial-de-playas-y-costas\/"},"wordCount":328,"commentCount":0,"publisher":{"@id":"https:\/\/digital58.com.ve\/site\/#\/schema\/person\/64d1c2e4d0d4fd1b849980c4331c2951"},"image":{"@id":"https:\/\/digital58.com.ve\/site\/2024\/09\/22\/fundacion-conciencia-ecosocial-se-desplego-en-el-estado-sucre-por-el-dia-mundial-de-playas-y-costas\/#primaryimage"},"thumbnailUrl":"https:\/\/digital58.com.ve\/site\/wp-content\/uploads\/2024\/09\/playasdesucre-cumana.jpg","keywords":["Corresponsal\u00eda Cuman\u00e1","CORSOTUR","Cuman\u00e1","D\u00eda Mundial de Playas y Costas","Estado Sucre","FUDENA","Fundaci\u00f3n Conciencia Ecosocial","Nacionales","Venezuela"],"articleSection":["Natura"],"inLanguage":"es","potentialAction":[{"@type":"CommentAction","name":"Comment","target":["https:\/\/digital58.com.ve\/site\/2024\/09\/22\/fundacion-conciencia-ecosocial-se-desplego-en-el-estado-sucre-por-el-dia-mundial-de-playas-y-costas\/#respond"]}]},{"@type":"WebPage","@id":"https:\/\/digital58.com.ve\/site\/2024\/09\/22\/fundacion-conciencia-ecosocial-se-desplego-en-el-estado-sucre-por-el-dia-mundial-de-playas-y-costas\/","url":"https:\/\/digital58.com.ve\/site\/2024\/09\/22\/fundacion-conciencia-ecosocial-se-desplego-en-el-estado-sucre-por-el-dia-mundial-de-playas-y-costas\/","name":"Fundaci\u00f3n Conciencia Ecosocial se despleg\u00f3 en el estado Sucre por el D\u00eda Mundial de Playas y Costas","isPartOf":{"@id":"https:\/\/digital58.com.ve\/site\/#website"},"primaryImageOfPage":{"@id":"https:\/\/digital58.com.ve\/site\/2024\/09\/22\/fundacion-conciencia-ecosocial-se-desplego-en-el-estado-sucre-por-el-dia-mundial-de-playas-y-costas\/#primaryimage"},"image":{"@id":"https:\/\/digital58.com.ve\/site\/2024\/09\/22\/fundacion-conciencia-ecosocial-se-desplego-en-el-estado-sucre-por-el-dia-mundial-de-playas-y-costas\/#primaryimage"},"thumbnailUrl":"https:\/\/digital58.com.ve\/site\/wp-content\/uploads\/2024\/09\/playasdesucre-cumana.jpg","datePublished":"2024-09-22T19:03:10+00:00","breadcrumb":{"@id":"https:\/\/digital58.com.ve\/site\/2024\/09\/22\/fundacion-conciencia-ecosocial-se-desplego-en-el-estado-sucre-por-el-dia-mundial-de-playas-y-costas\/#breadcrumb"},"inLanguage":"es","potentialAction":[{"@type":"ReadAction","target":["https:\/\/digital58.com.ve\/site\/2024\/09\/22\/fundacion-conciencia-ecosocial-se-desplego-en-el-estado-sucre-por-el-dia-mundial-de-playas-y-costas\/"]}]},{"@type":"ImageObject","inLanguage":"es","@id":"https:\/\/digital58.com.ve\/site\/2024\/09\/22\/fundacion-conciencia-ecosocial-se-desplego-en-el-estado-sucre-por-el-dia-mundial-de-playas-y-costas\/#primaryimage","url":"https:\/\/digital58.com.ve\/site\/wp-content\/uploads\/2024\/09\/playasdesucre-cumana.jpg","contentUrl":"https:\/\/digital58.com.ve\/site\/wp-content\/uploads\/2024\/09\/playasdesucre-cumana.jpg","width":700,"height":394,"caption":"binary comment"},{"@type":"BreadcrumbList","@id":"https:\/\/digital58.com.ve\/site\/2024\/09\/22\/fundacion-conciencia-ecosocial-se-desplego-en-el-estado-sucre-por-el-dia-mundial-de-playas-y-costas\/#breadcrumb","itemListElement":[{"@type":"ListItem","position":1,"name":"Home","item":"https:\/\/digital58.com.ve\/site\/"},{"@type":"ListItem","position":2,"name":"Fundaci\u00f3n Conciencia Ecosocial se despleg\u00f3 en el estado Sucre por el D\u00eda Mundial de Playas y Costas"}]},{"@type":"WebSite","@id":"https:\/\/digital58.com.ve\/site\/#website","url":"https:\/\/digital58.com.ve\/site\/","name":"Noticias Digital58","description":"Portal de Noticias \u00a1Periodismo web de verdad! Lanzamiento web 22.11.2005 \/ Maracaibo, Venezuela","publisher":{"@id":"https:\/\/digital58.com.ve\/site\/#\/schema\/person\/64d1c2e4d0d4fd1b849980c4331c2951"},"alternateName":"ND58","potentialAction":[{"@type":"SearchAction","target":{"@type":"EntryPoint","urlTemplate":"https:\/\/digital58.com.ve\/site\/?s={search_term_string}"},"query-input":{"@type":"PropertyValueSpecification","valueRequired":true,"valueName":"search_term_string"}}],"inLanguage":"es"},{"@type":["Person","Organization"],"@id":"https:\/\/digital58.com.ve\/site\/#\/schema\/person\/64d1c2e4d0d4fd1b849980c4331c2951","name":"Villasmil Henry","image":{"@type":"ImageObject","inLanguage":"es","@id":"https:\/\/secure.gravatar.com\/avatar\/bb0c4a2fcb7970138239f7e404ea75757b1b507b28b5ce4c53fbd62d797c5a7c?s=96&d=mm&r=g","url":"https:\/\/secure.gravatar.com\/avatar\/bb0c4a2fcb7970138239f7e404ea75757b1b507b28b5ce4c53fbd62d797c5a7c?s=96&d=mm&r=g","contentUrl":"https:\/\/secure.gravatar.com\/avatar\/bb0c4a2fcb7970138239f7e404ea75757b1b507b28b5ce4c53fbd62d797c5a7c?s=96&d=mm&r=g","caption":"Villasmil Henry"},"logo":{"@id":"https:\/\/secure.gravatar.com\/avatar\/bb0c4a2fcb7970138239f7e404ea75757b1b507b28b5ce4c53fbd62d797c5a7c?s=96&d=mm&r=g"},"sameAs":["http:\/\/www.henryvillasmil.com.ve","https:\/\/www.instagram.com\/villasmilhfoto\/","https:\/\/x.com\/https:\/\/twitter.com\/villasmilhfoto"],"url":"https:\/\/digital58.com.ve\/site\/author\/droopy_68\/"}]}},"uagb_featured_image_src":{"full":["https:\/\/digital58.com.ve\/site\/wp-content\/uploads\/2024\/09\/playasdesucre-cumana.jpg",700,394,false],"thumbnail":["https:\/\/digital58.com.ve\/site\/wp-content\/uploads\/2024\/09\/playasdesucre-cumana-150x150.jpg",150,150,true],"medium":["https:\/\/digital58.com.ve\/site\/wp-content\/uploads\/2024\/09\/playasdesucre-cumana-300x169.jpg",300,169,true],"medium_large":["https:\/\/digital58.com.ve\/site\/wp-content\/uploads\/2024\/09\/playasdesucre-cumana.jpg",700,394,false],"large":["https:\/\/digital58.com.ve\/site\/wp-content\/uploads\/2024\/09\/playasdesucre-cumana.jpg",700,394,false],"1536x1536":["https:\/\/digital58.com.ve\/site\/wp-content\/uploads\/2024\/09\/playasdesucre-cumana.jpg",700,394,false],"2048x2048":["https:\/\/digital58.com.ve\/site\/wp-content\/uploads\/2024\/09\/playasdesucre-cumana.jpg",700,394,false],"colormag-highlighted-post":["https:\/\/digital58.com.ve\/site\/wp-content\/uploads\/2024\/09\/playasdesucre-cumana-392x272.jpg",392,272,true],"colormag-featured-post-medium":["https:\/\/digital58.com.ve\/site\/wp-content\/uploads\/2024\/09\/playasdesucre-cumana-390x205.jpg",390,205,true],"colormag-featured-post-small":["https:\/\/digital58.com.ve\/site\/wp-content\/uploads\/2024\/09\/playasdesucre-cumana-130x90.jpg",130,90,true],"colormag-featured-image":["https:\/\/digital58.com.ve\/site\/wp-content\/uploads\/2024\/09\/playasdesucre-cumana.jpg",700,394,false],"colormag-default-news":["https:\/\/digital58.com.ve\/site\/wp-content\/uploads\/2024\/09\/playasdesucre-cumana-150x150.jpg",150,150,true],"colormag-featured-image-large":["https:\/\/digital58.com.ve\/site\/wp-content\/uploads\/2024\/09\/playasdesucre-cumana.jpg",700,394,false]},"uagb_author_info":{"display_name":"Villasmil Henry","author_link":"https:\/\/digital58.com.ve\/site\/author\/droopy_68\/"},"uagb_comment_info":0,"uagb_excerpt":"La actividad, realizada est\u00e9 21 de septiembre en el litoral San Luis de Cuman\u00e1, tuvo como objetivo garantizar la m\u00e1xima","_links":{"self":[{"href":"https:\/\/digital58.com.ve\/site\/wp-json\/wp\/v2\/posts\/179758","targetHints":{"allow":["GET"]}}],"collection":[{"href":"https:\/\/digital58.com.ve\/site\/wp-json\/wp\/v2\/posts"}],"about":[{"href":"https:\/\/digital58.com.ve\/site\/wp-json\/wp\/v2\/types\/post"}],"author":[{"embeddable":true,"href":"https:\/\/digital58.com.ve\/site\/wp-json\/wp\/v2\/users\/1"}],"replies":[{"embeddable":true,"href":"https:\/\/digital58.com.ve\/site\/wp-json\/wp\/v2\/comments?post=179758"}],"version-history":[{"count":1,"href":"https:\/\/digital58.com.ve\/site\/wp-json\/wp\/v2\/posts\/179758\/revisions"}],"predecessor-version":[{"id":179760,"href":"https:\/\/digital58.com.ve\/site\/wp-json\/wp\/v2\/posts\/179758\/revisions\/179760"}],"wp:featuredmedia":[{"embeddable":true,"href":"https:\/\/digital58.com.ve\/site\/wp-json\/wp\/v2\/media\/179759"}],"wp:attachment":[{"href":"https:\/\/digital58.com.ve\/site\/wp-json\/wp\/v2\/media?parent=179758"}],"wp:term":[{"taxonomy":"category","embeddable":true,"href":"https:\/\/digital58.com.ve\/site\/wp-json\/wp\/v2\/categories?post=179758"},{"taxonomy":"post_tag","embeddable":true,"href":"https:\/\/digital58.com.ve\/site\/wp-json\/wp\/v2\/tags?post=179758"}],"curies":[{"name":"wp","href":"https:\/\/api.w.org\/{rel}","templated":true}]}}