{"id":179799,"date":"2024-09-23T14:38:10","date_gmt":"2024-09-23T18:38:10","guid":{"rendered":"https:\/\/digital58.com.ve\/site\/?p=179799"},"modified":"2024-09-23T14:38:10","modified_gmt":"2024-09-23T18:38:10","slug":"zulia-gobernacion-rinde-homenaje-a-la-reina-de-la-gaita-gladys-vera","status":"publish","type":"post","link":"https:\/\/digital58.com.ve\/site\/2024\/09\/23\/zulia-gobernacion-rinde-homenaje-a-la-reina-de-la-gaita-gladys-vera\/","title":{"rendered":"#Zulia | Gobernaci\u00f3n rinde homenaje a la reina de la Gaita Gladys Vera"},"content":{"rendered":"<p><a href=\"https:\/\/digital58.com.ve\/site\/wp-content\/uploads\/2024\/09\/gvera-2.webp\"><img loading=\"lazy\" decoding=\"async\" class=\"aligncenter size-full wp-image-179805\" src=\"https:\/\/digital58.com.ve\/site\/wp-content\/uploads\/2024\/09\/gvera-2.webp\" alt=\"\" width=\"1000\" height=\"701\" srcset=\"https:\/\/digital58.com.ve\/site\/wp-content\/uploads\/2024\/09\/gvera-2.webp 1000w, https:\/\/digital58.com.ve\/site\/wp-content\/uploads\/2024\/09\/gvera-2-300x210.webp 300w, https:\/\/digital58.com.ve\/site\/wp-content\/uploads\/2024\/09\/gvera-2-768x538.webp 768w, https:\/\/digital58.com.ve\/site\/wp-content\/uploads\/2024\/09\/gvera-2-130x90.webp 130w\" sizes=\"auto, (max-width: 1000px) 100vw, 1000px\" \/><\/a><\/p>\n<p>La Gobernaci\u00f3n del estado Zulia, a trav\u00e9s de la Fundaci\u00f3n de la Gaita Ricardo Aguirre (Fundagraez), homenaje\u00f3 a la sempiterna reina de la Gaita, Gladys Vera, el pasado 14 de septiembre, d\u00eda que se conmemor\u00f3 nueve a\u00f1os de su partida f\u00edsica.<\/p>\n<p><strong>Maracaibo, Zulia, Venezuela, 23 de septiembre de 2024 (ND58).-<\/strong> Una noche memorable llena de muchas emociones se vivi\u00f3 en el bulevar Santa Lucia, donde familiares, amigos y miembros del gremio gaitero del estado, recordaron los temas que quedaron grabados a trav\u00e9s de su voz y que luego de nueve a\u00f1os siguen presentes y m\u00e1s vigentes que nunca en la cultura zuliana.<\/p>\n<p><a href=\"https:\/\/digital58.com.ve\/site\/wp-content\/uploads\/2024\/09\/gvera-4.webp\"><img loading=\"lazy\" decoding=\"async\" class=\"aligncenter size-full wp-image-179803\" src=\"https:\/\/digital58.com.ve\/site\/wp-content\/uploads\/2024\/09\/gvera-4.webp\" alt=\"\" width=\"1000\" height=\"686\" srcset=\"https:\/\/digital58.com.ve\/site\/wp-content\/uploads\/2024\/09\/gvera-4.webp 1000w, https:\/\/digital58.com.ve\/site\/wp-content\/uploads\/2024\/09\/gvera-4-300x206.webp 300w, https:\/\/digital58.com.ve\/site\/wp-content\/uploads\/2024\/09\/gvera-4-768x527.webp 768w, https:\/\/digital58.com.ve\/site\/wp-content\/uploads\/2024\/09\/gvera-4-130x90.webp 130w\" sizes=\"auto, (max-width: 1000px) 100vw, 1000px\" \/><\/a><\/p>\n<p>En el homenaje estuvo presente Fernando Calzadilla, viudo de Gladys y Miguel Mora su hermano, tambi\u00e9n se dieron cita las gaiteras zulianas, Judith Sanquiz, Massiel Morales, Fulvia Padr\u00f3n, Mitzy de Peralta, Yelitza V\u00edlchez, Priscarlina V\u00edlchez, Yumaira Gonzalez, Zamira Carrillo, Zamara Toro, Yornelis Acurero y Fabiana V\u00edlchez, quienes prestaron sus voces para interpretar los temas de Gladys junto al ensamble musical de Fundagraez.<\/p>\n<p><a href=\"https:\/\/digital58.com.ve\/site\/wp-content\/uploads\/2024\/09\/gvera-7.webp\"><img loading=\"lazy\" decoding=\"async\" class=\"aligncenter size-full wp-image-179800\" src=\"https:\/\/digital58.com.ve\/site\/wp-content\/uploads\/2024\/09\/gvera-7.webp\" alt=\"\" width=\"1000\" height=\"704\" srcset=\"https:\/\/digital58.com.ve\/site\/wp-content\/uploads\/2024\/09\/gvera-7.webp 1000w, https:\/\/digital58.com.ve\/site\/wp-content\/uploads\/2024\/09\/gvera-7-300x211.webp 300w, https:\/\/digital58.com.ve\/site\/wp-content\/uploads\/2024\/09\/gvera-7-768x541.webp 768w\" sizes=\"auto, (max-width: 1000px) 100vw, 1000px\" \/><\/a><\/p>\n<p>Las damas de la noche interpretaron los grandes temas como Antorcha, Cuando el amor se va, Amor Marginal, Mi Gentilicio, Mi entrega y otros, que al solo escucharlo reflejan el sentir de la Sempiterna de la Gaita.<\/p>\n<p><a href=\"https:\/\/digital58.com.ve\/site\/wp-content\/uploads\/2024\/09\/gvera-3.webp\"><img loading=\"lazy\" decoding=\"async\" class=\"aligncenter size-full wp-image-179804\" src=\"https:\/\/digital58.com.ve\/site\/wp-content\/uploads\/2024\/09\/gvera-3.webp\" alt=\"\" width=\"1000\" height=\"669\" srcset=\"https:\/\/digital58.com.ve\/site\/wp-content\/uploads\/2024\/09\/gvera-3.webp 1000w, https:\/\/digital58.com.ve\/site\/wp-content\/uploads\/2024\/09\/gvera-3-300x201.webp 300w, https:\/\/digital58.com.ve\/site\/wp-content\/uploads\/2024\/09\/gvera-3-768x514.webp 768w\" sizes=\"auto, (max-width: 1000px) 100vw, 1000px\" \/><\/a><\/p>\n<p>La otra parte musical estuvo a cargo de la agrupaci\u00f3n infantil Pascueritos de San Ignacio, quienes interpretaron temas como La Cabecera, Fuente Divina, Por eso Gaita y su tema promocional 2024 Don Zuliano.<\/p>\n<p><a href=\"https:\/\/digital58.com.ve\/site\/wp-content\/uploads\/2024\/09\/gvera-1.webp\"><img loading=\"lazy\" decoding=\"async\" class=\"aligncenter size-full wp-image-179806\" src=\"https:\/\/digital58.com.ve\/site\/wp-content\/uploads\/2024\/09\/gvera-1.webp\" alt=\"\" width=\"1000\" height=\"701\" srcset=\"https:\/\/digital58.com.ve\/site\/wp-content\/uploads\/2024\/09\/gvera-1.webp 1000w, https:\/\/digital58.com.ve\/site\/wp-content\/uploads\/2024\/09\/gvera-1-300x210.webp 300w, https:\/\/digital58.com.ve\/site\/wp-content\/uploads\/2024\/09\/gvera-1-768x538.webp 768w, https:\/\/digital58.com.ve\/site\/wp-content\/uploads\/2024\/09\/gvera-1-130x90.webp 130w\" sizes=\"auto, (max-width: 1000px) 100vw, 1000px\" \/><\/a><\/p>\n<p><a href=\"https:\/\/digital58.com.ve\/site\/wp-content\/uploads\/2024\/09\/gvera-5.webp\"><img loading=\"lazy\" decoding=\"async\" class=\"aligncenter size-full wp-image-179802\" src=\"https:\/\/digital58.com.ve\/site\/wp-content\/uploads\/2024\/09\/gvera-5.webp\" alt=\"\" width=\"1000\" height=\"731\" srcset=\"https:\/\/digital58.com.ve\/site\/wp-content\/uploads\/2024\/09\/gvera-5.webp 1000w, https:\/\/digital58.com.ve\/site\/wp-content\/uploads\/2024\/09\/gvera-5-300x219.webp 300w, https:\/\/digital58.com.ve\/site\/wp-content\/uploads\/2024\/09\/gvera-5-768x561.webp 768w\" sizes=\"auto, (max-width: 1000px) 100vw, 1000px\" \/><\/a><\/p>\n<p><a href=\"https:\/\/digital58.com.ve\/site\/wp-content\/uploads\/2024\/09\/gvera-6.webp\"><img loading=\"lazy\" decoding=\"async\" class=\"aligncenter size-full wp-image-179801\" src=\"https:\/\/digital58.com.ve\/site\/wp-content\/uploads\/2024\/09\/gvera-6.webp\" alt=\"\" width=\"1000\" height=\"733\" srcset=\"https:\/\/digital58.com.ve\/site\/wp-content\/uploads\/2024\/09\/gvera-6.webp 1000w, https:\/\/digital58.com.ve\/site\/wp-content\/uploads\/2024\/09\/gvera-6-300x220.webp 300w, https:\/\/digital58.com.ve\/site\/wp-content\/uploads\/2024\/09\/gvera-6-768x563.webp 768w\" sizes=\"auto, (max-width: 1000px) 100vw, 1000px\" \/><\/a><\/p>\n<p><strong>Redacci\u00f3n ND58 | Fuente: SECIP<\/strong><br \/>\n<strong>Edici\u00f3n: Villasmil, Henry<\/strong><br \/>\n<strong>Gr\u00e1ficas: Cortes\u00eda SECIP<\/strong><\/p>\n<p>&nbsp;<\/p><div class=\"sdsoy69f31e38c61f4\" ><p style=\"text-align: center;\"><a href=\"https:\/\/t.me\/noticiasdigital58\" target=\"_blank\" rel=\"noopener\"><img class=\"aligncenter size-full wp-image-125363\" src=\"https:\/\/digital58.com.ve\/site\/wp-content\/uploads\/2021\/04\/banner-telegram-web-2021.png\" alt=\"\" width=\"600\" height=\"90\" \/><\/a><\/p><\/div><style type=\"text\/css\">\r\n@media screen and (min-width: 1201px) {\r\n.sdsoy69f31e38c61f4 {\r\ndisplay: block;\r\n}\r\n}\r\n@media screen and (min-width: 993px) and (max-width: 1200px) {\r\n.sdsoy69f31e38c61f4 {\r\ndisplay: block;\r\n}\r\n}\r\n@media screen and (min-width: 769px) and (max-width: 992px) {\r\n.sdsoy69f31e38c61f4 {\r\ndisplay: block;\r\n}\r\n}\r\n@media screen and (min-width: 768px) and (max-width: 768px) {\r\n.sdsoy69f31e38c61f4 {\r\ndisplay: block;\r\n}\r\n}\r\n@media screen and (max-width: 767px) {\r\n.sdsoy69f31e38c61f4 {\r\ndisplay: block;\r\n}\r\n}\r\n<\/style>\r\n\n<p>&nbsp;<\/p>\n<div style=\"margin-top: 0px; margin-bottom: 0px;\" class=\"sharethis-inline-share-buttons\" ><\/div>","protected":false},"excerpt":{"rendered":"<p>La Gobernaci\u00f3n del estado Zulia, a trav\u00e9s de la Fundaci\u00f3n de la Gaita Ricardo Aguirre (Fundagraez), homenaje\u00f3 a la sempiterna<\/p>\n","protected":false},"author":1,"featured_media":179803,"comment_status":"open","ping_status":"closed","sticky":false,"template":"","format":"standard","meta":{"colormag_page_container_layout":"default_layout","colormag_page_sidebar_layout":"default_layout","_uag_custom_page_level_css":"","footnotes":""},"categories":[1],"tags":[32748,1869,2139,3229,13579,570,233,2354,32],"class_list":["post-179799","post","type-post","status-publish","format-standard","has-post-thumbnail","hentry","category-fama","tag-bulevar-de-santa-lucia","tag-fundagraez","tag-gaita-zuliana","tag-gladys-vera","tag-gobierno-del-zulia","tag-homenajes","tag-nacionales","tag-regionales","tag-venezuela"],"yoast_head":"<!-- This site is optimized with the Yoast SEO plugin v27.5 - https:\/\/yoast.com\/product\/yoast-seo-wordpress\/ -->\n<title>#Zulia | Gobernaci\u00f3n rinde homenaje a la reina de la Gaita Gladys Vera<\/title>\n<meta name=\"robots\" content=\"index, follow, max-snippet:-1, max-image-preview:large, max-video-preview:-1\" \/>\n<link rel=\"canonical\" href=\"https:\/\/digital58.com.ve\/site\/2024\/09\/23\/zulia-gobernacion-rinde-homenaje-a-la-reina-de-la-gaita-gladys-vera\/\" \/>\n<meta property=\"og:locale\" content=\"es_ES\" \/>\n<meta property=\"og:type\" content=\"article\" \/>\n<meta property=\"og:title\" content=\"#Zulia | Gobernaci\u00f3n rinde homenaje a la reina de la Gaita Gladys Vera\" \/>\n<meta property=\"og:url\" content=\"https:\/\/digital58.com.ve\/site\/2024\/09\/23\/zulia-gobernacion-rinde-homenaje-a-la-reina-de-la-gaita-gladys-vera\/\" \/>\n<meta property=\"og:site_name\" content=\"Noticias Digital58\" \/>\n<meta property=\"article:published_time\" content=\"2024-09-23T18:38:10+00:00\" \/>\n<meta property=\"og:image\" content=\"https:\/\/i0.wp.com\/digital58.com.ve\/site\/wp-content\/uploads\/2024\/09\/gvera-4.webp?fit=1000%2C686&ssl=1\" \/>\n\t<meta property=\"og:image:width\" content=\"1000\" \/>\n\t<meta property=\"og:image:height\" content=\"686\" \/>\n\t<meta property=\"og:image:type\" content=\"image\/webp\" \/>\n<meta name=\"author\" content=\"Villasmil Henry\" \/>\n<meta name=\"twitter:card\" content=\"summary_large_image\" \/>\n<meta name=\"twitter:creator\" content=\"@https:\/\/twitter.com\/villasmilhfoto\" \/>\n<meta name=\"twitter:site\" content=\"@villasmilhfoto\" \/>\n<meta name=\"twitter:label1\" content=\"Escrito por\" \/>\n\t<meta name=\"twitter:data1\" content=\"Villasmil Henry\" \/>\n\t<meta name=\"twitter:label2\" content=\"Tiempo estimado de lectura\" \/>\n\t<meta name=\"twitter:data2\" content=\"1 minuto\" \/>\n<script type=\"application\/ld+json\" class=\"yoast-schema-graph\">{\"@context\":\"https:\\\/\\\/schema.org\",\"@graph\":[{\"@type\":\"Article\",\"@id\":\"https:\\\/\\\/digital58.com.ve\\\/site\\\/2024\\\/09\\\/23\\\/zulia-gobernacion-rinde-homenaje-a-la-reina-de-la-gaita-gladys-vera\\\/#article\",\"isPartOf\":{\"@id\":\"https:\\\/\\\/digital58.com.ve\\\/site\\\/2024\\\/09\\\/23\\\/zulia-gobernacion-rinde-homenaje-a-la-reina-de-la-gaita-gladys-vera\\\/\"},\"author\":{\"name\":\"Villasmil Henry\",\"@id\":\"https:\\\/\\\/digital58.com.ve\\\/site\\\/#\\\/schema\\\/person\\\/64d1c2e4d0d4fd1b849980c4331c2951\"},\"headline\":\"#Zulia | Gobernaci\u00f3n rinde homenaje a la reina de la Gaita Gladys Vera\",\"datePublished\":\"2024-09-23T18:38:10+00:00\",\"mainEntityOfPage\":{\"@id\":\"https:\\\/\\\/digital58.com.ve\\\/site\\\/2024\\\/09\\\/23\\\/zulia-gobernacion-rinde-homenaje-a-la-reina-de-la-gaita-gladys-vera\\\/\"},\"wordCount\":275,\"commentCount\":0,\"publisher\":{\"@id\":\"https:\\\/\\\/digital58.com.ve\\\/site\\\/#\\\/schema\\\/person\\\/64d1c2e4d0d4fd1b849980c4331c2951\"},\"image\":{\"@id\":\"https:\\\/\\\/digital58.com.ve\\\/site\\\/2024\\\/09\\\/23\\\/zulia-gobernacion-rinde-homenaje-a-la-reina-de-la-gaita-gladys-vera\\\/#primaryimage\"},\"thumbnailUrl\":\"https:\\\/\\\/digital58.com.ve\\\/site\\\/wp-content\\\/uploads\\\/2024\\\/09\\\/gvera-4.webp\",\"keywords\":[\"Bulevar de Santa Luc\u00eda\",\"Fundagraez\",\"Gaita Zuliana\",\"Gladys Vera\",\"Gobierno del Zulia\",\"Homenajes\",\"Nacionales\",\"Regionales\",\"Venezuela\"],\"articleSection\":[\"Fama\"],\"inLanguage\":\"es\",\"potentialAction\":[{\"@type\":\"CommentAction\",\"name\":\"Comment\",\"target\":[\"https:\\\/\\\/digital58.com.ve\\\/site\\\/2024\\\/09\\\/23\\\/zulia-gobernacion-rinde-homenaje-a-la-reina-de-la-gaita-gladys-vera\\\/#respond\"]}]},{\"@type\":\"WebPage\",\"@id\":\"https:\\\/\\\/digital58.com.ve\\\/site\\\/2024\\\/09\\\/23\\\/zulia-gobernacion-rinde-homenaje-a-la-reina-de-la-gaita-gladys-vera\\\/\",\"url\":\"https:\\\/\\\/digital58.com.ve\\\/site\\\/2024\\\/09\\\/23\\\/zulia-gobernacion-rinde-homenaje-a-la-reina-de-la-gaita-gladys-vera\\\/\",\"name\":\"#Zulia | Gobernaci\u00f3n rinde homenaje a la reina de la Gaita Gladys Vera\",\"isPartOf\":{\"@id\":\"https:\\\/\\\/digital58.com.ve\\\/site\\\/#website\"},\"primaryImageOfPage\":{\"@id\":\"https:\\\/\\\/digital58.com.ve\\\/site\\\/2024\\\/09\\\/23\\\/zulia-gobernacion-rinde-homenaje-a-la-reina-de-la-gaita-gladys-vera\\\/#primaryimage\"},\"image\":{\"@id\":\"https:\\\/\\\/digital58.com.ve\\\/site\\\/2024\\\/09\\\/23\\\/zulia-gobernacion-rinde-homenaje-a-la-reina-de-la-gaita-gladys-vera\\\/#primaryimage\"},\"thumbnailUrl\":\"https:\\\/\\\/digital58.com.ve\\\/site\\\/wp-content\\\/uploads\\\/2024\\\/09\\\/gvera-4.webp\",\"datePublished\":\"2024-09-23T18:38:10+00:00\",\"breadcrumb\":{\"@id\":\"https:\\\/\\\/digital58.com.ve\\\/site\\\/2024\\\/09\\\/23\\\/zulia-gobernacion-rinde-homenaje-a-la-reina-de-la-gaita-gladys-vera\\\/#breadcrumb\"},\"inLanguage\":\"es\",\"potentialAction\":[{\"@type\":\"ReadAction\",\"target\":[\"https:\\\/\\\/digital58.com.ve\\\/site\\\/2024\\\/09\\\/23\\\/zulia-gobernacion-rinde-homenaje-a-la-reina-de-la-gaita-gladys-vera\\\/\"]}]},{\"@type\":\"ImageObject\",\"inLanguage\":\"es\",\"@id\":\"https:\\\/\\\/digital58.com.ve\\\/site\\\/2024\\\/09\\\/23\\\/zulia-gobernacion-rinde-homenaje-a-la-reina-de-la-gaita-gladys-vera\\\/#primaryimage\",\"url\":\"https:\\\/\\\/digital58.com.ve\\\/site\\\/wp-content\\\/uploads\\\/2024\\\/09\\\/gvera-4.webp\",\"contentUrl\":\"https:\\\/\\\/digital58.com.ve\\\/site\\\/wp-content\\\/uploads\\\/2024\\\/09\\\/gvera-4.webp\",\"width\":1000,\"height\":686},{\"@type\":\"BreadcrumbList\",\"@id\":\"https:\\\/\\\/digital58.com.ve\\\/site\\\/2024\\\/09\\\/23\\\/zulia-gobernacion-rinde-homenaje-a-la-reina-de-la-gaita-gladys-vera\\\/#breadcrumb\",\"itemListElement\":[{\"@type\":\"ListItem\",\"position\":1,\"name\":\"Home\",\"item\":\"https:\\\/\\\/digital58.com.ve\\\/site\\\/\"},{\"@type\":\"ListItem\",\"position\":2,\"name\":\"#Zulia | Gobernaci\u00f3n rinde homenaje a la reina de la Gaita Gladys Vera\"}]},{\"@type\":\"WebSite\",\"@id\":\"https:\\\/\\\/digital58.com.ve\\\/site\\\/#website\",\"url\":\"https:\\\/\\\/digital58.com.ve\\\/site\\\/\",\"name\":\"Noticias Digital58\",\"description\":\"Portal de Noticias \u00a1Periodismo web de verdad! Lanzamiento web 22.11.2005 \\\/ Maracaibo, Venezuela\",\"publisher\":{\"@id\":\"https:\\\/\\\/digital58.com.ve\\\/site\\\/#\\\/schema\\\/person\\\/64d1c2e4d0d4fd1b849980c4331c2951\"},\"alternateName\":\"ND58\",\"potentialAction\":[{\"@type\":\"SearchAction\",\"target\":{\"@type\":\"EntryPoint\",\"urlTemplate\":\"https:\\\/\\\/digital58.com.ve\\\/site\\\/?s={search_term_string}\"},\"query-input\":{\"@type\":\"PropertyValueSpecification\",\"valueRequired\":true,\"valueName\":\"search_term_string\"}}],\"inLanguage\":\"es\"},{\"@type\":[\"Person\",\"Organization\"],\"@id\":\"https:\\\/\\\/digital58.com.ve\\\/site\\\/#\\\/schema\\\/person\\\/64d1c2e4d0d4fd1b849980c4331c2951\",\"name\":\"Villasmil Henry\",\"image\":{\"@type\":\"ImageObject\",\"inLanguage\":\"es\",\"@id\":\"https:\\\/\\\/secure.gravatar.com\\\/avatar\\\/bb0c4a2fcb7970138239f7e404ea75757b1b507b28b5ce4c53fbd62d797c5a7c?s=96&d=mm&r=g\",\"url\":\"https:\\\/\\\/secure.gravatar.com\\\/avatar\\\/bb0c4a2fcb7970138239f7e404ea75757b1b507b28b5ce4c53fbd62d797c5a7c?s=96&d=mm&r=g\",\"contentUrl\":\"https:\\\/\\\/secure.gravatar.com\\\/avatar\\\/bb0c4a2fcb7970138239f7e404ea75757b1b507b28b5ce4c53fbd62d797c5a7c?s=96&d=mm&r=g\",\"caption\":\"Villasmil Henry\"},\"logo\":{\"@id\":\"https:\\\/\\\/secure.gravatar.com\\\/avatar\\\/bb0c4a2fcb7970138239f7e404ea75757b1b507b28b5ce4c53fbd62d797c5a7c?s=96&d=mm&r=g\"},\"sameAs\":[\"http:\\\/\\\/www.henryvillasmil.com.ve\",\"https:\\\/\\\/www.instagram.com\\\/villasmilhfoto\\\/\",\"https:\\\/\\\/x.com\\\/https:\\\/\\\/twitter.com\\\/villasmilhfoto\"],\"url\":\"https:\\\/\\\/digital58.com.ve\\\/site\\\/author\\\/droopy_68\\\/\"}]}<\/script>\n<!-- \/ Yoast SEO plugin. -->","yoast_head_json":{"title":"#Zulia | Gobernaci\u00f3n rinde homenaje a la reina de la Gaita Gladys Vera","robots":{"index":"index","follow":"follow","max-snippet":"max-snippet:-1","max-image-preview":"max-image-preview:large","max-video-preview":"max-video-preview:-1"},"canonical":"https:\/\/digital58.com.ve\/site\/2024\/09\/23\/zulia-gobernacion-rinde-homenaje-a-la-reina-de-la-gaita-gladys-vera\/","og_locale":"es_ES","og_type":"article","og_title":"#Zulia | Gobernaci\u00f3n rinde homenaje a la reina de la Gaita Gladys Vera","og_url":"https:\/\/digital58.com.ve\/site\/2024\/09\/23\/zulia-gobernacion-rinde-homenaje-a-la-reina-de-la-gaita-gladys-vera\/","og_site_name":"Noticias Digital58","article_published_time":"2024-09-23T18:38:10+00:00","og_image":[{"width":1000,"height":686,"url":"https:\/\/i0.wp.com\/digital58.com.ve\/site\/wp-content\/uploads\/2024\/09\/gvera-4.webp?fit=1000%2C686&ssl=1","type":"image\/webp"}],"author":"Villasmil Henry","twitter_card":"summary_large_image","twitter_creator":"@https:\/\/twitter.com\/villasmilhfoto","twitter_site":"@villasmilhfoto","twitter_misc":{"Escrito por":"Villasmil Henry","Tiempo estimado de lectura":"1 minuto"},"schema":{"@context":"https:\/\/schema.org","@graph":[{"@type":"Article","@id":"https:\/\/digital58.com.ve\/site\/2024\/09\/23\/zulia-gobernacion-rinde-homenaje-a-la-reina-de-la-gaita-gladys-vera\/#article","isPartOf":{"@id":"https:\/\/digital58.com.ve\/site\/2024\/09\/23\/zulia-gobernacion-rinde-homenaje-a-la-reina-de-la-gaita-gladys-vera\/"},"author":{"name":"Villasmil Henry","@id":"https:\/\/digital58.com.ve\/site\/#\/schema\/person\/64d1c2e4d0d4fd1b849980c4331c2951"},"headline":"#Zulia | Gobernaci\u00f3n rinde homenaje a la reina de la Gaita Gladys Vera","datePublished":"2024-09-23T18:38:10+00:00","mainEntityOfPage":{"@id":"https:\/\/digital58.com.ve\/site\/2024\/09\/23\/zulia-gobernacion-rinde-homenaje-a-la-reina-de-la-gaita-gladys-vera\/"},"wordCount":275,"commentCount":0,"publisher":{"@id":"https:\/\/digital58.com.ve\/site\/#\/schema\/person\/64d1c2e4d0d4fd1b849980c4331c2951"},"image":{"@id":"https:\/\/digital58.com.ve\/site\/2024\/09\/23\/zulia-gobernacion-rinde-homenaje-a-la-reina-de-la-gaita-gladys-vera\/#primaryimage"},"thumbnailUrl":"https:\/\/digital58.com.ve\/site\/wp-content\/uploads\/2024\/09\/gvera-4.webp","keywords":["Bulevar de Santa Luc\u00eda","Fundagraez","Gaita Zuliana","Gladys Vera","Gobierno del Zulia","Homenajes","Nacionales","Regionales","Venezuela"],"articleSection":["Fama"],"inLanguage":"es","potentialAction":[{"@type":"CommentAction","name":"Comment","target":["https:\/\/digital58.com.ve\/site\/2024\/09\/23\/zulia-gobernacion-rinde-homenaje-a-la-reina-de-la-gaita-gladys-vera\/#respond"]}]},{"@type":"WebPage","@id":"https:\/\/digital58.com.ve\/site\/2024\/09\/23\/zulia-gobernacion-rinde-homenaje-a-la-reina-de-la-gaita-gladys-vera\/","url":"https:\/\/digital58.com.ve\/site\/2024\/09\/23\/zulia-gobernacion-rinde-homenaje-a-la-reina-de-la-gaita-gladys-vera\/","name":"#Zulia | Gobernaci\u00f3n rinde homenaje a la reina de la Gaita Gladys Vera","isPartOf":{"@id":"https:\/\/digital58.com.ve\/site\/#website"},"primaryImageOfPage":{"@id":"https:\/\/digital58.com.ve\/site\/2024\/09\/23\/zulia-gobernacion-rinde-homenaje-a-la-reina-de-la-gaita-gladys-vera\/#primaryimage"},"image":{"@id":"https:\/\/digital58.com.ve\/site\/2024\/09\/23\/zulia-gobernacion-rinde-homenaje-a-la-reina-de-la-gaita-gladys-vera\/#primaryimage"},"thumbnailUrl":"https:\/\/digital58.com.ve\/site\/wp-content\/uploads\/2024\/09\/gvera-4.webp","datePublished":"2024-09-23T18:38:10+00:00","breadcrumb":{"@id":"https:\/\/digital58.com.ve\/site\/2024\/09\/23\/zulia-gobernacion-rinde-homenaje-a-la-reina-de-la-gaita-gladys-vera\/#breadcrumb"},"inLanguage":"es","potentialAction":[{"@type":"ReadAction","target":["https:\/\/digital58.com.ve\/site\/2024\/09\/23\/zulia-gobernacion-rinde-homenaje-a-la-reina-de-la-gaita-gladys-vera\/"]}]},{"@type":"ImageObject","inLanguage":"es","@id":"https:\/\/digital58.com.ve\/site\/2024\/09\/23\/zulia-gobernacion-rinde-homenaje-a-la-reina-de-la-gaita-gladys-vera\/#primaryimage","url":"https:\/\/digital58.com.ve\/site\/wp-content\/uploads\/2024\/09\/gvera-4.webp","contentUrl":"https:\/\/digital58.com.ve\/site\/wp-content\/uploads\/2024\/09\/gvera-4.webp","width":1000,"height":686},{"@type":"BreadcrumbList","@id":"https:\/\/digital58.com.ve\/site\/2024\/09\/23\/zulia-gobernacion-rinde-homenaje-a-la-reina-de-la-gaita-gladys-vera\/#breadcrumb","itemListElement":[{"@type":"ListItem","position":1,"name":"Home","item":"https:\/\/digital58.com.ve\/site\/"},{"@type":"ListItem","position":2,"name":"#Zulia | Gobernaci\u00f3n rinde homenaje a la reina de la Gaita Gladys Vera"}]},{"@type":"WebSite","@id":"https:\/\/digital58.com.ve\/site\/#website","url":"https:\/\/digital58.com.ve\/site\/","name":"Noticias Digital58","description":"Portal de Noticias \u00a1Periodismo web de verdad! Lanzamiento web 22.11.2005 \/ Maracaibo, Venezuela","publisher":{"@id":"https:\/\/digital58.com.ve\/site\/#\/schema\/person\/64d1c2e4d0d4fd1b849980c4331c2951"},"alternateName":"ND58","potentialAction":[{"@type":"SearchAction","target":{"@type":"EntryPoint","urlTemplate":"https:\/\/digital58.com.ve\/site\/?s={search_term_string}"},"query-input":{"@type":"PropertyValueSpecification","valueRequired":true,"valueName":"search_term_string"}}],"inLanguage":"es"},{"@type":["Person","Organization"],"@id":"https:\/\/digital58.com.ve\/site\/#\/schema\/person\/64d1c2e4d0d4fd1b849980c4331c2951","name":"Villasmil Henry","image":{"@type":"ImageObject","inLanguage":"es","@id":"https:\/\/secure.gravatar.com\/avatar\/bb0c4a2fcb7970138239f7e404ea75757b1b507b28b5ce4c53fbd62d797c5a7c?s=96&d=mm&r=g","url":"https:\/\/secure.gravatar.com\/avatar\/bb0c4a2fcb7970138239f7e404ea75757b1b507b28b5ce4c53fbd62d797c5a7c?s=96&d=mm&r=g","contentUrl":"https:\/\/secure.gravatar.com\/avatar\/bb0c4a2fcb7970138239f7e404ea75757b1b507b28b5ce4c53fbd62d797c5a7c?s=96&d=mm&r=g","caption":"Villasmil Henry"},"logo":{"@id":"https:\/\/secure.gravatar.com\/avatar\/bb0c4a2fcb7970138239f7e404ea75757b1b507b28b5ce4c53fbd62d797c5a7c?s=96&d=mm&r=g"},"sameAs":["http:\/\/www.henryvillasmil.com.ve","https:\/\/www.instagram.com\/villasmilhfoto\/","https:\/\/x.com\/https:\/\/twitter.com\/villasmilhfoto"],"url":"https:\/\/digital58.com.ve\/site\/author\/droopy_68\/"}]}},"uagb_featured_image_src":{"full":["https:\/\/digital58.com.ve\/site\/wp-content\/uploads\/2024\/09\/gvera-4.webp",1000,686,false],"thumbnail":["https:\/\/digital58.com.ve\/site\/wp-content\/uploads\/2024\/09\/gvera-4-150x150.webp",150,150,true],"medium":["https:\/\/digital58.com.ve\/site\/wp-content\/uploads\/2024\/09\/gvera-4-300x206.webp",300,206,true],"medium_large":["https:\/\/digital58.com.ve\/site\/wp-content\/uploads\/2024\/09\/gvera-4-768x527.webp",768,527,true],"large":["https:\/\/digital58.com.ve\/site\/wp-content\/uploads\/2024\/09\/gvera-4.webp",800,549,false],"1536x1536":["https:\/\/digital58.com.ve\/site\/wp-content\/uploads\/2024\/09\/gvera-4.webp",1000,686,false],"2048x2048":["https:\/\/digital58.com.ve\/site\/wp-content\/uploads\/2024\/09\/gvera-4.webp",1000,686,false],"colormag-highlighted-post":["https:\/\/digital58.com.ve\/site\/wp-content\/uploads\/2024\/09\/gvera-4-392x272.webp",392,272,true],"colormag-featured-post-medium":["https:\/\/digital58.com.ve\/site\/wp-content\/uploads\/2024\/09\/gvera-4-390x205.webp",390,205,true],"colormag-featured-post-small":["https:\/\/digital58.com.ve\/site\/wp-content\/uploads\/2024\/09\/gvera-4-130x90.webp",130,90,true],"colormag-featured-image":["https:\/\/digital58.com.ve\/site\/wp-content\/uploads\/2024\/09\/gvera-4-800x445.webp",800,445,true],"colormag-default-news":["https:\/\/digital58.com.ve\/site\/wp-content\/uploads\/2024\/09\/gvera-4-150x150.webp",150,150,true],"colormag-featured-image-large":["https:\/\/digital58.com.ve\/site\/wp-content\/uploads\/2024\/09\/gvera-4-1000x600.webp",1000,600,true]},"uagb_author_info":{"display_name":"Villasmil Henry","author_link":"https:\/\/digital58.com.ve\/site\/author\/droopy_68\/"},"uagb_comment_info":0,"uagb_excerpt":"La Gobernaci\u00f3n del estado Zulia, a trav\u00e9s de la Fundaci\u00f3n de la Gaita Ricardo Aguirre (Fundagraez), homenaje\u00f3 a la sempiterna","_links":{"self":[{"href":"https:\/\/digital58.com.ve\/site\/wp-json\/wp\/v2\/posts\/179799","targetHints":{"allow":["GET"]}}],"collection":[{"href":"https:\/\/digital58.com.ve\/site\/wp-json\/wp\/v2\/posts"}],"about":[{"href":"https:\/\/digital58.com.ve\/site\/wp-json\/wp\/v2\/types\/post"}],"author":[{"embeddable":true,"href":"https:\/\/digital58.com.ve\/site\/wp-json\/wp\/v2\/users\/1"}],"replies":[{"embeddable":true,"href":"https:\/\/digital58.com.ve\/site\/wp-json\/wp\/v2\/comments?post=179799"}],"version-history":[{"count":1,"href":"https:\/\/digital58.com.ve\/site\/wp-json\/wp\/v2\/posts\/179799\/revisions"}],"predecessor-version":[{"id":179807,"href":"https:\/\/digital58.com.ve\/site\/wp-json\/wp\/v2\/posts\/179799\/revisions\/179807"}],"wp:featuredmedia":[{"embeddable":true,"href":"https:\/\/digital58.com.ve\/site\/wp-json\/wp\/v2\/media\/179803"}],"wp:attachment":[{"href":"https:\/\/digital58.com.ve\/site\/wp-json\/wp\/v2\/media?parent=179799"}],"wp:term":[{"taxonomy":"category","embeddable":true,"href":"https:\/\/digital58.com.ve\/site\/wp-json\/wp\/v2\/categories?post=179799"},{"taxonomy":"post_tag","embeddable":true,"href":"https:\/\/digital58.com.ve\/site\/wp-json\/wp\/v2\/tags?post=179799"}],"curies":[{"name":"wp","href":"https:\/\/api.w.org\/{rel}","templated":true}]}}