{"id":179826,"date":"2024-09-23T15:23:33","date_gmt":"2024-09-23T19:23:33","guid":{"rendered":"https:\/\/digital58.com.ve\/site\/?p=179826"},"modified":"2024-09-23T15:23:33","modified_gmt":"2024-09-23T19:23:33","slug":"zulia-los-ninos-de-lagunillas-disfrutaron-del-45-aniversario-de-la-casa-de-cultura-otilio-miquilena","status":"publish","type":"post","link":"https:\/\/digital58.com.ve\/site\/2024\/09\/23\/zulia-los-ninos-de-lagunillas-disfrutaron-del-45-aniversario-de-la-casa-de-cultura-otilio-miquilena\/","title":{"rendered":"#Zulia | Los ni\u00f1os de Lagunillas disfrutaron del 45\u00b0 aniversario de la Casa de Cultura \u00abOtilio Miquilena\u00bb"},"content":{"rendered":"<p><a href=\"https:\/\/digital58.com.ve\/site\/wp-content\/uploads\/2024\/09\/cultura-ojeda-4.webp\"><img loading=\"lazy\" decoding=\"async\" class=\"aligncenter size-full wp-image-179827\" src=\"https:\/\/digital58.com.ve\/site\/wp-content\/uploads\/2024\/09\/cultura-ojeda-4.webp\" alt=\"\" width=\"1000\" height=\"646\" srcset=\"https:\/\/digital58.com.ve\/site\/wp-content\/uploads\/2024\/09\/cultura-ojeda-4.webp 1000w, https:\/\/digital58.com.ve\/site\/wp-content\/uploads\/2024\/09\/cultura-ojeda-4-300x194.webp 300w, https:\/\/digital58.com.ve\/site\/wp-content\/uploads\/2024\/09\/cultura-ojeda-4-768x496.webp 768w\" sizes=\"auto, (max-width: 1000px) 100vw, 1000px\" \/><\/a><\/p>\n<p>Con mucha alegr\u00eda y diversi\u00f3n, los ni\u00f1os celebraron, en dos parroquias de Lagunillas, el 45 \u00b0 aniversario de la Casa de Cultura \u00abDon Otilio Miquilena\u00bb. Este centro art\u00edstico es un \u00e1rea de difusi\u00f3n y de ense\u00f1anza cultural (capacitaci\u00f3n, orientaci\u00f3n, informaci\u00f3n, formaci\u00f3n y recreaci\u00f3n) que proyecta y rescata la identidad nacional y regional, ubicada en Ciudad Ojeda.<\/p>\n<p>Seguidamente, luego de mostrar sus conocimientos en el arte, los j\u00f3venes se trasladaron a la parroquia El Danto para continuar ampliando y proyectando los valores educativos en la regi\u00f3n.<\/p>\n<p><a href=\"https:\/\/digital58.com.ve\/site\/wp-content\/uploads\/2024\/09\/cultura-ojeda-1.webp\"><img loading=\"lazy\" decoding=\"async\" class=\"aligncenter size-full wp-image-179830\" src=\"https:\/\/digital58.com.ve\/site\/wp-content\/uploads\/2024\/09\/cultura-ojeda-1.webp\" alt=\"\" width=\"1000\" height=\"701\" srcset=\"https:\/\/digital58.com.ve\/site\/wp-content\/uploads\/2024\/09\/cultura-ojeda-1.webp 1000w, https:\/\/digital58.com.ve\/site\/wp-content\/uploads\/2024\/09\/cultura-ojeda-1-300x210.webp 300w, https:\/\/digital58.com.ve\/site\/wp-content\/uploads\/2024\/09\/cultura-ojeda-1-768x538.webp 768w, https:\/\/digital58.com.ve\/site\/wp-content\/uploads\/2024\/09\/cultura-ojeda-1-130x90.webp 130w\" sizes=\"auto, (max-width: 1000px) 100vw, 1000px\" \/><\/a><\/p>\n<p>En esta oportunidad, las artes esc\u00e9nicas fueron la antesala para que los peque\u00f1os se deleitaran de las escuelas de teatro y danza, donde los ni\u00f1os y j\u00f3venes mostraron su talento y habilidades aprendidas por los profesores adscritos a la entidad p\u00fablica.<\/p>\n<p>Esta actividad fue organizada por la Secretar\u00eda de Cultura de la Gobernaci\u00f3n del estado Zulia, a cargo de la profesora Viviana M\u00e1rquez; en alianza con la Alcald\u00eda de Lagunillas y la Primera Dama de esta localidad, Margarita de Mosquera.<\/p>\n<p><a href=\"https:\/\/digital58.com.ve\/site\/wp-content\/uploads\/2024\/09\/cultura-ojeda-3.webp\"><img loading=\"lazy\" decoding=\"async\" class=\"aligncenter size-full wp-image-179828\" src=\"https:\/\/digital58.com.ve\/site\/wp-content\/uploads\/2024\/09\/cultura-ojeda-3.webp\" alt=\"\" width=\"1000\" height=\"681\" srcset=\"https:\/\/digital58.com.ve\/site\/wp-content\/uploads\/2024\/09\/cultura-ojeda-3.webp 1000w, https:\/\/digital58.com.ve\/site\/wp-content\/uploads\/2024\/09\/cultura-ojeda-3-300x204.webp 300w, https:\/\/digital58.com.ve\/site\/wp-content\/uploads\/2024\/09\/cultura-ojeda-3-768x523.webp 768w, https:\/\/digital58.com.ve\/site\/wp-content\/uploads\/2024\/09\/cultura-ojeda-3-130x90.webp 130w\" sizes=\"auto, (max-width: 1000px) 100vw, 1000px\" \/><\/a><\/p>\n<p>Finalmente, la magia continu\u00f3 con una proyecci\u00f3n de cine infantil, oportunidad que aprovech\u00f3 toda la familia zuliana para reavivar los espacios en las comunidades zulianas.<\/p>\n<p>Esta acci\u00f3n cultural sigue en toda la regi\u00f3n con el objetivo de promocionar las expresiones culturales del estado para su gente.<\/p>\n<p><a href=\"https:\/\/digital58.com.ve\/site\/wp-content\/uploads\/2024\/09\/cultura-ojeda-2.webp\"><img loading=\"lazy\" decoding=\"async\" class=\"aligncenter size-full wp-image-179829\" src=\"https:\/\/digital58.com.ve\/site\/wp-content\/uploads\/2024\/09\/cultura-ojeda-2.webp\" alt=\"\" width=\"1000\" height=\"751\" srcset=\"https:\/\/digital58.com.ve\/site\/wp-content\/uploads\/2024\/09\/cultura-ojeda-2.webp 1000w, https:\/\/digital58.com.ve\/site\/wp-content\/uploads\/2024\/09\/cultura-ojeda-2-300x225.webp 300w, https:\/\/digital58.com.ve\/site\/wp-content\/uploads\/2024\/09\/cultura-ojeda-2-768x577.webp 768w\" sizes=\"auto, (max-width: 1000px) 100vw, 1000px\" \/><\/a><\/p>\n<p><strong>Redacci\u00f3n ND58 | Fuente: SECIP<\/strong><br \/>\n<strong>Edici\u00f3n: Villasmil, Henry<\/strong><br \/>\n<strong>Gr\u00e1ficas: Cortes\u00eda SECIP<\/strong><\/p>\n<p>&nbsp;<\/p><div class=\"qolaw69f4ddfe6eb9c\" ><p style=\"text-align: center;\"><a href=\"https:\/\/t.me\/noticiasdigital58\" target=\"_blank\" rel=\"noopener\"><img class=\"aligncenter size-full wp-image-125363\" src=\"https:\/\/digital58.com.ve\/site\/wp-content\/uploads\/2021\/04\/banner-telegram-web-2021.png\" alt=\"\" width=\"600\" height=\"90\" \/><\/a><\/p><\/div><style type=\"text\/css\">\r\n@media screen and (min-width: 1201px) {\r\n.qolaw69f4ddfe6eb9c {\r\ndisplay: block;\r\n}\r\n}\r\n@media screen and (min-width: 993px) and (max-width: 1200px) {\r\n.qolaw69f4ddfe6eb9c {\r\ndisplay: block;\r\n}\r\n}\r\n@media screen and (min-width: 769px) and (max-width: 992px) {\r\n.qolaw69f4ddfe6eb9c {\r\ndisplay: block;\r\n}\r\n}\r\n@media screen and (min-width: 768px) and (max-width: 768px) {\r\n.qolaw69f4ddfe6eb9c {\r\ndisplay: block;\r\n}\r\n}\r\n@media screen and (max-width: 767px) {\r\n.qolaw69f4ddfe6eb9c {\r\ndisplay: block;\r\n}\r\n}\r\n<\/style>\r\n\n<p>&nbsp;<\/p>\n<div style=\"margin-top: 0px; margin-bottom: 0px;\" class=\"sharethis-inline-share-buttons\" ><\/div>","protected":false},"excerpt":{"rendered":"<p>Con mucha alegr\u00eda y diversi\u00f3n, los ni\u00f1os celebraron, en dos parroquias de Lagunillas, el 45 \u00b0 aniversario de la Casa<\/p>\n","protected":false},"author":1,"featured_media":179829,"comment_status":"open","ping_status":"closed","sticky":false,"template":"","format":"standard","meta":{"colormag_page_container_layout":"default_layout","colormag_page_sidebar_layout":"default_layout","_uag_custom_page_level_css":"","footnotes":""},"categories":[14504],"tags":[14104,33932,162,13579,14098,233,2354,6088,32],"class_list":["post-179826","post","type-post","status-publish","format-standard","has-post-thumbnail","hentry","category-zulia","tag-alcaldia-de-lagunillas","tag-casa-de-cultura-otilio-miquilena","tag-ciudad-ojeda","tag-gobierno-del-zulia","tag-municipio-lagunillas","tag-nacionales","tag-regionales","tag-secretaria-de-cultura","tag-venezuela"],"yoast_head":"<!-- This site is optimized with the Yoast SEO plugin v27.5 - https:\/\/yoast.com\/product\/yoast-seo-wordpress\/ -->\n<title>#Zulia | Los ni\u00f1os de Lagunillas disfrutaron del 45\u00b0 aniversario de la Casa de Cultura \u00abOtilio Miquilena\u00bb<\/title>\n<meta name=\"robots\" content=\"index, follow, max-snippet:-1, max-image-preview:large, max-video-preview:-1\" \/>\n<link rel=\"canonical\" href=\"https:\/\/digital58.com.ve\/site\/2024\/09\/23\/zulia-los-ninos-de-lagunillas-disfrutaron-del-45-aniversario-de-la-casa-de-cultura-otilio-miquilena\/\" \/>\n<meta property=\"og:locale\" content=\"es_ES\" \/>\n<meta property=\"og:type\" content=\"article\" \/>\n<meta property=\"og:title\" content=\"#Zulia | Los ni\u00f1os de Lagunillas disfrutaron del 45\u00b0 aniversario de la Casa de Cultura \u00abOtilio Miquilena\u00bb\" \/>\n<meta property=\"og:url\" content=\"https:\/\/digital58.com.ve\/site\/2024\/09\/23\/zulia-los-ninos-de-lagunillas-disfrutaron-del-45-aniversario-de-la-casa-de-cultura-otilio-miquilena\/\" \/>\n<meta property=\"og:site_name\" content=\"Noticias Digital58\" \/>\n<meta property=\"article:published_time\" content=\"2024-09-23T19:23:33+00:00\" \/>\n<meta property=\"og:image\" content=\"https:\/\/i0.wp.com\/digital58.com.ve\/site\/wp-content\/uploads\/2024\/09\/cultura-ojeda-2.webp?fit=1000%2C751&ssl=1\" \/>\n\t<meta property=\"og:image:width\" content=\"1000\" \/>\n\t<meta property=\"og:image:height\" content=\"751\" \/>\n\t<meta property=\"og:image:type\" content=\"image\/webp\" \/>\n<meta name=\"author\" content=\"Villasmil Henry\" \/>\n<meta name=\"twitter:card\" content=\"summary_large_image\" \/>\n<meta name=\"twitter:creator\" content=\"@https:\/\/twitter.com\/villasmilhfoto\" \/>\n<meta name=\"twitter:site\" content=\"@villasmilhfoto\" \/>\n<meta name=\"twitter:label1\" content=\"Escrito por\" \/>\n\t<meta name=\"twitter:data1\" content=\"Villasmil Henry\" \/>\n\t<meta name=\"twitter:label2\" content=\"Tiempo estimado de lectura\" \/>\n\t<meta name=\"twitter:data2\" content=\"1 minuto\" \/>\n<script type=\"application\/ld+json\" class=\"yoast-schema-graph\">{\"@context\":\"https:\\\/\\\/schema.org\",\"@graph\":[{\"@type\":\"Article\",\"@id\":\"https:\\\/\\\/digital58.com.ve\\\/site\\\/2024\\\/09\\\/23\\\/zulia-los-ninos-de-lagunillas-disfrutaron-del-45-aniversario-de-la-casa-de-cultura-otilio-miquilena\\\/#article\",\"isPartOf\":{\"@id\":\"https:\\\/\\\/digital58.com.ve\\\/site\\\/2024\\\/09\\\/23\\\/zulia-los-ninos-de-lagunillas-disfrutaron-del-45-aniversario-de-la-casa-de-cultura-otilio-miquilena\\\/\"},\"author\":{\"name\":\"Villasmil Henry\",\"@id\":\"https:\\\/\\\/digital58.com.ve\\\/site\\\/#\\\/schema\\\/person\\\/64d1c2e4d0d4fd1b849980c4331c2951\"},\"headline\":\"#Zulia | Los ni\u00f1os de Lagunillas disfrutaron del 45\u00b0 aniversario de la Casa de Cultura \u00abOtilio Miquilena\u00bb\",\"datePublished\":\"2024-09-23T19:23:33+00:00\",\"mainEntityOfPage\":{\"@id\":\"https:\\\/\\\/digital58.com.ve\\\/site\\\/2024\\\/09\\\/23\\\/zulia-los-ninos-de-lagunillas-disfrutaron-del-45-aniversario-de-la-casa-de-cultura-otilio-miquilena\\\/\"},\"wordCount\":266,\"commentCount\":0,\"publisher\":{\"@id\":\"https:\\\/\\\/digital58.com.ve\\\/site\\\/#\\\/schema\\\/person\\\/64d1c2e4d0d4fd1b849980c4331c2951\"},\"image\":{\"@id\":\"https:\\\/\\\/digital58.com.ve\\\/site\\\/2024\\\/09\\\/23\\\/zulia-los-ninos-de-lagunillas-disfrutaron-del-45-aniversario-de-la-casa-de-cultura-otilio-miquilena\\\/#primaryimage\"},\"thumbnailUrl\":\"https:\\\/\\\/digital58.com.ve\\\/site\\\/wp-content\\\/uploads\\\/2024\\\/09\\\/cultura-ojeda-2.webp\",\"keywords\":[\"Alcald\u00eda de Lagunillas\",\"Casa de Cultura \u00abOtilio Miquilena\u00bb\",\"Ciudad Ojeda\",\"Gobierno del Zulia\",\"Municipio Lagunillas\",\"Nacionales\",\"Regionales\",\"Secretar\u00eda de Cultura\",\"Venezuela\"],\"articleSection\":[\"Zulia\"],\"inLanguage\":\"es\",\"potentialAction\":[{\"@type\":\"CommentAction\",\"name\":\"Comment\",\"target\":[\"https:\\\/\\\/digital58.com.ve\\\/site\\\/2024\\\/09\\\/23\\\/zulia-los-ninos-de-lagunillas-disfrutaron-del-45-aniversario-de-la-casa-de-cultura-otilio-miquilena\\\/#respond\"]}]},{\"@type\":\"WebPage\",\"@id\":\"https:\\\/\\\/digital58.com.ve\\\/site\\\/2024\\\/09\\\/23\\\/zulia-los-ninos-de-lagunillas-disfrutaron-del-45-aniversario-de-la-casa-de-cultura-otilio-miquilena\\\/\",\"url\":\"https:\\\/\\\/digital58.com.ve\\\/site\\\/2024\\\/09\\\/23\\\/zulia-los-ninos-de-lagunillas-disfrutaron-del-45-aniversario-de-la-casa-de-cultura-otilio-miquilena\\\/\",\"name\":\"#Zulia | Los ni\u00f1os de Lagunillas disfrutaron del 45\u00b0 aniversario de la Casa de Cultura \u00abOtilio Miquilena\u00bb\",\"isPartOf\":{\"@id\":\"https:\\\/\\\/digital58.com.ve\\\/site\\\/#website\"},\"primaryImageOfPage\":{\"@id\":\"https:\\\/\\\/digital58.com.ve\\\/site\\\/2024\\\/09\\\/23\\\/zulia-los-ninos-de-lagunillas-disfrutaron-del-45-aniversario-de-la-casa-de-cultura-otilio-miquilena\\\/#primaryimage\"},\"image\":{\"@id\":\"https:\\\/\\\/digital58.com.ve\\\/site\\\/2024\\\/09\\\/23\\\/zulia-los-ninos-de-lagunillas-disfrutaron-del-45-aniversario-de-la-casa-de-cultura-otilio-miquilena\\\/#primaryimage\"},\"thumbnailUrl\":\"https:\\\/\\\/digital58.com.ve\\\/site\\\/wp-content\\\/uploads\\\/2024\\\/09\\\/cultura-ojeda-2.webp\",\"datePublished\":\"2024-09-23T19:23:33+00:00\",\"breadcrumb\":{\"@id\":\"https:\\\/\\\/digital58.com.ve\\\/site\\\/2024\\\/09\\\/23\\\/zulia-los-ninos-de-lagunillas-disfrutaron-del-45-aniversario-de-la-casa-de-cultura-otilio-miquilena\\\/#breadcrumb\"},\"inLanguage\":\"es\",\"potentialAction\":[{\"@type\":\"ReadAction\",\"target\":[\"https:\\\/\\\/digital58.com.ve\\\/site\\\/2024\\\/09\\\/23\\\/zulia-los-ninos-de-lagunillas-disfrutaron-del-45-aniversario-de-la-casa-de-cultura-otilio-miquilena\\\/\"]}]},{\"@type\":\"ImageObject\",\"inLanguage\":\"es\",\"@id\":\"https:\\\/\\\/digital58.com.ve\\\/site\\\/2024\\\/09\\\/23\\\/zulia-los-ninos-de-lagunillas-disfrutaron-del-45-aniversario-de-la-casa-de-cultura-otilio-miquilena\\\/#primaryimage\",\"url\":\"https:\\\/\\\/digital58.com.ve\\\/site\\\/wp-content\\\/uploads\\\/2024\\\/09\\\/cultura-ojeda-2.webp\",\"contentUrl\":\"https:\\\/\\\/digital58.com.ve\\\/site\\\/wp-content\\\/uploads\\\/2024\\\/09\\\/cultura-ojeda-2.webp\",\"width\":1000,\"height\":751},{\"@type\":\"BreadcrumbList\",\"@id\":\"https:\\\/\\\/digital58.com.ve\\\/site\\\/2024\\\/09\\\/23\\\/zulia-los-ninos-de-lagunillas-disfrutaron-del-45-aniversario-de-la-casa-de-cultura-otilio-miquilena\\\/#breadcrumb\",\"itemListElement\":[{\"@type\":\"ListItem\",\"position\":1,\"name\":\"Home\",\"item\":\"https:\\\/\\\/digital58.com.ve\\\/site\\\/\"},{\"@type\":\"ListItem\",\"position\":2,\"name\":\"#Zulia | Los ni\u00f1os de Lagunillas disfrutaron del 45\u00b0 aniversario de la Casa de Cultura \u00abOtilio Miquilena\u00bb\"}]},{\"@type\":\"WebSite\",\"@id\":\"https:\\\/\\\/digital58.com.ve\\\/site\\\/#website\",\"url\":\"https:\\\/\\\/digital58.com.ve\\\/site\\\/\",\"name\":\"Noticias Digital58\",\"description\":\"Portal de Noticias \u00a1Periodismo web de verdad! Lanzamiento web 22.11.2005 \\\/ Maracaibo, Venezuela\",\"publisher\":{\"@id\":\"https:\\\/\\\/digital58.com.ve\\\/site\\\/#\\\/schema\\\/person\\\/64d1c2e4d0d4fd1b849980c4331c2951\"},\"alternateName\":\"ND58\",\"potentialAction\":[{\"@type\":\"SearchAction\",\"target\":{\"@type\":\"EntryPoint\",\"urlTemplate\":\"https:\\\/\\\/digital58.com.ve\\\/site\\\/?s={search_term_string}\"},\"query-input\":{\"@type\":\"PropertyValueSpecification\",\"valueRequired\":true,\"valueName\":\"search_term_string\"}}],\"inLanguage\":\"es\"},{\"@type\":[\"Person\",\"Organization\"],\"@id\":\"https:\\\/\\\/digital58.com.ve\\\/site\\\/#\\\/schema\\\/person\\\/64d1c2e4d0d4fd1b849980c4331c2951\",\"name\":\"Villasmil Henry\",\"image\":{\"@type\":\"ImageObject\",\"inLanguage\":\"es\",\"@id\":\"https:\\\/\\\/secure.gravatar.com\\\/avatar\\\/bb0c4a2fcb7970138239f7e404ea75757b1b507b28b5ce4c53fbd62d797c5a7c?s=96&d=mm&r=g\",\"url\":\"https:\\\/\\\/secure.gravatar.com\\\/avatar\\\/bb0c4a2fcb7970138239f7e404ea75757b1b507b28b5ce4c53fbd62d797c5a7c?s=96&d=mm&r=g\",\"contentUrl\":\"https:\\\/\\\/secure.gravatar.com\\\/avatar\\\/bb0c4a2fcb7970138239f7e404ea75757b1b507b28b5ce4c53fbd62d797c5a7c?s=96&d=mm&r=g\",\"caption\":\"Villasmil Henry\"},\"logo\":{\"@id\":\"https:\\\/\\\/secure.gravatar.com\\\/avatar\\\/bb0c4a2fcb7970138239f7e404ea75757b1b507b28b5ce4c53fbd62d797c5a7c?s=96&d=mm&r=g\"},\"sameAs\":[\"http:\\\/\\\/www.henryvillasmil.com.ve\",\"https:\\\/\\\/www.instagram.com\\\/villasmilhfoto\\\/\",\"https:\\\/\\\/x.com\\\/https:\\\/\\\/twitter.com\\\/villasmilhfoto\"],\"url\":\"https:\\\/\\\/digital58.com.ve\\\/site\\\/author\\\/droopy_68\\\/\"}]}<\/script>\n<!-- \/ Yoast SEO plugin. -->","yoast_head_json":{"title":"#Zulia | Los ni\u00f1os de Lagunillas disfrutaron del 45\u00b0 aniversario de la Casa de Cultura \u00abOtilio Miquilena\u00bb","robots":{"index":"index","follow":"follow","max-snippet":"max-snippet:-1","max-image-preview":"max-image-preview:large","max-video-preview":"max-video-preview:-1"},"canonical":"https:\/\/digital58.com.ve\/site\/2024\/09\/23\/zulia-los-ninos-de-lagunillas-disfrutaron-del-45-aniversario-de-la-casa-de-cultura-otilio-miquilena\/","og_locale":"es_ES","og_type":"article","og_title":"#Zulia | Los ni\u00f1os de Lagunillas disfrutaron del 45\u00b0 aniversario de la Casa de Cultura \u00abOtilio Miquilena\u00bb","og_url":"https:\/\/digital58.com.ve\/site\/2024\/09\/23\/zulia-los-ninos-de-lagunillas-disfrutaron-del-45-aniversario-de-la-casa-de-cultura-otilio-miquilena\/","og_site_name":"Noticias Digital58","article_published_time":"2024-09-23T19:23:33+00:00","og_image":[{"width":1000,"height":751,"url":"https:\/\/i0.wp.com\/digital58.com.ve\/site\/wp-content\/uploads\/2024\/09\/cultura-ojeda-2.webp?fit=1000%2C751&ssl=1","type":"image\/webp"}],"author":"Villasmil Henry","twitter_card":"summary_large_image","twitter_creator":"@https:\/\/twitter.com\/villasmilhfoto","twitter_site":"@villasmilhfoto","twitter_misc":{"Escrito por":"Villasmil Henry","Tiempo estimado de lectura":"1 minuto"},"schema":{"@context":"https:\/\/schema.org","@graph":[{"@type":"Article","@id":"https:\/\/digital58.com.ve\/site\/2024\/09\/23\/zulia-los-ninos-de-lagunillas-disfrutaron-del-45-aniversario-de-la-casa-de-cultura-otilio-miquilena\/#article","isPartOf":{"@id":"https:\/\/digital58.com.ve\/site\/2024\/09\/23\/zulia-los-ninos-de-lagunillas-disfrutaron-del-45-aniversario-de-la-casa-de-cultura-otilio-miquilena\/"},"author":{"name":"Villasmil Henry","@id":"https:\/\/digital58.com.ve\/site\/#\/schema\/person\/64d1c2e4d0d4fd1b849980c4331c2951"},"headline":"#Zulia | Los ni\u00f1os de Lagunillas disfrutaron del 45\u00b0 aniversario de la Casa de Cultura \u00abOtilio Miquilena\u00bb","datePublished":"2024-09-23T19:23:33+00:00","mainEntityOfPage":{"@id":"https:\/\/digital58.com.ve\/site\/2024\/09\/23\/zulia-los-ninos-de-lagunillas-disfrutaron-del-45-aniversario-de-la-casa-de-cultura-otilio-miquilena\/"},"wordCount":266,"commentCount":0,"publisher":{"@id":"https:\/\/digital58.com.ve\/site\/#\/schema\/person\/64d1c2e4d0d4fd1b849980c4331c2951"},"image":{"@id":"https:\/\/digital58.com.ve\/site\/2024\/09\/23\/zulia-los-ninos-de-lagunillas-disfrutaron-del-45-aniversario-de-la-casa-de-cultura-otilio-miquilena\/#primaryimage"},"thumbnailUrl":"https:\/\/digital58.com.ve\/site\/wp-content\/uploads\/2024\/09\/cultura-ojeda-2.webp","keywords":["Alcald\u00eda de Lagunillas","Casa de Cultura \u00abOtilio Miquilena\u00bb","Ciudad Ojeda","Gobierno del Zulia","Municipio Lagunillas","Nacionales","Regionales","Secretar\u00eda de Cultura","Venezuela"],"articleSection":["Zulia"],"inLanguage":"es","potentialAction":[{"@type":"CommentAction","name":"Comment","target":["https:\/\/digital58.com.ve\/site\/2024\/09\/23\/zulia-los-ninos-de-lagunillas-disfrutaron-del-45-aniversario-de-la-casa-de-cultura-otilio-miquilena\/#respond"]}]},{"@type":"WebPage","@id":"https:\/\/digital58.com.ve\/site\/2024\/09\/23\/zulia-los-ninos-de-lagunillas-disfrutaron-del-45-aniversario-de-la-casa-de-cultura-otilio-miquilena\/","url":"https:\/\/digital58.com.ve\/site\/2024\/09\/23\/zulia-los-ninos-de-lagunillas-disfrutaron-del-45-aniversario-de-la-casa-de-cultura-otilio-miquilena\/","name":"#Zulia | Los ni\u00f1os de Lagunillas disfrutaron del 45\u00b0 aniversario de la Casa de Cultura \u00abOtilio Miquilena\u00bb","isPartOf":{"@id":"https:\/\/digital58.com.ve\/site\/#website"},"primaryImageOfPage":{"@id":"https:\/\/digital58.com.ve\/site\/2024\/09\/23\/zulia-los-ninos-de-lagunillas-disfrutaron-del-45-aniversario-de-la-casa-de-cultura-otilio-miquilena\/#primaryimage"},"image":{"@id":"https:\/\/digital58.com.ve\/site\/2024\/09\/23\/zulia-los-ninos-de-lagunillas-disfrutaron-del-45-aniversario-de-la-casa-de-cultura-otilio-miquilena\/#primaryimage"},"thumbnailUrl":"https:\/\/digital58.com.ve\/site\/wp-content\/uploads\/2024\/09\/cultura-ojeda-2.webp","datePublished":"2024-09-23T19:23:33+00:00","breadcrumb":{"@id":"https:\/\/digital58.com.ve\/site\/2024\/09\/23\/zulia-los-ninos-de-lagunillas-disfrutaron-del-45-aniversario-de-la-casa-de-cultura-otilio-miquilena\/#breadcrumb"},"inLanguage":"es","potentialAction":[{"@type":"ReadAction","target":["https:\/\/digital58.com.ve\/site\/2024\/09\/23\/zulia-los-ninos-de-lagunillas-disfrutaron-del-45-aniversario-de-la-casa-de-cultura-otilio-miquilena\/"]}]},{"@type":"ImageObject","inLanguage":"es","@id":"https:\/\/digital58.com.ve\/site\/2024\/09\/23\/zulia-los-ninos-de-lagunillas-disfrutaron-del-45-aniversario-de-la-casa-de-cultura-otilio-miquilena\/#primaryimage","url":"https:\/\/digital58.com.ve\/site\/wp-content\/uploads\/2024\/09\/cultura-ojeda-2.webp","contentUrl":"https:\/\/digital58.com.ve\/site\/wp-content\/uploads\/2024\/09\/cultura-ojeda-2.webp","width":1000,"height":751},{"@type":"BreadcrumbList","@id":"https:\/\/digital58.com.ve\/site\/2024\/09\/23\/zulia-los-ninos-de-lagunillas-disfrutaron-del-45-aniversario-de-la-casa-de-cultura-otilio-miquilena\/#breadcrumb","itemListElement":[{"@type":"ListItem","position":1,"name":"Home","item":"https:\/\/digital58.com.ve\/site\/"},{"@type":"ListItem","position":2,"name":"#Zulia | Los ni\u00f1os de Lagunillas disfrutaron del 45\u00b0 aniversario de la Casa de Cultura \u00abOtilio Miquilena\u00bb"}]},{"@type":"WebSite","@id":"https:\/\/digital58.com.ve\/site\/#website","url":"https:\/\/digital58.com.ve\/site\/","name":"Noticias Digital58","description":"Portal de Noticias \u00a1Periodismo web de verdad! Lanzamiento web 22.11.2005 \/ Maracaibo, Venezuela","publisher":{"@id":"https:\/\/digital58.com.ve\/site\/#\/schema\/person\/64d1c2e4d0d4fd1b849980c4331c2951"},"alternateName":"ND58","potentialAction":[{"@type":"SearchAction","target":{"@type":"EntryPoint","urlTemplate":"https:\/\/digital58.com.ve\/site\/?s={search_term_string}"},"query-input":{"@type":"PropertyValueSpecification","valueRequired":true,"valueName":"search_term_string"}}],"inLanguage":"es"},{"@type":["Person","Organization"],"@id":"https:\/\/digital58.com.ve\/site\/#\/schema\/person\/64d1c2e4d0d4fd1b849980c4331c2951","name":"Villasmil Henry","image":{"@type":"ImageObject","inLanguage":"es","@id":"https:\/\/secure.gravatar.com\/avatar\/bb0c4a2fcb7970138239f7e404ea75757b1b507b28b5ce4c53fbd62d797c5a7c?s=96&d=mm&r=g","url":"https:\/\/secure.gravatar.com\/avatar\/bb0c4a2fcb7970138239f7e404ea75757b1b507b28b5ce4c53fbd62d797c5a7c?s=96&d=mm&r=g","contentUrl":"https:\/\/secure.gravatar.com\/avatar\/bb0c4a2fcb7970138239f7e404ea75757b1b507b28b5ce4c53fbd62d797c5a7c?s=96&d=mm&r=g","caption":"Villasmil Henry"},"logo":{"@id":"https:\/\/secure.gravatar.com\/avatar\/bb0c4a2fcb7970138239f7e404ea75757b1b507b28b5ce4c53fbd62d797c5a7c?s=96&d=mm&r=g"},"sameAs":["http:\/\/www.henryvillasmil.com.ve","https:\/\/www.instagram.com\/villasmilhfoto\/","https:\/\/x.com\/https:\/\/twitter.com\/villasmilhfoto"],"url":"https:\/\/digital58.com.ve\/site\/author\/droopy_68\/"}]}},"uagb_featured_image_src":{"full":["https:\/\/digital58.com.ve\/site\/wp-content\/uploads\/2024\/09\/cultura-ojeda-2.webp",1000,751,false],"thumbnail":["https:\/\/digital58.com.ve\/site\/wp-content\/uploads\/2024\/09\/cultura-ojeda-2-150x150.webp",150,150,true],"medium":["https:\/\/digital58.com.ve\/site\/wp-content\/uploads\/2024\/09\/cultura-ojeda-2-300x225.webp",300,225,true],"medium_large":["https:\/\/digital58.com.ve\/site\/wp-content\/uploads\/2024\/09\/cultura-ojeda-2-768x577.webp",768,577,true],"large":["https:\/\/digital58.com.ve\/site\/wp-content\/uploads\/2024\/09\/cultura-ojeda-2.webp",800,601,false],"1536x1536":["https:\/\/digital58.com.ve\/site\/wp-content\/uploads\/2024\/09\/cultura-ojeda-2.webp",1000,751,false],"2048x2048":["https:\/\/digital58.com.ve\/site\/wp-content\/uploads\/2024\/09\/cultura-ojeda-2.webp",1000,751,false],"colormag-highlighted-post":["https:\/\/digital58.com.ve\/site\/wp-content\/uploads\/2024\/09\/cultura-ojeda-2-392x272.webp",392,272,true],"colormag-featured-post-medium":["https:\/\/digital58.com.ve\/site\/wp-content\/uploads\/2024\/09\/cultura-ojeda-2-390x205.webp",390,205,true],"colormag-featured-post-small":["https:\/\/digital58.com.ve\/site\/wp-content\/uploads\/2024\/09\/cultura-ojeda-2-130x90.webp",130,90,true],"colormag-featured-image":["https:\/\/digital58.com.ve\/site\/wp-content\/uploads\/2024\/09\/cultura-ojeda-2-800x445.webp",800,445,true],"colormag-default-news":["https:\/\/digital58.com.ve\/site\/wp-content\/uploads\/2024\/09\/cultura-ojeda-2-150x150.webp",150,150,true],"colormag-featured-image-large":["https:\/\/digital58.com.ve\/site\/wp-content\/uploads\/2024\/09\/cultura-ojeda-2-1000x600.webp",1000,600,true]},"uagb_author_info":{"display_name":"Villasmil Henry","author_link":"https:\/\/digital58.com.ve\/site\/author\/droopy_68\/"},"uagb_comment_info":0,"uagb_excerpt":"Con mucha alegr\u00eda y diversi\u00f3n, los ni\u00f1os celebraron, en dos parroquias de Lagunillas, el 45 \u00b0 aniversario de la Casa","_links":{"self":[{"href":"https:\/\/digital58.com.ve\/site\/wp-json\/wp\/v2\/posts\/179826","targetHints":{"allow":["GET"]}}],"collection":[{"href":"https:\/\/digital58.com.ve\/site\/wp-json\/wp\/v2\/posts"}],"about":[{"href":"https:\/\/digital58.com.ve\/site\/wp-json\/wp\/v2\/types\/post"}],"author":[{"embeddable":true,"href":"https:\/\/digital58.com.ve\/site\/wp-json\/wp\/v2\/users\/1"}],"replies":[{"embeddable":true,"href":"https:\/\/digital58.com.ve\/site\/wp-json\/wp\/v2\/comments?post=179826"}],"version-history":[{"count":1,"href":"https:\/\/digital58.com.ve\/site\/wp-json\/wp\/v2\/posts\/179826\/revisions"}],"predecessor-version":[{"id":179831,"href":"https:\/\/digital58.com.ve\/site\/wp-json\/wp\/v2\/posts\/179826\/revisions\/179831"}],"wp:featuredmedia":[{"embeddable":true,"href":"https:\/\/digital58.com.ve\/site\/wp-json\/wp\/v2\/media\/179829"}],"wp:attachment":[{"href":"https:\/\/digital58.com.ve\/site\/wp-json\/wp\/v2\/media?parent=179826"}],"wp:term":[{"taxonomy":"category","embeddable":true,"href":"https:\/\/digital58.com.ve\/site\/wp-json\/wp\/v2\/categories?post=179826"},{"taxonomy":"post_tag","embeddable":true,"href":"https:\/\/digital58.com.ve\/site\/wp-json\/wp\/v2\/tags?post=179826"}],"curies":[{"name":"wp","href":"https:\/\/api.w.org\/{rel}","templated":true}]}}