{"id":179839,"date":"2024-09-23T15:50:25","date_gmt":"2024-09-23T19:50:25","guid":{"rendered":"https:\/\/digital58.com.ve\/site\/?p=179839"},"modified":"2024-09-23T16:15:29","modified_gmt":"2024-09-23T20:15:29","slug":"zulia-unt-se-desplego-en-jornada-de-saneamiento-ambiental-a-orillas-del-lago-de-maracaibo","status":"publish","type":"post","link":"https:\/\/digital58.com.ve\/site\/2024\/09\/23\/zulia-unt-se-desplego-en-jornada-de-saneamiento-ambiental-a-orillas-del-lago-de-maracaibo\/","title":{"rendered":"#Zulia | UNT se despleg\u00f3 en jornada de saneamiento ambiental a orillas del Lago de Maracaibo"},"content":{"rendered":"<p><a href=\"https:\/\/digital58.com.ve\/site\/wp-content\/uploads\/2024\/09\/unt-playas-10.webp\"><img loading=\"lazy\" decoding=\"async\" class=\"aligncenter size-full wp-image-179840\" src=\"https:\/\/digital58.com.ve\/site\/wp-content\/uploads\/2024\/09\/unt-playas-10.webp\" alt=\"\" width=\"1000\" height=\"666\" srcset=\"https:\/\/digital58.com.ve\/site\/wp-content\/uploads\/2024\/09\/unt-playas-10.webp 1000w, https:\/\/digital58.com.ve\/site\/wp-content\/uploads\/2024\/09\/unt-playas-10-300x200.webp 300w, https:\/\/digital58.com.ve\/site\/wp-content\/uploads\/2024\/09\/unt-playas-10-768x511.webp 768w\" sizes=\"auto, (max-width: 1000px) 100vw, 1000px\" \/><\/a><\/p>\n<p>Nos toca a cada uno de nosotros, los zulianos, recomponer esta triste historia y volver al Lago de aguas cristalinas de nuestros antepasados.<\/p>\n<p><strong>Maracaibo, Zulia, Venezuela, 23 de septiembre de 2024 (ND58).-<\/strong> La dirigencia de Un Nuevo Tiempo Zulia se despleg\u00f3 este s\u00e1bado 21 de septiembre, en una jornada de saneamiento ambiental en las orillas del Lago de Maracaibo, en el marco del D\u00eda Internacional de las Playas, para continuar el trabajo de recuperaci\u00f3n del estado Zulia, de la mano de su l\u00edder, Manuel Rosales Guerrero, gobernador de la entidad.<\/p>\n<p><a href=\"https:\/\/digital58.com.ve\/site\/wp-content\/uploads\/2024\/09\/unt-playas-1.webp\"><img loading=\"lazy\" decoding=\"async\" class=\"aligncenter size-full wp-image-179849\" src=\"https:\/\/digital58.com.ve\/site\/wp-content\/uploads\/2024\/09\/unt-playas-1.webp\" alt=\"\" width=\"828\" height=\"599\" srcset=\"https:\/\/digital58.com.ve\/site\/wp-content\/uploads\/2024\/09\/unt-playas-1.webp 828w, https:\/\/digital58.com.ve\/site\/wp-content\/uploads\/2024\/09\/unt-playas-1-300x217.webp 300w, https:\/\/digital58.com.ve\/site\/wp-content\/uploads\/2024\/09\/unt-playas-1-768x556.webp 768w\" sizes=\"auto, (max-width: 828px) 100vw, 828px\" \/><\/a><\/p>\n<p>La jornada estuvo encabezada por Nora Bracho, presidenta neotempista en la regi\u00f3n; Carlos Dickson, secretario general y Zulay Medina, secretaria de organizaci\u00f3n, con la colaboraci\u00f3n de Raiza Paz, secretaria de ambiente; las estructuras parroquiales y los miembros de la Direcci\u00f3n Ejecutiva Regional: William Barrientos, Juan Urdaneta, Justo Bermudez, Henry Ram\u00edrez, Mario Torres, Jos\u00e9 Bautista y Kevin Ter\u00e1n.<\/p>\n<p><a href=\"https:\/\/digital58.com.ve\/site\/wp-content\/uploads\/2024\/09\/unt-playas-7.webp\"><img loading=\"lazy\" decoding=\"async\" class=\"aligncenter size-full wp-image-179843\" src=\"https:\/\/digital58.com.ve\/site\/wp-content\/uploads\/2024\/09\/unt-playas-7.webp\" alt=\"\" width=\"975\" height=\"591\" srcset=\"https:\/\/digital58.com.ve\/site\/wp-content\/uploads\/2024\/09\/unt-playas-7.webp 975w, https:\/\/digital58.com.ve\/site\/wp-content\/uploads\/2024\/09\/unt-playas-7-300x182.webp 300w, https:\/\/digital58.com.ve\/site\/wp-content\/uploads\/2024\/09\/unt-playas-7-768x466.webp 768w\" sizes=\"auto, (max-width: 975px) 100vw, 975px\" \/><\/a><\/p>\n<p>Durante la actividad, las cuadrillas ambientalistas de UNT Zulia abordaron las bah\u00edas de los sectores Santa Rosa de Agua, Playa Macuto y la urbanizaci\u00f3n Isla Dorada, en la parroquia Coquivacoa de Maracaibo, as\u00ed como otros municipios costeros: San Francisco, Mara, Santa Rita, Cabimas y Lagunillas.<\/p>\n<p><a href=\"https:\/\/digital58.com.ve\/site\/wp-content\/uploads\/2024\/09\/unt-playas-2.webp\"><img loading=\"lazy\" decoding=\"async\" class=\"aligncenter size-full wp-image-179848\" src=\"https:\/\/digital58.com.ve\/site\/wp-content\/uploads\/2024\/09\/unt-playas-2.webp\" alt=\"\" width=\"1000\" height=\"666\" srcset=\"https:\/\/digital58.com.ve\/site\/wp-content\/uploads\/2024\/09\/unt-playas-2.webp 1000w, https:\/\/digital58.com.ve\/site\/wp-content\/uploads\/2024\/09\/unt-playas-2-300x200.webp 300w, https:\/\/digital58.com.ve\/site\/wp-content\/uploads\/2024\/09\/unt-playas-2-768x511.webp 768w\" sizes=\"auto, (max-width: 1000px) 100vw, 1000px\" \/><\/a><\/p>\n<p>Nora Bracho, presidenta de UNT Zulia, desde Isla Dorada, donde encabez\u00f3 los trabajos de limpieza al Lago, coment\u00f3 que el partido sigue en la calle sirviendo a los ciudadanos quienes se encuentran en situaciones desfavorecidas y vulnerables, y atendiendo los problemas en las comunidades para buscar soluciones, por lo que este s\u00e1bado, la militancia se despleg\u00f3 por el territorio regional en esta jornada de saneamiento ambiental de nuestro estuario, uno de los m\u00e1s importantes de Latinoam\u00e9rica y patrimonio de nuestro pa\u00eds.<\/p>\n<p><a href=\"https:\/\/digital58.com.ve\/site\/wp-content\/uploads\/2024\/09\/unt-playas-3.webp\"><img loading=\"lazy\" decoding=\"async\" class=\"aligncenter size-full wp-image-179847\" src=\"https:\/\/digital58.com.ve\/site\/wp-content\/uploads\/2024\/09\/unt-playas-3.webp\" alt=\"\" width=\"1000\" height=\"666\" srcset=\"https:\/\/digital58.com.ve\/site\/wp-content\/uploads\/2024\/09\/unt-playas-3.webp 1000w, https:\/\/digital58.com.ve\/site\/wp-content\/uploads\/2024\/09\/unt-playas-3-300x200.webp 300w, https:\/\/digital58.com.ve\/site\/wp-content\/uploads\/2024\/09\/unt-playas-3-768x511.webp 768w\" sizes=\"auto, (max-width: 1000px) 100vw, 1000px\" \/><\/a><\/p>\n<p>Para Bracho, el Lago adem\u00e1s de adornar de belleza nuestra regi\u00f3n y ser un sentimiento zuliano, tambi\u00e9n ha contribuido con el desarrollo del pa\u00eds ante sus riquezas naturales a trav\u00e9s de la pesca, el turismo por sus hermosos paisajes, entre otros aspectos\u2026 Es por ello que, desde UNT, organizaci\u00f3n pionera en las luchas por la preservaci\u00f3n del medio ambiente a trav\u00e9s de su secretaria en esta materia, hizo un llamado a la conciencia colectiva y a sumar esfuerzos para salvar nuestro ecosistema.<\/p>\n<p><a href=\"https:\/\/digital58.com.ve\/site\/wp-content\/uploads\/2024\/09\/unt-playas-4.webp\"><img loading=\"lazy\" decoding=\"async\" class=\"aligncenter size-full wp-image-179846\" src=\"https:\/\/digital58.com.ve\/site\/wp-content\/uploads\/2024\/09\/unt-playas-4.webp\" alt=\"\" width=\"1000\" height=\"666\" srcset=\"https:\/\/digital58.com.ve\/site\/wp-content\/uploads\/2024\/09\/unt-playas-4.webp 1000w, https:\/\/digital58.com.ve\/site\/wp-content\/uploads\/2024\/09\/unt-playas-4-300x200.webp 300w, https:\/\/digital58.com.ve\/site\/wp-content\/uploads\/2024\/09\/unt-playas-4-768x511.webp 768w\" sizes=\"auto, (max-width: 1000px) 100vw, 1000px\" \/><\/a><\/p>\n<p>Indic\u00f3 que los trabajos de recolecci\u00f3n de desechos en las orillas del Lago, por parte de UNT y todo el equipo de la secretar\u00eda de ambiente, continuar\u00e1n y que junto a Manuel Rosales se seguir\u00e1n buscando voluntades convertidas en soluciones para los zulianos.<\/p>\n<p><a href=\"https:\/\/digital58.com.ve\/site\/wp-content\/uploads\/2024\/09\/unt-playas-5.webp\"><img loading=\"lazy\" decoding=\"async\" class=\"aligncenter size-full wp-image-179845\" src=\"https:\/\/digital58.com.ve\/site\/wp-content\/uploads\/2024\/09\/unt-playas-5.webp\" alt=\"\" width=\"1000\" height=\"666\" srcset=\"https:\/\/digital58.com.ve\/site\/wp-content\/uploads\/2024\/09\/unt-playas-5.webp 1000w, https:\/\/digital58.com.ve\/site\/wp-content\/uploads\/2024\/09\/unt-playas-5-300x200.webp 300w, https:\/\/digital58.com.ve\/site\/wp-content\/uploads\/2024\/09\/unt-playas-5-768x511.webp 768w\" sizes=\"auto, (max-width: 1000px) 100vw, 1000px\" \/><\/a><\/p>\n<p>Adelant\u00f3 que UNT Zulia, adem\u00e1s, pronto, emprender\u00e1 una gran jornada de recolecci\u00f3n y entrega de \u00fatiles escolares para apoyar a los ni\u00f1os, ni\u00f1as y adolescentes en situaciones precarias, a fin de que puedan iniciar el nuevo a\u00f1o escolar y sembrar ra\u00edces para el futuro del pa\u00eds.<\/p>\n<p><a href=\"https:\/\/digital58.com.ve\/site\/wp-content\/uploads\/2024\/09\/unt-playas-6.webp\"><img loading=\"lazy\" decoding=\"async\" class=\"aligncenter size-full wp-image-179844\" src=\"https:\/\/digital58.com.ve\/site\/wp-content\/uploads\/2024\/09\/unt-playas-6.webp\" alt=\"\" width=\"1000\" height=\"576\" srcset=\"https:\/\/digital58.com.ve\/site\/wp-content\/uploads\/2024\/09\/unt-playas-6.webp 1000w, https:\/\/digital58.com.ve\/site\/wp-content\/uploads\/2024\/09\/unt-playas-6-300x173.webp 300w, https:\/\/digital58.com.ve\/site\/wp-content\/uploads\/2024\/09\/unt-playas-6-768x442.webp 768w\" sizes=\"auto, (max-width: 1000px) 100vw, 1000px\" \/><\/a><\/p>\n<p>Por su parte, Carlos Dickson, secretario general de UNT Zulia, hizo un recorrido por el sector Santa Rosa de Agua, parroquia Coquivacoa, donde visit\u00f3 los emblem\u00e1ticos Palafitos de Santa Rosa, lugar donde se llev\u00f3 a cabo la jornada de saneamiento al Lago con el apoyo de varias cuadrillas de UNT.<\/p>\n<p><a href=\"https:\/\/digital58.com.ve\/site\/wp-content\/uploads\/2024\/09\/unt-playas-9.webp\"><img loading=\"lazy\" decoding=\"async\" class=\"aligncenter size-full wp-image-179841\" src=\"https:\/\/digital58.com.ve\/site\/wp-content\/uploads\/2024\/09\/unt-playas-9.webp\" alt=\"\" width=\"1000\" height=\"666\" srcset=\"https:\/\/digital58.com.ve\/site\/wp-content\/uploads\/2024\/09\/unt-playas-9.webp 1000w, https:\/\/digital58.com.ve\/site\/wp-content\/uploads\/2024\/09\/unt-playas-9-300x200.webp 300w, https:\/\/digital58.com.ve\/site\/wp-content\/uploads\/2024\/09\/unt-playas-9-768x511.webp 768w\" sizes=\"auto, (max-width: 1000px) 100vw, 1000px\" \/><\/a><\/p>\n<p>Dickson, en su recorrido, convers\u00f3 con habitantes y emprendedores de la zona, algunos de ellos afirmaron haber vuelto a su natal Santa Rosa hace tres a\u00f1os con la llegada de Rosales a la Gobernaci\u00f3n ya que se abrieron nuevas oportunidades de trabajo y crecimiento en el Zulia. Vale destacar que el Mandatario regional durante su gesti\u00f3n viene desarrollando el plan Zulia productivo, para impulsar el crecimiento de la regi\u00f3n con el apoyo de la empresa privada.<\/p>\n<p><a href=\"https:\/\/digital58.com.ve\/site\/wp-content\/uploads\/2024\/09\/unt-playas-8.webp\"><img loading=\"lazy\" decoding=\"async\" class=\"aligncenter size-full wp-image-179842\" src=\"https:\/\/digital58.com.ve\/site\/wp-content\/uploads\/2024\/09\/unt-playas-8.webp\" alt=\"\" width=\"1000\" height=\"623\" srcset=\"https:\/\/digital58.com.ve\/site\/wp-content\/uploads\/2024\/09\/unt-playas-8.webp 1000w, https:\/\/digital58.com.ve\/site\/wp-content\/uploads\/2024\/09\/unt-playas-8-300x187.webp 300w, https:\/\/digital58.com.ve\/site\/wp-content\/uploads\/2024\/09\/unt-playas-8-768x478.webp 768w\" sizes=\"auto, (max-width: 1000px) 100vw, 1000px\" \/><\/a><\/p>\n<p>Finalmente, Zulay Medina, secretaria de Organizaci\u00f3n, desde Playa Macuto, en la Avenida 2 El Milagro, donde encabez\u00f3 el trabajo de limpieza de dicha bah\u00eda, ofreci\u00f3 emotivas palabras que llaman la conciencia ciudadana sobre la importancia de preservar el Lago y todas sus bondades naturales.<\/p>\n<p>Lament\u00f3 que se utilice el Lago como tiradero de desechos, entre ellos pl\u00e1sticos, y rechaz\u00f3 la actual afectaci\u00f3n del estuario por los derrames petroleros. \u00abEs lamentable que este reservorio importante del mundo se encuentre as\u00ed. Nos toca a cada uno de nosotros, los zulianos, recomponer esta triste historia y volver al Lago de nuestros antepasados, el Lago de aguas cristalinas\u00bb, concluy\u00f3.<\/p><div class=\"vilub69f4b82101f7f\" ><p style=\"text-align: center;\"><a href=\"https:\/\/t.me\/noticiasdigital58\" target=\"_blank\" rel=\"noopener\"><img class=\"aligncenter size-full wp-image-125363\" src=\"https:\/\/digital58.com.ve\/site\/wp-content\/uploads\/2021\/04\/banner-telegram-web-2021.png\" alt=\"\" width=\"600\" height=\"90\" \/><\/a><\/p><\/div><style type=\"text\/css\">\r\n@media screen and (min-width: 1201px) {\r\n.vilub69f4b82101f7f {\r\ndisplay: block;\r\n}\r\n}\r\n@media screen and (min-width: 993px) and (max-width: 1200px) {\r\n.vilub69f4b82101f7f {\r\ndisplay: block;\r\n}\r\n}\r\n@media screen and (min-width: 769px) and (max-width: 992px) {\r\n.vilub69f4b82101f7f {\r\ndisplay: block;\r\n}\r\n}\r\n@media screen and (min-width: 768px) and (max-width: 768px) {\r\n.vilub69f4b82101f7f {\r\ndisplay: block;\r\n}\r\n}\r\n@media screen and (max-width: 767px) {\r\n.vilub69f4b82101f7f {\r\ndisplay: block;\r\n}\r\n}\r\n<\/style>\r\n\n<p><strong>Redacci\u00f3n ND58 | Fuente: NDP<\/strong><br \/>\n<strong>Edici\u00f3n: Villasmil, Henry<\/strong><br \/>\n<strong>Gr\u00e1ficas: Cortes\u00eda UNT<\/strong><\/p>\n<div style=\"margin-top: 0px; margin-bottom: 0px;\" class=\"sharethis-inline-share-buttons\" ><\/div>","protected":false},"excerpt":{"rendered":"<p>Nos toca a cada uno de nosotros, los zulianos, recomponer esta triste historia y volver al Lago de aguas cristalinas<\/p>\n","protected":false},"author":1,"featured_media":179845,"comment_status":"open","ping_status":"closed","sticky":false,"template":"","format":"standard","meta":{"colormag_page_container_layout":"default_layout","colormag_page_sidebar_layout":"default_layout","_uag_custom_page_level_css":"","footnotes":""},"categories":[5407],"tags":[33919,4762,73,33922,233,2354,33934,2714,32,761],"class_list":["post-179839","post","type-post","status-publish","format-standard","has-post-thumbnail","hentry","category-natura","tag-dia-mundial-de-playas-y-costas","tag-lago-de-maracaibo","tag-maracaibo","tag-mega-jornada-ambiental","tag-nacionales","tag-regionales","tag-un-nuevo-tiempo-zulia","tag-unt","tag-venezuela","tag-zulia"],"yoast_head":"<!-- This site is optimized with the Yoast SEO plugin v27.5 - https:\/\/yoast.com\/product\/yoast-seo-wordpress\/ -->\n<title>#Zulia | UNT se despleg\u00f3 en jornada de saneamiento ambiental a orillas del Lago de Maracaibo<\/title>\n<meta name=\"robots\" content=\"index, follow, max-snippet:-1, max-image-preview:large, max-video-preview:-1\" \/>\n<link rel=\"canonical\" href=\"https:\/\/digital58.com.ve\/site\/2024\/09\/23\/zulia-unt-se-desplego-en-jornada-de-saneamiento-ambiental-a-orillas-del-lago-de-maracaibo\/\" \/>\n<meta property=\"og:locale\" content=\"es_ES\" \/>\n<meta property=\"og:type\" content=\"article\" \/>\n<meta property=\"og:title\" content=\"#Zulia | UNT se despleg\u00f3 en jornada de saneamiento ambiental a orillas del Lago de Maracaibo\" \/>\n<meta property=\"og:url\" content=\"https:\/\/digital58.com.ve\/site\/2024\/09\/23\/zulia-unt-se-desplego-en-jornada-de-saneamiento-ambiental-a-orillas-del-lago-de-maracaibo\/\" \/>\n<meta property=\"og:site_name\" content=\"Noticias Digital58\" \/>\n<meta property=\"article:published_time\" content=\"2024-09-23T19:50:25+00:00\" \/>\n<meta property=\"article:modified_time\" content=\"2024-09-23T20:15:29+00:00\" \/>\n<meta property=\"og:image\" content=\"https:\/\/i0.wp.com\/digital58.com.ve\/site\/wp-content\/uploads\/2024\/09\/unt-playas-5.webp?fit=1000%2C666&ssl=1\" \/>\n\t<meta property=\"og:image:width\" content=\"1000\" \/>\n\t<meta property=\"og:image:height\" content=\"666\" \/>\n\t<meta property=\"og:image:type\" content=\"image\/webp\" \/>\n<meta name=\"author\" content=\"Villasmil Henry\" \/>\n<meta name=\"twitter:card\" content=\"summary_large_image\" \/>\n<meta name=\"twitter:creator\" content=\"@https:\/\/twitter.com\/villasmilhfoto\" \/>\n<meta name=\"twitter:site\" content=\"@villasmilhfoto\" \/>\n<meta name=\"twitter:label1\" content=\"Escrito por\" \/>\n\t<meta name=\"twitter:data1\" content=\"Villasmil Henry\" \/>\n\t<meta name=\"twitter:label2\" content=\"Tiempo estimado de lectura\" \/>\n\t<meta name=\"twitter:data2\" content=\"4 minutos\" \/>\n<script type=\"application\/ld+json\" class=\"yoast-schema-graph\">{\"@context\":\"https:\\\/\\\/schema.org\",\"@graph\":[{\"@type\":\"Article\",\"@id\":\"https:\\\/\\\/digital58.com.ve\\\/site\\\/2024\\\/09\\\/23\\\/zulia-unt-se-desplego-en-jornada-de-saneamiento-ambiental-a-orillas-del-lago-de-maracaibo\\\/#article\",\"isPartOf\":{\"@id\":\"https:\\\/\\\/digital58.com.ve\\\/site\\\/2024\\\/09\\\/23\\\/zulia-unt-se-desplego-en-jornada-de-saneamiento-ambiental-a-orillas-del-lago-de-maracaibo\\\/\"},\"author\":{\"name\":\"Villasmil Henry\",\"@id\":\"https:\\\/\\\/digital58.com.ve\\\/site\\\/#\\\/schema\\\/person\\\/64d1c2e4d0d4fd1b849980c4331c2951\"},\"headline\":\"#Zulia | UNT se despleg\u00f3 en jornada de saneamiento ambiental a orillas del Lago de Maracaibo\",\"datePublished\":\"2024-09-23T19:50:25+00:00\",\"dateModified\":\"2024-09-23T20:15:29+00:00\",\"mainEntityOfPage\":{\"@id\":\"https:\\\/\\\/digital58.com.ve\\\/site\\\/2024\\\/09\\\/23\\\/zulia-unt-se-desplego-en-jornada-de-saneamiento-ambiental-a-orillas-del-lago-de-maracaibo\\\/\"},\"wordCount\":745,\"commentCount\":0,\"publisher\":{\"@id\":\"https:\\\/\\\/digital58.com.ve\\\/site\\\/#\\\/schema\\\/person\\\/64d1c2e4d0d4fd1b849980c4331c2951\"},\"image\":{\"@id\":\"https:\\\/\\\/digital58.com.ve\\\/site\\\/2024\\\/09\\\/23\\\/zulia-unt-se-desplego-en-jornada-de-saneamiento-ambiental-a-orillas-del-lago-de-maracaibo\\\/#primaryimage\"},\"thumbnailUrl\":\"https:\\\/\\\/digital58.com.ve\\\/site\\\/wp-content\\\/uploads\\\/2024\\\/09\\\/unt-playas-5.webp\",\"keywords\":[\"D\u00eda Mundial de Playas y Costas\",\"Lago de Maracaibo\",\"Maracaibo\",\"Mega Jornada Ambiental\",\"Nacionales\",\"Regionales\",\"Un Nuevo Tiempo Zulia\",\"UNT\",\"Venezuela\",\"Zulia\"],\"articleSection\":[\"Natura\"],\"inLanguage\":\"es\",\"potentialAction\":[{\"@type\":\"CommentAction\",\"name\":\"Comment\",\"target\":[\"https:\\\/\\\/digital58.com.ve\\\/site\\\/2024\\\/09\\\/23\\\/zulia-unt-se-desplego-en-jornada-de-saneamiento-ambiental-a-orillas-del-lago-de-maracaibo\\\/#respond\"]}]},{\"@type\":\"WebPage\",\"@id\":\"https:\\\/\\\/digital58.com.ve\\\/site\\\/2024\\\/09\\\/23\\\/zulia-unt-se-desplego-en-jornada-de-saneamiento-ambiental-a-orillas-del-lago-de-maracaibo\\\/\",\"url\":\"https:\\\/\\\/digital58.com.ve\\\/site\\\/2024\\\/09\\\/23\\\/zulia-unt-se-desplego-en-jornada-de-saneamiento-ambiental-a-orillas-del-lago-de-maracaibo\\\/\",\"name\":\"#Zulia | UNT se despleg\u00f3 en jornada de saneamiento ambiental a orillas del Lago de Maracaibo\",\"isPartOf\":{\"@id\":\"https:\\\/\\\/digital58.com.ve\\\/site\\\/#website\"},\"primaryImageOfPage\":{\"@id\":\"https:\\\/\\\/digital58.com.ve\\\/site\\\/2024\\\/09\\\/23\\\/zulia-unt-se-desplego-en-jornada-de-saneamiento-ambiental-a-orillas-del-lago-de-maracaibo\\\/#primaryimage\"},\"image\":{\"@id\":\"https:\\\/\\\/digital58.com.ve\\\/site\\\/2024\\\/09\\\/23\\\/zulia-unt-se-desplego-en-jornada-de-saneamiento-ambiental-a-orillas-del-lago-de-maracaibo\\\/#primaryimage\"},\"thumbnailUrl\":\"https:\\\/\\\/digital58.com.ve\\\/site\\\/wp-content\\\/uploads\\\/2024\\\/09\\\/unt-playas-5.webp\",\"datePublished\":\"2024-09-23T19:50:25+00:00\",\"dateModified\":\"2024-09-23T20:15:29+00:00\",\"breadcrumb\":{\"@id\":\"https:\\\/\\\/digital58.com.ve\\\/site\\\/2024\\\/09\\\/23\\\/zulia-unt-se-desplego-en-jornada-de-saneamiento-ambiental-a-orillas-del-lago-de-maracaibo\\\/#breadcrumb\"},\"inLanguage\":\"es\",\"potentialAction\":[{\"@type\":\"ReadAction\",\"target\":[\"https:\\\/\\\/digital58.com.ve\\\/site\\\/2024\\\/09\\\/23\\\/zulia-unt-se-desplego-en-jornada-de-saneamiento-ambiental-a-orillas-del-lago-de-maracaibo\\\/\"]}]},{\"@type\":\"ImageObject\",\"inLanguage\":\"es\",\"@id\":\"https:\\\/\\\/digital58.com.ve\\\/site\\\/2024\\\/09\\\/23\\\/zulia-unt-se-desplego-en-jornada-de-saneamiento-ambiental-a-orillas-del-lago-de-maracaibo\\\/#primaryimage\",\"url\":\"https:\\\/\\\/digital58.com.ve\\\/site\\\/wp-content\\\/uploads\\\/2024\\\/09\\\/unt-playas-5.webp\",\"contentUrl\":\"https:\\\/\\\/digital58.com.ve\\\/site\\\/wp-content\\\/uploads\\\/2024\\\/09\\\/unt-playas-5.webp\",\"width\":1000,\"height\":666},{\"@type\":\"BreadcrumbList\",\"@id\":\"https:\\\/\\\/digital58.com.ve\\\/site\\\/2024\\\/09\\\/23\\\/zulia-unt-se-desplego-en-jornada-de-saneamiento-ambiental-a-orillas-del-lago-de-maracaibo\\\/#breadcrumb\",\"itemListElement\":[{\"@type\":\"ListItem\",\"position\":1,\"name\":\"Home\",\"item\":\"https:\\\/\\\/digital58.com.ve\\\/site\\\/\"},{\"@type\":\"ListItem\",\"position\":2,\"name\":\"#Zulia | UNT se despleg\u00f3 en jornada de saneamiento ambiental a orillas del Lago de Maracaibo\"}]},{\"@type\":\"WebSite\",\"@id\":\"https:\\\/\\\/digital58.com.ve\\\/site\\\/#website\",\"url\":\"https:\\\/\\\/digital58.com.ve\\\/site\\\/\",\"name\":\"Noticias Digital58\",\"description\":\"Portal de Noticias \u00a1Periodismo web de verdad! Lanzamiento web 22.11.2005 \\\/ Maracaibo, Venezuela\",\"publisher\":{\"@id\":\"https:\\\/\\\/digital58.com.ve\\\/site\\\/#\\\/schema\\\/person\\\/64d1c2e4d0d4fd1b849980c4331c2951\"},\"alternateName\":\"ND58\",\"potentialAction\":[{\"@type\":\"SearchAction\",\"target\":{\"@type\":\"EntryPoint\",\"urlTemplate\":\"https:\\\/\\\/digital58.com.ve\\\/site\\\/?s={search_term_string}\"},\"query-input\":{\"@type\":\"PropertyValueSpecification\",\"valueRequired\":true,\"valueName\":\"search_term_string\"}}],\"inLanguage\":\"es\"},{\"@type\":[\"Person\",\"Organization\"],\"@id\":\"https:\\\/\\\/digital58.com.ve\\\/site\\\/#\\\/schema\\\/person\\\/64d1c2e4d0d4fd1b849980c4331c2951\",\"name\":\"Villasmil Henry\",\"image\":{\"@type\":\"ImageObject\",\"inLanguage\":\"es\",\"@id\":\"https:\\\/\\\/secure.gravatar.com\\\/avatar\\\/bb0c4a2fcb7970138239f7e404ea75757b1b507b28b5ce4c53fbd62d797c5a7c?s=96&d=mm&r=g\",\"url\":\"https:\\\/\\\/secure.gravatar.com\\\/avatar\\\/bb0c4a2fcb7970138239f7e404ea75757b1b507b28b5ce4c53fbd62d797c5a7c?s=96&d=mm&r=g\",\"contentUrl\":\"https:\\\/\\\/secure.gravatar.com\\\/avatar\\\/bb0c4a2fcb7970138239f7e404ea75757b1b507b28b5ce4c53fbd62d797c5a7c?s=96&d=mm&r=g\",\"caption\":\"Villasmil Henry\"},\"logo\":{\"@id\":\"https:\\\/\\\/secure.gravatar.com\\\/avatar\\\/bb0c4a2fcb7970138239f7e404ea75757b1b507b28b5ce4c53fbd62d797c5a7c?s=96&d=mm&r=g\"},\"sameAs\":[\"http:\\\/\\\/www.henryvillasmil.com.ve\",\"https:\\\/\\\/www.instagram.com\\\/villasmilhfoto\\\/\",\"https:\\\/\\\/x.com\\\/https:\\\/\\\/twitter.com\\\/villasmilhfoto\"],\"url\":\"https:\\\/\\\/digital58.com.ve\\\/site\\\/author\\\/droopy_68\\\/\"}]}<\/script>\n<!-- \/ Yoast SEO plugin. -->","yoast_head_json":{"title":"#Zulia | UNT se despleg\u00f3 en jornada de saneamiento ambiental a orillas del Lago de Maracaibo","robots":{"index":"index","follow":"follow","max-snippet":"max-snippet:-1","max-image-preview":"max-image-preview:large","max-video-preview":"max-video-preview:-1"},"canonical":"https:\/\/digital58.com.ve\/site\/2024\/09\/23\/zulia-unt-se-desplego-en-jornada-de-saneamiento-ambiental-a-orillas-del-lago-de-maracaibo\/","og_locale":"es_ES","og_type":"article","og_title":"#Zulia | UNT se despleg\u00f3 en jornada de saneamiento ambiental a orillas del Lago de Maracaibo","og_url":"https:\/\/digital58.com.ve\/site\/2024\/09\/23\/zulia-unt-se-desplego-en-jornada-de-saneamiento-ambiental-a-orillas-del-lago-de-maracaibo\/","og_site_name":"Noticias Digital58","article_published_time":"2024-09-23T19:50:25+00:00","article_modified_time":"2024-09-23T20:15:29+00:00","og_image":[{"width":1000,"height":666,"url":"https:\/\/i0.wp.com\/digital58.com.ve\/site\/wp-content\/uploads\/2024\/09\/unt-playas-5.webp?fit=1000%2C666&ssl=1","type":"image\/webp"}],"author":"Villasmil Henry","twitter_card":"summary_large_image","twitter_creator":"@https:\/\/twitter.com\/villasmilhfoto","twitter_site":"@villasmilhfoto","twitter_misc":{"Escrito por":"Villasmil Henry","Tiempo estimado de lectura":"4 minutos"},"schema":{"@context":"https:\/\/schema.org","@graph":[{"@type":"Article","@id":"https:\/\/digital58.com.ve\/site\/2024\/09\/23\/zulia-unt-se-desplego-en-jornada-de-saneamiento-ambiental-a-orillas-del-lago-de-maracaibo\/#article","isPartOf":{"@id":"https:\/\/digital58.com.ve\/site\/2024\/09\/23\/zulia-unt-se-desplego-en-jornada-de-saneamiento-ambiental-a-orillas-del-lago-de-maracaibo\/"},"author":{"name":"Villasmil Henry","@id":"https:\/\/digital58.com.ve\/site\/#\/schema\/person\/64d1c2e4d0d4fd1b849980c4331c2951"},"headline":"#Zulia | UNT se despleg\u00f3 en jornada de saneamiento ambiental a orillas del Lago de Maracaibo","datePublished":"2024-09-23T19:50:25+00:00","dateModified":"2024-09-23T20:15:29+00:00","mainEntityOfPage":{"@id":"https:\/\/digital58.com.ve\/site\/2024\/09\/23\/zulia-unt-se-desplego-en-jornada-de-saneamiento-ambiental-a-orillas-del-lago-de-maracaibo\/"},"wordCount":745,"commentCount":0,"publisher":{"@id":"https:\/\/digital58.com.ve\/site\/#\/schema\/person\/64d1c2e4d0d4fd1b849980c4331c2951"},"image":{"@id":"https:\/\/digital58.com.ve\/site\/2024\/09\/23\/zulia-unt-se-desplego-en-jornada-de-saneamiento-ambiental-a-orillas-del-lago-de-maracaibo\/#primaryimage"},"thumbnailUrl":"https:\/\/digital58.com.ve\/site\/wp-content\/uploads\/2024\/09\/unt-playas-5.webp","keywords":["D\u00eda Mundial de Playas y Costas","Lago de Maracaibo","Maracaibo","Mega Jornada Ambiental","Nacionales","Regionales","Un Nuevo Tiempo Zulia","UNT","Venezuela","Zulia"],"articleSection":["Natura"],"inLanguage":"es","potentialAction":[{"@type":"CommentAction","name":"Comment","target":["https:\/\/digital58.com.ve\/site\/2024\/09\/23\/zulia-unt-se-desplego-en-jornada-de-saneamiento-ambiental-a-orillas-del-lago-de-maracaibo\/#respond"]}]},{"@type":"WebPage","@id":"https:\/\/digital58.com.ve\/site\/2024\/09\/23\/zulia-unt-se-desplego-en-jornada-de-saneamiento-ambiental-a-orillas-del-lago-de-maracaibo\/","url":"https:\/\/digital58.com.ve\/site\/2024\/09\/23\/zulia-unt-se-desplego-en-jornada-de-saneamiento-ambiental-a-orillas-del-lago-de-maracaibo\/","name":"#Zulia | UNT se despleg\u00f3 en jornada de saneamiento ambiental a orillas del Lago de Maracaibo","isPartOf":{"@id":"https:\/\/digital58.com.ve\/site\/#website"},"primaryImageOfPage":{"@id":"https:\/\/digital58.com.ve\/site\/2024\/09\/23\/zulia-unt-se-desplego-en-jornada-de-saneamiento-ambiental-a-orillas-del-lago-de-maracaibo\/#primaryimage"},"image":{"@id":"https:\/\/digital58.com.ve\/site\/2024\/09\/23\/zulia-unt-se-desplego-en-jornada-de-saneamiento-ambiental-a-orillas-del-lago-de-maracaibo\/#primaryimage"},"thumbnailUrl":"https:\/\/digital58.com.ve\/site\/wp-content\/uploads\/2024\/09\/unt-playas-5.webp","datePublished":"2024-09-23T19:50:25+00:00","dateModified":"2024-09-23T20:15:29+00:00","breadcrumb":{"@id":"https:\/\/digital58.com.ve\/site\/2024\/09\/23\/zulia-unt-se-desplego-en-jornada-de-saneamiento-ambiental-a-orillas-del-lago-de-maracaibo\/#breadcrumb"},"inLanguage":"es","potentialAction":[{"@type":"ReadAction","target":["https:\/\/digital58.com.ve\/site\/2024\/09\/23\/zulia-unt-se-desplego-en-jornada-de-saneamiento-ambiental-a-orillas-del-lago-de-maracaibo\/"]}]},{"@type":"ImageObject","inLanguage":"es","@id":"https:\/\/digital58.com.ve\/site\/2024\/09\/23\/zulia-unt-se-desplego-en-jornada-de-saneamiento-ambiental-a-orillas-del-lago-de-maracaibo\/#primaryimage","url":"https:\/\/digital58.com.ve\/site\/wp-content\/uploads\/2024\/09\/unt-playas-5.webp","contentUrl":"https:\/\/digital58.com.ve\/site\/wp-content\/uploads\/2024\/09\/unt-playas-5.webp","width":1000,"height":666},{"@type":"BreadcrumbList","@id":"https:\/\/digital58.com.ve\/site\/2024\/09\/23\/zulia-unt-se-desplego-en-jornada-de-saneamiento-ambiental-a-orillas-del-lago-de-maracaibo\/#breadcrumb","itemListElement":[{"@type":"ListItem","position":1,"name":"Home","item":"https:\/\/digital58.com.ve\/site\/"},{"@type":"ListItem","position":2,"name":"#Zulia | UNT se despleg\u00f3 en jornada de saneamiento ambiental a orillas del Lago de Maracaibo"}]},{"@type":"WebSite","@id":"https:\/\/digital58.com.ve\/site\/#website","url":"https:\/\/digital58.com.ve\/site\/","name":"Noticias Digital58","description":"Portal de Noticias \u00a1Periodismo web de verdad! Lanzamiento web 22.11.2005 \/ Maracaibo, Venezuela","publisher":{"@id":"https:\/\/digital58.com.ve\/site\/#\/schema\/person\/64d1c2e4d0d4fd1b849980c4331c2951"},"alternateName":"ND58","potentialAction":[{"@type":"SearchAction","target":{"@type":"EntryPoint","urlTemplate":"https:\/\/digital58.com.ve\/site\/?s={search_term_string}"},"query-input":{"@type":"PropertyValueSpecification","valueRequired":true,"valueName":"search_term_string"}}],"inLanguage":"es"},{"@type":["Person","Organization"],"@id":"https:\/\/digital58.com.ve\/site\/#\/schema\/person\/64d1c2e4d0d4fd1b849980c4331c2951","name":"Villasmil Henry","image":{"@type":"ImageObject","inLanguage":"es","@id":"https:\/\/secure.gravatar.com\/avatar\/bb0c4a2fcb7970138239f7e404ea75757b1b507b28b5ce4c53fbd62d797c5a7c?s=96&d=mm&r=g","url":"https:\/\/secure.gravatar.com\/avatar\/bb0c4a2fcb7970138239f7e404ea75757b1b507b28b5ce4c53fbd62d797c5a7c?s=96&d=mm&r=g","contentUrl":"https:\/\/secure.gravatar.com\/avatar\/bb0c4a2fcb7970138239f7e404ea75757b1b507b28b5ce4c53fbd62d797c5a7c?s=96&d=mm&r=g","caption":"Villasmil Henry"},"logo":{"@id":"https:\/\/secure.gravatar.com\/avatar\/bb0c4a2fcb7970138239f7e404ea75757b1b507b28b5ce4c53fbd62d797c5a7c?s=96&d=mm&r=g"},"sameAs":["http:\/\/www.henryvillasmil.com.ve","https:\/\/www.instagram.com\/villasmilhfoto\/","https:\/\/x.com\/https:\/\/twitter.com\/villasmilhfoto"],"url":"https:\/\/digital58.com.ve\/site\/author\/droopy_68\/"}]}},"uagb_featured_image_src":{"full":["https:\/\/digital58.com.ve\/site\/wp-content\/uploads\/2024\/09\/unt-playas-5.webp",1000,666,false],"thumbnail":["https:\/\/digital58.com.ve\/site\/wp-content\/uploads\/2024\/09\/unt-playas-5-150x150.webp",150,150,true],"medium":["https:\/\/digital58.com.ve\/site\/wp-content\/uploads\/2024\/09\/unt-playas-5-300x200.webp",300,200,true],"medium_large":["https:\/\/digital58.com.ve\/site\/wp-content\/uploads\/2024\/09\/unt-playas-5-768x511.webp",768,511,true],"large":["https:\/\/digital58.com.ve\/site\/wp-content\/uploads\/2024\/09\/unt-playas-5.webp",800,533,false],"1536x1536":["https:\/\/digital58.com.ve\/site\/wp-content\/uploads\/2024\/09\/unt-playas-5.webp",1000,666,false],"2048x2048":["https:\/\/digital58.com.ve\/site\/wp-content\/uploads\/2024\/09\/unt-playas-5.webp",1000,666,false],"colormag-highlighted-post":["https:\/\/digital58.com.ve\/site\/wp-content\/uploads\/2024\/09\/unt-playas-5-392x272.webp",392,272,true],"colormag-featured-post-medium":["https:\/\/digital58.com.ve\/site\/wp-content\/uploads\/2024\/09\/unt-playas-5-390x205.webp",390,205,true],"colormag-featured-post-small":["https:\/\/digital58.com.ve\/site\/wp-content\/uploads\/2024\/09\/unt-playas-5-130x90.webp",130,90,true],"colormag-featured-image":["https:\/\/digital58.com.ve\/site\/wp-content\/uploads\/2024\/09\/unt-playas-5-800x445.webp",800,445,true],"colormag-default-news":["https:\/\/digital58.com.ve\/site\/wp-content\/uploads\/2024\/09\/unt-playas-5-150x150.webp",150,150,true],"colormag-featured-image-large":["https:\/\/digital58.com.ve\/site\/wp-content\/uploads\/2024\/09\/unt-playas-5-1000x600.webp",1000,600,true]},"uagb_author_info":{"display_name":"Villasmil Henry","author_link":"https:\/\/digital58.com.ve\/site\/author\/droopy_68\/"},"uagb_comment_info":0,"uagb_excerpt":"Nos toca a cada uno de nosotros, los zulianos, recomponer esta triste historia y volver al Lago de aguas cristalinas","_links":{"self":[{"href":"https:\/\/digital58.com.ve\/site\/wp-json\/wp\/v2\/posts\/179839","targetHints":{"allow":["GET"]}}],"collection":[{"href":"https:\/\/digital58.com.ve\/site\/wp-json\/wp\/v2\/posts"}],"about":[{"href":"https:\/\/digital58.com.ve\/site\/wp-json\/wp\/v2\/types\/post"}],"author":[{"embeddable":true,"href":"https:\/\/digital58.com.ve\/site\/wp-json\/wp\/v2\/users\/1"}],"replies":[{"embeddable":true,"href":"https:\/\/digital58.com.ve\/site\/wp-json\/wp\/v2\/comments?post=179839"}],"version-history":[{"count":1,"href":"https:\/\/digital58.com.ve\/site\/wp-json\/wp\/v2\/posts\/179839\/revisions"}],"predecessor-version":[{"id":179850,"href":"https:\/\/digital58.com.ve\/site\/wp-json\/wp\/v2\/posts\/179839\/revisions\/179850"}],"wp:featuredmedia":[{"embeddable":true,"href":"https:\/\/digital58.com.ve\/site\/wp-json\/wp\/v2\/media\/179845"}],"wp:attachment":[{"href":"https:\/\/digital58.com.ve\/site\/wp-json\/wp\/v2\/media?parent=179839"}],"wp:term":[{"taxonomy":"category","embeddable":true,"href":"https:\/\/digital58.com.ve\/site\/wp-json\/wp\/v2\/categories?post=179839"},{"taxonomy":"post_tag","embeddable":true,"href":"https:\/\/digital58.com.ve\/site\/wp-json\/wp\/v2\/tags?post=179839"}],"curies":[{"name":"wp","href":"https:\/\/api.w.org\/{rel}","templated":true}]}}