{"id":180185,"date":"2024-10-02T22:08:43","date_gmt":"2024-10-03T02:08:43","guid":{"rendered":"https:\/\/digital58.com.ve\/site\/?p=180185"},"modified":"2024-10-03T00:30:03","modified_gmt":"2024-10-03T04:30:03","slug":"venezuela-cabello-sobre-detencion-de-ramirez-los-impuestos-que-recogian-en-maracaibo-los-repartian-con-los-partidos","status":"publish","type":"post","link":"https:\/\/digital58.com.ve\/site\/2024\/10\/02\/venezuela-cabello-sobre-detencion-de-ramirez-los-impuestos-que-recogian-en-maracaibo-los-repartian-con-los-partidos\/","title":{"rendered":"#Venezuela | Cabello sobre detenci\u00f3n de Ram\u00edrez: \u00abLos impuestos que recog\u00edan en Maracaibo los repart\u00edan con los partidos\u00bb"},"content":{"rendered":"<p><a href=\"https:\/\/digital58.com.ve\/site\/wp-content\/uploads\/2020\/09\/diosdado-cabello-covid-kTIC-1200x630-1.jpg\"><img loading=\"lazy\" decoding=\"async\" class=\"aligncenter size-full wp-image-129856\" src=\"https:\/\/digital58.com.ve\/site\/wp-content\/uploads\/2020\/09\/diosdado-cabello-covid-kTIC-1200x630-1.jpg\" alt=\"\" width=\"800\" height=\"420\" srcset=\"https:\/\/digital58.com.ve\/site\/wp-content\/uploads\/2020\/09\/diosdado-cabello-covid-kTIC-1200x630-1.jpg 800w, https:\/\/digital58.com.ve\/site\/wp-content\/uploads\/2020\/09\/diosdado-cabello-covid-kTIC-1200x630-1-300x158.jpg 300w, https:\/\/digital58.com.ve\/site\/wp-content\/uploads\/2020\/09\/diosdado-cabello-covid-kTIC-1200x630-1-768x403.jpg 768w\" sizes=\"auto, (max-width: 800px) 100vw, 800px\" \/><\/a><\/p>\n<p>\u00ab\u00a1Ya salieron a defenderlo! \u00a1Se van a arrepentir de haberlo defendido cuando salga todo!\u00bb, asegur\u00f3 Cabello, quien acus\u00f3 de presunto robo al Alcalde de Maracaibo. Calific\u00f3 como \u00abbarro puro\u00bb el trasfondo de la investigaci\u00f3n. \u00ab\u00a1Ah\u00ed cae un gent\u00edo!\u00bb,<\/p>\n<p><strong>Caracas, DC, Venezuela, 02 de octubre de 2024 (ND58).-<\/strong> El ministro de Interior y Justicia, Diosdado Cabello, asegur\u00f3 que en la investigaci\u00f3n iniciada contra el alcalde de Maracaibo, Rafael Ram\u00edrez Colina, conlleva una supuesta \u00abcadena de corrupci\u00f3n\u00bb.<\/p>\n<p>Durante su programa \u00abCon el mazo dando\u00bb, Cabello se refiri\u00f3 a la reciente aprehensi\u00f3n de Ram\u00edrez y otros funcionarios de la Alcald\u00eda de la capital zuliana, y resalt\u00f3 que hubo una auditor\u00eda de la Contralor\u00eda previo a su detenci\u00f3n.<\/p>\n<p>\u00abSe les meti\u00f3 una auditoria de la Contralor\u00eda, pero es tan evidente todo lo que hay, que el Ministerio P\u00fablico y los organismos han tenido que actuar\u00bb, expuso el tambi\u00e9n diputado a la Asamblea Nacional.<\/p>\n<p>El n\u00famero dos del chavismo tambi\u00e9n acus\u00f3 a Ram\u00edrez de hacer presunto desv\u00edo del cobro de los impuestos municipales. \u00abY los van a llamar presos pol\u00edticos, porque les va a faltar la mesada. Todos los impuestos que se recog\u00edan en Maracaibo eran para repartirlo con los partidos de la extrema derecha, y algunos que no eran de la extrema derecha\u00bb, afirm\u00f3.<\/p>\n<p>\u00abSigan hablando, pidan por la libertad de sus h\u00e9roes\u00bb, dijo Diosdado sobre los funcionarios detenidos en el Zulia, y agreg\u00f3 que \u00abhay un gent\u00edo\u00bb al que deber\u00e1n imputar por la misma investigaci\u00f3n de presunta malversaci\u00f3n de fondos.<\/p>\n<p>En la misma transmisi\u00f3n opin\u00f3 sobre la campa\u00f1a en redes sociales que exige la liberaci\u00f3n de Ram\u00edrez Colina. \u00abEllos salen a decir exigimos la libertad inmediata del luchador invencible Rafael Ram\u00edrez, el alcalde de Maracaibo. Yo no har\u00eda nada de eso, porque lo que esta ah\u00ed es barro puro.<\/p>\n<p>\u00a1Ah\u00ed cae un gent\u00edo!, mejor como dicen, calladitos se ven m\u00e1s bonitos, porque lo que est\u00e1 ah\u00ed es muy duro para ustedes\u00bb, dijo Cabello.<\/p>\n<p>Tambi\u00e9n acus\u00f3 al Alcalde de presuntos robos en la recaudaci\u00f3n de impuestos. \u00abFueron capturados en el Zulia unas personas, \u00a1ya salieron a defenderlo! \u00a1Se van a arrepentir de haberlo defendido cuando salga todo, pero se van a arrepentir feo! Porque ah\u00ed todo el mundo est\u00e1 soltando la lengua de c\u00f3mo es el proceso y es por corrupci\u00f3n\u00bb, afirm\u00f3.<\/p>\n<p>\u00ab\u00bfC\u00f3mo es posible que a donde lleguen, lleguen a robar? De manera descarada, de manera vulgar y es una sociedad de c\u00f3mplices, ah\u00ed roba todo el mundo, y utilizan estas alcald\u00edas como caja chica, no, \u00a1Como caja grande!\u00bb, agreg\u00f3 el Ministro de Interios y Justicia.<\/p>\n<p><strong>Redacci\u00f3n ND58 | Fuente: Versi\u00f3n Final<\/strong><br \/>\n<strong>Edici\u00f3n: Villasmil, Henry<\/strong><br \/>\n<strong>Gr\u00e1ficas: de archivo referencial<\/strong><\/p>\n<p>&nbsp;<\/p>\n<p>&nbsp;<\/p>\n<p>&nbsp;<\/p>\n<p>&nbsp;<\/p><div class=\"vkhxo69f5c13f2616c\" ><p style=\"text-align: center;\"><a href=\"https:\/\/t.me\/noticiasdigital58\" target=\"_blank\" rel=\"noopener\"><img class=\"aligncenter size-full wp-image-125363\" src=\"https:\/\/digital58.com.ve\/site\/wp-content\/uploads\/2021\/04\/banner-telegram-web-2021.png\" alt=\"\" width=\"600\" height=\"90\" \/><\/a><\/p><\/div><style type=\"text\/css\">\r\n@media screen and (min-width: 1201px) {\r\n.vkhxo69f5c13f2616c {\r\ndisplay: block;\r\n}\r\n}\r\n@media screen and (min-width: 993px) and (max-width: 1200px) {\r\n.vkhxo69f5c13f2616c {\r\ndisplay: block;\r\n}\r\n}\r\n@media screen and (min-width: 769px) and (max-width: 992px) {\r\n.vkhxo69f5c13f2616c {\r\ndisplay: block;\r\n}\r\n}\r\n@media screen and (min-width: 768px) and (max-width: 768px) {\r\n.vkhxo69f5c13f2616c {\r\ndisplay: block;\r\n}\r\n}\r\n@media screen and (max-width: 767px) {\r\n.vkhxo69f5c13f2616c {\r\ndisplay: block;\r\n}\r\n}\r\n<\/style>\r\n\n<p>&nbsp;<\/p>\n<div style=\"margin-top: 0px; margin-bottom: 0px;\" class=\"sharethis-inline-share-buttons\" ><\/div>","protected":false},"excerpt":{"rendered":"<p>\u00ab\u00a1Ya salieron a defenderlo! \u00a1Se van a arrepentir de haberlo defendido cuando salga todo!\u00bb, asegur\u00f3 Cabello, quien acus\u00f3 de presunto<\/p>\n","protected":false},"author":1,"featured_media":129856,"comment_status":"open","ping_status":"closed","sticky":false,"template":"","format":"standard","meta":{"colormag_page_container_layout":"default_layout","colormag_page_sidebar_layout":"default_layout","_uag_custom_page_level_css":"","footnotes":""},"categories":[16454],"tags":[290,13809,2719,21571,73,13914,14258,233,13980,2354,32,761],"class_list":["post-180185","post","type-post","status-publish","format-standard","has-post-thumbnail","hentry","category-venezuela","tag-alcaldia-de-maracaibo","tag-detenciones","tag-diosdado-cabello","tag-fiscalia-de-venezuela","tag-maracaibo","tag-ministerio-publico","tag-ministro-de-interior-y-justicia","tag-nacionales","tag-rafael-ramirez-colina","tag-regionales","tag-venezuela","tag-zulia"],"yoast_head":"<!-- This site is optimized with the Yoast SEO plugin v27.5 - https:\/\/yoast.com\/product\/yoast-seo-wordpress\/ -->\n<title>#Venezuela | Cabello sobre detenci\u00f3n de Ram\u00edrez: \u00abLos impuestos que recog\u00edan en Maracaibo los repart\u00edan con los partidos\u00bb<\/title>\n<meta name=\"robots\" content=\"index, follow, max-snippet:-1, max-image-preview:large, max-video-preview:-1\" \/>\n<link rel=\"canonical\" href=\"https:\/\/digital58.com.ve\/site\/2024\/10\/02\/venezuela-cabello-sobre-detencion-de-ramirez-los-impuestos-que-recogian-en-maracaibo-los-repartian-con-los-partidos\/\" \/>\n<meta property=\"og:locale\" content=\"es_ES\" \/>\n<meta property=\"og:type\" content=\"article\" \/>\n<meta property=\"og:title\" content=\"#Venezuela | Cabello sobre detenci\u00f3n de Ram\u00edrez: \u00abLos impuestos que recog\u00edan en Maracaibo los repart\u00edan con los partidos\u00bb\" \/>\n<meta property=\"og:url\" content=\"https:\/\/digital58.com.ve\/site\/2024\/10\/02\/venezuela-cabello-sobre-detencion-de-ramirez-los-impuestos-que-recogian-en-maracaibo-los-repartian-con-los-partidos\/\" \/>\n<meta property=\"og:site_name\" content=\"Noticias Digital58\" \/>\n<meta property=\"article:published_time\" content=\"2024-10-03T02:08:43+00:00\" \/>\n<meta property=\"article:modified_time\" content=\"2024-10-03T04:30:03+00:00\" \/>\n<meta property=\"og:image\" content=\"https:\/\/i0.wp.com\/digital58.com.ve\/site\/wp-content\/uploads\/2020\/09\/diosdado-cabello-covid-kTIC-1200x630-1.jpg?fit=800%2C420&ssl=1\" \/>\n\t<meta property=\"og:image:width\" content=\"800\" \/>\n\t<meta property=\"og:image:height\" content=\"420\" \/>\n\t<meta property=\"og:image:type\" content=\"image\/jpeg\" \/>\n<meta name=\"author\" content=\"Villasmil Henry\" \/>\n<meta name=\"twitter:card\" content=\"summary_large_image\" \/>\n<meta name=\"twitter:creator\" content=\"@https:\/\/twitter.com\/villasmilhfoto\" \/>\n<meta name=\"twitter:site\" content=\"@villasmilhfoto\" \/>\n<meta name=\"twitter:label1\" content=\"Escrito por\" \/>\n\t<meta name=\"twitter:data1\" content=\"Villasmil Henry\" \/>\n\t<meta name=\"twitter:label2\" content=\"Tiempo estimado de lectura\" \/>\n\t<meta name=\"twitter:data2\" content=\"2 minutos\" \/>\n<script type=\"application\/ld+json\" class=\"yoast-schema-graph\">{\"@context\":\"https:\\\/\\\/schema.org\",\"@graph\":[{\"@type\":\"Article\",\"@id\":\"https:\\\/\\\/digital58.com.ve\\\/site\\\/2024\\\/10\\\/02\\\/venezuela-cabello-sobre-detencion-de-ramirez-los-impuestos-que-recogian-en-maracaibo-los-repartian-con-los-partidos\\\/#article\",\"isPartOf\":{\"@id\":\"https:\\\/\\\/digital58.com.ve\\\/site\\\/2024\\\/10\\\/02\\\/venezuela-cabello-sobre-detencion-de-ramirez-los-impuestos-que-recogian-en-maracaibo-los-repartian-con-los-partidos\\\/\"},\"author\":{\"name\":\"Villasmil Henry\",\"@id\":\"https:\\\/\\\/digital58.com.ve\\\/site\\\/#\\\/schema\\\/person\\\/64d1c2e4d0d4fd1b849980c4331c2951\"},\"headline\":\"#Venezuela | Cabello sobre detenci\u00f3n de Ram\u00edrez: \u00abLos impuestos que recog\u00edan en Maracaibo los repart\u00edan con los partidos\u00bb\",\"datePublished\":\"2024-10-03T02:08:43+00:00\",\"dateModified\":\"2024-10-03T04:30:03+00:00\",\"mainEntityOfPage\":{\"@id\":\"https:\\\/\\\/digital58.com.ve\\\/site\\\/2024\\\/10\\\/02\\\/venezuela-cabello-sobre-detencion-de-ramirez-los-impuestos-que-recogian-en-maracaibo-los-repartian-con-los-partidos\\\/\"},\"wordCount\":504,\"commentCount\":0,\"publisher\":{\"@id\":\"https:\\\/\\\/digital58.com.ve\\\/site\\\/#\\\/schema\\\/person\\\/64d1c2e4d0d4fd1b849980c4331c2951\"},\"image\":{\"@id\":\"https:\\\/\\\/digital58.com.ve\\\/site\\\/2024\\\/10\\\/02\\\/venezuela-cabello-sobre-detencion-de-ramirez-los-impuestos-que-recogian-en-maracaibo-los-repartian-con-los-partidos\\\/#primaryimage\"},\"thumbnailUrl\":\"https:\\\/\\\/digital58.com.ve\\\/site\\\/wp-content\\\/uploads\\\/2020\\\/09\\\/diosdado-cabello-covid-kTIC-1200x630-1.jpg\",\"keywords\":[\"Alcald\u00eda de Maracaibo\",\"Detenciones\",\"Diosdado Cabello\",\"Fiscal\u00eda de Venezuela\",\"Maracaibo\",\"Ministerio P\u00fablico\",\"Ministro de Interior y Justicia\",\"Nacionales\",\"Rafael Ram\u00edrez Colina\",\"Regionales\",\"Venezuela\",\"Zulia\"],\"articleSection\":[\"Venezuela\"],\"inLanguage\":\"es\",\"potentialAction\":[{\"@type\":\"CommentAction\",\"name\":\"Comment\",\"target\":[\"https:\\\/\\\/digital58.com.ve\\\/site\\\/2024\\\/10\\\/02\\\/venezuela-cabello-sobre-detencion-de-ramirez-los-impuestos-que-recogian-en-maracaibo-los-repartian-con-los-partidos\\\/#respond\"]}]},{\"@type\":\"WebPage\",\"@id\":\"https:\\\/\\\/digital58.com.ve\\\/site\\\/2024\\\/10\\\/02\\\/venezuela-cabello-sobre-detencion-de-ramirez-los-impuestos-que-recogian-en-maracaibo-los-repartian-con-los-partidos\\\/\",\"url\":\"https:\\\/\\\/digital58.com.ve\\\/site\\\/2024\\\/10\\\/02\\\/venezuela-cabello-sobre-detencion-de-ramirez-los-impuestos-que-recogian-en-maracaibo-los-repartian-con-los-partidos\\\/\",\"name\":\"#Venezuela | Cabello sobre detenci\u00f3n de Ram\u00edrez: \u00abLos impuestos que recog\u00edan en Maracaibo los repart\u00edan con los partidos\u00bb\",\"isPartOf\":{\"@id\":\"https:\\\/\\\/digital58.com.ve\\\/site\\\/#website\"},\"primaryImageOfPage\":{\"@id\":\"https:\\\/\\\/digital58.com.ve\\\/site\\\/2024\\\/10\\\/02\\\/venezuela-cabello-sobre-detencion-de-ramirez-los-impuestos-que-recogian-en-maracaibo-los-repartian-con-los-partidos\\\/#primaryimage\"},\"image\":{\"@id\":\"https:\\\/\\\/digital58.com.ve\\\/site\\\/2024\\\/10\\\/02\\\/venezuela-cabello-sobre-detencion-de-ramirez-los-impuestos-que-recogian-en-maracaibo-los-repartian-con-los-partidos\\\/#primaryimage\"},\"thumbnailUrl\":\"https:\\\/\\\/digital58.com.ve\\\/site\\\/wp-content\\\/uploads\\\/2020\\\/09\\\/diosdado-cabello-covid-kTIC-1200x630-1.jpg\",\"datePublished\":\"2024-10-03T02:08:43+00:00\",\"dateModified\":\"2024-10-03T04:30:03+00:00\",\"breadcrumb\":{\"@id\":\"https:\\\/\\\/digital58.com.ve\\\/site\\\/2024\\\/10\\\/02\\\/venezuela-cabello-sobre-detencion-de-ramirez-los-impuestos-que-recogian-en-maracaibo-los-repartian-con-los-partidos\\\/#breadcrumb\"},\"inLanguage\":\"es\",\"potentialAction\":[{\"@type\":\"ReadAction\",\"target\":[\"https:\\\/\\\/digital58.com.ve\\\/site\\\/2024\\\/10\\\/02\\\/venezuela-cabello-sobre-detencion-de-ramirez-los-impuestos-que-recogian-en-maracaibo-los-repartian-con-los-partidos\\\/\"]}]},{\"@type\":\"ImageObject\",\"inLanguage\":\"es\",\"@id\":\"https:\\\/\\\/digital58.com.ve\\\/site\\\/2024\\\/10\\\/02\\\/venezuela-cabello-sobre-detencion-de-ramirez-los-impuestos-que-recogian-en-maracaibo-los-repartian-con-los-partidos\\\/#primaryimage\",\"url\":\"https:\\\/\\\/digital58.com.ve\\\/site\\\/wp-content\\\/uploads\\\/2020\\\/09\\\/diosdado-cabello-covid-kTIC-1200x630-1.jpg\",\"contentUrl\":\"https:\\\/\\\/digital58.com.ve\\\/site\\\/wp-content\\\/uploads\\\/2020\\\/09\\\/diosdado-cabello-covid-kTIC-1200x630-1.jpg\",\"width\":800,\"height\":420},{\"@type\":\"BreadcrumbList\",\"@id\":\"https:\\\/\\\/digital58.com.ve\\\/site\\\/2024\\\/10\\\/02\\\/venezuela-cabello-sobre-detencion-de-ramirez-los-impuestos-que-recogian-en-maracaibo-los-repartian-con-los-partidos\\\/#breadcrumb\",\"itemListElement\":[{\"@type\":\"ListItem\",\"position\":1,\"name\":\"Home\",\"item\":\"https:\\\/\\\/digital58.com.ve\\\/site\\\/\"},{\"@type\":\"ListItem\",\"position\":2,\"name\":\"#Venezuela | Cabello sobre detenci\u00f3n de Ram\u00edrez: \u00abLos impuestos que recog\u00edan en Maracaibo los repart\u00edan con los partidos\u00bb\"}]},{\"@type\":\"WebSite\",\"@id\":\"https:\\\/\\\/digital58.com.ve\\\/site\\\/#website\",\"url\":\"https:\\\/\\\/digital58.com.ve\\\/site\\\/\",\"name\":\"Noticias Digital58\",\"description\":\"Portal de Noticias \u00a1Periodismo web de verdad! Lanzamiento web 22.11.2005 \\\/ Maracaibo, Venezuela\",\"publisher\":{\"@id\":\"https:\\\/\\\/digital58.com.ve\\\/site\\\/#\\\/schema\\\/person\\\/64d1c2e4d0d4fd1b849980c4331c2951\"},\"alternateName\":\"ND58\",\"potentialAction\":[{\"@type\":\"SearchAction\",\"target\":{\"@type\":\"EntryPoint\",\"urlTemplate\":\"https:\\\/\\\/digital58.com.ve\\\/site\\\/?s={search_term_string}\"},\"query-input\":{\"@type\":\"PropertyValueSpecification\",\"valueRequired\":true,\"valueName\":\"search_term_string\"}}],\"inLanguage\":\"es\"},{\"@type\":[\"Person\",\"Organization\"],\"@id\":\"https:\\\/\\\/digital58.com.ve\\\/site\\\/#\\\/schema\\\/person\\\/64d1c2e4d0d4fd1b849980c4331c2951\",\"name\":\"Villasmil Henry\",\"image\":{\"@type\":\"ImageObject\",\"inLanguage\":\"es\",\"@id\":\"https:\\\/\\\/secure.gravatar.com\\\/avatar\\\/bb0c4a2fcb7970138239f7e404ea75757b1b507b28b5ce4c53fbd62d797c5a7c?s=96&d=mm&r=g\",\"url\":\"https:\\\/\\\/secure.gravatar.com\\\/avatar\\\/bb0c4a2fcb7970138239f7e404ea75757b1b507b28b5ce4c53fbd62d797c5a7c?s=96&d=mm&r=g\",\"contentUrl\":\"https:\\\/\\\/secure.gravatar.com\\\/avatar\\\/bb0c4a2fcb7970138239f7e404ea75757b1b507b28b5ce4c53fbd62d797c5a7c?s=96&d=mm&r=g\",\"caption\":\"Villasmil Henry\"},\"logo\":{\"@id\":\"https:\\\/\\\/secure.gravatar.com\\\/avatar\\\/bb0c4a2fcb7970138239f7e404ea75757b1b507b28b5ce4c53fbd62d797c5a7c?s=96&d=mm&r=g\"},\"sameAs\":[\"http:\\\/\\\/www.henryvillasmil.com.ve\",\"https:\\\/\\\/www.instagram.com\\\/villasmilhfoto\\\/\",\"https:\\\/\\\/x.com\\\/https:\\\/\\\/twitter.com\\\/villasmilhfoto\"],\"url\":\"https:\\\/\\\/digital58.com.ve\\\/site\\\/author\\\/droopy_68\\\/\"}]}<\/script>\n<!-- \/ Yoast SEO plugin. -->","yoast_head_json":{"title":"#Venezuela | Cabello sobre detenci\u00f3n de Ram\u00edrez: \u00abLos impuestos que recog\u00edan en Maracaibo los repart\u00edan con los partidos\u00bb","robots":{"index":"index","follow":"follow","max-snippet":"max-snippet:-1","max-image-preview":"max-image-preview:large","max-video-preview":"max-video-preview:-1"},"canonical":"https:\/\/digital58.com.ve\/site\/2024\/10\/02\/venezuela-cabello-sobre-detencion-de-ramirez-los-impuestos-que-recogian-en-maracaibo-los-repartian-con-los-partidos\/","og_locale":"es_ES","og_type":"article","og_title":"#Venezuela | Cabello sobre detenci\u00f3n de Ram\u00edrez: \u00abLos impuestos que recog\u00edan en Maracaibo los repart\u00edan con los partidos\u00bb","og_url":"https:\/\/digital58.com.ve\/site\/2024\/10\/02\/venezuela-cabello-sobre-detencion-de-ramirez-los-impuestos-que-recogian-en-maracaibo-los-repartian-con-los-partidos\/","og_site_name":"Noticias Digital58","article_published_time":"2024-10-03T02:08:43+00:00","article_modified_time":"2024-10-03T04:30:03+00:00","og_image":[{"width":800,"height":420,"url":"https:\/\/i0.wp.com\/digital58.com.ve\/site\/wp-content\/uploads\/2020\/09\/diosdado-cabello-covid-kTIC-1200x630-1.jpg?fit=800%2C420&ssl=1","type":"image\/jpeg"}],"author":"Villasmil Henry","twitter_card":"summary_large_image","twitter_creator":"@https:\/\/twitter.com\/villasmilhfoto","twitter_site":"@villasmilhfoto","twitter_misc":{"Escrito por":"Villasmil Henry","Tiempo estimado de lectura":"2 minutos"},"schema":{"@context":"https:\/\/schema.org","@graph":[{"@type":"Article","@id":"https:\/\/digital58.com.ve\/site\/2024\/10\/02\/venezuela-cabello-sobre-detencion-de-ramirez-los-impuestos-que-recogian-en-maracaibo-los-repartian-con-los-partidos\/#article","isPartOf":{"@id":"https:\/\/digital58.com.ve\/site\/2024\/10\/02\/venezuela-cabello-sobre-detencion-de-ramirez-los-impuestos-que-recogian-en-maracaibo-los-repartian-con-los-partidos\/"},"author":{"name":"Villasmil Henry","@id":"https:\/\/digital58.com.ve\/site\/#\/schema\/person\/64d1c2e4d0d4fd1b849980c4331c2951"},"headline":"#Venezuela | Cabello sobre detenci\u00f3n de Ram\u00edrez: \u00abLos impuestos que recog\u00edan en Maracaibo los repart\u00edan con los partidos\u00bb","datePublished":"2024-10-03T02:08:43+00:00","dateModified":"2024-10-03T04:30:03+00:00","mainEntityOfPage":{"@id":"https:\/\/digital58.com.ve\/site\/2024\/10\/02\/venezuela-cabello-sobre-detencion-de-ramirez-los-impuestos-que-recogian-en-maracaibo-los-repartian-con-los-partidos\/"},"wordCount":504,"commentCount":0,"publisher":{"@id":"https:\/\/digital58.com.ve\/site\/#\/schema\/person\/64d1c2e4d0d4fd1b849980c4331c2951"},"image":{"@id":"https:\/\/digital58.com.ve\/site\/2024\/10\/02\/venezuela-cabello-sobre-detencion-de-ramirez-los-impuestos-que-recogian-en-maracaibo-los-repartian-con-los-partidos\/#primaryimage"},"thumbnailUrl":"https:\/\/digital58.com.ve\/site\/wp-content\/uploads\/2020\/09\/diosdado-cabello-covid-kTIC-1200x630-1.jpg","keywords":["Alcald\u00eda de Maracaibo","Detenciones","Diosdado Cabello","Fiscal\u00eda de Venezuela","Maracaibo","Ministerio P\u00fablico","Ministro de Interior y Justicia","Nacionales","Rafael Ram\u00edrez Colina","Regionales","Venezuela","Zulia"],"articleSection":["Venezuela"],"inLanguage":"es","potentialAction":[{"@type":"CommentAction","name":"Comment","target":["https:\/\/digital58.com.ve\/site\/2024\/10\/02\/venezuela-cabello-sobre-detencion-de-ramirez-los-impuestos-que-recogian-en-maracaibo-los-repartian-con-los-partidos\/#respond"]}]},{"@type":"WebPage","@id":"https:\/\/digital58.com.ve\/site\/2024\/10\/02\/venezuela-cabello-sobre-detencion-de-ramirez-los-impuestos-que-recogian-en-maracaibo-los-repartian-con-los-partidos\/","url":"https:\/\/digital58.com.ve\/site\/2024\/10\/02\/venezuela-cabello-sobre-detencion-de-ramirez-los-impuestos-que-recogian-en-maracaibo-los-repartian-con-los-partidos\/","name":"#Venezuela | Cabello sobre detenci\u00f3n de Ram\u00edrez: \u00abLos impuestos que recog\u00edan en Maracaibo los repart\u00edan con los partidos\u00bb","isPartOf":{"@id":"https:\/\/digital58.com.ve\/site\/#website"},"primaryImageOfPage":{"@id":"https:\/\/digital58.com.ve\/site\/2024\/10\/02\/venezuela-cabello-sobre-detencion-de-ramirez-los-impuestos-que-recogian-en-maracaibo-los-repartian-con-los-partidos\/#primaryimage"},"image":{"@id":"https:\/\/digital58.com.ve\/site\/2024\/10\/02\/venezuela-cabello-sobre-detencion-de-ramirez-los-impuestos-que-recogian-en-maracaibo-los-repartian-con-los-partidos\/#primaryimage"},"thumbnailUrl":"https:\/\/digital58.com.ve\/site\/wp-content\/uploads\/2020\/09\/diosdado-cabello-covid-kTIC-1200x630-1.jpg","datePublished":"2024-10-03T02:08:43+00:00","dateModified":"2024-10-03T04:30:03+00:00","breadcrumb":{"@id":"https:\/\/digital58.com.ve\/site\/2024\/10\/02\/venezuela-cabello-sobre-detencion-de-ramirez-los-impuestos-que-recogian-en-maracaibo-los-repartian-con-los-partidos\/#breadcrumb"},"inLanguage":"es","potentialAction":[{"@type":"ReadAction","target":["https:\/\/digital58.com.ve\/site\/2024\/10\/02\/venezuela-cabello-sobre-detencion-de-ramirez-los-impuestos-que-recogian-en-maracaibo-los-repartian-con-los-partidos\/"]}]},{"@type":"ImageObject","inLanguage":"es","@id":"https:\/\/digital58.com.ve\/site\/2024\/10\/02\/venezuela-cabello-sobre-detencion-de-ramirez-los-impuestos-que-recogian-en-maracaibo-los-repartian-con-los-partidos\/#primaryimage","url":"https:\/\/digital58.com.ve\/site\/wp-content\/uploads\/2020\/09\/diosdado-cabello-covid-kTIC-1200x630-1.jpg","contentUrl":"https:\/\/digital58.com.ve\/site\/wp-content\/uploads\/2020\/09\/diosdado-cabello-covid-kTIC-1200x630-1.jpg","width":800,"height":420},{"@type":"BreadcrumbList","@id":"https:\/\/digital58.com.ve\/site\/2024\/10\/02\/venezuela-cabello-sobre-detencion-de-ramirez-los-impuestos-que-recogian-en-maracaibo-los-repartian-con-los-partidos\/#breadcrumb","itemListElement":[{"@type":"ListItem","position":1,"name":"Home","item":"https:\/\/digital58.com.ve\/site\/"},{"@type":"ListItem","position":2,"name":"#Venezuela | Cabello sobre detenci\u00f3n de Ram\u00edrez: \u00abLos impuestos que recog\u00edan en Maracaibo los repart\u00edan con los partidos\u00bb"}]},{"@type":"WebSite","@id":"https:\/\/digital58.com.ve\/site\/#website","url":"https:\/\/digital58.com.ve\/site\/","name":"Noticias Digital58","description":"Portal de Noticias \u00a1Periodismo web de verdad! Lanzamiento web 22.11.2005 \/ Maracaibo, Venezuela","publisher":{"@id":"https:\/\/digital58.com.ve\/site\/#\/schema\/person\/64d1c2e4d0d4fd1b849980c4331c2951"},"alternateName":"ND58","potentialAction":[{"@type":"SearchAction","target":{"@type":"EntryPoint","urlTemplate":"https:\/\/digital58.com.ve\/site\/?s={search_term_string}"},"query-input":{"@type":"PropertyValueSpecification","valueRequired":true,"valueName":"search_term_string"}}],"inLanguage":"es"},{"@type":["Person","Organization"],"@id":"https:\/\/digital58.com.ve\/site\/#\/schema\/person\/64d1c2e4d0d4fd1b849980c4331c2951","name":"Villasmil Henry","image":{"@type":"ImageObject","inLanguage":"es","@id":"https:\/\/secure.gravatar.com\/avatar\/bb0c4a2fcb7970138239f7e404ea75757b1b507b28b5ce4c53fbd62d797c5a7c?s=96&d=mm&r=g","url":"https:\/\/secure.gravatar.com\/avatar\/bb0c4a2fcb7970138239f7e404ea75757b1b507b28b5ce4c53fbd62d797c5a7c?s=96&d=mm&r=g","contentUrl":"https:\/\/secure.gravatar.com\/avatar\/bb0c4a2fcb7970138239f7e404ea75757b1b507b28b5ce4c53fbd62d797c5a7c?s=96&d=mm&r=g","caption":"Villasmil Henry"},"logo":{"@id":"https:\/\/secure.gravatar.com\/avatar\/bb0c4a2fcb7970138239f7e404ea75757b1b507b28b5ce4c53fbd62d797c5a7c?s=96&d=mm&r=g"},"sameAs":["http:\/\/www.henryvillasmil.com.ve","https:\/\/www.instagram.com\/villasmilhfoto\/","https:\/\/x.com\/https:\/\/twitter.com\/villasmilhfoto"],"url":"https:\/\/digital58.com.ve\/site\/author\/droopy_68\/"}]}},"uagb_featured_image_src":{"full":["https:\/\/digital58.com.ve\/site\/wp-content\/uploads\/2020\/09\/diosdado-cabello-covid-kTIC-1200x630-1.jpg",800,420,false],"thumbnail":["https:\/\/digital58.com.ve\/site\/wp-content\/uploads\/2020\/09\/diosdado-cabello-covid-kTIC-1200x630-1-150x150.jpg",150,150,true],"medium":["https:\/\/digital58.com.ve\/site\/wp-content\/uploads\/2020\/09\/diosdado-cabello-covid-kTIC-1200x630-1-300x158.jpg",300,158,true],"medium_large":["https:\/\/digital58.com.ve\/site\/wp-content\/uploads\/2020\/09\/diosdado-cabello-covid-kTIC-1200x630-1-768x403.jpg",768,403,true],"large":["https:\/\/digital58.com.ve\/site\/wp-content\/uploads\/2020\/09\/diosdado-cabello-covid-kTIC-1200x630-1.jpg",800,420,false],"1536x1536":["https:\/\/digital58.com.ve\/site\/wp-content\/uploads\/2020\/09\/diosdado-cabello-covid-kTIC-1200x630-1.jpg",800,420,false],"2048x2048":["https:\/\/digital58.com.ve\/site\/wp-content\/uploads\/2020\/09\/diosdado-cabello-covid-kTIC-1200x630-1.jpg",800,420,false],"colormag-highlighted-post":["https:\/\/digital58.com.ve\/site\/wp-content\/uploads\/2020\/09\/diosdado-cabello-covid-kTIC-1200x630-1.jpg",392,206,false],"colormag-featured-post-medium":["https:\/\/digital58.com.ve\/site\/wp-content\/uploads\/2020\/09\/diosdado-cabello-covid-kTIC-1200x630-1.jpg",390,205,false],"colormag-featured-post-small":["https:\/\/digital58.com.ve\/site\/wp-content\/uploads\/2020\/09\/diosdado-cabello-covid-kTIC-1200x630-1.jpg",130,68,false],"colormag-featured-image":["https:\/\/digital58.com.ve\/site\/wp-content\/uploads\/2020\/09\/diosdado-cabello-covid-kTIC-1200x630-1.jpg",800,420,false],"colormag-default-news":["https:\/\/digital58.com.ve\/site\/wp-content\/uploads\/2020\/09\/diosdado-cabello-covid-kTIC-1200x630-1.jpg",150,79,false],"colormag-featured-image-large":["https:\/\/digital58.com.ve\/site\/wp-content\/uploads\/2020\/09\/diosdado-cabello-covid-kTIC-1200x630-1.jpg",800,420,false]},"uagb_author_info":{"display_name":"Villasmil Henry","author_link":"https:\/\/digital58.com.ve\/site\/author\/droopy_68\/"},"uagb_comment_info":0,"uagb_excerpt":"\u00ab\u00a1Ya salieron a defenderlo! \u00a1Se van a arrepentir de haberlo defendido cuando salga todo!\u00bb, asegur\u00f3 Cabello, quien acus\u00f3 de presunto","_links":{"self":[{"href":"https:\/\/digital58.com.ve\/site\/wp-json\/wp\/v2\/posts\/180185","targetHints":{"allow":["GET"]}}],"collection":[{"href":"https:\/\/digital58.com.ve\/site\/wp-json\/wp\/v2\/posts"}],"about":[{"href":"https:\/\/digital58.com.ve\/site\/wp-json\/wp\/v2\/types\/post"}],"author":[{"embeddable":true,"href":"https:\/\/digital58.com.ve\/site\/wp-json\/wp\/v2\/users\/1"}],"replies":[{"embeddable":true,"href":"https:\/\/digital58.com.ve\/site\/wp-json\/wp\/v2\/comments?post=180185"}],"version-history":[{"count":1,"href":"https:\/\/digital58.com.ve\/site\/wp-json\/wp\/v2\/posts\/180185\/revisions"}],"predecessor-version":[{"id":180186,"href":"https:\/\/digital58.com.ve\/site\/wp-json\/wp\/v2\/posts\/180185\/revisions\/180186"}],"wp:featuredmedia":[{"embeddable":true,"href":"https:\/\/digital58.com.ve\/site\/wp-json\/wp\/v2\/media\/129856"}],"wp:attachment":[{"href":"https:\/\/digital58.com.ve\/site\/wp-json\/wp\/v2\/media?parent=180185"}],"wp:term":[{"taxonomy":"category","embeddable":true,"href":"https:\/\/digital58.com.ve\/site\/wp-json\/wp\/v2\/categories?post=180185"},{"taxonomy":"post_tag","embeddable":true,"href":"https:\/\/digital58.com.ve\/site\/wp-json\/wp\/v2\/tags?post=180185"}],"curies":[{"name":"wp","href":"https:\/\/api.w.org\/{rel}","templated":true}]}}