{"id":180846,"date":"2024-10-25T09:15:11","date_gmt":"2024-10-25T13:15:11","guid":{"rendered":"https:\/\/digital58.com.ve\/site\/?p=180846"},"modified":"2024-10-25T09:15:11","modified_gmt":"2024-10-25T13:15:11","slug":"otro-premio-sajarov-para-venezuela-no-dejar-de-alzar-la-voz","status":"publish","type":"post","link":"https:\/\/digital58.com.ve\/site\/2024\/10\/25\/otro-premio-sajarov-para-venezuela-no-dejar-de-alzar-la-voz\/","title":{"rendered":"Otro premio S\u00e1jarov para Venezuela: \u00abNo dejar de alzar la voz\u00bb"},"content":{"rendered":"<p><a href=\"https:\/\/digital58.com.ve\/site\/wp-content\/uploads\/2024\/10\/70590328_1004.webp\"><img loading=\"lazy\" decoding=\"async\" class=\"aligncenter size-full wp-image-180847\" src=\"https:\/\/digital58.com.ve\/site\/wp-content\/uploads\/2024\/10\/70590328_1004.webp\" alt=\"\" width=\"1200\" height=\"525\" srcset=\"https:\/\/digital58.com.ve\/site\/wp-content\/uploads\/2024\/10\/70590328_1004.webp 1200w, https:\/\/digital58.com.ve\/site\/wp-content\/uploads\/2024\/10\/70590328_1004-300x131.webp 300w, https:\/\/digital58.com.ve\/site\/wp-content\/uploads\/2024\/10\/70590328_1004-1000x438.webp 1000w, https:\/\/digital58.com.ve\/site\/wp-content\/uploads\/2024\/10\/70590328_1004-768x336.webp 768w\" sizes=\"auto, (max-width: 1200px) 100vw, 1200px\" \/><\/a><\/p>\n<p>La oposici\u00f3n venezolana se lleva por segunda vez un Premio S\u00e1jarov a la Libertad de la Conciencia. \u00abLa crisis es real. Es importante no dejar de alzar la voz por Venezuela\u00bb.<\/p>\n<p><strong>Internacionales, 25 de octubre de 2024 (ND58).-<\/strong> El anuncio de que han ganado el Premio S\u00e1jarov a la Libertad de Conciencia encuentra a Edmundo Gonz\u00e1lez Urrutia con asilo pol\u00edtico fuera del pa\u00eds y a Mar\u00eda Corina Machado en paradero desconocido dentro de Venezuela. La l\u00edder opositora y el \u00abpresidente electo\u00bb \u2014como lo denomin\u00f3 Roberta Metzola, la presidenta del Parlamento Europeo, en el anuncio\u2014 son el s\u00edmbolo de \u00abuna valiente lucha para restaurar la libertad y la democracia en Venezuela\u00bb.<\/p>\n<p>Con este galard\u00f3n, la Euroc\u00e1mara quiere demostrar su apoyo no solamente a los dos pol\u00edticos que, sin todo va bien, recoger\u00e1n su premio el 18 de diciembre; el apoyo es al pueblo de Venezuela.<\/p>\n<p>\u00abEs muy importante que este premio S\u00e1jarov ponga de nuevo el foco en Venezuela\u00bb, dice Donovan Ortega, oficial de Derechos Humanos para Latinoam\u00e9rica de la Organizaci\u00f3n Mundial contra la Tortura (OMCT).<\/p>\n<p>\u00abEstamos ante una de las crisis m\u00e1s graves de la historia reciente de Venezuela que no ha hecho m\u00e1s que empeorar a partir de las elecciones del 28 de julio. La crisis humanitaria lleva impactando por a\u00f1os a miles de personas; ahora la persecuci\u00f3n pol\u00edtica y las estrategias de represi\u00f3n a opositores y a defensores de derechos humanos ha llevado a la Misi\u00f3n Internacional Independiente de la ONU a afirmar que estamos ante cr\u00edmenes de lesa humanidad\u00bb, afirma.<\/p>\n<h2>Edmundo y Mar\u00eda Corina, como tantos otros<\/h2>\n<p>Cabe recordar que son millones los que antes optaron por el camino hacia el extranjero tomado por Edmundo Gonz\u00e1lez por la represi\u00f3n sistem\u00e1tica a la protesta opositora por el presunto fraude electoral. Tambi\u00e9n son much\u00edsimos los que \u2014como Mar\u00eda Corina Machado ahora\u2014 han optado por invisibilizar su labor en el terreno para evitar correr la suerte de las m\u00e1s de 2.000 personas en detenci\u00f3n arbitraria (desde julio 2024).<\/p>\n<p>Organizaciones de la sociedad civil que siguen en el pa\u00eds, prefieren el anonimato. Sobre ellas pende la ley sobre financiamiento a organizaciones sociales (agosto 2024) que permitir\u00eda al gobierno de Caracas disolverlas.<br \/>\nUn S\u00e1jarov con solera.<\/p>\n<p>No es la primera vez que el m\u00e1ximo galard\u00f3n del Parlamento Europeo llega a manos de la oposici\u00f3n venezolana. En 2015 el premio, dotado de 50000 euros, fue otorgado a Mesa de Unidad Democr\u00e1tica y los presos pol\u00edticos venezolanos. Desde ah\u00ed, las relaciones entre las instituciones europeas y el gobierno de Caracas han pasado m\u00e1s bajos que altos.<\/p>\n<p>No obstante, Bruselas opt\u00f3 por apostar por las elecciones regionales de 2021 as\u00ed como apoyar las presidenciales de julio de 2024. Desinvitada a observar los \u00faltimos comicios,la UE insiste en que no reconocer\u00e1 al gobierno de facto de Nicol\u00e1s Maduro mientras no se presenten las actas que prueben su triunfo. Seg\u00fan lo acordado por los 27 jefes de Estado y de Gobierno (18.10.2024), \u00abla UE est\u00e1 lista para movilizar todos los instrumentos a su disposici\u00f3n para apoyar la democracia en Venezuela\u00bb.<\/p>\n<h2>\u00bfQu\u00e9 instrumentos puede movilizar la UE?<\/h2>\n<p>\u00abQue el tema siga en la arena internacional es muy importante\u00bb, comenta el representante de la OMCT. Si bien un galard\u00f3n como el S\u00e1jarov podr\u00eda poner tensi\u00f3n en un futuro di\u00e1logo entre la oposici\u00f3n y el gobierno de facto de Caracas, \u00abpone sobre la mesa la necesidad de abordar la claridad del proceso electoral, pero sobre todo, la de proteger la vida de las personas que est\u00e1n huyendo de detenciones arbitrarias, tortura y malos tratos\u00bb, advierte Donovan Ortega. Desde la OMCT se sigue de cerca el destino de miembros de las mesas electorales a quienes se les ha anulado pasaportes.<\/p>\n<p>\u00abLas delegaciones de la UE que siguen en Venezuela pueden brindar un apoyo crucial\u00bb, agrega. Baste traer a la memoria que Edmundo Gonz\u00e1lez Urrutia sali\u00f3 a Espa\u00f1a despu\u00e9s de haber estado protegido en la embajada holandesa; con anterioridad, a otros pol\u00edticos opositores se les brind\u00f3 asilo en delegaciones europeas.<\/p>\n<p>Como fuere, el S\u00e1jarov para Mar\u00eda Corina Machado y Edmundo Gonz\u00e1lez Urrutia es coherente con la \u00faltima resoluci\u00f3n de la Euroc\u00e1mara que, aparte de reconocer a este \u00faltimo como \u00abpresidente electo\u00bb pidi\u00f3 sanciones espec\u00edficas para Nicol\u00e1s Maduro y su c\u00edrculo m\u00e1s cercano por ser responsables de violaciones de derechos humanos en el pa\u00eds.<\/p>\n<p>Con todo, las medidas restrictivas son competencia de los Estados miembros, y tienen que ser tomadas por unanimidad. Hay que recordar que para permitir un desarrollo \u00abnormal\u00bb de las \u00faltimas elecciones, \u00e9stas fueron levantadas parcialmente.<\/p>\n<p>\u00abLas sanciones deben ser efectivas, pero no deben afectar la cooperaci\u00f3n para atender la crisis humanitaria\u00bb, dice el representante de la OMCT, poniendo el foco en la gente. \u00abLa crisis es real y requiere de articulaci\u00f3n a m\u00faltiples niveles interregionales\u00bb, subraya Donovan Ortega. \u00abA la vez, hay que seguir alzando la voz por Venezuela en foros internacionales, as\u00ed como con este premio S\u00e1jarov\u00bb, concluye.<\/p>\n<p><strong>Redacci\u00f3n ND58 | Fuente: Mirra Banch\u00f3n<\/strong><br \/>\n<strong>Edici\u00f3n: Villasmil, Henry<\/strong><br \/>\n<strong>Gr\u00e1ficas: De archivo referencial<\/strong><\/p>\n<p>&nbsp;<\/p>\n<p>&nbsp;<\/p><div class=\"trjeg6a99de48290d6\" ><p style=\"text-align: center;\"><a href=\"https:\/\/t.me\/noticiasdigital58\" target=\"_blank\" rel=\"noopener\"><img class=\"aligncenter size-full wp-image-125363\" src=\"https:\/\/digital58.com.ve\/site\/wp-content\/uploads\/2021\/04\/banner-telegram-web-2021.png\" alt=\"\" width=\"600\" height=\"90\" \/><\/a><\/p><\/div><style type=\"text\/css\">\r\n@media screen and (min-width: 1201px) {\r\n.trjeg6a99de48290d6 {\r\ndisplay: block;\r\n}\r\n}\r\n@media screen and (min-width: 993px) and (max-width: 1200px) {\r\n.trjeg6a99de48290d6 {\r\ndisplay: block;\r\n}\r\n}\r\n@media screen and (min-width: 769px) and (max-width: 992px) {\r\n.trjeg6a99de48290d6 {\r\ndisplay: block;\r\n}\r\n}\r\n@media screen and (min-width: 768px) and (max-width: 768px) {\r\n.trjeg6a99de48290d6 {\r\ndisplay: block;\r\n}\r\n}\r\n@media screen and (max-width: 767px) {\r\n.trjeg6a99de48290d6 {\r\ndisplay: block;\r\n}\r\n}\r\n<\/style>\r\n\n<p>&nbsp;<\/p>\n<div style=\"margin-top: 0px; margin-bottom: 0px;\" class=\"sharethis-inline-share-buttons\" ><\/div>","protected":false},"excerpt":{"rendered":"<p>La oposici\u00f3n venezolana se lleva por segunda vez un Premio S\u00e1jarov a la Libertad de la Conciencia. \u00abLa crisis es<\/p>\n","protected":false},"author":1,"featured_media":180847,"comment_status":"open","ping_status":"closed","sticky":false,"template":"","format":"standard","meta":{"colormag_page_container_layout":"default_layout","colormag_page_sidebar_layout":"default_layout","_uag_custom_page_level_css":"","footnotes":""},"categories":[16451],"tags":[33336,34049,14491,14182,34050,8605,17328,18186,32],"class_list":["post-180846","post","type-post","status-publish","format-standard","has-post-thumbnail","hentry","category-mundo","tag-edmundo-gonzalez-urrutia","tag-eurocamara","tag-maria-corina-machado","tag-nicolas-maduro-moros","tag-omct","tag-oposicion-venezolana","tag-parlamento-europeo","tag-premio-sajarov","tag-venezuela"],"yoast_head":"<!-- This site is optimized with the Yoast SEO plugin v28.4 - https:\/\/yoast.com\/product\/yoast-seo-wordpress\/ -->\n<title>Otro premio S\u00e1jarov para Venezuela: \u00abNo dejar de alzar la voz\u00bb<\/title>\n<meta name=\"robots\" content=\"index, follow, max-snippet:-1, max-image-preview:large, max-video-preview:-1\" \/>\n<link rel=\"canonical\" href=\"https:\/\/digital58.com.ve\/site\/2024\/10\/25\/otro-premio-sajarov-para-venezuela-no-dejar-de-alzar-la-voz\/\" \/>\n<meta property=\"og:locale\" content=\"es_ES\" \/>\n<meta property=\"og:type\" content=\"article\" \/>\n<meta property=\"og:title\" content=\"Otro premio S\u00e1jarov para Venezuela: \u00abNo dejar de alzar la voz\u00bb\" \/>\n<meta property=\"og:url\" content=\"https:\/\/digital58.com.ve\/site\/2024\/10\/25\/otro-premio-sajarov-para-venezuela-no-dejar-de-alzar-la-voz\/\" \/>\n<meta property=\"og:site_name\" content=\"Noticias Digital58\" \/>\n<meta property=\"article:published_time\" content=\"2024-10-25T13:15:11+00:00\" \/>\n<meta property=\"og:image\" content=\"https:\/\/i0.wp.com\/digital58.com.ve\/site\/wp-content\/uploads\/2024\/10\/70590328_1004.webp?fit=1200%2C525&ssl=1\" \/>\n\t<meta property=\"og:image:width\" content=\"1200\" \/>\n\t<meta property=\"og:image:height\" content=\"525\" \/>\n\t<meta property=\"og:image:type\" content=\"image\/webp\" \/>\n<meta name=\"author\" content=\"Villasmil Henry\" \/>\n<meta name=\"twitter:card\" content=\"summary_large_image\" \/>\n<meta name=\"twitter:creator\" content=\"@https:\/\/twitter.com\/villasmilhfoto\" \/>\n<meta name=\"twitter:site\" content=\"@villasmilhfoto\" \/>\n<meta name=\"twitter:label1\" content=\"Escrito por\" \/>\n\t<meta name=\"twitter:data1\" content=\"Villasmil Henry\" \/>\n\t<meta name=\"twitter:label2\" content=\"Tiempo estimado de lectura\" \/>\n\t<meta name=\"twitter:data2\" content=\"4 minutos\" \/>\n<script type=\"application\/ld+json\" class=\"yoast-schema-graph\">{\"@context\":\"https:\\\/\\\/schema.org\",\"@graph\":[{\"@type\":\"Article\",\"@id\":\"https:\\\/\\\/digital58.com.ve\\\/site\\\/2024\\\/10\\\/25\\\/otro-premio-sajarov-para-venezuela-no-dejar-de-alzar-la-voz\\\/#article\",\"isPartOf\":{\"@id\":\"https:\\\/\\\/digital58.com.ve\\\/site\\\/2024\\\/10\\\/25\\\/otro-premio-sajarov-para-venezuela-no-dejar-de-alzar-la-voz\\\/\"},\"author\":{\"name\":\"Villasmil Henry\",\"@id\":\"https:\\\/\\\/digital58.com.ve\\\/site\\\/#\\\/schema\\\/person\\\/64d1c2e4d0d4fd1b849980c4331c2951\"},\"headline\":\"Otro premio S\u00e1jarov para Venezuela: \u00abNo dejar de alzar la voz\u00bb\",\"datePublished\":\"2024-10-25T13:15:11+00:00\",\"mainEntityOfPage\":{\"@id\":\"https:\\\/\\\/digital58.com.ve\\\/site\\\/2024\\\/10\\\/25\\\/otro-premio-sajarov-para-venezuela-no-dejar-de-alzar-la-voz\\\/\"},\"wordCount\":900,\"commentCount\":0,\"publisher\":{\"@id\":\"https:\\\/\\\/digital58.com.ve\\\/site\\\/#\\\/schema\\\/person\\\/64d1c2e4d0d4fd1b849980c4331c2951\"},\"image\":{\"@id\":\"https:\\\/\\\/digital58.com.ve\\\/site\\\/2024\\\/10\\\/25\\\/otro-premio-sajarov-para-venezuela-no-dejar-de-alzar-la-voz\\\/#primaryimage\"},\"thumbnailUrl\":\"https:\\\/\\\/digital58.com.ve\\\/site\\\/wp-content\\\/uploads\\\/2024\\\/10\\\/70590328_1004.webp\",\"keywords\":[\"Edmundo Gonz\u00e1lez Urrutia\",\"Euroc\u00e1mara\",\"Mar\u00eda Corina Machado\",\"Nicol\u00e1s Maduro Moros\",\"OMCT\",\"Oposici\u00f3n Venezolana\",\"Parlamento Europeo\",\"premio S\u00e1jarov\",\"Venezuela\"],\"articleSection\":[\"Mundo\"],\"inLanguage\":\"es\",\"potentialAction\":[{\"@type\":\"CommentAction\",\"name\":\"Comment\",\"target\":[\"https:\\\/\\\/digital58.com.ve\\\/site\\\/2024\\\/10\\\/25\\\/otro-premio-sajarov-para-venezuela-no-dejar-de-alzar-la-voz\\\/#respond\"]}]},{\"@type\":\"WebPage\",\"@id\":\"https:\\\/\\\/digital58.com.ve\\\/site\\\/2024\\\/10\\\/25\\\/otro-premio-sajarov-para-venezuela-no-dejar-de-alzar-la-voz\\\/\",\"url\":\"https:\\\/\\\/digital58.com.ve\\\/site\\\/2024\\\/10\\\/25\\\/otro-premio-sajarov-para-venezuela-no-dejar-de-alzar-la-voz\\\/\",\"name\":\"Otro premio S\u00e1jarov para Venezuela: \u00abNo dejar de alzar la voz\u00bb\",\"isPartOf\":{\"@id\":\"https:\\\/\\\/digital58.com.ve\\\/site\\\/#website\"},\"primaryImageOfPage\":{\"@id\":\"https:\\\/\\\/digital58.com.ve\\\/site\\\/2024\\\/10\\\/25\\\/otro-premio-sajarov-para-venezuela-no-dejar-de-alzar-la-voz\\\/#primaryimage\"},\"image\":{\"@id\":\"https:\\\/\\\/digital58.com.ve\\\/site\\\/2024\\\/10\\\/25\\\/otro-premio-sajarov-para-venezuela-no-dejar-de-alzar-la-voz\\\/#primaryimage\"},\"thumbnailUrl\":\"https:\\\/\\\/digital58.com.ve\\\/site\\\/wp-content\\\/uploads\\\/2024\\\/10\\\/70590328_1004.webp\",\"datePublished\":\"2024-10-25T13:15:11+00:00\",\"breadcrumb\":{\"@id\":\"https:\\\/\\\/digital58.com.ve\\\/site\\\/2024\\\/10\\\/25\\\/otro-premio-sajarov-para-venezuela-no-dejar-de-alzar-la-voz\\\/#breadcrumb\"},\"inLanguage\":\"es\",\"potentialAction\":[{\"@type\":\"ReadAction\",\"target\":[\"https:\\\/\\\/digital58.com.ve\\\/site\\\/2024\\\/10\\\/25\\\/otro-premio-sajarov-para-venezuela-no-dejar-de-alzar-la-voz\\\/\"]}]},{\"@type\":\"ImageObject\",\"inLanguage\":\"es\",\"@id\":\"https:\\\/\\\/digital58.com.ve\\\/site\\\/2024\\\/10\\\/25\\\/otro-premio-sajarov-para-venezuela-no-dejar-de-alzar-la-voz\\\/#primaryimage\",\"url\":\"https:\\\/\\\/digital58.com.ve\\\/site\\\/wp-content\\\/uploads\\\/2024\\\/10\\\/70590328_1004.webp\",\"contentUrl\":\"https:\\\/\\\/digital58.com.ve\\\/site\\\/wp-content\\\/uploads\\\/2024\\\/10\\\/70590328_1004.webp\",\"width\":1200,\"height\":525},{\"@type\":\"BreadcrumbList\",\"@id\":\"https:\\\/\\\/digital58.com.ve\\\/site\\\/2024\\\/10\\\/25\\\/otro-premio-sajarov-para-venezuela-no-dejar-de-alzar-la-voz\\\/#breadcrumb\",\"itemListElement\":[{\"@type\":\"ListItem\",\"position\":1,\"name\":\"Home\",\"item\":\"https:\\\/\\\/digital58.com.ve\\\/site\\\/\"},{\"@type\":\"ListItem\",\"position\":2,\"name\":\"Otro premio S\u00e1jarov para Venezuela: \u00abNo dejar de alzar la voz\u00bb\"}]},{\"@type\":\"WebSite\",\"@id\":\"https:\\\/\\\/digital58.com.ve\\\/site\\\/#website\",\"url\":\"https:\\\/\\\/digital58.com.ve\\\/site\\\/\",\"name\":\"Noticias Digital58\",\"description\":\"Portal de Noticias \u00a1Periodismo web de verdad! Lanzamiento web 22.11.2005 \\\/ Maracaibo, Venezuela\",\"publisher\":{\"@id\":\"https:\\\/\\\/digital58.com.ve\\\/site\\\/#\\\/schema\\\/person\\\/64d1c2e4d0d4fd1b849980c4331c2951\"},\"alternateName\":\"ND58\",\"potentialAction\":[{\"@type\":\"SearchAction\",\"target\":{\"@type\":\"EntryPoint\",\"urlTemplate\":\"https:\\\/\\\/digital58.com.ve\\\/site\\\/?s={search_term_string}\"},\"query-input\":{\"@type\":\"PropertyValueSpecification\",\"valueRequired\":true,\"valueName\":\"search_term_string\"}}],\"inLanguage\":\"es\"},{\"@type\":[\"Person\",\"Organization\"],\"@id\":\"https:\\\/\\\/digital58.com.ve\\\/site\\\/#\\\/schema\\\/person\\\/64d1c2e4d0d4fd1b849980c4331c2951\",\"name\":\"Villasmil Henry\",\"image\":{\"@type\":\"ImageObject\",\"inLanguage\":\"es\",\"@id\":\"https:\\\/\\\/secure.gravatar.com\\\/avatar\\\/bb0c4a2fcb7970138239f7e404ea75757b1b507b28b5ce4c53fbd62d797c5a7c?s=96&d=mm&r=g\",\"url\":\"https:\\\/\\\/secure.gravatar.com\\\/avatar\\\/bb0c4a2fcb7970138239f7e404ea75757b1b507b28b5ce4c53fbd62d797c5a7c?s=96&d=mm&r=g\",\"contentUrl\":\"https:\\\/\\\/secure.gravatar.com\\\/avatar\\\/bb0c4a2fcb7970138239f7e404ea75757b1b507b28b5ce4c53fbd62d797c5a7c?s=96&d=mm&r=g\",\"caption\":\"Villasmil Henry\"},\"logo\":{\"@id\":\"https:\\\/\\\/secure.gravatar.com\\\/avatar\\\/bb0c4a2fcb7970138239f7e404ea75757b1b507b28b5ce4c53fbd62d797c5a7c?s=96&d=mm&r=g\"},\"sameAs\":[\"http:\\\/\\\/www.henryvillasmil.com.ve\",\"https:\\\/\\\/www.instagram.com\\\/villasmilhfoto\\\/\",\"https:\\\/\\\/x.com\\\/https:\\\/\\\/twitter.com\\\/villasmilhfoto\"],\"url\":\"https:\\\/\\\/digital58.com.ve\\\/site\\\/author\\\/droopy_68\\\/\"}]}<\/script>\n<!-- \/ Yoast SEO plugin. -->","yoast_head_json":{"title":"Otro premio S\u00e1jarov para Venezuela: \u00abNo dejar de alzar la voz\u00bb","robots":{"index":"index","follow":"follow","max-snippet":"max-snippet:-1","max-image-preview":"max-image-preview:large","max-video-preview":"max-video-preview:-1"},"canonical":"https:\/\/digital58.com.ve\/site\/2024\/10\/25\/otro-premio-sajarov-para-venezuela-no-dejar-de-alzar-la-voz\/","og_locale":"es_ES","og_type":"article","og_title":"Otro premio S\u00e1jarov para Venezuela: \u00abNo dejar de alzar la voz\u00bb","og_url":"https:\/\/digital58.com.ve\/site\/2024\/10\/25\/otro-premio-sajarov-para-venezuela-no-dejar-de-alzar-la-voz\/","og_site_name":"Noticias Digital58","article_published_time":"2024-10-25T13:15:11+00:00","og_image":[{"width":1200,"height":525,"url":"https:\/\/i0.wp.com\/digital58.com.ve\/site\/wp-content\/uploads\/2024\/10\/70590328_1004.webp?fit=1200%2C525&ssl=1","type":"image\/webp"}],"author":"Villasmil Henry","twitter_card":"summary_large_image","twitter_creator":"@https:\/\/twitter.com\/villasmilhfoto","twitter_site":"@villasmilhfoto","twitter_misc":{"Escrito por":"Villasmil Henry","Tiempo estimado de lectura":"4 minutos"},"schema":{"@context":"https:\/\/schema.org","@graph":[{"@type":"Article","@id":"https:\/\/digital58.com.ve\/site\/2024\/10\/25\/otro-premio-sajarov-para-venezuela-no-dejar-de-alzar-la-voz\/#article","isPartOf":{"@id":"https:\/\/digital58.com.ve\/site\/2024\/10\/25\/otro-premio-sajarov-para-venezuela-no-dejar-de-alzar-la-voz\/"},"author":{"name":"Villasmil Henry","@id":"https:\/\/digital58.com.ve\/site\/#\/schema\/person\/64d1c2e4d0d4fd1b849980c4331c2951"},"headline":"Otro premio S\u00e1jarov para Venezuela: \u00abNo dejar de alzar la voz\u00bb","datePublished":"2024-10-25T13:15:11+00:00","mainEntityOfPage":{"@id":"https:\/\/digital58.com.ve\/site\/2024\/10\/25\/otro-premio-sajarov-para-venezuela-no-dejar-de-alzar-la-voz\/"},"wordCount":900,"commentCount":0,"publisher":{"@id":"https:\/\/digital58.com.ve\/site\/#\/schema\/person\/64d1c2e4d0d4fd1b849980c4331c2951"},"image":{"@id":"https:\/\/digital58.com.ve\/site\/2024\/10\/25\/otro-premio-sajarov-para-venezuela-no-dejar-de-alzar-la-voz\/#primaryimage"},"thumbnailUrl":"https:\/\/digital58.com.ve\/site\/wp-content\/uploads\/2024\/10\/70590328_1004.webp","keywords":["Edmundo Gonz\u00e1lez Urrutia","Euroc\u00e1mara","Mar\u00eda Corina Machado","Nicol\u00e1s Maduro Moros","OMCT","Oposici\u00f3n Venezolana","Parlamento Europeo","premio S\u00e1jarov","Venezuela"],"articleSection":["Mundo"],"inLanguage":"es","potentialAction":[{"@type":"CommentAction","name":"Comment","target":["https:\/\/digital58.com.ve\/site\/2024\/10\/25\/otro-premio-sajarov-para-venezuela-no-dejar-de-alzar-la-voz\/#respond"]}]},{"@type":"WebPage","@id":"https:\/\/digital58.com.ve\/site\/2024\/10\/25\/otro-premio-sajarov-para-venezuela-no-dejar-de-alzar-la-voz\/","url":"https:\/\/digital58.com.ve\/site\/2024\/10\/25\/otro-premio-sajarov-para-venezuela-no-dejar-de-alzar-la-voz\/","name":"Otro premio S\u00e1jarov para Venezuela: \u00abNo dejar de alzar la voz\u00bb","isPartOf":{"@id":"https:\/\/digital58.com.ve\/site\/#website"},"primaryImageOfPage":{"@id":"https:\/\/digital58.com.ve\/site\/2024\/10\/25\/otro-premio-sajarov-para-venezuela-no-dejar-de-alzar-la-voz\/#primaryimage"},"image":{"@id":"https:\/\/digital58.com.ve\/site\/2024\/10\/25\/otro-premio-sajarov-para-venezuela-no-dejar-de-alzar-la-voz\/#primaryimage"},"thumbnailUrl":"https:\/\/digital58.com.ve\/site\/wp-content\/uploads\/2024\/10\/70590328_1004.webp","datePublished":"2024-10-25T13:15:11+00:00","breadcrumb":{"@id":"https:\/\/digital58.com.ve\/site\/2024\/10\/25\/otro-premio-sajarov-para-venezuela-no-dejar-de-alzar-la-voz\/#breadcrumb"},"inLanguage":"es","potentialAction":[{"@type":"ReadAction","target":["https:\/\/digital58.com.ve\/site\/2024\/10\/25\/otro-premio-sajarov-para-venezuela-no-dejar-de-alzar-la-voz\/"]}]},{"@type":"ImageObject","inLanguage":"es","@id":"https:\/\/digital58.com.ve\/site\/2024\/10\/25\/otro-premio-sajarov-para-venezuela-no-dejar-de-alzar-la-voz\/#primaryimage","url":"https:\/\/digital58.com.ve\/site\/wp-content\/uploads\/2024\/10\/70590328_1004.webp","contentUrl":"https:\/\/digital58.com.ve\/site\/wp-content\/uploads\/2024\/10\/70590328_1004.webp","width":1200,"height":525},{"@type":"BreadcrumbList","@id":"https:\/\/digital58.com.ve\/site\/2024\/10\/25\/otro-premio-sajarov-para-venezuela-no-dejar-de-alzar-la-voz\/#breadcrumb","itemListElement":[{"@type":"ListItem","position":1,"name":"Home","item":"https:\/\/digital58.com.ve\/site\/"},{"@type":"ListItem","position":2,"name":"Otro premio S\u00e1jarov para Venezuela: \u00abNo dejar de alzar la voz\u00bb"}]},{"@type":"WebSite","@id":"https:\/\/digital58.com.ve\/site\/#website","url":"https:\/\/digital58.com.ve\/site\/","name":"Noticias Digital58","description":"Portal de Noticias \u00a1Periodismo web de verdad! Lanzamiento web 22.11.2005 \/ Maracaibo, Venezuela","publisher":{"@id":"https:\/\/digital58.com.ve\/site\/#\/schema\/person\/64d1c2e4d0d4fd1b849980c4331c2951"},"alternateName":"ND58","potentialAction":[{"@type":"SearchAction","target":{"@type":"EntryPoint","urlTemplate":"https:\/\/digital58.com.ve\/site\/?s={search_term_string}"},"query-input":{"@type":"PropertyValueSpecification","valueRequired":true,"valueName":"search_term_string"}}],"inLanguage":"es"},{"@type":["Person","Organization"],"@id":"https:\/\/digital58.com.ve\/site\/#\/schema\/person\/64d1c2e4d0d4fd1b849980c4331c2951","name":"Villasmil Henry","image":{"@type":"ImageObject","inLanguage":"es","@id":"https:\/\/secure.gravatar.com\/avatar\/bb0c4a2fcb7970138239f7e404ea75757b1b507b28b5ce4c53fbd62d797c5a7c?s=96&d=mm&r=g","url":"https:\/\/secure.gravatar.com\/avatar\/bb0c4a2fcb7970138239f7e404ea75757b1b507b28b5ce4c53fbd62d797c5a7c?s=96&d=mm&r=g","contentUrl":"https:\/\/secure.gravatar.com\/avatar\/bb0c4a2fcb7970138239f7e404ea75757b1b507b28b5ce4c53fbd62d797c5a7c?s=96&d=mm&r=g","caption":"Villasmil Henry"},"logo":{"@id":"https:\/\/secure.gravatar.com\/avatar\/bb0c4a2fcb7970138239f7e404ea75757b1b507b28b5ce4c53fbd62d797c5a7c?s=96&d=mm&r=g"},"sameAs":["http:\/\/www.henryvillasmil.com.ve","https:\/\/www.instagram.com\/villasmilhfoto\/","https:\/\/x.com\/https:\/\/twitter.com\/villasmilhfoto"],"url":"https:\/\/digital58.com.ve\/site\/author\/droopy_68\/"}]}},"uagb_featured_image_src":{"full":["https:\/\/digital58.com.ve\/site\/wp-content\/uploads\/2024\/10\/70590328_1004.webp",1200,525,false],"thumbnail":["https:\/\/digital58.com.ve\/site\/wp-content\/uploads\/2024\/10\/70590328_1004-150x150.webp",150,150,true],"medium":["https:\/\/digital58.com.ve\/site\/wp-content\/uploads\/2024\/10\/70590328_1004-300x131.webp",300,131,true],"medium_large":["https:\/\/digital58.com.ve\/site\/wp-content\/uploads\/2024\/10\/70590328_1004-768x336.webp",768,336,true],"large":["https:\/\/digital58.com.ve\/site\/wp-content\/uploads\/2024\/10\/70590328_1004-1000x438.webp",800,350,true],"1536x1536":["https:\/\/digital58.com.ve\/site\/wp-content\/uploads\/2024\/10\/70590328_1004.webp",1200,525,false],"2048x2048":["https:\/\/digital58.com.ve\/site\/wp-content\/uploads\/2024\/10\/70590328_1004.webp",1200,525,false],"colormag-highlighted-post":["https:\/\/digital58.com.ve\/site\/wp-content\/uploads\/2024\/10\/70590328_1004-392x272.webp",392,272,true],"colormag-featured-post-medium":["https:\/\/digital58.com.ve\/site\/wp-content\/uploads\/2024\/10\/70590328_1004-390x205.webp",390,205,true],"colormag-featured-post-small":["https:\/\/digital58.com.ve\/site\/wp-content\/uploads\/2024\/10\/70590328_1004-130x90.webp",130,90,true],"colormag-featured-image":["https:\/\/digital58.com.ve\/site\/wp-content\/uploads\/2024\/10\/70590328_1004-800x445.webp",800,445,true],"colormag-default-news":["https:\/\/digital58.com.ve\/site\/wp-content\/uploads\/2024\/10\/70590328_1004-150x150.webp",150,150,true],"colormag-featured-image-large":["https:\/\/digital58.com.ve\/site\/wp-content\/uploads\/2024\/10\/70590328_1004.webp",1200,525,false]},"uagb_author_info":{"display_name":"Villasmil Henry","author_link":"https:\/\/digital58.com.ve\/site\/author\/droopy_68\/"},"uagb_comment_info":0,"uagb_excerpt":"La oposici\u00f3n venezolana se lleva por segunda vez un Premio S\u00e1jarov a la Libertad de la Conciencia. \u00abLa crisis es","_links":{"self":[{"href":"https:\/\/digital58.com.ve\/site\/wp-json\/wp\/v2\/posts\/180846","targetHints":{"allow":["GET"]}}],"collection":[{"href":"https:\/\/digital58.com.ve\/site\/wp-json\/wp\/v2\/posts"}],"about":[{"href":"https:\/\/digital58.com.ve\/site\/wp-json\/wp\/v2\/types\/post"}],"author":[{"embeddable":true,"href":"https:\/\/digital58.com.ve\/site\/wp-json\/wp\/v2\/users\/1"}],"replies":[{"embeddable":true,"href":"https:\/\/digital58.com.ve\/site\/wp-json\/wp\/v2\/comments?post=180846"}],"version-history":[{"count":1,"href":"https:\/\/digital58.com.ve\/site\/wp-json\/wp\/v2\/posts\/180846\/revisions"}],"predecessor-version":[{"id":180848,"href":"https:\/\/digital58.com.ve\/site\/wp-json\/wp\/v2\/posts\/180846\/revisions\/180848"}],"wp:featuredmedia":[{"embeddable":true,"href":"https:\/\/digital58.com.ve\/site\/wp-json\/wp\/v2\/media\/180847"}],"wp:attachment":[{"href":"https:\/\/digital58.com.ve\/site\/wp-json\/wp\/v2\/media?parent=180846"}],"wp:term":[{"taxonomy":"category","embeddable":true,"href":"https:\/\/digital58.com.ve\/site\/wp-json\/wp\/v2\/categories?post=180846"},{"taxonomy":"post_tag","embeddable":true,"href":"https:\/\/digital58.com.ve\/site\/wp-json\/wp\/v2\/tags?post=180846"}],"curies":[{"name":"wp","href":"https:\/\/api.w.org\/{rel}","templated":true}]}}