{"id":181505,"date":"2024-11-18T22:32:10","date_gmt":"2024-11-19T02:32:10","guid":{"rendered":"https:\/\/digital58.com.ve\/site\/?p=181505"},"modified":"2024-11-20T12:01:58","modified_gmt":"2024-11-20T16:01:58","slug":"felipe-pelaez-enamoro-y-causo-furor-con-su-romanticismo-durante-la-edicion-58-de-la-feria-de-la-chinita","status":"publish","type":"post","link":"https:\/\/digital58.com.ve\/site\/2024\/11\/18\/felipe-pelaez-enamoro-y-causo-furor-con-su-romanticismo-durante-la-edicion-58-de-la-feria-de-la-chinita\/","title":{"rendered":"Felipe Pel\u00e1ez enamor\u00f3 y caus\u00f3 furor con su romanticismo durante la edici\u00f3n 58 de la Feria de la Chinita"},"content":{"rendered":"<p><a href=\"https:\/\/digital58.com.ve\/site\/wp-content\/uploads\/2024\/11\/felipe-pelaez-1.webp\"><img loading=\"lazy\" decoding=\"async\" class=\"aligncenter size-full wp-image-181544\" src=\"https:\/\/digital58.com.ve\/site\/wp-content\/uploads\/2024\/11\/felipe-pelaez-1.webp\" alt=\"\" width=\"1000\" height=\"667\" srcset=\"https:\/\/digital58.com.ve\/site\/wp-content\/uploads\/2024\/11\/felipe-pelaez-1.webp 1000w, https:\/\/digital58.com.ve\/site\/wp-content\/uploads\/2024\/11\/felipe-pelaez-1-300x200.webp 300w, https:\/\/digital58.com.ve\/site\/wp-content\/uploads\/2024\/11\/felipe-pelaez-1-768x512.webp 768w\" sizes=\"auto, (max-width: 1000px) 100vw, 1000px\" \/><\/a><\/p>\n<p>\u00abPipe\u00bb se present\u00f3 en la tarima de 5 de Julio este s\u00e1bado 16 de noviembre en las fiestas patronales de la Virgen de Chiquinquir\u00e1.<\/p>\n<p><strong>Maracaibo, Zulia, Venezuela, 18 de noviembre de 2024 (ND58).-<\/strong> Una vez m\u00e1s el cantautor colombo-venezolano Felipe Pel\u00e1ez dej\u00f3 claro que es el cantante vallenato que aflora todo el romanticismo en el escenario y es algo que los maracaiberos agradecen, pues sus canciones no solo enamoran, sino que hacen delirar a sus fieles seguidores que a\u00f1oraban reencontrarse con \u00e9l durante la celebraci\u00f3n de las Feria de la Chinita.<\/p>\n<p><a href=\"https:\/\/digital58.com.ve\/site\/wp-content\/uploads\/2024\/11\/felipe-pelaez-8.webp\"><img loading=\"lazy\" decoding=\"async\" class=\"aligncenter size-full wp-image-181545\" src=\"https:\/\/digital58.com.ve\/site\/wp-content\/uploads\/2024\/11\/felipe-pelaez-8.webp\" alt=\"\" width=\"1000\" height=\"667\" srcset=\"https:\/\/digital58.com.ve\/site\/wp-content\/uploads\/2024\/11\/felipe-pelaez-8.webp 1000w, https:\/\/digital58.com.ve\/site\/wp-content\/uploads\/2024\/11\/felipe-pelaez-8-300x200.webp 300w, https:\/\/digital58.com.ve\/site\/wp-content\/uploads\/2024\/11\/felipe-pelaez-8-768x512.webp 768w\" sizes=\"auto, (max-width: 1000px) 100vw, 1000px\" \/><\/a><\/p>\n<p>En esta edici\u00f3n 58 no pod\u00eda ser la excepci\u00f3n y por eso, a pesar de sus m\u00faltiples ocupaciones de trabajo en Estados Unidos y Colombia, \u00abPipe\u00bb hizo un \u00abstop\u00bb para complacer a los zulianos quienes lo aclamaron en las redes sociales tras develarse el cartel oficial de artistas que estar\u00edan en esta entrega y en la que \u00e9l a\u00fan no hab\u00eda sido confirmado.<\/p>\n<p><a href=\"https:\/\/digital58.com.ve\/site\/wp-content\/uploads\/2024\/11\/felipe-pelaez-6.webp\"><img loading=\"lazy\" decoding=\"async\" class=\"aligncenter size-full wp-image-181539\" src=\"https:\/\/digital58.com.ve\/site\/wp-content\/uploads\/2024\/11\/felipe-pelaez-6.webp\" alt=\"\" width=\"1000\" height=\"649\" srcset=\"https:\/\/digital58.com.ve\/site\/wp-content\/uploads\/2024\/11\/felipe-pelaez-6.webp 1000w, https:\/\/digital58.com.ve\/site\/wp-content\/uploads\/2024\/11\/felipe-pelaez-6-300x195.webp 300w, https:\/\/digital58.com.ve\/site\/wp-content\/uploads\/2024\/11\/felipe-pelaez-6-768x498.webp 768w\" sizes=\"auto, (max-width: 1000px) 100vw, 1000px\" \/><\/a><\/p>\n<p>Con una emoci\u00f3n que le brotaba por los poros al estar de frente ante las amplias cuadras de la avenida 5 de julio, el int\u00e9rprete de \u00abEl amor m\u00e1s grande del planeta\u00bb, no solo logr\u00f3 esa conexi\u00f3n especial con los zulianos, sino que tambi\u00e9n demostr\u00f3 que sigue siendo en consentido de esta celebraci\u00f3n.<\/p>\n<p><a href=\"https:\/\/digital58.com.ve\/site\/wp-content\/uploads\/2024\/11\/felipe-pelaez-2.webp\"><img loading=\"lazy\" decoding=\"async\" class=\"aligncenter size-full wp-image-181543\" src=\"https:\/\/digital58.com.ve\/site\/wp-content\/uploads\/2024\/11\/felipe-pelaez-2.webp\" alt=\"\" width=\"1000\" height=\"667\" srcset=\"https:\/\/digital58.com.ve\/site\/wp-content\/uploads\/2024\/11\/felipe-pelaez-2.webp 1000w, https:\/\/digital58.com.ve\/site\/wp-content\/uploads\/2024\/11\/felipe-pelaez-2-300x200.webp 300w, https:\/\/digital58.com.ve\/site\/wp-content\/uploads\/2024\/11\/felipe-pelaez-2-768x512.webp 768w\" sizes=\"auto, (max-width: 1000px) 100vw, 1000px\" \/><\/a><\/p>\n<p>\u00abEstar en Maracaibo es para m\u00ed siempre gratificante. Aqu\u00ed atesoro los recuerdos m\u00e1s bonitos de mi carrera en la que ya estoy celebrando 20 a\u00f1os y en la que seguramente volver\u00e9 para brindarles un <em>show<\/em> de tres horas o m\u00e1s para que podamos seguir disfrutando en grande\u00bb, dijo el artista tras la ovaci\u00f3n de sus declaraciones.<\/p>\n<p><a href=\"https:\/\/digital58.com.ve\/site\/wp-content\/uploads\/2024\/11\/felipe-pelaez-3.webp\"><img loading=\"lazy\" decoding=\"async\" class=\"aligncenter size-full wp-image-181542\" src=\"https:\/\/digital58.com.ve\/site\/wp-content\/uploads\/2024\/11\/felipe-pelaez-3.webp\" alt=\"\" width=\"1000\" height=\"599\" srcset=\"https:\/\/digital58.com.ve\/site\/wp-content\/uploads\/2024\/11\/felipe-pelaez-3.webp 1000w, https:\/\/digital58.com.ve\/site\/wp-content\/uploads\/2024\/11\/felipe-pelaez-3-300x180.webp 300w, https:\/\/digital58.com.ve\/site\/wp-content\/uploads\/2024\/11\/felipe-pelaez-3-768x460.webp 768w\" sizes=\"auto, (max-width: 1000px) 100vw, 1000px\" \/><\/a><\/p>\n<p>\u00abVivo pensando en ti\u00bb, \u00abBorra mi mensaje\u00bb, \u00abCaminar\u00e9\u00bb, entre otros \u00e9xitos formaron parte de su repertorio que fue coreado al un\u00edsono con su p\u00fablico que se rindi\u00f3 a sus pies y se enamor\u00f3 una vez m\u00e1s de sus letras.<\/p>\n<p><a href=\"https:\/\/digital58.com.ve\/site\/wp-content\/uploads\/2024\/11\/felipe-pelaez-4.webp\"><img loading=\"lazy\" decoding=\"async\" class=\"aligncenter size-full wp-image-181541\" src=\"https:\/\/digital58.com.ve\/site\/wp-content\/uploads\/2024\/11\/felipe-pelaez-4.webp\" alt=\"\" width=\"1000\" height=\"667\" srcset=\"https:\/\/digital58.com.ve\/site\/wp-content\/uploads\/2024\/11\/felipe-pelaez-4.webp 1000w, https:\/\/digital58.com.ve\/site\/wp-content\/uploads\/2024\/11\/felipe-pelaez-4-300x200.webp 300w, https:\/\/digital58.com.ve\/site\/wp-content\/uploads\/2024\/11\/felipe-pelaez-4-768x512.webp 768w\" sizes=\"auto, (max-width: 1000px) 100vw, 1000px\" \/><\/a><\/p>\n<p>Este reencuentro multitudinario entre Felipe Pel\u00e1ez y sus<em> fans<\/em> se volvi\u00f3 por instantes en una velada muy \u00edntima en la que hubo sorpresas como la presentaci\u00f3n oficial de su nuevo acordeonero Mateo L\u00f3pez y la presencia de Poncho Zuleta quien aguardaba a un lado de la tarima para realizar su <em>show<\/em>. Ambos artistas se juntaron por un momento y en un gesto de respeto y admiraci\u00f3n entre ambos desataron la alegr\u00eda de los presentes.<\/p>\n<p><a href=\"https:\/\/digital58.com.ve\/site\/wp-content\/uploads\/2024\/11\/felipe-pelaez-5.webp\"><img loading=\"lazy\" decoding=\"async\" class=\"aligncenter size-full wp-image-181540\" src=\"https:\/\/digital58.com.ve\/site\/wp-content\/uploads\/2024\/11\/felipe-pelaez-5.webp\" alt=\"\" width=\"1000\" height=\"640\" srcset=\"https:\/\/digital58.com.ve\/site\/wp-content\/uploads\/2024\/11\/felipe-pelaez-5.webp 1000w, https:\/\/digital58.com.ve\/site\/wp-content\/uploads\/2024\/11\/felipe-pelaez-5-300x192.webp 300w, https:\/\/digital58.com.ve\/site\/wp-content\/uploads\/2024\/11\/felipe-pelaez-5-768x492.webp 768w\" sizes=\"auto, (max-width: 1000px) 100vw, 1000px\" \/><\/a><\/p>\n<p>Todo ello, permiti\u00f3 que la presentaci\u00f3n de \u00abPipe\u00bb se convirtiera en la favorita de la noche, pues luego de ello solo se escuchaba la ovaci\u00f3n por un pronto regreso a esta ciudad que ha visto crecer a este artista que no olvida sus ra\u00edces y el amor que es rec\u00edproco con su fiel fanaticada.<\/p>\n<p><a href=\"https:\/\/digital58.com.ve\/site\/wp-content\/uploads\/2024\/11\/felipe-pelaez-7.webp\"><img loading=\"lazy\" decoding=\"async\" class=\"aligncenter size-full wp-image-181538\" src=\"https:\/\/digital58.com.ve\/site\/wp-content\/uploads\/2024\/11\/felipe-pelaez-7.webp\" alt=\"\" width=\"1000\" height=\"667\" srcset=\"https:\/\/digital58.com.ve\/site\/wp-content\/uploads\/2024\/11\/felipe-pelaez-7.webp 1000w, https:\/\/digital58.com.ve\/site\/wp-content\/uploads\/2024\/11\/felipe-pelaez-7-300x200.webp 300w, https:\/\/digital58.com.ve\/site\/wp-content\/uploads\/2024\/11\/felipe-pelaez-7-768x512.webp 768w\" sizes=\"auto, (max-width: 1000px) 100vw, 1000px\" \/><\/a><\/p>\n<div class=\"lyte-wrapper\" title=\"\ud83d\udccc &laquo;Pipe&raquo; se present&oacute; en la tarima de 5 de Julio este 16 de noviembre en la Feria de La Chinita\" style=\"width:640px;max-width:100%;margin:5px auto;\"><div class=\"lyMe\" id=\"WYL_LEjs7RDTNdI\" itemprop=\"video\" itemscope itemtype=\"https:\/\/schema.org\/VideoObject\"><div><meta itemprop=\"thumbnailUrl\" content=\"https:\/\/i.ytimg.com\/vi\/LEjs7RDTNdI\/hqdefault.jpg\" \/><meta itemprop=\"embedURL\" content=\"https:\/\/www.youtube.com\/embed\/LEjs7RDTNdI\" \/><meta itemprop=\"duration\" content=\"PT9M52S\" \/><meta itemprop=\"uploadDate\" content=\"2024-11-20T14:30:49Z\" \/><\/div><div id=\"lyte_LEjs7RDTNdI\" data-src=\"https:\/\/i.ytimg.com\/vi\/LEjs7RDTNdI\/hqdefault.jpg\" class=\"pL\"><div class=\"tC\"><div class=\"tT\" itemprop=\"name\">\ud83d\udccc \u00abPipe\u00bb se present\u00f3 en la tarima de 5 de Julio este 16 de noviembre en la Feria de La Chinita<\/div><\/div><div class=\"play\"><\/div><div class=\"ctrl\"><div class=\"Lctrl\"><\/div><div class=\"Rctrl\"><\/div><\/div><\/div><noscript><a href=\"https:\/\/youtu.be\/LEjs7RDTNdI\" rel=\"nofollow\"><img loading=\"lazy\" decoding=\"async\" src=\"https:\/\/i.ytimg.com\/vi\/LEjs7RDTNdI\/0.jpg\" alt=\"\ud83d\udccc &laquo;Pipe&raquo; se present&oacute; en la tarima de 5 de Julio este 16 de noviembre en la Feria de La Chinita\" width=\"640\" height=\"340\" \/><br \/>Ver este video en YouTube<\/a><\/noscript><meta itemprop=\"description\" content=\"\ud83d\udc49 En esta edici\u00f3n 58 no pod\u00eda ser la excepci\u00f3n y por eso, a pesar de sus m\u00faltiples ocupaciones de trabajo en Estados Unidos y Colombia, \u00abPipe\u00bb hizo un \u00abstop\u00bb para complacer a los zulianos quienes lo aclamaron en las redes sociales tras develarse el cartel oficial de artistas que estar\u00edan en esta entrega y en la que \u00e9l a\u00fan no hab\u00eda sido confirmado. M\u00fasica original ND58: Armando Hern\u00e1ndez (@armanditohernandez)Voz Marca Principal: (@neomarcr1)Voz Marca: Ana Sofia Morales (@anasofsinger)Guitarras: Humbert Urdaneta (@nosoysanz)C\u00e1mara: @villasmilhfoto Direcci\u00f3n y edici\u00f3n: @villasmilhfoto #felipepelaez #FeriaDeLaChinita2024 #Maracaibo #nd58 S\u00edguenos #nd58 Telegram: https:\/\/t.me\/noticiasdigital58Youtube: https:\/\/youtube.com\/@Digital58Mastodon: https:\/\/mastodon.online\/@noticiasd58Threads: https:\/\/threads.net\/@digital_58X: https:\/\/twitter.com\/Digital_58Instagram: https:\/\/instagram.com\/digital_58\/Facebook: https:\/\/facebook.com\/digital58Tiktok: https:\/\/tiktok.com\/@noticiasdigital58\"><\/div><\/div><div class=\"lL\" style=\"max-width:100%;width:640px;margin:5px auto;\"><\/div><\/p>\n<p><strong>Redacci\u00f3n ND58 \/ Trujillo, Gabriela<\/strong><br \/>\n<strong>Edici\u00f3n: Villasmil, Henry<\/strong><br \/>\n<strong>Gr\u00e1ficas: @villasmilhfoto<\/strong><\/p>\n<p>&nbsp;<\/p>\n<p>&nbsp;<\/p>\n<p>&nbsp;<\/p>\n<p>&nbsp;<\/p><div class=\"jrnjq69f02b84f26e7\" ><p style=\"text-align: center;\"><a href=\"https:\/\/t.me\/noticiasdigital58\" target=\"_blank\" rel=\"noopener\"><img class=\"aligncenter size-full wp-image-125363\" src=\"https:\/\/digital58.com.ve\/site\/wp-content\/uploads\/2021\/04\/banner-telegram-web-2021.png\" alt=\"\" width=\"600\" height=\"90\" \/><\/a><\/p><\/div><style type=\"text\/css\">\r\n@media screen and (min-width: 1201px) {\r\n.jrnjq69f02b84f26e7 {\r\ndisplay: block;\r\n}\r\n}\r\n@media screen and (min-width: 993px) and (max-width: 1200px) {\r\n.jrnjq69f02b84f26e7 {\r\ndisplay: block;\r\n}\r\n}\r\n@media screen and (min-width: 769px) and (max-width: 992px) {\r\n.jrnjq69f02b84f26e7 {\r\ndisplay: block;\r\n}\r\n}\r\n@media screen and (min-width: 768px) and (max-width: 768px) {\r\n.jrnjq69f02b84f26e7 {\r\ndisplay: block;\r\n}\r\n}\r\n@media screen and (max-width: 767px) {\r\n.jrnjq69f02b84f26e7 {\r\ndisplay: block;\r\n}\r\n}\r\n<\/style>\r\n\n<p>&nbsp;<\/p>\n<div style=\"margin-top: 0px; margin-bottom: 0px;\" class=\"sharethis-inline-share-buttons\" ><\/div>","protected":false},"excerpt":{"rendered":"<p>\u00abPipe\u00bb se present\u00f3 en la tarima de 5 de Julio este s\u00e1bado 16 de noviembre en las fiestas patronales de<\/p>\n","protected":false},"author":48,"featured_media":181542,"comment_status":"open","ping_status":"closed","sticky":false,"template":"","format":"standard","meta":{"colormag_page_container_layout":"default_layout","colormag_page_sidebar_layout":"default_layout","_uag_custom_page_level_css":"","footnotes":""},"categories":[1],"tags":[33735,83,50,1702,31029,34078,27544,73,233,2354,34112,32,761],"class_list":["post-181505","post","type-post","status-publish","format-standard","has-post-thumbnail","hentry","category-fama","tag-amanacer-vallenato-2024","tag-conciertos","tag-entretenimiento","tag-felipe-pelaez","tag-felipe-pelaez-tour-sinfonico","tag-feria-de-la-chinita-2024","tag-genero-vallenato","tag-maracaibo","tag-nacionales","tag-regionales","tag-tarima-de-5-de-julio","tag-venezuela","tag-zulia"],"yoast_head":"<!-- This site is optimized with the Yoast SEO plugin v27.4 - https:\/\/yoast.com\/product\/yoast-seo-wordpress\/ -->\n<title>Felipe Pel\u00e1ez enamor\u00f3 y caus\u00f3 furor con su romanticismo durante la edici\u00f3n 58 de la Feria de la Chinita<\/title>\n<meta name=\"robots\" content=\"index, follow, max-snippet:-1, max-image-preview:large, max-video-preview:-1\" \/>\n<link rel=\"canonical\" href=\"https:\/\/digital58.com.ve\/site\/2024\/11\/18\/felipe-pelaez-enamoro-y-causo-furor-con-su-romanticismo-durante-la-edicion-58-de-la-feria-de-la-chinita\/\" \/>\n<meta property=\"og:locale\" content=\"es_ES\" \/>\n<meta property=\"og:type\" content=\"article\" \/>\n<meta property=\"og:title\" content=\"Felipe Pel\u00e1ez enamor\u00f3 y caus\u00f3 furor con su romanticismo durante la edici\u00f3n 58 de la Feria de la Chinita\" \/>\n<meta property=\"og:url\" content=\"https:\/\/digital58.com.ve\/site\/2024\/11\/18\/felipe-pelaez-enamoro-y-causo-furor-con-su-romanticismo-durante-la-edicion-58-de-la-feria-de-la-chinita\/\" \/>\n<meta property=\"og:site_name\" content=\"Noticias Digital58\" \/>\n<meta property=\"article:published_time\" content=\"2024-11-19T02:32:10+00:00\" \/>\n<meta property=\"article:modified_time\" content=\"2024-11-20T16:01:58+00:00\" \/>\n<meta property=\"og:image\" content=\"https:\/\/digital58.com.ve\/site\/wp-content\/uploads\/2024\/11\/felipe-pelaez-3.webp\" \/>\n\t<meta property=\"og:image:width\" content=\"1000\" \/>\n\t<meta property=\"og:image:height\" content=\"599\" \/>\n\t<meta property=\"og:image:type\" content=\"image\/webp\" \/>\n<meta name=\"author\" content=\"Gabriela Trujillo\" \/>\n<meta name=\"twitter:card\" content=\"summary_large_image\" \/>\n<meta name=\"twitter:creator\" content=\"@Digital_58\" \/>\n<meta name=\"twitter:site\" content=\"@villasmilhfoto\" \/>\n<meta name=\"twitter:label1\" content=\"Escrito por\" \/>\n\t<meta name=\"twitter:data1\" content=\"Gabriela Trujillo\" \/>\n\t<meta name=\"twitter:label2\" content=\"Tiempo estimado de lectura\" \/>\n\t<meta name=\"twitter:data2\" content=\"2 minutos\" \/>\n<script type=\"application\/ld+json\" class=\"yoast-schema-graph\">{\"@context\":\"https:\\\/\\\/schema.org\",\"@graph\":[{\"@type\":\"Article\",\"@id\":\"https:\\\/\\\/digital58.com.ve\\\/site\\\/2024\\\/11\\\/18\\\/felipe-pelaez-enamoro-y-causo-furor-con-su-romanticismo-durante-la-edicion-58-de-la-feria-de-la-chinita\\\/#article\",\"isPartOf\":{\"@id\":\"https:\\\/\\\/digital58.com.ve\\\/site\\\/2024\\\/11\\\/18\\\/felipe-pelaez-enamoro-y-causo-furor-con-su-romanticismo-durante-la-edicion-58-de-la-feria-de-la-chinita\\\/\"},\"author\":{\"name\":\"Gabriela Trujillo\",\"@id\":\"https:\\\/\\\/digital58.com.ve\\\/site\\\/#\\\/schema\\\/person\\\/3a260c125a7d42ac2f32ca124810a7c3\"},\"headline\":\"Felipe Pel\u00e1ez enamor\u00f3 y caus\u00f3 furor con su romanticismo durante la edici\u00f3n 58 de la Feria de la Chinita\",\"datePublished\":\"2024-11-19T02:32:10+00:00\",\"dateModified\":\"2024-11-20T16:01:58+00:00\",\"mainEntityOfPage\":{\"@id\":\"https:\\\/\\\/digital58.com.ve\\\/site\\\/2024\\\/11\\\/18\\\/felipe-pelaez-enamoro-y-causo-furor-con-su-romanticismo-durante-la-edicion-58-de-la-feria-de-la-chinita\\\/\"},\"wordCount\":504,\"commentCount\":0,\"publisher\":{\"@id\":\"https:\\\/\\\/digital58.com.ve\\\/site\\\/#\\\/schema\\\/person\\\/64d1c2e4d0d4fd1b849980c4331c2951\"},\"image\":{\"@id\":\"https:\\\/\\\/digital58.com.ve\\\/site\\\/2024\\\/11\\\/18\\\/felipe-pelaez-enamoro-y-causo-furor-con-su-romanticismo-durante-la-edicion-58-de-la-feria-de-la-chinita\\\/#primaryimage\"},\"thumbnailUrl\":\"https:\\\/\\\/digital58.com.ve\\\/site\\\/wp-content\\\/uploads\\\/2024\\\/11\\\/felipe-pelaez-3.webp\",\"keywords\":[\"Amanacer Vallenato 2024\",\"Conciertos\",\"Entretenimiento\",\"Felipe Pel\u00e1ez\",\"Felipe Pel\u00e1ez Tour Sinfonico\",\"Feria de la Chinita 2024\",\"G\u00e9nero Vallenato\",\"Maracaibo\",\"Nacionales\",\"Regionales\",\"Tarima de 5 de Julio\",\"Venezuela\",\"Zulia\"],\"articleSection\":[\"Fama\"],\"inLanguage\":\"es\",\"potentialAction\":[{\"@type\":\"CommentAction\",\"name\":\"Comment\",\"target\":[\"https:\\\/\\\/digital58.com.ve\\\/site\\\/2024\\\/11\\\/18\\\/felipe-pelaez-enamoro-y-causo-furor-con-su-romanticismo-durante-la-edicion-58-de-la-feria-de-la-chinita\\\/#respond\"]}]},{\"@type\":\"WebPage\",\"@id\":\"https:\\\/\\\/digital58.com.ve\\\/site\\\/2024\\\/11\\\/18\\\/felipe-pelaez-enamoro-y-causo-furor-con-su-romanticismo-durante-la-edicion-58-de-la-feria-de-la-chinita\\\/\",\"url\":\"https:\\\/\\\/digital58.com.ve\\\/site\\\/2024\\\/11\\\/18\\\/felipe-pelaez-enamoro-y-causo-furor-con-su-romanticismo-durante-la-edicion-58-de-la-feria-de-la-chinita\\\/\",\"name\":\"Felipe Pel\u00e1ez enamor\u00f3 y caus\u00f3 furor con su romanticismo durante la edici\u00f3n 58 de la Feria de la Chinita\",\"isPartOf\":{\"@id\":\"https:\\\/\\\/digital58.com.ve\\\/site\\\/#website\"},\"primaryImageOfPage\":{\"@id\":\"https:\\\/\\\/digital58.com.ve\\\/site\\\/2024\\\/11\\\/18\\\/felipe-pelaez-enamoro-y-causo-furor-con-su-romanticismo-durante-la-edicion-58-de-la-feria-de-la-chinita\\\/#primaryimage\"},\"image\":{\"@id\":\"https:\\\/\\\/digital58.com.ve\\\/site\\\/2024\\\/11\\\/18\\\/felipe-pelaez-enamoro-y-causo-furor-con-su-romanticismo-durante-la-edicion-58-de-la-feria-de-la-chinita\\\/#primaryimage\"},\"thumbnailUrl\":\"https:\\\/\\\/digital58.com.ve\\\/site\\\/wp-content\\\/uploads\\\/2024\\\/11\\\/felipe-pelaez-3.webp\",\"datePublished\":\"2024-11-19T02:32:10+00:00\",\"dateModified\":\"2024-11-20T16:01:58+00:00\",\"breadcrumb\":{\"@id\":\"https:\\\/\\\/digital58.com.ve\\\/site\\\/2024\\\/11\\\/18\\\/felipe-pelaez-enamoro-y-causo-furor-con-su-romanticismo-durante-la-edicion-58-de-la-feria-de-la-chinita\\\/#breadcrumb\"},\"inLanguage\":\"es\",\"potentialAction\":[{\"@type\":\"ReadAction\",\"target\":[\"https:\\\/\\\/digital58.com.ve\\\/site\\\/2024\\\/11\\\/18\\\/felipe-pelaez-enamoro-y-causo-furor-con-su-romanticismo-durante-la-edicion-58-de-la-feria-de-la-chinita\\\/\"]}]},{\"@type\":\"ImageObject\",\"inLanguage\":\"es\",\"@id\":\"https:\\\/\\\/digital58.com.ve\\\/site\\\/2024\\\/11\\\/18\\\/felipe-pelaez-enamoro-y-causo-furor-con-su-romanticismo-durante-la-edicion-58-de-la-feria-de-la-chinita\\\/#primaryimage\",\"url\":\"https:\\\/\\\/digital58.com.ve\\\/site\\\/wp-content\\\/uploads\\\/2024\\\/11\\\/felipe-pelaez-3.webp\",\"contentUrl\":\"https:\\\/\\\/digital58.com.ve\\\/site\\\/wp-content\\\/uploads\\\/2024\\\/11\\\/felipe-pelaez-3.webp\",\"width\":1000,\"height\":599},{\"@type\":\"BreadcrumbList\",\"@id\":\"https:\\\/\\\/digital58.com.ve\\\/site\\\/2024\\\/11\\\/18\\\/felipe-pelaez-enamoro-y-causo-furor-con-su-romanticismo-durante-la-edicion-58-de-la-feria-de-la-chinita\\\/#breadcrumb\",\"itemListElement\":[{\"@type\":\"ListItem\",\"position\":1,\"name\":\"Home\",\"item\":\"https:\\\/\\\/digital58.com.ve\\\/site\\\/\"},{\"@type\":\"ListItem\",\"position\":2,\"name\":\"Felipe Pel\u00e1ez enamor\u00f3 y caus\u00f3 furor con su romanticismo durante la edici\u00f3n 58 de la Feria de la Chinita\"}]},{\"@type\":\"WebSite\",\"@id\":\"https:\\\/\\\/digital58.com.ve\\\/site\\\/#website\",\"url\":\"https:\\\/\\\/digital58.com.ve\\\/site\\\/\",\"name\":\"Noticias Digital58\",\"description\":\"Portal de Noticias \u00a1Periodismo web de verdad! Lanzamiento web 22.11.2005 \\\/ Maracaibo, Venezuela\",\"publisher\":{\"@id\":\"https:\\\/\\\/digital58.com.ve\\\/site\\\/#\\\/schema\\\/person\\\/64d1c2e4d0d4fd1b849980c4331c2951\"},\"alternateName\":\"ND58\",\"potentialAction\":[{\"@type\":\"SearchAction\",\"target\":{\"@type\":\"EntryPoint\",\"urlTemplate\":\"https:\\\/\\\/digital58.com.ve\\\/site\\\/?s={search_term_string}\"},\"query-input\":{\"@type\":\"PropertyValueSpecification\",\"valueRequired\":true,\"valueName\":\"search_term_string\"}}],\"inLanguage\":\"es\"},{\"@type\":[\"Person\",\"Organization\"],\"@id\":\"https:\\\/\\\/digital58.com.ve\\\/site\\\/#\\\/schema\\\/person\\\/64d1c2e4d0d4fd1b849980c4331c2951\",\"name\":\"Villasmil Henry\",\"image\":{\"@type\":\"ImageObject\",\"inLanguage\":\"es\",\"@id\":\"https:\\\/\\\/secure.gravatar.com\\\/avatar\\\/bb0c4a2fcb7970138239f7e404ea75757b1b507b28b5ce4c53fbd62d797c5a7c?s=96&d=mm&r=g\",\"url\":\"https:\\\/\\\/secure.gravatar.com\\\/avatar\\\/bb0c4a2fcb7970138239f7e404ea75757b1b507b28b5ce4c53fbd62d797c5a7c?s=96&d=mm&r=g\",\"contentUrl\":\"https:\\\/\\\/secure.gravatar.com\\\/avatar\\\/bb0c4a2fcb7970138239f7e404ea75757b1b507b28b5ce4c53fbd62d797c5a7c?s=96&d=mm&r=g\",\"caption\":\"Villasmil Henry\"},\"logo\":{\"@id\":\"https:\\\/\\\/secure.gravatar.com\\\/avatar\\\/bb0c4a2fcb7970138239f7e404ea75757b1b507b28b5ce4c53fbd62d797c5a7c?s=96&d=mm&r=g\"},\"sameAs\":[\"http:\\\/\\\/www.henryvillasmil.com.ve\",\"https:\\\/\\\/www.instagram.com\\\/villasmilhfoto\\\/\",\"https:\\\/\\\/x.com\\\/https:\\\/\\\/twitter.com\\\/villasmilhfoto\"]},{\"@type\":\"Person\",\"@id\":\"https:\\\/\\\/digital58.com.ve\\\/site\\\/#\\\/schema\\\/person\\\/3a260c125a7d42ac2f32ca124810a7c3\",\"name\":\"Gabriela Trujillo\",\"image\":{\"@type\":\"ImageObject\",\"inLanguage\":\"es\",\"@id\":\"https:\\\/\\\/secure.gravatar.com\\\/avatar\\\/780461cea0daa26a8d33c782ab21a72b59a5e9b00c37116fcbf2957f9d58f4ec?s=96&d=mm&r=g\",\"url\":\"https:\\\/\\\/secure.gravatar.com\\\/avatar\\\/780461cea0daa26a8d33c782ab21a72b59a5e9b00c37116fcbf2957f9d58f4ec?s=96&d=mm&r=g\",\"contentUrl\":\"https:\\\/\\\/secure.gravatar.com\\\/avatar\\\/780461cea0daa26a8d33c782ab21a72b59a5e9b00c37116fcbf2957f9d58f4ec?s=96&d=mm&r=g\",\"caption\":\"Gabriela Trujillo\"},\"url\":\"https:\\\/\\\/digital58.com.ve\\\/site\\\/author\\\/gabyt\\\/\"}]}<\/script>\n<!-- \/ Yoast SEO plugin. -->","yoast_head_json":{"title":"Felipe Pel\u00e1ez enamor\u00f3 y caus\u00f3 furor con su romanticismo durante la edici\u00f3n 58 de la Feria de la Chinita","robots":{"index":"index","follow":"follow","max-snippet":"max-snippet:-1","max-image-preview":"max-image-preview:large","max-video-preview":"max-video-preview:-1"},"canonical":"https:\/\/digital58.com.ve\/site\/2024\/11\/18\/felipe-pelaez-enamoro-y-causo-furor-con-su-romanticismo-durante-la-edicion-58-de-la-feria-de-la-chinita\/","og_locale":"es_ES","og_type":"article","og_title":"Felipe Pel\u00e1ez enamor\u00f3 y caus\u00f3 furor con su romanticismo durante la edici\u00f3n 58 de la Feria de la Chinita","og_url":"https:\/\/digital58.com.ve\/site\/2024\/11\/18\/felipe-pelaez-enamoro-y-causo-furor-con-su-romanticismo-durante-la-edicion-58-de-la-feria-de-la-chinita\/","og_site_name":"Noticias Digital58","article_published_time":"2024-11-19T02:32:10+00:00","article_modified_time":"2024-11-20T16:01:58+00:00","og_image":[{"width":1000,"height":599,"url":"https:\/\/digital58.com.ve\/site\/wp-content\/uploads\/2024\/11\/felipe-pelaez-3.webp","type":"image\/webp"}],"author":"Gabriela Trujillo","twitter_card":"summary_large_image","twitter_creator":"@Digital_58","twitter_site":"@villasmilhfoto","twitter_misc":{"Escrito por":"Gabriela Trujillo","Tiempo estimado de lectura":"2 minutos"},"schema":{"@context":"https:\/\/schema.org","@graph":[{"@type":"Article","@id":"https:\/\/digital58.com.ve\/site\/2024\/11\/18\/felipe-pelaez-enamoro-y-causo-furor-con-su-romanticismo-durante-la-edicion-58-de-la-feria-de-la-chinita\/#article","isPartOf":{"@id":"https:\/\/digital58.com.ve\/site\/2024\/11\/18\/felipe-pelaez-enamoro-y-causo-furor-con-su-romanticismo-durante-la-edicion-58-de-la-feria-de-la-chinita\/"},"author":{"name":"Gabriela Trujillo","@id":"https:\/\/digital58.com.ve\/site\/#\/schema\/person\/3a260c125a7d42ac2f32ca124810a7c3"},"headline":"Felipe Pel\u00e1ez enamor\u00f3 y caus\u00f3 furor con su romanticismo durante la edici\u00f3n 58 de la Feria de la Chinita","datePublished":"2024-11-19T02:32:10+00:00","dateModified":"2024-11-20T16:01:58+00:00","mainEntityOfPage":{"@id":"https:\/\/digital58.com.ve\/site\/2024\/11\/18\/felipe-pelaez-enamoro-y-causo-furor-con-su-romanticismo-durante-la-edicion-58-de-la-feria-de-la-chinita\/"},"wordCount":504,"commentCount":0,"publisher":{"@id":"https:\/\/digital58.com.ve\/site\/#\/schema\/person\/64d1c2e4d0d4fd1b849980c4331c2951"},"image":{"@id":"https:\/\/digital58.com.ve\/site\/2024\/11\/18\/felipe-pelaez-enamoro-y-causo-furor-con-su-romanticismo-durante-la-edicion-58-de-la-feria-de-la-chinita\/#primaryimage"},"thumbnailUrl":"https:\/\/digital58.com.ve\/site\/wp-content\/uploads\/2024\/11\/felipe-pelaez-3.webp","keywords":["Amanacer Vallenato 2024","Conciertos","Entretenimiento","Felipe Pel\u00e1ez","Felipe Pel\u00e1ez Tour Sinfonico","Feria de la Chinita 2024","G\u00e9nero Vallenato","Maracaibo","Nacionales","Regionales","Tarima de 5 de Julio","Venezuela","Zulia"],"articleSection":["Fama"],"inLanguage":"es","potentialAction":[{"@type":"CommentAction","name":"Comment","target":["https:\/\/digital58.com.ve\/site\/2024\/11\/18\/felipe-pelaez-enamoro-y-causo-furor-con-su-romanticismo-durante-la-edicion-58-de-la-feria-de-la-chinita\/#respond"]}]},{"@type":"WebPage","@id":"https:\/\/digital58.com.ve\/site\/2024\/11\/18\/felipe-pelaez-enamoro-y-causo-furor-con-su-romanticismo-durante-la-edicion-58-de-la-feria-de-la-chinita\/","url":"https:\/\/digital58.com.ve\/site\/2024\/11\/18\/felipe-pelaez-enamoro-y-causo-furor-con-su-romanticismo-durante-la-edicion-58-de-la-feria-de-la-chinita\/","name":"Felipe Pel\u00e1ez enamor\u00f3 y caus\u00f3 furor con su romanticismo durante la edici\u00f3n 58 de la Feria de la Chinita","isPartOf":{"@id":"https:\/\/digital58.com.ve\/site\/#website"},"primaryImageOfPage":{"@id":"https:\/\/digital58.com.ve\/site\/2024\/11\/18\/felipe-pelaez-enamoro-y-causo-furor-con-su-romanticismo-durante-la-edicion-58-de-la-feria-de-la-chinita\/#primaryimage"},"image":{"@id":"https:\/\/digital58.com.ve\/site\/2024\/11\/18\/felipe-pelaez-enamoro-y-causo-furor-con-su-romanticismo-durante-la-edicion-58-de-la-feria-de-la-chinita\/#primaryimage"},"thumbnailUrl":"https:\/\/digital58.com.ve\/site\/wp-content\/uploads\/2024\/11\/felipe-pelaez-3.webp","datePublished":"2024-11-19T02:32:10+00:00","dateModified":"2024-11-20T16:01:58+00:00","breadcrumb":{"@id":"https:\/\/digital58.com.ve\/site\/2024\/11\/18\/felipe-pelaez-enamoro-y-causo-furor-con-su-romanticismo-durante-la-edicion-58-de-la-feria-de-la-chinita\/#breadcrumb"},"inLanguage":"es","potentialAction":[{"@type":"ReadAction","target":["https:\/\/digital58.com.ve\/site\/2024\/11\/18\/felipe-pelaez-enamoro-y-causo-furor-con-su-romanticismo-durante-la-edicion-58-de-la-feria-de-la-chinita\/"]}]},{"@type":"ImageObject","inLanguage":"es","@id":"https:\/\/digital58.com.ve\/site\/2024\/11\/18\/felipe-pelaez-enamoro-y-causo-furor-con-su-romanticismo-durante-la-edicion-58-de-la-feria-de-la-chinita\/#primaryimage","url":"https:\/\/digital58.com.ve\/site\/wp-content\/uploads\/2024\/11\/felipe-pelaez-3.webp","contentUrl":"https:\/\/digital58.com.ve\/site\/wp-content\/uploads\/2024\/11\/felipe-pelaez-3.webp","width":1000,"height":599},{"@type":"BreadcrumbList","@id":"https:\/\/digital58.com.ve\/site\/2024\/11\/18\/felipe-pelaez-enamoro-y-causo-furor-con-su-romanticismo-durante-la-edicion-58-de-la-feria-de-la-chinita\/#breadcrumb","itemListElement":[{"@type":"ListItem","position":1,"name":"Home","item":"https:\/\/digital58.com.ve\/site\/"},{"@type":"ListItem","position":2,"name":"Felipe Pel\u00e1ez enamor\u00f3 y caus\u00f3 furor con su romanticismo durante la edici\u00f3n 58 de la Feria de la Chinita"}]},{"@type":"WebSite","@id":"https:\/\/digital58.com.ve\/site\/#website","url":"https:\/\/digital58.com.ve\/site\/","name":"Noticias Digital58","description":"Portal de Noticias \u00a1Periodismo web de verdad! Lanzamiento web 22.11.2005 \/ Maracaibo, Venezuela","publisher":{"@id":"https:\/\/digital58.com.ve\/site\/#\/schema\/person\/64d1c2e4d0d4fd1b849980c4331c2951"},"alternateName":"ND58","potentialAction":[{"@type":"SearchAction","target":{"@type":"EntryPoint","urlTemplate":"https:\/\/digital58.com.ve\/site\/?s={search_term_string}"},"query-input":{"@type":"PropertyValueSpecification","valueRequired":true,"valueName":"search_term_string"}}],"inLanguage":"es"},{"@type":["Person","Organization"],"@id":"https:\/\/digital58.com.ve\/site\/#\/schema\/person\/64d1c2e4d0d4fd1b849980c4331c2951","name":"Villasmil Henry","image":{"@type":"ImageObject","inLanguage":"es","@id":"https:\/\/secure.gravatar.com\/avatar\/bb0c4a2fcb7970138239f7e404ea75757b1b507b28b5ce4c53fbd62d797c5a7c?s=96&d=mm&r=g","url":"https:\/\/secure.gravatar.com\/avatar\/bb0c4a2fcb7970138239f7e404ea75757b1b507b28b5ce4c53fbd62d797c5a7c?s=96&d=mm&r=g","contentUrl":"https:\/\/secure.gravatar.com\/avatar\/bb0c4a2fcb7970138239f7e404ea75757b1b507b28b5ce4c53fbd62d797c5a7c?s=96&d=mm&r=g","caption":"Villasmil Henry"},"logo":{"@id":"https:\/\/secure.gravatar.com\/avatar\/bb0c4a2fcb7970138239f7e404ea75757b1b507b28b5ce4c53fbd62d797c5a7c?s=96&d=mm&r=g"},"sameAs":["http:\/\/www.henryvillasmil.com.ve","https:\/\/www.instagram.com\/villasmilhfoto\/","https:\/\/x.com\/https:\/\/twitter.com\/villasmilhfoto"]},{"@type":"Person","@id":"https:\/\/digital58.com.ve\/site\/#\/schema\/person\/3a260c125a7d42ac2f32ca124810a7c3","name":"Gabriela Trujillo","image":{"@type":"ImageObject","inLanguage":"es","@id":"https:\/\/secure.gravatar.com\/avatar\/780461cea0daa26a8d33c782ab21a72b59a5e9b00c37116fcbf2957f9d58f4ec?s=96&d=mm&r=g","url":"https:\/\/secure.gravatar.com\/avatar\/780461cea0daa26a8d33c782ab21a72b59a5e9b00c37116fcbf2957f9d58f4ec?s=96&d=mm&r=g","contentUrl":"https:\/\/secure.gravatar.com\/avatar\/780461cea0daa26a8d33c782ab21a72b59a5e9b00c37116fcbf2957f9d58f4ec?s=96&d=mm&r=g","caption":"Gabriela Trujillo"},"url":"https:\/\/digital58.com.ve\/site\/author\/gabyt\/"}]}},"uagb_featured_image_src":{"full":["https:\/\/digital58.com.ve\/site\/wp-content\/uploads\/2024\/11\/felipe-pelaez-3.webp",1000,599,false],"thumbnail":["https:\/\/digital58.com.ve\/site\/wp-content\/uploads\/2024\/11\/felipe-pelaez-3-150x150.webp",150,150,true],"medium":["https:\/\/digital58.com.ve\/site\/wp-content\/uploads\/2024\/11\/felipe-pelaez-3-300x180.webp",300,180,true],"medium_large":["https:\/\/digital58.com.ve\/site\/wp-content\/uploads\/2024\/11\/felipe-pelaez-3-768x460.webp",768,460,true],"large":["https:\/\/digital58.com.ve\/site\/wp-content\/uploads\/2024\/11\/felipe-pelaez-3.webp",800,479,false],"1536x1536":["https:\/\/digital58.com.ve\/site\/wp-content\/uploads\/2024\/11\/felipe-pelaez-3.webp",1000,599,false],"2048x2048":["https:\/\/digital58.com.ve\/site\/wp-content\/uploads\/2024\/11\/felipe-pelaez-3.webp",1000,599,false],"colormag-highlighted-post":["https:\/\/digital58.com.ve\/site\/wp-content\/uploads\/2024\/11\/felipe-pelaez-3-392x272.webp",392,272,true],"colormag-featured-post-medium":["https:\/\/digital58.com.ve\/site\/wp-content\/uploads\/2024\/11\/felipe-pelaez-3-390x205.webp",390,205,true],"colormag-featured-post-small":["https:\/\/digital58.com.ve\/site\/wp-content\/uploads\/2024\/11\/felipe-pelaez-3-130x90.webp",130,90,true],"colormag-featured-image":["https:\/\/digital58.com.ve\/site\/wp-content\/uploads\/2024\/11\/felipe-pelaez-3-800x445.webp",800,445,true],"colormag-default-news":["https:\/\/digital58.com.ve\/site\/wp-content\/uploads\/2024\/11\/felipe-pelaez-3-150x150.webp",150,150,true],"colormag-featured-image-large":["https:\/\/digital58.com.ve\/site\/wp-content\/uploads\/2024\/11\/felipe-pelaez-3.webp",1000,599,false]},"uagb_author_info":{"display_name":"Gabriela Trujillo","author_link":"https:\/\/digital58.com.ve\/site\/author\/gabyt\/"},"uagb_comment_info":0,"uagb_excerpt":"\u00abPipe\u00bb se present\u00f3 en la tarima de 5 de Julio este s\u00e1bado 16 de noviembre en las fiestas patronales de","_links":{"self":[{"href":"https:\/\/digital58.com.ve\/site\/wp-json\/wp\/v2\/posts\/181505","targetHints":{"allow":["GET"]}}],"collection":[{"href":"https:\/\/digital58.com.ve\/site\/wp-json\/wp\/v2\/posts"}],"about":[{"href":"https:\/\/digital58.com.ve\/site\/wp-json\/wp\/v2\/types\/post"}],"author":[{"embeddable":true,"href":"https:\/\/digital58.com.ve\/site\/wp-json\/wp\/v2\/users\/48"}],"replies":[{"embeddable":true,"href":"https:\/\/digital58.com.ve\/site\/wp-json\/wp\/v2\/comments?post=181505"}],"version-history":[{"count":4,"href":"https:\/\/digital58.com.ve\/site\/wp-json\/wp\/v2\/posts\/181505\/revisions"}],"predecessor-version":[{"id":181559,"href":"https:\/\/digital58.com.ve\/site\/wp-json\/wp\/v2\/posts\/181505\/revisions\/181559"}],"wp:featuredmedia":[{"embeddable":true,"href":"https:\/\/digital58.com.ve\/site\/wp-json\/wp\/v2\/media\/181542"}],"wp:attachment":[{"href":"https:\/\/digital58.com.ve\/site\/wp-json\/wp\/v2\/media?parent=181505"}],"wp:term":[{"taxonomy":"category","embeddable":true,"href":"https:\/\/digital58.com.ve\/site\/wp-json\/wp\/v2\/categories?post=181505"},{"taxonomy":"post_tag","embeddable":true,"href":"https:\/\/digital58.com.ve\/site\/wp-json\/wp\/v2\/tags?post=181505"}],"curies":[{"name":"wp","href":"https:\/\/api.w.org\/{rel}","templated":true}]}}