{"id":181829,"date":"2024-12-02T00:26:37","date_gmt":"2024-12-02T04:26:37","guid":{"rendered":"https:\/\/digital58.com.ve\/site\/?p=181829"},"modified":"2024-12-02T00:26:37","modified_gmt":"2024-12-02T04:26:37","slug":"muere-la-actriz-colombiana-sandra-reyes-reconocida-por-su-papel-de-paula-en-telenovela-pedro-el-escamoso","status":"publish","type":"post","link":"https:\/\/digital58.com.ve\/site\/2024\/12\/02\/muere-la-actriz-colombiana-sandra-reyes-reconocida-por-su-papel-de-paula-en-telenovela-pedro-el-escamoso\/","title":{"rendered":"Muere la actriz colombiana Sandra Reyes, reconocida por su papel de \u00abPaula\u00bb en telenovela \u00abPedro el Escamoso\u00bb"},"content":{"rendered":"<p id=\"maincontent\" class=\"headline__text inline-placeholder vossi-headline-text\" data-editable=\"headlineText\"><a href=\"https:\/\/digital58.com.ve\/site\/wp-content\/uploads\/2024\/12\/sandra-reyes-1.webp\"><img loading=\"lazy\" decoding=\"async\" class=\"aligncenter size-full wp-image-181830\" src=\"https:\/\/digital58.com.ve\/site\/wp-content\/uploads\/2024\/12\/sandra-reyes-1.webp\" alt=\"\" width=\"1000\" height=\"665\" srcset=\"https:\/\/digital58.com.ve\/site\/wp-content\/uploads\/2024\/12\/sandra-reyes-1.webp 1000w, https:\/\/digital58.com.ve\/site\/wp-content\/uploads\/2024\/12\/sandra-reyes-1-300x200.webp 300w, https:\/\/digital58.com.ve\/site\/wp-content\/uploads\/2024\/12\/sandra-reyes-1-768x511.webp 768w\" sizes=\"auto, (max-width: 1000px) 100vw, 1000px\" \/><\/a><\/p>\n<p>Reyes, nacida en Bogot\u00e1 el 31 de mayo de 1975, padec\u00eda c\u00e1ncer de mama desde hace varios a\u00f1os, que llev\u00f3 con reserva, seg\u00fan report\u00f3 la agencia EFE.<\/p>\n<p><strong>Colombia, 01 de diciembre de 2024 (ND58).-<\/strong>\u00a0 La actriz colombiana Sandra Reyes muri\u00f3 este domingo a los 49 a\u00f1os, confirm\u00f3 su representante Claudia Fl\u00f3rez en un mensaje publicado en X.<\/p>\n<p>\u00abTodo el talento y equipo de @CFRepre y yo en particular lamentamos la partida de nuestra querida Sandra y abrazamos y acompa\u00f1amos a su familia y a todos sus amigos y colegas en estos momentos\u00bb, dijo Fl\u00f3rez.<\/p>\n<p>Reyes tuvo una extensa trayectoria en la televisi\u00f3n colombiana y uno de sus papeles m\u00e1s recordados fue como \u00abPaula D\u00e1vila\u00bb en la telenovela \u00abPedro el Escamoso\u00bb, protagonizada por Miguel Varoni.<\/p>\n<div class=\"lyte-wrapper\" title=\"Pedro el escamoso - Paula le reclama a Pedro por su relaci&oacute;n con Mayerli y Laura - Caracol TV\" style=\"width:640px;max-width:100%;margin:5px auto;\"><div class=\"lyMe\" id=\"WYL_jQgXUCoDRj8\" itemprop=\"video\" itemscope itemtype=\"https:\/\/schema.org\/VideoObject\"><div><meta itemprop=\"thumbnailUrl\" content=\"https:\/\/i.ytimg.com\/vi\/jQgXUCoDRj8\/hqdefault.jpg\" \/><meta itemprop=\"embedURL\" content=\"https:\/\/www.youtube.com\/embed\/jQgXUCoDRj8\" \/><meta itemprop=\"duration\" content=\"PT5M15S\" \/><meta itemprop=\"uploadDate\" content=\"2021-08-03T04:08:47Z\" \/><\/div><div id=\"lyte_jQgXUCoDRj8\" data-src=\"https:\/\/i.ytimg.com\/vi\/jQgXUCoDRj8\/hqdefault.jpg\" class=\"pL\"><div class=\"tC\"><div class=\"tT\" itemprop=\"name\">Pedro el escamoso - Paula le reclama a Pedro por su relaci\u00f3n con Mayerli y Laura - Caracol TV<\/div><\/div><div class=\"play\"><\/div><div class=\"ctrl\"><div class=\"Lctrl\"><\/div><div class=\"Rctrl\"><\/div><\/div><\/div><noscript><a href=\"https:\/\/youtu.be\/jQgXUCoDRj8\" rel=\"nofollow\"><img loading=\"lazy\" decoding=\"async\" src=\"https:\/\/i.ytimg.com\/vi\/jQgXUCoDRj8\/0.jpg\" alt=\"Pedro el escamoso - Paula le reclama a Pedro por su relaci&oacute;n con Mayerli y Laura - Caracol TV\" width=\"640\" height=\"340\" \/><br \/>Ver este video en YouTube<\/a><\/noscript><meta itemprop=\"description\" content=\"Al creer que el hombre est\u00e1 jugando con las dos, Paula se encuentra con Pedro y no duda en empezar a decirle diferentes indirectas, hasta que el hombre le exige que sea directa. Mejores momentos: https:\/\/www.youtube.com\/playlist?list=PL4n8w5xOJJp3OBcW-XlqM_3XX9UGySmYb Pedro Coral es un hombre de m\u00e1s de 32 a\u00f1os, considerado el gal\u00e1n de su pueblo y a quien le toca salir huyendo de all\u00ed para evitar que lo maten por un l\u00edo de faldas. Adem\u00e1s de la ropa que lleva puesta, lo \u00fanico que tiene en los bolsillos es la direcci\u00f3n de la familia Pacheco, a donde llegar\u00e1 a pedir auxilio en la capital. Camino a su nuevo hogar, se encuentra con una bella mujer que llama poderosamente su atenci\u00f3n y que marcar\u00e1 su vida, la doctora Paula, por quien nacer\u00e1 un gran amor, pero su relaci\u00f3n tendr\u00e1 muchos enemigos. Elenco Pedro el Escamoso: Miguel Varoni, Sandra Reyes, Javier G\u00f3mez, Alina Lozano, Fernando Sol\u00f3rzano, Jairo Camargo, \u00c1lvaro Bayona, Andrea Guzm\u00e1n y Marcela Mar. Suscr\u00edbete [GRATIS] a nuestro canal en YouTube: http:\/\/bit.ly\/2CHpld2 S\u00edguenos en Google: http:\/\/bit.ly\/2m5tNMp Nuestras Redes Sociales: Instagram: https:\/\/www.instagram.com\/caracoltv Facebook: https:\/\/www.facebook.com\/CaracolTV Pinterest: https:\/\/es.pinterest.com\/caracoltv\/\"><\/div><\/div><div class=\"lL\" style=\"max-width:100%;width:640px;margin:5px auto;\"><\/div><\/p>\n<p>\u00abHasta siempre mi Doctora Paula\u2026 sumerce no sabe la falta que me va a hacer\u00bb, dijo Varoni en su cuenta verificada de Instagram junto con una foto de ellos dos de la producci\u00f3n televisiva.<\/p>\n<p>El ministro de Cultura de Colombia tambi\u00e9n lament\u00f3 la p\u00e9rdida de la actriz. \u00abEl Ministerio de Cultura lamenta la prematura muerte de la actriz Sandra Reyes: su lugar en la televisi\u00f3n juvenil de los a\u00f1os 90, as\u00ed como su carrera en las telenovelas y dramatizados, la hicieron una de las grandes actrices colombianas\u00bb, dijo el ministro Juan David Correa en un mensaje en X.<\/p>\n<p><a href=\"https:\/\/digital58.com.ve\/site\/wp-content\/uploads\/2024\/12\/sandra-reyes.webp\"><img loading=\"lazy\" decoding=\"async\" class=\"aligncenter size-full wp-image-181831\" src=\"https:\/\/digital58.com.ve\/site\/wp-content\/uploads\/2024\/12\/sandra-reyes.webp\" alt=\"\" width=\"1000\" height=\"563\" srcset=\"https:\/\/digital58.com.ve\/site\/wp-content\/uploads\/2024\/12\/sandra-reyes.webp 1000w, https:\/\/digital58.com.ve\/site\/wp-content\/uploads\/2024\/12\/sandra-reyes-300x169.webp 300w, https:\/\/digital58.com.ve\/site\/wp-content\/uploads\/2024\/12\/sandra-reyes-768x432.webp 768w\" sizes=\"auto, (max-width: 1000px) 100vw, 1000px\" \/><\/a><\/p>\n<p>La actriz comenz\u00f3 su carrera en 1994 en la serie \u00abClase Aparte\u00bb y desde entonces particip\u00f3 en varias producciones colombianas como \u00abEl cartel de los sapos\u00bb, \u00abLa mujer del presidente\u00bb y recientemente en \u00abRigo\u00bb, la serie biogr\u00e1fica del ciclista Rigoberto Ur\u00e1n.<\/p>\n<p><strong>Redacci\u00f3n ND58 | Fuente: EFE<\/strong><br \/>\n<strong>Edici\u00f3n: Villasmil, Henry<\/strong><br \/>\n<strong>Gr\u00e1fica<span class=\"inline-placeholder\" data-editable=\"metaCaption\">: Representante Claudia Fl\u00f3rez en X @ClauFlorezT<\/span><\/strong><\/p>\n<p>&nbsp;<\/p><div class=\"itkxd69ef75623c3b3\" ><p style=\"text-align: center;\"><a href=\"https:\/\/t.me\/noticiasdigital58\" target=\"_blank\" rel=\"noopener\"><img class=\"aligncenter size-full wp-image-125363\" src=\"https:\/\/digital58.com.ve\/site\/wp-content\/uploads\/2021\/04\/banner-telegram-web-2021.png\" alt=\"\" width=\"600\" height=\"90\" \/><\/a><\/p><\/div><style type=\"text\/css\">\r\n@media screen and (min-width: 1201px) {\r\n.itkxd69ef75623c3b3 {\r\ndisplay: block;\r\n}\r\n}\r\n@media screen and (min-width: 993px) and (max-width: 1200px) {\r\n.itkxd69ef75623c3b3 {\r\ndisplay: block;\r\n}\r\n}\r\n@media screen and (min-width: 769px) and (max-width: 992px) {\r\n.itkxd69ef75623c3b3 {\r\ndisplay: block;\r\n}\r\n}\r\n@media screen and (min-width: 768px) and (max-width: 768px) {\r\n.itkxd69ef75623c3b3 {\r\ndisplay: block;\r\n}\r\n}\r\n@media screen and (max-width: 767px) {\r\n.itkxd69ef75623c3b3 {\r\ndisplay: block;\r\n}\r\n}\r\n<\/style>\r\n\n<p>&nbsp;<\/p>\n<div style=\"margin-top: 0px; margin-bottom: 0px;\" class=\"sharethis-inline-share-buttons\" ><\/div>","protected":false},"excerpt":{"rendered":"<p>Reyes, nacida en Bogot\u00e1 el 31 de mayo de 1975, padec\u00eda c\u00e1ncer de mama desde hace varios a\u00f1os, que llev\u00f3<\/p>\n","protected":false},"author":1,"featured_media":181831,"comment_status":"open","ping_status":"closed","sticky":false,"template":"","format":"standard","meta":{"colormag_page_container_layout":"default_layout","colormag_page_sidebar_layout":"default_layout","_uag_custom_page_level_css":"","footnotes":""},"categories":[1],"tags":[1836,98,207,8,34146,34145,2125,134],"class_list":["post-181829","post","type-post","status-publish","format-standard","has-post-thumbnail","hentry","category-fama","tag-actrices","tag-colombia","tag-fallecimientos","tag-internacionales","tag-pedro-el-escamoso","tag-sandra-reyes","tag-telenovelas","tag-tv"],"yoast_head":"<!-- This site is optimized with the Yoast SEO plugin v27.4 - https:\/\/yoast.com\/product\/yoast-seo-wordpress\/ -->\n<title>Muere la actriz colombiana Sandra Reyes, reconocida por su papel de \u00abPaula\u00bb en telenovela \u00abPedro el Escamoso\u00bb<\/title>\n<meta name=\"robots\" content=\"index, follow, max-snippet:-1, max-image-preview:large, max-video-preview:-1\" \/>\n<link rel=\"canonical\" href=\"https:\/\/digital58.com.ve\/site\/2024\/12\/02\/muere-la-actriz-colombiana-sandra-reyes-reconocida-por-su-papel-de-paula-en-telenovela-pedro-el-escamoso\/\" \/>\n<meta property=\"og:locale\" content=\"es_ES\" \/>\n<meta property=\"og:type\" content=\"article\" \/>\n<meta property=\"og:title\" content=\"Muere la actriz colombiana Sandra Reyes, reconocida por su papel de \u00abPaula\u00bb en telenovela \u00abPedro el Escamoso\u00bb\" \/>\n<meta property=\"og:url\" content=\"https:\/\/digital58.com.ve\/site\/2024\/12\/02\/muere-la-actriz-colombiana-sandra-reyes-reconocida-por-su-papel-de-paula-en-telenovela-pedro-el-escamoso\/\" \/>\n<meta property=\"og:site_name\" content=\"Noticias Digital58\" \/>\n<meta property=\"article:published_time\" content=\"2024-12-02T04:26:37+00:00\" \/>\n<meta property=\"og:image\" content=\"https:\/\/digital58.com.ve\/site\/wp-content\/uploads\/2024\/12\/sandra-reyes.webp\" \/>\n\t<meta property=\"og:image:width\" content=\"1000\" \/>\n\t<meta property=\"og:image:height\" content=\"563\" \/>\n\t<meta property=\"og:image:type\" content=\"image\/webp\" \/>\n<meta name=\"author\" content=\"Villasmil Henry\" \/>\n<meta name=\"twitter:card\" content=\"summary_large_image\" \/>\n<meta name=\"twitter:creator\" content=\"@https:\/\/twitter.com\/villasmilhfoto\" \/>\n<meta name=\"twitter:site\" content=\"@villasmilhfoto\" \/>\n<meta name=\"twitter:label1\" content=\"Escrito por\" \/>\n\t<meta name=\"twitter:data1\" content=\"Villasmil Henry\" \/>\n\t<meta name=\"twitter:label2\" content=\"Tiempo estimado de lectura\" \/>\n\t<meta name=\"twitter:data2\" content=\"2 minutos\" \/>\n<script type=\"application\/ld+json\" class=\"yoast-schema-graph\">{\"@context\":\"https:\\\/\\\/schema.org\",\"@graph\":[{\"@type\":\"Article\",\"@id\":\"https:\\\/\\\/digital58.com.ve\\\/site\\\/2024\\\/12\\\/02\\\/muere-la-actriz-colombiana-sandra-reyes-reconocida-por-su-papel-de-paula-en-telenovela-pedro-el-escamoso\\\/#article\",\"isPartOf\":{\"@id\":\"https:\\\/\\\/digital58.com.ve\\\/site\\\/2024\\\/12\\\/02\\\/muere-la-actriz-colombiana-sandra-reyes-reconocida-por-su-papel-de-paula-en-telenovela-pedro-el-escamoso\\\/\"},\"author\":{\"name\":\"Villasmil Henry\",\"@id\":\"https:\\\/\\\/digital58.com.ve\\\/site\\\/#\\\/schema\\\/person\\\/64d1c2e4d0d4fd1b849980c4331c2951\"},\"headline\":\"Muere la actriz colombiana Sandra Reyes, reconocida por su papel de \u00abPaula\u00bb en telenovela \u00abPedro el Escamoso\u00bb\",\"datePublished\":\"2024-12-02T04:26:37+00:00\",\"mainEntityOfPage\":{\"@id\":\"https:\\\/\\\/digital58.com.ve\\\/site\\\/2024\\\/12\\\/02\\\/muere-la-actriz-colombiana-sandra-reyes-reconocida-por-su-papel-de-paula-en-telenovela-pedro-el-escamoso\\\/\"},\"wordCount\":323,\"commentCount\":0,\"publisher\":{\"@id\":\"https:\\\/\\\/digital58.com.ve\\\/site\\\/#\\\/schema\\\/person\\\/64d1c2e4d0d4fd1b849980c4331c2951\"},\"image\":{\"@id\":\"https:\\\/\\\/digital58.com.ve\\\/site\\\/2024\\\/12\\\/02\\\/muere-la-actriz-colombiana-sandra-reyes-reconocida-por-su-papel-de-paula-en-telenovela-pedro-el-escamoso\\\/#primaryimage\"},\"thumbnailUrl\":\"https:\\\/\\\/digital58.com.ve\\\/site\\\/wp-content\\\/uploads\\\/2024\\\/12\\\/sandra-reyes.webp\",\"keywords\":[\"Actrices\",\"Colombia\",\"Fallecimientos\",\"Internacionales\",\"Pedro el escamoso\",\"Sandra Reyes\",\"Telenovelas\",\"TV\"],\"articleSection\":[\"Fama\"],\"inLanguage\":\"es\",\"potentialAction\":[{\"@type\":\"CommentAction\",\"name\":\"Comment\",\"target\":[\"https:\\\/\\\/digital58.com.ve\\\/site\\\/2024\\\/12\\\/02\\\/muere-la-actriz-colombiana-sandra-reyes-reconocida-por-su-papel-de-paula-en-telenovela-pedro-el-escamoso\\\/#respond\"]}]},{\"@type\":\"WebPage\",\"@id\":\"https:\\\/\\\/digital58.com.ve\\\/site\\\/2024\\\/12\\\/02\\\/muere-la-actriz-colombiana-sandra-reyes-reconocida-por-su-papel-de-paula-en-telenovela-pedro-el-escamoso\\\/\",\"url\":\"https:\\\/\\\/digital58.com.ve\\\/site\\\/2024\\\/12\\\/02\\\/muere-la-actriz-colombiana-sandra-reyes-reconocida-por-su-papel-de-paula-en-telenovela-pedro-el-escamoso\\\/\",\"name\":\"Muere la actriz colombiana Sandra Reyes, reconocida por su papel de \u00abPaula\u00bb en telenovela \u00abPedro el Escamoso\u00bb\",\"isPartOf\":{\"@id\":\"https:\\\/\\\/digital58.com.ve\\\/site\\\/#website\"},\"primaryImageOfPage\":{\"@id\":\"https:\\\/\\\/digital58.com.ve\\\/site\\\/2024\\\/12\\\/02\\\/muere-la-actriz-colombiana-sandra-reyes-reconocida-por-su-papel-de-paula-en-telenovela-pedro-el-escamoso\\\/#primaryimage\"},\"image\":{\"@id\":\"https:\\\/\\\/digital58.com.ve\\\/site\\\/2024\\\/12\\\/02\\\/muere-la-actriz-colombiana-sandra-reyes-reconocida-por-su-papel-de-paula-en-telenovela-pedro-el-escamoso\\\/#primaryimage\"},\"thumbnailUrl\":\"https:\\\/\\\/digital58.com.ve\\\/site\\\/wp-content\\\/uploads\\\/2024\\\/12\\\/sandra-reyes.webp\",\"datePublished\":\"2024-12-02T04:26:37+00:00\",\"breadcrumb\":{\"@id\":\"https:\\\/\\\/digital58.com.ve\\\/site\\\/2024\\\/12\\\/02\\\/muere-la-actriz-colombiana-sandra-reyes-reconocida-por-su-papel-de-paula-en-telenovela-pedro-el-escamoso\\\/#breadcrumb\"},\"inLanguage\":\"es\",\"potentialAction\":[{\"@type\":\"ReadAction\",\"target\":[\"https:\\\/\\\/digital58.com.ve\\\/site\\\/2024\\\/12\\\/02\\\/muere-la-actriz-colombiana-sandra-reyes-reconocida-por-su-papel-de-paula-en-telenovela-pedro-el-escamoso\\\/\"]}]},{\"@type\":\"ImageObject\",\"inLanguage\":\"es\",\"@id\":\"https:\\\/\\\/digital58.com.ve\\\/site\\\/2024\\\/12\\\/02\\\/muere-la-actriz-colombiana-sandra-reyes-reconocida-por-su-papel-de-paula-en-telenovela-pedro-el-escamoso\\\/#primaryimage\",\"url\":\"https:\\\/\\\/digital58.com.ve\\\/site\\\/wp-content\\\/uploads\\\/2024\\\/12\\\/sandra-reyes.webp\",\"contentUrl\":\"https:\\\/\\\/digital58.com.ve\\\/site\\\/wp-content\\\/uploads\\\/2024\\\/12\\\/sandra-reyes.webp\",\"width\":1000,\"height\":563},{\"@type\":\"BreadcrumbList\",\"@id\":\"https:\\\/\\\/digital58.com.ve\\\/site\\\/2024\\\/12\\\/02\\\/muere-la-actriz-colombiana-sandra-reyes-reconocida-por-su-papel-de-paula-en-telenovela-pedro-el-escamoso\\\/#breadcrumb\",\"itemListElement\":[{\"@type\":\"ListItem\",\"position\":1,\"name\":\"Home\",\"item\":\"https:\\\/\\\/digital58.com.ve\\\/site\\\/\"},{\"@type\":\"ListItem\",\"position\":2,\"name\":\"Muere la actriz colombiana Sandra Reyes, reconocida por su papel de \u00abPaula\u00bb en telenovela \u00abPedro el Escamoso\u00bb\"}]},{\"@type\":\"WebSite\",\"@id\":\"https:\\\/\\\/digital58.com.ve\\\/site\\\/#website\",\"url\":\"https:\\\/\\\/digital58.com.ve\\\/site\\\/\",\"name\":\"Noticias Digital58\",\"description\":\"Portal de Noticias \u00a1Periodismo web de verdad! Lanzamiento web 22.11.2005 \\\/ Maracaibo, Venezuela\",\"publisher\":{\"@id\":\"https:\\\/\\\/digital58.com.ve\\\/site\\\/#\\\/schema\\\/person\\\/64d1c2e4d0d4fd1b849980c4331c2951\"},\"alternateName\":\"ND58\",\"potentialAction\":[{\"@type\":\"SearchAction\",\"target\":{\"@type\":\"EntryPoint\",\"urlTemplate\":\"https:\\\/\\\/digital58.com.ve\\\/site\\\/?s={search_term_string}\"},\"query-input\":{\"@type\":\"PropertyValueSpecification\",\"valueRequired\":true,\"valueName\":\"search_term_string\"}}],\"inLanguage\":\"es\"},{\"@type\":[\"Person\",\"Organization\"],\"@id\":\"https:\\\/\\\/digital58.com.ve\\\/site\\\/#\\\/schema\\\/person\\\/64d1c2e4d0d4fd1b849980c4331c2951\",\"name\":\"Villasmil Henry\",\"image\":{\"@type\":\"ImageObject\",\"inLanguage\":\"es\",\"@id\":\"https:\\\/\\\/secure.gravatar.com\\\/avatar\\\/bb0c4a2fcb7970138239f7e404ea75757b1b507b28b5ce4c53fbd62d797c5a7c?s=96&d=mm&r=g\",\"url\":\"https:\\\/\\\/secure.gravatar.com\\\/avatar\\\/bb0c4a2fcb7970138239f7e404ea75757b1b507b28b5ce4c53fbd62d797c5a7c?s=96&d=mm&r=g\",\"contentUrl\":\"https:\\\/\\\/secure.gravatar.com\\\/avatar\\\/bb0c4a2fcb7970138239f7e404ea75757b1b507b28b5ce4c53fbd62d797c5a7c?s=96&d=mm&r=g\",\"caption\":\"Villasmil Henry\"},\"logo\":{\"@id\":\"https:\\\/\\\/secure.gravatar.com\\\/avatar\\\/bb0c4a2fcb7970138239f7e404ea75757b1b507b28b5ce4c53fbd62d797c5a7c?s=96&d=mm&r=g\"},\"sameAs\":[\"http:\\\/\\\/www.henryvillasmil.com.ve\",\"https:\\\/\\\/www.instagram.com\\\/villasmilhfoto\\\/\",\"https:\\\/\\\/x.com\\\/https:\\\/\\\/twitter.com\\\/villasmilhfoto\"],\"url\":\"https:\\\/\\\/digital58.com.ve\\\/site\\\/author\\\/droopy_68\\\/\"}]}<\/script>\n<!-- \/ Yoast SEO plugin. -->","yoast_head_json":{"title":"Muere la actriz colombiana Sandra Reyes, reconocida por su papel de \u00abPaula\u00bb en telenovela \u00abPedro el Escamoso\u00bb","robots":{"index":"index","follow":"follow","max-snippet":"max-snippet:-1","max-image-preview":"max-image-preview:large","max-video-preview":"max-video-preview:-1"},"canonical":"https:\/\/digital58.com.ve\/site\/2024\/12\/02\/muere-la-actriz-colombiana-sandra-reyes-reconocida-por-su-papel-de-paula-en-telenovela-pedro-el-escamoso\/","og_locale":"es_ES","og_type":"article","og_title":"Muere la actriz colombiana Sandra Reyes, reconocida por su papel de \u00abPaula\u00bb en telenovela \u00abPedro el Escamoso\u00bb","og_url":"https:\/\/digital58.com.ve\/site\/2024\/12\/02\/muere-la-actriz-colombiana-sandra-reyes-reconocida-por-su-papel-de-paula-en-telenovela-pedro-el-escamoso\/","og_site_name":"Noticias Digital58","article_published_time":"2024-12-02T04:26:37+00:00","og_image":[{"width":1000,"height":563,"url":"https:\/\/digital58.com.ve\/site\/wp-content\/uploads\/2024\/12\/sandra-reyes.webp","type":"image\/webp"}],"author":"Villasmil Henry","twitter_card":"summary_large_image","twitter_creator":"@https:\/\/twitter.com\/villasmilhfoto","twitter_site":"@villasmilhfoto","twitter_misc":{"Escrito por":"Villasmil Henry","Tiempo estimado de lectura":"2 minutos"},"schema":{"@context":"https:\/\/schema.org","@graph":[{"@type":"Article","@id":"https:\/\/digital58.com.ve\/site\/2024\/12\/02\/muere-la-actriz-colombiana-sandra-reyes-reconocida-por-su-papel-de-paula-en-telenovela-pedro-el-escamoso\/#article","isPartOf":{"@id":"https:\/\/digital58.com.ve\/site\/2024\/12\/02\/muere-la-actriz-colombiana-sandra-reyes-reconocida-por-su-papel-de-paula-en-telenovela-pedro-el-escamoso\/"},"author":{"name":"Villasmil Henry","@id":"https:\/\/digital58.com.ve\/site\/#\/schema\/person\/64d1c2e4d0d4fd1b849980c4331c2951"},"headline":"Muere la actriz colombiana Sandra Reyes, reconocida por su papel de \u00abPaula\u00bb en telenovela \u00abPedro el Escamoso\u00bb","datePublished":"2024-12-02T04:26:37+00:00","mainEntityOfPage":{"@id":"https:\/\/digital58.com.ve\/site\/2024\/12\/02\/muere-la-actriz-colombiana-sandra-reyes-reconocida-por-su-papel-de-paula-en-telenovela-pedro-el-escamoso\/"},"wordCount":323,"commentCount":0,"publisher":{"@id":"https:\/\/digital58.com.ve\/site\/#\/schema\/person\/64d1c2e4d0d4fd1b849980c4331c2951"},"image":{"@id":"https:\/\/digital58.com.ve\/site\/2024\/12\/02\/muere-la-actriz-colombiana-sandra-reyes-reconocida-por-su-papel-de-paula-en-telenovela-pedro-el-escamoso\/#primaryimage"},"thumbnailUrl":"https:\/\/digital58.com.ve\/site\/wp-content\/uploads\/2024\/12\/sandra-reyes.webp","keywords":["Actrices","Colombia","Fallecimientos","Internacionales","Pedro el escamoso","Sandra Reyes","Telenovelas","TV"],"articleSection":["Fama"],"inLanguage":"es","potentialAction":[{"@type":"CommentAction","name":"Comment","target":["https:\/\/digital58.com.ve\/site\/2024\/12\/02\/muere-la-actriz-colombiana-sandra-reyes-reconocida-por-su-papel-de-paula-en-telenovela-pedro-el-escamoso\/#respond"]}]},{"@type":"WebPage","@id":"https:\/\/digital58.com.ve\/site\/2024\/12\/02\/muere-la-actriz-colombiana-sandra-reyes-reconocida-por-su-papel-de-paula-en-telenovela-pedro-el-escamoso\/","url":"https:\/\/digital58.com.ve\/site\/2024\/12\/02\/muere-la-actriz-colombiana-sandra-reyes-reconocida-por-su-papel-de-paula-en-telenovela-pedro-el-escamoso\/","name":"Muere la actriz colombiana Sandra Reyes, reconocida por su papel de \u00abPaula\u00bb en telenovela \u00abPedro el Escamoso\u00bb","isPartOf":{"@id":"https:\/\/digital58.com.ve\/site\/#website"},"primaryImageOfPage":{"@id":"https:\/\/digital58.com.ve\/site\/2024\/12\/02\/muere-la-actriz-colombiana-sandra-reyes-reconocida-por-su-papel-de-paula-en-telenovela-pedro-el-escamoso\/#primaryimage"},"image":{"@id":"https:\/\/digital58.com.ve\/site\/2024\/12\/02\/muere-la-actriz-colombiana-sandra-reyes-reconocida-por-su-papel-de-paula-en-telenovela-pedro-el-escamoso\/#primaryimage"},"thumbnailUrl":"https:\/\/digital58.com.ve\/site\/wp-content\/uploads\/2024\/12\/sandra-reyes.webp","datePublished":"2024-12-02T04:26:37+00:00","breadcrumb":{"@id":"https:\/\/digital58.com.ve\/site\/2024\/12\/02\/muere-la-actriz-colombiana-sandra-reyes-reconocida-por-su-papel-de-paula-en-telenovela-pedro-el-escamoso\/#breadcrumb"},"inLanguage":"es","potentialAction":[{"@type":"ReadAction","target":["https:\/\/digital58.com.ve\/site\/2024\/12\/02\/muere-la-actriz-colombiana-sandra-reyes-reconocida-por-su-papel-de-paula-en-telenovela-pedro-el-escamoso\/"]}]},{"@type":"ImageObject","inLanguage":"es","@id":"https:\/\/digital58.com.ve\/site\/2024\/12\/02\/muere-la-actriz-colombiana-sandra-reyes-reconocida-por-su-papel-de-paula-en-telenovela-pedro-el-escamoso\/#primaryimage","url":"https:\/\/digital58.com.ve\/site\/wp-content\/uploads\/2024\/12\/sandra-reyes.webp","contentUrl":"https:\/\/digital58.com.ve\/site\/wp-content\/uploads\/2024\/12\/sandra-reyes.webp","width":1000,"height":563},{"@type":"BreadcrumbList","@id":"https:\/\/digital58.com.ve\/site\/2024\/12\/02\/muere-la-actriz-colombiana-sandra-reyes-reconocida-por-su-papel-de-paula-en-telenovela-pedro-el-escamoso\/#breadcrumb","itemListElement":[{"@type":"ListItem","position":1,"name":"Home","item":"https:\/\/digital58.com.ve\/site\/"},{"@type":"ListItem","position":2,"name":"Muere la actriz colombiana Sandra Reyes, reconocida por su papel de \u00abPaula\u00bb en telenovela \u00abPedro el Escamoso\u00bb"}]},{"@type":"WebSite","@id":"https:\/\/digital58.com.ve\/site\/#website","url":"https:\/\/digital58.com.ve\/site\/","name":"Noticias Digital58","description":"Portal de Noticias \u00a1Periodismo web de verdad! Lanzamiento web 22.11.2005 \/ Maracaibo, Venezuela","publisher":{"@id":"https:\/\/digital58.com.ve\/site\/#\/schema\/person\/64d1c2e4d0d4fd1b849980c4331c2951"},"alternateName":"ND58","potentialAction":[{"@type":"SearchAction","target":{"@type":"EntryPoint","urlTemplate":"https:\/\/digital58.com.ve\/site\/?s={search_term_string}"},"query-input":{"@type":"PropertyValueSpecification","valueRequired":true,"valueName":"search_term_string"}}],"inLanguage":"es"},{"@type":["Person","Organization"],"@id":"https:\/\/digital58.com.ve\/site\/#\/schema\/person\/64d1c2e4d0d4fd1b849980c4331c2951","name":"Villasmil Henry","image":{"@type":"ImageObject","inLanguage":"es","@id":"https:\/\/secure.gravatar.com\/avatar\/bb0c4a2fcb7970138239f7e404ea75757b1b507b28b5ce4c53fbd62d797c5a7c?s=96&d=mm&r=g","url":"https:\/\/secure.gravatar.com\/avatar\/bb0c4a2fcb7970138239f7e404ea75757b1b507b28b5ce4c53fbd62d797c5a7c?s=96&d=mm&r=g","contentUrl":"https:\/\/secure.gravatar.com\/avatar\/bb0c4a2fcb7970138239f7e404ea75757b1b507b28b5ce4c53fbd62d797c5a7c?s=96&d=mm&r=g","caption":"Villasmil Henry"},"logo":{"@id":"https:\/\/secure.gravatar.com\/avatar\/bb0c4a2fcb7970138239f7e404ea75757b1b507b28b5ce4c53fbd62d797c5a7c?s=96&d=mm&r=g"},"sameAs":["http:\/\/www.henryvillasmil.com.ve","https:\/\/www.instagram.com\/villasmilhfoto\/","https:\/\/x.com\/https:\/\/twitter.com\/villasmilhfoto"],"url":"https:\/\/digital58.com.ve\/site\/author\/droopy_68\/"}]}},"uagb_featured_image_src":{"full":["https:\/\/digital58.com.ve\/site\/wp-content\/uploads\/2024\/12\/sandra-reyes.webp",1000,563,false],"thumbnail":["https:\/\/digital58.com.ve\/site\/wp-content\/uploads\/2024\/12\/sandra-reyes-150x150.webp",150,150,true],"medium":["https:\/\/digital58.com.ve\/site\/wp-content\/uploads\/2024\/12\/sandra-reyes-300x169.webp",300,169,true],"medium_large":["https:\/\/digital58.com.ve\/site\/wp-content\/uploads\/2024\/12\/sandra-reyes-768x432.webp",768,432,true],"large":["https:\/\/digital58.com.ve\/site\/wp-content\/uploads\/2024\/12\/sandra-reyes.webp",800,450,false],"1536x1536":["https:\/\/digital58.com.ve\/site\/wp-content\/uploads\/2024\/12\/sandra-reyes.webp",1000,563,false],"2048x2048":["https:\/\/digital58.com.ve\/site\/wp-content\/uploads\/2024\/12\/sandra-reyes.webp",1000,563,false],"colormag-highlighted-post":["https:\/\/digital58.com.ve\/site\/wp-content\/uploads\/2024\/12\/sandra-reyes-392x272.webp",392,272,true],"colormag-featured-post-medium":["https:\/\/digital58.com.ve\/site\/wp-content\/uploads\/2024\/12\/sandra-reyes-390x205.webp",390,205,true],"colormag-featured-post-small":["https:\/\/digital58.com.ve\/site\/wp-content\/uploads\/2024\/12\/sandra-reyes-130x90.webp",130,90,true],"colormag-featured-image":["https:\/\/digital58.com.ve\/site\/wp-content\/uploads\/2024\/12\/sandra-reyes-800x445.webp",800,445,true],"colormag-default-news":["https:\/\/digital58.com.ve\/site\/wp-content\/uploads\/2024\/12\/sandra-reyes-150x150.webp",150,150,true],"colormag-featured-image-large":["https:\/\/digital58.com.ve\/site\/wp-content\/uploads\/2024\/12\/sandra-reyes.webp",1000,563,false]},"uagb_author_info":{"display_name":"Villasmil Henry","author_link":"https:\/\/digital58.com.ve\/site\/author\/droopy_68\/"},"uagb_comment_info":0,"uagb_excerpt":"Reyes, nacida en Bogot\u00e1 el 31 de mayo de 1975, padec\u00eda c\u00e1ncer de mama desde hace varios a\u00f1os, que llev\u00f3","_links":{"self":[{"href":"https:\/\/digital58.com.ve\/site\/wp-json\/wp\/v2\/posts\/181829","targetHints":{"allow":["GET"]}}],"collection":[{"href":"https:\/\/digital58.com.ve\/site\/wp-json\/wp\/v2\/posts"}],"about":[{"href":"https:\/\/digital58.com.ve\/site\/wp-json\/wp\/v2\/types\/post"}],"author":[{"embeddable":true,"href":"https:\/\/digital58.com.ve\/site\/wp-json\/wp\/v2\/users\/1"}],"replies":[{"embeddable":true,"href":"https:\/\/digital58.com.ve\/site\/wp-json\/wp\/v2\/comments?post=181829"}],"version-history":[{"count":1,"href":"https:\/\/digital58.com.ve\/site\/wp-json\/wp\/v2\/posts\/181829\/revisions"}],"predecessor-version":[{"id":181832,"href":"https:\/\/digital58.com.ve\/site\/wp-json\/wp\/v2\/posts\/181829\/revisions\/181832"}],"wp:featuredmedia":[{"embeddable":true,"href":"https:\/\/digital58.com.ve\/site\/wp-json\/wp\/v2\/media\/181831"}],"wp:attachment":[{"href":"https:\/\/digital58.com.ve\/site\/wp-json\/wp\/v2\/media?parent=181829"}],"wp:term":[{"taxonomy":"category","embeddable":true,"href":"https:\/\/digital58.com.ve\/site\/wp-json\/wp\/v2\/categories?post=181829"},{"taxonomy":"post_tag","embeddable":true,"href":"https:\/\/digital58.com.ve\/site\/wp-json\/wp\/v2\/tags?post=181829"}],"curies":[{"name":"wp","href":"https:\/\/api.w.org\/{rel}","templated":true}]}}