{"id":182221,"date":"2024-12-09T17:37:35","date_gmt":"2024-12-09T21:37:35","guid":{"rendered":"https:\/\/digital58.com.ve\/site\/?p=182221"},"modified":"2024-12-09T17:37:35","modified_gmt":"2024-12-09T21:37:35","slug":"zulia-manuel-rosales-condecora-la-excelencia-con-el-premio-regional-a-la-academia-dr-humberto-fernandez-moran","status":"publish","type":"post","link":"https:\/\/digital58.com.ve\/site\/2024\/12\/09\/zulia-manuel-rosales-condecora-la-excelencia-con-el-premio-regional-a-la-academia-dr-humberto-fernandez-moran\/","title":{"rendered":"#Zulia | Manuel Rosales condecora la excelencia con el Premio Regional a la Academia \u00abDr. Humberto Fern\u00e1ndez Moran\u00bb"},"content":{"rendered":"<p><a href=\"https:\/\/digital58.com.ve\/site\/wp-content\/uploads\/2024\/12\/Premio-Regional-a-la-Academia-5.webp\"><img loading=\"lazy\" decoding=\"async\" class=\"aligncenter size-full wp-image-182223\" src=\"https:\/\/digital58.com.ve\/site\/wp-content\/uploads\/2024\/12\/Premio-Regional-a-la-Academia-5.webp\" alt=\"\" width=\"1000\" height=\"666\" srcset=\"https:\/\/digital58.com.ve\/site\/wp-content\/uploads\/2024\/12\/Premio-Regional-a-la-Academia-5.webp 1000w, https:\/\/digital58.com.ve\/site\/wp-content\/uploads\/2024\/12\/Premio-Regional-a-la-Academia-5-300x200.webp 300w, https:\/\/digital58.com.ve\/site\/wp-content\/uploads\/2024\/12\/Premio-Regional-a-la-Academia-5-768x511.webp 768w\" sizes=\"auto, (max-width: 1000px) 100vw, 1000px\" \/><\/a><\/p>\n<p>El gobernador del estado Zulia, Manuel Rosales Guerrero, lider\u00f3 este jueves, cinco de diciembre, cuando celebramos el D\u00eda del Profesor Universitario, la II Edici\u00f3n del Premio Regional a la Academia \u00abDr. Humberto Fern\u00e1ndez Mor\u00e1n\u00bb, que reuni\u00f3 a destacadas personalidades del \u00e1mbito acad\u00e9mico en la Gran Sala del Teatro Baralt.<\/p>\n<p>En sus palabras hacia el p\u00fablico asistente y, en especial para quienes se hicieron acreedores del Premio \u00abDr. Humberto Fern\u00e1ndez Mor\u00e1n\u00bb, Rosales se\u00f1al\u00f3: \u00abLuminosa e inmarcesible es la sabidur\u00eda, f\u00e1cil de contemplar para quienes la aman y de descubrir por aquellos que la buscan. Estas inspiradas palabras, que leemos en el libro sagrado, brillan con todo el sentido de su actualidad, en la hora que vive hoy la universidad\u00bb.<\/p>\n<p><a href=\"https:\/\/digital58.com.ve\/site\/wp-content\/uploads\/2024\/12\/Premio-Regional-a-la-Academia-6.webp\"><img loading=\"lazy\" decoding=\"async\" class=\"aligncenter size-full wp-image-182222\" src=\"https:\/\/digital58.com.ve\/site\/wp-content\/uploads\/2024\/12\/Premio-Regional-a-la-Academia-6.webp\" alt=\"\" width=\"1000\" height=\"666\" srcset=\"https:\/\/digital58.com.ve\/site\/wp-content\/uploads\/2024\/12\/Premio-Regional-a-la-Academia-6.webp 1000w, https:\/\/digital58.com.ve\/site\/wp-content\/uploads\/2024\/12\/Premio-Regional-a-la-Academia-6-300x200.webp 300w, https:\/\/digital58.com.ve\/site\/wp-content\/uploads\/2024\/12\/Premio-Regional-a-la-Academia-6-768x511.webp 768w\" sizes=\"auto, (max-width: 1000px) 100vw, 1000px\" \/><\/a><\/p>\n<p>Rosales sostuvo que la universidad tiene como su m\u00e1s alta misi\u00f3n el servicio a los hombres, el ser fermento de la sociedad en que vive. Por eso, debe investigar la verdad, en todos los campos. \u00abEn ustedes tenemos una reserva educativa que debemos cuidar como uno de los tesoros m\u00e1s apreciados del pa\u00eds. Y hoy, cinco de diciembre, nos enorgullece decirles que hemos dise\u00f1ado este acto, para que se convierta en un homenaje imperecedero y de alta resonancia en el tiempo\u00bb.<\/p>\n<p>Y afirm\u00f3: \u00abVenimos a entregar el Premio Regional \u00abDr. Humberto Fern\u00e1ndez Mor\u00e1n\u00bb, correspondiente a este a\u00f1o, es un reconocimiento que trasciende lo meramente simb\u00f3lico. Este prestigioso galard\u00f3n se erige como un faro que ilumina el camino de la docencia, la investigaci\u00f3n y extensi\u00f3n\u00bb.<\/p>\n<p><a href=\"https:\/\/digital58.com.ve\/site\/wp-content\/uploads\/2024\/12\/Premio-Regional-a-la-Academia-3.webp\"><img loading=\"lazy\" decoding=\"async\" class=\"aligncenter size-full wp-image-182225\" src=\"https:\/\/digital58.com.ve\/site\/wp-content\/uploads\/2024\/12\/Premio-Regional-a-la-Academia-3.webp\" alt=\"\" width=\"1000\" height=\"666\" srcset=\"https:\/\/digital58.com.ve\/site\/wp-content\/uploads\/2024\/12\/Premio-Regional-a-la-Academia-3.webp 1000w, https:\/\/digital58.com.ve\/site\/wp-content\/uploads\/2024\/12\/Premio-Regional-a-la-Academia-3-300x200.webp 300w, https:\/\/digital58.com.ve\/site\/wp-content\/uploads\/2024\/12\/Premio-Regional-a-la-Academia-3-768x511.webp 768w\" sizes=\"auto, (max-width: 1000px) 100vw, 1000px\" \/><\/a><\/p>\n<p>El Gobernador del Zulia explic\u00f3 que se encontraba en este magno recinto, para atender el veredicto del jurado calificador, que con tanto rigor efectu\u00f3 la selecci\u00f3n en cada uno de los renglones establecidos. \u00abAgradezco el trabajo del Consejo Evaluador, integrado por Teresita \u00c1lvarez de Fern\u00e1ndez, Anubis Hern\u00e1ndez D\u00edaz, Armando Anillar C\u00e1rdenas, Yasmine Navarro Reyes y Eduardo Ortigoza. A ustedes mi respeto y mi afecto. En ustedes tuvimos garant\u00edas absolutas de transparencia, profesionalismo y m\u00edstica. Gracias en nombre del Zulia\u00bb.<\/p>\n<p>Recalc\u00f3 que a los nominados y premiados les adelantaba sus felicitaciones. \u00abSus trayectorias son impecables y se convierten en un modelo a seguir, para sus colegas y estudiantes. Su trabajo es un testimonio vivo de que la educaci\u00f3n es la clave para construir un futuro m\u00e1s pr\u00f3spero y equitativo\u00bb.<\/p>\n<p><a href=\"https:\/\/digital58.com.ve\/site\/wp-content\/uploads\/2024\/12\/Premio-Regional-a-la-Academia-1.webp\"><img loading=\"lazy\" decoding=\"async\" class=\"aligncenter size-full wp-image-182227\" src=\"https:\/\/digital58.com.ve\/site\/wp-content\/uploads\/2024\/12\/Premio-Regional-a-la-Academia-1.webp\" alt=\"\" width=\"1000\" height=\"666\" srcset=\"https:\/\/digital58.com.ve\/site\/wp-content\/uploads\/2024\/12\/Premio-Regional-a-la-Academia-1.webp 1000w, https:\/\/digital58.com.ve\/site\/wp-content\/uploads\/2024\/12\/Premio-Regional-a-la-Academia-1-300x200.webp 300w, https:\/\/digital58.com.ve\/site\/wp-content\/uploads\/2024\/12\/Premio-Regional-a-la-Academia-1-768x511.webp 768w\" sizes=\"auto, (max-width: 1000px) 100vw, 1000px\" \/><\/a><\/p>\n<p>Rosales apunt\u00f3 que, no solo debemos resaltar los m\u00e9ritos por la excelencia de sus a\u00f1os de servicio, sino porque han perseverado superando los obst\u00e1culos, \u00abese ejemplo de fortaleza en tiempos dif\u00edciles va en l\u00ednea con la existencia de Fern\u00e1ndez Mor\u00e1n, porque \u00e9l tambi\u00e9n las tuvo\u00bb.<\/p>\n<p>Record\u00f3 que la historia conocida indica que nuestro sabio fue el creador del bistur\u00ed de diamante, desarroll\u00f3 el microscopio electr\u00f3nico y el padre de estudios utilizado por la NASA, pero no menciona sus padeceres, cuando las injusticias se le atravesaron en el camino. \u00abSu legado perdura en cada rinc\u00f3n del conocimiento. Su incansable b\u00fasqueda de la verdad y su ferviente deseo de compartir el saber son principios que hoy celebramos al otorgar este premio\u00bb.<\/p>\n<p><a href=\"https:\/\/digital58.com.ve\/site\/wp-content\/uploads\/2024\/12\/Premio-Regional-a-la-Academia-2.webp\"><img loading=\"lazy\" decoding=\"async\" class=\"aligncenter size-full wp-image-182226\" src=\"https:\/\/digital58.com.ve\/site\/wp-content\/uploads\/2024\/12\/Premio-Regional-a-la-Academia-2.webp\" alt=\"\" width=\"1000\" height=\"666\" srcset=\"https:\/\/digital58.com.ve\/site\/wp-content\/uploads\/2024\/12\/Premio-Regional-a-la-Academia-2.webp 1000w, https:\/\/digital58.com.ve\/site\/wp-content\/uploads\/2024\/12\/Premio-Regional-a-la-Academia-2-300x200.webp 300w, https:\/\/digital58.com.ve\/site\/wp-content\/uploads\/2024\/12\/Premio-Regional-a-la-Academia-2-768x511.webp 768w\" sizes=\"auto, (max-width: 1000px) 100vw, 1000px\" \/><\/a><\/p>\n<p>Y continu\u00f3: \u00ab\u00e9l nos ense\u00f1\u00f3 que la educaci\u00f3n, no solo se trata de transmitir informaci\u00f3n, sino de inspirar a nuestros estudiantes a pensar cr\u00edticamente, a ser creativos y asumir los retos. Este reconocimiento eleva la labor del profesorado universitario, que ha tenido la valent\u00eda para no estancarse, para crecerse en las dificultades. Tarea dura, admirable, conmovedora y que sacude nuestra fibra humana. Para ustedes y sus seres queridos nuestro amor y nuestra infinita estima\u00bb.<\/p>\n<p>Rosales, en su alocuci\u00f3n, cit\u00f3 palabras de Mandela: \u00abLa educaci\u00f3n es el arma m\u00e1s poderosa que podemos usar para cambiar el mundo&#8217;. Y afirm\u00f3: \u00abno caben dudas de que quienes hoy reciben el Premio Regional a la Academia \u00abDr. Humberto Fern\u00e1ndez Mor\u00e1n\u00bb son parte de ese aporte para un mundo mejor, con la impronta de la sabidur\u00eda zuliana\u00bb.<\/p>\n<p><a href=\"https:\/\/digital58.com.ve\/site\/wp-content\/uploads\/2024\/12\/Premio-Regional-a-la-Academia-4.webp\"><img loading=\"lazy\" decoding=\"async\" class=\"aligncenter size-full wp-image-182224\" src=\"https:\/\/digital58.com.ve\/site\/wp-content\/uploads\/2024\/12\/Premio-Regional-a-la-Academia-4.webp\" alt=\"\" width=\"1000\" height=\"666\" srcset=\"https:\/\/digital58.com.ve\/site\/wp-content\/uploads\/2024\/12\/Premio-Regional-a-la-Academia-4.webp 1000w, https:\/\/digital58.com.ve\/site\/wp-content\/uploads\/2024\/12\/Premio-Regional-a-la-Academia-4-300x200.webp 300w, https:\/\/digital58.com.ve\/site\/wp-content\/uploads\/2024\/12\/Premio-Regional-a-la-Academia-4-768x511.webp 768w\" sizes=\"auto, (max-width: 1000px) 100vw, 1000px\" \/><\/a><\/p>\n<p>El gobernador Manuel Rosales envi\u00f3 un saludo a la comunidad docente y estudiantil de todas las universidades de la regi\u00f3n. \u00abTranscurrieron 132 a\u00f1os de educaci\u00f3n superior en el Zulia y nunca se celebr\u00f3 un Consejo Universitario conjunto. Si algo marcar\u00e1 nuestra historia,como equipo de trabajo, es que fuimos nosotros quienes lo hicimos posible\u00bb.<\/p>\n<p>Los ganadores del Premio Regional a la Academia \u00abDr. Humberto Fern\u00e1ndez Mor\u00e1n\u00bb, en menci\u00f3n Docencia, en su Primera Clase fueron: Dra. Xiomara del Valle Arrieta de Azuaje; en su Segunda Clase, Dr. Jes\u00fas Alfonso Arocha Rangel y en su Tercera Clase, Dr. Luis Guillermo Quintero.<\/p>\n<p>En menci\u00f3n Investigaci\u00f3n, el Premio recay\u00f3, en primera clase, Len\u00edn Gonz\u00e1lez Paz. En su Segunda Clase, Doctor Ram\u00f3n Reyes Arrieta y, en su Tercera Clase, Elita Luisa Rinc\u00f3n Castillo.<\/p>\n<p>Los galardonados en la menci\u00f3n Extensi\u00f3n, en su Primera Clase, R\u00e9gulo Leonardo Rinc\u00f3n; Segunda Clase, Dr. Jean Carlos Ferrer y Tercera Clase, Carmen Gonz\u00e1lez de \u00c1lvarez.<\/p>\n<p>Las menciones honor\u00edficas en \u00danica Clase fueron otorgadas en la categor\u00eda Deporte al Dr. Lino Connell; en la categor\u00eda Artes, a Ram\u00f3n Araujo; en la categor\u00eda Salud, a la Dra. Carmen Coromoto Morales; y en la categor\u00eda Agropecuario, al Msc. Werner Guti\u00e9rrez.<\/p>\n<p>Las dem\u00e1s menciones honor\u00edficas fueron concedidas a los doctores C\u00e9sar Garc\u00eda, Lucas A\u00f1ez, Luisa Rojas, Roselia Morillo, Marianela Acu\u00f1a, Luz Maritza Reyes, Mar\u00eda Govea, Oneida Chirino, Mariugenia Fern\u00e1ndez, Nicida Ca\u00f1izalez, Ana Soto, Iris Fern\u00e1ndez y Mar\u00eda Victoria Paz; as\u00ed como al ingeniero Jes\u00fas M\u00e1rquez, la Msc. Emilia de San Jos\u00e9 Fung y la Msc. Marlyho Bosc\u00e1n.<\/p>\n<p><strong>Redacci\u00f3n ND58 | Fuente: Secip<\/strong><br \/>\n<strong>Edici\u00f3n: Villasmil, Henry<\/strong><br \/>\n<strong>Gr\u00e1ficas: Cortes\u00eda Secip<\/strong><\/p>\n<p>&nbsp;<\/p><div class=\"ekjkt69ec7e5815758\" ><p style=\"text-align: center;\"><a href=\"https:\/\/t.me\/noticiasdigital58\" target=\"_blank\" rel=\"noopener\"><img class=\"aligncenter size-full wp-image-125363\" src=\"https:\/\/digital58.com.ve\/site\/wp-content\/uploads\/2021\/04\/banner-telegram-web-2021.png\" alt=\"\" width=\"600\" height=\"90\" \/><\/a><\/p><\/div><style type=\"text\/css\">\r\n@media screen and (min-width: 1201px) {\r\n.ekjkt69ec7e5815758 {\r\ndisplay: block;\r\n}\r\n}\r\n@media screen and (min-width: 993px) and (max-width: 1200px) {\r\n.ekjkt69ec7e5815758 {\r\ndisplay: block;\r\n}\r\n}\r\n@media screen and (min-width: 769px) and (max-width: 992px) {\r\n.ekjkt69ec7e5815758 {\r\ndisplay: block;\r\n}\r\n}\r\n@media screen and (min-width: 768px) and (max-width: 768px) {\r\n.ekjkt69ec7e5815758 {\r\ndisplay: block;\r\n}\r\n}\r\n@media screen and (max-width: 767px) {\r\n.ekjkt69ec7e5815758 {\r\ndisplay: block;\r\n}\r\n}\r\n<\/style>\r\n\n<p>&nbsp;<\/p>\n<div style=\"margin-top: 0px; margin-bottom: 0px;\" class=\"sharethis-inline-share-buttons\" ><\/div>","protected":false},"excerpt":{"rendered":"<p>El gobernador del estado Zulia, Manuel Rosales Guerrero, lider\u00f3 este jueves, cinco de diciembre, cuando celebramos el D\u00eda del Profesor<\/p>\n","protected":false},"author":1,"featured_media":182225,"comment_status":"open","ping_status":"closed","sticky":false,"template":"","format":"standard","meta":{"colormag_page_container_layout":"default_layout","colormag_page_sidebar_layout":"default_layout","_uag_custom_page_level_css":"","footnotes":""},"categories":[14504],"tags":[26086,73,233,32955,34227,2354,97,32],"class_list":["post-182221","post","type-post","status-publish","format-standard","has-post-thumbnail","hentry","category-zulia","tag-manuel-rosales-guerrero","tag-maracaibo","tag-nacionales","tag-premio-regional-dr-humberto-fernandez-moran","tag-premio-regional-a-la-academia","tag-regionales","tag-teatro-baralt","tag-venezuela"],"yoast_head":"<!-- This site is optimized with the Yoast SEO plugin v27.4 - https:\/\/yoast.com\/product\/yoast-seo-wordpress\/ -->\n<title>#Zulia | Manuel Rosales condecora la excelencia con el Premio Regional a la Academia \u00abDr. Humberto Fern\u00e1ndez Moran\u00bb<\/title>\n<meta name=\"robots\" content=\"index, follow, max-snippet:-1, max-image-preview:large, max-video-preview:-1\" \/>\n<link rel=\"canonical\" href=\"https:\/\/digital58.com.ve\/site\/2024\/12\/09\/zulia-manuel-rosales-condecora-la-excelencia-con-el-premio-regional-a-la-academia-dr-humberto-fernandez-moran\/\" \/>\n<meta property=\"og:locale\" content=\"es_ES\" \/>\n<meta property=\"og:type\" content=\"article\" \/>\n<meta property=\"og:title\" content=\"#Zulia | Manuel Rosales condecora la excelencia con el Premio Regional a la Academia \u00abDr. Humberto Fern\u00e1ndez Moran\u00bb\" \/>\n<meta property=\"og:url\" content=\"https:\/\/digital58.com.ve\/site\/2024\/12\/09\/zulia-manuel-rosales-condecora-la-excelencia-con-el-premio-regional-a-la-academia-dr-humberto-fernandez-moran\/\" \/>\n<meta property=\"og:site_name\" content=\"Noticias Digital58\" \/>\n<meta property=\"article:published_time\" content=\"2024-12-09T21:37:35+00:00\" \/>\n<meta property=\"og:image\" content=\"https:\/\/i0.wp.com\/digital58.com.ve\/site\/wp-content\/uploads\/2024\/12\/Premio-Regional-a-la-Academia-3.webp?fit=1000%2C666&ssl=1\" \/>\n\t<meta property=\"og:image:width\" content=\"1000\" \/>\n\t<meta property=\"og:image:height\" content=\"666\" \/>\n\t<meta property=\"og:image:type\" content=\"image\/webp\" \/>\n<meta name=\"author\" content=\"Villasmil Henry\" \/>\n<meta name=\"twitter:card\" content=\"summary_large_image\" \/>\n<meta name=\"twitter:creator\" content=\"@https:\/\/twitter.com\/villasmilhfoto\" \/>\n<meta name=\"twitter:site\" content=\"@villasmilhfoto\" \/>\n<meta name=\"twitter:label1\" content=\"Escrito por\" \/>\n\t<meta name=\"twitter:data1\" content=\"Villasmil Henry\" \/>\n\t<meta name=\"twitter:label2\" content=\"Tiempo estimado de lectura\" \/>\n\t<meta name=\"twitter:data2\" content=\"5 minutos\" \/>\n<script type=\"application\/ld+json\" class=\"yoast-schema-graph\">{\"@context\":\"https:\\\/\\\/schema.org\",\"@graph\":[{\"@type\":\"Article\",\"@id\":\"https:\\\/\\\/digital58.com.ve\\\/site\\\/2024\\\/12\\\/09\\\/zulia-manuel-rosales-condecora-la-excelencia-con-el-premio-regional-a-la-academia-dr-humberto-fernandez-moran\\\/#article\",\"isPartOf\":{\"@id\":\"https:\\\/\\\/digital58.com.ve\\\/site\\\/2024\\\/12\\\/09\\\/zulia-manuel-rosales-condecora-la-excelencia-con-el-premio-regional-a-la-academia-dr-humberto-fernandez-moran\\\/\"},\"author\":{\"name\":\"Villasmil Henry\",\"@id\":\"https:\\\/\\\/digital58.com.ve\\\/site\\\/#\\\/schema\\\/person\\\/64d1c2e4d0d4fd1b849980c4331c2951\"},\"headline\":\"#Zulia | Manuel Rosales condecora la excelencia con el Premio Regional a la Academia \u00abDr. Humberto Fern\u00e1ndez Moran\u00bb\",\"datePublished\":\"2024-12-09T21:37:35+00:00\",\"mainEntityOfPage\":{\"@id\":\"https:\\\/\\\/digital58.com.ve\\\/site\\\/2024\\\/12\\\/09\\\/zulia-manuel-rosales-condecora-la-excelencia-con-el-premio-regional-a-la-academia-dr-humberto-fernandez-moran\\\/\"},\"wordCount\":999,\"commentCount\":0,\"publisher\":{\"@id\":\"https:\\\/\\\/digital58.com.ve\\\/site\\\/#\\\/schema\\\/person\\\/64d1c2e4d0d4fd1b849980c4331c2951\"},\"image\":{\"@id\":\"https:\\\/\\\/digital58.com.ve\\\/site\\\/2024\\\/12\\\/09\\\/zulia-manuel-rosales-condecora-la-excelencia-con-el-premio-regional-a-la-academia-dr-humberto-fernandez-moran\\\/#primaryimage\"},\"thumbnailUrl\":\"https:\\\/\\\/digital58.com.ve\\\/site\\\/wp-content\\\/uploads\\\/2024\\\/12\\\/Premio-Regional-a-la-Academia-3.webp\",\"keywords\":[\"Manuel Rosales Guerrero\",\"Maracaibo\",\"Nacionales\",\"Premio Regional \u00abDr. Humberto Fern\u00e1ndez Mor\u00e1n\u00bb\",\"Premio Regional a la Academia\",\"Regionales\",\"Teatro Baralt\",\"Venezuela\"],\"articleSection\":[\"Zulia\"],\"inLanguage\":\"es\",\"potentialAction\":[{\"@type\":\"CommentAction\",\"name\":\"Comment\",\"target\":[\"https:\\\/\\\/digital58.com.ve\\\/site\\\/2024\\\/12\\\/09\\\/zulia-manuel-rosales-condecora-la-excelencia-con-el-premio-regional-a-la-academia-dr-humberto-fernandez-moran\\\/#respond\"]}]},{\"@type\":\"WebPage\",\"@id\":\"https:\\\/\\\/digital58.com.ve\\\/site\\\/2024\\\/12\\\/09\\\/zulia-manuel-rosales-condecora-la-excelencia-con-el-premio-regional-a-la-academia-dr-humberto-fernandez-moran\\\/\",\"url\":\"https:\\\/\\\/digital58.com.ve\\\/site\\\/2024\\\/12\\\/09\\\/zulia-manuel-rosales-condecora-la-excelencia-con-el-premio-regional-a-la-academia-dr-humberto-fernandez-moran\\\/\",\"name\":\"#Zulia | Manuel Rosales condecora la excelencia con el Premio Regional a la Academia \u00abDr. Humberto Fern\u00e1ndez Moran\u00bb\",\"isPartOf\":{\"@id\":\"https:\\\/\\\/digital58.com.ve\\\/site\\\/#website\"},\"primaryImageOfPage\":{\"@id\":\"https:\\\/\\\/digital58.com.ve\\\/site\\\/2024\\\/12\\\/09\\\/zulia-manuel-rosales-condecora-la-excelencia-con-el-premio-regional-a-la-academia-dr-humberto-fernandez-moran\\\/#primaryimage\"},\"image\":{\"@id\":\"https:\\\/\\\/digital58.com.ve\\\/site\\\/2024\\\/12\\\/09\\\/zulia-manuel-rosales-condecora-la-excelencia-con-el-premio-regional-a-la-academia-dr-humberto-fernandez-moran\\\/#primaryimage\"},\"thumbnailUrl\":\"https:\\\/\\\/digital58.com.ve\\\/site\\\/wp-content\\\/uploads\\\/2024\\\/12\\\/Premio-Regional-a-la-Academia-3.webp\",\"datePublished\":\"2024-12-09T21:37:35+00:00\",\"breadcrumb\":{\"@id\":\"https:\\\/\\\/digital58.com.ve\\\/site\\\/2024\\\/12\\\/09\\\/zulia-manuel-rosales-condecora-la-excelencia-con-el-premio-regional-a-la-academia-dr-humberto-fernandez-moran\\\/#breadcrumb\"},\"inLanguage\":\"es\",\"potentialAction\":[{\"@type\":\"ReadAction\",\"target\":[\"https:\\\/\\\/digital58.com.ve\\\/site\\\/2024\\\/12\\\/09\\\/zulia-manuel-rosales-condecora-la-excelencia-con-el-premio-regional-a-la-academia-dr-humberto-fernandez-moran\\\/\"]}]},{\"@type\":\"ImageObject\",\"inLanguage\":\"es\",\"@id\":\"https:\\\/\\\/digital58.com.ve\\\/site\\\/2024\\\/12\\\/09\\\/zulia-manuel-rosales-condecora-la-excelencia-con-el-premio-regional-a-la-academia-dr-humberto-fernandez-moran\\\/#primaryimage\",\"url\":\"https:\\\/\\\/digital58.com.ve\\\/site\\\/wp-content\\\/uploads\\\/2024\\\/12\\\/Premio-Regional-a-la-Academia-3.webp\",\"contentUrl\":\"https:\\\/\\\/digital58.com.ve\\\/site\\\/wp-content\\\/uploads\\\/2024\\\/12\\\/Premio-Regional-a-la-Academia-3.webp\",\"width\":1000,\"height\":666},{\"@type\":\"BreadcrumbList\",\"@id\":\"https:\\\/\\\/digital58.com.ve\\\/site\\\/2024\\\/12\\\/09\\\/zulia-manuel-rosales-condecora-la-excelencia-con-el-premio-regional-a-la-academia-dr-humberto-fernandez-moran\\\/#breadcrumb\",\"itemListElement\":[{\"@type\":\"ListItem\",\"position\":1,\"name\":\"Home\",\"item\":\"https:\\\/\\\/digital58.com.ve\\\/site\\\/\"},{\"@type\":\"ListItem\",\"position\":2,\"name\":\"#Zulia | Manuel Rosales condecora la excelencia con el Premio Regional a la Academia \u00abDr. Humberto Fern\u00e1ndez Moran\u00bb\"}]},{\"@type\":\"WebSite\",\"@id\":\"https:\\\/\\\/digital58.com.ve\\\/site\\\/#website\",\"url\":\"https:\\\/\\\/digital58.com.ve\\\/site\\\/\",\"name\":\"Noticias Digital58\",\"description\":\"Portal de Noticias \u00a1Periodismo web de verdad! Lanzamiento web 22.11.2005 \\\/ Maracaibo, Venezuela\",\"publisher\":{\"@id\":\"https:\\\/\\\/digital58.com.ve\\\/site\\\/#\\\/schema\\\/person\\\/64d1c2e4d0d4fd1b849980c4331c2951\"},\"alternateName\":\"ND58\",\"potentialAction\":[{\"@type\":\"SearchAction\",\"target\":{\"@type\":\"EntryPoint\",\"urlTemplate\":\"https:\\\/\\\/digital58.com.ve\\\/site\\\/?s={search_term_string}\"},\"query-input\":{\"@type\":\"PropertyValueSpecification\",\"valueRequired\":true,\"valueName\":\"search_term_string\"}}],\"inLanguage\":\"es\"},{\"@type\":[\"Person\",\"Organization\"],\"@id\":\"https:\\\/\\\/digital58.com.ve\\\/site\\\/#\\\/schema\\\/person\\\/64d1c2e4d0d4fd1b849980c4331c2951\",\"name\":\"Villasmil Henry\",\"image\":{\"@type\":\"ImageObject\",\"inLanguage\":\"es\",\"@id\":\"https:\\\/\\\/secure.gravatar.com\\\/avatar\\\/bb0c4a2fcb7970138239f7e404ea75757b1b507b28b5ce4c53fbd62d797c5a7c?s=96&d=mm&r=g\",\"url\":\"https:\\\/\\\/secure.gravatar.com\\\/avatar\\\/bb0c4a2fcb7970138239f7e404ea75757b1b507b28b5ce4c53fbd62d797c5a7c?s=96&d=mm&r=g\",\"contentUrl\":\"https:\\\/\\\/secure.gravatar.com\\\/avatar\\\/bb0c4a2fcb7970138239f7e404ea75757b1b507b28b5ce4c53fbd62d797c5a7c?s=96&d=mm&r=g\",\"caption\":\"Villasmil Henry\"},\"logo\":{\"@id\":\"https:\\\/\\\/secure.gravatar.com\\\/avatar\\\/bb0c4a2fcb7970138239f7e404ea75757b1b507b28b5ce4c53fbd62d797c5a7c?s=96&d=mm&r=g\"},\"sameAs\":[\"http:\\\/\\\/www.henryvillasmil.com.ve\",\"https:\\\/\\\/www.instagram.com\\\/villasmilhfoto\\\/\",\"https:\\\/\\\/x.com\\\/https:\\\/\\\/twitter.com\\\/villasmilhfoto\"],\"url\":\"https:\\\/\\\/digital58.com.ve\\\/site\\\/author\\\/droopy_68\\\/\"}]}<\/script>\n<!-- \/ Yoast SEO plugin. -->","yoast_head_json":{"title":"#Zulia | Manuel Rosales condecora la excelencia con el Premio Regional a la Academia \u00abDr. Humberto Fern\u00e1ndez Moran\u00bb","robots":{"index":"index","follow":"follow","max-snippet":"max-snippet:-1","max-image-preview":"max-image-preview:large","max-video-preview":"max-video-preview:-1"},"canonical":"https:\/\/digital58.com.ve\/site\/2024\/12\/09\/zulia-manuel-rosales-condecora-la-excelencia-con-el-premio-regional-a-la-academia-dr-humberto-fernandez-moran\/","og_locale":"es_ES","og_type":"article","og_title":"#Zulia | Manuel Rosales condecora la excelencia con el Premio Regional a la Academia \u00abDr. Humberto Fern\u00e1ndez Moran\u00bb","og_url":"https:\/\/digital58.com.ve\/site\/2024\/12\/09\/zulia-manuel-rosales-condecora-la-excelencia-con-el-premio-regional-a-la-academia-dr-humberto-fernandez-moran\/","og_site_name":"Noticias Digital58","article_published_time":"2024-12-09T21:37:35+00:00","og_image":[{"width":1000,"height":666,"url":"https:\/\/i0.wp.com\/digital58.com.ve\/site\/wp-content\/uploads\/2024\/12\/Premio-Regional-a-la-Academia-3.webp?fit=1000%2C666&ssl=1","type":"image\/webp"}],"author":"Villasmil Henry","twitter_card":"summary_large_image","twitter_creator":"@https:\/\/twitter.com\/villasmilhfoto","twitter_site":"@villasmilhfoto","twitter_misc":{"Escrito por":"Villasmil Henry","Tiempo estimado de lectura":"5 minutos"},"schema":{"@context":"https:\/\/schema.org","@graph":[{"@type":"Article","@id":"https:\/\/digital58.com.ve\/site\/2024\/12\/09\/zulia-manuel-rosales-condecora-la-excelencia-con-el-premio-regional-a-la-academia-dr-humberto-fernandez-moran\/#article","isPartOf":{"@id":"https:\/\/digital58.com.ve\/site\/2024\/12\/09\/zulia-manuel-rosales-condecora-la-excelencia-con-el-premio-regional-a-la-academia-dr-humberto-fernandez-moran\/"},"author":{"name":"Villasmil Henry","@id":"https:\/\/digital58.com.ve\/site\/#\/schema\/person\/64d1c2e4d0d4fd1b849980c4331c2951"},"headline":"#Zulia | Manuel Rosales condecora la excelencia con el Premio Regional a la Academia \u00abDr. Humberto Fern\u00e1ndez Moran\u00bb","datePublished":"2024-12-09T21:37:35+00:00","mainEntityOfPage":{"@id":"https:\/\/digital58.com.ve\/site\/2024\/12\/09\/zulia-manuel-rosales-condecora-la-excelencia-con-el-premio-regional-a-la-academia-dr-humberto-fernandez-moran\/"},"wordCount":999,"commentCount":0,"publisher":{"@id":"https:\/\/digital58.com.ve\/site\/#\/schema\/person\/64d1c2e4d0d4fd1b849980c4331c2951"},"image":{"@id":"https:\/\/digital58.com.ve\/site\/2024\/12\/09\/zulia-manuel-rosales-condecora-la-excelencia-con-el-premio-regional-a-la-academia-dr-humberto-fernandez-moran\/#primaryimage"},"thumbnailUrl":"https:\/\/digital58.com.ve\/site\/wp-content\/uploads\/2024\/12\/Premio-Regional-a-la-Academia-3.webp","keywords":["Manuel Rosales Guerrero","Maracaibo","Nacionales","Premio Regional \u00abDr. Humberto Fern\u00e1ndez Mor\u00e1n\u00bb","Premio Regional a la Academia","Regionales","Teatro Baralt","Venezuela"],"articleSection":["Zulia"],"inLanguage":"es","potentialAction":[{"@type":"CommentAction","name":"Comment","target":["https:\/\/digital58.com.ve\/site\/2024\/12\/09\/zulia-manuel-rosales-condecora-la-excelencia-con-el-premio-regional-a-la-academia-dr-humberto-fernandez-moran\/#respond"]}]},{"@type":"WebPage","@id":"https:\/\/digital58.com.ve\/site\/2024\/12\/09\/zulia-manuel-rosales-condecora-la-excelencia-con-el-premio-regional-a-la-academia-dr-humberto-fernandez-moran\/","url":"https:\/\/digital58.com.ve\/site\/2024\/12\/09\/zulia-manuel-rosales-condecora-la-excelencia-con-el-premio-regional-a-la-academia-dr-humberto-fernandez-moran\/","name":"#Zulia | Manuel Rosales condecora la excelencia con el Premio Regional a la Academia \u00abDr. Humberto Fern\u00e1ndez Moran\u00bb","isPartOf":{"@id":"https:\/\/digital58.com.ve\/site\/#website"},"primaryImageOfPage":{"@id":"https:\/\/digital58.com.ve\/site\/2024\/12\/09\/zulia-manuel-rosales-condecora-la-excelencia-con-el-premio-regional-a-la-academia-dr-humberto-fernandez-moran\/#primaryimage"},"image":{"@id":"https:\/\/digital58.com.ve\/site\/2024\/12\/09\/zulia-manuel-rosales-condecora-la-excelencia-con-el-premio-regional-a-la-academia-dr-humberto-fernandez-moran\/#primaryimage"},"thumbnailUrl":"https:\/\/digital58.com.ve\/site\/wp-content\/uploads\/2024\/12\/Premio-Regional-a-la-Academia-3.webp","datePublished":"2024-12-09T21:37:35+00:00","breadcrumb":{"@id":"https:\/\/digital58.com.ve\/site\/2024\/12\/09\/zulia-manuel-rosales-condecora-la-excelencia-con-el-premio-regional-a-la-academia-dr-humberto-fernandez-moran\/#breadcrumb"},"inLanguage":"es","potentialAction":[{"@type":"ReadAction","target":["https:\/\/digital58.com.ve\/site\/2024\/12\/09\/zulia-manuel-rosales-condecora-la-excelencia-con-el-premio-regional-a-la-academia-dr-humberto-fernandez-moran\/"]}]},{"@type":"ImageObject","inLanguage":"es","@id":"https:\/\/digital58.com.ve\/site\/2024\/12\/09\/zulia-manuel-rosales-condecora-la-excelencia-con-el-premio-regional-a-la-academia-dr-humberto-fernandez-moran\/#primaryimage","url":"https:\/\/digital58.com.ve\/site\/wp-content\/uploads\/2024\/12\/Premio-Regional-a-la-Academia-3.webp","contentUrl":"https:\/\/digital58.com.ve\/site\/wp-content\/uploads\/2024\/12\/Premio-Regional-a-la-Academia-3.webp","width":1000,"height":666},{"@type":"BreadcrumbList","@id":"https:\/\/digital58.com.ve\/site\/2024\/12\/09\/zulia-manuel-rosales-condecora-la-excelencia-con-el-premio-regional-a-la-academia-dr-humberto-fernandez-moran\/#breadcrumb","itemListElement":[{"@type":"ListItem","position":1,"name":"Home","item":"https:\/\/digital58.com.ve\/site\/"},{"@type":"ListItem","position":2,"name":"#Zulia | Manuel Rosales condecora la excelencia con el Premio Regional a la Academia \u00abDr. Humberto Fern\u00e1ndez Moran\u00bb"}]},{"@type":"WebSite","@id":"https:\/\/digital58.com.ve\/site\/#website","url":"https:\/\/digital58.com.ve\/site\/","name":"Noticias Digital58","description":"Portal de Noticias \u00a1Periodismo web de verdad! Lanzamiento web 22.11.2005 \/ Maracaibo, Venezuela","publisher":{"@id":"https:\/\/digital58.com.ve\/site\/#\/schema\/person\/64d1c2e4d0d4fd1b849980c4331c2951"},"alternateName":"ND58","potentialAction":[{"@type":"SearchAction","target":{"@type":"EntryPoint","urlTemplate":"https:\/\/digital58.com.ve\/site\/?s={search_term_string}"},"query-input":{"@type":"PropertyValueSpecification","valueRequired":true,"valueName":"search_term_string"}}],"inLanguage":"es"},{"@type":["Person","Organization"],"@id":"https:\/\/digital58.com.ve\/site\/#\/schema\/person\/64d1c2e4d0d4fd1b849980c4331c2951","name":"Villasmil Henry","image":{"@type":"ImageObject","inLanguage":"es","@id":"https:\/\/secure.gravatar.com\/avatar\/bb0c4a2fcb7970138239f7e404ea75757b1b507b28b5ce4c53fbd62d797c5a7c?s=96&d=mm&r=g","url":"https:\/\/secure.gravatar.com\/avatar\/bb0c4a2fcb7970138239f7e404ea75757b1b507b28b5ce4c53fbd62d797c5a7c?s=96&d=mm&r=g","contentUrl":"https:\/\/secure.gravatar.com\/avatar\/bb0c4a2fcb7970138239f7e404ea75757b1b507b28b5ce4c53fbd62d797c5a7c?s=96&d=mm&r=g","caption":"Villasmil Henry"},"logo":{"@id":"https:\/\/secure.gravatar.com\/avatar\/bb0c4a2fcb7970138239f7e404ea75757b1b507b28b5ce4c53fbd62d797c5a7c?s=96&d=mm&r=g"},"sameAs":["http:\/\/www.henryvillasmil.com.ve","https:\/\/www.instagram.com\/villasmilhfoto\/","https:\/\/x.com\/https:\/\/twitter.com\/villasmilhfoto"],"url":"https:\/\/digital58.com.ve\/site\/author\/droopy_68\/"}]}},"uagb_featured_image_src":{"full":["https:\/\/digital58.com.ve\/site\/wp-content\/uploads\/2024\/12\/Premio-Regional-a-la-Academia-3.webp",1000,666,false],"thumbnail":["https:\/\/digital58.com.ve\/site\/wp-content\/uploads\/2024\/12\/Premio-Regional-a-la-Academia-3-150x150.webp",150,150,true],"medium":["https:\/\/digital58.com.ve\/site\/wp-content\/uploads\/2024\/12\/Premio-Regional-a-la-Academia-3-300x200.webp",300,200,true],"medium_large":["https:\/\/digital58.com.ve\/site\/wp-content\/uploads\/2024\/12\/Premio-Regional-a-la-Academia-3-768x511.webp",768,511,true],"large":["https:\/\/digital58.com.ve\/site\/wp-content\/uploads\/2024\/12\/Premio-Regional-a-la-Academia-3.webp",800,533,false],"1536x1536":["https:\/\/digital58.com.ve\/site\/wp-content\/uploads\/2024\/12\/Premio-Regional-a-la-Academia-3.webp",1000,666,false],"2048x2048":["https:\/\/digital58.com.ve\/site\/wp-content\/uploads\/2024\/12\/Premio-Regional-a-la-Academia-3.webp",1000,666,false],"colormag-highlighted-post":["https:\/\/digital58.com.ve\/site\/wp-content\/uploads\/2024\/12\/Premio-Regional-a-la-Academia-3-392x272.webp",392,272,true],"colormag-featured-post-medium":["https:\/\/digital58.com.ve\/site\/wp-content\/uploads\/2024\/12\/Premio-Regional-a-la-Academia-3-390x205.webp",390,205,true],"colormag-featured-post-small":["https:\/\/digital58.com.ve\/site\/wp-content\/uploads\/2024\/12\/Premio-Regional-a-la-Academia-3-130x90.webp",130,90,true],"colormag-featured-image":["https:\/\/digital58.com.ve\/site\/wp-content\/uploads\/2024\/12\/Premio-Regional-a-la-Academia-3-800x445.webp",800,445,true],"colormag-default-news":["https:\/\/digital58.com.ve\/site\/wp-content\/uploads\/2024\/12\/Premio-Regional-a-la-Academia-3-150x150.webp",150,150,true],"colormag-featured-image-large":["https:\/\/digital58.com.ve\/site\/wp-content\/uploads\/2024\/12\/Premio-Regional-a-la-Academia-3-1000x600.webp",1000,600,true]},"uagb_author_info":{"display_name":"Villasmil Henry","author_link":"https:\/\/digital58.com.ve\/site\/author\/droopy_68\/"},"uagb_comment_info":0,"uagb_excerpt":"El gobernador del estado Zulia, Manuel Rosales Guerrero, lider\u00f3 este jueves, cinco de diciembre, cuando celebramos el D\u00eda del Profesor","_links":{"self":[{"href":"https:\/\/digital58.com.ve\/site\/wp-json\/wp\/v2\/posts\/182221","targetHints":{"allow":["GET"]}}],"collection":[{"href":"https:\/\/digital58.com.ve\/site\/wp-json\/wp\/v2\/posts"}],"about":[{"href":"https:\/\/digital58.com.ve\/site\/wp-json\/wp\/v2\/types\/post"}],"author":[{"embeddable":true,"href":"https:\/\/digital58.com.ve\/site\/wp-json\/wp\/v2\/users\/1"}],"replies":[{"embeddable":true,"href":"https:\/\/digital58.com.ve\/site\/wp-json\/wp\/v2\/comments?post=182221"}],"version-history":[{"count":1,"href":"https:\/\/digital58.com.ve\/site\/wp-json\/wp\/v2\/posts\/182221\/revisions"}],"predecessor-version":[{"id":182228,"href":"https:\/\/digital58.com.ve\/site\/wp-json\/wp\/v2\/posts\/182221\/revisions\/182228"}],"wp:featuredmedia":[{"embeddable":true,"href":"https:\/\/digital58.com.ve\/site\/wp-json\/wp\/v2\/media\/182225"}],"wp:attachment":[{"href":"https:\/\/digital58.com.ve\/site\/wp-json\/wp\/v2\/media?parent=182221"}],"wp:term":[{"taxonomy":"category","embeddable":true,"href":"https:\/\/digital58.com.ve\/site\/wp-json\/wp\/v2\/categories?post=182221"},{"taxonomy":"post_tag","embeddable":true,"href":"https:\/\/digital58.com.ve\/site\/wp-json\/wp\/v2\/tags?post=182221"}],"curies":[{"name":"wp","href":"https:\/\/api.w.org\/{rel}","templated":true}]}}