{"id":182693,"date":"2024-12-23T15:30:25","date_gmt":"2024-12-23T19:30:25","guid":{"rendered":"https:\/\/digital58.com.ve\/site\/?p=182693"},"modified":"2024-12-23T18:00:50","modified_gmt":"2024-12-23T22:00:50","slug":"el-gobernador-del-zulia-aboga-por-cerrar-un-ciclo-y-enfocarse-en-la-liberacion-de-presos-politicos","status":"publish","type":"post","link":"https:\/\/digital58.com.ve\/site\/2024\/12\/23\/el-gobernador-del-zulia-aboga-por-cerrar-un-ciclo-y-enfocarse-en-la-liberacion-de-presos-politicos\/","title":{"rendered":"El gobernador del Zulia aboga por cerrar un ciclo y enfocarse en la liberaci\u00f3n de presos pol\u00edticos"},"content":{"rendered":"<p><a href=\"https:\/\/digital58.com.ve\/site\/wp-content\/uploads\/2024\/12\/WhatsApp-Image-2024-12-23-at-2.28.26-PM.jpeg\"><img loading=\"lazy\" decoding=\"async\" class=\"aligncenter size-full wp-image-182697\" src=\"https:\/\/digital58.com.ve\/site\/wp-content\/uploads\/2024\/12\/WhatsApp-Image-2024-12-23-at-2.28.26-PM.jpeg\" alt=\"\" width=\"859\" height=\"624\" srcset=\"https:\/\/digital58.com.ve\/site\/wp-content\/uploads\/2024\/12\/WhatsApp-Image-2024-12-23-at-2.28.26-PM.jpeg 859w, https:\/\/digital58.com.ve\/site\/wp-content\/uploads\/2024\/12\/WhatsApp-Image-2024-12-23-at-2.28.26-PM-300x218.jpeg 300w, https:\/\/digital58.com.ve\/site\/wp-content\/uploads\/2024\/12\/WhatsApp-Image-2024-12-23-at-2.28.26-PM-768x558.jpeg 768w\" sizes=\"auto, (max-width: 859px) 100vw, 859px\" \/><\/a><\/p>\n<p>Manuel Rosales insiste en la liberaci\u00f3n de los presos pol\u00edticos. \u00abCoincidimos en que el ciclo de la Asamblea Nacional 2015 termin\u00f3\u00bb.<\/p>\n<p><strong>Maracaibo, Zulia, Venezuela, 23 de diciembre de 2024 (ND58).-<\/strong> El gobernador del Zulia Manuel Rosales Guerrero hizo un alto en su acostumbrada reuni\u00f3n semanal de planificaci\u00f3n de inauguraciones para responder a la consulta reporteril respecto a los recientes pronunciamientos de dirigentes nacionales y partidos de la oposici\u00f3n sobre la Asamblea Nacional electa en el 2015 para el periodo 2016-2021.<\/p>\n<p>\u00abAndamos trabajando fuertemente para concretar nuevas inauguraciones. Respecto a su pregunta, puedo decirle que coincido con quienes consideran que ese ciclo debe cerrarse y enfocarnos en la liberaci\u00f3n de los presos pol\u00edticos\u00bb.<\/p>\n<p>El l\u00edder fundador de UNT fue preciso en que la AN del 2015 cumpli\u00f3 con su trabajo en medio de contratiempos por todos conocidos, pero recalc\u00f3 que ahora hay otras prioridades.<\/p>\n<p>\u00abPara el pa\u00eds el foco de este momento est\u00e1 en la liberaci\u00f3n de los presos pol\u00edticos para llevar sosiego a miles de hogares. Queremos una Navidad tranquila para esas familias. Eso es lo fundamental\u00bb, concluy\u00f3.<\/p>\n<p><strong>Redacci\u00f3n ND58 | Fuente: Leonel Reyes<\/strong><br \/>\n<strong>Edici\u00f3n: Villasmil, Henry<\/strong><br \/>\n<strong>Gr\u00e1ficas: Cortes\u00eda<\/strong><\/p>\n<p>&nbsp;<\/p><div class=\"gtlti69ec70d31c4dd\" ><p style=\"text-align: center;\"><a href=\"https:\/\/t.me\/noticiasdigital58\" target=\"_blank\" rel=\"noopener\"><img class=\"aligncenter size-full wp-image-125363\" src=\"https:\/\/digital58.com.ve\/site\/wp-content\/uploads\/2021\/04\/banner-telegram-web-2021.png\" alt=\"\" width=\"600\" height=\"90\" \/><\/a><\/p><\/div><style type=\"text\/css\">\r\n@media screen and (min-width: 1201px) {\r\n.gtlti69ec70d31c4dd {\r\ndisplay: block;\r\n}\r\n}\r\n@media screen and (min-width: 993px) and (max-width: 1200px) {\r\n.gtlti69ec70d31c4dd {\r\ndisplay: block;\r\n}\r\n}\r\n@media screen and (min-width: 769px) and (max-width: 992px) {\r\n.gtlti69ec70d31c4dd {\r\ndisplay: block;\r\n}\r\n}\r\n@media screen and (min-width: 768px) and (max-width: 768px) {\r\n.gtlti69ec70d31c4dd {\r\ndisplay: block;\r\n}\r\n}\r\n@media screen and (max-width: 767px) {\r\n.gtlti69ec70d31c4dd {\r\ndisplay: block;\r\n}\r\n}\r\n<\/style>\r\n\n<p>&nbsp;<\/p>\n<div style=\"margin-top: 0px; margin-bottom: 0px;\" class=\"sharethis-inline-share-buttons\" ><\/div>","protected":false},"excerpt":{"rendered":"<p>Manuel Rosales insiste en la liberaci\u00f3n de los presos pol\u00edticos. \u00abCoincidimos en que el ciclo de la Asamblea Nacional 2015<\/p>\n","protected":false},"author":1,"featured_media":182697,"comment_status":"open","ping_status":"closed","sticky":false,"template":"","format":"standard","meta":{"colormag_page_container_layout":"default_layout","colormag_page_sidebar_layout":"default_layout","_uag_custom_page_level_css":"","footnotes":""},"categories":[14504],"tags":[13579,12022,73,233,11062,2354,32],"class_list":["post-182693","post","type-post","status-publish","format-standard","has-post-thumbnail","hentry","category-zulia","tag-gobierno-del-zulia","tag-manuel-rosales","tag-maracaibo","tag-nacionales","tag-presos-politicos","tag-regionales","tag-venezuela"],"yoast_head":"<!-- This site is optimized with the Yoast SEO plugin v27.4 - https:\/\/yoast.com\/product\/yoast-seo-wordpress\/ -->\n<title>Manuel Rosales insiste en la liberaci\u00f3n de los presos pol\u00edticos<\/title>\n<meta name=\"description\" content=\"Manuel Rosales enfatiza la necesidad de finalizar el ciclo de la Asamblea Nacional 2015 y centrarse en la liberaci\u00f3n de los presos pol\u00edticos\" \/>\n<meta name=\"robots\" content=\"index, follow, max-snippet:-1, max-image-preview:large, max-video-preview:-1\" \/>\n<link rel=\"canonical\" href=\"https:\/\/digital58.com.ve\/site\/2024\/12\/23\/el-gobernador-del-zulia-aboga-por-cerrar-un-ciclo-y-enfocarse-en-la-liberacion-de-presos-politicos\/\" \/>\n<meta property=\"og:locale\" content=\"es_ES\" \/>\n<meta property=\"og:type\" content=\"article\" \/>\n<meta property=\"og:title\" content=\"Manuel Rosales insiste en la liberaci\u00f3n de los presos pol\u00edticos\" \/>\n<meta property=\"og:description\" content=\"Manuel Rosales enfatiza la necesidad de finalizar el ciclo de la Asamblea Nacional 2015 y centrarse en la liberaci\u00f3n de los presos pol\u00edticos\" \/>\n<meta property=\"og:url\" content=\"https:\/\/digital58.com.ve\/site\/2024\/12\/23\/el-gobernador-del-zulia-aboga-por-cerrar-un-ciclo-y-enfocarse-en-la-liberacion-de-presos-politicos\/\" \/>\n<meta property=\"og:site_name\" content=\"Noticias Digital58\" \/>\n<meta property=\"article:published_time\" content=\"2024-12-23T19:30:25+00:00\" \/>\n<meta property=\"article:modified_time\" content=\"2024-12-23T22:00:50+00:00\" \/>\n<meta property=\"og:image\" content=\"https:\/\/digital58.com.ve\/site\/wp-content\/uploads\/2024\/12\/WhatsApp-Image-2024-12-23-at-2.28.26-PM.jpeg\" \/>\n\t<meta property=\"og:image:width\" content=\"859\" \/>\n\t<meta property=\"og:image:height\" content=\"624\" \/>\n\t<meta property=\"og:image:type\" content=\"image\/jpeg\" \/>\n<meta name=\"author\" content=\"Villasmil Henry\" \/>\n<meta name=\"twitter:card\" content=\"summary_large_image\" \/>\n<meta name=\"twitter:creator\" content=\"@https:\/\/twitter.com\/villasmilhfoto\" \/>\n<meta name=\"twitter:site\" content=\"@villasmilhfoto\" \/>\n<meta name=\"twitter:label1\" content=\"Escrito por\" \/>\n\t<meta name=\"twitter:data1\" content=\"Villasmil Henry\" \/>\n\t<meta name=\"twitter:label2\" content=\"Tiempo estimado de lectura\" \/>\n\t<meta name=\"twitter:data2\" content=\"2 minutos\" \/>\n<script type=\"application\/ld+json\" class=\"yoast-schema-graph\">{\"@context\":\"https:\\\/\\\/schema.org\",\"@graph\":[{\"@type\":\"Article\",\"@id\":\"https:\\\/\\\/digital58.com.ve\\\/site\\\/2024\\\/12\\\/23\\\/el-gobernador-del-zulia-aboga-por-cerrar-un-ciclo-y-enfocarse-en-la-liberacion-de-presos-politicos\\\/#article\",\"isPartOf\":{\"@id\":\"https:\\\/\\\/digital58.com.ve\\\/site\\\/2024\\\/12\\\/23\\\/el-gobernador-del-zulia-aboga-por-cerrar-un-ciclo-y-enfocarse-en-la-liberacion-de-presos-politicos\\\/\"},\"author\":{\"name\":\"Villasmil Henry\",\"@id\":\"https:\\\/\\\/digital58.com.ve\\\/site\\\/#\\\/schema\\\/person\\\/64d1c2e4d0d4fd1b849980c4331c2951\"},\"headline\":\"El gobernador del Zulia aboga por cerrar un ciclo y enfocarse en la liberaci\u00f3n de presos pol\u00edticos\",\"datePublished\":\"2024-12-23T19:30:25+00:00\",\"dateModified\":\"2024-12-23T22:00:50+00:00\",\"mainEntityOfPage\":{\"@id\":\"https:\\\/\\\/digital58.com.ve\\\/site\\\/2024\\\/12\\\/23\\\/el-gobernador-del-zulia-aboga-por-cerrar-un-ciclo-y-enfocarse-en-la-liberacion-de-presos-politicos\\\/\"},\"wordCount\":220,\"commentCount\":0,\"publisher\":{\"@id\":\"https:\\\/\\\/digital58.com.ve\\\/site\\\/#\\\/schema\\\/person\\\/64d1c2e4d0d4fd1b849980c4331c2951\"},\"image\":{\"@id\":\"https:\\\/\\\/digital58.com.ve\\\/site\\\/2024\\\/12\\\/23\\\/el-gobernador-del-zulia-aboga-por-cerrar-un-ciclo-y-enfocarse-en-la-liberacion-de-presos-politicos\\\/#primaryimage\"},\"thumbnailUrl\":\"https:\\\/\\\/digital58.com.ve\\\/site\\\/wp-content\\\/uploads\\\/2024\\\/12\\\/WhatsApp-Image-2024-12-23-at-2.28.26-PM.jpeg\",\"keywords\":[\"Gobierno del Zulia\",\"Manuel Rosales\",\"Maracaibo\",\"Nacionales\",\"Presos pol\u00edticos\",\"Regionales\",\"Venezuela\"],\"articleSection\":[\"Zulia\"],\"inLanguage\":\"es\",\"potentialAction\":[{\"@type\":\"CommentAction\",\"name\":\"Comment\",\"target\":[\"https:\\\/\\\/digital58.com.ve\\\/site\\\/2024\\\/12\\\/23\\\/el-gobernador-del-zulia-aboga-por-cerrar-un-ciclo-y-enfocarse-en-la-liberacion-de-presos-politicos\\\/#respond\"]}]},{\"@type\":\"WebPage\",\"@id\":\"https:\\\/\\\/digital58.com.ve\\\/site\\\/2024\\\/12\\\/23\\\/el-gobernador-del-zulia-aboga-por-cerrar-un-ciclo-y-enfocarse-en-la-liberacion-de-presos-politicos\\\/\",\"url\":\"https:\\\/\\\/digital58.com.ve\\\/site\\\/2024\\\/12\\\/23\\\/el-gobernador-del-zulia-aboga-por-cerrar-un-ciclo-y-enfocarse-en-la-liberacion-de-presos-politicos\\\/\",\"name\":\"Manuel Rosales insiste en la liberaci\u00f3n de los presos pol\u00edticos\",\"isPartOf\":{\"@id\":\"https:\\\/\\\/digital58.com.ve\\\/site\\\/#website\"},\"primaryImageOfPage\":{\"@id\":\"https:\\\/\\\/digital58.com.ve\\\/site\\\/2024\\\/12\\\/23\\\/el-gobernador-del-zulia-aboga-por-cerrar-un-ciclo-y-enfocarse-en-la-liberacion-de-presos-politicos\\\/#primaryimage\"},\"image\":{\"@id\":\"https:\\\/\\\/digital58.com.ve\\\/site\\\/2024\\\/12\\\/23\\\/el-gobernador-del-zulia-aboga-por-cerrar-un-ciclo-y-enfocarse-en-la-liberacion-de-presos-politicos\\\/#primaryimage\"},\"thumbnailUrl\":\"https:\\\/\\\/digital58.com.ve\\\/site\\\/wp-content\\\/uploads\\\/2024\\\/12\\\/WhatsApp-Image-2024-12-23-at-2.28.26-PM.jpeg\",\"datePublished\":\"2024-12-23T19:30:25+00:00\",\"dateModified\":\"2024-12-23T22:00:50+00:00\",\"description\":\"Manuel Rosales enfatiza la necesidad de finalizar el ciclo de la Asamblea Nacional 2015 y centrarse en la liberaci\u00f3n de los presos pol\u00edticos\",\"breadcrumb\":{\"@id\":\"https:\\\/\\\/digital58.com.ve\\\/site\\\/2024\\\/12\\\/23\\\/el-gobernador-del-zulia-aboga-por-cerrar-un-ciclo-y-enfocarse-en-la-liberacion-de-presos-politicos\\\/#breadcrumb\"},\"inLanguage\":\"es\",\"potentialAction\":[{\"@type\":\"ReadAction\",\"target\":[\"https:\\\/\\\/digital58.com.ve\\\/site\\\/2024\\\/12\\\/23\\\/el-gobernador-del-zulia-aboga-por-cerrar-un-ciclo-y-enfocarse-en-la-liberacion-de-presos-politicos\\\/\"]}]},{\"@type\":\"ImageObject\",\"inLanguage\":\"es\",\"@id\":\"https:\\\/\\\/digital58.com.ve\\\/site\\\/2024\\\/12\\\/23\\\/el-gobernador-del-zulia-aboga-por-cerrar-un-ciclo-y-enfocarse-en-la-liberacion-de-presos-politicos\\\/#primaryimage\",\"url\":\"https:\\\/\\\/digital58.com.ve\\\/site\\\/wp-content\\\/uploads\\\/2024\\\/12\\\/WhatsApp-Image-2024-12-23-at-2.28.26-PM.jpeg\",\"contentUrl\":\"https:\\\/\\\/digital58.com.ve\\\/site\\\/wp-content\\\/uploads\\\/2024\\\/12\\\/WhatsApp-Image-2024-12-23-at-2.28.26-PM.jpeg\",\"width\":859,\"height\":624},{\"@type\":\"BreadcrumbList\",\"@id\":\"https:\\\/\\\/digital58.com.ve\\\/site\\\/2024\\\/12\\\/23\\\/el-gobernador-del-zulia-aboga-por-cerrar-un-ciclo-y-enfocarse-en-la-liberacion-de-presos-politicos\\\/#breadcrumb\",\"itemListElement\":[{\"@type\":\"ListItem\",\"position\":1,\"name\":\"Home\",\"item\":\"https:\\\/\\\/digital58.com.ve\\\/site\\\/\"},{\"@type\":\"ListItem\",\"position\":2,\"name\":\"El gobernador del Zulia aboga por cerrar un ciclo y enfocarse en la liberaci\u00f3n de presos pol\u00edticos\"}]},{\"@type\":\"WebSite\",\"@id\":\"https:\\\/\\\/digital58.com.ve\\\/site\\\/#website\",\"url\":\"https:\\\/\\\/digital58.com.ve\\\/site\\\/\",\"name\":\"Noticias Digital58\",\"description\":\"Portal de Noticias \u00a1Periodismo web de verdad! Lanzamiento web 22.11.2005 \\\/ Maracaibo, Venezuela\",\"publisher\":{\"@id\":\"https:\\\/\\\/digital58.com.ve\\\/site\\\/#\\\/schema\\\/person\\\/64d1c2e4d0d4fd1b849980c4331c2951\"},\"alternateName\":\"ND58\",\"potentialAction\":[{\"@type\":\"SearchAction\",\"target\":{\"@type\":\"EntryPoint\",\"urlTemplate\":\"https:\\\/\\\/digital58.com.ve\\\/site\\\/?s={search_term_string}\"},\"query-input\":{\"@type\":\"PropertyValueSpecification\",\"valueRequired\":true,\"valueName\":\"search_term_string\"}}],\"inLanguage\":\"es\"},{\"@type\":[\"Person\",\"Organization\"],\"@id\":\"https:\\\/\\\/digital58.com.ve\\\/site\\\/#\\\/schema\\\/person\\\/64d1c2e4d0d4fd1b849980c4331c2951\",\"name\":\"Villasmil Henry\",\"image\":{\"@type\":\"ImageObject\",\"inLanguage\":\"es\",\"@id\":\"https:\\\/\\\/secure.gravatar.com\\\/avatar\\\/bb0c4a2fcb7970138239f7e404ea75757b1b507b28b5ce4c53fbd62d797c5a7c?s=96&d=mm&r=g\",\"url\":\"https:\\\/\\\/secure.gravatar.com\\\/avatar\\\/bb0c4a2fcb7970138239f7e404ea75757b1b507b28b5ce4c53fbd62d797c5a7c?s=96&d=mm&r=g\",\"contentUrl\":\"https:\\\/\\\/secure.gravatar.com\\\/avatar\\\/bb0c4a2fcb7970138239f7e404ea75757b1b507b28b5ce4c53fbd62d797c5a7c?s=96&d=mm&r=g\",\"caption\":\"Villasmil Henry\"},\"logo\":{\"@id\":\"https:\\\/\\\/secure.gravatar.com\\\/avatar\\\/bb0c4a2fcb7970138239f7e404ea75757b1b507b28b5ce4c53fbd62d797c5a7c?s=96&d=mm&r=g\"},\"sameAs\":[\"http:\\\/\\\/www.henryvillasmil.com.ve\",\"https:\\\/\\\/www.instagram.com\\\/villasmilhfoto\\\/\",\"https:\\\/\\\/x.com\\\/https:\\\/\\\/twitter.com\\\/villasmilhfoto\"],\"url\":\"https:\\\/\\\/digital58.com.ve\\\/site\\\/author\\\/droopy_68\\\/\"}]}<\/script>\n<!-- \/ Yoast SEO plugin. -->","yoast_head_json":{"title":"Manuel Rosales insiste en la liberaci\u00f3n de los presos pol\u00edticos","description":"Manuel Rosales enfatiza la necesidad de finalizar el ciclo de la Asamblea Nacional 2015 y centrarse en la liberaci\u00f3n de los presos pol\u00edticos","robots":{"index":"index","follow":"follow","max-snippet":"max-snippet:-1","max-image-preview":"max-image-preview:large","max-video-preview":"max-video-preview:-1"},"canonical":"https:\/\/digital58.com.ve\/site\/2024\/12\/23\/el-gobernador-del-zulia-aboga-por-cerrar-un-ciclo-y-enfocarse-en-la-liberacion-de-presos-politicos\/","og_locale":"es_ES","og_type":"article","og_title":"Manuel Rosales insiste en la liberaci\u00f3n de los presos pol\u00edticos","og_description":"Manuel Rosales enfatiza la necesidad de finalizar el ciclo de la Asamblea Nacional 2015 y centrarse en la liberaci\u00f3n de los presos pol\u00edticos","og_url":"https:\/\/digital58.com.ve\/site\/2024\/12\/23\/el-gobernador-del-zulia-aboga-por-cerrar-un-ciclo-y-enfocarse-en-la-liberacion-de-presos-politicos\/","og_site_name":"Noticias Digital58","article_published_time":"2024-12-23T19:30:25+00:00","article_modified_time":"2024-12-23T22:00:50+00:00","og_image":[{"width":859,"height":624,"url":"https:\/\/digital58.com.ve\/site\/wp-content\/uploads\/2024\/12\/WhatsApp-Image-2024-12-23-at-2.28.26-PM.jpeg","type":"image\/jpeg"}],"author":"Villasmil Henry","twitter_card":"summary_large_image","twitter_creator":"@https:\/\/twitter.com\/villasmilhfoto","twitter_site":"@villasmilhfoto","twitter_misc":{"Escrito por":"Villasmil Henry","Tiempo estimado de lectura":"2 minutos"},"schema":{"@context":"https:\/\/schema.org","@graph":[{"@type":"Article","@id":"https:\/\/digital58.com.ve\/site\/2024\/12\/23\/el-gobernador-del-zulia-aboga-por-cerrar-un-ciclo-y-enfocarse-en-la-liberacion-de-presos-politicos\/#article","isPartOf":{"@id":"https:\/\/digital58.com.ve\/site\/2024\/12\/23\/el-gobernador-del-zulia-aboga-por-cerrar-un-ciclo-y-enfocarse-en-la-liberacion-de-presos-politicos\/"},"author":{"name":"Villasmil Henry","@id":"https:\/\/digital58.com.ve\/site\/#\/schema\/person\/64d1c2e4d0d4fd1b849980c4331c2951"},"headline":"El gobernador del Zulia aboga por cerrar un ciclo y enfocarse en la liberaci\u00f3n de presos pol\u00edticos","datePublished":"2024-12-23T19:30:25+00:00","dateModified":"2024-12-23T22:00:50+00:00","mainEntityOfPage":{"@id":"https:\/\/digital58.com.ve\/site\/2024\/12\/23\/el-gobernador-del-zulia-aboga-por-cerrar-un-ciclo-y-enfocarse-en-la-liberacion-de-presos-politicos\/"},"wordCount":220,"commentCount":0,"publisher":{"@id":"https:\/\/digital58.com.ve\/site\/#\/schema\/person\/64d1c2e4d0d4fd1b849980c4331c2951"},"image":{"@id":"https:\/\/digital58.com.ve\/site\/2024\/12\/23\/el-gobernador-del-zulia-aboga-por-cerrar-un-ciclo-y-enfocarse-en-la-liberacion-de-presos-politicos\/#primaryimage"},"thumbnailUrl":"https:\/\/digital58.com.ve\/site\/wp-content\/uploads\/2024\/12\/WhatsApp-Image-2024-12-23-at-2.28.26-PM.jpeg","keywords":["Gobierno del Zulia","Manuel Rosales","Maracaibo","Nacionales","Presos pol\u00edticos","Regionales","Venezuela"],"articleSection":["Zulia"],"inLanguage":"es","potentialAction":[{"@type":"CommentAction","name":"Comment","target":["https:\/\/digital58.com.ve\/site\/2024\/12\/23\/el-gobernador-del-zulia-aboga-por-cerrar-un-ciclo-y-enfocarse-en-la-liberacion-de-presos-politicos\/#respond"]}]},{"@type":"WebPage","@id":"https:\/\/digital58.com.ve\/site\/2024\/12\/23\/el-gobernador-del-zulia-aboga-por-cerrar-un-ciclo-y-enfocarse-en-la-liberacion-de-presos-politicos\/","url":"https:\/\/digital58.com.ve\/site\/2024\/12\/23\/el-gobernador-del-zulia-aboga-por-cerrar-un-ciclo-y-enfocarse-en-la-liberacion-de-presos-politicos\/","name":"Manuel Rosales insiste en la liberaci\u00f3n de los presos pol\u00edticos","isPartOf":{"@id":"https:\/\/digital58.com.ve\/site\/#website"},"primaryImageOfPage":{"@id":"https:\/\/digital58.com.ve\/site\/2024\/12\/23\/el-gobernador-del-zulia-aboga-por-cerrar-un-ciclo-y-enfocarse-en-la-liberacion-de-presos-politicos\/#primaryimage"},"image":{"@id":"https:\/\/digital58.com.ve\/site\/2024\/12\/23\/el-gobernador-del-zulia-aboga-por-cerrar-un-ciclo-y-enfocarse-en-la-liberacion-de-presos-politicos\/#primaryimage"},"thumbnailUrl":"https:\/\/digital58.com.ve\/site\/wp-content\/uploads\/2024\/12\/WhatsApp-Image-2024-12-23-at-2.28.26-PM.jpeg","datePublished":"2024-12-23T19:30:25+00:00","dateModified":"2024-12-23T22:00:50+00:00","description":"Manuel Rosales enfatiza la necesidad de finalizar el ciclo de la Asamblea Nacional 2015 y centrarse en la liberaci\u00f3n de los presos pol\u00edticos","breadcrumb":{"@id":"https:\/\/digital58.com.ve\/site\/2024\/12\/23\/el-gobernador-del-zulia-aboga-por-cerrar-un-ciclo-y-enfocarse-en-la-liberacion-de-presos-politicos\/#breadcrumb"},"inLanguage":"es","potentialAction":[{"@type":"ReadAction","target":["https:\/\/digital58.com.ve\/site\/2024\/12\/23\/el-gobernador-del-zulia-aboga-por-cerrar-un-ciclo-y-enfocarse-en-la-liberacion-de-presos-politicos\/"]}]},{"@type":"ImageObject","inLanguage":"es","@id":"https:\/\/digital58.com.ve\/site\/2024\/12\/23\/el-gobernador-del-zulia-aboga-por-cerrar-un-ciclo-y-enfocarse-en-la-liberacion-de-presos-politicos\/#primaryimage","url":"https:\/\/digital58.com.ve\/site\/wp-content\/uploads\/2024\/12\/WhatsApp-Image-2024-12-23-at-2.28.26-PM.jpeg","contentUrl":"https:\/\/digital58.com.ve\/site\/wp-content\/uploads\/2024\/12\/WhatsApp-Image-2024-12-23-at-2.28.26-PM.jpeg","width":859,"height":624},{"@type":"BreadcrumbList","@id":"https:\/\/digital58.com.ve\/site\/2024\/12\/23\/el-gobernador-del-zulia-aboga-por-cerrar-un-ciclo-y-enfocarse-en-la-liberacion-de-presos-politicos\/#breadcrumb","itemListElement":[{"@type":"ListItem","position":1,"name":"Home","item":"https:\/\/digital58.com.ve\/site\/"},{"@type":"ListItem","position":2,"name":"El gobernador del Zulia aboga por cerrar un ciclo y enfocarse en la liberaci\u00f3n de presos pol\u00edticos"}]},{"@type":"WebSite","@id":"https:\/\/digital58.com.ve\/site\/#website","url":"https:\/\/digital58.com.ve\/site\/","name":"Noticias Digital58","description":"Portal de Noticias \u00a1Periodismo web de verdad! Lanzamiento web 22.11.2005 \/ Maracaibo, Venezuela","publisher":{"@id":"https:\/\/digital58.com.ve\/site\/#\/schema\/person\/64d1c2e4d0d4fd1b849980c4331c2951"},"alternateName":"ND58","potentialAction":[{"@type":"SearchAction","target":{"@type":"EntryPoint","urlTemplate":"https:\/\/digital58.com.ve\/site\/?s={search_term_string}"},"query-input":{"@type":"PropertyValueSpecification","valueRequired":true,"valueName":"search_term_string"}}],"inLanguage":"es"},{"@type":["Person","Organization"],"@id":"https:\/\/digital58.com.ve\/site\/#\/schema\/person\/64d1c2e4d0d4fd1b849980c4331c2951","name":"Villasmil Henry","image":{"@type":"ImageObject","inLanguage":"es","@id":"https:\/\/secure.gravatar.com\/avatar\/bb0c4a2fcb7970138239f7e404ea75757b1b507b28b5ce4c53fbd62d797c5a7c?s=96&d=mm&r=g","url":"https:\/\/secure.gravatar.com\/avatar\/bb0c4a2fcb7970138239f7e404ea75757b1b507b28b5ce4c53fbd62d797c5a7c?s=96&d=mm&r=g","contentUrl":"https:\/\/secure.gravatar.com\/avatar\/bb0c4a2fcb7970138239f7e404ea75757b1b507b28b5ce4c53fbd62d797c5a7c?s=96&d=mm&r=g","caption":"Villasmil Henry"},"logo":{"@id":"https:\/\/secure.gravatar.com\/avatar\/bb0c4a2fcb7970138239f7e404ea75757b1b507b28b5ce4c53fbd62d797c5a7c?s=96&d=mm&r=g"},"sameAs":["http:\/\/www.henryvillasmil.com.ve","https:\/\/www.instagram.com\/villasmilhfoto\/","https:\/\/x.com\/https:\/\/twitter.com\/villasmilhfoto"],"url":"https:\/\/digital58.com.ve\/site\/author\/droopy_68\/"}]}},"uagb_featured_image_src":{"full":["https:\/\/digital58.com.ve\/site\/wp-content\/uploads\/2024\/12\/WhatsApp-Image-2024-12-23-at-2.28.26-PM.jpeg",859,624,false],"thumbnail":["https:\/\/digital58.com.ve\/site\/wp-content\/uploads\/2024\/12\/WhatsApp-Image-2024-12-23-at-2.28.26-PM-150x150.jpeg",150,150,true],"medium":["https:\/\/digital58.com.ve\/site\/wp-content\/uploads\/2024\/12\/WhatsApp-Image-2024-12-23-at-2.28.26-PM-300x218.jpeg",300,218,true],"medium_large":["https:\/\/digital58.com.ve\/site\/wp-content\/uploads\/2024\/12\/WhatsApp-Image-2024-12-23-at-2.28.26-PM-768x558.jpeg",768,558,true],"large":["https:\/\/digital58.com.ve\/site\/wp-content\/uploads\/2024\/12\/WhatsApp-Image-2024-12-23-at-2.28.26-PM.jpeg",800,581,false],"1536x1536":["https:\/\/digital58.com.ve\/site\/wp-content\/uploads\/2024\/12\/WhatsApp-Image-2024-12-23-at-2.28.26-PM.jpeg",859,624,false],"2048x2048":["https:\/\/digital58.com.ve\/site\/wp-content\/uploads\/2024\/12\/WhatsApp-Image-2024-12-23-at-2.28.26-PM.jpeg",859,624,false],"colormag-highlighted-post":["https:\/\/digital58.com.ve\/site\/wp-content\/uploads\/2024\/12\/WhatsApp-Image-2024-12-23-at-2.28.26-PM-392x272.jpeg",392,272,true],"colormag-featured-post-medium":["https:\/\/digital58.com.ve\/site\/wp-content\/uploads\/2024\/12\/WhatsApp-Image-2024-12-23-at-2.28.26-PM-390x205.jpeg",390,205,true],"colormag-featured-post-small":["https:\/\/digital58.com.ve\/site\/wp-content\/uploads\/2024\/12\/WhatsApp-Image-2024-12-23-at-2.28.26-PM-130x90.jpeg",130,90,true],"colormag-featured-image":["https:\/\/digital58.com.ve\/site\/wp-content\/uploads\/2024\/12\/WhatsApp-Image-2024-12-23-at-2.28.26-PM-800x445.jpeg",800,445,true],"colormag-default-news":["https:\/\/digital58.com.ve\/site\/wp-content\/uploads\/2024\/12\/WhatsApp-Image-2024-12-23-at-2.28.26-PM-150x150.jpeg",150,150,true],"colormag-featured-image-large":["https:\/\/digital58.com.ve\/site\/wp-content\/uploads\/2024\/12\/WhatsApp-Image-2024-12-23-at-2.28.26-PM-859x600.jpeg",859,600,true]},"uagb_author_info":{"display_name":"Villasmil Henry","author_link":"https:\/\/digital58.com.ve\/site\/author\/droopy_68\/"},"uagb_comment_info":0,"uagb_excerpt":"Manuel Rosales insiste en la liberaci\u00f3n de los presos pol\u00edticos. \u00abCoincidimos en que el ciclo de la Asamblea Nacional 2015","_links":{"self":[{"href":"https:\/\/digital58.com.ve\/site\/wp-json\/wp\/v2\/posts\/182693","targetHints":{"allow":["GET"]}}],"collection":[{"href":"https:\/\/digital58.com.ve\/site\/wp-json\/wp\/v2\/posts"}],"about":[{"href":"https:\/\/digital58.com.ve\/site\/wp-json\/wp\/v2\/types\/post"}],"author":[{"embeddable":true,"href":"https:\/\/digital58.com.ve\/site\/wp-json\/wp\/v2\/users\/1"}],"replies":[{"embeddable":true,"href":"https:\/\/digital58.com.ve\/site\/wp-json\/wp\/v2\/comments?post=182693"}],"version-history":[{"count":4,"href":"https:\/\/digital58.com.ve\/site\/wp-json\/wp\/v2\/posts\/182693\/revisions"}],"predecessor-version":[{"id":182698,"href":"https:\/\/digital58.com.ve\/site\/wp-json\/wp\/v2\/posts\/182693\/revisions\/182698"}],"wp:featuredmedia":[{"embeddable":true,"href":"https:\/\/digital58.com.ve\/site\/wp-json\/wp\/v2\/media\/182697"}],"wp:attachment":[{"href":"https:\/\/digital58.com.ve\/site\/wp-json\/wp\/v2\/media?parent=182693"}],"wp:term":[{"taxonomy":"category","embeddable":true,"href":"https:\/\/digital58.com.ve\/site\/wp-json\/wp\/v2\/categories?post=182693"},{"taxonomy":"post_tag","embeddable":true,"href":"https:\/\/digital58.com.ve\/site\/wp-json\/wp\/v2\/tags?post=182693"}],"curies":[{"name":"wp","href":"https:\/\/api.w.org\/{rel}","templated":true}]}}