{"id":183126,"date":"2025-01-04T07:34:43","date_gmt":"2025-01-04T11:34:43","guid":{"rendered":"https:\/\/digital58.com.ve\/site\/?p=183126"},"modified":"2025-01-04T07:34:43","modified_gmt":"2025-01-04T11:34:43","slug":"carlos-mata-del-espejismo-del-exito-a-la-plenitud-personal","status":"publish","type":"post","link":"https:\/\/digital58.com.ve\/site\/2025\/01\/04\/carlos-mata-del-espejismo-del-exito-a-la-plenitud-personal\/","title":{"rendered":"Carlos Mata: Del espejismo del \u00e9xito a la plenitud personal"},"content":{"rendered":"<p><a href=\"https:\/\/digital58.com.ve\/site\/wp-content\/uploads\/2025\/01\/carlos-mata.webp\"><img loading=\"lazy\" decoding=\"async\" class=\"aligncenter size-full wp-image-183131\" src=\"https:\/\/digital58.com.ve\/site\/wp-content\/uploads\/2025\/01\/carlos-mata.webp\" alt=\"\" width=\"1000\" height=\"667\" srcset=\"https:\/\/digital58.com.ve\/site\/wp-content\/uploads\/2025\/01\/carlos-mata.webp 1000w, https:\/\/digital58.com.ve\/site\/wp-content\/uploads\/2025\/01\/carlos-mata-300x200.webp 300w, https:\/\/digital58.com.ve\/site\/wp-content\/uploads\/2025\/01\/carlos-mata-768x512.webp 768w\" sizes=\"auto, (max-width: 1000px) 100vw, 1000px\" \/><\/a><\/p>\n<p>La sombra del \u00e9xito en la vida de Carlos Mata.<\/p>\n<p><strong>Madrid, Espa\u00f1a, 04 de enero de 2025 (ND58).-<\/strong> Carlos Enrique Mata Iturriza o simplemente Carlos Mata, ic\u00f3nico protagonista de la telenovela venezolana \u00abCristal\u00bb, reflexiona sobre el impacto que tuvo el \u00e9xito en su vida personal. A casi 40 a\u00f1os del fen\u00f3meno televisivo, el actor confiesa que la fama le arrastr\u00f3 a un mundo en el que siempre se sinti\u00f3 \u00abde prestado\u00bb. Decidi\u00f3 frenar para no perder la cordura y enfocarse en su familia.<\/p>\n<p>\u00abEl entorno del negocio me aburre\u00bb, admite Mata, quien prefiere el arte sobre el espect\u00e1culo. Residiendo actualmente en Madrid junto a su esposa, el actor busca reconectar con el p\u00fablico desde la autenticidad.<\/p>\n<h2>El precio de la fama: entre el ego y la soledad<\/h2>\n<p>Durante los a\u00f1os 80 y 90, Mata vivi\u00f3 atrapado en una vor\u00e1gine de trabajo que incluy\u00f3 grabaciones de telenovelas como \u00abCristal\u00bb y \u00abLa dama de rosa\u00bb, adem\u00e1s de giras de conciertos por Am\u00e9rica y Europa. \u00abLas primeras veces que la fama te encuentra, es un masaje al ego\u00bb, relata.<\/p>\n<p>Pero cuando la admiraci\u00f3n constante se vuelve omnipresente, \u00ablo que sent\u00eda era una p\u00e9rdida. Si no puedes disfrutar de la gente, te caes del cielo\u00bb.<\/p>\n<p>El actor enfrent\u00f3 situaciones extremas: interrupciones en vuelos comerciales y autobuses tur\u00edsticos detenidos en Broadway para que sus pasajeros le fotografiaran. Mata, lejos de rechazar al p\u00fablico, lamentaba la imposibilidad de un contacto humano aut\u00e9ntico.<\/p>\n<div class=\"lyte-wrapper\" title=\"Telenovela Cristal - Amor a primera vista\" style=\"width:640px;max-width:100%;margin:5px auto;\"><div class=\"lyMe\" id=\"WYL_TdQjFDzU_lM\" itemprop=\"video\" itemscope itemtype=\"https:\/\/schema.org\/VideoObject\"><div><meta itemprop=\"thumbnailUrl\" content=\"https:\/\/i.ytimg.com\/vi\/TdQjFDzU_lM\/hqdefault.jpg\" \/><meta itemprop=\"embedURL\" content=\"https:\/\/www.youtube.com\/embed\/TdQjFDzU_lM\" \/><meta itemprop=\"duration\" content=\"PT5M55S\" \/><meta itemprop=\"uploadDate\" content=\"2009-03-23T21:25:06Z\" \/><\/div><div id=\"lyte_TdQjFDzU_lM\" data-src=\"https:\/\/i.ytimg.com\/vi\/TdQjFDzU_lM\/hqdefault.jpg\" class=\"pL\"><div class=\"tC\"><div class=\"tT\" itemprop=\"name\">Telenovela Cristal - Amor a primera vista<\/div><\/div><div class=\"play\"><\/div><div class=\"ctrl\"><div class=\"Lctrl\"><\/div><div class=\"Rctrl\"><\/div><\/div><\/div><noscript><a href=\"https:\/\/youtu.be\/TdQjFDzU_lM\" rel=\"nofollow\"><img loading=\"lazy\" decoding=\"async\" src=\"https:\/\/i.ytimg.com\/vi\/TdQjFDzU_lM\/0.jpg\" alt=\"Telenovela Cristal - Amor a primera vista\" width=\"640\" height=\"340\" \/><br \/>Ver este video en YouTube<\/a><\/noscript><meta itemprop=\"description\" content=\"Cristina y Luis Alfredo se conocen por primera vez.\"><\/div><\/div><div class=\"lL\" style=\"max-width:100%;width:640px;margin:5px auto;\"><\/div><\/p>\n<h2>El inesperado inicio en el estrellato<\/h2>\n<p>El \u00e9xito de Carlos Mata lleg\u00f3 de la mano de Delia Fiallo, escritora cubana que confi\u00f3 en su potencial como protagonista de \u00abCristal\u00bb. Mata, incr\u00e9dulo ante la posibilidad, termin\u00f3 agradeciendo el empuje que marc\u00f3 su carrera.<\/p>\n<p>Sin embargo, siempre minimiz\u00f3 su papel en ese logro: \u00abNunca valor\u00e9 mucho lo que hac\u00eda. Fue suerte que me metieran ah\u00ed casi a la fuerza\u00bb.<\/p>\n<h2>Amor y arte: las constantes en su carrera<\/h2>\n<p>Mata reconoce el papel fundamental de las telenovelas en su trayectoria, apuntando al amor como el eje central de su narrativa y \u00e9xito. \u00abEl amor, con sus obst\u00e1culos, es parte vital del ser humano\u00bb, asegura, destacando la conexi\u00f3n de este tema con obras cl\u00e1sicas como las de Shakespeare.<\/p>\n<p>No obstante, el actor guarda un cari\u00f1o especial por su experiencia en el teatro, su participaci\u00f3n en el Coro de C\u00e1mara de Caracas y su banda de rock juvenil. \u00abNunca me sent\u00ed far\u00e1ndula porque no crec\u00ed en ese entorno\u00bb, subraya.<\/p>\n<h2>Retomando las cuentas pendientes<\/h2>\n<p>Con un espect\u00e1culo biogr\u00e1fico titulado \u00abDesnudo con sombrero\u00bb, Carlos Mata se reconcilia con su p\u00fablico y con Espa\u00f1a, pa\u00eds donde planea retomar una gira internacional en 2025 tras el par\u00f3n de la pandemia.<\/p>\n<p>A sus 72 a\u00f1os, el actor est\u00e1 decidido a seguir haciendo lo que ama, pero a su ritmo: \u00abDisfrut\u00e1ndolo bien, sin agobios, no como antes\u00bb.<\/p>\n<p>En una carrera marcada por luces y sombras, Carlos Mata demuestra que el verdadero \u00e9xito reside en encontrar el equilibrio entre la pasi\u00f3n por el arte y la plenitud personal.<\/p>\n<p><strong>Redacci\u00f3n ND58 | Fuente: EFE<\/strong><br \/>\n<strong>Edici\u00f3n: Villasmil, Henry<\/strong><br \/>\n<strong>Gr\u00e1fica: Cortes\u00eda de archivo<\/strong><\/p>\n<p>&nbsp;<\/p><div class=\"vaxnq69f222d8618e2\" ><p style=\"text-align: center;\"><a href=\"https:\/\/t.me\/noticiasdigital58\" target=\"_blank\" rel=\"noopener\"><img class=\"aligncenter size-full wp-image-125363\" src=\"https:\/\/digital58.com.ve\/site\/wp-content\/uploads\/2021\/04\/banner-telegram-web-2021.png\" alt=\"\" width=\"600\" height=\"90\" \/><\/a><\/p><\/div><style type=\"text\/css\">\r\n@media screen and (min-width: 1201px) {\r\n.vaxnq69f222d8618e2 {\r\ndisplay: block;\r\n}\r\n}\r\n@media screen and (min-width: 993px) and (max-width: 1200px) {\r\n.vaxnq69f222d8618e2 {\r\ndisplay: block;\r\n}\r\n}\r\n@media screen and (min-width: 769px) and (max-width: 992px) {\r\n.vaxnq69f222d8618e2 {\r\ndisplay: block;\r\n}\r\n}\r\n@media screen and (min-width: 768px) and (max-width: 768px) {\r\n.vaxnq69f222d8618e2 {\r\ndisplay: block;\r\n}\r\n}\r\n@media screen and (max-width: 767px) {\r\n.vaxnq69f222d8618e2 {\r\ndisplay: block;\r\n}\r\n}\r\n<\/style>\r\n\n<p>&nbsp;<\/p>\n<div style=\"margin-top: 0px; margin-bottom: 0px;\" class=\"sharethis-inline-share-buttons\" ><\/div>","protected":false},"excerpt":{"rendered":"<p>La sombra del \u00e9xito en la vida de Carlos Mata. Madrid, Espa\u00f1a, 04 de enero de 2025 (ND58).- Carlos Enrique<\/p>\n","protected":false},"author":1,"featured_media":183131,"comment_status":"open","ping_status":"closed","sticky":false,"template":"","format":"standard","meta":{"colormag_page_container_layout":"default_layout","colormag_page_sidebar_layout":"default_layout","_uag_custom_page_level_css":"","footnotes":""},"categories":[1],"tags":[1843,78,34341,50,273,32],"class_list":["post-183126","post","type-post","status-publish","format-standard","has-post-thumbnail","hentry","category-fama","tag-actores","tag-cantantes","tag-carlos-mata","tag-entretenimiento","tag-farandula","tag-venezuela"],"yoast_head":"<!-- This site is optimized with the Yoast SEO plugin v27.5 - https:\/\/yoast.com\/product\/yoast-seo-wordpress\/ -->\n<title>Carlos Mata: Del espejismo del \u00e9xito a la plenitud personal<\/title>\n<meta name=\"description\" content=\"Carlos Mata, ic\u00f3nico protagonista de la telenovela venezolana \u00abCristal\u00bb, reflexiona sobre el impacto que tuvo el \u00e9xito en su vida personal.\" \/>\n<meta name=\"robots\" content=\"index, follow, max-snippet:-1, max-image-preview:large, max-video-preview:-1\" \/>\n<link rel=\"canonical\" href=\"https:\/\/digital58.com.ve\/site\/2025\/01\/04\/carlos-mata-del-espejismo-del-exito-a-la-plenitud-personal\/\" \/>\n<meta property=\"og:locale\" content=\"es_ES\" \/>\n<meta property=\"og:type\" content=\"article\" \/>\n<meta property=\"og:title\" content=\"Carlos Mata: Del espejismo del \u00e9xito a la plenitud personal\" \/>\n<meta property=\"og:description\" content=\"Carlos Mata, ic\u00f3nico protagonista de la telenovela venezolana \u00abCristal\u00bb, reflexiona sobre el impacto que tuvo el \u00e9xito en su vida personal.\" \/>\n<meta property=\"og:url\" content=\"https:\/\/digital58.com.ve\/site\/2025\/01\/04\/carlos-mata-del-espejismo-del-exito-a-la-plenitud-personal\/\" \/>\n<meta property=\"og:site_name\" content=\"Noticias Digital58\" \/>\n<meta property=\"article:published_time\" content=\"2025-01-04T11:34:43+00:00\" \/>\n<meta property=\"og:image\" content=\"https:\/\/digital58.com.ve\/site\/wp-content\/uploads\/2025\/01\/carlos-mata.webp\" \/>\n\t<meta property=\"og:image:width\" content=\"1000\" \/>\n\t<meta property=\"og:image:height\" content=\"667\" \/>\n\t<meta property=\"og:image:type\" content=\"image\/webp\" \/>\n<meta name=\"author\" content=\"Villasmil Henry\" \/>\n<meta name=\"twitter:card\" content=\"summary_large_image\" \/>\n<meta name=\"twitter:creator\" content=\"@https:\/\/twitter.com\/villasmilhfoto\" \/>\n<meta name=\"twitter:site\" content=\"@villasmilhfoto\" \/>\n<meta name=\"twitter:label1\" content=\"Escrito por\" \/>\n\t<meta name=\"twitter:data1\" content=\"Villasmil Henry\" \/>\n\t<meta name=\"twitter:label2\" content=\"Tiempo estimado de lectura\" \/>\n\t<meta name=\"twitter:data2\" content=\"3 minutos\" \/>\n<script type=\"application\/ld+json\" class=\"yoast-schema-graph\">{\"@context\":\"https:\\\/\\\/schema.org\",\"@graph\":[{\"@type\":\"Article\",\"@id\":\"https:\\\/\\\/digital58.com.ve\\\/site\\\/2025\\\/01\\\/04\\\/carlos-mata-del-espejismo-del-exito-a-la-plenitud-personal\\\/#article\",\"isPartOf\":{\"@id\":\"https:\\\/\\\/digital58.com.ve\\\/site\\\/2025\\\/01\\\/04\\\/carlos-mata-del-espejismo-del-exito-a-la-plenitud-personal\\\/\"},\"author\":{\"name\":\"Villasmil Henry\",\"@id\":\"https:\\\/\\\/digital58.com.ve\\\/site\\\/#\\\/schema\\\/person\\\/64d1c2e4d0d4fd1b849980c4331c2951\"},\"headline\":\"Carlos Mata: Del espejismo del \u00e9xito a la plenitud personal\",\"datePublished\":\"2025-01-04T11:34:43+00:00\",\"mainEntityOfPage\":{\"@id\":\"https:\\\/\\\/digital58.com.ve\\\/site\\\/2025\\\/01\\\/04\\\/carlos-mata-del-espejismo-del-exito-a-la-plenitud-personal\\\/\"},\"wordCount\":556,\"commentCount\":0,\"publisher\":{\"@id\":\"https:\\\/\\\/digital58.com.ve\\\/site\\\/#\\\/schema\\\/person\\\/64d1c2e4d0d4fd1b849980c4331c2951\"},\"image\":{\"@id\":\"https:\\\/\\\/digital58.com.ve\\\/site\\\/2025\\\/01\\\/04\\\/carlos-mata-del-espejismo-del-exito-a-la-plenitud-personal\\\/#primaryimage\"},\"thumbnailUrl\":\"https:\\\/\\\/digital58.com.ve\\\/site\\\/wp-content\\\/uploads\\\/2025\\\/01\\\/carlos-mata.webp\",\"keywords\":[\"Actores\",\"Cantantes\",\"Carlos Mata\",\"Entretenimiento\",\"Far\u00e1ndula\",\"Venezuela\"],\"articleSection\":[\"Fama\"],\"inLanguage\":\"es\",\"potentialAction\":[{\"@type\":\"CommentAction\",\"name\":\"Comment\",\"target\":[\"https:\\\/\\\/digital58.com.ve\\\/site\\\/2025\\\/01\\\/04\\\/carlos-mata-del-espejismo-del-exito-a-la-plenitud-personal\\\/#respond\"]}]},{\"@type\":\"WebPage\",\"@id\":\"https:\\\/\\\/digital58.com.ve\\\/site\\\/2025\\\/01\\\/04\\\/carlos-mata-del-espejismo-del-exito-a-la-plenitud-personal\\\/\",\"url\":\"https:\\\/\\\/digital58.com.ve\\\/site\\\/2025\\\/01\\\/04\\\/carlos-mata-del-espejismo-del-exito-a-la-plenitud-personal\\\/\",\"name\":\"Carlos Mata: Del espejismo del \u00e9xito a la plenitud personal\",\"isPartOf\":{\"@id\":\"https:\\\/\\\/digital58.com.ve\\\/site\\\/#website\"},\"primaryImageOfPage\":{\"@id\":\"https:\\\/\\\/digital58.com.ve\\\/site\\\/2025\\\/01\\\/04\\\/carlos-mata-del-espejismo-del-exito-a-la-plenitud-personal\\\/#primaryimage\"},\"image\":{\"@id\":\"https:\\\/\\\/digital58.com.ve\\\/site\\\/2025\\\/01\\\/04\\\/carlos-mata-del-espejismo-del-exito-a-la-plenitud-personal\\\/#primaryimage\"},\"thumbnailUrl\":\"https:\\\/\\\/digital58.com.ve\\\/site\\\/wp-content\\\/uploads\\\/2025\\\/01\\\/carlos-mata.webp\",\"datePublished\":\"2025-01-04T11:34:43+00:00\",\"description\":\"Carlos Mata, ic\u00f3nico protagonista de la telenovela venezolana \u00abCristal\u00bb, reflexiona sobre el impacto que tuvo el \u00e9xito en su vida personal.\",\"breadcrumb\":{\"@id\":\"https:\\\/\\\/digital58.com.ve\\\/site\\\/2025\\\/01\\\/04\\\/carlos-mata-del-espejismo-del-exito-a-la-plenitud-personal\\\/#breadcrumb\"},\"inLanguage\":\"es\",\"potentialAction\":[{\"@type\":\"ReadAction\",\"target\":[\"https:\\\/\\\/digital58.com.ve\\\/site\\\/2025\\\/01\\\/04\\\/carlos-mata-del-espejismo-del-exito-a-la-plenitud-personal\\\/\"]}]},{\"@type\":\"ImageObject\",\"inLanguage\":\"es\",\"@id\":\"https:\\\/\\\/digital58.com.ve\\\/site\\\/2025\\\/01\\\/04\\\/carlos-mata-del-espejismo-del-exito-a-la-plenitud-personal\\\/#primaryimage\",\"url\":\"https:\\\/\\\/digital58.com.ve\\\/site\\\/wp-content\\\/uploads\\\/2025\\\/01\\\/carlos-mata.webp\",\"contentUrl\":\"https:\\\/\\\/digital58.com.ve\\\/site\\\/wp-content\\\/uploads\\\/2025\\\/01\\\/carlos-mata.webp\",\"width\":1000,\"height\":667},{\"@type\":\"BreadcrumbList\",\"@id\":\"https:\\\/\\\/digital58.com.ve\\\/site\\\/2025\\\/01\\\/04\\\/carlos-mata-del-espejismo-del-exito-a-la-plenitud-personal\\\/#breadcrumb\",\"itemListElement\":[{\"@type\":\"ListItem\",\"position\":1,\"name\":\"Home\",\"item\":\"https:\\\/\\\/digital58.com.ve\\\/site\\\/\"},{\"@type\":\"ListItem\",\"position\":2,\"name\":\"Carlos Mata: Del espejismo del \u00e9xito a la plenitud personal\"}]},{\"@type\":\"WebSite\",\"@id\":\"https:\\\/\\\/digital58.com.ve\\\/site\\\/#website\",\"url\":\"https:\\\/\\\/digital58.com.ve\\\/site\\\/\",\"name\":\"Noticias Digital58\",\"description\":\"Portal de Noticias \u00a1Periodismo web de verdad! Lanzamiento web 22.11.2005 \\\/ Maracaibo, Venezuela\",\"publisher\":{\"@id\":\"https:\\\/\\\/digital58.com.ve\\\/site\\\/#\\\/schema\\\/person\\\/64d1c2e4d0d4fd1b849980c4331c2951\"},\"alternateName\":\"ND58\",\"potentialAction\":[{\"@type\":\"SearchAction\",\"target\":{\"@type\":\"EntryPoint\",\"urlTemplate\":\"https:\\\/\\\/digital58.com.ve\\\/site\\\/?s={search_term_string}\"},\"query-input\":{\"@type\":\"PropertyValueSpecification\",\"valueRequired\":true,\"valueName\":\"search_term_string\"}}],\"inLanguage\":\"es\"},{\"@type\":[\"Person\",\"Organization\"],\"@id\":\"https:\\\/\\\/digital58.com.ve\\\/site\\\/#\\\/schema\\\/person\\\/64d1c2e4d0d4fd1b849980c4331c2951\",\"name\":\"Villasmil Henry\",\"image\":{\"@type\":\"ImageObject\",\"inLanguage\":\"es\",\"@id\":\"https:\\\/\\\/secure.gravatar.com\\\/avatar\\\/bb0c4a2fcb7970138239f7e404ea75757b1b507b28b5ce4c53fbd62d797c5a7c?s=96&d=mm&r=g\",\"url\":\"https:\\\/\\\/secure.gravatar.com\\\/avatar\\\/bb0c4a2fcb7970138239f7e404ea75757b1b507b28b5ce4c53fbd62d797c5a7c?s=96&d=mm&r=g\",\"contentUrl\":\"https:\\\/\\\/secure.gravatar.com\\\/avatar\\\/bb0c4a2fcb7970138239f7e404ea75757b1b507b28b5ce4c53fbd62d797c5a7c?s=96&d=mm&r=g\",\"caption\":\"Villasmil Henry\"},\"logo\":{\"@id\":\"https:\\\/\\\/secure.gravatar.com\\\/avatar\\\/bb0c4a2fcb7970138239f7e404ea75757b1b507b28b5ce4c53fbd62d797c5a7c?s=96&d=mm&r=g\"},\"sameAs\":[\"http:\\\/\\\/www.henryvillasmil.com.ve\",\"https:\\\/\\\/www.instagram.com\\\/villasmilhfoto\\\/\",\"https:\\\/\\\/x.com\\\/https:\\\/\\\/twitter.com\\\/villasmilhfoto\"],\"url\":\"https:\\\/\\\/digital58.com.ve\\\/site\\\/author\\\/droopy_68\\\/\"}]}<\/script>\n<!-- \/ Yoast SEO plugin. -->","yoast_head_json":{"title":"Carlos Mata: Del espejismo del \u00e9xito a la plenitud personal","description":"Carlos Mata, ic\u00f3nico protagonista de la telenovela venezolana \u00abCristal\u00bb, reflexiona sobre el impacto que tuvo el \u00e9xito en su vida personal.","robots":{"index":"index","follow":"follow","max-snippet":"max-snippet:-1","max-image-preview":"max-image-preview:large","max-video-preview":"max-video-preview:-1"},"canonical":"https:\/\/digital58.com.ve\/site\/2025\/01\/04\/carlos-mata-del-espejismo-del-exito-a-la-plenitud-personal\/","og_locale":"es_ES","og_type":"article","og_title":"Carlos Mata: Del espejismo del \u00e9xito a la plenitud personal","og_description":"Carlos Mata, ic\u00f3nico protagonista de la telenovela venezolana \u00abCristal\u00bb, reflexiona sobre el impacto que tuvo el \u00e9xito en su vida personal.","og_url":"https:\/\/digital58.com.ve\/site\/2025\/01\/04\/carlos-mata-del-espejismo-del-exito-a-la-plenitud-personal\/","og_site_name":"Noticias Digital58","article_published_time":"2025-01-04T11:34:43+00:00","og_image":[{"width":1000,"height":667,"url":"https:\/\/digital58.com.ve\/site\/wp-content\/uploads\/2025\/01\/carlos-mata.webp","type":"image\/webp"}],"author":"Villasmil Henry","twitter_card":"summary_large_image","twitter_creator":"@https:\/\/twitter.com\/villasmilhfoto","twitter_site":"@villasmilhfoto","twitter_misc":{"Escrito por":"Villasmil Henry","Tiempo estimado de lectura":"3 minutos"},"schema":{"@context":"https:\/\/schema.org","@graph":[{"@type":"Article","@id":"https:\/\/digital58.com.ve\/site\/2025\/01\/04\/carlos-mata-del-espejismo-del-exito-a-la-plenitud-personal\/#article","isPartOf":{"@id":"https:\/\/digital58.com.ve\/site\/2025\/01\/04\/carlos-mata-del-espejismo-del-exito-a-la-plenitud-personal\/"},"author":{"name":"Villasmil Henry","@id":"https:\/\/digital58.com.ve\/site\/#\/schema\/person\/64d1c2e4d0d4fd1b849980c4331c2951"},"headline":"Carlos Mata: Del espejismo del \u00e9xito a la plenitud personal","datePublished":"2025-01-04T11:34:43+00:00","mainEntityOfPage":{"@id":"https:\/\/digital58.com.ve\/site\/2025\/01\/04\/carlos-mata-del-espejismo-del-exito-a-la-plenitud-personal\/"},"wordCount":556,"commentCount":0,"publisher":{"@id":"https:\/\/digital58.com.ve\/site\/#\/schema\/person\/64d1c2e4d0d4fd1b849980c4331c2951"},"image":{"@id":"https:\/\/digital58.com.ve\/site\/2025\/01\/04\/carlos-mata-del-espejismo-del-exito-a-la-plenitud-personal\/#primaryimage"},"thumbnailUrl":"https:\/\/digital58.com.ve\/site\/wp-content\/uploads\/2025\/01\/carlos-mata.webp","keywords":["Actores","Cantantes","Carlos Mata","Entretenimiento","Far\u00e1ndula","Venezuela"],"articleSection":["Fama"],"inLanguage":"es","potentialAction":[{"@type":"CommentAction","name":"Comment","target":["https:\/\/digital58.com.ve\/site\/2025\/01\/04\/carlos-mata-del-espejismo-del-exito-a-la-plenitud-personal\/#respond"]}]},{"@type":"WebPage","@id":"https:\/\/digital58.com.ve\/site\/2025\/01\/04\/carlos-mata-del-espejismo-del-exito-a-la-plenitud-personal\/","url":"https:\/\/digital58.com.ve\/site\/2025\/01\/04\/carlos-mata-del-espejismo-del-exito-a-la-plenitud-personal\/","name":"Carlos Mata: Del espejismo del \u00e9xito a la plenitud personal","isPartOf":{"@id":"https:\/\/digital58.com.ve\/site\/#website"},"primaryImageOfPage":{"@id":"https:\/\/digital58.com.ve\/site\/2025\/01\/04\/carlos-mata-del-espejismo-del-exito-a-la-plenitud-personal\/#primaryimage"},"image":{"@id":"https:\/\/digital58.com.ve\/site\/2025\/01\/04\/carlos-mata-del-espejismo-del-exito-a-la-plenitud-personal\/#primaryimage"},"thumbnailUrl":"https:\/\/digital58.com.ve\/site\/wp-content\/uploads\/2025\/01\/carlos-mata.webp","datePublished":"2025-01-04T11:34:43+00:00","description":"Carlos Mata, ic\u00f3nico protagonista de la telenovela venezolana \u00abCristal\u00bb, reflexiona sobre el impacto que tuvo el \u00e9xito en su vida personal.","breadcrumb":{"@id":"https:\/\/digital58.com.ve\/site\/2025\/01\/04\/carlos-mata-del-espejismo-del-exito-a-la-plenitud-personal\/#breadcrumb"},"inLanguage":"es","potentialAction":[{"@type":"ReadAction","target":["https:\/\/digital58.com.ve\/site\/2025\/01\/04\/carlos-mata-del-espejismo-del-exito-a-la-plenitud-personal\/"]}]},{"@type":"ImageObject","inLanguage":"es","@id":"https:\/\/digital58.com.ve\/site\/2025\/01\/04\/carlos-mata-del-espejismo-del-exito-a-la-plenitud-personal\/#primaryimage","url":"https:\/\/digital58.com.ve\/site\/wp-content\/uploads\/2025\/01\/carlos-mata.webp","contentUrl":"https:\/\/digital58.com.ve\/site\/wp-content\/uploads\/2025\/01\/carlos-mata.webp","width":1000,"height":667},{"@type":"BreadcrumbList","@id":"https:\/\/digital58.com.ve\/site\/2025\/01\/04\/carlos-mata-del-espejismo-del-exito-a-la-plenitud-personal\/#breadcrumb","itemListElement":[{"@type":"ListItem","position":1,"name":"Home","item":"https:\/\/digital58.com.ve\/site\/"},{"@type":"ListItem","position":2,"name":"Carlos Mata: Del espejismo del \u00e9xito a la plenitud personal"}]},{"@type":"WebSite","@id":"https:\/\/digital58.com.ve\/site\/#website","url":"https:\/\/digital58.com.ve\/site\/","name":"Noticias Digital58","description":"Portal de Noticias \u00a1Periodismo web de verdad! Lanzamiento web 22.11.2005 \/ Maracaibo, Venezuela","publisher":{"@id":"https:\/\/digital58.com.ve\/site\/#\/schema\/person\/64d1c2e4d0d4fd1b849980c4331c2951"},"alternateName":"ND58","potentialAction":[{"@type":"SearchAction","target":{"@type":"EntryPoint","urlTemplate":"https:\/\/digital58.com.ve\/site\/?s={search_term_string}"},"query-input":{"@type":"PropertyValueSpecification","valueRequired":true,"valueName":"search_term_string"}}],"inLanguage":"es"},{"@type":["Person","Organization"],"@id":"https:\/\/digital58.com.ve\/site\/#\/schema\/person\/64d1c2e4d0d4fd1b849980c4331c2951","name":"Villasmil Henry","image":{"@type":"ImageObject","inLanguage":"es","@id":"https:\/\/secure.gravatar.com\/avatar\/bb0c4a2fcb7970138239f7e404ea75757b1b507b28b5ce4c53fbd62d797c5a7c?s=96&d=mm&r=g","url":"https:\/\/secure.gravatar.com\/avatar\/bb0c4a2fcb7970138239f7e404ea75757b1b507b28b5ce4c53fbd62d797c5a7c?s=96&d=mm&r=g","contentUrl":"https:\/\/secure.gravatar.com\/avatar\/bb0c4a2fcb7970138239f7e404ea75757b1b507b28b5ce4c53fbd62d797c5a7c?s=96&d=mm&r=g","caption":"Villasmil Henry"},"logo":{"@id":"https:\/\/secure.gravatar.com\/avatar\/bb0c4a2fcb7970138239f7e404ea75757b1b507b28b5ce4c53fbd62d797c5a7c?s=96&d=mm&r=g"},"sameAs":["http:\/\/www.henryvillasmil.com.ve","https:\/\/www.instagram.com\/villasmilhfoto\/","https:\/\/x.com\/https:\/\/twitter.com\/villasmilhfoto"],"url":"https:\/\/digital58.com.ve\/site\/author\/droopy_68\/"}]}},"uagb_featured_image_src":{"full":["https:\/\/digital58.com.ve\/site\/wp-content\/uploads\/2025\/01\/carlos-mata.webp",1000,667,false],"thumbnail":["https:\/\/digital58.com.ve\/site\/wp-content\/uploads\/2025\/01\/carlos-mata-150x150.webp",150,150,true],"medium":["https:\/\/digital58.com.ve\/site\/wp-content\/uploads\/2025\/01\/carlos-mata-300x200.webp",300,200,true],"medium_large":["https:\/\/digital58.com.ve\/site\/wp-content\/uploads\/2025\/01\/carlos-mata-768x512.webp",768,512,true],"large":["https:\/\/digital58.com.ve\/site\/wp-content\/uploads\/2025\/01\/carlos-mata.webp",800,534,false],"1536x1536":["https:\/\/digital58.com.ve\/site\/wp-content\/uploads\/2025\/01\/carlos-mata.webp",1000,667,false],"2048x2048":["https:\/\/digital58.com.ve\/site\/wp-content\/uploads\/2025\/01\/carlos-mata.webp",1000,667,false],"colormag-highlighted-post":["https:\/\/digital58.com.ve\/site\/wp-content\/uploads\/2025\/01\/carlos-mata-392x272.webp",392,272,true],"colormag-featured-post-medium":["https:\/\/digital58.com.ve\/site\/wp-content\/uploads\/2025\/01\/carlos-mata-390x205.webp",390,205,true],"colormag-featured-post-small":["https:\/\/digital58.com.ve\/site\/wp-content\/uploads\/2025\/01\/carlos-mata-130x90.webp",130,90,true],"colormag-featured-image":["https:\/\/digital58.com.ve\/site\/wp-content\/uploads\/2025\/01\/carlos-mata-800x445.webp",800,445,true],"colormag-default-news":["https:\/\/digital58.com.ve\/site\/wp-content\/uploads\/2025\/01\/carlos-mata-150x150.webp",150,150,true],"colormag-featured-image-large":["https:\/\/digital58.com.ve\/site\/wp-content\/uploads\/2025\/01\/carlos-mata-1000x600.webp",1000,600,true]},"uagb_author_info":{"display_name":"Villasmil Henry","author_link":"https:\/\/digital58.com.ve\/site\/author\/droopy_68\/"},"uagb_comment_info":0,"uagb_excerpt":"La sombra del \u00e9xito en la vida de Carlos Mata. Madrid, Espa\u00f1a, 04 de enero de 2025 (ND58).- Carlos Enrique","_links":{"self":[{"href":"https:\/\/digital58.com.ve\/site\/wp-json\/wp\/v2\/posts\/183126","targetHints":{"allow":["GET"]}}],"collection":[{"href":"https:\/\/digital58.com.ve\/site\/wp-json\/wp\/v2\/posts"}],"about":[{"href":"https:\/\/digital58.com.ve\/site\/wp-json\/wp\/v2\/types\/post"}],"author":[{"embeddable":true,"href":"https:\/\/digital58.com.ve\/site\/wp-json\/wp\/v2\/users\/1"}],"replies":[{"embeddable":true,"href":"https:\/\/digital58.com.ve\/site\/wp-json\/wp\/v2\/comments?post=183126"}],"version-history":[{"count":2,"href":"https:\/\/digital58.com.ve\/site\/wp-json\/wp\/v2\/posts\/183126\/revisions"}],"predecessor-version":[{"id":183132,"href":"https:\/\/digital58.com.ve\/site\/wp-json\/wp\/v2\/posts\/183126\/revisions\/183132"}],"wp:featuredmedia":[{"embeddable":true,"href":"https:\/\/digital58.com.ve\/site\/wp-json\/wp\/v2\/media\/183131"}],"wp:attachment":[{"href":"https:\/\/digital58.com.ve\/site\/wp-json\/wp\/v2\/media?parent=183126"}],"wp:term":[{"taxonomy":"category","embeddable":true,"href":"https:\/\/digital58.com.ve\/site\/wp-json\/wp\/v2\/categories?post=183126"},{"taxonomy":"post_tag","embeddable":true,"href":"https:\/\/digital58.com.ve\/site\/wp-json\/wp\/v2\/tags?post=183126"}],"curies":[{"name":"wp","href":"https:\/\/api.w.org\/{rel}","templated":true}]}}