{"id":183184,"date":"2025-01-05T08:44:07","date_gmt":"2025-01-05T12:44:07","guid":{"rendered":"https:\/\/digital58.com.ve\/site\/?p=183184"},"modified":"2025-01-05T10:59:15","modified_gmt":"2025-01-05T14:59:15","slug":"machado-agradece-a-milei-por-su-respaldo-a-lider-opositor-venezolano","status":"publish","type":"post","link":"https:\/\/digital58.com.ve\/site\/2025\/01\/05\/machado-agradece-a-milei-por-su-respaldo-a-lider-opositor-venezolano\/","title":{"rendered":"Machado agradece a Milei por su respaldo a l\u00edder opositor venezolano"},"content":{"rendered":"<h2><a href=\"https:\/\/digital58.com.ve\/site\/wp-content\/uploads\/2025\/01\/mcm-edmundo.webp\"><img loading=\"lazy\" decoding=\"async\" class=\"aligncenter size-full wp-image-183185\" src=\"https:\/\/digital58.com.ve\/site\/wp-content\/uploads\/2025\/01\/mcm-edmundo.webp\" alt=\"\" width=\"953\" height=\"576\" srcset=\"https:\/\/digital58.com.ve\/site\/wp-content\/uploads\/2025\/01\/mcm-edmundo.webp 953w, https:\/\/digital58.com.ve\/site\/wp-content\/uploads\/2025\/01\/mcm-edmundo-300x181.webp 300w, https:\/\/digital58.com.ve\/site\/wp-content\/uploads\/2025\/01\/mcm-edmundo-768x464.webp 768w\" sizes=\"auto, (max-width: 953px) 100vw, 953px\" \/><\/a><\/h2>\n<h2>Mar\u00eda Corina Machado destaca apoyo de Milei a Gonz\u00e1lez Urrutia<\/h2>\n<p><strong>Caracas, DC, Venezuela, 05 de enero de 2024 (ND58).-<\/strong> Mar\u00eda Corina Machado, destacada l\u00edder de la oposici\u00f3n en Venezuela, expres\u00f3 su agradecimiento al presidente de Argentina, Javier Milei, por el apoyo brindado al dirigente antichavista Edmundo Gonz\u00e1lez Urrutia durante su reciente visita a la Casa Rosada.<\/p>\n<p>Gonz\u00e1lez Urrutia se encuentra en una gira internacional en busca de respaldo para su aspiraci\u00f3n de asumir la Presidencia de Venezuela el pr\u00f3ximo 10 de enero.<\/p>\n<h3>Declaraciones de Machado<\/h3>\n<p>\u00abGracias, Argentina, y gracias, presidente Javier Milei, por todo su apoyo a nuestra causa\u00bb, public\u00f3 Machado en su cuenta de X, reiterando que las elecciones presidenciales del pasado 28 de julio, en las que el gobierno proclam\u00f3 la reelecci\u00f3n de Nicol\u00e1s Maduro, fueron \u00abfraudulentas\u00bb.<\/p>\n<h2>Postura de Javier Milei sobre Venezuela<\/h2>\n<p>En el encuentro con Gonz\u00e1lez Urrutia, Milei reafirm\u00f3 su postura cr\u00edtica hacia el gobierno venezolano.<a href=\"https:\/\/digital58.com.ve\/site\/2025\/01\/05\/milei-condena-los-atropellos-de-maduro-y-apoya-la-libertad-en-venezuela\/\" target=\"_blank\" rel=\"noopener\"><strong> \u00abArgentina no ser\u00e1 c\u00f3mplice del silencio frente a las injusticias y los atropellos del r\u00e9gimen de Maduro\u00bb<\/strong><\/a>, se\u00f1al\u00f3 en un comunicado.<\/p>\n<p>Adem\u00e1s, subray\u00f3 la importancia de construir una Latinoam\u00e9rica \u00abpr\u00f3spera y libre del yugo opresor de cualquier tipo de gobierno de dudosa calidad democr\u00e1tica\u00bb.<\/p>\n<h2>Planes de Gonz\u00e1lez Urrutia en su gira internacional<\/h2>\n<h3>Pr\u00f3ximos destinos y reuniones clave<\/h3>\n<p>Por su parte, Gonz\u00e1lez Urrutia anunci\u00f3 en una rueda de prensa que su pr\u00f3xima parada ser\u00e1 en Estados Unidos, donde prev\u00e9 reunirse con el presidente Joe Biden y otros l\u00edderes pol\u00edticos del Congreso. Tambi\u00e9n planea continuar su gira en Panam\u00e1 y Rep\u00fablica Dominicana antes de regresar a Venezuela el 10 de enero, desafiando una orden de captura emitida en su contra.<\/p>\n<p>\u00abLa agenda en Estados Unidos incluye reuniones con figuras clave del Congreso y, esperamos, una conversaci\u00f3n con el presidente Biden. Estamos trabajando en las definiciones finales\u00bb, coment\u00f3 Gonz\u00e1lez Urrutia, quien tambi\u00e9n mencion\u00f3 la posibilidad de dialogar con Donald Trump, pr\u00f3ximo a asumir nuevamente la Presidencia el 20 de enero.<\/p>\n<h2>Contexto pol\u00edtico en Venezuela<\/h2>\n<h3>Respaldo institucional a Maduro<\/h3>\n<p>Mientras tanto, el gobierno de Maduro sigue contando con el respaldo de las principales instituciones venezolanas, incluidas las Fuerzas Armadas, que han calificado a la coalici\u00f3n opositora como \u00abgolpista\u00bb y acusan a sus l\u00edderes de intentar desestabilizar el pa\u00eds.<\/p>\n<h3>Cr\u00edticas internacionales a las elecciones<\/h3>\n<p>La reelecci\u00f3n de Maduro ha sido objeto de fuertes cr\u00edticas por parte de la comunidad internacional, que denuncia la falta de transparencia en el proceso electoral.<\/p>\n<p>Sin embargo, las acciones de la oposici\u00f3n contin\u00faan generando expectativas sobre el futuro pol\u00edtico de Venezuela en el contexto de una creciente presi\u00f3n diplom\u00e1tica y la movilizaci\u00f3n de aliados en el continente.<\/p>\n<p><strong>Redacci\u00f3n ND58 | Fuente: EFE<\/strong><br \/>\n<strong>Edici\u00f3n: Villasmil, Henry<\/strong><br \/>\n<strong>Gr\u00e1ficas: de archivo<\/strong> referencial<\/p>\n<p>&nbsp;<\/p>\n<p>&nbsp;<\/p><div class=\"bqusw69f0142a11d62\" ><p style=\"text-align: center;\"><a href=\"https:\/\/t.me\/noticiasdigital58\" target=\"_blank\" rel=\"noopener\"><img class=\"aligncenter size-full wp-image-125363\" src=\"https:\/\/digital58.com.ve\/site\/wp-content\/uploads\/2021\/04\/banner-telegram-web-2021.png\" alt=\"\" width=\"600\" height=\"90\" \/><\/a><\/p><\/div><style type=\"text\/css\">\r\n@media screen and (min-width: 1201px) {\r\n.bqusw69f0142a11d62 {\r\ndisplay: block;\r\n}\r\n}\r\n@media screen and (min-width: 993px) and (max-width: 1200px) {\r\n.bqusw69f0142a11d62 {\r\ndisplay: block;\r\n}\r\n}\r\n@media screen and (min-width: 769px) and (max-width: 992px) {\r\n.bqusw69f0142a11d62 {\r\ndisplay: block;\r\n}\r\n}\r\n@media screen and (min-width: 768px) and (max-width: 768px) {\r\n.bqusw69f0142a11d62 {\r\ndisplay: block;\r\n}\r\n}\r\n@media screen and (max-width: 767px) {\r\n.bqusw69f0142a11d62 {\r\ndisplay: block;\r\n}\r\n}\r\n<\/style>\r\n\n<p>&nbsp;<\/p>\n<div style=\"margin-top: 0px; margin-bottom: 0px;\" class=\"sharethis-inline-share-buttons\" ><\/div>","protected":false},"excerpt":{"rendered":"<p>Mar\u00eda Corina Machado destaca apoyo de Milei a Gonz\u00e1lez Urrutia Caracas, DC, Venezuela, 05 de enero de 2024 (ND58).- Mar\u00eda<\/p>\n","protected":false},"author":1,"featured_media":183185,"comment_status":"open","ping_status":"closed","sticky":false,"template":"","format":"standard","meta":{"colormag_page_container_layout":"default_layout","colormag_page_sidebar_layout":"default_layout","_uag_custom_page_level_css":"","footnotes":""},"categories":[16454],"tags":[36,6941,34343,33336,8,33423,14491,8605,32],"class_list":["post-183184","post","type-post","status-publish","format-standard","has-post-thumbnail","hentry","category-venezuela","tag-argentina","tag-buenos-aires","tag-casa-rosada","tag-edmundo-gonzalez-urrutia","tag-internacionales","tag-javier-milei","tag-maria-corina-machado","tag-oposicion-venezolana","tag-venezuela"],"yoast_head":"<!-- This site is optimized with the Yoast SEO plugin v27.4 - https:\/\/yoast.com\/product\/yoast-seo-wordpress\/ -->\n<title>Machado agradece a Milei por su respaldo a l\u00edder opositor venezolano<\/title>\n<meta name=\"description\" content=\"Gonz\u00e1lez Urrutia se encuentra en una gira internacional en busca de respaldo para su aspiraci\u00f3n de asumir la Presidencia de Venezuela el pr\u00f3ximo 10 de enero.\" \/>\n<meta name=\"robots\" content=\"index, follow, max-snippet:-1, max-image-preview:large, max-video-preview:-1\" \/>\n<link rel=\"canonical\" href=\"https:\/\/digital58.com.ve\/site\/2025\/01\/05\/machado-agradece-a-milei-por-su-respaldo-a-lider-opositor-venezolano\/\" \/>\n<meta property=\"og:locale\" content=\"es_ES\" \/>\n<meta property=\"og:type\" content=\"article\" \/>\n<meta property=\"og:title\" content=\"Machado agradece a Milei por su respaldo a l\u00edder opositor venezolano\" \/>\n<meta property=\"og:description\" content=\"Gonz\u00e1lez Urrutia se encuentra en una gira internacional en busca de respaldo para su aspiraci\u00f3n de asumir la Presidencia de Venezuela el pr\u00f3ximo 10 de enero.\" \/>\n<meta property=\"og:url\" content=\"https:\/\/digital58.com.ve\/site\/2025\/01\/05\/machado-agradece-a-milei-por-su-respaldo-a-lider-opositor-venezolano\/\" \/>\n<meta property=\"og:site_name\" content=\"Noticias Digital58\" \/>\n<meta property=\"article:published_time\" content=\"2025-01-05T12:44:07+00:00\" \/>\n<meta property=\"article:modified_time\" content=\"2025-01-05T14:59:15+00:00\" \/>\n<meta property=\"og:image\" content=\"https:\/\/digital58.com.ve\/site\/wp-content\/uploads\/2025\/01\/mcm-edmundo.webp\" \/>\n\t<meta property=\"og:image:width\" content=\"953\" \/>\n\t<meta property=\"og:image:height\" content=\"576\" \/>\n\t<meta property=\"og:image:type\" content=\"image\/webp\" \/>\n<meta name=\"author\" content=\"Villasmil Henry\" \/>\n<meta name=\"twitter:card\" content=\"summary_large_image\" \/>\n<meta name=\"twitter:creator\" content=\"@https:\/\/twitter.com\/villasmilhfoto\" \/>\n<meta name=\"twitter:site\" content=\"@villasmilhfoto\" \/>\n<meta name=\"twitter:label1\" content=\"Escrito por\" \/>\n\t<meta name=\"twitter:data1\" content=\"Villasmil Henry\" \/>\n\t<meta name=\"twitter:label2\" content=\"Tiempo estimado de lectura\" \/>\n\t<meta name=\"twitter:data2\" content=\"3 minutos\" \/>\n<script type=\"application\/ld+json\" class=\"yoast-schema-graph\">{\"@context\":\"https:\\\/\\\/schema.org\",\"@graph\":[{\"@type\":\"Article\",\"@id\":\"https:\\\/\\\/digital58.com.ve\\\/site\\\/2025\\\/01\\\/05\\\/machado-agradece-a-milei-por-su-respaldo-a-lider-opositor-venezolano\\\/#article\",\"isPartOf\":{\"@id\":\"https:\\\/\\\/digital58.com.ve\\\/site\\\/2025\\\/01\\\/05\\\/machado-agradece-a-milei-por-su-respaldo-a-lider-opositor-venezolano\\\/\"},\"author\":{\"name\":\"Villasmil Henry\",\"@id\":\"https:\\\/\\\/digital58.com.ve\\\/site\\\/#\\\/schema\\\/person\\\/64d1c2e4d0d4fd1b849980c4331c2951\"},\"headline\":\"Machado agradece a Milei por su respaldo a l\u00edder opositor venezolano\",\"datePublished\":\"2025-01-05T12:44:07+00:00\",\"dateModified\":\"2025-01-05T14:59:15+00:00\",\"mainEntityOfPage\":{\"@id\":\"https:\\\/\\\/digital58.com.ve\\\/site\\\/2025\\\/01\\\/05\\\/machado-agradece-a-milei-por-su-respaldo-a-lider-opositor-venezolano\\\/\"},\"wordCount\":496,\"commentCount\":0,\"publisher\":{\"@id\":\"https:\\\/\\\/digital58.com.ve\\\/site\\\/#\\\/schema\\\/person\\\/64d1c2e4d0d4fd1b849980c4331c2951\"},\"image\":{\"@id\":\"https:\\\/\\\/digital58.com.ve\\\/site\\\/2025\\\/01\\\/05\\\/machado-agradece-a-milei-por-su-respaldo-a-lider-opositor-venezolano\\\/#primaryimage\"},\"thumbnailUrl\":\"https:\\\/\\\/digital58.com.ve\\\/site\\\/wp-content\\\/uploads\\\/2025\\\/01\\\/mcm-edmundo.webp\",\"keywords\":[\"Argentina\",\"Buenos Aires\",\"Casa Rosada\",\"Edmundo Gonz\u00e1lez Urrutia\",\"Internacionales\",\"Javier Milei\",\"Mar\u00eda Corina Machado\",\"Oposici\u00f3n Venezolana\",\"Venezuela\"],\"articleSection\":[\"Venezuela\"],\"inLanguage\":\"es\",\"potentialAction\":[{\"@type\":\"CommentAction\",\"name\":\"Comment\",\"target\":[\"https:\\\/\\\/digital58.com.ve\\\/site\\\/2025\\\/01\\\/05\\\/machado-agradece-a-milei-por-su-respaldo-a-lider-opositor-venezolano\\\/#respond\"]}]},{\"@type\":\"WebPage\",\"@id\":\"https:\\\/\\\/digital58.com.ve\\\/site\\\/2025\\\/01\\\/05\\\/machado-agradece-a-milei-por-su-respaldo-a-lider-opositor-venezolano\\\/\",\"url\":\"https:\\\/\\\/digital58.com.ve\\\/site\\\/2025\\\/01\\\/05\\\/machado-agradece-a-milei-por-su-respaldo-a-lider-opositor-venezolano\\\/\",\"name\":\"Machado agradece a Milei por su respaldo a l\u00edder opositor venezolano\",\"isPartOf\":{\"@id\":\"https:\\\/\\\/digital58.com.ve\\\/site\\\/#website\"},\"primaryImageOfPage\":{\"@id\":\"https:\\\/\\\/digital58.com.ve\\\/site\\\/2025\\\/01\\\/05\\\/machado-agradece-a-milei-por-su-respaldo-a-lider-opositor-venezolano\\\/#primaryimage\"},\"image\":{\"@id\":\"https:\\\/\\\/digital58.com.ve\\\/site\\\/2025\\\/01\\\/05\\\/machado-agradece-a-milei-por-su-respaldo-a-lider-opositor-venezolano\\\/#primaryimage\"},\"thumbnailUrl\":\"https:\\\/\\\/digital58.com.ve\\\/site\\\/wp-content\\\/uploads\\\/2025\\\/01\\\/mcm-edmundo.webp\",\"datePublished\":\"2025-01-05T12:44:07+00:00\",\"dateModified\":\"2025-01-05T14:59:15+00:00\",\"description\":\"Gonz\u00e1lez Urrutia se encuentra en una gira internacional en busca de respaldo para su aspiraci\u00f3n de asumir la Presidencia de Venezuela el pr\u00f3ximo 10 de enero.\",\"breadcrumb\":{\"@id\":\"https:\\\/\\\/digital58.com.ve\\\/site\\\/2025\\\/01\\\/05\\\/machado-agradece-a-milei-por-su-respaldo-a-lider-opositor-venezolano\\\/#breadcrumb\"},\"inLanguage\":\"es\",\"potentialAction\":[{\"@type\":\"ReadAction\",\"target\":[\"https:\\\/\\\/digital58.com.ve\\\/site\\\/2025\\\/01\\\/05\\\/machado-agradece-a-milei-por-su-respaldo-a-lider-opositor-venezolano\\\/\"]}]},{\"@type\":\"ImageObject\",\"inLanguage\":\"es\",\"@id\":\"https:\\\/\\\/digital58.com.ve\\\/site\\\/2025\\\/01\\\/05\\\/machado-agradece-a-milei-por-su-respaldo-a-lider-opositor-venezolano\\\/#primaryimage\",\"url\":\"https:\\\/\\\/digital58.com.ve\\\/site\\\/wp-content\\\/uploads\\\/2025\\\/01\\\/mcm-edmundo.webp\",\"contentUrl\":\"https:\\\/\\\/digital58.com.ve\\\/site\\\/wp-content\\\/uploads\\\/2025\\\/01\\\/mcm-edmundo.webp\",\"width\":953,\"height\":576},{\"@type\":\"BreadcrumbList\",\"@id\":\"https:\\\/\\\/digital58.com.ve\\\/site\\\/2025\\\/01\\\/05\\\/machado-agradece-a-milei-por-su-respaldo-a-lider-opositor-venezolano\\\/#breadcrumb\",\"itemListElement\":[{\"@type\":\"ListItem\",\"position\":1,\"name\":\"Home\",\"item\":\"https:\\\/\\\/digital58.com.ve\\\/site\\\/\"},{\"@type\":\"ListItem\",\"position\":2,\"name\":\"Machado agradece a Milei por su respaldo a l\u00edder opositor venezolano\"}]},{\"@type\":\"WebSite\",\"@id\":\"https:\\\/\\\/digital58.com.ve\\\/site\\\/#website\",\"url\":\"https:\\\/\\\/digital58.com.ve\\\/site\\\/\",\"name\":\"Noticias Digital58\",\"description\":\"Portal de Noticias \u00a1Periodismo web de verdad! Lanzamiento web 22.11.2005 \\\/ Maracaibo, Venezuela\",\"publisher\":{\"@id\":\"https:\\\/\\\/digital58.com.ve\\\/site\\\/#\\\/schema\\\/person\\\/64d1c2e4d0d4fd1b849980c4331c2951\"},\"alternateName\":\"ND58\",\"potentialAction\":[{\"@type\":\"SearchAction\",\"target\":{\"@type\":\"EntryPoint\",\"urlTemplate\":\"https:\\\/\\\/digital58.com.ve\\\/site\\\/?s={search_term_string}\"},\"query-input\":{\"@type\":\"PropertyValueSpecification\",\"valueRequired\":true,\"valueName\":\"search_term_string\"}}],\"inLanguage\":\"es\"},{\"@type\":[\"Person\",\"Organization\"],\"@id\":\"https:\\\/\\\/digital58.com.ve\\\/site\\\/#\\\/schema\\\/person\\\/64d1c2e4d0d4fd1b849980c4331c2951\",\"name\":\"Villasmil Henry\",\"image\":{\"@type\":\"ImageObject\",\"inLanguage\":\"es\",\"@id\":\"https:\\\/\\\/secure.gravatar.com\\\/avatar\\\/bb0c4a2fcb7970138239f7e404ea75757b1b507b28b5ce4c53fbd62d797c5a7c?s=96&d=mm&r=g\",\"url\":\"https:\\\/\\\/secure.gravatar.com\\\/avatar\\\/bb0c4a2fcb7970138239f7e404ea75757b1b507b28b5ce4c53fbd62d797c5a7c?s=96&d=mm&r=g\",\"contentUrl\":\"https:\\\/\\\/secure.gravatar.com\\\/avatar\\\/bb0c4a2fcb7970138239f7e404ea75757b1b507b28b5ce4c53fbd62d797c5a7c?s=96&d=mm&r=g\",\"caption\":\"Villasmil Henry\"},\"logo\":{\"@id\":\"https:\\\/\\\/secure.gravatar.com\\\/avatar\\\/bb0c4a2fcb7970138239f7e404ea75757b1b507b28b5ce4c53fbd62d797c5a7c?s=96&d=mm&r=g\"},\"sameAs\":[\"http:\\\/\\\/www.henryvillasmil.com.ve\",\"https:\\\/\\\/www.instagram.com\\\/villasmilhfoto\\\/\",\"https:\\\/\\\/x.com\\\/https:\\\/\\\/twitter.com\\\/villasmilhfoto\"],\"url\":\"https:\\\/\\\/digital58.com.ve\\\/site\\\/author\\\/droopy_68\\\/\"}]}<\/script>\n<!-- \/ Yoast SEO plugin. -->","yoast_head_json":{"title":"Machado agradece a Milei por su respaldo a l\u00edder opositor venezolano","description":"Gonz\u00e1lez Urrutia se encuentra en una gira internacional en busca de respaldo para su aspiraci\u00f3n de asumir la Presidencia de Venezuela el pr\u00f3ximo 10 de enero.","robots":{"index":"index","follow":"follow","max-snippet":"max-snippet:-1","max-image-preview":"max-image-preview:large","max-video-preview":"max-video-preview:-1"},"canonical":"https:\/\/digital58.com.ve\/site\/2025\/01\/05\/machado-agradece-a-milei-por-su-respaldo-a-lider-opositor-venezolano\/","og_locale":"es_ES","og_type":"article","og_title":"Machado agradece a Milei por su respaldo a l\u00edder opositor venezolano","og_description":"Gonz\u00e1lez Urrutia se encuentra en una gira internacional en busca de respaldo para su aspiraci\u00f3n de asumir la Presidencia de Venezuela el pr\u00f3ximo 10 de enero.","og_url":"https:\/\/digital58.com.ve\/site\/2025\/01\/05\/machado-agradece-a-milei-por-su-respaldo-a-lider-opositor-venezolano\/","og_site_name":"Noticias Digital58","article_published_time":"2025-01-05T12:44:07+00:00","article_modified_time":"2025-01-05T14:59:15+00:00","og_image":[{"width":953,"height":576,"url":"https:\/\/digital58.com.ve\/site\/wp-content\/uploads\/2025\/01\/mcm-edmundo.webp","type":"image\/webp"}],"author":"Villasmil Henry","twitter_card":"summary_large_image","twitter_creator":"@https:\/\/twitter.com\/villasmilhfoto","twitter_site":"@villasmilhfoto","twitter_misc":{"Escrito por":"Villasmil Henry","Tiempo estimado de lectura":"3 minutos"},"schema":{"@context":"https:\/\/schema.org","@graph":[{"@type":"Article","@id":"https:\/\/digital58.com.ve\/site\/2025\/01\/05\/machado-agradece-a-milei-por-su-respaldo-a-lider-opositor-venezolano\/#article","isPartOf":{"@id":"https:\/\/digital58.com.ve\/site\/2025\/01\/05\/machado-agradece-a-milei-por-su-respaldo-a-lider-opositor-venezolano\/"},"author":{"name":"Villasmil Henry","@id":"https:\/\/digital58.com.ve\/site\/#\/schema\/person\/64d1c2e4d0d4fd1b849980c4331c2951"},"headline":"Machado agradece a Milei por su respaldo a l\u00edder opositor venezolano","datePublished":"2025-01-05T12:44:07+00:00","dateModified":"2025-01-05T14:59:15+00:00","mainEntityOfPage":{"@id":"https:\/\/digital58.com.ve\/site\/2025\/01\/05\/machado-agradece-a-milei-por-su-respaldo-a-lider-opositor-venezolano\/"},"wordCount":496,"commentCount":0,"publisher":{"@id":"https:\/\/digital58.com.ve\/site\/#\/schema\/person\/64d1c2e4d0d4fd1b849980c4331c2951"},"image":{"@id":"https:\/\/digital58.com.ve\/site\/2025\/01\/05\/machado-agradece-a-milei-por-su-respaldo-a-lider-opositor-venezolano\/#primaryimage"},"thumbnailUrl":"https:\/\/digital58.com.ve\/site\/wp-content\/uploads\/2025\/01\/mcm-edmundo.webp","keywords":["Argentina","Buenos Aires","Casa Rosada","Edmundo Gonz\u00e1lez Urrutia","Internacionales","Javier Milei","Mar\u00eda Corina Machado","Oposici\u00f3n Venezolana","Venezuela"],"articleSection":["Venezuela"],"inLanguage":"es","potentialAction":[{"@type":"CommentAction","name":"Comment","target":["https:\/\/digital58.com.ve\/site\/2025\/01\/05\/machado-agradece-a-milei-por-su-respaldo-a-lider-opositor-venezolano\/#respond"]}]},{"@type":"WebPage","@id":"https:\/\/digital58.com.ve\/site\/2025\/01\/05\/machado-agradece-a-milei-por-su-respaldo-a-lider-opositor-venezolano\/","url":"https:\/\/digital58.com.ve\/site\/2025\/01\/05\/machado-agradece-a-milei-por-su-respaldo-a-lider-opositor-venezolano\/","name":"Machado agradece a Milei por su respaldo a l\u00edder opositor venezolano","isPartOf":{"@id":"https:\/\/digital58.com.ve\/site\/#website"},"primaryImageOfPage":{"@id":"https:\/\/digital58.com.ve\/site\/2025\/01\/05\/machado-agradece-a-milei-por-su-respaldo-a-lider-opositor-venezolano\/#primaryimage"},"image":{"@id":"https:\/\/digital58.com.ve\/site\/2025\/01\/05\/machado-agradece-a-milei-por-su-respaldo-a-lider-opositor-venezolano\/#primaryimage"},"thumbnailUrl":"https:\/\/digital58.com.ve\/site\/wp-content\/uploads\/2025\/01\/mcm-edmundo.webp","datePublished":"2025-01-05T12:44:07+00:00","dateModified":"2025-01-05T14:59:15+00:00","description":"Gonz\u00e1lez Urrutia se encuentra en una gira internacional en busca de respaldo para su aspiraci\u00f3n de asumir la Presidencia de Venezuela el pr\u00f3ximo 10 de enero.","breadcrumb":{"@id":"https:\/\/digital58.com.ve\/site\/2025\/01\/05\/machado-agradece-a-milei-por-su-respaldo-a-lider-opositor-venezolano\/#breadcrumb"},"inLanguage":"es","potentialAction":[{"@type":"ReadAction","target":["https:\/\/digital58.com.ve\/site\/2025\/01\/05\/machado-agradece-a-milei-por-su-respaldo-a-lider-opositor-venezolano\/"]}]},{"@type":"ImageObject","inLanguage":"es","@id":"https:\/\/digital58.com.ve\/site\/2025\/01\/05\/machado-agradece-a-milei-por-su-respaldo-a-lider-opositor-venezolano\/#primaryimage","url":"https:\/\/digital58.com.ve\/site\/wp-content\/uploads\/2025\/01\/mcm-edmundo.webp","contentUrl":"https:\/\/digital58.com.ve\/site\/wp-content\/uploads\/2025\/01\/mcm-edmundo.webp","width":953,"height":576},{"@type":"BreadcrumbList","@id":"https:\/\/digital58.com.ve\/site\/2025\/01\/05\/machado-agradece-a-milei-por-su-respaldo-a-lider-opositor-venezolano\/#breadcrumb","itemListElement":[{"@type":"ListItem","position":1,"name":"Home","item":"https:\/\/digital58.com.ve\/site\/"},{"@type":"ListItem","position":2,"name":"Machado agradece a Milei por su respaldo a l\u00edder opositor venezolano"}]},{"@type":"WebSite","@id":"https:\/\/digital58.com.ve\/site\/#website","url":"https:\/\/digital58.com.ve\/site\/","name":"Noticias Digital58","description":"Portal de Noticias \u00a1Periodismo web de verdad! Lanzamiento web 22.11.2005 \/ Maracaibo, Venezuela","publisher":{"@id":"https:\/\/digital58.com.ve\/site\/#\/schema\/person\/64d1c2e4d0d4fd1b849980c4331c2951"},"alternateName":"ND58","potentialAction":[{"@type":"SearchAction","target":{"@type":"EntryPoint","urlTemplate":"https:\/\/digital58.com.ve\/site\/?s={search_term_string}"},"query-input":{"@type":"PropertyValueSpecification","valueRequired":true,"valueName":"search_term_string"}}],"inLanguage":"es"},{"@type":["Person","Organization"],"@id":"https:\/\/digital58.com.ve\/site\/#\/schema\/person\/64d1c2e4d0d4fd1b849980c4331c2951","name":"Villasmil Henry","image":{"@type":"ImageObject","inLanguage":"es","@id":"https:\/\/secure.gravatar.com\/avatar\/bb0c4a2fcb7970138239f7e404ea75757b1b507b28b5ce4c53fbd62d797c5a7c?s=96&d=mm&r=g","url":"https:\/\/secure.gravatar.com\/avatar\/bb0c4a2fcb7970138239f7e404ea75757b1b507b28b5ce4c53fbd62d797c5a7c?s=96&d=mm&r=g","contentUrl":"https:\/\/secure.gravatar.com\/avatar\/bb0c4a2fcb7970138239f7e404ea75757b1b507b28b5ce4c53fbd62d797c5a7c?s=96&d=mm&r=g","caption":"Villasmil Henry"},"logo":{"@id":"https:\/\/secure.gravatar.com\/avatar\/bb0c4a2fcb7970138239f7e404ea75757b1b507b28b5ce4c53fbd62d797c5a7c?s=96&d=mm&r=g"},"sameAs":["http:\/\/www.henryvillasmil.com.ve","https:\/\/www.instagram.com\/villasmilhfoto\/","https:\/\/x.com\/https:\/\/twitter.com\/villasmilhfoto"],"url":"https:\/\/digital58.com.ve\/site\/author\/droopy_68\/"}]}},"uagb_featured_image_src":{"full":["https:\/\/digital58.com.ve\/site\/wp-content\/uploads\/2025\/01\/mcm-edmundo.webp",953,576,false],"thumbnail":["https:\/\/digital58.com.ve\/site\/wp-content\/uploads\/2025\/01\/mcm-edmundo-150x150.webp",150,150,true],"medium":["https:\/\/digital58.com.ve\/site\/wp-content\/uploads\/2025\/01\/mcm-edmundo-300x181.webp",300,181,true],"medium_large":["https:\/\/digital58.com.ve\/site\/wp-content\/uploads\/2025\/01\/mcm-edmundo-768x464.webp",768,464,true],"large":["https:\/\/digital58.com.ve\/site\/wp-content\/uploads\/2025\/01\/mcm-edmundo.webp",800,484,false],"1536x1536":["https:\/\/digital58.com.ve\/site\/wp-content\/uploads\/2025\/01\/mcm-edmundo.webp",953,576,false],"2048x2048":["https:\/\/digital58.com.ve\/site\/wp-content\/uploads\/2025\/01\/mcm-edmundo.webp",953,576,false],"colormag-highlighted-post":["https:\/\/digital58.com.ve\/site\/wp-content\/uploads\/2025\/01\/mcm-edmundo-392x272.webp",392,272,true],"colormag-featured-post-medium":["https:\/\/digital58.com.ve\/site\/wp-content\/uploads\/2025\/01\/mcm-edmundo-390x205.webp",390,205,true],"colormag-featured-post-small":["https:\/\/digital58.com.ve\/site\/wp-content\/uploads\/2025\/01\/mcm-edmundo-130x90.webp",130,90,true],"colormag-featured-image":["https:\/\/digital58.com.ve\/site\/wp-content\/uploads\/2025\/01\/mcm-edmundo-800x445.webp",800,445,true],"colormag-default-news":["https:\/\/digital58.com.ve\/site\/wp-content\/uploads\/2025\/01\/mcm-edmundo-150x150.webp",150,150,true],"colormag-featured-image-large":["https:\/\/digital58.com.ve\/site\/wp-content\/uploads\/2025\/01\/mcm-edmundo.webp",953,576,false]},"uagb_author_info":{"display_name":"Villasmil Henry","author_link":"https:\/\/digital58.com.ve\/site\/author\/droopy_68\/"},"uagb_comment_info":0,"uagb_excerpt":"Mar\u00eda Corina Machado destaca apoyo de Milei a Gonz\u00e1lez Urrutia Caracas, DC, Venezuela, 05 de enero de 2024 (ND58).- Mar\u00eda","_links":{"self":[{"href":"https:\/\/digital58.com.ve\/site\/wp-json\/wp\/v2\/posts\/183184","targetHints":{"allow":["GET"]}}],"collection":[{"href":"https:\/\/digital58.com.ve\/site\/wp-json\/wp\/v2\/posts"}],"about":[{"href":"https:\/\/digital58.com.ve\/site\/wp-json\/wp\/v2\/types\/post"}],"author":[{"embeddable":true,"href":"https:\/\/digital58.com.ve\/site\/wp-json\/wp\/v2\/users\/1"}],"replies":[{"embeddable":true,"href":"https:\/\/digital58.com.ve\/site\/wp-json\/wp\/v2\/comments?post=183184"}],"version-history":[{"count":2,"href":"https:\/\/digital58.com.ve\/site\/wp-json\/wp\/v2\/posts\/183184\/revisions"}],"predecessor-version":[{"id":183187,"href":"https:\/\/digital58.com.ve\/site\/wp-json\/wp\/v2\/posts\/183184\/revisions\/183187"}],"wp:featuredmedia":[{"embeddable":true,"href":"https:\/\/digital58.com.ve\/site\/wp-json\/wp\/v2\/media\/183185"}],"wp:attachment":[{"href":"https:\/\/digital58.com.ve\/site\/wp-json\/wp\/v2\/media?parent=183184"}],"wp:term":[{"taxonomy":"category","embeddable":true,"href":"https:\/\/digital58.com.ve\/site\/wp-json\/wp\/v2\/categories?post=183184"},{"taxonomy":"post_tag","embeddable":true,"href":"https:\/\/digital58.com.ve\/site\/wp-json\/wp\/v2\/tags?post=183184"}],"curies":[{"name":"wp","href":"https:\/\/api.w.org\/{rel}","templated":true}]}}